{"id":905966,"date":"2016-09-06T00:10:46","date_gmt":"2016-09-05T23:10:46","guid":{"rendered":"http:\/\/www.eldigitaldeasturias.com\/noticias\/?p=905966"},"modified":"2016-09-06T00:10:46","modified_gmt":"2016-09-05T23:10:46","slug":"foro-propone-destinar-un-millon-de-euros-del-remanente-a-la-finca-la-vega","status":"publish","type":"post","link":"https:\/\/www.eldigitaldeasturias.com\/noticias\/foro-propone-destinar-un-millon-de-euros-del-remanente-a-la-finca-la-vega\/","title":{"rendered":"Foro propone destinar un mill\u00f3n de euros del remanente a la finca La Vega"},"content":{"rendered":"<p><img loading=\"lazy\" decoding=\"async\" class=\"alignleft size-medium wp-image-905967\" src=\"https:\/\/www.eldigitaldeasturias.com\/noticias\/wp-content\/uploads\/2016\/09\/fotonoticia_20160905125145_800-240x320.jpg\" alt=\"fotonoticia_20160905125145_800\" width=\"240\" height=\"320\" srcset=\"https:\/\/www.eldigitaldeasturias.com\/noticias\/wp-content\/uploads\/2016\/09\/fotonoticia_20160905125145_800-240x320.jpg 240w, https:\/\/www.eldigitaldeasturias.com\/noticias\/wp-content\/uploads\/2016\/09\/fotonoticia_20160905125145_800-768x1024.jpg 768w, https:\/\/www.eldigitaldeasturias.com\/noticias\/wp-content\/uploads\/2016\/09\/fotonoticia_20160905125145_800-487x650.jpg 487w, https:\/\/www.eldigitaldeasturias.com\/noticias\/wp-content\/uploads\/2016\/09\/fotonoticia_20160905125145_800.jpg 800w\" sizes=\"auto, (max-width: 240px) 100vw, 240px\" \/>La concejala de Hacienda del Ayuntamiento de Gij\u00f3n, Ana Bra\u00f1a, ha avanzado este lunes que propondr\u00e1n a los grupos municipales el destinar un mill\u00f3n de euros de los once de remanente de 2015 a la compra de la finca \u00abQuinta La Vega (Jove), propiedad de la Autoridad Portuaria de Gij\u00f3n, y el resto a amortizar deuda, de forma que se pueda tener m\u00e1s capacidad de maniobra con el presupuesto en 2017.<\/p>\n<p>Bra\u00f1a, en rueda de prensa en el Consistorio, ha apuntado que la propuesta se llevar\u00e1 a una Comisi\u00f3n Extraordinaria del pr\u00f3ximo lunes, para que d\u00e9 tiempo a que vaya al Pleno de septiembre. Ha indicado, asimismo, que la finca Q tiene un coste de 1,3 millones euros, de los que cerca de un mill\u00f3n provendr\u00edan del remanente de 2015 y el resto del \u00e1rea de Desarrollo Econ\u00f3mico. La compra del edificio, que se quiere destinar a empresas medioambientales y dejar abierto al p\u00fablico los jardines, no se podr\u00eda llevar a cabo al menos hasta noviembre, en todo caso.<\/p>\n<p>Al Pleno tambi\u00e9n se llevar\u00e1n otras tres modificaciones; una de Divertia, de 278.00 euros, que incluye 100.000 euros de la anualidad del acuerdo de Volotea y el resto para compensar los efectos de no repercutir a los ciudadanos la subida del IVA, otra de la subvenci\u00f3n del Principado relativa a planes de empleo, de 687.335 euros, y una tercera del paso de avales ejecutados al presupuesto.<\/p>\n<p>Estas tres \u00faltimas modificaciones ir\u00e1n a la Comisi\u00f3n ordinaria de Hacienda de este pr\u00f3ximo mi\u00e9rcoles, a la que se lleva tambi\u00e9n el nivel de ejecuci\u00f3n presupuestaria del \u00faltimo semestre de 2016 y el informe de morosidad &#8211;pago a proveedores&#8211; del \u00faltimo trimestre de este a\u00f1o.<\/p>\n<p>En el primer caso, ha destacado que el presupuesto prorrogado inicial era de 189,8 millones de euros y con las modificaciones realizadas es ahora de 273,7 millones, frente a los 257,8 millones de 2015 a esta misma fecha. Asimismo, se ha autorizado un gasto de 149,6 millones de euros y pagado ya 105 millones de euros, lo que supone un nivel de ejecuci\u00f3n de 54,65 por ciento autorizado, 38,37 por ciento de obligaciones reconocidas -ya pagado&#8211; y 51,57 por ciento en fase de adjudicado -lo ya licitado&#8211;.<\/p>\n<p>En lo que respecta a las fundaciones municipales de Cultura y de Servicios Sociales y del Patronato Deportivo Municipal, al igual que en el Ayuntamiento, el nivel de ejecuci\u00f3n presupuestaria es mayor. En cuanto al informe de morosidad, Bra\u00f1a ha destacado que el periodo medio de pago es 50,47 d\u00edas, cuando el l\u00edmite son 60.<\/p>\n<p><strong>FRANCISCO EIRIZ<\/strong><\/p>\n<p>Preguntada por las ayudas de Francisco Eiriz -barrios degradados&#8211;, ha se\u00f1alado que conf\u00eda en que se pueda abrir el pr\u00f3ximo viernes la convocatoria de ayudas para los que han sufrido mermas en sus prestaciones sociales, mientras que para la compensaci\u00f3n por el aumento en el pago del IRPF se est\u00e1 pendiente del informe de patrimonio, que se llevar\u00e1 a Comisi\u00f3n Hacienda.<\/p>\n<p>Seg\u00fan ella, hay un informe jur\u00eddico que avala que el Ayuntamiento no hab\u00eda hecho nada mal al concentrar en un a\u00f1o dos anualidades, y se dar\u00e1 a conocer el informe externo de un abogado que concluye lo mismo. Se estudia, adem\u00e1s, si cabe reclamaci\u00f3n patrimonial. En el caso de Trema\u00f1es, ha sostenido que los vecinos est\u00e1n informados de las consecuencias fiscales de las ayudas y por el momento no se barajan cambios en la concesi\u00f3n de las mismas ni compensaciones por ello.<\/p>\n<p>&nbsp;<\/p>\n<p>&nbsp;<\/p>\n<p>&nbsp;<\/p>\n","protected":false},"excerpt":{"rendered":"<p>La concejala de Hacienda del Ayuntamiento de Gij\u00f3n, Ana Bra\u00f1a, ha avanzado este lunes que propondr\u00e1n a los grupos municipales el destinar un mill\u00f3n de euros de los once de remanente de 2015 a la compra de la finca \u00abQuinta La Vega (Jove), propiedad de la Autoridad Portuaria de Gij\u00f3n, y el resto a amortizar [&hellip;]<\/p>\n","protected":false},"author":1,"featured_media":905967,"comment_status":"closed","ping_status":"closed","sticky":false,"template":"","format":"standard","meta":{"footnotes":""},"categories":[12],"tags":[],"class_list":["post-905966","post","type-post","status-publish","format-standard","has-post-thumbnail","hentry","category-actualidad-asturias"],"aioseo_notices":[],"aioseo_head":"\n\t\t<!-- All in One SEO Pro 4.9.6.2 - aioseo.com -->\n\t<meta name=\"description\" content=\"La concejala de Hacienda del Ayuntamiento de Gij\u00f3n, Ana Bra\u00f1a, ha avanzado este lunes que propondr\u00e1n a los grupos municipales el destinar un mill\u00f3n de euros de los once de remanente de 2015 a la compra de la finca &quot;Quinta La Vega (Jove), propiedad de la Autoridad Portuaria de Gij\u00f3n, y el resto a amortizar\" \/>\n\t<meta name=\"robots\" content=\"max-image-preview:large\" \/>\n\t<meta name=\"author\" content=\"El Digital de Asturias\"\/>\n\t<meta name=\"google-site-verification\" content=\"UA-38556648-1\" \/>\n\t<meta name=\"msvalidate.01\" content=\"7dfe9f3f1b24437ab69f4f2559babe99\" \/>\n\t<meta name=\"keywords\" content=\"actualidad asturias\" \/>\n\t<link rel=\"canonical\" href=\"https:\/\/www.eldigitaldeasturias.com\/noticias\/foro-propone-destinar-un-millon-de-euros-del-remanente-a-la-finca-la-vega\/\" \/>\n\t<meta name=\"generator\" content=\"All in One SEO Pro (AIOSEO) 4.9.6.2\" \/>\n\t\t<meta property=\"og:locale\" content=\"es_ES\" \/>\n\t\t<meta property=\"og:site_name\" content=\"El Digital de Asturias\" \/>\n\t\t<meta property=\"og:type\" content=\"article\" \/>\n\t\t<meta property=\"og:title\" content=\"Foro propone destinar un mill\u00f3n de euros del remanente a la finca La Vega - El Digital de Asturias\" \/>\n\t\t<meta property=\"og:description\" content=\"La concejala de Hacienda del Ayuntamiento de Gij\u00f3n, Ana Bra\u00f1a, ha avanzado este lunes que propondr\u00e1n a los grupos municipales el destinar un mill\u00f3n de euros de los once de remanente de 2015 a la compra de la finca &quot;Quinta La Vega (Jove), propiedad de la Autoridad Portuaria de Gij\u00f3n, y el resto a amortizar\" \/>\n\t\t<meta property=\"og:url\" content=\"https:\/\/www.eldigitaldeasturias.com\/noticias\/foro-propone-destinar-un-millon-de-euros-del-remanente-a-la-finca-la-vega\/\" \/>\n\t\t<meta property=\"og:image\" content=\"https:\/\/www.eldigitaldeasturias.com\/noticias\/wp-content\/uploads\/2016\/09\/fotonoticia_20160905125145_800.jpg\" \/>\n\t\t<meta property=\"og:image:secure_url\" content=\"https:\/\/www.eldigitaldeasturias.com\/noticias\/wp-content\/uploads\/2016\/09\/fotonoticia_20160905125145_800.jpg\" \/>\n\t\t<meta property=\"og:image:width\" content=\"800\" \/>\n\t\t<meta property=\"og:image:height\" content=\"1067\" \/>\n\t\t<meta property=\"article:tag\" content=\"actualidad asturias\" \/>\n\t\t<meta property=\"article:published_time\" content=\"2016-09-05T23:10:46+00:00\" \/>\n\t\t<meta property=\"article:modified_time\" content=\"2016-09-05T23:10:46+00:00\" \/>\n\t\t<meta property=\"article:publisher\" content=\"https:\/\/facebook.com\/eldigitaldeasturias\" \/>\n\t\t<meta name=\"twitter:card\" content=\"summary_large_image\" \/>\n\t\t<meta name=\"twitter:title\" content=\"Foro propone destinar un mill\u00f3n de euros del remanente a la finca La Vega - El Digital de Asturias\" \/>\n\t\t<meta name=\"twitter:description\" content=\"La concejala de Hacienda del Ayuntamiento de Gij\u00f3n, Ana Bra\u00f1a, ha avanzado este lunes que propondr\u00e1n a los grupos municipales el destinar un mill\u00f3n de euros de los once de remanente de 2015 a la compra de la finca &quot;Quinta La Vega (Jove), propiedad de la Autoridad Portuaria de Gij\u00f3n, y el resto a amortizar\" \/>\n\t\t<meta name=\"twitter:image\" content=\"https:\/\/www.eldigitaldeasturias.com\/noticias\/wp-content\/uploads\/2016\/09\/fotonoticia_20160905125145_800.jpg\" \/>\n\t\t<meta name=\"twitter:label1\" content=\"Escrito por\" \/>\n\t\t<meta name=\"twitter:data1\" content=\"El Digital de Asturias\" \/>\n\t\t<meta name=\"twitter:label2\" content=\"Tiempo de lectura estimado\" \/>\n\t\t<meta name=\"twitter:data2\" content=\"3 minutos\" \/>\n\t\t<script type=\"application\/ld+json\" class=\"aioseo-schema\">\n\t\t\t{\"@context\":\"https:\\\/\\\/schema.org\",\"@graph\":[{\"@type\":\"BlogPosting\",\"@id\":\"https:\\\/\\\/www.eldigitaldeasturias.com\\\/noticias\\\/foro-propone-destinar-un-millon-de-euros-del-remanente-a-la-finca-la-vega\\\/#blogposting\",\"name\":\"Foro propone destinar un mill\\u00f3n de euros del remanente a la finca La Vega - El Digital de Asturias\",\"headline\":\"Foro propone destinar un mill\\u00f3n de euros del remanente a la finca La Vega\",\"author\":{\"@id\":\"https:\\\/\\\/www.eldigitaldeasturias.com\\\/noticias\\\/author\\\/admin\\\/#author\"},\"publisher\":{\"@id\":\"https:\\\/\\\/www.eldigitaldeasturias.com\\\/noticias\\\/#organization\"},\"image\":{\"@type\":\"ImageObject\",\"url\":\"https:\\\/\\\/www.eldigitaldeasturias.com\\\/noticias\\\/wp-content\\\/uploads\\\/2016\\\/09\\\/fotonoticia_20160905125145_800.jpg\",\"width\":800,\"height\":1067},\"datePublished\":\"2016-09-06T00:10:46+02:00\",\"dateModified\":\"2016-09-06T00:10:46+02:00\",\"inLanguage\":\"es-ES\",\"mainEntityOfPage\":{\"@id\":\"https:\\\/\\\/www.eldigitaldeasturias.com\\\/noticias\\\/foro-propone-destinar-un-millon-de-euros-del-remanente-a-la-finca-la-vega\\\/#webpage\"},\"isPartOf\":{\"@id\":\"https:\\\/\\\/www.eldigitaldeasturias.com\\\/noticias\\\/foro-propone-destinar-un-millon-de-euros-del-remanente-a-la-finca-la-vega\\\/#webpage\"},\"articleSection\":\"Actualidad Asturias\"},{\"@type\":\"BreadcrumbList\",\"@id\":\"https:\\\/\\\/www.eldigitaldeasturias.com\\\/noticias\\\/foro-propone-destinar-un-millon-de-euros-del-remanente-a-la-finca-la-vega\\\/#breadcrumblist\",\"itemListElement\":[{\"@type\":\"ListItem\",\"@id\":\"https:\\\/\\\/www.eldigitaldeasturias.com\\\/noticias#listItem\",\"position\":1,\"name\":\"Home\",\"item\":\"https:\\\/\\\/www.eldigitaldeasturias.com\\\/noticias\",\"nextItem\":{\"@type\":\"ListItem\",\"@id\":\"https:\\\/\\\/www.eldigitaldeasturias.com\\\/noticias\\\/category\\\/actualidad-asturias\\\/#listItem\",\"name\":\"Actualidad Asturias\"}},{\"@type\":\"ListItem\",\"@id\":\"https:\\\/\\\/www.eldigitaldeasturias.com\\\/noticias\\\/category\\\/actualidad-asturias\\\/#listItem\",\"position\":2,\"name\":\"Actualidad Asturias\",\"item\":\"https:\\\/\\\/www.eldigitaldeasturias.com\\\/noticias\\\/category\\\/actualidad-asturias\\\/\",\"nextItem\":{\"@type\":\"ListItem\",\"@id\":\"https:\\\/\\\/www.eldigitaldeasturias.com\\\/noticias\\\/foro-propone-destinar-un-millon-de-euros-del-remanente-a-la-finca-la-vega\\\/#listItem\",\"name\":\"Foro propone destinar un mill\\u00f3n de euros del remanente a la finca La Vega\"},\"previousItem\":{\"@type\":\"ListItem\",\"@id\":\"https:\\\/\\\/www.eldigitaldeasturias.com\\\/noticias#listItem\",\"name\":\"Home\"}},{\"@type\":\"ListItem\",\"@id\":\"https:\\\/\\\/www.eldigitaldeasturias.com\\\/noticias\\\/foro-propone-destinar-un-millon-de-euros-del-remanente-a-la-finca-la-vega\\\/#listItem\",\"position\":3,\"name\":\"Foro propone destinar un mill\\u00f3n de euros del remanente a la finca La Vega\",\"previousItem\":{\"@type\":\"ListItem\",\"@id\":\"https:\\\/\\\/www.eldigitaldeasturias.com\\\/noticias\\\/category\\\/actualidad-asturias\\\/#listItem\",\"name\":\"Actualidad Asturias\"}}]},{\"@type\":\"Organization\",\"@id\":\"https:\\\/\\\/www.eldigitaldeasturias.com\\\/noticias\\\/#organization\",\"name\":\"El Digital de Asturias\",\"description\":\"Hemeroteca\",\"url\":\"https:\\\/\\\/www.eldigitaldeasturias.com\\\/noticias\\\/\",\"email\":\"info@eldigitaldeasturias.com\",\"telephone\":\"+34652131393\",\"logo\":{\"@type\":\"ImageObject\",\"url\":\"https:\\\/\\\/www.eldigitaldeasturias.com\\\/noticias\\\/wp-content\\\/uploads\\\/2020\\\/12\\\/EDA.jpg\",\"@id\":\"https:\\\/\\\/www.eldigitaldeasturias.com\\\/noticias\\\/foro-propone-destinar-un-millon-de-euros-del-remanente-a-la-finca-la-vega\\\/#organizationLogo\",\"width\":649,\"height\":297},\"image\":{\"@id\":\"https:\\\/\\\/www.eldigitaldeasturias.com\\\/noticias\\\/foro-propone-destinar-un-millon-de-euros-del-remanente-a-la-finca-la-vega\\\/#organizationLogo\"},\"sameAs\":[\"https:\\\/\\\/facebook.com\\\/eldigitaldeasturias\",\"https:\\\/\\\/www.youtube.com\\\/channel\\\/UCZP-2wLEB9Rv6erhFmqVnvg\"],\"address\":{\"@id\":\"https:\\\/\\\/www.eldigitaldeasturias.com\\\/noticias\\\/#postaladdress\",\"@type\":\"PostalAddress\",\"streetAddress\":\"san antonio 4,\",\"postalCode\":\"33430\",\"addressLocality\":\"Cand\\u00e1s\",\"addressRegion\":\"Asturias\",\"addressCountry\":\"ES\"}},{\"@type\":\"Person\",\"@id\":\"https:\\\/\\\/www.eldigitaldeasturias.com\\\/noticias\\\/author\\\/admin\\\/#author\",\"url\":\"https:\\\/\\\/www.eldigitaldeasturias.com\\\/noticias\\\/author\\\/admin\\\/\",\"name\":\"El Digital de Asturias\",\"image\":{\"@type\":\"ImageObject\",\"@id\":\"https:\\\/\\\/www.eldigitaldeasturias.com\\\/noticias\\\/foro-propone-destinar-un-millon-de-euros-del-remanente-a-la-finca-la-vega\\\/#authorImage\",\"url\":\"https:\\\/\\\/www.eldigitaldeasturias.com\\\/noticias\\\/wp-content\\\/litespeed\\\/avatar\\\/18677e78aa0546b92d9dbf31ec7d7668.jpg?ver=1777290358\",\"width\":96,\"height\":96,\"caption\":\"El Digital de Asturias\"}},{\"@type\":\"WebPage\",\"@id\":\"https:\\\/\\\/www.eldigitaldeasturias.com\\\/noticias\\\/foro-propone-destinar-un-millon-de-euros-del-remanente-a-la-finca-la-vega\\\/#webpage\",\"url\":\"https:\\\/\\\/www.eldigitaldeasturias.com\\\/noticias\\\/foro-propone-destinar-un-millon-de-euros-del-remanente-a-la-finca-la-vega\\\/\",\"name\":\"Foro propone destinar un mill\\u00f3n de euros del remanente a la finca La Vega - El Digital de Asturias\",\"description\":\"La concejala de Hacienda del Ayuntamiento de Gij\\u00f3n, Ana Bra\\u00f1a, ha avanzado este lunes que propondr\\u00e1n a los grupos municipales el destinar un mill\\u00f3n de euros de los once de remanente de 2015 a la compra de la finca \\\"Quinta La Vega (Jove), propiedad de la Autoridad Portuaria de Gij\\u00f3n, y el resto a amortizar\",\"inLanguage\":\"es-ES\",\"isPartOf\":{\"@id\":\"https:\\\/\\\/www.eldigitaldeasturias.com\\\/noticias\\\/#website\"},\"breadcrumb\":{\"@id\":\"https:\\\/\\\/www.eldigitaldeasturias.com\\\/noticias\\\/foro-propone-destinar-un-millon-de-euros-del-remanente-a-la-finca-la-vega\\\/#breadcrumblist\"},\"author\":{\"@id\":\"https:\\\/\\\/www.eldigitaldeasturias.com\\\/noticias\\\/author\\\/admin\\\/#author\"},\"creator\":{\"@id\":\"https:\\\/\\\/www.eldigitaldeasturias.com\\\/noticias\\\/author\\\/admin\\\/#author\"},\"image\":{\"@type\":\"ImageObject\",\"url\":\"https:\\\/\\\/www.eldigitaldeasturias.com\\\/noticias\\\/wp-content\\\/uploads\\\/2016\\\/09\\\/fotonoticia_20160905125145_800.jpg\",\"@id\":\"https:\\\/\\\/www.eldigitaldeasturias.com\\\/noticias\\\/foro-propone-destinar-un-millon-de-euros-del-remanente-a-la-finca-la-vega\\\/#mainImage\",\"width\":800,\"height\":1067},\"primaryImageOfPage\":{\"@id\":\"https:\\\/\\\/www.eldigitaldeasturias.com\\\/noticias\\\/foro-propone-destinar-un-millon-de-euros-del-remanente-a-la-finca-la-vega\\\/#mainImage\"},\"datePublished\":\"2016-09-06T00:10:46+02:00\",\"dateModified\":\"2016-09-06T00:10:46+02:00\"},{\"@type\":\"WebSite\",\"@id\":\"https:\\\/\\\/www.eldigitaldeasturias.com\\\/noticias\\\/#website\",\"url\":\"https:\\\/\\\/www.eldigitaldeasturias.com\\\/noticias\\\/\",\"name\":\"El Digital de Asturias - Diario de actualidad y noticias\",\"alternateName\":\"El Digital de Asturias - Diario de actualidad y noticias\",\"description\":\"Hemeroteca\",\"inLanguage\":\"es-ES\",\"publisher\":{\"@id\":\"https:\\\/\\\/www.eldigitaldeasturias.com\\\/noticias\\\/#organization\"}}]}\n\t\t<\/script>\n\t\t<!-- All in One SEO Pro -->\r\n\t\t<title>Foro propone destinar un mill\u00f3n de euros del remanente a la finca La Vega - El Digital de Asturias<\/title>\n\n","aioseo_head_json":{"title":"Foro propone destinar un mill\u00f3n de euros del remanente a la finca La Vega - El Digital de Asturias","description":"La concejala de Hacienda del Ayuntamiento de Gij\u00f3n, Ana Bra\u00f1a, ha avanzado este lunes que propondr\u00e1n a los grupos municipales el destinar un mill\u00f3n de euros de los once de remanente de 2015 a la compra de la finca \"Quinta La Vega (Jove), propiedad de la Autoridad Portuaria de Gij\u00f3n, y el resto a amortizar","canonical_url":"https:\/\/www.eldigitaldeasturias.com\/noticias\/foro-propone-destinar-un-millon-de-euros-del-remanente-a-la-finca-la-vega\/","robots":"max-image-preview:large","keywords":"actualidad asturias","webmasterTools":{"google-site-verification":"UA-38556648-1","msvalidate.01":"7dfe9f3f1b24437ab69f4f2559babe99","miscellaneous":""},"schema":{"@context":"https:\/\/schema.org","@graph":[{"@type":"BlogPosting","@id":"https:\/\/www.eldigitaldeasturias.com\/noticias\/foro-propone-destinar-un-millon-de-euros-del-remanente-a-la-finca-la-vega\/#blogposting","name":"Foro propone destinar un mill\u00f3n de euros del remanente a la finca La Vega - El Digital de Asturias","headline":"Foro propone destinar un mill\u00f3n de euros del remanente a la finca La Vega","author":{"@id":"https:\/\/www.eldigitaldeasturias.com\/noticias\/author\/admin\/#author"},"publisher":{"@id":"https:\/\/www.eldigitaldeasturias.com\/noticias\/#organization"},"image":{"@type":"ImageObject","url":"https:\/\/www.eldigitaldeasturias.com\/noticias\/wp-content\/uploads\/2016\/09\/fotonoticia_20160905125145_800.jpg","width":800,"height":1067},"datePublished":"2016-09-06T00:10:46+02:00","dateModified":"2016-09-06T00:10:46+02:00","inLanguage":"es-ES","mainEntityOfPage":{"@id":"https:\/\/www.eldigitaldeasturias.com\/noticias\/foro-propone-destinar-un-millon-de-euros-del-remanente-a-la-finca-la-vega\/#webpage"},"isPartOf":{"@id":"https:\/\/www.eldigitaldeasturias.com\/noticias\/foro-propone-destinar-un-millon-de-euros-del-remanente-a-la-finca-la-vega\/#webpage"},"articleSection":"Actualidad Asturias"},{"@type":"BreadcrumbList","@id":"https:\/\/www.eldigitaldeasturias.com\/noticias\/foro-propone-destinar-un-millon-de-euros-del-remanente-a-la-finca-la-vega\/#breadcrumblist","itemListElement":[{"@type":"ListItem","@id":"https:\/\/www.eldigitaldeasturias.com\/noticias#listItem","position":1,"name":"Home","item":"https:\/\/www.eldigitaldeasturias.com\/noticias","nextItem":{"@type":"ListItem","@id":"https:\/\/www.eldigitaldeasturias.com\/noticias\/category\/actualidad-asturias\/#listItem","name":"Actualidad Asturias"}},{"@type":"ListItem","@id":"https:\/\/www.eldigitaldeasturias.com\/noticias\/category\/actualidad-asturias\/#listItem","position":2,"name":"Actualidad Asturias","item":"https:\/\/www.eldigitaldeasturias.com\/noticias\/category\/actualidad-asturias\/","nextItem":{"@type":"ListItem","@id":"https:\/\/www.eldigitaldeasturias.com\/noticias\/foro-propone-destinar-un-millon-de-euros-del-remanente-a-la-finca-la-vega\/#listItem","name":"Foro propone destinar un mill\u00f3n de euros del remanente a la finca La Vega"},"previousItem":{"@type":"ListItem","@id":"https:\/\/www.eldigitaldeasturias.com\/noticias#listItem","name":"Home"}},{"@type":"ListItem","@id":"https:\/\/www.eldigitaldeasturias.com\/noticias\/foro-propone-destinar-un-millon-de-euros-del-remanente-a-la-finca-la-vega\/#listItem","position":3,"name":"Foro propone destinar un mill\u00f3n de euros del remanente a la finca La Vega","previousItem":{"@type":"ListItem","@id":"https:\/\/www.eldigitaldeasturias.com\/noticias\/category\/actualidad-asturias\/#listItem","name":"Actualidad Asturias"}}]},{"@type":"Organization","@id":"https:\/\/www.eldigitaldeasturias.com\/noticias\/#organization","name":"El Digital de Asturias","description":"Hemeroteca","url":"https:\/\/www.eldigitaldeasturias.com\/noticias\/","email":"info@eldigitaldeasturias.com","telephone":"+34652131393","logo":{"@type":"ImageObject","url":"https:\/\/www.eldigitaldeasturias.com\/noticias\/wp-content\/uploads\/2020\/12\/EDA.jpg","@id":"https:\/\/www.eldigitaldeasturias.com\/noticias\/foro-propone-destinar-un-millon-de-euros-del-remanente-a-la-finca-la-vega\/#organizationLogo","width":649,"height":297},"image":{"@id":"https:\/\/www.eldigitaldeasturias.com\/noticias\/foro-propone-destinar-un-millon-de-euros-del-remanente-a-la-finca-la-vega\/#organizationLogo"},"sameAs":["https:\/\/facebook.com\/eldigitaldeasturias","https:\/\/www.youtube.com\/channel\/UCZP-2wLEB9Rv6erhFmqVnvg"],"address":{"@id":"https:\/\/www.eldigitaldeasturias.com\/noticias\/#postaladdress","@type":"PostalAddress","streetAddress":"san antonio 4,","postalCode":"33430","addressLocality":"Cand\u00e1s","addressRegion":"Asturias","addressCountry":"ES"}},{"@type":"Person","@id":"https:\/\/www.eldigitaldeasturias.com\/noticias\/author\/admin\/#author","url":"https:\/\/www.eldigitaldeasturias.com\/noticias\/author\/admin\/","name":"El Digital de Asturias","image":{"@type":"ImageObject","@id":"https:\/\/www.eldigitaldeasturias.com\/noticias\/foro-propone-destinar-un-millon-de-euros-del-remanente-a-la-finca-la-vega\/#authorImage","url":"https:\/\/www.eldigitaldeasturias.com\/noticias\/wp-content\/litespeed\/avatar\/18677e78aa0546b92d9dbf31ec7d7668.jpg?ver=1777290358","width":96,"height":96,"caption":"El Digital de Asturias"}},{"@type":"WebPage","@id":"https:\/\/www.eldigitaldeasturias.com\/noticias\/foro-propone-destinar-un-millon-de-euros-del-remanente-a-la-finca-la-vega\/#webpage","url":"https:\/\/www.eldigitaldeasturias.com\/noticias\/foro-propone-destinar-un-millon-de-euros-del-remanente-a-la-finca-la-vega\/","name":"Foro propone destinar un mill\u00f3n de euros del remanente a la finca La Vega - El Digital de Asturias","description":"La concejala de Hacienda del Ayuntamiento de Gij\u00f3n, Ana Bra\u00f1a, ha avanzado este lunes que propondr\u00e1n a los grupos municipales el destinar un mill\u00f3n de euros de los once de remanente de 2015 a la compra de la finca \"Quinta La Vega (Jove), propiedad de la Autoridad Portuaria de Gij\u00f3n, y el resto a amortizar","inLanguage":"es-ES","isPartOf":{"@id":"https:\/\/www.eldigitaldeasturias.com\/noticias\/#website"},"breadcrumb":{"@id":"https:\/\/www.eldigitaldeasturias.com\/noticias\/foro-propone-destinar-un-millon-de-euros-del-remanente-a-la-finca-la-vega\/#breadcrumblist"},"author":{"@id":"https:\/\/www.eldigitaldeasturias.com\/noticias\/author\/admin\/#author"},"creator":{"@id":"https:\/\/www.eldigitaldeasturias.com\/noticias\/author\/admin\/#author"},"image":{"@type":"ImageObject","url":"https:\/\/www.eldigitaldeasturias.com\/noticias\/wp-content\/uploads\/2016\/09\/fotonoticia_20160905125145_800.jpg","@id":"https:\/\/www.eldigitaldeasturias.com\/noticias\/foro-propone-destinar-un-millon-de-euros-del-remanente-a-la-finca-la-vega\/#mainImage","width":800,"height":1067},"primaryImageOfPage":{"@id":"https:\/\/www.eldigitaldeasturias.com\/noticias\/foro-propone-destinar-un-millon-de-euros-del-remanente-a-la-finca-la-vega\/#mainImage"},"datePublished":"2016-09-06T00:10:46+02:00","dateModified":"2016-09-06T00:10:46+02:00"},{"@type":"WebSite","@id":"https:\/\/www.eldigitaldeasturias.com\/noticias\/#website","url":"https:\/\/www.eldigitaldeasturias.com\/noticias\/","name":"El Digital de Asturias - Diario de actualidad y noticias","alternateName":"El Digital de Asturias - Diario de actualidad y noticias","description":"Hemeroteca","inLanguage":"es-ES","publisher":{"@id":"https:\/\/www.eldigitaldeasturias.com\/noticias\/#organization"}}]},"og:locale":"es_ES","og:site_name":"El Digital de Asturias","og:type":"article","og:title":"Foro propone destinar un mill\u00f3n de euros del remanente a la finca La Vega - El Digital de Asturias","og:description":"La concejala de Hacienda del Ayuntamiento de Gij\u00f3n, Ana Bra\u00f1a, ha avanzado este lunes que propondr\u00e1n a los grupos municipales el destinar un mill\u00f3n de euros de los once de remanente de 2015 a la compra de la finca &quot;Quinta La Vega (Jove), propiedad de la Autoridad Portuaria de Gij\u00f3n, y el resto a amortizar","og:url":"https:\/\/www.eldigitaldeasturias.com\/noticias\/foro-propone-destinar-un-millon-de-euros-del-remanente-a-la-finca-la-vega\/","og:image":"https:\/\/www.eldigitaldeasturias.com\/noticias\/wp-content\/uploads\/2016\/09\/fotonoticia_20160905125145_800.jpg","og:image:secure_url":"https:\/\/www.eldigitaldeasturias.com\/noticias\/wp-content\/uploads\/2016\/09\/fotonoticia_20160905125145_800.jpg","og:image:width":800,"og:image:height":1067,"article:tag":["actualidad asturias"],"article:published_time":"2016-09-05T23:10:46+00:00","article:modified_time":"2016-09-05T23:10:46+00:00","article:publisher":"https:\/\/facebook.com\/eldigitaldeasturias","twitter:card":"summary_large_image","twitter:title":"Foro propone destinar un mill\u00f3n de euros del remanente a la finca La Vega - El Digital de Asturias","twitter:description":"La concejala de Hacienda del Ayuntamiento de Gij\u00f3n, Ana Bra\u00f1a, ha avanzado este lunes que propondr\u00e1n a los grupos municipales el destinar un mill\u00f3n de euros de los once de remanente de 2015 a la compra de la finca &quot;Quinta La Vega (Jove), propiedad de la Autoridad Portuaria de Gij\u00f3n, y el resto a amortizar","twitter:image":"https:\/\/www.eldigitaldeasturias.com\/noticias\/wp-content\/uploads\/2016\/09\/fotonoticia_20160905125145_800.jpg","twitter:label1":"Escrito por","twitter:data1":"El Digital de Asturias","twitter:label2":"Tiempo de lectura estimado","twitter:data2":"3 minutos"},"aioseo_meta_data":{"post_id":"905966","title":null,"description":null,"keywords":null,"keyphrases":null,"primary_term":null,"canonical_url":null,"og_title":null,"og_description":null,"og_object_type":"default","og_image_type":"default","og_image_url":null,"og_image_width":null,"og_image_height":null,"og_image_custom_url":null,"og_image_custom_fields":null,"og_video":null,"og_custom_url":null,"og_article_section":null,"og_article_tags":null,"twitter_use_og":false,"twitter_card":"default","twitter_image_type":"default","twitter_image_url":null,"twitter_image_custom_url":null,"twitter_image_custom_fields":null,"twitter_title":null,"twitter_description":null,"schema":{"blockGraphs":[],"customGraphs":[],"default":{"data":{"Article":[],"Course":[],"Dataset":[],"FAQPage":[],"Movie":[],"Person":[],"Product":[],"ProductReview":[],"Car":[],"Recipe":[],"Service":[],"SoftwareApplication":[],"WebPage":[]},"graphName":"","isEnabled":true},"graphs":[],"defaultGraph":"","defaultPostTypeGraph":""},"schema_type":null,"schema_type_options":null,"pillar_content":false,"robots_default":true,"robots_noindex":false,"robots_noarchive":false,"robots_nosnippet":false,"robots_nofollow":false,"robots_noimageindex":false,"robots_noodp":false,"robots_notranslate":false,"robots_max_snippet":null,"robots_max_videopreview":null,"robots_max_imagepreview":"large","priority":null,"frequency":null,"local_seo":null,"seo_analyzer_scan_date":"2025-11-30 07:25:19","breadcrumb_settings":null,"limit_modified_date":false,"open_ai":null,"ai":null,"created":"2020-12-21 14:02:05","updated":"2025-11-30 07:25:19"},"aioseo_breadcrumb":"<div class=\"aioseo-breadcrumbs\"><span class=\"aioseo-breadcrumb\">\n\t<a href=\"https:\/\/www.eldigitaldeasturias.com\/noticias\" title=\"Home\">Home<\/a>\n<\/span><span class=\"aioseo-breadcrumb-separator\">\u2013<\/span><span class=\"aioseo-breadcrumb\">\n\t<a href=\"https:\/\/www.eldigitaldeasturias.com\/noticias\/category\/actualidad-asturias\/\" title=\"Actualidad Asturias\">Actualidad Asturias<\/a>\n<\/span><span class=\"aioseo-breadcrumb-separator\">\u2013<\/span><span class=\"aioseo-breadcrumb\">\n\t<a href=\"https:\/\/www.eldigitaldeasturias.com\/noticias\/foro-propone-destinar-un-millon-de-euros-del-remanente-a-la-finca-la-vega\/\" title=\"Foro propone destinar un mill\u00f3n de euros del remanente a la finca La Vega\">Foro propone destinar un mill\u00f3n de euros del remanente a la finca La Vega<\/a>\n<\/span><\/div>","aioseo_breadcrumb_json":[{"label":"Home","link":"https:\/\/www.eldigitaldeasturias.com\/noticias"},{"label":"Actualidad Asturias","link":"https:\/\/www.eldigitaldeasturias.com\/noticias\/category\/actualidad-asturias\/"},{"label":"Foro propone destinar un mill\u00f3n de euros del remanente a la finca La Vega","link":"https:\/\/www.eldigitaldeasturias.com\/noticias\/foro-propone-destinar-un-millon-de-euros-del-remanente-a-la-finca-la-vega\/"}],"_links":{"self":[{"href":"https:\/\/www.eldigitaldeasturias.com\/noticias\/wp-json\/wp\/v2\/posts\/905966","targetHints":{"allow":["GET"]}}],"collection":[{"href":"https:\/\/www.eldigitaldeasturias.com\/noticias\/wp-json\/wp\/v2\/posts"}],"about":[{"href":"https:\/\/www.eldigitaldeasturias.com\/noticias\/wp-json\/wp\/v2\/types\/post"}],"author":[{"embeddable":true,"href":"https:\/\/www.eldigitaldeasturias.com\/noticias\/wp-json\/wp\/v2\/users\/1"}],"replies":[{"embeddable":true,"href":"https:\/\/www.eldigitaldeasturias.com\/noticias\/wp-json\/wp\/v2\/comments?post=905966"}],"version-history":[{"count":0,"href":"https:\/\/www.eldigitaldeasturias.com\/noticias\/wp-json\/wp\/v2\/posts\/905966\/revisions"}],"wp:featuredmedia":[{"embeddable":true,"href":"https:\/\/www.eldigitaldeasturias.com\/noticias\/wp-json\/wp\/v2\/media\/905967"}],"wp:attachment":[{"href":"https:\/\/www.eldigitaldeasturias.com\/noticias\/wp-json\/wp\/v2\/media?parent=905966"}],"wp:term":[{"taxonomy":"category","embeddable":true,"href":"https:\/\/www.eldigitaldeasturias.com\/noticias\/wp-json\/wp\/v2\/categories?post=905966"},{"taxonomy":"post_tag","embeddable":true,"href":"https:\/\/www.eldigitaldeasturias.com\/noticias\/wp-json\/wp\/v2\/tags?post=905966"}],"curies":[{"name":"wp","href":"https:\/\/api.w.org\/{rel}","templated":true}]}}