{"id":905964,"date":"2016-09-06T00:03:28","date_gmt":"2016-09-05T23:03:28","guid":{"rendered":"http:\/\/www.eldigitaldeasturias.com\/noticias\/?p=905964"},"modified":"2016-09-06T00:03:28","modified_gmt":"2016-09-05T23:03:28","slug":"desciende-el-consumo-de-energia-electrica-el-principado","status":"publish","type":"post","link":"https:\/\/www.eldigitaldeasturias.com\/noticias\/desciende-el-consumo-de-energia-electrica-el-principado\/","title":{"rendered":"Desciende el consumo de energ\u00eda el\u00e9ctrica el Principado"},"content":{"rendered":"<p><img loading=\"lazy\" decoding=\"async\" class=\"alignleft size-medium wp-image-794926\" src=\"https:\/\/www.eldigitaldeasturias.com\/noticias\/wp-content\/uploads\/2015\/07\/electricidad-360x270.jpg\" alt=\"electricidad\" width=\"360\" height=\"270\" srcset=\"https:\/\/www.eldigitaldeasturias.com\/noticias\/wp-content\/uploads\/2015\/07\/electricidad-360x270.jpg 360w, https:\/\/www.eldigitaldeasturias.com\/noticias\/wp-content\/uploads\/2015\/07\/electricidad-650x488.jpg 650w, https:\/\/www.eldigitaldeasturias.com\/noticias\/wp-content\/uploads\/2015\/07\/electricidad-100x75.jpg 100w, https:\/\/www.eldigitaldeasturias.com\/noticias\/wp-content\/uploads\/2015\/07\/electricidad.jpg 800w\" sizes=\"auto, (max-width: 360px) 100vw, 360px\" \/>El pasado julio el consumo de energ\u00eda el\u00e9ctrica en Asturias se cifr\u00f3 en 746.566 megavatios por hora, esta cifra supone un descenso del 1,6 por ciento respecto al mismo mes del a\u00f1o anterior. As\u00ed loa han reflejado los \u00faltimos datos recogidos por la Sociedad Asturiana de Estudios Econ\u00f3micos e Industriales (Sadei).<\/p>\n<p>Estas cifras provisionales muestran que el descenso fue mayor en el consumo dom\u00e9stico con una bajada del 3,4% frente a la producido en la industria que se sit\u00fao en el 1,3%.<\/p>\n<p>Por su parte, el consumo de gas natural en Asturias en este mes aument\u00f3 un 2,8% respecto al mismo per\u00edodo del a\u00f1o anterior. El uso de gas se sit\u00fao en 330.307 miles de termias frente a las 321.261 que se consumieron en julio de 2015.<\/p>\n<p>&nbsp;<\/p>\n","protected":false},"excerpt":{"rendered":"<p>El pasado julio el consumo de energ\u00eda el\u00e9ctrica en Asturias se cifr\u00f3 en 746.566 megavatios por hora, esta cifra supone un descenso del 1,6 por ciento respecto al mismo mes del a\u00f1o anterior. As\u00ed loa han reflejado los \u00faltimos datos recogidos por la Sociedad Asturiana de Estudios Econ\u00f3micos e Industriales (Sadei). Estas cifras provisionales muestran [&hellip;]<\/p>\n","protected":false},"author":1,"featured_media":794926,"comment_status":"closed","ping_status":"closed","sticky":false,"template":"","format":"standard","meta":{"footnotes":""},"categories":[12],"tags":[],"class_list":["post-905964","post","type-post","status-publish","format-standard","has-post-thumbnail","hentry","category-actualidad-asturias"],"aioseo_notices":[],"aioseo_head":"\n\t\t<!-- All in One SEO Pro 4.9.6.2 - aioseo.com -->\n\t<meta name=\"description\" content=\"El pasado julio el consumo de energ\u00eda el\u00e9ctrica en Asturias se cifr\u00f3 en 746.566 megavatios por hora, esta cifra supone un descenso del 1,6 por ciento respecto al mismo mes del a\u00f1o anterior. As\u00ed loa han reflejado los \u00faltimos datos recogidos por la Sociedad Asturiana de Estudios Econ\u00f3micos e Industriales (Sadei). Estas cifras provisionales muestran\" \/>\n\t<meta name=\"robots\" content=\"max-image-preview:large\" \/>\n\t<meta name=\"author\" content=\"El Digital de Asturias\"\/>\n\t<meta name=\"google-site-verification\" content=\"UA-38556648-1\" \/>\n\t<meta name=\"msvalidate.01\" content=\"7dfe9f3f1b24437ab69f4f2559babe99\" \/>\n\t<meta name=\"keywords\" content=\"actualidad asturias\" \/>\n\t<link rel=\"canonical\" href=\"https:\/\/www.eldigitaldeasturias.com\/noticias\/desciende-el-consumo-de-energia-electrica-el-principado\/\" \/>\n\t<meta name=\"generator\" content=\"All in One SEO Pro (AIOSEO) 4.9.6.2\" \/>\n\t\t<meta property=\"og:locale\" content=\"es_ES\" \/>\n\t\t<meta property=\"og:site_name\" content=\"El Digital de Asturias\" \/>\n\t\t<meta property=\"og:type\" content=\"article\" \/>\n\t\t<meta property=\"og:title\" content=\"Desciende el consumo de energ\u00eda el\u00e9ctrica el Principado - El Digital de Asturias\" \/>\n\t\t<meta property=\"og:description\" content=\"El pasado julio el consumo de energ\u00eda el\u00e9ctrica en Asturias se cifr\u00f3 en 746.566 megavatios por hora, esta cifra supone un descenso del 1,6 por ciento respecto al mismo mes del a\u00f1o anterior. As\u00ed loa han reflejado los \u00faltimos datos recogidos por la Sociedad Asturiana de Estudios Econ\u00f3micos e Industriales (Sadei). Estas cifras provisionales muestran\" \/>\n\t\t<meta property=\"og:url\" content=\"https:\/\/www.eldigitaldeasturias.com\/noticias\/desciende-el-consumo-de-energia-electrica-el-principado\/\" \/>\n\t\t<meta property=\"og:image\" content=\"https:\/\/www.eldigitaldeasturias.com\/noticias\/wp-content\/uploads\/2015\/07\/electricidad.jpg\" \/>\n\t\t<meta property=\"og:image:secure_url\" content=\"https:\/\/www.eldigitaldeasturias.com\/noticias\/wp-content\/uploads\/2015\/07\/electricidad.jpg\" \/>\n\t\t<meta property=\"og:image:width\" content=\"800\" \/>\n\t\t<meta property=\"og:image:height\" content=\"600\" \/>\n\t\t<meta property=\"article:tag\" content=\"actualidad asturias\" \/>\n\t\t<meta property=\"article:published_time\" content=\"2016-09-05T23:03:28+00:00\" \/>\n\t\t<meta property=\"article:modified_time\" content=\"2016-09-05T23:03:28+00:00\" \/>\n\t\t<meta property=\"article:publisher\" content=\"https:\/\/facebook.com\/eldigitaldeasturias\" \/>\n\t\t<meta name=\"twitter:card\" content=\"summary_large_image\" \/>\n\t\t<meta name=\"twitter:title\" content=\"Desciende el consumo de energ\u00eda el\u00e9ctrica el Principado - El Digital de Asturias\" \/>\n\t\t<meta name=\"twitter:description\" content=\"El pasado julio el consumo de energ\u00eda el\u00e9ctrica en Asturias se cifr\u00f3 en 746.566 megavatios por hora, esta cifra supone un descenso del 1,6 por ciento respecto al mismo mes del a\u00f1o anterior. As\u00ed loa han reflejado los \u00faltimos datos recogidos por la Sociedad Asturiana de Estudios Econ\u00f3micos e Industriales (Sadei). Estas cifras provisionales muestran\" \/>\n\t\t<meta name=\"twitter:image\" content=\"https:\/\/www.eldigitaldeasturias.com\/noticias\/wp-content\/uploads\/2015\/07\/electricidad.jpg\" \/>\n\t\t<meta name=\"twitter:label1\" content=\"Escrito por\" \/>\n\t\t<meta name=\"twitter:data1\" content=\"El Digital de Asturias\" \/>\n\t\t<meta name=\"twitter:label2\" content=\"Tiempo de lectura estimado\" \/>\n\t\t<meta name=\"twitter:data2\" content=\"1 minuto\" \/>\n\t\t<script type=\"application\/ld+json\" class=\"aioseo-schema\">\n\t\t\t{\"@context\":\"https:\\\/\\\/schema.org\",\"@graph\":[{\"@type\":\"BlogPosting\",\"@id\":\"https:\\\/\\\/www.eldigitaldeasturias.com\\\/noticias\\\/desciende-el-consumo-de-energia-electrica-el-principado\\\/#blogposting\",\"name\":\"Desciende el consumo de energ\\u00eda el\\u00e9ctrica el Principado - El Digital de Asturias\",\"headline\":\"Desciende el consumo de energ\\u00eda el\\u00e9ctrica el Principado\",\"author\":{\"@id\":\"https:\\\/\\\/www.eldigitaldeasturias.com\\\/noticias\\\/author\\\/admin\\\/#author\"},\"publisher\":{\"@id\":\"https:\\\/\\\/www.eldigitaldeasturias.com\\\/noticias\\\/#organization\"},\"image\":{\"@type\":\"ImageObject\",\"url\":\"https:\\\/\\\/www.eldigitaldeasturias.com\\\/noticias\\\/wp-content\\\/uploads\\\/2015\\\/07\\\/electricidad.jpg\",\"width\":800,\"height\":600},\"datePublished\":\"2016-09-06T00:03:28+02:00\",\"dateModified\":\"2016-09-06T00:03:28+02:00\",\"inLanguage\":\"es-ES\",\"mainEntityOfPage\":{\"@id\":\"https:\\\/\\\/www.eldigitaldeasturias.com\\\/noticias\\\/desciende-el-consumo-de-energia-electrica-el-principado\\\/#webpage\"},\"isPartOf\":{\"@id\":\"https:\\\/\\\/www.eldigitaldeasturias.com\\\/noticias\\\/desciende-el-consumo-de-energia-electrica-el-principado\\\/#webpage\"},\"articleSection\":\"Actualidad Asturias\"},{\"@type\":\"BreadcrumbList\",\"@id\":\"https:\\\/\\\/www.eldigitaldeasturias.com\\\/noticias\\\/desciende-el-consumo-de-energia-electrica-el-principado\\\/#breadcrumblist\",\"itemListElement\":[{\"@type\":\"ListItem\",\"@id\":\"https:\\\/\\\/www.eldigitaldeasturias.com\\\/noticias#listItem\",\"position\":1,\"name\":\"Home\",\"item\":\"https:\\\/\\\/www.eldigitaldeasturias.com\\\/noticias\",\"nextItem\":{\"@type\":\"ListItem\",\"@id\":\"https:\\\/\\\/www.eldigitaldeasturias.com\\\/noticias\\\/category\\\/actualidad-asturias\\\/#listItem\",\"name\":\"Actualidad Asturias\"}},{\"@type\":\"ListItem\",\"@id\":\"https:\\\/\\\/www.eldigitaldeasturias.com\\\/noticias\\\/category\\\/actualidad-asturias\\\/#listItem\",\"position\":2,\"name\":\"Actualidad Asturias\",\"item\":\"https:\\\/\\\/www.eldigitaldeasturias.com\\\/noticias\\\/category\\\/actualidad-asturias\\\/\",\"nextItem\":{\"@type\":\"ListItem\",\"@id\":\"https:\\\/\\\/www.eldigitaldeasturias.com\\\/noticias\\\/desciende-el-consumo-de-energia-electrica-el-principado\\\/#listItem\",\"name\":\"Desciende el consumo de energ\\u00eda el\\u00e9ctrica el Principado\"},\"previousItem\":{\"@type\":\"ListItem\",\"@id\":\"https:\\\/\\\/www.eldigitaldeasturias.com\\\/noticias#listItem\",\"name\":\"Home\"}},{\"@type\":\"ListItem\",\"@id\":\"https:\\\/\\\/www.eldigitaldeasturias.com\\\/noticias\\\/desciende-el-consumo-de-energia-electrica-el-principado\\\/#listItem\",\"position\":3,\"name\":\"Desciende el consumo de energ\\u00eda el\\u00e9ctrica el Principado\",\"previousItem\":{\"@type\":\"ListItem\",\"@id\":\"https:\\\/\\\/www.eldigitaldeasturias.com\\\/noticias\\\/category\\\/actualidad-asturias\\\/#listItem\",\"name\":\"Actualidad Asturias\"}}]},{\"@type\":\"Organization\",\"@id\":\"https:\\\/\\\/www.eldigitaldeasturias.com\\\/noticias\\\/#organization\",\"name\":\"El Digital de Asturias\",\"description\":\"Hemeroteca\",\"url\":\"https:\\\/\\\/www.eldigitaldeasturias.com\\\/noticias\\\/\",\"email\":\"info@eldigitaldeasturias.com\",\"telephone\":\"+34652131393\",\"logo\":{\"@type\":\"ImageObject\",\"url\":\"https:\\\/\\\/www.eldigitaldeasturias.com\\\/noticias\\\/wp-content\\\/uploads\\\/2020\\\/12\\\/EDA.jpg\",\"@id\":\"https:\\\/\\\/www.eldigitaldeasturias.com\\\/noticias\\\/desciende-el-consumo-de-energia-electrica-el-principado\\\/#organizationLogo\",\"width\":649,\"height\":297},\"image\":{\"@id\":\"https:\\\/\\\/www.eldigitaldeasturias.com\\\/noticias\\\/desciende-el-consumo-de-energia-electrica-el-principado\\\/#organizationLogo\"},\"sameAs\":[\"https:\\\/\\\/facebook.com\\\/eldigitaldeasturias\",\"https:\\\/\\\/www.youtube.com\\\/channel\\\/UCZP-2wLEB9Rv6erhFmqVnvg\"],\"address\":{\"@id\":\"https:\\\/\\\/www.eldigitaldeasturias.com\\\/noticias\\\/#postaladdress\",\"@type\":\"PostalAddress\",\"streetAddress\":\"san antonio 4,\",\"postalCode\":\"33430\",\"addressLocality\":\"Cand\\u00e1s\",\"addressRegion\":\"Asturias\",\"addressCountry\":\"ES\"}},{\"@type\":\"Person\",\"@id\":\"https:\\\/\\\/www.eldigitaldeasturias.com\\\/noticias\\\/author\\\/admin\\\/#author\",\"url\":\"https:\\\/\\\/www.eldigitaldeasturias.com\\\/noticias\\\/author\\\/admin\\\/\",\"name\":\"El Digital de Asturias\",\"image\":{\"@type\":\"ImageObject\",\"@id\":\"https:\\\/\\\/www.eldigitaldeasturias.com\\\/noticias\\\/desciende-el-consumo-de-energia-electrica-el-principado\\\/#authorImage\",\"url\":\"https:\\\/\\\/www.eldigitaldeasturias.com\\\/noticias\\\/wp-content\\\/litespeed\\\/avatar\\\/18677e78aa0546b92d9dbf31ec7d7668.jpg?ver=1777290358\",\"width\":96,\"height\":96,\"caption\":\"El Digital de Asturias\"}},{\"@type\":\"WebPage\",\"@id\":\"https:\\\/\\\/www.eldigitaldeasturias.com\\\/noticias\\\/desciende-el-consumo-de-energia-electrica-el-principado\\\/#webpage\",\"url\":\"https:\\\/\\\/www.eldigitaldeasturias.com\\\/noticias\\\/desciende-el-consumo-de-energia-electrica-el-principado\\\/\",\"name\":\"Desciende el consumo de energ\\u00eda el\\u00e9ctrica el Principado - El Digital de Asturias\",\"description\":\"El pasado julio el consumo de energ\\u00eda el\\u00e9ctrica en Asturias se cifr\\u00f3 en 746.566 megavatios por hora, esta cifra supone un descenso del 1,6 por ciento respecto al mismo mes del a\\u00f1o anterior. As\\u00ed loa han reflejado los \\u00faltimos datos recogidos por la Sociedad Asturiana de Estudios Econ\\u00f3micos e Industriales (Sadei). Estas cifras provisionales muestran\",\"inLanguage\":\"es-ES\",\"isPartOf\":{\"@id\":\"https:\\\/\\\/www.eldigitaldeasturias.com\\\/noticias\\\/#website\"},\"breadcrumb\":{\"@id\":\"https:\\\/\\\/www.eldigitaldeasturias.com\\\/noticias\\\/desciende-el-consumo-de-energia-electrica-el-principado\\\/#breadcrumblist\"},\"author\":{\"@id\":\"https:\\\/\\\/www.eldigitaldeasturias.com\\\/noticias\\\/author\\\/admin\\\/#author\"},\"creator\":{\"@id\":\"https:\\\/\\\/www.eldigitaldeasturias.com\\\/noticias\\\/author\\\/admin\\\/#author\"},\"image\":{\"@type\":\"ImageObject\",\"url\":\"https:\\\/\\\/www.eldigitaldeasturias.com\\\/noticias\\\/wp-content\\\/uploads\\\/2015\\\/07\\\/electricidad.jpg\",\"@id\":\"https:\\\/\\\/www.eldigitaldeasturias.com\\\/noticias\\\/desciende-el-consumo-de-energia-electrica-el-principado\\\/#mainImage\",\"width\":800,\"height\":600},\"primaryImageOfPage\":{\"@id\":\"https:\\\/\\\/www.eldigitaldeasturias.com\\\/noticias\\\/desciende-el-consumo-de-energia-electrica-el-principado\\\/#mainImage\"},\"datePublished\":\"2016-09-06T00:03:28+02:00\",\"dateModified\":\"2016-09-06T00:03:28+02:00\"},{\"@type\":\"WebSite\",\"@id\":\"https:\\\/\\\/www.eldigitaldeasturias.com\\\/noticias\\\/#website\",\"url\":\"https:\\\/\\\/www.eldigitaldeasturias.com\\\/noticias\\\/\",\"name\":\"El Digital de Asturias - Diario de actualidad y noticias\",\"alternateName\":\"El Digital de Asturias - Diario de actualidad y noticias\",\"description\":\"Hemeroteca\",\"inLanguage\":\"es-ES\",\"publisher\":{\"@id\":\"https:\\\/\\\/www.eldigitaldeasturias.com\\\/noticias\\\/#organization\"}}]}\n\t\t<\/script>\n\t\t<!-- All in One SEO Pro -->\r\n\t\t<title>Desciende el consumo de energ\u00eda el\u00e9ctrica el Principado - El Digital de Asturias<\/title>\n\n","aioseo_head_json":{"title":"Desciende el consumo de energ\u00eda el\u00e9ctrica el Principado - El Digital de Asturias","description":"El pasado julio el consumo de energ\u00eda el\u00e9ctrica en Asturias se cifr\u00f3 en 746.566 megavatios por hora, esta cifra supone un descenso del 1,6 por ciento respecto al mismo mes del a\u00f1o anterior. As\u00ed loa han reflejado los \u00faltimos datos recogidos por la Sociedad Asturiana de Estudios Econ\u00f3micos e Industriales (Sadei). Estas cifras provisionales muestran","canonical_url":"https:\/\/www.eldigitaldeasturias.com\/noticias\/desciende-el-consumo-de-energia-electrica-el-principado\/","robots":"max-image-preview:large","keywords":"actualidad asturias","webmasterTools":{"google-site-verification":"UA-38556648-1","msvalidate.01":"7dfe9f3f1b24437ab69f4f2559babe99","miscellaneous":""},"schema":{"@context":"https:\/\/schema.org","@graph":[{"@type":"BlogPosting","@id":"https:\/\/www.eldigitaldeasturias.com\/noticias\/desciende-el-consumo-de-energia-electrica-el-principado\/#blogposting","name":"Desciende el consumo de energ\u00eda el\u00e9ctrica el Principado - El Digital de Asturias","headline":"Desciende el consumo de energ\u00eda el\u00e9ctrica el Principado","author":{"@id":"https:\/\/www.eldigitaldeasturias.com\/noticias\/author\/admin\/#author"},"publisher":{"@id":"https:\/\/www.eldigitaldeasturias.com\/noticias\/#organization"},"image":{"@type":"ImageObject","url":"https:\/\/www.eldigitaldeasturias.com\/noticias\/wp-content\/uploads\/2015\/07\/electricidad.jpg","width":800,"height":600},"datePublished":"2016-09-06T00:03:28+02:00","dateModified":"2016-09-06T00:03:28+02:00","inLanguage":"es-ES","mainEntityOfPage":{"@id":"https:\/\/www.eldigitaldeasturias.com\/noticias\/desciende-el-consumo-de-energia-electrica-el-principado\/#webpage"},"isPartOf":{"@id":"https:\/\/www.eldigitaldeasturias.com\/noticias\/desciende-el-consumo-de-energia-electrica-el-principado\/#webpage"},"articleSection":"Actualidad Asturias"},{"@type":"BreadcrumbList","@id":"https:\/\/www.eldigitaldeasturias.com\/noticias\/desciende-el-consumo-de-energia-electrica-el-principado\/#breadcrumblist","itemListElement":[{"@type":"ListItem","@id":"https:\/\/www.eldigitaldeasturias.com\/noticias#listItem","position":1,"name":"Home","item":"https:\/\/www.eldigitaldeasturias.com\/noticias","nextItem":{"@type":"ListItem","@id":"https:\/\/www.eldigitaldeasturias.com\/noticias\/category\/actualidad-asturias\/#listItem","name":"Actualidad Asturias"}},{"@type":"ListItem","@id":"https:\/\/www.eldigitaldeasturias.com\/noticias\/category\/actualidad-asturias\/#listItem","position":2,"name":"Actualidad Asturias","item":"https:\/\/www.eldigitaldeasturias.com\/noticias\/category\/actualidad-asturias\/","nextItem":{"@type":"ListItem","@id":"https:\/\/www.eldigitaldeasturias.com\/noticias\/desciende-el-consumo-de-energia-electrica-el-principado\/#listItem","name":"Desciende el consumo de energ\u00eda el\u00e9ctrica el Principado"},"previousItem":{"@type":"ListItem","@id":"https:\/\/www.eldigitaldeasturias.com\/noticias#listItem","name":"Home"}},{"@type":"ListItem","@id":"https:\/\/www.eldigitaldeasturias.com\/noticias\/desciende-el-consumo-de-energia-electrica-el-principado\/#listItem","position":3,"name":"Desciende el consumo de energ\u00eda el\u00e9ctrica el Principado","previousItem":{"@type":"ListItem","@id":"https:\/\/www.eldigitaldeasturias.com\/noticias\/category\/actualidad-asturias\/#listItem","name":"Actualidad Asturias"}}]},{"@type":"Organization","@id":"https:\/\/www.eldigitaldeasturias.com\/noticias\/#organization","name":"El Digital de Asturias","description":"Hemeroteca","url":"https:\/\/www.eldigitaldeasturias.com\/noticias\/","email":"info@eldigitaldeasturias.com","telephone":"+34652131393","logo":{"@type":"ImageObject","url":"https:\/\/www.eldigitaldeasturias.com\/noticias\/wp-content\/uploads\/2020\/12\/EDA.jpg","@id":"https:\/\/www.eldigitaldeasturias.com\/noticias\/desciende-el-consumo-de-energia-electrica-el-principado\/#organizationLogo","width":649,"height":297},"image":{"@id":"https:\/\/www.eldigitaldeasturias.com\/noticias\/desciende-el-consumo-de-energia-electrica-el-principado\/#organizationLogo"},"sameAs":["https:\/\/facebook.com\/eldigitaldeasturias","https:\/\/www.youtube.com\/channel\/UCZP-2wLEB9Rv6erhFmqVnvg"],"address":{"@id":"https:\/\/www.eldigitaldeasturias.com\/noticias\/#postaladdress","@type":"PostalAddress","streetAddress":"san antonio 4,","postalCode":"33430","addressLocality":"Cand\u00e1s","addressRegion":"Asturias","addressCountry":"ES"}},{"@type":"Person","@id":"https:\/\/www.eldigitaldeasturias.com\/noticias\/author\/admin\/#author","url":"https:\/\/www.eldigitaldeasturias.com\/noticias\/author\/admin\/","name":"El Digital de Asturias","image":{"@type":"ImageObject","@id":"https:\/\/www.eldigitaldeasturias.com\/noticias\/desciende-el-consumo-de-energia-electrica-el-principado\/#authorImage","url":"https:\/\/www.eldigitaldeasturias.com\/noticias\/wp-content\/litespeed\/avatar\/18677e78aa0546b92d9dbf31ec7d7668.jpg?ver=1777290358","width":96,"height":96,"caption":"El Digital de Asturias"}},{"@type":"WebPage","@id":"https:\/\/www.eldigitaldeasturias.com\/noticias\/desciende-el-consumo-de-energia-electrica-el-principado\/#webpage","url":"https:\/\/www.eldigitaldeasturias.com\/noticias\/desciende-el-consumo-de-energia-electrica-el-principado\/","name":"Desciende el consumo de energ\u00eda el\u00e9ctrica el Principado - El Digital de Asturias","description":"El pasado julio el consumo de energ\u00eda el\u00e9ctrica en Asturias se cifr\u00f3 en 746.566 megavatios por hora, esta cifra supone un descenso del 1,6 por ciento respecto al mismo mes del a\u00f1o anterior. As\u00ed loa han reflejado los \u00faltimos datos recogidos por la Sociedad Asturiana de Estudios Econ\u00f3micos e Industriales (Sadei). Estas cifras provisionales muestran","inLanguage":"es-ES","isPartOf":{"@id":"https:\/\/www.eldigitaldeasturias.com\/noticias\/#website"},"breadcrumb":{"@id":"https:\/\/www.eldigitaldeasturias.com\/noticias\/desciende-el-consumo-de-energia-electrica-el-principado\/#breadcrumblist"},"author":{"@id":"https:\/\/www.eldigitaldeasturias.com\/noticias\/author\/admin\/#author"},"creator":{"@id":"https:\/\/www.eldigitaldeasturias.com\/noticias\/author\/admin\/#author"},"image":{"@type":"ImageObject","url":"https:\/\/www.eldigitaldeasturias.com\/noticias\/wp-content\/uploads\/2015\/07\/electricidad.jpg","@id":"https:\/\/www.eldigitaldeasturias.com\/noticias\/desciende-el-consumo-de-energia-electrica-el-principado\/#mainImage","width":800,"height":600},"primaryImageOfPage":{"@id":"https:\/\/www.eldigitaldeasturias.com\/noticias\/desciende-el-consumo-de-energia-electrica-el-principado\/#mainImage"},"datePublished":"2016-09-06T00:03:28+02:00","dateModified":"2016-09-06T00:03:28+02:00"},{"@type":"WebSite","@id":"https:\/\/www.eldigitaldeasturias.com\/noticias\/#website","url":"https:\/\/www.eldigitaldeasturias.com\/noticias\/","name":"El Digital de Asturias - Diario de actualidad y noticias","alternateName":"El Digital de Asturias - Diario de actualidad y noticias","description":"Hemeroteca","inLanguage":"es-ES","publisher":{"@id":"https:\/\/www.eldigitaldeasturias.com\/noticias\/#organization"}}]},"og:locale":"es_ES","og:site_name":"El Digital de Asturias","og:type":"article","og:title":"Desciende el consumo de energ\u00eda el\u00e9ctrica el Principado - El Digital de Asturias","og:description":"El pasado julio el consumo de energ\u00eda el\u00e9ctrica en Asturias se cifr\u00f3 en 746.566 megavatios por hora, esta cifra supone un descenso del 1,6 por ciento respecto al mismo mes del a\u00f1o anterior. As\u00ed loa han reflejado los \u00faltimos datos recogidos por la Sociedad Asturiana de Estudios Econ\u00f3micos e Industriales (Sadei). Estas cifras provisionales muestran","og:url":"https:\/\/www.eldigitaldeasturias.com\/noticias\/desciende-el-consumo-de-energia-electrica-el-principado\/","og:image":"https:\/\/www.eldigitaldeasturias.com\/noticias\/wp-content\/uploads\/2015\/07\/electricidad.jpg","og:image:secure_url":"https:\/\/www.eldigitaldeasturias.com\/noticias\/wp-content\/uploads\/2015\/07\/electricidad.jpg","og:image:width":800,"og:image:height":600,"article:tag":["actualidad asturias"],"article:published_time":"2016-09-05T23:03:28+00:00","article:modified_time":"2016-09-05T23:03:28+00:00","article:publisher":"https:\/\/facebook.com\/eldigitaldeasturias","twitter:card":"summary_large_image","twitter:title":"Desciende el consumo de energ\u00eda el\u00e9ctrica el Principado - El Digital de Asturias","twitter:description":"El pasado julio el consumo de energ\u00eda el\u00e9ctrica en Asturias se cifr\u00f3 en 746.566 megavatios por hora, esta cifra supone un descenso del 1,6 por ciento respecto al mismo mes del a\u00f1o anterior. As\u00ed loa han reflejado los \u00faltimos datos recogidos por la Sociedad Asturiana de Estudios Econ\u00f3micos e Industriales (Sadei). Estas cifras provisionales muestran","twitter:image":"https:\/\/www.eldigitaldeasturias.com\/noticias\/wp-content\/uploads\/2015\/07\/electricidad.jpg","twitter:label1":"Escrito por","twitter:data1":"El Digital de Asturias","twitter:label2":"Tiempo de lectura estimado","twitter:data2":"1 minuto"},"aioseo_meta_data":{"post_id":"905964","title":null,"description":null,"keywords":null,"keyphrases":null,"primary_term":null,"canonical_url":null,"og_title":null,"og_description":null,"og_object_type":"default","og_image_type":"default","og_image_url":null,"og_image_width":null,"og_image_height":null,"og_image_custom_url":null,"og_image_custom_fields":null,"og_video":null,"og_custom_url":null,"og_article_section":null,"og_article_tags":null,"twitter_use_og":false,"twitter_card":"default","twitter_image_type":"default","twitter_image_url":null,"twitter_image_custom_url":null,"twitter_image_custom_fields":null,"twitter_title":null,"twitter_description":null,"schema":{"blockGraphs":[],"customGraphs":[],"default":{"data":{"Article":[],"Course":[],"Dataset":[],"FAQPage":[],"Movie":[],"Person":[],"Product":[],"ProductReview":[],"Car":[],"Recipe":[],"Service":[],"SoftwareApplication":[],"WebPage":[]},"graphName":"","isEnabled":true},"graphs":[],"defaultGraph":"","defaultPostTypeGraph":""},"schema_type":null,"schema_type_options":null,"pillar_content":false,"robots_default":true,"robots_noindex":false,"robots_noarchive":false,"robots_nosnippet":false,"robots_nofollow":false,"robots_noimageindex":false,"robots_noodp":false,"robots_notranslate":false,"robots_max_snippet":null,"robots_max_videopreview":null,"robots_max_imagepreview":"large","priority":null,"frequency":null,"local_seo":null,"seo_analyzer_scan_date":"2025-11-30 07:23:17","breadcrumb_settings":null,"limit_modified_date":false,"open_ai":null,"ai":null,"created":"2020-12-21 14:02:05","updated":"2025-11-30 07:23:17"},"aioseo_breadcrumb":"<div class=\"aioseo-breadcrumbs\"><span class=\"aioseo-breadcrumb\">\n\t<a href=\"https:\/\/www.eldigitaldeasturias.com\/noticias\" title=\"Home\">Home<\/a>\n<\/span><span class=\"aioseo-breadcrumb-separator\">\u2013<\/span><span class=\"aioseo-breadcrumb\">\n\t<a href=\"https:\/\/www.eldigitaldeasturias.com\/noticias\/category\/actualidad-asturias\/\" title=\"Actualidad Asturias\">Actualidad Asturias<\/a>\n<\/span><span class=\"aioseo-breadcrumb-separator\">\u2013<\/span><span class=\"aioseo-breadcrumb\">\n\t<a href=\"https:\/\/www.eldigitaldeasturias.com\/noticias\/desciende-el-consumo-de-energia-electrica-el-principado\/\" title=\"Desciende el consumo de energ\u00eda el\u00e9ctrica el Principado\">Desciende el consumo de energ\u00eda el\u00e9ctrica el Principado<\/a>\n<\/span><\/div>","aioseo_breadcrumb_json":[{"label":"Home","link":"https:\/\/www.eldigitaldeasturias.com\/noticias"},{"label":"Actualidad Asturias","link":"https:\/\/www.eldigitaldeasturias.com\/noticias\/category\/actualidad-asturias\/"},{"label":"Desciende el consumo de energ\u00eda el\u00e9ctrica el Principado","link":"https:\/\/www.eldigitaldeasturias.com\/noticias\/desciende-el-consumo-de-energia-electrica-el-principado\/"}],"_links":{"self":[{"href":"https:\/\/www.eldigitaldeasturias.com\/noticias\/wp-json\/wp\/v2\/posts\/905964","targetHints":{"allow":["GET"]}}],"collection":[{"href":"https:\/\/www.eldigitaldeasturias.com\/noticias\/wp-json\/wp\/v2\/posts"}],"about":[{"href":"https:\/\/www.eldigitaldeasturias.com\/noticias\/wp-json\/wp\/v2\/types\/post"}],"author":[{"embeddable":true,"href":"https:\/\/www.eldigitaldeasturias.com\/noticias\/wp-json\/wp\/v2\/users\/1"}],"replies":[{"embeddable":true,"href":"https:\/\/www.eldigitaldeasturias.com\/noticias\/wp-json\/wp\/v2\/comments?post=905964"}],"version-history":[{"count":0,"href":"https:\/\/www.eldigitaldeasturias.com\/noticias\/wp-json\/wp\/v2\/posts\/905964\/revisions"}],"wp:featuredmedia":[{"embeddable":true,"href":"https:\/\/www.eldigitaldeasturias.com\/noticias\/wp-json\/wp\/v2\/media\/794926"}],"wp:attachment":[{"href":"https:\/\/www.eldigitaldeasturias.com\/noticias\/wp-json\/wp\/v2\/media?parent=905964"}],"wp:term":[{"taxonomy":"category","embeddable":true,"href":"https:\/\/www.eldigitaldeasturias.com\/noticias\/wp-json\/wp\/v2\/categories?post=905964"},{"taxonomy":"post_tag","embeddable":true,"href":"https:\/\/www.eldigitaldeasturias.com\/noticias\/wp-json\/wp\/v2\/tags?post=905964"}],"curies":[{"name":"wp","href":"https:\/\/api.w.org\/{rel}","templated":true}]}}