{"id":905959,"date":"2016-09-05T23:58:38","date_gmt":"2016-09-05T22:58:38","guid":{"rendered":"http:\/\/www.eldigitaldeasturias.com\/noticias\/?p=905959"},"modified":"2016-09-05T23:58:38","modified_gmt":"2016-09-05T22:58:38","slug":"la-cineteca-ambulante-presenta-media-docena-de-peliculas-en-seis-municipios-asturianos","status":"publish","type":"post","link":"https:\/\/www.eldigitaldeasturias.com\/noticias\/la-cineteca-ambulante-presenta-media-docena-de-peliculas-en-seis-municipios-asturianos\/","title":{"rendered":"La Cineteca Ambulante presenta media docena de pel\u00edculas en seis municipios asturianos"},"content":{"rendered":"<p><img loading=\"lazy\" decoding=\"async\" class=\"alignleft size-medium wp-image-818074\" src=\"https:\/\/www.eldigitaldeasturias.com\/noticias\/wp-content\/uploads\/2015\/10\/cine-360x240.jpg\" alt=\"cine\" width=\"360\" height=\"240\" srcset=\"https:\/\/www.eldigitaldeasturias.com\/noticias\/wp-content\/uploads\/2015\/10\/cine-360x240.jpg 360w, https:\/\/www.eldigitaldeasturias.com\/noticias\/wp-content\/uploads\/2015\/10\/cine-650x433.jpg 650w, https:\/\/www.eldigitaldeasturias.com\/noticias\/wp-content\/uploads\/2015\/10\/cine.jpg 800w\" sizes=\"auto, (max-width: 360px) 100vw, 360px\" \/>Laboral Cineteca ha presentado el programa completo de &#8216;La Cineteca Ambulante&#8217; que en su primera edici\u00f3n comienza el pr\u00f3ximo mes de octubre con un ciclo compuesto por seis de los mejores t\u00edtulos del cine contempor\u00e1neo. Las pel\u00edculas, en versi\u00f3n original subtitulada al castellano y con entrada gratuita, llegar\u00e1n a los concejos de Vegadeo, Cangas del Narcea, Tineo, Sobrescobio, Villaviciosa y Cangas de On\u00eds.<\/p>\n<p>El viceconsejero de Cultura del Principado, Vicente Dom\u00ednguez, ha presentado este lunes en Laboral Ciudad de la Cultura el calendario de proyecciones del programa de cine itinerante acompa\u00f1ado por diferentes representantes de los ayuntamientos de Vegadeo, Cangas del Narcea, Tineo, Sobrescobio, Villaviciosa y Cangas de On\u00eds.<\/p>\n<p>Laboral Cineteca ha detallado que este proyecto, con un total de 36 proyecciones, emprende una tarea educativa y de difusi\u00f3n del cine en Asturias, llevando pel\u00edculas internacionales, que en algunos casos no llegan a las salas comerciales, a los concejos, especialmente de la zona oriental y occidental.<\/p>\n<p>Para cumplir este objetivo, adem\u00e1s de facilitar a las Casas de Cultura una programaci\u00f3n cinematogr\u00e1fica cerrada, Laboral Cineteca asume la gesti\u00f3n previa de todos los permisos y el pago en su mayor parte de los derechos de exhibici\u00f3n a las distribuidoras.<\/p>\n<p>El programa est\u00e1 compuesto por los filmes de&#8217;A Coraz\u00f3n gigante\/Virgin Mountain&#8217;, de Dagur K\u00e1ri; &#8216;La clase de esgrima, de Klaus H\u00e4r\u00f6&#8217;; &#8216;El Rey Tuerto&#8217;, de Marc Crehuet; y &#8216;Lobo&#8217;, de Naji Abu Nowar a los que se han sumado recientemente &#8216;El porvenir de Mia&#8217; Hansen-L*ve y &#8216;La Reconquista&#8217; de Jon\u00e1s Trueba. Estas pe\u00edculas han competido y, en algunos casos, han sido premiados en prestigiosos festivales internacionales.<\/p>\n<p>Una selecci\u00f3n del mejor cine contempor\u00e1neo &#8216;El porvenir&#8217; logr\u00f3 en febrero el Oso de Plata a la Mejor Direcci\u00f3n en el Festival de Cine de Berl\u00edn. &#8216;Coraz\u00f3n gigante&#8217; ha sido galardonada con el Premio a la mejor pel\u00edcula, mejor actor y mejor gui\u00f3n en el Festival de Tribeca, con el Premio al mejor actor en la*Semana Internacional de Cine de Valladolid Seminci y fue elegida como la Mejor Pel\u00edcula escandinava de 2015.<\/p>\n<p>La finlandesa &#8216;La clase de esgrima&#8217;, basada en hechos reales, ha sido nominada a Mejor Pel\u00edcula Extranjera en la pasada edici\u00f3n de los Globos de Oro.<\/p>\n<p>&nbsp;<\/p>\n","protected":false},"excerpt":{"rendered":"<p>Laboral Cineteca ha presentado el programa completo de &#8216;La Cineteca Ambulante&#8217; que en su primera edici\u00f3n comienza el pr\u00f3ximo mes de octubre con un ciclo compuesto por seis de los mejores t\u00edtulos del cine contempor\u00e1neo. Las pel\u00edculas, en versi\u00f3n original subtitulada al castellano y con entrada gratuita, llegar\u00e1n a los concejos de Vegadeo, Cangas del [&hellip;]<\/p>\n","protected":false},"author":1,"featured_media":818074,"comment_status":"closed","ping_status":"closed","sticky":false,"template":"","format":"standard","meta":{"footnotes":""},"categories":[50],"tags":[],"class_list":["post-905959","post","type-post","status-publish","format-standard","has-post-thumbnail","hentry","category-revista-de-ocio"],"aioseo_notices":[],"aioseo_head":"\n\t\t<!-- All in One SEO Pro 4.9.6.2 - aioseo.com -->\n\t<meta name=\"description\" content=\"Laboral Cineteca ha presentado el programa completo de &#039;La Cineteca Ambulante&#039; que en su primera edici\u00f3n comienza el pr\u00f3ximo mes de octubre con un ciclo compuesto por seis de los mejores t\u00edtulos del cine contempor\u00e1neo. Las pel\u00edculas, en versi\u00f3n original subtitulada al castellano y con entrada gratuita, llegar\u00e1n a los concejos de Vegadeo, Cangas del\" \/>\n\t<meta name=\"robots\" content=\"max-image-preview:large\" \/>\n\t<meta name=\"author\" content=\"El Digital de Asturias\"\/>\n\t<meta name=\"google-site-verification\" content=\"UA-38556648-1\" \/>\n\t<meta name=\"msvalidate.01\" content=\"7dfe9f3f1b24437ab69f4f2559babe99\" \/>\n\t<meta name=\"keywords\" content=\"revista de ocio\" \/>\n\t<link rel=\"canonical\" href=\"https:\/\/www.eldigitaldeasturias.com\/noticias\/la-cineteca-ambulante-presenta-media-docena-de-peliculas-en-seis-municipios-asturianos\/\" \/>\n\t<meta name=\"generator\" content=\"All in One SEO Pro (AIOSEO) 4.9.6.2\" \/>\n\t\t<meta property=\"og:locale\" content=\"es_ES\" \/>\n\t\t<meta property=\"og:site_name\" content=\"El Digital de Asturias\" \/>\n\t\t<meta property=\"og:type\" content=\"article\" \/>\n\t\t<meta property=\"og:title\" content=\"La Cineteca Ambulante presenta media docena de pel\u00edculas en seis municipios asturianos - El Digital de Asturias\" \/>\n\t\t<meta property=\"og:description\" content=\"Laboral Cineteca ha presentado el programa completo de &#039;La Cineteca Ambulante&#039; que en su primera edici\u00f3n comienza el pr\u00f3ximo mes de octubre con un ciclo compuesto por seis de los mejores t\u00edtulos del cine contempor\u00e1neo. Las pel\u00edculas, en versi\u00f3n original subtitulada al castellano y con entrada gratuita, llegar\u00e1n a los concejos de Vegadeo, Cangas del\" \/>\n\t\t<meta property=\"og:url\" content=\"https:\/\/www.eldigitaldeasturias.com\/noticias\/la-cineteca-ambulante-presenta-media-docena-de-peliculas-en-seis-municipios-asturianos\/\" \/>\n\t\t<meta property=\"og:image\" content=\"https:\/\/www.eldigitaldeasturias.com\/noticias\/wp-content\/uploads\/2015\/10\/cine.jpg\" \/>\n\t\t<meta property=\"og:image:secure_url\" content=\"https:\/\/www.eldigitaldeasturias.com\/noticias\/wp-content\/uploads\/2015\/10\/cine.jpg\" \/>\n\t\t<meta property=\"og:image:width\" content=\"800\" \/>\n\t\t<meta property=\"og:image:height\" content=\"533\" \/>\n\t\t<meta property=\"article:tag\" content=\"revista de ocio\" \/>\n\t\t<meta property=\"article:published_time\" content=\"2016-09-05T22:58:38+00:00\" \/>\n\t\t<meta property=\"article:modified_time\" content=\"2016-09-05T22:58:38+00:00\" \/>\n\t\t<meta property=\"article:publisher\" content=\"https:\/\/facebook.com\/eldigitaldeasturias\" \/>\n\t\t<meta name=\"twitter:card\" content=\"summary_large_image\" \/>\n\t\t<meta name=\"twitter:title\" content=\"La Cineteca Ambulante presenta media docena de pel\u00edculas en seis municipios asturianos - El Digital de Asturias\" \/>\n\t\t<meta name=\"twitter:description\" content=\"Laboral Cineteca ha presentado el programa completo de &#039;La Cineteca Ambulante&#039; que en su primera edici\u00f3n comienza el pr\u00f3ximo mes de octubre con un ciclo compuesto por seis de los mejores t\u00edtulos del cine contempor\u00e1neo. Las pel\u00edculas, en versi\u00f3n original subtitulada al castellano y con entrada gratuita, llegar\u00e1n a los concejos de Vegadeo, Cangas del\" \/>\n\t\t<meta name=\"twitter:image\" content=\"https:\/\/www.eldigitaldeasturias.com\/noticias\/wp-content\/uploads\/2015\/10\/cine.jpg\" \/>\n\t\t<meta name=\"twitter:label1\" content=\"Escrito por\" \/>\n\t\t<meta name=\"twitter:data1\" content=\"El Digital de Asturias\" \/>\n\t\t<meta name=\"twitter:label2\" content=\"Tiempo de lectura estimado\" \/>\n\t\t<meta name=\"twitter:data2\" content=\"2 minutos\" \/>\n\t\t<script type=\"application\/ld+json\" class=\"aioseo-schema\">\n\t\t\t{\"@context\":\"https:\\\/\\\/schema.org\",\"@graph\":[{\"@type\":\"BlogPosting\",\"@id\":\"https:\\\/\\\/www.eldigitaldeasturias.com\\\/noticias\\\/la-cineteca-ambulante-presenta-media-docena-de-peliculas-en-seis-municipios-asturianos\\\/#blogposting\",\"name\":\"La Cineteca Ambulante presenta media docena de pel\\u00edculas en seis municipios asturianos - El Digital de Asturias\",\"headline\":\"La Cineteca Ambulante presenta media docena de pel\\u00edculas en seis municipios asturianos\",\"author\":{\"@id\":\"https:\\\/\\\/www.eldigitaldeasturias.com\\\/noticias\\\/author\\\/admin\\\/#author\"},\"publisher\":{\"@id\":\"https:\\\/\\\/www.eldigitaldeasturias.com\\\/noticias\\\/#organization\"},\"image\":{\"@type\":\"ImageObject\",\"url\":\"https:\\\/\\\/www.eldigitaldeasturias.com\\\/noticias\\\/wp-content\\\/uploads\\\/2015\\\/10\\\/cine.jpg\",\"width\":800,\"height\":533},\"datePublished\":\"2016-09-05T23:58:38+02:00\",\"dateModified\":\"2016-09-05T23:58:38+02:00\",\"inLanguage\":\"es-ES\",\"mainEntityOfPage\":{\"@id\":\"https:\\\/\\\/www.eldigitaldeasturias.com\\\/noticias\\\/la-cineteca-ambulante-presenta-media-docena-de-peliculas-en-seis-municipios-asturianos\\\/#webpage\"},\"isPartOf\":{\"@id\":\"https:\\\/\\\/www.eldigitaldeasturias.com\\\/noticias\\\/la-cineteca-ambulante-presenta-media-docena-de-peliculas-en-seis-municipios-asturianos\\\/#webpage\"},\"articleSection\":\"Revista de Ocio\"},{\"@type\":\"BreadcrumbList\",\"@id\":\"https:\\\/\\\/www.eldigitaldeasturias.com\\\/noticias\\\/la-cineteca-ambulante-presenta-media-docena-de-peliculas-en-seis-municipios-asturianos\\\/#breadcrumblist\",\"itemListElement\":[{\"@type\":\"ListItem\",\"@id\":\"https:\\\/\\\/www.eldigitaldeasturias.com\\\/noticias#listItem\",\"position\":1,\"name\":\"Home\",\"item\":\"https:\\\/\\\/www.eldigitaldeasturias.com\\\/noticias\",\"nextItem\":{\"@type\":\"ListItem\",\"@id\":\"https:\\\/\\\/www.eldigitaldeasturias.com\\\/noticias\\\/category\\\/revista-de-ocio\\\/#listItem\",\"name\":\"Revista de Ocio\"}},{\"@type\":\"ListItem\",\"@id\":\"https:\\\/\\\/www.eldigitaldeasturias.com\\\/noticias\\\/category\\\/revista-de-ocio\\\/#listItem\",\"position\":2,\"name\":\"Revista de Ocio\",\"item\":\"https:\\\/\\\/www.eldigitaldeasturias.com\\\/noticias\\\/category\\\/revista-de-ocio\\\/\",\"nextItem\":{\"@type\":\"ListItem\",\"@id\":\"https:\\\/\\\/www.eldigitaldeasturias.com\\\/noticias\\\/la-cineteca-ambulante-presenta-media-docena-de-peliculas-en-seis-municipios-asturianos\\\/#listItem\",\"name\":\"La Cineteca Ambulante presenta media docena de pel\\u00edculas en seis municipios asturianos\"},\"previousItem\":{\"@type\":\"ListItem\",\"@id\":\"https:\\\/\\\/www.eldigitaldeasturias.com\\\/noticias#listItem\",\"name\":\"Home\"}},{\"@type\":\"ListItem\",\"@id\":\"https:\\\/\\\/www.eldigitaldeasturias.com\\\/noticias\\\/la-cineteca-ambulante-presenta-media-docena-de-peliculas-en-seis-municipios-asturianos\\\/#listItem\",\"position\":3,\"name\":\"La Cineteca Ambulante presenta media docena de pel\\u00edculas en seis municipios asturianos\",\"previousItem\":{\"@type\":\"ListItem\",\"@id\":\"https:\\\/\\\/www.eldigitaldeasturias.com\\\/noticias\\\/category\\\/revista-de-ocio\\\/#listItem\",\"name\":\"Revista de Ocio\"}}]},{\"@type\":\"Organization\",\"@id\":\"https:\\\/\\\/www.eldigitaldeasturias.com\\\/noticias\\\/#organization\",\"name\":\"El Digital de Asturias\",\"description\":\"Hemeroteca\",\"url\":\"https:\\\/\\\/www.eldigitaldeasturias.com\\\/noticias\\\/\",\"email\":\"info@eldigitaldeasturias.com\",\"telephone\":\"+34652131393\",\"logo\":{\"@type\":\"ImageObject\",\"url\":\"https:\\\/\\\/www.eldigitaldeasturias.com\\\/noticias\\\/wp-content\\\/uploads\\\/2020\\\/12\\\/EDA.jpg\",\"@id\":\"https:\\\/\\\/www.eldigitaldeasturias.com\\\/noticias\\\/la-cineteca-ambulante-presenta-media-docena-de-peliculas-en-seis-municipios-asturianos\\\/#organizationLogo\",\"width\":649,\"height\":297},\"image\":{\"@id\":\"https:\\\/\\\/www.eldigitaldeasturias.com\\\/noticias\\\/la-cineteca-ambulante-presenta-media-docena-de-peliculas-en-seis-municipios-asturianos\\\/#organizationLogo\"},\"sameAs\":[\"https:\\\/\\\/facebook.com\\\/eldigitaldeasturias\",\"https:\\\/\\\/www.youtube.com\\\/channel\\\/UCZP-2wLEB9Rv6erhFmqVnvg\"],\"address\":{\"@id\":\"https:\\\/\\\/www.eldigitaldeasturias.com\\\/noticias\\\/#postaladdress\",\"@type\":\"PostalAddress\",\"streetAddress\":\"san antonio 4,\",\"postalCode\":\"33430\",\"addressLocality\":\"Cand\\u00e1s\",\"addressRegion\":\"Asturias\",\"addressCountry\":\"ES\"}},{\"@type\":\"Person\",\"@id\":\"https:\\\/\\\/www.eldigitaldeasturias.com\\\/noticias\\\/author\\\/admin\\\/#author\",\"url\":\"https:\\\/\\\/www.eldigitaldeasturias.com\\\/noticias\\\/author\\\/admin\\\/\",\"name\":\"El Digital de Asturias\",\"image\":{\"@type\":\"ImageObject\",\"@id\":\"https:\\\/\\\/www.eldigitaldeasturias.com\\\/noticias\\\/la-cineteca-ambulante-presenta-media-docena-de-peliculas-en-seis-municipios-asturianos\\\/#authorImage\",\"url\":\"https:\\\/\\\/www.eldigitaldeasturias.com\\\/noticias\\\/wp-content\\\/litespeed\\\/avatar\\\/18677e78aa0546b92d9dbf31ec7d7668.jpg?ver=1777290358\",\"width\":96,\"height\":96,\"caption\":\"El Digital de Asturias\"}},{\"@type\":\"WebPage\",\"@id\":\"https:\\\/\\\/www.eldigitaldeasturias.com\\\/noticias\\\/la-cineteca-ambulante-presenta-media-docena-de-peliculas-en-seis-municipios-asturianos\\\/#webpage\",\"url\":\"https:\\\/\\\/www.eldigitaldeasturias.com\\\/noticias\\\/la-cineteca-ambulante-presenta-media-docena-de-peliculas-en-seis-municipios-asturianos\\\/\",\"name\":\"La Cineteca Ambulante presenta media docena de pel\\u00edculas en seis municipios asturianos - El Digital de Asturias\",\"description\":\"Laboral Cineteca ha presentado el programa completo de 'La Cineteca Ambulante' que en su primera edici\\u00f3n comienza el pr\\u00f3ximo mes de octubre con un ciclo compuesto por seis de los mejores t\\u00edtulos del cine contempor\\u00e1neo. Las pel\\u00edculas, en versi\\u00f3n original subtitulada al castellano y con entrada gratuita, llegar\\u00e1n a los concejos de Vegadeo, Cangas del\",\"inLanguage\":\"es-ES\",\"isPartOf\":{\"@id\":\"https:\\\/\\\/www.eldigitaldeasturias.com\\\/noticias\\\/#website\"},\"breadcrumb\":{\"@id\":\"https:\\\/\\\/www.eldigitaldeasturias.com\\\/noticias\\\/la-cineteca-ambulante-presenta-media-docena-de-peliculas-en-seis-municipios-asturianos\\\/#breadcrumblist\"},\"author\":{\"@id\":\"https:\\\/\\\/www.eldigitaldeasturias.com\\\/noticias\\\/author\\\/admin\\\/#author\"},\"creator\":{\"@id\":\"https:\\\/\\\/www.eldigitaldeasturias.com\\\/noticias\\\/author\\\/admin\\\/#author\"},\"image\":{\"@type\":\"ImageObject\",\"url\":\"https:\\\/\\\/www.eldigitaldeasturias.com\\\/noticias\\\/wp-content\\\/uploads\\\/2015\\\/10\\\/cine.jpg\",\"@id\":\"https:\\\/\\\/www.eldigitaldeasturias.com\\\/noticias\\\/la-cineteca-ambulante-presenta-media-docena-de-peliculas-en-seis-municipios-asturianos\\\/#mainImage\",\"width\":800,\"height\":533},\"primaryImageOfPage\":{\"@id\":\"https:\\\/\\\/www.eldigitaldeasturias.com\\\/noticias\\\/la-cineteca-ambulante-presenta-media-docena-de-peliculas-en-seis-municipios-asturianos\\\/#mainImage\"},\"datePublished\":\"2016-09-05T23:58:38+02:00\",\"dateModified\":\"2016-09-05T23:58:38+02:00\"},{\"@type\":\"WebSite\",\"@id\":\"https:\\\/\\\/www.eldigitaldeasturias.com\\\/noticias\\\/#website\",\"url\":\"https:\\\/\\\/www.eldigitaldeasturias.com\\\/noticias\\\/\",\"name\":\"El Digital de Asturias - Diario de actualidad y noticias\",\"alternateName\":\"El Digital de Asturias - Diario de actualidad y noticias\",\"description\":\"Hemeroteca\",\"inLanguage\":\"es-ES\",\"publisher\":{\"@id\":\"https:\\\/\\\/www.eldigitaldeasturias.com\\\/noticias\\\/#organization\"}}]}\n\t\t<\/script>\n\t\t<!-- All in One SEO Pro -->\r\n\t\t<title>La Cineteca Ambulante presenta media docena de pel\u00edculas en seis municipios asturianos - El Digital de Asturias<\/title>\n\n","aioseo_head_json":{"title":"La Cineteca Ambulante presenta media docena de pel\u00edculas en seis municipios asturianos - El Digital de Asturias","description":"Laboral Cineteca ha presentado el programa completo de 'La Cineteca Ambulante' que en su primera edici\u00f3n comienza el pr\u00f3ximo mes de octubre con un ciclo compuesto por seis de los mejores t\u00edtulos del cine contempor\u00e1neo. Las pel\u00edculas, en versi\u00f3n original subtitulada al castellano y con entrada gratuita, llegar\u00e1n a los concejos de Vegadeo, Cangas del","canonical_url":"https:\/\/www.eldigitaldeasturias.com\/noticias\/la-cineteca-ambulante-presenta-media-docena-de-peliculas-en-seis-municipios-asturianos\/","robots":"max-image-preview:large","keywords":"revista de ocio","webmasterTools":{"google-site-verification":"UA-38556648-1","msvalidate.01":"7dfe9f3f1b24437ab69f4f2559babe99","miscellaneous":""},"schema":{"@context":"https:\/\/schema.org","@graph":[{"@type":"BlogPosting","@id":"https:\/\/www.eldigitaldeasturias.com\/noticias\/la-cineteca-ambulante-presenta-media-docena-de-peliculas-en-seis-municipios-asturianos\/#blogposting","name":"La Cineteca Ambulante presenta media docena de pel\u00edculas en seis municipios asturianos - El Digital de Asturias","headline":"La Cineteca Ambulante presenta media docena de pel\u00edculas en seis municipios asturianos","author":{"@id":"https:\/\/www.eldigitaldeasturias.com\/noticias\/author\/admin\/#author"},"publisher":{"@id":"https:\/\/www.eldigitaldeasturias.com\/noticias\/#organization"},"image":{"@type":"ImageObject","url":"https:\/\/www.eldigitaldeasturias.com\/noticias\/wp-content\/uploads\/2015\/10\/cine.jpg","width":800,"height":533},"datePublished":"2016-09-05T23:58:38+02:00","dateModified":"2016-09-05T23:58:38+02:00","inLanguage":"es-ES","mainEntityOfPage":{"@id":"https:\/\/www.eldigitaldeasturias.com\/noticias\/la-cineteca-ambulante-presenta-media-docena-de-peliculas-en-seis-municipios-asturianos\/#webpage"},"isPartOf":{"@id":"https:\/\/www.eldigitaldeasturias.com\/noticias\/la-cineteca-ambulante-presenta-media-docena-de-peliculas-en-seis-municipios-asturianos\/#webpage"},"articleSection":"Revista de Ocio"},{"@type":"BreadcrumbList","@id":"https:\/\/www.eldigitaldeasturias.com\/noticias\/la-cineteca-ambulante-presenta-media-docena-de-peliculas-en-seis-municipios-asturianos\/#breadcrumblist","itemListElement":[{"@type":"ListItem","@id":"https:\/\/www.eldigitaldeasturias.com\/noticias#listItem","position":1,"name":"Home","item":"https:\/\/www.eldigitaldeasturias.com\/noticias","nextItem":{"@type":"ListItem","@id":"https:\/\/www.eldigitaldeasturias.com\/noticias\/category\/revista-de-ocio\/#listItem","name":"Revista de Ocio"}},{"@type":"ListItem","@id":"https:\/\/www.eldigitaldeasturias.com\/noticias\/category\/revista-de-ocio\/#listItem","position":2,"name":"Revista de Ocio","item":"https:\/\/www.eldigitaldeasturias.com\/noticias\/category\/revista-de-ocio\/","nextItem":{"@type":"ListItem","@id":"https:\/\/www.eldigitaldeasturias.com\/noticias\/la-cineteca-ambulante-presenta-media-docena-de-peliculas-en-seis-municipios-asturianos\/#listItem","name":"La Cineteca Ambulante presenta media docena de pel\u00edculas en seis municipios asturianos"},"previousItem":{"@type":"ListItem","@id":"https:\/\/www.eldigitaldeasturias.com\/noticias#listItem","name":"Home"}},{"@type":"ListItem","@id":"https:\/\/www.eldigitaldeasturias.com\/noticias\/la-cineteca-ambulante-presenta-media-docena-de-peliculas-en-seis-municipios-asturianos\/#listItem","position":3,"name":"La Cineteca Ambulante presenta media docena de pel\u00edculas en seis municipios asturianos","previousItem":{"@type":"ListItem","@id":"https:\/\/www.eldigitaldeasturias.com\/noticias\/category\/revista-de-ocio\/#listItem","name":"Revista de Ocio"}}]},{"@type":"Organization","@id":"https:\/\/www.eldigitaldeasturias.com\/noticias\/#organization","name":"El Digital de Asturias","description":"Hemeroteca","url":"https:\/\/www.eldigitaldeasturias.com\/noticias\/","email":"info@eldigitaldeasturias.com","telephone":"+34652131393","logo":{"@type":"ImageObject","url":"https:\/\/www.eldigitaldeasturias.com\/noticias\/wp-content\/uploads\/2020\/12\/EDA.jpg","@id":"https:\/\/www.eldigitaldeasturias.com\/noticias\/la-cineteca-ambulante-presenta-media-docena-de-peliculas-en-seis-municipios-asturianos\/#organizationLogo","width":649,"height":297},"image":{"@id":"https:\/\/www.eldigitaldeasturias.com\/noticias\/la-cineteca-ambulante-presenta-media-docena-de-peliculas-en-seis-municipios-asturianos\/#organizationLogo"},"sameAs":["https:\/\/facebook.com\/eldigitaldeasturias","https:\/\/www.youtube.com\/channel\/UCZP-2wLEB9Rv6erhFmqVnvg"],"address":{"@id":"https:\/\/www.eldigitaldeasturias.com\/noticias\/#postaladdress","@type":"PostalAddress","streetAddress":"san antonio 4,","postalCode":"33430","addressLocality":"Cand\u00e1s","addressRegion":"Asturias","addressCountry":"ES"}},{"@type":"Person","@id":"https:\/\/www.eldigitaldeasturias.com\/noticias\/author\/admin\/#author","url":"https:\/\/www.eldigitaldeasturias.com\/noticias\/author\/admin\/","name":"El Digital de Asturias","image":{"@type":"ImageObject","@id":"https:\/\/www.eldigitaldeasturias.com\/noticias\/la-cineteca-ambulante-presenta-media-docena-de-peliculas-en-seis-municipios-asturianos\/#authorImage","url":"https:\/\/www.eldigitaldeasturias.com\/noticias\/wp-content\/litespeed\/avatar\/18677e78aa0546b92d9dbf31ec7d7668.jpg?ver=1777290358","width":96,"height":96,"caption":"El Digital de Asturias"}},{"@type":"WebPage","@id":"https:\/\/www.eldigitaldeasturias.com\/noticias\/la-cineteca-ambulante-presenta-media-docena-de-peliculas-en-seis-municipios-asturianos\/#webpage","url":"https:\/\/www.eldigitaldeasturias.com\/noticias\/la-cineteca-ambulante-presenta-media-docena-de-peliculas-en-seis-municipios-asturianos\/","name":"La Cineteca Ambulante presenta media docena de pel\u00edculas en seis municipios asturianos - El Digital de Asturias","description":"Laboral Cineteca ha presentado el programa completo de 'La Cineteca Ambulante' que en su primera edici\u00f3n comienza el pr\u00f3ximo mes de octubre con un ciclo compuesto por seis de los mejores t\u00edtulos del cine contempor\u00e1neo. Las pel\u00edculas, en versi\u00f3n original subtitulada al castellano y con entrada gratuita, llegar\u00e1n a los concejos de Vegadeo, Cangas del","inLanguage":"es-ES","isPartOf":{"@id":"https:\/\/www.eldigitaldeasturias.com\/noticias\/#website"},"breadcrumb":{"@id":"https:\/\/www.eldigitaldeasturias.com\/noticias\/la-cineteca-ambulante-presenta-media-docena-de-peliculas-en-seis-municipios-asturianos\/#breadcrumblist"},"author":{"@id":"https:\/\/www.eldigitaldeasturias.com\/noticias\/author\/admin\/#author"},"creator":{"@id":"https:\/\/www.eldigitaldeasturias.com\/noticias\/author\/admin\/#author"},"image":{"@type":"ImageObject","url":"https:\/\/www.eldigitaldeasturias.com\/noticias\/wp-content\/uploads\/2015\/10\/cine.jpg","@id":"https:\/\/www.eldigitaldeasturias.com\/noticias\/la-cineteca-ambulante-presenta-media-docena-de-peliculas-en-seis-municipios-asturianos\/#mainImage","width":800,"height":533},"primaryImageOfPage":{"@id":"https:\/\/www.eldigitaldeasturias.com\/noticias\/la-cineteca-ambulante-presenta-media-docena-de-peliculas-en-seis-municipios-asturianos\/#mainImage"},"datePublished":"2016-09-05T23:58:38+02:00","dateModified":"2016-09-05T23:58:38+02:00"},{"@type":"WebSite","@id":"https:\/\/www.eldigitaldeasturias.com\/noticias\/#website","url":"https:\/\/www.eldigitaldeasturias.com\/noticias\/","name":"El Digital de Asturias - Diario de actualidad y noticias","alternateName":"El Digital de Asturias - Diario de actualidad y noticias","description":"Hemeroteca","inLanguage":"es-ES","publisher":{"@id":"https:\/\/www.eldigitaldeasturias.com\/noticias\/#organization"}}]},"og:locale":"es_ES","og:site_name":"El Digital de Asturias","og:type":"article","og:title":"La Cineteca Ambulante presenta media docena de pel\u00edculas en seis municipios asturianos - El Digital de Asturias","og:description":"Laboral Cineteca ha presentado el programa completo de 'La Cineteca Ambulante' que en su primera edici\u00f3n comienza el pr\u00f3ximo mes de octubre con un ciclo compuesto por seis de los mejores t\u00edtulos del cine contempor\u00e1neo. Las pel\u00edculas, en versi\u00f3n original subtitulada al castellano y con entrada gratuita, llegar\u00e1n a los concejos de Vegadeo, Cangas del","og:url":"https:\/\/www.eldigitaldeasturias.com\/noticias\/la-cineteca-ambulante-presenta-media-docena-de-peliculas-en-seis-municipios-asturianos\/","og:image":"https:\/\/www.eldigitaldeasturias.com\/noticias\/wp-content\/uploads\/2015\/10\/cine.jpg","og:image:secure_url":"https:\/\/www.eldigitaldeasturias.com\/noticias\/wp-content\/uploads\/2015\/10\/cine.jpg","og:image:width":800,"og:image:height":533,"article:tag":["revista de ocio"],"article:published_time":"2016-09-05T22:58:38+00:00","article:modified_time":"2016-09-05T22:58:38+00:00","article:publisher":"https:\/\/facebook.com\/eldigitaldeasturias","twitter:card":"summary_large_image","twitter:title":"La Cineteca Ambulante presenta media docena de pel\u00edculas en seis municipios asturianos - El Digital de Asturias","twitter:description":"Laboral Cineteca ha presentado el programa completo de 'La Cineteca Ambulante' que en su primera edici\u00f3n comienza el pr\u00f3ximo mes de octubre con un ciclo compuesto por seis de los mejores t\u00edtulos del cine contempor\u00e1neo. Las pel\u00edculas, en versi\u00f3n original subtitulada al castellano y con entrada gratuita, llegar\u00e1n a los concejos de Vegadeo, Cangas del","twitter:image":"https:\/\/www.eldigitaldeasturias.com\/noticias\/wp-content\/uploads\/2015\/10\/cine.jpg","twitter:label1":"Escrito por","twitter:data1":"El Digital de Asturias","twitter:label2":"Tiempo de lectura estimado","twitter:data2":"2 minutos"},"aioseo_meta_data":{"post_id":"905959","title":null,"description":null,"keywords":null,"keyphrases":null,"primary_term":null,"canonical_url":null,"og_title":null,"og_description":null,"og_object_type":"default","og_image_type":"default","og_image_url":null,"og_image_width":null,"og_image_height":null,"og_image_custom_url":null,"og_image_custom_fields":null,"og_video":null,"og_custom_url":null,"og_article_section":null,"og_article_tags":null,"twitter_use_og":false,"twitter_card":"default","twitter_image_type":"default","twitter_image_url":null,"twitter_image_custom_url":null,"twitter_image_custom_fields":null,"twitter_title":null,"twitter_description":null,"schema":{"blockGraphs":[],"customGraphs":[],"default":{"data":{"Article":[],"Course":[],"Dataset":[],"FAQPage":[],"Movie":[],"Person":[],"Product":[],"ProductReview":[],"Car":[],"Recipe":[],"Service":[],"SoftwareApplication":[],"WebPage":[]},"graphName":"","isEnabled":true},"graphs":[],"defaultGraph":"","defaultPostTypeGraph":""},"schema_type":null,"schema_type_options":null,"pillar_content":false,"robots_default":true,"robots_noindex":false,"robots_noarchive":false,"robots_nosnippet":false,"robots_nofollow":false,"robots_noimageindex":false,"robots_noodp":false,"robots_notranslate":false,"robots_max_snippet":null,"robots_max_videopreview":null,"robots_max_imagepreview":"large","priority":null,"frequency":null,"local_seo":null,"seo_analyzer_scan_date":"2025-11-30 07:23:15","breadcrumb_settings":null,"limit_modified_date":false,"open_ai":null,"ai":null,"created":"2020-12-21 14:02:05","updated":"2025-11-30 07:23:15"},"aioseo_breadcrumb":"<div class=\"aioseo-breadcrumbs\"><span class=\"aioseo-breadcrumb\">\n\t<a href=\"https:\/\/www.eldigitaldeasturias.com\/noticias\" title=\"Home\">Home<\/a>\n<\/span><span class=\"aioseo-breadcrumb-separator\">\u2013<\/span><span class=\"aioseo-breadcrumb\">\n\t<a href=\"https:\/\/www.eldigitaldeasturias.com\/noticias\/category\/revista-de-ocio\/\" title=\"Revista de Ocio\">Revista de Ocio<\/a>\n<\/span><span class=\"aioseo-breadcrumb-separator\">\u2013<\/span><span class=\"aioseo-breadcrumb\">\n\t<a href=\"https:\/\/www.eldigitaldeasturias.com\/noticias\/la-cineteca-ambulante-presenta-media-docena-de-peliculas-en-seis-municipios-asturianos\/\" title=\"La Cineteca Ambulante presenta media docena de pel\u00edculas en seis municipios asturianos\">La Cineteca Ambulante presenta media docena de pel\u00edculas en seis municipios asturianos<\/a>\n<\/span><\/div>","aioseo_breadcrumb_json":[{"label":"Home","link":"https:\/\/www.eldigitaldeasturias.com\/noticias"},{"label":"Revista de Ocio","link":"https:\/\/www.eldigitaldeasturias.com\/noticias\/category\/revista-de-ocio\/"},{"label":"La Cineteca Ambulante presenta media docena de pel\u00edculas en seis municipios asturianos","link":"https:\/\/www.eldigitaldeasturias.com\/noticias\/la-cineteca-ambulante-presenta-media-docena-de-peliculas-en-seis-municipios-asturianos\/"}],"_links":{"self":[{"href":"https:\/\/www.eldigitaldeasturias.com\/noticias\/wp-json\/wp\/v2\/posts\/905959","targetHints":{"allow":["GET"]}}],"collection":[{"href":"https:\/\/www.eldigitaldeasturias.com\/noticias\/wp-json\/wp\/v2\/posts"}],"about":[{"href":"https:\/\/www.eldigitaldeasturias.com\/noticias\/wp-json\/wp\/v2\/types\/post"}],"author":[{"embeddable":true,"href":"https:\/\/www.eldigitaldeasturias.com\/noticias\/wp-json\/wp\/v2\/users\/1"}],"replies":[{"embeddable":true,"href":"https:\/\/www.eldigitaldeasturias.com\/noticias\/wp-json\/wp\/v2\/comments?post=905959"}],"version-history":[{"count":0,"href":"https:\/\/www.eldigitaldeasturias.com\/noticias\/wp-json\/wp\/v2\/posts\/905959\/revisions"}],"wp:featuredmedia":[{"embeddable":true,"href":"https:\/\/www.eldigitaldeasturias.com\/noticias\/wp-json\/wp\/v2\/media\/818074"}],"wp:attachment":[{"href":"https:\/\/www.eldigitaldeasturias.com\/noticias\/wp-json\/wp\/v2\/media?parent=905959"}],"wp:term":[{"taxonomy":"category","embeddable":true,"href":"https:\/\/www.eldigitaldeasturias.com\/noticias\/wp-json\/wp\/v2\/categories?post=905959"},{"taxonomy":"post_tag","embeddable":true,"href":"https:\/\/www.eldigitaldeasturias.com\/noticias\/wp-json\/wp\/v2\/tags?post=905959"}],"curies":[{"name":"wp","href":"https:\/\/api.w.org\/{rel}","templated":true}]}}