{"id":905953,"date":"2016-09-05T23:45:16","date_gmt":"2016-09-05T22:45:16","guid":{"rendered":"http:\/\/www.eldigitaldeasturias.com\/noticias\/?p=905953"},"modified":"2016-09-05T23:45:16","modified_gmt":"2016-09-05T22:45:16","slug":"el-sector-metalurgico-impulsara-la-contratacion-en-asturias-hasta-final-de-ano","status":"publish","type":"post","link":"https:\/\/www.eldigitaldeasturias.com\/noticias\/el-sector-metalurgico-impulsara-la-contratacion-en-asturias-hasta-final-de-ano\/","title":{"rendered":"El sector metal\u00fargico impulsar\u00e1 la contrataci\u00f3n en Asturias hasta final de a\u00f1o"},"content":{"rendered":"<p><img loading=\"lazy\" decoding=\"async\" class=\"alignleft size-medium wp-image-905954\" src=\"https:\/\/www.eldigitaldeasturias.com\/noticias\/wp-content\/uploads\/2016\/09\/fotonoticia_20160905120905_800-360x270.jpg\" alt=\"fotonoticia_20160905120905_800\" width=\"360\" height=\"270\" srcset=\"https:\/\/www.eldigitaldeasturias.com\/noticias\/wp-content\/uploads\/2016\/09\/fotonoticia_20160905120905_800-360x270.jpg 360w, https:\/\/www.eldigitaldeasturias.com\/noticias\/wp-content\/uploads\/2016\/09\/fotonoticia_20160905120905_800-768x576.jpg 768w, https:\/\/www.eldigitaldeasturias.com\/noticias\/wp-content\/uploads\/2016\/09\/fotonoticia_20160905120905_800-650x488.jpg 650w, https:\/\/www.eldigitaldeasturias.com\/noticias\/wp-content\/uploads\/2016\/09\/fotonoticia_20160905120905_800-125x95.jpg 125w, https:\/\/www.eldigitaldeasturias.com\/noticias\/wp-content\/uploads\/2016\/09\/fotonoticia_20160905120905_800-100x75.jpg 100w, https:\/\/www.eldigitaldeasturias.com\/noticias\/wp-content\/uploads\/2016\/09\/fotonoticia_20160905120905_800.jpg 800w\" sizes=\"auto, (max-width: 360px) 100vw, 360px\" \/>Los perfiles m\u00e1s solicitados por las compa\u00f1\u00edas hasta final de a\u00f1o en el Principado de Asturias estar\u00e1n vinculados, principalmente, al sector del metal, seg\u00fan un an\u00e1lisis efectuado por la empresa de recursos humanos, Randstad.<\/p>\n<p>El estudio enfatiza que los perfiles m\u00e1s solicitados por las compa\u00f1\u00edas de la regi\u00f3n estar\u00e1n vinculados, principalmente, al sector del metal, si bien otros como comercio, banca o call center tambi\u00e9n necesitan incorporar nuevos profesionales.<\/p>\n<p>En primer lugar, desde Ranstad han destacado la importancia del sector metal\u00fargico dentro de la econom\u00eda regional, tanto en la generaci\u00f3n de riqueza como de nuevos puestos de trabajo. Este sector supone el 11% del PIB y el 32% de la actividad industrial en la regi\u00f3n, y \u00abseguir\u00e1 siendo uno de los motores de la recuperaci\u00f3n de las tasas de empleo en Asturias\u00bb.<\/p>\n<p>Soldadores, caldereros y personal para mecanizad son los profesionales m\u00e1s buscados y los procesos de selecci\u00f3n son cada vez m\u00e1s dif\u00edciles por la elevada demanda y la ausencia de perfiles espec\u00edficos, con lo que determinadas empresas los est\u00e1n buscando ya en otras regiones.<\/p>\n<p>En el sector servicios, se buscar\u00e1n comerciales y promotores, para incrementar el volumen de negocio de comercios y empresas. Tambi\u00e9n la banca, cuyas previsiones de comportamiento en el mercado laboral son positivas.<\/p>\n<p>Por \u00faltimo, desde Randstad se ha detectado un incremento de puestos relacionados con call center y atenci\u00f3n al cliente. En estos casos, el conocimiento de idiomas es determinante, siendo indispensable el ingl\u00e9s y muy valorable un tercer idioma.<\/p>\n<p>&nbsp;<\/p>\n<p>&nbsp;<\/p>\n<p>&nbsp;<\/p>\n","protected":false},"excerpt":{"rendered":"<p>Los perfiles m\u00e1s solicitados por las compa\u00f1\u00edas hasta final de a\u00f1o en el Principado de Asturias estar\u00e1n vinculados, principalmente, al sector del metal, seg\u00fan un an\u00e1lisis efectuado por la empresa de recursos humanos, Randstad. El estudio enfatiza que los perfiles m\u00e1s solicitados por las compa\u00f1\u00edas de la regi\u00f3n estar\u00e1n vinculados, principalmente, al sector del metal, [&hellip;]<\/p>\n","protected":false},"author":1,"featured_media":905954,"comment_status":"closed","ping_status":"closed","sticky":false,"template":"","format":"standard","meta":{"footnotes":""},"categories":[12],"tags":[],"class_list":["post-905953","post","type-post","status-publish","format-standard","has-post-thumbnail","hentry","category-actualidad-asturias"],"aioseo_notices":[],"aioseo_head":"\n\t\t<!-- All in One SEO Pro 4.9.6.2 - aioseo.com -->\n\t<meta name=\"description\" content=\"Los perfiles m\u00e1s solicitados por las compa\u00f1\u00edas hasta final de a\u00f1o en el Principado de Asturias estar\u00e1n vinculados, principalmente, al sector del metal, seg\u00fan un an\u00e1lisis efectuado por la empresa de recursos humanos, Randstad. El estudio enfatiza que los perfiles m\u00e1s solicitados por las compa\u00f1\u00edas de la regi\u00f3n estar\u00e1n vinculados, principalmente, al sector del metal,\" \/>\n\t<meta name=\"robots\" content=\"max-image-preview:large\" \/>\n\t<meta name=\"author\" content=\"El Digital de Asturias\"\/>\n\t<meta name=\"google-site-verification\" content=\"UA-38556648-1\" \/>\n\t<meta name=\"msvalidate.01\" content=\"7dfe9f3f1b24437ab69f4f2559babe99\" \/>\n\t<meta name=\"keywords\" content=\"actualidad asturias\" \/>\n\t<link rel=\"canonical\" href=\"https:\/\/www.eldigitaldeasturias.com\/noticias\/el-sector-metalurgico-impulsara-la-contratacion-en-asturias-hasta-final-de-ano\/\" \/>\n\t<meta name=\"generator\" content=\"All in One SEO Pro (AIOSEO) 4.9.6.2\" \/>\n\t\t<meta property=\"og:locale\" content=\"es_ES\" \/>\n\t\t<meta property=\"og:site_name\" content=\"El Digital de Asturias\" \/>\n\t\t<meta property=\"og:type\" content=\"article\" \/>\n\t\t<meta property=\"og:title\" content=\"El sector metal\u00fargico impulsar\u00e1 la contrataci\u00f3n en Asturias hasta final de a\u00f1o - El Digital de Asturias\" \/>\n\t\t<meta property=\"og:description\" content=\"Los perfiles m\u00e1s solicitados por las compa\u00f1\u00edas hasta final de a\u00f1o en el Principado de Asturias estar\u00e1n vinculados, principalmente, al sector del metal, seg\u00fan un an\u00e1lisis efectuado por la empresa de recursos humanos, Randstad. El estudio enfatiza que los perfiles m\u00e1s solicitados por las compa\u00f1\u00edas de la regi\u00f3n estar\u00e1n vinculados, principalmente, al sector del metal,\" \/>\n\t\t<meta property=\"og:url\" content=\"https:\/\/www.eldigitaldeasturias.com\/noticias\/el-sector-metalurgico-impulsara-la-contratacion-en-asturias-hasta-final-de-ano\/\" \/>\n\t\t<meta property=\"og:image\" content=\"https:\/\/www.eldigitaldeasturias.com\/noticias\/wp-content\/uploads\/2016\/09\/fotonoticia_20160905120905_800.jpg\" \/>\n\t\t<meta property=\"og:image:secure_url\" content=\"https:\/\/www.eldigitaldeasturias.com\/noticias\/wp-content\/uploads\/2016\/09\/fotonoticia_20160905120905_800.jpg\" \/>\n\t\t<meta property=\"og:image:width\" content=\"800\" \/>\n\t\t<meta property=\"og:image:height\" content=\"600\" \/>\n\t\t<meta property=\"article:tag\" content=\"actualidad asturias\" \/>\n\t\t<meta property=\"article:published_time\" content=\"2016-09-05T22:45:16+00:00\" \/>\n\t\t<meta property=\"article:modified_time\" content=\"2016-09-05T22:45:16+00:00\" \/>\n\t\t<meta property=\"article:publisher\" content=\"https:\/\/facebook.com\/eldigitaldeasturias\" \/>\n\t\t<meta name=\"twitter:card\" content=\"summary_large_image\" \/>\n\t\t<meta name=\"twitter:title\" content=\"El sector metal\u00fargico impulsar\u00e1 la contrataci\u00f3n en Asturias hasta final de a\u00f1o - El Digital de Asturias\" \/>\n\t\t<meta name=\"twitter:description\" content=\"Los perfiles m\u00e1s solicitados por las compa\u00f1\u00edas hasta final de a\u00f1o en el Principado de Asturias estar\u00e1n vinculados, principalmente, al sector del metal, seg\u00fan un an\u00e1lisis efectuado por la empresa de recursos humanos, Randstad. El estudio enfatiza que los perfiles m\u00e1s solicitados por las compa\u00f1\u00edas de la regi\u00f3n estar\u00e1n vinculados, principalmente, al sector del metal,\" \/>\n\t\t<meta name=\"twitter:image\" content=\"https:\/\/www.eldigitaldeasturias.com\/noticias\/wp-content\/uploads\/2016\/09\/fotonoticia_20160905120905_800.jpg\" \/>\n\t\t<meta name=\"twitter:label1\" content=\"Escrito por\" \/>\n\t\t<meta name=\"twitter:data1\" content=\"El Digital de Asturias\" \/>\n\t\t<meta name=\"twitter:label2\" content=\"Tiempo de lectura estimado\" \/>\n\t\t<meta name=\"twitter:data2\" content=\"1 minuto\" \/>\n\t\t<script type=\"application\/ld+json\" class=\"aioseo-schema\">\n\t\t\t{\"@context\":\"https:\\\/\\\/schema.org\",\"@graph\":[{\"@type\":\"BlogPosting\",\"@id\":\"https:\\\/\\\/www.eldigitaldeasturias.com\\\/noticias\\\/el-sector-metalurgico-impulsara-la-contratacion-en-asturias-hasta-final-de-ano\\\/#blogposting\",\"name\":\"El sector metal\\u00fargico impulsar\\u00e1 la contrataci\\u00f3n en Asturias hasta final de a\\u00f1o - El Digital de Asturias\",\"headline\":\"El sector metal\\u00fargico impulsar\\u00e1 la contrataci\\u00f3n en Asturias hasta final de a\\u00f1o\",\"author\":{\"@id\":\"https:\\\/\\\/www.eldigitaldeasturias.com\\\/noticias\\\/author\\\/admin\\\/#author\"},\"publisher\":{\"@id\":\"https:\\\/\\\/www.eldigitaldeasturias.com\\\/noticias\\\/#organization\"},\"image\":{\"@type\":\"ImageObject\",\"url\":\"https:\\\/\\\/www.eldigitaldeasturias.com\\\/noticias\\\/wp-content\\\/uploads\\\/2016\\\/09\\\/fotonoticia_20160905120905_800.jpg\",\"width\":800,\"height\":600},\"datePublished\":\"2016-09-05T23:45:16+02:00\",\"dateModified\":\"2016-09-05T23:45:16+02:00\",\"inLanguage\":\"es-ES\",\"mainEntityOfPage\":{\"@id\":\"https:\\\/\\\/www.eldigitaldeasturias.com\\\/noticias\\\/el-sector-metalurgico-impulsara-la-contratacion-en-asturias-hasta-final-de-ano\\\/#webpage\"},\"isPartOf\":{\"@id\":\"https:\\\/\\\/www.eldigitaldeasturias.com\\\/noticias\\\/el-sector-metalurgico-impulsara-la-contratacion-en-asturias-hasta-final-de-ano\\\/#webpage\"},\"articleSection\":\"Actualidad Asturias\"},{\"@type\":\"BreadcrumbList\",\"@id\":\"https:\\\/\\\/www.eldigitaldeasturias.com\\\/noticias\\\/el-sector-metalurgico-impulsara-la-contratacion-en-asturias-hasta-final-de-ano\\\/#breadcrumblist\",\"itemListElement\":[{\"@type\":\"ListItem\",\"@id\":\"https:\\\/\\\/www.eldigitaldeasturias.com\\\/noticias#listItem\",\"position\":1,\"name\":\"Home\",\"item\":\"https:\\\/\\\/www.eldigitaldeasturias.com\\\/noticias\",\"nextItem\":{\"@type\":\"ListItem\",\"@id\":\"https:\\\/\\\/www.eldigitaldeasturias.com\\\/noticias\\\/category\\\/actualidad-asturias\\\/#listItem\",\"name\":\"Actualidad Asturias\"}},{\"@type\":\"ListItem\",\"@id\":\"https:\\\/\\\/www.eldigitaldeasturias.com\\\/noticias\\\/category\\\/actualidad-asturias\\\/#listItem\",\"position\":2,\"name\":\"Actualidad Asturias\",\"item\":\"https:\\\/\\\/www.eldigitaldeasturias.com\\\/noticias\\\/category\\\/actualidad-asturias\\\/\",\"nextItem\":{\"@type\":\"ListItem\",\"@id\":\"https:\\\/\\\/www.eldigitaldeasturias.com\\\/noticias\\\/el-sector-metalurgico-impulsara-la-contratacion-en-asturias-hasta-final-de-ano\\\/#listItem\",\"name\":\"El sector metal\\u00fargico impulsar\\u00e1 la contrataci\\u00f3n en Asturias hasta final de a\\u00f1o\"},\"previousItem\":{\"@type\":\"ListItem\",\"@id\":\"https:\\\/\\\/www.eldigitaldeasturias.com\\\/noticias#listItem\",\"name\":\"Home\"}},{\"@type\":\"ListItem\",\"@id\":\"https:\\\/\\\/www.eldigitaldeasturias.com\\\/noticias\\\/el-sector-metalurgico-impulsara-la-contratacion-en-asturias-hasta-final-de-ano\\\/#listItem\",\"position\":3,\"name\":\"El sector metal\\u00fargico impulsar\\u00e1 la contrataci\\u00f3n en Asturias hasta final de a\\u00f1o\",\"previousItem\":{\"@type\":\"ListItem\",\"@id\":\"https:\\\/\\\/www.eldigitaldeasturias.com\\\/noticias\\\/category\\\/actualidad-asturias\\\/#listItem\",\"name\":\"Actualidad Asturias\"}}]},{\"@type\":\"Organization\",\"@id\":\"https:\\\/\\\/www.eldigitaldeasturias.com\\\/noticias\\\/#organization\",\"name\":\"El Digital de Asturias\",\"description\":\"Hemeroteca\",\"url\":\"https:\\\/\\\/www.eldigitaldeasturias.com\\\/noticias\\\/\",\"email\":\"info@eldigitaldeasturias.com\",\"telephone\":\"+34652131393\",\"logo\":{\"@type\":\"ImageObject\",\"url\":\"https:\\\/\\\/www.eldigitaldeasturias.com\\\/noticias\\\/wp-content\\\/uploads\\\/2020\\\/12\\\/EDA.jpg\",\"@id\":\"https:\\\/\\\/www.eldigitaldeasturias.com\\\/noticias\\\/el-sector-metalurgico-impulsara-la-contratacion-en-asturias-hasta-final-de-ano\\\/#organizationLogo\",\"width\":649,\"height\":297},\"image\":{\"@id\":\"https:\\\/\\\/www.eldigitaldeasturias.com\\\/noticias\\\/el-sector-metalurgico-impulsara-la-contratacion-en-asturias-hasta-final-de-ano\\\/#organizationLogo\"},\"sameAs\":[\"https:\\\/\\\/facebook.com\\\/eldigitaldeasturias\",\"https:\\\/\\\/www.youtube.com\\\/channel\\\/UCZP-2wLEB9Rv6erhFmqVnvg\"],\"address\":{\"@id\":\"https:\\\/\\\/www.eldigitaldeasturias.com\\\/noticias\\\/#postaladdress\",\"@type\":\"PostalAddress\",\"streetAddress\":\"san antonio 4,\",\"postalCode\":\"33430\",\"addressLocality\":\"Cand\\u00e1s\",\"addressRegion\":\"Asturias\",\"addressCountry\":\"ES\"}},{\"@type\":\"Person\",\"@id\":\"https:\\\/\\\/www.eldigitaldeasturias.com\\\/noticias\\\/author\\\/admin\\\/#author\",\"url\":\"https:\\\/\\\/www.eldigitaldeasturias.com\\\/noticias\\\/author\\\/admin\\\/\",\"name\":\"El Digital de Asturias\",\"image\":{\"@type\":\"ImageObject\",\"@id\":\"https:\\\/\\\/www.eldigitaldeasturias.com\\\/noticias\\\/el-sector-metalurgico-impulsara-la-contratacion-en-asturias-hasta-final-de-ano\\\/#authorImage\",\"url\":\"https:\\\/\\\/www.eldigitaldeasturias.com\\\/noticias\\\/wp-content\\\/litespeed\\\/avatar\\\/18677e78aa0546b92d9dbf31ec7d7668.jpg?ver=1777290358\",\"width\":96,\"height\":96,\"caption\":\"El Digital de Asturias\"}},{\"@type\":\"WebPage\",\"@id\":\"https:\\\/\\\/www.eldigitaldeasturias.com\\\/noticias\\\/el-sector-metalurgico-impulsara-la-contratacion-en-asturias-hasta-final-de-ano\\\/#webpage\",\"url\":\"https:\\\/\\\/www.eldigitaldeasturias.com\\\/noticias\\\/el-sector-metalurgico-impulsara-la-contratacion-en-asturias-hasta-final-de-ano\\\/\",\"name\":\"El sector metal\\u00fargico impulsar\\u00e1 la contrataci\\u00f3n en Asturias hasta final de a\\u00f1o - El Digital de Asturias\",\"description\":\"Los perfiles m\\u00e1s solicitados por las compa\\u00f1\\u00edas hasta final de a\\u00f1o en el Principado de Asturias estar\\u00e1n vinculados, principalmente, al sector del metal, seg\\u00fan un an\\u00e1lisis efectuado por la empresa de recursos humanos, Randstad. El estudio enfatiza que los perfiles m\\u00e1s solicitados por las compa\\u00f1\\u00edas de la regi\\u00f3n estar\\u00e1n vinculados, principalmente, al sector del metal,\",\"inLanguage\":\"es-ES\",\"isPartOf\":{\"@id\":\"https:\\\/\\\/www.eldigitaldeasturias.com\\\/noticias\\\/#website\"},\"breadcrumb\":{\"@id\":\"https:\\\/\\\/www.eldigitaldeasturias.com\\\/noticias\\\/el-sector-metalurgico-impulsara-la-contratacion-en-asturias-hasta-final-de-ano\\\/#breadcrumblist\"},\"author\":{\"@id\":\"https:\\\/\\\/www.eldigitaldeasturias.com\\\/noticias\\\/author\\\/admin\\\/#author\"},\"creator\":{\"@id\":\"https:\\\/\\\/www.eldigitaldeasturias.com\\\/noticias\\\/author\\\/admin\\\/#author\"},\"image\":{\"@type\":\"ImageObject\",\"url\":\"https:\\\/\\\/www.eldigitaldeasturias.com\\\/noticias\\\/wp-content\\\/uploads\\\/2016\\\/09\\\/fotonoticia_20160905120905_800.jpg\",\"@id\":\"https:\\\/\\\/www.eldigitaldeasturias.com\\\/noticias\\\/el-sector-metalurgico-impulsara-la-contratacion-en-asturias-hasta-final-de-ano\\\/#mainImage\",\"width\":800,\"height\":600},\"primaryImageOfPage\":{\"@id\":\"https:\\\/\\\/www.eldigitaldeasturias.com\\\/noticias\\\/el-sector-metalurgico-impulsara-la-contratacion-en-asturias-hasta-final-de-ano\\\/#mainImage\"},\"datePublished\":\"2016-09-05T23:45:16+02:00\",\"dateModified\":\"2016-09-05T23:45:16+02:00\"},{\"@type\":\"WebSite\",\"@id\":\"https:\\\/\\\/www.eldigitaldeasturias.com\\\/noticias\\\/#website\",\"url\":\"https:\\\/\\\/www.eldigitaldeasturias.com\\\/noticias\\\/\",\"name\":\"El Digital de Asturias - Diario de actualidad y noticias\",\"alternateName\":\"El Digital de Asturias - Diario de actualidad y noticias\",\"description\":\"Hemeroteca\",\"inLanguage\":\"es-ES\",\"publisher\":{\"@id\":\"https:\\\/\\\/www.eldigitaldeasturias.com\\\/noticias\\\/#organization\"}}]}\n\t\t<\/script>\n\t\t<!-- All in One SEO Pro -->\r\n\t\t<title>El sector metal\u00fargico impulsar\u00e1 la contrataci\u00f3n en Asturias hasta final de a\u00f1o - El Digital de Asturias<\/title>\n\n","aioseo_head_json":{"title":"El sector metal\u00fargico impulsar\u00e1 la contrataci\u00f3n en Asturias hasta final de a\u00f1o - El Digital de Asturias","description":"Los perfiles m\u00e1s solicitados por las compa\u00f1\u00edas hasta final de a\u00f1o en el Principado de Asturias estar\u00e1n vinculados, principalmente, al sector del metal, seg\u00fan un an\u00e1lisis efectuado por la empresa de recursos humanos, Randstad. El estudio enfatiza que los perfiles m\u00e1s solicitados por las compa\u00f1\u00edas de la regi\u00f3n estar\u00e1n vinculados, principalmente, al sector del metal,","canonical_url":"https:\/\/www.eldigitaldeasturias.com\/noticias\/el-sector-metalurgico-impulsara-la-contratacion-en-asturias-hasta-final-de-ano\/","robots":"max-image-preview:large","keywords":"actualidad asturias","webmasterTools":{"google-site-verification":"UA-38556648-1","msvalidate.01":"7dfe9f3f1b24437ab69f4f2559babe99","miscellaneous":""},"schema":{"@context":"https:\/\/schema.org","@graph":[{"@type":"BlogPosting","@id":"https:\/\/www.eldigitaldeasturias.com\/noticias\/el-sector-metalurgico-impulsara-la-contratacion-en-asturias-hasta-final-de-ano\/#blogposting","name":"El sector metal\u00fargico impulsar\u00e1 la contrataci\u00f3n en Asturias hasta final de a\u00f1o - El Digital de Asturias","headline":"El sector metal\u00fargico impulsar\u00e1 la contrataci\u00f3n en Asturias hasta final de a\u00f1o","author":{"@id":"https:\/\/www.eldigitaldeasturias.com\/noticias\/author\/admin\/#author"},"publisher":{"@id":"https:\/\/www.eldigitaldeasturias.com\/noticias\/#organization"},"image":{"@type":"ImageObject","url":"https:\/\/www.eldigitaldeasturias.com\/noticias\/wp-content\/uploads\/2016\/09\/fotonoticia_20160905120905_800.jpg","width":800,"height":600},"datePublished":"2016-09-05T23:45:16+02:00","dateModified":"2016-09-05T23:45:16+02:00","inLanguage":"es-ES","mainEntityOfPage":{"@id":"https:\/\/www.eldigitaldeasturias.com\/noticias\/el-sector-metalurgico-impulsara-la-contratacion-en-asturias-hasta-final-de-ano\/#webpage"},"isPartOf":{"@id":"https:\/\/www.eldigitaldeasturias.com\/noticias\/el-sector-metalurgico-impulsara-la-contratacion-en-asturias-hasta-final-de-ano\/#webpage"},"articleSection":"Actualidad Asturias"},{"@type":"BreadcrumbList","@id":"https:\/\/www.eldigitaldeasturias.com\/noticias\/el-sector-metalurgico-impulsara-la-contratacion-en-asturias-hasta-final-de-ano\/#breadcrumblist","itemListElement":[{"@type":"ListItem","@id":"https:\/\/www.eldigitaldeasturias.com\/noticias#listItem","position":1,"name":"Home","item":"https:\/\/www.eldigitaldeasturias.com\/noticias","nextItem":{"@type":"ListItem","@id":"https:\/\/www.eldigitaldeasturias.com\/noticias\/category\/actualidad-asturias\/#listItem","name":"Actualidad Asturias"}},{"@type":"ListItem","@id":"https:\/\/www.eldigitaldeasturias.com\/noticias\/category\/actualidad-asturias\/#listItem","position":2,"name":"Actualidad Asturias","item":"https:\/\/www.eldigitaldeasturias.com\/noticias\/category\/actualidad-asturias\/","nextItem":{"@type":"ListItem","@id":"https:\/\/www.eldigitaldeasturias.com\/noticias\/el-sector-metalurgico-impulsara-la-contratacion-en-asturias-hasta-final-de-ano\/#listItem","name":"El sector metal\u00fargico impulsar\u00e1 la contrataci\u00f3n en Asturias hasta final de a\u00f1o"},"previousItem":{"@type":"ListItem","@id":"https:\/\/www.eldigitaldeasturias.com\/noticias#listItem","name":"Home"}},{"@type":"ListItem","@id":"https:\/\/www.eldigitaldeasturias.com\/noticias\/el-sector-metalurgico-impulsara-la-contratacion-en-asturias-hasta-final-de-ano\/#listItem","position":3,"name":"El sector metal\u00fargico impulsar\u00e1 la contrataci\u00f3n en Asturias hasta final de a\u00f1o","previousItem":{"@type":"ListItem","@id":"https:\/\/www.eldigitaldeasturias.com\/noticias\/category\/actualidad-asturias\/#listItem","name":"Actualidad Asturias"}}]},{"@type":"Organization","@id":"https:\/\/www.eldigitaldeasturias.com\/noticias\/#organization","name":"El Digital de Asturias","description":"Hemeroteca","url":"https:\/\/www.eldigitaldeasturias.com\/noticias\/","email":"info@eldigitaldeasturias.com","telephone":"+34652131393","logo":{"@type":"ImageObject","url":"https:\/\/www.eldigitaldeasturias.com\/noticias\/wp-content\/uploads\/2020\/12\/EDA.jpg","@id":"https:\/\/www.eldigitaldeasturias.com\/noticias\/el-sector-metalurgico-impulsara-la-contratacion-en-asturias-hasta-final-de-ano\/#organizationLogo","width":649,"height":297},"image":{"@id":"https:\/\/www.eldigitaldeasturias.com\/noticias\/el-sector-metalurgico-impulsara-la-contratacion-en-asturias-hasta-final-de-ano\/#organizationLogo"},"sameAs":["https:\/\/facebook.com\/eldigitaldeasturias","https:\/\/www.youtube.com\/channel\/UCZP-2wLEB9Rv6erhFmqVnvg"],"address":{"@id":"https:\/\/www.eldigitaldeasturias.com\/noticias\/#postaladdress","@type":"PostalAddress","streetAddress":"san antonio 4,","postalCode":"33430","addressLocality":"Cand\u00e1s","addressRegion":"Asturias","addressCountry":"ES"}},{"@type":"Person","@id":"https:\/\/www.eldigitaldeasturias.com\/noticias\/author\/admin\/#author","url":"https:\/\/www.eldigitaldeasturias.com\/noticias\/author\/admin\/","name":"El Digital de Asturias","image":{"@type":"ImageObject","@id":"https:\/\/www.eldigitaldeasturias.com\/noticias\/el-sector-metalurgico-impulsara-la-contratacion-en-asturias-hasta-final-de-ano\/#authorImage","url":"https:\/\/www.eldigitaldeasturias.com\/noticias\/wp-content\/litespeed\/avatar\/18677e78aa0546b92d9dbf31ec7d7668.jpg?ver=1777290358","width":96,"height":96,"caption":"El Digital de Asturias"}},{"@type":"WebPage","@id":"https:\/\/www.eldigitaldeasturias.com\/noticias\/el-sector-metalurgico-impulsara-la-contratacion-en-asturias-hasta-final-de-ano\/#webpage","url":"https:\/\/www.eldigitaldeasturias.com\/noticias\/el-sector-metalurgico-impulsara-la-contratacion-en-asturias-hasta-final-de-ano\/","name":"El sector metal\u00fargico impulsar\u00e1 la contrataci\u00f3n en Asturias hasta final de a\u00f1o - El Digital de Asturias","description":"Los perfiles m\u00e1s solicitados por las compa\u00f1\u00edas hasta final de a\u00f1o en el Principado de Asturias estar\u00e1n vinculados, principalmente, al sector del metal, seg\u00fan un an\u00e1lisis efectuado por la empresa de recursos humanos, Randstad. El estudio enfatiza que los perfiles m\u00e1s solicitados por las compa\u00f1\u00edas de la regi\u00f3n estar\u00e1n vinculados, principalmente, al sector del metal,","inLanguage":"es-ES","isPartOf":{"@id":"https:\/\/www.eldigitaldeasturias.com\/noticias\/#website"},"breadcrumb":{"@id":"https:\/\/www.eldigitaldeasturias.com\/noticias\/el-sector-metalurgico-impulsara-la-contratacion-en-asturias-hasta-final-de-ano\/#breadcrumblist"},"author":{"@id":"https:\/\/www.eldigitaldeasturias.com\/noticias\/author\/admin\/#author"},"creator":{"@id":"https:\/\/www.eldigitaldeasturias.com\/noticias\/author\/admin\/#author"},"image":{"@type":"ImageObject","url":"https:\/\/www.eldigitaldeasturias.com\/noticias\/wp-content\/uploads\/2016\/09\/fotonoticia_20160905120905_800.jpg","@id":"https:\/\/www.eldigitaldeasturias.com\/noticias\/el-sector-metalurgico-impulsara-la-contratacion-en-asturias-hasta-final-de-ano\/#mainImage","width":800,"height":600},"primaryImageOfPage":{"@id":"https:\/\/www.eldigitaldeasturias.com\/noticias\/el-sector-metalurgico-impulsara-la-contratacion-en-asturias-hasta-final-de-ano\/#mainImage"},"datePublished":"2016-09-05T23:45:16+02:00","dateModified":"2016-09-05T23:45:16+02:00"},{"@type":"WebSite","@id":"https:\/\/www.eldigitaldeasturias.com\/noticias\/#website","url":"https:\/\/www.eldigitaldeasturias.com\/noticias\/","name":"El Digital de Asturias - Diario de actualidad y noticias","alternateName":"El Digital de Asturias - Diario de actualidad y noticias","description":"Hemeroteca","inLanguage":"es-ES","publisher":{"@id":"https:\/\/www.eldigitaldeasturias.com\/noticias\/#organization"}}]},"og:locale":"es_ES","og:site_name":"El Digital de Asturias","og:type":"article","og:title":"El sector metal\u00fargico impulsar\u00e1 la contrataci\u00f3n en Asturias hasta final de a\u00f1o - El Digital de Asturias","og:description":"Los perfiles m\u00e1s solicitados por las compa\u00f1\u00edas hasta final de a\u00f1o en el Principado de Asturias estar\u00e1n vinculados, principalmente, al sector del metal, seg\u00fan un an\u00e1lisis efectuado por la empresa de recursos humanos, Randstad. El estudio enfatiza que los perfiles m\u00e1s solicitados por las compa\u00f1\u00edas de la regi\u00f3n estar\u00e1n vinculados, principalmente, al sector del metal,","og:url":"https:\/\/www.eldigitaldeasturias.com\/noticias\/el-sector-metalurgico-impulsara-la-contratacion-en-asturias-hasta-final-de-ano\/","og:image":"https:\/\/www.eldigitaldeasturias.com\/noticias\/wp-content\/uploads\/2016\/09\/fotonoticia_20160905120905_800.jpg","og:image:secure_url":"https:\/\/www.eldigitaldeasturias.com\/noticias\/wp-content\/uploads\/2016\/09\/fotonoticia_20160905120905_800.jpg","og:image:width":800,"og:image:height":600,"article:tag":["actualidad asturias"],"article:published_time":"2016-09-05T22:45:16+00:00","article:modified_time":"2016-09-05T22:45:16+00:00","article:publisher":"https:\/\/facebook.com\/eldigitaldeasturias","twitter:card":"summary_large_image","twitter:title":"El sector metal\u00fargico impulsar\u00e1 la contrataci\u00f3n en Asturias hasta final de a\u00f1o - El Digital de Asturias","twitter:description":"Los perfiles m\u00e1s solicitados por las compa\u00f1\u00edas hasta final de a\u00f1o en el Principado de Asturias estar\u00e1n vinculados, principalmente, al sector del metal, seg\u00fan un an\u00e1lisis efectuado por la empresa de recursos humanos, Randstad. El estudio enfatiza que los perfiles m\u00e1s solicitados por las compa\u00f1\u00edas de la regi\u00f3n estar\u00e1n vinculados, principalmente, al sector del metal,","twitter:image":"https:\/\/www.eldigitaldeasturias.com\/noticias\/wp-content\/uploads\/2016\/09\/fotonoticia_20160905120905_800.jpg","twitter:label1":"Escrito por","twitter:data1":"El Digital de Asturias","twitter:label2":"Tiempo de lectura estimado","twitter:data2":"1 minuto"},"aioseo_meta_data":{"post_id":"905953","title":null,"description":null,"keywords":null,"keyphrases":null,"primary_term":null,"canonical_url":null,"og_title":null,"og_description":null,"og_object_type":"default","og_image_type":"default","og_image_url":null,"og_image_width":null,"og_image_height":null,"og_image_custom_url":null,"og_image_custom_fields":null,"og_video":null,"og_custom_url":null,"og_article_section":null,"og_article_tags":null,"twitter_use_og":false,"twitter_card":"default","twitter_image_type":"default","twitter_image_url":null,"twitter_image_custom_url":null,"twitter_image_custom_fields":null,"twitter_title":null,"twitter_description":null,"schema":{"blockGraphs":[],"customGraphs":[],"default":{"data":{"Article":[],"Course":[],"Dataset":[],"FAQPage":[],"Movie":[],"Person":[],"Product":[],"ProductReview":[],"Car":[],"Recipe":[],"Service":[],"SoftwareApplication":[],"WebPage":[]},"graphName":"","isEnabled":true},"graphs":[],"defaultGraph":"","defaultPostTypeGraph":""},"schema_type":null,"schema_type_options":null,"pillar_content":false,"robots_default":true,"robots_noindex":false,"robots_noarchive":false,"robots_nosnippet":false,"robots_nofollow":false,"robots_noimageindex":false,"robots_noodp":false,"robots_notranslate":false,"robots_max_snippet":null,"robots_max_videopreview":null,"robots_max_imagepreview":"large","priority":null,"frequency":null,"local_seo":null,"seo_analyzer_scan_date":"2025-11-30 07:21:16","breadcrumb_settings":null,"limit_modified_date":false,"open_ai":null,"ai":null,"created":"2020-12-21 14:02:05","updated":"2025-11-30 07:21:16"},"aioseo_breadcrumb":"<div class=\"aioseo-breadcrumbs\"><span class=\"aioseo-breadcrumb\">\n\t<a href=\"https:\/\/www.eldigitaldeasturias.com\/noticias\" title=\"Home\">Home<\/a>\n<\/span><span class=\"aioseo-breadcrumb-separator\">\u2013<\/span><span class=\"aioseo-breadcrumb\">\n\t<a href=\"https:\/\/www.eldigitaldeasturias.com\/noticias\/category\/actualidad-asturias\/\" title=\"Actualidad Asturias\">Actualidad Asturias<\/a>\n<\/span><span class=\"aioseo-breadcrumb-separator\">\u2013<\/span><span class=\"aioseo-breadcrumb\">\n\t<a href=\"https:\/\/www.eldigitaldeasturias.com\/noticias\/el-sector-metalurgico-impulsara-la-contratacion-en-asturias-hasta-final-de-ano\/\" title=\"El sector metal\u00fargico impulsar\u00e1 la contrataci\u00f3n en Asturias hasta final de a\u00f1o\">El sector metal\u00fargico impulsar\u00e1 la contrataci\u00f3n en Asturias hasta final de a\u00f1o<\/a>\n<\/span><\/div>","aioseo_breadcrumb_json":[{"label":"Home","link":"https:\/\/www.eldigitaldeasturias.com\/noticias"},{"label":"Actualidad Asturias","link":"https:\/\/www.eldigitaldeasturias.com\/noticias\/category\/actualidad-asturias\/"},{"label":"El sector metal\u00fargico impulsar\u00e1 la contrataci\u00f3n en Asturias hasta final de a\u00f1o","link":"https:\/\/www.eldigitaldeasturias.com\/noticias\/el-sector-metalurgico-impulsara-la-contratacion-en-asturias-hasta-final-de-ano\/"}],"_links":{"self":[{"href":"https:\/\/www.eldigitaldeasturias.com\/noticias\/wp-json\/wp\/v2\/posts\/905953","targetHints":{"allow":["GET"]}}],"collection":[{"href":"https:\/\/www.eldigitaldeasturias.com\/noticias\/wp-json\/wp\/v2\/posts"}],"about":[{"href":"https:\/\/www.eldigitaldeasturias.com\/noticias\/wp-json\/wp\/v2\/types\/post"}],"author":[{"embeddable":true,"href":"https:\/\/www.eldigitaldeasturias.com\/noticias\/wp-json\/wp\/v2\/users\/1"}],"replies":[{"embeddable":true,"href":"https:\/\/www.eldigitaldeasturias.com\/noticias\/wp-json\/wp\/v2\/comments?post=905953"}],"version-history":[{"count":0,"href":"https:\/\/www.eldigitaldeasturias.com\/noticias\/wp-json\/wp\/v2\/posts\/905953\/revisions"}],"wp:featuredmedia":[{"embeddable":true,"href":"https:\/\/www.eldigitaldeasturias.com\/noticias\/wp-json\/wp\/v2\/media\/905954"}],"wp:attachment":[{"href":"https:\/\/www.eldigitaldeasturias.com\/noticias\/wp-json\/wp\/v2\/media?parent=905953"}],"wp:term":[{"taxonomy":"category","embeddable":true,"href":"https:\/\/www.eldigitaldeasturias.com\/noticias\/wp-json\/wp\/v2\/categories?post=905953"},{"taxonomy":"post_tag","embeddable":true,"href":"https:\/\/www.eldigitaldeasturias.com\/noticias\/wp-json\/wp\/v2\/tags?post=905953"}],"curies":[{"name":"wp","href":"https:\/\/api.w.org\/{rel}","templated":true}]}}