{"id":905951,"date":"2016-09-05T23:40:54","date_gmt":"2016-09-05T22:40:54","guid":{"rendered":"http:\/\/www.eldigitaldeasturias.com\/noticias\/?p=905951"},"modified":"2016-09-05T23:40:54","modified_gmt":"2016-09-05T22:40:54","slug":"el-pueblo-ejemplar-de-asturias-2016-sera-elegido-este-miercoles","status":"publish","type":"post","link":"https:\/\/www.eldigitaldeasturias.com\/noticias\/el-pueblo-ejemplar-de-asturias-2016-sera-elegido-este-miercoles\/","title":{"rendered":"El Pueblo Ejemplar de Asturias 2016 ser\u00e1 elegido este mi\u00e9rcoles"},"content":{"rendered":"<p><img loading=\"lazy\" decoding=\"async\" class=\"alignleft size-medium wp-image-813839\" src=\"https:\/\/www.eldigitaldeasturias.com\/noticias\/wp-content\/uploads\/2015\/10\/premios-princesa-2015-360x240.jpg\" alt=\"premios princesa 2015\" width=\"360\" height=\"240\" srcset=\"https:\/\/www.eldigitaldeasturias.com\/noticias\/wp-content\/uploads\/2015\/10\/premios-princesa-2015-360x240.jpg 360w, https:\/\/www.eldigitaldeasturias.com\/noticias\/wp-content\/uploads\/2015\/10\/premios-princesa-2015-650x434.jpg 650w, https:\/\/www.eldigitaldeasturias.com\/noticias\/wp-content\/uploads\/2015\/10\/premios-princesa-2015.jpg 800w\" sizes=\"auto, (max-width: 360px) 100vw, 360px\" \/>El pr\u00f3ximo mi\u00e9rcoles, 7 de septiembre, se celebrar\u00e1 en el Hotel de la Reconquista de Oviedo, en su Sal\u00f3n Florencia, la reuni\u00f3n del jurado encargado de conceder el Premio al Pueblo Ejemplar de Asturias 2016 en su vig\u00e9simo s\u00e9ptima edici\u00f3n. Los miembros del jurado comenzar\u00e1n sus deliberaciones a las 9.30 horas, inmediatamente despu\u00e9s de la foto de familia, y har\u00e1n p\u00fablico el fallo a las 14.00 horas en el mismo hotel.<\/p>\n<p>En una nota, desde la Fundaci\u00f3n Princesa de Asturias han destacado que este galard\u00f3n se ha convertido en una de las actividades de la Fundaci\u00f3n de m\u00e1s amplia y mejor acogida dentro del Principado.<\/p>\n<p>Este premio est\u00e1 destinado a galardonar \u00abal pueblo, aldea, n\u00facleo de poblaci\u00f3n, espacio paisaj\u00edstico o grupo humano del Principado de Asturias que haya destacado de modo notable en la defensa y conservaci\u00f3n de su entorno natural, ambiental, de su patrimonio hist\u00f3rico, cultural o art\u00edstico, en iniciativas de impulso econ\u00f3mico y social o en la realizaci\u00f3n de obras comunales u otras manifestaciones de solidaridad sobresalientes\u00bb.<\/p>\n<p>Una veintena de pueblos y asociaciones asturianas est\u00e1n nominados al premio de este a\u00f1o. Entre ellos se encuentran las localidades de Pore\u00f1u(Villaviciosa), Valdesoto (Siero), Ponga, la comarca de los Oscos o asociaciones como el Centro Asturiano de Oviedo o la Asociaci\u00f3n &#8216;Amigos de Cudillero&#8217;.<\/p>\n<p>&nbsp;<\/p>\n<p>&nbsp;<\/p>\n","protected":false},"excerpt":{"rendered":"<p>El pr\u00f3ximo mi\u00e9rcoles, 7 de septiembre, se celebrar\u00e1 en el Hotel de la Reconquista de Oviedo, en su Sal\u00f3n Florencia, la reuni\u00f3n del jurado encargado de conceder el Premio al Pueblo Ejemplar de Asturias 2016 en su vig\u00e9simo s\u00e9ptima edici\u00f3n. Los miembros del jurado comenzar\u00e1n sus deliberaciones a las 9.30 horas, inmediatamente despu\u00e9s de la [&hellip;]<\/p>\n","protected":false},"author":1,"featured_media":813839,"comment_status":"closed","ping_status":"closed","sticky":false,"template":"","format":"standard","meta":{"footnotes":""},"categories":[12],"tags":[],"class_list":["post-905951","post","type-post","status-publish","format-standard","has-post-thumbnail","hentry","category-actualidad-asturias"],"aioseo_notices":[],"aioseo_head":"\n\t\t<!-- All in One SEO Pro 4.9.6.2 - aioseo.com -->\n\t<meta name=\"description\" content=\"El pr\u00f3ximo mi\u00e9rcoles, 7 de septiembre, se celebrar\u00e1 en el Hotel de la Reconquista de Oviedo, en su Sal\u00f3n Florencia, la reuni\u00f3n del jurado encargado de conceder el Premio al Pueblo Ejemplar de Asturias 2016 en su vig\u00e9simo s\u00e9ptima edici\u00f3n. Los miembros del jurado comenzar\u00e1n sus deliberaciones a las 9.30 horas, inmediatamente despu\u00e9s de la\" \/>\n\t<meta name=\"robots\" content=\"max-image-preview:large\" \/>\n\t<meta name=\"author\" content=\"El Digital de Asturias\"\/>\n\t<meta name=\"google-site-verification\" content=\"UA-38556648-1\" \/>\n\t<meta name=\"msvalidate.01\" content=\"7dfe9f3f1b24437ab69f4f2559babe99\" \/>\n\t<meta name=\"keywords\" content=\"actualidad asturias\" \/>\n\t<link rel=\"canonical\" href=\"https:\/\/www.eldigitaldeasturias.com\/noticias\/el-pueblo-ejemplar-de-asturias-2016-sera-elegido-este-miercoles\/\" \/>\n\t<meta name=\"generator\" content=\"All in One SEO Pro (AIOSEO) 4.9.6.2\" \/>\n\t\t<meta property=\"og:locale\" content=\"es_ES\" \/>\n\t\t<meta property=\"og:site_name\" content=\"El Digital de Asturias\" \/>\n\t\t<meta property=\"og:type\" content=\"article\" \/>\n\t\t<meta property=\"og:title\" content=\"El Pueblo Ejemplar de Asturias 2016 ser\u00e1 elegido este mi\u00e9rcoles - El Digital de Asturias\" \/>\n\t\t<meta property=\"og:description\" content=\"El pr\u00f3ximo mi\u00e9rcoles, 7 de septiembre, se celebrar\u00e1 en el Hotel de la Reconquista de Oviedo, en su Sal\u00f3n Florencia, la reuni\u00f3n del jurado encargado de conceder el Premio al Pueblo Ejemplar de Asturias 2016 en su vig\u00e9simo s\u00e9ptima edici\u00f3n. Los miembros del jurado comenzar\u00e1n sus deliberaciones a las 9.30 horas, inmediatamente despu\u00e9s de la\" \/>\n\t\t<meta property=\"og:url\" content=\"https:\/\/www.eldigitaldeasturias.com\/noticias\/el-pueblo-ejemplar-de-asturias-2016-sera-elegido-este-miercoles\/\" \/>\n\t\t<meta property=\"og:image\" content=\"https:\/\/www.eldigitaldeasturias.com\/noticias\/wp-content\/uploads\/2015\/10\/premios-princesa-2015.jpg\" \/>\n\t\t<meta property=\"og:image:secure_url\" content=\"https:\/\/www.eldigitaldeasturias.com\/noticias\/wp-content\/uploads\/2015\/10\/premios-princesa-2015.jpg\" \/>\n\t\t<meta property=\"og:image:width\" content=\"800\" \/>\n\t\t<meta property=\"og:image:height\" content=\"534\" \/>\n\t\t<meta property=\"article:tag\" content=\"actualidad asturias\" \/>\n\t\t<meta property=\"article:published_time\" content=\"2016-09-05T22:40:54+00:00\" \/>\n\t\t<meta property=\"article:modified_time\" content=\"2016-09-05T22:40:54+00:00\" \/>\n\t\t<meta property=\"article:publisher\" content=\"https:\/\/facebook.com\/eldigitaldeasturias\" \/>\n\t\t<meta name=\"twitter:card\" content=\"summary_large_image\" \/>\n\t\t<meta name=\"twitter:title\" content=\"El Pueblo Ejemplar de Asturias 2016 ser\u00e1 elegido este mi\u00e9rcoles - El Digital de Asturias\" \/>\n\t\t<meta name=\"twitter:description\" content=\"El pr\u00f3ximo mi\u00e9rcoles, 7 de septiembre, se celebrar\u00e1 en el Hotel de la Reconquista de Oviedo, en su Sal\u00f3n Florencia, la reuni\u00f3n del jurado encargado de conceder el Premio al Pueblo Ejemplar de Asturias 2016 en su vig\u00e9simo s\u00e9ptima edici\u00f3n. Los miembros del jurado comenzar\u00e1n sus deliberaciones a las 9.30 horas, inmediatamente despu\u00e9s de la\" \/>\n\t\t<meta name=\"twitter:image\" content=\"https:\/\/www.eldigitaldeasturias.com\/noticias\/wp-content\/uploads\/2015\/10\/premios-princesa-2015.jpg\" \/>\n\t\t<meta name=\"twitter:label1\" content=\"Escrito por\" \/>\n\t\t<meta name=\"twitter:data1\" content=\"El Digital de Asturias\" \/>\n\t\t<meta name=\"twitter:label2\" content=\"Tiempo de lectura estimado\" \/>\n\t\t<meta name=\"twitter:data2\" content=\"1 minuto\" \/>\n\t\t<script type=\"application\/ld+json\" class=\"aioseo-schema\">\n\t\t\t{\"@context\":\"https:\\\/\\\/schema.org\",\"@graph\":[{\"@type\":\"BlogPosting\",\"@id\":\"https:\\\/\\\/www.eldigitaldeasturias.com\\\/noticias\\\/el-pueblo-ejemplar-de-asturias-2016-sera-elegido-este-miercoles\\\/#blogposting\",\"name\":\"El Pueblo Ejemplar de Asturias 2016 ser\\u00e1 elegido este mi\\u00e9rcoles - El Digital de Asturias\",\"headline\":\"El Pueblo Ejemplar de Asturias 2016 ser\\u00e1 elegido este mi\\u00e9rcoles\",\"author\":{\"@id\":\"https:\\\/\\\/www.eldigitaldeasturias.com\\\/noticias\\\/author\\\/admin\\\/#author\"},\"publisher\":{\"@id\":\"https:\\\/\\\/www.eldigitaldeasturias.com\\\/noticias\\\/#organization\"},\"image\":{\"@type\":\"ImageObject\",\"url\":\"https:\\\/\\\/www.eldigitaldeasturias.com\\\/noticias\\\/wp-content\\\/uploads\\\/2015\\\/10\\\/premios-princesa-2015.jpg\",\"width\":800,\"height\":534},\"datePublished\":\"2016-09-05T23:40:54+02:00\",\"dateModified\":\"2016-09-05T23:40:54+02:00\",\"inLanguage\":\"es-ES\",\"mainEntityOfPage\":{\"@id\":\"https:\\\/\\\/www.eldigitaldeasturias.com\\\/noticias\\\/el-pueblo-ejemplar-de-asturias-2016-sera-elegido-este-miercoles\\\/#webpage\"},\"isPartOf\":{\"@id\":\"https:\\\/\\\/www.eldigitaldeasturias.com\\\/noticias\\\/el-pueblo-ejemplar-de-asturias-2016-sera-elegido-este-miercoles\\\/#webpage\"},\"articleSection\":\"Actualidad Asturias\"},{\"@type\":\"BreadcrumbList\",\"@id\":\"https:\\\/\\\/www.eldigitaldeasturias.com\\\/noticias\\\/el-pueblo-ejemplar-de-asturias-2016-sera-elegido-este-miercoles\\\/#breadcrumblist\",\"itemListElement\":[{\"@type\":\"ListItem\",\"@id\":\"https:\\\/\\\/www.eldigitaldeasturias.com\\\/noticias#listItem\",\"position\":1,\"name\":\"Home\",\"item\":\"https:\\\/\\\/www.eldigitaldeasturias.com\\\/noticias\",\"nextItem\":{\"@type\":\"ListItem\",\"@id\":\"https:\\\/\\\/www.eldigitaldeasturias.com\\\/noticias\\\/category\\\/actualidad-asturias\\\/#listItem\",\"name\":\"Actualidad Asturias\"}},{\"@type\":\"ListItem\",\"@id\":\"https:\\\/\\\/www.eldigitaldeasturias.com\\\/noticias\\\/category\\\/actualidad-asturias\\\/#listItem\",\"position\":2,\"name\":\"Actualidad Asturias\",\"item\":\"https:\\\/\\\/www.eldigitaldeasturias.com\\\/noticias\\\/category\\\/actualidad-asturias\\\/\",\"nextItem\":{\"@type\":\"ListItem\",\"@id\":\"https:\\\/\\\/www.eldigitaldeasturias.com\\\/noticias\\\/el-pueblo-ejemplar-de-asturias-2016-sera-elegido-este-miercoles\\\/#listItem\",\"name\":\"El Pueblo Ejemplar de Asturias 2016 ser\\u00e1 elegido este mi\\u00e9rcoles\"},\"previousItem\":{\"@type\":\"ListItem\",\"@id\":\"https:\\\/\\\/www.eldigitaldeasturias.com\\\/noticias#listItem\",\"name\":\"Home\"}},{\"@type\":\"ListItem\",\"@id\":\"https:\\\/\\\/www.eldigitaldeasturias.com\\\/noticias\\\/el-pueblo-ejemplar-de-asturias-2016-sera-elegido-este-miercoles\\\/#listItem\",\"position\":3,\"name\":\"El Pueblo Ejemplar de Asturias 2016 ser\\u00e1 elegido este mi\\u00e9rcoles\",\"previousItem\":{\"@type\":\"ListItem\",\"@id\":\"https:\\\/\\\/www.eldigitaldeasturias.com\\\/noticias\\\/category\\\/actualidad-asturias\\\/#listItem\",\"name\":\"Actualidad Asturias\"}}]},{\"@type\":\"Organization\",\"@id\":\"https:\\\/\\\/www.eldigitaldeasturias.com\\\/noticias\\\/#organization\",\"name\":\"El Digital de Asturias\",\"description\":\"Hemeroteca\",\"url\":\"https:\\\/\\\/www.eldigitaldeasturias.com\\\/noticias\\\/\",\"email\":\"info@eldigitaldeasturias.com\",\"telephone\":\"+34652131393\",\"logo\":{\"@type\":\"ImageObject\",\"url\":\"https:\\\/\\\/www.eldigitaldeasturias.com\\\/noticias\\\/wp-content\\\/uploads\\\/2020\\\/12\\\/EDA.jpg\",\"@id\":\"https:\\\/\\\/www.eldigitaldeasturias.com\\\/noticias\\\/el-pueblo-ejemplar-de-asturias-2016-sera-elegido-este-miercoles\\\/#organizationLogo\",\"width\":649,\"height\":297},\"image\":{\"@id\":\"https:\\\/\\\/www.eldigitaldeasturias.com\\\/noticias\\\/el-pueblo-ejemplar-de-asturias-2016-sera-elegido-este-miercoles\\\/#organizationLogo\"},\"sameAs\":[\"https:\\\/\\\/facebook.com\\\/eldigitaldeasturias\",\"https:\\\/\\\/www.youtube.com\\\/channel\\\/UCZP-2wLEB9Rv6erhFmqVnvg\"],\"address\":{\"@id\":\"https:\\\/\\\/www.eldigitaldeasturias.com\\\/noticias\\\/#postaladdress\",\"@type\":\"PostalAddress\",\"streetAddress\":\"san antonio 4,\",\"postalCode\":\"33430\",\"addressLocality\":\"Cand\\u00e1s\",\"addressRegion\":\"Asturias\",\"addressCountry\":\"ES\"}},{\"@type\":\"Person\",\"@id\":\"https:\\\/\\\/www.eldigitaldeasturias.com\\\/noticias\\\/author\\\/admin\\\/#author\",\"url\":\"https:\\\/\\\/www.eldigitaldeasturias.com\\\/noticias\\\/author\\\/admin\\\/\",\"name\":\"El Digital de Asturias\",\"image\":{\"@type\":\"ImageObject\",\"@id\":\"https:\\\/\\\/www.eldigitaldeasturias.com\\\/noticias\\\/el-pueblo-ejemplar-de-asturias-2016-sera-elegido-este-miercoles\\\/#authorImage\",\"url\":\"https:\\\/\\\/www.eldigitaldeasturias.com\\\/noticias\\\/wp-content\\\/litespeed\\\/avatar\\\/18677e78aa0546b92d9dbf31ec7d7668.jpg?ver=1777290358\",\"width\":96,\"height\":96,\"caption\":\"El Digital de Asturias\"}},{\"@type\":\"WebPage\",\"@id\":\"https:\\\/\\\/www.eldigitaldeasturias.com\\\/noticias\\\/el-pueblo-ejemplar-de-asturias-2016-sera-elegido-este-miercoles\\\/#webpage\",\"url\":\"https:\\\/\\\/www.eldigitaldeasturias.com\\\/noticias\\\/el-pueblo-ejemplar-de-asturias-2016-sera-elegido-este-miercoles\\\/\",\"name\":\"El Pueblo Ejemplar de Asturias 2016 ser\\u00e1 elegido este mi\\u00e9rcoles - El Digital de Asturias\",\"description\":\"El pr\\u00f3ximo mi\\u00e9rcoles, 7 de septiembre, se celebrar\\u00e1 en el Hotel de la Reconquista de Oviedo, en su Sal\\u00f3n Florencia, la reuni\\u00f3n del jurado encargado de conceder el Premio al Pueblo Ejemplar de Asturias 2016 en su vig\\u00e9simo s\\u00e9ptima edici\\u00f3n. Los miembros del jurado comenzar\\u00e1n sus deliberaciones a las 9.30 horas, inmediatamente despu\\u00e9s de la\",\"inLanguage\":\"es-ES\",\"isPartOf\":{\"@id\":\"https:\\\/\\\/www.eldigitaldeasturias.com\\\/noticias\\\/#website\"},\"breadcrumb\":{\"@id\":\"https:\\\/\\\/www.eldigitaldeasturias.com\\\/noticias\\\/el-pueblo-ejemplar-de-asturias-2016-sera-elegido-este-miercoles\\\/#breadcrumblist\"},\"author\":{\"@id\":\"https:\\\/\\\/www.eldigitaldeasturias.com\\\/noticias\\\/author\\\/admin\\\/#author\"},\"creator\":{\"@id\":\"https:\\\/\\\/www.eldigitaldeasturias.com\\\/noticias\\\/author\\\/admin\\\/#author\"},\"image\":{\"@type\":\"ImageObject\",\"url\":\"https:\\\/\\\/www.eldigitaldeasturias.com\\\/noticias\\\/wp-content\\\/uploads\\\/2015\\\/10\\\/premios-princesa-2015.jpg\",\"@id\":\"https:\\\/\\\/www.eldigitaldeasturias.com\\\/noticias\\\/el-pueblo-ejemplar-de-asturias-2016-sera-elegido-este-miercoles\\\/#mainImage\",\"width\":800,\"height\":534},\"primaryImageOfPage\":{\"@id\":\"https:\\\/\\\/www.eldigitaldeasturias.com\\\/noticias\\\/el-pueblo-ejemplar-de-asturias-2016-sera-elegido-este-miercoles\\\/#mainImage\"},\"datePublished\":\"2016-09-05T23:40:54+02:00\",\"dateModified\":\"2016-09-05T23:40:54+02:00\"},{\"@type\":\"WebSite\",\"@id\":\"https:\\\/\\\/www.eldigitaldeasturias.com\\\/noticias\\\/#website\",\"url\":\"https:\\\/\\\/www.eldigitaldeasturias.com\\\/noticias\\\/\",\"name\":\"El Digital de Asturias - Diario de actualidad y noticias\",\"alternateName\":\"El Digital de Asturias - Diario de actualidad y noticias\",\"description\":\"Hemeroteca\",\"inLanguage\":\"es-ES\",\"publisher\":{\"@id\":\"https:\\\/\\\/www.eldigitaldeasturias.com\\\/noticias\\\/#organization\"}}]}\n\t\t<\/script>\n\t\t<!-- All in One SEO Pro -->\r\n\t\t<title>El Pueblo Ejemplar de Asturias 2016 ser\u00e1 elegido este mi\u00e9rcoles - El Digital de Asturias<\/title>\n\n","aioseo_head_json":{"title":"El Pueblo Ejemplar de Asturias 2016 ser\u00e1 elegido este mi\u00e9rcoles - El Digital de Asturias","description":"El pr\u00f3ximo mi\u00e9rcoles, 7 de septiembre, se celebrar\u00e1 en el Hotel de la Reconquista de Oviedo, en su Sal\u00f3n Florencia, la reuni\u00f3n del jurado encargado de conceder el Premio al Pueblo Ejemplar de Asturias 2016 en su vig\u00e9simo s\u00e9ptima edici\u00f3n. Los miembros del jurado comenzar\u00e1n sus deliberaciones a las 9.30 horas, inmediatamente despu\u00e9s de la","canonical_url":"https:\/\/www.eldigitaldeasturias.com\/noticias\/el-pueblo-ejemplar-de-asturias-2016-sera-elegido-este-miercoles\/","robots":"max-image-preview:large","keywords":"actualidad asturias","webmasterTools":{"google-site-verification":"UA-38556648-1","msvalidate.01":"7dfe9f3f1b24437ab69f4f2559babe99","miscellaneous":""},"schema":{"@context":"https:\/\/schema.org","@graph":[{"@type":"BlogPosting","@id":"https:\/\/www.eldigitaldeasturias.com\/noticias\/el-pueblo-ejemplar-de-asturias-2016-sera-elegido-este-miercoles\/#blogposting","name":"El Pueblo Ejemplar de Asturias 2016 ser\u00e1 elegido este mi\u00e9rcoles - El Digital de Asturias","headline":"El Pueblo Ejemplar de Asturias 2016 ser\u00e1 elegido este mi\u00e9rcoles","author":{"@id":"https:\/\/www.eldigitaldeasturias.com\/noticias\/author\/admin\/#author"},"publisher":{"@id":"https:\/\/www.eldigitaldeasturias.com\/noticias\/#organization"},"image":{"@type":"ImageObject","url":"https:\/\/www.eldigitaldeasturias.com\/noticias\/wp-content\/uploads\/2015\/10\/premios-princesa-2015.jpg","width":800,"height":534},"datePublished":"2016-09-05T23:40:54+02:00","dateModified":"2016-09-05T23:40:54+02:00","inLanguage":"es-ES","mainEntityOfPage":{"@id":"https:\/\/www.eldigitaldeasturias.com\/noticias\/el-pueblo-ejemplar-de-asturias-2016-sera-elegido-este-miercoles\/#webpage"},"isPartOf":{"@id":"https:\/\/www.eldigitaldeasturias.com\/noticias\/el-pueblo-ejemplar-de-asturias-2016-sera-elegido-este-miercoles\/#webpage"},"articleSection":"Actualidad Asturias"},{"@type":"BreadcrumbList","@id":"https:\/\/www.eldigitaldeasturias.com\/noticias\/el-pueblo-ejemplar-de-asturias-2016-sera-elegido-este-miercoles\/#breadcrumblist","itemListElement":[{"@type":"ListItem","@id":"https:\/\/www.eldigitaldeasturias.com\/noticias#listItem","position":1,"name":"Home","item":"https:\/\/www.eldigitaldeasturias.com\/noticias","nextItem":{"@type":"ListItem","@id":"https:\/\/www.eldigitaldeasturias.com\/noticias\/category\/actualidad-asturias\/#listItem","name":"Actualidad Asturias"}},{"@type":"ListItem","@id":"https:\/\/www.eldigitaldeasturias.com\/noticias\/category\/actualidad-asturias\/#listItem","position":2,"name":"Actualidad Asturias","item":"https:\/\/www.eldigitaldeasturias.com\/noticias\/category\/actualidad-asturias\/","nextItem":{"@type":"ListItem","@id":"https:\/\/www.eldigitaldeasturias.com\/noticias\/el-pueblo-ejemplar-de-asturias-2016-sera-elegido-este-miercoles\/#listItem","name":"El Pueblo Ejemplar de Asturias 2016 ser\u00e1 elegido este mi\u00e9rcoles"},"previousItem":{"@type":"ListItem","@id":"https:\/\/www.eldigitaldeasturias.com\/noticias#listItem","name":"Home"}},{"@type":"ListItem","@id":"https:\/\/www.eldigitaldeasturias.com\/noticias\/el-pueblo-ejemplar-de-asturias-2016-sera-elegido-este-miercoles\/#listItem","position":3,"name":"El Pueblo Ejemplar de Asturias 2016 ser\u00e1 elegido este mi\u00e9rcoles","previousItem":{"@type":"ListItem","@id":"https:\/\/www.eldigitaldeasturias.com\/noticias\/category\/actualidad-asturias\/#listItem","name":"Actualidad Asturias"}}]},{"@type":"Organization","@id":"https:\/\/www.eldigitaldeasturias.com\/noticias\/#organization","name":"El Digital de Asturias","description":"Hemeroteca","url":"https:\/\/www.eldigitaldeasturias.com\/noticias\/","email":"info@eldigitaldeasturias.com","telephone":"+34652131393","logo":{"@type":"ImageObject","url":"https:\/\/www.eldigitaldeasturias.com\/noticias\/wp-content\/uploads\/2020\/12\/EDA.jpg","@id":"https:\/\/www.eldigitaldeasturias.com\/noticias\/el-pueblo-ejemplar-de-asturias-2016-sera-elegido-este-miercoles\/#organizationLogo","width":649,"height":297},"image":{"@id":"https:\/\/www.eldigitaldeasturias.com\/noticias\/el-pueblo-ejemplar-de-asturias-2016-sera-elegido-este-miercoles\/#organizationLogo"},"sameAs":["https:\/\/facebook.com\/eldigitaldeasturias","https:\/\/www.youtube.com\/channel\/UCZP-2wLEB9Rv6erhFmqVnvg"],"address":{"@id":"https:\/\/www.eldigitaldeasturias.com\/noticias\/#postaladdress","@type":"PostalAddress","streetAddress":"san antonio 4,","postalCode":"33430","addressLocality":"Cand\u00e1s","addressRegion":"Asturias","addressCountry":"ES"}},{"@type":"Person","@id":"https:\/\/www.eldigitaldeasturias.com\/noticias\/author\/admin\/#author","url":"https:\/\/www.eldigitaldeasturias.com\/noticias\/author\/admin\/","name":"El Digital de Asturias","image":{"@type":"ImageObject","@id":"https:\/\/www.eldigitaldeasturias.com\/noticias\/el-pueblo-ejemplar-de-asturias-2016-sera-elegido-este-miercoles\/#authorImage","url":"https:\/\/www.eldigitaldeasturias.com\/noticias\/wp-content\/litespeed\/avatar\/18677e78aa0546b92d9dbf31ec7d7668.jpg?ver=1777290358","width":96,"height":96,"caption":"El Digital de Asturias"}},{"@type":"WebPage","@id":"https:\/\/www.eldigitaldeasturias.com\/noticias\/el-pueblo-ejemplar-de-asturias-2016-sera-elegido-este-miercoles\/#webpage","url":"https:\/\/www.eldigitaldeasturias.com\/noticias\/el-pueblo-ejemplar-de-asturias-2016-sera-elegido-este-miercoles\/","name":"El Pueblo Ejemplar de Asturias 2016 ser\u00e1 elegido este mi\u00e9rcoles - El Digital de Asturias","description":"El pr\u00f3ximo mi\u00e9rcoles, 7 de septiembre, se celebrar\u00e1 en el Hotel de la Reconquista de Oviedo, en su Sal\u00f3n Florencia, la reuni\u00f3n del jurado encargado de conceder el Premio al Pueblo Ejemplar de Asturias 2016 en su vig\u00e9simo s\u00e9ptima edici\u00f3n. Los miembros del jurado comenzar\u00e1n sus deliberaciones a las 9.30 horas, inmediatamente despu\u00e9s de la","inLanguage":"es-ES","isPartOf":{"@id":"https:\/\/www.eldigitaldeasturias.com\/noticias\/#website"},"breadcrumb":{"@id":"https:\/\/www.eldigitaldeasturias.com\/noticias\/el-pueblo-ejemplar-de-asturias-2016-sera-elegido-este-miercoles\/#breadcrumblist"},"author":{"@id":"https:\/\/www.eldigitaldeasturias.com\/noticias\/author\/admin\/#author"},"creator":{"@id":"https:\/\/www.eldigitaldeasturias.com\/noticias\/author\/admin\/#author"},"image":{"@type":"ImageObject","url":"https:\/\/www.eldigitaldeasturias.com\/noticias\/wp-content\/uploads\/2015\/10\/premios-princesa-2015.jpg","@id":"https:\/\/www.eldigitaldeasturias.com\/noticias\/el-pueblo-ejemplar-de-asturias-2016-sera-elegido-este-miercoles\/#mainImage","width":800,"height":534},"primaryImageOfPage":{"@id":"https:\/\/www.eldigitaldeasturias.com\/noticias\/el-pueblo-ejemplar-de-asturias-2016-sera-elegido-este-miercoles\/#mainImage"},"datePublished":"2016-09-05T23:40:54+02:00","dateModified":"2016-09-05T23:40:54+02:00"},{"@type":"WebSite","@id":"https:\/\/www.eldigitaldeasturias.com\/noticias\/#website","url":"https:\/\/www.eldigitaldeasturias.com\/noticias\/","name":"El Digital de Asturias - Diario de actualidad y noticias","alternateName":"El Digital de Asturias - Diario de actualidad y noticias","description":"Hemeroteca","inLanguage":"es-ES","publisher":{"@id":"https:\/\/www.eldigitaldeasturias.com\/noticias\/#organization"}}]},"og:locale":"es_ES","og:site_name":"El Digital de Asturias","og:type":"article","og:title":"El Pueblo Ejemplar de Asturias 2016 ser\u00e1 elegido este mi\u00e9rcoles - El Digital de Asturias","og:description":"El pr\u00f3ximo mi\u00e9rcoles, 7 de septiembre, se celebrar\u00e1 en el Hotel de la Reconquista de Oviedo, en su Sal\u00f3n Florencia, la reuni\u00f3n del jurado encargado de conceder el Premio al Pueblo Ejemplar de Asturias 2016 en su vig\u00e9simo s\u00e9ptima edici\u00f3n. Los miembros del jurado comenzar\u00e1n sus deliberaciones a las 9.30 horas, inmediatamente despu\u00e9s de la","og:url":"https:\/\/www.eldigitaldeasturias.com\/noticias\/el-pueblo-ejemplar-de-asturias-2016-sera-elegido-este-miercoles\/","og:image":"https:\/\/www.eldigitaldeasturias.com\/noticias\/wp-content\/uploads\/2015\/10\/premios-princesa-2015.jpg","og:image:secure_url":"https:\/\/www.eldigitaldeasturias.com\/noticias\/wp-content\/uploads\/2015\/10\/premios-princesa-2015.jpg","og:image:width":800,"og:image:height":534,"article:tag":["actualidad asturias"],"article:published_time":"2016-09-05T22:40:54+00:00","article:modified_time":"2016-09-05T22:40:54+00:00","article:publisher":"https:\/\/facebook.com\/eldigitaldeasturias","twitter:card":"summary_large_image","twitter:title":"El Pueblo Ejemplar de Asturias 2016 ser\u00e1 elegido este mi\u00e9rcoles - El Digital de Asturias","twitter:description":"El pr\u00f3ximo mi\u00e9rcoles, 7 de septiembre, se celebrar\u00e1 en el Hotel de la Reconquista de Oviedo, en su Sal\u00f3n Florencia, la reuni\u00f3n del jurado encargado de conceder el Premio al Pueblo Ejemplar de Asturias 2016 en su vig\u00e9simo s\u00e9ptima edici\u00f3n. Los miembros del jurado comenzar\u00e1n sus deliberaciones a las 9.30 horas, inmediatamente despu\u00e9s de la","twitter:image":"https:\/\/www.eldigitaldeasturias.com\/noticias\/wp-content\/uploads\/2015\/10\/premios-princesa-2015.jpg","twitter:label1":"Escrito por","twitter:data1":"El Digital de Asturias","twitter:label2":"Tiempo de lectura estimado","twitter:data2":"1 minuto"},"aioseo_meta_data":{"post_id":"905951","title":null,"description":null,"keywords":null,"keyphrases":null,"primary_term":null,"canonical_url":null,"og_title":null,"og_description":null,"og_object_type":"default","og_image_type":"default","og_image_url":null,"og_image_width":null,"og_image_height":null,"og_image_custom_url":null,"og_image_custom_fields":null,"og_video":null,"og_custom_url":null,"og_article_section":null,"og_article_tags":null,"twitter_use_og":false,"twitter_card":"default","twitter_image_type":"default","twitter_image_url":null,"twitter_image_custom_url":null,"twitter_image_custom_fields":null,"twitter_title":null,"twitter_description":null,"schema":{"blockGraphs":[],"customGraphs":[],"default":{"data":{"Article":[],"Course":[],"Dataset":[],"FAQPage":[],"Movie":[],"Person":[],"Product":[],"ProductReview":[],"Car":[],"Recipe":[],"Service":[],"SoftwareApplication":[],"WebPage":[]},"graphName":"","isEnabled":true},"graphs":[],"defaultGraph":"","defaultPostTypeGraph":""},"schema_type":null,"schema_type_options":null,"pillar_content":false,"robots_default":true,"robots_noindex":false,"robots_noarchive":false,"robots_nosnippet":false,"robots_nofollow":false,"robots_noimageindex":false,"robots_noodp":false,"robots_notranslate":false,"robots_max_snippet":null,"robots_max_videopreview":null,"robots_max_imagepreview":"large","priority":null,"frequency":null,"local_seo":null,"seo_analyzer_scan_date":"2025-11-30 07:21:15","breadcrumb_settings":null,"limit_modified_date":false,"open_ai":null,"ai":null,"created":"2020-12-21 14:02:05","updated":"2025-11-30 07:21:15"},"aioseo_breadcrumb":"<div class=\"aioseo-breadcrumbs\"><span class=\"aioseo-breadcrumb\">\n\t<a href=\"https:\/\/www.eldigitaldeasturias.com\/noticias\" title=\"Home\">Home<\/a>\n<\/span><span class=\"aioseo-breadcrumb-separator\">\u2013<\/span><span class=\"aioseo-breadcrumb\">\n\t<a href=\"https:\/\/www.eldigitaldeasturias.com\/noticias\/category\/actualidad-asturias\/\" title=\"Actualidad Asturias\">Actualidad Asturias<\/a>\n<\/span><span class=\"aioseo-breadcrumb-separator\">\u2013<\/span><span class=\"aioseo-breadcrumb\">\n\t<a href=\"https:\/\/www.eldigitaldeasturias.com\/noticias\/el-pueblo-ejemplar-de-asturias-2016-sera-elegido-este-miercoles\/\" title=\"El Pueblo Ejemplar de Asturias 2016 ser\u00e1 elegido este mi\u00e9rcoles\">El Pueblo Ejemplar de Asturias 2016 ser\u00e1 elegido este mi\u00e9rcoles<\/a>\n<\/span><\/div>","aioseo_breadcrumb_json":[{"label":"Home","link":"https:\/\/www.eldigitaldeasturias.com\/noticias"},{"label":"Actualidad Asturias","link":"https:\/\/www.eldigitaldeasturias.com\/noticias\/category\/actualidad-asturias\/"},{"label":"El Pueblo Ejemplar de Asturias 2016 ser\u00e1 elegido este mi\u00e9rcoles","link":"https:\/\/www.eldigitaldeasturias.com\/noticias\/el-pueblo-ejemplar-de-asturias-2016-sera-elegido-este-miercoles\/"}],"_links":{"self":[{"href":"https:\/\/www.eldigitaldeasturias.com\/noticias\/wp-json\/wp\/v2\/posts\/905951","targetHints":{"allow":["GET"]}}],"collection":[{"href":"https:\/\/www.eldigitaldeasturias.com\/noticias\/wp-json\/wp\/v2\/posts"}],"about":[{"href":"https:\/\/www.eldigitaldeasturias.com\/noticias\/wp-json\/wp\/v2\/types\/post"}],"author":[{"embeddable":true,"href":"https:\/\/www.eldigitaldeasturias.com\/noticias\/wp-json\/wp\/v2\/users\/1"}],"replies":[{"embeddable":true,"href":"https:\/\/www.eldigitaldeasturias.com\/noticias\/wp-json\/wp\/v2\/comments?post=905951"}],"version-history":[{"count":0,"href":"https:\/\/www.eldigitaldeasturias.com\/noticias\/wp-json\/wp\/v2\/posts\/905951\/revisions"}],"wp:featuredmedia":[{"embeddable":true,"href":"https:\/\/www.eldigitaldeasturias.com\/noticias\/wp-json\/wp\/v2\/media\/813839"}],"wp:attachment":[{"href":"https:\/\/www.eldigitaldeasturias.com\/noticias\/wp-json\/wp\/v2\/media?parent=905951"}],"wp:term":[{"taxonomy":"category","embeddable":true,"href":"https:\/\/www.eldigitaldeasturias.com\/noticias\/wp-json\/wp\/v2\/categories?post=905951"},{"taxonomy":"post_tag","embeddable":true,"href":"https:\/\/www.eldigitaldeasturias.com\/noticias\/wp-json\/wp\/v2\/tags?post=905951"}],"curies":[{"name":"wp","href":"https:\/\/api.w.org\/{rel}","templated":true}]}}