{"id":905945,"date":"2016-09-05T23:37:03","date_gmt":"2016-09-05T22:37:03","guid":{"rendered":"http:\/\/www.eldigitaldeasturias.com\/noticias\/?p=905945"},"modified":"2016-09-05T23:37:03","modified_gmt":"2016-09-05T22:37:03","slug":"menendez-blanco-critica-la-falta-de-criterio-de-muchos-arqueologos-en-el-tratamiento-de-la-toponimia-tradicional","status":"publish","type":"post","link":"https:\/\/www.eldigitaldeasturias.com\/noticias\/menendez-blanco-critica-la-falta-de-criterio-de-muchos-arqueologos-en-el-tratamiento-de-la-toponimia-tradicional\/","title":{"rendered":"Men\u00e9ndez Blanco critica la falta de criterio de muchos arque\u00f3logos en el tratamiento de la toponimia tradicional"},"content":{"rendered":"<p><img loading=\"lazy\" decoding=\"async\" class=\"alignleft size-medium wp-image-905946\" src=\"https:\/\/www.eldigitaldeasturias.com\/noticias\/wp-content\/uploads\/2016\/09\/fotonoticia_20160905112033_800-320x320.jpg\" alt=\"fotonoticia_20160905112033_800\" width=\"320\" height=\"320\" srcset=\"https:\/\/www.eldigitaldeasturias.com\/noticias\/wp-content\/uploads\/2016\/09\/fotonoticia_20160905112033_800-320x320.jpg 320w, https:\/\/www.eldigitaldeasturias.com\/noticias\/wp-content\/uploads\/2016\/09\/fotonoticia_20160905112033_800-300x300.jpg 300w, https:\/\/www.eldigitaldeasturias.com\/noticias\/wp-content\/uploads\/2016\/09\/fotonoticia_20160905112033_800-768x768.jpg 768w, https:\/\/www.eldigitaldeasturias.com\/noticias\/wp-content\/uploads\/2016\/09\/fotonoticia_20160905112033_800-650x650.jpg 650w, https:\/\/www.eldigitaldeasturias.com\/noticias\/wp-content\/uploads\/2016\/09\/fotonoticia_20160905112033_800-50x50.jpg 50w, https:\/\/www.eldigitaldeasturias.com\/noticias\/wp-content\/uploads\/2016\/09\/fotonoticia_20160905112033_800-90x90.jpg 90w, https:\/\/www.eldigitaldeasturias.com\/noticias\/wp-content\/uploads\/2016\/09\/fotonoticia_20160905112033_800.jpg 800w\" sizes=\"auto, (max-width: 320px) 100vw, 320px\" \/>El investigador de la Universidad de Oviedo Andr\u00e9s Men\u00e9ndez Blanco cuestiona el tratamiento de la toponimia tradicional que hacen buena parte de los arque\u00f3logos que estudian yacimientos en el occidente de Asturias, y cuya pr\u00e1ctica conlleva, a su juicio, importantes errores e imprecisiones, tanto en lo que se refiere a nombres como a ubicaciones geogr\u00e1ficas.<\/p>\n<p>Men\u00e9ndez Blanco lo comenta en un detallado art\u00edculo sobre &#8216;Toponimia y Arqueolog\u00eda: algunos apuntes sobre su uso complementario a partir de experiencias investigadoras en la Asturias occidental&#8217;, publicado en asturiano occidental en el libro &#8216;Manuel Men\u00e9ndez y l&#8217;Asturies Occidental&#8217;, editado por el Seminariu de Filolox\u00eda Asturiana de la Unversidad de Oviedo.<\/p>\n<p>El investigador explica que el tratamiento por parte de los arque\u00f3logos de la toponimia \u00absuele ser marginal, y cuando recibe alguno, no hay unos criterios de actuaci\u00f3n bien definidos\u00bb. Comenta como \u00abuno de los errores m\u00e1s comunes la utilizaci\u00f3n la toponimia presente en la cartograf\u00eda editada de las zonas estudiadas, sin una comprobaci\u00f3n mediante trabajo de campo\u00bb. Por esta raz\u00f3n, \u00abmuchos yacimientos est\u00e1n publicados con nombres que no les corresponden en la realidad y que, por tanto, no son definitorios de los propios\u00bb. Cita como ejemplos las minas romanas de La C\u00e1rcova y La L.lagarona, en Allande, llamadas El Bachic\u00f3n de Fresnedo y La Chaquerona de Villavaser enalguna publicaci\u00f3n de referencia sobre el tema (Perea Caveda y S\u00e1nchez-PalenciaRamos, 1998: 103).<\/p>\n<p>La falta de una encuestaci\u00f3n de campo conlleva, seg\u00fan Men\u00e9ndez Blanco, tambi\u00e9n a interpretaciones forzadas. As\u00ed, en un art\u00edculo dedicado a la relaci\u00f3n entre toponimia y arqueolog\u00eda (Bardio D\u00edaz e Fern\u00e1ndez Irigoyen, 2005), \u00abse propone que varios top\u00f3nimos menores de Allande pueden referirse a restos megal\u00edticos: Penas Forcadas (por Penaforcada), Penas Malas (por Peneosmalos) y Peneo Cortao\u00bb. El investigador apunta que estos casos \u00abse trata de pe\u00f1as naturales, como invita a pensar el propio t\u00e9rmino &#8216;pena&#8217;, aunque est\u00e9n al lado de t\u00famulos -que en la zonase identifiquen con el nombre popular de tumbas-\u00ab.<\/p>\n<p>\u00abEsta falta de informaci\u00f3n de primera mano implica tambi\u00e9n errores en la localizaci\u00f3n geogr\u00e1fica de los nombres, como vemos en la interpretaci\u00f3n etimol\u00f3gica que se hace de la sierrade Carondio, que partir\u00eda de la profusi\u00f3n de restos p\u00e9treos de los t\u00famulos comentados\u00bb, a\u00f1ade. \u00abLa inconsistencia de la propuesta se manifiesta al comprobar en el sitio que Carondio es realmente el nombre del pico m\u00e1s alto de la zona y la extensi\u00f3n de la denominaci\u00f3n a toda la sierra es reciente y de car\u00e1cter administrativu\u00bb, comenta Blanco.<\/p>\n<p>En su opini\u00f3n, \u00abfalta por tanto que los arque\u00f3logos atiendan a la toponimia de la misma manera que a las otras fuentes utilizadas, aplicando unos criterios definidos de utilizaci\u00f3n\u00bb. Para Men\u00e9ndez Blacno, \u00abes necesario que se entienda la importancia de la fuente primaria como \u00fanica v\u00e1lida y se escarten como recursos todos los trabajos que no tengan un estudio topon\u00edmico detr\u00e1s\u00bb. \u00abTiene que haber tambi\u00e9n un conocimiento m\u00ednimo de la lengua en la que se forma el top\u00f3nimo pararepresentar e interpretar correctamente\u00bb, concluye el autor del art\u00edculo.<\/p>\n<p>&nbsp;<\/p>\n","protected":false},"excerpt":{"rendered":"<p>El investigador de la Universidad de Oviedo Andr\u00e9s Men\u00e9ndez Blanco cuestiona el tratamiento de la toponimia tradicional que hacen buena parte de los arque\u00f3logos que estudian yacimientos en el occidente de Asturias, y cuya pr\u00e1ctica conlleva, a su juicio, importantes errores e imprecisiones, tanto en lo que se refiere a nombres como a ubicaciones geogr\u00e1ficas. [&hellip;]<\/p>\n","protected":false},"author":1,"featured_media":905946,"comment_status":"closed","ping_status":"closed","sticky":false,"template":"","format":"standard","meta":{"footnotes":""},"categories":[12],"tags":[],"class_list":["post-905945","post","type-post","status-publish","format-standard","has-post-thumbnail","hentry","category-actualidad-asturias"],"aioseo_notices":[],"aioseo_head":"\n\t\t<!-- All in One SEO Pro 4.9.6.2 - aioseo.com -->\n\t<meta name=\"description\" content=\"El investigador de la Universidad de Oviedo Andr\u00e9s Men\u00e9ndez Blanco cuestiona el tratamiento de la toponimia tradicional que hacen buena parte de los arque\u00f3logos que estudian yacimientos en el occidente de Asturias, y cuya pr\u00e1ctica conlleva, a su juicio, importantes errores e imprecisiones, tanto en lo que se refiere a nombres como a ubicaciones geogr\u00e1ficas.\" \/>\n\t<meta name=\"robots\" content=\"max-image-preview:large\" \/>\n\t<meta name=\"author\" content=\"El Digital de Asturias\"\/>\n\t<meta name=\"google-site-verification\" content=\"UA-38556648-1\" \/>\n\t<meta name=\"msvalidate.01\" content=\"7dfe9f3f1b24437ab69f4f2559babe99\" \/>\n\t<meta name=\"keywords\" content=\"actualidad asturias\" \/>\n\t<link rel=\"canonical\" href=\"https:\/\/www.eldigitaldeasturias.com\/noticias\/menendez-blanco-critica-la-falta-de-criterio-de-muchos-arqueologos-en-el-tratamiento-de-la-toponimia-tradicional\/\" \/>\n\t<meta name=\"generator\" content=\"All in One SEO Pro (AIOSEO) 4.9.6.2\" \/>\n\t\t<meta property=\"og:locale\" content=\"es_ES\" \/>\n\t\t<meta property=\"og:site_name\" content=\"El Digital de Asturias\" \/>\n\t\t<meta property=\"og:type\" content=\"article\" \/>\n\t\t<meta property=\"og:title\" content=\"Men\u00e9ndez Blanco critica la falta de criterio de muchos arque\u00f3logos en el tratamiento de la toponimia tradicional - El Digital de Asturias\" \/>\n\t\t<meta property=\"og:description\" content=\"El investigador de la Universidad de Oviedo Andr\u00e9s Men\u00e9ndez Blanco cuestiona el tratamiento de la toponimia tradicional que hacen buena parte de los arque\u00f3logos que estudian yacimientos en el occidente de Asturias, y cuya pr\u00e1ctica conlleva, a su juicio, importantes errores e imprecisiones, tanto en lo que se refiere a nombres como a ubicaciones geogr\u00e1ficas.\" \/>\n\t\t<meta property=\"og:url\" content=\"https:\/\/www.eldigitaldeasturias.com\/noticias\/menendez-blanco-critica-la-falta-de-criterio-de-muchos-arqueologos-en-el-tratamiento-de-la-toponimia-tradicional\/\" \/>\n\t\t<meta property=\"og:image\" content=\"https:\/\/www.eldigitaldeasturias.com\/noticias\/wp-content\/uploads\/2016\/09\/fotonoticia_20160905112033_800.jpg\" \/>\n\t\t<meta property=\"og:image:secure_url\" content=\"https:\/\/www.eldigitaldeasturias.com\/noticias\/wp-content\/uploads\/2016\/09\/fotonoticia_20160905112033_800.jpg\" \/>\n\t\t<meta property=\"og:image:width\" content=\"800\" \/>\n\t\t<meta property=\"og:image:height\" content=\"800\" \/>\n\t\t<meta property=\"article:tag\" content=\"actualidad asturias\" \/>\n\t\t<meta property=\"article:published_time\" content=\"2016-09-05T22:37:03+00:00\" \/>\n\t\t<meta property=\"article:modified_time\" content=\"2016-09-05T22:37:03+00:00\" \/>\n\t\t<meta property=\"article:publisher\" content=\"https:\/\/facebook.com\/eldigitaldeasturias\" \/>\n\t\t<meta name=\"twitter:card\" content=\"summary_large_image\" \/>\n\t\t<meta name=\"twitter:title\" content=\"Men\u00e9ndez Blanco critica la falta de criterio de muchos arque\u00f3logos en el tratamiento de la toponimia tradicional - El Digital de Asturias\" \/>\n\t\t<meta name=\"twitter:description\" content=\"El investigador de la Universidad de Oviedo Andr\u00e9s Men\u00e9ndez Blanco cuestiona el tratamiento de la toponimia tradicional que hacen buena parte de los arque\u00f3logos que estudian yacimientos en el occidente de Asturias, y cuya pr\u00e1ctica conlleva, a su juicio, importantes errores e imprecisiones, tanto en lo que se refiere a nombres como a ubicaciones geogr\u00e1ficas.\" \/>\n\t\t<meta name=\"twitter:image\" content=\"https:\/\/www.eldigitaldeasturias.com\/noticias\/wp-content\/uploads\/2016\/09\/fotonoticia_20160905112033_800.jpg\" \/>\n\t\t<meta name=\"twitter:label1\" content=\"Escrito por\" \/>\n\t\t<meta name=\"twitter:data1\" content=\"El Digital de Asturias\" \/>\n\t\t<meta name=\"twitter:label2\" content=\"Tiempo de lectura estimado\" \/>\n\t\t<meta name=\"twitter:data2\" content=\"3 minutos\" \/>\n\t\t<script type=\"application\/ld+json\" class=\"aioseo-schema\">\n\t\t\t{\"@context\":\"https:\\\/\\\/schema.org\",\"@graph\":[{\"@type\":\"BlogPosting\",\"@id\":\"https:\\\/\\\/www.eldigitaldeasturias.com\\\/noticias\\\/menendez-blanco-critica-la-falta-de-criterio-de-muchos-arqueologos-en-el-tratamiento-de-la-toponimia-tradicional\\\/#blogposting\",\"name\":\"Men\\u00e9ndez Blanco critica la falta de criterio de muchos arque\\u00f3logos en el tratamiento de la toponimia tradicional - El Digital de Asturias\",\"headline\":\"Men\\u00e9ndez Blanco critica la falta de criterio de muchos arque\\u00f3logos en el tratamiento de la toponimia tradicional\",\"author\":{\"@id\":\"https:\\\/\\\/www.eldigitaldeasturias.com\\\/noticias\\\/author\\\/admin\\\/#author\"},\"publisher\":{\"@id\":\"https:\\\/\\\/www.eldigitaldeasturias.com\\\/noticias\\\/#organization\"},\"image\":{\"@type\":\"ImageObject\",\"url\":\"https:\\\/\\\/www.eldigitaldeasturias.com\\\/noticias\\\/wp-content\\\/uploads\\\/2016\\\/09\\\/fotonoticia_20160905112033_800.jpg\",\"width\":800,\"height\":800},\"datePublished\":\"2016-09-05T23:37:03+02:00\",\"dateModified\":\"2016-09-05T23:37:03+02:00\",\"inLanguage\":\"es-ES\",\"mainEntityOfPage\":{\"@id\":\"https:\\\/\\\/www.eldigitaldeasturias.com\\\/noticias\\\/menendez-blanco-critica-la-falta-de-criterio-de-muchos-arqueologos-en-el-tratamiento-de-la-toponimia-tradicional\\\/#webpage\"},\"isPartOf\":{\"@id\":\"https:\\\/\\\/www.eldigitaldeasturias.com\\\/noticias\\\/menendez-blanco-critica-la-falta-de-criterio-de-muchos-arqueologos-en-el-tratamiento-de-la-toponimia-tradicional\\\/#webpage\"},\"articleSection\":\"Actualidad Asturias\"},{\"@type\":\"BreadcrumbList\",\"@id\":\"https:\\\/\\\/www.eldigitaldeasturias.com\\\/noticias\\\/menendez-blanco-critica-la-falta-de-criterio-de-muchos-arqueologos-en-el-tratamiento-de-la-toponimia-tradicional\\\/#breadcrumblist\",\"itemListElement\":[{\"@type\":\"ListItem\",\"@id\":\"https:\\\/\\\/www.eldigitaldeasturias.com\\\/noticias#listItem\",\"position\":1,\"name\":\"Home\",\"item\":\"https:\\\/\\\/www.eldigitaldeasturias.com\\\/noticias\",\"nextItem\":{\"@type\":\"ListItem\",\"@id\":\"https:\\\/\\\/www.eldigitaldeasturias.com\\\/noticias\\\/category\\\/actualidad-asturias\\\/#listItem\",\"name\":\"Actualidad Asturias\"}},{\"@type\":\"ListItem\",\"@id\":\"https:\\\/\\\/www.eldigitaldeasturias.com\\\/noticias\\\/category\\\/actualidad-asturias\\\/#listItem\",\"position\":2,\"name\":\"Actualidad Asturias\",\"item\":\"https:\\\/\\\/www.eldigitaldeasturias.com\\\/noticias\\\/category\\\/actualidad-asturias\\\/\",\"nextItem\":{\"@type\":\"ListItem\",\"@id\":\"https:\\\/\\\/www.eldigitaldeasturias.com\\\/noticias\\\/menendez-blanco-critica-la-falta-de-criterio-de-muchos-arqueologos-en-el-tratamiento-de-la-toponimia-tradicional\\\/#listItem\",\"name\":\"Men\\u00e9ndez Blanco critica la falta de criterio de muchos arque\\u00f3logos en el tratamiento de la toponimia tradicional\"},\"previousItem\":{\"@type\":\"ListItem\",\"@id\":\"https:\\\/\\\/www.eldigitaldeasturias.com\\\/noticias#listItem\",\"name\":\"Home\"}},{\"@type\":\"ListItem\",\"@id\":\"https:\\\/\\\/www.eldigitaldeasturias.com\\\/noticias\\\/menendez-blanco-critica-la-falta-de-criterio-de-muchos-arqueologos-en-el-tratamiento-de-la-toponimia-tradicional\\\/#listItem\",\"position\":3,\"name\":\"Men\\u00e9ndez Blanco critica la falta de criterio de muchos arque\\u00f3logos en el tratamiento de la toponimia tradicional\",\"previousItem\":{\"@type\":\"ListItem\",\"@id\":\"https:\\\/\\\/www.eldigitaldeasturias.com\\\/noticias\\\/category\\\/actualidad-asturias\\\/#listItem\",\"name\":\"Actualidad Asturias\"}}]},{\"@type\":\"Organization\",\"@id\":\"https:\\\/\\\/www.eldigitaldeasturias.com\\\/noticias\\\/#organization\",\"name\":\"El Digital de Asturias\",\"description\":\"Hemeroteca\",\"url\":\"https:\\\/\\\/www.eldigitaldeasturias.com\\\/noticias\\\/\",\"email\":\"info@eldigitaldeasturias.com\",\"telephone\":\"+34652131393\",\"logo\":{\"@type\":\"ImageObject\",\"url\":\"https:\\\/\\\/www.eldigitaldeasturias.com\\\/noticias\\\/wp-content\\\/uploads\\\/2020\\\/12\\\/EDA.jpg\",\"@id\":\"https:\\\/\\\/www.eldigitaldeasturias.com\\\/noticias\\\/menendez-blanco-critica-la-falta-de-criterio-de-muchos-arqueologos-en-el-tratamiento-de-la-toponimia-tradicional\\\/#organizationLogo\",\"width\":649,\"height\":297},\"image\":{\"@id\":\"https:\\\/\\\/www.eldigitaldeasturias.com\\\/noticias\\\/menendez-blanco-critica-la-falta-de-criterio-de-muchos-arqueologos-en-el-tratamiento-de-la-toponimia-tradicional\\\/#organizationLogo\"},\"sameAs\":[\"https:\\\/\\\/facebook.com\\\/eldigitaldeasturias\",\"https:\\\/\\\/www.youtube.com\\\/channel\\\/UCZP-2wLEB9Rv6erhFmqVnvg\"],\"address\":{\"@id\":\"https:\\\/\\\/www.eldigitaldeasturias.com\\\/noticias\\\/#postaladdress\",\"@type\":\"PostalAddress\",\"streetAddress\":\"san antonio 4,\",\"postalCode\":\"33430\",\"addressLocality\":\"Cand\\u00e1s\",\"addressRegion\":\"Asturias\",\"addressCountry\":\"ES\"}},{\"@type\":\"Person\",\"@id\":\"https:\\\/\\\/www.eldigitaldeasturias.com\\\/noticias\\\/author\\\/admin\\\/#author\",\"url\":\"https:\\\/\\\/www.eldigitaldeasturias.com\\\/noticias\\\/author\\\/admin\\\/\",\"name\":\"El Digital de Asturias\",\"image\":{\"@type\":\"ImageObject\",\"@id\":\"https:\\\/\\\/www.eldigitaldeasturias.com\\\/noticias\\\/menendez-blanco-critica-la-falta-de-criterio-de-muchos-arqueologos-en-el-tratamiento-de-la-toponimia-tradicional\\\/#authorImage\",\"url\":\"https:\\\/\\\/www.eldigitaldeasturias.com\\\/noticias\\\/wp-content\\\/litespeed\\\/avatar\\\/18677e78aa0546b92d9dbf31ec7d7668.jpg?ver=1777290358\",\"width\":96,\"height\":96,\"caption\":\"El Digital de Asturias\"}},{\"@type\":\"WebPage\",\"@id\":\"https:\\\/\\\/www.eldigitaldeasturias.com\\\/noticias\\\/menendez-blanco-critica-la-falta-de-criterio-de-muchos-arqueologos-en-el-tratamiento-de-la-toponimia-tradicional\\\/#webpage\",\"url\":\"https:\\\/\\\/www.eldigitaldeasturias.com\\\/noticias\\\/menendez-blanco-critica-la-falta-de-criterio-de-muchos-arqueologos-en-el-tratamiento-de-la-toponimia-tradicional\\\/\",\"name\":\"Men\\u00e9ndez Blanco critica la falta de criterio de muchos arque\\u00f3logos en el tratamiento de la toponimia tradicional - El Digital de Asturias\",\"description\":\"El investigador de la Universidad de Oviedo Andr\\u00e9s Men\\u00e9ndez Blanco cuestiona el tratamiento de la toponimia tradicional que hacen buena parte de los arque\\u00f3logos que estudian yacimientos en el occidente de Asturias, y cuya pr\\u00e1ctica conlleva, a su juicio, importantes errores e imprecisiones, tanto en lo que se refiere a nombres como a ubicaciones geogr\\u00e1ficas.\",\"inLanguage\":\"es-ES\",\"isPartOf\":{\"@id\":\"https:\\\/\\\/www.eldigitaldeasturias.com\\\/noticias\\\/#website\"},\"breadcrumb\":{\"@id\":\"https:\\\/\\\/www.eldigitaldeasturias.com\\\/noticias\\\/menendez-blanco-critica-la-falta-de-criterio-de-muchos-arqueologos-en-el-tratamiento-de-la-toponimia-tradicional\\\/#breadcrumblist\"},\"author\":{\"@id\":\"https:\\\/\\\/www.eldigitaldeasturias.com\\\/noticias\\\/author\\\/admin\\\/#author\"},\"creator\":{\"@id\":\"https:\\\/\\\/www.eldigitaldeasturias.com\\\/noticias\\\/author\\\/admin\\\/#author\"},\"image\":{\"@type\":\"ImageObject\",\"url\":\"https:\\\/\\\/www.eldigitaldeasturias.com\\\/noticias\\\/wp-content\\\/uploads\\\/2016\\\/09\\\/fotonoticia_20160905112033_800.jpg\",\"@id\":\"https:\\\/\\\/www.eldigitaldeasturias.com\\\/noticias\\\/menendez-blanco-critica-la-falta-de-criterio-de-muchos-arqueologos-en-el-tratamiento-de-la-toponimia-tradicional\\\/#mainImage\",\"width\":800,\"height\":800},\"primaryImageOfPage\":{\"@id\":\"https:\\\/\\\/www.eldigitaldeasturias.com\\\/noticias\\\/menendez-blanco-critica-la-falta-de-criterio-de-muchos-arqueologos-en-el-tratamiento-de-la-toponimia-tradicional\\\/#mainImage\"},\"datePublished\":\"2016-09-05T23:37:03+02:00\",\"dateModified\":\"2016-09-05T23:37:03+02:00\"},{\"@type\":\"WebSite\",\"@id\":\"https:\\\/\\\/www.eldigitaldeasturias.com\\\/noticias\\\/#website\",\"url\":\"https:\\\/\\\/www.eldigitaldeasturias.com\\\/noticias\\\/\",\"name\":\"El Digital de Asturias - Diario de actualidad y noticias\",\"alternateName\":\"El Digital de Asturias - Diario de actualidad y noticias\",\"description\":\"Hemeroteca\",\"inLanguage\":\"es-ES\",\"publisher\":{\"@id\":\"https:\\\/\\\/www.eldigitaldeasturias.com\\\/noticias\\\/#organization\"}}]}\n\t\t<\/script>\n\t\t<!-- All in One SEO Pro -->\r\n\t\t<title>Men\u00e9ndez Blanco critica la falta de criterio de muchos arque\u00f3logos en el tratamiento de la toponimia tradicional - El Digital de Asturias<\/title>\n\n","aioseo_head_json":{"title":"Men\u00e9ndez Blanco critica la falta de criterio de muchos arque\u00f3logos en el tratamiento de la toponimia tradicional - El Digital de Asturias","description":"El investigador de la Universidad de Oviedo Andr\u00e9s Men\u00e9ndez Blanco cuestiona el tratamiento de la toponimia tradicional que hacen buena parte de los arque\u00f3logos que estudian yacimientos en el occidente de Asturias, y cuya pr\u00e1ctica conlleva, a su juicio, importantes errores e imprecisiones, tanto en lo que se refiere a nombres como a ubicaciones geogr\u00e1ficas.","canonical_url":"https:\/\/www.eldigitaldeasturias.com\/noticias\/menendez-blanco-critica-la-falta-de-criterio-de-muchos-arqueologos-en-el-tratamiento-de-la-toponimia-tradicional\/","robots":"max-image-preview:large","keywords":"actualidad asturias","webmasterTools":{"google-site-verification":"UA-38556648-1","msvalidate.01":"7dfe9f3f1b24437ab69f4f2559babe99","miscellaneous":""},"schema":{"@context":"https:\/\/schema.org","@graph":[{"@type":"BlogPosting","@id":"https:\/\/www.eldigitaldeasturias.com\/noticias\/menendez-blanco-critica-la-falta-de-criterio-de-muchos-arqueologos-en-el-tratamiento-de-la-toponimia-tradicional\/#blogposting","name":"Men\u00e9ndez Blanco critica la falta de criterio de muchos arque\u00f3logos en el tratamiento de la toponimia tradicional - El Digital de Asturias","headline":"Men\u00e9ndez Blanco critica la falta de criterio de muchos arque\u00f3logos en el tratamiento de la toponimia tradicional","author":{"@id":"https:\/\/www.eldigitaldeasturias.com\/noticias\/author\/admin\/#author"},"publisher":{"@id":"https:\/\/www.eldigitaldeasturias.com\/noticias\/#organization"},"image":{"@type":"ImageObject","url":"https:\/\/www.eldigitaldeasturias.com\/noticias\/wp-content\/uploads\/2016\/09\/fotonoticia_20160905112033_800.jpg","width":800,"height":800},"datePublished":"2016-09-05T23:37:03+02:00","dateModified":"2016-09-05T23:37:03+02:00","inLanguage":"es-ES","mainEntityOfPage":{"@id":"https:\/\/www.eldigitaldeasturias.com\/noticias\/menendez-blanco-critica-la-falta-de-criterio-de-muchos-arqueologos-en-el-tratamiento-de-la-toponimia-tradicional\/#webpage"},"isPartOf":{"@id":"https:\/\/www.eldigitaldeasturias.com\/noticias\/menendez-blanco-critica-la-falta-de-criterio-de-muchos-arqueologos-en-el-tratamiento-de-la-toponimia-tradicional\/#webpage"},"articleSection":"Actualidad Asturias"},{"@type":"BreadcrumbList","@id":"https:\/\/www.eldigitaldeasturias.com\/noticias\/menendez-blanco-critica-la-falta-de-criterio-de-muchos-arqueologos-en-el-tratamiento-de-la-toponimia-tradicional\/#breadcrumblist","itemListElement":[{"@type":"ListItem","@id":"https:\/\/www.eldigitaldeasturias.com\/noticias#listItem","position":1,"name":"Home","item":"https:\/\/www.eldigitaldeasturias.com\/noticias","nextItem":{"@type":"ListItem","@id":"https:\/\/www.eldigitaldeasturias.com\/noticias\/category\/actualidad-asturias\/#listItem","name":"Actualidad Asturias"}},{"@type":"ListItem","@id":"https:\/\/www.eldigitaldeasturias.com\/noticias\/category\/actualidad-asturias\/#listItem","position":2,"name":"Actualidad Asturias","item":"https:\/\/www.eldigitaldeasturias.com\/noticias\/category\/actualidad-asturias\/","nextItem":{"@type":"ListItem","@id":"https:\/\/www.eldigitaldeasturias.com\/noticias\/menendez-blanco-critica-la-falta-de-criterio-de-muchos-arqueologos-en-el-tratamiento-de-la-toponimia-tradicional\/#listItem","name":"Men\u00e9ndez Blanco critica la falta de criterio de muchos arque\u00f3logos en el tratamiento de la toponimia tradicional"},"previousItem":{"@type":"ListItem","@id":"https:\/\/www.eldigitaldeasturias.com\/noticias#listItem","name":"Home"}},{"@type":"ListItem","@id":"https:\/\/www.eldigitaldeasturias.com\/noticias\/menendez-blanco-critica-la-falta-de-criterio-de-muchos-arqueologos-en-el-tratamiento-de-la-toponimia-tradicional\/#listItem","position":3,"name":"Men\u00e9ndez Blanco critica la falta de criterio de muchos arque\u00f3logos en el tratamiento de la toponimia tradicional","previousItem":{"@type":"ListItem","@id":"https:\/\/www.eldigitaldeasturias.com\/noticias\/category\/actualidad-asturias\/#listItem","name":"Actualidad Asturias"}}]},{"@type":"Organization","@id":"https:\/\/www.eldigitaldeasturias.com\/noticias\/#organization","name":"El Digital de Asturias","description":"Hemeroteca","url":"https:\/\/www.eldigitaldeasturias.com\/noticias\/","email":"info@eldigitaldeasturias.com","telephone":"+34652131393","logo":{"@type":"ImageObject","url":"https:\/\/www.eldigitaldeasturias.com\/noticias\/wp-content\/uploads\/2020\/12\/EDA.jpg","@id":"https:\/\/www.eldigitaldeasturias.com\/noticias\/menendez-blanco-critica-la-falta-de-criterio-de-muchos-arqueologos-en-el-tratamiento-de-la-toponimia-tradicional\/#organizationLogo","width":649,"height":297},"image":{"@id":"https:\/\/www.eldigitaldeasturias.com\/noticias\/menendez-blanco-critica-la-falta-de-criterio-de-muchos-arqueologos-en-el-tratamiento-de-la-toponimia-tradicional\/#organizationLogo"},"sameAs":["https:\/\/facebook.com\/eldigitaldeasturias","https:\/\/www.youtube.com\/channel\/UCZP-2wLEB9Rv6erhFmqVnvg"],"address":{"@id":"https:\/\/www.eldigitaldeasturias.com\/noticias\/#postaladdress","@type":"PostalAddress","streetAddress":"san antonio 4,","postalCode":"33430","addressLocality":"Cand\u00e1s","addressRegion":"Asturias","addressCountry":"ES"}},{"@type":"Person","@id":"https:\/\/www.eldigitaldeasturias.com\/noticias\/author\/admin\/#author","url":"https:\/\/www.eldigitaldeasturias.com\/noticias\/author\/admin\/","name":"El Digital de Asturias","image":{"@type":"ImageObject","@id":"https:\/\/www.eldigitaldeasturias.com\/noticias\/menendez-blanco-critica-la-falta-de-criterio-de-muchos-arqueologos-en-el-tratamiento-de-la-toponimia-tradicional\/#authorImage","url":"https:\/\/www.eldigitaldeasturias.com\/noticias\/wp-content\/litespeed\/avatar\/18677e78aa0546b92d9dbf31ec7d7668.jpg?ver=1777290358","width":96,"height":96,"caption":"El Digital de Asturias"}},{"@type":"WebPage","@id":"https:\/\/www.eldigitaldeasturias.com\/noticias\/menendez-blanco-critica-la-falta-de-criterio-de-muchos-arqueologos-en-el-tratamiento-de-la-toponimia-tradicional\/#webpage","url":"https:\/\/www.eldigitaldeasturias.com\/noticias\/menendez-blanco-critica-la-falta-de-criterio-de-muchos-arqueologos-en-el-tratamiento-de-la-toponimia-tradicional\/","name":"Men\u00e9ndez Blanco critica la falta de criterio de muchos arque\u00f3logos en el tratamiento de la toponimia tradicional - El Digital de Asturias","description":"El investigador de la Universidad de Oviedo Andr\u00e9s Men\u00e9ndez Blanco cuestiona el tratamiento de la toponimia tradicional que hacen buena parte de los arque\u00f3logos que estudian yacimientos en el occidente de Asturias, y cuya pr\u00e1ctica conlleva, a su juicio, importantes errores e imprecisiones, tanto en lo que se refiere a nombres como a ubicaciones geogr\u00e1ficas.","inLanguage":"es-ES","isPartOf":{"@id":"https:\/\/www.eldigitaldeasturias.com\/noticias\/#website"},"breadcrumb":{"@id":"https:\/\/www.eldigitaldeasturias.com\/noticias\/menendez-blanco-critica-la-falta-de-criterio-de-muchos-arqueologos-en-el-tratamiento-de-la-toponimia-tradicional\/#breadcrumblist"},"author":{"@id":"https:\/\/www.eldigitaldeasturias.com\/noticias\/author\/admin\/#author"},"creator":{"@id":"https:\/\/www.eldigitaldeasturias.com\/noticias\/author\/admin\/#author"},"image":{"@type":"ImageObject","url":"https:\/\/www.eldigitaldeasturias.com\/noticias\/wp-content\/uploads\/2016\/09\/fotonoticia_20160905112033_800.jpg","@id":"https:\/\/www.eldigitaldeasturias.com\/noticias\/menendez-blanco-critica-la-falta-de-criterio-de-muchos-arqueologos-en-el-tratamiento-de-la-toponimia-tradicional\/#mainImage","width":800,"height":800},"primaryImageOfPage":{"@id":"https:\/\/www.eldigitaldeasturias.com\/noticias\/menendez-blanco-critica-la-falta-de-criterio-de-muchos-arqueologos-en-el-tratamiento-de-la-toponimia-tradicional\/#mainImage"},"datePublished":"2016-09-05T23:37:03+02:00","dateModified":"2016-09-05T23:37:03+02:00"},{"@type":"WebSite","@id":"https:\/\/www.eldigitaldeasturias.com\/noticias\/#website","url":"https:\/\/www.eldigitaldeasturias.com\/noticias\/","name":"El Digital de Asturias - Diario de actualidad y noticias","alternateName":"El Digital de Asturias - Diario de actualidad y noticias","description":"Hemeroteca","inLanguage":"es-ES","publisher":{"@id":"https:\/\/www.eldigitaldeasturias.com\/noticias\/#organization"}}]},"og:locale":"es_ES","og:site_name":"El Digital de Asturias","og:type":"article","og:title":"Men\u00e9ndez Blanco critica la falta de criterio de muchos arque\u00f3logos en el tratamiento de la toponimia tradicional - El Digital de Asturias","og:description":"El investigador de la Universidad de Oviedo Andr\u00e9s Men\u00e9ndez Blanco cuestiona el tratamiento de la toponimia tradicional que hacen buena parte de los arque\u00f3logos que estudian yacimientos en el occidente de Asturias, y cuya pr\u00e1ctica conlleva, a su juicio, importantes errores e imprecisiones, tanto en lo que se refiere a nombres como a ubicaciones geogr\u00e1ficas.","og:url":"https:\/\/www.eldigitaldeasturias.com\/noticias\/menendez-blanco-critica-la-falta-de-criterio-de-muchos-arqueologos-en-el-tratamiento-de-la-toponimia-tradicional\/","og:image":"https:\/\/www.eldigitaldeasturias.com\/noticias\/wp-content\/uploads\/2016\/09\/fotonoticia_20160905112033_800.jpg","og:image:secure_url":"https:\/\/www.eldigitaldeasturias.com\/noticias\/wp-content\/uploads\/2016\/09\/fotonoticia_20160905112033_800.jpg","og:image:width":800,"og:image:height":800,"article:tag":["actualidad asturias"],"article:published_time":"2016-09-05T22:37:03+00:00","article:modified_time":"2016-09-05T22:37:03+00:00","article:publisher":"https:\/\/facebook.com\/eldigitaldeasturias","twitter:card":"summary_large_image","twitter:title":"Men\u00e9ndez Blanco critica la falta de criterio de muchos arque\u00f3logos en el tratamiento de la toponimia tradicional - El Digital de Asturias","twitter:description":"El investigador de la Universidad de Oviedo Andr\u00e9s Men\u00e9ndez Blanco cuestiona el tratamiento de la toponimia tradicional que hacen buena parte de los arque\u00f3logos que estudian yacimientos en el occidente de Asturias, y cuya pr\u00e1ctica conlleva, a su juicio, importantes errores e imprecisiones, tanto en lo que se refiere a nombres como a ubicaciones geogr\u00e1ficas.","twitter:image":"https:\/\/www.eldigitaldeasturias.com\/noticias\/wp-content\/uploads\/2016\/09\/fotonoticia_20160905112033_800.jpg","twitter:label1":"Escrito por","twitter:data1":"El Digital de Asturias","twitter:label2":"Tiempo de lectura estimado","twitter:data2":"3 minutos"},"aioseo_meta_data":{"post_id":"905945","title":null,"description":null,"keywords":null,"keyphrases":null,"primary_term":null,"canonical_url":null,"og_title":null,"og_description":null,"og_object_type":"default","og_image_type":"default","og_image_url":null,"og_image_width":null,"og_image_height":null,"og_image_custom_url":null,"og_image_custom_fields":null,"og_video":null,"og_custom_url":null,"og_article_section":null,"og_article_tags":null,"twitter_use_og":false,"twitter_card":"default","twitter_image_type":"default","twitter_image_url":null,"twitter_image_custom_url":null,"twitter_image_custom_fields":null,"twitter_title":null,"twitter_description":null,"schema":{"blockGraphs":[],"customGraphs":[],"default":{"data":{"Article":[],"Course":[],"Dataset":[],"FAQPage":[],"Movie":[],"Person":[],"Product":[],"ProductReview":[],"Car":[],"Recipe":[],"Service":[],"SoftwareApplication":[],"WebPage":[]},"graphName":"","isEnabled":true},"graphs":[],"defaultGraph":"","defaultPostTypeGraph":""},"schema_type":null,"schema_type_options":null,"pillar_content":false,"robots_default":true,"robots_noindex":false,"robots_noarchive":false,"robots_nosnippet":false,"robots_nofollow":false,"robots_noimageindex":false,"robots_noodp":false,"robots_notranslate":false,"robots_max_snippet":null,"robots_max_videopreview":null,"robots_max_imagepreview":"large","priority":null,"frequency":null,"local_seo":null,"seo_analyzer_scan_date":"2025-11-30 07:21:13","breadcrumb_settings":null,"limit_modified_date":false,"open_ai":null,"ai":null,"created":"2020-12-21 14:02:05","updated":"2025-11-30 07:21:13"},"aioseo_breadcrumb":"<div class=\"aioseo-breadcrumbs\"><span class=\"aioseo-breadcrumb\">\n\t<a href=\"https:\/\/www.eldigitaldeasturias.com\/noticias\" title=\"Home\">Home<\/a>\n<\/span><span class=\"aioseo-breadcrumb-separator\">\u2013<\/span><span class=\"aioseo-breadcrumb\">\n\t<a href=\"https:\/\/www.eldigitaldeasturias.com\/noticias\/category\/actualidad-asturias\/\" title=\"Actualidad Asturias\">Actualidad Asturias<\/a>\n<\/span><span class=\"aioseo-breadcrumb-separator\">\u2013<\/span><span class=\"aioseo-breadcrumb\">\n\t<a href=\"https:\/\/www.eldigitaldeasturias.com\/noticias\/menendez-blanco-critica-la-falta-de-criterio-de-muchos-arqueologos-en-el-tratamiento-de-la-toponimia-tradicional\/\" title=\"Men\u00e9ndez Blanco critica la falta de criterio de muchos arque\u00f3logos en el tratamiento de la toponimia tradicional\">Men\u00e9ndez Blanco critica la falta de criterio de muchos arque\u00f3logos en el tratamiento de la toponimia tradicional<\/a>\n<\/span><\/div>","aioseo_breadcrumb_json":[{"label":"Home","link":"https:\/\/www.eldigitaldeasturias.com\/noticias"},{"label":"Actualidad Asturias","link":"https:\/\/www.eldigitaldeasturias.com\/noticias\/category\/actualidad-asturias\/"},{"label":"Men\u00e9ndez Blanco critica la falta de criterio de muchos arque\u00f3logos en el tratamiento de la toponimia tradicional","link":"https:\/\/www.eldigitaldeasturias.com\/noticias\/menendez-blanco-critica-la-falta-de-criterio-de-muchos-arqueologos-en-el-tratamiento-de-la-toponimia-tradicional\/"}],"_links":{"self":[{"href":"https:\/\/www.eldigitaldeasturias.com\/noticias\/wp-json\/wp\/v2\/posts\/905945","targetHints":{"allow":["GET"]}}],"collection":[{"href":"https:\/\/www.eldigitaldeasturias.com\/noticias\/wp-json\/wp\/v2\/posts"}],"about":[{"href":"https:\/\/www.eldigitaldeasturias.com\/noticias\/wp-json\/wp\/v2\/types\/post"}],"author":[{"embeddable":true,"href":"https:\/\/www.eldigitaldeasturias.com\/noticias\/wp-json\/wp\/v2\/users\/1"}],"replies":[{"embeddable":true,"href":"https:\/\/www.eldigitaldeasturias.com\/noticias\/wp-json\/wp\/v2\/comments?post=905945"}],"version-history":[{"count":0,"href":"https:\/\/www.eldigitaldeasturias.com\/noticias\/wp-json\/wp\/v2\/posts\/905945\/revisions"}],"wp:featuredmedia":[{"embeddable":true,"href":"https:\/\/www.eldigitaldeasturias.com\/noticias\/wp-json\/wp\/v2\/media\/905946"}],"wp:attachment":[{"href":"https:\/\/www.eldigitaldeasturias.com\/noticias\/wp-json\/wp\/v2\/media?parent=905945"}],"wp:term":[{"taxonomy":"category","embeddable":true,"href":"https:\/\/www.eldigitaldeasturias.com\/noticias\/wp-json\/wp\/v2\/categories?post=905945"},{"taxonomy":"post_tag","embeddable":true,"href":"https:\/\/www.eldigitaldeasturias.com\/noticias\/wp-json\/wp\/v2\/tags?post=905945"}],"curies":[{"name":"wp","href":"https:\/\/api.w.org\/{rel}","templated":true}]}}