{"id":901983,"date":"2016-08-09T11:46:38","date_gmt":"2016-08-09T10:46:38","guid":{"rendered":"http:\/\/www.eldigitaldeasturias.com\/noticias\/?p=901983"},"modified":"2016-08-09T11:46:38","modified_gmt":"2016-08-09T10:46:38","slug":"ad-vientu-terminal-so-prosproduccion","status":"publish","type":"post","link":"https:\/\/www.eldigitaldeasturias.com\/noticias\/ad-vientu-terminal-so-prosproduccion\/","title":{"rendered":"&#8216;Ad-Vientu&#8217; termina&#8217;l so prosproducci\u00f3n"},"content":{"rendered":"<p><img loading=\"lazy\" decoding=\"async\" class=\"alignleft size-medium wp-image-901984\" src=\"https:\/\/www.eldigitaldeasturias.com\/noticias\/wp-content\/uploads\/2016\/08\/fotonoticia_20160808181821_800-360x203.jpg\" alt=\"fotonoticia_20160808181821_800\" width=\"360\" height=\"203\" srcset=\"https:\/\/www.eldigitaldeasturias.com\/noticias\/wp-content\/uploads\/2016\/08\/fotonoticia_20160808181821_800-360x203.jpg 360w, https:\/\/www.eldigitaldeasturias.com\/noticias\/wp-content\/uploads\/2016\/08\/fotonoticia_20160808181821_800-768x432.jpg 768w, https:\/\/www.eldigitaldeasturias.com\/noticias\/wp-content\/uploads\/2016\/08\/fotonoticia_20160808181821_800-650x366.jpg 650w, https:\/\/www.eldigitaldeasturias.com\/noticias\/wp-content\/uploads\/2016\/08\/fotonoticia_20160808181821_800.jpg 800w\" sizes=\"auto, (max-width: 360px) 100vw, 360px\" \/>&#8216;Ad-vientu&#8217;, curtiumetraxe rod\u00e1u n&#8217;asturianu polos directores Roberto F. Canutu (Asturies) y Xu Xiaoxi (China), remat\u00f3&#8217;l so procesu de posproducci\u00f3n. Almost Rede Productions y\u00e1 public\u00f3&#8217;l tr\u00e1iler y el cartelu oficial (dise\u00f1\u00e1u pola prestixosa artista sudafricana La so Opperman), al pie de una selecci\u00f3n de fotogrames del curtiu. Tou ello va tar disponible na so web oficial, advientufilm.com, que se va publicar nos pr\u00f3ximos d\u00edes y puede aportase nestos momentos na so p\u00e1xina de Facebook (facebook.com\/advientu).<\/p>\n<p>Ad-vientu ye un drama psicol\u00f3xicu de misteriu que narra la hestoria de Suso, un mozu ensin trabayu y ensin futuru, que n&#8217;escorriendo a una peculiar nueva, \u00e9sta termina refundi\u00e1ndose por un cantil ensin qu&#8217;\u00e9l pueda evitalo. \u00bfQui\u00e9n yera y qu\u00e9 quer\u00eda dici-y? Suso va buscar respuestes que pueden esperta-y alcordances del pas\u00e1u ya inclusive que-y faigan replantegar se la so verdadera identid\u00e1.<\/p>\n<p>Los planes de distribuci\u00f3n de Ad-vientu engloban Asturies, y diversos festivales nacionales ya internacionales.<\/p>\n<p>El director asturianu Roberto F. Canutu y el cineasta chinu Xu Xiaoxi, responsables de t\u00edtulos como la galardonada &#8216;Sand\u00eda Amargosa&#8217;, &#8216;Nin Jing: Nun Vas Robar&#8217; o&#8217;l llargumetraxe &#8216;Desire Street&#8217; (presentes en delles ediciones del FICXix\u00f3n, con nominaciones nos premios GAVA y dellos premios internacionales), realicen con &#8216;Ad-vientu&#8217; el so primer trabayu n&#8217;Espa\u00f1a y n&#8217;asturianu.<\/p>\n<p>La compa\u00f1\u00eda china de el directores, Almost Rede Productions y el espa\u00f1oles Arkadin Ediciones, de los asturianos Javi y Jos\u00e9 Gonz\u00e1lez-Fierro Santos (editorial especializada nel audiovisual y qu&#8217;empecipia la so andadura na producci\u00f3n) n&#8217;asociaci\u00f3n con Producciones Viesqueswood (de l&#8217;actriz y productora Beatriz Mer\u00e9), son les responsables de la producci\u00f3n, \u00edntegramente falada n&#8217;asturianu. Los llugares de rodaxe fueron Carre\u00f1o (Sableres y senderos de Perlora y Xivares) y Avil\u00e9s (Cascu hist\u00f3ricu y campusantu de La Carriona).<\/p>\n<p>El directores manifestaron la importancia del usu de la llingua asturiana en Ad-vientu, idioma que precisa sofitos nel so espardimientu y un impulsu pa consiguir la oficialid\u00e1. L&#8217;usu d&#8217;asturianu, xunto la so fotograf\u00eda po\u00e9tica y m\u00fasica suxerente, sirvi\u00f3 pa crear una atm\u00f3sfera especial, por cuenta del so usu gramatical bien acad\u00e9micu y desprovistu d&#8217;acentu, supervis\u00e1u pola profesora y esperta na llingua Laura Prieto Rodr\u00edguez.<\/p>\n<p>Ad-vientu ta protagoniz\u00e1u por David Sotu Giganto, actor perteneciente a la Compa\u00f1\u00eda Nacional de Teatru Cl\u00e1sicu y gradu\u00e1u pola ESAD (Escuela Cimera d&#8217;Arte Dram\u00e1tico d&#8217;Asturies). Al pie de \u00e9l atopamos a la nueva promesa Ici D\u00edaz (estudiante de la ESAD).<\/p>\n<p>Na prestixosa repartida, Lidia M\u00e9ndez (actriz con amplia esperiencia teatral n&#8217;obres como Open Doors o ADN), Beatriz Mer\u00e9 (tami\u00e9n responsable de producci\u00f3n, graduada pola ESAD y con trabayos como Ente Ll\u00ednees y Proyectu Holden) o David Blanka (con una estensa filmograf\u00eda y nom\u00e1u al premiu GAVA 2015 a meyor actor).<\/p>\n<p>La banda sonora foi compuesta pol maestru Andrea Centazzo, collaborador habitual de el directores y autor multi-premi\u00e1u, que cunta nel so haber mas de cien \u00e1lbumes editaos y xires polos cinco continentes.<\/p>\n<p>El restu d&#8217;integrantes de la producci\u00f3n son na so mayor\u00eda asturianos o cunten con importante esperiencia en producciones n&#8217;Asturies. Ente ellos at\u00f3pense Maril\u00fa Cases (ayudante de direcci\u00f3n y script), Javier Iglesias Rodr\u00edguez (son\u00edu), Natalia Fern\u00e1ndez Canutu (nel equipu de producci\u00f3n y responsable de maquillaxe y peluquer\u00eda) o los auxiliares de producci\u00f3n Domingo Rodr\u00edguez Acebal y Jos\u00e9 Manuel Monge (esti postreru con un ampliu bagaxe na direcci\u00f3n cinematogr\u00e1fica).<\/p>\n<p>El xixon\u00e9s Roberto F. Canutu, llicenci\u00e1u en Comunicaci\u00f3n Audiovisual pola Universid\u00e1 Complutense de Madrid, con un Master en Direcci\u00f3n na New York Filme Academy de los Estudios Universal de Hollywood, complet\u00f3 la so trayectoria en China de la mano de Xu Xiaoxi, natural de Chengdu (Sichuan, China), que&#8217;l so cam\u00edn va dende los sos estudios de Belles Artes en Sur\u00e1frica hasta&#8217;l mesmu Master en Los \u00c1nxeles, onde dambos se conocieron pa xuntar los sos caminos cinematogr\u00e1ficos.<\/p>\n<p>L&#8217;estrenu de Ad-vientu, con fecha ent\u00e1 por confirmar, va realizase angua\u00f1o, esper\u00e1ndose l&#8217;asistencia de el directores y bona parte del equipu t\u00e9cnico y art\u00edstico del filme.<\/p>\n<p>&nbsp;<\/p>\n","protected":false},"excerpt":{"rendered":"<p>&#8216;Ad-vientu&#8217;, curtiumetraxe rod\u00e1u n&#8217;asturianu polos directores Roberto F. Canutu (Asturies) y Xu Xiaoxi (China), remat\u00f3&#8217;l so procesu de posproducci\u00f3n. Almost Rede Productions y\u00e1 public\u00f3&#8217;l tr\u00e1iler y el cartelu oficial (dise\u00f1\u00e1u pola prestixosa artista sudafricana La so Opperman), al pie de una selecci\u00f3n de fotogrames del curtiu. Tou ello va tar disponible na so web oficial, [&hellip;]<\/p>\n","protected":false},"author":1,"featured_media":901984,"comment_status":"closed","ping_status":"closed","sticky":false,"template":"","format":"standard","meta":{"footnotes":""},"categories":[12],"tags":[],"class_list":["post-901983","post","type-post","status-publish","format-standard","has-post-thumbnail","hentry","category-actualidad-asturias"],"aioseo_notices":[],"aioseo_head":"\n\t\t<!-- All in One SEO Pro 4.9.6.2 - aioseo.com -->\n\t<meta name=\"description\" content=\"&#039;Ad-vientu&#039;, curtiumetraxe rod\u00e1u n&#039;asturianu polos directores Roberto F. Canutu (Asturies) y Xu Xiaoxi (China), remat\u00f3&#039;l so procesu de posproducci\u00f3n. Almost Rede Productions y\u00e1 public\u00f3&#039;l tr\u00e1iler y el cartelu oficial (dise\u00f1\u00e1u pola prestixosa artista sudafricana La so Opperman), al pie de una selecci\u00f3n de fotogrames del curtiu. Tou ello va tar disponible na so web oficial,\" \/>\n\t<meta name=\"robots\" content=\"max-image-preview:large\" \/>\n\t<meta name=\"author\" content=\"El Digital de Asturias\"\/>\n\t<meta name=\"google-site-verification\" content=\"UA-38556648-1\" \/>\n\t<meta name=\"msvalidate.01\" content=\"7dfe9f3f1b24437ab69f4f2559babe99\" \/>\n\t<meta name=\"keywords\" content=\"actualidad asturias\" \/>\n\t<link rel=\"canonical\" href=\"https:\/\/www.eldigitaldeasturias.com\/noticias\/ad-vientu-terminal-so-prosproduccion\/\" \/>\n\t<meta name=\"generator\" content=\"All in One SEO Pro (AIOSEO) 4.9.6.2\" \/>\n\t\t<meta property=\"og:locale\" content=\"es_ES\" \/>\n\t\t<meta property=\"og:site_name\" content=\"El Digital de Asturias\" \/>\n\t\t<meta property=\"og:type\" content=\"article\" \/>\n\t\t<meta property=\"og:title\" content=\"\u2018Ad-Vientu\u2019 termina\u2019l so prosproducci\u00f3n - El Digital de Asturias\" \/>\n\t\t<meta property=\"og:description\" content=\"&#039;Ad-vientu&#039;, curtiumetraxe rod\u00e1u n&#039;asturianu polos directores Roberto F. Canutu (Asturies) y Xu Xiaoxi (China), remat\u00f3&#039;l so procesu de posproducci\u00f3n. Almost Rede Productions y\u00e1 public\u00f3&#039;l tr\u00e1iler y el cartelu oficial (dise\u00f1\u00e1u pola prestixosa artista sudafricana La so Opperman), al pie de una selecci\u00f3n de fotogrames del curtiu. Tou ello va tar disponible na so web oficial,\" \/>\n\t\t<meta property=\"og:url\" content=\"https:\/\/www.eldigitaldeasturias.com\/noticias\/ad-vientu-terminal-so-prosproduccion\/\" \/>\n\t\t<meta property=\"og:image\" content=\"https:\/\/www.eldigitaldeasturias.com\/noticias\/wp-content\/uploads\/2016\/08\/fotonoticia_20160808181821_800.jpg\" \/>\n\t\t<meta property=\"og:image:secure_url\" content=\"https:\/\/www.eldigitaldeasturias.com\/noticias\/wp-content\/uploads\/2016\/08\/fotonoticia_20160808181821_800.jpg\" \/>\n\t\t<meta property=\"og:image:width\" content=\"800\" \/>\n\t\t<meta property=\"og:image:height\" content=\"450\" \/>\n\t\t<meta property=\"article:tag\" content=\"actualidad asturias\" \/>\n\t\t<meta property=\"article:published_time\" content=\"2016-08-09T10:46:38+00:00\" \/>\n\t\t<meta property=\"article:modified_time\" content=\"2016-08-09T10:46:38+00:00\" \/>\n\t\t<meta property=\"article:publisher\" content=\"https:\/\/facebook.com\/eldigitaldeasturias\" \/>\n\t\t<meta name=\"twitter:card\" content=\"summary_large_image\" \/>\n\t\t<meta name=\"twitter:title\" content=\"\u2018Ad-Vientu\u2019 termina\u2019l so prosproducci\u00f3n - El Digital de Asturias\" \/>\n\t\t<meta name=\"twitter:description\" content=\"&#039;Ad-vientu&#039;, curtiumetraxe rod\u00e1u n&#039;asturianu polos directores Roberto F. Canutu (Asturies) y Xu Xiaoxi (China), remat\u00f3&#039;l so procesu de posproducci\u00f3n. Almost Rede Productions y\u00e1 public\u00f3&#039;l tr\u00e1iler y el cartelu oficial (dise\u00f1\u00e1u pola prestixosa artista sudafricana La so Opperman), al pie de una selecci\u00f3n de fotogrames del curtiu. Tou ello va tar disponible na so web oficial,\" \/>\n\t\t<meta name=\"twitter:image\" content=\"https:\/\/www.eldigitaldeasturias.com\/noticias\/wp-content\/uploads\/2016\/08\/fotonoticia_20160808181821_800.jpg\" \/>\n\t\t<meta name=\"twitter:label1\" content=\"Escrito por\" \/>\n\t\t<meta name=\"twitter:data1\" content=\"El Digital de Asturias\" \/>\n\t\t<meta name=\"twitter:label2\" content=\"Tiempo de lectura estimado\" \/>\n\t\t<meta name=\"twitter:data2\" content=\"4 minutos\" \/>\n\t\t<script type=\"application\/ld+json\" class=\"aioseo-schema\">\n\t\t\t{\"@context\":\"https:\\\/\\\/schema.org\",\"@graph\":[{\"@type\":\"BlogPosting\",\"@id\":\"https:\\\/\\\/www.eldigitaldeasturias.com\\\/noticias\\\/ad-vientu-terminal-so-prosproduccion\\\/#blogposting\",\"name\":\"\\u2018Ad-Vientu\\u2019 termina\\u2019l so prosproducci\\u00f3n - El Digital de Asturias\",\"headline\":\"&#8216;Ad-Vientu&#8217; termina&#8217;l so prosproducci\\u00f3n\",\"author\":{\"@id\":\"https:\\\/\\\/www.eldigitaldeasturias.com\\\/noticias\\\/author\\\/admin\\\/#author\"},\"publisher\":{\"@id\":\"https:\\\/\\\/www.eldigitaldeasturias.com\\\/noticias\\\/#organization\"},\"image\":{\"@type\":\"ImageObject\",\"url\":\"https:\\\/\\\/www.eldigitaldeasturias.com\\\/noticias\\\/wp-content\\\/uploads\\\/2016\\\/08\\\/fotonoticia_20160808181821_800.jpg\",\"width\":800,\"height\":450},\"datePublished\":\"2016-08-09T11:46:38+02:00\",\"dateModified\":\"2016-08-09T11:46:38+02:00\",\"inLanguage\":\"es-ES\",\"mainEntityOfPage\":{\"@id\":\"https:\\\/\\\/www.eldigitaldeasturias.com\\\/noticias\\\/ad-vientu-terminal-so-prosproduccion\\\/#webpage\"},\"isPartOf\":{\"@id\":\"https:\\\/\\\/www.eldigitaldeasturias.com\\\/noticias\\\/ad-vientu-terminal-so-prosproduccion\\\/#webpage\"},\"articleSection\":\"Actualidad Asturias\"},{\"@type\":\"BreadcrumbList\",\"@id\":\"https:\\\/\\\/www.eldigitaldeasturias.com\\\/noticias\\\/ad-vientu-terminal-so-prosproduccion\\\/#breadcrumblist\",\"itemListElement\":[{\"@type\":\"ListItem\",\"@id\":\"https:\\\/\\\/www.eldigitaldeasturias.com\\\/noticias#listItem\",\"position\":1,\"name\":\"Home\",\"item\":\"https:\\\/\\\/www.eldigitaldeasturias.com\\\/noticias\",\"nextItem\":{\"@type\":\"ListItem\",\"@id\":\"https:\\\/\\\/www.eldigitaldeasturias.com\\\/noticias\\\/category\\\/actualidad-asturias\\\/#listItem\",\"name\":\"Actualidad Asturias\"}},{\"@type\":\"ListItem\",\"@id\":\"https:\\\/\\\/www.eldigitaldeasturias.com\\\/noticias\\\/category\\\/actualidad-asturias\\\/#listItem\",\"position\":2,\"name\":\"Actualidad Asturias\",\"item\":\"https:\\\/\\\/www.eldigitaldeasturias.com\\\/noticias\\\/category\\\/actualidad-asturias\\\/\",\"nextItem\":{\"@type\":\"ListItem\",\"@id\":\"https:\\\/\\\/www.eldigitaldeasturias.com\\\/noticias\\\/ad-vientu-terminal-so-prosproduccion\\\/#listItem\",\"name\":\"&#8216;Ad-Vientu&#8217; termina&#8217;l so prosproducci\\u00f3n\"},\"previousItem\":{\"@type\":\"ListItem\",\"@id\":\"https:\\\/\\\/www.eldigitaldeasturias.com\\\/noticias#listItem\",\"name\":\"Home\"}},{\"@type\":\"ListItem\",\"@id\":\"https:\\\/\\\/www.eldigitaldeasturias.com\\\/noticias\\\/ad-vientu-terminal-so-prosproduccion\\\/#listItem\",\"position\":3,\"name\":\"&#8216;Ad-Vientu&#8217; termina&#8217;l so prosproducci\\u00f3n\",\"previousItem\":{\"@type\":\"ListItem\",\"@id\":\"https:\\\/\\\/www.eldigitaldeasturias.com\\\/noticias\\\/category\\\/actualidad-asturias\\\/#listItem\",\"name\":\"Actualidad Asturias\"}}]},{\"@type\":\"Organization\",\"@id\":\"https:\\\/\\\/www.eldigitaldeasturias.com\\\/noticias\\\/#organization\",\"name\":\"El Digital de Asturias\",\"description\":\"Hemeroteca\",\"url\":\"https:\\\/\\\/www.eldigitaldeasturias.com\\\/noticias\\\/\",\"email\":\"info@eldigitaldeasturias.com\",\"telephone\":\"+34652131393\",\"logo\":{\"@type\":\"ImageObject\",\"url\":\"https:\\\/\\\/www.eldigitaldeasturias.com\\\/noticias\\\/wp-content\\\/uploads\\\/2020\\\/12\\\/EDA.jpg\",\"@id\":\"https:\\\/\\\/www.eldigitaldeasturias.com\\\/noticias\\\/ad-vientu-terminal-so-prosproduccion\\\/#organizationLogo\",\"width\":649,\"height\":297},\"image\":{\"@id\":\"https:\\\/\\\/www.eldigitaldeasturias.com\\\/noticias\\\/ad-vientu-terminal-so-prosproduccion\\\/#organizationLogo\"},\"sameAs\":[\"https:\\\/\\\/facebook.com\\\/eldigitaldeasturias\",\"https:\\\/\\\/www.youtube.com\\\/channel\\\/UCZP-2wLEB9Rv6erhFmqVnvg\"],\"address\":{\"@id\":\"https:\\\/\\\/www.eldigitaldeasturias.com\\\/noticias\\\/#postaladdress\",\"@type\":\"PostalAddress\",\"streetAddress\":\"san antonio 4,\",\"postalCode\":\"33430\",\"addressLocality\":\"Cand\\u00e1s\",\"addressRegion\":\"Asturias\",\"addressCountry\":\"ES\"}},{\"@type\":\"Person\",\"@id\":\"https:\\\/\\\/www.eldigitaldeasturias.com\\\/noticias\\\/author\\\/admin\\\/#author\",\"url\":\"https:\\\/\\\/www.eldigitaldeasturias.com\\\/noticias\\\/author\\\/admin\\\/\",\"name\":\"El Digital de Asturias\",\"image\":{\"@type\":\"ImageObject\",\"@id\":\"https:\\\/\\\/www.eldigitaldeasturias.com\\\/noticias\\\/ad-vientu-terminal-so-prosproduccion\\\/#authorImage\",\"url\":\"https:\\\/\\\/www.eldigitaldeasturias.com\\\/noticias\\\/wp-content\\\/litespeed\\\/avatar\\\/18677e78aa0546b92d9dbf31ec7d7668.jpg?ver=1777290358\",\"width\":96,\"height\":96,\"caption\":\"El Digital de Asturias\"}},{\"@type\":\"WebPage\",\"@id\":\"https:\\\/\\\/www.eldigitaldeasturias.com\\\/noticias\\\/ad-vientu-terminal-so-prosproduccion\\\/#webpage\",\"url\":\"https:\\\/\\\/www.eldigitaldeasturias.com\\\/noticias\\\/ad-vientu-terminal-so-prosproduccion\\\/\",\"name\":\"\\u2018Ad-Vientu\\u2019 termina\\u2019l so prosproducci\\u00f3n - El Digital de Asturias\",\"description\":\"'Ad-vientu', curtiumetraxe rod\\u00e1u n'asturianu polos directores Roberto F. Canutu (Asturies) y Xu Xiaoxi (China), remat\\u00f3'l so procesu de posproducci\\u00f3n. Almost Rede Productions y\\u00e1 public\\u00f3'l tr\\u00e1iler y el cartelu oficial (dise\\u00f1\\u00e1u pola prestixosa artista sudafricana La so Opperman), al pie de una selecci\\u00f3n de fotogrames del curtiu. Tou ello va tar disponible na so web oficial,\",\"inLanguage\":\"es-ES\",\"isPartOf\":{\"@id\":\"https:\\\/\\\/www.eldigitaldeasturias.com\\\/noticias\\\/#website\"},\"breadcrumb\":{\"@id\":\"https:\\\/\\\/www.eldigitaldeasturias.com\\\/noticias\\\/ad-vientu-terminal-so-prosproduccion\\\/#breadcrumblist\"},\"author\":{\"@id\":\"https:\\\/\\\/www.eldigitaldeasturias.com\\\/noticias\\\/author\\\/admin\\\/#author\"},\"creator\":{\"@id\":\"https:\\\/\\\/www.eldigitaldeasturias.com\\\/noticias\\\/author\\\/admin\\\/#author\"},\"image\":{\"@type\":\"ImageObject\",\"url\":\"https:\\\/\\\/www.eldigitaldeasturias.com\\\/noticias\\\/wp-content\\\/uploads\\\/2016\\\/08\\\/fotonoticia_20160808181821_800.jpg\",\"@id\":\"https:\\\/\\\/www.eldigitaldeasturias.com\\\/noticias\\\/ad-vientu-terminal-so-prosproduccion\\\/#mainImage\",\"width\":800,\"height\":450},\"primaryImageOfPage\":{\"@id\":\"https:\\\/\\\/www.eldigitaldeasturias.com\\\/noticias\\\/ad-vientu-terminal-so-prosproduccion\\\/#mainImage\"},\"datePublished\":\"2016-08-09T11:46:38+02:00\",\"dateModified\":\"2016-08-09T11:46:38+02:00\"},{\"@type\":\"WebSite\",\"@id\":\"https:\\\/\\\/www.eldigitaldeasturias.com\\\/noticias\\\/#website\",\"url\":\"https:\\\/\\\/www.eldigitaldeasturias.com\\\/noticias\\\/\",\"name\":\"El Digital de Asturias - Diario de actualidad y noticias\",\"alternateName\":\"El Digital de Asturias - Diario de actualidad y noticias\",\"description\":\"Hemeroteca\",\"inLanguage\":\"es-ES\",\"publisher\":{\"@id\":\"https:\\\/\\\/www.eldigitaldeasturias.com\\\/noticias\\\/#organization\"}}]}\n\t\t<\/script>\n\t\t<!-- All in One SEO Pro -->\r\n\t\t<title>\u2018Ad-Vientu\u2019 termina\u2019l so prosproducci\u00f3n - El Digital de Asturias<\/title>\n\n","aioseo_head_json":{"title":"\u2018Ad-Vientu\u2019 termina\u2019l so prosproducci\u00f3n - El Digital de Asturias","description":"'Ad-vientu', curtiumetraxe rod\u00e1u n'asturianu polos directores Roberto F. Canutu (Asturies) y Xu Xiaoxi (China), remat\u00f3'l so procesu de posproducci\u00f3n. Almost Rede Productions y\u00e1 public\u00f3'l tr\u00e1iler y el cartelu oficial (dise\u00f1\u00e1u pola prestixosa artista sudafricana La so Opperman), al pie de una selecci\u00f3n de fotogrames del curtiu. Tou ello va tar disponible na so web oficial,","canonical_url":"https:\/\/www.eldigitaldeasturias.com\/noticias\/ad-vientu-terminal-so-prosproduccion\/","robots":"max-image-preview:large","keywords":"actualidad asturias","webmasterTools":{"google-site-verification":"UA-38556648-1","msvalidate.01":"7dfe9f3f1b24437ab69f4f2559babe99","miscellaneous":""},"schema":{"@context":"https:\/\/schema.org","@graph":[{"@type":"BlogPosting","@id":"https:\/\/www.eldigitaldeasturias.com\/noticias\/ad-vientu-terminal-so-prosproduccion\/#blogposting","name":"\u2018Ad-Vientu\u2019 termina\u2019l so prosproducci\u00f3n - El Digital de Asturias","headline":"&#8216;Ad-Vientu&#8217; termina&#8217;l so prosproducci\u00f3n","author":{"@id":"https:\/\/www.eldigitaldeasturias.com\/noticias\/author\/admin\/#author"},"publisher":{"@id":"https:\/\/www.eldigitaldeasturias.com\/noticias\/#organization"},"image":{"@type":"ImageObject","url":"https:\/\/www.eldigitaldeasturias.com\/noticias\/wp-content\/uploads\/2016\/08\/fotonoticia_20160808181821_800.jpg","width":800,"height":450},"datePublished":"2016-08-09T11:46:38+02:00","dateModified":"2016-08-09T11:46:38+02:00","inLanguage":"es-ES","mainEntityOfPage":{"@id":"https:\/\/www.eldigitaldeasturias.com\/noticias\/ad-vientu-terminal-so-prosproduccion\/#webpage"},"isPartOf":{"@id":"https:\/\/www.eldigitaldeasturias.com\/noticias\/ad-vientu-terminal-so-prosproduccion\/#webpage"},"articleSection":"Actualidad Asturias"},{"@type":"BreadcrumbList","@id":"https:\/\/www.eldigitaldeasturias.com\/noticias\/ad-vientu-terminal-so-prosproduccion\/#breadcrumblist","itemListElement":[{"@type":"ListItem","@id":"https:\/\/www.eldigitaldeasturias.com\/noticias#listItem","position":1,"name":"Home","item":"https:\/\/www.eldigitaldeasturias.com\/noticias","nextItem":{"@type":"ListItem","@id":"https:\/\/www.eldigitaldeasturias.com\/noticias\/category\/actualidad-asturias\/#listItem","name":"Actualidad Asturias"}},{"@type":"ListItem","@id":"https:\/\/www.eldigitaldeasturias.com\/noticias\/category\/actualidad-asturias\/#listItem","position":2,"name":"Actualidad Asturias","item":"https:\/\/www.eldigitaldeasturias.com\/noticias\/category\/actualidad-asturias\/","nextItem":{"@type":"ListItem","@id":"https:\/\/www.eldigitaldeasturias.com\/noticias\/ad-vientu-terminal-so-prosproduccion\/#listItem","name":"&#8216;Ad-Vientu&#8217; termina&#8217;l so prosproducci\u00f3n"},"previousItem":{"@type":"ListItem","@id":"https:\/\/www.eldigitaldeasturias.com\/noticias#listItem","name":"Home"}},{"@type":"ListItem","@id":"https:\/\/www.eldigitaldeasturias.com\/noticias\/ad-vientu-terminal-so-prosproduccion\/#listItem","position":3,"name":"&#8216;Ad-Vientu&#8217; termina&#8217;l so prosproducci\u00f3n","previousItem":{"@type":"ListItem","@id":"https:\/\/www.eldigitaldeasturias.com\/noticias\/category\/actualidad-asturias\/#listItem","name":"Actualidad Asturias"}}]},{"@type":"Organization","@id":"https:\/\/www.eldigitaldeasturias.com\/noticias\/#organization","name":"El Digital de Asturias","description":"Hemeroteca","url":"https:\/\/www.eldigitaldeasturias.com\/noticias\/","email":"info@eldigitaldeasturias.com","telephone":"+34652131393","logo":{"@type":"ImageObject","url":"https:\/\/www.eldigitaldeasturias.com\/noticias\/wp-content\/uploads\/2020\/12\/EDA.jpg","@id":"https:\/\/www.eldigitaldeasturias.com\/noticias\/ad-vientu-terminal-so-prosproduccion\/#organizationLogo","width":649,"height":297},"image":{"@id":"https:\/\/www.eldigitaldeasturias.com\/noticias\/ad-vientu-terminal-so-prosproduccion\/#organizationLogo"},"sameAs":["https:\/\/facebook.com\/eldigitaldeasturias","https:\/\/www.youtube.com\/channel\/UCZP-2wLEB9Rv6erhFmqVnvg"],"address":{"@id":"https:\/\/www.eldigitaldeasturias.com\/noticias\/#postaladdress","@type":"PostalAddress","streetAddress":"san antonio 4,","postalCode":"33430","addressLocality":"Cand\u00e1s","addressRegion":"Asturias","addressCountry":"ES"}},{"@type":"Person","@id":"https:\/\/www.eldigitaldeasturias.com\/noticias\/author\/admin\/#author","url":"https:\/\/www.eldigitaldeasturias.com\/noticias\/author\/admin\/","name":"El Digital de Asturias","image":{"@type":"ImageObject","@id":"https:\/\/www.eldigitaldeasturias.com\/noticias\/ad-vientu-terminal-so-prosproduccion\/#authorImage","url":"https:\/\/www.eldigitaldeasturias.com\/noticias\/wp-content\/litespeed\/avatar\/18677e78aa0546b92d9dbf31ec7d7668.jpg?ver=1777290358","width":96,"height":96,"caption":"El Digital de Asturias"}},{"@type":"WebPage","@id":"https:\/\/www.eldigitaldeasturias.com\/noticias\/ad-vientu-terminal-so-prosproduccion\/#webpage","url":"https:\/\/www.eldigitaldeasturias.com\/noticias\/ad-vientu-terminal-so-prosproduccion\/","name":"\u2018Ad-Vientu\u2019 termina\u2019l so prosproducci\u00f3n - El Digital de Asturias","description":"'Ad-vientu', curtiumetraxe rod\u00e1u n'asturianu polos directores Roberto F. Canutu (Asturies) y Xu Xiaoxi (China), remat\u00f3'l so procesu de posproducci\u00f3n. Almost Rede Productions y\u00e1 public\u00f3'l tr\u00e1iler y el cartelu oficial (dise\u00f1\u00e1u pola prestixosa artista sudafricana La so Opperman), al pie de una selecci\u00f3n de fotogrames del curtiu. Tou ello va tar disponible na so web oficial,","inLanguage":"es-ES","isPartOf":{"@id":"https:\/\/www.eldigitaldeasturias.com\/noticias\/#website"},"breadcrumb":{"@id":"https:\/\/www.eldigitaldeasturias.com\/noticias\/ad-vientu-terminal-so-prosproduccion\/#breadcrumblist"},"author":{"@id":"https:\/\/www.eldigitaldeasturias.com\/noticias\/author\/admin\/#author"},"creator":{"@id":"https:\/\/www.eldigitaldeasturias.com\/noticias\/author\/admin\/#author"},"image":{"@type":"ImageObject","url":"https:\/\/www.eldigitaldeasturias.com\/noticias\/wp-content\/uploads\/2016\/08\/fotonoticia_20160808181821_800.jpg","@id":"https:\/\/www.eldigitaldeasturias.com\/noticias\/ad-vientu-terminal-so-prosproduccion\/#mainImage","width":800,"height":450},"primaryImageOfPage":{"@id":"https:\/\/www.eldigitaldeasturias.com\/noticias\/ad-vientu-terminal-so-prosproduccion\/#mainImage"},"datePublished":"2016-08-09T11:46:38+02:00","dateModified":"2016-08-09T11:46:38+02:00"},{"@type":"WebSite","@id":"https:\/\/www.eldigitaldeasturias.com\/noticias\/#website","url":"https:\/\/www.eldigitaldeasturias.com\/noticias\/","name":"El Digital de Asturias - Diario de actualidad y noticias","alternateName":"El Digital de Asturias - Diario de actualidad y noticias","description":"Hemeroteca","inLanguage":"es-ES","publisher":{"@id":"https:\/\/www.eldigitaldeasturias.com\/noticias\/#organization"}}]},"og:locale":"es_ES","og:site_name":"El Digital de Asturias","og:type":"article","og:title":"\u2018Ad-Vientu\u2019 termina\u2019l so prosproducci\u00f3n - El Digital de Asturias","og:description":"'Ad-vientu', curtiumetraxe rod\u00e1u n'asturianu polos directores Roberto F. Canutu (Asturies) y Xu Xiaoxi (China), remat\u00f3'l so procesu de posproducci\u00f3n. Almost Rede Productions y\u00e1 public\u00f3'l tr\u00e1iler y el cartelu oficial (dise\u00f1\u00e1u pola prestixosa artista sudafricana La so Opperman), al pie de una selecci\u00f3n de fotogrames del curtiu. Tou ello va tar disponible na so web oficial,","og:url":"https:\/\/www.eldigitaldeasturias.com\/noticias\/ad-vientu-terminal-so-prosproduccion\/","og:image":"https:\/\/www.eldigitaldeasturias.com\/noticias\/wp-content\/uploads\/2016\/08\/fotonoticia_20160808181821_800.jpg","og:image:secure_url":"https:\/\/www.eldigitaldeasturias.com\/noticias\/wp-content\/uploads\/2016\/08\/fotonoticia_20160808181821_800.jpg","og:image:width":800,"og:image:height":450,"article:tag":["actualidad asturias"],"article:published_time":"2016-08-09T10:46:38+00:00","article:modified_time":"2016-08-09T10:46:38+00:00","article:publisher":"https:\/\/facebook.com\/eldigitaldeasturias","twitter:card":"summary_large_image","twitter:title":"\u2018Ad-Vientu\u2019 termina\u2019l so prosproducci\u00f3n - El Digital de Asturias","twitter:description":"'Ad-vientu', curtiumetraxe rod\u00e1u n'asturianu polos directores Roberto F. Canutu (Asturies) y Xu Xiaoxi (China), remat\u00f3'l so procesu de posproducci\u00f3n. Almost Rede Productions y\u00e1 public\u00f3'l tr\u00e1iler y el cartelu oficial (dise\u00f1\u00e1u pola prestixosa artista sudafricana La so Opperman), al pie de una selecci\u00f3n de fotogrames del curtiu. Tou ello va tar disponible na so web oficial,","twitter:image":"https:\/\/www.eldigitaldeasturias.com\/noticias\/wp-content\/uploads\/2016\/08\/fotonoticia_20160808181821_800.jpg","twitter:label1":"Escrito por","twitter:data1":"El Digital de Asturias","twitter:label2":"Tiempo de lectura estimado","twitter:data2":"4 minutos"},"aioseo_meta_data":{"post_id":"901983","title":null,"description":null,"keywords":null,"keyphrases":null,"primary_term":null,"canonical_url":null,"og_title":null,"og_description":null,"og_object_type":"default","og_image_type":"default","og_image_url":null,"og_image_width":null,"og_image_height":null,"og_image_custom_url":null,"og_image_custom_fields":null,"og_video":null,"og_custom_url":null,"og_article_section":null,"og_article_tags":null,"twitter_use_og":false,"twitter_card":"default","twitter_image_type":"default","twitter_image_url":null,"twitter_image_custom_url":null,"twitter_image_custom_fields":null,"twitter_title":null,"twitter_description":null,"schema":{"blockGraphs":[],"customGraphs":[],"default":{"data":{"Article":[],"Course":[],"Dataset":[],"FAQPage":[],"Movie":[],"Person":[],"Product":[],"ProductReview":[],"Car":[],"Recipe":[],"Service":[],"SoftwareApplication":[],"WebPage":[]},"graphName":"","isEnabled":true},"graphs":[],"defaultGraph":"","defaultPostTypeGraph":""},"schema_type":null,"schema_type_options":null,"pillar_content":false,"robots_default":true,"robots_noindex":false,"robots_noarchive":false,"robots_nosnippet":false,"robots_nofollow":false,"robots_noimageindex":false,"robots_noodp":false,"robots_notranslate":false,"robots_max_snippet":null,"robots_max_videopreview":null,"robots_max_imagepreview":"large","priority":null,"frequency":null,"local_seo":null,"seo_analyzer_scan_date":"2025-11-29 10:56:39","breadcrumb_settings":null,"limit_modified_date":false,"open_ai":null,"ai":null,"created":"2020-12-21 14:04:37","updated":"2025-11-29 10:56:39"},"aioseo_breadcrumb":"<div class=\"aioseo-breadcrumbs\"><span class=\"aioseo-breadcrumb\">\n\t<a href=\"https:\/\/www.eldigitaldeasturias.com\/noticias\" title=\"Home\">Home<\/a>\n<\/span><span class=\"aioseo-breadcrumb-separator\">\u2013<\/span><span class=\"aioseo-breadcrumb\">\n\t<a href=\"https:\/\/www.eldigitaldeasturias.com\/noticias\/category\/actualidad-asturias\/\" title=\"Actualidad Asturias\">Actualidad Asturias<\/a>\n<\/span><span class=\"aioseo-breadcrumb-separator\">\u2013<\/span><span class=\"aioseo-breadcrumb\">\n\t<a href=\"https:\/\/www.eldigitaldeasturias.com\/noticias\/ad-vientu-terminal-so-prosproduccion\/\" title=\"\u2018Ad-Vientu\u2019 termina\u2019l so prosproducci\u00f3n\">\u2018Ad-Vientu\u2019 termina\u2019l so prosproducci\u00f3n<\/a>\n<\/span><\/div>","aioseo_breadcrumb_json":[{"label":"Home","link":"https:\/\/www.eldigitaldeasturias.com\/noticias"},{"label":"Actualidad Asturias","link":"https:\/\/www.eldigitaldeasturias.com\/noticias\/category\/actualidad-asturias\/"},{"label":"&#8216;Ad-Vientu&#8217; termina&#8217;l so prosproducci\u00f3n","link":"https:\/\/www.eldigitaldeasturias.com\/noticias\/ad-vientu-terminal-so-prosproduccion\/"}],"_links":{"self":[{"href":"https:\/\/www.eldigitaldeasturias.com\/noticias\/wp-json\/wp\/v2\/posts\/901983","targetHints":{"allow":["GET"]}}],"collection":[{"href":"https:\/\/www.eldigitaldeasturias.com\/noticias\/wp-json\/wp\/v2\/posts"}],"about":[{"href":"https:\/\/www.eldigitaldeasturias.com\/noticias\/wp-json\/wp\/v2\/types\/post"}],"author":[{"embeddable":true,"href":"https:\/\/www.eldigitaldeasturias.com\/noticias\/wp-json\/wp\/v2\/users\/1"}],"replies":[{"embeddable":true,"href":"https:\/\/www.eldigitaldeasturias.com\/noticias\/wp-json\/wp\/v2\/comments?post=901983"}],"version-history":[{"count":0,"href":"https:\/\/www.eldigitaldeasturias.com\/noticias\/wp-json\/wp\/v2\/posts\/901983\/revisions"}],"wp:featuredmedia":[{"embeddable":true,"href":"https:\/\/www.eldigitaldeasturias.com\/noticias\/wp-json\/wp\/v2\/media\/901984"}],"wp:attachment":[{"href":"https:\/\/www.eldigitaldeasturias.com\/noticias\/wp-json\/wp\/v2\/media?parent=901983"}],"wp:term":[{"taxonomy":"category","embeddable":true,"href":"https:\/\/www.eldigitaldeasturias.com\/noticias\/wp-json\/wp\/v2\/categories?post=901983"},{"taxonomy":"post_tag","embeddable":true,"href":"https:\/\/www.eldigitaldeasturias.com\/noticias\/wp-json\/wp\/v2\/tags?post=901983"}],"curies":[{"name":"wp","href":"https:\/\/api.w.org\/{rel}","templated":true}]}}