{"id":898985,"date":"2016-07-16T17:59:33","date_gmt":"2016-07-16T17:59:33","guid":{"rendered":"http:\/\/www.eldigitaldeasturias.com\/noticias\/?p=898985"},"modified":"2016-07-16T17:59:33","modified_gmt":"2016-07-16T17:59:33","slug":"el-casco-historico-de-aviles-se-incorporara-a-la-app-trekkapp","status":"publish","type":"post","link":"https:\/\/www.eldigitaldeasturias.com\/noticias\/el-casco-historico-de-aviles-se-incorporara-a-la-app-trekkapp\/","title":{"rendered":"El casco hist\u00f3rico de Avil\u00e9s se incorporar\u00e1 a la app TrekkApp"},"content":{"rendered":"<p><img loading=\"lazy\" decoding=\"async\" class=\"alignleft size-medium wp-image-845580\" src=\"https:\/\/www.eldigitaldeasturias.com\/noticias\/wp-content\/uploads\/2016\/01\/aviles-360x241.jpg\" alt=\"aviles\" width=\"360\" height=\"241\" srcset=\"https:\/\/www.eldigitaldeasturias.com\/noticias\/wp-content\/uploads\/2016\/01\/aviles-360x241.jpg 360w, https:\/\/www.eldigitaldeasturias.com\/noticias\/wp-content\/uploads\/2016\/01\/aviles-768x515.jpg 768w, https:\/\/www.eldigitaldeasturias.com\/noticias\/wp-content\/uploads\/2016\/01\/aviles-650x436.jpg 650w, https:\/\/www.eldigitaldeasturias.com\/noticias\/wp-content\/uploads\/2016\/01\/aviles.jpg 800w\" sizes=\"auto, (max-width: 360px) 100vw, 360px\" \/>El casco hist\u00f3rico de Avil\u00e9s se incorporar\u00e1 a la app TrekkApp, que cuenta con varias rutas tur\u00edsticas por el Principado, y permitir\u00e1 ser una gu\u00eda para quienes visiten la ciudad. Permite consultar im\u00e1genes e informaci\u00f3n de la zona con 16 puntos de inter\u00e9s definidos en la app que se puede descargar mediante un c\u00f3digo QR en varios puntos de la ciudad, la oficina de turismo y folletos informativos.<\/p>\n<p>El recorrido est\u00e1 disponible en tres idiomas y forma parte del compromiso del gobierno local de aprovechar las nuevas tecnolog\u00edas para sustituir las formas tradicionales de informarse sobre los recursos tur\u00edsticos de Avil\u00e9s. La ruta interactiva es \u00abel primer paso en el desarrollo de aplicaciones tur\u00edsticas en Avil\u00e9s\u00bb, seg\u00fan ha indicado este viernes el concejal de Promoci\u00f3n,, Manuel Campa.<\/p>\n<p>\u00abAumentaremos los esfuerzos en este \u00e1mbito y seguiremos desarrollando aplicaciones con m\u00e1s recursos\u00bb, ha se\u00f1alado el edil, quien ha a\u00f1adido que \u00abbuscaremos f\u00f3rmulas tecnol\u00f3gicas para promocionar la ciudad a trav\u00e9s de la \u00abgamificaci\u00f3n\u00bb, juegos interactivos para que la gente visite los puntos de inter\u00e9s de Avil\u00e9s, sus restaurantes y comercios.<\/p>\n<p>&nbsp;<\/p>\n","protected":false},"excerpt":{"rendered":"<p>El casco hist\u00f3rico de Avil\u00e9s se incorporar\u00e1 a la app TrekkApp, que cuenta con varias rutas tur\u00edsticas por el Principado, y permitir\u00e1 ser una gu\u00eda para quienes visiten la ciudad. Permite consultar im\u00e1genes e informaci\u00f3n de la zona con 16 puntos de inter\u00e9s definidos en la app que se puede descargar mediante un c\u00f3digo QR [&hellip;]<\/p>\n","protected":false},"author":1,"featured_media":845580,"comment_status":"closed","ping_status":"closed","sticky":false,"template":"","format":"standard","meta":{"footnotes":""},"categories":[148],"tags":[],"class_list":["post-898985","post","type-post","status-publish","format-standard","has-post-thumbnail","hentry","category-turismo"],"aioseo_notices":[],"aioseo_head":"\n\t\t<!-- All in One SEO Pro 4.9.6.2 - aioseo.com -->\n\t<meta name=\"description\" content=\"El casco hist\u00f3rico de Avil\u00e9s se incorporar\u00e1 a la app TrekkApp, que cuenta con varias rutas tur\u00edsticas por el Principado, y permitir\u00e1 ser una gu\u00eda para quienes visiten la ciudad. Permite consultar im\u00e1genes e informaci\u00f3n de la zona con 16 puntos de inter\u00e9s definidos en la app que se puede descargar mediante un c\u00f3digo QR\" \/>\n\t<meta name=\"robots\" content=\"max-image-preview:large\" \/>\n\t<meta name=\"author\" content=\"El Digital de Asturias\"\/>\n\t<meta name=\"google-site-verification\" content=\"UA-38556648-1\" \/>\n\t<meta name=\"msvalidate.01\" content=\"7dfe9f3f1b24437ab69f4f2559babe99\" \/>\n\t<meta name=\"keywords\" content=\"turismo\" \/>\n\t<link rel=\"canonical\" href=\"https:\/\/www.eldigitaldeasturias.com\/noticias\/el-casco-historico-de-aviles-se-incorporara-a-la-app-trekkapp\/\" \/>\n\t<meta name=\"generator\" content=\"All in One SEO Pro (AIOSEO) 4.9.6.2\" \/>\n\t\t<meta property=\"og:locale\" content=\"es_ES\" \/>\n\t\t<meta property=\"og:site_name\" content=\"El Digital de Asturias\" \/>\n\t\t<meta property=\"og:type\" content=\"article\" \/>\n\t\t<meta property=\"og:title\" content=\"El casco hist\u00f3rico de Avil\u00e9s se incorporar\u00e1 a la app TrekkApp - El Digital de Asturias\" \/>\n\t\t<meta property=\"og:description\" content=\"El casco hist\u00f3rico de Avil\u00e9s se incorporar\u00e1 a la app TrekkApp, que cuenta con varias rutas tur\u00edsticas por el Principado, y permitir\u00e1 ser una gu\u00eda para quienes visiten la ciudad. Permite consultar im\u00e1genes e informaci\u00f3n de la zona con 16 puntos de inter\u00e9s definidos en la app que se puede descargar mediante un c\u00f3digo QR\" \/>\n\t\t<meta property=\"og:url\" content=\"https:\/\/www.eldigitaldeasturias.com\/noticias\/el-casco-historico-de-aviles-se-incorporara-a-la-app-trekkapp\/\" \/>\n\t\t<meta property=\"og:image\" content=\"https:\/\/www.eldigitaldeasturias.com\/noticias\/wp-content\/uploads\/2016\/01\/aviles.jpg\" \/>\n\t\t<meta property=\"og:image:secure_url\" content=\"https:\/\/www.eldigitaldeasturias.com\/noticias\/wp-content\/uploads\/2016\/01\/aviles.jpg\" \/>\n\t\t<meta property=\"og:image:width\" content=\"800\" \/>\n\t\t<meta property=\"og:image:height\" content=\"536\" \/>\n\t\t<meta property=\"article:tag\" content=\"turismo\" \/>\n\t\t<meta property=\"article:published_time\" content=\"2016-07-16T17:59:33+00:00\" \/>\n\t\t<meta property=\"article:modified_time\" content=\"2016-07-16T17:59:33+00:00\" \/>\n\t\t<meta property=\"article:publisher\" content=\"https:\/\/facebook.com\/eldigitaldeasturias\" \/>\n\t\t<meta name=\"twitter:card\" content=\"summary_large_image\" \/>\n\t\t<meta name=\"twitter:title\" content=\"El casco hist\u00f3rico de Avil\u00e9s se incorporar\u00e1 a la app TrekkApp - El Digital de Asturias\" \/>\n\t\t<meta name=\"twitter:description\" content=\"El casco hist\u00f3rico de Avil\u00e9s se incorporar\u00e1 a la app TrekkApp, que cuenta con varias rutas tur\u00edsticas por el Principado, y permitir\u00e1 ser una gu\u00eda para quienes visiten la ciudad. Permite consultar im\u00e1genes e informaci\u00f3n de la zona con 16 puntos de inter\u00e9s definidos en la app que se puede descargar mediante un c\u00f3digo QR\" \/>\n\t\t<meta name=\"twitter:image\" content=\"https:\/\/www.eldigitaldeasturias.com\/noticias\/wp-content\/uploads\/2016\/01\/aviles.jpg\" \/>\n\t\t<meta name=\"twitter:label1\" content=\"Escrito por\" \/>\n\t\t<meta name=\"twitter:data1\" content=\"El Digital de Asturias\" \/>\n\t\t<meta name=\"twitter:label2\" content=\"Tiempo de lectura estimado\" \/>\n\t\t<meta name=\"twitter:data2\" content=\"1 minuto\" \/>\n\t\t<script type=\"application\/ld+json\" class=\"aioseo-schema\">\n\t\t\t{\"@context\":\"https:\\\/\\\/schema.org\",\"@graph\":[{\"@type\":\"BlogPosting\",\"@id\":\"https:\\\/\\\/www.eldigitaldeasturias.com\\\/noticias\\\/el-casco-historico-de-aviles-se-incorporara-a-la-app-trekkapp\\\/#blogposting\",\"name\":\"El casco hist\\u00f3rico de Avil\\u00e9s se incorporar\\u00e1 a la app TrekkApp - El Digital de Asturias\",\"headline\":\"El casco hist\\u00f3rico de Avil\\u00e9s se incorporar\\u00e1 a la app TrekkApp\",\"author\":{\"@id\":\"https:\\\/\\\/www.eldigitaldeasturias.com\\\/noticias\\\/author\\\/admin\\\/#author\"},\"publisher\":{\"@id\":\"https:\\\/\\\/www.eldigitaldeasturias.com\\\/noticias\\\/#organization\"},\"image\":{\"@type\":\"ImageObject\",\"url\":\"https:\\\/\\\/www.eldigitaldeasturias.com\\\/noticias\\\/wp-content\\\/uploads\\\/2016\\\/01\\\/aviles.jpg\",\"width\":800,\"height\":536},\"datePublished\":\"2016-07-16T17:59:33+02:00\",\"dateModified\":\"2016-07-16T17:59:33+02:00\",\"inLanguage\":\"es-ES\",\"mainEntityOfPage\":{\"@id\":\"https:\\\/\\\/www.eldigitaldeasturias.com\\\/noticias\\\/el-casco-historico-de-aviles-se-incorporara-a-la-app-trekkapp\\\/#webpage\"},\"isPartOf\":{\"@id\":\"https:\\\/\\\/www.eldigitaldeasturias.com\\\/noticias\\\/el-casco-historico-de-aviles-se-incorporara-a-la-app-trekkapp\\\/#webpage\"},\"articleSection\":\"Turismo\"},{\"@type\":\"BreadcrumbList\",\"@id\":\"https:\\\/\\\/www.eldigitaldeasturias.com\\\/noticias\\\/el-casco-historico-de-aviles-se-incorporara-a-la-app-trekkapp\\\/#breadcrumblist\",\"itemListElement\":[{\"@type\":\"ListItem\",\"@id\":\"https:\\\/\\\/www.eldigitaldeasturias.com\\\/noticias#listItem\",\"position\":1,\"name\":\"Home\",\"item\":\"https:\\\/\\\/www.eldigitaldeasturias.com\\\/noticias\",\"nextItem\":{\"@type\":\"ListItem\",\"@id\":\"https:\\\/\\\/www.eldigitaldeasturias.com\\\/noticias\\\/category\\\/turismo\\\/#listItem\",\"name\":\"Turismo\"}},{\"@type\":\"ListItem\",\"@id\":\"https:\\\/\\\/www.eldigitaldeasturias.com\\\/noticias\\\/category\\\/turismo\\\/#listItem\",\"position\":2,\"name\":\"Turismo\",\"item\":\"https:\\\/\\\/www.eldigitaldeasturias.com\\\/noticias\\\/category\\\/turismo\\\/\",\"nextItem\":{\"@type\":\"ListItem\",\"@id\":\"https:\\\/\\\/www.eldigitaldeasturias.com\\\/noticias\\\/el-casco-historico-de-aviles-se-incorporara-a-la-app-trekkapp\\\/#listItem\",\"name\":\"El casco hist\\u00f3rico de Avil\\u00e9s se incorporar\\u00e1 a la app TrekkApp\"},\"previousItem\":{\"@type\":\"ListItem\",\"@id\":\"https:\\\/\\\/www.eldigitaldeasturias.com\\\/noticias#listItem\",\"name\":\"Home\"}},{\"@type\":\"ListItem\",\"@id\":\"https:\\\/\\\/www.eldigitaldeasturias.com\\\/noticias\\\/el-casco-historico-de-aviles-se-incorporara-a-la-app-trekkapp\\\/#listItem\",\"position\":3,\"name\":\"El casco hist\\u00f3rico de Avil\\u00e9s se incorporar\\u00e1 a la app TrekkApp\",\"previousItem\":{\"@type\":\"ListItem\",\"@id\":\"https:\\\/\\\/www.eldigitaldeasturias.com\\\/noticias\\\/category\\\/turismo\\\/#listItem\",\"name\":\"Turismo\"}}]},{\"@type\":\"Organization\",\"@id\":\"https:\\\/\\\/www.eldigitaldeasturias.com\\\/noticias\\\/#organization\",\"name\":\"El Digital de Asturias\",\"description\":\"Hemeroteca\",\"url\":\"https:\\\/\\\/www.eldigitaldeasturias.com\\\/noticias\\\/\",\"email\":\"info@eldigitaldeasturias.com\",\"telephone\":\"+34652131393\",\"logo\":{\"@type\":\"ImageObject\",\"url\":\"https:\\\/\\\/www.eldigitaldeasturias.com\\\/noticias\\\/wp-content\\\/uploads\\\/2020\\\/12\\\/EDA.jpg\",\"@id\":\"https:\\\/\\\/www.eldigitaldeasturias.com\\\/noticias\\\/el-casco-historico-de-aviles-se-incorporara-a-la-app-trekkapp\\\/#organizationLogo\",\"width\":649,\"height\":297},\"image\":{\"@id\":\"https:\\\/\\\/www.eldigitaldeasturias.com\\\/noticias\\\/el-casco-historico-de-aviles-se-incorporara-a-la-app-trekkapp\\\/#organizationLogo\"},\"sameAs\":[\"https:\\\/\\\/facebook.com\\\/eldigitaldeasturias\",\"https:\\\/\\\/www.youtube.com\\\/channel\\\/UCZP-2wLEB9Rv6erhFmqVnvg\"],\"address\":{\"@id\":\"https:\\\/\\\/www.eldigitaldeasturias.com\\\/noticias\\\/#postaladdress\",\"@type\":\"PostalAddress\",\"streetAddress\":\"san antonio 4,\",\"postalCode\":\"33430\",\"addressLocality\":\"Cand\\u00e1s\",\"addressRegion\":\"Asturias\",\"addressCountry\":\"ES\"}},{\"@type\":\"Person\",\"@id\":\"https:\\\/\\\/www.eldigitaldeasturias.com\\\/noticias\\\/author\\\/admin\\\/#author\",\"url\":\"https:\\\/\\\/www.eldigitaldeasturias.com\\\/noticias\\\/author\\\/admin\\\/\",\"name\":\"El Digital de Asturias\",\"image\":{\"@type\":\"ImageObject\",\"@id\":\"https:\\\/\\\/www.eldigitaldeasturias.com\\\/noticias\\\/el-casco-historico-de-aviles-se-incorporara-a-la-app-trekkapp\\\/#authorImage\",\"url\":\"https:\\\/\\\/www.eldigitaldeasturias.com\\\/noticias\\\/wp-content\\\/litespeed\\\/avatar\\\/18677e78aa0546b92d9dbf31ec7d7668.jpg?ver=1777290358\",\"width\":96,\"height\":96,\"caption\":\"El Digital de Asturias\"}},{\"@type\":\"WebPage\",\"@id\":\"https:\\\/\\\/www.eldigitaldeasturias.com\\\/noticias\\\/el-casco-historico-de-aviles-se-incorporara-a-la-app-trekkapp\\\/#webpage\",\"url\":\"https:\\\/\\\/www.eldigitaldeasturias.com\\\/noticias\\\/el-casco-historico-de-aviles-se-incorporara-a-la-app-trekkapp\\\/\",\"name\":\"El casco hist\\u00f3rico de Avil\\u00e9s se incorporar\\u00e1 a la app TrekkApp - El Digital de Asturias\",\"description\":\"El casco hist\\u00f3rico de Avil\\u00e9s se incorporar\\u00e1 a la app TrekkApp, que cuenta con varias rutas tur\\u00edsticas por el Principado, y permitir\\u00e1 ser una gu\\u00eda para quienes visiten la ciudad. Permite consultar im\\u00e1genes e informaci\\u00f3n de la zona con 16 puntos de inter\\u00e9s definidos en la app que se puede descargar mediante un c\\u00f3digo QR\",\"inLanguage\":\"es-ES\",\"isPartOf\":{\"@id\":\"https:\\\/\\\/www.eldigitaldeasturias.com\\\/noticias\\\/#website\"},\"breadcrumb\":{\"@id\":\"https:\\\/\\\/www.eldigitaldeasturias.com\\\/noticias\\\/el-casco-historico-de-aviles-se-incorporara-a-la-app-trekkapp\\\/#breadcrumblist\"},\"author\":{\"@id\":\"https:\\\/\\\/www.eldigitaldeasturias.com\\\/noticias\\\/author\\\/admin\\\/#author\"},\"creator\":{\"@id\":\"https:\\\/\\\/www.eldigitaldeasturias.com\\\/noticias\\\/author\\\/admin\\\/#author\"},\"image\":{\"@type\":\"ImageObject\",\"url\":\"https:\\\/\\\/www.eldigitaldeasturias.com\\\/noticias\\\/wp-content\\\/uploads\\\/2016\\\/01\\\/aviles.jpg\",\"@id\":\"https:\\\/\\\/www.eldigitaldeasturias.com\\\/noticias\\\/el-casco-historico-de-aviles-se-incorporara-a-la-app-trekkapp\\\/#mainImage\",\"width\":800,\"height\":536},\"primaryImageOfPage\":{\"@id\":\"https:\\\/\\\/www.eldigitaldeasturias.com\\\/noticias\\\/el-casco-historico-de-aviles-se-incorporara-a-la-app-trekkapp\\\/#mainImage\"},\"datePublished\":\"2016-07-16T17:59:33+02:00\",\"dateModified\":\"2016-07-16T17:59:33+02:00\"},{\"@type\":\"WebSite\",\"@id\":\"https:\\\/\\\/www.eldigitaldeasturias.com\\\/noticias\\\/#website\",\"url\":\"https:\\\/\\\/www.eldigitaldeasturias.com\\\/noticias\\\/\",\"name\":\"El Digital de Asturias - Diario de actualidad y noticias\",\"alternateName\":\"El Digital de Asturias - Diario de actualidad y noticias\",\"description\":\"Hemeroteca\",\"inLanguage\":\"es-ES\",\"publisher\":{\"@id\":\"https:\\\/\\\/www.eldigitaldeasturias.com\\\/noticias\\\/#organization\"}}]}\n\t\t<\/script>\n\t\t<!-- All in One SEO Pro -->\r\n\t\t<title>El casco hist\u00f3rico de Avil\u00e9s se incorporar\u00e1 a la app TrekkApp - El Digital de Asturias<\/title>\n\n","aioseo_head_json":{"title":"El casco hist\u00f3rico de Avil\u00e9s se incorporar\u00e1 a la app TrekkApp - El Digital de Asturias","description":"El casco hist\u00f3rico de Avil\u00e9s se incorporar\u00e1 a la app TrekkApp, que cuenta con varias rutas tur\u00edsticas por el Principado, y permitir\u00e1 ser una gu\u00eda para quienes visiten la ciudad. Permite consultar im\u00e1genes e informaci\u00f3n de la zona con 16 puntos de inter\u00e9s definidos en la app que se puede descargar mediante un c\u00f3digo QR","canonical_url":"https:\/\/www.eldigitaldeasturias.com\/noticias\/el-casco-historico-de-aviles-se-incorporara-a-la-app-trekkapp\/","robots":"max-image-preview:large","keywords":"turismo","webmasterTools":{"google-site-verification":"UA-38556648-1","msvalidate.01":"7dfe9f3f1b24437ab69f4f2559babe99","miscellaneous":""},"schema":{"@context":"https:\/\/schema.org","@graph":[{"@type":"BlogPosting","@id":"https:\/\/www.eldigitaldeasturias.com\/noticias\/el-casco-historico-de-aviles-se-incorporara-a-la-app-trekkapp\/#blogposting","name":"El casco hist\u00f3rico de Avil\u00e9s se incorporar\u00e1 a la app TrekkApp - El Digital de Asturias","headline":"El casco hist\u00f3rico de Avil\u00e9s se incorporar\u00e1 a la app TrekkApp","author":{"@id":"https:\/\/www.eldigitaldeasturias.com\/noticias\/author\/admin\/#author"},"publisher":{"@id":"https:\/\/www.eldigitaldeasturias.com\/noticias\/#organization"},"image":{"@type":"ImageObject","url":"https:\/\/www.eldigitaldeasturias.com\/noticias\/wp-content\/uploads\/2016\/01\/aviles.jpg","width":800,"height":536},"datePublished":"2016-07-16T17:59:33+02:00","dateModified":"2016-07-16T17:59:33+02:00","inLanguage":"es-ES","mainEntityOfPage":{"@id":"https:\/\/www.eldigitaldeasturias.com\/noticias\/el-casco-historico-de-aviles-se-incorporara-a-la-app-trekkapp\/#webpage"},"isPartOf":{"@id":"https:\/\/www.eldigitaldeasturias.com\/noticias\/el-casco-historico-de-aviles-se-incorporara-a-la-app-trekkapp\/#webpage"},"articleSection":"Turismo"},{"@type":"BreadcrumbList","@id":"https:\/\/www.eldigitaldeasturias.com\/noticias\/el-casco-historico-de-aviles-se-incorporara-a-la-app-trekkapp\/#breadcrumblist","itemListElement":[{"@type":"ListItem","@id":"https:\/\/www.eldigitaldeasturias.com\/noticias#listItem","position":1,"name":"Home","item":"https:\/\/www.eldigitaldeasturias.com\/noticias","nextItem":{"@type":"ListItem","@id":"https:\/\/www.eldigitaldeasturias.com\/noticias\/category\/turismo\/#listItem","name":"Turismo"}},{"@type":"ListItem","@id":"https:\/\/www.eldigitaldeasturias.com\/noticias\/category\/turismo\/#listItem","position":2,"name":"Turismo","item":"https:\/\/www.eldigitaldeasturias.com\/noticias\/category\/turismo\/","nextItem":{"@type":"ListItem","@id":"https:\/\/www.eldigitaldeasturias.com\/noticias\/el-casco-historico-de-aviles-se-incorporara-a-la-app-trekkapp\/#listItem","name":"El casco hist\u00f3rico de Avil\u00e9s se incorporar\u00e1 a la app TrekkApp"},"previousItem":{"@type":"ListItem","@id":"https:\/\/www.eldigitaldeasturias.com\/noticias#listItem","name":"Home"}},{"@type":"ListItem","@id":"https:\/\/www.eldigitaldeasturias.com\/noticias\/el-casco-historico-de-aviles-se-incorporara-a-la-app-trekkapp\/#listItem","position":3,"name":"El casco hist\u00f3rico de Avil\u00e9s se incorporar\u00e1 a la app TrekkApp","previousItem":{"@type":"ListItem","@id":"https:\/\/www.eldigitaldeasturias.com\/noticias\/category\/turismo\/#listItem","name":"Turismo"}}]},{"@type":"Organization","@id":"https:\/\/www.eldigitaldeasturias.com\/noticias\/#organization","name":"El Digital de Asturias","description":"Hemeroteca","url":"https:\/\/www.eldigitaldeasturias.com\/noticias\/","email":"info@eldigitaldeasturias.com","telephone":"+34652131393","logo":{"@type":"ImageObject","url":"https:\/\/www.eldigitaldeasturias.com\/noticias\/wp-content\/uploads\/2020\/12\/EDA.jpg","@id":"https:\/\/www.eldigitaldeasturias.com\/noticias\/el-casco-historico-de-aviles-se-incorporara-a-la-app-trekkapp\/#organizationLogo","width":649,"height":297},"image":{"@id":"https:\/\/www.eldigitaldeasturias.com\/noticias\/el-casco-historico-de-aviles-se-incorporara-a-la-app-trekkapp\/#organizationLogo"},"sameAs":["https:\/\/facebook.com\/eldigitaldeasturias","https:\/\/www.youtube.com\/channel\/UCZP-2wLEB9Rv6erhFmqVnvg"],"address":{"@id":"https:\/\/www.eldigitaldeasturias.com\/noticias\/#postaladdress","@type":"PostalAddress","streetAddress":"san antonio 4,","postalCode":"33430","addressLocality":"Cand\u00e1s","addressRegion":"Asturias","addressCountry":"ES"}},{"@type":"Person","@id":"https:\/\/www.eldigitaldeasturias.com\/noticias\/author\/admin\/#author","url":"https:\/\/www.eldigitaldeasturias.com\/noticias\/author\/admin\/","name":"El Digital de Asturias","image":{"@type":"ImageObject","@id":"https:\/\/www.eldigitaldeasturias.com\/noticias\/el-casco-historico-de-aviles-se-incorporara-a-la-app-trekkapp\/#authorImage","url":"https:\/\/www.eldigitaldeasturias.com\/noticias\/wp-content\/litespeed\/avatar\/18677e78aa0546b92d9dbf31ec7d7668.jpg?ver=1777290358","width":96,"height":96,"caption":"El Digital de Asturias"}},{"@type":"WebPage","@id":"https:\/\/www.eldigitaldeasturias.com\/noticias\/el-casco-historico-de-aviles-se-incorporara-a-la-app-trekkapp\/#webpage","url":"https:\/\/www.eldigitaldeasturias.com\/noticias\/el-casco-historico-de-aviles-se-incorporara-a-la-app-trekkapp\/","name":"El casco hist\u00f3rico de Avil\u00e9s se incorporar\u00e1 a la app TrekkApp - El Digital de Asturias","description":"El casco hist\u00f3rico de Avil\u00e9s se incorporar\u00e1 a la app TrekkApp, que cuenta con varias rutas tur\u00edsticas por el Principado, y permitir\u00e1 ser una gu\u00eda para quienes visiten la ciudad. Permite consultar im\u00e1genes e informaci\u00f3n de la zona con 16 puntos de inter\u00e9s definidos en la app que se puede descargar mediante un c\u00f3digo QR","inLanguage":"es-ES","isPartOf":{"@id":"https:\/\/www.eldigitaldeasturias.com\/noticias\/#website"},"breadcrumb":{"@id":"https:\/\/www.eldigitaldeasturias.com\/noticias\/el-casco-historico-de-aviles-se-incorporara-a-la-app-trekkapp\/#breadcrumblist"},"author":{"@id":"https:\/\/www.eldigitaldeasturias.com\/noticias\/author\/admin\/#author"},"creator":{"@id":"https:\/\/www.eldigitaldeasturias.com\/noticias\/author\/admin\/#author"},"image":{"@type":"ImageObject","url":"https:\/\/www.eldigitaldeasturias.com\/noticias\/wp-content\/uploads\/2016\/01\/aviles.jpg","@id":"https:\/\/www.eldigitaldeasturias.com\/noticias\/el-casco-historico-de-aviles-se-incorporara-a-la-app-trekkapp\/#mainImage","width":800,"height":536},"primaryImageOfPage":{"@id":"https:\/\/www.eldigitaldeasturias.com\/noticias\/el-casco-historico-de-aviles-se-incorporara-a-la-app-trekkapp\/#mainImage"},"datePublished":"2016-07-16T17:59:33+02:00","dateModified":"2016-07-16T17:59:33+02:00"},{"@type":"WebSite","@id":"https:\/\/www.eldigitaldeasturias.com\/noticias\/#website","url":"https:\/\/www.eldigitaldeasturias.com\/noticias\/","name":"El Digital de Asturias - Diario de actualidad y noticias","alternateName":"El Digital de Asturias - Diario de actualidad y noticias","description":"Hemeroteca","inLanguage":"es-ES","publisher":{"@id":"https:\/\/www.eldigitaldeasturias.com\/noticias\/#organization"}}]},"og:locale":"es_ES","og:site_name":"El Digital de Asturias","og:type":"article","og:title":"El casco hist\u00f3rico de Avil\u00e9s se incorporar\u00e1 a la app TrekkApp - El Digital de Asturias","og:description":"El casco hist\u00f3rico de Avil\u00e9s se incorporar\u00e1 a la app TrekkApp, que cuenta con varias rutas tur\u00edsticas por el Principado, y permitir\u00e1 ser una gu\u00eda para quienes visiten la ciudad. Permite consultar im\u00e1genes e informaci\u00f3n de la zona con 16 puntos de inter\u00e9s definidos en la app que se puede descargar mediante un c\u00f3digo QR","og:url":"https:\/\/www.eldigitaldeasturias.com\/noticias\/el-casco-historico-de-aviles-se-incorporara-a-la-app-trekkapp\/","og:image":"https:\/\/www.eldigitaldeasturias.com\/noticias\/wp-content\/uploads\/2016\/01\/aviles.jpg","og:image:secure_url":"https:\/\/www.eldigitaldeasturias.com\/noticias\/wp-content\/uploads\/2016\/01\/aviles.jpg","og:image:width":800,"og:image:height":536,"article:tag":["turismo"],"article:published_time":"2016-07-16T17:59:33+00:00","article:modified_time":"2016-07-16T17:59:33+00:00","article:publisher":"https:\/\/facebook.com\/eldigitaldeasturias","twitter:card":"summary_large_image","twitter:title":"El casco hist\u00f3rico de Avil\u00e9s se incorporar\u00e1 a la app TrekkApp - El Digital de Asturias","twitter:description":"El casco hist\u00f3rico de Avil\u00e9s se incorporar\u00e1 a la app TrekkApp, que cuenta con varias rutas tur\u00edsticas por el Principado, y permitir\u00e1 ser una gu\u00eda para quienes visiten la ciudad. Permite consultar im\u00e1genes e informaci\u00f3n de la zona con 16 puntos de inter\u00e9s definidos en la app que se puede descargar mediante un c\u00f3digo QR","twitter:image":"https:\/\/www.eldigitaldeasturias.com\/noticias\/wp-content\/uploads\/2016\/01\/aviles.jpg","twitter:label1":"Escrito por","twitter:data1":"El Digital de Asturias","twitter:label2":"Tiempo de lectura estimado","twitter:data2":"1 minuto"},"aioseo_meta_data":{"post_id":"898985","title":null,"description":null,"keywords":null,"keyphrases":null,"primary_term":null,"canonical_url":null,"og_title":null,"og_description":null,"og_object_type":"default","og_image_type":"default","og_image_url":null,"og_image_width":null,"og_image_height":null,"og_image_custom_url":null,"og_image_custom_fields":null,"og_video":null,"og_custom_url":null,"og_article_section":null,"og_article_tags":null,"twitter_use_og":false,"twitter_card":"default","twitter_image_type":"default","twitter_image_url":null,"twitter_image_custom_url":null,"twitter_image_custom_fields":null,"twitter_title":null,"twitter_description":null,"schema":{"blockGraphs":[],"customGraphs":[],"default":{"data":{"Article":[],"Course":[],"Dataset":[],"FAQPage":[],"Movie":[],"Person":[],"Product":[],"ProductReview":[],"Car":[],"Recipe":[],"Service":[],"SoftwareApplication":[],"WebPage":[]},"graphName":"","isEnabled":true},"graphs":[],"defaultGraph":"","defaultPostTypeGraph":""},"schema_type":null,"schema_type_options":null,"pillar_content":false,"robots_default":true,"robots_noindex":false,"robots_noarchive":false,"robots_nosnippet":false,"robots_nofollow":false,"robots_noimageindex":false,"robots_noodp":false,"robots_notranslate":false,"robots_max_snippet":null,"robots_max_videopreview":null,"robots_max_imagepreview":"large","priority":null,"frequency":null,"local_seo":null,"seo_analyzer_scan_date":"2025-11-28 11:16:25","breadcrumb_settings":null,"limit_modified_date":false,"open_ai":null,"ai":null,"created":"2020-12-21 14:07:37","updated":"2025-11-28 11:16:25"},"aioseo_breadcrumb":"<div class=\"aioseo-breadcrumbs\"><span class=\"aioseo-breadcrumb\">\n\t<a href=\"https:\/\/www.eldigitaldeasturias.com\/noticias\" title=\"Home\">Home<\/a>\n<\/span><span class=\"aioseo-breadcrumb-separator\">\u2013<\/span><span class=\"aioseo-breadcrumb\">\n\t<a href=\"https:\/\/www.eldigitaldeasturias.com\/noticias\/category\/turismo\/\" title=\"Turismo\">Turismo<\/a>\n<\/span><span class=\"aioseo-breadcrumb-separator\">\u2013<\/span><span class=\"aioseo-breadcrumb\">\n\t<a href=\"https:\/\/www.eldigitaldeasturias.com\/noticias\/el-casco-historico-de-aviles-se-incorporara-a-la-app-trekkapp\/\" title=\"El casco hist\u00f3rico de Avil\u00e9s se incorporar\u00e1 a la app TrekkApp\">El casco hist\u00f3rico de Avil\u00e9s se incorporar\u00e1 a la app TrekkApp<\/a>\n<\/span><\/div>","aioseo_breadcrumb_json":[{"label":"Home","link":"https:\/\/www.eldigitaldeasturias.com\/noticias"},{"label":"Turismo","link":"https:\/\/www.eldigitaldeasturias.com\/noticias\/category\/turismo\/"},{"label":"El casco hist\u00f3rico de Avil\u00e9s se incorporar\u00e1 a la app TrekkApp","link":"https:\/\/www.eldigitaldeasturias.com\/noticias\/el-casco-historico-de-aviles-se-incorporara-a-la-app-trekkapp\/"}],"_links":{"self":[{"href":"https:\/\/www.eldigitaldeasturias.com\/noticias\/wp-json\/wp\/v2\/posts\/898985","targetHints":{"allow":["GET"]}}],"collection":[{"href":"https:\/\/www.eldigitaldeasturias.com\/noticias\/wp-json\/wp\/v2\/posts"}],"about":[{"href":"https:\/\/www.eldigitaldeasturias.com\/noticias\/wp-json\/wp\/v2\/types\/post"}],"author":[{"embeddable":true,"href":"https:\/\/www.eldigitaldeasturias.com\/noticias\/wp-json\/wp\/v2\/users\/1"}],"replies":[{"embeddable":true,"href":"https:\/\/www.eldigitaldeasturias.com\/noticias\/wp-json\/wp\/v2\/comments?post=898985"}],"version-history":[{"count":0,"href":"https:\/\/www.eldigitaldeasturias.com\/noticias\/wp-json\/wp\/v2\/posts\/898985\/revisions"}],"wp:featuredmedia":[{"embeddable":true,"href":"https:\/\/www.eldigitaldeasturias.com\/noticias\/wp-json\/wp\/v2\/media\/845580"}],"wp:attachment":[{"href":"https:\/\/www.eldigitaldeasturias.com\/noticias\/wp-json\/wp\/v2\/media?parent=898985"}],"wp:term":[{"taxonomy":"category","embeddable":true,"href":"https:\/\/www.eldigitaldeasturias.com\/noticias\/wp-json\/wp\/v2\/categories?post=898985"},{"taxonomy":"post_tag","embeddable":true,"href":"https:\/\/www.eldigitaldeasturias.com\/noticias\/wp-json\/wp\/v2\/tags?post=898985"}],"curies":[{"name":"wp","href":"https:\/\/api.w.org\/{rel}","templated":true}]}}