{"id":893744,"date":"2016-06-24T08:00:49","date_gmt":"2016-06-24T08:00:49","guid":{"rendered":"http:\/\/www.eldigitaldeasturias.com\/noticias\/?p=893744"},"modified":"2016-06-24T08:00:49","modified_gmt":"2016-06-24T08:00:49","slug":"andalucia-acude-al-bmw-international-open","status":"publish","type":"post","link":"https:\/\/www.eldigitaldeasturias.com\/noticias\/andalucia-acude-al-bmw-international-open\/","title":{"rendered":"Andaluc\u00eda acude al BMW International Open"},"content":{"rendered":"<p><img loading=\"lazy\" decoding=\"async\" class=\"alignleft size-medium wp-image-893745\" src=\"https:\/\/www.eldigitaldeasturias.com\/noticias\/wp-content\/uploads\/2016\/06\/fotonoticia_20160622125829_800-215x320.jpg\" alt=\"fotonoticia_20160622125829_800\" width=\"215\" height=\"320\" srcset=\"https:\/\/www.eldigitaldeasturias.com\/noticias\/wp-content\/uploads\/2016\/06\/fotonoticia_20160622125829_800-215x320.jpg 215w, https:\/\/www.eldigitaldeasturias.com\/noticias\/wp-content\/uploads\/2016\/06\/fotonoticia_20160622125829_800-768x1140.jpg 768w, https:\/\/www.eldigitaldeasturias.com\/noticias\/wp-content\/uploads\/2016\/06\/fotonoticia_20160622125829_800-438x650.jpg 438w, https:\/\/www.eldigitaldeasturias.com\/noticias\/wp-content\/uploads\/2016\/06\/fotonoticia_20160622125829_800.jpg 800w\" sizes=\"auto, (max-width: 215px) 100vw, 215px\" \/>La oferta de Andaluc\u00eda como destino de golf se promocionar\u00e1 hasta el pr\u00f3ximo domingo en el BMW International Open 2016, que se celebra desde este mi\u00e9rcoles en la ciudad alemana de Colonia, y donde la Consejer\u00eda de Turismo y Deporte asiste por primera vez a este torneo con el objetivo de difundir la imagen de la Comunidad como referencia en Europa en este segmento, generar negocio e impulsar la llegada de turistas germanos aficionados a este deporte.<\/p>\n<p>Seg\u00fan indica la Consejer\u00eda en una nota, la presencia andaluza en este torneo, incluido en el circuito europeo profesional y considerado uno de los principales celebrados en Alemania, es una de las actividades promocionales recogidas en el Plan de Acci\u00f3n 2016 dirigidas a este mercado, emisor prioritario para Andaluc\u00eda en este segmento. Esta acci\u00f3n permitir\u00e1 reforzar la comercializaci\u00f3n del destino y propiciar\u00e1 el contacto directo de la oferta de la regi\u00f3n con intermediarios tur\u00edsticos, profesionales del golf, aficionados y p\u00fablico interesado.<\/p>\n<p>El destino cuenta con un stand propio de 25 metros cuadrados en la zona expositiva del torneo, que tendr\u00e1 lugar en el Golf Club Gut L\u00e4rchenhof, desde donde se atender\u00e1 a los participantes y aficionados al golf interesados en la oferta de Andaluc\u00eda para practicar este deporte. La delegaci\u00f3n andaluza estar\u00e1 representada por los t\u00e9cnicos de la Junta, miembros de la Federaci\u00f3n Andaluza de esta disciplina, as\u00ed como diversos campos de golf de la Costa del Sol, Rota y Jerez.<\/p>\n<p>Los establecimientos hoteleros andaluces recibieron en 2015 un total de 805.245 viajeros procedentes de Alemania, lo que supuso un incremento del 3,7 por ciento con respecto al a\u00f1o anterior. Estos turistas realizaron un total de 3.809.952 pernoctaciones, un 1,3 por ciento m\u00e1s que en 2014.<\/p>\n<p>El viajero alem\u00e1n representa el 15,6 por ciento del total de los extranjeros que visitan Andaluc\u00eda y es un turista que en el acumulado del a\u00f1o sigue registrando comportamientos positivos. As\u00ed, y seg\u00fan los \u00faltimos datos disponibles, entre enero y abril de 2016 se han alojado en los establecimientos hoteleros andaluces un total de 221.375 viajeros procedentes de Alemania, un 8,9 por ciento por ciento m\u00e1s que en mismo periodo del a\u00f1o anterior, que sumaron 912.068 pernoctaciones, con un incremento del 9,6 por ciento.<\/p>\n<p>DATOS DEL SEGMENTO<\/p>\n<p>En lo que respecta al golf, Andaluc\u00eda recibi\u00f3 en 2014 un total de 458.000 turistas cuya principal motivaci\u00f3n era la pr\u00e1ctica de este deporte, lo que supuso un incremento del 1,3 por ciento en relaci\u00f3n con el ejercicio previo y el mejor registro de los \u00faltimos a\u00f1os, con un crecimiento acumulado superior al siete por ciento desde 2010.<\/p>\n<p>La promoci\u00f3n de Andaluc\u00eda como destino de golf es una de las l\u00edneas estrat\u00e9gicas del Plan de Acci\u00f3n 2016 de la Consejer\u00eda de Turismo y Deporte, que incluye m\u00e1s de una veintena de actuaciones espec\u00edficas.<\/p>\n<p>Seg\u00fan la informaci\u00f3n facilitada por la organizaci\u00f3n de este evento, la edici\u00f3n 2015 del BMW International Open congreg\u00f3 a 60.000 aficionados al golf.<\/p>\n","protected":false},"excerpt":{"rendered":"<p>La oferta de Andaluc\u00eda como destino de golf se promocionar\u00e1 hasta el pr\u00f3ximo domingo en el BMW International Open 2016, que se celebra desde este mi\u00e9rcoles en la ciudad alemana de Colonia, y donde la Consejer\u00eda de Turismo y Deporte asiste por primera vez a este torneo con el objetivo de difundir la imagen de [&hellip;]<\/p>\n","protected":false},"author":1,"featured_media":893745,"comment_status":"closed","ping_status":"closed","sticky":false,"template":"","format":"standard","meta":{"footnotes":""},"categories":[148],"tags":[],"class_list":["post-893744","post","type-post","status-publish","format-standard","has-post-thumbnail","hentry","category-turismo"],"aioseo_notices":[],"aioseo_head":"\n\t\t<!-- All in One SEO Pro 4.9.6.2 - aioseo.com -->\n\t<meta name=\"description\" content=\"La oferta de Andaluc\u00eda como destino de golf se promocionar\u00e1 hasta el pr\u00f3ximo domingo en el BMW International Open 2016, que se celebra desde este mi\u00e9rcoles en la ciudad alemana de Colonia, y donde la Consejer\u00eda de Turismo y Deporte asiste por primera vez a este torneo con el objetivo de difundir la imagen de\" \/>\n\t<meta name=\"robots\" content=\"max-image-preview:large\" \/>\n\t<meta name=\"author\" content=\"El Digital de Asturias\"\/>\n\t<meta name=\"google-site-verification\" content=\"UA-38556648-1\" \/>\n\t<meta name=\"msvalidate.01\" content=\"7dfe9f3f1b24437ab69f4f2559babe99\" \/>\n\t<meta name=\"keywords\" content=\"turismo\" \/>\n\t<link rel=\"canonical\" href=\"https:\/\/www.eldigitaldeasturias.com\/noticias\/andalucia-acude-al-bmw-international-open\/\" \/>\n\t<meta name=\"generator\" content=\"All in One SEO Pro (AIOSEO) 4.9.6.2\" \/>\n\t\t<meta property=\"og:locale\" content=\"es_ES\" \/>\n\t\t<meta property=\"og:site_name\" content=\"El Digital de Asturias\" \/>\n\t\t<meta property=\"og:type\" content=\"article\" \/>\n\t\t<meta property=\"og:title\" content=\"Andaluc\u00eda acude al BMW International Open - El Digital de Asturias\" \/>\n\t\t<meta property=\"og:description\" content=\"La oferta de Andaluc\u00eda como destino de golf se promocionar\u00e1 hasta el pr\u00f3ximo domingo en el BMW International Open 2016, que se celebra desde este mi\u00e9rcoles en la ciudad alemana de Colonia, y donde la Consejer\u00eda de Turismo y Deporte asiste por primera vez a este torneo con el objetivo de difundir la imagen de\" \/>\n\t\t<meta property=\"og:url\" content=\"https:\/\/www.eldigitaldeasturias.com\/noticias\/andalucia-acude-al-bmw-international-open\/\" \/>\n\t\t<meta property=\"og:image\" content=\"https:\/\/www.eldigitaldeasturias.com\/noticias\/wp-content\/uploads\/2016\/06\/fotonoticia_20160622125829_800.jpg\" \/>\n\t\t<meta property=\"og:image:secure_url\" content=\"https:\/\/www.eldigitaldeasturias.com\/noticias\/wp-content\/uploads\/2016\/06\/fotonoticia_20160622125829_800.jpg\" \/>\n\t\t<meta property=\"og:image:width\" content=\"800\" \/>\n\t\t<meta property=\"og:image:height\" content=\"1188\" \/>\n\t\t<meta property=\"article:tag\" content=\"turismo\" \/>\n\t\t<meta property=\"article:published_time\" content=\"2016-06-24T08:00:49+00:00\" \/>\n\t\t<meta property=\"article:modified_time\" content=\"2016-06-24T08:00:49+00:00\" \/>\n\t\t<meta property=\"article:publisher\" content=\"https:\/\/facebook.com\/eldigitaldeasturias\" \/>\n\t\t<meta name=\"twitter:card\" content=\"summary_large_image\" \/>\n\t\t<meta name=\"twitter:title\" content=\"Andaluc\u00eda acude al BMW International Open - El Digital de Asturias\" \/>\n\t\t<meta name=\"twitter:description\" content=\"La oferta de Andaluc\u00eda como destino de golf se promocionar\u00e1 hasta el pr\u00f3ximo domingo en el BMW International Open 2016, que se celebra desde este mi\u00e9rcoles en la ciudad alemana de Colonia, y donde la Consejer\u00eda de Turismo y Deporte asiste por primera vez a este torneo con el objetivo de difundir la imagen de\" \/>\n\t\t<meta name=\"twitter:image\" content=\"https:\/\/www.eldigitaldeasturias.com\/noticias\/wp-content\/uploads\/2016\/06\/fotonoticia_20160622125829_800.jpg\" \/>\n\t\t<meta name=\"twitter:label1\" content=\"Escrito por\" \/>\n\t\t<meta name=\"twitter:data1\" content=\"El Digital de Asturias\" \/>\n\t\t<meta name=\"twitter:label2\" content=\"Tiempo de lectura estimado\" \/>\n\t\t<meta name=\"twitter:data2\" content=\"3 minutos\" \/>\n\t\t<script type=\"application\/ld+json\" class=\"aioseo-schema\">\n\t\t\t{\"@context\":\"https:\\\/\\\/schema.org\",\"@graph\":[{\"@type\":\"BlogPosting\",\"@id\":\"https:\\\/\\\/www.eldigitaldeasturias.com\\\/noticias\\\/andalucia-acude-al-bmw-international-open\\\/#blogposting\",\"name\":\"Andaluc\\u00eda acude al BMW International Open - El Digital de Asturias\",\"headline\":\"Andaluc\\u00eda acude al BMW International Open\",\"author\":{\"@id\":\"https:\\\/\\\/www.eldigitaldeasturias.com\\\/noticias\\\/author\\\/admin\\\/#author\"},\"publisher\":{\"@id\":\"https:\\\/\\\/www.eldigitaldeasturias.com\\\/noticias\\\/#organization\"},\"image\":{\"@type\":\"ImageObject\",\"url\":\"https:\\\/\\\/www.eldigitaldeasturias.com\\\/noticias\\\/wp-content\\\/uploads\\\/2016\\\/06\\\/fotonoticia_20160622125829_800.jpg\",\"width\":800,\"height\":1188},\"datePublished\":\"2016-06-24T08:00:49+02:00\",\"dateModified\":\"2016-06-24T08:00:49+02:00\",\"inLanguage\":\"es-ES\",\"mainEntityOfPage\":{\"@id\":\"https:\\\/\\\/www.eldigitaldeasturias.com\\\/noticias\\\/andalucia-acude-al-bmw-international-open\\\/#webpage\"},\"isPartOf\":{\"@id\":\"https:\\\/\\\/www.eldigitaldeasturias.com\\\/noticias\\\/andalucia-acude-al-bmw-international-open\\\/#webpage\"},\"articleSection\":\"Turismo\"},{\"@type\":\"BreadcrumbList\",\"@id\":\"https:\\\/\\\/www.eldigitaldeasturias.com\\\/noticias\\\/andalucia-acude-al-bmw-international-open\\\/#breadcrumblist\",\"itemListElement\":[{\"@type\":\"ListItem\",\"@id\":\"https:\\\/\\\/www.eldigitaldeasturias.com\\\/noticias#listItem\",\"position\":1,\"name\":\"Home\",\"item\":\"https:\\\/\\\/www.eldigitaldeasturias.com\\\/noticias\",\"nextItem\":{\"@type\":\"ListItem\",\"@id\":\"https:\\\/\\\/www.eldigitaldeasturias.com\\\/noticias\\\/category\\\/turismo\\\/#listItem\",\"name\":\"Turismo\"}},{\"@type\":\"ListItem\",\"@id\":\"https:\\\/\\\/www.eldigitaldeasturias.com\\\/noticias\\\/category\\\/turismo\\\/#listItem\",\"position\":2,\"name\":\"Turismo\",\"item\":\"https:\\\/\\\/www.eldigitaldeasturias.com\\\/noticias\\\/category\\\/turismo\\\/\",\"nextItem\":{\"@type\":\"ListItem\",\"@id\":\"https:\\\/\\\/www.eldigitaldeasturias.com\\\/noticias\\\/andalucia-acude-al-bmw-international-open\\\/#listItem\",\"name\":\"Andaluc\\u00eda acude al BMW International Open\"},\"previousItem\":{\"@type\":\"ListItem\",\"@id\":\"https:\\\/\\\/www.eldigitaldeasturias.com\\\/noticias#listItem\",\"name\":\"Home\"}},{\"@type\":\"ListItem\",\"@id\":\"https:\\\/\\\/www.eldigitaldeasturias.com\\\/noticias\\\/andalucia-acude-al-bmw-international-open\\\/#listItem\",\"position\":3,\"name\":\"Andaluc\\u00eda acude al BMW International Open\",\"previousItem\":{\"@type\":\"ListItem\",\"@id\":\"https:\\\/\\\/www.eldigitaldeasturias.com\\\/noticias\\\/category\\\/turismo\\\/#listItem\",\"name\":\"Turismo\"}}]},{\"@type\":\"Organization\",\"@id\":\"https:\\\/\\\/www.eldigitaldeasturias.com\\\/noticias\\\/#organization\",\"name\":\"El Digital de Asturias\",\"description\":\"Hemeroteca\",\"url\":\"https:\\\/\\\/www.eldigitaldeasturias.com\\\/noticias\\\/\",\"email\":\"info@eldigitaldeasturias.com\",\"telephone\":\"+34652131393\",\"logo\":{\"@type\":\"ImageObject\",\"url\":\"https:\\\/\\\/www.eldigitaldeasturias.com\\\/noticias\\\/wp-content\\\/uploads\\\/2020\\\/12\\\/EDA.jpg\",\"@id\":\"https:\\\/\\\/www.eldigitaldeasturias.com\\\/noticias\\\/andalucia-acude-al-bmw-international-open\\\/#organizationLogo\",\"width\":649,\"height\":297},\"image\":{\"@id\":\"https:\\\/\\\/www.eldigitaldeasturias.com\\\/noticias\\\/andalucia-acude-al-bmw-international-open\\\/#organizationLogo\"},\"sameAs\":[\"https:\\\/\\\/facebook.com\\\/eldigitaldeasturias\",\"https:\\\/\\\/www.youtube.com\\\/channel\\\/UCZP-2wLEB9Rv6erhFmqVnvg\"],\"address\":{\"@id\":\"https:\\\/\\\/www.eldigitaldeasturias.com\\\/noticias\\\/#postaladdress\",\"@type\":\"PostalAddress\",\"streetAddress\":\"san antonio 4,\",\"postalCode\":\"33430\",\"addressLocality\":\"Cand\\u00e1s\",\"addressRegion\":\"Asturias\",\"addressCountry\":\"ES\"}},{\"@type\":\"Person\",\"@id\":\"https:\\\/\\\/www.eldigitaldeasturias.com\\\/noticias\\\/author\\\/admin\\\/#author\",\"url\":\"https:\\\/\\\/www.eldigitaldeasturias.com\\\/noticias\\\/author\\\/admin\\\/\",\"name\":\"El Digital de Asturias\",\"image\":{\"@type\":\"ImageObject\",\"@id\":\"https:\\\/\\\/www.eldigitaldeasturias.com\\\/noticias\\\/andalucia-acude-al-bmw-international-open\\\/#authorImage\",\"url\":\"https:\\\/\\\/www.eldigitaldeasturias.com\\\/noticias\\\/wp-content\\\/litespeed\\\/avatar\\\/18677e78aa0546b92d9dbf31ec7d7668.jpg?ver=1777290358\",\"width\":96,\"height\":96,\"caption\":\"El Digital de Asturias\"}},{\"@type\":\"WebPage\",\"@id\":\"https:\\\/\\\/www.eldigitaldeasturias.com\\\/noticias\\\/andalucia-acude-al-bmw-international-open\\\/#webpage\",\"url\":\"https:\\\/\\\/www.eldigitaldeasturias.com\\\/noticias\\\/andalucia-acude-al-bmw-international-open\\\/\",\"name\":\"Andaluc\\u00eda acude al BMW International Open - El Digital de Asturias\",\"description\":\"La oferta de Andaluc\\u00eda como destino de golf se promocionar\\u00e1 hasta el pr\\u00f3ximo domingo en el BMW International Open 2016, que se celebra desde este mi\\u00e9rcoles en la ciudad alemana de Colonia, y donde la Consejer\\u00eda de Turismo y Deporte asiste por primera vez a este torneo con el objetivo de difundir la imagen de\",\"inLanguage\":\"es-ES\",\"isPartOf\":{\"@id\":\"https:\\\/\\\/www.eldigitaldeasturias.com\\\/noticias\\\/#website\"},\"breadcrumb\":{\"@id\":\"https:\\\/\\\/www.eldigitaldeasturias.com\\\/noticias\\\/andalucia-acude-al-bmw-international-open\\\/#breadcrumblist\"},\"author\":{\"@id\":\"https:\\\/\\\/www.eldigitaldeasturias.com\\\/noticias\\\/author\\\/admin\\\/#author\"},\"creator\":{\"@id\":\"https:\\\/\\\/www.eldigitaldeasturias.com\\\/noticias\\\/author\\\/admin\\\/#author\"},\"image\":{\"@type\":\"ImageObject\",\"url\":\"https:\\\/\\\/www.eldigitaldeasturias.com\\\/noticias\\\/wp-content\\\/uploads\\\/2016\\\/06\\\/fotonoticia_20160622125829_800.jpg\",\"@id\":\"https:\\\/\\\/www.eldigitaldeasturias.com\\\/noticias\\\/andalucia-acude-al-bmw-international-open\\\/#mainImage\",\"width\":800,\"height\":1188},\"primaryImageOfPage\":{\"@id\":\"https:\\\/\\\/www.eldigitaldeasturias.com\\\/noticias\\\/andalucia-acude-al-bmw-international-open\\\/#mainImage\"},\"datePublished\":\"2016-06-24T08:00:49+02:00\",\"dateModified\":\"2016-06-24T08:00:49+02:00\"},{\"@type\":\"WebSite\",\"@id\":\"https:\\\/\\\/www.eldigitaldeasturias.com\\\/noticias\\\/#website\",\"url\":\"https:\\\/\\\/www.eldigitaldeasturias.com\\\/noticias\\\/\",\"name\":\"El Digital de Asturias - Diario de actualidad y noticias\",\"alternateName\":\"El Digital de Asturias - Diario de actualidad y noticias\",\"description\":\"Hemeroteca\",\"inLanguage\":\"es-ES\",\"publisher\":{\"@id\":\"https:\\\/\\\/www.eldigitaldeasturias.com\\\/noticias\\\/#organization\"}}]}\n\t\t<\/script>\n\t\t<!-- All in One SEO Pro -->\r\n\t\t<title>Andaluc\u00eda acude al BMW International Open - El Digital de Asturias<\/title>\n\n","aioseo_head_json":{"title":"Andaluc\u00eda acude al BMW International Open - El Digital de Asturias","description":"La oferta de Andaluc\u00eda como destino de golf se promocionar\u00e1 hasta el pr\u00f3ximo domingo en el BMW International Open 2016, que se celebra desde este mi\u00e9rcoles en la ciudad alemana de Colonia, y donde la Consejer\u00eda de Turismo y Deporte asiste por primera vez a este torneo con el objetivo de difundir la imagen de","canonical_url":"https:\/\/www.eldigitaldeasturias.com\/noticias\/andalucia-acude-al-bmw-international-open\/","robots":"max-image-preview:large","keywords":"turismo","webmasterTools":{"google-site-verification":"UA-38556648-1","msvalidate.01":"7dfe9f3f1b24437ab69f4f2559babe99","miscellaneous":""},"schema":{"@context":"https:\/\/schema.org","@graph":[{"@type":"BlogPosting","@id":"https:\/\/www.eldigitaldeasturias.com\/noticias\/andalucia-acude-al-bmw-international-open\/#blogposting","name":"Andaluc\u00eda acude al BMW International Open - El Digital de Asturias","headline":"Andaluc\u00eda acude al BMW International Open","author":{"@id":"https:\/\/www.eldigitaldeasturias.com\/noticias\/author\/admin\/#author"},"publisher":{"@id":"https:\/\/www.eldigitaldeasturias.com\/noticias\/#organization"},"image":{"@type":"ImageObject","url":"https:\/\/www.eldigitaldeasturias.com\/noticias\/wp-content\/uploads\/2016\/06\/fotonoticia_20160622125829_800.jpg","width":800,"height":1188},"datePublished":"2016-06-24T08:00:49+02:00","dateModified":"2016-06-24T08:00:49+02:00","inLanguage":"es-ES","mainEntityOfPage":{"@id":"https:\/\/www.eldigitaldeasturias.com\/noticias\/andalucia-acude-al-bmw-international-open\/#webpage"},"isPartOf":{"@id":"https:\/\/www.eldigitaldeasturias.com\/noticias\/andalucia-acude-al-bmw-international-open\/#webpage"},"articleSection":"Turismo"},{"@type":"BreadcrumbList","@id":"https:\/\/www.eldigitaldeasturias.com\/noticias\/andalucia-acude-al-bmw-international-open\/#breadcrumblist","itemListElement":[{"@type":"ListItem","@id":"https:\/\/www.eldigitaldeasturias.com\/noticias#listItem","position":1,"name":"Home","item":"https:\/\/www.eldigitaldeasturias.com\/noticias","nextItem":{"@type":"ListItem","@id":"https:\/\/www.eldigitaldeasturias.com\/noticias\/category\/turismo\/#listItem","name":"Turismo"}},{"@type":"ListItem","@id":"https:\/\/www.eldigitaldeasturias.com\/noticias\/category\/turismo\/#listItem","position":2,"name":"Turismo","item":"https:\/\/www.eldigitaldeasturias.com\/noticias\/category\/turismo\/","nextItem":{"@type":"ListItem","@id":"https:\/\/www.eldigitaldeasturias.com\/noticias\/andalucia-acude-al-bmw-international-open\/#listItem","name":"Andaluc\u00eda acude al BMW International Open"},"previousItem":{"@type":"ListItem","@id":"https:\/\/www.eldigitaldeasturias.com\/noticias#listItem","name":"Home"}},{"@type":"ListItem","@id":"https:\/\/www.eldigitaldeasturias.com\/noticias\/andalucia-acude-al-bmw-international-open\/#listItem","position":3,"name":"Andaluc\u00eda acude al BMW International Open","previousItem":{"@type":"ListItem","@id":"https:\/\/www.eldigitaldeasturias.com\/noticias\/category\/turismo\/#listItem","name":"Turismo"}}]},{"@type":"Organization","@id":"https:\/\/www.eldigitaldeasturias.com\/noticias\/#organization","name":"El Digital de Asturias","description":"Hemeroteca","url":"https:\/\/www.eldigitaldeasturias.com\/noticias\/","email":"info@eldigitaldeasturias.com","telephone":"+34652131393","logo":{"@type":"ImageObject","url":"https:\/\/www.eldigitaldeasturias.com\/noticias\/wp-content\/uploads\/2020\/12\/EDA.jpg","@id":"https:\/\/www.eldigitaldeasturias.com\/noticias\/andalucia-acude-al-bmw-international-open\/#organizationLogo","width":649,"height":297},"image":{"@id":"https:\/\/www.eldigitaldeasturias.com\/noticias\/andalucia-acude-al-bmw-international-open\/#organizationLogo"},"sameAs":["https:\/\/facebook.com\/eldigitaldeasturias","https:\/\/www.youtube.com\/channel\/UCZP-2wLEB9Rv6erhFmqVnvg"],"address":{"@id":"https:\/\/www.eldigitaldeasturias.com\/noticias\/#postaladdress","@type":"PostalAddress","streetAddress":"san antonio 4,","postalCode":"33430","addressLocality":"Cand\u00e1s","addressRegion":"Asturias","addressCountry":"ES"}},{"@type":"Person","@id":"https:\/\/www.eldigitaldeasturias.com\/noticias\/author\/admin\/#author","url":"https:\/\/www.eldigitaldeasturias.com\/noticias\/author\/admin\/","name":"El Digital de Asturias","image":{"@type":"ImageObject","@id":"https:\/\/www.eldigitaldeasturias.com\/noticias\/andalucia-acude-al-bmw-international-open\/#authorImage","url":"https:\/\/www.eldigitaldeasturias.com\/noticias\/wp-content\/litespeed\/avatar\/18677e78aa0546b92d9dbf31ec7d7668.jpg?ver=1777290358","width":96,"height":96,"caption":"El Digital de Asturias"}},{"@type":"WebPage","@id":"https:\/\/www.eldigitaldeasturias.com\/noticias\/andalucia-acude-al-bmw-international-open\/#webpage","url":"https:\/\/www.eldigitaldeasturias.com\/noticias\/andalucia-acude-al-bmw-international-open\/","name":"Andaluc\u00eda acude al BMW International Open - El Digital de Asturias","description":"La oferta de Andaluc\u00eda como destino de golf se promocionar\u00e1 hasta el pr\u00f3ximo domingo en el BMW International Open 2016, que se celebra desde este mi\u00e9rcoles en la ciudad alemana de Colonia, y donde la Consejer\u00eda de Turismo y Deporte asiste por primera vez a este torneo con el objetivo de difundir la imagen de","inLanguage":"es-ES","isPartOf":{"@id":"https:\/\/www.eldigitaldeasturias.com\/noticias\/#website"},"breadcrumb":{"@id":"https:\/\/www.eldigitaldeasturias.com\/noticias\/andalucia-acude-al-bmw-international-open\/#breadcrumblist"},"author":{"@id":"https:\/\/www.eldigitaldeasturias.com\/noticias\/author\/admin\/#author"},"creator":{"@id":"https:\/\/www.eldigitaldeasturias.com\/noticias\/author\/admin\/#author"},"image":{"@type":"ImageObject","url":"https:\/\/www.eldigitaldeasturias.com\/noticias\/wp-content\/uploads\/2016\/06\/fotonoticia_20160622125829_800.jpg","@id":"https:\/\/www.eldigitaldeasturias.com\/noticias\/andalucia-acude-al-bmw-international-open\/#mainImage","width":800,"height":1188},"primaryImageOfPage":{"@id":"https:\/\/www.eldigitaldeasturias.com\/noticias\/andalucia-acude-al-bmw-international-open\/#mainImage"},"datePublished":"2016-06-24T08:00:49+02:00","dateModified":"2016-06-24T08:00:49+02:00"},{"@type":"WebSite","@id":"https:\/\/www.eldigitaldeasturias.com\/noticias\/#website","url":"https:\/\/www.eldigitaldeasturias.com\/noticias\/","name":"El Digital de Asturias - Diario de actualidad y noticias","alternateName":"El Digital de Asturias - Diario de actualidad y noticias","description":"Hemeroteca","inLanguage":"es-ES","publisher":{"@id":"https:\/\/www.eldigitaldeasturias.com\/noticias\/#organization"}}]},"og:locale":"es_ES","og:site_name":"El Digital de Asturias","og:type":"article","og:title":"Andaluc\u00eda acude al BMW International Open - El Digital de Asturias","og:description":"La oferta de Andaluc\u00eda como destino de golf se promocionar\u00e1 hasta el pr\u00f3ximo domingo en el BMW International Open 2016, que se celebra desde este mi\u00e9rcoles en la ciudad alemana de Colonia, y donde la Consejer\u00eda de Turismo y Deporte asiste por primera vez a este torneo con el objetivo de difundir la imagen de","og:url":"https:\/\/www.eldigitaldeasturias.com\/noticias\/andalucia-acude-al-bmw-international-open\/","og:image":"https:\/\/www.eldigitaldeasturias.com\/noticias\/wp-content\/uploads\/2016\/06\/fotonoticia_20160622125829_800.jpg","og:image:secure_url":"https:\/\/www.eldigitaldeasturias.com\/noticias\/wp-content\/uploads\/2016\/06\/fotonoticia_20160622125829_800.jpg","og:image:width":800,"og:image:height":1188,"article:tag":["turismo"],"article:published_time":"2016-06-24T08:00:49+00:00","article:modified_time":"2016-06-24T08:00:49+00:00","article:publisher":"https:\/\/facebook.com\/eldigitaldeasturias","twitter:card":"summary_large_image","twitter:title":"Andaluc\u00eda acude al BMW International Open - El Digital de Asturias","twitter:description":"La oferta de Andaluc\u00eda como destino de golf se promocionar\u00e1 hasta el pr\u00f3ximo domingo en el BMW International Open 2016, que se celebra desde este mi\u00e9rcoles en la ciudad alemana de Colonia, y donde la Consejer\u00eda de Turismo y Deporte asiste por primera vez a este torneo con el objetivo de difundir la imagen de","twitter:image":"https:\/\/www.eldigitaldeasturias.com\/noticias\/wp-content\/uploads\/2016\/06\/fotonoticia_20160622125829_800.jpg","twitter:label1":"Escrito por","twitter:data1":"El Digital de Asturias","twitter:label2":"Tiempo de lectura estimado","twitter:data2":"3 minutos"},"aioseo_meta_data":{"post_id":"893744","title":null,"description":null,"keywords":null,"keyphrases":null,"primary_term":null,"canonical_url":null,"og_title":null,"og_description":null,"og_object_type":"default","og_image_type":"default","og_image_url":null,"og_image_width":null,"og_image_height":null,"og_image_custom_url":null,"og_image_custom_fields":null,"og_video":null,"og_custom_url":null,"og_article_section":null,"og_article_tags":null,"twitter_use_og":false,"twitter_card":"default","twitter_image_type":"default","twitter_image_url":null,"twitter_image_custom_url":null,"twitter_image_custom_fields":null,"twitter_title":null,"twitter_description":null,"schema":{"blockGraphs":[],"customGraphs":[],"default":{"data":{"Article":[],"Course":[],"Dataset":[],"FAQPage":[],"Movie":[],"Person":[],"Product":[],"ProductReview":[],"Car":[],"Recipe":[],"Service":[],"SoftwareApplication":[],"WebPage":[]},"graphName":"","isEnabled":true},"graphs":[],"defaultGraph":"","defaultPostTypeGraph":""},"schema_type":null,"schema_type_options":null,"pillar_content":false,"robots_default":true,"robots_noindex":false,"robots_noarchive":false,"robots_nosnippet":false,"robots_nofollow":false,"robots_noimageindex":false,"robots_noodp":false,"robots_notranslate":false,"robots_max_snippet":null,"robots_max_videopreview":null,"robots_max_imagepreview":"large","priority":null,"frequency":null,"local_seo":null,"seo_analyzer_scan_date":"2025-11-27 16:16:25","breadcrumb_settings":null,"limit_modified_date":false,"open_ai":null,"ai":null,"created":"2020-12-21 14:13:31","updated":"2025-11-27 16:16:25"},"aioseo_breadcrumb":"<div class=\"aioseo-breadcrumbs\"><span class=\"aioseo-breadcrumb\">\n\t<a href=\"https:\/\/www.eldigitaldeasturias.com\/noticias\" title=\"Home\">Home<\/a>\n<\/span><span class=\"aioseo-breadcrumb-separator\">\u2013<\/span><span class=\"aioseo-breadcrumb\">\n\t<a href=\"https:\/\/www.eldigitaldeasturias.com\/noticias\/category\/turismo\/\" title=\"Turismo\">Turismo<\/a>\n<\/span><span class=\"aioseo-breadcrumb-separator\">\u2013<\/span><span class=\"aioseo-breadcrumb\">\n\t<a href=\"https:\/\/www.eldigitaldeasturias.com\/noticias\/andalucia-acude-al-bmw-international-open\/\" title=\"Andaluc\u00eda acude al BMW International Open\">Andaluc\u00eda acude al BMW International Open<\/a>\n<\/span><\/div>","aioseo_breadcrumb_json":[{"label":"Home","link":"https:\/\/www.eldigitaldeasturias.com\/noticias"},{"label":"Turismo","link":"https:\/\/www.eldigitaldeasturias.com\/noticias\/category\/turismo\/"},{"label":"Andaluc\u00eda acude al BMW International Open","link":"https:\/\/www.eldigitaldeasturias.com\/noticias\/andalucia-acude-al-bmw-international-open\/"}],"_links":{"self":[{"href":"https:\/\/www.eldigitaldeasturias.com\/noticias\/wp-json\/wp\/v2\/posts\/893744","targetHints":{"allow":["GET"]}}],"collection":[{"href":"https:\/\/www.eldigitaldeasturias.com\/noticias\/wp-json\/wp\/v2\/posts"}],"about":[{"href":"https:\/\/www.eldigitaldeasturias.com\/noticias\/wp-json\/wp\/v2\/types\/post"}],"author":[{"embeddable":true,"href":"https:\/\/www.eldigitaldeasturias.com\/noticias\/wp-json\/wp\/v2\/users\/1"}],"replies":[{"embeddable":true,"href":"https:\/\/www.eldigitaldeasturias.com\/noticias\/wp-json\/wp\/v2\/comments?post=893744"}],"version-history":[{"count":0,"href":"https:\/\/www.eldigitaldeasturias.com\/noticias\/wp-json\/wp\/v2\/posts\/893744\/revisions"}],"wp:featuredmedia":[{"embeddable":true,"href":"https:\/\/www.eldigitaldeasturias.com\/noticias\/wp-json\/wp\/v2\/media\/893745"}],"wp:attachment":[{"href":"https:\/\/www.eldigitaldeasturias.com\/noticias\/wp-json\/wp\/v2\/media?parent=893744"}],"wp:term":[{"taxonomy":"category","embeddable":true,"href":"https:\/\/www.eldigitaldeasturias.com\/noticias\/wp-json\/wp\/v2\/categories?post=893744"},{"taxonomy":"post_tag","embeddable":true,"href":"https:\/\/www.eldigitaldeasturias.com\/noticias\/wp-json\/wp\/v2\/tags?post=893744"}],"curies":[{"name":"wp","href":"https:\/\/api.w.org\/{rel}","templated":true}]}}