{"id":890542,"date":"2016-06-15T16:19:38","date_gmt":"2016-06-15T16:19:38","guid":{"rendered":"http:\/\/www.eldigitaldeasturias.com\/noticias\/?p=890542"},"modified":"2016-06-15T16:19:38","modified_gmt":"2016-06-15T16:19:38","slug":"ayuntamiento-de-gijon-y-agentes-sociales-confian-en-firmar-el-pacto-local-despues-de-las-elecciones","status":"publish","type":"post","link":"https:\/\/www.eldigitaldeasturias.com\/noticias\/ayuntamiento-de-gijon-y-agentes-sociales-confian-en-firmar-el-pacto-local-despues-de-las-elecciones\/","title":{"rendered":"Ayuntamiento de Gij\u00f3n y agentes sociales conf\u00edan en firmar el pacto local despu\u00e9s de las elecciones"},"content":{"rendered":"<p><img loading=\"lazy\" decoding=\"async\" class=\"alignleft size-medium wp-image-865821\" src=\"https:\/\/www.eldigitaldeasturias.com\/noticias\/wp-content\/uploads\/2016\/03\/gijon-360x203.jpg\" alt=\"gijon\" width=\"360\" height=\"203\" srcset=\"https:\/\/www.eldigitaldeasturias.com\/noticias\/wp-content\/uploads\/2016\/03\/gijon-360x203.jpg 360w, https:\/\/www.eldigitaldeasturias.com\/noticias\/wp-content\/uploads\/2016\/03\/gijon-480x270.jpg 480w, https:\/\/www.eldigitaldeasturias.com\/noticias\/wp-content\/uploads\/2016\/03\/gijon-768x432.jpg 768w, https:\/\/www.eldigitaldeasturias.com\/noticias\/wp-content\/uploads\/2016\/03\/gijon-690x388.jpg 690w, https:\/\/www.eldigitaldeasturias.com\/noticias\/wp-content\/uploads\/2016\/03\/gijon-20x11.jpg 20w, https:\/\/www.eldigitaldeasturias.com\/noticias\/wp-content\/uploads\/2016\/03\/gijon.jpg 800w\" sizes=\"auto, (max-width: 360px) 100vw, 360px\" \/>El Gobierno local y los agentes sociales, CCOO, UGT y Federaci\u00f3n Asturiana de Empresarios (FADE), est\u00e1n ultimando el pacto de concertaci\u00f3n local, que esperan tener firmado despu\u00e9s de las pr\u00f3ximas elecciones generales del d\u00eda 26 de este mes.<\/p>\n<p>As\u00ed lo han indicado a los medios de comunicaci\u00f3n a la salida de la reuni\u00f3n mantenida este martes. Tanto CCOO como UGT, han mostrado su preocupaci\u00f3n por la afectaci\u00f3n a las partidas de la concertaci\u00f3n local del Plan Econ\u00f3mico y Financiero que debe elaborar el Ayuntamiento al haberse incumplido la regla de gasto en 2015.<\/p>\n<p>En este sentido, el secretario general de CCOO en Gij\u00f3n, V\u00edctor Roza, ha indicado que la concertaci\u00f3n est\u00e1 bastante avanzada y queda cerrar el tema econ\u00f3mica. En esta negociaci\u00f3n, seg\u00fan \u00e9l, se har\u00e1 m\u00e1s hincapi\u00e9 en la creaci\u00f3n de empleo, a lo que ha destacado el grado de implicaci\u00f3n de los empresarios. Ha apuntado, asimismo, que preocupa el tema econ\u00f3mico ya que se tendr\u00e1 que ver reducida la concertaci\u00f3n si el Plan Econ\u00f3mico y Financiero no sale adelante.<\/p>\n<p>Por parte del secretario general de UGT en Gij\u00f3n, Fernando D\u00edaz, ha apuntado que queda pendiente por cerrar el \u00e1rea de empleo y la responsabilidad social territorial. Queda pendiente, tambi\u00e9n, en materia presupuestaria, ver si se puede gastar el dinero asignado. En cuanto a los planes de empleo, est\u00e1 por definir articular los que se desarrollan con financiaci\u00f3n local.<\/p>\n<p>&nbsp;<\/p>\n","protected":false},"excerpt":{"rendered":"<p>El Gobierno local y los agentes sociales, CCOO, UGT y Federaci\u00f3n Asturiana de Empresarios (FADE), est\u00e1n ultimando el pacto de concertaci\u00f3n local, que esperan tener firmado despu\u00e9s de las pr\u00f3ximas elecciones generales del d\u00eda 26 de este mes. As\u00ed lo han indicado a los medios de comunicaci\u00f3n a la salida de la reuni\u00f3n mantenida este [&hellip;]<\/p>\n","protected":false},"author":1,"featured_media":865821,"comment_status":"closed","ping_status":"closed","sticky":false,"template":"","format":"standard","meta":{"footnotes":""},"categories":[12],"tags":[],"class_list":["post-890542","post","type-post","status-publish","format-standard","has-post-thumbnail","hentry","category-actualidad-asturias"],"aioseo_notices":[],"aioseo_head":"\n\t\t<!-- All in One SEO Pro 4.9.6.2 - aioseo.com -->\n\t<meta name=\"description\" content=\"El Gobierno local y los agentes sociales, CCOO, UGT y Federaci\u00f3n Asturiana de Empresarios (FADE), est\u00e1n ultimando el pacto de concertaci\u00f3n local, que esperan tener firmado despu\u00e9s de las pr\u00f3ximas elecciones generales del d\u00eda 26 de este mes. As\u00ed lo han indicado a los medios de comunicaci\u00f3n a la salida de la reuni\u00f3n mantenida este\" \/>\n\t<meta name=\"robots\" content=\"max-image-preview:large\" \/>\n\t<meta name=\"author\" content=\"El Digital de Asturias\"\/>\n\t<meta name=\"google-site-verification\" content=\"UA-38556648-1\" \/>\n\t<meta name=\"msvalidate.01\" content=\"7dfe9f3f1b24437ab69f4f2559babe99\" \/>\n\t<meta name=\"keywords\" content=\"actualidad asturias\" \/>\n\t<link rel=\"canonical\" href=\"https:\/\/www.eldigitaldeasturias.com\/noticias\/ayuntamiento-de-gijon-y-agentes-sociales-confian-en-firmar-el-pacto-local-despues-de-las-elecciones\/\" \/>\n\t<meta name=\"generator\" content=\"All in One SEO Pro (AIOSEO) 4.9.6.2\" \/>\n\t\t<meta property=\"og:locale\" content=\"es_ES\" \/>\n\t\t<meta property=\"og:site_name\" content=\"El Digital de Asturias\" \/>\n\t\t<meta property=\"og:type\" content=\"article\" \/>\n\t\t<meta property=\"og:title\" content=\"Ayuntamiento de Gij\u00f3n y agentes sociales conf\u00edan en firmar el pacto local despu\u00e9s de las elecciones - El Digital de Asturias\" \/>\n\t\t<meta property=\"og:description\" content=\"El Gobierno local y los agentes sociales, CCOO, UGT y Federaci\u00f3n Asturiana de Empresarios (FADE), est\u00e1n ultimando el pacto de concertaci\u00f3n local, que esperan tener firmado despu\u00e9s de las pr\u00f3ximas elecciones generales del d\u00eda 26 de este mes. As\u00ed lo han indicado a los medios de comunicaci\u00f3n a la salida de la reuni\u00f3n mantenida este\" \/>\n\t\t<meta property=\"og:url\" content=\"https:\/\/www.eldigitaldeasturias.com\/noticias\/ayuntamiento-de-gijon-y-agentes-sociales-confian-en-firmar-el-pacto-local-despues-de-las-elecciones\/\" \/>\n\t\t<meta property=\"og:image\" content=\"https:\/\/www.eldigitaldeasturias.com\/noticias\/wp-content\/uploads\/2016\/03\/gijon.jpg\" \/>\n\t\t<meta property=\"og:image:secure_url\" content=\"https:\/\/www.eldigitaldeasturias.com\/noticias\/wp-content\/uploads\/2016\/03\/gijon.jpg\" \/>\n\t\t<meta property=\"og:image:width\" content=\"800\" \/>\n\t\t<meta property=\"og:image:height\" content=\"450\" \/>\n\t\t<meta property=\"article:tag\" content=\"actualidad asturias\" \/>\n\t\t<meta property=\"article:published_time\" content=\"2016-06-15T16:19:38+00:00\" \/>\n\t\t<meta property=\"article:modified_time\" content=\"2016-06-15T16:19:38+00:00\" \/>\n\t\t<meta property=\"article:publisher\" content=\"https:\/\/facebook.com\/eldigitaldeasturias\" \/>\n\t\t<meta name=\"twitter:card\" content=\"summary_large_image\" \/>\n\t\t<meta name=\"twitter:title\" content=\"Ayuntamiento de Gij\u00f3n y agentes sociales conf\u00edan en firmar el pacto local despu\u00e9s de las elecciones - El Digital de Asturias\" \/>\n\t\t<meta name=\"twitter:description\" content=\"El Gobierno local y los agentes sociales, CCOO, UGT y Federaci\u00f3n Asturiana de Empresarios (FADE), est\u00e1n ultimando el pacto de concertaci\u00f3n local, que esperan tener firmado despu\u00e9s de las pr\u00f3ximas elecciones generales del d\u00eda 26 de este mes. As\u00ed lo han indicado a los medios de comunicaci\u00f3n a la salida de la reuni\u00f3n mantenida este\" \/>\n\t\t<meta name=\"twitter:image\" content=\"https:\/\/www.eldigitaldeasturias.com\/noticias\/wp-content\/uploads\/2016\/03\/gijon.jpg\" \/>\n\t\t<meta name=\"twitter:label1\" content=\"Escrito por\" \/>\n\t\t<meta name=\"twitter:data1\" content=\"El Digital de Asturias\" \/>\n\t\t<meta name=\"twitter:label2\" content=\"Tiempo de lectura estimado\" \/>\n\t\t<meta name=\"twitter:data2\" content=\"1 minuto\" \/>\n\t\t<script type=\"application\/ld+json\" class=\"aioseo-schema\">\n\t\t\t{\"@context\":\"https:\\\/\\\/schema.org\",\"@graph\":[{\"@type\":\"BlogPosting\",\"@id\":\"https:\\\/\\\/www.eldigitaldeasturias.com\\\/noticias\\\/ayuntamiento-de-gijon-y-agentes-sociales-confian-en-firmar-el-pacto-local-despues-de-las-elecciones\\\/#blogposting\",\"name\":\"Ayuntamiento de Gij\\u00f3n y agentes sociales conf\\u00edan en firmar el pacto local despu\\u00e9s de las elecciones - El Digital de Asturias\",\"headline\":\"Ayuntamiento de Gij\\u00f3n y agentes sociales conf\\u00edan en firmar el pacto local despu\\u00e9s de las elecciones\",\"author\":{\"@id\":\"https:\\\/\\\/www.eldigitaldeasturias.com\\\/noticias\\\/author\\\/admin\\\/#author\"},\"publisher\":{\"@id\":\"https:\\\/\\\/www.eldigitaldeasturias.com\\\/noticias\\\/#organization\"},\"image\":{\"@type\":\"ImageObject\",\"url\":\"https:\\\/\\\/www.eldigitaldeasturias.com\\\/noticias\\\/wp-content\\\/uploads\\\/2016\\\/03\\\/gijon.jpg\",\"width\":800,\"height\":450},\"datePublished\":\"2016-06-15T16:19:38+02:00\",\"dateModified\":\"2016-06-15T16:19:38+02:00\",\"inLanguage\":\"es-ES\",\"mainEntityOfPage\":{\"@id\":\"https:\\\/\\\/www.eldigitaldeasturias.com\\\/noticias\\\/ayuntamiento-de-gijon-y-agentes-sociales-confian-en-firmar-el-pacto-local-despues-de-las-elecciones\\\/#webpage\"},\"isPartOf\":{\"@id\":\"https:\\\/\\\/www.eldigitaldeasturias.com\\\/noticias\\\/ayuntamiento-de-gijon-y-agentes-sociales-confian-en-firmar-el-pacto-local-despues-de-las-elecciones\\\/#webpage\"},\"articleSection\":\"Actualidad Asturias\"},{\"@type\":\"BreadcrumbList\",\"@id\":\"https:\\\/\\\/www.eldigitaldeasturias.com\\\/noticias\\\/ayuntamiento-de-gijon-y-agentes-sociales-confian-en-firmar-el-pacto-local-despues-de-las-elecciones\\\/#breadcrumblist\",\"itemListElement\":[{\"@type\":\"ListItem\",\"@id\":\"https:\\\/\\\/www.eldigitaldeasturias.com\\\/noticias#listItem\",\"position\":1,\"name\":\"Home\",\"item\":\"https:\\\/\\\/www.eldigitaldeasturias.com\\\/noticias\",\"nextItem\":{\"@type\":\"ListItem\",\"@id\":\"https:\\\/\\\/www.eldigitaldeasturias.com\\\/noticias\\\/category\\\/actualidad-asturias\\\/#listItem\",\"name\":\"Actualidad Asturias\"}},{\"@type\":\"ListItem\",\"@id\":\"https:\\\/\\\/www.eldigitaldeasturias.com\\\/noticias\\\/category\\\/actualidad-asturias\\\/#listItem\",\"position\":2,\"name\":\"Actualidad Asturias\",\"item\":\"https:\\\/\\\/www.eldigitaldeasturias.com\\\/noticias\\\/category\\\/actualidad-asturias\\\/\",\"nextItem\":{\"@type\":\"ListItem\",\"@id\":\"https:\\\/\\\/www.eldigitaldeasturias.com\\\/noticias\\\/ayuntamiento-de-gijon-y-agentes-sociales-confian-en-firmar-el-pacto-local-despues-de-las-elecciones\\\/#listItem\",\"name\":\"Ayuntamiento de Gij\\u00f3n y agentes sociales conf\\u00edan en firmar el pacto local despu\\u00e9s de las elecciones\"},\"previousItem\":{\"@type\":\"ListItem\",\"@id\":\"https:\\\/\\\/www.eldigitaldeasturias.com\\\/noticias#listItem\",\"name\":\"Home\"}},{\"@type\":\"ListItem\",\"@id\":\"https:\\\/\\\/www.eldigitaldeasturias.com\\\/noticias\\\/ayuntamiento-de-gijon-y-agentes-sociales-confian-en-firmar-el-pacto-local-despues-de-las-elecciones\\\/#listItem\",\"position\":3,\"name\":\"Ayuntamiento de Gij\\u00f3n y agentes sociales conf\\u00edan en firmar el pacto local despu\\u00e9s de las elecciones\",\"previousItem\":{\"@type\":\"ListItem\",\"@id\":\"https:\\\/\\\/www.eldigitaldeasturias.com\\\/noticias\\\/category\\\/actualidad-asturias\\\/#listItem\",\"name\":\"Actualidad Asturias\"}}]},{\"@type\":\"Organization\",\"@id\":\"https:\\\/\\\/www.eldigitaldeasturias.com\\\/noticias\\\/#organization\",\"name\":\"El Digital de Asturias\",\"description\":\"Hemeroteca\",\"url\":\"https:\\\/\\\/www.eldigitaldeasturias.com\\\/noticias\\\/\",\"email\":\"info@eldigitaldeasturias.com\",\"telephone\":\"+34652131393\",\"logo\":{\"@type\":\"ImageObject\",\"url\":\"https:\\\/\\\/www.eldigitaldeasturias.com\\\/noticias\\\/wp-content\\\/uploads\\\/2020\\\/12\\\/EDA.jpg\",\"@id\":\"https:\\\/\\\/www.eldigitaldeasturias.com\\\/noticias\\\/ayuntamiento-de-gijon-y-agentes-sociales-confian-en-firmar-el-pacto-local-despues-de-las-elecciones\\\/#organizationLogo\",\"width\":649,\"height\":297},\"image\":{\"@id\":\"https:\\\/\\\/www.eldigitaldeasturias.com\\\/noticias\\\/ayuntamiento-de-gijon-y-agentes-sociales-confian-en-firmar-el-pacto-local-despues-de-las-elecciones\\\/#organizationLogo\"},\"sameAs\":[\"https:\\\/\\\/facebook.com\\\/eldigitaldeasturias\",\"https:\\\/\\\/www.youtube.com\\\/channel\\\/UCZP-2wLEB9Rv6erhFmqVnvg\"],\"address\":{\"@id\":\"https:\\\/\\\/www.eldigitaldeasturias.com\\\/noticias\\\/#postaladdress\",\"@type\":\"PostalAddress\",\"streetAddress\":\"san antonio 4,\",\"postalCode\":\"33430\",\"addressLocality\":\"Cand\\u00e1s\",\"addressRegion\":\"Asturias\",\"addressCountry\":\"ES\"}},{\"@type\":\"Person\",\"@id\":\"https:\\\/\\\/www.eldigitaldeasturias.com\\\/noticias\\\/author\\\/admin\\\/#author\",\"url\":\"https:\\\/\\\/www.eldigitaldeasturias.com\\\/noticias\\\/author\\\/admin\\\/\",\"name\":\"El Digital de Asturias\",\"image\":{\"@type\":\"ImageObject\",\"@id\":\"https:\\\/\\\/www.eldigitaldeasturias.com\\\/noticias\\\/ayuntamiento-de-gijon-y-agentes-sociales-confian-en-firmar-el-pacto-local-despues-de-las-elecciones\\\/#authorImage\",\"url\":\"https:\\\/\\\/www.eldigitaldeasturias.com\\\/noticias\\\/wp-content\\\/litespeed\\\/avatar\\\/18677e78aa0546b92d9dbf31ec7d7668.jpg?ver=1777290358\",\"width\":96,\"height\":96,\"caption\":\"El Digital de Asturias\"}},{\"@type\":\"WebPage\",\"@id\":\"https:\\\/\\\/www.eldigitaldeasturias.com\\\/noticias\\\/ayuntamiento-de-gijon-y-agentes-sociales-confian-en-firmar-el-pacto-local-despues-de-las-elecciones\\\/#webpage\",\"url\":\"https:\\\/\\\/www.eldigitaldeasturias.com\\\/noticias\\\/ayuntamiento-de-gijon-y-agentes-sociales-confian-en-firmar-el-pacto-local-despues-de-las-elecciones\\\/\",\"name\":\"Ayuntamiento de Gij\\u00f3n y agentes sociales conf\\u00edan en firmar el pacto local despu\\u00e9s de las elecciones - El Digital de Asturias\",\"description\":\"El Gobierno local y los agentes sociales, CCOO, UGT y Federaci\\u00f3n Asturiana de Empresarios (FADE), est\\u00e1n ultimando el pacto de concertaci\\u00f3n local, que esperan tener firmado despu\\u00e9s de las pr\\u00f3ximas elecciones generales del d\\u00eda 26 de este mes. As\\u00ed lo han indicado a los medios de comunicaci\\u00f3n a la salida de la reuni\\u00f3n mantenida este\",\"inLanguage\":\"es-ES\",\"isPartOf\":{\"@id\":\"https:\\\/\\\/www.eldigitaldeasturias.com\\\/noticias\\\/#website\"},\"breadcrumb\":{\"@id\":\"https:\\\/\\\/www.eldigitaldeasturias.com\\\/noticias\\\/ayuntamiento-de-gijon-y-agentes-sociales-confian-en-firmar-el-pacto-local-despues-de-las-elecciones\\\/#breadcrumblist\"},\"author\":{\"@id\":\"https:\\\/\\\/www.eldigitaldeasturias.com\\\/noticias\\\/author\\\/admin\\\/#author\"},\"creator\":{\"@id\":\"https:\\\/\\\/www.eldigitaldeasturias.com\\\/noticias\\\/author\\\/admin\\\/#author\"},\"image\":{\"@type\":\"ImageObject\",\"url\":\"https:\\\/\\\/www.eldigitaldeasturias.com\\\/noticias\\\/wp-content\\\/uploads\\\/2016\\\/03\\\/gijon.jpg\",\"@id\":\"https:\\\/\\\/www.eldigitaldeasturias.com\\\/noticias\\\/ayuntamiento-de-gijon-y-agentes-sociales-confian-en-firmar-el-pacto-local-despues-de-las-elecciones\\\/#mainImage\",\"width\":800,\"height\":450},\"primaryImageOfPage\":{\"@id\":\"https:\\\/\\\/www.eldigitaldeasturias.com\\\/noticias\\\/ayuntamiento-de-gijon-y-agentes-sociales-confian-en-firmar-el-pacto-local-despues-de-las-elecciones\\\/#mainImage\"},\"datePublished\":\"2016-06-15T16:19:38+02:00\",\"dateModified\":\"2016-06-15T16:19:38+02:00\"},{\"@type\":\"WebSite\",\"@id\":\"https:\\\/\\\/www.eldigitaldeasturias.com\\\/noticias\\\/#website\",\"url\":\"https:\\\/\\\/www.eldigitaldeasturias.com\\\/noticias\\\/\",\"name\":\"El Digital de Asturias - Diario de actualidad y noticias\",\"alternateName\":\"El Digital de Asturias - Diario de actualidad y noticias\",\"description\":\"Hemeroteca\",\"inLanguage\":\"es-ES\",\"publisher\":{\"@id\":\"https:\\\/\\\/www.eldigitaldeasturias.com\\\/noticias\\\/#organization\"}}]}\n\t\t<\/script>\n\t\t<!-- All in One SEO Pro -->\r\n\t\t<title>Ayuntamiento de Gij\u00f3n y agentes sociales conf\u00edan en firmar el pacto local despu\u00e9s de las elecciones - El Digital de Asturias<\/title>\n\n","aioseo_head_json":{"title":"Ayuntamiento de Gij\u00f3n y agentes sociales conf\u00edan en firmar el pacto local despu\u00e9s de las elecciones - El Digital de Asturias","description":"El Gobierno local y los agentes sociales, CCOO, UGT y Federaci\u00f3n Asturiana de Empresarios (FADE), est\u00e1n ultimando el pacto de concertaci\u00f3n local, que esperan tener firmado despu\u00e9s de las pr\u00f3ximas elecciones generales del d\u00eda 26 de este mes. As\u00ed lo han indicado a los medios de comunicaci\u00f3n a la salida de la reuni\u00f3n mantenida este","canonical_url":"https:\/\/www.eldigitaldeasturias.com\/noticias\/ayuntamiento-de-gijon-y-agentes-sociales-confian-en-firmar-el-pacto-local-despues-de-las-elecciones\/","robots":"max-image-preview:large","keywords":"actualidad asturias","webmasterTools":{"google-site-verification":"UA-38556648-1","msvalidate.01":"7dfe9f3f1b24437ab69f4f2559babe99","miscellaneous":""},"schema":{"@context":"https:\/\/schema.org","@graph":[{"@type":"BlogPosting","@id":"https:\/\/www.eldigitaldeasturias.com\/noticias\/ayuntamiento-de-gijon-y-agentes-sociales-confian-en-firmar-el-pacto-local-despues-de-las-elecciones\/#blogposting","name":"Ayuntamiento de Gij\u00f3n y agentes sociales conf\u00edan en firmar el pacto local despu\u00e9s de las elecciones - El Digital de Asturias","headline":"Ayuntamiento de Gij\u00f3n y agentes sociales conf\u00edan en firmar el pacto local despu\u00e9s de las elecciones","author":{"@id":"https:\/\/www.eldigitaldeasturias.com\/noticias\/author\/admin\/#author"},"publisher":{"@id":"https:\/\/www.eldigitaldeasturias.com\/noticias\/#organization"},"image":{"@type":"ImageObject","url":"https:\/\/www.eldigitaldeasturias.com\/noticias\/wp-content\/uploads\/2016\/03\/gijon.jpg","width":800,"height":450},"datePublished":"2016-06-15T16:19:38+02:00","dateModified":"2016-06-15T16:19:38+02:00","inLanguage":"es-ES","mainEntityOfPage":{"@id":"https:\/\/www.eldigitaldeasturias.com\/noticias\/ayuntamiento-de-gijon-y-agentes-sociales-confian-en-firmar-el-pacto-local-despues-de-las-elecciones\/#webpage"},"isPartOf":{"@id":"https:\/\/www.eldigitaldeasturias.com\/noticias\/ayuntamiento-de-gijon-y-agentes-sociales-confian-en-firmar-el-pacto-local-despues-de-las-elecciones\/#webpage"},"articleSection":"Actualidad Asturias"},{"@type":"BreadcrumbList","@id":"https:\/\/www.eldigitaldeasturias.com\/noticias\/ayuntamiento-de-gijon-y-agentes-sociales-confian-en-firmar-el-pacto-local-despues-de-las-elecciones\/#breadcrumblist","itemListElement":[{"@type":"ListItem","@id":"https:\/\/www.eldigitaldeasturias.com\/noticias#listItem","position":1,"name":"Home","item":"https:\/\/www.eldigitaldeasturias.com\/noticias","nextItem":{"@type":"ListItem","@id":"https:\/\/www.eldigitaldeasturias.com\/noticias\/category\/actualidad-asturias\/#listItem","name":"Actualidad Asturias"}},{"@type":"ListItem","@id":"https:\/\/www.eldigitaldeasturias.com\/noticias\/category\/actualidad-asturias\/#listItem","position":2,"name":"Actualidad Asturias","item":"https:\/\/www.eldigitaldeasturias.com\/noticias\/category\/actualidad-asturias\/","nextItem":{"@type":"ListItem","@id":"https:\/\/www.eldigitaldeasturias.com\/noticias\/ayuntamiento-de-gijon-y-agentes-sociales-confian-en-firmar-el-pacto-local-despues-de-las-elecciones\/#listItem","name":"Ayuntamiento de Gij\u00f3n y agentes sociales conf\u00edan en firmar el pacto local despu\u00e9s de las elecciones"},"previousItem":{"@type":"ListItem","@id":"https:\/\/www.eldigitaldeasturias.com\/noticias#listItem","name":"Home"}},{"@type":"ListItem","@id":"https:\/\/www.eldigitaldeasturias.com\/noticias\/ayuntamiento-de-gijon-y-agentes-sociales-confian-en-firmar-el-pacto-local-despues-de-las-elecciones\/#listItem","position":3,"name":"Ayuntamiento de Gij\u00f3n y agentes sociales conf\u00edan en firmar el pacto local despu\u00e9s de las elecciones","previousItem":{"@type":"ListItem","@id":"https:\/\/www.eldigitaldeasturias.com\/noticias\/category\/actualidad-asturias\/#listItem","name":"Actualidad Asturias"}}]},{"@type":"Organization","@id":"https:\/\/www.eldigitaldeasturias.com\/noticias\/#organization","name":"El Digital de Asturias","description":"Hemeroteca","url":"https:\/\/www.eldigitaldeasturias.com\/noticias\/","email":"info@eldigitaldeasturias.com","telephone":"+34652131393","logo":{"@type":"ImageObject","url":"https:\/\/www.eldigitaldeasturias.com\/noticias\/wp-content\/uploads\/2020\/12\/EDA.jpg","@id":"https:\/\/www.eldigitaldeasturias.com\/noticias\/ayuntamiento-de-gijon-y-agentes-sociales-confian-en-firmar-el-pacto-local-despues-de-las-elecciones\/#organizationLogo","width":649,"height":297},"image":{"@id":"https:\/\/www.eldigitaldeasturias.com\/noticias\/ayuntamiento-de-gijon-y-agentes-sociales-confian-en-firmar-el-pacto-local-despues-de-las-elecciones\/#organizationLogo"},"sameAs":["https:\/\/facebook.com\/eldigitaldeasturias","https:\/\/www.youtube.com\/channel\/UCZP-2wLEB9Rv6erhFmqVnvg"],"address":{"@id":"https:\/\/www.eldigitaldeasturias.com\/noticias\/#postaladdress","@type":"PostalAddress","streetAddress":"san antonio 4,","postalCode":"33430","addressLocality":"Cand\u00e1s","addressRegion":"Asturias","addressCountry":"ES"}},{"@type":"Person","@id":"https:\/\/www.eldigitaldeasturias.com\/noticias\/author\/admin\/#author","url":"https:\/\/www.eldigitaldeasturias.com\/noticias\/author\/admin\/","name":"El Digital de Asturias","image":{"@type":"ImageObject","@id":"https:\/\/www.eldigitaldeasturias.com\/noticias\/ayuntamiento-de-gijon-y-agentes-sociales-confian-en-firmar-el-pacto-local-despues-de-las-elecciones\/#authorImage","url":"https:\/\/www.eldigitaldeasturias.com\/noticias\/wp-content\/litespeed\/avatar\/18677e78aa0546b92d9dbf31ec7d7668.jpg?ver=1777290358","width":96,"height":96,"caption":"El Digital de Asturias"}},{"@type":"WebPage","@id":"https:\/\/www.eldigitaldeasturias.com\/noticias\/ayuntamiento-de-gijon-y-agentes-sociales-confian-en-firmar-el-pacto-local-despues-de-las-elecciones\/#webpage","url":"https:\/\/www.eldigitaldeasturias.com\/noticias\/ayuntamiento-de-gijon-y-agentes-sociales-confian-en-firmar-el-pacto-local-despues-de-las-elecciones\/","name":"Ayuntamiento de Gij\u00f3n y agentes sociales conf\u00edan en firmar el pacto local despu\u00e9s de las elecciones - El Digital de Asturias","description":"El Gobierno local y los agentes sociales, CCOO, UGT y Federaci\u00f3n Asturiana de Empresarios (FADE), est\u00e1n ultimando el pacto de concertaci\u00f3n local, que esperan tener firmado despu\u00e9s de las pr\u00f3ximas elecciones generales del d\u00eda 26 de este mes. As\u00ed lo han indicado a los medios de comunicaci\u00f3n a la salida de la reuni\u00f3n mantenida este","inLanguage":"es-ES","isPartOf":{"@id":"https:\/\/www.eldigitaldeasturias.com\/noticias\/#website"},"breadcrumb":{"@id":"https:\/\/www.eldigitaldeasturias.com\/noticias\/ayuntamiento-de-gijon-y-agentes-sociales-confian-en-firmar-el-pacto-local-despues-de-las-elecciones\/#breadcrumblist"},"author":{"@id":"https:\/\/www.eldigitaldeasturias.com\/noticias\/author\/admin\/#author"},"creator":{"@id":"https:\/\/www.eldigitaldeasturias.com\/noticias\/author\/admin\/#author"},"image":{"@type":"ImageObject","url":"https:\/\/www.eldigitaldeasturias.com\/noticias\/wp-content\/uploads\/2016\/03\/gijon.jpg","@id":"https:\/\/www.eldigitaldeasturias.com\/noticias\/ayuntamiento-de-gijon-y-agentes-sociales-confian-en-firmar-el-pacto-local-despues-de-las-elecciones\/#mainImage","width":800,"height":450},"primaryImageOfPage":{"@id":"https:\/\/www.eldigitaldeasturias.com\/noticias\/ayuntamiento-de-gijon-y-agentes-sociales-confian-en-firmar-el-pacto-local-despues-de-las-elecciones\/#mainImage"},"datePublished":"2016-06-15T16:19:38+02:00","dateModified":"2016-06-15T16:19:38+02:00"},{"@type":"WebSite","@id":"https:\/\/www.eldigitaldeasturias.com\/noticias\/#website","url":"https:\/\/www.eldigitaldeasturias.com\/noticias\/","name":"El Digital de Asturias - Diario de actualidad y noticias","alternateName":"El Digital de Asturias - Diario de actualidad y noticias","description":"Hemeroteca","inLanguage":"es-ES","publisher":{"@id":"https:\/\/www.eldigitaldeasturias.com\/noticias\/#organization"}}]},"og:locale":"es_ES","og:site_name":"El Digital de Asturias","og:type":"article","og:title":"Ayuntamiento de Gij\u00f3n y agentes sociales conf\u00edan en firmar el pacto local despu\u00e9s de las elecciones - El Digital de Asturias","og:description":"El Gobierno local y los agentes sociales, CCOO, UGT y Federaci\u00f3n Asturiana de Empresarios (FADE), est\u00e1n ultimando el pacto de concertaci\u00f3n local, que esperan tener firmado despu\u00e9s de las pr\u00f3ximas elecciones generales del d\u00eda 26 de este mes. As\u00ed lo han indicado a los medios de comunicaci\u00f3n a la salida de la reuni\u00f3n mantenida este","og:url":"https:\/\/www.eldigitaldeasturias.com\/noticias\/ayuntamiento-de-gijon-y-agentes-sociales-confian-en-firmar-el-pacto-local-despues-de-las-elecciones\/","og:image":"https:\/\/www.eldigitaldeasturias.com\/noticias\/wp-content\/uploads\/2016\/03\/gijon.jpg","og:image:secure_url":"https:\/\/www.eldigitaldeasturias.com\/noticias\/wp-content\/uploads\/2016\/03\/gijon.jpg","og:image:width":800,"og:image:height":450,"article:tag":["actualidad asturias"],"article:published_time":"2016-06-15T16:19:38+00:00","article:modified_time":"2016-06-15T16:19:38+00:00","article:publisher":"https:\/\/facebook.com\/eldigitaldeasturias","twitter:card":"summary_large_image","twitter:title":"Ayuntamiento de Gij\u00f3n y agentes sociales conf\u00edan en firmar el pacto local despu\u00e9s de las elecciones - El Digital de Asturias","twitter:description":"El Gobierno local y los agentes sociales, CCOO, UGT y Federaci\u00f3n Asturiana de Empresarios (FADE), est\u00e1n ultimando el pacto de concertaci\u00f3n local, que esperan tener firmado despu\u00e9s de las pr\u00f3ximas elecciones generales del d\u00eda 26 de este mes. As\u00ed lo han indicado a los medios de comunicaci\u00f3n a la salida de la reuni\u00f3n mantenida este","twitter:image":"https:\/\/www.eldigitaldeasturias.com\/noticias\/wp-content\/uploads\/2016\/03\/gijon.jpg","twitter:label1":"Escrito por","twitter:data1":"El Digital de Asturias","twitter:label2":"Tiempo de lectura estimado","twitter:data2":"1 minuto"},"aioseo_meta_data":{"post_id":"890542","title":null,"description":null,"keywords":null,"keyphrases":null,"primary_term":null,"canonical_url":null,"og_title":null,"og_description":null,"og_object_type":"default","og_image_type":"default","og_image_url":null,"og_image_width":null,"og_image_height":null,"og_image_custom_url":null,"og_image_custom_fields":null,"og_video":null,"og_custom_url":null,"og_article_section":null,"og_article_tags":null,"twitter_use_og":false,"twitter_card":"default","twitter_image_type":"default","twitter_image_url":null,"twitter_image_custom_url":null,"twitter_image_custom_fields":null,"twitter_title":null,"twitter_description":null,"schema":{"blockGraphs":[],"customGraphs":[],"default":{"data":{"Article":[],"Course":[],"Dataset":[],"FAQPage":[],"Movie":[],"Person":[],"Product":[],"ProductReview":[],"Car":[],"Recipe":[],"Service":[],"SoftwareApplication":[],"WebPage":[]},"graphName":"","isEnabled":true},"graphs":[],"defaultGraph":"","defaultPostTypeGraph":""},"schema_type":null,"schema_type_options":null,"pillar_content":false,"robots_default":true,"robots_noindex":false,"robots_noarchive":false,"robots_nosnippet":false,"robots_nofollow":false,"robots_noimageindex":false,"robots_noodp":false,"robots_notranslate":false,"robots_max_snippet":null,"robots_max_videopreview":null,"robots_max_imagepreview":"large","priority":null,"frequency":null,"local_seo":null,"seo_analyzer_scan_date":"2025-11-27 05:05:02","breadcrumb_settings":null,"limit_modified_date":false,"open_ai":null,"ai":null,"created":"2020-12-21 14:16:35","updated":"2025-11-27 05:05:02"},"aioseo_breadcrumb":"<div class=\"aioseo-breadcrumbs\"><span class=\"aioseo-breadcrumb\">\n\t<a href=\"https:\/\/www.eldigitaldeasturias.com\/noticias\" title=\"Home\">Home<\/a>\n<\/span><span class=\"aioseo-breadcrumb-separator\">\u2013<\/span><span class=\"aioseo-breadcrumb\">\n\t<a href=\"https:\/\/www.eldigitaldeasturias.com\/noticias\/category\/actualidad-asturias\/\" title=\"Actualidad Asturias\">Actualidad Asturias<\/a>\n<\/span><span class=\"aioseo-breadcrumb-separator\">\u2013<\/span><span class=\"aioseo-breadcrumb\">\n\t<a href=\"https:\/\/www.eldigitaldeasturias.com\/noticias\/ayuntamiento-de-gijon-y-agentes-sociales-confian-en-firmar-el-pacto-local-despues-de-las-elecciones\/\" title=\"Ayuntamiento de Gij\u00f3n y agentes sociales conf\u00edan en firmar el pacto local despu\u00e9s de las elecciones\">Ayuntamiento de Gij\u00f3n y agentes sociales conf\u00edan en firmar el pacto local despu\u00e9s de las elecciones<\/a>\n<\/span><\/div>","aioseo_breadcrumb_json":[{"label":"Home","link":"https:\/\/www.eldigitaldeasturias.com\/noticias"},{"label":"Actualidad Asturias","link":"https:\/\/www.eldigitaldeasturias.com\/noticias\/category\/actualidad-asturias\/"},{"label":"Ayuntamiento de Gij\u00f3n y agentes sociales conf\u00edan en firmar el pacto local despu\u00e9s de las elecciones","link":"https:\/\/www.eldigitaldeasturias.com\/noticias\/ayuntamiento-de-gijon-y-agentes-sociales-confian-en-firmar-el-pacto-local-despues-de-las-elecciones\/"}],"_links":{"self":[{"href":"https:\/\/www.eldigitaldeasturias.com\/noticias\/wp-json\/wp\/v2\/posts\/890542","targetHints":{"allow":["GET"]}}],"collection":[{"href":"https:\/\/www.eldigitaldeasturias.com\/noticias\/wp-json\/wp\/v2\/posts"}],"about":[{"href":"https:\/\/www.eldigitaldeasturias.com\/noticias\/wp-json\/wp\/v2\/types\/post"}],"author":[{"embeddable":true,"href":"https:\/\/www.eldigitaldeasturias.com\/noticias\/wp-json\/wp\/v2\/users\/1"}],"replies":[{"embeddable":true,"href":"https:\/\/www.eldigitaldeasturias.com\/noticias\/wp-json\/wp\/v2\/comments?post=890542"}],"version-history":[{"count":0,"href":"https:\/\/www.eldigitaldeasturias.com\/noticias\/wp-json\/wp\/v2\/posts\/890542\/revisions"}],"wp:featuredmedia":[{"embeddable":true,"href":"https:\/\/www.eldigitaldeasturias.com\/noticias\/wp-json\/wp\/v2\/media\/865821"}],"wp:attachment":[{"href":"https:\/\/www.eldigitaldeasturias.com\/noticias\/wp-json\/wp\/v2\/media?parent=890542"}],"wp:term":[{"taxonomy":"category","embeddable":true,"href":"https:\/\/www.eldigitaldeasturias.com\/noticias\/wp-json\/wp\/v2\/categories?post=890542"},{"taxonomy":"post_tag","embeddable":true,"href":"https:\/\/www.eldigitaldeasturias.com\/noticias\/wp-json\/wp\/v2\/tags?post=890542"}],"curies":[{"name":"wp","href":"https:\/\/api.w.org\/{rel}","templated":true}]}}