{"id":889852,"date":"2016-06-12T20:27:00","date_gmt":"2016-06-12T20:27:00","guid":{"rendered":"http:\/\/www.eldigitaldeasturias.com\/noticias\/?p=889852"},"modified":"2016-06-12T20:27:00","modified_gmt":"2016-06-12T20:27:00","slug":"acuerdo-entre-iberia-y-los-sindicatos-ccoo-y-ugt","status":"publish","type":"post","link":"https:\/\/www.eldigitaldeasturias.com\/noticias\/acuerdo-entre-iberia-y-los-sindicatos-ccoo-y-ugt\/","title":{"rendered":"Acuerdo entre Iberia y los sindicatos CCOO y UGT"},"content":{"rendered":"<p><img loading=\"lazy\" decoding=\"async\" class=\"alignleft size-medium wp-image-889853\" src=\"https:\/\/www.eldigitaldeasturias.com\/noticias\/wp-content\/uploads\/2016\/06\/fotonoticia_20160609190516_800-360x240.jpg\" alt=\"fotonoticia_20160609190516_800\" width=\"360\" height=\"240\" srcset=\"https:\/\/www.eldigitaldeasturias.com\/noticias\/wp-content\/uploads\/2016\/06\/fotonoticia_20160609190516_800-360x240.jpg 360w, https:\/\/www.eldigitaldeasturias.com\/noticias\/wp-content\/uploads\/2016\/06\/fotonoticia_20160609190516_800-768x512.jpg 768w, https:\/\/www.eldigitaldeasturias.com\/noticias\/wp-content\/uploads\/2016\/06\/fotonoticia_20160609190516_800-650x433.jpg 650w, https:\/\/www.eldigitaldeasturias.com\/noticias\/wp-content\/uploads\/2016\/06\/fotonoticia_20160609190516_800-84x55.jpg 84w, https:\/\/www.eldigitaldeasturias.com\/noticias\/wp-content\/uploads\/2016\/06\/fotonoticia_20160609190516_800-49x32.jpg 49w, https:\/\/www.eldigitaldeasturias.com\/noticias\/wp-content\/uploads\/2016\/06\/fotonoticia_20160609190516_800.jpg 800w\" sizes=\"auto, (max-width: 360px) 100vw, 360px\" \/>Iberia ha transformado un total de 610 contratos a fijos en los colectivos de Administraci\u00f3n y Servicios Auxiliares de las Direcciones de Carga y Aeropuertos, tras alcanzar un acuerdo en la Comisi\u00f3n de Seguimiento de Empleo con los representantes de los trabajadores.<\/p>\n<p>El acuerdo, firmado ayer por CCOO y UGT, mayoritarios en el colectivo de tierra de Iberia, permite la conversi\u00f3n de 342 contratos a fijos a tiempo parcial y 268 conversiones de contratos de tiempo parcial a fijos a tiempo completo tras las conversaciones entre la parte social y la empresa.<\/p>\n<p>Las fechas en que dichas transformaciones se van a ir produciendo vendr\u00e1n determinadas por la compa\u00f1\u00eda, en virtud de las necesidades existentes en cada aeropuerto, pero todas ellas se har\u00e1n efectivas antes del 31 de diciembre de 2016.<\/p>\n<p>\u00abEl presente acuerdo de transformaciones de empleo nos da a\u00fan m\u00e1s la raz\u00f3n cuando defend\u00edamos la firma del acuerdo de mediaci\u00f3n, que supon\u00eda sacar a Iberia de un posible cierre, y tres a\u00f1os despu\u00e9s, hablamos de creaci\u00f3n de empleo\u00bb, ha celebrado CC.OO. en un comunicado.<\/p>\n<p>Desde UGT destacan que los resultados obtenidos por la compa\u00f1\u00eda y las reclamaciones de los representantes de los trabajadores sobre la necesidad de transformar los contratados de trabajo existentes, en sus diversas modalidades han dado como resultado este acuerdo.<\/p>\n<p>No obstante, UGT considera que las cifras conseguidas \u00abno son suficientes\u00bb pero reconoce que la situaci\u00f3n que ha atravesado la compa\u00f1\u00eda, la realidad del sector y la del propio pa\u00eds han hecho que esta negociaci\u00f3n se \u00abcomplicada\u00bb.<\/p>\n<p>Seg\u00fan las cifras proporcionadas por UGT, el mayor n\u00famero se concentra en los centros de trabajo en Madrid (163 administrativos, 133 en servicios auxiliares y 15 en carga) y en Barcelona (53 en el \u00e1rea administrativa y uno en servicios auxiliares en carga). El resto de la distribuci\u00f3n acordada se reparte entre M\u00e1laga, Alicante, Bilbao, Las Palmas, Asturias, La Palma, Tenerife, Granada, A Coru\u00f1a, Donosti, Vitoria, Badajoz, Jerez, Pamplona. Ibiza, Mah\u00f3n y Palma de Mallorca.<\/p>\n<p>NUEVA EVALUACI\u00d3N EN EL PRIMER TRIMESTRE DE 2017<\/p>\n<p>Iberia se ha comprometido a analizar nuevamente la situaci\u00f3n del empleo en el primer trimestre de 2017. El acuerdo entre los tres colectivos de la compa\u00f1\u00eda y la direcci\u00f3n de la aerol\u00ednea, firmado el 24 de julio de 2014, inclu\u00eda la creaci\u00f3n de una Comisi\u00f3n de Seguimiento del Empleo.<\/p>\n<p>Tras dos ERE voluntarios, que han afectado a 5.000 trabajadores, la compa\u00f1\u00eda tiene claro que necesitar\u00e1 un tercero, cuyo cupo no se ha fijado y que tambi\u00e9n ser\u00e1 de car\u00e1cter voluntario, para tener una plantilla acorde con la actual producci\u00f3n.<\/p>\n<p>En julio de 2014, Iberia pact\u00f3 un ERE de car\u00e1cter voluntario, con los sindicatos mayoritarios, al que pod\u00edan acogerse hasta un m\u00e1ximo de 1.427 trabajadores de los colectivos de tierra y pilotos (7,8% de su plantilla), cuya vigencia se extiende hasta el 31 de diciembre de 2017.<\/p>\n<p>Iberia ha cerrado el ERE voluntario para el personal de tierra, tras alcanzarse las 1.183 extinciones previstas en el mismo, al amparo del ERE 187\/2014.<\/p>\n<p>La compa\u00f1\u00eda suma unos 17.000 trabajadores en plantilla, donde el personal de tierra sigue siendo el m\u00e1s elevado, tras los ajustes acometidos en las tripulaciones t\u00e9cnicas (pilotos y tripulantes de cabina) donde no hay pr\u00e1cticamente excedentes y para los que se han abierto, incluso, procesos de selecci\u00f3n para contrataci\u00f3n.<\/p>\n<p>&nbsp;<\/p>\n","protected":false},"excerpt":{"rendered":"<p>Iberia ha transformado un total de 610 contratos a fijos en los colectivos de Administraci\u00f3n y Servicios Auxiliares de las Direcciones de Carga y Aeropuertos, tras alcanzar un acuerdo en la Comisi\u00f3n de Seguimiento de Empleo con los representantes de los trabajadores. El acuerdo, firmado ayer por CCOO y UGT, mayoritarios en el colectivo de [&hellip;]<\/p>\n","protected":false},"author":1,"featured_media":889853,"comment_status":"closed","ping_status":"closed","sticky":false,"template":"","format":"standard","meta":{"footnotes":""},"categories":[1],"tags":[],"class_list":["post-889852","post","type-post","status-publish","format-standard","has-post-thumbnail","hentry","category-actualidad"],"aioseo_notices":[],"aioseo_head":"\n\t\t<!-- All in One SEO Pro 4.9.6.2 - aioseo.com -->\n\t<meta name=\"description\" content=\"Iberia ha transformado un total de 610 contratos a fijos en los colectivos de Administraci\u00f3n y Servicios Auxiliares de las Direcciones de Carga y Aeropuertos, tras alcanzar un acuerdo en la Comisi\u00f3n de Seguimiento de Empleo con los representantes de los trabajadores. El acuerdo, firmado ayer por CCOO y UGT, mayoritarios en el colectivo de\" \/>\n\t<meta name=\"robots\" content=\"max-image-preview:large\" \/>\n\t<meta name=\"author\" content=\"El Digital de Asturias\"\/>\n\t<meta name=\"google-site-verification\" content=\"UA-38556648-1\" \/>\n\t<meta name=\"msvalidate.01\" content=\"7dfe9f3f1b24437ab69f4f2559babe99\" \/>\n\t<meta name=\"keywords\" content=\"actualidad\" \/>\n\t<link rel=\"canonical\" href=\"https:\/\/www.eldigitaldeasturias.com\/noticias\/acuerdo-entre-iberia-y-los-sindicatos-ccoo-y-ugt\/\" \/>\n\t<meta name=\"generator\" content=\"All in One SEO Pro (AIOSEO) 4.9.6.2\" \/>\n\t\t<meta property=\"og:locale\" content=\"es_ES\" \/>\n\t\t<meta property=\"og:site_name\" content=\"El Digital de Asturias\" \/>\n\t\t<meta property=\"og:type\" content=\"article\" \/>\n\t\t<meta property=\"og:title\" content=\"Acuerdo entre Iberia y los sindicatos CCOO y UGT - El Digital de Asturias\" \/>\n\t\t<meta property=\"og:description\" content=\"Iberia ha transformado un total de 610 contratos a fijos en los colectivos de Administraci\u00f3n y Servicios Auxiliares de las Direcciones de Carga y Aeropuertos, tras alcanzar un acuerdo en la Comisi\u00f3n de Seguimiento de Empleo con los representantes de los trabajadores. El acuerdo, firmado ayer por CCOO y UGT, mayoritarios en el colectivo de\" \/>\n\t\t<meta property=\"og:url\" content=\"https:\/\/www.eldigitaldeasturias.com\/noticias\/acuerdo-entre-iberia-y-los-sindicatos-ccoo-y-ugt\/\" \/>\n\t\t<meta property=\"og:image\" content=\"https:\/\/www.eldigitaldeasturias.com\/noticias\/wp-content\/uploads\/2016\/06\/fotonoticia_20160609190516_800.jpg\" \/>\n\t\t<meta property=\"og:image:secure_url\" content=\"https:\/\/www.eldigitaldeasturias.com\/noticias\/wp-content\/uploads\/2016\/06\/fotonoticia_20160609190516_800.jpg\" \/>\n\t\t<meta property=\"og:image:width\" content=\"800\" \/>\n\t\t<meta property=\"og:image:height\" content=\"533\" \/>\n\t\t<meta property=\"article:tag\" content=\"actualidad\" \/>\n\t\t<meta property=\"article:published_time\" content=\"2016-06-12T20:27:00+00:00\" \/>\n\t\t<meta property=\"article:modified_time\" content=\"2016-06-12T20:27:00+00:00\" \/>\n\t\t<meta property=\"article:publisher\" content=\"https:\/\/facebook.com\/eldigitaldeasturias\" \/>\n\t\t<meta name=\"twitter:card\" content=\"summary_large_image\" \/>\n\t\t<meta name=\"twitter:title\" content=\"Acuerdo entre Iberia y los sindicatos CCOO y UGT - El Digital de Asturias\" \/>\n\t\t<meta name=\"twitter:description\" content=\"Iberia ha transformado un total de 610 contratos a fijos en los colectivos de Administraci\u00f3n y Servicios Auxiliares de las Direcciones de Carga y Aeropuertos, tras alcanzar un acuerdo en la Comisi\u00f3n de Seguimiento de Empleo con los representantes de los trabajadores. El acuerdo, firmado ayer por CCOO y UGT, mayoritarios en el colectivo de\" \/>\n\t\t<meta name=\"twitter:image\" content=\"https:\/\/www.eldigitaldeasturias.com\/noticias\/wp-content\/uploads\/2016\/06\/fotonoticia_20160609190516_800.jpg\" \/>\n\t\t<meta name=\"twitter:label1\" content=\"Escrito por\" \/>\n\t\t<meta name=\"twitter:data1\" content=\"El Digital de Asturias\" \/>\n\t\t<meta name=\"twitter:label2\" content=\"Tiempo de lectura estimado\" \/>\n\t\t<meta name=\"twitter:data2\" content=\"3 minutos\" \/>\n\t\t<script type=\"application\/ld+json\" class=\"aioseo-schema\">\n\t\t\t{\"@context\":\"https:\\\/\\\/schema.org\",\"@graph\":[{\"@type\":\"BlogPosting\",\"@id\":\"https:\\\/\\\/www.eldigitaldeasturias.com\\\/noticias\\\/acuerdo-entre-iberia-y-los-sindicatos-ccoo-y-ugt\\\/#blogposting\",\"name\":\"Acuerdo entre Iberia y los sindicatos CCOO y UGT - El Digital de Asturias\",\"headline\":\"Acuerdo entre Iberia y los sindicatos CCOO y UGT\",\"author\":{\"@id\":\"https:\\\/\\\/www.eldigitaldeasturias.com\\\/noticias\\\/author\\\/admin\\\/#author\"},\"publisher\":{\"@id\":\"https:\\\/\\\/www.eldigitaldeasturias.com\\\/noticias\\\/#organization\"},\"image\":{\"@type\":\"ImageObject\",\"url\":\"https:\\\/\\\/www.eldigitaldeasturias.com\\\/noticias\\\/wp-content\\\/uploads\\\/2016\\\/06\\\/fotonoticia_20160609190516_800.jpg\",\"width\":800,\"height\":533},\"datePublished\":\"2016-06-12T20:27:00+02:00\",\"dateModified\":\"2016-06-12T20:27:00+02:00\",\"inLanguage\":\"es-ES\",\"mainEntityOfPage\":{\"@id\":\"https:\\\/\\\/www.eldigitaldeasturias.com\\\/noticias\\\/acuerdo-entre-iberia-y-los-sindicatos-ccoo-y-ugt\\\/#webpage\"},\"isPartOf\":{\"@id\":\"https:\\\/\\\/www.eldigitaldeasturias.com\\\/noticias\\\/acuerdo-entre-iberia-y-los-sindicatos-ccoo-y-ugt\\\/#webpage\"},\"articleSection\":\"Actualidad\"},{\"@type\":\"BreadcrumbList\",\"@id\":\"https:\\\/\\\/www.eldigitaldeasturias.com\\\/noticias\\\/acuerdo-entre-iberia-y-los-sindicatos-ccoo-y-ugt\\\/#breadcrumblist\",\"itemListElement\":[{\"@type\":\"ListItem\",\"@id\":\"https:\\\/\\\/www.eldigitaldeasturias.com\\\/noticias#listItem\",\"position\":1,\"name\":\"Home\",\"item\":\"https:\\\/\\\/www.eldigitaldeasturias.com\\\/noticias\",\"nextItem\":{\"@type\":\"ListItem\",\"@id\":\"https:\\\/\\\/www.eldigitaldeasturias.com\\\/noticias\\\/category\\\/actualidad\\\/#listItem\",\"name\":\"Actualidad\"}},{\"@type\":\"ListItem\",\"@id\":\"https:\\\/\\\/www.eldigitaldeasturias.com\\\/noticias\\\/category\\\/actualidad\\\/#listItem\",\"position\":2,\"name\":\"Actualidad\",\"item\":\"https:\\\/\\\/www.eldigitaldeasturias.com\\\/noticias\\\/category\\\/actualidad\\\/\",\"nextItem\":{\"@type\":\"ListItem\",\"@id\":\"https:\\\/\\\/www.eldigitaldeasturias.com\\\/noticias\\\/acuerdo-entre-iberia-y-los-sindicatos-ccoo-y-ugt\\\/#listItem\",\"name\":\"Acuerdo entre Iberia y los sindicatos CCOO y UGT\"},\"previousItem\":{\"@type\":\"ListItem\",\"@id\":\"https:\\\/\\\/www.eldigitaldeasturias.com\\\/noticias#listItem\",\"name\":\"Home\"}},{\"@type\":\"ListItem\",\"@id\":\"https:\\\/\\\/www.eldigitaldeasturias.com\\\/noticias\\\/acuerdo-entre-iberia-y-los-sindicatos-ccoo-y-ugt\\\/#listItem\",\"position\":3,\"name\":\"Acuerdo entre Iberia y los sindicatos CCOO y UGT\",\"previousItem\":{\"@type\":\"ListItem\",\"@id\":\"https:\\\/\\\/www.eldigitaldeasturias.com\\\/noticias\\\/category\\\/actualidad\\\/#listItem\",\"name\":\"Actualidad\"}}]},{\"@type\":\"Organization\",\"@id\":\"https:\\\/\\\/www.eldigitaldeasturias.com\\\/noticias\\\/#organization\",\"name\":\"El Digital de Asturias\",\"description\":\"Hemeroteca\",\"url\":\"https:\\\/\\\/www.eldigitaldeasturias.com\\\/noticias\\\/\",\"email\":\"info@eldigitaldeasturias.com\",\"telephone\":\"+34652131393\",\"logo\":{\"@type\":\"ImageObject\",\"url\":\"https:\\\/\\\/www.eldigitaldeasturias.com\\\/noticias\\\/wp-content\\\/uploads\\\/2020\\\/12\\\/EDA.jpg\",\"@id\":\"https:\\\/\\\/www.eldigitaldeasturias.com\\\/noticias\\\/acuerdo-entre-iberia-y-los-sindicatos-ccoo-y-ugt\\\/#organizationLogo\",\"width\":649,\"height\":297},\"image\":{\"@id\":\"https:\\\/\\\/www.eldigitaldeasturias.com\\\/noticias\\\/acuerdo-entre-iberia-y-los-sindicatos-ccoo-y-ugt\\\/#organizationLogo\"},\"sameAs\":[\"https:\\\/\\\/facebook.com\\\/eldigitaldeasturias\",\"https:\\\/\\\/www.youtube.com\\\/channel\\\/UCZP-2wLEB9Rv6erhFmqVnvg\"],\"address\":{\"@id\":\"https:\\\/\\\/www.eldigitaldeasturias.com\\\/noticias\\\/#postaladdress\",\"@type\":\"PostalAddress\",\"streetAddress\":\"san antonio 4,\",\"postalCode\":\"33430\",\"addressLocality\":\"Cand\\u00e1s\",\"addressRegion\":\"Asturias\",\"addressCountry\":\"ES\"}},{\"@type\":\"Person\",\"@id\":\"https:\\\/\\\/www.eldigitaldeasturias.com\\\/noticias\\\/author\\\/admin\\\/#author\",\"url\":\"https:\\\/\\\/www.eldigitaldeasturias.com\\\/noticias\\\/author\\\/admin\\\/\",\"name\":\"El Digital de Asturias\",\"image\":{\"@type\":\"ImageObject\",\"@id\":\"https:\\\/\\\/www.eldigitaldeasturias.com\\\/noticias\\\/acuerdo-entre-iberia-y-los-sindicatos-ccoo-y-ugt\\\/#authorImage\",\"url\":\"https:\\\/\\\/www.eldigitaldeasturias.com\\\/noticias\\\/wp-content\\\/litespeed\\\/avatar\\\/18677e78aa0546b92d9dbf31ec7d7668.jpg?ver=1777290358\",\"width\":96,\"height\":96,\"caption\":\"El Digital de Asturias\"}},{\"@type\":\"WebPage\",\"@id\":\"https:\\\/\\\/www.eldigitaldeasturias.com\\\/noticias\\\/acuerdo-entre-iberia-y-los-sindicatos-ccoo-y-ugt\\\/#webpage\",\"url\":\"https:\\\/\\\/www.eldigitaldeasturias.com\\\/noticias\\\/acuerdo-entre-iberia-y-los-sindicatos-ccoo-y-ugt\\\/\",\"name\":\"Acuerdo entre Iberia y los sindicatos CCOO y UGT - El Digital de Asturias\",\"description\":\"Iberia ha transformado un total de 610 contratos a fijos en los colectivos de Administraci\\u00f3n y Servicios Auxiliares de las Direcciones de Carga y Aeropuertos, tras alcanzar un acuerdo en la Comisi\\u00f3n de Seguimiento de Empleo con los representantes de los trabajadores. El acuerdo, firmado ayer por CCOO y UGT, mayoritarios en el colectivo de\",\"inLanguage\":\"es-ES\",\"isPartOf\":{\"@id\":\"https:\\\/\\\/www.eldigitaldeasturias.com\\\/noticias\\\/#website\"},\"breadcrumb\":{\"@id\":\"https:\\\/\\\/www.eldigitaldeasturias.com\\\/noticias\\\/acuerdo-entre-iberia-y-los-sindicatos-ccoo-y-ugt\\\/#breadcrumblist\"},\"author\":{\"@id\":\"https:\\\/\\\/www.eldigitaldeasturias.com\\\/noticias\\\/author\\\/admin\\\/#author\"},\"creator\":{\"@id\":\"https:\\\/\\\/www.eldigitaldeasturias.com\\\/noticias\\\/author\\\/admin\\\/#author\"},\"image\":{\"@type\":\"ImageObject\",\"url\":\"https:\\\/\\\/www.eldigitaldeasturias.com\\\/noticias\\\/wp-content\\\/uploads\\\/2016\\\/06\\\/fotonoticia_20160609190516_800.jpg\",\"@id\":\"https:\\\/\\\/www.eldigitaldeasturias.com\\\/noticias\\\/acuerdo-entre-iberia-y-los-sindicatos-ccoo-y-ugt\\\/#mainImage\",\"width\":800,\"height\":533},\"primaryImageOfPage\":{\"@id\":\"https:\\\/\\\/www.eldigitaldeasturias.com\\\/noticias\\\/acuerdo-entre-iberia-y-los-sindicatos-ccoo-y-ugt\\\/#mainImage\"},\"datePublished\":\"2016-06-12T20:27:00+02:00\",\"dateModified\":\"2016-06-12T20:27:00+02:00\"},{\"@type\":\"WebSite\",\"@id\":\"https:\\\/\\\/www.eldigitaldeasturias.com\\\/noticias\\\/#website\",\"url\":\"https:\\\/\\\/www.eldigitaldeasturias.com\\\/noticias\\\/\",\"name\":\"El Digital de Asturias - Diario de actualidad y noticias\",\"alternateName\":\"El Digital de Asturias - Diario de actualidad y noticias\",\"description\":\"Hemeroteca\",\"inLanguage\":\"es-ES\",\"publisher\":{\"@id\":\"https:\\\/\\\/www.eldigitaldeasturias.com\\\/noticias\\\/#organization\"}}]}\n\t\t<\/script>\n\t\t<!-- All in One SEO Pro -->\r\n\t\t<title>Acuerdo entre Iberia y los sindicatos CCOO y UGT - El Digital de Asturias<\/title>\n\n","aioseo_head_json":{"title":"Acuerdo entre Iberia y los sindicatos CCOO y UGT - El Digital de Asturias","description":"Iberia ha transformado un total de 610 contratos a fijos en los colectivos de Administraci\u00f3n y Servicios Auxiliares de las Direcciones de Carga y Aeropuertos, tras alcanzar un acuerdo en la Comisi\u00f3n de Seguimiento de Empleo con los representantes de los trabajadores. El acuerdo, firmado ayer por CCOO y UGT, mayoritarios en el colectivo de","canonical_url":"https:\/\/www.eldigitaldeasturias.com\/noticias\/acuerdo-entre-iberia-y-los-sindicatos-ccoo-y-ugt\/","robots":"max-image-preview:large","keywords":"actualidad","webmasterTools":{"google-site-verification":"UA-38556648-1","msvalidate.01":"7dfe9f3f1b24437ab69f4f2559babe99","miscellaneous":""},"schema":{"@context":"https:\/\/schema.org","@graph":[{"@type":"BlogPosting","@id":"https:\/\/www.eldigitaldeasturias.com\/noticias\/acuerdo-entre-iberia-y-los-sindicatos-ccoo-y-ugt\/#blogposting","name":"Acuerdo entre Iberia y los sindicatos CCOO y UGT - El Digital de Asturias","headline":"Acuerdo entre Iberia y los sindicatos CCOO y UGT","author":{"@id":"https:\/\/www.eldigitaldeasturias.com\/noticias\/author\/admin\/#author"},"publisher":{"@id":"https:\/\/www.eldigitaldeasturias.com\/noticias\/#organization"},"image":{"@type":"ImageObject","url":"https:\/\/www.eldigitaldeasturias.com\/noticias\/wp-content\/uploads\/2016\/06\/fotonoticia_20160609190516_800.jpg","width":800,"height":533},"datePublished":"2016-06-12T20:27:00+02:00","dateModified":"2016-06-12T20:27:00+02:00","inLanguage":"es-ES","mainEntityOfPage":{"@id":"https:\/\/www.eldigitaldeasturias.com\/noticias\/acuerdo-entre-iberia-y-los-sindicatos-ccoo-y-ugt\/#webpage"},"isPartOf":{"@id":"https:\/\/www.eldigitaldeasturias.com\/noticias\/acuerdo-entre-iberia-y-los-sindicatos-ccoo-y-ugt\/#webpage"},"articleSection":"Actualidad"},{"@type":"BreadcrumbList","@id":"https:\/\/www.eldigitaldeasturias.com\/noticias\/acuerdo-entre-iberia-y-los-sindicatos-ccoo-y-ugt\/#breadcrumblist","itemListElement":[{"@type":"ListItem","@id":"https:\/\/www.eldigitaldeasturias.com\/noticias#listItem","position":1,"name":"Home","item":"https:\/\/www.eldigitaldeasturias.com\/noticias","nextItem":{"@type":"ListItem","@id":"https:\/\/www.eldigitaldeasturias.com\/noticias\/category\/actualidad\/#listItem","name":"Actualidad"}},{"@type":"ListItem","@id":"https:\/\/www.eldigitaldeasturias.com\/noticias\/category\/actualidad\/#listItem","position":2,"name":"Actualidad","item":"https:\/\/www.eldigitaldeasturias.com\/noticias\/category\/actualidad\/","nextItem":{"@type":"ListItem","@id":"https:\/\/www.eldigitaldeasturias.com\/noticias\/acuerdo-entre-iberia-y-los-sindicatos-ccoo-y-ugt\/#listItem","name":"Acuerdo entre Iberia y los sindicatos CCOO y UGT"},"previousItem":{"@type":"ListItem","@id":"https:\/\/www.eldigitaldeasturias.com\/noticias#listItem","name":"Home"}},{"@type":"ListItem","@id":"https:\/\/www.eldigitaldeasturias.com\/noticias\/acuerdo-entre-iberia-y-los-sindicatos-ccoo-y-ugt\/#listItem","position":3,"name":"Acuerdo entre Iberia y los sindicatos CCOO y UGT","previousItem":{"@type":"ListItem","@id":"https:\/\/www.eldigitaldeasturias.com\/noticias\/category\/actualidad\/#listItem","name":"Actualidad"}}]},{"@type":"Organization","@id":"https:\/\/www.eldigitaldeasturias.com\/noticias\/#organization","name":"El Digital de Asturias","description":"Hemeroteca","url":"https:\/\/www.eldigitaldeasturias.com\/noticias\/","email":"info@eldigitaldeasturias.com","telephone":"+34652131393","logo":{"@type":"ImageObject","url":"https:\/\/www.eldigitaldeasturias.com\/noticias\/wp-content\/uploads\/2020\/12\/EDA.jpg","@id":"https:\/\/www.eldigitaldeasturias.com\/noticias\/acuerdo-entre-iberia-y-los-sindicatos-ccoo-y-ugt\/#organizationLogo","width":649,"height":297},"image":{"@id":"https:\/\/www.eldigitaldeasturias.com\/noticias\/acuerdo-entre-iberia-y-los-sindicatos-ccoo-y-ugt\/#organizationLogo"},"sameAs":["https:\/\/facebook.com\/eldigitaldeasturias","https:\/\/www.youtube.com\/channel\/UCZP-2wLEB9Rv6erhFmqVnvg"],"address":{"@id":"https:\/\/www.eldigitaldeasturias.com\/noticias\/#postaladdress","@type":"PostalAddress","streetAddress":"san antonio 4,","postalCode":"33430","addressLocality":"Cand\u00e1s","addressRegion":"Asturias","addressCountry":"ES"}},{"@type":"Person","@id":"https:\/\/www.eldigitaldeasturias.com\/noticias\/author\/admin\/#author","url":"https:\/\/www.eldigitaldeasturias.com\/noticias\/author\/admin\/","name":"El Digital de Asturias","image":{"@type":"ImageObject","@id":"https:\/\/www.eldigitaldeasturias.com\/noticias\/acuerdo-entre-iberia-y-los-sindicatos-ccoo-y-ugt\/#authorImage","url":"https:\/\/www.eldigitaldeasturias.com\/noticias\/wp-content\/litespeed\/avatar\/18677e78aa0546b92d9dbf31ec7d7668.jpg?ver=1777290358","width":96,"height":96,"caption":"El Digital de Asturias"}},{"@type":"WebPage","@id":"https:\/\/www.eldigitaldeasturias.com\/noticias\/acuerdo-entre-iberia-y-los-sindicatos-ccoo-y-ugt\/#webpage","url":"https:\/\/www.eldigitaldeasturias.com\/noticias\/acuerdo-entre-iberia-y-los-sindicatos-ccoo-y-ugt\/","name":"Acuerdo entre Iberia y los sindicatos CCOO y UGT - El Digital de Asturias","description":"Iberia ha transformado un total de 610 contratos a fijos en los colectivos de Administraci\u00f3n y Servicios Auxiliares de las Direcciones de Carga y Aeropuertos, tras alcanzar un acuerdo en la Comisi\u00f3n de Seguimiento de Empleo con los representantes de los trabajadores. El acuerdo, firmado ayer por CCOO y UGT, mayoritarios en el colectivo de","inLanguage":"es-ES","isPartOf":{"@id":"https:\/\/www.eldigitaldeasturias.com\/noticias\/#website"},"breadcrumb":{"@id":"https:\/\/www.eldigitaldeasturias.com\/noticias\/acuerdo-entre-iberia-y-los-sindicatos-ccoo-y-ugt\/#breadcrumblist"},"author":{"@id":"https:\/\/www.eldigitaldeasturias.com\/noticias\/author\/admin\/#author"},"creator":{"@id":"https:\/\/www.eldigitaldeasturias.com\/noticias\/author\/admin\/#author"},"image":{"@type":"ImageObject","url":"https:\/\/www.eldigitaldeasturias.com\/noticias\/wp-content\/uploads\/2016\/06\/fotonoticia_20160609190516_800.jpg","@id":"https:\/\/www.eldigitaldeasturias.com\/noticias\/acuerdo-entre-iberia-y-los-sindicatos-ccoo-y-ugt\/#mainImage","width":800,"height":533},"primaryImageOfPage":{"@id":"https:\/\/www.eldigitaldeasturias.com\/noticias\/acuerdo-entre-iberia-y-los-sindicatos-ccoo-y-ugt\/#mainImage"},"datePublished":"2016-06-12T20:27:00+02:00","dateModified":"2016-06-12T20:27:00+02:00"},{"@type":"WebSite","@id":"https:\/\/www.eldigitaldeasturias.com\/noticias\/#website","url":"https:\/\/www.eldigitaldeasturias.com\/noticias\/","name":"El Digital de Asturias - Diario de actualidad y noticias","alternateName":"El Digital de Asturias - Diario de actualidad y noticias","description":"Hemeroteca","inLanguage":"es-ES","publisher":{"@id":"https:\/\/www.eldigitaldeasturias.com\/noticias\/#organization"}}]},"og:locale":"es_ES","og:site_name":"El Digital de Asturias","og:type":"article","og:title":"Acuerdo entre Iberia y los sindicatos CCOO y UGT - El Digital de Asturias","og:description":"Iberia ha transformado un total de 610 contratos a fijos en los colectivos de Administraci\u00f3n y Servicios Auxiliares de las Direcciones de Carga y Aeropuertos, tras alcanzar un acuerdo en la Comisi\u00f3n de Seguimiento de Empleo con los representantes de los trabajadores. El acuerdo, firmado ayer por CCOO y UGT, mayoritarios en el colectivo de","og:url":"https:\/\/www.eldigitaldeasturias.com\/noticias\/acuerdo-entre-iberia-y-los-sindicatos-ccoo-y-ugt\/","og:image":"https:\/\/www.eldigitaldeasturias.com\/noticias\/wp-content\/uploads\/2016\/06\/fotonoticia_20160609190516_800.jpg","og:image:secure_url":"https:\/\/www.eldigitaldeasturias.com\/noticias\/wp-content\/uploads\/2016\/06\/fotonoticia_20160609190516_800.jpg","og:image:width":800,"og:image:height":533,"article:tag":["actualidad"],"article:published_time":"2016-06-12T20:27:00+00:00","article:modified_time":"2016-06-12T20:27:00+00:00","article:publisher":"https:\/\/facebook.com\/eldigitaldeasturias","twitter:card":"summary_large_image","twitter:title":"Acuerdo entre Iberia y los sindicatos CCOO y UGT - El Digital de Asturias","twitter:description":"Iberia ha transformado un total de 610 contratos a fijos en los colectivos de Administraci\u00f3n y Servicios Auxiliares de las Direcciones de Carga y Aeropuertos, tras alcanzar un acuerdo en la Comisi\u00f3n de Seguimiento de Empleo con los representantes de los trabajadores. El acuerdo, firmado ayer por CCOO y UGT, mayoritarios en el colectivo de","twitter:image":"https:\/\/www.eldigitaldeasturias.com\/noticias\/wp-content\/uploads\/2016\/06\/fotonoticia_20160609190516_800.jpg","twitter:label1":"Escrito por","twitter:data1":"El Digital de Asturias","twitter:label2":"Tiempo de lectura estimado","twitter:data2":"3 minutos"},"aioseo_meta_data":{"post_id":"889852","title":null,"description":null,"keywords":null,"keyphrases":null,"primary_term":null,"canonical_url":null,"og_title":null,"og_description":null,"og_object_type":"default","og_image_type":"default","og_image_url":null,"og_image_width":null,"og_image_height":null,"og_image_custom_url":null,"og_image_custom_fields":null,"og_video":null,"og_custom_url":null,"og_article_section":null,"og_article_tags":null,"twitter_use_og":false,"twitter_card":"default","twitter_image_type":"default","twitter_image_url":null,"twitter_image_custom_url":null,"twitter_image_custom_fields":null,"twitter_title":null,"twitter_description":null,"schema":{"blockGraphs":[],"customGraphs":[],"default":{"data":{"Article":[],"Course":[],"Dataset":[],"FAQPage":[],"Movie":[],"Person":[],"Product":[],"ProductReview":[],"Car":[],"Recipe":[],"Service":[],"SoftwareApplication":[],"WebPage":[]},"graphName":"","isEnabled":true},"graphs":[],"defaultGraph":"","defaultPostTypeGraph":""},"schema_type":null,"schema_type_options":null,"pillar_content":false,"robots_default":true,"robots_noindex":false,"robots_noarchive":false,"robots_nosnippet":false,"robots_nofollow":false,"robots_noimageindex":false,"robots_noodp":false,"robots_notranslate":false,"robots_max_snippet":null,"robots_max_videopreview":null,"robots_max_imagepreview":"large","priority":null,"frequency":null,"local_seo":null,"seo_analyzer_scan_date":"2025-11-27 02:10:09","breadcrumb_settings":null,"limit_modified_date":false,"open_ai":null,"ai":null,"created":"2020-12-21 14:16:56","updated":"2025-11-27 02:10:09"},"aioseo_breadcrumb":"<div class=\"aioseo-breadcrumbs\"><span class=\"aioseo-breadcrumb\">\n\t<a href=\"https:\/\/www.eldigitaldeasturias.com\/noticias\" title=\"Home\">Home<\/a>\n<\/span><span class=\"aioseo-breadcrumb-separator\">\u2013<\/span><span class=\"aioseo-breadcrumb\">\n\t<a href=\"https:\/\/www.eldigitaldeasturias.com\/noticias\/category\/actualidad\/\" title=\"Actualidad\">Actualidad<\/a>\n<\/span><span class=\"aioseo-breadcrumb-separator\">\u2013<\/span><span class=\"aioseo-breadcrumb\">\n\t<a href=\"https:\/\/www.eldigitaldeasturias.com\/noticias\/acuerdo-entre-iberia-y-los-sindicatos-ccoo-y-ugt\/\" title=\"Acuerdo entre Iberia y los sindicatos CCOO y UGT\">Acuerdo entre Iberia y los sindicatos CCOO y UGT<\/a>\n<\/span><\/div>","aioseo_breadcrumb_json":[{"label":"Home","link":"https:\/\/www.eldigitaldeasturias.com\/noticias"},{"label":"Actualidad","link":"https:\/\/www.eldigitaldeasturias.com\/noticias\/category\/actualidad\/"},{"label":"Acuerdo entre Iberia y los sindicatos CCOO y UGT","link":"https:\/\/www.eldigitaldeasturias.com\/noticias\/acuerdo-entre-iberia-y-los-sindicatos-ccoo-y-ugt\/"}],"_links":{"self":[{"href":"https:\/\/www.eldigitaldeasturias.com\/noticias\/wp-json\/wp\/v2\/posts\/889852","targetHints":{"allow":["GET"]}}],"collection":[{"href":"https:\/\/www.eldigitaldeasturias.com\/noticias\/wp-json\/wp\/v2\/posts"}],"about":[{"href":"https:\/\/www.eldigitaldeasturias.com\/noticias\/wp-json\/wp\/v2\/types\/post"}],"author":[{"embeddable":true,"href":"https:\/\/www.eldigitaldeasturias.com\/noticias\/wp-json\/wp\/v2\/users\/1"}],"replies":[{"embeddable":true,"href":"https:\/\/www.eldigitaldeasturias.com\/noticias\/wp-json\/wp\/v2\/comments?post=889852"}],"version-history":[{"count":0,"href":"https:\/\/www.eldigitaldeasturias.com\/noticias\/wp-json\/wp\/v2\/posts\/889852\/revisions"}],"wp:featuredmedia":[{"embeddable":true,"href":"https:\/\/www.eldigitaldeasturias.com\/noticias\/wp-json\/wp\/v2\/media\/889853"}],"wp:attachment":[{"href":"https:\/\/www.eldigitaldeasturias.com\/noticias\/wp-json\/wp\/v2\/media?parent=889852"}],"wp:term":[{"taxonomy":"category","embeddable":true,"href":"https:\/\/www.eldigitaldeasturias.com\/noticias\/wp-json\/wp\/v2\/categories?post=889852"},{"taxonomy":"post_tag","embeddable":true,"href":"https:\/\/www.eldigitaldeasturias.com\/noticias\/wp-json\/wp\/v2\/tags?post=889852"}],"curies":[{"name":"wp","href":"https:\/\/api.w.org\/{rel}","templated":true}]}}