{"id":885805,"date":"2016-05-29T23:13:36","date_gmt":"2016-05-29T23:13:36","guid":{"rendered":"http:\/\/www.eldigitaldeasturias.com\/noticias\/?p=885805"},"modified":"2016-05-29T23:13:36","modified_gmt":"2016-05-29T23:13:36","slug":"transitos-en-el-centro-niemeyer","status":"publish","type":"post","link":"https:\/\/www.eldigitaldeasturias.com\/noticias\/transitos-en-el-centro-niemeyer\/","title":{"rendered":"\u00abTr\u00e1nsitos\u00bb en el Centro Niemeyer"},"content":{"rendered":"<p><img loading=\"lazy\" decoding=\"async\" class=\"alignleft size-medium wp-image-885806\" src=\"https:\/\/www.eldigitaldeasturias.com\/noticias\/wp-content\/uploads\/2016\/05\/fotonoticia_20160529184233_800-360x167.jpg\" alt=\"fotonoticia_20160529184233_800\" width=\"360\" height=\"167\" srcset=\"https:\/\/www.eldigitaldeasturias.com\/noticias\/wp-content\/uploads\/2016\/05\/fotonoticia_20160529184233_800-360x167.jpg 360w, https:\/\/www.eldigitaldeasturias.com\/noticias\/wp-content\/uploads\/2016\/05\/fotonoticia_20160529184233_800-768x356.jpg 768w, https:\/\/www.eldigitaldeasturias.com\/noticias\/wp-content\/uploads\/2016\/05\/fotonoticia_20160529184233_800-650x301.jpg 650w, https:\/\/www.eldigitaldeasturias.com\/noticias\/wp-content\/uploads\/2016\/05\/fotonoticia_20160529184233_800.jpg 800w\" sizes=\"auto, (max-width: 360px) 100vw, 360px\" \/>El pr\u00f3ximo 9 de junio las gr\u00faas colocar\u00e1n en tres ubicaciones del Centro Niemeyer las nueve puertas semi abiertas que componen la exposici\u00f3n \u00abTr\u00e1nsitos\u00bb, a trav\u00e9s de las cuales los visitantes ver\u00e1n determinadas perspectivas de la obra de Oscar Niemeyer enmarcadas por estas estructuras, ofreciendo as\u00ed una visi\u00f3n que quiz\u00e1 antes no hab\u00edan contemplado.<\/p>\n<p>La zona superior de la p\u00e9rgola que une el Auditorio con la C\u00fapula ser\u00e1 el lugar elegido para siete de estas puertas mientras que las dos restantes se ubicar\u00e1n en el acceso al Centro desde el puente de San Sebasti\u00e1n y en la r\u00eda, de tal manera que esta \u00faltima quedar\u00e1 parcialmente oculta con la subida de la marea.<\/p>\n<p>Desde el Centro cultural destacan que si bien la Plaza del Centro Niemeyer hab\u00eda sido usada anteriormente para determinadas exposiciones, la p\u00e9rgola nunca antes se hab\u00eda empleado como espacio expositivo.<\/p>\n<p>Las siete piezas situadas sobre ella enmarcan diferentes puntos, diferentes motivos tanto de las instalaciones como del espacio que las rodea.<\/p>\n<p>&nbsp;<\/p>\n","protected":false},"excerpt":{"rendered":"<p>El pr\u00f3ximo 9 de junio las gr\u00faas colocar\u00e1n en tres ubicaciones del Centro Niemeyer las nueve puertas semi abiertas que componen la exposici\u00f3n \u00abTr\u00e1nsitos\u00bb, a trav\u00e9s de las cuales los visitantes ver\u00e1n determinadas perspectivas de la obra de Oscar Niemeyer enmarcadas por estas estructuras, ofreciendo as\u00ed una visi\u00f3n que quiz\u00e1 antes no hab\u00edan contemplado. La [&hellip;]<\/p>\n","protected":false},"author":1,"featured_media":885806,"comment_status":"closed","ping_status":"closed","sticky":false,"template":"","format":"standard","meta":{"footnotes":""},"categories":[2],"tags":[],"class_list":["post-885805","post","type-post","status-publish","format-standard","has-post-thumbnail","hentry","category-agenda"],"aioseo_notices":[],"aioseo_head":"\n\t\t<!-- All in One SEO Pro 4.9.6.2 - aioseo.com -->\n\t<meta name=\"description\" content=\"El pr\u00f3ximo 9 de junio las gr\u00faas colocar\u00e1n en tres ubicaciones del Centro Niemeyer las nueve puertas semi abiertas que componen la exposici\u00f3n &quot;Tr\u00e1nsitos&quot;, a trav\u00e9s de las cuales los visitantes ver\u00e1n determinadas perspectivas de la obra de Oscar Niemeyer enmarcadas por estas estructuras, ofreciendo as\u00ed una visi\u00f3n que quiz\u00e1 antes no hab\u00edan contemplado. La\" \/>\n\t<meta name=\"robots\" content=\"max-image-preview:large\" \/>\n\t<meta name=\"author\" content=\"El Digital de Asturias\"\/>\n\t<meta name=\"google-site-verification\" content=\"UA-38556648-1\" \/>\n\t<meta name=\"msvalidate.01\" content=\"7dfe9f3f1b24437ab69f4f2559babe99\" \/>\n\t<meta name=\"keywords\" content=\"agenda\" \/>\n\t<link rel=\"canonical\" href=\"https:\/\/www.eldigitaldeasturias.com\/noticias\/transitos-en-el-centro-niemeyer\/\" \/>\n\t<meta name=\"generator\" content=\"All in One SEO Pro (AIOSEO) 4.9.6.2\" \/>\n\t\t<meta property=\"og:locale\" content=\"es_ES\" \/>\n\t\t<meta property=\"og:site_name\" content=\"El Digital de Asturias\" \/>\n\t\t<meta property=\"og:type\" content=\"article\" \/>\n\t\t<meta property=\"og:title\" content=\"\u00abTr\u00e1nsitos\u00bb en el Centro Niemeyer - El Digital de Asturias\" \/>\n\t\t<meta property=\"og:description\" content=\"El pr\u00f3ximo 9 de junio las gr\u00faas colocar\u00e1n en tres ubicaciones del Centro Niemeyer las nueve puertas semi abiertas que componen la exposici\u00f3n &quot;Tr\u00e1nsitos&quot;, a trav\u00e9s de las cuales los visitantes ver\u00e1n determinadas perspectivas de la obra de Oscar Niemeyer enmarcadas por estas estructuras, ofreciendo as\u00ed una visi\u00f3n que quiz\u00e1 antes no hab\u00edan contemplado. La\" \/>\n\t\t<meta property=\"og:url\" content=\"https:\/\/www.eldigitaldeasturias.com\/noticias\/transitos-en-el-centro-niemeyer\/\" \/>\n\t\t<meta property=\"og:image\" content=\"https:\/\/www.eldigitaldeasturias.com\/noticias\/wp-content\/uploads\/2016\/05\/fotonoticia_20160529184233_800.jpg\" \/>\n\t\t<meta property=\"og:image:secure_url\" content=\"https:\/\/www.eldigitaldeasturias.com\/noticias\/wp-content\/uploads\/2016\/05\/fotonoticia_20160529184233_800.jpg\" \/>\n\t\t<meta property=\"og:image:width\" content=\"800\" \/>\n\t\t<meta property=\"og:image:height\" content=\"371\" \/>\n\t\t<meta property=\"article:tag\" content=\"agenda\" \/>\n\t\t<meta property=\"article:published_time\" content=\"2016-05-29T23:13:36+00:00\" \/>\n\t\t<meta property=\"article:modified_time\" content=\"2016-05-29T23:13:36+00:00\" \/>\n\t\t<meta property=\"article:publisher\" content=\"https:\/\/facebook.com\/eldigitaldeasturias\" \/>\n\t\t<meta name=\"twitter:card\" content=\"summary_large_image\" \/>\n\t\t<meta name=\"twitter:title\" content=\"\u00abTr\u00e1nsitos\u00bb en el Centro Niemeyer - El Digital de Asturias\" \/>\n\t\t<meta name=\"twitter:description\" content=\"El pr\u00f3ximo 9 de junio las gr\u00faas colocar\u00e1n en tres ubicaciones del Centro Niemeyer las nueve puertas semi abiertas que componen la exposici\u00f3n &quot;Tr\u00e1nsitos&quot;, a trav\u00e9s de las cuales los visitantes ver\u00e1n determinadas perspectivas de la obra de Oscar Niemeyer enmarcadas por estas estructuras, ofreciendo as\u00ed una visi\u00f3n que quiz\u00e1 antes no hab\u00edan contemplado. La\" \/>\n\t\t<meta name=\"twitter:image\" content=\"https:\/\/www.eldigitaldeasturias.com\/noticias\/wp-content\/uploads\/2016\/05\/fotonoticia_20160529184233_800.jpg\" \/>\n\t\t<meta name=\"twitter:label1\" content=\"Escrito por\" \/>\n\t\t<meta name=\"twitter:data1\" content=\"El Digital de Asturias\" \/>\n\t\t<meta name=\"twitter:label2\" content=\"Tiempo de lectura estimado\" \/>\n\t\t<meta name=\"twitter:data2\" content=\"1 minuto\" \/>\n\t\t<script type=\"application\/ld+json\" class=\"aioseo-schema\">\n\t\t\t{\"@context\":\"https:\\\/\\\/schema.org\",\"@graph\":[{\"@type\":\"BlogPosting\",\"@id\":\"https:\\\/\\\/www.eldigitaldeasturias.com\\\/noticias\\\/transitos-en-el-centro-niemeyer\\\/#blogposting\",\"name\":\"\\u00abTr\\u00e1nsitos\\u00bb en el Centro Niemeyer - El Digital de Asturias\",\"headline\":\"\\u00abTr\\u00e1nsitos\\u00bb en el Centro Niemeyer\",\"author\":{\"@id\":\"https:\\\/\\\/www.eldigitaldeasturias.com\\\/noticias\\\/author\\\/admin\\\/#author\"},\"publisher\":{\"@id\":\"https:\\\/\\\/www.eldigitaldeasturias.com\\\/noticias\\\/#organization\"},\"image\":{\"@type\":\"ImageObject\",\"url\":\"https:\\\/\\\/www.eldigitaldeasturias.com\\\/noticias\\\/wp-content\\\/uploads\\\/2016\\\/05\\\/fotonoticia_20160529184233_800.jpg\",\"width\":800,\"height\":371},\"datePublished\":\"2016-05-29T23:13:36+02:00\",\"dateModified\":\"2016-05-29T23:13:36+02:00\",\"inLanguage\":\"es-ES\",\"mainEntityOfPage\":{\"@id\":\"https:\\\/\\\/www.eldigitaldeasturias.com\\\/noticias\\\/transitos-en-el-centro-niemeyer\\\/#webpage\"},\"isPartOf\":{\"@id\":\"https:\\\/\\\/www.eldigitaldeasturias.com\\\/noticias\\\/transitos-en-el-centro-niemeyer\\\/#webpage\"},\"articleSection\":\"Agenda\"},{\"@type\":\"BreadcrumbList\",\"@id\":\"https:\\\/\\\/www.eldigitaldeasturias.com\\\/noticias\\\/transitos-en-el-centro-niemeyer\\\/#breadcrumblist\",\"itemListElement\":[{\"@type\":\"ListItem\",\"@id\":\"https:\\\/\\\/www.eldigitaldeasturias.com\\\/noticias#listItem\",\"position\":1,\"name\":\"Home\",\"item\":\"https:\\\/\\\/www.eldigitaldeasturias.com\\\/noticias\",\"nextItem\":{\"@type\":\"ListItem\",\"@id\":\"https:\\\/\\\/www.eldigitaldeasturias.com\\\/noticias\\\/category\\\/agenda\\\/#listItem\",\"name\":\"Agenda\"}},{\"@type\":\"ListItem\",\"@id\":\"https:\\\/\\\/www.eldigitaldeasturias.com\\\/noticias\\\/category\\\/agenda\\\/#listItem\",\"position\":2,\"name\":\"Agenda\",\"item\":\"https:\\\/\\\/www.eldigitaldeasturias.com\\\/noticias\\\/category\\\/agenda\\\/\",\"nextItem\":{\"@type\":\"ListItem\",\"@id\":\"https:\\\/\\\/www.eldigitaldeasturias.com\\\/noticias\\\/transitos-en-el-centro-niemeyer\\\/#listItem\",\"name\":\"\\u00abTr\\u00e1nsitos\\u00bb en el Centro Niemeyer\"},\"previousItem\":{\"@type\":\"ListItem\",\"@id\":\"https:\\\/\\\/www.eldigitaldeasturias.com\\\/noticias#listItem\",\"name\":\"Home\"}},{\"@type\":\"ListItem\",\"@id\":\"https:\\\/\\\/www.eldigitaldeasturias.com\\\/noticias\\\/transitos-en-el-centro-niemeyer\\\/#listItem\",\"position\":3,\"name\":\"\\u00abTr\\u00e1nsitos\\u00bb en el Centro Niemeyer\",\"previousItem\":{\"@type\":\"ListItem\",\"@id\":\"https:\\\/\\\/www.eldigitaldeasturias.com\\\/noticias\\\/category\\\/agenda\\\/#listItem\",\"name\":\"Agenda\"}}]},{\"@type\":\"Organization\",\"@id\":\"https:\\\/\\\/www.eldigitaldeasturias.com\\\/noticias\\\/#organization\",\"name\":\"El Digital de Asturias\",\"description\":\"Hemeroteca\",\"url\":\"https:\\\/\\\/www.eldigitaldeasturias.com\\\/noticias\\\/\",\"email\":\"info@eldigitaldeasturias.com\",\"telephone\":\"+34652131393\",\"logo\":{\"@type\":\"ImageObject\",\"url\":\"https:\\\/\\\/www.eldigitaldeasturias.com\\\/noticias\\\/wp-content\\\/uploads\\\/2020\\\/12\\\/EDA.jpg\",\"@id\":\"https:\\\/\\\/www.eldigitaldeasturias.com\\\/noticias\\\/transitos-en-el-centro-niemeyer\\\/#organizationLogo\",\"width\":649,\"height\":297},\"image\":{\"@id\":\"https:\\\/\\\/www.eldigitaldeasturias.com\\\/noticias\\\/transitos-en-el-centro-niemeyer\\\/#organizationLogo\"},\"sameAs\":[\"https:\\\/\\\/facebook.com\\\/eldigitaldeasturias\",\"https:\\\/\\\/www.youtube.com\\\/channel\\\/UCZP-2wLEB9Rv6erhFmqVnvg\"],\"address\":{\"@id\":\"https:\\\/\\\/www.eldigitaldeasturias.com\\\/noticias\\\/#postaladdress\",\"@type\":\"PostalAddress\",\"streetAddress\":\"san antonio 4,\",\"postalCode\":\"33430\",\"addressLocality\":\"Cand\\u00e1s\",\"addressRegion\":\"Asturias\",\"addressCountry\":\"ES\"}},{\"@type\":\"Person\",\"@id\":\"https:\\\/\\\/www.eldigitaldeasturias.com\\\/noticias\\\/author\\\/admin\\\/#author\",\"url\":\"https:\\\/\\\/www.eldigitaldeasturias.com\\\/noticias\\\/author\\\/admin\\\/\",\"name\":\"El Digital de Asturias\",\"image\":{\"@type\":\"ImageObject\",\"@id\":\"https:\\\/\\\/www.eldigitaldeasturias.com\\\/noticias\\\/transitos-en-el-centro-niemeyer\\\/#authorImage\",\"url\":\"https:\\\/\\\/www.eldigitaldeasturias.com\\\/noticias\\\/wp-content\\\/litespeed\\\/avatar\\\/18677e78aa0546b92d9dbf31ec7d7668.jpg?ver=1777290358\",\"width\":96,\"height\":96,\"caption\":\"El Digital de Asturias\"}},{\"@type\":\"WebPage\",\"@id\":\"https:\\\/\\\/www.eldigitaldeasturias.com\\\/noticias\\\/transitos-en-el-centro-niemeyer\\\/#webpage\",\"url\":\"https:\\\/\\\/www.eldigitaldeasturias.com\\\/noticias\\\/transitos-en-el-centro-niemeyer\\\/\",\"name\":\"\\u00abTr\\u00e1nsitos\\u00bb en el Centro Niemeyer - El Digital de Asturias\",\"description\":\"El pr\\u00f3ximo 9 de junio las gr\\u00faas colocar\\u00e1n en tres ubicaciones del Centro Niemeyer las nueve puertas semi abiertas que componen la exposici\\u00f3n \\\"Tr\\u00e1nsitos\\\", a trav\\u00e9s de las cuales los visitantes ver\\u00e1n determinadas perspectivas de la obra de Oscar Niemeyer enmarcadas por estas estructuras, ofreciendo as\\u00ed una visi\\u00f3n que quiz\\u00e1 antes no hab\\u00edan contemplado. La\",\"inLanguage\":\"es-ES\",\"isPartOf\":{\"@id\":\"https:\\\/\\\/www.eldigitaldeasturias.com\\\/noticias\\\/#website\"},\"breadcrumb\":{\"@id\":\"https:\\\/\\\/www.eldigitaldeasturias.com\\\/noticias\\\/transitos-en-el-centro-niemeyer\\\/#breadcrumblist\"},\"author\":{\"@id\":\"https:\\\/\\\/www.eldigitaldeasturias.com\\\/noticias\\\/author\\\/admin\\\/#author\"},\"creator\":{\"@id\":\"https:\\\/\\\/www.eldigitaldeasturias.com\\\/noticias\\\/author\\\/admin\\\/#author\"},\"image\":{\"@type\":\"ImageObject\",\"url\":\"https:\\\/\\\/www.eldigitaldeasturias.com\\\/noticias\\\/wp-content\\\/uploads\\\/2016\\\/05\\\/fotonoticia_20160529184233_800.jpg\",\"@id\":\"https:\\\/\\\/www.eldigitaldeasturias.com\\\/noticias\\\/transitos-en-el-centro-niemeyer\\\/#mainImage\",\"width\":800,\"height\":371},\"primaryImageOfPage\":{\"@id\":\"https:\\\/\\\/www.eldigitaldeasturias.com\\\/noticias\\\/transitos-en-el-centro-niemeyer\\\/#mainImage\"},\"datePublished\":\"2016-05-29T23:13:36+02:00\",\"dateModified\":\"2016-05-29T23:13:36+02:00\"},{\"@type\":\"WebSite\",\"@id\":\"https:\\\/\\\/www.eldigitaldeasturias.com\\\/noticias\\\/#website\",\"url\":\"https:\\\/\\\/www.eldigitaldeasturias.com\\\/noticias\\\/\",\"name\":\"El Digital de Asturias - Diario de actualidad y noticias\",\"alternateName\":\"El Digital de Asturias - Diario de actualidad y noticias\",\"description\":\"Hemeroteca\",\"inLanguage\":\"es-ES\",\"publisher\":{\"@id\":\"https:\\\/\\\/www.eldigitaldeasturias.com\\\/noticias\\\/#organization\"}}]}\n\t\t<\/script>\n\t\t<!-- All in One SEO Pro -->\r\n\t\t<title>\u00abTr\u00e1nsitos\u00bb en el Centro Niemeyer - El Digital de Asturias<\/title>\n\n","aioseo_head_json":{"title":"\u00abTr\u00e1nsitos\u00bb en el Centro Niemeyer - El Digital de Asturias","description":"El pr\u00f3ximo 9 de junio las gr\u00faas colocar\u00e1n en tres ubicaciones del Centro Niemeyer las nueve puertas semi abiertas que componen la exposici\u00f3n \"Tr\u00e1nsitos\", a trav\u00e9s de las cuales los visitantes ver\u00e1n determinadas perspectivas de la obra de Oscar Niemeyer enmarcadas por estas estructuras, ofreciendo as\u00ed una visi\u00f3n que quiz\u00e1 antes no hab\u00edan contemplado. La","canonical_url":"https:\/\/www.eldigitaldeasturias.com\/noticias\/transitos-en-el-centro-niemeyer\/","robots":"max-image-preview:large","keywords":"agenda","webmasterTools":{"google-site-verification":"UA-38556648-1","msvalidate.01":"7dfe9f3f1b24437ab69f4f2559babe99","miscellaneous":""},"schema":{"@context":"https:\/\/schema.org","@graph":[{"@type":"BlogPosting","@id":"https:\/\/www.eldigitaldeasturias.com\/noticias\/transitos-en-el-centro-niemeyer\/#blogposting","name":"\u00abTr\u00e1nsitos\u00bb en el Centro Niemeyer - El Digital de Asturias","headline":"\u00abTr\u00e1nsitos\u00bb en el Centro Niemeyer","author":{"@id":"https:\/\/www.eldigitaldeasturias.com\/noticias\/author\/admin\/#author"},"publisher":{"@id":"https:\/\/www.eldigitaldeasturias.com\/noticias\/#organization"},"image":{"@type":"ImageObject","url":"https:\/\/www.eldigitaldeasturias.com\/noticias\/wp-content\/uploads\/2016\/05\/fotonoticia_20160529184233_800.jpg","width":800,"height":371},"datePublished":"2016-05-29T23:13:36+02:00","dateModified":"2016-05-29T23:13:36+02:00","inLanguage":"es-ES","mainEntityOfPage":{"@id":"https:\/\/www.eldigitaldeasturias.com\/noticias\/transitos-en-el-centro-niemeyer\/#webpage"},"isPartOf":{"@id":"https:\/\/www.eldigitaldeasturias.com\/noticias\/transitos-en-el-centro-niemeyer\/#webpage"},"articleSection":"Agenda"},{"@type":"BreadcrumbList","@id":"https:\/\/www.eldigitaldeasturias.com\/noticias\/transitos-en-el-centro-niemeyer\/#breadcrumblist","itemListElement":[{"@type":"ListItem","@id":"https:\/\/www.eldigitaldeasturias.com\/noticias#listItem","position":1,"name":"Home","item":"https:\/\/www.eldigitaldeasturias.com\/noticias","nextItem":{"@type":"ListItem","@id":"https:\/\/www.eldigitaldeasturias.com\/noticias\/category\/agenda\/#listItem","name":"Agenda"}},{"@type":"ListItem","@id":"https:\/\/www.eldigitaldeasturias.com\/noticias\/category\/agenda\/#listItem","position":2,"name":"Agenda","item":"https:\/\/www.eldigitaldeasturias.com\/noticias\/category\/agenda\/","nextItem":{"@type":"ListItem","@id":"https:\/\/www.eldigitaldeasturias.com\/noticias\/transitos-en-el-centro-niemeyer\/#listItem","name":"\u00abTr\u00e1nsitos\u00bb en el Centro Niemeyer"},"previousItem":{"@type":"ListItem","@id":"https:\/\/www.eldigitaldeasturias.com\/noticias#listItem","name":"Home"}},{"@type":"ListItem","@id":"https:\/\/www.eldigitaldeasturias.com\/noticias\/transitos-en-el-centro-niemeyer\/#listItem","position":3,"name":"\u00abTr\u00e1nsitos\u00bb en el Centro Niemeyer","previousItem":{"@type":"ListItem","@id":"https:\/\/www.eldigitaldeasturias.com\/noticias\/category\/agenda\/#listItem","name":"Agenda"}}]},{"@type":"Organization","@id":"https:\/\/www.eldigitaldeasturias.com\/noticias\/#organization","name":"El Digital de Asturias","description":"Hemeroteca","url":"https:\/\/www.eldigitaldeasturias.com\/noticias\/","email":"info@eldigitaldeasturias.com","telephone":"+34652131393","logo":{"@type":"ImageObject","url":"https:\/\/www.eldigitaldeasturias.com\/noticias\/wp-content\/uploads\/2020\/12\/EDA.jpg","@id":"https:\/\/www.eldigitaldeasturias.com\/noticias\/transitos-en-el-centro-niemeyer\/#organizationLogo","width":649,"height":297},"image":{"@id":"https:\/\/www.eldigitaldeasturias.com\/noticias\/transitos-en-el-centro-niemeyer\/#organizationLogo"},"sameAs":["https:\/\/facebook.com\/eldigitaldeasturias","https:\/\/www.youtube.com\/channel\/UCZP-2wLEB9Rv6erhFmqVnvg"],"address":{"@id":"https:\/\/www.eldigitaldeasturias.com\/noticias\/#postaladdress","@type":"PostalAddress","streetAddress":"san antonio 4,","postalCode":"33430","addressLocality":"Cand\u00e1s","addressRegion":"Asturias","addressCountry":"ES"}},{"@type":"Person","@id":"https:\/\/www.eldigitaldeasturias.com\/noticias\/author\/admin\/#author","url":"https:\/\/www.eldigitaldeasturias.com\/noticias\/author\/admin\/","name":"El Digital de Asturias","image":{"@type":"ImageObject","@id":"https:\/\/www.eldigitaldeasturias.com\/noticias\/transitos-en-el-centro-niemeyer\/#authorImage","url":"https:\/\/www.eldigitaldeasturias.com\/noticias\/wp-content\/litespeed\/avatar\/18677e78aa0546b92d9dbf31ec7d7668.jpg?ver=1777290358","width":96,"height":96,"caption":"El Digital de Asturias"}},{"@type":"WebPage","@id":"https:\/\/www.eldigitaldeasturias.com\/noticias\/transitos-en-el-centro-niemeyer\/#webpage","url":"https:\/\/www.eldigitaldeasturias.com\/noticias\/transitos-en-el-centro-niemeyer\/","name":"\u00abTr\u00e1nsitos\u00bb en el Centro Niemeyer - El Digital de Asturias","description":"El pr\u00f3ximo 9 de junio las gr\u00faas colocar\u00e1n en tres ubicaciones del Centro Niemeyer las nueve puertas semi abiertas que componen la exposici\u00f3n \"Tr\u00e1nsitos\", a trav\u00e9s de las cuales los visitantes ver\u00e1n determinadas perspectivas de la obra de Oscar Niemeyer enmarcadas por estas estructuras, ofreciendo as\u00ed una visi\u00f3n que quiz\u00e1 antes no hab\u00edan contemplado. La","inLanguage":"es-ES","isPartOf":{"@id":"https:\/\/www.eldigitaldeasturias.com\/noticias\/#website"},"breadcrumb":{"@id":"https:\/\/www.eldigitaldeasturias.com\/noticias\/transitos-en-el-centro-niemeyer\/#breadcrumblist"},"author":{"@id":"https:\/\/www.eldigitaldeasturias.com\/noticias\/author\/admin\/#author"},"creator":{"@id":"https:\/\/www.eldigitaldeasturias.com\/noticias\/author\/admin\/#author"},"image":{"@type":"ImageObject","url":"https:\/\/www.eldigitaldeasturias.com\/noticias\/wp-content\/uploads\/2016\/05\/fotonoticia_20160529184233_800.jpg","@id":"https:\/\/www.eldigitaldeasturias.com\/noticias\/transitos-en-el-centro-niemeyer\/#mainImage","width":800,"height":371},"primaryImageOfPage":{"@id":"https:\/\/www.eldigitaldeasturias.com\/noticias\/transitos-en-el-centro-niemeyer\/#mainImage"},"datePublished":"2016-05-29T23:13:36+02:00","dateModified":"2016-05-29T23:13:36+02:00"},{"@type":"WebSite","@id":"https:\/\/www.eldigitaldeasturias.com\/noticias\/#website","url":"https:\/\/www.eldigitaldeasturias.com\/noticias\/","name":"El Digital de Asturias - Diario de actualidad y noticias","alternateName":"El Digital de Asturias - Diario de actualidad y noticias","description":"Hemeroteca","inLanguage":"es-ES","publisher":{"@id":"https:\/\/www.eldigitaldeasturias.com\/noticias\/#organization"}}]},"og:locale":"es_ES","og:site_name":"El Digital de Asturias","og:type":"article","og:title":"\u00abTr\u00e1nsitos\u00bb en el Centro Niemeyer - El Digital de Asturias","og:description":"El pr\u00f3ximo 9 de junio las gr\u00faas colocar\u00e1n en tres ubicaciones del Centro Niemeyer las nueve puertas semi abiertas que componen la exposici\u00f3n &quot;Tr\u00e1nsitos&quot;, a trav\u00e9s de las cuales los visitantes ver\u00e1n determinadas perspectivas de la obra de Oscar Niemeyer enmarcadas por estas estructuras, ofreciendo as\u00ed una visi\u00f3n que quiz\u00e1 antes no hab\u00edan contemplado. La","og:url":"https:\/\/www.eldigitaldeasturias.com\/noticias\/transitos-en-el-centro-niemeyer\/","og:image":"https:\/\/www.eldigitaldeasturias.com\/noticias\/wp-content\/uploads\/2016\/05\/fotonoticia_20160529184233_800.jpg","og:image:secure_url":"https:\/\/www.eldigitaldeasturias.com\/noticias\/wp-content\/uploads\/2016\/05\/fotonoticia_20160529184233_800.jpg","og:image:width":800,"og:image:height":371,"article:tag":["agenda"],"article:published_time":"2016-05-29T23:13:36+00:00","article:modified_time":"2016-05-29T23:13:36+00:00","article:publisher":"https:\/\/facebook.com\/eldigitaldeasturias","twitter:card":"summary_large_image","twitter:title":"\u00abTr\u00e1nsitos\u00bb en el Centro Niemeyer - El Digital de Asturias","twitter:description":"El pr\u00f3ximo 9 de junio las gr\u00faas colocar\u00e1n en tres ubicaciones del Centro Niemeyer las nueve puertas semi abiertas que componen la exposici\u00f3n &quot;Tr\u00e1nsitos&quot;, a trav\u00e9s de las cuales los visitantes ver\u00e1n determinadas perspectivas de la obra de Oscar Niemeyer enmarcadas por estas estructuras, ofreciendo as\u00ed una visi\u00f3n que quiz\u00e1 antes no hab\u00edan contemplado. La","twitter:image":"https:\/\/www.eldigitaldeasturias.com\/noticias\/wp-content\/uploads\/2016\/05\/fotonoticia_20160529184233_800.jpg","twitter:label1":"Escrito por","twitter:data1":"El Digital de Asturias","twitter:label2":"Tiempo de lectura estimado","twitter:data2":"1 minuto"},"aioseo_meta_data":{"post_id":"885805","title":null,"description":null,"keywords":null,"keyphrases":null,"primary_term":null,"canonical_url":null,"og_title":null,"og_description":null,"og_object_type":"default","og_image_type":"default","og_image_url":null,"og_image_width":null,"og_image_height":null,"og_image_custom_url":null,"og_image_custom_fields":null,"og_video":null,"og_custom_url":null,"og_article_section":null,"og_article_tags":null,"twitter_use_og":false,"twitter_card":"default","twitter_image_type":"default","twitter_image_url":null,"twitter_image_custom_url":null,"twitter_image_custom_fields":null,"twitter_title":null,"twitter_description":null,"schema":{"blockGraphs":[],"customGraphs":[],"default":{"data":{"Article":[],"Course":[],"Dataset":[],"FAQPage":[],"Movie":[],"Person":[],"Product":[],"ProductReview":[],"Car":[],"Recipe":[],"Service":[],"SoftwareApplication":[],"WebPage":[]},"graphName":"","isEnabled":true},"graphs":[]},"schema_type":null,"schema_type_options":null,"pillar_content":false,"robots_default":true,"robots_noindex":false,"robots_noarchive":false,"robots_nosnippet":false,"robots_nofollow":false,"robots_noimageindex":false,"robots_noodp":false,"robots_notranslate":false,"robots_max_snippet":null,"robots_max_videopreview":null,"robots_max_imagepreview":"large","priority":null,"frequency":null,"local_seo":null,"seo_analyzer_scan_date":"2025-11-20 13:29:13","breadcrumb_settings":null,"limit_modified_date":false,"open_ai":null,"ai":null,"created":"2021-01-23 17:52:13","updated":"2025-11-20 13:29:13"},"aioseo_breadcrumb":"<div class=\"aioseo-breadcrumbs\"><span class=\"aioseo-breadcrumb\">\n\t<a href=\"https:\/\/www.eldigitaldeasturias.com\/noticias\" title=\"Home\">Home<\/a>\n<\/span><span class=\"aioseo-breadcrumb-separator\">\u2013<\/span><span class=\"aioseo-breadcrumb\">\n\t<a href=\"https:\/\/www.eldigitaldeasturias.com\/noticias\/category\/agenda\/\" title=\"Agenda\">Agenda<\/a>\n<\/span><span class=\"aioseo-breadcrumb-separator\">\u2013<\/span><span class=\"aioseo-breadcrumb\">\n\t<a href=\"https:\/\/www.eldigitaldeasturias.com\/noticias\/transitos-en-el-centro-niemeyer\/\" title=\"\u00abTr\u00e1nsitos\u00bb en el Centro Niemeyer\">\u00abTr\u00e1nsitos\u00bb en el Centro Niemeyer<\/a>\n<\/span><\/div>","aioseo_breadcrumb_json":[{"label":"Home","link":"https:\/\/www.eldigitaldeasturias.com\/noticias"},{"label":"Agenda","link":"https:\/\/www.eldigitaldeasturias.com\/noticias\/category\/agenda\/"},{"label":"\u00abTr\u00e1nsitos\u00bb en el Centro Niemeyer","link":"https:\/\/www.eldigitaldeasturias.com\/noticias\/transitos-en-el-centro-niemeyer\/"}],"_links":{"self":[{"href":"https:\/\/www.eldigitaldeasturias.com\/noticias\/wp-json\/wp\/v2\/posts\/885805","targetHints":{"allow":["GET"]}}],"collection":[{"href":"https:\/\/www.eldigitaldeasturias.com\/noticias\/wp-json\/wp\/v2\/posts"}],"about":[{"href":"https:\/\/www.eldigitaldeasturias.com\/noticias\/wp-json\/wp\/v2\/types\/post"}],"author":[{"embeddable":true,"href":"https:\/\/www.eldigitaldeasturias.com\/noticias\/wp-json\/wp\/v2\/users\/1"}],"replies":[{"embeddable":true,"href":"https:\/\/www.eldigitaldeasturias.com\/noticias\/wp-json\/wp\/v2\/comments?post=885805"}],"version-history":[{"count":0,"href":"https:\/\/www.eldigitaldeasturias.com\/noticias\/wp-json\/wp\/v2\/posts\/885805\/revisions"}],"wp:featuredmedia":[{"embeddable":true,"href":"https:\/\/www.eldigitaldeasturias.com\/noticias\/wp-json\/wp\/v2\/media\/885806"}],"wp:attachment":[{"href":"https:\/\/www.eldigitaldeasturias.com\/noticias\/wp-json\/wp\/v2\/media?parent=885805"}],"wp:term":[{"taxonomy":"category","embeddable":true,"href":"https:\/\/www.eldigitaldeasturias.com\/noticias\/wp-json\/wp\/v2\/categories?post=885805"},{"taxonomy":"post_tag","embeddable":true,"href":"https:\/\/www.eldigitaldeasturias.com\/noticias\/wp-json\/wp\/v2\/tags?post=885805"}],"curies":[{"name":"wp","href":"https:\/\/api.w.org\/{rel}","templated":true}]}}