{"id":884882,"date":"2016-05-27T01:17:02","date_gmt":"2016-05-27T01:17:02","guid":{"rendered":"http:\/\/www.eldigitaldeasturias.com\/noticias\/?p=884882"},"modified":"2016-05-27T01:17:02","modified_gmt":"2016-05-27T01:17:02","slug":"los-taxistas-y-ccoo-consideran-insuficientes-las-explicaciones-de-cabify","status":"publish","type":"post","link":"https:\/\/www.eldigitaldeasturias.com\/noticias\/los-taxistas-y-ccoo-consideran-insuficientes-las-explicaciones-de-cabify\/","title":{"rendered":"Los taxistas y CCOO consideran \u00abinsuficientes\u00bb las explicaciones de Cabify"},"content":{"rendered":"<p><img loading=\"lazy\" decoding=\"async\" class=\"alignleft size-medium wp-image-884883\" src=\"https:\/\/www.eldigitaldeasturias.com\/noticias\/wp-content\/uploads\/2016\/05\/fotonoticia_20160525110538_800-360x228.jpg\" alt=\"fotonoticia_20160525110538_800\" width=\"360\" height=\"228\" srcset=\"https:\/\/www.eldigitaldeasturias.com\/noticias\/wp-content\/uploads\/2016\/05\/fotonoticia_20160525110538_800-360x228.jpg 360w, https:\/\/www.eldigitaldeasturias.com\/noticias\/wp-content\/uploads\/2016\/05\/fotonoticia_20160525110538_800-768x487.jpg 768w, https:\/\/www.eldigitaldeasturias.com\/noticias\/wp-content\/uploads\/2016\/05\/fotonoticia_20160525110538_800-650x412.jpg 650w, https:\/\/www.eldigitaldeasturias.com\/noticias\/wp-content\/uploads\/2016\/05\/fotonoticia_20160525110538_800-49x32.jpg 49w, https:\/\/www.eldigitaldeasturias.com\/noticias\/wp-content\/uploads\/2016\/05\/fotonoticia_20160525110538_800.jpg 800w\" sizes=\"auto, (max-width: 360px) 100vw, 360px\" \/>La asociaci\u00f3n de taxistas Fedetaxi y el Sector de Carreteras de la FSC-CCOO consideran \u00abinsuficientes\u00bb las explicaciones ofrecidas este martes por Cabify sobre que su entramado de empresas no infringe la legalidad e instan a las autoridades de Empleo y Seguridad Social a acometer \u00abde inmediato\u00bb las inspecciones pertinentes.<\/p>\n<p>Tras la denuncia interpuesta contra Cabify el pasado lunes por supuesto \u00abdumping social\u00bb, la empresa de movilidad urbana respondi\u00f3 que su sistema permite eliminar la econom\u00eda sumergida, al no realizarse los pagos en met\u00e1lico, y que no da de alta a aut\u00f3nomos, sino que sus colaboradores lo hacen antes de comenzar su relaci\u00f3n contractual.<\/p>\n<p>Estas explicaciones no han convencido a los denunciantes, que han emitido este mi\u00e9rcoles un comunicado en el que instan a las autoridades competentes a comprobar si las personas f\u00edsicas que conducen los veh\u00edculos bajo la marca Cabiby se encuentran debidamente encuadrados en el sistema de la Seguridad Social.<\/p>\n<p>Fedetaxi ha informado de que, junto con la denuncia presentada, ha aportado documentos que considera que prueban como Cabify suscribe contratos de transmisi\u00f3n de autorizaciones de transporte para arrendamiento con conductor de la clase VTC por precio de 20.000 euros m\u00e1s IVA cada una, sobre los que la plataforma digital \u00abse reserva un derecho de opci\u00f3n de compra en caso de que el ch\u00f3fer incumpla el contrato de servicios\u00bb, por ejemplo, obteniendo una valoraci\u00f3n de los usuarios inferior a 4,5 estrellas sobre un m\u00e1ximo de 5 en un periodo de dos meses.<\/p>\n<p>Adem\u00e1s, acusa a Cabify de reconocer en su comunicado que ha actuado como agente facilitador de compraventa de licencias entre terceros interesados en acceder al sector y otros interesados en desinvertir, actuaciones para las que \u00abno cuentan con autorizaci\u00f3n alguna, dado que est\u00e1n tajantemente prohibidas por la normativa espa\u00f1ola\u00bb.<\/p>\n<p>Por \u00faltimo, CCOO considera que las jornadas de trabajo de los conductores, con un m\u00ednimo de 60 horas semanales y dos turnos de ocho horas en horario nocturno y\/o de fin de semana durante todo el a\u00f1o sin descansos obligatorios pactados \u00abno son adecuadas ni para una tarea de riesgo como es la actividad de transporte de viajeros, ni un modelo edificante sobre la propuesta de modelo de trabajo que pretenden presentar\u00bb.<\/p>\n<p>El presidente de Fedetaxi, Miguel \u00c1ngel Leal, considera que la respuesta de Cabify deja ver que la compa\u00f1\u00eda act\u00faa como \u00abuna agencia de colocaci\u00f3n en precario\u00bb y que su negocio est\u00e1 en \u00ablos conductores que pasan a ser clientes de plataforma en lugar de proveedores\u00bb.<\/p>\n","protected":false},"excerpt":{"rendered":"<p>La asociaci\u00f3n de taxistas Fedetaxi y el Sector de Carreteras de la FSC-CCOO consideran \u00abinsuficientes\u00bb las explicaciones ofrecidas este martes por Cabify sobre que su entramado de empresas no infringe la legalidad e instan a las autoridades de Empleo y Seguridad Social a acometer \u00abde inmediato\u00bb las inspecciones pertinentes. Tras la denuncia interpuesta contra Cabify [&hellip;]<\/p>\n","protected":false},"author":1,"featured_media":884883,"comment_status":"closed","ping_status":"closed","sticky":false,"template":"","format":"standard","meta":{"footnotes":""},"categories":[1],"tags":[],"class_list":["post-884882","post","type-post","status-publish","format-standard","has-post-thumbnail","hentry","category-actualidad"],"aioseo_notices":[],"aioseo_head":"\n\t\t<!-- All in One SEO Pro 4.9.6.2 - aioseo.com -->\n\t<meta name=\"description\" content=\"La asociaci\u00f3n de taxistas Fedetaxi y el Sector de Carreteras de la FSC-CCOO consideran &quot;insuficientes&quot; las explicaciones ofrecidas este martes por Cabify sobre que su entramado de empresas no infringe la legalidad e instan a las autoridades de Empleo y Seguridad Social a acometer &quot;de inmediato&quot; las inspecciones pertinentes. Tras la denuncia interpuesta contra Cabify\" \/>\n\t<meta name=\"robots\" content=\"max-image-preview:large\" \/>\n\t<meta name=\"author\" content=\"El Digital de Asturias\"\/>\n\t<meta name=\"google-site-verification\" content=\"UA-38556648-1\" \/>\n\t<meta name=\"msvalidate.01\" content=\"7dfe9f3f1b24437ab69f4f2559babe99\" \/>\n\t<meta name=\"keywords\" content=\"actualidad\" \/>\n\t<link rel=\"canonical\" href=\"https:\/\/www.eldigitaldeasturias.com\/noticias\/los-taxistas-y-ccoo-consideran-insuficientes-las-explicaciones-de-cabify\/\" \/>\n\t<meta name=\"generator\" content=\"All in One SEO Pro (AIOSEO) 4.9.6.2\" \/>\n\t\t<meta property=\"og:locale\" content=\"es_ES\" \/>\n\t\t<meta property=\"og:site_name\" content=\"El Digital de Asturias\" \/>\n\t\t<meta property=\"og:type\" content=\"article\" \/>\n\t\t<meta property=\"og:title\" content=\"Los taxistas y CCOO consideran \u00abinsuficientes\u00bb las explicaciones de Cabify - El Digital de Asturias\" \/>\n\t\t<meta property=\"og:description\" content=\"La asociaci\u00f3n de taxistas Fedetaxi y el Sector de Carreteras de la FSC-CCOO consideran &quot;insuficientes&quot; las explicaciones ofrecidas este martes por Cabify sobre que su entramado de empresas no infringe la legalidad e instan a las autoridades de Empleo y Seguridad Social a acometer &quot;de inmediato&quot; las inspecciones pertinentes. Tras la denuncia interpuesta contra Cabify\" \/>\n\t\t<meta property=\"og:url\" content=\"https:\/\/www.eldigitaldeasturias.com\/noticias\/los-taxistas-y-ccoo-consideran-insuficientes-las-explicaciones-de-cabify\/\" \/>\n\t\t<meta property=\"og:image\" content=\"https:\/\/www.eldigitaldeasturias.com\/noticias\/wp-content\/uploads\/2016\/05\/fotonoticia_20160525110538_800.jpg\" \/>\n\t\t<meta property=\"og:image:secure_url\" content=\"https:\/\/www.eldigitaldeasturias.com\/noticias\/wp-content\/uploads\/2016\/05\/fotonoticia_20160525110538_800.jpg\" \/>\n\t\t<meta property=\"og:image:width\" content=\"800\" \/>\n\t\t<meta property=\"og:image:height\" content=\"507\" \/>\n\t\t<meta property=\"article:tag\" content=\"actualidad\" \/>\n\t\t<meta property=\"article:published_time\" content=\"2016-05-27T01:17:02+00:00\" \/>\n\t\t<meta property=\"article:modified_time\" content=\"2016-05-27T01:17:02+00:00\" \/>\n\t\t<meta property=\"article:publisher\" content=\"https:\/\/facebook.com\/eldigitaldeasturias\" \/>\n\t\t<meta name=\"twitter:card\" content=\"summary_large_image\" \/>\n\t\t<meta name=\"twitter:title\" content=\"Los taxistas y CCOO consideran \u00abinsuficientes\u00bb las explicaciones de Cabify - El Digital de Asturias\" \/>\n\t\t<meta name=\"twitter:description\" content=\"La asociaci\u00f3n de taxistas Fedetaxi y el Sector de Carreteras de la FSC-CCOO consideran &quot;insuficientes&quot; las explicaciones ofrecidas este martes por Cabify sobre que su entramado de empresas no infringe la legalidad e instan a las autoridades de Empleo y Seguridad Social a acometer &quot;de inmediato&quot; las inspecciones pertinentes. Tras la denuncia interpuesta contra Cabify\" \/>\n\t\t<meta name=\"twitter:image\" content=\"https:\/\/www.eldigitaldeasturias.com\/noticias\/wp-content\/uploads\/2016\/05\/fotonoticia_20160525110538_800.jpg\" \/>\n\t\t<meta name=\"twitter:label1\" content=\"Escrito por\" \/>\n\t\t<meta name=\"twitter:data1\" content=\"El Digital de Asturias\" \/>\n\t\t<meta name=\"twitter:label2\" content=\"Tiempo de lectura estimado\" \/>\n\t\t<meta name=\"twitter:data2\" content=\"2 minutos\" \/>\n\t\t<script type=\"application\/ld+json\" class=\"aioseo-schema\">\n\t\t\t{\"@context\":\"https:\\\/\\\/schema.org\",\"@graph\":[{\"@type\":\"BlogPosting\",\"@id\":\"https:\\\/\\\/www.eldigitaldeasturias.com\\\/noticias\\\/los-taxistas-y-ccoo-consideran-insuficientes-las-explicaciones-de-cabify\\\/#blogposting\",\"name\":\"Los taxistas y CCOO consideran \\u00abinsuficientes\\u00bb las explicaciones de Cabify - El Digital de Asturias\",\"headline\":\"Los taxistas y CCOO consideran \\u00abinsuficientes\\u00bb las explicaciones de Cabify\",\"author\":{\"@id\":\"https:\\\/\\\/www.eldigitaldeasturias.com\\\/noticias\\\/author\\\/admin\\\/#author\"},\"publisher\":{\"@id\":\"https:\\\/\\\/www.eldigitaldeasturias.com\\\/noticias\\\/#organization\"},\"image\":{\"@type\":\"ImageObject\",\"url\":\"https:\\\/\\\/www.eldigitaldeasturias.com\\\/noticias\\\/wp-content\\\/uploads\\\/2016\\\/05\\\/fotonoticia_20160525110538_800.jpg\",\"width\":800,\"height\":507},\"datePublished\":\"2016-05-27T01:17:02+02:00\",\"dateModified\":\"2016-05-27T01:17:02+02:00\",\"inLanguage\":\"es-ES\",\"mainEntityOfPage\":{\"@id\":\"https:\\\/\\\/www.eldigitaldeasturias.com\\\/noticias\\\/los-taxistas-y-ccoo-consideran-insuficientes-las-explicaciones-de-cabify\\\/#webpage\"},\"isPartOf\":{\"@id\":\"https:\\\/\\\/www.eldigitaldeasturias.com\\\/noticias\\\/los-taxistas-y-ccoo-consideran-insuficientes-las-explicaciones-de-cabify\\\/#webpage\"},\"articleSection\":\"Actualidad\"},{\"@type\":\"BreadcrumbList\",\"@id\":\"https:\\\/\\\/www.eldigitaldeasturias.com\\\/noticias\\\/los-taxistas-y-ccoo-consideran-insuficientes-las-explicaciones-de-cabify\\\/#breadcrumblist\",\"itemListElement\":[{\"@type\":\"ListItem\",\"@id\":\"https:\\\/\\\/www.eldigitaldeasturias.com\\\/noticias#listItem\",\"position\":1,\"name\":\"Home\",\"item\":\"https:\\\/\\\/www.eldigitaldeasturias.com\\\/noticias\",\"nextItem\":{\"@type\":\"ListItem\",\"@id\":\"https:\\\/\\\/www.eldigitaldeasturias.com\\\/noticias\\\/category\\\/actualidad\\\/#listItem\",\"name\":\"Actualidad\"}},{\"@type\":\"ListItem\",\"@id\":\"https:\\\/\\\/www.eldigitaldeasturias.com\\\/noticias\\\/category\\\/actualidad\\\/#listItem\",\"position\":2,\"name\":\"Actualidad\",\"item\":\"https:\\\/\\\/www.eldigitaldeasturias.com\\\/noticias\\\/category\\\/actualidad\\\/\",\"nextItem\":{\"@type\":\"ListItem\",\"@id\":\"https:\\\/\\\/www.eldigitaldeasturias.com\\\/noticias\\\/los-taxistas-y-ccoo-consideran-insuficientes-las-explicaciones-de-cabify\\\/#listItem\",\"name\":\"Los taxistas y CCOO consideran \\u00abinsuficientes\\u00bb las explicaciones de Cabify\"},\"previousItem\":{\"@type\":\"ListItem\",\"@id\":\"https:\\\/\\\/www.eldigitaldeasturias.com\\\/noticias#listItem\",\"name\":\"Home\"}},{\"@type\":\"ListItem\",\"@id\":\"https:\\\/\\\/www.eldigitaldeasturias.com\\\/noticias\\\/los-taxistas-y-ccoo-consideran-insuficientes-las-explicaciones-de-cabify\\\/#listItem\",\"position\":3,\"name\":\"Los taxistas y CCOO consideran \\u00abinsuficientes\\u00bb las explicaciones de Cabify\",\"previousItem\":{\"@type\":\"ListItem\",\"@id\":\"https:\\\/\\\/www.eldigitaldeasturias.com\\\/noticias\\\/category\\\/actualidad\\\/#listItem\",\"name\":\"Actualidad\"}}]},{\"@type\":\"Organization\",\"@id\":\"https:\\\/\\\/www.eldigitaldeasturias.com\\\/noticias\\\/#organization\",\"name\":\"El Digital de Asturias\",\"description\":\"Hemeroteca\",\"url\":\"https:\\\/\\\/www.eldigitaldeasturias.com\\\/noticias\\\/\",\"email\":\"info@eldigitaldeasturias.com\",\"telephone\":\"+34652131393\",\"logo\":{\"@type\":\"ImageObject\",\"url\":\"https:\\\/\\\/www.eldigitaldeasturias.com\\\/noticias\\\/wp-content\\\/uploads\\\/2020\\\/12\\\/EDA.jpg\",\"@id\":\"https:\\\/\\\/www.eldigitaldeasturias.com\\\/noticias\\\/los-taxistas-y-ccoo-consideran-insuficientes-las-explicaciones-de-cabify\\\/#organizationLogo\",\"width\":649,\"height\":297},\"image\":{\"@id\":\"https:\\\/\\\/www.eldigitaldeasturias.com\\\/noticias\\\/los-taxistas-y-ccoo-consideran-insuficientes-las-explicaciones-de-cabify\\\/#organizationLogo\"},\"sameAs\":[\"https:\\\/\\\/facebook.com\\\/eldigitaldeasturias\",\"https:\\\/\\\/www.youtube.com\\\/channel\\\/UCZP-2wLEB9Rv6erhFmqVnvg\"],\"address\":{\"@id\":\"https:\\\/\\\/www.eldigitaldeasturias.com\\\/noticias\\\/#postaladdress\",\"@type\":\"PostalAddress\",\"streetAddress\":\"san antonio 4,\",\"postalCode\":\"33430\",\"addressLocality\":\"Cand\\u00e1s\",\"addressRegion\":\"Asturias\",\"addressCountry\":\"ES\"}},{\"@type\":\"Person\",\"@id\":\"https:\\\/\\\/www.eldigitaldeasturias.com\\\/noticias\\\/author\\\/admin\\\/#author\",\"url\":\"https:\\\/\\\/www.eldigitaldeasturias.com\\\/noticias\\\/author\\\/admin\\\/\",\"name\":\"El Digital de Asturias\",\"image\":{\"@type\":\"ImageObject\",\"@id\":\"https:\\\/\\\/www.eldigitaldeasturias.com\\\/noticias\\\/los-taxistas-y-ccoo-consideran-insuficientes-las-explicaciones-de-cabify\\\/#authorImage\",\"url\":\"https:\\\/\\\/www.eldigitaldeasturias.com\\\/noticias\\\/wp-content\\\/litespeed\\\/avatar\\\/18677e78aa0546b92d9dbf31ec7d7668.jpg?ver=1777290358\",\"width\":96,\"height\":96,\"caption\":\"El Digital de Asturias\"}},{\"@type\":\"WebPage\",\"@id\":\"https:\\\/\\\/www.eldigitaldeasturias.com\\\/noticias\\\/los-taxistas-y-ccoo-consideran-insuficientes-las-explicaciones-de-cabify\\\/#webpage\",\"url\":\"https:\\\/\\\/www.eldigitaldeasturias.com\\\/noticias\\\/los-taxistas-y-ccoo-consideran-insuficientes-las-explicaciones-de-cabify\\\/\",\"name\":\"Los taxistas y CCOO consideran \\u00abinsuficientes\\u00bb las explicaciones de Cabify - El Digital de Asturias\",\"description\":\"La asociaci\\u00f3n de taxistas Fedetaxi y el Sector de Carreteras de la FSC-CCOO consideran \\\"insuficientes\\\" las explicaciones ofrecidas este martes por Cabify sobre que su entramado de empresas no infringe la legalidad e instan a las autoridades de Empleo y Seguridad Social a acometer \\\"de inmediato\\\" las inspecciones pertinentes. Tras la denuncia interpuesta contra Cabify\",\"inLanguage\":\"es-ES\",\"isPartOf\":{\"@id\":\"https:\\\/\\\/www.eldigitaldeasturias.com\\\/noticias\\\/#website\"},\"breadcrumb\":{\"@id\":\"https:\\\/\\\/www.eldigitaldeasturias.com\\\/noticias\\\/los-taxistas-y-ccoo-consideran-insuficientes-las-explicaciones-de-cabify\\\/#breadcrumblist\"},\"author\":{\"@id\":\"https:\\\/\\\/www.eldigitaldeasturias.com\\\/noticias\\\/author\\\/admin\\\/#author\"},\"creator\":{\"@id\":\"https:\\\/\\\/www.eldigitaldeasturias.com\\\/noticias\\\/author\\\/admin\\\/#author\"},\"image\":{\"@type\":\"ImageObject\",\"url\":\"https:\\\/\\\/www.eldigitaldeasturias.com\\\/noticias\\\/wp-content\\\/uploads\\\/2016\\\/05\\\/fotonoticia_20160525110538_800.jpg\",\"@id\":\"https:\\\/\\\/www.eldigitaldeasturias.com\\\/noticias\\\/los-taxistas-y-ccoo-consideran-insuficientes-las-explicaciones-de-cabify\\\/#mainImage\",\"width\":800,\"height\":507},\"primaryImageOfPage\":{\"@id\":\"https:\\\/\\\/www.eldigitaldeasturias.com\\\/noticias\\\/los-taxistas-y-ccoo-consideran-insuficientes-las-explicaciones-de-cabify\\\/#mainImage\"},\"datePublished\":\"2016-05-27T01:17:02+02:00\",\"dateModified\":\"2016-05-27T01:17:02+02:00\"},{\"@type\":\"WebSite\",\"@id\":\"https:\\\/\\\/www.eldigitaldeasturias.com\\\/noticias\\\/#website\",\"url\":\"https:\\\/\\\/www.eldigitaldeasturias.com\\\/noticias\\\/\",\"name\":\"El Digital de Asturias - Diario de actualidad y noticias\",\"alternateName\":\"El Digital de Asturias - Diario de actualidad y noticias\",\"description\":\"Hemeroteca\",\"inLanguage\":\"es-ES\",\"publisher\":{\"@id\":\"https:\\\/\\\/www.eldigitaldeasturias.com\\\/noticias\\\/#organization\"}}]}\n\t\t<\/script>\n\t\t<!-- All in One SEO Pro -->\r\n\t\t<title>Los taxistas y CCOO consideran \u00abinsuficientes\u00bb las explicaciones de Cabify - El Digital de Asturias<\/title>\n\n","aioseo_head_json":{"title":"Los taxistas y CCOO consideran \u00abinsuficientes\u00bb las explicaciones de Cabify - El Digital de Asturias","description":"La asociaci\u00f3n de taxistas Fedetaxi y el Sector de Carreteras de la FSC-CCOO consideran \"insuficientes\" las explicaciones ofrecidas este martes por Cabify sobre que su entramado de empresas no infringe la legalidad e instan a las autoridades de Empleo y Seguridad Social a acometer \"de inmediato\" las inspecciones pertinentes. Tras la denuncia interpuesta contra Cabify","canonical_url":"https:\/\/www.eldigitaldeasturias.com\/noticias\/los-taxistas-y-ccoo-consideran-insuficientes-las-explicaciones-de-cabify\/","robots":"max-image-preview:large","keywords":"actualidad","webmasterTools":{"google-site-verification":"UA-38556648-1","msvalidate.01":"7dfe9f3f1b24437ab69f4f2559babe99","miscellaneous":""},"schema":{"@context":"https:\/\/schema.org","@graph":[{"@type":"BlogPosting","@id":"https:\/\/www.eldigitaldeasturias.com\/noticias\/los-taxistas-y-ccoo-consideran-insuficientes-las-explicaciones-de-cabify\/#blogposting","name":"Los taxistas y CCOO consideran \u00abinsuficientes\u00bb las explicaciones de Cabify - El Digital de Asturias","headline":"Los taxistas y CCOO consideran \u00abinsuficientes\u00bb las explicaciones de Cabify","author":{"@id":"https:\/\/www.eldigitaldeasturias.com\/noticias\/author\/admin\/#author"},"publisher":{"@id":"https:\/\/www.eldigitaldeasturias.com\/noticias\/#organization"},"image":{"@type":"ImageObject","url":"https:\/\/www.eldigitaldeasturias.com\/noticias\/wp-content\/uploads\/2016\/05\/fotonoticia_20160525110538_800.jpg","width":800,"height":507},"datePublished":"2016-05-27T01:17:02+02:00","dateModified":"2016-05-27T01:17:02+02:00","inLanguage":"es-ES","mainEntityOfPage":{"@id":"https:\/\/www.eldigitaldeasturias.com\/noticias\/los-taxistas-y-ccoo-consideran-insuficientes-las-explicaciones-de-cabify\/#webpage"},"isPartOf":{"@id":"https:\/\/www.eldigitaldeasturias.com\/noticias\/los-taxistas-y-ccoo-consideran-insuficientes-las-explicaciones-de-cabify\/#webpage"},"articleSection":"Actualidad"},{"@type":"BreadcrumbList","@id":"https:\/\/www.eldigitaldeasturias.com\/noticias\/los-taxistas-y-ccoo-consideran-insuficientes-las-explicaciones-de-cabify\/#breadcrumblist","itemListElement":[{"@type":"ListItem","@id":"https:\/\/www.eldigitaldeasturias.com\/noticias#listItem","position":1,"name":"Home","item":"https:\/\/www.eldigitaldeasturias.com\/noticias","nextItem":{"@type":"ListItem","@id":"https:\/\/www.eldigitaldeasturias.com\/noticias\/category\/actualidad\/#listItem","name":"Actualidad"}},{"@type":"ListItem","@id":"https:\/\/www.eldigitaldeasturias.com\/noticias\/category\/actualidad\/#listItem","position":2,"name":"Actualidad","item":"https:\/\/www.eldigitaldeasturias.com\/noticias\/category\/actualidad\/","nextItem":{"@type":"ListItem","@id":"https:\/\/www.eldigitaldeasturias.com\/noticias\/los-taxistas-y-ccoo-consideran-insuficientes-las-explicaciones-de-cabify\/#listItem","name":"Los taxistas y CCOO consideran \u00abinsuficientes\u00bb las explicaciones de Cabify"},"previousItem":{"@type":"ListItem","@id":"https:\/\/www.eldigitaldeasturias.com\/noticias#listItem","name":"Home"}},{"@type":"ListItem","@id":"https:\/\/www.eldigitaldeasturias.com\/noticias\/los-taxistas-y-ccoo-consideran-insuficientes-las-explicaciones-de-cabify\/#listItem","position":3,"name":"Los taxistas y CCOO consideran \u00abinsuficientes\u00bb las explicaciones de Cabify","previousItem":{"@type":"ListItem","@id":"https:\/\/www.eldigitaldeasturias.com\/noticias\/category\/actualidad\/#listItem","name":"Actualidad"}}]},{"@type":"Organization","@id":"https:\/\/www.eldigitaldeasturias.com\/noticias\/#organization","name":"El Digital de Asturias","description":"Hemeroteca","url":"https:\/\/www.eldigitaldeasturias.com\/noticias\/","email":"info@eldigitaldeasturias.com","telephone":"+34652131393","logo":{"@type":"ImageObject","url":"https:\/\/www.eldigitaldeasturias.com\/noticias\/wp-content\/uploads\/2020\/12\/EDA.jpg","@id":"https:\/\/www.eldigitaldeasturias.com\/noticias\/los-taxistas-y-ccoo-consideran-insuficientes-las-explicaciones-de-cabify\/#organizationLogo","width":649,"height":297},"image":{"@id":"https:\/\/www.eldigitaldeasturias.com\/noticias\/los-taxistas-y-ccoo-consideran-insuficientes-las-explicaciones-de-cabify\/#organizationLogo"},"sameAs":["https:\/\/facebook.com\/eldigitaldeasturias","https:\/\/www.youtube.com\/channel\/UCZP-2wLEB9Rv6erhFmqVnvg"],"address":{"@id":"https:\/\/www.eldigitaldeasturias.com\/noticias\/#postaladdress","@type":"PostalAddress","streetAddress":"san antonio 4,","postalCode":"33430","addressLocality":"Cand\u00e1s","addressRegion":"Asturias","addressCountry":"ES"}},{"@type":"Person","@id":"https:\/\/www.eldigitaldeasturias.com\/noticias\/author\/admin\/#author","url":"https:\/\/www.eldigitaldeasturias.com\/noticias\/author\/admin\/","name":"El Digital de Asturias","image":{"@type":"ImageObject","@id":"https:\/\/www.eldigitaldeasturias.com\/noticias\/los-taxistas-y-ccoo-consideran-insuficientes-las-explicaciones-de-cabify\/#authorImage","url":"https:\/\/www.eldigitaldeasturias.com\/noticias\/wp-content\/litespeed\/avatar\/18677e78aa0546b92d9dbf31ec7d7668.jpg?ver=1777290358","width":96,"height":96,"caption":"El Digital de Asturias"}},{"@type":"WebPage","@id":"https:\/\/www.eldigitaldeasturias.com\/noticias\/los-taxistas-y-ccoo-consideran-insuficientes-las-explicaciones-de-cabify\/#webpage","url":"https:\/\/www.eldigitaldeasturias.com\/noticias\/los-taxistas-y-ccoo-consideran-insuficientes-las-explicaciones-de-cabify\/","name":"Los taxistas y CCOO consideran \u00abinsuficientes\u00bb las explicaciones de Cabify - El Digital de Asturias","description":"La asociaci\u00f3n de taxistas Fedetaxi y el Sector de Carreteras de la FSC-CCOO consideran \"insuficientes\" las explicaciones ofrecidas este martes por Cabify sobre que su entramado de empresas no infringe la legalidad e instan a las autoridades de Empleo y Seguridad Social a acometer \"de inmediato\" las inspecciones pertinentes. Tras la denuncia interpuesta contra Cabify","inLanguage":"es-ES","isPartOf":{"@id":"https:\/\/www.eldigitaldeasturias.com\/noticias\/#website"},"breadcrumb":{"@id":"https:\/\/www.eldigitaldeasturias.com\/noticias\/los-taxistas-y-ccoo-consideran-insuficientes-las-explicaciones-de-cabify\/#breadcrumblist"},"author":{"@id":"https:\/\/www.eldigitaldeasturias.com\/noticias\/author\/admin\/#author"},"creator":{"@id":"https:\/\/www.eldigitaldeasturias.com\/noticias\/author\/admin\/#author"},"image":{"@type":"ImageObject","url":"https:\/\/www.eldigitaldeasturias.com\/noticias\/wp-content\/uploads\/2016\/05\/fotonoticia_20160525110538_800.jpg","@id":"https:\/\/www.eldigitaldeasturias.com\/noticias\/los-taxistas-y-ccoo-consideran-insuficientes-las-explicaciones-de-cabify\/#mainImage","width":800,"height":507},"primaryImageOfPage":{"@id":"https:\/\/www.eldigitaldeasturias.com\/noticias\/los-taxistas-y-ccoo-consideran-insuficientes-las-explicaciones-de-cabify\/#mainImage"},"datePublished":"2016-05-27T01:17:02+02:00","dateModified":"2016-05-27T01:17:02+02:00"},{"@type":"WebSite","@id":"https:\/\/www.eldigitaldeasturias.com\/noticias\/#website","url":"https:\/\/www.eldigitaldeasturias.com\/noticias\/","name":"El Digital de Asturias - Diario de actualidad y noticias","alternateName":"El Digital de Asturias - Diario de actualidad y noticias","description":"Hemeroteca","inLanguage":"es-ES","publisher":{"@id":"https:\/\/www.eldigitaldeasturias.com\/noticias\/#organization"}}]},"og:locale":"es_ES","og:site_name":"El Digital de Asturias","og:type":"article","og:title":"Los taxistas y CCOO consideran \u00abinsuficientes\u00bb las explicaciones de Cabify - El Digital de Asturias","og:description":"La asociaci\u00f3n de taxistas Fedetaxi y el Sector de Carreteras de la FSC-CCOO consideran &quot;insuficientes&quot; las explicaciones ofrecidas este martes por Cabify sobre que su entramado de empresas no infringe la legalidad e instan a las autoridades de Empleo y Seguridad Social a acometer &quot;de inmediato&quot; las inspecciones pertinentes. Tras la denuncia interpuesta contra Cabify","og:url":"https:\/\/www.eldigitaldeasturias.com\/noticias\/los-taxistas-y-ccoo-consideran-insuficientes-las-explicaciones-de-cabify\/","og:image":"https:\/\/www.eldigitaldeasturias.com\/noticias\/wp-content\/uploads\/2016\/05\/fotonoticia_20160525110538_800.jpg","og:image:secure_url":"https:\/\/www.eldigitaldeasturias.com\/noticias\/wp-content\/uploads\/2016\/05\/fotonoticia_20160525110538_800.jpg","og:image:width":800,"og:image:height":507,"article:tag":["actualidad"],"article:published_time":"2016-05-27T01:17:02+00:00","article:modified_time":"2016-05-27T01:17:02+00:00","article:publisher":"https:\/\/facebook.com\/eldigitaldeasturias","twitter:card":"summary_large_image","twitter:title":"Los taxistas y CCOO consideran \u00abinsuficientes\u00bb las explicaciones de Cabify - El Digital de Asturias","twitter:description":"La asociaci\u00f3n de taxistas Fedetaxi y el Sector de Carreteras de la FSC-CCOO consideran &quot;insuficientes&quot; las explicaciones ofrecidas este martes por Cabify sobre que su entramado de empresas no infringe la legalidad e instan a las autoridades de Empleo y Seguridad Social a acometer &quot;de inmediato&quot; las inspecciones pertinentes. Tras la denuncia interpuesta contra Cabify","twitter:image":"https:\/\/www.eldigitaldeasturias.com\/noticias\/wp-content\/uploads\/2016\/05\/fotonoticia_20160525110538_800.jpg","twitter:label1":"Escrito por","twitter:data1":"El Digital de Asturias","twitter:label2":"Tiempo de lectura estimado","twitter:data2":"2 minutos"},"aioseo_meta_data":{"post_id":"884882","title":null,"description":null,"keywords":null,"keyphrases":null,"primary_term":null,"canonical_url":null,"og_title":null,"og_description":null,"og_object_type":"default","og_image_type":"default","og_image_url":null,"og_image_width":null,"og_image_height":null,"og_image_custom_url":null,"og_image_custom_fields":null,"og_video":null,"og_custom_url":null,"og_article_section":null,"og_article_tags":null,"twitter_use_og":false,"twitter_card":"default","twitter_image_type":"default","twitter_image_url":null,"twitter_image_custom_url":null,"twitter_image_custom_fields":null,"twitter_title":null,"twitter_description":null,"schema":{"blockGraphs":[],"customGraphs":[],"default":{"data":{"Article":[],"Course":[],"Dataset":[],"FAQPage":[],"Movie":[],"Person":[],"Product":[],"ProductReview":[],"Car":[],"Recipe":[],"Service":[],"SoftwareApplication":[],"WebPage":[]},"graphName":"","isEnabled":true},"graphs":[],"defaultGraph":"","defaultPostTypeGraph":""},"schema_type":null,"schema_type_options":null,"pillar_content":false,"robots_default":true,"robots_noindex":false,"robots_noarchive":false,"robots_nosnippet":false,"robots_nofollow":false,"robots_noimageindex":false,"robots_noodp":false,"robots_notranslate":false,"robots_max_snippet":null,"robots_max_videopreview":null,"robots_max_imagepreview":"large","priority":null,"frequency":null,"local_seo":null,"seo_analyzer_scan_date":"2025-11-20 10:35:03","breadcrumb_settings":null,"limit_modified_date":false,"open_ai":null,"ai":null,"created":"2021-01-23 17:45:13","updated":"2025-11-20 10:35:03"},"aioseo_breadcrumb":"<div class=\"aioseo-breadcrumbs\"><span class=\"aioseo-breadcrumb\">\n\t<a href=\"https:\/\/www.eldigitaldeasturias.com\/noticias\" title=\"Home\">Home<\/a>\n<\/span><span class=\"aioseo-breadcrumb-separator\">\u2013<\/span><span class=\"aioseo-breadcrumb\">\n\t<a href=\"https:\/\/www.eldigitaldeasturias.com\/noticias\/category\/actualidad\/\" title=\"Actualidad\">Actualidad<\/a>\n<\/span><span class=\"aioseo-breadcrumb-separator\">\u2013<\/span><span class=\"aioseo-breadcrumb\">\n\t<a href=\"https:\/\/www.eldigitaldeasturias.com\/noticias\/los-taxistas-y-ccoo-consideran-insuficientes-las-explicaciones-de-cabify\/\" title=\"Los taxistas y CCOO consideran \u00abinsuficientes\u00bb las explicaciones de Cabify\">Los taxistas y CCOO consideran \u00abinsuficientes\u00bb las explicaciones de Cabify<\/a>\n<\/span><\/div>","aioseo_breadcrumb_json":[{"label":"Home","link":"https:\/\/www.eldigitaldeasturias.com\/noticias"},{"label":"Actualidad","link":"https:\/\/www.eldigitaldeasturias.com\/noticias\/category\/actualidad\/"},{"label":"Los taxistas y CCOO consideran \u00abinsuficientes\u00bb las explicaciones de Cabify","link":"https:\/\/www.eldigitaldeasturias.com\/noticias\/los-taxistas-y-ccoo-consideran-insuficientes-las-explicaciones-de-cabify\/"}],"_links":{"self":[{"href":"https:\/\/www.eldigitaldeasturias.com\/noticias\/wp-json\/wp\/v2\/posts\/884882","targetHints":{"allow":["GET"]}}],"collection":[{"href":"https:\/\/www.eldigitaldeasturias.com\/noticias\/wp-json\/wp\/v2\/posts"}],"about":[{"href":"https:\/\/www.eldigitaldeasturias.com\/noticias\/wp-json\/wp\/v2\/types\/post"}],"author":[{"embeddable":true,"href":"https:\/\/www.eldigitaldeasturias.com\/noticias\/wp-json\/wp\/v2\/users\/1"}],"replies":[{"embeddable":true,"href":"https:\/\/www.eldigitaldeasturias.com\/noticias\/wp-json\/wp\/v2\/comments?post=884882"}],"version-history":[{"count":0,"href":"https:\/\/www.eldigitaldeasturias.com\/noticias\/wp-json\/wp\/v2\/posts\/884882\/revisions"}],"wp:featuredmedia":[{"embeddable":true,"href":"https:\/\/www.eldigitaldeasturias.com\/noticias\/wp-json\/wp\/v2\/media\/884883"}],"wp:attachment":[{"href":"https:\/\/www.eldigitaldeasturias.com\/noticias\/wp-json\/wp\/v2\/media?parent=884882"}],"wp:term":[{"taxonomy":"category","embeddable":true,"href":"https:\/\/www.eldigitaldeasturias.com\/noticias\/wp-json\/wp\/v2\/categories?post=884882"},{"taxonomy":"post_tag","embeddable":true,"href":"https:\/\/www.eldigitaldeasturias.com\/noticias\/wp-json\/wp\/v2\/tags?post=884882"}],"curies":[{"name":"wp","href":"https:\/\/api.w.org\/{rel}","templated":true}]}}