{"id":879294,"date":"2016-05-01T12:13:09","date_gmt":"2016-05-01T12:13:09","guid":{"rendered":"http:\/\/www.eldigitaldeasturias.com\/noticias\/?p=879294"},"modified":"2016-05-01T12:13:09","modified_gmt":"2016-05-01T12:13:09","slug":"congreso-internacional-de-inteligencia-turistica-en-malaga","status":"publish","type":"post","link":"https:\/\/www.eldigitaldeasturias.com\/noticias\/congreso-internacional-de-inteligencia-turistica-en-malaga\/","title":{"rendered":"Congreso Internacional de Inteligencia Tur\u00edstica en M\u00e1laga"},"content":{"rendered":"<p><img loading=\"lazy\" decoding=\"async\" class=\"alignleft size-medium wp-image-879295\" src=\"https:\/\/www.eldigitaldeasturias.com\/noticias\/wp-content\/uploads\/2016\/05\/fotonoticia_20160426163510_800-360x173.jpg\" alt=\"fotonoticia_20160426163510_800\" width=\"360\" height=\"173\" srcset=\"https:\/\/www.eldigitaldeasturias.com\/noticias\/wp-content\/uploads\/2016\/05\/fotonoticia_20160426163510_800-360x173.jpg 360w, https:\/\/www.eldigitaldeasturias.com\/noticias\/wp-content\/uploads\/2016\/05\/fotonoticia_20160426163510_800-768x370.jpg 768w, https:\/\/www.eldigitaldeasturias.com\/noticias\/wp-content\/uploads\/2016\/05\/fotonoticia_20160426163510_800-650x313.jpg 650w, https:\/\/www.eldigitaldeasturias.com\/noticias\/wp-content\/uploads\/2016\/05\/fotonoticia_20160426163510_800.jpg 800w\" sizes=\"auto, (max-width: 360px) 100vw, 360px\" \/>El Instituto de Estudios Cajasol y Next International Business School organizan el I Congreso Internacional de Inteligencia Tur\u00edstica, que se celebrar\u00e1 los pr\u00f3ximos 5 y 6 de mayo en M\u00e1laga, en concreto en el hotel Barcel\u00f3 de la estaci\u00f3n Mar\u00eda Zambrano.<\/p>\n<p>Seg\u00fan indica el Instituto en una nota, el objetivo del congreso es \u00abpromover la investigaci\u00f3n, el an\u00e1lisis y la generaci\u00f3n de conocimiento mediante la aplicaci\u00f3n del &#8216;Big Data&#8217; a la industria del turismo\u00bb.<\/p>\n<p>Considera que la pr\u00e1ctica de la inteligencia tur\u00edstica es \u00abuna revoluci\u00f3n para uno de los sectores con mayor crecimiento de nuestro pa\u00eds y a nivel mundial\u00bb.<\/p>\n<p>De esta forma, el I Congreso Internacional de Inteligencia Tur\u00edstica \u00abprofundiza en la gran oportunidad de negocio y rentabilidad que representan los destinos tur\u00edsticos inteligentes, y es una gran apuesta por la competitividad del sector\u00bb.<\/p>\n<p>En este evento intervienen, entre otros destacados profesionales de prestigio internacional, como M\u00f3nica Figuerola, directora de Spain Care; Carlos Romero, director de Innovaci\u00f3n de Segittur; Pedro Ant\u00f3n, director de Desarrollo de Negocio Turismo de El Corte Ingl\u00e9s; Rafael S\u00e1nchez, gerente de Xacobeo; y Carmen Pardo, directora del &#8216;M\u00e1ster en Inteligencia Tur\u00edstica: Gesti\u00f3n y Competitividad Internacional&#8217; de Next International Business School.<\/p>\n<p>Asimismo, contar\u00e1 con la presencia de representantes de Panam\u00e1, M\u00e9xico, Per\u00fa, Rep\u00fablica Dominicana, Chile y Colombia.<\/p>\n<p>El Instituto ha indicado que el turismo \u00abest\u00e1 transform\u00e1ndose r\u00e1pidamente, y una fuerza de cambio fundamental es el acceso en tiempo real a una gran cantidad de informaci\u00f3n, propiciada por la revoluci\u00f3n en los sistemas de tecnolog\u00edas de la informaci\u00f3n\u00bb.<\/p>\n<p>En ese sentido, considera que el &#8216;Big Data&#8217; tur\u00edstico \u00abes un nuevo y potente instrumento de desarrollo\u00bb.<\/p>\n<p>Por ello, el I Congreso Internacional de Inteligencia Tur\u00edstica aborda la gesti\u00f3n y competitividad tur\u00edstica internacional, que se han convertido en una prioridad para los profesionales de la industria del turismo.<\/p>\n<p>El I Congreso Internacional de Inteligencia Tur\u00edstica cuenta con la participaci\u00f3n de las principales entidades tur\u00edsticas, como Segittur o la Corporaci\u00f3n Tecnol\u00f3gica de Andaluc\u00eda, grandes corporaciones empresariales, como el Grupo Barcel\u00f3 y expertos de primera l\u00ednea de diferentes \u00e1mbitos del turismo.<\/p>\n<p>&nbsp;<\/p>\n","protected":false},"excerpt":{"rendered":"<p>El Instituto de Estudios Cajasol y Next International Business School organizan el I Congreso Internacional de Inteligencia Tur\u00edstica, que se celebrar\u00e1 los pr\u00f3ximos 5 y 6 de mayo en M\u00e1laga, en concreto en el hotel Barcel\u00f3 de la estaci\u00f3n Mar\u00eda Zambrano. Seg\u00fan indica el Instituto en una nota, el objetivo del congreso es \u00abpromover la [&hellip;]<\/p>\n","protected":false},"author":1,"featured_media":879295,"comment_status":"closed","ping_status":"closed","sticky":false,"template":"","format":"standard","meta":{"footnotes":""},"categories":[148],"tags":[],"class_list":["post-879294","post","type-post","status-publish","format-standard","has-post-thumbnail","hentry","category-turismo"],"aioseo_notices":[],"aioseo_head":"\n\t\t<!-- All in One SEO Pro 4.9.6.2 - aioseo.com -->\n\t<meta name=\"description\" content=\"El Instituto de Estudios Cajasol y Next International Business School organizan el I Congreso Internacional de Inteligencia Tur\u00edstica, que se celebrar\u00e1 los pr\u00f3ximos 5 y 6 de mayo en M\u00e1laga, en concreto en el hotel Barcel\u00f3 de la estaci\u00f3n Mar\u00eda Zambrano. Seg\u00fan indica el Instituto en una nota, el objetivo del congreso es &quot;promover la\" \/>\n\t<meta name=\"robots\" content=\"max-image-preview:large\" \/>\n\t<meta name=\"author\" content=\"El Digital de Asturias\"\/>\n\t<meta name=\"google-site-verification\" content=\"UA-38556648-1\" \/>\n\t<meta name=\"msvalidate.01\" content=\"7dfe9f3f1b24437ab69f4f2559babe99\" \/>\n\t<meta name=\"keywords\" content=\"turismo\" \/>\n\t<link rel=\"canonical\" href=\"https:\/\/www.eldigitaldeasturias.com\/noticias\/congreso-internacional-de-inteligencia-turistica-en-malaga\/\" \/>\n\t<meta name=\"generator\" content=\"All in One SEO Pro (AIOSEO) 4.9.6.2\" \/>\n\t\t<meta property=\"og:locale\" content=\"es_ES\" \/>\n\t\t<meta property=\"og:site_name\" content=\"El Digital de Asturias\" \/>\n\t\t<meta property=\"og:type\" content=\"article\" \/>\n\t\t<meta property=\"og:title\" content=\"Congreso Internacional de Inteligencia Tur\u00edstica en M\u00e1laga - El Digital de Asturias\" \/>\n\t\t<meta property=\"og:description\" content=\"El Instituto de Estudios Cajasol y Next International Business School organizan el I Congreso Internacional de Inteligencia Tur\u00edstica, que se celebrar\u00e1 los pr\u00f3ximos 5 y 6 de mayo en M\u00e1laga, en concreto en el hotel Barcel\u00f3 de la estaci\u00f3n Mar\u00eda Zambrano. Seg\u00fan indica el Instituto en una nota, el objetivo del congreso es &quot;promover la\" \/>\n\t\t<meta property=\"og:url\" content=\"https:\/\/www.eldigitaldeasturias.com\/noticias\/congreso-internacional-de-inteligencia-turistica-en-malaga\/\" \/>\n\t\t<meta property=\"og:image\" content=\"https:\/\/www.eldigitaldeasturias.com\/noticias\/wp-content\/uploads\/2016\/05\/fotonoticia_20160426163510_800.jpg\" \/>\n\t\t<meta property=\"og:image:secure_url\" content=\"https:\/\/www.eldigitaldeasturias.com\/noticias\/wp-content\/uploads\/2016\/05\/fotonoticia_20160426163510_800.jpg\" \/>\n\t\t<meta property=\"og:image:width\" content=\"800\" \/>\n\t\t<meta property=\"og:image:height\" content=\"385\" \/>\n\t\t<meta property=\"article:tag\" content=\"turismo\" \/>\n\t\t<meta property=\"article:published_time\" content=\"2016-05-01T12:13:09+00:00\" \/>\n\t\t<meta property=\"article:modified_time\" content=\"2016-05-01T12:13:09+00:00\" \/>\n\t\t<meta property=\"article:publisher\" content=\"https:\/\/facebook.com\/eldigitaldeasturias\" \/>\n\t\t<meta name=\"twitter:card\" content=\"summary_large_image\" \/>\n\t\t<meta name=\"twitter:title\" content=\"Congreso Internacional de Inteligencia Tur\u00edstica en M\u00e1laga - El Digital de Asturias\" \/>\n\t\t<meta name=\"twitter:description\" content=\"El Instituto de Estudios Cajasol y Next International Business School organizan el I Congreso Internacional de Inteligencia Tur\u00edstica, que se celebrar\u00e1 los pr\u00f3ximos 5 y 6 de mayo en M\u00e1laga, en concreto en el hotel Barcel\u00f3 de la estaci\u00f3n Mar\u00eda Zambrano. Seg\u00fan indica el Instituto en una nota, el objetivo del congreso es &quot;promover la\" \/>\n\t\t<meta name=\"twitter:image\" content=\"https:\/\/www.eldigitaldeasturias.com\/noticias\/wp-content\/uploads\/2016\/05\/fotonoticia_20160426163510_800.jpg\" \/>\n\t\t<meta name=\"twitter:label1\" content=\"Escrito por\" \/>\n\t\t<meta name=\"twitter:data1\" content=\"El Digital de Asturias\" \/>\n\t\t<meta name=\"twitter:label2\" content=\"Tiempo de lectura estimado\" \/>\n\t\t<meta name=\"twitter:data2\" content=\"2 minutos\" \/>\n\t\t<script type=\"application\/ld+json\" class=\"aioseo-schema\">\n\t\t\t{\"@context\":\"https:\\\/\\\/schema.org\",\"@graph\":[{\"@type\":\"BlogPosting\",\"@id\":\"https:\\\/\\\/www.eldigitaldeasturias.com\\\/noticias\\\/congreso-internacional-de-inteligencia-turistica-en-malaga\\\/#blogposting\",\"name\":\"Congreso Internacional de Inteligencia Tur\\u00edstica en M\\u00e1laga - El Digital de Asturias\",\"headline\":\"Congreso Internacional de Inteligencia Tur\\u00edstica en M\\u00e1laga\",\"author\":{\"@id\":\"https:\\\/\\\/www.eldigitaldeasturias.com\\\/noticias\\\/author\\\/admin\\\/#author\"},\"publisher\":{\"@id\":\"https:\\\/\\\/www.eldigitaldeasturias.com\\\/noticias\\\/#organization\"},\"image\":{\"@type\":\"ImageObject\",\"url\":\"https:\\\/\\\/www.eldigitaldeasturias.com\\\/noticias\\\/wp-content\\\/uploads\\\/2016\\\/05\\\/fotonoticia_20160426163510_800.jpg\",\"width\":800,\"height\":385},\"datePublished\":\"2016-05-01T12:13:09+02:00\",\"dateModified\":\"2016-05-01T12:13:09+02:00\",\"inLanguage\":\"es-ES\",\"mainEntityOfPage\":{\"@id\":\"https:\\\/\\\/www.eldigitaldeasturias.com\\\/noticias\\\/congreso-internacional-de-inteligencia-turistica-en-malaga\\\/#webpage\"},\"isPartOf\":{\"@id\":\"https:\\\/\\\/www.eldigitaldeasturias.com\\\/noticias\\\/congreso-internacional-de-inteligencia-turistica-en-malaga\\\/#webpage\"},\"articleSection\":\"Turismo\"},{\"@type\":\"BreadcrumbList\",\"@id\":\"https:\\\/\\\/www.eldigitaldeasturias.com\\\/noticias\\\/congreso-internacional-de-inteligencia-turistica-en-malaga\\\/#breadcrumblist\",\"itemListElement\":[{\"@type\":\"ListItem\",\"@id\":\"https:\\\/\\\/www.eldigitaldeasturias.com\\\/noticias#listItem\",\"position\":1,\"name\":\"Home\",\"item\":\"https:\\\/\\\/www.eldigitaldeasturias.com\\\/noticias\",\"nextItem\":{\"@type\":\"ListItem\",\"@id\":\"https:\\\/\\\/www.eldigitaldeasturias.com\\\/noticias\\\/category\\\/turismo\\\/#listItem\",\"name\":\"Turismo\"}},{\"@type\":\"ListItem\",\"@id\":\"https:\\\/\\\/www.eldigitaldeasturias.com\\\/noticias\\\/category\\\/turismo\\\/#listItem\",\"position\":2,\"name\":\"Turismo\",\"item\":\"https:\\\/\\\/www.eldigitaldeasturias.com\\\/noticias\\\/category\\\/turismo\\\/\",\"nextItem\":{\"@type\":\"ListItem\",\"@id\":\"https:\\\/\\\/www.eldigitaldeasturias.com\\\/noticias\\\/congreso-internacional-de-inteligencia-turistica-en-malaga\\\/#listItem\",\"name\":\"Congreso Internacional de Inteligencia Tur\\u00edstica en M\\u00e1laga\"},\"previousItem\":{\"@type\":\"ListItem\",\"@id\":\"https:\\\/\\\/www.eldigitaldeasturias.com\\\/noticias#listItem\",\"name\":\"Home\"}},{\"@type\":\"ListItem\",\"@id\":\"https:\\\/\\\/www.eldigitaldeasturias.com\\\/noticias\\\/congreso-internacional-de-inteligencia-turistica-en-malaga\\\/#listItem\",\"position\":3,\"name\":\"Congreso Internacional de Inteligencia Tur\\u00edstica en M\\u00e1laga\",\"previousItem\":{\"@type\":\"ListItem\",\"@id\":\"https:\\\/\\\/www.eldigitaldeasturias.com\\\/noticias\\\/category\\\/turismo\\\/#listItem\",\"name\":\"Turismo\"}}]},{\"@type\":\"Organization\",\"@id\":\"https:\\\/\\\/www.eldigitaldeasturias.com\\\/noticias\\\/#organization\",\"name\":\"El Digital de Asturias\",\"description\":\"Hemeroteca\",\"url\":\"https:\\\/\\\/www.eldigitaldeasturias.com\\\/noticias\\\/\",\"email\":\"info@eldigitaldeasturias.com\",\"telephone\":\"+34652131393\",\"logo\":{\"@type\":\"ImageObject\",\"url\":\"https:\\\/\\\/www.eldigitaldeasturias.com\\\/noticias\\\/wp-content\\\/uploads\\\/2020\\\/12\\\/EDA.jpg\",\"@id\":\"https:\\\/\\\/www.eldigitaldeasturias.com\\\/noticias\\\/congreso-internacional-de-inteligencia-turistica-en-malaga\\\/#organizationLogo\",\"width\":649,\"height\":297},\"image\":{\"@id\":\"https:\\\/\\\/www.eldigitaldeasturias.com\\\/noticias\\\/congreso-internacional-de-inteligencia-turistica-en-malaga\\\/#organizationLogo\"},\"sameAs\":[\"https:\\\/\\\/facebook.com\\\/eldigitaldeasturias\",\"https:\\\/\\\/www.youtube.com\\\/channel\\\/UCZP-2wLEB9Rv6erhFmqVnvg\"],\"address\":{\"@id\":\"https:\\\/\\\/www.eldigitaldeasturias.com\\\/noticias\\\/#postaladdress\",\"@type\":\"PostalAddress\",\"streetAddress\":\"san antonio 4,\",\"postalCode\":\"33430\",\"addressLocality\":\"Cand\\u00e1s\",\"addressRegion\":\"Asturias\",\"addressCountry\":\"ES\"}},{\"@type\":\"Person\",\"@id\":\"https:\\\/\\\/www.eldigitaldeasturias.com\\\/noticias\\\/author\\\/admin\\\/#author\",\"url\":\"https:\\\/\\\/www.eldigitaldeasturias.com\\\/noticias\\\/author\\\/admin\\\/\",\"name\":\"El Digital de Asturias\",\"image\":{\"@type\":\"ImageObject\",\"@id\":\"https:\\\/\\\/www.eldigitaldeasturias.com\\\/noticias\\\/congreso-internacional-de-inteligencia-turistica-en-malaga\\\/#authorImage\",\"url\":\"https:\\\/\\\/www.eldigitaldeasturias.com\\\/noticias\\\/wp-content\\\/litespeed\\\/avatar\\\/18677e78aa0546b92d9dbf31ec7d7668.jpg?ver=1777290358\",\"width\":96,\"height\":96,\"caption\":\"El Digital de Asturias\"}},{\"@type\":\"WebPage\",\"@id\":\"https:\\\/\\\/www.eldigitaldeasturias.com\\\/noticias\\\/congreso-internacional-de-inteligencia-turistica-en-malaga\\\/#webpage\",\"url\":\"https:\\\/\\\/www.eldigitaldeasturias.com\\\/noticias\\\/congreso-internacional-de-inteligencia-turistica-en-malaga\\\/\",\"name\":\"Congreso Internacional de Inteligencia Tur\\u00edstica en M\\u00e1laga - El Digital de Asturias\",\"description\":\"El Instituto de Estudios Cajasol y Next International Business School organizan el I Congreso Internacional de Inteligencia Tur\\u00edstica, que se celebrar\\u00e1 los pr\\u00f3ximos 5 y 6 de mayo en M\\u00e1laga, en concreto en el hotel Barcel\\u00f3 de la estaci\\u00f3n Mar\\u00eda Zambrano. Seg\\u00fan indica el Instituto en una nota, el objetivo del congreso es \\\"promover la\",\"inLanguage\":\"es-ES\",\"isPartOf\":{\"@id\":\"https:\\\/\\\/www.eldigitaldeasturias.com\\\/noticias\\\/#website\"},\"breadcrumb\":{\"@id\":\"https:\\\/\\\/www.eldigitaldeasturias.com\\\/noticias\\\/congreso-internacional-de-inteligencia-turistica-en-malaga\\\/#breadcrumblist\"},\"author\":{\"@id\":\"https:\\\/\\\/www.eldigitaldeasturias.com\\\/noticias\\\/author\\\/admin\\\/#author\"},\"creator\":{\"@id\":\"https:\\\/\\\/www.eldigitaldeasturias.com\\\/noticias\\\/author\\\/admin\\\/#author\"},\"image\":{\"@type\":\"ImageObject\",\"url\":\"https:\\\/\\\/www.eldigitaldeasturias.com\\\/noticias\\\/wp-content\\\/uploads\\\/2016\\\/05\\\/fotonoticia_20160426163510_800.jpg\",\"@id\":\"https:\\\/\\\/www.eldigitaldeasturias.com\\\/noticias\\\/congreso-internacional-de-inteligencia-turistica-en-malaga\\\/#mainImage\",\"width\":800,\"height\":385},\"primaryImageOfPage\":{\"@id\":\"https:\\\/\\\/www.eldigitaldeasturias.com\\\/noticias\\\/congreso-internacional-de-inteligencia-turistica-en-malaga\\\/#mainImage\"},\"datePublished\":\"2016-05-01T12:13:09+02:00\",\"dateModified\":\"2016-05-01T12:13:09+02:00\"},{\"@type\":\"WebSite\",\"@id\":\"https:\\\/\\\/www.eldigitaldeasturias.com\\\/noticias\\\/#website\",\"url\":\"https:\\\/\\\/www.eldigitaldeasturias.com\\\/noticias\\\/\",\"name\":\"El Digital de Asturias - Diario de actualidad y noticias\",\"alternateName\":\"El Digital de Asturias - Diario de actualidad y noticias\",\"description\":\"Hemeroteca\",\"inLanguage\":\"es-ES\",\"publisher\":{\"@id\":\"https:\\\/\\\/www.eldigitaldeasturias.com\\\/noticias\\\/#organization\"}}]}\n\t\t<\/script>\n\t\t<!-- All in One SEO Pro -->\r\n\t\t<title>Congreso Internacional de Inteligencia Tur\u00edstica en M\u00e1laga - El Digital de Asturias<\/title>\n\n","aioseo_head_json":{"title":"Congreso Internacional de Inteligencia Tur\u00edstica en M\u00e1laga - El Digital de Asturias","description":"El Instituto de Estudios Cajasol y Next International Business School organizan el I Congreso Internacional de Inteligencia Tur\u00edstica, que se celebrar\u00e1 los pr\u00f3ximos 5 y 6 de mayo en M\u00e1laga, en concreto en el hotel Barcel\u00f3 de la estaci\u00f3n Mar\u00eda Zambrano. Seg\u00fan indica el Instituto en una nota, el objetivo del congreso es \"promover la","canonical_url":"https:\/\/www.eldigitaldeasturias.com\/noticias\/congreso-internacional-de-inteligencia-turistica-en-malaga\/","robots":"max-image-preview:large","keywords":"turismo","webmasterTools":{"google-site-verification":"UA-38556648-1","msvalidate.01":"7dfe9f3f1b24437ab69f4f2559babe99","miscellaneous":""},"schema":{"@context":"https:\/\/schema.org","@graph":[{"@type":"BlogPosting","@id":"https:\/\/www.eldigitaldeasturias.com\/noticias\/congreso-internacional-de-inteligencia-turistica-en-malaga\/#blogposting","name":"Congreso Internacional de Inteligencia Tur\u00edstica en M\u00e1laga - El Digital de Asturias","headline":"Congreso Internacional de Inteligencia Tur\u00edstica en M\u00e1laga","author":{"@id":"https:\/\/www.eldigitaldeasturias.com\/noticias\/author\/admin\/#author"},"publisher":{"@id":"https:\/\/www.eldigitaldeasturias.com\/noticias\/#organization"},"image":{"@type":"ImageObject","url":"https:\/\/www.eldigitaldeasturias.com\/noticias\/wp-content\/uploads\/2016\/05\/fotonoticia_20160426163510_800.jpg","width":800,"height":385},"datePublished":"2016-05-01T12:13:09+02:00","dateModified":"2016-05-01T12:13:09+02:00","inLanguage":"es-ES","mainEntityOfPage":{"@id":"https:\/\/www.eldigitaldeasturias.com\/noticias\/congreso-internacional-de-inteligencia-turistica-en-malaga\/#webpage"},"isPartOf":{"@id":"https:\/\/www.eldigitaldeasturias.com\/noticias\/congreso-internacional-de-inteligencia-turistica-en-malaga\/#webpage"},"articleSection":"Turismo"},{"@type":"BreadcrumbList","@id":"https:\/\/www.eldigitaldeasturias.com\/noticias\/congreso-internacional-de-inteligencia-turistica-en-malaga\/#breadcrumblist","itemListElement":[{"@type":"ListItem","@id":"https:\/\/www.eldigitaldeasturias.com\/noticias#listItem","position":1,"name":"Home","item":"https:\/\/www.eldigitaldeasturias.com\/noticias","nextItem":{"@type":"ListItem","@id":"https:\/\/www.eldigitaldeasturias.com\/noticias\/category\/turismo\/#listItem","name":"Turismo"}},{"@type":"ListItem","@id":"https:\/\/www.eldigitaldeasturias.com\/noticias\/category\/turismo\/#listItem","position":2,"name":"Turismo","item":"https:\/\/www.eldigitaldeasturias.com\/noticias\/category\/turismo\/","nextItem":{"@type":"ListItem","@id":"https:\/\/www.eldigitaldeasturias.com\/noticias\/congreso-internacional-de-inteligencia-turistica-en-malaga\/#listItem","name":"Congreso Internacional de Inteligencia Tur\u00edstica en M\u00e1laga"},"previousItem":{"@type":"ListItem","@id":"https:\/\/www.eldigitaldeasturias.com\/noticias#listItem","name":"Home"}},{"@type":"ListItem","@id":"https:\/\/www.eldigitaldeasturias.com\/noticias\/congreso-internacional-de-inteligencia-turistica-en-malaga\/#listItem","position":3,"name":"Congreso Internacional de Inteligencia Tur\u00edstica en M\u00e1laga","previousItem":{"@type":"ListItem","@id":"https:\/\/www.eldigitaldeasturias.com\/noticias\/category\/turismo\/#listItem","name":"Turismo"}}]},{"@type":"Organization","@id":"https:\/\/www.eldigitaldeasturias.com\/noticias\/#organization","name":"El Digital de Asturias","description":"Hemeroteca","url":"https:\/\/www.eldigitaldeasturias.com\/noticias\/","email":"info@eldigitaldeasturias.com","telephone":"+34652131393","logo":{"@type":"ImageObject","url":"https:\/\/www.eldigitaldeasturias.com\/noticias\/wp-content\/uploads\/2020\/12\/EDA.jpg","@id":"https:\/\/www.eldigitaldeasturias.com\/noticias\/congreso-internacional-de-inteligencia-turistica-en-malaga\/#organizationLogo","width":649,"height":297},"image":{"@id":"https:\/\/www.eldigitaldeasturias.com\/noticias\/congreso-internacional-de-inteligencia-turistica-en-malaga\/#organizationLogo"},"sameAs":["https:\/\/facebook.com\/eldigitaldeasturias","https:\/\/www.youtube.com\/channel\/UCZP-2wLEB9Rv6erhFmqVnvg"],"address":{"@id":"https:\/\/www.eldigitaldeasturias.com\/noticias\/#postaladdress","@type":"PostalAddress","streetAddress":"san antonio 4,","postalCode":"33430","addressLocality":"Cand\u00e1s","addressRegion":"Asturias","addressCountry":"ES"}},{"@type":"Person","@id":"https:\/\/www.eldigitaldeasturias.com\/noticias\/author\/admin\/#author","url":"https:\/\/www.eldigitaldeasturias.com\/noticias\/author\/admin\/","name":"El Digital de Asturias","image":{"@type":"ImageObject","@id":"https:\/\/www.eldigitaldeasturias.com\/noticias\/congreso-internacional-de-inteligencia-turistica-en-malaga\/#authorImage","url":"https:\/\/www.eldigitaldeasturias.com\/noticias\/wp-content\/litespeed\/avatar\/18677e78aa0546b92d9dbf31ec7d7668.jpg?ver=1777290358","width":96,"height":96,"caption":"El Digital de Asturias"}},{"@type":"WebPage","@id":"https:\/\/www.eldigitaldeasturias.com\/noticias\/congreso-internacional-de-inteligencia-turistica-en-malaga\/#webpage","url":"https:\/\/www.eldigitaldeasturias.com\/noticias\/congreso-internacional-de-inteligencia-turistica-en-malaga\/","name":"Congreso Internacional de Inteligencia Tur\u00edstica en M\u00e1laga - El Digital de Asturias","description":"El Instituto de Estudios Cajasol y Next International Business School organizan el I Congreso Internacional de Inteligencia Tur\u00edstica, que se celebrar\u00e1 los pr\u00f3ximos 5 y 6 de mayo en M\u00e1laga, en concreto en el hotel Barcel\u00f3 de la estaci\u00f3n Mar\u00eda Zambrano. Seg\u00fan indica el Instituto en una nota, el objetivo del congreso es \"promover la","inLanguage":"es-ES","isPartOf":{"@id":"https:\/\/www.eldigitaldeasturias.com\/noticias\/#website"},"breadcrumb":{"@id":"https:\/\/www.eldigitaldeasturias.com\/noticias\/congreso-internacional-de-inteligencia-turistica-en-malaga\/#breadcrumblist"},"author":{"@id":"https:\/\/www.eldigitaldeasturias.com\/noticias\/author\/admin\/#author"},"creator":{"@id":"https:\/\/www.eldigitaldeasturias.com\/noticias\/author\/admin\/#author"},"image":{"@type":"ImageObject","url":"https:\/\/www.eldigitaldeasturias.com\/noticias\/wp-content\/uploads\/2016\/05\/fotonoticia_20160426163510_800.jpg","@id":"https:\/\/www.eldigitaldeasturias.com\/noticias\/congreso-internacional-de-inteligencia-turistica-en-malaga\/#mainImage","width":800,"height":385},"primaryImageOfPage":{"@id":"https:\/\/www.eldigitaldeasturias.com\/noticias\/congreso-internacional-de-inteligencia-turistica-en-malaga\/#mainImage"},"datePublished":"2016-05-01T12:13:09+02:00","dateModified":"2016-05-01T12:13:09+02:00"},{"@type":"WebSite","@id":"https:\/\/www.eldigitaldeasturias.com\/noticias\/#website","url":"https:\/\/www.eldigitaldeasturias.com\/noticias\/","name":"El Digital de Asturias - Diario de actualidad y noticias","alternateName":"El Digital de Asturias - Diario de actualidad y noticias","description":"Hemeroteca","inLanguage":"es-ES","publisher":{"@id":"https:\/\/www.eldigitaldeasturias.com\/noticias\/#organization"}}]},"og:locale":"es_ES","og:site_name":"El Digital de Asturias","og:type":"article","og:title":"Congreso Internacional de Inteligencia Tur\u00edstica en M\u00e1laga - El Digital de Asturias","og:description":"El Instituto de Estudios Cajasol y Next International Business School organizan el I Congreso Internacional de Inteligencia Tur\u00edstica, que se celebrar\u00e1 los pr\u00f3ximos 5 y 6 de mayo en M\u00e1laga, en concreto en el hotel Barcel\u00f3 de la estaci\u00f3n Mar\u00eda Zambrano. Seg\u00fan indica el Instituto en una nota, el objetivo del congreso es &quot;promover la","og:url":"https:\/\/www.eldigitaldeasturias.com\/noticias\/congreso-internacional-de-inteligencia-turistica-en-malaga\/","og:image":"https:\/\/www.eldigitaldeasturias.com\/noticias\/wp-content\/uploads\/2016\/05\/fotonoticia_20160426163510_800.jpg","og:image:secure_url":"https:\/\/www.eldigitaldeasturias.com\/noticias\/wp-content\/uploads\/2016\/05\/fotonoticia_20160426163510_800.jpg","og:image:width":800,"og:image:height":385,"article:tag":["turismo"],"article:published_time":"2016-05-01T12:13:09+00:00","article:modified_time":"2016-05-01T12:13:09+00:00","article:publisher":"https:\/\/facebook.com\/eldigitaldeasturias","twitter:card":"summary_large_image","twitter:title":"Congreso Internacional de Inteligencia Tur\u00edstica en M\u00e1laga - El Digital de Asturias","twitter:description":"El Instituto de Estudios Cajasol y Next International Business School organizan el I Congreso Internacional de Inteligencia Tur\u00edstica, que se celebrar\u00e1 los pr\u00f3ximos 5 y 6 de mayo en M\u00e1laga, en concreto en el hotel Barcel\u00f3 de la estaci\u00f3n Mar\u00eda Zambrano. Seg\u00fan indica el Instituto en una nota, el objetivo del congreso es &quot;promover la","twitter:image":"https:\/\/www.eldigitaldeasturias.com\/noticias\/wp-content\/uploads\/2016\/05\/fotonoticia_20160426163510_800.jpg","twitter:label1":"Escrito por","twitter:data1":"El Digital de Asturias","twitter:label2":"Tiempo de lectura estimado","twitter:data2":"2 minutos"},"aioseo_meta_data":{"post_id":"879294","title":null,"description":null,"keywords":null,"keyphrases":null,"primary_term":null,"canonical_url":null,"og_title":null,"og_description":null,"og_object_type":"default","og_image_type":"default","og_image_url":null,"og_image_width":null,"og_image_height":null,"og_image_custom_url":null,"og_image_custom_fields":null,"og_video":null,"og_custom_url":null,"og_article_section":null,"og_article_tags":null,"twitter_use_og":false,"twitter_card":"default","twitter_image_type":"default","twitter_image_url":null,"twitter_image_custom_url":null,"twitter_image_custom_fields":null,"twitter_title":null,"twitter_description":null,"schema":{"blockGraphs":[],"customGraphs":[],"default":{"data":{"Article":[],"Course":[],"Dataset":[],"FAQPage":[],"Movie":[],"Person":[],"Product":[],"ProductReview":[],"Car":[],"Recipe":[],"Service":[],"SoftwareApplication":[],"WebPage":[]},"graphName":"","isEnabled":true},"graphs":[],"defaultGraph":"","defaultPostTypeGraph":""},"schema_type":null,"schema_type_options":null,"pillar_content":false,"robots_default":true,"robots_noindex":false,"robots_noarchive":false,"robots_nosnippet":false,"robots_nofollow":false,"robots_noimageindex":false,"robots_noodp":false,"robots_notranslate":false,"robots_max_snippet":null,"robots_max_videopreview":null,"robots_max_imagepreview":"large","priority":null,"frequency":null,"local_seo":null,"seo_analyzer_scan_date":"2025-11-09 17:41:18","breadcrumb_settings":null,"limit_modified_date":false,"open_ai":null,"ai":null,"created":"2021-01-22 00:34:21","updated":"2025-11-09 17:41:18"},"aioseo_breadcrumb":"<div class=\"aioseo-breadcrumbs\"><span class=\"aioseo-breadcrumb\">\n\t<a href=\"https:\/\/www.eldigitaldeasturias.com\/noticias\" title=\"Home\">Home<\/a>\n<\/span><span class=\"aioseo-breadcrumb-separator\">\u2013<\/span><span class=\"aioseo-breadcrumb\">\n\t<a href=\"https:\/\/www.eldigitaldeasturias.com\/noticias\/category\/turismo\/\" title=\"Turismo\">Turismo<\/a>\n<\/span><span class=\"aioseo-breadcrumb-separator\">\u2013<\/span><span class=\"aioseo-breadcrumb\">\n\t<a href=\"https:\/\/www.eldigitaldeasturias.com\/noticias\/congreso-internacional-de-inteligencia-turistica-en-malaga\/\" title=\"Congreso Internacional de Inteligencia Tur\u00edstica en M\u00e1laga\">Congreso Internacional de Inteligencia Tur\u00edstica en M\u00e1laga<\/a>\n<\/span><\/div>","aioseo_breadcrumb_json":[{"label":"Home","link":"https:\/\/www.eldigitaldeasturias.com\/noticias"},{"label":"Turismo","link":"https:\/\/www.eldigitaldeasturias.com\/noticias\/category\/turismo\/"},{"label":"Congreso Internacional de Inteligencia Tur\u00edstica en M\u00e1laga","link":"https:\/\/www.eldigitaldeasturias.com\/noticias\/congreso-internacional-de-inteligencia-turistica-en-malaga\/"}],"_links":{"self":[{"href":"https:\/\/www.eldigitaldeasturias.com\/noticias\/wp-json\/wp\/v2\/posts\/879294","targetHints":{"allow":["GET"]}}],"collection":[{"href":"https:\/\/www.eldigitaldeasturias.com\/noticias\/wp-json\/wp\/v2\/posts"}],"about":[{"href":"https:\/\/www.eldigitaldeasturias.com\/noticias\/wp-json\/wp\/v2\/types\/post"}],"author":[{"embeddable":true,"href":"https:\/\/www.eldigitaldeasturias.com\/noticias\/wp-json\/wp\/v2\/users\/1"}],"replies":[{"embeddable":true,"href":"https:\/\/www.eldigitaldeasturias.com\/noticias\/wp-json\/wp\/v2\/comments?post=879294"}],"version-history":[{"count":0,"href":"https:\/\/www.eldigitaldeasturias.com\/noticias\/wp-json\/wp\/v2\/posts\/879294\/revisions"}],"wp:featuredmedia":[{"embeddable":true,"href":"https:\/\/www.eldigitaldeasturias.com\/noticias\/wp-json\/wp\/v2\/media\/879295"}],"wp:attachment":[{"href":"https:\/\/www.eldigitaldeasturias.com\/noticias\/wp-json\/wp\/v2\/media?parent=879294"}],"wp:term":[{"taxonomy":"category","embeddable":true,"href":"https:\/\/www.eldigitaldeasturias.com\/noticias\/wp-json\/wp\/v2\/categories?post=879294"},{"taxonomy":"post_tag","embeddable":true,"href":"https:\/\/www.eldigitaldeasturias.com\/noticias\/wp-json\/wp\/v2\/tags?post=879294"}],"curies":[{"name":"wp","href":"https:\/\/api.w.org\/{rel}","templated":true}]}}