{"id":875364,"date":"2016-04-19T01:52:21","date_gmt":"2016-04-19T01:52:21","guid":{"rendered":"http:\/\/www.eldigitaldeasturias.com\/noticias\/?p=875364"},"modified":"2016-04-19T01:52:21","modified_gmt":"2016-04-19T01:52:21","slug":"la-fiesta-de-los-amantes-de-teruel-declarada-de-interes-turistico-nacional","status":"publish","type":"post","link":"https:\/\/www.eldigitaldeasturias.com\/noticias\/la-fiesta-de-los-amantes-de-teruel-declarada-de-interes-turistico-nacional\/","title":{"rendered":"La Fiesta de los Amantes de Teruel declarada de Inter\u00e9s Tur\u00edstico Nacional"},"content":{"rendered":"<p><img loading=\"lazy\" decoding=\"async\" class=\"alignleft size-medium wp-image-875365\" src=\"https:\/\/www.eldigitaldeasturias.com\/noticias\/wp-content\/uploads\/2016\/04\/fotonoticia_20160418165644_800-360x218.jpg\" alt=\"fotonoticia_20160418165644_800\" width=\"360\" height=\"218\" srcset=\"https:\/\/www.eldigitaldeasturias.com\/noticias\/wp-content\/uploads\/2016\/04\/fotonoticia_20160418165644_800-360x218.jpg 360w, https:\/\/www.eldigitaldeasturias.com\/noticias\/wp-content\/uploads\/2016\/04\/fotonoticia_20160418165644_800-768x465.jpg 768w, https:\/\/www.eldigitaldeasturias.com\/noticias\/wp-content\/uploads\/2016\/04\/fotonoticia_20160418165644_800-650x393.jpg 650w, https:\/\/www.eldigitaldeasturias.com\/noticias\/wp-content\/uploads\/2016\/04\/fotonoticia_20160418165644_800.jpg 800w\" sizes=\"auto, (max-width: 360px) 100vw, 360px\" \/>La Fiesta medieval de los Amantes de Teruel ha sido declarada de Inter\u00e9s Tur\u00edstico Nacional. La alcaldesa de la capital turolense, Emma Buj, ha incidido en que esta distinci\u00f3n es \u00abun reconocimiento\u00bb al trabajo realizado en los \u00faltimos a\u00f1os.<\/p>\n<p>Buj ha realizado estas declaraciones despu\u00e9s de que este lunes, d\u00eda 18, el Ayuntamiento haya recibido una comunicaci\u00f3n por parte de la Secretar\u00eda de Estado de Turismo anunciado la Declaraci\u00f3n de Inter\u00e9s Tur\u00edstico Nacional de la citada festividad, que tiene ya una trayectoria de 20 a\u00f1os.<\/p>\n<p>Para la alcaldesa de Teruel, esta distinci\u00f3n es \u00abun aliciente\u00bb para seguir trabajando \u00abd\u00eda a d\u00eda\u00bb. La fiesta es gestionada por la Fundaci\u00f3n Bodas de Isabel, en la que colaboran Caja Rural y CEOE y financiada con fondos p\u00fablicos tanto del Ayuntamiento como del Gobierno de Arag\u00f3n.<\/p>\n<p>&nbsp;<\/p>\n","protected":false},"excerpt":{"rendered":"<p>La Fiesta medieval de los Amantes de Teruel ha sido declarada de Inter\u00e9s Tur\u00edstico Nacional. La alcaldesa de la capital turolense, Emma Buj, ha incidido en que esta distinci\u00f3n es \u00abun reconocimiento\u00bb al trabajo realizado en los \u00faltimos a\u00f1os. Buj ha realizado estas declaraciones despu\u00e9s de que este lunes, d\u00eda 18, el Ayuntamiento haya recibido [&hellip;]<\/p>\n","protected":false},"author":1,"featured_media":875365,"comment_status":"closed","ping_status":"closed","sticky":false,"template":"","format":"standard","meta":{"footnotes":""},"categories":[148],"tags":[],"class_list":["post-875364","post","type-post","status-publish","format-standard","has-post-thumbnail","hentry","category-turismo"],"aioseo_notices":[],"aioseo_head":"\n\t\t<!-- All in One SEO Pro 4.9.6.2 - aioseo.com -->\n\t<meta name=\"description\" content=\"La Fiesta medieval de los Amantes de Teruel ha sido declarada de Inter\u00e9s Tur\u00edstico Nacional. La alcaldesa de la capital turolense, Emma Buj, ha incidido en que esta distinci\u00f3n es &quot;un reconocimiento&quot; al trabajo realizado en los \u00faltimos a\u00f1os. Buj ha realizado estas declaraciones despu\u00e9s de que este lunes, d\u00eda 18, el Ayuntamiento haya recibido\" \/>\n\t<meta name=\"robots\" content=\"max-image-preview:large\" \/>\n\t<meta name=\"author\" content=\"El Digital de Asturias\"\/>\n\t<meta name=\"google-site-verification\" content=\"UA-38556648-1\" \/>\n\t<meta name=\"msvalidate.01\" content=\"7dfe9f3f1b24437ab69f4f2559babe99\" \/>\n\t<meta name=\"keywords\" content=\"turismo\" \/>\n\t<link rel=\"canonical\" href=\"https:\/\/www.eldigitaldeasturias.com\/noticias\/la-fiesta-de-los-amantes-de-teruel-declarada-de-interes-turistico-nacional\/\" \/>\n\t<meta name=\"generator\" content=\"All in One SEO Pro (AIOSEO) 4.9.6.2\" \/>\n\t\t<meta property=\"og:locale\" content=\"es_ES\" \/>\n\t\t<meta property=\"og:site_name\" content=\"El Digital de Asturias\" \/>\n\t\t<meta property=\"og:type\" content=\"article\" \/>\n\t\t<meta property=\"og:title\" content=\"La Fiesta de los Amantes de Teruel declarada de Inter\u00e9s Tur\u00edstico Nacional - El Digital de Asturias\" \/>\n\t\t<meta property=\"og:description\" content=\"La Fiesta medieval de los Amantes de Teruel ha sido declarada de Inter\u00e9s Tur\u00edstico Nacional. La alcaldesa de la capital turolense, Emma Buj, ha incidido en que esta distinci\u00f3n es &quot;un reconocimiento&quot; al trabajo realizado en los \u00faltimos a\u00f1os. Buj ha realizado estas declaraciones despu\u00e9s de que este lunes, d\u00eda 18, el Ayuntamiento haya recibido\" \/>\n\t\t<meta property=\"og:url\" content=\"https:\/\/www.eldigitaldeasturias.com\/noticias\/la-fiesta-de-los-amantes-de-teruel-declarada-de-interes-turistico-nacional\/\" \/>\n\t\t<meta property=\"og:image\" content=\"https:\/\/www.eldigitaldeasturias.com\/noticias\/wp-content\/uploads\/2016\/04\/fotonoticia_20160418165644_800.jpg\" \/>\n\t\t<meta property=\"og:image:secure_url\" content=\"https:\/\/www.eldigitaldeasturias.com\/noticias\/wp-content\/uploads\/2016\/04\/fotonoticia_20160418165644_800.jpg\" \/>\n\t\t<meta property=\"og:image:width\" content=\"800\" \/>\n\t\t<meta property=\"og:image:height\" content=\"484\" \/>\n\t\t<meta property=\"article:tag\" content=\"turismo\" \/>\n\t\t<meta property=\"article:published_time\" content=\"2016-04-19T01:52:21+00:00\" \/>\n\t\t<meta property=\"article:modified_time\" content=\"2016-04-19T01:52:21+00:00\" \/>\n\t\t<meta property=\"article:publisher\" content=\"https:\/\/facebook.com\/eldigitaldeasturias\" \/>\n\t\t<meta name=\"twitter:card\" content=\"summary_large_image\" \/>\n\t\t<meta name=\"twitter:title\" content=\"La Fiesta de los Amantes de Teruel declarada de Inter\u00e9s Tur\u00edstico Nacional - El Digital de Asturias\" \/>\n\t\t<meta name=\"twitter:description\" content=\"La Fiesta medieval de los Amantes de Teruel ha sido declarada de Inter\u00e9s Tur\u00edstico Nacional. La alcaldesa de la capital turolense, Emma Buj, ha incidido en que esta distinci\u00f3n es &quot;un reconocimiento&quot; al trabajo realizado en los \u00faltimos a\u00f1os. Buj ha realizado estas declaraciones despu\u00e9s de que este lunes, d\u00eda 18, el Ayuntamiento haya recibido\" \/>\n\t\t<meta name=\"twitter:image\" content=\"https:\/\/www.eldigitaldeasturias.com\/noticias\/wp-content\/uploads\/2016\/04\/fotonoticia_20160418165644_800.jpg\" \/>\n\t\t<meta name=\"twitter:label1\" content=\"Escrito por\" \/>\n\t\t<meta name=\"twitter:data1\" content=\"El Digital de Asturias\" \/>\n\t\t<meta name=\"twitter:label2\" content=\"Tiempo de lectura estimado\" \/>\n\t\t<meta name=\"twitter:data2\" content=\"1 minuto\" \/>\n\t\t<script type=\"application\/ld+json\" class=\"aioseo-schema\">\n\t\t\t{\"@context\":\"https:\\\/\\\/schema.org\",\"@graph\":[{\"@type\":\"BlogPosting\",\"@id\":\"https:\\\/\\\/www.eldigitaldeasturias.com\\\/noticias\\\/la-fiesta-de-los-amantes-de-teruel-declarada-de-interes-turistico-nacional\\\/#blogposting\",\"name\":\"La Fiesta de los Amantes de Teruel declarada de Inter\\u00e9s Tur\\u00edstico Nacional - El Digital de Asturias\",\"headline\":\"La Fiesta de los Amantes de Teruel declarada de Inter\\u00e9s Tur\\u00edstico Nacional\",\"author\":{\"@id\":\"https:\\\/\\\/www.eldigitaldeasturias.com\\\/noticias\\\/author\\\/admin\\\/#author\"},\"publisher\":{\"@id\":\"https:\\\/\\\/www.eldigitaldeasturias.com\\\/noticias\\\/#organization\"},\"image\":{\"@type\":\"ImageObject\",\"url\":\"https:\\\/\\\/www.eldigitaldeasturias.com\\\/noticias\\\/wp-content\\\/uploads\\\/2016\\\/04\\\/fotonoticia_20160418165644_800.jpg\",\"width\":800,\"height\":484},\"datePublished\":\"2016-04-19T01:52:21+02:00\",\"dateModified\":\"2016-04-19T01:52:21+02:00\",\"inLanguage\":\"es-ES\",\"mainEntityOfPage\":{\"@id\":\"https:\\\/\\\/www.eldigitaldeasturias.com\\\/noticias\\\/la-fiesta-de-los-amantes-de-teruel-declarada-de-interes-turistico-nacional\\\/#webpage\"},\"isPartOf\":{\"@id\":\"https:\\\/\\\/www.eldigitaldeasturias.com\\\/noticias\\\/la-fiesta-de-los-amantes-de-teruel-declarada-de-interes-turistico-nacional\\\/#webpage\"},\"articleSection\":\"Turismo\"},{\"@type\":\"BreadcrumbList\",\"@id\":\"https:\\\/\\\/www.eldigitaldeasturias.com\\\/noticias\\\/la-fiesta-de-los-amantes-de-teruel-declarada-de-interes-turistico-nacional\\\/#breadcrumblist\",\"itemListElement\":[{\"@type\":\"ListItem\",\"@id\":\"https:\\\/\\\/www.eldigitaldeasturias.com\\\/noticias#listItem\",\"position\":1,\"name\":\"Home\",\"item\":\"https:\\\/\\\/www.eldigitaldeasturias.com\\\/noticias\",\"nextItem\":{\"@type\":\"ListItem\",\"@id\":\"https:\\\/\\\/www.eldigitaldeasturias.com\\\/noticias\\\/category\\\/turismo\\\/#listItem\",\"name\":\"Turismo\"}},{\"@type\":\"ListItem\",\"@id\":\"https:\\\/\\\/www.eldigitaldeasturias.com\\\/noticias\\\/category\\\/turismo\\\/#listItem\",\"position\":2,\"name\":\"Turismo\",\"item\":\"https:\\\/\\\/www.eldigitaldeasturias.com\\\/noticias\\\/category\\\/turismo\\\/\",\"nextItem\":{\"@type\":\"ListItem\",\"@id\":\"https:\\\/\\\/www.eldigitaldeasturias.com\\\/noticias\\\/la-fiesta-de-los-amantes-de-teruel-declarada-de-interes-turistico-nacional\\\/#listItem\",\"name\":\"La Fiesta de los Amantes de Teruel declarada de Inter\\u00e9s Tur\\u00edstico Nacional\"},\"previousItem\":{\"@type\":\"ListItem\",\"@id\":\"https:\\\/\\\/www.eldigitaldeasturias.com\\\/noticias#listItem\",\"name\":\"Home\"}},{\"@type\":\"ListItem\",\"@id\":\"https:\\\/\\\/www.eldigitaldeasturias.com\\\/noticias\\\/la-fiesta-de-los-amantes-de-teruel-declarada-de-interes-turistico-nacional\\\/#listItem\",\"position\":3,\"name\":\"La Fiesta de los Amantes de Teruel declarada de Inter\\u00e9s Tur\\u00edstico Nacional\",\"previousItem\":{\"@type\":\"ListItem\",\"@id\":\"https:\\\/\\\/www.eldigitaldeasturias.com\\\/noticias\\\/category\\\/turismo\\\/#listItem\",\"name\":\"Turismo\"}}]},{\"@type\":\"Organization\",\"@id\":\"https:\\\/\\\/www.eldigitaldeasturias.com\\\/noticias\\\/#organization\",\"name\":\"El Digital de Asturias\",\"description\":\"Hemeroteca\",\"url\":\"https:\\\/\\\/www.eldigitaldeasturias.com\\\/noticias\\\/\",\"email\":\"info@eldigitaldeasturias.com\",\"telephone\":\"+34652131393\",\"logo\":{\"@type\":\"ImageObject\",\"url\":\"https:\\\/\\\/www.eldigitaldeasturias.com\\\/noticias\\\/wp-content\\\/uploads\\\/2020\\\/12\\\/EDA.jpg\",\"@id\":\"https:\\\/\\\/www.eldigitaldeasturias.com\\\/noticias\\\/la-fiesta-de-los-amantes-de-teruel-declarada-de-interes-turistico-nacional\\\/#organizationLogo\",\"width\":649,\"height\":297},\"image\":{\"@id\":\"https:\\\/\\\/www.eldigitaldeasturias.com\\\/noticias\\\/la-fiesta-de-los-amantes-de-teruel-declarada-de-interes-turistico-nacional\\\/#organizationLogo\"},\"sameAs\":[\"https:\\\/\\\/facebook.com\\\/eldigitaldeasturias\",\"https:\\\/\\\/www.youtube.com\\\/channel\\\/UCZP-2wLEB9Rv6erhFmqVnvg\"],\"address\":{\"@id\":\"https:\\\/\\\/www.eldigitaldeasturias.com\\\/noticias\\\/#postaladdress\",\"@type\":\"PostalAddress\",\"streetAddress\":\"san antonio 4,\",\"postalCode\":\"33430\",\"addressLocality\":\"Cand\\u00e1s\",\"addressRegion\":\"Asturias\",\"addressCountry\":\"ES\"}},{\"@type\":\"Person\",\"@id\":\"https:\\\/\\\/www.eldigitaldeasturias.com\\\/noticias\\\/author\\\/admin\\\/#author\",\"url\":\"https:\\\/\\\/www.eldigitaldeasturias.com\\\/noticias\\\/author\\\/admin\\\/\",\"name\":\"El Digital de Asturias\",\"image\":{\"@type\":\"ImageObject\",\"@id\":\"https:\\\/\\\/www.eldigitaldeasturias.com\\\/noticias\\\/la-fiesta-de-los-amantes-de-teruel-declarada-de-interes-turistico-nacional\\\/#authorImage\",\"url\":\"https:\\\/\\\/www.eldigitaldeasturias.com\\\/noticias\\\/wp-content\\\/litespeed\\\/avatar\\\/18677e78aa0546b92d9dbf31ec7d7668.jpg?ver=1777290358\",\"width\":96,\"height\":96,\"caption\":\"El Digital de Asturias\"}},{\"@type\":\"WebPage\",\"@id\":\"https:\\\/\\\/www.eldigitaldeasturias.com\\\/noticias\\\/la-fiesta-de-los-amantes-de-teruel-declarada-de-interes-turistico-nacional\\\/#webpage\",\"url\":\"https:\\\/\\\/www.eldigitaldeasturias.com\\\/noticias\\\/la-fiesta-de-los-amantes-de-teruel-declarada-de-interes-turistico-nacional\\\/\",\"name\":\"La Fiesta de los Amantes de Teruel declarada de Inter\\u00e9s Tur\\u00edstico Nacional - El Digital de Asturias\",\"description\":\"La Fiesta medieval de los Amantes de Teruel ha sido declarada de Inter\\u00e9s Tur\\u00edstico Nacional. La alcaldesa de la capital turolense, Emma Buj, ha incidido en que esta distinci\\u00f3n es \\\"un reconocimiento\\\" al trabajo realizado en los \\u00faltimos a\\u00f1os. Buj ha realizado estas declaraciones despu\\u00e9s de que este lunes, d\\u00eda 18, el Ayuntamiento haya recibido\",\"inLanguage\":\"es-ES\",\"isPartOf\":{\"@id\":\"https:\\\/\\\/www.eldigitaldeasturias.com\\\/noticias\\\/#website\"},\"breadcrumb\":{\"@id\":\"https:\\\/\\\/www.eldigitaldeasturias.com\\\/noticias\\\/la-fiesta-de-los-amantes-de-teruel-declarada-de-interes-turistico-nacional\\\/#breadcrumblist\"},\"author\":{\"@id\":\"https:\\\/\\\/www.eldigitaldeasturias.com\\\/noticias\\\/author\\\/admin\\\/#author\"},\"creator\":{\"@id\":\"https:\\\/\\\/www.eldigitaldeasturias.com\\\/noticias\\\/author\\\/admin\\\/#author\"},\"image\":{\"@type\":\"ImageObject\",\"url\":\"https:\\\/\\\/www.eldigitaldeasturias.com\\\/noticias\\\/wp-content\\\/uploads\\\/2016\\\/04\\\/fotonoticia_20160418165644_800.jpg\",\"@id\":\"https:\\\/\\\/www.eldigitaldeasturias.com\\\/noticias\\\/la-fiesta-de-los-amantes-de-teruel-declarada-de-interes-turistico-nacional\\\/#mainImage\",\"width\":800,\"height\":484},\"primaryImageOfPage\":{\"@id\":\"https:\\\/\\\/www.eldigitaldeasturias.com\\\/noticias\\\/la-fiesta-de-los-amantes-de-teruel-declarada-de-interes-turistico-nacional\\\/#mainImage\"},\"datePublished\":\"2016-04-19T01:52:21+02:00\",\"dateModified\":\"2016-04-19T01:52:21+02:00\"},{\"@type\":\"WebSite\",\"@id\":\"https:\\\/\\\/www.eldigitaldeasturias.com\\\/noticias\\\/#website\",\"url\":\"https:\\\/\\\/www.eldigitaldeasturias.com\\\/noticias\\\/\",\"name\":\"El Digital de Asturias - Diario de actualidad y noticias\",\"alternateName\":\"El Digital de Asturias - Diario de actualidad y noticias\",\"description\":\"Hemeroteca\",\"inLanguage\":\"es-ES\",\"publisher\":{\"@id\":\"https:\\\/\\\/www.eldigitaldeasturias.com\\\/noticias\\\/#organization\"}}]}\n\t\t<\/script>\n\t\t<!-- All in One SEO Pro -->\r\n\t\t<title>La Fiesta de los Amantes de Teruel declarada de Inter\u00e9s Tur\u00edstico Nacional - El Digital de Asturias<\/title>\n\n","aioseo_head_json":{"title":"La Fiesta de los Amantes de Teruel declarada de Inter\u00e9s Tur\u00edstico Nacional - El Digital de Asturias","description":"La Fiesta medieval de los Amantes de Teruel ha sido declarada de Inter\u00e9s Tur\u00edstico Nacional. La alcaldesa de la capital turolense, Emma Buj, ha incidido en que esta distinci\u00f3n es \"un reconocimiento\" al trabajo realizado en los \u00faltimos a\u00f1os. Buj ha realizado estas declaraciones despu\u00e9s de que este lunes, d\u00eda 18, el Ayuntamiento haya recibido","canonical_url":"https:\/\/www.eldigitaldeasturias.com\/noticias\/la-fiesta-de-los-amantes-de-teruel-declarada-de-interes-turistico-nacional\/","robots":"max-image-preview:large","keywords":"turismo","webmasterTools":{"google-site-verification":"UA-38556648-1","msvalidate.01":"7dfe9f3f1b24437ab69f4f2559babe99","miscellaneous":""},"schema":{"@context":"https:\/\/schema.org","@graph":[{"@type":"BlogPosting","@id":"https:\/\/www.eldigitaldeasturias.com\/noticias\/la-fiesta-de-los-amantes-de-teruel-declarada-de-interes-turistico-nacional\/#blogposting","name":"La Fiesta de los Amantes de Teruel declarada de Inter\u00e9s Tur\u00edstico Nacional - El Digital de Asturias","headline":"La Fiesta de los Amantes de Teruel declarada de Inter\u00e9s Tur\u00edstico Nacional","author":{"@id":"https:\/\/www.eldigitaldeasturias.com\/noticias\/author\/admin\/#author"},"publisher":{"@id":"https:\/\/www.eldigitaldeasturias.com\/noticias\/#organization"},"image":{"@type":"ImageObject","url":"https:\/\/www.eldigitaldeasturias.com\/noticias\/wp-content\/uploads\/2016\/04\/fotonoticia_20160418165644_800.jpg","width":800,"height":484},"datePublished":"2016-04-19T01:52:21+02:00","dateModified":"2016-04-19T01:52:21+02:00","inLanguage":"es-ES","mainEntityOfPage":{"@id":"https:\/\/www.eldigitaldeasturias.com\/noticias\/la-fiesta-de-los-amantes-de-teruel-declarada-de-interes-turistico-nacional\/#webpage"},"isPartOf":{"@id":"https:\/\/www.eldigitaldeasturias.com\/noticias\/la-fiesta-de-los-amantes-de-teruel-declarada-de-interes-turistico-nacional\/#webpage"},"articleSection":"Turismo"},{"@type":"BreadcrumbList","@id":"https:\/\/www.eldigitaldeasturias.com\/noticias\/la-fiesta-de-los-amantes-de-teruel-declarada-de-interes-turistico-nacional\/#breadcrumblist","itemListElement":[{"@type":"ListItem","@id":"https:\/\/www.eldigitaldeasturias.com\/noticias#listItem","position":1,"name":"Home","item":"https:\/\/www.eldigitaldeasturias.com\/noticias","nextItem":{"@type":"ListItem","@id":"https:\/\/www.eldigitaldeasturias.com\/noticias\/category\/turismo\/#listItem","name":"Turismo"}},{"@type":"ListItem","@id":"https:\/\/www.eldigitaldeasturias.com\/noticias\/category\/turismo\/#listItem","position":2,"name":"Turismo","item":"https:\/\/www.eldigitaldeasturias.com\/noticias\/category\/turismo\/","nextItem":{"@type":"ListItem","@id":"https:\/\/www.eldigitaldeasturias.com\/noticias\/la-fiesta-de-los-amantes-de-teruel-declarada-de-interes-turistico-nacional\/#listItem","name":"La Fiesta de los Amantes de Teruel declarada de Inter\u00e9s Tur\u00edstico Nacional"},"previousItem":{"@type":"ListItem","@id":"https:\/\/www.eldigitaldeasturias.com\/noticias#listItem","name":"Home"}},{"@type":"ListItem","@id":"https:\/\/www.eldigitaldeasturias.com\/noticias\/la-fiesta-de-los-amantes-de-teruel-declarada-de-interes-turistico-nacional\/#listItem","position":3,"name":"La Fiesta de los Amantes de Teruel declarada de Inter\u00e9s Tur\u00edstico Nacional","previousItem":{"@type":"ListItem","@id":"https:\/\/www.eldigitaldeasturias.com\/noticias\/category\/turismo\/#listItem","name":"Turismo"}}]},{"@type":"Organization","@id":"https:\/\/www.eldigitaldeasturias.com\/noticias\/#organization","name":"El Digital de Asturias","description":"Hemeroteca","url":"https:\/\/www.eldigitaldeasturias.com\/noticias\/","email":"info@eldigitaldeasturias.com","telephone":"+34652131393","logo":{"@type":"ImageObject","url":"https:\/\/www.eldigitaldeasturias.com\/noticias\/wp-content\/uploads\/2020\/12\/EDA.jpg","@id":"https:\/\/www.eldigitaldeasturias.com\/noticias\/la-fiesta-de-los-amantes-de-teruel-declarada-de-interes-turistico-nacional\/#organizationLogo","width":649,"height":297},"image":{"@id":"https:\/\/www.eldigitaldeasturias.com\/noticias\/la-fiesta-de-los-amantes-de-teruel-declarada-de-interes-turistico-nacional\/#organizationLogo"},"sameAs":["https:\/\/facebook.com\/eldigitaldeasturias","https:\/\/www.youtube.com\/channel\/UCZP-2wLEB9Rv6erhFmqVnvg"],"address":{"@id":"https:\/\/www.eldigitaldeasturias.com\/noticias\/#postaladdress","@type":"PostalAddress","streetAddress":"san antonio 4,","postalCode":"33430","addressLocality":"Cand\u00e1s","addressRegion":"Asturias","addressCountry":"ES"}},{"@type":"Person","@id":"https:\/\/www.eldigitaldeasturias.com\/noticias\/author\/admin\/#author","url":"https:\/\/www.eldigitaldeasturias.com\/noticias\/author\/admin\/","name":"El Digital de Asturias","image":{"@type":"ImageObject","@id":"https:\/\/www.eldigitaldeasturias.com\/noticias\/la-fiesta-de-los-amantes-de-teruel-declarada-de-interes-turistico-nacional\/#authorImage","url":"https:\/\/www.eldigitaldeasturias.com\/noticias\/wp-content\/litespeed\/avatar\/18677e78aa0546b92d9dbf31ec7d7668.jpg?ver=1777290358","width":96,"height":96,"caption":"El Digital de Asturias"}},{"@type":"WebPage","@id":"https:\/\/www.eldigitaldeasturias.com\/noticias\/la-fiesta-de-los-amantes-de-teruel-declarada-de-interes-turistico-nacional\/#webpage","url":"https:\/\/www.eldigitaldeasturias.com\/noticias\/la-fiesta-de-los-amantes-de-teruel-declarada-de-interes-turistico-nacional\/","name":"La Fiesta de los Amantes de Teruel declarada de Inter\u00e9s Tur\u00edstico Nacional - El Digital de Asturias","description":"La Fiesta medieval de los Amantes de Teruel ha sido declarada de Inter\u00e9s Tur\u00edstico Nacional. La alcaldesa de la capital turolense, Emma Buj, ha incidido en que esta distinci\u00f3n es \"un reconocimiento\" al trabajo realizado en los \u00faltimos a\u00f1os. Buj ha realizado estas declaraciones despu\u00e9s de que este lunes, d\u00eda 18, el Ayuntamiento haya recibido","inLanguage":"es-ES","isPartOf":{"@id":"https:\/\/www.eldigitaldeasturias.com\/noticias\/#website"},"breadcrumb":{"@id":"https:\/\/www.eldigitaldeasturias.com\/noticias\/la-fiesta-de-los-amantes-de-teruel-declarada-de-interes-turistico-nacional\/#breadcrumblist"},"author":{"@id":"https:\/\/www.eldigitaldeasturias.com\/noticias\/author\/admin\/#author"},"creator":{"@id":"https:\/\/www.eldigitaldeasturias.com\/noticias\/author\/admin\/#author"},"image":{"@type":"ImageObject","url":"https:\/\/www.eldigitaldeasturias.com\/noticias\/wp-content\/uploads\/2016\/04\/fotonoticia_20160418165644_800.jpg","@id":"https:\/\/www.eldigitaldeasturias.com\/noticias\/la-fiesta-de-los-amantes-de-teruel-declarada-de-interes-turistico-nacional\/#mainImage","width":800,"height":484},"primaryImageOfPage":{"@id":"https:\/\/www.eldigitaldeasturias.com\/noticias\/la-fiesta-de-los-amantes-de-teruel-declarada-de-interes-turistico-nacional\/#mainImage"},"datePublished":"2016-04-19T01:52:21+02:00","dateModified":"2016-04-19T01:52:21+02:00"},{"@type":"WebSite","@id":"https:\/\/www.eldigitaldeasturias.com\/noticias\/#website","url":"https:\/\/www.eldigitaldeasturias.com\/noticias\/","name":"El Digital de Asturias - Diario de actualidad y noticias","alternateName":"El Digital de Asturias - Diario de actualidad y noticias","description":"Hemeroteca","inLanguage":"es-ES","publisher":{"@id":"https:\/\/www.eldigitaldeasturias.com\/noticias\/#organization"}}]},"og:locale":"es_ES","og:site_name":"El Digital de Asturias","og:type":"article","og:title":"La Fiesta de los Amantes de Teruel declarada de Inter\u00e9s Tur\u00edstico Nacional - El Digital de Asturias","og:description":"La Fiesta medieval de los Amantes de Teruel ha sido declarada de Inter\u00e9s Tur\u00edstico Nacional. La alcaldesa de la capital turolense, Emma Buj, ha incidido en que esta distinci\u00f3n es &quot;un reconocimiento&quot; al trabajo realizado en los \u00faltimos a\u00f1os. Buj ha realizado estas declaraciones despu\u00e9s de que este lunes, d\u00eda 18, el Ayuntamiento haya recibido","og:url":"https:\/\/www.eldigitaldeasturias.com\/noticias\/la-fiesta-de-los-amantes-de-teruel-declarada-de-interes-turistico-nacional\/","og:image":"https:\/\/www.eldigitaldeasturias.com\/noticias\/wp-content\/uploads\/2016\/04\/fotonoticia_20160418165644_800.jpg","og:image:secure_url":"https:\/\/www.eldigitaldeasturias.com\/noticias\/wp-content\/uploads\/2016\/04\/fotonoticia_20160418165644_800.jpg","og:image:width":800,"og:image:height":484,"article:tag":["turismo"],"article:published_time":"2016-04-19T01:52:21+00:00","article:modified_time":"2016-04-19T01:52:21+00:00","article:publisher":"https:\/\/facebook.com\/eldigitaldeasturias","twitter:card":"summary_large_image","twitter:title":"La Fiesta de los Amantes de Teruel declarada de Inter\u00e9s Tur\u00edstico Nacional - El Digital de Asturias","twitter:description":"La Fiesta medieval de los Amantes de Teruel ha sido declarada de Inter\u00e9s Tur\u00edstico Nacional. La alcaldesa de la capital turolense, Emma Buj, ha incidido en que esta distinci\u00f3n es &quot;un reconocimiento&quot; al trabajo realizado en los \u00faltimos a\u00f1os. Buj ha realizado estas declaraciones despu\u00e9s de que este lunes, d\u00eda 18, el Ayuntamiento haya recibido","twitter:image":"https:\/\/www.eldigitaldeasturias.com\/noticias\/wp-content\/uploads\/2016\/04\/fotonoticia_20160418165644_800.jpg","twitter:label1":"Escrito por","twitter:data1":"El Digital de Asturias","twitter:label2":"Tiempo de lectura estimado","twitter:data2":"1 minuto"},"aioseo_meta_data":{"post_id":"875364","title":null,"description":null,"keywords":null,"keyphrases":null,"primary_term":null,"canonical_url":null,"og_title":null,"og_description":null,"og_object_type":"default","og_image_type":"default","og_image_url":null,"og_image_width":null,"og_image_height":null,"og_image_custom_url":null,"og_image_custom_fields":null,"og_video":null,"og_custom_url":null,"og_article_section":null,"og_article_tags":null,"twitter_use_og":false,"twitter_card":"default","twitter_image_type":"default","twitter_image_url":null,"twitter_image_custom_url":null,"twitter_image_custom_fields":null,"twitter_title":null,"twitter_description":null,"schema":{"blockGraphs":[],"customGraphs":[],"default":{"data":{"Article":[],"Course":[],"Dataset":[],"FAQPage":[],"Movie":[],"Person":[],"Product":[],"ProductReview":[],"Car":[],"Recipe":[],"Service":[],"SoftwareApplication":[],"WebPage":[]},"graphName":"","isEnabled":true},"graphs":[],"defaultGraph":"","defaultPostTypeGraph":""},"schema_type":null,"schema_type_options":null,"pillar_content":false,"robots_default":true,"robots_noindex":false,"robots_noarchive":false,"robots_nosnippet":false,"robots_nofollow":false,"robots_noimageindex":false,"robots_noodp":false,"robots_notranslate":false,"robots_max_snippet":null,"robots_max_videopreview":null,"robots_max_imagepreview":"large","priority":null,"frequency":null,"local_seo":null,"seo_analyzer_scan_date":"2025-11-09 04:37:10","breadcrumb_settings":null,"limit_modified_date":false,"open_ai":null,"ai":null,"created":"2021-01-22 00:01:50","updated":"2025-11-09 04:37:10"},"aioseo_breadcrumb":"<div class=\"aioseo-breadcrumbs\"><span class=\"aioseo-breadcrumb\">\n\t<a href=\"https:\/\/www.eldigitaldeasturias.com\/noticias\" title=\"Home\">Home<\/a>\n<\/span><span class=\"aioseo-breadcrumb-separator\">\u2013<\/span><span class=\"aioseo-breadcrumb\">\n\t<a href=\"https:\/\/www.eldigitaldeasturias.com\/noticias\/category\/turismo\/\" title=\"Turismo\">Turismo<\/a>\n<\/span><span class=\"aioseo-breadcrumb-separator\">\u2013<\/span><span class=\"aioseo-breadcrumb\">\n\t<a href=\"https:\/\/www.eldigitaldeasturias.com\/noticias\/la-fiesta-de-los-amantes-de-teruel-declarada-de-interes-turistico-nacional\/\" title=\"La Fiesta de los Amantes de Teruel declarada de Inter\u00e9s Tur\u00edstico Nacional\">La Fiesta de los Amantes de Teruel declarada de Inter\u00e9s Tur\u00edstico Nacional<\/a>\n<\/span><\/div>","aioseo_breadcrumb_json":[{"label":"Home","link":"https:\/\/www.eldigitaldeasturias.com\/noticias"},{"label":"Turismo","link":"https:\/\/www.eldigitaldeasturias.com\/noticias\/category\/turismo\/"},{"label":"La Fiesta de los Amantes de Teruel declarada de Inter\u00e9s Tur\u00edstico Nacional","link":"https:\/\/www.eldigitaldeasturias.com\/noticias\/la-fiesta-de-los-amantes-de-teruel-declarada-de-interes-turistico-nacional\/"}],"_links":{"self":[{"href":"https:\/\/www.eldigitaldeasturias.com\/noticias\/wp-json\/wp\/v2\/posts\/875364","targetHints":{"allow":["GET"]}}],"collection":[{"href":"https:\/\/www.eldigitaldeasturias.com\/noticias\/wp-json\/wp\/v2\/posts"}],"about":[{"href":"https:\/\/www.eldigitaldeasturias.com\/noticias\/wp-json\/wp\/v2\/types\/post"}],"author":[{"embeddable":true,"href":"https:\/\/www.eldigitaldeasturias.com\/noticias\/wp-json\/wp\/v2\/users\/1"}],"replies":[{"embeddable":true,"href":"https:\/\/www.eldigitaldeasturias.com\/noticias\/wp-json\/wp\/v2\/comments?post=875364"}],"version-history":[{"count":0,"href":"https:\/\/www.eldigitaldeasturias.com\/noticias\/wp-json\/wp\/v2\/posts\/875364\/revisions"}],"wp:featuredmedia":[{"embeddable":true,"href":"https:\/\/www.eldigitaldeasturias.com\/noticias\/wp-json\/wp\/v2\/media\/875365"}],"wp:attachment":[{"href":"https:\/\/www.eldigitaldeasturias.com\/noticias\/wp-json\/wp\/v2\/media?parent=875364"}],"wp:term":[{"taxonomy":"category","embeddable":true,"href":"https:\/\/www.eldigitaldeasturias.com\/noticias\/wp-json\/wp\/v2\/categories?post=875364"},{"taxonomy":"post_tag","embeddable":true,"href":"https:\/\/www.eldigitaldeasturias.com\/noticias\/wp-json\/wp\/v2\/tags?post=875364"}],"curies":[{"name":"wp","href":"https:\/\/api.w.org\/{rel}","templated":true}]}}