{"id":874606,"date":"2016-04-17T02:44:39","date_gmt":"2016-04-17T02:44:39","guid":{"rendered":"http:\/\/www.eldigitaldeasturias.com\/noticias\/?p=874606"},"modified":"2016-04-17T02:44:39","modified_gmt":"2016-04-17T02:44:39","slug":"oviedo-celebra-la-final-de-la-iii-olimpiada-filosofica-de-espana","status":"publish","type":"post","link":"https:\/\/www.eldigitaldeasturias.com\/noticias\/oviedo-celebra-la-final-de-la-iii-olimpiada-filosofica-de-espana\/","title":{"rendered":"Oviedo celebra la final de la III Olimpiada Filos\u00f3fica de Espa\u00f1a"},"content":{"rendered":"<p><img loading=\"lazy\" decoding=\"async\" class=\"alignleft size-medium wp-image-874607\" src=\"https:\/\/www.eldigitaldeasturias.com\/noticias\/wp-content\/uploads\/2016\/04\/fotonoticia_20160416181453_800-360x239.jpg\" alt=\"fotonoticia_20160416181453_800\" width=\"360\" height=\"239\" srcset=\"https:\/\/www.eldigitaldeasturias.com\/noticias\/wp-content\/uploads\/2016\/04\/fotonoticia_20160416181453_800-360x239.jpg 360w, https:\/\/www.eldigitaldeasturias.com\/noticias\/wp-content\/uploads\/2016\/04\/fotonoticia_20160416181453_800-768x511.jpg 768w, https:\/\/www.eldigitaldeasturias.com\/noticias\/wp-content\/uploads\/2016\/04\/fotonoticia_20160416181453_800-650x432.jpg 650w, https:\/\/www.eldigitaldeasturias.com\/noticias\/wp-content\/uploads\/2016\/04\/fotonoticia_20160416181453_800-84x55.jpg 84w, https:\/\/www.eldigitaldeasturias.com\/noticias\/wp-content\/uploads\/2016\/04\/fotonoticia_20160416181453_800-49x32.jpg 49w, https:\/\/www.eldigitaldeasturias.com\/noticias\/wp-content\/uploads\/2016\/04\/fotonoticia_20160416181453_800.jpg 800w\" sizes=\"auto, (max-width: 360px) 100vw, 360px\" \/>El presidente de la Junta General del Principado de Asturias, Pedro Sanjurjo ha ofrecido m\u00e1s espacio a los j\u00f3venes \u00aben los procesos de di\u00e1logo y desacuerdo que enriquecen la esfera p\u00fablica\u00bb ante los participantes de la final de la III Olimpiada Filos\u00f3fica de Espa\u00f1a, celebrada este s\u00e1bado en Oviedo.<\/p>\n<p>\u00abLos debates p\u00fablicos, los que ocupan constantemente a quienes se sientan en sus asientos a diario, muestran a las claras como la dial\u00e9ctica puede estar iluminada por la voluntad de la verdad, tanto como por la estrategia del enga\u00f1o\u00bb, ha se\u00f1alado el presidente de la C\u00e1mara asturiana durante su intervenci\u00f3n en el acto.<\/p>\n<p>De este modo, ha se\u00f1alado \u00abel esfuerzo de dar voz a esas ideas y voluntades lo que hace del debate, la reflexi\u00f3n mesurada y la raz\u00f3n l\u00edcita caminos para resolver controversias y maneras de convivir, m\u00e1s o menos \u00e9ticamente soportables\u00bb. \u00abAprendemos de su entusiasmo y queremos dar espacio a la gente m\u00e1s joven en los procesos de di\u00e1logo y desacuerdo que enriquecen la esfera p\u00fablica\u00bb, ha remarcado.<\/p>\n<p>Igualmente, Pedro Sanjurjo ha hecho menci\u00f3n expl\u00edcita a la derrota como \u00abun profundo retiro\u00bb en el que recoger \u00ablas ense\u00f1anzas de la propia historia y los valores de la comunidad\u00bb. \u00abY sin que sirva de acicate a la persistencia en el perder, debo decirles que en la experiencia de esa disciplina agridulce se percibe mejor la belleza de la semilla de la verdad, frente al virus de la refutaci\u00f3n enga\u00f1osa y a la victoria nacida del argumento aborrecible\u00bb, ha dicho a los asistentes.<\/p>\n<p>En la fase final de esta edici\u00f3n han participado 60 alumnos procedentes de centros escolares de toda Espa\u00f1a. Para ello, el hemiciclo del parlamento asturiano fue escenario de las \u00faltimas intervenciones, en las que los 12 contendientes premiados en las distintas categor\u00edas abordaron cuestiones como \u00abqu\u00e9 es la belleza\u00bb, en las modalidades de disertaci\u00f3n y fotograf\u00eda filos\u00f3fica; \u00abqu\u00e9 responsabilidad tenemos frente a los animales\u00bb, en la modalidad dilema moral; y \u00ab\u00bfperdedores?\u00bb, en la modalidad de v\u00eddeo.<\/p>\n<p>A los estudiantes se sumaron en los esca\u00f1os del sal\u00f3n de plenos del Parlamento 20 profesores de distintas comunidades aut\u00f3nomas y los 20 miembros de los jurados participantes la selecci\u00f3n de los premiados en esta competici\u00f3n, seg\u00fan indican desde la Junta General a trav\u00e9s de nota de prensa.<\/p>\n<p>Igualmente, junto al presidente de la Junta General estuvieron presentes el presidente de la Red Espa\u00f1ola de Filosof\u00eda, Antonio Campillo; la presidenta del Instituto de Filosof\u00eda del CSIC, Concha Rold\u00e1n; el Presidente de la Sociedad Asturiana de Filosof\u00eda, Javier Gil; el Director General de Ordenaci\u00f3n Acad\u00e9mica e Innovaci\u00f3n Educativa del Principado de Asturias, Francisco Laviana; y la escritora Mar\u00eda Teresa \u00c1lvarez.<\/p>\n<p>Los ganadores han sido Alberto Pezonaga Torres, Jimena Moreno Rubio y David G\u00f3mez Mart\u00ednez, en la categor\u00eda de &#8216;Disertaci\u00f3n&#8217;; Sof\u00eda Palmer\u00edn, Marina Laguna Calvo y Marta de Sevilla Garc\u00eda, en la categor\u00eda de &#8216;Dilema&#8217;; Andr\u00e9s Guti\u00e9rrez Bermejo, Cristina Fonteboa S\u00e1nchez y Raquel Pino G\u00f3mez, en &#8216;Fotograf\u00eda&#8217;; y Eva Juez Stapleton, Mart\u00edn L\u00f3pez P\u00e9rez y Daniel Sabiti V\u00e1zquez, en &#8216;V\u00eddeo&#8217;.<\/p>\n<p>La Olimpiada Filos\u00f3fica de Espa\u00f1a naci\u00f3 en 2013, impulsada por varias asociaciones y olimpiadas de \u00e1mbito auton\u00f3mico integradas en la Red espa\u00f1ola de Filosof\u00eda. Est\u00e1 promovida por un grupo de docentes de filosof\u00eda, tanto de secundaria como de universidad, que ven\u00edan colaborando desde hac\u00eda tiempo en las olimpiadas filos\u00f3ficas que se celebraban en diversas comunidades aut\u00f3nomas.<\/p>\n<p>&nbsp;<\/p>\n","protected":false},"excerpt":{"rendered":"<p>El presidente de la Junta General del Principado de Asturias, Pedro Sanjurjo ha ofrecido m\u00e1s espacio a los j\u00f3venes \u00aben los procesos de di\u00e1logo y desacuerdo que enriquecen la esfera p\u00fablica\u00bb ante los participantes de la final de la III Olimpiada Filos\u00f3fica de Espa\u00f1a, celebrada este s\u00e1bado en Oviedo. \u00abLos debates p\u00fablicos, los que ocupan [&hellip;]<\/p>\n","protected":false},"author":1,"featured_media":874607,"comment_status":"closed","ping_status":"closed","sticky":false,"template":"","format":"standard","meta":{"footnotes":""},"categories":[12],"tags":[],"class_list":["post-874606","post","type-post","status-publish","format-standard","has-post-thumbnail","hentry","category-actualidad-asturias"],"aioseo_notices":[],"aioseo_head":"\n\t\t<!-- All in One SEO Pro 4.9.6.2 - aioseo.com -->\n\t<meta name=\"description\" content=\"El presidente de la Junta General del Principado de Asturias, Pedro Sanjurjo ha ofrecido m\u00e1s espacio a los j\u00f3venes &quot;en los procesos de di\u00e1logo y desacuerdo que enriquecen la esfera p\u00fablica&quot; ante los participantes de la final de la III Olimpiada Filos\u00f3fica de Espa\u00f1a, celebrada este s\u00e1bado en Oviedo. &quot;Los debates p\u00fablicos, los que ocupan\" \/>\n\t<meta name=\"robots\" content=\"max-image-preview:large\" \/>\n\t<meta name=\"author\" content=\"El Digital de Asturias\"\/>\n\t<meta name=\"google-site-verification\" content=\"UA-38556648-1\" \/>\n\t<meta name=\"msvalidate.01\" content=\"7dfe9f3f1b24437ab69f4f2559babe99\" \/>\n\t<meta name=\"keywords\" content=\"actualidad asturias\" \/>\n\t<link rel=\"canonical\" href=\"https:\/\/www.eldigitaldeasturias.com\/noticias\/oviedo-celebra-la-final-de-la-iii-olimpiada-filosofica-de-espana\/\" \/>\n\t<meta name=\"generator\" content=\"All in One SEO Pro (AIOSEO) 4.9.6.2\" \/>\n\t\t<meta property=\"og:locale\" content=\"es_ES\" \/>\n\t\t<meta property=\"og:site_name\" content=\"El Digital de Asturias\" \/>\n\t\t<meta property=\"og:type\" content=\"article\" \/>\n\t\t<meta property=\"og:title\" content=\"Oviedo celebra la final de la III Olimpiada Filos\u00f3fica de Espa\u00f1a - El Digital de Asturias\" \/>\n\t\t<meta property=\"og:description\" content=\"El presidente de la Junta General del Principado de Asturias, Pedro Sanjurjo ha ofrecido m\u00e1s espacio a los j\u00f3venes &quot;en los procesos de di\u00e1logo y desacuerdo que enriquecen la esfera p\u00fablica&quot; ante los participantes de la final de la III Olimpiada Filos\u00f3fica de Espa\u00f1a, celebrada este s\u00e1bado en Oviedo. &quot;Los debates p\u00fablicos, los que ocupan\" \/>\n\t\t<meta property=\"og:url\" content=\"https:\/\/www.eldigitaldeasturias.com\/noticias\/oviedo-celebra-la-final-de-la-iii-olimpiada-filosofica-de-espana\/\" \/>\n\t\t<meta property=\"og:image\" content=\"https:\/\/www.eldigitaldeasturias.com\/noticias\/wp-content\/uploads\/2016\/04\/fotonoticia_20160416181453_800.jpg\" \/>\n\t\t<meta property=\"og:image:secure_url\" content=\"https:\/\/www.eldigitaldeasturias.com\/noticias\/wp-content\/uploads\/2016\/04\/fotonoticia_20160416181453_800.jpg\" \/>\n\t\t<meta property=\"og:image:width\" content=\"800\" \/>\n\t\t<meta property=\"og:image:height\" content=\"532\" \/>\n\t\t<meta property=\"article:tag\" content=\"actualidad asturias\" \/>\n\t\t<meta property=\"article:published_time\" content=\"2016-04-17T02:44:39+00:00\" \/>\n\t\t<meta property=\"article:modified_time\" content=\"2016-04-17T02:44:39+00:00\" \/>\n\t\t<meta property=\"article:publisher\" content=\"https:\/\/facebook.com\/eldigitaldeasturias\" \/>\n\t\t<meta name=\"twitter:card\" content=\"summary_large_image\" \/>\n\t\t<meta name=\"twitter:title\" content=\"Oviedo celebra la final de la III Olimpiada Filos\u00f3fica de Espa\u00f1a - El Digital de Asturias\" \/>\n\t\t<meta name=\"twitter:description\" content=\"El presidente de la Junta General del Principado de Asturias, Pedro Sanjurjo ha ofrecido m\u00e1s espacio a los j\u00f3venes &quot;en los procesos de di\u00e1logo y desacuerdo que enriquecen la esfera p\u00fablica&quot; ante los participantes de la final de la III Olimpiada Filos\u00f3fica de Espa\u00f1a, celebrada este s\u00e1bado en Oviedo. &quot;Los debates p\u00fablicos, los que ocupan\" \/>\n\t\t<meta name=\"twitter:image\" content=\"https:\/\/www.eldigitaldeasturias.com\/noticias\/wp-content\/uploads\/2016\/04\/fotonoticia_20160416181453_800.jpg\" \/>\n\t\t<meta name=\"twitter:label1\" content=\"Escrito por\" \/>\n\t\t<meta name=\"twitter:data1\" content=\"El Digital de Asturias\" \/>\n\t\t<meta name=\"twitter:label2\" content=\"Tiempo de lectura estimado\" \/>\n\t\t<meta name=\"twitter:data2\" content=\"3 minutos\" \/>\n\t\t<script type=\"application\/ld+json\" class=\"aioseo-schema\">\n\t\t\t{\"@context\":\"https:\\\/\\\/schema.org\",\"@graph\":[{\"@type\":\"BlogPosting\",\"@id\":\"https:\\\/\\\/www.eldigitaldeasturias.com\\\/noticias\\\/oviedo-celebra-la-final-de-la-iii-olimpiada-filosofica-de-espana\\\/#blogposting\",\"name\":\"Oviedo celebra la final de la III Olimpiada Filos\\u00f3fica de Espa\\u00f1a - El Digital de Asturias\",\"headline\":\"Oviedo celebra la final de la III Olimpiada Filos\\u00f3fica de Espa\\u00f1a\",\"author\":{\"@id\":\"https:\\\/\\\/www.eldigitaldeasturias.com\\\/noticias\\\/author\\\/admin\\\/#author\"},\"publisher\":{\"@id\":\"https:\\\/\\\/www.eldigitaldeasturias.com\\\/noticias\\\/#organization\"},\"image\":{\"@type\":\"ImageObject\",\"url\":\"https:\\\/\\\/www.eldigitaldeasturias.com\\\/noticias\\\/wp-content\\\/uploads\\\/2016\\\/04\\\/fotonoticia_20160416181453_800.jpg\",\"width\":800,\"height\":532},\"datePublished\":\"2016-04-17T02:44:39+02:00\",\"dateModified\":\"2016-04-17T02:44:39+02:00\",\"inLanguage\":\"es-ES\",\"mainEntityOfPage\":{\"@id\":\"https:\\\/\\\/www.eldigitaldeasturias.com\\\/noticias\\\/oviedo-celebra-la-final-de-la-iii-olimpiada-filosofica-de-espana\\\/#webpage\"},\"isPartOf\":{\"@id\":\"https:\\\/\\\/www.eldigitaldeasturias.com\\\/noticias\\\/oviedo-celebra-la-final-de-la-iii-olimpiada-filosofica-de-espana\\\/#webpage\"},\"articleSection\":\"Actualidad Asturias\"},{\"@type\":\"BreadcrumbList\",\"@id\":\"https:\\\/\\\/www.eldigitaldeasturias.com\\\/noticias\\\/oviedo-celebra-la-final-de-la-iii-olimpiada-filosofica-de-espana\\\/#breadcrumblist\",\"itemListElement\":[{\"@type\":\"ListItem\",\"@id\":\"https:\\\/\\\/www.eldigitaldeasturias.com\\\/noticias#listItem\",\"position\":1,\"name\":\"Home\",\"item\":\"https:\\\/\\\/www.eldigitaldeasturias.com\\\/noticias\",\"nextItem\":{\"@type\":\"ListItem\",\"@id\":\"https:\\\/\\\/www.eldigitaldeasturias.com\\\/noticias\\\/category\\\/actualidad-asturias\\\/#listItem\",\"name\":\"Actualidad Asturias\"}},{\"@type\":\"ListItem\",\"@id\":\"https:\\\/\\\/www.eldigitaldeasturias.com\\\/noticias\\\/category\\\/actualidad-asturias\\\/#listItem\",\"position\":2,\"name\":\"Actualidad Asturias\",\"item\":\"https:\\\/\\\/www.eldigitaldeasturias.com\\\/noticias\\\/category\\\/actualidad-asturias\\\/\",\"nextItem\":{\"@type\":\"ListItem\",\"@id\":\"https:\\\/\\\/www.eldigitaldeasturias.com\\\/noticias\\\/oviedo-celebra-la-final-de-la-iii-olimpiada-filosofica-de-espana\\\/#listItem\",\"name\":\"Oviedo celebra la final de la III Olimpiada Filos\\u00f3fica de Espa\\u00f1a\"},\"previousItem\":{\"@type\":\"ListItem\",\"@id\":\"https:\\\/\\\/www.eldigitaldeasturias.com\\\/noticias#listItem\",\"name\":\"Home\"}},{\"@type\":\"ListItem\",\"@id\":\"https:\\\/\\\/www.eldigitaldeasturias.com\\\/noticias\\\/oviedo-celebra-la-final-de-la-iii-olimpiada-filosofica-de-espana\\\/#listItem\",\"position\":3,\"name\":\"Oviedo celebra la final de la III Olimpiada Filos\\u00f3fica de Espa\\u00f1a\",\"previousItem\":{\"@type\":\"ListItem\",\"@id\":\"https:\\\/\\\/www.eldigitaldeasturias.com\\\/noticias\\\/category\\\/actualidad-asturias\\\/#listItem\",\"name\":\"Actualidad Asturias\"}}]},{\"@type\":\"Organization\",\"@id\":\"https:\\\/\\\/www.eldigitaldeasturias.com\\\/noticias\\\/#organization\",\"name\":\"El Digital de Asturias\",\"description\":\"Hemeroteca\",\"url\":\"https:\\\/\\\/www.eldigitaldeasturias.com\\\/noticias\\\/\",\"email\":\"info@eldigitaldeasturias.com\",\"telephone\":\"+34652131393\",\"logo\":{\"@type\":\"ImageObject\",\"url\":\"https:\\\/\\\/www.eldigitaldeasturias.com\\\/noticias\\\/wp-content\\\/uploads\\\/2020\\\/12\\\/EDA.jpg\",\"@id\":\"https:\\\/\\\/www.eldigitaldeasturias.com\\\/noticias\\\/oviedo-celebra-la-final-de-la-iii-olimpiada-filosofica-de-espana\\\/#organizationLogo\",\"width\":649,\"height\":297},\"image\":{\"@id\":\"https:\\\/\\\/www.eldigitaldeasturias.com\\\/noticias\\\/oviedo-celebra-la-final-de-la-iii-olimpiada-filosofica-de-espana\\\/#organizationLogo\"},\"sameAs\":[\"https:\\\/\\\/facebook.com\\\/eldigitaldeasturias\",\"https:\\\/\\\/www.youtube.com\\\/channel\\\/UCZP-2wLEB9Rv6erhFmqVnvg\"],\"address\":{\"@id\":\"https:\\\/\\\/www.eldigitaldeasturias.com\\\/noticias\\\/#postaladdress\",\"@type\":\"PostalAddress\",\"streetAddress\":\"san antonio 4,\",\"postalCode\":\"33430\",\"addressLocality\":\"Cand\\u00e1s\",\"addressRegion\":\"Asturias\",\"addressCountry\":\"ES\"}},{\"@type\":\"Person\",\"@id\":\"https:\\\/\\\/www.eldigitaldeasturias.com\\\/noticias\\\/author\\\/admin\\\/#author\",\"url\":\"https:\\\/\\\/www.eldigitaldeasturias.com\\\/noticias\\\/author\\\/admin\\\/\",\"name\":\"El Digital de Asturias\",\"image\":{\"@type\":\"ImageObject\",\"@id\":\"https:\\\/\\\/www.eldigitaldeasturias.com\\\/noticias\\\/oviedo-celebra-la-final-de-la-iii-olimpiada-filosofica-de-espana\\\/#authorImage\",\"url\":\"https:\\\/\\\/www.eldigitaldeasturias.com\\\/noticias\\\/wp-content\\\/litespeed\\\/avatar\\\/18677e78aa0546b92d9dbf31ec7d7668.jpg?ver=1777290358\",\"width\":96,\"height\":96,\"caption\":\"El Digital de Asturias\"}},{\"@type\":\"WebPage\",\"@id\":\"https:\\\/\\\/www.eldigitaldeasturias.com\\\/noticias\\\/oviedo-celebra-la-final-de-la-iii-olimpiada-filosofica-de-espana\\\/#webpage\",\"url\":\"https:\\\/\\\/www.eldigitaldeasturias.com\\\/noticias\\\/oviedo-celebra-la-final-de-la-iii-olimpiada-filosofica-de-espana\\\/\",\"name\":\"Oviedo celebra la final de la III Olimpiada Filos\\u00f3fica de Espa\\u00f1a - El Digital de Asturias\",\"description\":\"El presidente de la Junta General del Principado de Asturias, Pedro Sanjurjo ha ofrecido m\\u00e1s espacio a los j\\u00f3venes \\\"en los procesos de di\\u00e1logo y desacuerdo que enriquecen la esfera p\\u00fablica\\\" ante los participantes de la final de la III Olimpiada Filos\\u00f3fica de Espa\\u00f1a, celebrada este s\\u00e1bado en Oviedo. \\\"Los debates p\\u00fablicos, los que ocupan\",\"inLanguage\":\"es-ES\",\"isPartOf\":{\"@id\":\"https:\\\/\\\/www.eldigitaldeasturias.com\\\/noticias\\\/#website\"},\"breadcrumb\":{\"@id\":\"https:\\\/\\\/www.eldigitaldeasturias.com\\\/noticias\\\/oviedo-celebra-la-final-de-la-iii-olimpiada-filosofica-de-espana\\\/#breadcrumblist\"},\"author\":{\"@id\":\"https:\\\/\\\/www.eldigitaldeasturias.com\\\/noticias\\\/author\\\/admin\\\/#author\"},\"creator\":{\"@id\":\"https:\\\/\\\/www.eldigitaldeasturias.com\\\/noticias\\\/author\\\/admin\\\/#author\"},\"image\":{\"@type\":\"ImageObject\",\"url\":\"https:\\\/\\\/www.eldigitaldeasturias.com\\\/noticias\\\/wp-content\\\/uploads\\\/2016\\\/04\\\/fotonoticia_20160416181453_800.jpg\",\"@id\":\"https:\\\/\\\/www.eldigitaldeasturias.com\\\/noticias\\\/oviedo-celebra-la-final-de-la-iii-olimpiada-filosofica-de-espana\\\/#mainImage\",\"width\":800,\"height\":532},\"primaryImageOfPage\":{\"@id\":\"https:\\\/\\\/www.eldigitaldeasturias.com\\\/noticias\\\/oviedo-celebra-la-final-de-la-iii-olimpiada-filosofica-de-espana\\\/#mainImage\"},\"datePublished\":\"2016-04-17T02:44:39+02:00\",\"dateModified\":\"2016-04-17T02:44:39+02:00\"},{\"@type\":\"WebSite\",\"@id\":\"https:\\\/\\\/www.eldigitaldeasturias.com\\\/noticias\\\/#website\",\"url\":\"https:\\\/\\\/www.eldigitaldeasturias.com\\\/noticias\\\/\",\"name\":\"El Digital de Asturias - Diario de actualidad y noticias\",\"alternateName\":\"El Digital de Asturias - Diario de actualidad y noticias\",\"description\":\"Hemeroteca\",\"inLanguage\":\"es-ES\",\"publisher\":{\"@id\":\"https:\\\/\\\/www.eldigitaldeasturias.com\\\/noticias\\\/#organization\"}}]}\n\t\t<\/script>\n\t\t<!-- All in One SEO Pro -->\r\n\t\t<title>Oviedo celebra la final de la III Olimpiada Filos\u00f3fica de Espa\u00f1a - El Digital de Asturias<\/title>\n\n","aioseo_head_json":{"title":"Oviedo celebra la final de la III Olimpiada Filos\u00f3fica de Espa\u00f1a - El Digital de Asturias","description":"El presidente de la Junta General del Principado de Asturias, Pedro Sanjurjo ha ofrecido m\u00e1s espacio a los j\u00f3venes \"en los procesos de di\u00e1logo y desacuerdo que enriquecen la esfera p\u00fablica\" ante los participantes de la final de la III Olimpiada Filos\u00f3fica de Espa\u00f1a, celebrada este s\u00e1bado en Oviedo. \"Los debates p\u00fablicos, los que ocupan","canonical_url":"https:\/\/www.eldigitaldeasturias.com\/noticias\/oviedo-celebra-la-final-de-la-iii-olimpiada-filosofica-de-espana\/","robots":"max-image-preview:large","keywords":"actualidad asturias","webmasterTools":{"google-site-verification":"UA-38556648-1","msvalidate.01":"7dfe9f3f1b24437ab69f4f2559babe99","miscellaneous":""},"schema":{"@context":"https:\/\/schema.org","@graph":[{"@type":"BlogPosting","@id":"https:\/\/www.eldigitaldeasturias.com\/noticias\/oviedo-celebra-la-final-de-la-iii-olimpiada-filosofica-de-espana\/#blogposting","name":"Oviedo celebra la final de la III Olimpiada Filos\u00f3fica de Espa\u00f1a - El Digital de Asturias","headline":"Oviedo celebra la final de la III Olimpiada Filos\u00f3fica de Espa\u00f1a","author":{"@id":"https:\/\/www.eldigitaldeasturias.com\/noticias\/author\/admin\/#author"},"publisher":{"@id":"https:\/\/www.eldigitaldeasturias.com\/noticias\/#organization"},"image":{"@type":"ImageObject","url":"https:\/\/www.eldigitaldeasturias.com\/noticias\/wp-content\/uploads\/2016\/04\/fotonoticia_20160416181453_800.jpg","width":800,"height":532},"datePublished":"2016-04-17T02:44:39+02:00","dateModified":"2016-04-17T02:44:39+02:00","inLanguage":"es-ES","mainEntityOfPage":{"@id":"https:\/\/www.eldigitaldeasturias.com\/noticias\/oviedo-celebra-la-final-de-la-iii-olimpiada-filosofica-de-espana\/#webpage"},"isPartOf":{"@id":"https:\/\/www.eldigitaldeasturias.com\/noticias\/oviedo-celebra-la-final-de-la-iii-olimpiada-filosofica-de-espana\/#webpage"},"articleSection":"Actualidad Asturias"},{"@type":"BreadcrumbList","@id":"https:\/\/www.eldigitaldeasturias.com\/noticias\/oviedo-celebra-la-final-de-la-iii-olimpiada-filosofica-de-espana\/#breadcrumblist","itemListElement":[{"@type":"ListItem","@id":"https:\/\/www.eldigitaldeasturias.com\/noticias#listItem","position":1,"name":"Home","item":"https:\/\/www.eldigitaldeasturias.com\/noticias","nextItem":{"@type":"ListItem","@id":"https:\/\/www.eldigitaldeasturias.com\/noticias\/category\/actualidad-asturias\/#listItem","name":"Actualidad Asturias"}},{"@type":"ListItem","@id":"https:\/\/www.eldigitaldeasturias.com\/noticias\/category\/actualidad-asturias\/#listItem","position":2,"name":"Actualidad Asturias","item":"https:\/\/www.eldigitaldeasturias.com\/noticias\/category\/actualidad-asturias\/","nextItem":{"@type":"ListItem","@id":"https:\/\/www.eldigitaldeasturias.com\/noticias\/oviedo-celebra-la-final-de-la-iii-olimpiada-filosofica-de-espana\/#listItem","name":"Oviedo celebra la final de la III Olimpiada Filos\u00f3fica de Espa\u00f1a"},"previousItem":{"@type":"ListItem","@id":"https:\/\/www.eldigitaldeasturias.com\/noticias#listItem","name":"Home"}},{"@type":"ListItem","@id":"https:\/\/www.eldigitaldeasturias.com\/noticias\/oviedo-celebra-la-final-de-la-iii-olimpiada-filosofica-de-espana\/#listItem","position":3,"name":"Oviedo celebra la final de la III Olimpiada Filos\u00f3fica de Espa\u00f1a","previousItem":{"@type":"ListItem","@id":"https:\/\/www.eldigitaldeasturias.com\/noticias\/category\/actualidad-asturias\/#listItem","name":"Actualidad Asturias"}}]},{"@type":"Organization","@id":"https:\/\/www.eldigitaldeasturias.com\/noticias\/#organization","name":"El Digital de Asturias","description":"Hemeroteca","url":"https:\/\/www.eldigitaldeasturias.com\/noticias\/","email":"info@eldigitaldeasturias.com","telephone":"+34652131393","logo":{"@type":"ImageObject","url":"https:\/\/www.eldigitaldeasturias.com\/noticias\/wp-content\/uploads\/2020\/12\/EDA.jpg","@id":"https:\/\/www.eldigitaldeasturias.com\/noticias\/oviedo-celebra-la-final-de-la-iii-olimpiada-filosofica-de-espana\/#organizationLogo","width":649,"height":297},"image":{"@id":"https:\/\/www.eldigitaldeasturias.com\/noticias\/oviedo-celebra-la-final-de-la-iii-olimpiada-filosofica-de-espana\/#organizationLogo"},"sameAs":["https:\/\/facebook.com\/eldigitaldeasturias","https:\/\/www.youtube.com\/channel\/UCZP-2wLEB9Rv6erhFmqVnvg"],"address":{"@id":"https:\/\/www.eldigitaldeasturias.com\/noticias\/#postaladdress","@type":"PostalAddress","streetAddress":"san antonio 4,","postalCode":"33430","addressLocality":"Cand\u00e1s","addressRegion":"Asturias","addressCountry":"ES"}},{"@type":"Person","@id":"https:\/\/www.eldigitaldeasturias.com\/noticias\/author\/admin\/#author","url":"https:\/\/www.eldigitaldeasturias.com\/noticias\/author\/admin\/","name":"El Digital de Asturias","image":{"@type":"ImageObject","@id":"https:\/\/www.eldigitaldeasturias.com\/noticias\/oviedo-celebra-la-final-de-la-iii-olimpiada-filosofica-de-espana\/#authorImage","url":"https:\/\/www.eldigitaldeasturias.com\/noticias\/wp-content\/litespeed\/avatar\/18677e78aa0546b92d9dbf31ec7d7668.jpg?ver=1777290358","width":96,"height":96,"caption":"El Digital de Asturias"}},{"@type":"WebPage","@id":"https:\/\/www.eldigitaldeasturias.com\/noticias\/oviedo-celebra-la-final-de-la-iii-olimpiada-filosofica-de-espana\/#webpage","url":"https:\/\/www.eldigitaldeasturias.com\/noticias\/oviedo-celebra-la-final-de-la-iii-olimpiada-filosofica-de-espana\/","name":"Oviedo celebra la final de la III Olimpiada Filos\u00f3fica de Espa\u00f1a - El Digital de Asturias","description":"El presidente de la Junta General del Principado de Asturias, Pedro Sanjurjo ha ofrecido m\u00e1s espacio a los j\u00f3venes \"en los procesos de di\u00e1logo y desacuerdo que enriquecen la esfera p\u00fablica\" ante los participantes de la final de la III Olimpiada Filos\u00f3fica de Espa\u00f1a, celebrada este s\u00e1bado en Oviedo. \"Los debates p\u00fablicos, los que ocupan","inLanguage":"es-ES","isPartOf":{"@id":"https:\/\/www.eldigitaldeasturias.com\/noticias\/#website"},"breadcrumb":{"@id":"https:\/\/www.eldigitaldeasturias.com\/noticias\/oviedo-celebra-la-final-de-la-iii-olimpiada-filosofica-de-espana\/#breadcrumblist"},"author":{"@id":"https:\/\/www.eldigitaldeasturias.com\/noticias\/author\/admin\/#author"},"creator":{"@id":"https:\/\/www.eldigitaldeasturias.com\/noticias\/author\/admin\/#author"},"image":{"@type":"ImageObject","url":"https:\/\/www.eldigitaldeasturias.com\/noticias\/wp-content\/uploads\/2016\/04\/fotonoticia_20160416181453_800.jpg","@id":"https:\/\/www.eldigitaldeasturias.com\/noticias\/oviedo-celebra-la-final-de-la-iii-olimpiada-filosofica-de-espana\/#mainImage","width":800,"height":532},"primaryImageOfPage":{"@id":"https:\/\/www.eldigitaldeasturias.com\/noticias\/oviedo-celebra-la-final-de-la-iii-olimpiada-filosofica-de-espana\/#mainImage"},"datePublished":"2016-04-17T02:44:39+02:00","dateModified":"2016-04-17T02:44:39+02:00"},{"@type":"WebSite","@id":"https:\/\/www.eldigitaldeasturias.com\/noticias\/#website","url":"https:\/\/www.eldigitaldeasturias.com\/noticias\/","name":"El Digital de Asturias - Diario de actualidad y noticias","alternateName":"El Digital de Asturias - Diario de actualidad y noticias","description":"Hemeroteca","inLanguage":"es-ES","publisher":{"@id":"https:\/\/www.eldigitaldeasturias.com\/noticias\/#organization"}}]},"og:locale":"es_ES","og:site_name":"El Digital de Asturias","og:type":"article","og:title":"Oviedo celebra la final de la III Olimpiada Filos\u00f3fica de Espa\u00f1a - El Digital de Asturias","og:description":"El presidente de la Junta General del Principado de Asturias, Pedro Sanjurjo ha ofrecido m\u00e1s espacio a los j\u00f3venes &quot;en los procesos de di\u00e1logo y desacuerdo que enriquecen la esfera p\u00fablica&quot; ante los participantes de la final de la III Olimpiada Filos\u00f3fica de Espa\u00f1a, celebrada este s\u00e1bado en Oviedo. &quot;Los debates p\u00fablicos, los que ocupan","og:url":"https:\/\/www.eldigitaldeasturias.com\/noticias\/oviedo-celebra-la-final-de-la-iii-olimpiada-filosofica-de-espana\/","og:image":"https:\/\/www.eldigitaldeasturias.com\/noticias\/wp-content\/uploads\/2016\/04\/fotonoticia_20160416181453_800.jpg","og:image:secure_url":"https:\/\/www.eldigitaldeasturias.com\/noticias\/wp-content\/uploads\/2016\/04\/fotonoticia_20160416181453_800.jpg","og:image:width":800,"og:image:height":532,"article:tag":["actualidad asturias"],"article:published_time":"2016-04-17T02:44:39+00:00","article:modified_time":"2016-04-17T02:44:39+00:00","article:publisher":"https:\/\/facebook.com\/eldigitaldeasturias","twitter:card":"summary_large_image","twitter:title":"Oviedo celebra la final de la III Olimpiada Filos\u00f3fica de Espa\u00f1a - El Digital de Asturias","twitter:description":"El presidente de la Junta General del Principado de Asturias, Pedro Sanjurjo ha ofrecido m\u00e1s espacio a los j\u00f3venes &quot;en los procesos de di\u00e1logo y desacuerdo que enriquecen la esfera p\u00fablica&quot; ante los participantes de la final de la III Olimpiada Filos\u00f3fica de Espa\u00f1a, celebrada este s\u00e1bado en Oviedo. &quot;Los debates p\u00fablicos, los que ocupan","twitter:image":"https:\/\/www.eldigitaldeasturias.com\/noticias\/wp-content\/uploads\/2016\/04\/fotonoticia_20160416181453_800.jpg","twitter:label1":"Escrito por","twitter:data1":"El Digital de Asturias","twitter:label2":"Tiempo de lectura estimado","twitter:data2":"3 minutos"},"aioseo_meta_data":{"post_id":"874606","title":null,"description":null,"keywords":null,"keyphrases":null,"primary_term":null,"canonical_url":null,"og_title":null,"og_description":null,"og_object_type":"default","og_image_type":"default","og_image_url":null,"og_image_width":null,"og_image_height":null,"og_image_custom_url":null,"og_image_custom_fields":null,"og_video":null,"og_custom_url":null,"og_article_section":null,"og_article_tags":null,"twitter_use_og":false,"twitter_card":"default","twitter_image_type":"default","twitter_image_url":null,"twitter_image_custom_url":null,"twitter_image_custom_fields":null,"twitter_title":null,"twitter_description":null,"schema":{"blockGraphs":[],"customGraphs":[],"default":{"data":{"Article":[],"Course":[],"Dataset":[],"FAQPage":[],"Movie":[],"Person":[],"Product":[],"ProductReview":[],"Car":[],"Recipe":[],"Service":[],"SoftwareApplication":[],"WebPage":[]},"graphName":"","isEnabled":true},"graphs":[],"defaultGraph":"","defaultPostTypeGraph":""},"schema_type":null,"schema_type_options":null,"pillar_content":false,"robots_default":true,"robots_noindex":false,"robots_noarchive":false,"robots_nosnippet":false,"robots_nofollow":false,"robots_noimageindex":false,"robots_noodp":false,"robots_notranslate":false,"robots_max_snippet":null,"robots_max_videopreview":null,"robots_max_imagepreview":"large","priority":null,"frequency":null,"local_seo":null,"seo_analyzer_scan_date":"2025-11-09 01:49:16","breadcrumb_settings":null,"limit_modified_date":false,"open_ai":null,"ai":null,"created":"2021-01-23 16:31:13","updated":"2025-11-09 01:49:16"},"aioseo_breadcrumb":"<div class=\"aioseo-breadcrumbs\"><span class=\"aioseo-breadcrumb\">\n\t<a href=\"https:\/\/www.eldigitaldeasturias.com\/noticias\" title=\"Home\">Home<\/a>\n<\/span><span class=\"aioseo-breadcrumb-separator\">\u2013<\/span><span class=\"aioseo-breadcrumb\">\n\t<a href=\"https:\/\/www.eldigitaldeasturias.com\/noticias\/category\/actualidad-asturias\/\" title=\"Actualidad Asturias\">Actualidad Asturias<\/a>\n<\/span><span class=\"aioseo-breadcrumb-separator\">\u2013<\/span><span class=\"aioseo-breadcrumb\">\n\t<a href=\"https:\/\/www.eldigitaldeasturias.com\/noticias\/oviedo-celebra-la-final-de-la-iii-olimpiada-filosofica-de-espana\/\" title=\"Oviedo celebra la final de la III Olimpiada Filos\u00f3fica de Espa\u00f1a\">Oviedo celebra la final de la III Olimpiada Filos\u00f3fica de Espa\u00f1a<\/a>\n<\/span><\/div>","aioseo_breadcrumb_json":[{"label":"Home","link":"https:\/\/www.eldigitaldeasturias.com\/noticias"},{"label":"Actualidad Asturias","link":"https:\/\/www.eldigitaldeasturias.com\/noticias\/category\/actualidad-asturias\/"},{"label":"Oviedo celebra la final de la III Olimpiada Filos\u00f3fica de Espa\u00f1a","link":"https:\/\/www.eldigitaldeasturias.com\/noticias\/oviedo-celebra-la-final-de-la-iii-olimpiada-filosofica-de-espana\/"}],"_links":{"self":[{"href":"https:\/\/www.eldigitaldeasturias.com\/noticias\/wp-json\/wp\/v2\/posts\/874606","targetHints":{"allow":["GET"]}}],"collection":[{"href":"https:\/\/www.eldigitaldeasturias.com\/noticias\/wp-json\/wp\/v2\/posts"}],"about":[{"href":"https:\/\/www.eldigitaldeasturias.com\/noticias\/wp-json\/wp\/v2\/types\/post"}],"author":[{"embeddable":true,"href":"https:\/\/www.eldigitaldeasturias.com\/noticias\/wp-json\/wp\/v2\/users\/1"}],"replies":[{"embeddable":true,"href":"https:\/\/www.eldigitaldeasturias.com\/noticias\/wp-json\/wp\/v2\/comments?post=874606"}],"version-history":[{"count":0,"href":"https:\/\/www.eldigitaldeasturias.com\/noticias\/wp-json\/wp\/v2\/posts\/874606\/revisions"}],"wp:featuredmedia":[{"embeddable":true,"href":"https:\/\/www.eldigitaldeasturias.com\/noticias\/wp-json\/wp\/v2\/media\/874607"}],"wp:attachment":[{"href":"https:\/\/www.eldigitaldeasturias.com\/noticias\/wp-json\/wp\/v2\/media?parent=874606"}],"wp:term":[{"taxonomy":"category","embeddable":true,"href":"https:\/\/www.eldigitaldeasturias.com\/noticias\/wp-json\/wp\/v2\/categories?post=874606"},{"taxonomy":"post_tag","embeddable":true,"href":"https:\/\/www.eldigitaldeasturias.com\/noticias\/wp-json\/wp\/v2\/tags?post=874606"}],"curies":[{"name":"wp","href":"https:\/\/api.w.org\/{rel}","templated":true}]}}