{"id":873603,"date":"2016-04-13T19:44:03","date_gmt":"2016-04-13T19:44:03","guid":{"rendered":"http:\/\/www.eldigitaldeasturias.com\/noticias\/?p=873603"},"modified":"2016-04-13T19:44:03","modified_gmt":"2016-04-13T19:44:03","slug":"renee-fleming-regresa-al-teatro-real-de-madrid","status":"publish","type":"post","link":"https:\/\/www.eldigitaldeasturias.com\/noticias\/renee-fleming-regresa-al-teatro-real-de-madrid\/","title":{"rendered":"Ren\u00e9e Fleming regresa al Teatro Real de Madrid"},"content":{"rendered":"<p><img loading=\"lazy\" decoding=\"async\" class=\"alignleft size-medium wp-image-873604\" src=\"https:\/\/www.eldigitaldeasturias.com\/noticias\/wp-content\/uploads\/2016\/04\/fotonoticia_20160413162630_800-245x320.jpg\" alt=\"fotonoticia_20160413162630_800\" width=\"245\" height=\"320\" srcset=\"https:\/\/www.eldigitaldeasturias.com\/noticias\/wp-content\/uploads\/2016\/04\/fotonoticia_20160413162630_800-245x320.jpg 245w, https:\/\/www.eldigitaldeasturias.com\/noticias\/wp-content\/uploads\/2016\/04\/fotonoticia_20160413162630_800-768x1005.jpg 768w, https:\/\/www.eldigitaldeasturias.com\/noticias\/wp-content\/uploads\/2016\/04\/fotonoticia_20160413162630_800-497x650.jpg 497w, https:\/\/www.eldigitaldeasturias.com\/noticias\/wp-content\/uploads\/2016\/04\/fotonoticia_20160413162630_800.jpg 800w\" sizes=\"auto, (max-width: 245px) 100vw, 245px\" \/>La soprano estadounidense Ren\u00e9e Fleming regresa este jueves al Teatro Real de Madrid con un \u00fanico recital en el que interpretar\u00e1 tanto arias de \u00f3pera, como lieder y canciones, con las que abordar\u00e1 las diferentes facetas de sus 25 a\u00f1os de carrera.<\/p>\n<p>Tras cinco lustros de trayectoria, la cantante ha afirmado en declaraciones a Europa Press que se est\u00e1 alejando \u00abdel repertorio est\u00e1ndar\u00bb y que solo se embarca en \u00abproyectos nuevos y estrenos a nivel mundial\u00bb.<\/p>\n<p>\u00abLa \u00f3pera consume mucho tiempo, cada producci\u00f3n lleva un mes o seis semanas, no quer\u00eda seguir haciendo lo mismo y me gusta hacer cosas nuevas, siempre ha sido as\u00ed\u00bb, ha se\u00f1alado la soprano, que ha protagonizado un total de 54 \u00f3peras. \u00abNo es tanto como lo que ha conseguido Pl\u00e1cido Domingo, pero es mucho\u00bb, ha dicho.<\/p>\n<p>Fleming siempre se ha decantado por aquellas producciones que se adecuaban no solo a su \u00abvoz\u00bb y a su \u00abtesitura\u00bb, sino tambi\u00e9n a su \u00abtemperamento\u00bb, tal y como ha explicado. No obstante, ahora ya no tiene que escoger demasiado, sino que los proyectos se adaptan a la soprano, tal y como ha indicado.<\/p>\n<p>La cantante ha explicado que el recital que ofrecer\u00e1 este jueves en el Teatro Real, en el que estar\u00e1 acompa\u00f1ada por el pianista Hartmut H\u00f6ll, estar\u00e1 compuesto por un \u00abrepertorio amplio\u00bb y se podr\u00e1n escuchar piezas de compositores como Mozart, H\u00e4ndel y Schumann.<\/p>\n<p>En concreto, Fleming abrir\u00e1 la noche con el aria de Le nozze di Figaro de Mozart, &#8216;Porgi, amor&#8217;, para dar paso a &#8216;Bel piazere&#8217;, de Agrippina de H\u00e4ndel y completar la primera parte del programa con el ciclo de canciones &#8216;Frauenliebe und Leben&#8217; (&#8216;Amor y vida de mujer&#8217;) de Robert Schumann sobre poemas de Adelbert von Chamisso.<\/p>\n<p>El concierto centra la segunda parte en autores del siglo XIX: Donaudy, Boito, Leoncavallo, Tosti, Oscar Straus, Saint-Sa\u00ebns y, de forma especial, Massenet, cuyas \u00f3peras Th\u00e4is y Manon tanto han dado a Ren\u00e9e Fleming.<\/p>\n","protected":false},"excerpt":{"rendered":"<p>La soprano estadounidense Ren\u00e9e Fleming regresa este jueves al Teatro Real de Madrid con un \u00fanico recital en el que interpretar\u00e1 tanto arias de \u00f3pera, como lieder y canciones, con las que abordar\u00e1 las diferentes facetas de sus 25 a\u00f1os de carrera. Tras cinco lustros de trayectoria, la cantante ha afirmado en declaraciones a Europa [&hellip;]<\/p>\n","protected":false},"author":1,"featured_media":873604,"comment_status":"closed","ping_status":"closed","sticky":false,"template":"","format":"standard","meta":{"footnotes":""},"categories":[1],"tags":[],"class_list":["post-873603","post","type-post","status-publish","format-standard","has-post-thumbnail","hentry","category-actualidad"],"aioseo_notices":[],"aioseo_head":"\n\t\t<!-- All in One SEO Pro 4.9.6.2 - aioseo.com -->\n\t<meta name=\"description\" content=\"La soprano estadounidense Ren\u00e9e Fleming regresa este jueves al Teatro Real de Madrid con un \u00fanico recital en el que interpretar\u00e1 tanto arias de \u00f3pera, como lieder y canciones, con las que abordar\u00e1 las diferentes facetas de sus 25 a\u00f1os de carrera. Tras cinco lustros de trayectoria, la cantante ha afirmado en declaraciones a Europa\" \/>\n\t<meta name=\"robots\" content=\"max-image-preview:large\" \/>\n\t<meta name=\"author\" content=\"El Digital de Asturias\"\/>\n\t<meta name=\"google-site-verification\" content=\"UA-38556648-1\" \/>\n\t<meta name=\"msvalidate.01\" content=\"7dfe9f3f1b24437ab69f4f2559babe99\" \/>\n\t<meta name=\"keywords\" content=\"actualidad\" \/>\n\t<link rel=\"canonical\" href=\"https:\/\/www.eldigitaldeasturias.com\/noticias\/renee-fleming-regresa-al-teatro-real-de-madrid\/\" \/>\n\t<meta name=\"generator\" content=\"All in One SEO Pro (AIOSEO) 4.9.6.2\" \/>\n\t\t<meta property=\"og:locale\" content=\"es_ES\" \/>\n\t\t<meta property=\"og:site_name\" content=\"El Digital de Asturias\" \/>\n\t\t<meta property=\"og:type\" content=\"article\" \/>\n\t\t<meta property=\"og:title\" content=\"Ren\u00e9e Fleming regresa al Teatro Real de Madrid - El Digital de Asturias\" \/>\n\t\t<meta property=\"og:description\" content=\"La soprano estadounidense Ren\u00e9e Fleming regresa este jueves al Teatro Real de Madrid con un \u00fanico recital en el que interpretar\u00e1 tanto arias de \u00f3pera, como lieder y canciones, con las que abordar\u00e1 las diferentes facetas de sus 25 a\u00f1os de carrera. Tras cinco lustros de trayectoria, la cantante ha afirmado en declaraciones a Europa\" \/>\n\t\t<meta property=\"og:url\" content=\"https:\/\/www.eldigitaldeasturias.com\/noticias\/renee-fleming-regresa-al-teatro-real-de-madrid\/\" \/>\n\t\t<meta property=\"og:image\" content=\"https:\/\/www.eldigitaldeasturias.com\/noticias\/wp-content\/uploads\/2016\/04\/fotonoticia_20160413162630_800.jpg\" \/>\n\t\t<meta property=\"og:image:secure_url\" content=\"https:\/\/www.eldigitaldeasturias.com\/noticias\/wp-content\/uploads\/2016\/04\/fotonoticia_20160413162630_800.jpg\" \/>\n\t\t<meta property=\"og:image:width\" content=\"800\" \/>\n\t\t<meta property=\"og:image:height\" content=\"1047\" \/>\n\t\t<meta property=\"article:tag\" content=\"actualidad\" \/>\n\t\t<meta property=\"article:published_time\" content=\"2016-04-13T19:44:03+00:00\" \/>\n\t\t<meta property=\"article:modified_time\" content=\"2016-04-13T19:44:03+00:00\" \/>\n\t\t<meta property=\"article:publisher\" content=\"https:\/\/facebook.com\/eldigitaldeasturias\" \/>\n\t\t<meta name=\"twitter:card\" content=\"summary_large_image\" \/>\n\t\t<meta name=\"twitter:title\" content=\"Ren\u00e9e Fleming regresa al Teatro Real de Madrid - El Digital de Asturias\" \/>\n\t\t<meta name=\"twitter:description\" content=\"La soprano estadounidense Ren\u00e9e Fleming regresa este jueves al Teatro Real de Madrid con un \u00fanico recital en el que interpretar\u00e1 tanto arias de \u00f3pera, como lieder y canciones, con las que abordar\u00e1 las diferentes facetas de sus 25 a\u00f1os de carrera. Tras cinco lustros de trayectoria, la cantante ha afirmado en declaraciones a Europa\" \/>\n\t\t<meta name=\"twitter:image\" content=\"https:\/\/www.eldigitaldeasturias.com\/noticias\/wp-content\/uploads\/2016\/04\/fotonoticia_20160413162630_800.jpg\" \/>\n\t\t<meta name=\"twitter:label1\" content=\"Escrito por\" \/>\n\t\t<meta name=\"twitter:data1\" content=\"El Digital de Asturias\" \/>\n\t\t<meta name=\"twitter:label2\" content=\"Tiempo de lectura estimado\" \/>\n\t\t<meta name=\"twitter:data2\" content=\"2 minutos\" \/>\n\t\t<script type=\"application\/ld+json\" class=\"aioseo-schema\">\n\t\t\t{\"@context\":\"https:\\\/\\\/schema.org\",\"@graph\":[{\"@type\":\"BlogPosting\",\"@id\":\"https:\\\/\\\/www.eldigitaldeasturias.com\\\/noticias\\\/renee-fleming-regresa-al-teatro-real-de-madrid\\\/#blogposting\",\"name\":\"Ren\\u00e9e Fleming regresa al Teatro Real de Madrid - El Digital de Asturias\",\"headline\":\"Ren\\u00e9e Fleming regresa al Teatro Real de Madrid\",\"author\":{\"@id\":\"https:\\\/\\\/www.eldigitaldeasturias.com\\\/noticias\\\/author\\\/admin\\\/#author\"},\"publisher\":{\"@id\":\"https:\\\/\\\/www.eldigitaldeasturias.com\\\/noticias\\\/#organization\"},\"image\":{\"@type\":\"ImageObject\",\"url\":\"https:\\\/\\\/www.eldigitaldeasturias.com\\\/noticias\\\/wp-content\\\/uploads\\\/2016\\\/04\\\/fotonoticia_20160413162630_800.jpg\",\"width\":800,\"height\":1047},\"datePublished\":\"2016-04-13T19:44:03+02:00\",\"dateModified\":\"2016-04-13T19:44:03+02:00\",\"inLanguage\":\"es-ES\",\"mainEntityOfPage\":{\"@id\":\"https:\\\/\\\/www.eldigitaldeasturias.com\\\/noticias\\\/renee-fleming-regresa-al-teatro-real-de-madrid\\\/#webpage\"},\"isPartOf\":{\"@id\":\"https:\\\/\\\/www.eldigitaldeasturias.com\\\/noticias\\\/renee-fleming-regresa-al-teatro-real-de-madrid\\\/#webpage\"},\"articleSection\":\"Actualidad\"},{\"@type\":\"BreadcrumbList\",\"@id\":\"https:\\\/\\\/www.eldigitaldeasturias.com\\\/noticias\\\/renee-fleming-regresa-al-teatro-real-de-madrid\\\/#breadcrumblist\",\"itemListElement\":[{\"@type\":\"ListItem\",\"@id\":\"https:\\\/\\\/www.eldigitaldeasturias.com\\\/noticias#listItem\",\"position\":1,\"name\":\"Home\",\"item\":\"https:\\\/\\\/www.eldigitaldeasturias.com\\\/noticias\",\"nextItem\":{\"@type\":\"ListItem\",\"@id\":\"https:\\\/\\\/www.eldigitaldeasturias.com\\\/noticias\\\/category\\\/actualidad\\\/#listItem\",\"name\":\"Actualidad\"}},{\"@type\":\"ListItem\",\"@id\":\"https:\\\/\\\/www.eldigitaldeasturias.com\\\/noticias\\\/category\\\/actualidad\\\/#listItem\",\"position\":2,\"name\":\"Actualidad\",\"item\":\"https:\\\/\\\/www.eldigitaldeasturias.com\\\/noticias\\\/category\\\/actualidad\\\/\",\"nextItem\":{\"@type\":\"ListItem\",\"@id\":\"https:\\\/\\\/www.eldigitaldeasturias.com\\\/noticias\\\/renee-fleming-regresa-al-teatro-real-de-madrid\\\/#listItem\",\"name\":\"Ren\\u00e9e Fleming regresa al Teatro Real de Madrid\"},\"previousItem\":{\"@type\":\"ListItem\",\"@id\":\"https:\\\/\\\/www.eldigitaldeasturias.com\\\/noticias#listItem\",\"name\":\"Home\"}},{\"@type\":\"ListItem\",\"@id\":\"https:\\\/\\\/www.eldigitaldeasturias.com\\\/noticias\\\/renee-fleming-regresa-al-teatro-real-de-madrid\\\/#listItem\",\"position\":3,\"name\":\"Ren\\u00e9e Fleming regresa al Teatro Real de Madrid\",\"previousItem\":{\"@type\":\"ListItem\",\"@id\":\"https:\\\/\\\/www.eldigitaldeasturias.com\\\/noticias\\\/category\\\/actualidad\\\/#listItem\",\"name\":\"Actualidad\"}}]},{\"@type\":\"Organization\",\"@id\":\"https:\\\/\\\/www.eldigitaldeasturias.com\\\/noticias\\\/#organization\",\"name\":\"El Digital de Asturias\",\"description\":\"Hemeroteca\",\"url\":\"https:\\\/\\\/www.eldigitaldeasturias.com\\\/noticias\\\/\",\"email\":\"info@eldigitaldeasturias.com\",\"telephone\":\"+34652131393\",\"logo\":{\"@type\":\"ImageObject\",\"url\":\"https:\\\/\\\/www.eldigitaldeasturias.com\\\/noticias\\\/wp-content\\\/uploads\\\/2020\\\/12\\\/EDA.jpg\",\"@id\":\"https:\\\/\\\/www.eldigitaldeasturias.com\\\/noticias\\\/renee-fleming-regresa-al-teatro-real-de-madrid\\\/#organizationLogo\",\"width\":649,\"height\":297},\"image\":{\"@id\":\"https:\\\/\\\/www.eldigitaldeasturias.com\\\/noticias\\\/renee-fleming-regresa-al-teatro-real-de-madrid\\\/#organizationLogo\"},\"sameAs\":[\"https:\\\/\\\/facebook.com\\\/eldigitaldeasturias\",\"https:\\\/\\\/www.youtube.com\\\/channel\\\/UCZP-2wLEB9Rv6erhFmqVnvg\"],\"address\":{\"@id\":\"https:\\\/\\\/www.eldigitaldeasturias.com\\\/noticias\\\/#postaladdress\",\"@type\":\"PostalAddress\",\"streetAddress\":\"san antonio 4,\",\"postalCode\":\"33430\",\"addressLocality\":\"Cand\\u00e1s\",\"addressRegion\":\"Asturias\",\"addressCountry\":\"ES\"}},{\"@type\":\"Person\",\"@id\":\"https:\\\/\\\/www.eldigitaldeasturias.com\\\/noticias\\\/author\\\/admin\\\/#author\",\"url\":\"https:\\\/\\\/www.eldigitaldeasturias.com\\\/noticias\\\/author\\\/admin\\\/\",\"name\":\"El Digital de Asturias\",\"image\":{\"@type\":\"ImageObject\",\"@id\":\"https:\\\/\\\/www.eldigitaldeasturias.com\\\/noticias\\\/renee-fleming-regresa-al-teatro-real-de-madrid\\\/#authorImage\",\"url\":\"https:\\\/\\\/www.eldigitaldeasturias.com\\\/noticias\\\/wp-content\\\/litespeed\\\/avatar\\\/18677e78aa0546b92d9dbf31ec7d7668.jpg?ver=1777290358\",\"width\":96,\"height\":96,\"caption\":\"El Digital de Asturias\"}},{\"@type\":\"WebPage\",\"@id\":\"https:\\\/\\\/www.eldigitaldeasturias.com\\\/noticias\\\/renee-fleming-regresa-al-teatro-real-de-madrid\\\/#webpage\",\"url\":\"https:\\\/\\\/www.eldigitaldeasturias.com\\\/noticias\\\/renee-fleming-regresa-al-teatro-real-de-madrid\\\/\",\"name\":\"Ren\\u00e9e Fleming regresa al Teatro Real de Madrid - El Digital de Asturias\",\"description\":\"La soprano estadounidense Ren\\u00e9e Fleming regresa este jueves al Teatro Real de Madrid con un \\u00fanico recital en el que interpretar\\u00e1 tanto arias de \\u00f3pera, como lieder y canciones, con las que abordar\\u00e1 las diferentes facetas de sus 25 a\\u00f1os de carrera. Tras cinco lustros de trayectoria, la cantante ha afirmado en declaraciones a Europa\",\"inLanguage\":\"es-ES\",\"isPartOf\":{\"@id\":\"https:\\\/\\\/www.eldigitaldeasturias.com\\\/noticias\\\/#website\"},\"breadcrumb\":{\"@id\":\"https:\\\/\\\/www.eldigitaldeasturias.com\\\/noticias\\\/renee-fleming-regresa-al-teatro-real-de-madrid\\\/#breadcrumblist\"},\"author\":{\"@id\":\"https:\\\/\\\/www.eldigitaldeasturias.com\\\/noticias\\\/author\\\/admin\\\/#author\"},\"creator\":{\"@id\":\"https:\\\/\\\/www.eldigitaldeasturias.com\\\/noticias\\\/author\\\/admin\\\/#author\"},\"image\":{\"@type\":\"ImageObject\",\"url\":\"https:\\\/\\\/www.eldigitaldeasturias.com\\\/noticias\\\/wp-content\\\/uploads\\\/2016\\\/04\\\/fotonoticia_20160413162630_800.jpg\",\"@id\":\"https:\\\/\\\/www.eldigitaldeasturias.com\\\/noticias\\\/renee-fleming-regresa-al-teatro-real-de-madrid\\\/#mainImage\",\"width\":800,\"height\":1047},\"primaryImageOfPage\":{\"@id\":\"https:\\\/\\\/www.eldigitaldeasturias.com\\\/noticias\\\/renee-fleming-regresa-al-teatro-real-de-madrid\\\/#mainImage\"},\"datePublished\":\"2016-04-13T19:44:03+02:00\",\"dateModified\":\"2016-04-13T19:44:03+02:00\"},{\"@type\":\"WebSite\",\"@id\":\"https:\\\/\\\/www.eldigitaldeasturias.com\\\/noticias\\\/#website\",\"url\":\"https:\\\/\\\/www.eldigitaldeasturias.com\\\/noticias\\\/\",\"name\":\"El Digital de Asturias - Diario de actualidad y noticias\",\"alternateName\":\"El Digital de Asturias - Diario de actualidad y noticias\",\"description\":\"Hemeroteca\",\"inLanguage\":\"es-ES\",\"publisher\":{\"@id\":\"https:\\\/\\\/www.eldigitaldeasturias.com\\\/noticias\\\/#organization\"}}]}\n\t\t<\/script>\n\t\t<!-- All in One SEO Pro -->\r\n\t\t<title>Ren\u00e9e Fleming regresa al Teatro Real de Madrid - El Digital de Asturias<\/title>\n\n","aioseo_head_json":{"title":"Ren\u00e9e Fleming regresa al Teatro Real de Madrid - El Digital de Asturias","description":"La soprano estadounidense Ren\u00e9e Fleming regresa este jueves al Teatro Real de Madrid con un \u00fanico recital en el que interpretar\u00e1 tanto arias de \u00f3pera, como lieder y canciones, con las que abordar\u00e1 las diferentes facetas de sus 25 a\u00f1os de carrera. Tras cinco lustros de trayectoria, la cantante ha afirmado en declaraciones a Europa","canonical_url":"https:\/\/www.eldigitaldeasturias.com\/noticias\/renee-fleming-regresa-al-teatro-real-de-madrid\/","robots":"max-image-preview:large","keywords":"actualidad","webmasterTools":{"google-site-verification":"UA-38556648-1","msvalidate.01":"7dfe9f3f1b24437ab69f4f2559babe99","miscellaneous":""},"schema":{"@context":"https:\/\/schema.org","@graph":[{"@type":"BlogPosting","@id":"https:\/\/www.eldigitaldeasturias.com\/noticias\/renee-fleming-regresa-al-teatro-real-de-madrid\/#blogposting","name":"Ren\u00e9e Fleming regresa al Teatro Real de Madrid - El Digital de Asturias","headline":"Ren\u00e9e Fleming regresa al Teatro Real de Madrid","author":{"@id":"https:\/\/www.eldigitaldeasturias.com\/noticias\/author\/admin\/#author"},"publisher":{"@id":"https:\/\/www.eldigitaldeasturias.com\/noticias\/#organization"},"image":{"@type":"ImageObject","url":"https:\/\/www.eldigitaldeasturias.com\/noticias\/wp-content\/uploads\/2016\/04\/fotonoticia_20160413162630_800.jpg","width":800,"height":1047},"datePublished":"2016-04-13T19:44:03+02:00","dateModified":"2016-04-13T19:44:03+02:00","inLanguage":"es-ES","mainEntityOfPage":{"@id":"https:\/\/www.eldigitaldeasturias.com\/noticias\/renee-fleming-regresa-al-teatro-real-de-madrid\/#webpage"},"isPartOf":{"@id":"https:\/\/www.eldigitaldeasturias.com\/noticias\/renee-fleming-regresa-al-teatro-real-de-madrid\/#webpage"},"articleSection":"Actualidad"},{"@type":"BreadcrumbList","@id":"https:\/\/www.eldigitaldeasturias.com\/noticias\/renee-fleming-regresa-al-teatro-real-de-madrid\/#breadcrumblist","itemListElement":[{"@type":"ListItem","@id":"https:\/\/www.eldigitaldeasturias.com\/noticias#listItem","position":1,"name":"Home","item":"https:\/\/www.eldigitaldeasturias.com\/noticias","nextItem":{"@type":"ListItem","@id":"https:\/\/www.eldigitaldeasturias.com\/noticias\/category\/actualidad\/#listItem","name":"Actualidad"}},{"@type":"ListItem","@id":"https:\/\/www.eldigitaldeasturias.com\/noticias\/category\/actualidad\/#listItem","position":2,"name":"Actualidad","item":"https:\/\/www.eldigitaldeasturias.com\/noticias\/category\/actualidad\/","nextItem":{"@type":"ListItem","@id":"https:\/\/www.eldigitaldeasturias.com\/noticias\/renee-fleming-regresa-al-teatro-real-de-madrid\/#listItem","name":"Ren\u00e9e Fleming regresa al Teatro Real de Madrid"},"previousItem":{"@type":"ListItem","@id":"https:\/\/www.eldigitaldeasturias.com\/noticias#listItem","name":"Home"}},{"@type":"ListItem","@id":"https:\/\/www.eldigitaldeasturias.com\/noticias\/renee-fleming-regresa-al-teatro-real-de-madrid\/#listItem","position":3,"name":"Ren\u00e9e Fleming regresa al Teatro Real de Madrid","previousItem":{"@type":"ListItem","@id":"https:\/\/www.eldigitaldeasturias.com\/noticias\/category\/actualidad\/#listItem","name":"Actualidad"}}]},{"@type":"Organization","@id":"https:\/\/www.eldigitaldeasturias.com\/noticias\/#organization","name":"El Digital de Asturias","description":"Hemeroteca","url":"https:\/\/www.eldigitaldeasturias.com\/noticias\/","email":"info@eldigitaldeasturias.com","telephone":"+34652131393","logo":{"@type":"ImageObject","url":"https:\/\/www.eldigitaldeasturias.com\/noticias\/wp-content\/uploads\/2020\/12\/EDA.jpg","@id":"https:\/\/www.eldigitaldeasturias.com\/noticias\/renee-fleming-regresa-al-teatro-real-de-madrid\/#organizationLogo","width":649,"height":297},"image":{"@id":"https:\/\/www.eldigitaldeasturias.com\/noticias\/renee-fleming-regresa-al-teatro-real-de-madrid\/#organizationLogo"},"sameAs":["https:\/\/facebook.com\/eldigitaldeasturias","https:\/\/www.youtube.com\/channel\/UCZP-2wLEB9Rv6erhFmqVnvg"],"address":{"@id":"https:\/\/www.eldigitaldeasturias.com\/noticias\/#postaladdress","@type":"PostalAddress","streetAddress":"san antonio 4,","postalCode":"33430","addressLocality":"Cand\u00e1s","addressRegion":"Asturias","addressCountry":"ES"}},{"@type":"Person","@id":"https:\/\/www.eldigitaldeasturias.com\/noticias\/author\/admin\/#author","url":"https:\/\/www.eldigitaldeasturias.com\/noticias\/author\/admin\/","name":"El Digital de Asturias","image":{"@type":"ImageObject","@id":"https:\/\/www.eldigitaldeasturias.com\/noticias\/renee-fleming-regresa-al-teatro-real-de-madrid\/#authorImage","url":"https:\/\/www.eldigitaldeasturias.com\/noticias\/wp-content\/litespeed\/avatar\/18677e78aa0546b92d9dbf31ec7d7668.jpg?ver=1777290358","width":96,"height":96,"caption":"El Digital de Asturias"}},{"@type":"WebPage","@id":"https:\/\/www.eldigitaldeasturias.com\/noticias\/renee-fleming-regresa-al-teatro-real-de-madrid\/#webpage","url":"https:\/\/www.eldigitaldeasturias.com\/noticias\/renee-fleming-regresa-al-teatro-real-de-madrid\/","name":"Ren\u00e9e Fleming regresa al Teatro Real de Madrid - El Digital de Asturias","description":"La soprano estadounidense Ren\u00e9e Fleming regresa este jueves al Teatro Real de Madrid con un \u00fanico recital en el que interpretar\u00e1 tanto arias de \u00f3pera, como lieder y canciones, con las que abordar\u00e1 las diferentes facetas de sus 25 a\u00f1os de carrera. Tras cinco lustros de trayectoria, la cantante ha afirmado en declaraciones a Europa","inLanguage":"es-ES","isPartOf":{"@id":"https:\/\/www.eldigitaldeasturias.com\/noticias\/#website"},"breadcrumb":{"@id":"https:\/\/www.eldigitaldeasturias.com\/noticias\/renee-fleming-regresa-al-teatro-real-de-madrid\/#breadcrumblist"},"author":{"@id":"https:\/\/www.eldigitaldeasturias.com\/noticias\/author\/admin\/#author"},"creator":{"@id":"https:\/\/www.eldigitaldeasturias.com\/noticias\/author\/admin\/#author"},"image":{"@type":"ImageObject","url":"https:\/\/www.eldigitaldeasturias.com\/noticias\/wp-content\/uploads\/2016\/04\/fotonoticia_20160413162630_800.jpg","@id":"https:\/\/www.eldigitaldeasturias.com\/noticias\/renee-fleming-regresa-al-teatro-real-de-madrid\/#mainImage","width":800,"height":1047},"primaryImageOfPage":{"@id":"https:\/\/www.eldigitaldeasturias.com\/noticias\/renee-fleming-regresa-al-teatro-real-de-madrid\/#mainImage"},"datePublished":"2016-04-13T19:44:03+02:00","dateModified":"2016-04-13T19:44:03+02:00"},{"@type":"WebSite","@id":"https:\/\/www.eldigitaldeasturias.com\/noticias\/#website","url":"https:\/\/www.eldigitaldeasturias.com\/noticias\/","name":"El Digital de Asturias - Diario de actualidad y noticias","alternateName":"El Digital de Asturias - Diario de actualidad y noticias","description":"Hemeroteca","inLanguage":"es-ES","publisher":{"@id":"https:\/\/www.eldigitaldeasturias.com\/noticias\/#organization"}}]},"og:locale":"es_ES","og:site_name":"El Digital de Asturias","og:type":"article","og:title":"Ren\u00e9e Fleming regresa al Teatro Real de Madrid - El Digital de Asturias","og:description":"La soprano estadounidense Ren\u00e9e Fleming regresa este jueves al Teatro Real de Madrid con un \u00fanico recital en el que interpretar\u00e1 tanto arias de \u00f3pera, como lieder y canciones, con las que abordar\u00e1 las diferentes facetas de sus 25 a\u00f1os de carrera. Tras cinco lustros de trayectoria, la cantante ha afirmado en declaraciones a Europa","og:url":"https:\/\/www.eldigitaldeasturias.com\/noticias\/renee-fleming-regresa-al-teatro-real-de-madrid\/","og:image":"https:\/\/www.eldigitaldeasturias.com\/noticias\/wp-content\/uploads\/2016\/04\/fotonoticia_20160413162630_800.jpg","og:image:secure_url":"https:\/\/www.eldigitaldeasturias.com\/noticias\/wp-content\/uploads\/2016\/04\/fotonoticia_20160413162630_800.jpg","og:image:width":800,"og:image:height":1047,"article:tag":["actualidad"],"article:published_time":"2016-04-13T19:44:03+00:00","article:modified_time":"2016-04-13T19:44:03+00:00","article:publisher":"https:\/\/facebook.com\/eldigitaldeasturias","twitter:card":"summary_large_image","twitter:title":"Ren\u00e9e Fleming regresa al Teatro Real de Madrid - El Digital de Asturias","twitter:description":"La soprano estadounidense Ren\u00e9e Fleming regresa este jueves al Teatro Real de Madrid con un \u00fanico recital en el que interpretar\u00e1 tanto arias de \u00f3pera, como lieder y canciones, con las que abordar\u00e1 las diferentes facetas de sus 25 a\u00f1os de carrera. Tras cinco lustros de trayectoria, la cantante ha afirmado en declaraciones a Europa","twitter:image":"https:\/\/www.eldigitaldeasturias.com\/noticias\/wp-content\/uploads\/2016\/04\/fotonoticia_20160413162630_800.jpg","twitter:label1":"Escrito por","twitter:data1":"El Digital de Asturias","twitter:label2":"Tiempo de lectura estimado","twitter:data2":"2 minutos"},"aioseo_meta_data":{"post_id":"873603","title":null,"description":null,"keywords":null,"keyphrases":null,"primary_term":null,"canonical_url":null,"og_title":null,"og_description":null,"og_object_type":"default","og_image_type":"default","og_image_url":null,"og_image_width":null,"og_image_height":null,"og_image_custom_url":null,"og_image_custom_fields":null,"og_video":null,"og_custom_url":null,"og_article_section":null,"og_article_tags":null,"twitter_use_og":false,"twitter_card":"default","twitter_image_type":"default","twitter_image_url":null,"twitter_image_custom_url":null,"twitter_image_custom_fields":null,"twitter_title":null,"twitter_description":null,"schema":{"blockGraphs":[],"customGraphs":[],"default":{"data":{"Article":[],"Course":[],"Dataset":[],"FAQPage":[],"Movie":[],"Person":[],"Product":[],"ProductReview":[],"Car":[],"Recipe":[],"Service":[],"SoftwareApplication":[],"WebPage":[]},"graphName":"","isEnabled":true},"graphs":[],"defaultGraph":"","defaultPostTypeGraph":""},"schema_type":null,"schema_type_options":null,"pillar_content":false,"robots_default":true,"robots_noindex":false,"robots_noarchive":false,"robots_nosnippet":false,"robots_nofollow":false,"robots_noimageindex":false,"robots_noodp":false,"robots_notranslate":false,"robots_max_snippet":null,"robots_max_videopreview":null,"robots_max_imagepreview":"large","priority":null,"frequency":null,"local_seo":null,"seo_analyzer_scan_date":"2025-11-08 22:35:11","breadcrumb_settings":null,"limit_modified_date":false,"open_ai":null,"ai":null,"created":"2021-01-22 18:33:52","updated":"2025-11-08 22:35:11"},"aioseo_breadcrumb":"<div class=\"aioseo-breadcrumbs\"><span class=\"aioseo-breadcrumb\">\n\t<a href=\"https:\/\/www.eldigitaldeasturias.com\/noticias\" title=\"Home\">Home<\/a>\n<\/span><span class=\"aioseo-breadcrumb-separator\">\u2013<\/span><span class=\"aioseo-breadcrumb\">\n\t<a href=\"https:\/\/www.eldigitaldeasturias.com\/noticias\/category\/actualidad\/\" title=\"Actualidad\">Actualidad<\/a>\n<\/span><span class=\"aioseo-breadcrumb-separator\">\u2013<\/span><span class=\"aioseo-breadcrumb\">\n\t<a href=\"https:\/\/www.eldigitaldeasturias.com\/noticias\/renee-fleming-regresa-al-teatro-real-de-madrid\/\" title=\"Ren\u00e9e Fleming regresa al Teatro Real de Madrid\">Ren\u00e9e Fleming regresa al Teatro Real de Madrid<\/a>\n<\/span><\/div>","aioseo_breadcrumb_json":[{"label":"Home","link":"https:\/\/www.eldigitaldeasturias.com\/noticias"},{"label":"Actualidad","link":"https:\/\/www.eldigitaldeasturias.com\/noticias\/category\/actualidad\/"},{"label":"Ren\u00e9e Fleming regresa al Teatro Real de Madrid","link":"https:\/\/www.eldigitaldeasturias.com\/noticias\/renee-fleming-regresa-al-teatro-real-de-madrid\/"}],"_links":{"self":[{"href":"https:\/\/www.eldigitaldeasturias.com\/noticias\/wp-json\/wp\/v2\/posts\/873603","targetHints":{"allow":["GET"]}}],"collection":[{"href":"https:\/\/www.eldigitaldeasturias.com\/noticias\/wp-json\/wp\/v2\/posts"}],"about":[{"href":"https:\/\/www.eldigitaldeasturias.com\/noticias\/wp-json\/wp\/v2\/types\/post"}],"author":[{"embeddable":true,"href":"https:\/\/www.eldigitaldeasturias.com\/noticias\/wp-json\/wp\/v2\/users\/1"}],"replies":[{"embeddable":true,"href":"https:\/\/www.eldigitaldeasturias.com\/noticias\/wp-json\/wp\/v2\/comments?post=873603"}],"version-history":[{"count":0,"href":"https:\/\/www.eldigitaldeasturias.com\/noticias\/wp-json\/wp\/v2\/posts\/873603\/revisions"}],"wp:featuredmedia":[{"embeddable":true,"href":"https:\/\/www.eldigitaldeasturias.com\/noticias\/wp-json\/wp\/v2\/media\/873604"}],"wp:attachment":[{"href":"https:\/\/www.eldigitaldeasturias.com\/noticias\/wp-json\/wp\/v2\/media?parent=873603"}],"wp:term":[{"taxonomy":"category","embeddable":true,"href":"https:\/\/www.eldigitaldeasturias.com\/noticias\/wp-json\/wp\/v2\/categories?post=873603"},{"taxonomy":"post_tag","embeddable":true,"href":"https:\/\/www.eldigitaldeasturias.com\/noticias\/wp-json\/wp\/v2\/tags?post=873603"}],"curies":[{"name":"wp","href":"https:\/\/api.w.org\/{rel}","templated":true}]}}