{"id":870181,"date":"2016-03-31T01:02:32","date_gmt":"2016-03-31T01:02:32","guid":{"rendered":"http:\/\/www.eldigitaldeasturias.com\/noticias\/?p=870181"},"modified":"2016-03-31T01:02:32","modified_gmt":"2016-03-31T01:02:32","slug":"ccoo-califica-como-alto-el-seguimiento-de-la-huelga-de-los-trabajadores-de-correos","status":"publish","type":"post","link":"https:\/\/www.eldigitaldeasturias.com\/noticias\/ccoo-califica-como-alto-el-seguimiento-de-la-huelga-de-los-trabajadores-de-correos\/","title":{"rendered":"CCOO califica como \u00abalto\u00bb el seguimiento de la huelga de los trabajadores de Correos"},"content":{"rendered":"<p><img loading=\"lazy\" decoding=\"async\" class=\"alignleft size-medium wp-image-870047\" src=\"https:\/\/www.eldigitaldeasturias.com\/noticias\/wp-content\/uploads\/2016\/03\/fotonoticia_20160329130029_800-360x202.jpg\" alt=\"fotonoticia_20160329130029_800\" width=\"360\" height=\"202\" srcset=\"https:\/\/www.eldigitaldeasturias.com\/noticias\/wp-content\/uploads\/2016\/03\/fotonoticia_20160329130029_800-360x202.jpg 360w, https:\/\/www.eldigitaldeasturias.com\/noticias\/wp-content\/uploads\/2016\/03\/fotonoticia_20160329130029_800-768x431.jpg 768w, https:\/\/www.eldigitaldeasturias.com\/noticias\/wp-content\/uploads\/2016\/03\/fotonoticia_20160329130029_800-650x365.jpg 650w, https:\/\/www.eldigitaldeasturias.com\/noticias\/wp-content\/uploads\/2016\/03\/fotonoticia_20160329130029_800.jpg 800w\" sizes=\"auto, (max-width: 360px) 100vw, 360px\" \/>Los trabajadores de Correos de las unidades de reparto uno y dos de Oviedo han secundado la concentraci\u00f3n realizada en la puerta del centro de trabajo para mostrar su rechazo al plan previsto por la direcci\u00f3n de la empresa de eliminar 10 secciones de distribuci\u00f3n en las unidades citadas para mediados del pr\u00f3ximo mes de abril lo que va a suponer la destrucci\u00f3n de un 15 por ciento de empleo fijo en toda la capital.<\/p>\n<p>Seg\u00fan indica CCOO en una nota de prensa, Correos \u00abno puede, como \u00fanica receta para el ahorro de costes, seguir aplicando cambios organizativos y recortes de plantilla en unidades que ya van sobrepasadas de trabajo y menos hacerlo sin consensuar con las organizaciones sindicales, ni acudir a f\u00f3rmulas de empleo precario ni obligar a los trabajadores a cargar sobre sus espaldas la falta de personal\u00bb.<\/p>\n<p>Adem\u00e1s, el sindicato ha calificado de \u00abb\u00e1rbaros y disparatados\u00bb los recortes en plantilla y afirman que ser\u00e1n los ciudadanos \u00abquienes sufran las consecuencias al ver reducidas las frecuencias del reparto de correspondencia en sus domicilios a una o dos veces por semana en lugar de las cinco\u00bb que se est\u00e1n realizando ahora.<\/p>\n<p>Para la delegada sindical de CCOO Correos en Asturias, Victoria Zabaleta, la empresa ha realizado una \u00abnefasta gesti\u00f3n en la comunidad por la severa supresi\u00f3n de plantilla fija y la reducci\u00f3n de la contrataci\u00f3n\u00bb. Asimismo el sindicato ha advertido de que \u00abexiste una agenda oculta en Correos que quiere implantar miles de mini-jobs, lo que dar\u00eda la puntilla a la empresa de forma definitiva, puesto que ello conllevar\u00eda mini-derechos, mini-empleo, mini-salario (500 euros) y mini-servicio a los ciudadanos\u00bb.<\/p>\n","protected":false},"excerpt":{"rendered":"<p>Los trabajadores de Correos de las unidades de reparto uno y dos de Oviedo han secundado la concentraci\u00f3n realizada en la puerta del centro de trabajo para mostrar su rechazo al plan previsto por la direcci\u00f3n de la empresa de eliminar 10 secciones de distribuci\u00f3n en las unidades citadas para mediados del pr\u00f3ximo mes de [&hellip;]<\/p>\n","protected":false},"author":1,"featured_media":870047,"comment_status":"closed","ping_status":"closed","sticky":false,"template":"","format":"standard","meta":{"footnotes":""},"categories":[12],"tags":[],"class_list":["post-870181","post","type-post","status-publish","format-standard","has-post-thumbnail","hentry","category-actualidad-asturias"],"aioseo_notices":[],"aioseo_head":"\n\t\t<!-- All in One SEO Pro 4.9.6.2 - aioseo.com -->\n\t<meta name=\"description\" content=\"Los trabajadores de Correos de las unidades de reparto uno y dos de Oviedo han secundado la concentraci\u00f3n realizada en la puerta del centro de trabajo para mostrar su rechazo al plan previsto por la direcci\u00f3n de la empresa de eliminar 10 secciones de distribuci\u00f3n en las unidades citadas para mediados del pr\u00f3ximo mes de\" \/>\n\t<meta name=\"robots\" content=\"max-image-preview:large\" \/>\n\t<meta name=\"author\" content=\"El Digital de Asturias\"\/>\n\t<meta name=\"google-site-verification\" content=\"UA-38556648-1\" \/>\n\t<meta name=\"msvalidate.01\" content=\"7dfe9f3f1b24437ab69f4f2559babe99\" \/>\n\t<meta name=\"keywords\" content=\"actualidad asturias\" \/>\n\t<link rel=\"canonical\" href=\"https:\/\/www.eldigitaldeasturias.com\/noticias\/ccoo-califica-como-alto-el-seguimiento-de-la-huelga-de-los-trabajadores-de-correos\/\" \/>\n\t<meta name=\"generator\" content=\"All in One SEO Pro (AIOSEO) 4.9.6.2\" \/>\n\t\t<meta property=\"og:locale\" content=\"es_ES\" \/>\n\t\t<meta property=\"og:site_name\" content=\"El Digital de Asturias\" \/>\n\t\t<meta property=\"og:type\" content=\"article\" \/>\n\t\t<meta property=\"og:title\" content=\"CCOO califica como \u00abalto\u00bb el seguimiento de la huelga de los trabajadores de Correos - El Digital de Asturias\" \/>\n\t\t<meta property=\"og:description\" content=\"Los trabajadores de Correos de las unidades de reparto uno y dos de Oviedo han secundado la concentraci\u00f3n realizada en la puerta del centro de trabajo para mostrar su rechazo al plan previsto por la direcci\u00f3n de la empresa de eliminar 10 secciones de distribuci\u00f3n en las unidades citadas para mediados del pr\u00f3ximo mes de\" \/>\n\t\t<meta property=\"og:url\" content=\"https:\/\/www.eldigitaldeasturias.com\/noticias\/ccoo-califica-como-alto-el-seguimiento-de-la-huelga-de-los-trabajadores-de-correos\/\" \/>\n\t\t<meta property=\"og:image\" content=\"https:\/\/www.eldigitaldeasturias.com\/noticias\/wp-content\/uploads\/2016\/03\/fotonoticia_20160329130029_800.jpg\" \/>\n\t\t<meta property=\"og:image:secure_url\" content=\"https:\/\/www.eldigitaldeasturias.com\/noticias\/wp-content\/uploads\/2016\/03\/fotonoticia_20160329130029_800.jpg\" \/>\n\t\t<meta property=\"og:image:width\" content=\"800\" \/>\n\t\t<meta property=\"og:image:height\" content=\"449\" \/>\n\t\t<meta property=\"article:tag\" content=\"actualidad asturias\" \/>\n\t\t<meta property=\"article:published_time\" content=\"2016-03-31T01:02:32+00:00\" \/>\n\t\t<meta property=\"article:modified_time\" content=\"2016-03-31T01:02:32+00:00\" \/>\n\t\t<meta property=\"article:publisher\" content=\"https:\/\/facebook.com\/eldigitaldeasturias\" \/>\n\t\t<meta name=\"twitter:card\" content=\"summary_large_image\" \/>\n\t\t<meta name=\"twitter:title\" content=\"CCOO califica como \u00abalto\u00bb el seguimiento de la huelga de los trabajadores de Correos - El Digital de Asturias\" \/>\n\t\t<meta name=\"twitter:description\" content=\"Los trabajadores de Correos de las unidades de reparto uno y dos de Oviedo han secundado la concentraci\u00f3n realizada en la puerta del centro de trabajo para mostrar su rechazo al plan previsto por la direcci\u00f3n de la empresa de eliminar 10 secciones de distribuci\u00f3n en las unidades citadas para mediados del pr\u00f3ximo mes de\" \/>\n\t\t<meta name=\"twitter:image\" content=\"https:\/\/www.eldigitaldeasturias.com\/noticias\/wp-content\/uploads\/2016\/03\/fotonoticia_20160329130029_800.jpg\" \/>\n\t\t<meta name=\"twitter:label1\" content=\"Escrito por\" \/>\n\t\t<meta name=\"twitter:data1\" content=\"El Digital de Asturias\" \/>\n\t\t<meta name=\"twitter:label2\" content=\"Tiempo de lectura estimado\" \/>\n\t\t<meta name=\"twitter:data2\" content=\"1 minuto\" \/>\n\t\t<script type=\"application\/ld+json\" class=\"aioseo-schema\">\n\t\t\t{\"@context\":\"https:\\\/\\\/schema.org\",\"@graph\":[{\"@type\":\"BlogPosting\",\"@id\":\"https:\\\/\\\/www.eldigitaldeasturias.com\\\/noticias\\\/ccoo-califica-como-alto-el-seguimiento-de-la-huelga-de-los-trabajadores-de-correos\\\/#blogposting\",\"name\":\"CCOO califica como \\u00abalto\\u00bb el seguimiento de la huelga de los trabajadores de Correos - El Digital de Asturias\",\"headline\":\"CCOO califica como \\u00abalto\\u00bb el seguimiento de la huelga de los trabajadores de Correos\",\"author\":{\"@id\":\"https:\\\/\\\/www.eldigitaldeasturias.com\\\/noticias\\\/author\\\/admin\\\/#author\"},\"publisher\":{\"@id\":\"https:\\\/\\\/www.eldigitaldeasturias.com\\\/noticias\\\/#organization\"},\"image\":{\"@type\":\"ImageObject\",\"url\":\"https:\\\/\\\/www.eldigitaldeasturias.com\\\/noticias\\\/wp-content\\\/uploads\\\/2016\\\/03\\\/fotonoticia_20160329130029_800.jpg\",\"width\":800,\"height\":449},\"datePublished\":\"2016-03-31T01:02:32+02:00\",\"dateModified\":\"2016-03-31T01:02:32+02:00\",\"inLanguage\":\"es-ES\",\"mainEntityOfPage\":{\"@id\":\"https:\\\/\\\/www.eldigitaldeasturias.com\\\/noticias\\\/ccoo-califica-como-alto-el-seguimiento-de-la-huelga-de-los-trabajadores-de-correos\\\/#webpage\"},\"isPartOf\":{\"@id\":\"https:\\\/\\\/www.eldigitaldeasturias.com\\\/noticias\\\/ccoo-califica-como-alto-el-seguimiento-de-la-huelga-de-los-trabajadores-de-correos\\\/#webpage\"},\"articleSection\":\"Actualidad Asturias\"},{\"@type\":\"BreadcrumbList\",\"@id\":\"https:\\\/\\\/www.eldigitaldeasturias.com\\\/noticias\\\/ccoo-califica-como-alto-el-seguimiento-de-la-huelga-de-los-trabajadores-de-correos\\\/#breadcrumblist\",\"itemListElement\":[{\"@type\":\"ListItem\",\"@id\":\"https:\\\/\\\/www.eldigitaldeasturias.com\\\/noticias#listItem\",\"position\":1,\"name\":\"Home\",\"item\":\"https:\\\/\\\/www.eldigitaldeasturias.com\\\/noticias\",\"nextItem\":{\"@type\":\"ListItem\",\"@id\":\"https:\\\/\\\/www.eldigitaldeasturias.com\\\/noticias\\\/category\\\/actualidad-asturias\\\/#listItem\",\"name\":\"Actualidad Asturias\"}},{\"@type\":\"ListItem\",\"@id\":\"https:\\\/\\\/www.eldigitaldeasturias.com\\\/noticias\\\/category\\\/actualidad-asturias\\\/#listItem\",\"position\":2,\"name\":\"Actualidad Asturias\",\"item\":\"https:\\\/\\\/www.eldigitaldeasturias.com\\\/noticias\\\/category\\\/actualidad-asturias\\\/\",\"nextItem\":{\"@type\":\"ListItem\",\"@id\":\"https:\\\/\\\/www.eldigitaldeasturias.com\\\/noticias\\\/ccoo-califica-como-alto-el-seguimiento-de-la-huelga-de-los-trabajadores-de-correos\\\/#listItem\",\"name\":\"CCOO califica como \\u00abalto\\u00bb el seguimiento de la huelga de los trabajadores de Correos\"},\"previousItem\":{\"@type\":\"ListItem\",\"@id\":\"https:\\\/\\\/www.eldigitaldeasturias.com\\\/noticias#listItem\",\"name\":\"Home\"}},{\"@type\":\"ListItem\",\"@id\":\"https:\\\/\\\/www.eldigitaldeasturias.com\\\/noticias\\\/ccoo-califica-como-alto-el-seguimiento-de-la-huelga-de-los-trabajadores-de-correos\\\/#listItem\",\"position\":3,\"name\":\"CCOO califica como \\u00abalto\\u00bb el seguimiento de la huelga de los trabajadores de Correos\",\"previousItem\":{\"@type\":\"ListItem\",\"@id\":\"https:\\\/\\\/www.eldigitaldeasturias.com\\\/noticias\\\/category\\\/actualidad-asturias\\\/#listItem\",\"name\":\"Actualidad Asturias\"}}]},{\"@type\":\"Organization\",\"@id\":\"https:\\\/\\\/www.eldigitaldeasturias.com\\\/noticias\\\/#organization\",\"name\":\"El Digital de Asturias\",\"description\":\"Hemeroteca\",\"url\":\"https:\\\/\\\/www.eldigitaldeasturias.com\\\/noticias\\\/\",\"email\":\"info@eldigitaldeasturias.com\",\"telephone\":\"+34652131393\",\"logo\":{\"@type\":\"ImageObject\",\"url\":\"https:\\\/\\\/www.eldigitaldeasturias.com\\\/noticias\\\/wp-content\\\/uploads\\\/2020\\\/12\\\/EDA.jpg\",\"@id\":\"https:\\\/\\\/www.eldigitaldeasturias.com\\\/noticias\\\/ccoo-califica-como-alto-el-seguimiento-de-la-huelga-de-los-trabajadores-de-correos\\\/#organizationLogo\",\"width\":649,\"height\":297},\"image\":{\"@id\":\"https:\\\/\\\/www.eldigitaldeasturias.com\\\/noticias\\\/ccoo-califica-como-alto-el-seguimiento-de-la-huelga-de-los-trabajadores-de-correos\\\/#organizationLogo\"},\"sameAs\":[\"https:\\\/\\\/facebook.com\\\/eldigitaldeasturias\",\"https:\\\/\\\/www.youtube.com\\\/channel\\\/UCZP-2wLEB9Rv6erhFmqVnvg\"],\"address\":{\"@id\":\"https:\\\/\\\/www.eldigitaldeasturias.com\\\/noticias\\\/#postaladdress\",\"@type\":\"PostalAddress\",\"streetAddress\":\"san antonio 4,\",\"postalCode\":\"33430\",\"addressLocality\":\"Cand\\u00e1s\",\"addressRegion\":\"Asturias\",\"addressCountry\":\"ES\"}},{\"@type\":\"Person\",\"@id\":\"https:\\\/\\\/www.eldigitaldeasturias.com\\\/noticias\\\/author\\\/admin\\\/#author\",\"url\":\"https:\\\/\\\/www.eldigitaldeasturias.com\\\/noticias\\\/author\\\/admin\\\/\",\"name\":\"El Digital de Asturias\",\"image\":{\"@type\":\"ImageObject\",\"@id\":\"https:\\\/\\\/www.eldigitaldeasturias.com\\\/noticias\\\/ccoo-califica-como-alto-el-seguimiento-de-la-huelga-de-los-trabajadores-de-correos\\\/#authorImage\",\"url\":\"https:\\\/\\\/www.eldigitaldeasturias.com\\\/noticias\\\/wp-content\\\/litespeed\\\/avatar\\\/18677e78aa0546b92d9dbf31ec7d7668.jpg?ver=1777290358\",\"width\":96,\"height\":96,\"caption\":\"El Digital de Asturias\"}},{\"@type\":\"WebPage\",\"@id\":\"https:\\\/\\\/www.eldigitaldeasturias.com\\\/noticias\\\/ccoo-califica-como-alto-el-seguimiento-de-la-huelga-de-los-trabajadores-de-correos\\\/#webpage\",\"url\":\"https:\\\/\\\/www.eldigitaldeasturias.com\\\/noticias\\\/ccoo-califica-como-alto-el-seguimiento-de-la-huelga-de-los-trabajadores-de-correos\\\/\",\"name\":\"CCOO califica como \\u00abalto\\u00bb el seguimiento de la huelga de los trabajadores de Correos - El Digital de Asturias\",\"description\":\"Los trabajadores de Correos de las unidades de reparto uno y dos de Oviedo han secundado la concentraci\\u00f3n realizada en la puerta del centro de trabajo para mostrar su rechazo al plan previsto por la direcci\\u00f3n de la empresa de eliminar 10 secciones de distribuci\\u00f3n en las unidades citadas para mediados del pr\\u00f3ximo mes de\",\"inLanguage\":\"es-ES\",\"isPartOf\":{\"@id\":\"https:\\\/\\\/www.eldigitaldeasturias.com\\\/noticias\\\/#website\"},\"breadcrumb\":{\"@id\":\"https:\\\/\\\/www.eldigitaldeasturias.com\\\/noticias\\\/ccoo-califica-como-alto-el-seguimiento-de-la-huelga-de-los-trabajadores-de-correos\\\/#breadcrumblist\"},\"author\":{\"@id\":\"https:\\\/\\\/www.eldigitaldeasturias.com\\\/noticias\\\/author\\\/admin\\\/#author\"},\"creator\":{\"@id\":\"https:\\\/\\\/www.eldigitaldeasturias.com\\\/noticias\\\/author\\\/admin\\\/#author\"},\"image\":{\"@type\":\"ImageObject\",\"url\":\"https:\\\/\\\/www.eldigitaldeasturias.com\\\/noticias\\\/wp-content\\\/uploads\\\/2016\\\/03\\\/fotonoticia_20160329130029_800.jpg\",\"@id\":\"https:\\\/\\\/www.eldigitaldeasturias.com\\\/noticias\\\/ccoo-califica-como-alto-el-seguimiento-de-la-huelga-de-los-trabajadores-de-correos\\\/#mainImage\",\"width\":800,\"height\":449},\"primaryImageOfPage\":{\"@id\":\"https:\\\/\\\/www.eldigitaldeasturias.com\\\/noticias\\\/ccoo-califica-como-alto-el-seguimiento-de-la-huelga-de-los-trabajadores-de-correos\\\/#mainImage\"},\"datePublished\":\"2016-03-31T01:02:32+02:00\",\"dateModified\":\"2016-03-31T01:02:32+02:00\"},{\"@type\":\"WebSite\",\"@id\":\"https:\\\/\\\/www.eldigitaldeasturias.com\\\/noticias\\\/#website\",\"url\":\"https:\\\/\\\/www.eldigitaldeasturias.com\\\/noticias\\\/\",\"name\":\"El Digital de Asturias - Diario de actualidad y noticias\",\"alternateName\":\"El Digital de Asturias - Diario de actualidad y noticias\",\"description\":\"Hemeroteca\",\"inLanguage\":\"es-ES\",\"publisher\":{\"@id\":\"https:\\\/\\\/www.eldigitaldeasturias.com\\\/noticias\\\/#organization\"}}]}\n\t\t<\/script>\n\t\t<!-- All in One SEO Pro -->\r\n\t\t<title>CCOO califica como \u00abalto\u00bb el seguimiento de la huelga de los trabajadores de Correos - El Digital de Asturias<\/title>\n\n","aioseo_head_json":{"title":"CCOO califica como \u00abalto\u00bb el seguimiento de la huelga de los trabajadores de Correos - El Digital de Asturias","description":"Los trabajadores de Correos de las unidades de reparto uno y dos de Oviedo han secundado la concentraci\u00f3n realizada en la puerta del centro de trabajo para mostrar su rechazo al plan previsto por la direcci\u00f3n de la empresa de eliminar 10 secciones de distribuci\u00f3n en las unidades citadas para mediados del pr\u00f3ximo mes de","canonical_url":"https:\/\/www.eldigitaldeasturias.com\/noticias\/ccoo-califica-como-alto-el-seguimiento-de-la-huelga-de-los-trabajadores-de-correos\/","robots":"max-image-preview:large","keywords":"actualidad asturias","webmasterTools":{"google-site-verification":"UA-38556648-1","msvalidate.01":"7dfe9f3f1b24437ab69f4f2559babe99","miscellaneous":""},"schema":{"@context":"https:\/\/schema.org","@graph":[{"@type":"BlogPosting","@id":"https:\/\/www.eldigitaldeasturias.com\/noticias\/ccoo-califica-como-alto-el-seguimiento-de-la-huelga-de-los-trabajadores-de-correos\/#blogposting","name":"CCOO califica como \u00abalto\u00bb el seguimiento de la huelga de los trabajadores de Correos - El Digital de Asturias","headline":"CCOO califica como \u00abalto\u00bb el seguimiento de la huelga de los trabajadores de Correos","author":{"@id":"https:\/\/www.eldigitaldeasturias.com\/noticias\/author\/admin\/#author"},"publisher":{"@id":"https:\/\/www.eldigitaldeasturias.com\/noticias\/#organization"},"image":{"@type":"ImageObject","url":"https:\/\/www.eldigitaldeasturias.com\/noticias\/wp-content\/uploads\/2016\/03\/fotonoticia_20160329130029_800.jpg","width":800,"height":449},"datePublished":"2016-03-31T01:02:32+02:00","dateModified":"2016-03-31T01:02:32+02:00","inLanguage":"es-ES","mainEntityOfPage":{"@id":"https:\/\/www.eldigitaldeasturias.com\/noticias\/ccoo-califica-como-alto-el-seguimiento-de-la-huelga-de-los-trabajadores-de-correos\/#webpage"},"isPartOf":{"@id":"https:\/\/www.eldigitaldeasturias.com\/noticias\/ccoo-califica-como-alto-el-seguimiento-de-la-huelga-de-los-trabajadores-de-correos\/#webpage"},"articleSection":"Actualidad Asturias"},{"@type":"BreadcrumbList","@id":"https:\/\/www.eldigitaldeasturias.com\/noticias\/ccoo-califica-como-alto-el-seguimiento-de-la-huelga-de-los-trabajadores-de-correos\/#breadcrumblist","itemListElement":[{"@type":"ListItem","@id":"https:\/\/www.eldigitaldeasturias.com\/noticias#listItem","position":1,"name":"Home","item":"https:\/\/www.eldigitaldeasturias.com\/noticias","nextItem":{"@type":"ListItem","@id":"https:\/\/www.eldigitaldeasturias.com\/noticias\/category\/actualidad-asturias\/#listItem","name":"Actualidad Asturias"}},{"@type":"ListItem","@id":"https:\/\/www.eldigitaldeasturias.com\/noticias\/category\/actualidad-asturias\/#listItem","position":2,"name":"Actualidad Asturias","item":"https:\/\/www.eldigitaldeasturias.com\/noticias\/category\/actualidad-asturias\/","nextItem":{"@type":"ListItem","@id":"https:\/\/www.eldigitaldeasturias.com\/noticias\/ccoo-califica-como-alto-el-seguimiento-de-la-huelga-de-los-trabajadores-de-correos\/#listItem","name":"CCOO califica como \u00abalto\u00bb el seguimiento de la huelga de los trabajadores de Correos"},"previousItem":{"@type":"ListItem","@id":"https:\/\/www.eldigitaldeasturias.com\/noticias#listItem","name":"Home"}},{"@type":"ListItem","@id":"https:\/\/www.eldigitaldeasturias.com\/noticias\/ccoo-califica-como-alto-el-seguimiento-de-la-huelga-de-los-trabajadores-de-correos\/#listItem","position":3,"name":"CCOO califica como \u00abalto\u00bb el seguimiento de la huelga de los trabajadores de Correos","previousItem":{"@type":"ListItem","@id":"https:\/\/www.eldigitaldeasturias.com\/noticias\/category\/actualidad-asturias\/#listItem","name":"Actualidad Asturias"}}]},{"@type":"Organization","@id":"https:\/\/www.eldigitaldeasturias.com\/noticias\/#organization","name":"El Digital de Asturias","description":"Hemeroteca","url":"https:\/\/www.eldigitaldeasturias.com\/noticias\/","email":"info@eldigitaldeasturias.com","telephone":"+34652131393","logo":{"@type":"ImageObject","url":"https:\/\/www.eldigitaldeasturias.com\/noticias\/wp-content\/uploads\/2020\/12\/EDA.jpg","@id":"https:\/\/www.eldigitaldeasturias.com\/noticias\/ccoo-califica-como-alto-el-seguimiento-de-la-huelga-de-los-trabajadores-de-correos\/#organizationLogo","width":649,"height":297},"image":{"@id":"https:\/\/www.eldigitaldeasturias.com\/noticias\/ccoo-califica-como-alto-el-seguimiento-de-la-huelga-de-los-trabajadores-de-correos\/#organizationLogo"},"sameAs":["https:\/\/facebook.com\/eldigitaldeasturias","https:\/\/www.youtube.com\/channel\/UCZP-2wLEB9Rv6erhFmqVnvg"],"address":{"@id":"https:\/\/www.eldigitaldeasturias.com\/noticias\/#postaladdress","@type":"PostalAddress","streetAddress":"san antonio 4,","postalCode":"33430","addressLocality":"Cand\u00e1s","addressRegion":"Asturias","addressCountry":"ES"}},{"@type":"Person","@id":"https:\/\/www.eldigitaldeasturias.com\/noticias\/author\/admin\/#author","url":"https:\/\/www.eldigitaldeasturias.com\/noticias\/author\/admin\/","name":"El Digital de Asturias","image":{"@type":"ImageObject","@id":"https:\/\/www.eldigitaldeasturias.com\/noticias\/ccoo-califica-como-alto-el-seguimiento-de-la-huelga-de-los-trabajadores-de-correos\/#authorImage","url":"https:\/\/www.eldigitaldeasturias.com\/noticias\/wp-content\/litespeed\/avatar\/18677e78aa0546b92d9dbf31ec7d7668.jpg?ver=1777290358","width":96,"height":96,"caption":"El Digital de Asturias"}},{"@type":"WebPage","@id":"https:\/\/www.eldigitaldeasturias.com\/noticias\/ccoo-califica-como-alto-el-seguimiento-de-la-huelga-de-los-trabajadores-de-correos\/#webpage","url":"https:\/\/www.eldigitaldeasturias.com\/noticias\/ccoo-califica-como-alto-el-seguimiento-de-la-huelga-de-los-trabajadores-de-correos\/","name":"CCOO califica como \u00abalto\u00bb el seguimiento de la huelga de los trabajadores de Correos - El Digital de Asturias","description":"Los trabajadores de Correos de las unidades de reparto uno y dos de Oviedo han secundado la concentraci\u00f3n realizada en la puerta del centro de trabajo para mostrar su rechazo al plan previsto por la direcci\u00f3n de la empresa de eliminar 10 secciones de distribuci\u00f3n en las unidades citadas para mediados del pr\u00f3ximo mes de","inLanguage":"es-ES","isPartOf":{"@id":"https:\/\/www.eldigitaldeasturias.com\/noticias\/#website"},"breadcrumb":{"@id":"https:\/\/www.eldigitaldeasturias.com\/noticias\/ccoo-califica-como-alto-el-seguimiento-de-la-huelga-de-los-trabajadores-de-correos\/#breadcrumblist"},"author":{"@id":"https:\/\/www.eldigitaldeasturias.com\/noticias\/author\/admin\/#author"},"creator":{"@id":"https:\/\/www.eldigitaldeasturias.com\/noticias\/author\/admin\/#author"},"image":{"@type":"ImageObject","url":"https:\/\/www.eldigitaldeasturias.com\/noticias\/wp-content\/uploads\/2016\/03\/fotonoticia_20160329130029_800.jpg","@id":"https:\/\/www.eldigitaldeasturias.com\/noticias\/ccoo-califica-como-alto-el-seguimiento-de-la-huelga-de-los-trabajadores-de-correos\/#mainImage","width":800,"height":449},"primaryImageOfPage":{"@id":"https:\/\/www.eldigitaldeasturias.com\/noticias\/ccoo-califica-como-alto-el-seguimiento-de-la-huelga-de-los-trabajadores-de-correos\/#mainImage"},"datePublished":"2016-03-31T01:02:32+02:00","dateModified":"2016-03-31T01:02:32+02:00"},{"@type":"WebSite","@id":"https:\/\/www.eldigitaldeasturias.com\/noticias\/#website","url":"https:\/\/www.eldigitaldeasturias.com\/noticias\/","name":"El Digital de Asturias - Diario de actualidad y noticias","alternateName":"El Digital de Asturias - Diario de actualidad y noticias","description":"Hemeroteca","inLanguage":"es-ES","publisher":{"@id":"https:\/\/www.eldigitaldeasturias.com\/noticias\/#organization"}}]},"og:locale":"es_ES","og:site_name":"El Digital de Asturias","og:type":"article","og:title":"CCOO califica como \u00abalto\u00bb el seguimiento de la huelga de los trabajadores de Correos - El Digital de Asturias","og:description":"Los trabajadores de Correos de las unidades de reparto uno y dos de Oviedo han secundado la concentraci\u00f3n realizada en la puerta del centro de trabajo para mostrar su rechazo al plan previsto por la direcci\u00f3n de la empresa de eliminar 10 secciones de distribuci\u00f3n en las unidades citadas para mediados del pr\u00f3ximo mes de","og:url":"https:\/\/www.eldigitaldeasturias.com\/noticias\/ccoo-califica-como-alto-el-seguimiento-de-la-huelga-de-los-trabajadores-de-correos\/","og:image":"https:\/\/www.eldigitaldeasturias.com\/noticias\/wp-content\/uploads\/2016\/03\/fotonoticia_20160329130029_800.jpg","og:image:secure_url":"https:\/\/www.eldigitaldeasturias.com\/noticias\/wp-content\/uploads\/2016\/03\/fotonoticia_20160329130029_800.jpg","og:image:width":800,"og:image:height":449,"article:tag":["actualidad asturias"],"article:published_time":"2016-03-31T01:02:32+00:00","article:modified_time":"2016-03-31T01:02:32+00:00","article:publisher":"https:\/\/facebook.com\/eldigitaldeasturias","twitter:card":"summary_large_image","twitter:title":"CCOO califica como \u00abalto\u00bb el seguimiento de la huelga de los trabajadores de Correos - El Digital de Asturias","twitter:description":"Los trabajadores de Correos de las unidades de reparto uno y dos de Oviedo han secundado la concentraci\u00f3n realizada en la puerta del centro de trabajo para mostrar su rechazo al plan previsto por la direcci\u00f3n de la empresa de eliminar 10 secciones de distribuci\u00f3n en las unidades citadas para mediados del pr\u00f3ximo mes de","twitter:image":"https:\/\/www.eldigitaldeasturias.com\/noticias\/wp-content\/uploads\/2016\/03\/fotonoticia_20160329130029_800.jpg","twitter:label1":"Escrito por","twitter:data1":"El Digital de Asturias","twitter:label2":"Tiempo de lectura estimado","twitter:data2":"1 minuto"},"aioseo_meta_data":{"post_id":"870181","title":null,"description":null,"keywords":null,"keyphrases":null,"primary_term":null,"canonical_url":null,"og_title":null,"og_description":null,"og_object_type":"default","og_image_type":"default","og_image_url":null,"og_image_width":null,"og_image_height":null,"og_image_custom_url":null,"og_image_custom_fields":null,"og_video":null,"og_custom_url":null,"og_article_section":null,"og_article_tags":null,"twitter_use_og":false,"twitter_card":"default","twitter_image_type":"default","twitter_image_url":null,"twitter_image_custom_url":null,"twitter_image_custom_fields":null,"twitter_title":null,"twitter_description":null,"schema":{"blockGraphs":[],"customGraphs":[],"default":{"data":{"Article":[],"Course":[],"Dataset":[],"FAQPage":[],"Movie":[],"Person":[],"Product":[],"ProductReview":[],"Car":[],"Recipe":[],"Service":[],"SoftwareApplication":[],"WebPage":[]},"graphName":"","isEnabled":true},"graphs":[],"defaultGraph":"","defaultPostTypeGraph":""},"schema_type":null,"schema_type_options":null,"pillar_content":false,"robots_default":true,"robots_noindex":false,"robots_noarchive":false,"robots_nosnippet":false,"robots_nofollow":false,"robots_noimageindex":false,"robots_noodp":false,"robots_notranslate":false,"robots_max_snippet":null,"robots_max_videopreview":null,"robots_max_imagepreview":"large","priority":null,"frequency":null,"local_seo":null,"seo_analyzer_scan_date":"2025-11-08 11:41:19","breadcrumb_settings":null,"limit_modified_date":false,"open_ai":null,"ai":null,"created":"2021-01-22 17:03:51","updated":"2025-11-08 11:41:19"},"aioseo_breadcrumb":"<div class=\"aioseo-breadcrumbs\"><span class=\"aioseo-breadcrumb\">\n\t<a href=\"https:\/\/www.eldigitaldeasturias.com\/noticias\" title=\"Home\">Home<\/a>\n<\/span><span class=\"aioseo-breadcrumb-separator\">\u2013<\/span><span class=\"aioseo-breadcrumb\">\n\t<a href=\"https:\/\/www.eldigitaldeasturias.com\/noticias\/category\/actualidad-asturias\/\" title=\"Actualidad Asturias\">Actualidad Asturias<\/a>\n<\/span><span class=\"aioseo-breadcrumb-separator\">\u2013<\/span><span class=\"aioseo-breadcrumb\">\n\t<a href=\"https:\/\/www.eldigitaldeasturias.com\/noticias\/ccoo-califica-como-alto-el-seguimiento-de-la-huelga-de-los-trabajadores-de-correos\/\" title=\"CCOO califica como \u00abalto\u00bb el seguimiento de la huelga de los trabajadores de Correos\">CCOO califica como \u00abalto\u00bb el seguimiento de la huelga de los trabajadores de Correos<\/a>\n<\/span><\/div>","aioseo_breadcrumb_json":[{"label":"Home","link":"https:\/\/www.eldigitaldeasturias.com\/noticias"},{"label":"Actualidad Asturias","link":"https:\/\/www.eldigitaldeasturias.com\/noticias\/category\/actualidad-asturias\/"},{"label":"CCOO califica como \u00abalto\u00bb el seguimiento de la huelga de los trabajadores de Correos","link":"https:\/\/www.eldigitaldeasturias.com\/noticias\/ccoo-califica-como-alto-el-seguimiento-de-la-huelga-de-los-trabajadores-de-correos\/"}],"_links":{"self":[{"href":"https:\/\/www.eldigitaldeasturias.com\/noticias\/wp-json\/wp\/v2\/posts\/870181","targetHints":{"allow":["GET"]}}],"collection":[{"href":"https:\/\/www.eldigitaldeasturias.com\/noticias\/wp-json\/wp\/v2\/posts"}],"about":[{"href":"https:\/\/www.eldigitaldeasturias.com\/noticias\/wp-json\/wp\/v2\/types\/post"}],"author":[{"embeddable":true,"href":"https:\/\/www.eldigitaldeasturias.com\/noticias\/wp-json\/wp\/v2\/users\/1"}],"replies":[{"embeddable":true,"href":"https:\/\/www.eldigitaldeasturias.com\/noticias\/wp-json\/wp\/v2\/comments?post=870181"}],"version-history":[{"count":0,"href":"https:\/\/www.eldigitaldeasturias.com\/noticias\/wp-json\/wp\/v2\/posts\/870181\/revisions"}],"wp:featuredmedia":[{"embeddable":true,"href":"https:\/\/www.eldigitaldeasturias.com\/noticias\/wp-json\/wp\/v2\/media\/870047"}],"wp:attachment":[{"href":"https:\/\/www.eldigitaldeasturias.com\/noticias\/wp-json\/wp\/v2\/media?parent=870181"}],"wp:term":[{"taxonomy":"category","embeddable":true,"href":"https:\/\/www.eldigitaldeasturias.com\/noticias\/wp-json\/wp\/v2\/categories?post=870181"},{"taxonomy":"post_tag","embeddable":true,"href":"https:\/\/www.eldigitaldeasturias.com\/noticias\/wp-json\/wp\/v2\/tags?post=870181"}],"curies":[{"name":"wp","href":"https:\/\/api.w.org\/{rel}","templated":true}]}}