{"id":869950,"date":"2016-03-30T02:48:36","date_gmt":"2016-03-30T02:48:36","guid":{"rendered":"http:\/\/www.eldigitaldeasturias.com\/noticias\/?p=869950"},"modified":"2016-03-30T02:48:36","modified_gmt":"2016-03-30T02:48:36","slug":"los-metabolitos-vinculados-con-el-envejecimiento","status":"publish","type":"post","link":"https:\/\/www.eldigitaldeasturias.com\/noticias\/los-metabolitos-vinculados-con-el-envejecimiento\/","title":{"rendered":"Los metabolitos, vinculados con el envejecimiento"},"content":{"rendered":"<p><img loading=\"lazy\" decoding=\"async\" class=\"alignleft size-medium wp-image-869951\" src=\"https:\/\/www.eldigitaldeasturias.com\/noticias\/wp-content\/uploads\/2016\/03\/fotonoticia_20160329071431_800-360x240.jpg\" alt=\"fotonoticia_20160329071431_800\" width=\"360\" height=\"240\" srcset=\"https:\/\/www.eldigitaldeasturias.com\/noticias\/wp-content\/uploads\/2016\/03\/fotonoticia_20160329071431_800-360x240.jpg 360w, https:\/\/www.eldigitaldeasturias.com\/noticias\/wp-content\/uploads\/2016\/03\/fotonoticia_20160329071431_800-768x512.jpg 768w, https:\/\/www.eldigitaldeasturias.com\/noticias\/wp-content\/uploads\/2016\/03\/fotonoticia_20160329071431_800-650x433.jpg 650w, https:\/\/www.eldigitaldeasturias.com\/noticias\/wp-content\/uploads\/2016\/03\/fotonoticia_20160329071431_800-84x55.jpg 84w, https:\/\/www.eldigitaldeasturias.com\/noticias\/wp-content\/uploads\/2016\/03\/fotonoticia_20160329071431_800-49x32.jpg 49w, https:\/\/www.eldigitaldeasturias.com\/noticias\/wp-content\/uploads\/2016\/03\/fotonoticia_20160329071431_800.jpg 800w\" sizes=\"auto, (max-width: 360px) 100vw, 360px\" \/>Los metabolitos, sustancias que se crean durante el metabolismo, pueden proporcionar una gran cantidad de informaci\u00f3n acerca de la salud individual, la enfermedad, la dieta y el estilo de vida y, ahora, pueden incluso aportar m\u00e1s datos. Ahora un equipo de investigadores japoneses ha descubierto que est\u00e1n espec\u00edficamente relacionados con el envejecimiento y arrojan luz sobre c\u00f3mo envejece el cuerpo humano.<\/p>\n<p>Los autores de este trabajo, que se publica este lunes en &#8216;Proceedings of the National Academy of Sciences&#8217; (PNAS), son investigadores del Instituto de Ciencia y Tecnolog\u00eda Okinawa (OIST, por sus siglas en ingl\u00e9s) y &#8216;University Graduate&#8217;, en Jap\u00f3n, y colaboradores de la Universidad de Kyoto, que fueron dirigidos por el profesor de OIST Yanagida.<\/p>\n<p>Con el fin de encontrar y analizar los metabolitos, el equipo obtuvo muestras de sangre, incluyendo gl\u00f3bulos rojos (GR) de 30 individuos sanos: 15 adultos j\u00f3venes (29+-4 a\u00f1os) y 15 adultos de m\u00e1s edad (81 +- 7 a\u00f1os). Anteriormente, se ha pasado por alto los gl\u00f3bulos rojos en la investigaci\u00f3n, pero como los gl\u00f3bulos rojos representan aproximadamente la mitad del volumen de la sangre, los investigadores creyeron que val\u00eda la pena explorarlos.<\/p>\n<p>Entonces, emplearon cromatograf\u00eda de l\u00edquidos con espectrometr\u00eda de masas (LC-MS), una t\u00e9cnica que separa los l\u00edquidos y detecta sustancias para identificar los metabolitos en la sangre. A partir de ah\u00ed, pudieron calcular los coeficientes de variaci\u00f3n, o la desviaci\u00f3n est\u00e1ndar de la abundancia de metabolitos dividida por el promedio, para identificar compuestos que hab\u00edan aumentado o disminuido en los adultos mayores.<\/p>\n<p>\u00abEncontramos 14 compuestos relacionados con la edad &#8211;destaca Yanagida&#8211;. De estos 14 compuestos, la mitad se hab\u00edan reducido en las personas de edad avanzada. Se detect\u00f3 disminuci\u00f3n en antioxidantes y en compuestos relacionados con la fuerza muscular. Por lo tanto, las personas mayores ten\u00edan menos antioxidantes y menos fuerza muscular\u00bb. La otra mitad de los compuestos que hab\u00edan aumentado eran metabolitos relacionados a la disminuci\u00f3n de la funci\u00f3n renal y hep\u00e1tica.<\/p>\n<p>\u00abEsto tiene sentido &#8211;argumenta Yanagida&#8211;. El sentido com\u00fan te dice que a medida que envejecemos perdemos capacidades como la fuerza muscular y la funci\u00f3n renal, pero nadie ha demostrado cient\u00edficamente antes que esto es as\u00ed\u00bb. Adem\u00e1s, algunos de los metabolitos relacionados con la edad que se encuentran en las mismas v\u00edas metab\u00f3licas han conectado los cambios, lo que sugiere que la edad les afecta de forma simult\u00e1nea.<\/p>\n<p>ANTIOXIDANTES Y EJERCICIO, CLAVES PARA ENVEJECER SANOS<\/p>\n<p>\u00abLos compuestos relacionados funcionalmente muestran las mismas tendencias a aumentar o disminuir con la edad, o en otras palabras, exhiben correlaciones similares\u00bb, subraya Yanagida. Ahora que se han identificado estos metabolitos relacionados con la edad, la disminuci\u00f3n de los antioxidantes y la fuerza muscular sugieren que es importante para las personas consumir alimentos ricos en antioxidantes y realizar el ejercicio, especialmente despu\u00e9s de los 65 a\u00f1os.<\/p>\n<p>Estos patrones de vida podr\u00eda ayudar a elevar los niveles de los metabolitos relacionados en el cuerpo y mejorar las condiciones del cuerpo. Aunque todav\u00eda permanecen desconocidos muchos componentes relevantes para vivir una vida larga y saludable, el equipo de investigaci\u00f3n continuar\u00e1 trabajando para intentar descubrir m\u00e1s informaci\u00f3n sobre el envejecimiento saludable.<\/p>\n<p>\u00abLa longevidad es un gran misterio para nosotros\u00bb, reconoce Yanagida. \u00abQueremos encontrar c\u00f3mo las personas de edad avanzada puedan vivir una etapa del final de la vida feliz. \u00c9sta es la manera en la que podemos contribuir a la salud humana\u00bb, concluye.<\/p>\n","protected":false},"excerpt":{"rendered":"<p>Los metabolitos, sustancias que se crean durante el metabolismo, pueden proporcionar una gran cantidad de informaci\u00f3n acerca de la salud individual, la enfermedad, la dieta y el estilo de vida y, ahora, pueden incluso aportar m\u00e1s datos. Ahora un equipo de investigadores japoneses ha descubierto que est\u00e1n espec\u00edficamente relacionados con el envejecimiento y arrojan luz [&hellip;]<\/p>\n","protected":false},"author":1,"featured_media":869951,"comment_status":"closed","ping_status":"closed","sticky":false,"template":"","format":"standard","meta":{"footnotes":""},"categories":[28],"tags":[],"class_list":["post-869950","post","type-post","status-publish","format-standard","has-post-thumbnail","hentry","category-sociedad"],"aioseo_notices":[],"aioseo_head":"\n\t\t<!-- All in One SEO Pro 4.9.6.2 - aioseo.com -->\n\t<meta name=\"description\" content=\"Los metabolitos, sustancias que se crean durante el metabolismo, pueden proporcionar una gran cantidad de informaci\u00f3n acerca de la salud individual, la enfermedad, la dieta y el estilo de vida y, ahora, pueden incluso aportar m\u00e1s datos. Ahora un equipo de investigadores japoneses ha descubierto que est\u00e1n espec\u00edficamente relacionados con el envejecimiento y arrojan luz\" \/>\n\t<meta name=\"robots\" content=\"max-image-preview:large\" \/>\n\t<meta name=\"author\" content=\"El Digital de Asturias\"\/>\n\t<meta name=\"google-site-verification\" content=\"UA-38556648-1\" \/>\n\t<meta name=\"msvalidate.01\" content=\"7dfe9f3f1b24437ab69f4f2559babe99\" \/>\n\t<meta name=\"keywords\" content=\"sociedad\" \/>\n\t<link rel=\"canonical\" href=\"https:\/\/www.eldigitaldeasturias.com\/noticias\/los-metabolitos-vinculados-con-el-envejecimiento\/\" \/>\n\t<meta name=\"generator\" content=\"All in One SEO Pro (AIOSEO) 4.9.6.2\" \/>\n\t\t<meta property=\"og:locale\" content=\"es_ES\" \/>\n\t\t<meta property=\"og:site_name\" content=\"El Digital de Asturias\" \/>\n\t\t<meta property=\"og:type\" content=\"article\" \/>\n\t\t<meta property=\"og:title\" content=\"Los metabolitos, vinculados con el envejecimiento - El Digital de Asturias\" \/>\n\t\t<meta property=\"og:description\" content=\"Los metabolitos, sustancias que se crean durante el metabolismo, pueden proporcionar una gran cantidad de informaci\u00f3n acerca de la salud individual, la enfermedad, la dieta y el estilo de vida y, ahora, pueden incluso aportar m\u00e1s datos. Ahora un equipo de investigadores japoneses ha descubierto que est\u00e1n espec\u00edficamente relacionados con el envejecimiento y arrojan luz\" \/>\n\t\t<meta property=\"og:url\" content=\"https:\/\/www.eldigitaldeasturias.com\/noticias\/los-metabolitos-vinculados-con-el-envejecimiento\/\" \/>\n\t\t<meta property=\"og:image\" content=\"https:\/\/www.eldigitaldeasturias.com\/noticias\/wp-content\/uploads\/2016\/03\/fotonoticia_20160329071431_800.jpg\" \/>\n\t\t<meta property=\"og:image:secure_url\" content=\"https:\/\/www.eldigitaldeasturias.com\/noticias\/wp-content\/uploads\/2016\/03\/fotonoticia_20160329071431_800.jpg\" \/>\n\t\t<meta property=\"og:image:width\" content=\"800\" \/>\n\t\t<meta property=\"og:image:height\" content=\"533\" \/>\n\t\t<meta property=\"article:tag\" content=\"sociedad\" \/>\n\t\t<meta property=\"article:published_time\" content=\"2016-03-30T02:48:36+00:00\" \/>\n\t\t<meta property=\"article:modified_time\" content=\"2016-03-30T02:48:36+00:00\" \/>\n\t\t<meta property=\"article:publisher\" content=\"https:\/\/facebook.com\/eldigitaldeasturias\" \/>\n\t\t<meta name=\"twitter:card\" content=\"summary_large_image\" \/>\n\t\t<meta name=\"twitter:title\" content=\"Los metabolitos, vinculados con el envejecimiento - El Digital de Asturias\" \/>\n\t\t<meta name=\"twitter:description\" content=\"Los metabolitos, sustancias que se crean durante el metabolismo, pueden proporcionar una gran cantidad de informaci\u00f3n acerca de la salud individual, la enfermedad, la dieta y el estilo de vida y, ahora, pueden incluso aportar m\u00e1s datos. Ahora un equipo de investigadores japoneses ha descubierto que est\u00e1n espec\u00edficamente relacionados con el envejecimiento y arrojan luz\" \/>\n\t\t<meta name=\"twitter:image\" content=\"https:\/\/www.eldigitaldeasturias.com\/noticias\/wp-content\/uploads\/2016\/03\/fotonoticia_20160329071431_800.jpg\" \/>\n\t\t<meta name=\"twitter:label1\" content=\"Escrito por\" \/>\n\t\t<meta name=\"twitter:data1\" content=\"El Digital de Asturias\" \/>\n\t\t<meta name=\"twitter:label2\" content=\"Tiempo de lectura estimado\" \/>\n\t\t<meta name=\"twitter:data2\" content=\"3 minutos\" \/>\n\t\t<script type=\"application\/ld+json\" class=\"aioseo-schema\">\n\t\t\t{\"@context\":\"https:\\\/\\\/schema.org\",\"@graph\":[{\"@type\":\"BlogPosting\",\"@id\":\"https:\\\/\\\/www.eldigitaldeasturias.com\\\/noticias\\\/los-metabolitos-vinculados-con-el-envejecimiento\\\/#blogposting\",\"name\":\"Los metabolitos, vinculados con el envejecimiento - El Digital de Asturias\",\"headline\":\"Los metabolitos, vinculados con el envejecimiento\",\"author\":{\"@id\":\"https:\\\/\\\/www.eldigitaldeasturias.com\\\/noticias\\\/author\\\/admin\\\/#author\"},\"publisher\":{\"@id\":\"https:\\\/\\\/www.eldigitaldeasturias.com\\\/noticias\\\/#organization\"},\"image\":{\"@type\":\"ImageObject\",\"url\":\"https:\\\/\\\/www.eldigitaldeasturias.com\\\/noticias\\\/wp-content\\\/uploads\\\/2016\\\/03\\\/fotonoticia_20160329071431_800.jpg\",\"width\":800,\"height\":533},\"datePublished\":\"2016-03-30T02:48:36+02:00\",\"dateModified\":\"2016-03-30T02:48:36+02:00\",\"inLanguage\":\"es-ES\",\"mainEntityOfPage\":{\"@id\":\"https:\\\/\\\/www.eldigitaldeasturias.com\\\/noticias\\\/los-metabolitos-vinculados-con-el-envejecimiento\\\/#webpage\"},\"isPartOf\":{\"@id\":\"https:\\\/\\\/www.eldigitaldeasturias.com\\\/noticias\\\/los-metabolitos-vinculados-con-el-envejecimiento\\\/#webpage\"},\"articleSection\":\"Sociedad\"},{\"@type\":\"BreadcrumbList\",\"@id\":\"https:\\\/\\\/www.eldigitaldeasturias.com\\\/noticias\\\/los-metabolitos-vinculados-con-el-envejecimiento\\\/#breadcrumblist\",\"itemListElement\":[{\"@type\":\"ListItem\",\"@id\":\"https:\\\/\\\/www.eldigitaldeasturias.com\\\/noticias#listItem\",\"position\":1,\"name\":\"Home\",\"item\":\"https:\\\/\\\/www.eldigitaldeasturias.com\\\/noticias\",\"nextItem\":{\"@type\":\"ListItem\",\"@id\":\"https:\\\/\\\/www.eldigitaldeasturias.com\\\/noticias\\\/category\\\/sociedad\\\/#listItem\",\"name\":\"Sociedad\"}},{\"@type\":\"ListItem\",\"@id\":\"https:\\\/\\\/www.eldigitaldeasturias.com\\\/noticias\\\/category\\\/sociedad\\\/#listItem\",\"position\":2,\"name\":\"Sociedad\",\"item\":\"https:\\\/\\\/www.eldigitaldeasturias.com\\\/noticias\\\/category\\\/sociedad\\\/\",\"nextItem\":{\"@type\":\"ListItem\",\"@id\":\"https:\\\/\\\/www.eldigitaldeasturias.com\\\/noticias\\\/los-metabolitos-vinculados-con-el-envejecimiento\\\/#listItem\",\"name\":\"Los metabolitos, vinculados con el envejecimiento\"},\"previousItem\":{\"@type\":\"ListItem\",\"@id\":\"https:\\\/\\\/www.eldigitaldeasturias.com\\\/noticias#listItem\",\"name\":\"Home\"}},{\"@type\":\"ListItem\",\"@id\":\"https:\\\/\\\/www.eldigitaldeasturias.com\\\/noticias\\\/los-metabolitos-vinculados-con-el-envejecimiento\\\/#listItem\",\"position\":3,\"name\":\"Los metabolitos, vinculados con el envejecimiento\",\"previousItem\":{\"@type\":\"ListItem\",\"@id\":\"https:\\\/\\\/www.eldigitaldeasturias.com\\\/noticias\\\/category\\\/sociedad\\\/#listItem\",\"name\":\"Sociedad\"}}]},{\"@type\":\"Organization\",\"@id\":\"https:\\\/\\\/www.eldigitaldeasturias.com\\\/noticias\\\/#organization\",\"name\":\"El Digital de Asturias\",\"description\":\"Hemeroteca\",\"url\":\"https:\\\/\\\/www.eldigitaldeasturias.com\\\/noticias\\\/\",\"email\":\"info@eldigitaldeasturias.com\",\"telephone\":\"+34652131393\",\"logo\":{\"@type\":\"ImageObject\",\"url\":\"https:\\\/\\\/www.eldigitaldeasturias.com\\\/noticias\\\/wp-content\\\/uploads\\\/2020\\\/12\\\/EDA.jpg\",\"@id\":\"https:\\\/\\\/www.eldigitaldeasturias.com\\\/noticias\\\/los-metabolitos-vinculados-con-el-envejecimiento\\\/#organizationLogo\",\"width\":649,\"height\":297},\"image\":{\"@id\":\"https:\\\/\\\/www.eldigitaldeasturias.com\\\/noticias\\\/los-metabolitos-vinculados-con-el-envejecimiento\\\/#organizationLogo\"},\"sameAs\":[\"https:\\\/\\\/facebook.com\\\/eldigitaldeasturias\",\"https:\\\/\\\/www.youtube.com\\\/channel\\\/UCZP-2wLEB9Rv6erhFmqVnvg\"],\"address\":{\"@id\":\"https:\\\/\\\/www.eldigitaldeasturias.com\\\/noticias\\\/#postaladdress\",\"@type\":\"PostalAddress\",\"streetAddress\":\"san antonio 4,\",\"postalCode\":\"33430\",\"addressLocality\":\"Cand\\u00e1s\",\"addressRegion\":\"Asturias\",\"addressCountry\":\"ES\"}},{\"@type\":\"Person\",\"@id\":\"https:\\\/\\\/www.eldigitaldeasturias.com\\\/noticias\\\/author\\\/admin\\\/#author\",\"url\":\"https:\\\/\\\/www.eldigitaldeasturias.com\\\/noticias\\\/author\\\/admin\\\/\",\"name\":\"El Digital de Asturias\",\"image\":{\"@type\":\"ImageObject\",\"@id\":\"https:\\\/\\\/www.eldigitaldeasturias.com\\\/noticias\\\/los-metabolitos-vinculados-con-el-envejecimiento\\\/#authorImage\",\"url\":\"https:\\\/\\\/www.eldigitaldeasturias.com\\\/noticias\\\/wp-content\\\/litespeed\\\/avatar\\\/18677e78aa0546b92d9dbf31ec7d7668.jpg?ver=1777290358\",\"width\":96,\"height\":96,\"caption\":\"El Digital de Asturias\"}},{\"@type\":\"WebPage\",\"@id\":\"https:\\\/\\\/www.eldigitaldeasturias.com\\\/noticias\\\/los-metabolitos-vinculados-con-el-envejecimiento\\\/#webpage\",\"url\":\"https:\\\/\\\/www.eldigitaldeasturias.com\\\/noticias\\\/los-metabolitos-vinculados-con-el-envejecimiento\\\/\",\"name\":\"Los metabolitos, vinculados con el envejecimiento - El Digital de Asturias\",\"description\":\"Los metabolitos, sustancias que se crean durante el metabolismo, pueden proporcionar una gran cantidad de informaci\\u00f3n acerca de la salud individual, la enfermedad, la dieta y el estilo de vida y, ahora, pueden incluso aportar m\\u00e1s datos. Ahora un equipo de investigadores japoneses ha descubierto que est\\u00e1n espec\\u00edficamente relacionados con el envejecimiento y arrojan luz\",\"inLanguage\":\"es-ES\",\"isPartOf\":{\"@id\":\"https:\\\/\\\/www.eldigitaldeasturias.com\\\/noticias\\\/#website\"},\"breadcrumb\":{\"@id\":\"https:\\\/\\\/www.eldigitaldeasturias.com\\\/noticias\\\/los-metabolitos-vinculados-con-el-envejecimiento\\\/#breadcrumblist\"},\"author\":{\"@id\":\"https:\\\/\\\/www.eldigitaldeasturias.com\\\/noticias\\\/author\\\/admin\\\/#author\"},\"creator\":{\"@id\":\"https:\\\/\\\/www.eldigitaldeasturias.com\\\/noticias\\\/author\\\/admin\\\/#author\"},\"image\":{\"@type\":\"ImageObject\",\"url\":\"https:\\\/\\\/www.eldigitaldeasturias.com\\\/noticias\\\/wp-content\\\/uploads\\\/2016\\\/03\\\/fotonoticia_20160329071431_800.jpg\",\"@id\":\"https:\\\/\\\/www.eldigitaldeasturias.com\\\/noticias\\\/los-metabolitos-vinculados-con-el-envejecimiento\\\/#mainImage\",\"width\":800,\"height\":533},\"primaryImageOfPage\":{\"@id\":\"https:\\\/\\\/www.eldigitaldeasturias.com\\\/noticias\\\/los-metabolitos-vinculados-con-el-envejecimiento\\\/#mainImage\"},\"datePublished\":\"2016-03-30T02:48:36+02:00\",\"dateModified\":\"2016-03-30T02:48:36+02:00\"},{\"@type\":\"WebSite\",\"@id\":\"https:\\\/\\\/www.eldigitaldeasturias.com\\\/noticias\\\/#website\",\"url\":\"https:\\\/\\\/www.eldigitaldeasturias.com\\\/noticias\\\/\",\"name\":\"El Digital de Asturias - Diario de actualidad y noticias\",\"alternateName\":\"El Digital de Asturias - Diario de actualidad y noticias\",\"description\":\"Hemeroteca\",\"inLanguage\":\"es-ES\",\"publisher\":{\"@id\":\"https:\\\/\\\/www.eldigitaldeasturias.com\\\/noticias\\\/#organization\"}}]}\n\t\t<\/script>\n\t\t<!-- All in One SEO Pro -->\r\n\t\t<title>Los metabolitos, vinculados con el envejecimiento - El Digital de Asturias<\/title>\n\n","aioseo_head_json":{"title":"Los metabolitos, vinculados con el envejecimiento - El Digital de Asturias","description":"Los metabolitos, sustancias que se crean durante el metabolismo, pueden proporcionar una gran cantidad de informaci\u00f3n acerca de la salud individual, la enfermedad, la dieta y el estilo de vida y, ahora, pueden incluso aportar m\u00e1s datos. Ahora un equipo de investigadores japoneses ha descubierto que est\u00e1n espec\u00edficamente relacionados con el envejecimiento y arrojan luz","canonical_url":"https:\/\/www.eldigitaldeasturias.com\/noticias\/los-metabolitos-vinculados-con-el-envejecimiento\/","robots":"max-image-preview:large","keywords":"sociedad","webmasterTools":{"google-site-verification":"UA-38556648-1","msvalidate.01":"7dfe9f3f1b24437ab69f4f2559babe99","miscellaneous":""},"schema":{"@context":"https:\/\/schema.org","@graph":[{"@type":"BlogPosting","@id":"https:\/\/www.eldigitaldeasturias.com\/noticias\/los-metabolitos-vinculados-con-el-envejecimiento\/#blogposting","name":"Los metabolitos, vinculados con el envejecimiento - El Digital de Asturias","headline":"Los metabolitos, vinculados con el envejecimiento","author":{"@id":"https:\/\/www.eldigitaldeasturias.com\/noticias\/author\/admin\/#author"},"publisher":{"@id":"https:\/\/www.eldigitaldeasturias.com\/noticias\/#organization"},"image":{"@type":"ImageObject","url":"https:\/\/www.eldigitaldeasturias.com\/noticias\/wp-content\/uploads\/2016\/03\/fotonoticia_20160329071431_800.jpg","width":800,"height":533},"datePublished":"2016-03-30T02:48:36+02:00","dateModified":"2016-03-30T02:48:36+02:00","inLanguage":"es-ES","mainEntityOfPage":{"@id":"https:\/\/www.eldigitaldeasturias.com\/noticias\/los-metabolitos-vinculados-con-el-envejecimiento\/#webpage"},"isPartOf":{"@id":"https:\/\/www.eldigitaldeasturias.com\/noticias\/los-metabolitos-vinculados-con-el-envejecimiento\/#webpage"},"articleSection":"Sociedad"},{"@type":"BreadcrumbList","@id":"https:\/\/www.eldigitaldeasturias.com\/noticias\/los-metabolitos-vinculados-con-el-envejecimiento\/#breadcrumblist","itemListElement":[{"@type":"ListItem","@id":"https:\/\/www.eldigitaldeasturias.com\/noticias#listItem","position":1,"name":"Home","item":"https:\/\/www.eldigitaldeasturias.com\/noticias","nextItem":{"@type":"ListItem","@id":"https:\/\/www.eldigitaldeasturias.com\/noticias\/category\/sociedad\/#listItem","name":"Sociedad"}},{"@type":"ListItem","@id":"https:\/\/www.eldigitaldeasturias.com\/noticias\/category\/sociedad\/#listItem","position":2,"name":"Sociedad","item":"https:\/\/www.eldigitaldeasturias.com\/noticias\/category\/sociedad\/","nextItem":{"@type":"ListItem","@id":"https:\/\/www.eldigitaldeasturias.com\/noticias\/los-metabolitos-vinculados-con-el-envejecimiento\/#listItem","name":"Los metabolitos, vinculados con el envejecimiento"},"previousItem":{"@type":"ListItem","@id":"https:\/\/www.eldigitaldeasturias.com\/noticias#listItem","name":"Home"}},{"@type":"ListItem","@id":"https:\/\/www.eldigitaldeasturias.com\/noticias\/los-metabolitos-vinculados-con-el-envejecimiento\/#listItem","position":3,"name":"Los metabolitos, vinculados con el envejecimiento","previousItem":{"@type":"ListItem","@id":"https:\/\/www.eldigitaldeasturias.com\/noticias\/category\/sociedad\/#listItem","name":"Sociedad"}}]},{"@type":"Organization","@id":"https:\/\/www.eldigitaldeasturias.com\/noticias\/#organization","name":"El Digital de Asturias","description":"Hemeroteca","url":"https:\/\/www.eldigitaldeasturias.com\/noticias\/","email":"info@eldigitaldeasturias.com","telephone":"+34652131393","logo":{"@type":"ImageObject","url":"https:\/\/www.eldigitaldeasturias.com\/noticias\/wp-content\/uploads\/2020\/12\/EDA.jpg","@id":"https:\/\/www.eldigitaldeasturias.com\/noticias\/los-metabolitos-vinculados-con-el-envejecimiento\/#organizationLogo","width":649,"height":297},"image":{"@id":"https:\/\/www.eldigitaldeasturias.com\/noticias\/los-metabolitos-vinculados-con-el-envejecimiento\/#organizationLogo"},"sameAs":["https:\/\/facebook.com\/eldigitaldeasturias","https:\/\/www.youtube.com\/channel\/UCZP-2wLEB9Rv6erhFmqVnvg"],"address":{"@id":"https:\/\/www.eldigitaldeasturias.com\/noticias\/#postaladdress","@type":"PostalAddress","streetAddress":"san antonio 4,","postalCode":"33430","addressLocality":"Cand\u00e1s","addressRegion":"Asturias","addressCountry":"ES"}},{"@type":"Person","@id":"https:\/\/www.eldigitaldeasturias.com\/noticias\/author\/admin\/#author","url":"https:\/\/www.eldigitaldeasturias.com\/noticias\/author\/admin\/","name":"El Digital de Asturias","image":{"@type":"ImageObject","@id":"https:\/\/www.eldigitaldeasturias.com\/noticias\/los-metabolitos-vinculados-con-el-envejecimiento\/#authorImage","url":"https:\/\/www.eldigitaldeasturias.com\/noticias\/wp-content\/litespeed\/avatar\/18677e78aa0546b92d9dbf31ec7d7668.jpg?ver=1777290358","width":96,"height":96,"caption":"El Digital de Asturias"}},{"@type":"WebPage","@id":"https:\/\/www.eldigitaldeasturias.com\/noticias\/los-metabolitos-vinculados-con-el-envejecimiento\/#webpage","url":"https:\/\/www.eldigitaldeasturias.com\/noticias\/los-metabolitos-vinculados-con-el-envejecimiento\/","name":"Los metabolitos, vinculados con el envejecimiento - El Digital de Asturias","description":"Los metabolitos, sustancias que se crean durante el metabolismo, pueden proporcionar una gran cantidad de informaci\u00f3n acerca de la salud individual, la enfermedad, la dieta y el estilo de vida y, ahora, pueden incluso aportar m\u00e1s datos. Ahora un equipo de investigadores japoneses ha descubierto que est\u00e1n espec\u00edficamente relacionados con el envejecimiento y arrojan luz","inLanguage":"es-ES","isPartOf":{"@id":"https:\/\/www.eldigitaldeasturias.com\/noticias\/#website"},"breadcrumb":{"@id":"https:\/\/www.eldigitaldeasturias.com\/noticias\/los-metabolitos-vinculados-con-el-envejecimiento\/#breadcrumblist"},"author":{"@id":"https:\/\/www.eldigitaldeasturias.com\/noticias\/author\/admin\/#author"},"creator":{"@id":"https:\/\/www.eldigitaldeasturias.com\/noticias\/author\/admin\/#author"},"image":{"@type":"ImageObject","url":"https:\/\/www.eldigitaldeasturias.com\/noticias\/wp-content\/uploads\/2016\/03\/fotonoticia_20160329071431_800.jpg","@id":"https:\/\/www.eldigitaldeasturias.com\/noticias\/los-metabolitos-vinculados-con-el-envejecimiento\/#mainImage","width":800,"height":533},"primaryImageOfPage":{"@id":"https:\/\/www.eldigitaldeasturias.com\/noticias\/los-metabolitos-vinculados-con-el-envejecimiento\/#mainImage"},"datePublished":"2016-03-30T02:48:36+02:00","dateModified":"2016-03-30T02:48:36+02:00"},{"@type":"WebSite","@id":"https:\/\/www.eldigitaldeasturias.com\/noticias\/#website","url":"https:\/\/www.eldigitaldeasturias.com\/noticias\/","name":"El Digital de Asturias - Diario de actualidad y noticias","alternateName":"El Digital de Asturias - Diario de actualidad y noticias","description":"Hemeroteca","inLanguage":"es-ES","publisher":{"@id":"https:\/\/www.eldigitaldeasturias.com\/noticias\/#organization"}}]},"og:locale":"es_ES","og:site_name":"El Digital de Asturias","og:type":"article","og:title":"Los metabolitos, vinculados con el envejecimiento - El Digital de Asturias","og:description":"Los metabolitos, sustancias que se crean durante el metabolismo, pueden proporcionar una gran cantidad de informaci\u00f3n acerca de la salud individual, la enfermedad, la dieta y el estilo de vida y, ahora, pueden incluso aportar m\u00e1s datos. Ahora un equipo de investigadores japoneses ha descubierto que est\u00e1n espec\u00edficamente relacionados con el envejecimiento y arrojan luz","og:url":"https:\/\/www.eldigitaldeasturias.com\/noticias\/los-metabolitos-vinculados-con-el-envejecimiento\/","og:image":"https:\/\/www.eldigitaldeasturias.com\/noticias\/wp-content\/uploads\/2016\/03\/fotonoticia_20160329071431_800.jpg","og:image:secure_url":"https:\/\/www.eldigitaldeasturias.com\/noticias\/wp-content\/uploads\/2016\/03\/fotonoticia_20160329071431_800.jpg","og:image:width":800,"og:image:height":533,"article:tag":["sociedad"],"article:published_time":"2016-03-30T02:48:36+00:00","article:modified_time":"2016-03-30T02:48:36+00:00","article:publisher":"https:\/\/facebook.com\/eldigitaldeasturias","twitter:card":"summary_large_image","twitter:title":"Los metabolitos, vinculados con el envejecimiento - El Digital de Asturias","twitter:description":"Los metabolitos, sustancias que se crean durante el metabolismo, pueden proporcionar una gran cantidad de informaci\u00f3n acerca de la salud individual, la enfermedad, la dieta y el estilo de vida y, ahora, pueden incluso aportar m\u00e1s datos. Ahora un equipo de investigadores japoneses ha descubierto que est\u00e1n espec\u00edficamente relacionados con el envejecimiento y arrojan luz","twitter:image":"https:\/\/www.eldigitaldeasturias.com\/noticias\/wp-content\/uploads\/2016\/03\/fotonoticia_20160329071431_800.jpg","twitter:label1":"Escrito por","twitter:data1":"El Digital de Asturias","twitter:label2":"Tiempo de lectura estimado","twitter:data2":"3 minutos"},"aioseo_meta_data":{"post_id":"869950","title":null,"description":null,"keywords":null,"keyphrases":null,"primary_term":null,"canonical_url":null,"og_title":null,"og_description":null,"og_object_type":"default","og_image_type":"default","og_image_url":null,"og_image_width":null,"og_image_height":null,"og_image_custom_url":null,"og_image_custom_fields":null,"og_video":null,"og_custom_url":null,"og_article_section":null,"og_article_tags":null,"twitter_use_og":false,"twitter_card":"default","twitter_image_type":"default","twitter_image_url":null,"twitter_image_custom_url":null,"twitter_image_custom_fields":null,"twitter_title":null,"twitter_description":null,"schema":{"blockGraphs":[],"customGraphs":[],"default":{"data":{"Article":[],"Course":[],"Dataset":[],"FAQPage":[],"Movie":[],"Person":[],"Product":[],"ProductReview":[],"Car":[],"Recipe":[],"Service":[],"SoftwareApplication":[],"WebPage":[]},"graphName":"","isEnabled":true},"graphs":[],"defaultGraph":"","defaultPostTypeGraph":""},"schema_type":null,"schema_type_options":null,"pillar_content":false,"robots_default":true,"robots_noindex":false,"robots_noarchive":false,"robots_nosnippet":false,"robots_nofollow":false,"robots_noimageindex":false,"robots_noodp":false,"robots_notranslate":false,"robots_max_snippet":null,"robots_max_videopreview":null,"robots_max_imagepreview":"large","priority":null,"frequency":null,"local_seo":null,"seo_analyzer_scan_date":"2025-11-08 10:56:11","breadcrumb_settings":null,"limit_modified_date":false,"open_ai":null,"ai":null,"created":"2021-01-22 05:45:41","updated":"2025-11-08 10:56:11"},"aioseo_breadcrumb":"<div class=\"aioseo-breadcrumbs\"><span class=\"aioseo-breadcrumb\">\n\t<a href=\"https:\/\/www.eldigitaldeasturias.com\/noticias\" title=\"Home\">Home<\/a>\n<\/span><span class=\"aioseo-breadcrumb-separator\">\u2013<\/span><span class=\"aioseo-breadcrumb\">\n\t<a href=\"https:\/\/www.eldigitaldeasturias.com\/noticias\/category\/sociedad\/\" title=\"Sociedad\">Sociedad<\/a>\n<\/span><span class=\"aioseo-breadcrumb-separator\">\u2013<\/span><span class=\"aioseo-breadcrumb\">\n\t<a href=\"https:\/\/www.eldigitaldeasturias.com\/noticias\/los-metabolitos-vinculados-con-el-envejecimiento\/\" title=\"Los metabolitos, vinculados con el envejecimiento\">Los metabolitos, vinculados con el envejecimiento<\/a>\n<\/span><\/div>","aioseo_breadcrumb_json":[{"label":"Home","link":"https:\/\/www.eldigitaldeasturias.com\/noticias"},{"label":"Sociedad","link":"https:\/\/www.eldigitaldeasturias.com\/noticias\/category\/sociedad\/"},{"label":"Los metabolitos, vinculados con el envejecimiento","link":"https:\/\/www.eldigitaldeasturias.com\/noticias\/los-metabolitos-vinculados-con-el-envejecimiento\/"}],"_links":{"self":[{"href":"https:\/\/www.eldigitaldeasturias.com\/noticias\/wp-json\/wp\/v2\/posts\/869950","targetHints":{"allow":["GET"]}}],"collection":[{"href":"https:\/\/www.eldigitaldeasturias.com\/noticias\/wp-json\/wp\/v2\/posts"}],"about":[{"href":"https:\/\/www.eldigitaldeasturias.com\/noticias\/wp-json\/wp\/v2\/types\/post"}],"author":[{"embeddable":true,"href":"https:\/\/www.eldigitaldeasturias.com\/noticias\/wp-json\/wp\/v2\/users\/1"}],"replies":[{"embeddable":true,"href":"https:\/\/www.eldigitaldeasturias.com\/noticias\/wp-json\/wp\/v2\/comments?post=869950"}],"version-history":[{"count":0,"href":"https:\/\/www.eldigitaldeasturias.com\/noticias\/wp-json\/wp\/v2\/posts\/869950\/revisions"}],"wp:featuredmedia":[{"embeddable":true,"href":"https:\/\/www.eldigitaldeasturias.com\/noticias\/wp-json\/wp\/v2\/media\/869951"}],"wp:attachment":[{"href":"https:\/\/www.eldigitaldeasturias.com\/noticias\/wp-json\/wp\/v2\/media?parent=869950"}],"wp:term":[{"taxonomy":"category","embeddable":true,"href":"https:\/\/www.eldigitaldeasturias.com\/noticias\/wp-json\/wp\/v2\/categories?post=869950"},{"taxonomy":"post_tag","embeddable":true,"href":"https:\/\/www.eldigitaldeasturias.com\/noticias\/wp-json\/wp\/v2\/tags?post=869950"}],"curies":[{"name":"wp","href":"https:\/\/api.w.org\/{rel}","templated":true}]}}