{"id":868910,"date":"2016-03-24T20:27:38","date_gmt":"2016-03-24T20:27:38","guid":{"rendered":"http:\/\/www.eldigitaldeasturias.com\/noticias\/?p=868910"},"modified":"2016-03-24T20:27:38","modified_gmt":"2016-03-24T20:27:38","slug":"la-plataforma-asturiana-religion-en-la-escuela-pide-el-amparo-de-la-junta","status":"publish","type":"post","link":"https:\/\/www.eldigitaldeasturias.com\/noticias\/la-plataforma-asturiana-religion-en-la-escuela-pide-el-amparo-de-la-junta\/","title":{"rendered":"La Plataforma Asturiana Religi\u00f3n en la Escuela pide el amparo de la Junta"},"content":{"rendered":"<p><img loading=\"lazy\" decoding=\"async\" class=\"alignleft size-medium wp-image-801268\" src=\"https:\/\/www.eldigitaldeasturias.com\/noticias\/wp-content\/uploads\/2015\/08\/aula-360x270.jpg\" alt=\"aula\" width=\"360\" height=\"270\" srcset=\"https:\/\/www.eldigitaldeasturias.com\/noticias\/wp-content\/uploads\/2015\/08\/aula-360x270.jpg 360w, https:\/\/www.eldigitaldeasturias.com\/noticias\/wp-content\/uploads\/2015\/08\/aula-400x300.jpg 400w, https:\/\/www.eldigitaldeasturias.com\/noticias\/wp-content\/uploads\/2015\/08\/aula-768x576.jpg 768w, https:\/\/www.eldigitaldeasturias.com\/noticias\/wp-content\/uploads\/2015\/08\/aula-640x480.jpg 640w, https:\/\/www.eldigitaldeasturias.com\/noticias\/wp-content\/uploads\/2015\/08\/aula-20x15.jpg 20w, https:\/\/www.eldigitaldeasturias.com\/noticias\/wp-content\/uploads\/2015\/08\/aula.jpg 800w\" sizes=\"auto, (max-width: 360px) 100vw, 360px\" \/>La Plataforma Asturiana Religi\u00f3n en la Escuela ha solicitado el amparo de la Junta General del Principado, en su reivindicaci\u00f3n de una regulaci\u00f3n laboral a trav\u00e9s del convenio correspondiente.<\/p>\n<p>En una nota de prensa, ha denunciado p\u00fablicamente la \u00abindefensi\u00f3n en la que se encuentra el profesorado de Religi\u00f3n en Asturias\u00bb. La Plataforma \u00abse ha puesto en contacto con todos los grupos parlamentarios para solicitarles que insten al Gobierno Asturiano a regular este colectivo sin convenio laboral cuyo desamparo jur\u00eddico han venido certificando sucesivas sentencias judiciales\u00bb.<\/p>\n<p>\u00abSe denuncia asimismo que la Consejer\u00eda de Educaci\u00f3n, cuando ya se inicia el \u00faltimo trimestre escolar, no ha hecho absolutamente nada al respecto y ni siquiera se ha avanzado nada en las medidas se\u00f1aladas por los tribunales para ordenar la plantilla conforme a derecho\u00bb, ha a\u00f1adido la nota.<\/p>\n<p>Seg\u00fan la Plataforma, \u00abel di\u00e1logo prometido por el consejero Genaro Alonso se ha quedado en meras formalidades sin contenido, encontr\u00e1ndose de hecho hoy el profesorado m\u00e1s desinformado que nunca sobre su futuro inmediato\u00bb.<\/p>\n<p>Es por todo ello que la Plataforma solicita \u00abla intervenci\u00f3n de todos los grupos parlamentarios a la hora de defender los derechos laborales de estos trabajadores\u00bb.<\/p>\n<p>&nbsp;<\/p>\n","protected":false},"excerpt":{"rendered":"<p>La Plataforma Asturiana Religi\u00f3n en la Escuela ha solicitado el amparo de la Junta General del Principado, en su reivindicaci\u00f3n de una regulaci\u00f3n laboral a trav\u00e9s del convenio correspondiente. En una nota de prensa, ha denunciado p\u00fablicamente la \u00abindefensi\u00f3n en la que se encuentra el profesorado de Religi\u00f3n en Asturias\u00bb. La Plataforma \u00abse ha puesto [&hellip;]<\/p>\n","protected":false},"author":1,"featured_media":801268,"comment_status":"closed","ping_status":"closed","sticky":false,"template":"","format":"standard","meta":{"footnotes":""},"categories":[12],"tags":[],"class_list":["post-868910","post","type-post","status-publish","format-standard","has-post-thumbnail","hentry","category-actualidad-asturias"],"aioseo_notices":[],"aioseo_head":"\n\t\t<!-- All in One SEO Pro 4.9.6.2 - aioseo.com -->\n\t<meta name=\"description\" content=\"La Plataforma Asturiana Religi\u00f3n en la Escuela ha solicitado el amparo de la Junta General del Principado, en su reivindicaci\u00f3n de una regulaci\u00f3n laboral a trav\u00e9s del convenio correspondiente. En una nota de prensa, ha denunciado p\u00fablicamente la &quot;indefensi\u00f3n en la que se encuentra el profesorado de Religi\u00f3n en Asturias&quot;. La Plataforma &quot;se ha puesto\" \/>\n\t<meta name=\"robots\" content=\"max-image-preview:large\" \/>\n\t<meta name=\"author\" content=\"El Digital de Asturias\"\/>\n\t<meta name=\"google-site-verification\" content=\"UA-38556648-1\" \/>\n\t<meta name=\"msvalidate.01\" content=\"7dfe9f3f1b24437ab69f4f2559babe99\" \/>\n\t<meta name=\"keywords\" content=\"actualidad asturias\" \/>\n\t<link rel=\"canonical\" href=\"https:\/\/www.eldigitaldeasturias.com\/noticias\/la-plataforma-asturiana-religion-en-la-escuela-pide-el-amparo-de-la-junta\/\" \/>\n\t<meta name=\"generator\" content=\"All in One SEO Pro (AIOSEO) 4.9.6.2\" \/>\n\t\t<meta property=\"og:locale\" content=\"es_ES\" \/>\n\t\t<meta property=\"og:site_name\" content=\"El Digital de Asturias\" \/>\n\t\t<meta property=\"og:type\" content=\"article\" \/>\n\t\t<meta property=\"og:title\" content=\"La Plataforma Asturiana Religi\u00f3n en la Escuela pide el amparo de la Junta - El Digital de Asturias\" \/>\n\t\t<meta property=\"og:description\" content=\"La Plataforma Asturiana Religi\u00f3n en la Escuela ha solicitado el amparo de la Junta General del Principado, en su reivindicaci\u00f3n de una regulaci\u00f3n laboral a trav\u00e9s del convenio correspondiente. En una nota de prensa, ha denunciado p\u00fablicamente la &quot;indefensi\u00f3n en la que se encuentra el profesorado de Religi\u00f3n en Asturias&quot;. La Plataforma &quot;se ha puesto\" \/>\n\t\t<meta property=\"og:url\" content=\"https:\/\/www.eldigitaldeasturias.com\/noticias\/la-plataforma-asturiana-religion-en-la-escuela-pide-el-amparo-de-la-junta\/\" \/>\n\t\t<meta property=\"og:image\" content=\"https:\/\/www.eldigitaldeasturias.com\/noticias\/wp-content\/uploads\/2015\/08\/aula.jpg\" \/>\n\t\t<meta property=\"og:image:secure_url\" content=\"https:\/\/www.eldigitaldeasturias.com\/noticias\/wp-content\/uploads\/2015\/08\/aula.jpg\" \/>\n\t\t<meta property=\"og:image:width\" content=\"800\" \/>\n\t\t<meta property=\"og:image:height\" content=\"600\" \/>\n\t\t<meta property=\"article:tag\" content=\"actualidad asturias\" \/>\n\t\t<meta property=\"article:published_time\" content=\"2016-03-24T20:27:38+00:00\" \/>\n\t\t<meta property=\"article:modified_time\" content=\"2016-03-24T20:27:38+00:00\" \/>\n\t\t<meta property=\"article:publisher\" content=\"https:\/\/facebook.com\/eldigitaldeasturias\" \/>\n\t\t<meta name=\"twitter:card\" content=\"summary_large_image\" \/>\n\t\t<meta name=\"twitter:title\" content=\"La Plataforma Asturiana Religi\u00f3n en la Escuela pide el amparo de la Junta - El Digital de Asturias\" \/>\n\t\t<meta name=\"twitter:description\" content=\"La Plataforma Asturiana Religi\u00f3n en la Escuela ha solicitado el amparo de la Junta General del Principado, en su reivindicaci\u00f3n de una regulaci\u00f3n laboral a trav\u00e9s del convenio correspondiente. En una nota de prensa, ha denunciado p\u00fablicamente la &quot;indefensi\u00f3n en la que se encuentra el profesorado de Religi\u00f3n en Asturias&quot;. La Plataforma &quot;se ha puesto\" \/>\n\t\t<meta name=\"twitter:image\" content=\"https:\/\/www.eldigitaldeasturias.com\/noticias\/wp-content\/uploads\/2015\/08\/aula.jpg\" \/>\n\t\t<meta name=\"twitter:label1\" content=\"Escrito por\" \/>\n\t\t<meta name=\"twitter:data1\" content=\"El Digital de Asturias\" \/>\n\t\t<meta name=\"twitter:label2\" content=\"Tiempo de lectura estimado\" \/>\n\t\t<meta name=\"twitter:data2\" content=\"1 minuto\" \/>\n\t\t<script type=\"application\/ld+json\" class=\"aioseo-schema\">\n\t\t\t{\"@context\":\"https:\\\/\\\/schema.org\",\"@graph\":[{\"@type\":\"BlogPosting\",\"@id\":\"https:\\\/\\\/www.eldigitaldeasturias.com\\\/noticias\\\/la-plataforma-asturiana-religion-en-la-escuela-pide-el-amparo-de-la-junta\\\/#blogposting\",\"name\":\"La Plataforma Asturiana Religi\\u00f3n en la Escuela pide el amparo de la Junta - El Digital de Asturias\",\"headline\":\"La Plataforma Asturiana Religi\\u00f3n en la Escuela pide el amparo de la Junta\",\"author\":{\"@id\":\"https:\\\/\\\/www.eldigitaldeasturias.com\\\/noticias\\\/author\\\/admin\\\/#author\"},\"publisher\":{\"@id\":\"https:\\\/\\\/www.eldigitaldeasturias.com\\\/noticias\\\/#organization\"},\"image\":{\"@type\":\"ImageObject\",\"url\":\"https:\\\/\\\/www.eldigitaldeasturias.com\\\/noticias\\\/wp-content\\\/uploads\\\/2015\\\/08\\\/aula.jpg\",\"width\":800,\"height\":600},\"datePublished\":\"2016-03-24T20:27:38+01:00\",\"dateModified\":\"2016-03-24T20:27:38+01:00\",\"inLanguage\":\"es-ES\",\"mainEntityOfPage\":{\"@id\":\"https:\\\/\\\/www.eldigitaldeasturias.com\\\/noticias\\\/la-plataforma-asturiana-religion-en-la-escuela-pide-el-amparo-de-la-junta\\\/#webpage\"},\"isPartOf\":{\"@id\":\"https:\\\/\\\/www.eldigitaldeasturias.com\\\/noticias\\\/la-plataforma-asturiana-religion-en-la-escuela-pide-el-amparo-de-la-junta\\\/#webpage\"},\"articleSection\":\"Actualidad Asturias\"},{\"@type\":\"BreadcrumbList\",\"@id\":\"https:\\\/\\\/www.eldigitaldeasturias.com\\\/noticias\\\/la-plataforma-asturiana-religion-en-la-escuela-pide-el-amparo-de-la-junta\\\/#breadcrumblist\",\"itemListElement\":[{\"@type\":\"ListItem\",\"@id\":\"https:\\\/\\\/www.eldigitaldeasturias.com\\\/noticias#listItem\",\"position\":1,\"name\":\"Home\",\"item\":\"https:\\\/\\\/www.eldigitaldeasturias.com\\\/noticias\",\"nextItem\":{\"@type\":\"ListItem\",\"@id\":\"https:\\\/\\\/www.eldigitaldeasturias.com\\\/noticias\\\/category\\\/actualidad-asturias\\\/#listItem\",\"name\":\"Actualidad Asturias\"}},{\"@type\":\"ListItem\",\"@id\":\"https:\\\/\\\/www.eldigitaldeasturias.com\\\/noticias\\\/category\\\/actualidad-asturias\\\/#listItem\",\"position\":2,\"name\":\"Actualidad Asturias\",\"item\":\"https:\\\/\\\/www.eldigitaldeasturias.com\\\/noticias\\\/category\\\/actualidad-asturias\\\/\",\"nextItem\":{\"@type\":\"ListItem\",\"@id\":\"https:\\\/\\\/www.eldigitaldeasturias.com\\\/noticias\\\/la-plataforma-asturiana-religion-en-la-escuela-pide-el-amparo-de-la-junta\\\/#listItem\",\"name\":\"La Plataforma Asturiana Religi\\u00f3n en la Escuela pide el amparo de la Junta\"},\"previousItem\":{\"@type\":\"ListItem\",\"@id\":\"https:\\\/\\\/www.eldigitaldeasturias.com\\\/noticias#listItem\",\"name\":\"Home\"}},{\"@type\":\"ListItem\",\"@id\":\"https:\\\/\\\/www.eldigitaldeasturias.com\\\/noticias\\\/la-plataforma-asturiana-religion-en-la-escuela-pide-el-amparo-de-la-junta\\\/#listItem\",\"position\":3,\"name\":\"La Plataforma Asturiana Religi\\u00f3n en la Escuela pide el amparo de la Junta\",\"previousItem\":{\"@type\":\"ListItem\",\"@id\":\"https:\\\/\\\/www.eldigitaldeasturias.com\\\/noticias\\\/category\\\/actualidad-asturias\\\/#listItem\",\"name\":\"Actualidad Asturias\"}}]},{\"@type\":\"Organization\",\"@id\":\"https:\\\/\\\/www.eldigitaldeasturias.com\\\/noticias\\\/#organization\",\"name\":\"El Digital de Asturias\",\"description\":\"Hemeroteca\",\"url\":\"https:\\\/\\\/www.eldigitaldeasturias.com\\\/noticias\\\/\",\"email\":\"info@eldigitaldeasturias.com\",\"telephone\":\"+34652131393\",\"logo\":{\"@type\":\"ImageObject\",\"url\":\"https:\\\/\\\/www.eldigitaldeasturias.com\\\/noticias\\\/wp-content\\\/uploads\\\/2020\\\/12\\\/EDA.jpg\",\"@id\":\"https:\\\/\\\/www.eldigitaldeasturias.com\\\/noticias\\\/la-plataforma-asturiana-religion-en-la-escuela-pide-el-amparo-de-la-junta\\\/#organizationLogo\",\"width\":649,\"height\":297},\"image\":{\"@id\":\"https:\\\/\\\/www.eldigitaldeasturias.com\\\/noticias\\\/la-plataforma-asturiana-religion-en-la-escuela-pide-el-amparo-de-la-junta\\\/#organizationLogo\"},\"sameAs\":[\"https:\\\/\\\/facebook.com\\\/eldigitaldeasturias\",\"https:\\\/\\\/www.youtube.com\\\/channel\\\/UCZP-2wLEB9Rv6erhFmqVnvg\"],\"address\":{\"@id\":\"https:\\\/\\\/www.eldigitaldeasturias.com\\\/noticias\\\/#postaladdress\",\"@type\":\"PostalAddress\",\"streetAddress\":\"san antonio 4,\",\"postalCode\":\"33430\",\"addressLocality\":\"Cand\\u00e1s\",\"addressRegion\":\"Asturias\",\"addressCountry\":\"ES\"}},{\"@type\":\"Person\",\"@id\":\"https:\\\/\\\/www.eldigitaldeasturias.com\\\/noticias\\\/author\\\/admin\\\/#author\",\"url\":\"https:\\\/\\\/www.eldigitaldeasturias.com\\\/noticias\\\/author\\\/admin\\\/\",\"name\":\"El Digital de Asturias\",\"image\":{\"@type\":\"ImageObject\",\"@id\":\"https:\\\/\\\/www.eldigitaldeasturias.com\\\/noticias\\\/la-plataforma-asturiana-religion-en-la-escuela-pide-el-amparo-de-la-junta\\\/#authorImage\",\"url\":\"https:\\\/\\\/www.eldigitaldeasturias.com\\\/noticias\\\/wp-content\\\/litespeed\\\/avatar\\\/18677e78aa0546b92d9dbf31ec7d7668.jpg?ver=1777290358\",\"width\":96,\"height\":96,\"caption\":\"El Digital de Asturias\"}},{\"@type\":\"WebPage\",\"@id\":\"https:\\\/\\\/www.eldigitaldeasturias.com\\\/noticias\\\/la-plataforma-asturiana-religion-en-la-escuela-pide-el-amparo-de-la-junta\\\/#webpage\",\"url\":\"https:\\\/\\\/www.eldigitaldeasturias.com\\\/noticias\\\/la-plataforma-asturiana-religion-en-la-escuela-pide-el-amparo-de-la-junta\\\/\",\"name\":\"La Plataforma Asturiana Religi\\u00f3n en la Escuela pide el amparo de la Junta - El Digital de Asturias\",\"description\":\"La Plataforma Asturiana Religi\\u00f3n en la Escuela ha solicitado el amparo de la Junta General del Principado, en su reivindicaci\\u00f3n de una regulaci\\u00f3n laboral a trav\\u00e9s del convenio correspondiente. En una nota de prensa, ha denunciado p\\u00fablicamente la \\\"indefensi\\u00f3n en la que se encuentra el profesorado de Religi\\u00f3n en Asturias\\\". La Plataforma \\\"se ha puesto\",\"inLanguage\":\"es-ES\",\"isPartOf\":{\"@id\":\"https:\\\/\\\/www.eldigitaldeasturias.com\\\/noticias\\\/#website\"},\"breadcrumb\":{\"@id\":\"https:\\\/\\\/www.eldigitaldeasturias.com\\\/noticias\\\/la-plataforma-asturiana-religion-en-la-escuela-pide-el-amparo-de-la-junta\\\/#breadcrumblist\"},\"author\":{\"@id\":\"https:\\\/\\\/www.eldigitaldeasturias.com\\\/noticias\\\/author\\\/admin\\\/#author\"},\"creator\":{\"@id\":\"https:\\\/\\\/www.eldigitaldeasturias.com\\\/noticias\\\/author\\\/admin\\\/#author\"},\"image\":{\"@type\":\"ImageObject\",\"url\":\"https:\\\/\\\/www.eldigitaldeasturias.com\\\/noticias\\\/wp-content\\\/uploads\\\/2015\\\/08\\\/aula.jpg\",\"@id\":\"https:\\\/\\\/www.eldigitaldeasturias.com\\\/noticias\\\/la-plataforma-asturiana-religion-en-la-escuela-pide-el-amparo-de-la-junta\\\/#mainImage\",\"width\":800,\"height\":600},\"primaryImageOfPage\":{\"@id\":\"https:\\\/\\\/www.eldigitaldeasturias.com\\\/noticias\\\/la-plataforma-asturiana-religion-en-la-escuela-pide-el-amparo-de-la-junta\\\/#mainImage\"},\"datePublished\":\"2016-03-24T20:27:38+01:00\",\"dateModified\":\"2016-03-24T20:27:38+01:00\"},{\"@type\":\"WebSite\",\"@id\":\"https:\\\/\\\/www.eldigitaldeasturias.com\\\/noticias\\\/#website\",\"url\":\"https:\\\/\\\/www.eldigitaldeasturias.com\\\/noticias\\\/\",\"name\":\"El Digital de Asturias - Diario de actualidad y noticias\",\"alternateName\":\"El Digital de Asturias - Diario de actualidad y noticias\",\"description\":\"Hemeroteca\",\"inLanguage\":\"es-ES\",\"publisher\":{\"@id\":\"https:\\\/\\\/www.eldigitaldeasturias.com\\\/noticias\\\/#organization\"}}]}\n\t\t<\/script>\n\t\t<!-- All in One SEO Pro -->\r\n\t\t<title>La Plataforma Asturiana Religi\u00f3n en la Escuela pide el amparo de la Junta - El Digital de Asturias<\/title>\n\n","aioseo_head_json":{"title":"La Plataforma Asturiana Religi\u00f3n en la Escuela pide el amparo de la Junta - El Digital de Asturias","description":"La Plataforma Asturiana Religi\u00f3n en la Escuela ha solicitado el amparo de la Junta General del Principado, en su reivindicaci\u00f3n de una regulaci\u00f3n laboral a trav\u00e9s del convenio correspondiente. En una nota de prensa, ha denunciado p\u00fablicamente la \"indefensi\u00f3n en la que se encuentra el profesorado de Religi\u00f3n en Asturias\". La Plataforma \"se ha puesto","canonical_url":"https:\/\/www.eldigitaldeasturias.com\/noticias\/la-plataforma-asturiana-religion-en-la-escuela-pide-el-amparo-de-la-junta\/","robots":"max-image-preview:large","keywords":"actualidad asturias","webmasterTools":{"google-site-verification":"UA-38556648-1","msvalidate.01":"7dfe9f3f1b24437ab69f4f2559babe99","miscellaneous":""},"schema":{"@context":"https:\/\/schema.org","@graph":[{"@type":"BlogPosting","@id":"https:\/\/www.eldigitaldeasturias.com\/noticias\/la-plataforma-asturiana-religion-en-la-escuela-pide-el-amparo-de-la-junta\/#blogposting","name":"La Plataforma Asturiana Religi\u00f3n en la Escuela pide el amparo de la Junta - El Digital de Asturias","headline":"La Plataforma Asturiana Religi\u00f3n en la Escuela pide el amparo de la Junta","author":{"@id":"https:\/\/www.eldigitaldeasturias.com\/noticias\/author\/admin\/#author"},"publisher":{"@id":"https:\/\/www.eldigitaldeasturias.com\/noticias\/#organization"},"image":{"@type":"ImageObject","url":"https:\/\/www.eldigitaldeasturias.com\/noticias\/wp-content\/uploads\/2015\/08\/aula.jpg","width":800,"height":600},"datePublished":"2016-03-24T20:27:38+01:00","dateModified":"2016-03-24T20:27:38+01:00","inLanguage":"es-ES","mainEntityOfPage":{"@id":"https:\/\/www.eldigitaldeasturias.com\/noticias\/la-plataforma-asturiana-religion-en-la-escuela-pide-el-amparo-de-la-junta\/#webpage"},"isPartOf":{"@id":"https:\/\/www.eldigitaldeasturias.com\/noticias\/la-plataforma-asturiana-religion-en-la-escuela-pide-el-amparo-de-la-junta\/#webpage"},"articleSection":"Actualidad Asturias"},{"@type":"BreadcrumbList","@id":"https:\/\/www.eldigitaldeasturias.com\/noticias\/la-plataforma-asturiana-religion-en-la-escuela-pide-el-amparo-de-la-junta\/#breadcrumblist","itemListElement":[{"@type":"ListItem","@id":"https:\/\/www.eldigitaldeasturias.com\/noticias#listItem","position":1,"name":"Home","item":"https:\/\/www.eldigitaldeasturias.com\/noticias","nextItem":{"@type":"ListItem","@id":"https:\/\/www.eldigitaldeasturias.com\/noticias\/category\/actualidad-asturias\/#listItem","name":"Actualidad Asturias"}},{"@type":"ListItem","@id":"https:\/\/www.eldigitaldeasturias.com\/noticias\/category\/actualidad-asturias\/#listItem","position":2,"name":"Actualidad Asturias","item":"https:\/\/www.eldigitaldeasturias.com\/noticias\/category\/actualidad-asturias\/","nextItem":{"@type":"ListItem","@id":"https:\/\/www.eldigitaldeasturias.com\/noticias\/la-plataforma-asturiana-religion-en-la-escuela-pide-el-amparo-de-la-junta\/#listItem","name":"La Plataforma Asturiana Religi\u00f3n en la Escuela pide el amparo de la Junta"},"previousItem":{"@type":"ListItem","@id":"https:\/\/www.eldigitaldeasturias.com\/noticias#listItem","name":"Home"}},{"@type":"ListItem","@id":"https:\/\/www.eldigitaldeasturias.com\/noticias\/la-plataforma-asturiana-religion-en-la-escuela-pide-el-amparo-de-la-junta\/#listItem","position":3,"name":"La Plataforma Asturiana Religi\u00f3n en la Escuela pide el amparo de la Junta","previousItem":{"@type":"ListItem","@id":"https:\/\/www.eldigitaldeasturias.com\/noticias\/category\/actualidad-asturias\/#listItem","name":"Actualidad Asturias"}}]},{"@type":"Organization","@id":"https:\/\/www.eldigitaldeasturias.com\/noticias\/#organization","name":"El Digital de Asturias","description":"Hemeroteca","url":"https:\/\/www.eldigitaldeasturias.com\/noticias\/","email":"info@eldigitaldeasturias.com","telephone":"+34652131393","logo":{"@type":"ImageObject","url":"https:\/\/www.eldigitaldeasturias.com\/noticias\/wp-content\/uploads\/2020\/12\/EDA.jpg","@id":"https:\/\/www.eldigitaldeasturias.com\/noticias\/la-plataforma-asturiana-religion-en-la-escuela-pide-el-amparo-de-la-junta\/#organizationLogo","width":649,"height":297},"image":{"@id":"https:\/\/www.eldigitaldeasturias.com\/noticias\/la-plataforma-asturiana-religion-en-la-escuela-pide-el-amparo-de-la-junta\/#organizationLogo"},"sameAs":["https:\/\/facebook.com\/eldigitaldeasturias","https:\/\/www.youtube.com\/channel\/UCZP-2wLEB9Rv6erhFmqVnvg"],"address":{"@id":"https:\/\/www.eldigitaldeasturias.com\/noticias\/#postaladdress","@type":"PostalAddress","streetAddress":"san antonio 4,","postalCode":"33430","addressLocality":"Cand\u00e1s","addressRegion":"Asturias","addressCountry":"ES"}},{"@type":"Person","@id":"https:\/\/www.eldigitaldeasturias.com\/noticias\/author\/admin\/#author","url":"https:\/\/www.eldigitaldeasturias.com\/noticias\/author\/admin\/","name":"El Digital de Asturias","image":{"@type":"ImageObject","@id":"https:\/\/www.eldigitaldeasturias.com\/noticias\/la-plataforma-asturiana-religion-en-la-escuela-pide-el-amparo-de-la-junta\/#authorImage","url":"https:\/\/www.eldigitaldeasturias.com\/noticias\/wp-content\/litespeed\/avatar\/18677e78aa0546b92d9dbf31ec7d7668.jpg?ver=1777290358","width":96,"height":96,"caption":"El Digital de Asturias"}},{"@type":"WebPage","@id":"https:\/\/www.eldigitaldeasturias.com\/noticias\/la-plataforma-asturiana-religion-en-la-escuela-pide-el-amparo-de-la-junta\/#webpage","url":"https:\/\/www.eldigitaldeasturias.com\/noticias\/la-plataforma-asturiana-religion-en-la-escuela-pide-el-amparo-de-la-junta\/","name":"La Plataforma Asturiana Religi\u00f3n en la Escuela pide el amparo de la Junta - El Digital de Asturias","description":"La Plataforma Asturiana Religi\u00f3n en la Escuela ha solicitado el amparo de la Junta General del Principado, en su reivindicaci\u00f3n de una regulaci\u00f3n laboral a trav\u00e9s del convenio correspondiente. En una nota de prensa, ha denunciado p\u00fablicamente la \"indefensi\u00f3n en la que se encuentra el profesorado de Religi\u00f3n en Asturias\". La Plataforma \"se ha puesto","inLanguage":"es-ES","isPartOf":{"@id":"https:\/\/www.eldigitaldeasturias.com\/noticias\/#website"},"breadcrumb":{"@id":"https:\/\/www.eldigitaldeasturias.com\/noticias\/la-plataforma-asturiana-religion-en-la-escuela-pide-el-amparo-de-la-junta\/#breadcrumblist"},"author":{"@id":"https:\/\/www.eldigitaldeasturias.com\/noticias\/author\/admin\/#author"},"creator":{"@id":"https:\/\/www.eldigitaldeasturias.com\/noticias\/author\/admin\/#author"},"image":{"@type":"ImageObject","url":"https:\/\/www.eldigitaldeasturias.com\/noticias\/wp-content\/uploads\/2015\/08\/aula.jpg","@id":"https:\/\/www.eldigitaldeasturias.com\/noticias\/la-plataforma-asturiana-religion-en-la-escuela-pide-el-amparo-de-la-junta\/#mainImage","width":800,"height":600},"primaryImageOfPage":{"@id":"https:\/\/www.eldigitaldeasturias.com\/noticias\/la-plataforma-asturiana-religion-en-la-escuela-pide-el-amparo-de-la-junta\/#mainImage"},"datePublished":"2016-03-24T20:27:38+01:00","dateModified":"2016-03-24T20:27:38+01:00"},{"@type":"WebSite","@id":"https:\/\/www.eldigitaldeasturias.com\/noticias\/#website","url":"https:\/\/www.eldigitaldeasturias.com\/noticias\/","name":"El Digital de Asturias - Diario de actualidad y noticias","alternateName":"El Digital de Asturias - Diario de actualidad y noticias","description":"Hemeroteca","inLanguage":"es-ES","publisher":{"@id":"https:\/\/www.eldigitaldeasturias.com\/noticias\/#organization"}}]},"og:locale":"es_ES","og:site_name":"El Digital de Asturias","og:type":"article","og:title":"La Plataforma Asturiana Religi\u00f3n en la Escuela pide el amparo de la Junta - El Digital de Asturias","og:description":"La Plataforma Asturiana Religi\u00f3n en la Escuela ha solicitado el amparo de la Junta General del Principado, en su reivindicaci\u00f3n de una regulaci\u00f3n laboral a trav\u00e9s del convenio correspondiente. En una nota de prensa, ha denunciado p\u00fablicamente la &quot;indefensi\u00f3n en la que se encuentra el profesorado de Religi\u00f3n en Asturias&quot;. La Plataforma &quot;se ha puesto","og:url":"https:\/\/www.eldigitaldeasturias.com\/noticias\/la-plataforma-asturiana-religion-en-la-escuela-pide-el-amparo-de-la-junta\/","og:image":"https:\/\/www.eldigitaldeasturias.com\/noticias\/wp-content\/uploads\/2015\/08\/aula.jpg","og:image:secure_url":"https:\/\/www.eldigitaldeasturias.com\/noticias\/wp-content\/uploads\/2015\/08\/aula.jpg","og:image:width":800,"og:image:height":600,"article:tag":["actualidad asturias"],"article:published_time":"2016-03-24T20:27:38+00:00","article:modified_time":"2016-03-24T20:27:38+00:00","article:publisher":"https:\/\/facebook.com\/eldigitaldeasturias","twitter:card":"summary_large_image","twitter:title":"La Plataforma Asturiana Religi\u00f3n en la Escuela pide el amparo de la Junta - El Digital de Asturias","twitter:description":"La Plataforma Asturiana Religi\u00f3n en la Escuela ha solicitado el amparo de la Junta General del Principado, en su reivindicaci\u00f3n de una regulaci\u00f3n laboral a trav\u00e9s del convenio correspondiente. En una nota de prensa, ha denunciado p\u00fablicamente la &quot;indefensi\u00f3n en la que se encuentra el profesorado de Religi\u00f3n en Asturias&quot;. La Plataforma &quot;se ha puesto","twitter:image":"https:\/\/www.eldigitaldeasturias.com\/noticias\/wp-content\/uploads\/2015\/08\/aula.jpg","twitter:label1":"Escrito por","twitter:data1":"El Digital de Asturias","twitter:label2":"Tiempo de lectura estimado","twitter:data2":"1 minuto"},"aioseo_meta_data":{"post_id":"868910","title":null,"description":null,"keywords":null,"keyphrases":null,"primary_term":null,"canonical_url":null,"og_title":null,"og_description":null,"og_object_type":"default","og_image_type":"default","og_image_url":null,"og_image_width":null,"og_image_height":null,"og_image_custom_url":null,"og_image_custom_fields":null,"og_video":null,"og_custom_url":null,"og_article_section":null,"og_article_tags":null,"twitter_use_og":false,"twitter_card":"default","twitter_image_type":"default","twitter_image_url":null,"twitter_image_custom_url":null,"twitter_image_custom_fields":null,"twitter_title":null,"twitter_description":null,"schema":{"blockGraphs":[],"customGraphs":[],"default":{"data":{"Article":[],"Course":[],"Dataset":[],"FAQPage":[],"Movie":[],"Person":[],"Product":[],"ProductReview":[],"Car":[],"Recipe":[],"Service":[],"SoftwareApplication":[],"WebPage":[]},"graphName":"","isEnabled":true},"graphs":[],"defaultGraph":"","defaultPostTypeGraph":""},"schema_type":null,"schema_type_options":null,"pillar_content":false,"robots_default":true,"robots_noindex":false,"robots_noarchive":false,"robots_nosnippet":false,"robots_nofollow":false,"robots_noimageindex":false,"robots_noodp":false,"robots_notranslate":false,"robots_max_snippet":null,"robots_max_videopreview":null,"robots_max_imagepreview":"large","priority":null,"frequency":null,"local_seo":null,"seo_analyzer_scan_date":"2025-11-08 07:42:26","breadcrumb_settings":null,"limit_modified_date":false,"open_ai":null,"ai":null,"created":"2021-01-22 18:39:01","updated":"2025-11-08 07:42:26"},"aioseo_breadcrumb":"<div class=\"aioseo-breadcrumbs\"><span class=\"aioseo-breadcrumb\">\n\t<a href=\"https:\/\/www.eldigitaldeasturias.com\/noticias\" title=\"Home\">Home<\/a>\n<\/span><span class=\"aioseo-breadcrumb-separator\">\u2013<\/span><span class=\"aioseo-breadcrumb\">\n\t<a href=\"https:\/\/www.eldigitaldeasturias.com\/noticias\/category\/actualidad-asturias\/\" title=\"Actualidad Asturias\">Actualidad Asturias<\/a>\n<\/span><span class=\"aioseo-breadcrumb-separator\">\u2013<\/span><span class=\"aioseo-breadcrumb\">\n\t<a href=\"https:\/\/www.eldigitaldeasturias.com\/noticias\/la-plataforma-asturiana-religion-en-la-escuela-pide-el-amparo-de-la-junta\/\" title=\"La Plataforma Asturiana Religi\u00f3n en la Escuela pide el amparo de la Junta\">La Plataforma Asturiana Religi\u00f3n en la Escuela pide el amparo de la Junta<\/a>\n<\/span><\/div>","aioseo_breadcrumb_json":[{"label":"Home","link":"https:\/\/www.eldigitaldeasturias.com\/noticias"},{"label":"Actualidad Asturias","link":"https:\/\/www.eldigitaldeasturias.com\/noticias\/category\/actualidad-asturias\/"},{"label":"La Plataforma Asturiana Religi\u00f3n en la Escuela pide el amparo de la Junta","link":"https:\/\/www.eldigitaldeasturias.com\/noticias\/la-plataforma-asturiana-religion-en-la-escuela-pide-el-amparo-de-la-junta\/"}],"_links":{"self":[{"href":"https:\/\/www.eldigitaldeasturias.com\/noticias\/wp-json\/wp\/v2\/posts\/868910","targetHints":{"allow":["GET"]}}],"collection":[{"href":"https:\/\/www.eldigitaldeasturias.com\/noticias\/wp-json\/wp\/v2\/posts"}],"about":[{"href":"https:\/\/www.eldigitaldeasturias.com\/noticias\/wp-json\/wp\/v2\/types\/post"}],"author":[{"embeddable":true,"href":"https:\/\/www.eldigitaldeasturias.com\/noticias\/wp-json\/wp\/v2\/users\/1"}],"replies":[{"embeddable":true,"href":"https:\/\/www.eldigitaldeasturias.com\/noticias\/wp-json\/wp\/v2\/comments?post=868910"}],"version-history":[{"count":0,"href":"https:\/\/www.eldigitaldeasturias.com\/noticias\/wp-json\/wp\/v2\/posts\/868910\/revisions"}],"wp:featuredmedia":[{"embeddable":true,"href":"https:\/\/www.eldigitaldeasturias.com\/noticias\/wp-json\/wp\/v2\/media\/801268"}],"wp:attachment":[{"href":"https:\/\/www.eldigitaldeasturias.com\/noticias\/wp-json\/wp\/v2\/media?parent=868910"}],"wp:term":[{"taxonomy":"category","embeddable":true,"href":"https:\/\/www.eldigitaldeasturias.com\/noticias\/wp-json\/wp\/v2\/categories?post=868910"},{"taxonomy":"post_tag","embeddable":true,"href":"https:\/\/www.eldigitaldeasturias.com\/noticias\/wp-json\/wp\/v2\/tags?post=868910"}],"curies":[{"name":"wp","href":"https:\/\/api.w.org\/{rel}","templated":true}]}}