{"id":866138,"date":"2016-03-15T00:03:27","date_gmt":"2016-03-15T00:03:27","guid":{"rendered":"http:\/\/www.eldigitaldeasturias.com\/noticias\/?p=866138"},"modified":"2016-03-15T00:03:27","modified_gmt":"2016-03-15T00:03:27","slug":"abiertas-las-inscripciones-para-participar-en-musicaula-school-festival-2016","status":"publish","type":"post","link":"https:\/\/www.eldigitaldeasturias.com\/noticias\/abiertas-las-inscripciones-para-participar-en-musicaula-school-festival-2016\/","title":{"rendered":"Abiertas las inscripciones para participar en MusicAula School Festival 2016"},"content":{"rendered":"<p><img loading=\"lazy\" decoding=\"async\" class=\"alignleft size-medium wp-image-866139\" src=\"https:\/\/www.eldigitaldeasturias.com\/noticias\/wp-content\/uploads\/2016\/03\/fotonoticia_20160314181720_800-360x244.jpg\" alt=\"fotonoticia_20160314181720_800\" width=\"360\" height=\"244\" srcset=\"https:\/\/www.eldigitaldeasturias.com\/noticias\/wp-content\/uploads\/2016\/03\/fotonoticia_20160314181720_800-360x244.jpg 360w, https:\/\/www.eldigitaldeasturias.com\/noticias\/wp-content\/uploads\/2016\/03\/fotonoticia_20160314181720_800-768x520.jpg 768w, https:\/\/www.eldigitaldeasturias.com\/noticias\/wp-content\/uploads\/2016\/03\/fotonoticia_20160314181720_800-650x440.jpg 650w, https:\/\/www.eldigitaldeasturias.com\/noticias\/wp-content\/uploads\/2016\/03\/fotonoticia_20160314181720_800-260x175.jpg 260w, https:\/\/www.eldigitaldeasturias.com\/noticias\/wp-content\/uploads\/2016\/03\/fotonoticia_20160314181720_800-49x32.jpg 49w, https:\/\/www.eldigitaldeasturias.com\/noticias\/wp-content\/uploads\/2016\/03\/fotonoticia_20160314181720_800.jpg 800w\" sizes=\"auto, (max-width: 360px) 100vw, 360px\" \/>El \u00fanico festival de m\u00fasica destinado a potenciar el valor de la m\u00fasica en los colegios e institutos celebra su s\u00e9ptima edici\u00f3n y ya est\u00e1n abiertas las inscripciones.<\/p>\n<p>MusicAula School Festival continua as\u00ed con el compromiso contra\u00eddo hace ya seis a\u00f1os con todos los estudiantes y colegios de nuestro pa\u00eds: ofrecer a los j\u00f3venes amantes de la m\u00fasica un Festival \u00fanico en el que compartir sus inquietudes con los dem\u00e1s, desarrollar su talento y quien sabe, dar el salto a una carrera musical profesional.<\/p>\n<p>El festival est\u00e1 dirigido a j\u00f3venes grupos de m\u00fasica formados por estudiantes a la vez que a sus centros escolares, que los respaldan en el certamen. MusicAula busca fomentar la cultura y m\u00fasica en directo desde las aulas, contribuyendo a estrechar el v\u00ednculo de compromiso y complicidad de colegios e institutos con sus alumnos.<\/p>\n<p>Pero MusicAula es, sobre todo, un concurso para bandas y solistas adolescentes y juveniles que tendr\u00e1 como protagonistas a 25 grupos semifinalistas de representantes de 25 colegios e institutos de todo el pa\u00eds.<\/p>\n<p>Estos grupos actuar\u00e1n en cinco localidades sede de semifinales (divididas por \u00e1reas geogr\u00e1ficas) que se celebrar\u00e1n en abril, mayo y junio, y donde un grupo de cada zona lograr\u00e1 llegar a la Gran Final de Getafe (Madrid) el pr\u00f3ximo 25 de junio.<\/p>\n<p>Las primeras sedes de semifinales confirmadas son Vera (Almer\u00eda, 30 de abril), Calpe (Alicante, 14 de mayo), Zarautz (Guip\u00fazcoa, 28 de mayo) y Villarcayo (Burgos, 4 de junio).<\/p>\n<p>Para concursar, todos los componentes del grupo deber\u00e1n tener una edad comprendida entre los 13 y 25 a\u00f1os, siempre que al menos uno de ellos est\u00e9 matriculado en un colegio o instituto del territorio nacional y cuente con el respaldo de dicho centro.<\/p>\n<p>Cada banda deber\u00e1 crear su propia canci\u00f3n (letra y m\u00fasica) y presentarla a la organizaci\u00f3n de MusicAula antes del 31 de marzo de 2016 inscribi\u00e9ndose gratuitamente a trav\u00e9s de la web oficial www.musicaula.com.<\/p>\n<p>Los j\u00f3venes participantes tendr\u00e1n la oportunidad de actuar con importantes artistas consagrados del panorama nacional, como los ya confirmados Rasel, Amelie o Gatibu, y optar a numerosos premios, como la grabaci\u00f3n de un single, un videoclip, conciertos promocionales, billetes para un minicrucero musical, becas para un campamento de Rock en verano, material instrumental, cursos profesionales especializados y otros premios.<\/p>\n<p>Adem\u00e1s, este a\u00f1o el festival inaugura una nueva modalidad para los amantes de la m\u00fasica electr\u00f3nica que tengan cualidades como Dj, \u00abMusicAula School Music DJ\u00bb.<\/p>\n<p>Para pasar a las siguientes fases, tanto los grupos como en la categor\u00eda de Dj&#8217;s, los participantes deber\u00e1n conseguir la mayor cantidad de votos posibles por parte del p\u00fablico y la mayor puntuaci\u00f3n del jurado, que estar\u00e1 constituido por un equipo de profesionales de la industria musical y la comunicaci\u00f3n, as\u00ed como por profesores de la prestigiosa escuela de m\u00fasica Berklee.<\/p>\n<p><strong>EL VIDEOBLOG, MUSICAULA NO SOLO ES M\u00daSICA<\/strong><\/p>\n<p>El Videoblog es una herramienta imprescindible para el concurso y un instrumento valioso para el jurado, que lo analizar\u00e1, adem\u00e1s de la canci\u00f3n presentada al concurso. Deber\u00e1n enviarlo los grupos\/solitas semifinalistas y todos los DJ&#8217;s participantes, antes del 30 de mayo.<\/p>\n<p>El Videoblog es un v\u00eddeo autoproducido por los concursantes, donde ellos mismos decidir\u00e1n c\u00f3mo quieren presentarse a su p\u00fablico, mostrarles su colegio o instituto, su local de ensayo, las opiniones de sus colegas, familiares, profesores, sus fans&#8230;<\/p>\n<p>Ellos ser\u00e1n autores y autoproductores de sus propios reportajes, tendr\u00e1n que hacer entrevistas, a ellos mismos, a sus profesores, grabarse en un ensayo, camelarse a sus profesores o al gran director para sacarle unas palabras. En definitiva, un video promocional que deber\u00e1 llevar como sinton\u00eda de fondo la canci\u00f3n presentada a concurso.<\/p>\n<p>Con el Videoblog, el concurso pretende potenciar el aprendizaje y desarrollo de las habilidades de producci\u00f3n y expresi\u00f3n art\u00edsticas, algo que les ser\u00e1 de gran ayuda en un futuro, tanto a nivel musical como en otras facetas de su vida profesional. Los participantes que manden su Videoblog, podr\u00e1n asistir a un seminario especial de \u00abIdentidad art\u00edstica corporativa\u00bb dise\u00f1ado especialmente para ellos.<\/p>\n<p>&nbsp;<\/p>\n","protected":false},"excerpt":{"rendered":"<p>El \u00fanico festival de m\u00fasica destinado a potenciar el valor de la m\u00fasica en los colegios e institutos celebra su s\u00e9ptima edici\u00f3n y ya est\u00e1n abiertas las inscripciones. MusicAula School Festival continua as\u00ed con el compromiso contra\u00eddo hace ya seis a\u00f1os con todos los estudiantes y colegios de nuestro pa\u00eds: ofrecer a los j\u00f3venes amantes [&hellip;]<\/p>\n","protected":false},"author":1,"featured_media":866139,"comment_status":"closed","ping_status":"closed","sticky":false,"template":"","format":"standard","meta":{"footnotes":""},"categories":[50],"tags":[],"class_list":["post-866138","post","type-post","status-publish","format-standard","has-post-thumbnail","hentry","category-revista-de-ocio"],"aioseo_notices":[],"aioseo_head":"\n\t\t<!-- All in One SEO Pro 4.9.6.2 - aioseo.com -->\n\t<meta name=\"description\" content=\"El \u00fanico festival de m\u00fasica destinado a potenciar el valor de la m\u00fasica en los colegios e institutos celebra su s\u00e9ptima edici\u00f3n y ya est\u00e1n abiertas las inscripciones. MusicAula School Festival continua as\u00ed con el compromiso contra\u00eddo hace ya seis a\u00f1os con todos los estudiantes y colegios de nuestro pa\u00eds: ofrecer a los j\u00f3venes amantes\" \/>\n\t<meta name=\"robots\" content=\"max-image-preview:large\" \/>\n\t<meta name=\"author\" content=\"El Digital de Asturias\"\/>\n\t<meta name=\"google-site-verification\" content=\"UA-38556648-1\" \/>\n\t<meta name=\"msvalidate.01\" content=\"7dfe9f3f1b24437ab69f4f2559babe99\" \/>\n\t<meta name=\"keywords\" content=\"revista de ocio\" \/>\n\t<link rel=\"canonical\" href=\"https:\/\/www.eldigitaldeasturias.com\/noticias\/abiertas-las-inscripciones-para-participar-en-musicaula-school-festival-2016\/\" \/>\n\t<meta name=\"generator\" content=\"All in One SEO Pro (AIOSEO) 4.9.6.2\" \/>\n\t\t<meta property=\"og:locale\" content=\"es_ES\" \/>\n\t\t<meta property=\"og:site_name\" content=\"El Digital de Asturias\" \/>\n\t\t<meta property=\"og:type\" content=\"article\" \/>\n\t\t<meta property=\"og:title\" content=\"Abiertas las inscripciones para participar en MusicAula School Festival 2016 - El Digital de Asturias\" \/>\n\t\t<meta property=\"og:description\" content=\"El \u00fanico festival de m\u00fasica destinado a potenciar el valor de la m\u00fasica en los colegios e institutos celebra su s\u00e9ptima edici\u00f3n y ya est\u00e1n abiertas las inscripciones. MusicAula School Festival continua as\u00ed con el compromiso contra\u00eddo hace ya seis a\u00f1os con todos los estudiantes y colegios de nuestro pa\u00eds: ofrecer a los j\u00f3venes amantes\" \/>\n\t\t<meta property=\"og:url\" content=\"https:\/\/www.eldigitaldeasturias.com\/noticias\/abiertas-las-inscripciones-para-participar-en-musicaula-school-festival-2016\/\" \/>\n\t\t<meta property=\"og:image\" content=\"https:\/\/www.eldigitaldeasturias.com\/noticias\/wp-content\/uploads\/2016\/03\/fotonoticia_20160314181720_800.jpg\" \/>\n\t\t<meta property=\"og:image:secure_url\" content=\"https:\/\/www.eldigitaldeasturias.com\/noticias\/wp-content\/uploads\/2016\/03\/fotonoticia_20160314181720_800.jpg\" \/>\n\t\t<meta property=\"og:image:width\" content=\"800\" \/>\n\t\t<meta property=\"og:image:height\" content=\"542\" \/>\n\t\t<meta property=\"article:tag\" content=\"revista de ocio\" \/>\n\t\t<meta property=\"article:published_time\" content=\"2016-03-15T00:03:27+00:00\" \/>\n\t\t<meta property=\"article:modified_time\" content=\"2016-03-15T00:03:27+00:00\" \/>\n\t\t<meta property=\"article:publisher\" content=\"https:\/\/facebook.com\/eldigitaldeasturias\" \/>\n\t\t<meta name=\"twitter:card\" content=\"summary_large_image\" \/>\n\t\t<meta name=\"twitter:title\" content=\"Abiertas las inscripciones para participar en MusicAula School Festival 2016 - El Digital de Asturias\" \/>\n\t\t<meta name=\"twitter:description\" content=\"El \u00fanico festival de m\u00fasica destinado a potenciar el valor de la m\u00fasica en los colegios e institutos celebra su s\u00e9ptima edici\u00f3n y ya est\u00e1n abiertas las inscripciones. MusicAula School Festival continua as\u00ed con el compromiso contra\u00eddo hace ya seis a\u00f1os con todos los estudiantes y colegios de nuestro pa\u00eds: ofrecer a los j\u00f3venes amantes\" \/>\n\t\t<meta name=\"twitter:image\" content=\"https:\/\/www.eldigitaldeasturias.com\/noticias\/wp-content\/uploads\/2016\/03\/fotonoticia_20160314181720_800.jpg\" \/>\n\t\t<meta name=\"twitter:label1\" content=\"Escrito por\" \/>\n\t\t<meta name=\"twitter:data1\" content=\"El Digital de Asturias\" \/>\n\t\t<meta name=\"twitter:label2\" content=\"Tiempo de lectura estimado\" \/>\n\t\t<meta name=\"twitter:data2\" content=\"4 minutos\" \/>\n\t\t<script type=\"application\/ld+json\" class=\"aioseo-schema\">\n\t\t\t{\"@context\":\"https:\\\/\\\/schema.org\",\"@graph\":[{\"@type\":\"BlogPosting\",\"@id\":\"https:\\\/\\\/www.eldigitaldeasturias.com\\\/noticias\\\/abiertas-las-inscripciones-para-participar-en-musicaula-school-festival-2016\\\/#blogposting\",\"name\":\"Abiertas las inscripciones para participar en MusicAula School Festival 2016 - El Digital de Asturias\",\"headline\":\"Abiertas las inscripciones para participar en MusicAula School Festival 2016\",\"author\":{\"@id\":\"https:\\\/\\\/www.eldigitaldeasturias.com\\\/noticias\\\/author\\\/admin\\\/#author\"},\"publisher\":{\"@id\":\"https:\\\/\\\/www.eldigitaldeasturias.com\\\/noticias\\\/#organization\"},\"image\":{\"@type\":\"ImageObject\",\"url\":\"https:\\\/\\\/www.eldigitaldeasturias.com\\\/noticias\\\/wp-content\\\/uploads\\\/2016\\\/03\\\/fotonoticia_20160314181720_800.jpg\",\"width\":800,\"height\":542},\"datePublished\":\"2016-03-15T00:03:27+01:00\",\"dateModified\":\"2016-03-15T00:03:27+01:00\",\"inLanguage\":\"es-ES\",\"mainEntityOfPage\":{\"@id\":\"https:\\\/\\\/www.eldigitaldeasturias.com\\\/noticias\\\/abiertas-las-inscripciones-para-participar-en-musicaula-school-festival-2016\\\/#webpage\"},\"isPartOf\":{\"@id\":\"https:\\\/\\\/www.eldigitaldeasturias.com\\\/noticias\\\/abiertas-las-inscripciones-para-participar-en-musicaula-school-festival-2016\\\/#webpage\"},\"articleSection\":\"Revista de Ocio\"},{\"@type\":\"BreadcrumbList\",\"@id\":\"https:\\\/\\\/www.eldigitaldeasturias.com\\\/noticias\\\/abiertas-las-inscripciones-para-participar-en-musicaula-school-festival-2016\\\/#breadcrumblist\",\"itemListElement\":[{\"@type\":\"ListItem\",\"@id\":\"https:\\\/\\\/www.eldigitaldeasturias.com\\\/noticias#listItem\",\"position\":1,\"name\":\"Home\",\"item\":\"https:\\\/\\\/www.eldigitaldeasturias.com\\\/noticias\",\"nextItem\":{\"@type\":\"ListItem\",\"@id\":\"https:\\\/\\\/www.eldigitaldeasturias.com\\\/noticias\\\/category\\\/revista-de-ocio\\\/#listItem\",\"name\":\"Revista de Ocio\"}},{\"@type\":\"ListItem\",\"@id\":\"https:\\\/\\\/www.eldigitaldeasturias.com\\\/noticias\\\/category\\\/revista-de-ocio\\\/#listItem\",\"position\":2,\"name\":\"Revista de Ocio\",\"item\":\"https:\\\/\\\/www.eldigitaldeasturias.com\\\/noticias\\\/category\\\/revista-de-ocio\\\/\",\"nextItem\":{\"@type\":\"ListItem\",\"@id\":\"https:\\\/\\\/www.eldigitaldeasturias.com\\\/noticias\\\/abiertas-las-inscripciones-para-participar-en-musicaula-school-festival-2016\\\/#listItem\",\"name\":\"Abiertas las inscripciones para participar en MusicAula School Festival 2016\"},\"previousItem\":{\"@type\":\"ListItem\",\"@id\":\"https:\\\/\\\/www.eldigitaldeasturias.com\\\/noticias#listItem\",\"name\":\"Home\"}},{\"@type\":\"ListItem\",\"@id\":\"https:\\\/\\\/www.eldigitaldeasturias.com\\\/noticias\\\/abiertas-las-inscripciones-para-participar-en-musicaula-school-festival-2016\\\/#listItem\",\"position\":3,\"name\":\"Abiertas las inscripciones para participar en MusicAula School Festival 2016\",\"previousItem\":{\"@type\":\"ListItem\",\"@id\":\"https:\\\/\\\/www.eldigitaldeasturias.com\\\/noticias\\\/category\\\/revista-de-ocio\\\/#listItem\",\"name\":\"Revista de Ocio\"}}]},{\"@type\":\"Organization\",\"@id\":\"https:\\\/\\\/www.eldigitaldeasturias.com\\\/noticias\\\/#organization\",\"name\":\"El Digital de Asturias\",\"description\":\"Hemeroteca\",\"url\":\"https:\\\/\\\/www.eldigitaldeasturias.com\\\/noticias\\\/\",\"email\":\"info@eldigitaldeasturias.com\",\"telephone\":\"+34652131393\",\"logo\":{\"@type\":\"ImageObject\",\"url\":\"https:\\\/\\\/www.eldigitaldeasturias.com\\\/noticias\\\/wp-content\\\/uploads\\\/2020\\\/12\\\/EDA.jpg\",\"@id\":\"https:\\\/\\\/www.eldigitaldeasturias.com\\\/noticias\\\/abiertas-las-inscripciones-para-participar-en-musicaula-school-festival-2016\\\/#organizationLogo\",\"width\":649,\"height\":297},\"image\":{\"@id\":\"https:\\\/\\\/www.eldigitaldeasturias.com\\\/noticias\\\/abiertas-las-inscripciones-para-participar-en-musicaula-school-festival-2016\\\/#organizationLogo\"},\"sameAs\":[\"https:\\\/\\\/facebook.com\\\/eldigitaldeasturias\",\"https:\\\/\\\/www.youtube.com\\\/channel\\\/UCZP-2wLEB9Rv6erhFmqVnvg\"],\"address\":{\"@id\":\"https:\\\/\\\/www.eldigitaldeasturias.com\\\/noticias\\\/#postaladdress\",\"@type\":\"PostalAddress\",\"streetAddress\":\"san antonio 4,\",\"postalCode\":\"33430\",\"addressLocality\":\"Cand\\u00e1s\",\"addressRegion\":\"Asturias\",\"addressCountry\":\"ES\"}},{\"@type\":\"Person\",\"@id\":\"https:\\\/\\\/www.eldigitaldeasturias.com\\\/noticias\\\/author\\\/admin\\\/#author\",\"url\":\"https:\\\/\\\/www.eldigitaldeasturias.com\\\/noticias\\\/author\\\/admin\\\/\",\"name\":\"El Digital de Asturias\",\"image\":{\"@type\":\"ImageObject\",\"@id\":\"https:\\\/\\\/www.eldigitaldeasturias.com\\\/noticias\\\/abiertas-las-inscripciones-para-participar-en-musicaula-school-festival-2016\\\/#authorImage\",\"url\":\"https:\\\/\\\/www.eldigitaldeasturias.com\\\/noticias\\\/wp-content\\\/litespeed\\\/avatar\\\/18677e78aa0546b92d9dbf31ec7d7668.jpg?ver=1777290358\",\"width\":96,\"height\":96,\"caption\":\"El Digital de Asturias\"}},{\"@type\":\"WebPage\",\"@id\":\"https:\\\/\\\/www.eldigitaldeasturias.com\\\/noticias\\\/abiertas-las-inscripciones-para-participar-en-musicaula-school-festival-2016\\\/#webpage\",\"url\":\"https:\\\/\\\/www.eldigitaldeasturias.com\\\/noticias\\\/abiertas-las-inscripciones-para-participar-en-musicaula-school-festival-2016\\\/\",\"name\":\"Abiertas las inscripciones para participar en MusicAula School Festival 2016 - El Digital de Asturias\",\"description\":\"El \\u00fanico festival de m\\u00fasica destinado a potenciar el valor de la m\\u00fasica en los colegios e institutos celebra su s\\u00e9ptima edici\\u00f3n y ya est\\u00e1n abiertas las inscripciones. MusicAula School Festival continua as\\u00ed con el compromiso contra\\u00eddo hace ya seis a\\u00f1os con todos los estudiantes y colegios de nuestro pa\\u00eds: ofrecer a los j\\u00f3venes amantes\",\"inLanguage\":\"es-ES\",\"isPartOf\":{\"@id\":\"https:\\\/\\\/www.eldigitaldeasturias.com\\\/noticias\\\/#website\"},\"breadcrumb\":{\"@id\":\"https:\\\/\\\/www.eldigitaldeasturias.com\\\/noticias\\\/abiertas-las-inscripciones-para-participar-en-musicaula-school-festival-2016\\\/#breadcrumblist\"},\"author\":{\"@id\":\"https:\\\/\\\/www.eldigitaldeasturias.com\\\/noticias\\\/author\\\/admin\\\/#author\"},\"creator\":{\"@id\":\"https:\\\/\\\/www.eldigitaldeasturias.com\\\/noticias\\\/author\\\/admin\\\/#author\"},\"image\":{\"@type\":\"ImageObject\",\"url\":\"https:\\\/\\\/www.eldigitaldeasturias.com\\\/noticias\\\/wp-content\\\/uploads\\\/2016\\\/03\\\/fotonoticia_20160314181720_800.jpg\",\"@id\":\"https:\\\/\\\/www.eldigitaldeasturias.com\\\/noticias\\\/abiertas-las-inscripciones-para-participar-en-musicaula-school-festival-2016\\\/#mainImage\",\"width\":800,\"height\":542},\"primaryImageOfPage\":{\"@id\":\"https:\\\/\\\/www.eldigitaldeasturias.com\\\/noticias\\\/abiertas-las-inscripciones-para-participar-en-musicaula-school-festival-2016\\\/#mainImage\"},\"datePublished\":\"2016-03-15T00:03:27+01:00\",\"dateModified\":\"2016-03-15T00:03:27+01:00\"},{\"@type\":\"WebSite\",\"@id\":\"https:\\\/\\\/www.eldigitaldeasturias.com\\\/noticias\\\/#website\",\"url\":\"https:\\\/\\\/www.eldigitaldeasturias.com\\\/noticias\\\/\",\"name\":\"El Digital de Asturias - Diario de actualidad y noticias\",\"alternateName\":\"El Digital de Asturias - Diario de actualidad y noticias\",\"description\":\"Hemeroteca\",\"inLanguage\":\"es-ES\",\"publisher\":{\"@id\":\"https:\\\/\\\/www.eldigitaldeasturias.com\\\/noticias\\\/#organization\"}}]}\n\t\t<\/script>\n\t\t<!-- All in One SEO Pro -->\r\n\t\t<title>Abiertas las inscripciones para participar en MusicAula School Festival 2016 - El Digital de Asturias<\/title>\n\n","aioseo_head_json":{"title":"Abiertas las inscripciones para participar en MusicAula School Festival 2016 - El Digital de Asturias","description":"El \u00fanico festival de m\u00fasica destinado a potenciar el valor de la m\u00fasica en los colegios e institutos celebra su s\u00e9ptima edici\u00f3n y ya est\u00e1n abiertas las inscripciones. MusicAula School Festival continua as\u00ed con el compromiso contra\u00eddo hace ya seis a\u00f1os con todos los estudiantes y colegios de nuestro pa\u00eds: ofrecer a los j\u00f3venes amantes","canonical_url":"https:\/\/www.eldigitaldeasturias.com\/noticias\/abiertas-las-inscripciones-para-participar-en-musicaula-school-festival-2016\/","robots":"max-image-preview:large","keywords":"revista de ocio","webmasterTools":{"google-site-verification":"UA-38556648-1","msvalidate.01":"7dfe9f3f1b24437ab69f4f2559babe99","miscellaneous":""},"schema":{"@context":"https:\/\/schema.org","@graph":[{"@type":"BlogPosting","@id":"https:\/\/www.eldigitaldeasturias.com\/noticias\/abiertas-las-inscripciones-para-participar-en-musicaula-school-festival-2016\/#blogposting","name":"Abiertas las inscripciones para participar en MusicAula School Festival 2016 - El Digital de Asturias","headline":"Abiertas las inscripciones para participar en MusicAula School Festival 2016","author":{"@id":"https:\/\/www.eldigitaldeasturias.com\/noticias\/author\/admin\/#author"},"publisher":{"@id":"https:\/\/www.eldigitaldeasturias.com\/noticias\/#organization"},"image":{"@type":"ImageObject","url":"https:\/\/www.eldigitaldeasturias.com\/noticias\/wp-content\/uploads\/2016\/03\/fotonoticia_20160314181720_800.jpg","width":800,"height":542},"datePublished":"2016-03-15T00:03:27+01:00","dateModified":"2016-03-15T00:03:27+01:00","inLanguage":"es-ES","mainEntityOfPage":{"@id":"https:\/\/www.eldigitaldeasturias.com\/noticias\/abiertas-las-inscripciones-para-participar-en-musicaula-school-festival-2016\/#webpage"},"isPartOf":{"@id":"https:\/\/www.eldigitaldeasturias.com\/noticias\/abiertas-las-inscripciones-para-participar-en-musicaula-school-festival-2016\/#webpage"},"articleSection":"Revista de Ocio"},{"@type":"BreadcrumbList","@id":"https:\/\/www.eldigitaldeasturias.com\/noticias\/abiertas-las-inscripciones-para-participar-en-musicaula-school-festival-2016\/#breadcrumblist","itemListElement":[{"@type":"ListItem","@id":"https:\/\/www.eldigitaldeasturias.com\/noticias#listItem","position":1,"name":"Home","item":"https:\/\/www.eldigitaldeasturias.com\/noticias","nextItem":{"@type":"ListItem","@id":"https:\/\/www.eldigitaldeasturias.com\/noticias\/category\/revista-de-ocio\/#listItem","name":"Revista de Ocio"}},{"@type":"ListItem","@id":"https:\/\/www.eldigitaldeasturias.com\/noticias\/category\/revista-de-ocio\/#listItem","position":2,"name":"Revista de Ocio","item":"https:\/\/www.eldigitaldeasturias.com\/noticias\/category\/revista-de-ocio\/","nextItem":{"@type":"ListItem","@id":"https:\/\/www.eldigitaldeasturias.com\/noticias\/abiertas-las-inscripciones-para-participar-en-musicaula-school-festival-2016\/#listItem","name":"Abiertas las inscripciones para participar en MusicAula School Festival 2016"},"previousItem":{"@type":"ListItem","@id":"https:\/\/www.eldigitaldeasturias.com\/noticias#listItem","name":"Home"}},{"@type":"ListItem","@id":"https:\/\/www.eldigitaldeasturias.com\/noticias\/abiertas-las-inscripciones-para-participar-en-musicaula-school-festival-2016\/#listItem","position":3,"name":"Abiertas las inscripciones para participar en MusicAula School Festival 2016","previousItem":{"@type":"ListItem","@id":"https:\/\/www.eldigitaldeasturias.com\/noticias\/category\/revista-de-ocio\/#listItem","name":"Revista de Ocio"}}]},{"@type":"Organization","@id":"https:\/\/www.eldigitaldeasturias.com\/noticias\/#organization","name":"El Digital de Asturias","description":"Hemeroteca","url":"https:\/\/www.eldigitaldeasturias.com\/noticias\/","email":"info@eldigitaldeasturias.com","telephone":"+34652131393","logo":{"@type":"ImageObject","url":"https:\/\/www.eldigitaldeasturias.com\/noticias\/wp-content\/uploads\/2020\/12\/EDA.jpg","@id":"https:\/\/www.eldigitaldeasturias.com\/noticias\/abiertas-las-inscripciones-para-participar-en-musicaula-school-festival-2016\/#organizationLogo","width":649,"height":297},"image":{"@id":"https:\/\/www.eldigitaldeasturias.com\/noticias\/abiertas-las-inscripciones-para-participar-en-musicaula-school-festival-2016\/#organizationLogo"},"sameAs":["https:\/\/facebook.com\/eldigitaldeasturias","https:\/\/www.youtube.com\/channel\/UCZP-2wLEB9Rv6erhFmqVnvg"],"address":{"@id":"https:\/\/www.eldigitaldeasturias.com\/noticias\/#postaladdress","@type":"PostalAddress","streetAddress":"san antonio 4,","postalCode":"33430","addressLocality":"Cand\u00e1s","addressRegion":"Asturias","addressCountry":"ES"}},{"@type":"Person","@id":"https:\/\/www.eldigitaldeasturias.com\/noticias\/author\/admin\/#author","url":"https:\/\/www.eldigitaldeasturias.com\/noticias\/author\/admin\/","name":"El Digital de Asturias","image":{"@type":"ImageObject","@id":"https:\/\/www.eldigitaldeasturias.com\/noticias\/abiertas-las-inscripciones-para-participar-en-musicaula-school-festival-2016\/#authorImage","url":"https:\/\/www.eldigitaldeasturias.com\/noticias\/wp-content\/litespeed\/avatar\/18677e78aa0546b92d9dbf31ec7d7668.jpg?ver=1777290358","width":96,"height":96,"caption":"El Digital de Asturias"}},{"@type":"WebPage","@id":"https:\/\/www.eldigitaldeasturias.com\/noticias\/abiertas-las-inscripciones-para-participar-en-musicaula-school-festival-2016\/#webpage","url":"https:\/\/www.eldigitaldeasturias.com\/noticias\/abiertas-las-inscripciones-para-participar-en-musicaula-school-festival-2016\/","name":"Abiertas las inscripciones para participar en MusicAula School Festival 2016 - El Digital de Asturias","description":"El \u00fanico festival de m\u00fasica destinado a potenciar el valor de la m\u00fasica en los colegios e institutos celebra su s\u00e9ptima edici\u00f3n y ya est\u00e1n abiertas las inscripciones. MusicAula School Festival continua as\u00ed con el compromiso contra\u00eddo hace ya seis a\u00f1os con todos los estudiantes y colegios de nuestro pa\u00eds: ofrecer a los j\u00f3venes amantes","inLanguage":"es-ES","isPartOf":{"@id":"https:\/\/www.eldigitaldeasturias.com\/noticias\/#website"},"breadcrumb":{"@id":"https:\/\/www.eldigitaldeasturias.com\/noticias\/abiertas-las-inscripciones-para-participar-en-musicaula-school-festival-2016\/#breadcrumblist"},"author":{"@id":"https:\/\/www.eldigitaldeasturias.com\/noticias\/author\/admin\/#author"},"creator":{"@id":"https:\/\/www.eldigitaldeasturias.com\/noticias\/author\/admin\/#author"},"image":{"@type":"ImageObject","url":"https:\/\/www.eldigitaldeasturias.com\/noticias\/wp-content\/uploads\/2016\/03\/fotonoticia_20160314181720_800.jpg","@id":"https:\/\/www.eldigitaldeasturias.com\/noticias\/abiertas-las-inscripciones-para-participar-en-musicaula-school-festival-2016\/#mainImage","width":800,"height":542},"primaryImageOfPage":{"@id":"https:\/\/www.eldigitaldeasturias.com\/noticias\/abiertas-las-inscripciones-para-participar-en-musicaula-school-festival-2016\/#mainImage"},"datePublished":"2016-03-15T00:03:27+01:00","dateModified":"2016-03-15T00:03:27+01:00"},{"@type":"WebSite","@id":"https:\/\/www.eldigitaldeasturias.com\/noticias\/#website","url":"https:\/\/www.eldigitaldeasturias.com\/noticias\/","name":"El Digital de Asturias - Diario de actualidad y noticias","alternateName":"El Digital de Asturias - Diario de actualidad y noticias","description":"Hemeroteca","inLanguage":"es-ES","publisher":{"@id":"https:\/\/www.eldigitaldeasturias.com\/noticias\/#organization"}}]},"og:locale":"es_ES","og:site_name":"El Digital de Asturias","og:type":"article","og:title":"Abiertas las inscripciones para participar en MusicAula School Festival 2016 - El Digital de Asturias","og:description":"El \u00fanico festival de m\u00fasica destinado a potenciar el valor de la m\u00fasica en los colegios e institutos celebra su s\u00e9ptima edici\u00f3n y ya est\u00e1n abiertas las inscripciones. MusicAula School Festival continua as\u00ed con el compromiso contra\u00eddo hace ya seis a\u00f1os con todos los estudiantes y colegios de nuestro pa\u00eds: ofrecer a los j\u00f3venes amantes","og:url":"https:\/\/www.eldigitaldeasturias.com\/noticias\/abiertas-las-inscripciones-para-participar-en-musicaula-school-festival-2016\/","og:image":"https:\/\/www.eldigitaldeasturias.com\/noticias\/wp-content\/uploads\/2016\/03\/fotonoticia_20160314181720_800.jpg","og:image:secure_url":"https:\/\/www.eldigitaldeasturias.com\/noticias\/wp-content\/uploads\/2016\/03\/fotonoticia_20160314181720_800.jpg","og:image:width":800,"og:image:height":542,"article:tag":["revista de ocio"],"article:published_time":"2016-03-15T00:03:27+00:00","article:modified_time":"2016-03-15T00:03:27+00:00","article:publisher":"https:\/\/facebook.com\/eldigitaldeasturias","twitter:card":"summary_large_image","twitter:title":"Abiertas las inscripciones para participar en MusicAula School Festival 2016 - El Digital de Asturias","twitter:description":"El \u00fanico festival de m\u00fasica destinado a potenciar el valor de la m\u00fasica en los colegios e institutos celebra su s\u00e9ptima edici\u00f3n y ya est\u00e1n abiertas las inscripciones. MusicAula School Festival continua as\u00ed con el compromiso contra\u00eddo hace ya seis a\u00f1os con todos los estudiantes y colegios de nuestro pa\u00eds: ofrecer a los j\u00f3venes amantes","twitter:image":"https:\/\/www.eldigitaldeasturias.com\/noticias\/wp-content\/uploads\/2016\/03\/fotonoticia_20160314181720_800.jpg","twitter:label1":"Escrito por","twitter:data1":"El Digital de Asturias","twitter:label2":"Tiempo de lectura estimado","twitter:data2":"4 minutos"},"aioseo_meta_data":{"post_id":"866138","title":null,"description":null,"keywords":null,"keyphrases":null,"primary_term":null,"canonical_url":null,"og_title":null,"og_description":null,"og_object_type":"default","og_image_type":"default","og_image_url":null,"og_image_width":null,"og_image_height":null,"og_image_custom_url":null,"og_image_custom_fields":null,"og_video":null,"og_custom_url":null,"og_article_section":null,"og_article_tags":null,"twitter_use_og":false,"twitter_card":"default","twitter_image_type":"default","twitter_image_url":null,"twitter_image_custom_url":null,"twitter_image_custom_fields":null,"twitter_title":null,"twitter_description":null,"schema":{"blockGraphs":[],"customGraphs":[],"default":{"data":{"Article":[],"Course":[],"Dataset":[],"FAQPage":[],"Movie":[],"Person":[],"Product":[],"ProductReview":[],"Car":[],"Recipe":[],"Service":[],"SoftwareApplication":[],"WebPage":[]},"graphName":"","isEnabled":true},"graphs":[]},"schema_type":null,"schema_type_options":null,"pillar_content":false,"robots_default":true,"robots_noindex":false,"robots_noarchive":false,"robots_nosnippet":false,"robots_nofollow":false,"robots_noimageindex":false,"robots_noodp":false,"robots_notranslate":false,"robots_max_snippet":null,"robots_max_videopreview":null,"robots_max_imagepreview":"large","priority":null,"frequency":null,"local_seo":null,"seo_analyzer_scan_date":"2025-11-07 22:39:25","breadcrumb_settings":null,"limit_modified_date":false,"open_ai":null,"ai":null,"created":"2021-01-23 15:33:07","updated":"2025-11-07 22:39:25"},"aioseo_breadcrumb":"<div class=\"aioseo-breadcrumbs\"><span class=\"aioseo-breadcrumb\">\n\t<a href=\"https:\/\/www.eldigitaldeasturias.com\/noticias\" title=\"Home\">Home<\/a>\n<\/span><span class=\"aioseo-breadcrumb-separator\">\u2013<\/span><span class=\"aioseo-breadcrumb\">\n\t<a href=\"https:\/\/www.eldigitaldeasturias.com\/noticias\/category\/revista-de-ocio\/\" title=\"Revista de Ocio\">Revista de Ocio<\/a>\n<\/span><span class=\"aioseo-breadcrumb-separator\">\u2013<\/span><span class=\"aioseo-breadcrumb\">\n\t<a href=\"https:\/\/www.eldigitaldeasturias.com\/noticias\/abiertas-las-inscripciones-para-participar-en-musicaula-school-festival-2016\/\" title=\"Abiertas las inscripciones para participar en MusicAula School Festival 2016\">Abiertas las inscripciones para participar en MusicAula School Festival 2016<\/a>\n<\/span><\/div>","aioseo_breadcrumb_json":[{"label":"Home","link":"https:\/\/www.eldigitaldeasturias.com\/noticias"},{"label":"Revista de Ocio","link":"https:\/\/www.eldigitaldeasturias.com\/noticias\/category\/revista-de-ocio\/"},{"label":"Abiertas las inscripciones para participar en MusicAula School Festival 2016","link":"https:\/\/www.eldigitaldeasturias.com\/noticias\/abiertas-las-inscripciones-para-participar-en-musicaula-school-festival-2016\/"}],"_links":{"self":[{"href":"https:\/\/www.eldigitaldeasturias.com\/noticias\/wp-json\/wp\/v2\/posts\/866138","targetHints":{"allow":["GET"]}}],"collection":[{"href":"https:\/\/www.eldigitaldeasturias.com\/noticias\/wp-json\/wp\/v2\/posts"}],"about":[{"href":"https:\/\/www.eldigitaldeasturias.com\/noticias\/wp-json\/wp\/v2\/types\/post"}],"author":[{"embeddable":true,"href":"https:\/\/www.eldigitaldeasturias.com\/noticias\/wp-json\/wp\/v2\/users\/1"}],"replies":[{"embeddable":true,"href":"https:\/\/www.eldigitaldeasturias.com\/noticias\/wp-json\/wp\/v2\/comments?post=866138"}],"version-history":[{"count":0,"href":"https:\/\/www.eldigitaldeasturias.com\/noticias\/wp-json\/wp\/v2\/posts\/866138\/revisions"}],"wp:featuredmedia":[{"embeddable":true,"href":"https:\/\/www.eldigitaldeasturias.com\/noticias\/wp-json\/wp\/v2\/media\/866139"}],"wp:attachment":[{"href":"https:\/\/www.eldigitaldeasturias.com\/noticias\/wp-json\/wp\/v2\/media?parent=866138"}],"wp:term":[{"taxonomy":"category","embeddable":true,"href":"https:\/\/www.eldigitaldeasturias.com\/noticias\/wp-json\/wp\/v2\/categories?post=866138"},{"taxonomy":"post_tag","embeddable":true,"href":"https:\/\/www.eldigitaldeasturias.com\/noticias\/wp-json\/wp\/v2\/tags?post=866138"}],"curies":[{"name":"wp","href":"https:\/\/api.w.org\/{rel}","templated":true}]}}