{"id":866129,"date":"2016-03-14T23:53:44","date_gmt":"2016-03-14T23:53:44","guid":{"rendered":"http:\/\/www.eldigitaldeasturias.com\/noticias\/?p=866129"},"modified":"2016-03-14T23:53:44","modified_gmt":"2016-03-14T23:53:44","slug":"el-teatro-real-ingresa-en-su-bicentenario-al-mas-alto-nivel-con-el-estreno-de-cuatro-coproducciones-europeas","status":"publish","type":"post","link":"https:\/\/www.eldigitaldeasturias.com\/noticias\/el-teatro-real-ingresa-en-su-bicentenario-al-mas-alto-nivel-con-el-estreno-de-cuatro-coproducciones-europeas\/","title":{"rendered":"El Teatro Real ingresa en su bicentenario \u00abal m\u00e1s alto nivel\u00bb, con el estreno de cuatro coproducciones europeas"},"content":{"rendered":"<p><img loading=\"lazy\" decoding=\"async\" class=\"alignleft size-medium wp-image-866130\" src=\"https:\/\/www.eldigitaldeasturias.com\/noticias\/wp-content\/uploads\/2016\/03\/fotonoticia_20160314165617_800-360x240.jpg\" alt=\"fotonoticia_20160314165617_800\" width=\"360\" height=\"240\" srcset=\"https:\/\/www.eldigitaldeasturias.com\/noticias\/wp-content\/uploads\/2016\/03\/fotonoticia_20160314165617_800-360x240.jpg 360w, https:\/\/www.eldigitaldeasturias.com\/noticias\/wp-content\/uploads\/2016\/03\/fotonoticia_20160314165617_800-768x513.jpg 768w, https:\/\/www.eldigitaldeasturias.com\/noticias\/wp-content\/uploads\/2016\/03\/fotonoticia_20160314165617_800-650x434.jpg 650w, https:\/\/www.eldigitaldeasturias.com\/noticias\/wp-content\/uploads\/2016\/03\/fotonoticia_20160314165617_800-84x55.jpg 84w, https:\/\/www.eldigitaldeasturias.com\/noticias\/wp-content\/uploads\/2016\/03\/fotonoticia_20160314165617_800-49x32.jpg 49w, https:\/\/www.eldigitaldeasturias.com\/noticias\/wp-content\/uploads\/2016\/03\/fotonoticia_20160314165617_800.jpg 800w\" sizes=\"auto, (max-width: 360px) 100vw, 360px\" \/>El Teatro Real ingresar\u00e1 en el primer a\u00f1o del trienio conmemorativo de su bicentenario (2016, 2017 y 2018) con una nueva temporada en la que \u00abalcanza el m\u00e1ximo nivel\u00bb, seg\u00fan el director art\u00edstico Joan Matabosch, ya que estrenar\u00e1 primero cuatro coproducciones europeas.<\/p>\n<p>&#8216;Billy Budd&#8217;, de Benjamin Britten (del 31 de enero al 28 de febrero de 2017), &#8216;La ciudad de las mentiras&#8217; de Elena Mendoza (del 20 al 26 de febrero de 2017), &#8216;Rodelinda&#8217; de H\u00e4ndel (del 24 de marzo al 5 de abril) y &#8216;Bomarzo&#8217;, de Alberto Ginastera (del 24 de abril al 7 de mayo) ser\u00e1n esas coproducciones con importantes teatros europeos que saldr\u00e1n a escena primero en Espa\u00f1a.<\/p>\n<p>La Op\u00e9ra National de Paris, la English National Opera, el Liceu,a la Oper Frankfurt, la Op\u00e9ra de Lyon, o Nationale Opera de Amsterdam son los nombres que participar\u00e1n en estas coproducciones. \u00abEste paso es crucial y sit\u00faa al Teatro Real en un teatro de primer nivel\u00bb, ha se\u00f1alado Matabosch.<\/p>\n<p>En este sentido, el director art\u00edstico ha reiterado este \u00abpaso de gigante\u00bb que, a su entender, demuestra la \u00absinton\u00eda y confianza mutua\u00bb con otros teatros europeos. \u00abSe trata de un r\u00e9gimen de igualdad en el que varias veces estrenamos nosotros. Es verdad que en Espa\u00f1a hasta ahora ha sido muy habitual coproducir financieramente los espect\u00e1culos de otros\u00bb, ha matizado.<\/p>\n<p>Adem\u00e1s de estas coproducciones que se estrenan primero en el Real, habr\u00e1 otras con estrenos previos en los teatros coproductores. Es el caso de &#8216;Otello&#8217; de Verdi, junto a la English National Opera, que llegar\u00e1 al Real el 15 de septiembre de este a\u00f1o e inaugurar\u00e1 la vig\u00e9sima temporada.<\/p>\n<p>Tambi\u00e9n llegar\u00e1n despu\u00e9s de su estreno en otros pa\u00edses las coproducciones &#8216;Norma&#8217;, de Vincenzo Bellini (junto al Palau de les Arts de Valencia y ABAO, estreno en el Real el 20 de octubre de este a\u00f1o) o &#8216;El gallo de oro&#8217;, de Rimski-Korsakov (junto al Theatre Royale de La Monnaie de Bruselas, estreno en el Real el 25 de mayo de 2016).<\/p>\n<p>En total, dentro de la \u00f3pera, desembarcar\u00e1n en el Teatro Real ocho obras nunca vistas antes &#8211;casi un 60% de las propuestas ser\u00e1n novedades&#8211; y adem\u00e1s, algunas de ellas arrastran el lastre de haber sido prohibidas en su \u00e9poca (&#8216;Bomarzo&#8217;, &#8216;Madame Butterfly&#8217; o &#8216;El gallo de oro&#8217;, entre otras).<\/p>\n<p>Adem\u00e1s, se dar\u00e1n curiosidades como la vuelta de la &#8216;Norma&#8217; de Bellini tras 102 a\u00f1os de ausencia en el Real o la recuperaci\u00f3n de la puesta en escena de Mario Gas para &#8216;Madame Butterfly&#8217;. &#8216;El holand\u00e9s errante&#8217;, de Wagner, ser\u00e1 la \u00fanica producci\u00f3n invitada &#8211;de la Opera de Lyon, del 17 de diciembre al 3 de enero de 2017&#8211;, con la direcci\u00f3n de \u00c1lex Oll\u00e9 (La Fura dels Baus).<\/p>\n<p>El director del Teatro Real, Ignacio Garc\u00eda Berenguer, ha detallado que esta temporada contar\u00e1 con un presupuesto de 17,1 millones de euros, con una previsi\u00f3n de ingresos que alcanzar\u00e1 los 19,7 millones de euros. El n\u00famero de abonos vendidos por el Real alcanza los 16.200, lo que supone un 60% de la ocupaci\u00f3n media y 11,2 millones de euros de ingresos.<\/p>\n<p>Para esta temporada, los precios m\u00e1s baratos para la \u00f3pera de los abonos se situar\u00e1n en 99 euros, si bien tambi\u00e9n saldr\u00e1n a la venta abonos reducidos (de entre cuatro y seis t\u00edtulos) por 66 euros. Para la danza, los abonos m\u00e1s baratos empiezan a partir de los 39 euros. \u00abEs una apuesta por el p\u00fablico joven y con precios a los que se puede acceder\u00bb, ha a\u00f1adido Berenguer.<\/p>\n<p>PLACIDO DOMINGO EN &#8216;MACBETH&#8217;<\/p>\n<p>En esta nueva temporada se ofrecer\u00e1n un total de 230 funciones, destacando 108 funciones de \u00f3pera repartidas entre 15 t\u00edtulos; trece funciones de danza con tres diferentes compa\u00f1\u00edas; 16 conciertos y recitales l\u00edricos; 82 funciones para el p\u00fablico infantil y juvenil; seis conciertos de &#8216;Los domingos de c\u00e1mara&#8217; y cinco proyecciones de &#8216;\u00d3pera en Cine&#8217;.<\/p>\n<p>En el apartado de \u00f3pera, completan la programaci\u00f3n dos \u00f3peras de c\u00e1mara creadas recientemente que se presentar\u00e1n en los Teatros del Canal, con sus estrenos en Espa\u00f1a auspiciados por el Teatro Real: &#8216;disPLACE&#8217;, de Raquel Garc\u00eda-Tom\u00e1s y Joan Magran\u00e9 y &#8216;Le Malentendu&#8217;, de Fabi\u00e1n Panisello.<\/p>\n<p>Asimismo, completan la programaci\u00f3n oper\u00edstica dos obras en versi\u00f3n de concierto: &#8216;Macbeth&#8217;, de Giuseppe Verdi, con Pl\u00e1cido Domingo en el rol titular para bar\u00edtono, y &#8216;Curlew River&#8217;, una par\u00e1bola para dos solistas, coro y orquesta de c\u00e1mara escrita por Benjamin Britten.<\/p>\n<p>JONAS KAUFFMAN Y JUAN DIEGO FL\u00d3REZ<\/p>\n<p>En el \u00e1mbito de los conciertos l\u00edricos, cantar\u00e1n en el Real los tenores Jonas Kaufmann (recuperando el concierto cancelado el pasado enero), Christian Elsner y Juan Diego Fl\u00f3rez, las mezzosopranos Cecilia Bartoli, Joyce DiDonato y Felicity Palmer, la soprano Mar\u00eda Bayo, el contratenor Franco Fagioli y el bar\u00edtono Paulo Szot, que protagonizar\u00e1 un concierto de homenaje a Frank Sinatra.<\/p>\n<p>La programaci\u00f3n de danza estar\u00e1 compuesta por espect\u00e1culos protagonizados por tres compa\u00f1\u00edas: la Wiener Staatsballett (&#8216;El corsario&#8217;); la Compa\u00f1\u00eda Nacional de Danza presentar\u00e1 un programa con obras del core\u00f3grafo William Forsythe; y la Martha Graham Dance Company debutar\u00e1 en el Real con dos diferentes programas.<\/p>\n<p>Por su parte, el presidente del patronato, Gregorio Mara\u00f1\u00f3n, ha destacado que el teatro, cuyo modelo econ\u00f3mico es \u00abde referencia\u00bb, cuenta con un 30% de financiaci\u00f3n privada, un 25% de financiaci\u00f3n p\u00fablica y un 45% proveniente de las actividades del teatro. \u00abEn el a\u00f1o 2015 hemos cerrado un ejercicio postcrisis con buenos resultados\u00bb, ha a\u00f1adido.<\/p>\n<p>&nbsp;<\/p>\n","protected":false},"excerpt":{"rendered":"<p>El Teatro Real ingresar\u00e1 en el primer a\u00f1o del trienio conmemorativo de su bicentenario (2016, 2017 y 2018) con una nueva temporada en la que \u00abalcanza el m\u00e1ximo nivel\u00bb, seg\u00fan el director art\u00edstico Joan Matabosch, ya que estrenar\u00e1 primero cuatro coproducciones europeas. &#8216;Billy Budd&#8217;, de Benjamin Britten (del 31 de enero al 28 de febrero [&hellip;]<\/p>\n","protected":false},"author":1,"featured_media":866130,"comment_status":"closed","ping_status":"closed","sticky":false,"template":"","format":"standard","meta":{"footnotes":""},"categories":[50],"tags":[],"class_list":["post-866129","post","type-post","status-publish","format-standard","has-post-thumbnail","hentry","category-revista-de-ocio"],"aioseo_notices":[],"aioseo_head":"\n\t\t<!-- All in One SEO Pro 4.9.6.2 - aioseo.com -->\n\t<meta name=\"description\" content=\"El Teatro Real ingresar\u00e1 en el primer a\u00f1o del trienio conmemorativo de su bicentenario (2016, 2017 y 2018) con una nueva temporada en la que &quot;alcanza el m\u00e1ximo nivel&quot;, seg\u00fan el director art\u00edstico Joan Matabosch, ya que estrenar\u00e1 primero cuatro coproducciones europeas. &#039;Billy Budd&#039;, de Benjamin Britten (del 31 de enero al 28 de febrero\" \/>\n\t<meta name=\"robots\" content=\"max-image-preview:large\" \/>\n\t<meta name=\"author\" content=\"El Digital de Asturias\"\/>\n\t<meta name=\"google-site-verification\" content=\"UA-38556648-1\" \/>\n\t<meta name=\"msvalidate.01\" content=\"7dfe9f3f1b24437ab69f4f2559babe99\" \/>\n\t<meta name=\"keywords\" content=\"revista de ocio\" \/>\n\t<link rel=\"canonical\" href=\"https:\/\/www.eldigitaldeasturias.com\/noticias\/el-teatro-real-ingresa-en-su-bicentenario-al-mas-alto-nivel-con-el-estreno-de-cuatro-coproducciones-europeas\/\" \/>\n\t<meta name=\"generator\" content=\"All in One SEO Pro (AIOSEO) 4.9.6.2\" \/>\n\t\t<meta property=\"og:locale\" content=\"es_ES\" \/>\n\t\t<meta property=\"og:site_name\" content=\"El Digital de Asturias\" \/>\n\t\t<meta property=\"og:type\" content=\"article\" \/>\n\t\t<meta property=\"og:title\" content=\"El Teatro Real ingresa en su bicentenario \u00abal m\u00e1s alto nivel\u00bb, con el estreno de cuatro coproducciones europeas - El Digital de Asturias\" \/>\n\t\t<meta property=\"og:description\" content=\"El Teatro Real ingresar\u00e1 en el primer a\u00f1o del trienio conmemorativo de su bicentenario (2016, 2017 y 2018) con una nueva temporada en la que &quot;alcanza el m\u00e1ximo nivel&quot;, seg\u00fan el director art\u00edstico Joan Matabosch, ya que estrenar\u00e1 primero cuatro coproducciones europeas. &#039;Billy Budd&#039;, de Benjamin Britten (del 31 de enero al 28 de febrero\" \/>\n\t\t<meta property=\"og:url\" content=\"https:\/\/www.eldigitaldeasturias.com\/noticias\/el-teatro-real-ingresa-en-su-bicentenario-al-mas-alto-nivel-con-el-estreno-de-cuatro-coproducciones-europeas\/\" \/>\n\t\t<meta property=\"og:image\" content=\"https:\/\/www.eldigitaldeasturias.com\/noticias\/wp-content\/uploads\/2016\/03\/fotonoticia_20160314165617_800.jpg\" \/>\n\t\t<meta property=\"og:image:secure_url\" content=\"https:\/\/www.eldigitaldeasturias.com\/noticias\/wp-content\/uploads\/2016\/03\/fotonoticia_20160314165617_800.jpg\" \/>\n\t\t<meta property=\"og:image:width\" content=\"800\" \/>\n\t\t<meta property=\"og:image:height\" content=\"534\" \/>\n\t\t<meta property=\"article:tag\" content=\"revista de ocio\" \/>\n\t\t<meta property=\"article:published_time\" content=\"2016-03-14T23:53:44+00:00\" \/>\n\t\t<meta property=\"article:modified_time\" content=\"2016-03-14T23:53:44+00:00\" \/>\n\t\t<meta property=\"article:publisher\" content=\"https:\/\/facebook.com\/eldigitaldeasturias\" \/>\n\t\t<meta name=\"twitter:card\" content=\"summary_large_image\" \/>\n\t\t<meta name=\"twitter:title\" content=\"El Teatro Real ingresa en su bicentenario \u00abal m\u00e1s alto nivel\u00bb, con el estreno de cuatro coproducciones europeas - El Digital de Asturias\" \/>\n\t\t<meta name=\"twitter:description\" content=\"El Teatro Real ingresar\u00e1 en el primer a\u00f1o del trienio conmemorativo de su bicentenario (2016, 2017 y 2018) con una nueva temporada en la que &quot;alcanza el m\u00e1ximo nivel&quot;, seg\u00fan el director art\u00edstico Joan Matabosch, ya que estrenar\u00e1 primero cuatro coproducciones europeas. &#039;Billy Budd&#039;, de Benjamin Britten (del 31 de enero al 28 de febrero\" \/>\n\t\t<meta name=\"twitter:image\" content=\"https:\/\/www.eldigitaldeasturias.com\/noticias\/wp-content\/uploads\/2016\/03\/fotonoticia_20160314165617_800.jpg\" \/>\n\t\t<meta name=\"twitter:label1\" content=\"Escrito por\" \/>\n\t\t<meta name=\"twitter:data1\" content=\"El Digital de Asturias\" \/>\n\t\t<meta name=\"twitter:label2\" content=\"Tiempo de lectura estimado\" \/>\n\t\t<meta name=\"twitter:data2\" content=\"5 minutos\" \/>\n\t\t<script type=\"application\/ld+json\" class=\"aioseo-schema\">\n\t\t\t{\"@context\":\"https:\\\/\\\/schema.org\",\"@graph\":[{\"@type\":\"BlogPosting\",\"@id\":\"https:\\\/\\\/www.eldigitaldeasturias.com\\\/noticias\\\/el-teatro-real-ingresa-en-su-bicentenario-al-mas-alto-nivel-con-el-estreno-de-cuatro-coproducciones-europeas\\\/#blogposting\",\"name\":\"El Teatro Real ingresa en su bicentenario \\u00abal m\\u00e1s alto nivel\\u00bb, con el estreno de cuatro coproducciones europeas - El Digital de Asturias\",\"headline\":\"El Teatro Real ingresa en su bicentenario \\u00abal m\\u00e1s alto nivel\\u00bb, con el estreno de cuatro coproducciones europeas\",\"author\":{\"@id\":\"https:\\\/\\\/www.eldigitaldeasturias.com\\\/noticias\\\/author\\\/admin\\\/#author\"},\"publisher\":{\"@id\":\"https:\\\/\\\/www.eldigitaldeasturias.com\\\/noticias\\\/#organization\"},\"image\":{\"@type\":\"ImageObject\",\"url\":\"https:\\\/\\\/www.eldigitaldeasturias.com\\\/noticias\\\/wp-content\\\/uploads\\\/2016\\\/03\\\/fotonoticia_20160314165617_800.jpg\",\"width\":800,\"height\":534},\"datePublished\":\"2016-03-14T23:53:44+01:00\",\"dateModified\":\"2016-03-14T23:53:44+01:00\",\"inLanguage\":\"es-ES\",\"mainEntityOfPage\":{\"@id\":\"https:\\\/\\\/www.eldigitaldeasturias.com\\\/noticias\\\/el-teatro-real-ingresa-en-su-bicentenario-al-mas-alto-nivel-con-el-estreno-de-cuatro-coproducciones-europeas\\\/#webpage\"},\"isPartOf\":{\"@id\":\"https:\\\/\\\/www.eldigitaldeasturias.com\\\/noticias\\\/el-teatro-real-ingresa-en-su-bicentenario-al-mas-alto-nivel-con-el-estreno-de-cuatro-coproducciones-europeas\\\/#webpage\"},\"articleSection\":\"Revista de Ocio\"},{\"@type\":\"BreadcrumbList\",\"@id\":\"https:\\\/\\\/www.eldigitaldeasturias.com\\\/noticias\\\/el-teatro-real-ingresa-en-su-bicentenario-al-mas-alto-nivel-con-el-estreno-de-cuatro-coproducciones-europeas\\\/#breadcrumblist\",\"itemListElement\":[{\"@type\":\"ListItem\",\"@id\":\"https:\\\/\\\/www.eldigitaldeasturias.com\\\/noticias#listItem\",\"position\":1,\"name\":\"Home\",\"item\":\"https:\\\/\\\/www.eldigitaldeasturias.com\\\/noticias\",\"nextItem\":{\"@type\":\"ListItem\",\"@id\":\"https:\\\/\\\/www.eldigitaldeasturias.com\\\/noticias\\\/category\\\/revista-de-ocio\\\/#listItem\",\"name\":\"Revista de Ocio\"}},{\"@type\":\"ListItem\",\"@id\":\"https:\\\/\\\/www.eldigitaldeasturias.com\\\/noticias\\\/category\\\/revista-de-ocio\\\/#listItem\",\"position\":2,\"name\":\"Revista de Ocio\",\"item\":\"https:\\\/\\\/www.eldigitaldeasturias.com\\\/noticias\\\/category\\\/revista-de-ocio\\\/\",\"nextItem\":{\"@type\":\"ListItem\",\"@id\":\"https:\\\/\\\/www.eldigitaldeasturias.com\\\/noticias\\\/el-teatro-real-ingresa-en-su-bicentenario-al-mas-alto-nivel-con-el-estreno-de-cuatro-coproducciones-europeas\\\/#listItem\",\"name\":\"El Teatro Real ingresa en su bicentenario \\u00abal m\\u00e1s alto nivel\\u00bb, con el estreno de cuatro coproducciones europeas\"},\"previousItem\":{\"@type\":\"ListItem\",\"@id\":\"https:\\\/\\\/www.eldigitaldeasturias.com\\\/noticias#listItem\",\"name\":\"Home\"}},{\"@type\":\"ListItem\",\"@id\":\"https:\\\/\\\/www.eldigitaldeasturias.com\\\/noticias\\\/el-teatro-real-ingresa-en-su-bicentenario-al-mas-alto-nivel-con-el-estreno-de-cuatro-coproducciones-europeas\\\/#listItem\",\"position\":3,\"name\":\"El Teatro Real ingresa en su bicentenario \\u00abal m\\u00e1s alto nivel\\u00bb, con el estreno de cuatro coproducciones europeas\",\"previousItem\":{\"@type\":\"ListItem\",\"@id\":\"https:\\\/\\\/www.eldigitaldeasturias.com\\\/noticias\\\/category\\\/revista-de-ocio\\\/#listItem\",\"name\":\"Revista de Ocio\"}}]},{\"@type\":\"Organization\",\"@id\":\"https:\\\/\\\/www.eldigitaldeasturias.com\\\/noticias\\\/#organization\",\"name\":\"El Digital de Asturias\",\"description\":\"Hemeroteca\",\"url\":\"https:\\\/\\\/www.eldigitaldeasturias.com\\\/noticias\\\/\",\"email\":\"info@eldigitaldeasturias.com\",\"telephone\":\"+34652131393\",\"logo\":{\"@type\":\"ImageObject\",\"url\":\"https:\\\/\\\/www.eldigitaldeasturias.com\\\/noticias\\\/wp-content\\\/uploads\\\/2020\\\/12\\\/EDA.jpg\",\"@id\":\"https:\\\/\\\/www.eldigitaldeasturias.com\\\/noticias\\\/el-teatro-real-ingresa-en-su-bicentenario-al-mas-alto-nivel-con-el-estreno-de-cuatro-coproducciones-europeas\\\/#organizationLogo\",\"width\":649,\"height\":297},\"image\":{\"@id\":\"https:\\\/\\\/www.eldigitaldeasturias.com\\\/noticias\\\/el-teatro-real-ingresa-en-su-bicentenario-al-mas-alto-nivel-con-el-estreno-de-cuatro-coproducciones-europeas\\\/#organizationLogo\"},\"sameAs\":[\"https:\\\/\\\/facebook.com\\\/eldigitaldeasturias\",\"https:\\\/\\\/www.youtube.com\\\/channel\\\/UCZP-2wLEB9Rv6erhFmqVnvg\"],\"address\":{\"@id\":\"https:\\\/\\\/www.eldigitaldeasturias.com\\\/noticias\\\/#postaladdress\",\"@type\":\"PostalAddress\",\"streetAddress\":\"san antonio 4,\",\"postalCode\":\"33430\",\"addressLocality\":\"Cand\\u00e1s\",\"addressRegion\":\"Asturias\",\"addressCountry\":\"ES\"}},{\"@type\":\"Person\",\"@id\":\"https:\\\/\\\/www.eldigitaldeasturias.com\\\/noticias\\\/author\\\/admin\\\/#author\",\"url\":\"https:\\\/\\\/www.eldigitaldeasturias.com\\\/noticias\\\/author\\\/admin\\\/\",\"name\":\"El Digital de Asturias\",\"image\":{\"@type\":\"ImageObject\",\"@id\":\"https:\\\/\\\/www.eldigitaldeasturias.com\\\/noticias\\\/el-teatro-real-ingresa-en-su-bicentenario-al-mas-alto-nivel-con-el-estreno-de-cuatro-coproducciones-europeas\\\/#authorImage\",\"url\":\"https:\\\/\\\/www.eldigitaldeasturias.com\\\/noticias\\\/wp-content\\\/litespeed\\\/avatar\\\/18677e78aa0546b92d9dbf31ec7d7668.jpg?ver=1777290358\",\"width\":96,\"height\":96,\"caption\":\"El Digital de Asturias\"}},{\"@type\":\"WebPage\",\"@id\":\"https:\\\/\\\/www.eldigitaldeasturias.com\\\/noticias\\\/el-teatro-real-ingresa-en-su-bicentenario-al-mas-alto-nivel-con-el-estreno-de-cuatro-coproducciones-europeas\\\/#webpage\",\"url\":\"https:\\\/\\\/www.eldigitaldeasturias.com\\\/noticias\\\/el-teatro-real-ingresa-en-su-bicentenario-al-mas-alto-nivel-con-el-estreno-de-cuatro-coproducciones-europeas\\\/\",\"name\":\"El Teatro Real ingresa en su bicentenario \\u00abal m\\u00e1s alto nivel\\u00bb, con el estreno de cuatro coproducciones europeas - El Digital de Asturias\",\"description\":\"El Teatro Real ingresar\\u00e1 en el primer a\\u00f1o del trienio conmemorativo de su bicentenario (2016, 2017 y 2018) con una nueva temporada en la que \\\"alcanza el m\\u00e1ximo nivel\\\", seg\\u00fan el director art\\u00edstico Joan Matabosch, ya que estrenar\\u00e1 primero cuatro coproducciones europeas. 'Billy Budd', de Benjamin Britten (del 31 de enero al 28 de febrero\",\"inLanguage\":\"es-ES\",\"isPartOf\":{\"@id\":\"https:\\\/\\\/www.eldigitaldeasturias.com\\\/noticias\\\/#website\"},\"breadcrumb\":{\"@id\":\"https:\\\/\\\/www.eldigitaldeasturias.com\\\/noticias\\\/el-teatro-real-ingresa-en-su-bicentenario-al-mas-alto-nivel-con-el-estreno-de-cuatro-coproducciones-europeas\\\/#breadcrumblist\"},\"author\":{\"@id\":\"https:\\\/\\\/www.eldigitaldeasturias.com\\\/noticias\\\/author\\\/admin\\\/#author\"},\"creator\":{\"@id\":\"https:\\\/\\\/www.eldigitaldeasturias.com\\\/noticias\\\/author\\\/admin\\\/#author\"},\"image\":{\"@type\":\"ImageObject\",\"url\":\"https:\\\/\\\/www.eldigitaldeasturias.com\\\/noticias\\\/wp-content\\\/uploads\\\/2016\\\/03\\\/fotonoticia_20160314165617_800.jpg\",\"@id\":\"https:\\\/\\\/www.eldigitaldeasturias.com\\\/noticias\\\/el-teatro-real-ingresa-en-su-bicentenario-al-mas-alto-nivel-con-el-estreno-de-cuatro-coproducciones-europeas\\\/#mainImage\",\"width\":800,\"height\":534},\"primaryImageOfPage\":{\"@id\":\"https:\\\/\\\/www.eldigitaldeasturias.com\\\/noticias\\\/el-teatro-real-ingresa-en-su-bicentenario-al-mas-alto-nivel-con-el-estreno-de-cuatro-coproducciones-europeas\\\/#mainImage\"},\"datePublished\":\"2016-03-14T23:53:44+01:00\",\"dateModified\":\"2016-03-14T23:53:44+01:00\"},{\"@type\":\"WebSite\",\"@id\":\"https:\\\/\\\/www.eldigitaldeasturias.com\\\/noticias\\\/#website\",\"url\":\"https:\\\/\\\/www.eldigitaldeasturias.com\\\/noticias\\\/\",\"name\":\"El Digital de Asturias - Diario de actualidad y noticias\",\"alternateName\":\"El Digital de Asturias - Diario de actualidad y noticias\",\"description\":\"Hemeroteca\",\"inLanguage\":\"es-ES\",\"publisher\":{\"@id\":\"https:\\\/\\\/www.eldigitaldeasturias.com\\\/noticias\\\/#organization\"}}]}\n\t\t<\/script>\n\t\t<!-- All in One SEO Pro -->\r\n\t\t<title>El Teatro Real ingresa en su bicentenario \u00abal m\u00e1s alto nivel\u00bb, con el estreno de cuatro coproducciones europeas - El Digital de Asturias<\/title>\n\n","aioseo_head_json":{"title":"El Teatro Real ingresa en su bicentenario \u00abal m\u00e1s alto nivel\u00bb, con el estreno de cuatro coproducciones europeas - El Digital de Asturias","description":"El Teatro Real ingresar\u00e1 en el primer a\u00f1o del trienio conmemorativo de su bicentenario (2016, 2017 y 2018) con una nueva temporada en la que \"alcanza el m\u00e1ximo nivel\", seg\u00fan el director art\u00edstico Joan Matabosch, ya que estrenar\u00e1 primero cuatro coproducciones europeas. 'Billy Budd', de Benjamin Britten (del 31 de enero al 28 de febrero","canonical_url":"https:\/\/www.eldigitaldeasturias.com\/noticias\/el-teatro-real-ingresa-en-su-bicentenario-al-mas-alto-nivel-con-el-estreno-de-cuatro-coproducciones-europeas\/","robots":"max-image-preview:large","keywords":"revista de ocio","webmasterTools":{"google-site-verification":"UA-38556648-1","msvalidate.01":"7dfe9f3f1b24437ab69f4f2559babe99","miscellaneous":""},"schema":{"@context":"https:\/\/schema.org","@graph":[{"@type":"BlogPosting","@id":"https:\/\/www.eldigitaldeasturias.com\/noticias\/el-teatro-real-ingresa-en-su-bicentenario-al-mas-alto-nivel-con-el-estreno-de-cuatro-coproducciones-europeas\/#blogposting","name":"El Teatro Real ingresa en su bicentenario \u00abal m\u00e1s alto nivel\u00bb, con el estreno de cuatro coproducciones europeas - El Digital de Asturias","headline":"El Teatro Real ingresa en su bicentenario \u00abal m\u00e1s alto nivel\u00bb, con el estreno de cuatro coproducciones europeas","author":{"@id":"https:\/\/www.eldigitaldeasturias.com\/noticias\/author\/admin\/#author"},"publisher":{"@id":"https:\/\/www.eldigitaldeasturias.com\/noticias\/#organization"},"image":{"@type":"ImageObject","url":"https:\/\/www.eldigitaldeasturias.com\/noticias\/wp-content\/uploads\/2016\/03\/fotonoticia_20160314165617_800.jpg","width":800,"height":534},"datePublished":"2016-03-14T23:53:44+01:00","dateModified":"2016-03-14T23:53:44+01:00","inLanguage":"es-ES","mainEntityOfPage":{"@id":"https:\/\/www.eldigitaldeasturias.com\/noticias\/el-teatro-real-ingresa-en-su-bicentenario-al-mas-alto-nivel-con-el-estreno-de-cuatro-coproducciones-europeas\/#webpage"},"isPartOf":{"@id":"https:\/\/www.eldigitaldeasturias.com\/noticias\/el-teatro-real-ingresa-en-su-bicentenario-al-mas-alto-nivel-con-el-estreno-de-cuatro-coproducciones-europeas\/#webpage"},"articleSection":"Revista de Ocio"},{"@type":"BreadcrumbList","@id":"https:\/\/www.eldigitaldeasturias.com\/noticias\/el-teatro-real-ingresa-en-su-bicentenario-al-mas-alto-nivel-con-el-estreno-de-cuatro-coproducciones-europeas\/#breadcrumblist","itemListElement":[{"@type":"ListItem","@id":"https:\/\/www.eldigitaldeasturias.com\/noticias#listItem","position":1,"name":"Home","item":"https:\/\/www.eldigitaldeasturias.com\/noticias","nextItem":{"@type":"ListItem","@id":"https:\/\/www.eldigitaldeasturias.com\/noticias\/category\/revista-de-ocio\/#listItem","name":"Revista de Ocio"}},{"@type":"ListItem","@id":"https:\/\/www.eldigitaldeasturias.com\/noticias\/category\/revista-de-ocio\/#listItem","position":2,"name":"Revista de Ocio","item":"https:\/\/www.eldigitaldeasturias.com\/noticias\/category\/revista-de-ocio\/","nextItem":{"@type":"ListItem","@id":"https:\/\/www.eldigitaldeasturias.com\/noticias\/el-teatro-real-ingresa-en-su-bicentenario-al-mas-alto-nivel-con-el-estreno-de-cuatro-coproducciones-europeas\/#listItem","name":"El Teatro Real ingresa en su bicentenario \u00abal m\u00e1s alto nivel\u00bb, con el estreno de cuatro coproducciones europeas"},"previousItem":{"@type":"ListItem","@id":"https:\/\/www.eldigitaldeasturias.com\/noticias#listItem","name":"Home"}},{"@type":"ListItem","@id":"https:\/\/www.eldigitaldeasturias.com\/noticias\/el-teatro-real-ingresa-en-su-bicentenario-al-mas-alto-nivel-con-el-estreno-de-cuatro-coproducciones-europeas\/#listItem","position":3,"name":"El Teatro Real ingresa en su bicentenario \u00abal m\u00e1s alto nivel\u00bb, con el estreno de cuatro coproducciones europeas","previousItem":{"@type":"ListItem","@id":"https:\/\/www.eldigitaldeasturias.com\/noticias\/category\/revista-de-ocio\/#listItem","name":"Revista de Ocio"}}]},{"@type":"Organization","@id":"https:\/\/www.eldigitaldeasturias.com\/noticias\/#organization","name":"El Digital de Asturias","description":"Hemeroteca","url":"https:\/\/www.eldigitaldeasturias.com\/noticias\/","email":"info@eldigitaldeasturias.com","telephone":"+34652131393","logo":{"@type":"ImageObject","url":"https:\/\/www.eldigitaldeasturias.com\/noticias\/wp-content\/uploads\/2020\/12\/EDA.jpg","@id":"https:\/\/www.eldigitaldeasturias.com\/noticias\/el-teatro-real-ingresa-en-su-bicentenario-al-mas-alto-nivel-con-el-estreno-de-cuatro-coproducciones-europeas\/#organizationLogo","width":649,"height":297},"image":{"@id":"https:\/\/www.eldigitaldeasturias.com\/noticias\/el-teatro-real-ingresa-en-su-bicentenario-al-mas-alto-nivel-con-el-estreno-de-cuatro-coproducciones-europeas\/#organizationLogo"},"sameAs":["https:\/\/facebook.com\/eldigitaldeasturias","https:\/\/www.youtube.com\/channel\/UCZP-2wLEB9Rv6erhFmqVnvg"],"address":{"@id":"https:\/\/www.eldigitaldeasturias.com\/noticias\/#postaladdress","@type":"PostalAddress","streetAddress":"san antonio 4,","postalCode":"33430","addressLocality":"Cand\u00e1s","addressRegion":"Asturias","addressCountry":"ES"}},{"@type":"Person","@id":"https:\/\/www.eldigitaldeasturias.com\/noticias\/author\/admin\/#author","url":"https:\/\/www.eldigitaldeasturias.com\/noticias\/author\/admin\/","name":"El Digital de Asturias","image":{"@type":"ImageObject","@id":"https:\/\/www.eldigitaldeasturias.com\/noticias\/el-teatro-real-ingresa-en-su-bicentenario-al-mas-alto-nivel-con-el-estreno-de-cuatro-coproducciones-europeas\/#authorImage","url":"https:\/\/www.eldigitaldeasturias.com\/noticias\/wp-content\/litespeed\/avatar\/18677e78aa0546b92d9dbf31ec7d7668.jpg?ver=1777290358","width":96,"height":96,"caption":"El Digital de Asturias"}},{"@type":"WebPage","@id":"https:\/\/www.eldigitaldeasturias.com\/noticias\/el-teatro-real-ingresa-en-su-bicentenario-al-mas-alto-nivel-con-el-estreno-de-cuatro-coproducciones-europeas\/#webpage","url":"https:\/\/www.eldigitaldeasturias.com\/noticias\/el-teatro-real-ingresa-en-su-bicentenario-al-mas-alto-nivel-con-el-estreno-de-cuatro-coproducciones-europeas\/","name":"El Teatro Real ingresa en su bicentenario \u00abal m\u00e1s alto nivel\u00bb, con el estreno de cuatro coproducciones europeas - El Digital de Asturias","description":"El Teatro Real ingresar\u00e1 en el primer a\u00f1o del trienio conmemorativo de su bicentenario (2016, 2017 y 2018) con una nueva temporada en la que \"alcanza el m\u00e1ximo nivel\", seg\u00fan el director art\u00edstico Joan Matabosch, ya que estrenar\u00e1 primero cuatro coproducciones europeas. 'Billy Budd', de Benjamin Britten (del 31 de enero al 28 de febrero","inLanguage":"es-ES","isPartOf":{"@id":"https:\/\/www.eldigitaldeasturias.com\/noticias\/#website"},"breadcrumb":{"@id":"https:\/\/www.eldigitaldeasturias.com\/noticias\/el-teatro-real-ingresa-en-su-bicentenario-al-mas-alto-nivel-con-el-estreno-de-cuatro-coproducciones-europeas\/#breadcrumblist"},"author":{"@id":"https:\/\/www.eldigitaldeasturias.com\/noticias\/author\/admin\/#author"},"creator":{"@id":"https:\/\/www.eldigitaldeasturias.com\/noticias\/author\/admin\/#author"},"image":{"@type":"ImageObject","url":"https:\/\/www.eldigitaldeasturias.com\/noticias\/wp-content\/uploads\/2016\/03\/fotonoticia_20160314165617_800.jpg","@id":"https:\/\/www.eldigitaldeasturias.com\/noticias\/el-teatro-real-ingresa-en-su-bicentenario-al-mas-alto-nivel-con-el-estreno-de-cuatro-coproducciones-europeas\/#mainImage","width":800,"height":534},"primaryImageOfPage":{"@id":"https:\/\/www.eldigitaldeasturias.com\/noticias\/el-teatro-real-ingresa-en-su-bicentenario-al-mas-alto-nivel-con-el-estreno-de-cuatro-coproducciones-europeas\/#mainImage"},"datePublished":"2016-03-14T23:53:44+01:00","dateModified":"2016-03-14T23:53:44+01:00"},{"@type":"WebSite","@id":"https:\/\/www.eldigitaldeasturias.com\/noticias\/#website","url":"https:\/\/www.eldigitaldeasturias.com\/noticias\/","name":"El Digital de Asturias - Diario de actualidad y noticias","alternateName":"El Digital de Asturias - Diario de actualidad y noticias","description":"Hemeroteca","inLanguage":"es-ES","publisher":{"@id":"https:\/\/www.eldigitaldeasturias.com\/noticias\/#organization"}}]},"og:locale":"es_ES","og:site_name":"El Digital de Asturias","og:type":"article","og:title":"El Teatro Real ingresa en su bicentenario \u00abal m\u00e1s alto nivel\u00bb, con el estreno de cuatro coproducciones europeas - El Digital de Asturias","og:description":"El Teatro Real ingresar\u00e1 en el primer a\u00f1o del trienio conmemorativo de su bicentenario (2016, 2017 y 2018) con una nueva temporada en la que &quot;alcanza el m\u00e1ximo nivel&quot;, seg\u00fan el director art\u00edstico Joan Matabosch, ya que estrenar\u00e1 primero cuatro coproducciones europeas. 'Billy Budd', de Benjamin Britten (del 31 de enero al 28 de febrero","og:url":"https:\/\/www.eldigitaldeasturias.com\/noticias\/el-teatro-real-ingresa-en-su-bicentenario-al-mas-alto-nivel-con-el-estreno-de-cuatro-coproducciones-europeas\/","og:image":"https:\/\/www.eldigitaldeasturias.com\/noticias\/wp-content\/uploads\/2016\/03\/fotonoticia_20160314165617_800.jpg","og:image:secure_url":"https:\/\/www.eldigitaldeasturias.com\/noticias\/wp-content\/uploads\/2016\/03\/fotonoticia_20160314165617_800.jpg","og:image:width":800,"og:image:height":534,"article:tag":["revista de ocio"],"article:published_time":"2016-03-14T23:53:44+00:00","article:modified_time":"2016-03-14T23:53:44+00:00","article:publisher":"https:\/\/facebook.com\/eldigitaldeasturias","twitter:card":"summary_large_image","twitter:title":"El Teatro Real ingresa en su bicentenario \u00abal m\u00e1s alto nivel\u00bb, con el estreno de cuatro coproducciones europeas - El Digital de Asturias","twitter:description":"El Teatro Real ingresar\u00e1 en el primer a\u00f1o del trienio conmemorativo de su bicentenario (2016, 2017 y 2018) con una nueva temporada en la que &quot;alcanza el m\u00e1ximo nivel&quot;, seg\u00fan el director art\u00edstico Joan Matabosch, ya que estrenar\u00e1 primero cuatro coproducciones europeas. 'Billy Budd', de Benjamin Britten (del 31 de enero al 28 de febrero","twitter:image":"https:\/\/www.eldigitaldeasturias.com\/noticias\/wp-content\/uploads\/2016\/03\/fotonoticia_20160314165617_800.jpg","twitter:label1":"Escrito por","twitter:data1":"El Digital de Asturias","twitter:label2":"Tiempo de lectura estimado","twitter:data2":"5 minutos"},"aioseo_meta_data":{"post_id":"866129","title":null,"description":null,"keywords":null,"keyphrases":null,"primary_term":null,"canonical_url":null,"og_title":null,"og_description":null,"og_object_type":"default","og_image_type":"default","og_image_url":null,"og_image_width":null,"og_image_height":null,"og_image_custom_url":null,"og_image_custom_fields":null,"og_video":null,"og_custom_url":null,"og_article_section":null,"og_article_tags":null,"twitter_use_og":false,"twitter_card":"default","twitter_image_type":"default","twitter_image_url":null,"twitter_image_custom_url":null,"twitter_image_custom_fields":null,"twitter_title":null,"twitter_description":null,"schema":{"blockGraphs":[],"customGraphs":[],"default":{"data":{"Article":[],"Course":[],"Dataset":[],"FAQPage":[],"Movie":[],"Person":[],"Product":[],"ProductReview":[],"Car":[],"Recipe":[],"Service":[],"SoftwareApplication":[],"WebPage":[]},"graphName":"","isEnabled":true},"graphs":[],"defaultGraph":"","defaultPostTypeGraph":""},"schema_type":null,"schema_type_options":null,"pillar_content":false,"robots_default":true,"robots_noindex":false,"robots_noarchive":false,"robots_nosnippet":false,"robots_nofollow":false,"robots_noimageindex":false,"robots_noodp":false,"robots_notranslate":false,"robots_max_snippet":null,"robots_max_videopreview":null,"robots_max_imagepreview":"large","priority":null,"frequency":null,"local_seo":null,"seo_analyzer_scan_date":"2025-11-07 22:34:43","breadcrumb_settings":null,"limit_modified_date":false,"open_ai":null,"ai":null,"created":"2021-01-23 15:33:07","updated":"2025-11-07 22:34:43"},"aioseo_breadcrumb":"<div class=\"aioseo-breadcrumbs\"><span class=\"aioseo-breadcrumb\">\n\t<a href=\"https:\/\/www.eldigitaldeasturias.com\/noticias\" title=\"Home\">Home<\/a>\n<\/span><span class=\"aioseo-breadcrumb-separator\">\u2013<\/span><span class=\"aioseo-breadcrumb\">\n\t<a href=\"https:\/\/www.eldigitaldeasturias.com\/noticias\/category\/revista-de-ocio\/\" title=\"Revista de Ocio\">Revista de Ocio<\/a>\n<\/span><span class=\"aioseo-breadcrumb-separator\">\u2013<\/span><span class=\"aioseo-breadcrumb\">\n\t<a href=\"https:\/\/www.eldigitaldeasturias.com\/noticias\/el-teatro-real-ingresa-en-su-bicentenario-al-mas-alto-nivel-con-el-estreno-de-cuatro-coproducciones-europeas\/\" title=\"El Teatro Real ingresa en su bicentenario \u00abal m\u00e1s alto nivel\u00bb, con el estreno de cuatro coproducciones europeas\">El Teatro Real ingresa en su bicentenario \u00abal m\u00e1s alto nivel\u00bb, con el estreno de cuatro coproducciones europeas<\/a>\n<\/span><\/div>","aioseo_breadcrumb_json":[{"label":"Home","link":"https:\/\/www.eldigitaldeasturias.com\/noticias"},{"label":"Revista de Ocio","link":"https:\/\/www.eldigitaldeasturias.com\/noticias\/category\/revista-de-ocio\/"},{"label":"El Teatro Real ingresa en su bicentenario \u00abal m\u00e1s alto nivel\u00bb, con el estreno de cuatro coproducciones europeas","link":"https:\/\/www.eldigitaldeasturias.com\/noticias\/el-teatro-real-ingresa-en-su-bicentenario-al-mas-alto-nivel-con-el-estreno-de-cuatro-coproducciones-europeas\/"}],"_links":{"self":[{"href":"https:\/\/www.eldigitaldeasturias.com\/noticias\/wp-json\/wp\/v2\/posts\/866129","targetHints":{"allow":["GET"]}}],"collection":[{"href":"https:\/\/www.eldigitaldeasturias.com\/noticias\/wp-json\/wp\/v2\/posts"}],"about":[{"href":"https:\/\/www.eldigitaldeasturias.com\/noticias\/wp-json\/wp\/v2\/types\/post"}],"author":[{"embeddable":true,"href":"https:\/\/www.eldigitaldeasturias.com\/noticias\/wp-json\/wp\/v2\/users\/1"}],"replies":[{"embeddable":true,"href":"https:\/\/www.eldigitaldeasturias.com\/noticias\/wp-json\/wp\/v2\/comments?post=866129"}],"version-history":[{"count":0,"href":"https:\/\/www.eldigitaldeasturias.com\/noticias\/wp-json\/wp\/v2\/posts\/866129\/revisions"}],"wp:featuredmedia":[{"embeddable":true,"href":"https:\/\/www.eldigitaldeasturias.com\/noticias\/wp-json\/wp\/v2\/media\/866130"}],"wp:attachment":[{"href":"https:\/\/www.eldigitaldeasturias.com\/noticias\/wp-json\/wp\/v2\/media?parent=866129"}],"wp:term":[{"taxonomy":"category","embeddable":true,"href":"https:\/\/www.eldigitaldeasturias.com\/noticias\/wp-json\/wp\/v2\/categories?post=866129"},{"taxonomy":"post_tag","embeddable":true,"href":"https:\/\/www.eldigitaldeasturias.com\/noticias\/wp-json\/wp\/v2\/tags?post=866129"}],"curies":[{"name":"wp","href":"https:\/\/api.w.org\/{rel}","templated":true}]}}