{"id":864610,"date":"2016-03-10T01:18:58","date_gmt":"2016-03-10T01:18:58","guid":{"rendered":"http:\/\/www.eldigitaldeasturias.com\/noticias\/?p=864610"},"modified":"2016-03-10T01:18:58","modified_gmt":"2016-03-10T01:18:58","slug":"mercedes-arzu-de-wilson-pide-al-papa-que-sea-altavoz-contra-los-anticonceptivos","status":"publish","type":"post","link":"https:\/\/www.eldigitaldeasturias.com\/noticias\/mercedes-arzu-de-wilson-pide-al-papa-que-sea-altavoz-contra-los-anticonceptivos\/","title":{"rendered":"Mercedes Arz\u00fa de Wilson pide al Papa que sea altavoz contra los anticonceptivos"},"content":{"rendered":"<p><img loading=\"lazy\" decoding=\"async\" class=\"alignleft size-medium wp-image-864611\" src=\"https:\/\/www.eldigitaldeasturias.com\/noticias\/wp-content\/uploads\/2016\/03\/fotonoticia_20160309124315_800-360x240.jpg\" alt=\"fotonoticia_20160309124315_800\" width=\"360\" height=\"240\" srcset=\"https:\/\/www.eldigitaldeasturias.com\/noticias\/wp-content\/uploads\/2016\/03\/fotonoticia_20160309124315_800-360x240.jpg 360w, https:\/\/www.eldigitaldeasturias.com\/noticias\/wp-content\/uploads\/2016\/03\/fotonoticia_20160309124315_800-768x513.jpg 768w, https:\/\/www.eldigitaldeasturias.com\/noticias\/wp-content\/uploads\/2016\/03\/fotonoticia_20160309124315_800-650x434.jpg 650w, https:\/\/www.eldigitaldeasturias.com\/noticias\/wp-content\/uploads\/2016\/03\/fotonoticia_20160309124315_800-84x55.jpg 84w, https:\/\/www.eldigitaldeasturias.com\/noticias\/wp-content\/uploads\/2016\/03\/fotonoticia_20160309124315_800-49x32.jpg 49w, https:\/\/www.eldigitaldeasturias.com\/noticias\/wp-content\/uploads\/2016\/03\/fotonoticia_20160309124315_800.jpg 800w\" sizes=\"auto, (max-width: 360px) 100vw, 360px\" \/>La presidenta de la Fundaci\u00f3n Familia de las Am\u00e9ricas y de la Organizaci\u00f3n Mundial de la Familia y miembro de la Academia por la Vida del Vaticano, Mercedes Arz\u00fa de Wilson, ha pedido al Papa Francisco que hable m\u00e1s de los m\u00e9todos naturales de regulaci\u00f3n de la natalidad y que advierta p\u00fablicamente de las consecuencias \u00ababortivas\u00bb de los m\u00e9todos anticonceptivos artificiales.<\/p>\n<p>\u00abSer\u00eda bueno que se empezara a hablar m\u00e1s de los efectos abortivos de los m\u00e9todos artificiales. No mucha gente ni muchos m\u00e9dicos van a aceptar que son abortivos. Por este motivo le he hecho esta petici\u00f3n al Papa porque creo que no se habla mucho de esto\u00bb, ha explicado Arz\u00fa en una entrevista concedida a Europa Press, con motivo de su visita a Espa\u00f1a tras participar en Roma en una conferencia de la Academia Pontificia por la Vida.<\/p>\n<p>As\u00ed se lo transmiti\u00f3 al Papa la semana pasada durante este encuentro en el Vaticano, en el marco del cual, los m\u00e1s de cien participantes de la misma pudieron saludar durante unos minutos al Pont\u00edfice. Cuando lleg\u00f3 su turno, Arz\u00fa le entreg\u00f3 un dossier en el que se reflejan las consecuencias del uso de los m\u00e9todos anticonceptivos artificiales y en el que se especifica que \u00abla mayor\u00eda\u00bb de estos son \u00ababortivos\u00bb.<\/p>\n<p>La experta, que simplific\u00f3 el m\u00e9todo del m\u00e9dico australiano John Billings para llevarlo hasta las mujeres con menos recursos de Guatemala, su pa\u00eds de origen, y despu\u00e9s, a las mujeres de todo el mundo, extiende su petici\u00f3n de hacer una mayor difusi\u00f3n de \u00e9stos frente a los anticonceptivos hormonales &#8211;p\u00edldora, DIU, inyecci\u00f3n&#8211;, a obispos y sacerdotes y les insta a \u00abdefender la vida\u00bb todos los domingos.<\/p>\n<p>El m\u00e9todo de ovulaci\u00f3n, que Arz\u00fa detalla en el libro &#8216;Regulaci\u00f3n natural de la natalidad&#8217;, se basa en el control de la propia mujer de la secreci\u00f3n cervical durante el ciclo, independientemente de la irregularidad de este. As\u00ed, la experta representa los d\u00edas inf\u00e9rtiles en marr\u00f3n, los f\u00e9rtiles &#8211;que no superan las 100 horas, seg\u00fan asegura&#8211; en blanco y los d\u00edas de la menstruaci\u00f3n en rojo y acompa\u00f1a las tablas de unos dibujos que muestran el espesor del flujo durante los d\u00edas f\u00e9rtiles.<\/p>\n<p>Este sistema tiene una eficacia de hasta un 99%, seg\u00fan asegura citando estudios realizados en Australia, EE.UU, Corea, China, Filipinas e India, entre otros. Y precisa que este m\u00e9todo es aceptado por la Iglesia cat\u00f3lica porque, a diferencia de los anticonceptivos artificiales, este permite a los matrimonios estar \u00ababiertos a la vida\u00bb.<\/p>\n<p>\u00abNo est\u00e1s bloqueando, no est\u00e1s haciendo nada durante la \u00e9poca f\u00e9rtil, est\u00e1s siempre abierto a la vida que es la ense\u00f1anza de la Iglesia, y te abstienes si tienes buenas razones para postponer un embarazo, porque el marido perdi\u00f3 el empleo o tienes un hijo muy chiquito\u00bb, explica.<\/p>\n<p><strong>ANTICONCEPTIVOS FRENTE AL ZIKA<\/strong><\/p>\n<p>Sobre las \u00faltimas declaraciones del Papa Francisco en el avi\u00f3n que le trasladaba de M\u00e9xico a Roma, cuando dijo que era un \u00abmal menor\u00bb evitar el embarazo, Arz\u00fa asegura que el Pont\u00edfice \u00abno admiti\u00f3 el uso de anticonceptivos artificiales\u00bb sino que \u00abno hay nada de malo en evitar el embarazo\u00bb, pero se refer\u00eda, a su parecer, a los m\u00e9todos naturales de regulaci\u00f3n de la natalidad.<\/p>\n<p>Adem\u00e1s, sobre la referencia que hizo al permiso de Pablo VI para que las monjas del Congo utilizaran anticonceptivos ante el riesgo de que fueran violadas, Arz\u00fa asegura que \u00abno hay evidencias cient\u00edficas de que ni Juan XXIII ni Pablo VI\u00bb admitieran su uso.<\/p>\n<p>La experta defiende que su m\u00e9todo lo utilizan \u00abmillones de parejas\u00bb de todas las religiones \u00aben m\u00e1s de cien pa\u00edses\u00bb como China, donde han viajado en trece ocasiones a invitaci\u00f3n del gobierno chino para entrenar a m\u00e9dicos, enfermeras y parejas para que se conviertan en \u00abinstructores\u00bb.<\/p>\n<p>Adem\u00e1s, afirma que las ventajas de este m\u00e9todo no solo son su \u00abeficacia\u00bb y la ausencia de cambios qu\u00edmicos en el cuerpo de la mujer &#8211;a diferencia de la p\u00edldora que, seg\u00fan advierte, provoca 150&#8211; sino que tambi\u00e9n contribuye a reducir el n\u00famero de divorcios. Concretamente, cita un estudio estad\u00edstico publicado en 2002 en la Catholic Social Science Review, seg\u00fan el cual, la tasa de divorcio entre las parejas de 21 a 46 a\u00f1os que utilizaban el m\u00e9todo de ovulaci\u00f3n se reduc\u00eda hasta un 3%.<\/p>\n<p><strong>SE LO ADVIRTI\u00d3 JUAN PABLO II<\/strong><\/p>\n<p>Sobre los pa\u00edses de Europa y, concretamente, sobre Espa\u00f1a, Arz\u00fa considera que se est\u00e1n \u00abautosuicidando\u00bb por la baja natalidad o las leyes sobre aborto y eutanasia y revela que esto ya se lo advirti\u00f3 el Papa Juan Pablo II. \u00abUna vez, cuando yo le estaba felicitando cuando cay\u00f3 el comunismo, me dijo: &#8216;Quiero que sepa que viene un peligro al mundo m\u00e1s grande que el comunismo&#8217;. Y lo estamos viendo ahorita. Si Espa\u00f1a sigue as\u00ed no va a haber espa\u00f1oles\u00bb, recuerda.<\/p>\n<p>Por ello, insiste en que \u00abtodos los sacerdotes y obispos deber\u00edan estar dando estas advertencias todos los domingos\u00bb. \u00abHay que salir a la defensa de la vida, pero siento que Europa est\u00e1 dormida\u00bb, lamenta.<\/p>\n<p>&nbsp;<\/p>\n","protected":false},"excerpt":{"rendered":"<p>La presidenta de la Fundaci\u00f3n Familia de las Am\u00e9ricas y de la Organizaci\u00f3n Mundial de la Familia y miembro de la Academia por la Vida del Vaticano, Mercedes Arz\u00fa de Wilson, ha pedido al Papa Francisco que hable m\u00e1s de los m\u00e9todos naturales de regulaci\u00f3n de la natalidad y que advierta p\u00fablicamente de las consecuencias [&hellip;]<\/p>\n","protected":false},"author":1,"featured_media":864611,"comment_status":"closed","ping_status":"closed","sticky":false,"template":"","format":"standard","meta":{"footnotes":""},"categories":[28],"tags":[],"class_list":["post-864610","post","type-post","status-publish","format-standard","has-post-thumbnail","hentry","category-sociedad"],"aioseo_notices":[],"aioseo_head":"\n\t\t<!-- All in One SEO Pro 4.9.6.2 - aioseo.com -->\n\t<meta name=\"description\" content=\"La presidenta de la Fundaci\u00f3n Familia de las Am\u00e9ricas y de la Organizaci\u00f3n Mundial de la Familia y miembro de la Academia por la Vida del Vaticano, Mercedes Arz\u00fa de Wilson, ha pedido al Papa Francisco que hable m\u00e1s de los m\u00e9todos naturales de regulaci\u00f3n de la natalidad y que advierta p\u00fablicamente de las consecuencias\" \/>\n\t<meta name=\"robots\" content=\"max-image-preview:large\" \/>\n\t<meta name=\"author\" content=\"El Digital de Asturias\"\/>\n\t<meta name=\"google-site-verification\" content=\"UA-38556648-1\" \/>\n\t<meta name=\"msvalidate.01\" content=\"7dfe9f3f1b24437ab69f4f2559babe99\" \/>\n\t<meta name=\"keywords\" content=\"sociedad\" \/>\n\t<link rel=\"canonical\" href=\"https:\/\/www.eldigitaldeasturias.com\/noticias\/mercedes-arzu-de-wilson-pide-al-papa-que-sea-altavoz-contra-los-anticonceptivos\/\" \/>\n\t<meta name=\"generator\" content=\"All in One SEO Pro (AIOSEO) 4.9.6.2\" \/>\n\t\t<meta property=\"og:locale\" content=\"es_ES\" \/>\n\t\t<meta property=\"og:site_name\" content=\"El Digital de Asturias\" \/>\n\t\t<meta property=\"og:type\" content=\"article\" \/>\n\t\t<meta property=\"og:title\" content=\"Mercedes Arz\u00fa de Wilson pide al Papa que sea altavoz contra los anticonceptivos - El Digital de Asturias\" \/>\n\t\t<meta property=\"og:description\" content=\"La presidenta de la Fundaci\u00f3n Familia de las Am\u00e9ricas y de la Organizaci\u00f3n Mundial de la Familia y miembro de la Academia por la Vida del Vaticano, Mercedes Arz\u00fa de Wilson, ha pedido al Papa Francisco que hable m\u00e1s de los m\u00e9todos naturales de regulaci\u00f3n de la natalidad y que advierta p\u00fablicamente de las consecuencias\" \/>\n\t\t<meta property=\"og:url\" content=\"https:\/\/www.eldigitaldeasturias.com\/noticias\/mercedes-arzu-de-wilson-pide-al-papa-que-sea-altavoz-contra-los-anticonceptivos\/\" \/>\n\t\t<meta property=\"og:image\" content=\"https:\/\/www.eldigitaldeasturias.com\/noticias\/wp-content\/uploads\/2016\/03\/fotonoticia_20160309124315_800.jpg\" \/>\n\t\t<meta property=\"og:image:secure_url\" content=\"https:\/\/www.eldigitaldeasturias.com\/noticias\/wp-content\/uploads\/2016\/03\/fotonoticia_20160309124315_800.jpg\" \/>\n\t\t<meta property=\"og:image:width\" content=\"800\" \/>\n\t\t<meta property=\"og:image:height\" content=\"534\" \/>\n\t\t<meta property=\"article:tag\" content=\"sociedad\" \/>\n\t\t<meta property=\"article:published_time\" content=\"2016-03-10T01:18:58+00:00\" \/>\n\t\t<meta property=\"article:modified_time\" content=\"2016-03-10T01:18:58+00:00\" \/>\n\t\t<meta property=\"article:publisher\" content=\"https:\/\/facebook.com\/eldigitaldeasturias\" \/>\n\t\t<meta name=\"twitter:card\" content=\"summary_large_image\" \/>\n\t\t<meta name=\"twitter:title\" content=\"Mercedes Arz\u00fa de Wilson pide al Papa que sea altavoz contra los anticonceptivos - El Digital de Asturias\" \/>\n\t\t<meta name=\"twitter:description\" content=\"La presidenta de la Fundaci\u00f3n Familia de las Am\u00e9ricas y de la Organizaci\u00f3n Mundial de la Familia y miembro de la Academia por la Vida del Vaticano, Mercedes Arz\u00fa de Wilson, ha pedido al Papa Francisco que hable m\u00e1s de los m\u00e9todos naturales de regulaci\u00f3n de la natalidad y que advierta p\u00fablicamente de las consecuencias\" \/>\n\t\t<meta name=\"twitter:image\" content=\"https:\/\/www.eldigitaldeasturias.com\/noticias\/wp-content\/uploads\/2016\/03\/fotonoticia_20160309124315_800.jpg\" \/>\n\t\t<meta name=\"twitter:label1\" content=\"Escrito por\" \/>\n\t\t<meta name=\"twitter:data1\" content=\"El Digital de Asturias\" \/>\n\t\t<meta name=\"twitter:label2\" content=\"Tiempo de lectura estimado\" \/>\n\t\t<meta name=\"twitter:data2\" content=\"5 minutos\" \/>\n\t\t<script type=\"application\/ld+json\" class=\"aioseo-schema\">\n\t\t\t{\"@context\":\"https:\\\/\\\/schema.org\",\"@graph\":[{\"@type\":\"BlogPosting\",\"@id\":\"https:\\\/\\\/www.eldigitaldeasturias.com\\\/noticias\\\/mercedes-arzu-de-wilson-pide-al-papa-que-sea-altavoz-contra-los-anticonceptivos\\\/#blogposting\",\"name\":\"Mercedes Arz\\u00fa de Wilson pide al Papa que sea altavoz contra los anticonceptivos - El Digital de Asturias\",\"headline\":\"Mercedes Arz\\u00fa de Wilson pide al Papa que sea altavoz contra los anticonceptivos\",\"author\":{\"@id\":\"https:\\\/\\\/www.eldigitaldeasturias.com\\\/noticias\\\/author\\\/admin\\\/#author\"},\"publisher\":{\"@id\":\"https:\\\/\\\/www.eldigitaldeasturias.com\\\/noticias\\\/#organization\"},\"image\":{\"@type\":\"ImageObject\",\"url\":\"https:\\\/\\\/www.eldigitaldeasturias.com\\\/noticias\\\/wp-content\\\/uploads\\\/2016\\\/03\\\/fotonoticia_20160309124315_800.jpg\",\"width\":800,\"height\":534},\"datePublished\":\"2016-03-10T01:18:58+01:00\",\"dateModified\":\"2016-03-10T01:18:58+01:00\",\"inLanguage\":\"es-ES\",\"mainEntityOfPage\":{\"@id\":\"https:\\\/\\\/www.eldigitaldeasturias.com\\\/noticias\\\/mercedes-arzu-de-wilson-pide-al-papa-que-sea-altavoz-contra-los-anticonceptivos\\\/#webpage\"},\"isPartOf\":{\"@id\":\"https:\\\/\\\/www.eldigitaldeasturias.com\\\/noticias\\\/mercedes-arzu-de-wilson-pide-al-papa-que-sea-altavoz-contra-los-anticonceptivos\\\/#webpage\"},\"articleSection\":\"Sociedad\"},{\"@type\":\"BreadcrumbList\",\"@id\":\"https:\\\/\\\/www.eldigitaldeasturias.com\\\/noticias\\\/mercedes-arzu-de-wilson-pide-al-papa-que-sea-altavoz-contra-los-anticonceptivos\\\/#breadcrumblist\",\"itemListElement\":[{\"@type\":\"ListItem\",\"@id\":\"https:\\\/\\\/www.eldigitaldeasturias.com\\\/noticias#listItem\",\"position\":1,\"name\":\"Home\",\"item\":\"https:\\\/\\\/www.eldigitaldeasturias.com\\\/noticias\",\"nextItem\":{\"@type\":\"ListItem\",\"@id\":\"https:\\\/\\\/www.eldigitaldeasturias.com\\\/noticias\\\/category\\\/sociedad\\\/#listItem\",\"name\":\"Sociedad\"}},{\"@type\":\"ListItem\",\"@id\":\"https:\\\/\\\/www.eldigitaldeasturias.com\\\/noticias\\\/category\\\/sociedad\\\/#listItem\",\"position\":2,\"name\":\"Sociedad\",\"item\":\"https:\\\/\\\/www.eldigitaldeasturias.com\\\/noticias\\\/category\\\/sociedad\\\/\",\"nextItem\":{\"@type\":\"ListItem\",\"@id\":\"https:\\\/\\\/www.eldigitaldeasturias.com\\\/noticias\\\/mercedes-arzu-de-wilson-pide-al-papa-que-sea-altavoz-contra-los-anticonceptivos\\\/#listItem\",\"name\":\"Mercedes Arz\\u00fa de Wilson pide al Papa que sea altavoz contra los anticonceptivos\"},\"previousItem\":{\"@type\":\"ListItem\",\"@id\":\"https:\\\/\\\/www.eldigitaldeasturias.com\\\/noticias#listItem\",\"name\":\"Home\"}},{\"@type\":\"ListItem\",\"@id\":\"https:\\\/\\\/www.eldigitaldeasturias.com\\\/noticias\\\/mercedes-arzu-de-wilson-pide-al-papa-que-sea-altavoz-contra-los-anticonceptivos\\\/#listItem\",\"position\":3,\"name\":\"Mercedes Arz\\u00fa de Wilson pide al Papa que sea altavoz contra los anticonceptivos\",\"previousItem\":{\"@type\":\"ListItem\",\"@id\":\"https:\\\/\\\/www.eldigitaldeasturias.com\\\/noticias\\\/category\\\/sociedad\\\/#listItem\",\"name\":\"Sociedad\"}}]},{\"@type\":\"Organization\",\"@id\":\"https:\\\/\\\/www.eldigitaldeasturias.com\\\/noticias\\\/#organization\",\"name\":\"El Digital de Asturias\",\"description\":\"Hemeroteca\",\"url\":\"https:\\\/\\\/www.eldigitaldeasturias.com\\\/noticias\\\/\",\"email\":\"info@eldigitaldeasturias.com\",\"telephone\":\"+34652131393\",\"logo\":{\"@type\":\"ImageObject\",\"url\":\"https:\\\/\\\/www.eldigitaldeasturias.com\\\/noticias\\\/wp-content\\\/uploads\\\/2020\\\/12\\\/EDA.jpg\",\"@id\":\"https:\\\/\\\/www.eldigitaldeasturias.com\\\/noticias\\\/mercedes-arzu-de-wilson-pide-al-papa-que-sea-altavoz-contra-los-anticonceptivos\\\/#organizationLogo\",\"width\":649,\"height\":297},\"image\":{\"@id\":\"https:\\\/\\\/www.eldigitaldeasturias.com\\\/noticias\\\/mercedes-arzu-de-wilson-pide-al-papa-que-sea-altavoz-contra-los-anticonceptivos\\\/#organizationLogo\"},\"sameAs\":[\"https:\\\/\\\/facebook.com\\\/eldigitaldeasturias\",\"https:\\\/\\\/www.youtube.com\\\/channel\\\/UCZP-2wLEB9Rv6erhFmqVnvg\"],\"address\":{\"@id\":\"https:\\\/\\\/www.eldigitaldeasturias.com\\\/noticias\\\/#postaladdress\",\"@type\":\"PostalAddress\",\"streetAddress\":\"san antonio 4,\",\"postalCode\":\"33430\",\"addressLocality\":\"Cand\\u00e1s\",\"addressRegion\":\"Asturias\",\"addressCountry\":\"ES\"}},{\"@type\":\"Person\",\"@id\":\"https:\\\/\\\/www.eldigitaldeasturias.com\\\/noticias\\\/author\\\/admin\\\/#author\",\"url\":\"https:\\\/\\\/www.eldigitaldeasturias.com\\\/noticias\\\/author\\\/admin\\\/\",\"name\":\"El Digital de Asturias\",\"image\":{\"@type\":\"ImageObject\",\"@id\":\"https:\\\/\\\/www.eldigitaldeasturias.com\\\/noticias\\\/mercedes-arzu-de-wilson-pide-al-papa-que-sea-altavoz-contra-los-anticonceptivos\\\/#authorImage\",\"url\":\"https:\\\/\\\/www.eldigitaldeasturias.com\\\/noticias\\\/wp-content\\\/litespeed\\\/avatar\\\/18677e78aa0546b92d9dbf31ec7d7668.jpg?ver=1777290358\",\"width\":96,\"height\":96,\"caption\":\"El Digital de Asturias\"}},{\"@type\":\"WebPage\",\"@id\":\"https:\\\/\\\/www.eldigitaldeasturias.com\\\/noticias\\\/mercedes-arzu-de-wilson-pide-al-papa-que-sea-altavoz-contra-los-anticonceptivos\\\/#webpage\",\"url\":\"https:\\\/\\\/www.eldigitaldeasturias.com\\\/noticias\\\/mercedes-arzu-de-wilson-pide-al-papa-que-sea-altavoz-contra-los-anticonceptivos\\\/\",\"name\":\"Mercedes Arz\\u00fa de Wilson pide al Papa que sea altavoz contra los anticonceptivos - El Digital de Asturias\",\"description\":\"La presidenta de la Fundaci\\u00f3n Familia de las Am\\u00e9ricas y de la Organizaci\\u00f3n Mundial de la Familia y miembro de la Academia por la Vida del Vaticano, Mercedes Arz\\u00fa de Wilson, ha pedido al Papa Francisco que hable m\\u00e1s de los m\\u00e9todos naturales de regulaci\\u00f3n de la natalidad y que advierta p\\u00fablicamente de las consecuencias\",\"inLanguage\":\"es-ES\",\"isPartOf\":{\"@id\":\"https:\\\/\\\/www.eldigitaldeasturias.com\\\/noticias\\\/#website\"},\"breadcrumb\":{\"@id\":\"https:\\\/\\\/www.eldigitaldeasturias.com\\\/noticias\\\/mercedes-arzu-de-wilson-pide-al-papa-que-sea-altavoz-contra-los-anticonceptivos\\\/#breadcrumblist\"},\"author\":{\"@id\":\"https:\\\/\\\/www.eldigitaldeasturias.com\\\/noticias\\\/author\\\/admin\\\/#author\"},\"creator\":{\"@id\":\"https:\\\/\\\/www.eldigitaldeasturias.com\\\/noticias\\\/author\\\/admin\\\/#author\"},\"image\":{\"@type\":\"ImageObject\",\"url\":\"https:\\\/\\\/www.eldigitaldeasturias.com\\\/noticias\\\/wp-content\\\/uploads\\\/2016\\\/03\\\/fotonoticia_20160309124315_800.jpg\",\"@id\":\"https:\\\/\\\/www.eldigitaldeasturias.com\\\/noticias\\\/mercedes-arzu-de-wilson-pide-al-papa-que-sea-altavoz-contra-los-anticonceptivos\\\/#mainImage\",\"width\":800,\"height\":534},\"primaryImageOfPage\":{\"@id\":\"https:\\\/\\\/www.eldigitaldeasturias.com\\\/noticias\\\/mercedes-arzu-de-wilson-pide-al-papa-que-sea-altavoz-contra-los-anticonceptivos\\\/#mainImage\"},\"datePublished\":\"2016-03-10T01:18:58+01:00\",\"dateModified\":\"2016-03-10T01:18:58+01:00\"},{\"@type\":\"WebSite\",\"@id\":\"https:\\\/\\\/www.eldigitaldeasturias.com\\\/noticias\\\/#website\",\"url\":\"https:\\\/\\\/www.eldigitaldeasturias.com\\\/noticias\\\/\",\"name\":\"El Digital de Asturias - Diario de actualidad y noticias\",\"alternateName\":\"El Digital de Asturias - Diario de actualidad y noticias\",\"description\":\"Hemeroteca\",\"inLanguage\":\"es-ES\",\"publisher\":{\"@id\":\"https:\\\/\\\/www.eldigitaldeasturias.com\\\/noticias\\\/#organization\"}}]}\n\t\t<\/script>\n\t\t<!-- All in One SEO Pro -->\r\n\t\t<title>Mercedes Arz\u00fa de Wilson pide al Papa que sea altavoz contra los anticonceptivos - El Digital de Asturias<\/title>\n\n","aioseo_head_json":{"title":"Mercedes Arz\u00fa de Wilson pide al Papa que sea altavoz contra los anticonceptivos - El Digital de Asturias","description":"La presidenta de la Fundaci\u00f3n Familia de las Am\u00e9ricas y de la Organizaci\u00f3n Mundial de la Familia y miembro de la Academia por la Vida del Vaticano, Mercedes Arz\u00fa de Wilson, ha pedido al Papa Francisco que hable m\u00e1s de los m\u00e9todos naturales de regulaci\u00f3n de la natalidad y que advierta p\u00fablicamente de las consecuencias","canonical_url":"https:\/\/www.eldigitaldeasturias.com\/noticias\/mercedes-arzu-de-wilson-pide-al-papa-que-sea-altavoz-contra-los-anticonceptivos\/","robots":"max-image-preview:large","keywords":"sociedad","webmasterTools":{"google-site-verification":"UA-38556648-1","msvalidate.01":"7dfe9f3f1b24437ab69f4f2559babe99","miscellaneous":""},"schema":{"@context":"https:\/\/schema.org","@graph":[{"@type":"BlogPosting","@id":"https:\/\/www.eldigitaldeasturias.com\/noticias\/mercedes-arzu-de-wilson-pide-al-papa-que-sea-altavoz-contra-los-anticonceptivos\/#blogposting","name":"Mercedes Arz\u00fa de Wilson pide al Papa que sea altavoz contra los anticonceptivos - El Digital de Asturias","headline":"Mercedes Arz\u00fa de Wilson pide al Papa que sea altavoz contra los anticonceptivos","author":{"@id":"https:\/\/www.eldigitaldeasturias.com\/noticias\/author\/admin\/#author"},"publisher":{"@id":"https:\/\/www.eldigitaldeasturias.com\/noticias\/#organization"},"image":{"@type":"ImageObject","url":"https:\/\/www.eldigitaldeasturias.com\/noticias\/wp-content\/uploads\/2016\/03\/fotonoticia_20160309124315_800.jpg","width":800,"height":534},"datePublished":"2016-03-10T01:18:58+01:00","dateModified":"2016-03-10T01:18:58+01:00","inLanguage":"es-ES","mainEntityOfPage":{"@id":"https:\/\/www.eldigitaldeasturias.com\/noticias\/mercedes-arzu-de-wilson-pide-al-papa-que-sea-altavoz-contra-los-anticonceptivos\/#webpage"},"isPartOf":{"@id":"https:\/\/www.eldigitaldeasturias.com\/noticias\/mercedes-arzu-de-wilson-pide-al-papa-que-sea-altavoz-contra-los-anticonceptivos\/#webpage"},"articleSection":"Sociedad"},{"@type":"BreadcrumbList","@id":"https:\/\/www.eldigitaldeasturias.com\/noticias\/mercedes-arzu-de-wilson-pide-al-papa-que-sea-altavoz-contra-los-anticonceptivos\/#breadcrumblist","itemListElement":[{"@type":"ListItem","@id":"https:\/\/www.eldigitaldeasturias.com\/noticias#listItem","position":1,"name":"Home","item":"https:\/\/www.eldigitaldeasturias.com\/noticias","nextItem":{"@type":"ListItem","@id":"https:\/\/www.eldigitaldeasturias.com\/noticias\/category\/sociedad\/#listItem","name":"Sociedad"}},{"@type":"ListItem","@id":"https:\/\/www.eldigitaldeasturias.com\/noticias\/category\/sociedad\/#listItem","position":2,"name":"Sociedad","item":"https:\/\/www.eldigitaldeasturias.com\/noticias\/category\/sociedad\/","nextItem":{"@type":"ListItem","@id":"https:\/\/www.eldigitaldeasturias.com\/noticias\/mercedes-arzu-de-wilson-pide-al-papa-que-sea-altavoz-contra-los-anticonceptivos\/#listItem","name":"Mercedes Arz\u00fa de Wilson pide al Papa que sea altavoz contra los anticonceptivos"},"previousItem":{"@type":"ListItem","@id":"https:\/\/www.eldigitaldeasturias.com\/noticias#listItem","name":"Home"}},{"@type":"ListItem","@id":"https:\/\/www.eldigitaldeasturias.com\/noticias\/mercedes-arzu-de-wilson-pide-al-papa-que-sea-altavoz-contra-los-anticonceptivos\/#listItem","position":3,"name":"Mercedes Arz\u00fa de Wilson pide al Papa que sea altavoz contra los anticonceptivos","previousItem":{"@type":"ListItem","@id":"https:\/\/www.eldigitaldeasturias.com\/noticias\/category\/sociedad\/#listItem","name":"Sociedad"}}]},{"@type":"Organization","@id":"https:\/\/www.eldigitaldeasturias.com\/noticias\/#organization","name":"El Digital de Asturias","description":"Hemeroteca","url":"https:\/\/www.eldigitaldeasturias.com\/noticias\/","email":"info@eldigitaldeasturias.com","telephone":"+34652131393","logo":{"@type":"ImageObject","url":"https:\/\/www.eldigitaldeasturias.com\/noticias\/wp-content\/uploads\/2020\/12\/EDA.jpg","@id":"https:\/\/www.eldigitaldeasturias.com\/noticias\/mercedes-arzu-de-wilson-pide-al-papa-que-sea-altavoz-contra-los-anticonceptivos\/#organizationLogo","width":649,"height":297},"image":{"@id":"https:\/\/www.eldigitaldeasturias.com\/noticias\/mercedes-arzu-de-wilson-pide-al-papa-que-sea-altavoz-contra-los-anticonceptivos\/#organizationLogo"},"sameAs":["https:\/\/facebook.com\/eldigitaldeasturias","https:\/\/www.youtube.com\/channel\/UCZP-2wLEB9Rv6erhFmqVnvg"],"address":{"@id":"https:\/\/www.eldigitaldeasturias.com\/noticias\/#postaladdress","@type":"PostalAddress","streetAddress":"san antonio 4,","postalCode":"33430","addressLocality":"Cand\u00e1s","addressRegion":"Asturias","addressCountry":"ES"}},{"@type":"Person","@id":"https:\/\/www.eldigitaldeasturias.com\/noticias\/author\/admin\/#author","url":"https:\/\/www.eldigitaldeasturias.com\/noticias\/author\/admin\/","name":"El Digital de Asturias","image":{"@type":"ImageObject","@id":"https:\/\/www.eldigitaldeasturias.com\/noticias\/mercedes-arzu-de-wilson-pide-al-papa-que-sea-altavoz-contra-los-anticonceptivos\/#authorImage","url":"https:\/\/www.eldigitaldeasturias.com\/noticias\/wp-content\/litespeed\/avatar\/18677e78aa0546b92d9dbf31ec7d7668.jpg?ver=1777290358","width":96,"height":96,"caption":"El Digital de Asturias"}},{"@type":"WebPage","@id":"https:\/\/www.eldigitaldeasturias.com\/noticias\/mercedes-arzu-de-wilson-pide-al-papa-que-sea-altavoz-contra-los-anticonceptivos\/#webpage","url":"https:\/\/www.eldigitaldeasturias.com\/noticias\/mercedes-arzu-de-wilson-pide-al-papa-que-sea-altavoz-contra-los-anticonceptivos\/","name":"Mercedes Arz\u00fa de Wilson pide al Papa que sea altavoz contra los anticonceptivos - El Digital de Asturias","description":"La presidenta de la Fundaci\u00f3n Familia de las Am\u00e9ricas y de la Organizaci\u00f3n Mundial de la Familia y miembro de la Academia por la Vida del Vaticano, Mercedes Arz\u00fa de Wilson, ha pedido al Papa Francisco que hable m\u00e1s de los m\u00e9todos naturales de regulaci\u00f3n de la natalidad y que advierta p\u00fablicamente de las consecuencias","inLanguage":"es-ES","isPartOf":{"@id":"https:\/\/www.eldigitaldeasturias.com\/noticias\/#website"},"breadcrumb":{"@id":"https:\/\/www.eldigitaldeasturias.com\/noticias\/mercedes-arzu-de-wilson-pide-al-papa-que-sea-altavoz-contra-los-anticonceptivos\/#breadcrumblist"},"author":{"@id":"https:\/\/www.eldigitaldeasturias.com\/noticias\/author\/admin\/#author"},"creator":{"@id":"https:\/\/www.eldigitaldeasturias.com\/noticias\/author\/admin\/#author"},"image":{"@type":"ImageObject","url":"https:\/\/www.eldigitaldeasturias.com\/noticias\/wp-content\/uploads\/2016\/03\/fotonoticia_20160309124315_800.jpg","@id":"https:\/\/www.eldigitaldeasturias.com\/noticias\/mercedes-arzu-de-wilson-pide-al-papa-que-sea-altavoz-contra-los-anticonceptivos\/#mainImage","width":800,"height":534},"primaryImageOfPage":{"@id":"https:\/\/www.eldigitaldeasturias.com\/noticias\/mercedes-arzu-de-wilson-pide-al-papa-que-sea-altavoz-contra-los-anticonceptivos\/#mainImage"},"datePublished":"2016-03-10T01:18:58+01:00","dateModified":"2016-03-10T01:18:58+01:00"},{"@type":"WebSite","@id":"https:\/\/www.eldigitaldeasturias.com\/noticias\/#website","url":"https:\/\/www.eldigitaldeasturias.com\/noticias\/","name":"El Digital de Asturias - Diario de actualidad y noticias","alternateName":"El Digital de Asturias - Diario de actualidad y noticias","description":"Hemeroteca","inLanguage":"es-ES","publisher":{"@id":"https:\/\/www.eldigitaldeasturias.com\/noticias\/#organization"}}]},"og:locale":"es_ES","og:site_name":"El Digital de Asturias","og:type":"article","og:title":"Mercedes Arz\u00fa de Wilson pide al Papa que sea altavoz contra los anticonceptivos - El Digital de Asturias","og:description":"La presidenta de la Fundaci\u00f3n Familia de las Am\u00e9ricas y de la Organizaci\u00f3n Mundial de la Familia y miembro de la Academia por la Vida del Vaticano, Mercedes Arz\u00fa de Wilson, ha pedido al Papa Francisco que hable m\u00e1s de los m\u00e9todos naturales de regulaci\u00f3n de la natalidad y que advierta p\u00fablicamente de las consecuencias","og:url":"https:\/\/www.eldigitaldeasturias.com\/noticias\/mercedes-arzu-de-wilson-pide-al-papa-que-sea-altavoz-contra-los-anticonceptivos\/","og:image":"https:\/\/www.eldigitaldeasturias.com\/noticias\/wp-content\/uploads\/2016\/03\/fotonoticia_20160309124315_800.jpg","og:image:secure_url":"https:\/\/www.eldigitaldeasturias.com\/noticias\/wp-content\/uploads\/2016\/03\/fotonoticia_20160309124315_800.jpg","og:image:width":800,"og:image:height":534,"article:tag":["sociedad"],"article:published_time":"2016-03-10T01:18:58+00:00","article:modified_time":"2016-03-10T01:18:58+00:00","article:publisher":"https:\/\/facebook.com\/eldigitaldeasturias","twitter:card":"summary_large_image","twitter:title":"Mercedes Arz\u00fa de Wilson pide al Papa que sea altavoz contra los anticonceptivos - El Digital de Asturias","twitter:description":"La presidenta de la Fundaci\u00f3n Familia de las Am\u00e9ricas y de la Organizaci\u00f3n Mundial de la Familia y miembro de la Academia por la Vida del Vaticano, Mercedes Arz\u00fa de Wilson, ha pedido al Papa Francisco que hable m\u00e1s de los m\u00e9todos naturales de regulaci\u00f3n de la natalidad y que advierta p\u00fablicamente de las consecuencias","twitter:image":"https:\/\/www.eldigitaldeasturias.com\/noticias\/wp-content\/uploads\/2016\/03\/fotonoticia_20160309124315_800.jpg","twitter:label1":"Escrito por","twitter:data1":"El Digital de Asturias","twitter:label2":"Tiempo de lectura estimado","twitter:data2":"5 minutos"},"aioseo_meta_data":{"post_id":"864610","title":null,"description":null,"keywords":null,"keyphrases":null,"primary_term":null,"canonical_url":null,"og_title":null,"og_description":null,"og_object_type":"default","og_image_type":"default","og_image_url":null,"og_image_width":null,"og_image_height":null,"og_image_custom_url":null,"og_image_custom_fields":null,"og_video":null,"og_custom_url":null,"og_article_section":null,"og_article_tags":null,"twitter_use_og":false,"twitter_card":"default","twitter_image_type":"default","twitter_image_url":null,"twitter_image_custom_url":null,"twitter_image_custom_fields":null,"twitter_title":null,"twitter_description":null,"schema":{"blockGraphs":[],"customGraphs":[],"default":{"data":{"Article":[],"Course":[],"Dataset":[],"FAQPage":[],"Movie":[],"Person":[],"Product":[],"ProductReview":[],"Car":[],"Recipe":[],"Service":[],"SoftwareApplication":[],"WebPage":[]},"graphName":"","isEnabled":true},"graphs":[],"defaultGraph":"","defaultPostTypeGraph":""},"schema_type":null,"schema_type_options":null,"pillar_content":false,"robots_default":true,"robots_noindex":false,"robots_noarchive":false,"robots_nosnippet":false,"robots_nofollow":false,"robots_noimageindex":false,"robots_noodp":false,"robots_notranslate":false,"robots_max_snippet":null,"robots_max_videopreview":null,"robots_max_imagepreview":"large","priority":null,"frequency":null,"local_seo":null,"seo_analyzer_scan_date":"2025-10-31 21:27:13","breadcrumb_settings":null,"limit_modified_date":false,"open_ai":null,"ai":null,"created":"2021-01-22 10:51:40","updated":"2025-10-31 21:27:13"},"aioseo_breadcrumb":"<div class=\"aioseo-breadcrumbs\"><span class=\"aioseo-breadcrumb\">\n\t<a href=\"https:\/\/www.eldigitaldeasturias.com\/noticias\" title=\"Home\">Home<\/a>\n<\/span><span class=\"aioseo-breadcrumb-separator\">\u2013<\/span><span class=\"aioseo-breadcrumb\">\n\t<a href=\"https:\/\/www.eldigitaldeasturias.com\/noticias\/category\/sociedad\/\" title=\"Sociedad\">Sociedad<\/a>\n<\/span><span class=\"aioseo-breadcrumb-separator\">\u2013<\/span><span class=\"aioseo-breadcrumb\">\n\t<a href=\"https:\/\/www.eldigitaldeasturias.com\/noticias\/mercedes-arzu-de-wilson-pide-al-papa-que-sea-altavoz-contra-los-anticonceptivos\/\" title=\"Mercedes Arz\u00fa de Wilson pide al Papa que sea altavoz contra los anticonceptivos\">Mercedes Arz\u00fa de Wilson pide al Papa que sea altavoz contra los anticonceptivos<\/a>\n<\/span><\/div>","aioseo_breadcrumb_json":[{"label":"Home","link":"https:\/\/www.eldigitaldeasturias.com\/noticias"},{"label":"Sociedad","link":"https:\/\/www.eldigitaldeasturias.com\/noticias\/category\/sociedad\/"},{"label":"Mercedes Arz\u00fa de Wilson pide al Papa que sea altavoz contra los anticonceptivos","link":"https:\/\/www.eldigitaldeasturias.com\/noticias\/mercedes-arzu-de-wilson-pide-al-papa-que-sea-altavoz-contra-los-anticonceptivos\/"}],"_links":{"self":[{"href":"https:\/\/www.eldigitaldeasturias.com\/noticias\/wp-json\/wp\/v2\/posts\/864610","targetHints":{"allow":["GET"]}}],"collection":[{"href":"https:\/\/www.eldigitaldeasturias.com\/noticias\/wp-json\/wp\/v2\/posts"}],"about":[{"href":"https:\/\/www.eldigitaldeasturias.com\/noticias\/wp-json\/wp\/v2\/types\/post"}],"author":[{"embeddable":true,"href":"https:\/\/www.eldigitaldeasturias.com\/noticias\/wp-json\/wp\/v2\/users\/1"}],"replies":[{"embeddable":true,"href":"https:\/\/www.eldigitaldeasturias.com\/noticias\/wp-json\/wp\/v2\/comments?post=864610"}],"version-history":[{"count":0,"href":"https:\/\/www.eldigitaldeasturias.com\/noticias\/wp-json\/wp\/v2\/posts\/864610\/revisions"}],"wp:featuredmedia":[{"embeddable":true,"href":"https:\/\/www.eldigitaldeasturias.com\/noticias\/wp-json\/wp\/v2\/media\/864611"}],"wp:attachment":[{"href":"https:\/\/www.eldigitaldeasturias.com\/noticias\/wp-json\/wp\/v2\/media?parent=864610"}],"wp:term":[{"taxonomy":"category","embeddable":true,"href":"https:\/\/www.eldigitaldeasturias.com\/noticias\/wp-json\/wp\/v2\/categories?post=864610"},{"taxonomy":"post_tag","embeddable":true,"href":"https:\/\/www.eldigitaldeasturias.com\/noticias\/wp-json\/wp\/v2\/tags?post=864610"}],"curies":[{"name":"wp","href":"https:\/\/api.w.org\/{rel}","templated":true}]}}