{"id":864268,"date":"2016-03-08T22:17:09","date_gmt":"2016-03-08T22:17:09","guid":{"rendered":"http:\/\/www.eldigitaldeasturias.com\/noticias\/?p=864268"},"modified":"2016-03-08T22:17:09","modified_gmt":"2016-03-08T22:17:09","slug":"gijon-acogera-un-congreso-de-sociologia","status":"publish","type":"post","link":"https:\/\/www.eldigitaldeasturias.com\/noticias\/gijon-acogera-un-congreso-de-sociologia\/","title":{"rendered":"Gij\u00f3n acoger\u00e1 un congreso de sociolog\u00eda"},"content":{"rendered":"<p><img loading=\"lazy\" decoding=\"async\" class=\"alignleft size-medium wp-image-814\" src=\"https:\/\/www.eldigitaldeasturias.com\/noticias\/wp-content\/uploads\/2013\/09\/Laboral-Ciudad-de-la-Cultura-360x270.jpg\" alt=\"Laboral Ciudad de la Cultura\" width=\"360\" height=\"270\" \/>Gij\u00f3n acoger\u00e1, del pr\u00f3ximo 30 de junio al 2 de julio en Laboral Ciudad de la Cultura, el XII Congreso Espa\u00f1ol de Sociolog\u00eda, que congregar\u00e1 en la ciudad a unos 1.500 participantes, algunos de ellos expertos internacionales, e incluye actividades dirigidas a la sociedad civil, como un ciclo de cine o un Foro del Pensamiento.<\/p>\n<p>As\u00ed lo ha presentado el concejal de Festejos y Turismo, Jes\u00fas Mart\u00ednez Salvador, junto a los organizadores del evento, el presidente y el secretario ejecutivo de la Federaci\u00f3n Espa\u00f1ola de Sociolog\u00eda, Manuel Fern\u00e1ndez y Jos\u00e9 Antonio G\u00f3mez, y el presidente de la Asociaci\u00f3n Asturiana de Sociolog\u00eda &#8216;Adolfo Posada&#8217;, \u00c1ngel Alonso.<\/p>\n<p>Mart\u00ednez Salvador, por su parte, ha destacado que ser\u00e1 un evento de mucha importancia en la ciudad, el mayor en n\u00famero de participantes de los ya confirmados, que adem\u00e1s va a tener m\u00e1s de 25 actividades paralelas para hacer part\u00edcipe a la ciudad del evento.<\/p>\n<p>Alonso, por su parte, ha apuntado que quieren con este congreso dejar tambi\u00e9n un legado en la ciudad y ha apuntado que, en el caso del Foro de Pensamiento Social, se espera que tenga vocaci\u00f3n de continuidad. Otra de las actividades paralelas ser\u00e1 un ciclo de cine social, en el que se representen movimientos sociales de Asturias, y que podr\u00e1 verse en el Centro de Cultura Antiguo Instituto, el Centro Municipal Pumar\u00edn &#8211; Gij\u00f3n Sur y el Teatro de la Laboral.<\/p>\n<p>G\u00f3mez, por su lado, ha augurado que, de celebrarse de nuevo las elecciones generales el 26 de junio, el congreso servir\u00e1 para analizar esta cuesti\u00f3n, pero tambi\u00e9n las trasformaciones en las sociedades en Europa.<\/p>\n<p>Fern\u00e1ndez, por su parte, ha apuntado que el congreso aborda temas como la necesidad de entender un mundo en transformaci\u00f3n. Se divide, adem\u00e1s, en 41 grupos de trabajo, y una serie de actos plenarios, m\u00e1s actos sociales, y se cuenta que vengan figuras internacionales de la sociolog\u00eda. Otros temas de debate ser\u00e1n los diagn\u00f3sticos del cambio pol\u00edtico en Espa\u00f1a, el encaje de la sociedad espa\u00f1ola en un mundo globalizado, los cambios de la sociedad espa\u00f1ola por la crisis y los ajustes que se intuyen que habr\u00e1 que hacer para superar esta.<\/p>\n","protected":false},"excerpt":{"rendered":"<p>Gij\u00f3n acoger\u00e1, del pr\u00f3ximo 30 de junio al 2 de julio en Laboral Ciudad de la Cultura, el XII Congreso Espa\u00f1ol de Sociolog\u00eda, que congregar\u00e1 en la ciudad a unos 1.500 participantes, algunos de ellos expertos internacionales, e incluye actividades dirigidas a la sociedad civil, como un ciclo de cine o un Foro del Pensamiento. [&hellip;]<\/p>\n","protected":false},"author":1,"featured_media":814,"comment_status":"closed","ping_status":"closed","sticky":false,"template":"","format":"standard","meta":{"footnotes":""},"categories":[2],"tags":[],"class_list":["post-864268","post","type-post","status-publish","format-standard","has-post-thumbnail","hentry","category-agenda"],"aioseo_notices":[],"aioseo_head":"\n\t\t<!-- All in One SEO Pro 4.9.6.2 - aioseo.com -->\n\t<meta name=\"description\" content=\"Gij\u00f3n acoger\u00e1, del pr\u00f3ximo 30 de junio al 2 de julio en Laboral Ciudad de la Cultura, el XII Congreso Espa\u00f1ol de Sociolog\u00eda, que congregar\u00e1 en la ciudad a unos 1.500 participantes, algunos de ellos expertos internacionales, e incluye actividades dirigidas a la sociedad civil, como un ciclo de cine o un Foro del Pensamiento.\" \/>\n\t<meta name=\"robots\" content=\"max-image-preview:large\" \/>\n\t<meta name=\"author\" content=\"El Digital de Asturias\"\/>\n\t<meta name=\"google-site-verification\" content=\"UA-38556648-1\" \/>\n\t<meta name=\"msvalidate.01\" content=\"7dfe9f3f1b24437ab69f4f2559babe99\" \/>\n\t<meta name=\"keywords\" content=\"agenda\" \/>\n\t<link rel=\"canonical\" href=\"https:\/\/www.eldigitaldeasturias.com\/noticias\/gijon-acogera-un-congreso-de-sociologia\/\" \/>\n\t<meta name=\"generator\" content=\"All in One SEO Pro (AIOSEO) 4.9.6.2\" \/>\n\t\t<meta property=\"og:locale\" content=\"es_ES\" \/>\n\t\t<meta property=\"og:site_name\" content=\"El Digital de Asturias\" \/>\n\t\t<meta property=\"og:type\" content=\"article\" \/>\n\t\t<meta property=\"og:title\" content=\"Gij\u00f3n acoger\u00e1 un congreso de sociolog\u00eda - El Digital de Asturias\" \/>\n\t\t<meta property=\"og:description\" content=\"Gij\u00f3n acoger\u00e1, del pr\u00f3ximo 30 de junio al 2 de julio en Laboral Ciudad de la Cultura, el XII Congreso Espa\u00f1ol de Sociolog\u00eda, que congregar\u00e1 en la ciudad a unos 1.500 participantes, algunos de ellos expertos internacionales, e incluye actividades dirigidas a la sociedad civil, como un ciclo de cine o un Foro del Pensamiento.\" \/>\n\t\t<meta property=\"og:url\" content=\"https:\/\/www.eldigitaldeasturias.com\/noticias\/gijon-acogera-un-congreso-de-sociologia\/\" \/>\n\t\t<meta property=\"og:image\" content=\"https:\/\/www.eldigitaldeasturias.com\/noticias\/wp-content\/uploads\/2013\/09\/Laboral-Ciudad-de-la-Cultura.jpg\" \/>\n\t\t<meta property=\"og:image:secure_url\" content=\"https:\/\/www.eldigitaldeasturias.com\/noticias\/wp-content\/uploads\/2013\/09\/Laboral-Ciudad-de-la-Cultura.jpg\" \/>\n\t\t<meta property=\"article:tag\" content=\"agenda\" \/>\n\t\t<meta property=\"article:published_time\" content=\"2016-03-08T22:17:09+00:00\" \/>\n\t\t<meta property=\"article:modified_time\" content=\"2016-03-08T22:17:09+00:00\" \/>\n\t\t<meta property=\"article:publisher\" content=\"https:\/\/facebook.com\/eldigitaldeasturias\" \/>\n\t\t<meta name=\"twitter:card\" content=\"summary_large_image\" \/>\n\t\t<meta name=\"twitter:title\" content=\"Gij\u00f3n acoger\u00e1 un congreso de sociolog\u00eda - El Digital de Asturias\" \/>\n\t\t<meta name=\"twitter:description\" content=\"Gij\u00f3n acoger\u00e1, del pr\u00f3ximo 30 de junio al 2 de julio en Laboral Ciudad de la Cultura, el XII Congreso Espa\u00f1ol de Sociolog\u00eda, que congregar\u00e1 en la ciudad a unos 1.500 participantes, algunos de ellos expertos internacionales, e incluye actividades dirigidas a la sociedad civil, como un ciclo de cine o un Foro del Pensamiento.\" \/>\n\t\t<meta name=\"twitter:image\" content=\"https:\/\/www.eldigitaldeasturias.com\/noticias\/wp-content\/uploads\/2013\/09\/Laboral-Ciudad-de-la-Cultura.jpg\" \/>\n\t\t<meta name=\"twitter:label1\" content=\"Escrito por\" \/>\n\t\t<meta name=\"twitter:data1\" content=\"El Digital de Asturias\" \/>\n\t\t<meta name=\"twitter:label2\" content=\"Tiempo de lectura estimado\" \/>\n\t\t<meta name=\"twitter:data2\" content=\"2 minutos\" \/>\n\t\t<script type=\"application\/ld+json\" class=\"aioseo-schema\">\n\t\t\t{\"@context\":\"https:\\\/\\\/schema.org\",\"@graph\":[{\"@type\":\"BlogPosting\",\"@id\":\"https:\\\/\\\/www.eldigitaldeasturias.com\\\/noticias\\\/gijon-acogera-un-congreso-de-sociologia\\\/#blogposting\",\"name\":\"Gij\\u00f3n acoger\\u00e1 un congreso de sociolog\\u00eda - El Digital de Asturias\",\"headline\":\"Gij\\u00f3n acoger\\u00e1 un congreso de sociolog\\u00eda\",\"author\":{\"@id\":\"https:\\\/\\\/www.eldigitaldeasturias.com\\\/noticias\\\/author\\\/admin\\\/#author\"},\"publisher\":{\"@id\":\"https:\\\/\\\/www.eldigitaldeasturias.com\\\/noticias\\\/#organization\"},\"image\":{\"@type\":\"ImageObject\",\"url\":\"https:\\\/\\\/www.eldigitaldeasturias.com\\\/noticias\\\/wp-content\\\/uploads\\\/2013\\\/09\\\/Laboral-Ciudad-de-la-Cultura.jpg\"},\"datePublished\":\"2016-03-08T22:17:09+01:00\",\"dateModified\":\"2016-03-08T22:17:09+01:00\",\"inLanguage\":\"es-ES\",\"mainEntityOfPage\":{\"@id\":\"https:\\\/\\\/www.eldigitaldeasturias.com\\\/noticias\\\/gijon-acogera-un-congreso-de-sociologia\\\/#webpage\"},\"isPartOf\":{\"@id\":\"https:\\\/\\\/www.eldigitaldeasturias.com\\\/noticias\\\/gijon-acogera-un-congreso-de-sociologia\\\/#webpage\"},\"articleSection\":\"Agenda\"},{\"@type\":\"BreadcrumbList\",\"@id\":\"https:\\\/\\\/www.eldigitaldeasturias.com\\\/noticias\\\/gijon-acogera-un-congreso-de-sociologia\\\/#breadcrumblist\",\"itemListElement\":[{\"@type\":\"ListItem\",\"@id\":\"https:\\\/\\\/www.eldigitaldeasturias.com\\\/noticias#listItem\",\"position\":1,\"name\":\"Home\",\"item\":\"https:\\\/\\\/www.eldigitaldeasturias.com\\\/noticias\",\"nextItem\":{\"@type\":\"ListItem\",\"@id\":\"https:\\\/\\\/www.eldigitaldeasturias.com\\\/noticias\\\/category\\\/agenda\\\/#listItem\",\"name\":\"Agenda\"}},{\"@type\":\"ListItem\",\"@id\":\"https:\\\/\\\/www.eldigitaldeasturias.com\\\/noticias\\\/category\\\/agenda\\\/#listItem\",\"position\":2,\"name\":\"Agenda\",\"item\":\"https:\\\/\\\/www.eldigitaldeasturias.com\\\/noticias\\\/category\\\/agenda\\\/\",\"nextItem\":{\"@type\":\"ListItem\",\"@id\":\"https:\\\/\\\/www.eldigitaldeasturias.com\\\/noticias\\\/gijon-acogera-un-congreso-de-sociologia\\\/#listItem\",\"name\":\"Gij\\u00f3n acoger\\u00e1 un congreso de sociolog\\u00eda\"},\"previousItem\":{\"@type\":\"ListItem\",\"@id\":\"https:\\\/\\\/www.eldigitaldeasturias.com\\\/noticias#listItem\",\"name\":\"Home\"}},{\"@type\":\"ListItem\",\"@id\":\"https:\\\/\\\/www.eldigitaldeasturias.com\\\/noticias\\\/gijon-acogera-un-congreso-de-sociologia\\\/#listItem\",\"position\":3,\"name\":\"Gij\\u00f3n acoger\\u00e1 un congreso de sociolog\\u00eda\",\"previousItem\":{\"@type\":\"ListItem\",\"@id\":\"https:\\\/\\\/www.eldigitaldeasturias.com\\\/noticias\\\/category\\\/agenda\\\/#listItem\",\"name\":\"Agenda\"}}]},{\"@type\":\"Organization\",\"@id\":\"https:\\\/\\\/www.eldigitaldeasturias.com\\\/noticias\\\/#organization\",\"name\":\"El Digital de Asturias\",\"description\":\"Hemeroteca\",\"url\":\"https:\\\/\\\/www.eldigitaldeasturias.com\\\/noticias\\\/\",\"email\":\"info@eldigitaldeasturias.com\",\"telephone\":\"+34652131393\",\"logo\":{\"@type\":\"ImageObject\",\"url\":\"https:\\\/\\\/www.eldigitaldeasturias.com\\\/noticias\\\/wp-content\\\/uploads\\\/2020\\\/12\\\/EDA.jpg\",\"@id\":\"https:\\\/\\\/www.eldigitaldeasturias.com\\\/noticias\\\/gijon-acogera-un-congreso-de-sociologia\\\/#organizationLogo\",\"width\":649,\"height\":297},\"image\":{\"@id\":\"https:\\\/\\\/www.eldigitaldeasturias.com\\\/noticias\\\/gijon-acogera-un-congreso-de-sociologia\\\/#organizationLogo\"},\"sameAs\":[\"https:\\\/\\\/facebook.com\\\/eldigitaldeasturias\",\"https:\\\/\\\/www.youtube.com\\\/channel\\\/UCZP-2wLEB9Rv6erhFmqVnvg\"],\"address\":{\"@id\":\"https:\\\/\\\/www.eldigitaldeasturias.com\\\/noticias\\\/#postaladdress\",\"@type\":\"PostalAddress\",\"streetAddress\":\"san antonio 4,\",\"postalCode\":\"33430\",\"addressLocality\":\"Cand\\u00e1s\",\"addressRegion\":\"Asturias\",\"addressCountry\":\"ES\"}},{\"@type\":\"Person\",\"@id\":\"https:\\\/\\\/www.eldigitaldeasturias.com\\\/noticias\\\/author\\\/admin\\\/#author\",\"url\":\"https:\\\/\\\/www.eldigitaldeasturias.com\\\/noticias\\\/author\\\/admin\\\/\",\"name\":\"El Digital de Asturias\",\"image\":{\"@type\":\"ImageObject\",\"@id\":\"https:\\\/\\\/www.eldigitaldeasturias.com\\\/noticias\\\/gijon-acogera-un-congreso-de-sociologia\\\/#authorImage\",\"url\":\"https:\\\/\\\/www.eldigitaldeasturias.com\\\/noticias\\\/wp-content\\\/litespeed\\\/avatar\\\/18677e78aa0546b92d9dbf31ec7d7668.jpg?ver=1777290358\",\"width\":96,\"height\":96,\"caption\":\"El Digital de Asturias\"}},{\"@type\":\"WebPage\",\"@id\":\"https:\\\/\\\/www.eldigitaldeasturias.com\\\/noticias\\\/gijon-acogera-un-congreso-de-sociologia\\\/#webpage\",\"url\":\"https:\\\/\\\/www.eldigitaldeasturias.com\\\/noticias\\\/gijon-acogera-un-congreso-de-sociologia\\\/\",\"name\":\"Gij\\u00f3n acoger\\u00e1 un congreso de sociolog\\u00eda - El Digital de Asturias\",\"description\":\"Gij\\u00f3n acoger\\u00e1, del pr\\u00f3ximo 30 de junio al 2 de julio en Laboral Ciudad de la Cultura, el XII Congreso Espa\\u00f1ol de Sociolog\\u00eda, que congregar\\u00e1 en la ciudad a unos 1.500 participantes, algunos de ellos expertos internacionales, e incluye actividades dirigidas a la sociedad civil, como un ciclo de cine o un Foro del Pensamiento.\",\"inLanguage\":\"es-ES\",\"isPartOf\":{\"@id\":\"https:\\\/\\\/www.eldigitaldeasturias.com\\\/noticias\\\/#website\"},\"breadcrumb\":{\"@id\":\"https:\\\/\\\/www.eldigitaldeasturias.com\\\/noticias\\\/gijon-acogera-un-congreso-de-sociologia\\\/#breadcrumblist\"},\"author\":{\"@id\":\"https:\\\/\\\/www.eldigitaldeasturias.com\\\/noticias\\\/author\\\/admin\\\/#author\"},\"creator\":{\"@id\":\"https:\\\/\\\/www.eldigitaldeasturias.com\\\/noticias\\\/author\\\/admin\\\/#author\"},\"image\":{\"@type\":\"ImageObject\",\"url\":\"https:\\\/\\\/www.eldigitaldeasturias.com\\\/noticias\\\/wp-content\\\/uploads\\\/2013\\\/09\\\/Laboral-Ciudad-de-la-Cultura.jpg\",\"@id\":\"https:\\\/\\\/www.eldigitaldeasturias.com\\\/noticias\\\/gijon-acogera-un-congreso-de-sociologia\\\/#mainImage\"},\"primaryImageOfPage\":{\"@id\":\"https:\\\/\\\/www.eldigitaldeasturias.com\\\/noticias\\\/gijon-acogera-un-congreso-de-sociologia\\\/#mainImage\"},\"datePublished\":\"2016-03-08T22:17:09+01:00\",\"dateModified\":\"2016-03-08T22:17:09+01:00\"},{\"@type\":\"WebSite\",\"@id\":\"https:\\\/\\\/www.eldigitaldeasturias.com\\\/noticias\\\/#website\",\"url\":\"https:\\\/\\\/www.eldigitaldeasturias.com\\\/noticias\\\/\",\"name\":\"El Digital de Asturias - Diario de actualidad y noticias\",\"alternateName\":\"El Digital de Asturias - Diario de actualidad y noticias\",\"description\":\"Hemeroteca\",\"inLanguage\":\"es-ES\",\"publisher\":{\"@id\":\"https:\\\/\\\/www.eldigitaldeasturias.com\\\/noticias\\\/#organization\"}}]}\n\t\t<\/script>\n\t\t<!-- All in One SEO Pro -->\r\n\t\t<title>Gij\u00f3n acoger\u00e1 un congreso de sociolog\u00eda - El Digital de Asturias<\/title>\n\n","aioseo_head_json":{"title":"Gij\u00f3n acoger\u00e1 un congreso de sociolog\u00eda - El Digital de Asturias","description":"Gij\u00f3n acoger\u00e1, del pr\u00f3ximo 30 de junio al 2 de julio en Laboral Ciudad de la Cultura, el XII Congreso Espa\u00f1ol de Sociolog\u00eda, que congregar\u00e1 en la ciudad a unos 1.500 participantes, algunos de ellos expertos internacionales, e incluye actividades dirigidas a la sociedad civil, como un ciclo de cine o un Foro del Pensamiento.","canonical_url":"https:\/\/www.eldigitaldeasturias.com\/noticias\/gijon-acogera-un-congreso-de-sociologia\/","robots":"max-image-preview:large","keywords":"agenda","webmasterTools":{"google-site-verification":"UA-38556648-1","msvalidate.01":"7dfe9f3f1b24437ab69f4f2559babe99","miscellaneous":""},"schema":{"@context":"https:\/\/schema.org","@graph":[{"@type":"BlogPosting","@id":"https:\/\/www.eldigitaldeasturias.com\/noticias\/gijon-acogera-un-congreso-de-sociologia\/#blogposting","name":"Gij\u00f3n acoger\u00e1 un congreso de sociolog\u00eda - El Digital de Asturias","headline":"Gij\u00f3n acoger\u00e1 un congreso de sociolog\u00eda","author":{"@id":"https:\/\/www.eldigitaldeasturias.com\/noticias\/author\/admin\/#author"},"publisher":{"@id":"https:\/\/www.eldigitaldeasturias.com\/noticias\/#organization"},"image":{"@type":"ImageObject","url":"https:\/\/www.eldigitaldeasturias.com\/noticias\/wp-content\/uploads\/2013\/09\/Laboral-Ciudad-de-la-Cultura.jpg"},"datePublished":"2016-03-08T22:17:09+01:00","dateModified":"2016-03-08T22:17:09+01:00","inLanguage":"es-ES","mainEntityOfPage":{"@id":"https:\/\/www.eldigitaldeasturias.com\/noticias\/gijon-acogera-un-congreso-de-sociologia\/#webpage"},"isPartOf":{"@id":"https:\/\/www.eldigitaldeasturias.com\/noticias\/gijon-acogera-un-congreso-de-sociologia\/#webpage"},"articleSection":"Agenda"},{"@type":"BreadcrumbList","@id":"https:\/\/www.eldigitaldeasturias.com\/noticias\/gijon-acogera-un-congreso-de-sociologia\/#breadcrumblist","itemListElement":[{"@type":"ListItem","@id":"https:\/\/www.eldigitaldeasturias.com\/noticias#listItem","position":1,"name":"Home","item":"https:\/\/www.eldigitaldeasturias.com\/noticias","nextItem":{"@type":"ListItem","@id":"https:\/\/www.eldigitaldeasturias.com\/noticias\/category\/agenda\/#listItem","name":"Agenda"}},{"@type":"ListItem","@id":"https:\/\/www.eldigitaldeasturias.com\/noticias\/category\/agenda\/#listItem","position":2,"name":"Agenda","item":"https:\/\/www.eldigitaldeasturias.com\/noticias\/category\/agenda\/","nextItem":{"@type":"ListItem","@id":"https:\/\/www.eldigitaldeasturias.com\/noticias\/gijon-acogera-un-congreso-de-sociologia\/#listItem","name":"Gij\u00f3n acoger\u00e1 un congreso de sociolog\u00eda"},"previousItem":{"@type":"ListItem","@id":"https:\/\/www.eldigitaldeasturias.com\/noticias#listItem","name":"Home"}},{"@type":"ListItem","@id":"https:\/\/www.eldigitaldeasturias.com\/noticias\/gijon-acogera-un-congreso-de-sociologia\/#listItem","position":3,"name":"Gij\u00f3n acoger\u00e1 un congreso de sociolog\u00eda","previousItem":{"@type":"ListItem","@id":"https:\/\/www.eldigitaldeasturias.com\/noticias\/category\/agenda\/#listItem","name":"Agenda"}}]},{"@type":"Organization","@id":"https:\/\/www.eldigitaldeasturias.com\/noticias\/#organization","name":"El Digital de Asturias","description":"Hemeroteca","url":"https:\/\/www.eldigitaldeasturias.com\/noticias\/","email":"info@eldigitaldeasturias.com","telephone":"+34652131393","logo":{"@type":"ImageObject","url":"https:\/\/www.eldigitaldeasturias.com\/noticias\/wp-content\/uploads\/2020\/12\/EDA.jpg","@id":"https:\/\/www.eldigitaldeasturias.com\/noticias\/gijon-acogera-un-congreso-de-sociologia\/#organizationLogo","width":649,"height":297},"image":{"@id":"https:\/\/www.eldigitaldeasturias.com\/noticias\/gijon-acogera-un-congreso-de-sociologia\/#organizationLogo"},"sameAs":["https:\/\/facebook.com\/eldigitaldeasturias","https:\/\/www.youtube.com\/channel\/UCZP-2wLEB9Rv6erhFmqVnvg"],"address":{"@id":"https:\/\/www.eldigitaldeasturias.com\/noticias\/#postaladdress","@type":"PostalAddress","streetAddress":"san antonio 4,","postalCode":"33430","addressLocality":"Cand\u00e1s","addressRegion":"Asturias","addressCountry":"ES"}},{"@type":"Person","@id":"https:\/\/www.eldigitaldeasturias.com\/noticias\/author\/admin\/#author","url":"https:\/\/www.eldigitaldeasturias.com\/noticias\/author\/admin\/","name":"El Digital de Asturias","image":{"@type":"ImageObject","@id":"https:\/\/www.eldigitaldeasturias.com\/noticias\/gijon-acogera-un-congreso-de-sociologia\/#authorImage","url":"https:\/\/www.eldigitaldeasturias.com\/noticias\/wp-content\/litespeed\/avatar\/18677e78aa0546b92d9dbf31ec7d7668.jpg?ver=1777290358","width":96,"height":96,"caption":"El Digital de Asturias"}},{"@type":"WebPage","@id":"https:\/\/www.eldigitaldeasturias.com\/noticias\/gijon-acogera-un-congreso-de-sociologia\/#webpage","url":"https:\/\/www.eldigitaldeasturias.com\/noticias\/gijon-acogera-un-congreso-de-sociologia\/","name":"Gij\u00f3n acoger\u00e1 un congreso de sociolog\u00eda - El Digital de Asturias","description":"Gij\u00f3n acoger\u00e1, del pr\u00f3ximo 30 de junio al 2 de julio en Laboral Ciudad de la Cultura, el XII Congreso Espa\u00f1ol de Sociolog\u00eda, que congregar\u00e1 en la ciudad a unos 1.500 participantes, algunos de ellos expertos internacionales, e incluye actividades dirigidas a la sociedad civil, como un ciclo de cine o un Foro del Pensamiento.","inLanguage":"es-ES","isPartOf":{"@id":"https:\/\/www.eldigitaldeasturias.com\/noticias\/#website"},"breadcrumb":{"@id":"https:\/\/www.eldigitaldeasturias.com\/noticias\/gijon-acogera-un-congreso-de-sociologia\/#breadcrumblist"},"author":{"@id":"https:\/\/www.eldigitaldeasturias.com\/noticias\/author\/admin\/#author"},"creator":{"@id":"https:\/\/www.eldigitaldeasturias.com\/noticias\/author\/admin\/#author"},"image":{"@type":"ImageObject","url":"https:\/\/www.eldigitaldeasturias.com\/noticias\/wp-content\/uploads\/2013\/09\/Laboral-Ciudad-de-la-Cultura.jpg","@id":"https:\/\/www.eldigitaldeasturias.com\/noticias\/gijon-acogera-un-congreso-de-sociologia\/#mainImage"},"primaryImageOfPage":{"@id":"https:\/\/www.eldigitaldeasturias.com\/noticias\/gijon-acogera-un-congreso-de-sociologia\/#mainImage"},"datePublished":"2016-03-08T22:17:09+01:00","dateModified":"2016-03-08T22:17:09+01:00"},{"@type":"WebSite","@id":"https:\/\/www.eldigitaldeasturias.com\/noticias\/#website","url":"https:\/\/www.eldigitaldeasturias.com\/noticias\/","name":"El Digital de Asturias - Diario de actualidad y noticias","alternateName":"El Digital de Asturias - Diario de actualidad y noticias","description":"Hemeroteca","inLanguage":"es-ES","publisher":{"@id":"https:\/\/www.eldigitaldeasturias.com\/noticias\/#organization"}}]},"og:locale":"es_ES","og:site_name":"El Digital de Asturias","og:type":"article","og:title":"Gij\u00f3n acoger\u00e1 un congreso de sociolog\u00eda - El Digital de Asturias","og:description":"Gij\u00f3n acoger\u00e1, del pr\u00f3ximo 30 de junio al 2 de julio en Laboral Ciudad de la Cultura, el XII Congreso Espa\u00f1ol de Sociolog\u00eda, que congregar\u00e1 en la ciudad a unos 1.500 participantes, algunos de ellos expertos internacionales, e incluye actividades dirigidas a la sociedad civil, como un ciclo de cine o un Foro del Pensamiento.","og:url":"https:\/\/www.eldigitaldeasturias.com\/noticias\/gijon-acogera-un-congreso-de-sociologia\/","og:image":"https:\/\/www.eldigitaldeasturias.com\/noticias\/wp-content\/uploads\/2013\/09\/Laboral-Ciudad-de-la-Cultura.jpg","og:image:secure_url":"https:\/\/www.eldigitaldeasturias.com\/noticias\/wp-content\/uploads\/2013\/09\/Laboral-Ciudad-de-la-Cultura.jpg","article:tag":["agenda"],"article:published_time":"2016-03-08T22:17:09+00:00","article:modified_time":"2016-03-08T22:17:09+00:00","article:publisher":"https:\/\/facebook.com\/eldigitaldeasturias","twitter:card":"summary_large_image","twitter:title":"Gij\u00f3n acoger\u00e1 un congreso de sociolog\u00eda - El Digital de Asturias","twitter:description":"Gij\u00f3n acoger\u00e1, del pr\u00f3ximo 30 de junio al 2 de julio en Laboral Ciudad de la Cultura, el XII Congreso Espa\u00f1ol de Sociolog\u00eda, que congregar\u00e1 en la ciudad a unos 1.500 participantes, algunos de ellos expertos internacionales, e incluye actividades dirigidas a la sociedad civil, como un ciclo de cine o un Foro del Pensamiento.","twitter:image":"https:\/\/www.eldigitaldeasturias.com\/noticias\/wp-content\/uploads\/2013\/09\/Laboral-Ciudad-de-la-Cultura.jpg","twitter:label1":"Escrito por","twitter:data1":"El Digital de Asturias","twitter:label2":"Tiempo de lectura estimado","twitter:data2":"2 minutos"},"aioseo_meta_data":{"post_id":"864268","title":null,"description":null,"keywords":null,"keyphrases":null,"primary_term":null,"canonical_url":null,"og_title":null,"og_description":null,"og_object_type":"default","og_image_type":"default","og_image_url":null,"og_image_width":null,"og_image_height":null,"og_image_custom_url":null,"og_image_custom_fields":null,"og_video":null,"og_custom_url":null,"og_article_section":null,"og_article_tags":null,"twitter_use_og":false,"twitter_card":"default","twitter_image_type":"default","twitter_image_url":null,"twitter_image_custom_url":null,"twitter_image_custom_fields":null,"twitter_title":null,"twitter_description":null,"schema":{"blockGraphs":[],"customGraphs":[],"default":{"data":{"Article":[],"Course":[],"Dataset":[],"FAQPage":[],"Movie":[],"Person":[],"Product":[],"ProductReview":[],"Car":[],"Recipe":[],"Service":[],"SoftwareApplication":[],"WebPage":[]},"graphName":"","isEnabled":true},"graphs":[]},"schema_type":null,"schema_type_options":null,"pillar_content":false,"robots_default":true,"robots_noindex":false,"robots_noarchive":false,"robots_nosnippet":false,"robots_nofollow":false,"robots_noimageindex":false,"robots_noodp":false,"robots_notranslate":false,"robots_max_snippet":null,"robots_max_videopreview":null,"robots_max_imagepreview":"large","priority":null,"frequency":null,"local_seo":null,"seo_analyzer_scan_date":"2025-12-11 08:16:10","breadcrumb_settings":null,"limit_modified_date":false,"open_ai":null,"ai":null,"created":"2021-01-22 18:22:17","updated":"2025-12-11 08:16:10"},"aioseo_breadcrumb":"<div class=\"aioseo-breadcrumbs\"><span class=\"aioseo-breadcrumb\">\n\t<a href=\"https:\/\/www.eldigitaldeasturias.com\/noticias\" title=\"Home\">Home<\/a>\n<\/span><span class=\"aioseo-breadcrumb-separator\">\u2013<\/span><span class=\"aioseo-breadcrumb\">\n\t<a href=\"https:\/\/www.eldigitaldeasturias.com\/noticias\/category\/agenda\/\" title=\"Agenda\">Agenda<\/a>\n<\/span><span class=\"aioseo-breadcrumb-separator\">\u2013<\/span><span class=\"aioseo-breadcrumb\">\n\t<a href=\"https:\/\/www.eldigitaldeasturias.com\/noticias\/gijon-acogera-un-congreso-de-sociologia\/\" title=\"Gij\u00f3n acoger\u00e1 un congreso de sociolog\u00eda\">Gij\u00f3n acoger\u00e1 un congreso de sociolog\u00eda<\/a>\n<\/span><\/div>","aioseo_breadcrumb_json":[{"label":"Home","link":"https:\/\/www.eldigitaldeasturias.com\/noticias"},{"label":"Agenda","link":"https:\/\/www.eldigitaldeasturias.com\/noticias\/category\/agenda\/"},{"label":"Gij\u00f3n acoger\u00e1 un congreso de sociolog\u00eda","link":"https:\/\/www.eldigitaldeasturias.com\/noticias\/gijon-acogera-un-congreso-de-sociologia\/"}],"_links":{"self":[{"href":"https:\/\/www.eldigitaldeasturias.com\/noticias\/wp-json\/wp\/v2\/posts\/864268","targetHints":{"allow":["GET"]}}],"collection":[{"href":"https:\/\/www.eldigitaldeasturias.com\/noticias\/wp-json\/wp\/v2\/posts"}],"about":[{"href":"https:\/\/www.eldigitaldeasturias.com\/noticias\/wp-json\/wp\/v2\/types\/post"}],"author":[{"embeddable":true,"href":"https:\/\/www.eldigitaldeasturias.com\/noticias\/wp-json\/wp\/v2\/users\/1"}],"replies":[{"embeddable":true,"href":"https:\/\/www.eldigitaldeasturias.com\/noticias\/wp-json\/wp\/v2\/comments?post=864268"}],"version-history":[{"count":0,"href":"https:\/\/www.eldigitaldeasturias.com\/noticias\/wp-json\/wp\/v2\/posts\/864268\/revisions"}],"wp:featuredmedia":[{"embeddable":true,"href":"https:\/\/www.eldigitaldeasturias.com\/noticias\/wp-json\/wp\/v2\/media\/814"}],"wp:attachment":[{"href":"https:\/\/www.eldigitaldeasturias.com\/noticias\/wp-json\/wp\/v2\/media?parent=864268"}],"wp:term":[{"taxonomy":"category","embeddable":true,"href":"https:\/\/www.eldigitaldeasturias.com\/noticias\/wp-json\/wp\/v2\/categories?post=864268"},{"taxonomy":"post_tag","embeddable":true,"href":"https:\/\/www.eldigitaldeasturias.com\/noticias\/wp-json\/wp\/v2\/tags?post=864268"}],"curies":[{"name":"wp","href":"https:\/\/api.w.org\/{rel}","templated":true}]}}