{"id":863490,"date":"2016-03-07T13:47:51","date_gmt":"2016-03-07T13:47:51","guid":{"rendered":"http:\/\/www.eldigitaldeasturias.com\/noticias\/?p=863490"},"modified":"2016-03-07T13:47:51","modified_gmt":"2016-03-07T13:47:51","slug":"renfe-refuerza-los-trenes-para-viajar-al-parque-nacional-de-monfague","status":"publish","type":"post","link":"https:\/\/www.eldigitaldeasturias.com\/noticias\/renfe-refuerza-los-trenes-para-viajar-al-parque-nacional-de-monfague\/","title":{"rendered":"Renfe refuerza los trenes para viajar al Parque Nacional de Monfag\u00fce"},"content":{"rendered":"<p><img loading=\"lazy\" decoding=\"async\" class=\"alignleft size-medium wp-image-863491\" src=\"https:\/\/www.eldigitaldeasturias.com\/noticias\/wp-content\/uploads\/2016\/03\/fotonoticia_20160307122539_800-360x240.jpg\" alt=\"fotonoticia_20160307122539_800\" width=\"360\" height=\"240\" srcset=\"https:\/\/www.eldigitaldeasturias.com\/noticias\/wp-content\/uploads\/2016\/03\/fotonoticia_20160307122539_800-360x240.jpg 360w, https:\/\/www.eldigitaldeasturias.com\/noticias\/wp-content\/uploads\/2016\/03\/fotonoticia_20160307122539_800-768x512.jpg 768w, https:\/\/www.eldigitaldeasturias.com\/noticias\/wp-content\/uploads\/2016\/03\/fotonoticia_20160307122539_800-650x433.jpg 650w, https:\/\/www.eldigitaldeasturias.com\/noticias\/wp-content\/uploads\/2016\/03\/fotonoticia_20160307122539_800-84x55.jpg 84w, https:\/\/www.eldigitaldeasturias.com\/noticias\/wp-content\/uploads\/2016\/03\/fotonoticia_20160307122539_800-49x32.jpg 49w, https:\/\/www.eldigitaldeasturias.com\/noticias\/wp-content\/uploads\/2016\/03\/fotonoticia_20160307122539_800.jpg 800w\" sizes=\"auto, (max-width: 360px) 100vw, 360px\" \/>La compa\u00f1\u00eda Renfe ha programado un dispositivo de refuerzo para viajar al Parque Nacional de Monfag\u00fce (C\u00e1ceres) este fin de semana con motivo de la celebraci\u00f3n Feria Internacional de Turismo Ornitol\u00f3gico (FIO).<\/p>\n<p>Adem\u00e1s, ofrecer\u00e1 un servicio especial combinado de tren + autob\u00fas para el acceso a la feria desde la estaci\u00f3n de Monfrag\u00fce, seg\u00fan informa Renfe en nota de prensa.<\/p>\n<p>As\u00ed, el s\u00e1bado 12 y el domingo 13 de marzo, tendr\u00e1n parada especial en Monfrag\u00fce cuatro trenes de la relaci\u00f3n Madrid-Talavera-Huelva, dos en cada sentido, y tambi\u00e9n circular\u00e1n dos trenes especiales de la relaci\u00f3n Madrid- Badajoz para facilitar el viaje de ida y vuelta a la estaci\u00f3n de Monfrag\u00fce en el d\u00eda.<\/p>\n<p>SERVICIO GRATUITO DE AUTOB\u00daS<\/p>\n<p>Los visitantes contar\u00e1n con un servicio gratuito de autob\u00fas entre la estaci\u00f3n de Monfrag\u00fce y Villarreal de San Carlos, localidad donde se desarrollar\u00e1 la und\u00e9cima edici\u00f3n a Feria Internacional de Turismo Ornitol\u00f3gico.<\/p>\n<p>La oferta total ser\u00e1 de 14 servicios combinados de tren+bus para visitar este encuentro de turismo ornitol\u00f3gico, se\u00f1ala la compa\u00f1\u00eda.<\/p>\n<p>Las localidades para estos trenes pueden adquirirse a trav\u00e9s la web www.renfe.com, en el tel\u00e9fono 902.320.320 y en las estaciones de tren.<\/p>\n<p>&nbsp;<\/p>\n","protected":false},"excerpt":{"rendered":"<p>La compa\u00f1\u00eda Renfe ha programado un dispositivo de refuerzo para viajar al Parque Nacional de Monfag\u00fce (C\u00e1ceres) este fin de semana con motivo de la celebraci\u00f3n Feria Internacional de Turismo Ornitol\u00f3gico (FIO). Adem\u00e1s, ofrecer\u00e1 un servicio especial combinado de tren + autob\u00fas para el acceso a la feria desde la estaci\u00f3n de Monfrag\u00fce, seg\u00fan informa [&hellip;]<\/p>\n","protected":false},"author":1,"featured_media":863491,"comment_status":"closed","ping_status":"closed","sticky":false,"template":"","format":"standard","meta":{"footnotes":""},"categories":[148],"tags":[],"class_list":["post-863490","post","type-post","status-publish","format-standard","has-post-thumbnail","hentry","category-turismo"],"aioseo_notices":[],"aioseo_head":"\n\t\t<!-- All in One SEO Pro 4.9.6.2 - aioseo.com -->\n\t<meta name=\"description\" content=\"La compa\u00f1\u00eda Renfe ha programado un dispositivo de refuerzo para viajar al Parque Nacional de Monfag\u00fce (C\u00e1ceres) este fin de semana con motivo de la celebraci\u00f3n Feria Internacional de Turismo Ornitol\u00f3gico (FIO). Adem\u00e1s, ofrecer\u00e1 un servicio especial combinado de tren + autob\u00fas para el acceso a la feria desde la estaci\u00f3n de Monfrag\u00fce, seg\u00fan informa\" \/>\n\t<meta name=\"robots\" content=\"max-image-preview:large\" \/>\n\t<meta name=\"author\" content=\"El Digital de Asturias\"\/>\n\t<meta name=\"google-site-verification\" content=\"UA-38556648-1\" \/>\n\t<meta name=\"msvalidate.01\" content=\"7dfe9f3f1b24437ab69f4f2559babe99\" \/>\n\t<meta name=\"keywords\" content=\"turismo\" \/>\n\t<link rel=\"canonical\" href=\"https:\/\/www.eldigitaldeasturias.com\/noticias\/renfe-refuerza-los-trenes-para-viajar-al-parque-nacional-de-monfague\/\" \/>\n\t<meta name=\"generator\" content=\"All in One SEO Pro (AIOSEO) 4.9.6.2\" \/>\n\t\t<meta property=\"og:locale\" content=\"es_ES\" \/>\n\t\t<meta property=\"og:site_name\" content=\"El Digital de Asturias\" \/>\n\t\t<meta property=\"og:type\" content=\"article\" \/>\n\t\t<meta property=\"og:title\" content=\"Renfe refuerza los trenes para viajar al Parque Nacional de Monfag\u00fce - El Digital de Asturias\" \/>\n\t\t<meta property=\"og:description\" content=\"La compa\u00f1\u00eda Renfe ha programado un dispositivo de refuerzo para viajar al Parque Nacional de Monfag\u00fce (C\u00e1ceres) este fin de semana con motivo de la celebraci\u00f3n Feria Internacional de Turismo Ornitol\u00f3gico (FIO). Adem\u00e1s, ofrecer\u00e1 un servicio especial combinado de tren + autob\u00fas para el acceso a la feria desde la estaci\u00f3n de Monfrag\u00fce, seg\u00fan informa\" \/>\n\t\t<meta property=\"og:url\" content=\"https:\/\/www.eldigitaldeasturias.com\/noticias\/renfe-refuerza-los-trenes-para-viajar-al-parque-nacional-de-monfague\/\" \/>\n\t\t<meta property=\"og:image\" content=\"https:\/\/www.eldigitaldeasturias.com\/noticias\/wp-content\/uploads\/2016\/03\/fotonoticia_20160307122539_800.jpg\" \/>\n\t\t<meta property=\"og:image:secure_url\" content=\"https:\/\/www.eldigitaldeasturias.com\/noticias\/wp-content\/uploads\/2016\/03\/fotonoticia_20160307122539_800.jpg\" \/>\n\t\t<meta property=\"og:image:width\" content=\"800\" \/>\n\t\t<meta property=\"og:image:height\" content=\"533\" \/>\n\t\t<meta property=\"article:tag\" content=\"turismo\" \/>\n\t\t<meta property=\"article:published_time\" content=\"2016-03-07T13:47:51+00:00\" \/>\n\t\t<meta property=\"article:modified_time\" content=\"2016-03-07T13:47:51+00:00\" \/>\n\t\t<meta property=\"article:publisher\" content=\"https:\/\/facebook.com\/eldigitaldeasturias\" \/>\n\t\t<meta name=\"twitter:card\" content=\"summary_large_image\" \/>\n\t\t<meta name=\"twitter:title\" content=\"Renfe refuerza los trenes para viajar al Parque Nacional de Monfag\u00fce - El Digital de Asturias\" \/>\n\t\t<meta name=\"twitter:description\" content=\"La compa\u00f1\u00eda Renfe ha programado un dispositivo de refuerzo para viajar al Parque Nacional de Monfag\u00fce (C\u00e1ceres) este fin de semana con motivo de la celebraci\u00f3n Feria Internacional de Turismo Ornitol\u00f3gico (FIO). Adem\u00e1s, ofrecer\u00e1 un servicio especial combinado de tren + autob\u00fas para el acceso a la feria desde la estaci\u00f3n de Monfrag\u00fce, seg\u00fan informa\" \/>\n\t\t<meta name=\"twitter:image\" content=\"https:\/\/www.eldigitaldeasturias.com\/noticias\/wp-content\/uploads\/2016\/03\/fotonoticia_20160307122539_800.jpg\" \/>\n\t\t<meta name=\"twitter:label1\" content=\"Escrito por\" \/>\n\t\t<meta name=\"twitter:data1\" content=\"El Digital de Asturias\" \/>\n\t\t<meta name=\"twitter:label2\" content=\"Tiempo de lectura estimado\" \/>\n\t\t<meta name=\"twitter:data2\" content=\"1 minuto\" \/>\n\t\t<script type=\"application\/ld+json\" class=\"aioseo-schema\">\n\t\t\t{\"@context\":\"https:\\\/\\\/schema.org\",\"@graph\":[{\"@type\":\"BlogPosting\",\"@id\":\"https:\\\/\\\/www.eldigitaldeasturias.com\\\/noticias\\\/renfe-refuerza-los-trenes-para-viajar-al-parque-nacional-de-monfague\\\/#blogposting\",\"name\":\"Renfe refuerza los trenes para viajar al Parque Nacional de Monfag\\u00fce - El Digital de Asturias\",\"headline\":\"Renfe refuerza los trenes para viajar al Parque Nacional de Monfag\\u00fce\",\"author\":{\"@id\":\"https:\\\/\\\/www.eldigitaldeasturias.com\\\/noticias\\\/author\\\/admin\\\/#author\"},\"publisher\":{\"@id\":\"https:\\\/\\\/www.eldigitaldeasturias.com\\\/noticias\\\/#organization\"},\"image\":{\"@type\":\"ImageObject\",\"url\":\"https:\\\/\\\/www.eldigitaldeasturias.com\\\/noticias\\\/wp-content\\\/uploads\\\/2016\\\/03\\\/fotonoticia_20160307122539_800.jpg\",\"width\":800,\"height\":533},\"datePublished\":\"2016-03-07T13:47:51+01:00\",\"dateModified\":\"2016-03-07T13:47:51+01:00\",\"inLanguage\":\"es-ES\",\"mainEntityOfPage\":{\"@id\":\"https:\\\/\\\/www.eldigitaldeasturias.com\\\/noticias\\\/renfe-refuerza-los-trenes-para-viajar-al-parque-nacional-de-monfague\\\/#webpage\"},\"isPartOf\":{\"@id\":\"https:\\\/\\\/www.eldigitaldeasturias.com\\\/noticias\\\/renfe-refuerza-los-trenes-para-viajar-al-parque-nacional-de-monfague\\\/#webpage\"},\"articleSection\":\"Turismo\"},{\"@type\":\"BreadcrumbList\",\"@id\":\"https:\\\/\\\/www.eldigitaldeasturias.com\\\/noticias\\\/renfe-refuerza-los-trenes-para-viajar-al-parque-nacional-de-monfague\\\/#breadcrumblist\",\"itemListElement\":[{\"@type\":\"ListItem\",\"@id\":\"https:\\\/\\\/www.eldigitaldeasturias.com\\\/noticias#listItem\",\"position\":1,\"name\":\"Home\",\"item\":\"https:\\\/\\\/www.eldigitaldeasturias.com\\\/noticias\",\"nextItem\":{\"@type\":\"ListItem\",\"@id\":\"https:\\\/\\\/www.eldigitaldeasturias.com\\\/noticias\\\/category\\\/turismo\\\/#listItem\",\"name\":\"Turismo\"}},{\"@type\":\"ListItem\",\"@id\":\"https:\\\/\\\/www.eldigitaldeasturias.com\\\/noticias\\\/category\\\/turismo\\\/#listItem\",\"position\":2,\"name\":\"Turismo\",\"item\":\"https:\\\/\\\/www.eldigitaldeasturias.com\\\/noticias\\\/category\\\/turismo\\\/\",\"nextItem\":{\"@type\":\"ListItem\",\"@id\":\"https:\\\/\\\/www.eldigitaldeasturias.com\\\/noticias\\\/renfe-refuerza-los-trenes-para-viajar-al-parque-nacional-de-monfague\\\/#listItem\",\"name\":\"Renfe refuerza los trenes para viajar al Parque Nacional de Monfag\\u00fce\"},\"previousItem\":{\"@type\":\"ListItem\",\"@id\":\"https:\\\/\\\/www.eldigitaldeasturias.com\\\/noticias#listItem\",\"name\":\"Home\"}},{\"@type\":\"ListItem\",\"@id\":\"https:\\\/\\\/www.eldigitaldeasturias.com\\\/noticias\\\/renfe-refuerza-los-trenes-para-viajar-al-parque-nacional-de-monfague\\\/#listItem\",\"position\":3,\"name\":\"Renfe refuerza los trenes para viajar al Parque Nacional de Monfag\\u00fce\",\"previousItem\":{\"@type\":\"ListItem\",\"@id\":\"https:\\\/\\\/www.eldigitaldeasturias.com\\\/noticias\\\/category\\\/turismo\\\/#listItem\",\"name\":\"Turismo\"}}]},{\"@type\":\"Organization\",\"@id\":\"https:\\\/\\\/www.eldigitaldeasturias.com\\\/noticias\\\/#organization\",\"name\":\"El Digital de Asturias\",\"description\":\"Hemeroteca\",\"url\":\"https:\\\/\\\/www.eldigitaldeasturias.com\\\/noticias\\\/\",\"email\":\"info@eldigitaldeasturias.com\",\"telephone\":\"+34652131393\",\"logo\":{\"@type\":\"ImageObject\",\"url\":\"https:\\\/\\\/www.eldigitaldeasturias.com\\\/noticias\\\/wp-content\\\/uploads\\\/2020\\\/12\\\/EDA.jpg\",\"@id\":\"https:\\\/\\\/www.eldigitaldeasturias.com\\\/noticias\\\/renfe-refuerza-los-trenes-para-viajar-al-parque-nacional-de-monfague\\\/#organizationLogo\",\"width\":649,\"height\":297},\"image\":{\"@id\":\"https:\\\/\\\/www.eldigitaldeasturias.com\\\/noticias\\\/renfe-refuerza-los-trenes-para-viajar-al-parque-nacional-de-monfague\\\/#organizationLogo\"},\"sameAs\":[\"https:\\\/\\\/facebook.com\\\/eldigitaldeasturias\",\"https:\\\/\\\/www.youtube.com\\\/channel\\\/UCZP-2wLEB9Rv6erhFmqVnvg\"],\"address\":{\"@id\":\"https:\\\/\\\/www.eldigitaldeasturias.com\\\/noticias\\\/#postaladdress\",\"@type\":\"PostalAddress\",\"streetAddress\":\"san antonio 4,\",\"postalCode\":\"33430\",\"addressLocality\":\"Cand\\u00e1s\",\"addressRegion\":\"Asturias\",\"addressCountry\":\"ES\"}},{\"@type\":\"Person\",\"@id\":\"https:\\\/\\\/www.eldigitaldeasturias.com\\\/noticias\\\/author\\\/admin\\\/#author\",\"url\":\"https:\\\/\\\/www.eldigitaldeasturias.com\\\/noticias\\\/author\\\/admin\\\/\",\"name\":\"El Digital de Asturias\",\"image\":{\"@type\":\"ImageObject\",\"@id\":\"https:\\\/\\\/www.eldigitaldeasturias.com\\\/noticias\\\/renfe-refuerza-los-trenes-para-viajar-al-parque-nacional-de-monfague\\\/#authorImage\",\"url\":\"https:\\\/\\\/www.eldigitaldeasturias.com\\\/noticias\\\/wp-content\\\/litespeed\\\/avatar\\\/18677e78aa0546b92d9dbf31ec7d7668.jpg?ver=1777290358\",\"width\":96,\"height\":96,\"caption\":\"El Digital de Asturias\"}},{\"@type\":\"WebPage\",\"@id\":\"https:\\\/\\\/www.eldigitaldeasturias.com\\\/noticias\\\/renfe-refuerza-los-trenes-para-viajar-al-parque-nacional-de-monfague\\\/#webpage\",\"url\":\"https:\\\/\\\/www.eldigitaldeasturias.com\\\/noticias\\\/renfe-refuerza-los-trenes-para-viajar-al-parque-nacional-de-monfague\\\/\",\"name\":\"Renfe refuerza los trenes para viajar al Parque Nacional de Monfag\\u00fce - El Digital de Asturias\",\"description\":\"La compa\\u00f1\\u00eda Renfe ha programado un dispositivo de refuerzo para viajar al Parque Nacional de Monfag\\u00fce (C\\u00e1ceres) este fin de semana con motivo de la celebraci\\u00f3n Feria Internacional de Turismo Ornitol\\u00f3gico (FIO). Adem\\u00e1s, ofrecer\\u00e1 un servicio especial combinado de tren + autob\\u00fas para el acceso a la feria desde la estaci\\u00f3n de Monfrag\\u00fce, seg\\u00fan informa\",\"inLanguage\":\"es-ES\",\"isPartOf\":{\"@id\":\"https:\\\/\\\/www.eldigitaldeasturias.com\\\/noticias\\\/#website\"},\"breadcrumb\":{\"@id\":\"https:\\\/\\\/www.eldigitaldeasturias.com\\\/noticias\\\/renfe-refuerza-los-trenes-para-viajar-al-parque-nacional-de-monfague\\\/#breadcrumblist\"},\"author\":{\"@id\":\"https:\\\/\\\/www.eldigitaldeasturias.com\\\/noticias\\\/author\\\/admin\\\/#author\"},\"creator\":{\"@id\":\"https:\\\/\\\/www.eldigitaldeasturias.com\\\/noticias\\\/author\\\/admin\\\/#author\"},\"image\":{\"@type\":\"ImageObject\",\"url\":\"https:\\\/\\\/www.eldigitaldeasturias.com\\\/noticias\\\/wp-content\\\/uploads\\\/2016\\\/03\\\/fotonoticia_20160307122539_800.jpg\",\"@id\":\"https:\\\/\\\/www.eldigitaldeasturias.com\\\/noticias\\\/renfe-refuerza-los-trenes-para-viajar-al-parque-nacional-de-monfague\\\/#mainImage\",\"width\":800,\"height\":533},\"primaryImageOfPage\":{\"@id\":\"https:\\\/\\\/www.eldigitaldeasturias.com\\\/noticias\\\/renfe-refuerza-los-trenes-para-viajar-al-parque-nacional-de-monfague\\\/#mainImage\"},\"datePublished\":\"2016-03-07T13:47:51+01:00\",\"dateModified\":\"2016-03-07T13:47:51+01:00\"},{\"@type\":\"WebSite\",\"@id\":\"https:\\\/\\\/www.eldigitaldeasturias.com\\\/noticias\\\/#website\",\"url\":\"https:\\\/\\\/www.eldigitaldeasturias.com\\\/noticias\\\/\",\"name\":\"El Digital de Asturias - Diario de actualidad y noticias\",\"alternateName\":\"El Digital de Asturias - Diario de actualidad y noticias\",\"description\":\"Hemeroteca\",\"inLanguage\":\"es-ES\",\"publisher\":{\"@id\":\"https:\\\/\\\/www.eldigitaldeasturias.com\\\/noticias\\\/#organization\"}}]}\n\t\t<\/script>\n\t\t<!-- All in One SEO Pro -->\r\n\t\t<title>Renfe refuerza los trenes para viajar al Parque Nacional de Monfag\u00fce - El Digital de Asturias<\/title>\n\n","aioseo_head_json":{"title":"Renfe refuerza los trenes para viajar al Parque Nacional de Monfag\u00fce - El Digital de Asturias","description":"La compa\u00f1\u00eda Renfe ha programado un dispositivo de refuerzo para viajar al Parque Nacional de Monfag\u00fce (C\u00e1ceres) este fin de semana con motivo de la celebraci\u00f3n Feria Internacional de Turismo Ornitol\u00f3gico (FIO). Adem\u00e1s, ofrecer\u00e1 un servicio especial combinado de tren + autob\u00fas para el acceso a la feria desde la estaci\u00f3n de Monfrag\u00fce, seg\u00fan informa","canonical_url":"https:\/\/www.eldigitaldeasturias.com\/noticias\/renfe-refuerza-los-trenes-para-viajar-al-parque-nacional-de-monfague\/","robots":"max-image-preview:large","keywords":"turismo","webmasterTools":{"google-site-verification":"UA-38556648-1","msvalidate.01":"7dfe9f3f1b24437ab69f4f2559babe99","miscellaneous":""},"schema":{"@context":"https:\/\/schema.org","@graph":[{"@type":"BlogPosting","@id":"https:\/\/www.eldigitaldeasturias.com\/noticias\/renfe-refuerza-los-trenes-para-viajar-al-parque-nacional-de-monfague\/#blogposting","name":"Renfe refuerza los trenes para viajar al Parque Nacional de Monfag\u00fce - El Digital de Asturias","headline":"Renfe refuerza los trenes para viajar al Parque Nacional de Monfag\u00fce","author":{"@id":"https:\/\/www.eldigitaldeasturias.com\/noticias\/author\/admin\/#author"},"publisher":{"@id":"https:\/\/www.eldigitaldeasturias.com\/noticias\/#organization"},"image":{"@type":"ImageObject","url":"https:\/\/www.eldigitaldeasturias.com\/noticias\/wp-content\/uploads\/2016\/03\/fotonoticia_20160307122539_800.jpg","width":800,"height":533},"datePublished":"2016-03-07T13:47:51+01:00","dateModified":"2016-03-07T13:47:51+01:00","inLanguage":"es-ES","mainEntityOfPage":{"@id":"https:\/\/www.eldigitaldeasturias.com\/noticias\/renfe-refuerza-los-trenes-para-viajar-al-parque-nacional-de-monfague\/#webpage"},"isPartOf":{"@id":"https:\/\/www.eldigitaldeasturias.com\/noticias\/renfe-refuerza-los-trenes-para-viajar-al-parque-nacional-de-monfague\/#webpage"},"articleSection":"Turismo"},{"@type":"BreadcrumbList","@id":"https:\/\/www.eldigitaldeasturias.com\/noticias\/renfe-refuerza-los-trenes-para-viajar-al-parque-nacional-de-monfague\/#breadcrumblist","itemListElement":[{"@type":"ListItem","@id":"https:\/\/www.eldigitaldeasturias.com\/noticias#listItem","position":1,"name":"Home","item":"https:\/\/www.eldigitaldeasturias.com\/noticias","nextItem":{"@type":"ListItem","@id":"https:\/\/www.eldigitaldeasturias.com\/noticias\/category\/turismo\/#listItem","name":"Turismo"}},{"@type":"ListItem","@id":"https:\/\/www.eldigitaldeasturias.com\/noticias\/category\/turismo\/#listItem","position":2,"name":"Turismo","item":"https:\/\/www.eldigitaldeasturias.com\/noticias\/category\/turismo\/","nextItem":{"@type":"ListItem","@id":"https:\/\/www.eldigitaldeasturias.com\/noticias\/renfe-refuerza-los-trenes-para-viajar-al-parque-nacional-de-monfague\/#listItem","name":"Renfe refuerza los trenes para viajar al Parque Nacional de Monfag\u00fce"},"previousItem":{"@type":"ListItem","@id":"https:\/\/www.eldigitaldeasturias.com\/noticias#listItem","name":"Home"}},{"@type":"ListItem","@id":"https:\/\/www.eldigitaldeasturias.com\/noticias\/renfe-refuerza-los-trenes-para-viajar-al-parque-nacional-de-monfague\/#listItem","position":3,"name":"Renfe refuerza los trenes para viajar al Parque Nacional de Monfag\u00fce","previousItem":{"@type":"ListItem","@id":"https:\/\/www.eldigitaldeasturias.com\/noticias\/category\/turismo\/#listItem","name":"Turismo"}}]},{"@type":"Organization","@id":"https:\/\/www.eldigitaldeasturias.com\/noticias\/#organization","name":"El Digital de Asturias","description":"Hemeroteca","url":"https:\/\/www.eldigitaldeasturias.com\/noticias\/","email":"info@eldigitaldeasturias.com","telephone":"+34652131393","logo":{"@type":"ImageObject","url":"https:\/\/www.eldigitaldeasturias.com\/noticias\/wp-content\/uploads\/2020\/12\/EDA.jpg","@id":"https:\/\/www.eldigitaldeasturias.com\/noticias\/renfe-refuerza-los-trenes-para-viajar-al-parque-nacional-de-monfague\/#organizationLogo","width":649,"height":297},"image":{"@id":"https:\/\/www.eldigitaldeasturias.com\/noticias\/renfe-refuerza-los-trenes-para-viajar-al-parque-nacional-de-monfague\/#organizationLogo"},"sameAs":["https:\/\/facebook.com\/eldigitaldeasturias","https:\/\/www.youtube.com\/channel\/UCZP-2wLEB9Rv6erhFmqVnvg"],"address":{"@id":"https:\/\/www.eldigitaldeasturias.com\/noticias\/#postaladdress","@type":"PostalAddress","streetAddress":"san antonio 4,","postalCode":"33430","addressLocality":"Cand\u00e1s","addressRegion":"Asturias","addressCountry":"ES"}},{"@type":"Person","@id":"https:\/\/www.eldigitaldeasturias.com\/noticias\/author\/admin\/#author","url":"https:\/\/www.eldigitaldeasturias.com\/noticias\/author\/admin\/","name":"El Digital de Asturias","image":{"@type":"ImageObject","@id":"https:\/\/www.eldigitaldeasturias.com\/noticias\/renfe-refuerza-los-trenes-para-viajar-al-parque-nacional-de-monfague\/#authorImage","url":"https:\/\/www.eldigitaldeasturias.com\/noticias\/wp-content\/litespeed\/avatar\/18677e78aa0546b92d9dbf31ec7d7668.jpg?ver=1777290358","width":96,"height":96,"caption":"El Digital de Asturias"}},{"@type":"WebPage","@id":"https:\/\/www.eldigitaldeasturias.com\/noticias\/renfe-refuerza-los-trenes-para-viajar-al-parque-nacional-de-monfague\/#webpage","url":"https:\/\/www.eldigitaldeasturias.com\/noticias\/renfe-refuerza-los-trenes-para-viajar-al-parque-nacional-de-monfague\/","name":"Renfe refuerza los trenes para viajar al Parque Nacional de Monfag\u00fce - El Digital de Asturias","description":"La compa\u00f1\u00eda Renfe ha programado un dispositivo de refuerzo para viajar al Parque Nacional de Monfag\u00fce (C\u00e1ceres) este fin de semana con motivo de la celebraci\u00f3n Feria Internacional de Turismo Ornitol\u00f3gico (FIO). Adem\u00e1s, ofrecer\u00e1 un servicio especial combinado de tren + autob\u00fas para el acceso a la feria desde la estaci\u00f3n de Monfrag\u00fce, seg\u00fan informa","inLanguage":"es-ES","isPartOf":{"@id":"https:\/\/www.eldigitaldeasturias.com\/noticias\/#website"},"breadcrumb":{"@id":"https:\/\/www.eldigitaldeasturias.com\/noticias\/renfe-refuerza-los-trenes-para-viajar-al-parque-nacional-de-monfague\/#breadcrumblist"},"author":{"@id":"https:\/\/www.eldigitaldeasturias.com\/noticias\/author\/admin\/#author"},"creator":{"@id":"https:\/\/www.eldigitaldeasturias.com\/noticias\/author\/admin\/#author"},"image":{"@type":"ImageObject","url":"https:\/\/www.eldigitaldeasturias.com\/noticias\/wp-content\/uploads\/2016\/03\/fotonoticia_20160307122539_800.jpg","@id":"https:\/\/www.eldigitaldeasturias.com\/noticias\/renfe-refuerza-los-trenes-para-viajar-al-parque-nacional-de-monfague\/#mainImage","width":800,"height":533},"primaryImageOfPage":{"@id":"https:\/\/www.eldigitaldeasturias.com\/noticias\/renfe-refuerza-los-trenes-para-viajar-al-parque-nacional-de-monfague\/#mainImage"},"datePublished":"2016-03-07T13:47:51+01:00","dateModified":"2016-03-07T13:47:51+01:00"},{"@type":"WebSite","@id":"https:\/\/www.eldigitaldeasturias.com\/noticias\/#website","url":"https:\/\/www.eldigitaldeasturias.com\/noticias\/","name":"El Digital de Asturias - Diario de actualidad y noticias","alternateName":"El Digital de Asturias - Diario de actualidad y noticias","description":"Hemeroteca","inLanguage":"es-ES","publisher":{"@id":"https:\/\/www.eldigitaldeasturias.com\/noticias\/#organization"}}]},"og:locale":"es_ES","og:site_name":"El Digital de Asturias","og:type":"article","og:title":"Renfe refuerza los trenes para viajar al Parque Nacional de Monfag\u00fce - El Digital de Asturias","og:description":"La compa\u00f1\u00eda Renfe ha programado un dispositivo de refuerzo para viajar al Parque Nacional de Monfag\u00fce (C\u00e1ceres) este fin de semana con motivo de la celebraci\u00f3n Feria Internacional de Turismo Ornitol\u00f3gico (FIO). Adem\u00e1s, ofrecer\u00e1 un servicio especial combinado de tren + autob\u00fas para el acceso a la feria desde la estaci\u00f3n de Monfrag\u00fce, seg\u00fan informa","og:url":"https:\/\/www.eldigitaldeasturias.com\/noticias\/renfe-refuerza-los-trenes-para-viajar-al-parque-nacional-de-monfague\/","og:image":"https:\/\/www.eldigitaldeasturias.com\/noticias\/wp-content\/uploads\/2016\/03\/fotonoticia_20160307122539_800.jpg","og:image:secure_url":"https:\/\/www.eldigitaldeasturias.com\/noticias\/wp-content\/uploads\/2016\/03\/fotonoticia_20160307122539_800.jpg","og:image:width":800,"og:image:height":533,"article:tag":["turismo"],"article:published_time":"2016-03-07T13:47:51+00:00","article:modified_time":"2016-03-07T13:47:51+00:00","article:publisher":"https:\/\/facebook.com\/eldigitaldeasturias","twitter:card":"summary_large_image","twitter:title":"Renfe refuerza los trenes para viajar al Parque Nacional de Monfag\u00fce - El Digital de Asturias","twitter:description":"La compa\u00f1\u00eda Renfe ha programado un dispositivo de refuerzo para viajar al Parque Nacional de Monfag\u00fce (C\u00e1ceres) este fin de semana con motivo de la celebraci\u00f3n Feria Internacional de Turismo Ornitol\u00f3gico (FIO). Adem\u00e1s, ofrecer\u00e1 un servicio especial combinado de tren + autob\u00fas para el acceso a la feria desde la estaci\u00f3n de Monfrag\u00fce, seg\u00fan informa","twitter:image":"https:\/\/www.eldigitaldeasturias.com\/noticias\/wp-content\/uploads\/2016\/03\/fotonoticia_20160307122539_800.jpg","twitter:label1":"Escrito por","twitter:data1":"El Digital de Asturias","twitter:label2":"Tiempo de lectura estimado","twitter:data2":"1 minuto"},"aioseo_meta_data":{"post_id":"863490","title":null,"description":null,"keywords":null,"keyphrases":null,"primary_term":null,"canonical_url":null,"og_title":null,"og_description":null,"og_object_type":"default","og_image_type":"default","og_image_url":null,"og_image_width":null,"og_image_height":null,"og_image_custom_url":null,"og_image_custom_fields":null,"og_video":null,"og_custom_url":null,"og_article_section":null,"og_article_tags":null,"twitter_use_og":false,"twitter_card":"default","twitter_image_type":"default","twitter_image_url":null,"twitter_image_custom_url":null,"twitter_image_custom_fields":null,"twitter_title":null,"twitter_description":null,"schema":{"blockGraphs":[],"customGraphs":[],"default":{"data":{"Article":[],"Course":[],"Dataset":[],"FAQPage":[],"Movie":[],"Person":[],"Product":[],"ProductReview":[],"Car":[],"Recipe":[],"Service":[],"SoftwareApplication":[],"WebPage":[]},"graphName":"","isEnabled":true},"graphs":[],"defaultGraph":"","defaultPostTypeGraph":""},"schema_type":null,"schema_type_options":null,"pillar_content":false,"robots_default":true,"robots_noindex":false,"robots_noarchive":false,"robots_nosnippet":false,"robots_nofollow":false,"robots_noimageindex":false,"robots_noodp":false,"robots_notranslate":false,"robots_max_snippet":null,"robots_max_videopreview":null,"robots_max_imagepreview":"large","priority":null,"frequency":null,"local_seo":null,"seo_analyzer_scan_date":"2025-12-11 05:43:13","breadcrumb_settings":null,"limit_modified_date":false,"open_ai":null,"ai":null,"created":"2020-12-21 14:14:11","updated":"2025-12-11 05:43:13"},"aioseo_breadcrumb":"<div class=\"aioseo-breadcrumbs\"><span class=\"aioseo-breadcrumb\">\n\t<a href=\"https:\/\/www.eldigitaldeasturias.com\/noticias\" title=\"Home\">Home<\/a>\n<\/span><span class=\"aioseo-breadcrumb-separator\">\u2013<\/span><span class=\"aioseo-breadcrumb\">\n\t<a href=\"https:\/\/www.eldigitaldeasturias.com\/noticias\/category\/turismo\/\" title=\"Turismo\">Turismo<\/a>\n<\/span><span class=\"aioseo-breadcrumb-separator\">\u2013<\/span><span class=\"aioseo-breadcrumb\">\n\t<a href=\"https:\/\/www.eldigitaldeasturias.com\/noticias\/renfe-refuerza-los-trenes-para-viajar-al-parque-nacional-de-monfague\/\" title=\"Renfe refuerza los trenes para viajar al Parque Nacional de Monfag\u00fce\">Renfe refuerza los trenes para viajar al Parque Nacional de Monfag\u00fce<\/a>\n<\/span><\/div>","aioseo_breadcrumb_json":[{"label":"Home","link":"https:\/\/www.eldigitaldeasturias.com\/noticias"},{"label":"Turismo","link":"https:\/\/www.eldigitaldeasturias.com\/noticias\/category\/turismo\/"},{"label":"Renfe refuerza los trenes para viajar al Parque Nacional de Monfag\u00fce","link":"https:\/\/www.eldigitaldeasturias.com\/noticias\/renfe-refuerza-los-trenes-para-viajar-al-parque-nacional-de-monfague\/"}],"_links":{"self":[{"href":"https:\/\/www.eldigitaldeasturias.com\/noticias\/wp-json\/wp\/v2\/posts\/863490","targetHints":{"allow":["GET"]}}],"collection":[{"href":"https:\/\/www.eldigitaldeasturias.com\/noticias\/wp-json\/wp\/v2\/posts"}],"about":[{"href":"https:\/\/www.eldigitaldeasturias.com\/noticias\/wp-json\/wp\/v2\/types\/post"}],"author":[{"embeddable":true,"href":"https:\/\/www.eldigitaldeasturias.com\/noticias\/wp-json\/wp\/v2\/users\/1"}],"replies":[{"embeddable":true,"href":"https:\/\/www.eldigitaldeasturias.com\/noticias\/wp-json\/wp\/v2\/comments?post=863490"}],"version-history":[{"count":0,"href":"https:\/\/www.eldigitaldeasturias.com\/noticias\/wp-json\/wp\/v2\/posts\/863490\/revisions"}],"wp:featuredmedia":[{"embeddable":true,"href":"https:\/\/www.eldigitaldeasturias.com\/noticias\/wp-json\/wp\/v2\/media\/863491"}],"wp:attachment":[{"href":"https:\/\/www.eldigitaldeasturias.com\/noticias\/wp-json\/wp\/v2\/media?parent=863490"}],"wp:term":[{"taxonomy":"category","embeddable":true,"href":"https:\/\/www.eldigitaldeasturias.com\/noticias\/wp-json\/wp\/v2\/categories?post=863490"},{"taxonomy":"post_tag","embeddable":true,"href":"https:\/\/www.eldigitaldeasturias.com\/noticias\/wp-json\/wp\/v2\/tags?post=863490"}],"curies":[{"name":"wp","href":"https:\/\/api.w.org\/{rel}","templated":true}]}}