{"id":863256,"date":"2016-03-06T14:26:53","date_gmt":"2016-03-06T14:26:53","guid":{"rendered":"http:\/\/www.eldigitaldeasturias.com\/noticias\/?p=863256"},"modified":"2016-03-06T14:26:53","modified_gmt":"2016-03-06T14:26:53","slug":"fallece-ray-tomlinson-el-padre-del-correo-electronico","status":"publish","type":"post","link":"https:\/\/www.eldigitaldeasturias.com\/noticias\/fallece-ray-tomlinson-el-padre-del-correo-electronico\/","title":{"rendered":"Fallece Ray Tomlinson, el padre del correo electr\u00f3nico"},"content":{"rendered":"<p><img loading=\"lazy\" decoding=\"async\" class=\"alignleft size-medium wp-image-863257\" src=\"https:\/\/www.eldigitaldeasturias.com\/noticias\/wp-content\/uploads\/2016\/03\/fotonoticia_20160306132002_800-241x320.jpg\" alt=\"fotonoticia_20160306132002_800\" width=\"241\" height=\"320\" srcset=\"https:\/\/www.eldigitaldeasturias.com\/noticias\/wp-content\/uploads\/2016\/03\/fotonoticia_20160306132002_800-241x320.jpg 241w, https:\/\/www.eldigitaldeasturias.com\/noticias\/wp-content\/uploads\/2016\/03\/fotonoticia_20160306132002_800-768x1021.jpg 768w, https:\/\/www.eldigitaldeasturias.com\/noticias\/wp-content\/uploads\/2016\/03\/fotonoticia_20160306132002_800-489x650.jpg 489w, https:\/\/www.eldigitaldeasturias.com\/noticias\/wp-content\/uploads\/2016\/03\/fotonoticia_20160306132002_800.jpg 800w\" sizes=\"auto, (max-width: 241px) 100vw, 241px\" \/>El ingeniero estadounidense Ray Tomlinson, a quien se atribuye la creaci\u00f3n de la red social m\u00e1s extendida del mundo, el correo electr\u00f3nico, ha fallecido este s\u00e1bado a los 74 a\u00f1os de edad seg\u00fan ha informado en su cuenta de Facebook su colega &#8212; y uno de los responsables del del protocolo TCP\/IP &#8212; Vinton Cerf.<\/p>\n<p>Tomlinson fue conocido por elegir la archiconocida \u00abarroba\u00bb (@) para indicar que un mensaje ten\u00eda que ser enviado a un ordenador perteneciente a una computadora localizada en una red diferente. De igual modo, tambi\u00e9n fue el encargado de desarrollar el actual est\u00e1ndar de relleno de los campos que podemos encontrar en un correo cualquiera en nuestros d\u00edas.<\/p>\n<p>Tomlinston se gradu\u00f3 en 1963 en el Instituto Polit\u00e9cnico Rensselaer antes de obtener su master en el MIT de Massachusetts, donde trabaj\u00f3 en el campo de la s\u00edntesis del habla.<\/p>\n<p>El de Tomlinson &#8212; miembro del Sal\u00f3n de la Fama de Internet desde 2012 &#8212; es el tercer fallecimiento de una leyenda de la computaci\u00f3n en 2016. En enero falleci\u00f3 el experto en inteligencia artificial Marvin Minsky. Un mes despu\u00e9s, muri\u00f3 uno de los padres del ordenador personal, Wesley A. Clark, ambos a los 88 a\u00f1os de edad.<\/p>\n<p>&nbsp;<\/p>\n","protected":false},"excerpt":{"rendered":"<p>El ingeniero estadounidense Ray Tomlinson, a quien se atribuye la creaci\u00f3n de la red social m\u00e1s extendida del mundo, el correo electr\u00f3nico, ha fallecido este s\u00e1bado a los 74 a\u00f1os de edad seg\u00fan ha informado en su cuenta de Facebook su colega &#8212; y uno de los responsables del del protocolo TCP\/IP &#8212; Vinton Cerf. [&hellip;]<\/p>\n","protected":false},"author":1,"featured_media":863257,"comment_status":"closed","ping_status":"closed","sticky":false,"template":"","format":"standard","meta":{"footnotes":""},"categories":[1],"tags":[],"class_list":["post-863256","post","type-post","status-publish","format-standard","has-post-thumbnail","hentry","category-actualidad"],"aioseo_notices":[],"aioseo_head":"\n\t\t<!-- All in One SEO Pro 4.9.6.2 - aioseo.com -->\n\t<meta name=\"description\" content=\"El ingeniero estadounidense Ray Tomlinson, a quien se atribuye la creaci\u00f3n de la red social m\u00e1s extendida del mundo, el correo electr\u00f3nico, ha fallecido este s\u00e1bado a los 74 a\u00f1os de edad seg\u00fan ha informado en su cuenta de Facebook su colega -- y uno de los responsables del del protocolo TCP\/IP -- Vinton Cerf.\" \/>\n\t<meta name=\"robots\" content=\"max-image-preview:large\" \/>\n\t<meta name=\"author\" content=\"El Digital de Asturias\"\/>\n\t<meta name=\"google-site-verification\" content=\"UA-38556648-1\" \/>\n\t<meta name=\"msvalidate.01\" content=\"7dfe9f3f1b24437ab69f4f2559babe99\" \/>\n\t<meta name=\"keywords\" content=\"actualidad\" \/>\n\t<link rel=\"canonical\" href=\"https:\/\/www.eldigitaldeasturias.com\/noticias\/fallece-ray-tomlinson-el-padre-del-correo-electronico\/\" \/>\n\t<meta name=\"generator\" content=\"All in One SEO Pro (AIOSEO) 4.9.6.2\" \/>\n\t\t<meta property=\"og:locale\" content=\"es_ES\" \/>\n\t\t<meta property=\"og:site_name\" content=\"El Digital de Asturias\" \/>\n\t\t<meta property=\"og:type\" content=\"article\" \/>\n\t\t<meta property=\"og:title\" content=\"Fallece Ray Tomlinson, el padre del correo electr\u00f3nico - El Digital de Asturias\" \/>\n\t\t<meta property=\"og:description\" content=\"El ingeniero estadounidense Ray Tomlinson, a quien se atribuye la creaci\u00f3n de la red social m\u00e1s extendida del mundo, el correo electr\u00f3nico, ha fallecido este s\u00e1bado a los 74 a\u00f1os de edad seg\u00fan ha informado en su cuenta de Facebook su colega -- y uno de los responsables del del protocolo TCP\/IP -- Vinton Cerf.\" \/>\n\t\t<meta property=\"og:url\" content=\"https:\/\/www.eldigitaldeasturias.com\/noticias\/fallece-ray-tomlinson-el-padre-del-correo-electronico\/\" \/>\n\t\t<meta property=\"og:image\" content=\"https:\/\/www.eldigitaldeasturias.com\/noticias\/wp-content\/uploads\/2016\/03\/fotonoticia_20160306132002_800.jpg\" \/>\n\t\t<meta property=\"og:image:secure_url\" content=\"https:\/\/www.eldigitaldeasturias.com\/noticias\/wp-content\/uploads\/2016\/03\/fotonoticia_20160306132002_800.jpg\" \/>\n\t\t<meta property=\"og:image:width\" content=\"800\" \/>\n\t\t<meta property=\"og:image:height\" content=\"1064\" \/>\n\t\t<meta property=\"article:tag\" content=\"actualidad\" \/>\n\t\t<meta property=\"article:published_time\" content=\"2016-03-06T14:26:53+00:00\" \/>\n\t\t<meta property=\"article:modified_time\" content=\"2016-03-06T14:26:53+00:00\" \/>\n\t\t<meta property=\"article:publisher\" content=\"https:\/\/facebook.com\/eldigitaldeasturias\" \/>\n\t\t<meta name=\"twitter:card\" content=\"summary_large_image\" \/>\n\t\t<meta name=\"twitter:title\" content=\"Fallece Ray Tomlinson, el padre del correo electr\u00f3nico - El Digital de Asturias\" \/>\n\t\t<meta name=\"twitter:description\" content=\"El ingeniero estadounidense Ray Tomlinson, a quien se atribuye la creaci\u00f3n de la red social m\u00e1s extendida del mundo, el correo electr\u00f3nico, ha fallecido este s\u00e1bado a los 74 a\u00f1os de edad seg\u00fan ha informado en su cuenta de Facebook su colega -- y uno de los responsables del del protocolo TCP\/IP -- Vinton Cerf.\" \/>\n\t\t<meta name=\"twitter:image\" content=\"https:\/\/www.eldigitaldeasturias.com\/noticias\/wp-content\/uploads\/2016\/03\/fotonoticia_20160306132002_800.jpg\" \/>\n\t\t<meta name=\"twitter:label1\" content=\"Escrito por\" \/>\n\t\t<meta name=\"twitter:data1\" content=\"El Digital de Asturias\" \/>\n\t\t<meta name=\"twitter:label2\" content=\"Tiempo de lectura estimado\" \/>\n\t\t<meta name=\"twitter:data2\" content=\"1 minuto\" \/>\n\t\t<script type=\"application\/ld+json\" class=\"aioseo-schema\">\n\t\t\t{\"@context\":\"https:\\\/\\\/schema.org\",\"@graph\":[{\"@type\":\"BlogPosting\",\"@id\":\"https:\\\/\\\/www.eldigitaldeasturias.com\\\/noticias\\\/fallece-ray-tomlinson-el-padre-del-correo-electronico\\\/#blogposting\",\"name\":\"Fallece Ray Tomlinson, el padre del correo electr\\u00f3nico - El Digital de Asturias\",\"headline\":\"Fallece Ray Tomlinson, el padre del correo electr\\u00f3nico\",\"author\":{\"@id\":\"https:\\\/\\\/www.eldigitaldeasturias.com\\\/noticias\\\/author\\\/admin\\\/#author\"},\"publisher\":{\"@id\":\"https:\\\/\\\/www.eldigitaldeasturias.com\\\/noticias\\\/#organization\"},\"image\":{\"@type\":\"ImageObject\",\"url\":\"https:\\\/\\\/www.eldigitaldeasturias.com\\\/noticias\\\/wp-content\\\/uploads\\\/2016\\\/03\\\/fotonoticia_20160306132002_800.jpg\",\"width\":800,\"height\":1064},\"datePublished\":\"2016-03-06T14:26:53+01:00\",\"dateModified\":\"2016-03-06T14:26:53+01:00\",\"inLanguage\":\"es-ES\",\"mainEntityOfPage\":{\"@id\":\"https:\\\/\\\/www.eldigitaldeasturias.com\\\/noticias\\\/fallece-ray-tomlinson-el-padre-del-correo-electronico\\\/#webpage\"},\"isPartOf\":{\"@id\":\"https:\\\/\\\/www.eldigitaldeasturias.com\\\/noticias\\\/fallece-ray-tomlinson-el-padre-del-correo-electronico\\\/#webpage\"},\"articleSection\":\"Actualidad\"},{\"@type\":\"BreadcrumbList\",\"@id\":\"https:\\\/\\\/www.eldigitaldeasturias.com\\\/noticias\\\/fallece-ray-tomlinson-el-padre-del-correo-electronico\\\/#breadcrumblist\",\"itemListElement\":[{\"@type\":\"ListItem\",\"@id\":\"https:\\\/\\\/www.eldigitaldeasturias.com\\\/noticias#listItem\",\"position\":1,\"name\":\"Home\",\"item\":\"https:\\\/\\\/www.eldigitaldeasturias.com\\\/noticias\",\"nextItem\":{\"@type\":\"ListItem\",\"@id\":\"https:\\\/\\\/www.eldigitaldeasturias.com\\\/noticias\\\/category\\\/actualidad\\\/#listItem\",\"name\":\"Actualidad\"}},{\"@type\":\"ListItem\",\"@id\":\"https:\\\/\\\/www.eldigitaldeasturias.com\\\/noticias\\\/category\\\/actualidad\\\/#listItem\",\"position\":2,\"name\":\"Actualidad\",\"item\":\"https:\\\/\\\/www.eldigitaldeasturias.com\\\/noticias\\\/category\\\/actualidad\\\/\",\"nextItem\":{\"@type\":\"ListItem\",\"@id\":\"https:\\\/\\\/www.eldigitaldeasturias.com\\\/noticias\\\/fallece-ray-tomlinson-el-padre-del-correo-electronico\\\/#listItem\",\"name\":\"Fallece Ray Tomlinson, el padre del correo electr\\u00f3nico\"},\"previousItem\":{\"@type\":\"ListItem\",\"@id\":\"https:\\\/\\\/www.eldigitaldeasturias.com\\\/noticias#listItem\",\"name\":\"Home\"}},{\"@type\":\"ListItem\",\"@id\":\"https:\\\/\\\/www.eldigitaldeasturias.com\\\/noticias\\\/fallece-ray-tomlinson-el-padre-del-correo-electronico\\\/#listItem\",\"position\":3,\"name\":\"Fallece Ray Tomlinson, el padre del correo electr\\u00f3nico\",\"previousItem\":{\"@type\":\"ListItem\",\"@id\":\"https:\\\/\\\/www.eldigitaldeasturias.com\\\/noticias\\\/category\\\/actualidad\\\/#listItem\",\"name\":\"Actualidad\"}}]},{\"@type\":\"Organization\",\"@id\":\"https:\\\/\\\/www.eldigitaldeasturias.com\\\/noticias\\\/#organization\",\"name\":\"El Digital de Asturias\",\"description\":\"Hemeroteca\",\"url\":\"https:\\\/\\\/www.eldigitaldeasturias.com\\\/noticias\\\/\",\"email\":\"info@eldigitaldeasturias.com\",\"telephone\":\"+34652131393\",\"logo\":{\"@type\":\"ImageObject\",\"url\":\"https:\\\/\\\/www.eldigitaldeasturias.com\\\/noticias\\\/wp-content\\\/uploads\\\/2020\\\/12\\\/EDA.jpg\",\"@id\":\"https:\\\/\\\/www.eldigitaldeasturias.com\\\/noticias\\\/fallece-ray-tomlinson-el-padre-del-correo-electronico\\\/#organizationLogo\",\"width\":649,\"height\":297},\"image\":{\"@id\":\"https:\\\/\\\/www.eldigitaldeasturias.com\\\/noticias\\\/fallece-ray-tomlinson-el-padre-del-correo-electronico\\\/#organizationLogo\"},\"sameAs\":[\"https:\\\/\\\/facebook.com\\\/eldigitaldeasturias\",\"https:\\\/\\\/www.youtube.com\\\/channel\\\/UCZP-2wLEB9Rv6erhFmqVnvg\"],\"address\":{\"@id\":\"https:\\\/\\\/www.eldigitaldeasturias.com\\\/noticias\\\/#postaladdress\",\"@type\":\"PostalAddress\",\"streetAddress\":\"san antonio 4,\",\"postalCode\":\"33430\",\"addressLocality\":\"Cand\\u00e1s\",\"addressRegion\":\"Asturias\",\"addressCountry\":\"ES\"}},{\"@type\":\"Person\",\"@id\":\"https:\\\/\\\/www.eldigitaldeasturias.com\\\/noticias\\\/author\\\/admin\\\/#author\",\"url\":\"https:\\\/\\\/www.eldigitaldeasturias.com\\\/noticias\\\/author\\\/admin\\\/\",\"name\":\"El Digital de Asturias\",\"image\":{\"@type\":\"ImageObject\",\"@id\":\"https:\\\/\\\/www.eldigitaldeasturias.com\\\/noticias\\\/fallece-ray-tomlinson-el-padre-del-correo-electronico\\\/#authorImage\",\"url\":\"https:\\\/\\\/www.eldigitaldeasturias.com\\\/noticias\\\/wp-content\\\/litespeed\\\/avatar\\\/18677e78aa0546b92d9dbf31ec7d7668.jpg?ver=1776685526\",\"width\":96,\"height\":96,\"caption\":\"El Digital de Asturias\"}},{\"@type\":\"WebPage\",\"@id\":\"https:\\\/\\\/www.eldigitaldeasturias.com\\\/noticias\\\/fallece-ray-tomlinson-el-padre-del-correo-electronico\\\/#webpage\",\"url\":\"https:\\\/\\\/www.eldigitaldeasturias.com\\\/noticias\\\/fallece-ray-tomlinson-el-padre-del-correo-electronico\\\/\",\"name\":\"Fallece Ray Tomlinson, el padre del correo electr\\u00f3nico - El Digital de Asturias\",\"description\":\"El ingeniero estadounidense Ray Tomlinson, a quien se atribuye la creaci\\u00f3n de la red social m\\u00e1s extendida del mundo, el correo electr\\u00f3nico, ha fallecido este s\\u00e1bado a los 74 a\\u00f1os de edad seg\\u00fan ha informado en su cuenta de Facebook su colega -- y uno de los responsables del del protocolo TCP\\\/IP -- Vinton Cerf.\",\"inLanguage\":\"es-ES\",\"isPartOf\":{\"@id\":\"https:\\\/\\\/www.eldigitaldeasturias.com\\\/noticias\\\/#website\"},\"breadcrumb\":{\"@id\":\"https:\\\/\\\/www.eldigitaldeasturias.com\\\/noticias\\\/fallece-ray-tomlinson-el-padre-del-correo-electronico\\\/#breadcrumblist\"},\"author\":{\"@id\":\"https:\\\/\\\/www.eldigitaldeasturias.com\\\/noticias\\\/author\\\/admin\\\/#author\"},\"creator\":{\"@id\":\"https:\\\/\\\/www.eldigitaldeasturias.com\\\/noticias\\\/author\\\/admin\\\/#author\"},\"image\":{\"@type\":\"ImageObject\",\"url\":\"https:\\\/\\\/www.eldigitaldeasturias.com\\\/noticias\\\/wp-content\\\/uploads\\\/2016\\\/03\\\/fotonoticia_20160306132002_800.jpg\",\"@id\":\"https:\\\/\\\/www.eldigitaldeasturias.com\\\/noticias\\\/fallece-ray-tomlinson-el-padre-del-correo-electronico\\\/#mainImage\",\"width\":800,\"height\":1064},\"primaryImageOfPage\":{\"@id\":\"https:\\\/\\\/www.eldigitaldeasturias.com\\\/noticias\\\/fallece-ray-tomlinson-el-padre-del-correo-electronico\\\/#mainImage\"},\"datePublished\":\"2016-03-06T14:26:53+01:00\",\"dateModified\":\"2016-03-06T14:26:53+01:00\"},{\"@type\":\"WebSite\",\"@id\":\"https:\\\/\\\/www.eldigitaldeasturias.com\\\/noticias\\\/#website\",\"url\":\"https:\\\/\\\/www.eldigitaldeasturias.com\\\/noticias\\\/\",\"name\":\"El Digital de Asturias - Diario de actualidad y noticias\",\"alternateName\":\"El Digital de Asturias - Diario de actualidad y noticias\",\"description\":\"Hemeroteca\",\"inLanguage\":\"es-ES\",\"publisher\":{\"@id\":\"https:\\\/\\\/www.eldigitaldeasturias.com\\\/noticias\\\/#organization\"}}]}\n\t\t<\/script>\n\t\t<!-- All in One SEO Pro -->\r\n\t\t<title>Fallece Ray Tomlinson, el padre del correo electr\u00f3nico - El Digital de Asturias<\/title>\n\n","aioseo_head_json":{"title":"Fallece Ray Tomlinson, el padre del correo electr\u00f3nico - El Digital de Asturias","description":"El ingeniero estadounidense Ray Tomlinson, a quien se atribuye la creaci\u00f3n de la red social m\u00e1s extendida del mundo, el correo electr\u00f3nico, ha fallecido este s\u00e1bado a los 74 a\u00f1os de edad seg\u00fan ha informado en su cuenta de Facebook su colega -- y uno de los responsables del del protocolo TCP\/IP -- Vinton Cerf.","canonical_url":"https:\/\/www.eldigitaldeasturias.com\/noticias\/fallece-ray-tomlinson-el-padre-del-correo-electronico\/","robots":"max-image-preview:large","keywords":"actualidad","webmasterTools":{"google-site-verification":"UA-38556648-1","msvalidate.01":"7dfe9f3f1b24437ab69f4f2559babe99","miscellaneous":""},"schema":{"@context":"https:\/\/schema.org","@graph":[{"@type":"BlogPosting","@id":"https:\/\/www.eldigitaldeasturias.com\/noticias\/fallece-ray-tomlinson-el-padre-del-correo-electronico\/#blogposting","name":"Fallece Ray Tomlinson, el padre del correo electr\u00f3nico - El Digital de Asturias","headline":"Fallece Ray Tomlinson, el padre del correo electr\u00f3nico","author":{"@id":"https:\/\/www.eldigitaldeasturias.com\/noticias\/author\/admin\/#author"},"publisher":{"@id":"https:\/\/www.eldigitaldeasturias.com\/noticias\/#organization"},"image":{"@type":"ImageObject","url":"https:\/\/www.eldigitaldeasturias.com\/noticias\/wp-content\/uploads\/2016\/03\/fotonoticia_20160306132002_800.jpg","width":800,"height":1064},"datePublished":"2016-03-06T14:26:53+01:00","dateModified":"2016-03-06T14:26:53+01:00","inLanguage":"es-ES","mainEntityOfPage":{"@id":"https:\/\/www.eldigitaldeasturias.com\/noticias\/fallece-ray-tomlinson-el-padre-del-correo-electronico\/#webpage"},"isPartOf":{"@id":"https:\/\/www.eldigitaldeasturias.com\/noticias\/fallece-ray-tomlinson-el-padre-del-correo-electronico\/#webpage"},"articleSection":"Actualidad"},{"@type":"BreadcrumbList","@id":"https:\/\/www.eldigitaldeasturias.com\/noticias\/fallece-ray-tomlinson-el-padre-del-correo-electronico\/#breadcrumblist","itemListElement":[{"@type":"ListItem","@id":"https:\/\/www.eldigitaldeasturias.com\/noticias#listItem","position":1,"name":"Home","item":"https:\/\/www.eldigitaldeasturias.com\/noticias","nextItem":{"@type":"ListItem","@id":"https:\/\/www.eldigitaldeasturias.com\/noticias\/category\/actualidad\/#listItem","name":"Actualidad"}},{"@type":"ListItem","@id":"https:\/\/www.eldigitaldeasturias.com\/noticias\/category\/actualidad\/#listItem","position":2,"name":"Actualidad","item":"https:\/\/www.eldigitaldeasturias.com\/noticias\/category\/actualidad\/","nextItem":{"@type":"ListItem","@id":"https:\/\/www.eldigitaldeasturias.com\/noticias\/fallece-ray-tomlinson-el-padre-del-correo-electronico\/#listItem","name":"Fallece Ray Tomlinson, el padre del correo electr\u00f3nico"},"previousItem":{"@type":"ListItem","@id":"https:\/\/www.eldigitaldeasturias.com\/noticias#listItem","name":"Home"}},{"@type":"ListItem","@id":"https:\/\/www.eldigitaldeasturias.com\/noticias\/fallece-ray-tomlinson-el-padre-del-correo-electronico\/#listItem","position":3,"name":"Fallece Ray Tomlinson, el padre del correo electr\u00f3nico","previousItem":{"@type":"ListItem","@id":"https:\/\/www.eldigitaldeasturias.com\/noticias\/category\/actualidad\/#listItem","name":"Actualidad"}}]},{"@type":"Organization","@id":"https:\/\/www.eldigitaldeasturias.com\/noticias\/#organization","name":"El Digital de Asturias","description":"Hemeroteca","url":"https:\/\/www.eldigitaldeasturias.com\/noticias\/","email":"info@eldigitaldeasturias.com","telephone":"+34652131393","logo":{"@type":"ImageObject","url":"https:\/\/www.eldigitaldeasturias.com\/noticias\/wp-content\/uploads\/2020\/12\/EDA.jpg","@id":"https:\/\/www.eldigitaldeasturias.com\/noticias\/fallece-ray-tomlinson-el-padre-del-correo-electronico\/#organizationLogo","width":649,"height":297},"image":{"@id":"https:\/\/www.eldigitaldeasturias.com\/noticias\/fallece-ray-tomlinson-el-padre-del-correo-electronico\/#organizationLogo"},"sameAs":["https:\/\/facebook.com\/eldigitaldeasturias","https:\/\/www.youtube.com\/channel\/UCZP-2wLEB9Rv6erhFmqVnvg"],"address":{"@id":"https:\/\/www.eldigitaldeasturias.com\/noticias\/#postaladdress","@type":"PostalAddress","streetAddress":"san antonio 4,","postalCode":"33430","addressLocality":"Cand\u00e1s","addressRegion":"Asturias","addressCountry":"ES"}},{"@type":"Person","@id":"https:\/\/www.eldigitaldeasturias.com\/noticias\/author\/admin\/#author","url":"https:\/\/www.eldigitaldeasturias.com\/noticias\/author\/admin\/","name":"El Digital de Asturias","image":{"@type":"ImageObject","@id":"https:\/\/www.eldigitaldeasturias.com\/noticias\/fallece-ray-tomlinson-el-padre-del-correo-electronico\/#authorImage","url":"https:\/\/www.eldigitaldeasturias.com\/noticias\/wp-content\/litespeed\/avatar\/18677e78aa0546b92d9dbf31ec7d7668.jpg?ver=1776685526","width":96,"height":96,"caption":"El Digital de Asturias"}},{"@type":"WebPage","@id":"https:\/\/www.eldigitaldeasturias.com\/noticias\/fallece-ray-tomlinson-el-padre-del-correo-electronico\/#webpage","url":"https:\/\/www.eldigitaldeasturias.com\/noticias\/fallece-ray-tomlinson-el-padre-del-correo-electronico\/","name":"Fallece Ray Tomlinson, el padre del correo electr\u00f3nico - El Digital de Asturias","description":"El ingeniero estadounidense Ray Tomlinson, a quien se atribuye la creaci\u00f3n de la red social m\u00e1s extendida del mundo, el correo electr\u00f3nico, ha fallecido este s\u00e1bado a los 74 a\u00f1os de edad seg\u00fan ha informado en su cuenta de Facebook su colega -- y uno de los responsables del del protocolo TCP\/IP -- Vinton Cerf.","inLanguage":"es-ES","isPartOf":{"@id":"https:\/\/www.eldigitaldeasturias.com\/noticias\/#website"},"breadcrumb":{"@id":"https:\/\/www.eldigitaldeasturias.com\/noticias\/fallece-ray-tomlinson-el-padre-del-correo-electronico\/#breadcrumblist"},"author":{"@id":"https:\/\/www.eldigitaldeasturias.com\/noticias\/author\/admin\/#author"},"creator":{"@id":"https:\/\/www.eldigitaldeasturias.com\/noticias\/author\/admin\/#author"},"image":{"@type":"ImageObject","url":"https:\/\/www.eldigitaldeasturias.com\/noticias\/wp-content\/uploads\/2016\/03\/fotonoticia_20160306132002_800.jpg","@id":"https:\/\/www.eldigitaldeasturias.com\/noticias\/fallece-ray-tomlinson-el-padre-del-correo-electronico\/#mainImage","width":800,"height":1064},"primaryImageOfPage":{"@id":"https:\/\/www.eldigitaldeasturias.com\/noticias\/fallece-ray-tomlinson-el-padre-del-correo-electronico\/#mainImage"},"datePublished":"2016-03-06T14:26:53+01:00","dateModified":"2016-03-06T14:26:53+01:00"},{"@type":"WebSite","@id":"https:\/\/www.eldigitaldeasturias.com\/noticias\/#website","url":"https:\/\/www.eldigitaldeasturias.com\/noticias\/","name":"El Digital de Asturias - Diario de actualidad y noticias","alternateName":"El Digital de Asturias - Diario de actualidad y noticias","description":"Hemeroteca","inLanguage":"es-ES","publisher":{"@id":"https:\/\/www.eldigitaldeasturias.com\/noticias\/#organization"}}]},"og:locale":"es_ES","og:site_name":"El Digital de Asturias","og:type":"article","og:title":"Fallece Ray Tomlinson, el padre del correo electr\u00f3nico - El Digital de Asturias","og:description":"El ingeniero estadounidense Ray Tomlinson, a quien se atribuye la creaci\u00f3n de la red social m\u00e1s extendida del mundo, el correo electr\u00f3nico, ha fallecido este s\u00e1bado a los 74 a\u00f1os de edad seg\u00fan ha informado en su cuenta de Facebook su colega -- y uno de los responsables del del protocolo TCP\/IP -- Vinton Cerf.","og:url":"https:\/\/www.eldigitaldeasturias.com\/noticias\/fallece-ray-tomlinson-el-padre-del-correo-electronico\/","og:image":"https:\/\/www.eldigitaldeasturias.com\/noticias\/wp-content\/uploads\/2016\/03\/fotonoticia_20160306132002_800.jpg","og:image:secure_url":"https:\/\/www.eldigitaldeasturias.com\/noticias\/wp-content\/uploads\/2016\/03\/fotonoticia_20160306132002_800.jpg","og:image:width":800,"og:image:height":1064,"article:tag":["actualidad"],"article:published_time":"2016-03-06T14:26:53+00:00","article:modified_time":"2016-03-06T14:26:53+00:00","article:publisher":"https:\/\/facebook.com\/eldigitaldeasturias","twitter:card":"summary_large_image","twitter:title":"Fallece Ray Tomlinson, el padre del correo electr\u00f3nico - El Digital de Asturias","twitter:description":"El ingeniero estadounidense Ray Tomlinson, a quien se atribuye la creaci\u00f3n de la red social m\u00e1s extendida del mundo, el correo electr\u00f3nico, ha fallecido este s\u00e1bado a los 74 a\u00f1os de edad seg\u00fan ha informado en su cuenta de Facebook su colega -- y uno de los responsables del del protocolo TCP\/IP -- Vinton Cerf.","twitter:image":"https:\/\/www.eldigitaldeasturias.com\/noticias\/wp-content\/uploads\/2016\/03\/fotonoticia_20160306132002_800.jpg","twitter:label1":"Escrito por","twitter:data1":"El Digital de Asturias","twitter:label2":"Tiempo de lectura estimado","twitter:data2":"1 minuto"},"aioseo_meta_data":{"post_id":"863256","title":null,"description":null,"keywords":null,"keyphrases":null,"primary_term":null,"canonical_url":null,"og_title":null,"og_description":null,"og_object_type":"default","og_image_type":"default","og_image_url":null,"og_image_width":null,"og_image_height":null,"og_image_custom_url":null,"og_image_custom_fields":null,"og_video":null,"og_custom_url":null,"og_article_section":null,"og_article_tags":null,"twitter_use_og":false,"twitter_card":"default","twitter_image_type":"default","twitter_image_url":null,"twitter_image_custom_url":null,"twitter_image_custom_fields":null,"twitter_title":null,"twitter_description":null,"schema":{"blockGraphs":[],"customGraphs":[],"default":{"data":{"Article":[],"Course":[],"Dataset":[],"FAQPage":[],"Movie":[],"Person":[],"Product":[],"ProductReview":[],"Car":[],"Recipe":[],"Service":[],"SoftwareApplication":[],"WebPage":[]},"graphName":"","isEnabled":true},"graphs":[],"defaultGraph":"","defaultPostTypeGraph":""},"schema_type":null,"schema_type_options":null,"pillar_content":false,"robots_default":true,"robots_noindex":false,"robots_noarchive":false,"robots_nosnippet":false,"robots_nofollow":false,"robots_noimageindex":false,"robots_noodp":false,"robots_notranslate":false,"robots_max_snippet":null,"robots_max_videopreview":null,"robots_max_imagepreview":"large","priority":null,"frequency":null,"local_seo":null,"seo_analyzer_scan_date":"2025-12-11 04:58:24","breadcrumb_settings":null,"limit_modified_date":false,"open_ai":null,"ai":null,"created":"2021-01-23 01:17:51","updated":"2025-12-11 04:58:24"},"aioseo_breadcrumb":"<div class=\"aioseo-breadcrumbs\"><span class=\"aioseo-breadcrumb\">\n\t<a href=\"https:\/\/www.eldigitaldeasturias.com\/noticias\" title=\"Home\">Home<\/a>\n<\/span><span class=\"aioseo-breadcrumb-separator\">\u2013<\/span><span class=\"aioseo-breadcrumb\">\n\t<a href=\"https:\/\/www.eldigitaldeasturias.com\/noticias\/category\/actualidad\/\" title=\"Actualidad\">Actualidad<\/a>\n<\/span><span class=\"aioseo-breadcrumb-separator\">\u2013<\/span><span class=\"aioseo-breadcrumb\">\n\t<a href=\"https:\/\/www.eldigitaldeasturias.com\/noticias\/fallece-ray-tomlinson-el-padre-del-correo-electronico\/\" title=\"Fallece Ray Tomlinson, el padre del correo electr\u00f3nico\">Fallece Ray Tomlinson, el padre del correo electr\u00f3nico<\/a>\n<\/span><\/div>","aioseo_breadcrumb_json":[{"label":"Home","link":"https:\/\/www.eldigitaldeasturias.com\/noticias"},{"label":"Actualidad","link":"https:\/\/www.eldigitaldeasturias.com\/noticias\/category\/actualidad\/"},{"label":"Fallece Ray Tomlinson, el padre del correo electr\u00f3nico","link":"https:\/\/www.eldigitaldeasturias.com\/noticias\/fallece-ray-tomlinson-el-padre-del-correo-electronico\/"}],"_links":{"self":[{"href":"https:\/\/www.eldigitaldeasturias.com\/noticias\/wp-json\/wp\/v2\/posts\/863256","targetHints":{"allow":["GET"]}}],"collection":[{"href":"https:\/\/www.eldigitaldeasturias.com\/noticias\/wp-json\/wp\/v2\/posts"}],"about":[{"href":"https:\/\/www.eldigitaldeasturias.com\/noticias\/wp-json\/wp\/v2\/types\/post"}],"author":[{"embeddable":true,"href":"https:\/\/www.eldigitaldeasturias.com\/noticias\/wp-json\/wp\/v2\/users\/1"}],"replies":[{"embeddable":true,"href":"https:\/\/www.eldigitaldeasturias.com\/noticias\/wp-json\/wp\/v2\/comments?post=863256"}],"version-history":[{"count":0,"href":"https:\/\/www.eldigitaldeasturias.com\/noticias\/wp-json\/wp\/v2\/posts\/863256\/revisions"}],"wp:featuredmedia":[{"embeddable":true,"href":"https:\/\/www.eldigitaldeasturias.com\/noticias\/wp-json\/wp\/v2\/media\/863257"}],"wp:attachment":[{"href":"https:\/\/www.eldigitaldeasturias.com\/noticias\/wp-json\/wp\/v2\/media?parent=863256"}],"wp:term":[{"taxonomy":"category","embeddable":true,"href":"https:\/\/www.eldigitaldeasturias.com\/noticias\/wp-json\/wp\/v2\/categories?post=863256"},{"taxonomy":"post_tag","embeddable":true,"href":"https:\/\/www.eldigitaldeasturias.com\/noticias\/wp-json\/wp\/v2\/tags?post=863256"}],"curies":[{"name":"wp","href":"https:\/\/api.w.org\/{rel}","templated":true}]}}