{"id":861615,"date":"2016-02-25T06:09:12","date_gmt":"2016-02-25T06:09:12","guid":{"rendered":"http:\/\/www.eldigitaldeasturias.com\/noticias\/?p=861615"},"modified":"2016-02-25T07:10:18","modified_gmt":"2016-02-25T07:10:18","slug":"derrota-de-la-pareja-marrero-carreno-en-rio","status":"publish","type":"post","link":"https:\/\/www.eldigitaldeasturias.com\/noticias\/derrota-de-la-pareja-marrero-carreno-en-rio\/","title":{"rendered":"Derrota de la pareja Marrero-Carre\u00f1o en R\u00edo"},"content":{"rendered":"<p><img loading=\"lazy\" decoding=\"async\" class=\"alignleft size-medium wp-image-861616\" src=\"https:\/\/www.eldigitaldeasturias.com\/noticias\/wp-content\/uploads\/2016\/02\/6592_Foto-360x270.jpg\" alt=\"6592_Foto\" width=\"360\" height=\"270\" srcset=\"https:\/\/www.eldigitaldeasturias.com\/noticias\/wp-content\/uploads\/2016\/02\/6592_Foto-360x270.jpg 360w, https:\/\/www.eldigitaldeasturias.com\/noticias\/wp-content\/uploads\/2016\/02\/6592_Foto-125x95.jpg 125w, https:\/\/www.eldigitaldeasturias.com\/noticias\/wp-content\/uploads\/2016\/02\/6592_Foto-100x75.jpg 100w, https:\/\/www.eldigitaldeasturias.com\/noticias\/wp-content\/uploads\/2016\/02\/6592_Foto.jpg 471w\" sizes=\"auto, (max-width: 360px) 100vw, 360px\" \/>La pareja espa\u00f1ola formada por el canario David Marrero y el gijon\u00e9s Pablo Carre\u00f1o, se ha quedado a las puertas del t\u00edtulo de dobles en el torneo de R\u00edo de Janeiro tras caer en la final ante los colombianos Juan Sebasti\u00e1n Cabal y Roberto Farah 7-6(5) 6-1.<\/p>\n<p>La final de dobles en R\u00edo de Janeiro es la segunda del a\u00f1o y en la carrera de Pablo Carre\u00f1o que ven\u00eda de conquistar hace 15 d\u00edas su primer t\u00edtulo en el torneo de Quito junto al argentino Guillermo Dur\u00e1n. Para Marrero ha sido la n\u00famero 24 de su carrera en el primer torneo que ha disputado esta temporada.<\/p>\n<p>En la competici\u00f3n individual Rafael Nadal se quedaba por segunda semana consecutiva a las puertas de la final en la gira sudamericana de tierra tras ser semifinalista tambi\u00e9n la semana anterior en Buenos Aires. David Ferrer se qued\u00f3 en los cuartos al verse superado por el austriaco Dominic Thiem 6-3 y 6-2, al igual que Daniel Gimeno ante el argentino Guido Pella, 5-7, 6-1 y 7-5, finalista posterior.<\/p>\n<p>En la prueba individual, Rafal Nadal se vio superado en las semifinales ante el campe\u00f3n posterior, el uruguayo Pablo Cuevas, por 6-7(6), 7-6(3) y 6-4.<\/p>\n<p>&nbsp;<\/p>\n","protected":false},"excerpt":{"rendered":"<p>La pareja espa\u00f1ola formada por el canario David Marrero y el gijon\u00e9s Pablo Carre\u00f1o, se ha quedado a las puertas del t\u00edtulo de dobles en el torneo de R\u00edo de Janeiro tras caer en la final ante los colombianos Juan Sebasti\u00e1n Cabal y Roberto Farah 7-6(5) 6-1. La final de dobles en R\u00edo de Janeiro [&hellip;]<\/p>\n","protected":false},"author":1,"featured_media":861616,"comment_status":"closed","ping_status":"closed","sticky":false,"template":"","format":"standard","meta":{"footnotes":""},"categories":[1],"tags":[],"class_list":["post-861615","post","type-post","status-publish","format-standard","has-post-thumbnail","hentry","category-actualidad"],"aioseo_notices":[],"aioseo_head":"\n\t\t<!-- All in One SEO Pro 4.9.6.2 - aioseo.com -->\n\t<meta name=\"description\" content=\"La pareja espa\u00f1ola formada por el canario David Marrero y el gijon\u00e9s Pablo Carre\u00f1o, se ha quedado a las puertas del t\u00edtulo de dobles en el torneo de R\u00edo de Janeiro tras caer en la final ante los colombianos Juan Sebasti\u00e1n Cabal y Roberto Farah 7-6(5) 6-1. La final de dobles en R\u00edo de Janeiro\" \/>\n\t<meta name=\"robots\" content=\"max-image-preview:large\" \/>\n\t<meta name=\"author\" content=\"El Digital de Asturias\"\/>\n\t<meta name=\"google-site-verification\" content=\"UA-38556648-1\" \/>\n\t<meta name=\"msvalidate.01\" content=\"7dfe9f3f1b24437ab69f4f2559babe99\" \/>\n\t<meta name=\"keywords\" content=\"actualidad\" \/>\n\t<link rel=\"canonical\" href=\"https:\/\/www.eldigitaldeasturias.com\/noticias\/derrota-de-la-pareja-marrero-carreno-en-rio\/\" \/>\n\t<meta name=\"generator\" content=\"All in One SEO Pro (AIOSEO) 4.9.6.2\" \/>\n\t\t<meta property=\"og:locale\" content=\"es_ES\" \/>\n\t\t<meta property=\"og:site_name\" content=\"El Digital de Asturias\" \/>\n\t\t<meta property=\"og:type\" content=\"article\" \/>\n\t\t<meta property=\"og:title\" content=\"Derrota de la pareja Marrero-Carre\u00f1o en R\u00edo - El Digital de Asturias\" \/>\n\t\t<meta property=\"og:description\" content=\"La pareja espa\u00f1ola formada por el canario David Marrero y el gijon\u00e9s Pablo Carre\u00f1o, se ha quedado a las puertas del t\u00edtulo de dobles en el torneo de R\u00edo de Janeiro tras caer en la final ante los colombianos Juan Sebasti\u00e1n Cabal y Roberto Farah 7-6(5) 6-1. La final de dobles en R\u00edo de Janeiro\" \/>\n\t\t<meta property=\"og:url\" content=\"https:\/\/www.eldigitaldeasturias.com\/noticias\/derrota-de-la-pareja-marrero-carreno-en-rio\/\" \/>\n\t\t<meta property=\"og:image\" content=\"https:\/\/www.eldigitaldeasturias.com\/noticias\/wp-content\/uploads\/2016\/02\/6592_Foto.jpg\" \/>\n\t\t<meta property=\"og:image:secure_url\" content=\"https:\/\/www.eldigitaldeasturias.com\/noticias\/wp-content\/uploads\/2016\/02\/6592_Foto.jpg\" \/>\n\t\t<meta property=\"og:image:width\" content=\"471\" \/>\n\t\t<meta property=\"og:image:height\" content=\"353\" \/>\n\t\t<meta property=\"article:tag\" content=\"actualidad\" \/>\n\t\t<meta property=\"article:published_time\" content=\"2016-02-25T06:09:12+00:00\" \/>\n\t\t<meta property=\"article:modified_time\" content=\"2016-02-25T07:10:18+00:00\" \/>\n\t\t<meta property=\"article:publisher\" content=\"https:\/\/facebook.com\/eldigitaldeasturias\" \/>\n\t\t<meta name=\"twitter:card\" content=\"summary_large_image\" \/>\n\t\t<meta name=\"twitter:title\" content=\"Derrota de la pareja Marrero-Carre\u00f1o en R\u00edo - El Digital de Asturias\" \/>\n\t\t<meta name=\"twitter:description\" content=\"La pareja espa\u00f1ola formada por el canario David Marrero y el gijon\u00e9s Pablo Carre\u00f1o, se ha quedado a las puertas del t\u00edtulo de dobles en el torneo de R\u00edo de Janeiro tras caer en la final ante los colombianos Juan Sebasti\u00e1n Cabal y Roberto Farah 7-6(5) 6-1. La final de dobles en R\u00edo de Janeiro\" \/>\n\t\t<meta name=\"twitter:image\" content=\"https:\/\/www.eldigitaldeasturias.com\/noticias\/wp-content\/uploads\/2016\/02\/6592_Foto.jpg\" \/>\n\t\t<meta name=\"twitter:label1\" content=\"Escrito por\" \/>\n\t\t<meta name=\"twitter:data1\" content=\"El Digital de Asturias\" \/>\n\t\t<meta name=\"twitter:label2\" content=\"Tiempo de lectura estimado\" \/>\n\t\t<meta name=\"twitter:data2\" content=\"1 minuto\" \/>\n\t\t<script type=\"application\/ld+json\" class=\"aioseo-schema\">\n\t\t\t{\"@context\":\"https:\\\/\\\/schema.org\",\"@graph\":[{\"@type\":\"BlogPosting\",\"@id\":\"https:\\\/\\\/www.eldigitaldeasturias.com\\\/noticias\\\/derrota-de-la-pareja-marrero-carreno-en-rio\\\/#blogposting\",\"name\":\"Derrota de la pareja Marrero-Carre\\u00f1o en R\\u00edo - El Digital de Asturias\",\"headline\":\"Derrota de la pareja Marrero-Carre\\u00f1o en R\\u00edo\",\"author\":{\"@id\":\"https:\\\/\\\/www.eldigitaldeasturias.com\\\/noticias\\\/author\\\/admin\\\/#author\"},\"publisher\":{\"@id\":\"https:\\\/\\\/www.eldigitaldeasturias.com\\\/noticias\\\/#organization\"},\"image\":{\"@type\":\"ImageObject\",\"url\":\"https:\\\/\\\/www.eldigitaldeasturias.com\\\/noticias\\\/wp-content\\\/uploads\\\/2016\\\/02\\\/6592_Foto.jpg\",\"width\":471,\"height\":353},\"datePublished\":\"2016-02-25T06:09:12+01:00\",\"dateModified\":\"2016-02-25T07:10:18+01:00\",\"inLanguage\":\"es-ES\",\"mainEntityOfPage\":{\"@id\":\"https:\\\/\\\/www.eldigitaldeasturias.com\\\/noticias\\\/derrota-de-la-pareja-marrero-carreno-en-rio\\\/#webpage\"},\"isPartOf\":{\"@id\":\"https:\\\/\\\/www.eldigitaldeasturias.com\\\/noticias\\\/derrota-de-la-pareja-marrero-carreno-en-rio\\\/#webpage\"},\"articleSection\":\"Actualidad\"},{\"@type\":\"BreadcrumbList\",\"@id\":\"https:\\\/\\\/www.eldigitaldeasturias.com\\\/noticias\\\/derrota-de-la-pareja-marrero-carreno-en-rio\\\/#breadcrumblist\",\"itemListElement\":[{\"@type\":\"ListItem\",\"@id\":\"https:\\\/\\\/www.eldigitaldeasturias.com\\\/noticias#listItem\",\"position\":1,\"name\":\"Home\",\"item\":\"https:\\\/\\\/www.eldigitaldeasturias.com\\\/noticias\",\"nextItem\":{\"@type\":\"ListItem\",\"@id\":\"https:\\\/\\\/www.eldigitaldeasturias.com\\\/noticias\\\/category\\\/actualidad\\\/#listItem\",\"name\":\"Actualidad\"}},{\"@type\":\"ListItem\",\"@id\":\"https:\\\/\\\/www.eldigitaldeasturias.com\\\/noticias\\\/category\\\/actualidad\\\/#listItem\",\"position\":2,\"name\":\"Actualidad\",\"item\":\"https:\\\/\\\/www.eldigitaldeasturias.com\\\/noticias\\\/category\\\/actualidad\\\/\",\"nextItem\":{\"@type\":\"ListItem\",\"@id\":\"https:\\\/\\\/www.eldigitaldeasturias.com\\\/noticias\\\/derrota-de-la-pareja-marrero-carreno-en-rio\\\/#listItem\",\"name\":\"Derrota de la pareja Marrero-Carre\\u00f1o en R\\u00edo\"},\"previousItem\":{\"@type\":\"ListItem\",\"@id\":\"https:\\\/\\\/www.eldigitaldeasturias.com\\\/noticias#listItem\",\"name\":\"Home\"}},{\"@type\":\"ListItem\",\"@id\":\"https:\\\/\\\/www.eldigitaldeasturias.com\\\/noticias\\\/derrota-de-la-pareja-marrero-carreno-en-rio\\\/#listItem\",\"position\":3,\"name\":\"Derrota de la pareja Marrero-Carre\\u00f1o en R\\u00edo\",\"previousItem\":{\"@type\":\"ListItem\",\"@id\":\"https:\\\/\\\/www.eldigitaldeasturias.com\\\/noticias\\\/category\\\/actualidad\\\/#listItem\",\"name\":\"Actualidad\"}}]},{\"@type\":\"Organization\",\"@id\":\"https:\\\/\\\/www.eldigitaldeasturias.com\\\/noticias\\\/#organization\",\"name\":\"El Digital de Asturias\",\"description\":\"Hemeroteca\",\"url\":\"https:\\\/\\\/www.eldigitaldeasturias.com\\\/noticias\\\/\",\"email\":\"info@eldigitaldeasturias.com\",\"telephone\":\"+34652131393\",\"logo\":{\"@type\":\"ImageObject\",\"url\":\"https:\\\/\\\/www.eldigitaldeasturias.com\\\/noticias\\\/wp-content\\\/uploads\\\/2020\\\/12\\\/EDA.jpg\",\"@id\":\"https:\\\/\\\/www.eldigitaldeasturias.com\\\/noticias\\\/derrota-de-la-pareja-marrero-carreno-en-rio\\\/#organizationLogo\",\"width\":649,\"height\":297},\"image\":{\"@id\":\"https:\\\/\\\/www.eldigitaldeasturias.com\\\/noticias\\\/derrota-de-la-pareja-marrero-carreno-en-rio\\\/#organizationLogo\"},\"sameAs\":[\"https:\\\/\\\/facebook.com\\\/eldigitaldeasturias\",\"https:\\\/\\\/www.youtube.com\\\/channel\\\/UCZP-2wLEB9Rv6erhFmqVnvg\"],\"address\":{\"@id\":\"https:\\\/\\\/www.eldigitaldeasturias.com\\\/noticias\\\/#postaladdress\",\"@type\":\"PostalAddress\",\"streetAddress\":\"san antonio 4,\",\"postalCode\":\"33430\",\"addressLocality\":\"Cand\\u00e1s\",\"addressRegion\":\"Asturias\",\"addressCountry\":\"ES\"}},{\"@type\":\"Person\",\"@id\":\"https:\\\/\\\/www.eldigitaldeasturias.com\\\/noticias\\\/author\\\/admin\\\/#author\",\"url\":\"https:\\\/\\\/www.eldigitaldeasturias.com\\\/noticias\\\/author\\\/admin\\\/\",\"name\":\"El Digital de Asturias\",\"image\":{\"@type\":\"ImageObject\",\"@id\":\"https:\\\/\\\/www.eldigitaldeasturias.com\\\/noticias\\\/derrota-de-la-pareja-marrero-carreno-en-rio\\\/#authorImage\",\"url\":\"https:\\\/\\\/www.eldigitaldeasturias.com\\\/noticias\\\/wp-content\\\/litespeed\\\/avatar\\\/18677e78aa0546b92d9dbf31ec7d7668.jpg?ver=1776685526\",\"width\":96,\"height\":96,\"caption\":\"El Digital de Asturias\"}},{\"@type\":\"WebPage\",\"@id\":\"https:\\\/\\\/www.eldigitaldeasturias.com\\\/noticias\\\/derrota-de-la-pareja-marrero-carreno-en-rio\\\/#webpage\",\"url\":\"https:\\\/\\\/www.eldigitaldeasturias.com\\\/noticias\\\/derrota-de-la-pareja-marrero-carreno-en-rio\\\/\",\"name\":\"Derrota de la pareja Marrero-Carre\\u00f1o en R\\u00edo - El Digital de Asturias\",\"description\":\"La pareja espa\\u00f1ola formada por el canario David Marrero y el gijon\\u00e9s Pablo Carre\\u00f1o, se ha quedado a las puertas del t\\u00edtulo de dobles en el torneo de R\\u00edo de Janeiro tras caer en la final ante los colombianos Juan Sebasti\\u00e1n Cabal y Roberto Farah 7-6(5) 6-1. La final de dobles en R\\u00edo de Janeiro\",\"inLanguage\":\"es-ES\",\"isPartOf\":{\"@id\":\"https:\\\/\\\/www.eldigitaldeasturias.com\\\/noticias\\\/#website\"},\"breadcrumb\":{\"@id\":\"https:\\\/\\\/www.eldigitaldeasturias.com\\\/noticias\\\/derrota-de-la-pareja-marrero-carreno-en-rio\\\/#breadcrumblist\"},\"author\":{\"@id\":\"https:\\\/\\\/www.eldigitaldeasturias.com\\\/noticias\\\/author\\\/admin\\\/#author\"},\"creator\":{\"@id\":\"https:\\\/\\\/www.eldigitaldeasturias.com\\\/noticias\\\/author\\\/admin\\\/#author\"},\"image\":{\"@type\":\"ImageObject\",\"url\":\"https:\\\/\\\/www.eldigitaldeasturias.com\\\/noticias\\\/wp-content\\\/uploads\\\/2016\\\/02\\\/6592_Foto.jpg\",\"@id\":\"https:\\\/\\\/www.eldigitaldeasturias.com\\\/noticias\\\/derrota-de-la-pareja-marrero-carreno-en-rio\\\/#mainImage\",\"width\":471,\"height\":353},\"primaryImageOfPage\":{\"@id\":\"https:\\\/\\\/www.eldigitaldeasturias.com\\\/noticias\\\/derrota-de-la-pareja-marrero-carreno-en-rio\\\/#mainImage\"},\"datePublished\":\"2016-02-25T06:09:12+01:00\",\"dateModified\":\"2016-02-25T07:10:18+01:00\"},{\"@type\":\"WebSite\",\"@id\":\"https:\\\/\\\/www.eldigitaldeasturias.com\\\/noticias\\\/#website\",\"url\":\"https:\\\/\\\/www.eldigitaldeasturias.com\\\/noticias\\\/\",\"name\":\"El Digital de Asturias - Diario de actualidad y noticias\",\"alternateName\":\"El Digital de Asturias - Diario de actualidad y noticias\",\"description\":\"Hemeroteca\",\"inLanguage\":\"es-ES\",\"publisher\":{\"@id\":\"https:\\\/\\\/www.eldigitaldeasturias.com\\\/noticias\\\/#organization\"}}]}\n\t\t<\/script>\n\t\t<!-- All in One SEO Pro -->\r\n\t\t<title>Derrota de la pareja Marrero-Carre\u00f1o en R\u00edo - El Digital de Asturias<\/title>\n\n","aioseo_head_json":{"title":"Derrota de la pareja Marrero-Carre\u00f1o en R\u00edo - El Digital de Asturias","description":"La pareja espa\u00f1ola formada por el canario David Marrero y el gijon\u00e9s Pablo Carre\u00f1o, se ha quedado a las puertas del t\u00edtulo de dobles en el torneo de R\u00edo de Janeiro tras caer en la final ante los colombianos Juan Sebasti\u00e1n Cabal y Roberto Farah 7-6(5) 6-1. La final de dobles en R\u00edo de Janeiro","canonical_url":"https:\/\/www.eldigitaldeasturias.com\/noticias\/derrota-de-la-pareja-marrero-carreno-en-rio\/","robots":"max-image-preview:large","keywords":"actualidad","webmasterTools":{"google-site-verification":"UA-38556648-1","msvalidate.01":"7dfe9f3f1b24437ab69f4f2559babe99","miscellaneous":""},"schema":{"@context":"https:\/\/schema.org","@graph":[{"@type":"BlogPosting","@id":"https:\/\/www.eldigitaldeasturias.com\/noticias\/derrota-de-la-pareja-marrero-carreno-en-rio\/#blogposting","name":"Derrota de la pareja Marrero-Carre\u00f1o en R\u00edo - El Digital de Asturias","headline":"Derrota de la pareja Marrero-Carre\u00f1o en R\u00edo","author":{"@id":"https:\/\/www.eldigitaldeasturias.com\/noticias\/author\/admin\/#author"},"publisher":{"@id":"https:\/\/www.eldigitaldeasturias.com\/noticias\/#organization"},"image":{"@type":"ImageObject","url":"https:\/\/www.eldigitaldeasturias.com\/noticias\/wp-content\/uploads\/2016\/02\/6592_Foto.jpg","width":471,"height":353},"datePublished":"2016-02-25T06:09:12+01:00","dateModified":"2016-02-25T07:10:18+01:00","inLanguage":"es-ES","mainEntityOfPage":{"@id":"https:\/\/www.eldigitaldeasturias.com\/noticias\/derrota-de-la-pareja-marrero-carreno-en-rio\/#webpage"},"isPartOf":{"@id":"https:\/\/www.eldigitaldeasturias.com\/noticias\/derrota-de-la-pareja-marrero-carreno-en-rio\/#webpage"},"articleSection":"Actualidad"},{"@type":"BreadcrumbList","@id":"https:\/\/www.eldigitaldeasturias.com\/noticias\/derrota-de-la-pareja-marrero-carreno-en-rio\/#breadcrumblist","itemListElement":[{"@type":"ListItem","@id":"https:\/\/www.eldigitaldeasturias.com\/noticias#listItem","position":1,"name":"Home","item":"https:\/\/www.eldigitaldeasturias.com\/noticias","nextItem":{"@type":"ListItem","@id":"https:\/\/www.eldigitaldeasturias.com\/noticias\/category\/actualidad\/#listItem","name":"Actualidad"}},{"@type":"ListItem","@id":"https:\/\/www.eldigitaldeasturias.com\/noticias\/category\/actualidad\/#listItem","position":2,"name":"Actualidad","item":"https:\/\/www.eldigitaldeasturias.com\/noticias\/category\/actualidad\/","nextItem":{"@type":"ListItem","@id":"https:\/\/www.eldigitaldeasturias.com\/noticias\/derrota-de-la-pareja-marrero-carreno-en-rio\/#listItem","name":"Derrota de la pareja Marrero-Carre\u00f1o en R\u00edo"},"previousItem":{"@type":"ListItem","@id":"https:\/\/www.eldigitaldeasturias.com\/noticias#listItem","name":"Home"}},{"@type":"ListItem","@id":"https:\/\/www.eldigitaldeasturias.com\/noticias\/derrota-de-la-pareja-marrero-carreno-en-rio\/#listItem","position":3,"name":"Derrota de la pareja Marrero-Carre\u00f1o en R\u00edo","previousItem":{"@type":"ListItem","@id":"https:\/\/www.eldigitaldeasturias.com\/noticias\/category\/actualidad\/#listItem","name":"Actualidad"}}]},{"@type":"Organization","@id":"https:\/\/www.eldigitaldeasturias.com\/noticias\/#organization","name":"El Digital de Asturias","description":"Hemeroteca","url":"https:\/\/www.eldigitaldeasturias.com\/noticias\/","email":"info@eldigitaldeasturias.com","telephone":"+34652131393","logo":{"@type":"ImageObject","url":"https:\/\/www.eldigitaldeasturias.com\/noticias\/wp-content\/uploads\/2020\/12\/EDA.jpg","@id":"https:\/\/www.eldigitaldeasturias.com\/noticias\/derrota-de-la-pareja-marrero-carreno-en-rio\/#organizationLogo","width":649,"height":297},"image":{"@id":"https:\/\/www.eldigitaldeasturias.com\/noticias\/derrota-de-la-pareja-marrero-carreno-en-rio\/#organizationLogo"},"sameAs":["https:\/\/facebook.com\/eldigitaldeasturias","https:\/\/www.youtube.com\/channel\/UCZP-2wLEB9Rv6erhFmqVnvg"],"address":{"@id":"https:\/\/www.eldigitaldeasturias.com\/noticias\/#postaladdress","@type":"PostalAddress","streetAddress":"san antonio 4,","postalCode":"33430","addressLocality":"Cand\u00e1s","addressRegion":"Asturias","addressCountry":"ES"}},{"@type":"Person","@id":"https:\/\/www.eldigitaldeasturias.com\/noticias\/author\/admin\/#author","url":"https:\/\/www.eldigitaldeasturias.com\/noticias\/author\/admin\/","name":"El Digital de Asturias","image":{"@type":"ImageObject","@id":"https:\/\/www.eldigitaldeasturias.com\/noticias\/derrota-de-la-pareja-marrero-carreno-en-rio\/#authorImage","url":"https:\/\/www.eldigitaldeasturias.com\/noticias\/wp-content\/litespeed\/avatar\/18677e78aa0546b92d9dbf31ec7d7668.jpg?ver=1776685526","width":96,"height":96,"caption":"El Digital de Asturias"}},{"@type":"WebPage","@id":"https:\/\/www.eldigitaldeasturias.com\/noticias\/derrota-de-la-pareja-marrero-carreno-en-rio\/#webpage","url":"https:\/\/www.eldigitaldeasturias.com\/noticias\/derrota-de-la-pareja-marrero-carreno-en-rio\/","name":"Derrota de la pareja Marrero-Carre\u00f1o en R\u00edo - El Digital de Asturias","description":"La pareja espa\u00f1ola formada por el canario David Marrero y el gijon\u00e9s Pablo Carre\u00f1o, se ha quedado a las puertas del t\u00edtulo de dobles en el torneo de R\u00edo de Janeiro tras caer en la final ante los colombianos Juan Sebasti\u00e1n Cabal y Roberto Farah 7-6(5) 6-1. La final de dobles en R\u00edo de Janeiro","inLanguage":"es-ES","isPartOf":{"@id":"https:\/\/www.eldigitaldeasturias.com\/noticias\/#website"},"breadcrumb":{"@id":"https:\/\/www.eldigitaldeasturias.com\/noticias\/derrota-de-la-pareja-marrero-carreno-en-rio\/#breadcrumblist"},"author":{"@id":"https:\/\/www.eldigitaldeasturias.com\/noticias\/author\/admin\/#author"},"creator":{"@id":"https:\/\/www.eldigitaldeasturias.com\/noticias\/author\/admin\/#author"},"image":{"@type":"ImageObject","url":"https:\/\/www.eldigitaldeasturias.com\/noticias\/wp-content\/uploads\/2016\/02\/6592_Foto.jpg","@id":"https:\/\/www.eldigitaldeasturias.com\/noticias\/derrota-de-la-pareja-marrero-carreno-en-rio\/#mainImage","width":471,"height":353},"primaryImageOfPage":{"@id":"https:\/\/www.eldigitaldeasturias.com\/noticias\/derrota-de-la-pareja-marrero-carreno-en-rio\/#mainImage"},"datePublished":"2016-02-25T06:09:12+01:00","dateModified":"2016-02-25T07:10:18+01:00"},{"@type":"WebSite","@id":"https:\/\/www.eldigitaldeasturias.com\/noticias\/#website","url":"https:\/\/www.eldigitaldeasturias.com\/noticias\/","name":"El Digital de Asturias - Diario de actualidad y noticias","alternateName":"El Digital de Asturias - Diario de actualidad y noticias","description":"Hemeroteca","inLanguage":"es-ES","publisher":{"@id":"https:\/\/www.eldigitaldeasturias.com\/noticias\/#organization"}}]},"og:locale":"es_ES","og:site_name":"El Digital de Asturias","og:type":"article","og:title":"Derrota de la pareja Marrero-Carre\u00f1o en R\u00edo - El Digital de Asturias","og:description":"La pareja espa\u00f1ola formada por el canario David Marrero y el gijon\u00e9s Pablo Carre\u00f1o, se ha quedado a las puertas del t\u00edtulo de dobles en el torneo de R\u00edo de Janeiro tras caer en la final ante los colombianos Juan Sebasti\u00e1n Cabal y Roberto Farah 7-6(5) 6-1. La final de dobles en R\u00edo de Janeiro","og:url":"https:\/\/www.eldigitaldeasturias.com\/noticias\/derrota-de-la-pareja-marrero-carreno-en-rio\/","og:image":"https:\/\/www.eldigitaldeasturias.com\/noticias\/wp-content\/uploads\/2016\/02\/6592_Foto.jpg","og:image:secure_url":"https:\/\/www.eldigitaldeasturias.com\/noticias\/wp-content\/uploads\/2016\/02\/6592_Foto.jpg","og:image:width":471,"og:image:height":353,"article:tag":["actualidad"],"article:published_time":"2016-02-25T06:09:12+00:00","article:modified_time":"2016-02-25T07:10:18+00:00","article:publisher":"https:\/\/facebook.com\/eldigitaldeasturias","twitter:card":"summary_large_image","twitter:title":"Derrota de la pareja Marrero-Carre\u00f1o en R\u00edo - El Digital de Asturias","twitter:description":"La pareja espa\u00f1ola formada por el canario David Marrero y el gijon\u00e9s Pablo Carre\u00f1o, se ha quedado a las puertas del t\u00edtulo de dobles en el torneo de R\u00edo de Janeiro tras caer en la final ante los colombianos Juan Sebasti\u00e1n Cabal y Roberto Farah 7-6(5) 6-1. La final de dobles en R\u00edo de Janeiro","twitter:image":"https:\/\/www.eldigitaldeasturias.com\/noticias\/wp-content\/uploads\/2016\/02\/6592_Foto.jpg","twitter:label1":"Escrito por","twitter:data1":"El Digital de Asturias","twitter:label2":"Tiempo de lectura estimado","twitter:data2":"1 minuto"},"aioseo_meta_data":{"post_id":"861615","title":null,"description":null,"keywords":null,"keyphrases":null,"primary_term":null,"canonical_url":null,"og_title":null,"og_description":null,"og_object_type":"default","og_image_type":"default","og_image_url":null,"og_image_width":null,"og_image_height":null,"og_image_custom_url":null,"og_image_custom_fields":null,"og_video":null,"og_custom_url":null,"og_article_section":null,"og_article_tags":null,"twitter_use_og":false,"twitter_card":"default","twitter_image_type":"default","twitter_image_url":null,"twitter_image_custom_url":null,"twitter_image_custom_fields":null,"twitter_title":null,"twitter_description":null,"schema":{"blockGraphs":[],"customGraphs":[],"default":{"data":{"Article":[],"Course":[],"Dataset":[],"FAQPage":[],"Movie":[],"Person":[],"Product":[],"ProductReview":[],"Car":[],"Recipe":[],"Service":[],"SoftwareApplication":[],"WebPage":[]},"graphName":"","isEnabled":true},"graphs":[],"defaultGraph":"","defaultPostTypeGraph":""},"schema_type":null,"schema_type_options":null,"pillar_content":false,"robots_default":true,"robots_noindex":false,"robots_noarchive":false,"robots_nosnippet":false,"robots_nofollow":false,"robots_noimageindex":false,"robots_noodp":false,"robots_notranslate":false,"robots_max_snippet":null,"robots_max_videopreview":null,"robots_max_imagepreview":"large","priority":null,"frequency":null,"local_seo":null,"seo_analyzer_scan_date":"2025-12-10 21:51:12","breadcrumb_settings":null,"limit_modified_date":false,"open_ai":null,"ai":null,"created":"2021-01-23 15:02:12","updated":"2025-12-10 21:51:12"},"aioseo_breadcrumb":"<div class=\"aioseo-breadcrumbs\"><span class=\"aioseo-breadcrumb\">\n\t<a href=\"https:\/\/www.eldigitaldeasturias.com\/noticias\" title=\"Home\">Home<\/a>\n<\/span><span class=\"aioseo-breadcrumb-separator\">\u2013<\/span><span class=\"aioseo-breadcrumb\">\n\t<a href=\"https:\/\/www.eldigitaldeasturias.com\/noticias\/category\/actualidad\/\" title=\"Actualidad\">Actualidad<\/a>\n<\/span><span class=\"aioseo-breadcrumb-separator\">\u2013<\/span><span class=\"aioseo-breadcrumb\">\n\t<a href=\"https:\/\/www.eldigitaldeasturias.com\/noticias\/derrota-de-la-pareja-marrero-carreno-en-rio\/\" title=\"Derrota de la pareja Marrero-Carre\u00f1o en R\u00edo\">Derrota de la pareja Marrero-Carre\u00f1o en R\u00edo<\/a>\n<\/span><\/div>","aioseo_breadcrumb_json":[{"label":"Home","link":"https:\/\/www.eldigitaldeasturias.com\/noticias"},{"label":"Actualidad","link":"https:\/\/www.eldigitaldeasturias.com\/noticias\/category\/actualidad\/"},{"label":"Derrota de la pareja Marrero-Carre\u00f1o en R\u00edo","link":"https:\/\/www.eldigitaldeasturias.com\/noticias\/derrota-de-la-pareja-marrero-carreno-en-rio\/"}],"_links":{"self":[{"href":"https:\/\/www.eldigitaldeasturias.com\/noticias\/wp-json\/wp\/v2\/posts\/861615","targetHints":{"allow":["GET"]}}],"collection":[{"href":"https:\/\/www.eldigitaldeasturias.com\/noticias\/wp-json\/wp\/v2\/posts"}],"about":[{"href":"https:\/\/www.eldigitaldeasturias.com\/noticias\/wp-json\/wp\/v2\/types\/post"}],"author":[{"embeddable":true,"href":"https:\/\/www.eldigitaldeasturias.com\/noticias\/wp-json\/wp\/v2\/users\/1"}],"replies":[{"embeddable":true,"href":"https:\/\/www.eldigitaldeasturias.com\/noticias\/wp-json\/wp\/v2\/comments?post=861615"}],"version-history":[{"count":0,"href":"https:\/\/www.eldigitaldeasturias.com\/noticias\/wp-json\/wp\/v2\/posts\/861615\/revisions"}],"wp:featuredmedia":[{"embeddable":true,"href":"https:\/\/www.eldigitaldeasturias.com\/noticias\/wp-json\/wp\/v2\/media\/861616"}],"wp:attachment":[{"href":"https:\/\/www.eldigitaldeasturias.com\/noticias\/wp-json\/wp\/v2\/media?parent=861615"}],"wp:term":[{"taxonomy":"category","embeddable":true,"href":"https:\/\/www.eldigitaldeasturias.com\/noticias\/wp-json\/wp\/v2\/categories?post=861615"},{"taxonomy":"post_tag","embeddable":true,"href":"https:\/\/www.eldigitaldeasturias.com\/noticias\/wp-json\/wp\/v2\/tags?post=861615"}],"curies":[{"name":"wp","href":"https:\/\/api.w.org\/{rel}","templated":true}]}}