{"id":861601,"date":"2016-02-25T06:55:26","date_gmt":"2016-02-25T06:55:26","guid":{"rendered":"http:\/\/www.eldigitaldeasturias.com\/noticias\/?p=861601"},"modified":"2016-02-25T06:55:26","modified_gmt":"2016-02-25T06:55:26","slug":"las-regiones-industriales-de-la-ue-impulsan-su-alianza-en-bruselas","status":"publish","type":"post","link":"https:\/\/www.eldigitaldeasturias.com\/noticias\/las-regiones-industriales-de-la-ue-impulsan-su-alianza-en-bruselas\/","title":{"rendered":"Las regiones industriales de la UE impulsan su alianza en Bruselas"},"content":{"rendered":"<p><img loading=\"lazy\" decoding=\"async\" class=\"alignleft size-medium wp-image-709904\" src=\"https:\/\/www.eldigitaldeasturias.com\/noticias\/wp-content\/uploads\/2014\/12\/guillermo-martinez1-360x257.jpg\" alt=\"guillermo martinez\" width=\"360\" height=\"257\" srcset=\"https:\/\/www.eldigitaldeasturias.com\/noticias\/wp-content\/uploads\/2014\/12\/guillermo-martinez1-360x257.jpg 360w, https:\/\/www.eldigitaldeasturias.com\/noticias\/wp-content\/uploads\/2014\/12\/guillermo-martinez1-768x549.jpg 768w, https:\/\/www.eldigitaldeasturias.com\/noticias\/wp-content\/uploads\/2014\/12\/guillermo-martinez1-650x465.jpg 650w, https:\/\/www.eldigitaldeasturias.com\/noticias\/wp-content\/uploads\/2014\/12\/guillermo-martinez1.jpg 800w\" sizes=\"auto, (max-width: 360px) 100vw, 360px\" \/>El consejero de Presidencia y Participaci\u00f3n Ciudadana, Guillermo Mart\u00ednez, ha participado hoy en Bruselas en la reuni\u00f3n anual de Iniciativas de vanguardia, la red formada por 28 regiones industriales de la Uni\u00f3n Europea (UE), para analizar el trabajo desarrollado hasta ahora y planificar la agenda de este a\u00f1o, basada en el dise\u00f1o de estrategias relacionadas con la industria y programas de innovaci\u00f3n tecnol\u00f3gica.<\/p>\n<p>La reuni\u00f3n se divide en dos partes, la primera de las cuales ha consistido en una reuni\u00f3n de los responsables institucionales de las regiones, entre ellos Guillermo Mart\u00ednez, con el vicepresidente de la Comisi\u00f3n Europea, Jyrki Katainen. La segunda ser\u00e1 un encuentro empresarial, previsto para ma\u00f1ana, en el que participar\u00e1, bajo la coordinaci\u00f3n del Instituto para el Desarrollo Econ\u00f3mico del Principado (Idepa), una veintena de empresas, fundaciones y centros tecnol\u00f3gicos asturianos.<\/p>\n<p>El encuentro con el vicepresidente de la Comisi\u00f3n adquiere especial relevancia porque Jyrki Katainen es el responsable del desarrollo del plan de inversiones estrat\u00e9gicas (conocido como Plan Juncker), el programa con el que la UE pretende movilizar 315.000 millones de euros en inversiones p\u00fablicas y privadas para aumentar la competitividad e impulsar el crecimiento econ\u00f3mico a largo plazo.<\/p>\n<p>Ese plan entronca con la Estrategia Europa 2020, que pretende frenar la tendencia de declive industrial en el \u00e1mbito europeo para que este sector alcance el 20% del Producto Interior Bruto (PIB).<\/p>\n<p>Asturias se integr\u00f3 en Iniciativas de vanguardia en enero de 2014, cuando formaban parte de la red quince regiones. Desde entonces, se han sumado otras trece, lo que refleja la importancia creciente de esta agrupaci\u00f3n como socio clave para la Comisi\u00f3n Europea en el dise\u00f1o de estrategias industriales.<\/p>\n<p>Las regiones que integran esta alianza son, como el caso de Asturias, territorios donde la industria ha marcado su historia en los dos \u00faltimos siglos y que han logrado superar duros periodos de ajustes y reconversiones. Su PIB industrial oscila entre el 17,5% y el 35% y han dise\u00f1ado estrategias de especializaci\u00f3n inteligente para respaldar esta nueva pol\u00edtica industrial.<\/p>\n<p>Tal y como ha se\u00f1alado el consejero de Presidencia, Asturias, con un Producto Interior Bruto (PIB) industrial del 19,6%, frente al 15,5% de la media espa\u00f1ola y el 17% europeo, aporta a la estrategia dise\u00f1ada por este grupo de regiones la pujanza y modernizaci\u00f3n de los sectores sider\u00fargico, energ\u00e9tico y del metal, su potencial de crecimiento, su liderazgo en el tejido econ\u00f3mico regional y la posibilidad de fomentar acuerdos empresariales entre los territorios implicados.<\/p>\n<p>\u201cLa red tiene una importancia estrat\u00e9gica, porque va m\u00e1s all\u00e1 del \u00e1mbito pol\u00edtico e institucional al implicar a las empresas en sus grupos de trabajo, reuniendo a compa\u00f1\u00edas, fundaciones y centros de investigaci\u00f3n de distintas regiones con el fin de trabajar juntas y de forma complementaria, buscando soluciones y financiaci\u00f3n para ser m\u00e1s competitivas\u201d, ha subrayado Mart\u00ednez.<\/p>\n<p>Asturias est\u00e1 implicada en tres de las cinco \u00e1reas de trabajo o proyectos-piloto: aplicaciones de la energ\u00eda en ambientes hostiles, impresi\u00f3n en 3D y bioeconom\u00eda, para lo que cuenta con la colaboraci\u00f3n del Idepa, la Fundaci\u00f3n Instituto Tecnol\u00f3gico de Materiales (ITMA), la Fundaci\u00f3n Prodintec y la Universidad de Oviedo.<\/p>\n<p>&nbsp;<\/p>\n","protected":false},"excerpt":{"rendered":"<p>El consejero de Presidencia y Participaci\u00f3n Ciudadana, Guillermo Mart\u00ednez, ha participado hoy en Bruselas en la reuni\u00f3n anual de Iniciativas de vanguardia, la red formada por 28 regiones industriales de la Uni\u00f3n Europea (UE), para analizar el trabajo desarrollado hasta ahora y planificar la agenda de este a\u00f1o, basada en el dise\u00f1o de estrategias relacionadas [&hellip;]<\/p>\n","protected":false},"author":1,"featured_media":709904,"comment_status":"closed","ping_status":"closed","sticky":false,"template":"","format":"standard","meta":{"footnotes":""},"categories":[1],"tags":[],"class_list":["post-861601","post","type-post","status-publish","format-standard","has-post-thumbnail","hentry","category-actualidad"],"aioseo_notices":[],"aioseo_head":"\n\t\t<!-- All in One SEO Pro 4.9.6.2 - aioseo.com -->\n\t<meta name=\"description\" content=\"El consejero de Presidencia y Participaci\u00f3n Ciudadana, Guillermo Mart\u00ednez, ha participado hoy en Bruselas en la reuni\u00f3n anual de Iniciativas de vanguardia, la red formada por 28 regiones industriales de la Uni\u00f3n Europea (UE), para analizar el trabajo desarrollado hasta ahora y planificar la agenda de este a\u00f1o, basada en el dise\u00f1o de estrategias relacionadas\" \/>\n\t<meta name=\"robots\" content=\"max-image-preview:large\" \/>\n\t<meta name=\"author\" content=\"El Digital de Asturias\"\/>\n\t<meta name=\"google-site-verification\" content=\"UA-38556648-1\" \/>\n\t<meta name=\"msvalidate.01\" content=\"7dfe9f3f1b24437ab69f4f2559babe99\" \/>\n\t<meta name=\"keywords\" content=\"actualidad\" \/>\n\t<link rel=\"canonical\" href=\"https:\/\/www.eldigitaldeasturias.com\/noticias\/las-regiones-industriales-de-la-ue-impulsan-su-alianza-en-bruselas\/\" \/>\n\t<meta name=\"generator\" content=\"All in One SEO Pro (AIOSEO) 4.9.6.2\" \/>\n\t\t<meta property=\"og:locale\" content=\"es_ES\" \/>\n\t\t<meta property=\"og:site_name\" content=\"El Digital de Asturias\" \/>\n\t\t<meta property=\"og:type\" content=\"article\" \/>\n\t\t<meta property=\"og:title\" content=\"Las regiones industriales de la UE impulsan su alianza en Bruselas - El Digital de Asturias\" \/>\n\t\t<meta property=\"og:description\" content=\"El consejero de Presidencia y Participaci\u00f3n Ciudadana, Guillermo Mart\u00ednez, ha participado hoy en Bruselas en la reuni\u00f3n anual de Iniciativas de vanguardia, la red formada por 28 regiones industriales de la Uni\u00f3n Europea (UE), para analizar el trabajo desarrollado hasta ahora y planificar la agenda de este a\u00f1o, basada en el dise\u00f1o de estrategias relacionadas\" \/>\n\t\t<meta property=\"og:url\" content=\"https:\/\/www.eldigitaldeasturias.com\/noticias\/las-regiones-industriales-de-la-ue-impulsan-su-alianza-en-bruselas\/\" \/>\n\t\t<meta property=\"og:image\" content=\"https:\/\/www.eldigitaldeasturias.com\/noticias\/wp-content\/uploads\/2014\/12\/guillermo-martinez1.jpg\" \/>\n\t\t<meta property=\"og:image:secure_url\" content=\"https:\/\/www.eldigitaldeasturias.com\/noticias\/wp-content\/uploads\/2014\/12\/guillermo-martinez1.jpg\" \/>\n\t\t<meta property=\"og:image:width\" content=\"800\" \/>\n\t\t<meta property=\"og:image:height\" content=\"572\" \/>\n\t\t<meta property=\"article:tag\" content=\"actualidad\" \/>\n\t\t<meta property=\"article:published_time\" content=\"2016-02-25T06:55:26+00:00\" \/>\n\t\t<meta property=\"article:modified_time\" content=\"2016-02-25T06:55:26+00:00\" \/>\n\t\t<meta property=\"article:publisher\" content=\"https:\/\/facebook.com\/eldigitaldeasturias\" \/>\n\t\t<meta name=\"twitter:card\" content=\"summary_large_image\" \/>\n\t\t<meta name=\"twitter:title\" content=\"Las regiones industriales de la UE impulsan su alianza en Bruselas - El Digital de Asturias\" \/>\n\t\t<meta name=\"twitter:description\" content=\"El consejero de Presidencia y Participaci\u00f3n Ciudadana, Guillermo Mart\u00ednez, ha participado hoy en Bruselas en la reuni\u00f3n anual de Iniciativas de vanguardia, la red formada por 28 regiones industriales de la Uni\u00f3n Europea (UE), para analizar el trabajo desarrollado hasta ahora y planificar la agenda de este a\u00f1o, basada en el dise\u00f1o de estrategias relacionadas\" \/>\n\t\t<meta name=\"twitter:image\" content=\"https:\/\/www.eldigitaldeasturias.com\/noticias\/wp-content\/uploads\/2014\/12\/guillermo-martinez1.jpg\" \/>\n\t\t<meta name=\"twitter:label1\" content=\"Escrito por\" \/>\n\t\t<meta name=\"twitter:data1\" content=\"El Digital de Asturias\" \/>\n\t\t<meta name=\"twitter:label2\" content=\"Tiempo de lectura estimado\" \/>\n\t\t<meta name=\"twitter:data2\" content=\"3 minutos\" \/>\n\t\t<script type=\"application\/ld+json\" class=\"aioseo-schema\">\n\t\t\t{\"@context\":\"https:\\\/\\\/schema.org\",\"@graph\":[{\"@type\":\"BlogPosting\",\"@id\":\"https:\\\/\\\/www.eldigitaldeasturias.com\\\/noticias\\\/las-regiones-industriales-de-la-ue-impulsan-su-alianza-en-bruselas\\\/#blogposting\",\"name\":\"Las regiones industriales de la UE impulsan su alianza en Bruselas - El Digital de Asturias\",\"headline\":\"Las regiones industriales de la UE impulsan su alianza en Bruselas\",\"author\":{\"@id\":\"https:\\\/\\\/www.eldigitaldeasturias.com\\\/noticias\\\/author\\\/admin\\\/#author\"},\"publisher\":{\"@id\":\"https:\\\/\\\/www.eldigitaldeasturias.com\\\/noticias\\\/#organization\"},\"image\":{\"@type\":\"ImageObject\",\"url\":\"https:\\\/\\\/www.eldigitaldeasturias.com\\\/noticias\\\/wp-content\\\/uploads\\\/2014\\\/12\\\/guillermo-martinez1.jpg\",\"width\":800,\"height\":572},\"datePublished\":\"2016-02-25T06:55:26+01:00\",\"dateModified\":\"2016-02-25T06:55:26+01:00\",\"inLanguage\":\"es-ES\",\"mainEntityOfPage\":{\"@id\":\"https:\\\/\\\/www.eldigitaldeasturias.com\\\/noticias\\\/las-regiones-industriales-de-la-ue-impulsan-su-alianza-en-bruselas\\\/#webpage\"},\"isPartOf\":{\"@id\":\"https:\\\/\\\/www.eldigitaldeasturias.com\\\/noticias\\\/las-regiones-industriales-de-la-ue-impulsan-su-alianza-en-bruselas\\\/#webpage\"},\"articleSection\":\"Actualidad\"},{\"@type\":\"BreadcrumbList\",\"@id\":\"https:\\\/\\\/www.eldigitaldeasturias.com\\\/noticias\\\/las-regiones-industriales-de-la-ue-impulsan-su-alianza-en-bruselas\\\/#breadcrumblist\",\"itemListElement\":[{\"@type\":\"ListItem\",\"@id\":\"https:\\\/\\\/www.eldigitaldeasturias.com\\\/noticias#listItem\",\"position\":1,\"name\":\"Home\",\"item\":\"https:\\\/\\\/www.eldigitaldeasturias.com\\\/noticias\",\"nextItem\":{\"@type\":\"ListItem\",\"@id\":\"https:\\\/\\\/www.eldigitaldeasturias.com\\\/noticias\\\/category\\\/actualidad\\\/#listItem\",\"name\":\"Actualidad\"}},{\"@type\":\"ListItem\",\"@id\":\"https:\\\/\\\/www.eldigitaldeasturias.com\\\/noticias\\\/category\\\/actualidad\\\/#listItem\",\"position\":2,\"name\":\"Actualidad\",\"item\":\"https:\\\/\\\/www.eldigitaldeasturias.com\\\/noticias\\\/category\\\/actualidad\\\/\",\"nextItem\":{\"@type\":\"ListItem\",\"@id\":\"https:\\\/\\\/www.eldigitaldeasturias.com\\\/noticias\\\/las-regiones-industriales-de-la-ue-impulsan-su-alianza-en-bruselas\\\/#listItem\",\"name\":\"Las regiones industriales de la UE impulsan su alianza en Bruselas\"},\"previousItem\":{\"@type\":\"ListItem\",\"@id\":\"https:\\\/\\\/www.eldigitaldeasturias.com\\\/noticias#listItem\",\"name\":\"Home\"}},{\"@type\":\"ListItem\",\"@id\":\"https:\\\/\\\/www.eldigitaldeasturias.com\\\/noticias\\\/las-regiones-industriales-de-la-ue-impulsan-su-alianza-en-bruselas\\\/#listItem\",\"position\":3,\"name\":\"Las regiones industriales de la UE impulsan su alianza en Bruselas\",\"previousItem\":{\"@type\":\"ListItem\",\"@id\":\"https:\\\/\\\/www.eldigitaldeasturias.com\\\/noticias\\\/category\\\/actualidad\\\/#listItem\",\"name\":\"Actualidad\"}}]},{\"@type\":\"Organization\",\"@id\":\"https:\\\/\\\/www.eldigitaldeasturias.com\\\/noticias\\\/#organization\",\"name\":\"El Digital de Asturias\",\"description\":\"Hemeroteca\",\"url\":\"https:\\\/\\\/www.eldigitaldeasturias.com\\\/noticias\\\/\",\"email\":\"info@eldigitaldeasturias.com\",\"telephone\":\"+34652131393\",\"logo\":{\"@type\":\"ImageObject\",\"url\":\"https:\\\/\\\/www.eldigitaldeasturias.com\\\/noticias\\\/wp-content\\\/uploads\\\/2020\\\/12\\\/EDA.jpg\",\"@id\":\"https:\\\/\\\/www.eldigitaldeasturias.com\\\/noticias\\\/las-regiones-industriales-de-la-ue-impulsan-su-alianza-en-bruselas\\\/#organizationLogo\",\"width\":649,\"height\":297},\"image\":{\"@id\":\"https:\\\/\\\/www.eldigitaldeasturias.com\\\/noticias\\\/las-regiones-industriales-de-la-ue-impulsan-su-alianza-en-bruselas\\\/#organizationLogo\"},\"sameAs\":[\"https:\\\/\\\/facebook.com\\\/eldigitaldeasturias\",\"https:\\\/\\\/www.youtube.com\\\/channel\\\/UCZP-2wLEB9Rv6erhFmqVnvg\"],\"address\":{\"@id\":\"https:\\\/\\\/www.eldigitaldeasturias.com\\\/noticias\\\/#postaladdress\",\"@type\":\"PostalAddress\",\"streetAddress\":\"san antonio 4,\",\"postalCode\":\"33430\",\"addressLocality\":\"Cand\\u00e1s\",\"addressRegion\":\"Asturias\",\"addressCountry\":\"ES\"}},{\"@type\":\"Person\",\"@id\":\"https:\\\/\\\/www.eldigitaldeasturias.com\\\/noticias\\\/author\\\/admin\\\/#author\",\"url\":\"https:\\\/\\\/www.eldigitaldeasturias.com\\\/noticias\\\/author\\\/admin\\\/\",\"name\":\"El Digital de Asturias\",\"image\":{\"@type\":\"ImageObject\",\"@id\":\"https:\\\/\\\/www.eldigitaldeasturias.com\\\/noticias\\\/las-regiones-industriales-de-la-ue-impulsan-su-alianza-en-bruselas\\\/#authorImage\",\"url\":\"https:\\\/\\\/www.eldigitaldeasturias.com\\\/noticias\\\/wp-content\\\/litespeed\\\/avatar\\\/18677e78aa0546b92d9dbf31ec7d7668.jpg?ver=1776685526\",\"width\":96,\"height\":96,\"caption\":\"El Digital de Asturias\"}},{\"@type\":\"WebPage\",\"@id\":\"https:\\\/\\\/www.eldigitaldeasturias.com\\\/noticias\\\/las-regiones-industriales-de-la-ue-impulsan-su-alianza-en-bruselas\\\/#webpage\",\"url\":\"https:\\\/\\\/www.eldigitaldeasturias.com\\\/noticias\\\/las-regiones-industriales-de-la-ue-impulsan-su-alianza-en-bruselas\\\/\",\"name\":\"Las regiones industriales de la UE impulsan su alianza en Bruselas - El Digital de Asturias\",\"description\":\"El consejero de Presidencia y Participaci\\u00f3n Ciudadana, Guillermo Mart\\u00ednez, ha participado hoy en Bruselas en la reuni\\u00f3n anual de Iniciativas de vanguardia, la red formada por 28 regiones industriales de la Uni\\u00f3n Europea (UE), para analizar el trabajo desarrollado hasta ahora y planificar la agenda de este a\\u00f1o, basada en el dise\\u00f1o de estrategias relacionadas\",\"inLanguage\":\"es-ES\",\"isPartOf\":{\"@id\":\"https:\\\/\\\/www.eldigitaldeasturias.com\\\/noticias\\\/#website\"},\"breadcrumb\":{\"@id\":\"https:\\\/\\\/www.eldigitaldeasturias.com\\\/noticias\\\/las-regiones-industriales-de-la-ue-impulsan-su-alianza-en-bruselas\\\/#breadcrumblist\"},\"author\":{\"@id\":\"https:\\\/\\\/www.eldigitaldeasturias.com\\\/noticias\\\/author\\\/admin\\\/#author\"},\"creator\":{\"@id\":\"https:\\\/\\\/www.eldigitaldeasturias.com\\\/noticias\\\/author\\\/admin\\\/#author\"},\"image\":{\"@type\":\"ImageObject\",\"url\":\"https:\\\/\\\/www.eldigitaldeasturias.com\\\/noticias\\\/wp-content\\\/uploads\\\/2014\\\/12\\\/guillermo-martinez1.jpg\",\"@id\":\"https:\\\/\\\/www.eldigitaldeasturias.com\\\/noticias\\\/las-regiones-industriales-de-la-ue-impulsan-su-alianza-en-bruselas\\\/#mainImage\",\"width\":800,\"height\":572},\"primaryImageOfPage\":{\"@id\":\"https:\\\/\\\/www.eldigitaldeasturias.com\\\/noticias\\\/las-regiones-industriales-de-la-ue-impulsan-su-alianza-en-bruselas\\\/#mainImage\"},\"datePublished\":\"2016-02-25T06:55:26+01:00\",\"dateModified\":\"2016-02-25T06:55:26+01:00\"},{\"@type\":\"WebSite\",\"@id\":\"https:\\\/\\\/www.eldigitaldeasturias.com\\\/noticias\\\/#website\",\"url\":\"https:\\\/\\\/www.eldigitaldeasturias.com\\\/noticias\\\/\",\"name\":\"El Digital de Asturias - Diario de actualidad y noticias\",\"alternateName\":\"El Digital de Asturias - Diario de actualidad y noticias\",\"description\":\"Hemeroteca\",\"inLanguage\":\"es-ES\",\"publisher\":{\"@id\":\"https:\\\/\\\/www.eldigitaldeasturias.com\\\/noticias\\\/#organization\"}}]}\n\t\t<\/script>\n\t\t<!-- All in One SEO Pro -->\r\n\t\t<title>Las regiones industriales de la UE impulsan su alianza en Bruselas - El Digital de Asturias<\/title>\n\n","aioseo_head_json":{"title":"Las regiones industriales de la UE impulsan su alianza en Bruselas - El Digital de Asturias","description":"El consejero de Presidencia y Participaci\u00f3n Ciudadana, Guillermo Mart\u00ednez, ha participado hoy en Bruselas en la reuni\u00f3n anual de Iniciativas de vanguardia, la red formada por 28 regiones industriales de la Uni\u00f3n Europea (UE), para analizar el trabajo desarrollado hasta ahora y planificar la agenda de este a\u00f1o, basada en el dise\u00f1o de estrategias relacionadas","canonical_url":"https:\/\/www.eldigitaldeasturias.com\/noticias\/las-regiones-industriales-de-la-ue-impulsan-su-alianza-en-bruselas\/","robots":"max-image-preview:large","keywords":"actualidad","webmasterTools":{"google-site-verification":"UA-38556648-1","msvalidate.01":"7dfe9f3f1b24437ab69f4f2559babe99","miscellaneous":""},"schema":{"@context":"https:\/\/schema.org","@graph":[{"@type":"BlogPosting","@id":"https:\/\/www.eldigitaldeasturias.com\/noticias\/las-regiones-industriales-de-la-ue-impulsan-su-alianza-en-bruselas\/#blogposting","name":"Las regiones industriales de la UE impulsan su alianza en Bruselas - El Digital de Asturias","headline":"Las regiones industriales de la UE impulsan su alianza en Bruselas","author":{"@id":"https:\/\/www.eldigitaldeasturias.com\/noticias\/author\/admin\/#author"},"publisher":{"@id":"https:\/\/www.eldigitaldeasturias.com\/noticias\/#organization"},"image":{"@type":"ImageObject","url":"https:\/\/www.eldigitaldeasturias.com\/noticias\/wp-content\/uploads\/2014\/12\/guillermo-martinez1.jpg","width":800,"height":572},"datePublished":"2016-02-25T06:55:26+01:00","dateModified":"2016-02-25T06:55:26+01:00","inLanguage":"es-ES","mainEntityOfPage":{"@id":"https:\/\/www.eldigitaldeasturias.com\/noticias\/las-regiones-industriales-de-la-ue-impulsan-su-alianza-en-bruselas\/#webpage"},"isPartOf":{"@id":"https:\/\/www.eldigitaldeasturias.com\/noticias\/las-regiones-industriales-de-la-ue-impulsan-su-alianza-en-bruselas\/#webpage"},"articleSection":"Actualidad"},{"@type":"BreadcrumbList","@id":"https:\/\/www.eldigitaldeasturias.com\/noticias\/las-regiones-industriales-de-la-ue-impulsan-su-alianza-en-bruselas\/#breadcrumblist","itemListElement":[{"@type":"ListItem","@id":"https:\/\/www.eldigitaldeasturias.com\/noticias#listItem","position":1,"name":"Home","item":"https:\/\/www.eldigitaldeasturias.com\/noticias","nextItem":{"@type":"ListItem","@id":"https:\/\/www.eldigitaldeasturias.com\/noticias\/category\/actualidad\/#listItem","name":"Actualidad"}},{"@type":"ListItem","@id":"https:\/\/www.eldigitaldeasturias.com\/noticias\/category\/actualidad\/#listItem","position":2,"name":"Actualidad","item":"https:\/\/www.eldigitaldeasturias.com\/noticias\/category\/actualidad\/","nextItem":{"@type":"ListItem","@id":"https:\/\/www.eldigitaldeasturias.com\/noticias\/las-regiones-industriales-de-la-ue-impulsan-su-alianza-en-bruselas\/#listItem","name":"Las regiones industriales de la UE impulsan su alianza en Bruselas"},"previousItem":{"@type":"ListItem","@id":"https:\/\/www.eldigitaldeasturias.com\/noticias#listItem","name":"Home"}},{"@type":"ListItem","@id":"https:\/\/www.eldigitaldeasturias.com\/noticias\/las-regiones-industriales-de-la-ue-impulsan-su-alianza-en-bruselas\/#listItem","position":3,"name":"Las regiones industriales de la UE impulsan su alianza en Bruselas","previousItem":{"@type":"ListItem","@id":"https:\/\/www.eldigitaldeasturias.com\/noticias\/category\/actualidad\/#listItem","name":"Actualidad"}}]},{"@type":"Organization","@id":"https:\/\/www.eldigitaldeasturias.com\/noticias\/#organization","name":"El Digital de Asturias","description":"Hemeroteca","url":"https:\/\/www.eldigitaldeasturias.com\/noticias\/","email":"info@eldigitaldeasturias.com","telephone":"+34652131393","logo":{"@type":"ImageObject","url":"https:\/\/www.eldigitaldeasturias.com\/noticias\/wp-content\/uploads\/2020\/12\/EDA.jpg","@id":"https:\/\/www.eldigitaldeasturias.com\/noticias\/las-regiones-industriales-de-la-ue-impulsan-su-alianza-en-bruselas\/#organizationLogo","width":649,"height":297},"image":{"@id":"https:\/\/www.eldigitaldeasturias.com\/noticias\/las-regiones-industriales-de-la-ue-impulsan-su-alianza-en-bruselas\/#organizationLogo"},"sameAs":["https:\/\/facebook.com\/eldigitaldeasturias","https:\/\/www.youtube.com\/channel\/UCZP-2wLEB9Rv6erhFmqVnvg"],"address":{"@id":"https:\/\/www.eldigitaldeasturias.com\/noticias\/#postaladdress","@type":"PostalAddress","streetAddress":"san antonio 4,","postalCode":"33430","addressLocality":"Cand\u00e1s","addressRegion":"Asturias","addressCountry":"ES"}},{"@type":"Person","@id":"https:\/\/www.eldigitaldeasturias.com\/noticias\/author\/admin\/#author","url":"https:\/\/www.eldigitaldeasturias.com\/noticias\/author\/admin\/","name":"El Digital de Asturias","image":{"@type":"ImageObject","@id":"https:\/\/www.eldigitaldeasturias.com\/noticias\/las-regiones-industriales-de-la-ue-impulsan-su-alianza-en-bruselas\/#authorImage","url":"https:\/\/www.eldigitaldeasturias.com\/noticias\/wp-content\/litespeed\/avatar\/18677e78aa0546b92d9dbf31ec7d7668.jpg?ver=1776685526","width":96,"height":96,"caption":"El Digital de Asturias"}},{"@type":"WebPage","@id":"https:\/\/www.eldigitaldeasturias.com\/noticias\/las-regiones-industriales-de-la-ue-impulsan-su-alianza-en-bruselas\/#webpage","url":"https:\/\/www.eldigitaldeasturias.com\/noticias\/las-regiones-industriales-de-la-ue-impulsan-su-alianza-en-bruselas\/","name":"Las regiones industriales de la UE impulsan su alianza en Bruselas - El Digital de Asturias","description":"El consejero de Presidencia y Participaci\u00f3n Ciudadana, Guillermo Mart\u00ednez, ha participado hoy en Bruselas en la reuni\u00f3n anual de Iniciativas de vanguardia, la red formada por 28 regiones industriales de la Uni\u00f3n Europea (UE), para analizar el trabajo desarrollado hasta ahora y planificar la agenda de este a\u00f1o, basada en el dise\u00f1o de estrategias relacionadas","inLanguage":"es-ES","isPartOf":{"@id":"https:\/\/www.eldigitaldeasturias.com\/noticias\/#website"},"breadcrumb":{"@id":"https:\/\/www.eldigitaldeasturias.com\/noticias\/las-regiones-industriales-de-la-ue-impulsan-su-alianza-en-bruselas\/#breadcrumblist"},"author":{"@id":"https:\/\/www.eldigitaldeasturias.com\/noticias\/author\/admin\/#author"},"creator":{"@id":"https:\/\/www.eldigitaldeasturias.com\/noticias\/author\/admin\/#author"},"image":{"@type":"ImageObject","url":"https:\/\/www.eldigitaldeasturias.com\/noticias\/wp-content\/uploads\/2014\/12\/guillermo-martinez1.jpg","@id":"https:\/\/www.eldigitaldeasturias.com\/noticias\/las-regiones-industriales-de-la-ue-impulsan-su-alianza-en-bruselas\/#mainImage","width":800,"height":572},"primaryImageOfPage":{"@id":"https:\/\/www.eldigitaldeasturias.com\/noticias\/las-regiones-industriales-de-la-ue-impulsan-su-alianza-en-bruselas\/#mainImage"},"datePublished":"2016-02-25T06:55:26+01:00","dateModified":"2016-02-25T06:55:26+01:00"},{"@type":"WebSite","@id":"https:\/\/www.eldigitaldeasturias.com\/noticias\/#website","url":"https:\/\/www.eldigitaldeasturias.com\/noticias\/","name":"El Digital de Asturias - Diario de actualidad y noticias","alternateName":"El Digital de Asturias - Diario de actualidad y noticias","description":"Hemeroteca","inLanguage":"es-ES","publisher":{"@id":"https:\/\/www.eldigitaldeasturias.com\/noticias\/#organization"}}]},"og:locale":"es_ES","og:site_name":"El Digital de Asturias","og:type":"article","og:title":"Las regiones industriales de la UE impulsan su alianza en Bruselas - El Digital de Asturias","og:description":"El consejero de Presidencia y Participaci\u00f3n Ciudadana, Guillermo Mart\u00ednez, ha participado hoy en Bruselas en la reuni\u00f3n anual de Iniciativas de vanguardia, la red formada por 28 regiones industriales de la Uni\u00f3n Europea (UE), para analizar el trabajo desarrollado hasta ahora y planificar la agenda de este a\u00f1o, basada en el dise\u00f1o de estrategias relacionadas","og:url":"https:\/\/www.eldigitaldeasturias.com\/noticias\/las-regiones-industriales-de-la-ue-impulsan-su-alianza-en-bruselas\/","og:image":"https:\/\/www.eldigitaldeasturias.com\/noticias\/wp-content\/uploads\/2014\/12\/guillermo-martinez1.jpg","og:image:secure_url":"https:\/\/www.eldigitaldeasturias.com\/noticias\/wp-content\/uploads\/2014\/12\/guillermo-martinez1.jpg","og:image:width":800,"og:image:height":572,"article:tag":["actualidad"],"article:published_time":"2016-02-25T06:55:26+00:00","article:modified_time":"2016-02-25T06:55:26+00:00","article:publisher":"https:\/\/facebook.com\/eldigitaldeasturias","twitter:card":"summary_large_image","twitter:title":"Las regiones industriales de la UE impulsan su alianza en Bruselas - El Digital de Asturias","twitter:description":"El consejero de Presidencia y Participaci\u00f3n Ciudadana, Guillermo Mart\u00ednez, ha participado hoy en Bruselas en la reuni\u00f3n anual de Iniciativas de vanguardia, la red formada por 28 regiones industriales de la Uni\u00f3n Europea (UE), para analizar el trabajo desarrollado hasta ahora y planificar la agenda de este a\u00f1o, basada en el dise\u00f1o de estrategias relacionadas","twitter:image":"https:\/\/www.eldigitaldeasturias.com\/noticias\/wp-content\/uploads\/2014\/12\/guillermo-martinez1.jpg","twitter:label1":"Escrito por","twitter:data1":"El Digital de Asturias","twitter:label2":"Tiempo de lectura estimado","twitter:data2":"3 minutos"},"aioseo_meta_data":{"post_id":"861601","title":null,"description":null,"keywords":null,"keyphrases":null,"primary_term":null,"canonical_url":null,"og_title":null,"og_description":null,"og_object_type":"default","og_image_type":"default","og_image_url":null,"og_image_width":null,"og_image_height":null,"og_image_custom_url":null,"og_image_custom_fields":null,"og_video":null,"og_custom_url":null,"og_article_section":null,"og_article_tags":null,"twitter_use_og":false,"twitter_card":"default","twitter_image_type":"default","twitter_image_url":null,"twitter_image_custom_url":null,"twitter_image_custom_fields":null,"twitter_title":null,"twitter_description":null,"schema":{"blockGraphs":[],"customGraphs":[],"default":{"data":{"Article":[],"Course":[],"Dataset":[],"FAQPage":[],"Movie":[],"Person":[],"Product":[],"ProductReview":[],"Car":[],"Recipe":[],"Service":[],"SoftwareApplication":[],"WebPage":[]},"graphName":"","isEnabled":true},"graphs":[],"defaultGraph":"","defaultPostTypeGraph":""},"schema_type":null,"schema_type_options":null,"pillar_content":false,"robots_default":true,"robots_noindex":false,"robots_noarchive":false,"robots_nosnippet":false,"robots_nofollow":false,"robots_noimageindex":false,"robots_noodp":false,"robots_notranslate":false,"robots_max_snippet":null,"robots_max_videopreview":null,"robots_max_imagepreview":"large","priority":null,"frequency":null,"local_seo":null,"seo_analyzer_scan_date":"2025-12-10 21:49:02","breadcrumb_settings":null,"limit_modified_date":false,"open_ai":null,"ai":null,"created":"2021-01-22 03:23:20","updated":"2025-12-10 21:49:02"},"aioseo_breadcrumb":"<div class=\"aioseo-breadcrumbs\"><span class=\"aioseo-breadcrumb\">\n\t<a href=\"https:\/\/www.eldigitaldeasturias.com\/noticias\" title=\"Home\">Home<\/a>\n<\/span><span class=\"aioseo-breadcrumb-separator\">\u2013<\/span><span class=\"aioseo-breadcrumb\">\n\t<a href=\"https:\/\/www.eldigitaldeasturias.com\/noticias\/category\/actualidad\/\" title=\"Actualidad\">Actualidad<\/a>\n<\/span><span class=\"aioseo-breadcrumb-separator\">\u2013<\/span><span class=\"aioseo-breadcrumb\">\n\t<a href=\"https:\/\/www.eldigitaldeasturias.com\/noticias\/las-regiones-industriales-de-la-ue-impulsan-su-alianza-en-bruselas\/\" title=\"Las regiones industriales de la UE impulsan su alianza en Bruselas\">Las regiones industriales de la UE impulsan su alianza en Bruselas<\/a>\n<\/span><\/div>","aioseo_breadcrumb_json":[{"label":"Home","link":"https:\/\/www.eldigitaldeasturias.com\/noticias"},{"label":"Actualidad","link":"https:\/\/www.eldigitaldeasturias.com\/noticias\/category\/actualidad\/"},{"label":"Las regiones industriales de la UE impulsan su alianza en Bruselas","link":"https:\/\/www.eldigitaldeasturias.com\/noticias\/las-regiones-industriales-de-la-ue-impulsan-su-alianza-en-bruselas\/"}],"_links":{"self":[{"href":"https:\/\/www.eldigitaldeasturias.com\/noticias\/wp-json\/wp\/v2\/posts\/861601","targetHints":{"allow":["GET"]}}],"collection":[{"href":"https:\/\/www.eldigitaldeasturias.com\/noticias\/wp-json\/wp\/v2\/posts"}],"about":[{"href":"https:\/\/www.eldigitaldeasturias.com\/noticias\/wp-json\/wp\/v2\/types\/post"}],"author":[{"embeddable":true,"href":"https:\/\/www.eldigitaldeasturias.com\/noticias\/wp-json\/wp\/v2\/users\/1"}],"replies":[{"embeddable":true,"href":"https:\/\/www.eldigitaldeasturias.com\/noticias\/wp-json\/wp\/v2\/comments?post=861601"}],"version-history":[{"count":0,"href":"https:\/\/www.eldigitaldeasturias.com\/noticias\/wp-json\/wp\/v2\/posts\/861601\/revisions"}],"wp:featuredmedia":[{"embeddable":true,"href":"https:\/\/www.eldigitaldeasturias.com\/noticias\/wp-json\/wp\/v2\/media\/709904"}],"wp:attachment":[{"href":"https:\/\/www.eldigitaldeasturias.com\/noticias\/wp-json\/wp\/v2\/media?parent=861601"}],"wp:term":[{"taxonomy":"category","embeddable":true,"href":"https:\/\/www.eldigitaldeasturias.com\/noticias\/wp-json\/wp\/v2\/categories?post=861601"},{"taxonomy":"post_tag","embeddable":true,"href":"https:\/\/www.eldigitaldeasturias.com\/noticias\/wp-json\/wp\/v2\/tags?post=861601"}],"curies":[{"name":"wp","href":"https:\/\/api.w.org\/{rel}","templated":true}]}}