{"id":861588,"date":"2016-02-25T06:42:38","date_gmt":"2016-02-25T06:42:38","guid":{"rendered":"http:\/\/www.eldigitaldeasturias.com\/noticias\/?p=861588"},"modified":"2016-02-25T06:42:38","modified_gmt":"2016-02-25T06:42:38","slug":"dia-del-padre-el-entrego-sus-mejores-anos-toca-devolverselos","status":"publish","type":"post","link":"https:\/\/www.eldigitaldeasturias.com\/noticias\/dia-del-padre-el-entrego-sus-mejores-anos-toca-devolverselos\/","title":{"rendered":"D\u00eda del Padre: \u00c9l entreg\u00f3 sus mejores a\u00f1os, toca devolv\u00e9rselos"},"content":{"rendered":"<p><img loading=\"lazy\" decoding=\"async\" class=\"alignleft size-medium wp-image-861589\" src=\"https:\/\/www.eldigitaldeasturias.com\/noticias\/wp-content\/uploads\/2016\/02\/1456316272_29343816_xl-360x240.jpg\" alt=\"1456316272_29343816_xl\" width=\"360\" height=\"240\" srcset=\"https:\/\/www.eldigitaldeasturias.com\/noticias\/wp-content\/uploads\/2016\/02\/1456316272_29343816_xl-360x240.jpg 360w, https:\/\/www.eldigitaldeasturias.com\/noticias\/wp-content\/uploads\/2016\/02\/1456316272_29343816_xl-768x512.jpg 768w, https:\/\/www.eldigitaldeasturias.com\/noticias\/wp-content\/uploads\/2016\/02\/1456316272_29343816_xl-650x433.jpg 650w, https:\/\/www.eldigitaldeasturias.com\/noticias\/wp-content\/uploads\/2016\/02\/1456316272_29343816_xl-84x55.jpg 84w, https:\/\/www.eldigitaldeasturias.com\/noticias\/wp-content\/uploads\/2016\/02\/1456316272_29343816_xl-49x32.jpg 49w\" sizes=\"auto, (max-width: 360px) 100vw, 360px\" \/>Radiesse combate la flacidez en la zona de la cara, especialmente causada por el paso del tiempo y la fatiga. Un tratamiento cuyos resultados comienzan a notarse r\u00e1pidamente, con una duraci\u00f3n que permite presumir de una imagen muy cuidada por un largo tiempo.<\/p>\n<p>Cl\u00ednicas SOFT, especialistas en belleza facial, analizan el caso de cada paciente, aconsejando siempre los mejores tratamientos seg\u00fan el tipo de piel o requisitos que esta tenga. Para erradicar los signos que deja la edad y el paso del tiempo, proponen un tratamiento basado en la inducci\u00f3n de col\u00e1geno en las partes m\u00e1s visibles y fatigadas del rostro, \u201csin voluminizar, cosa que en los hombres es de agradecer\u201d, seg\u00fan ellos mismos afirman.<\/p>\n<p>La t\u00e9cnica de inyecci\u00f3n se realiza empleando una c\u00e1nula roma muy fina, que permite minimizar el n\u00famero de inyecciones, mejorando el confort del paciente durante el tratamiento. El producto se deposita en forma de abanico, creando vectores que devuelvan la tensi\u00f3n a la piel, sobre todo a nivel de los tercios medio e inferior de la cara.<\/p>\n<p>La sesi\u00f3n se realiza en consulta, sin necesidad de pasar por quir\u00f3fano o anestesia de ning\u00fan tipo y tiene una duraci\u00f3n aproximada de entre 20 y 30 minutos, tras la cual se puede volver tranquilamente al trabajo y rutina diaria. Y tiene un precio de 350\u20ac.<\/p>\n<p><strong>Acerca de Clinica SOFT<\/strong><\/p>\n<p>En SOFT son especialistas en cirug\u00eda oculopl\u00e1stica y est\u00e9tica facial, rejuvenecer la mirada, devolver luminosidad al rostro y mantener un aspecto fresco y saludable gracias a tratamientos m\u00ednimamente invasivos.<\/p>\n<p>SOFT aplica s\u00f3lo las t\u00e9cnicas m\u00e1s avanzadas y seguras, tanto de cirug\u00eda como de medicina est\u00e9tica, bajo la supervisi\u00f3n de sus directores m\u00e9dicos: el Doctor Troyano y el Doctor Genol, cirujanos de dilatada experiencia que forman parte de la \u00e9lite de cirujanos oculopl\u00e1sticos en el \u00e1mbito internacional.<\/p>\n<p>El equipo m\u00e9dico de SOFT est\u00e1 formado por destacados miembros de la Sociedad Espa\u00f1ola de Oftalmolog\u00eda (SEO) y de la Sociedad Espa\u00f1ola de Cirug\u00eda Pl\u00e1stica Ocular y Orbitaria (SECPOO), donde anualmente imparten cursos de formaci\u00f3n para otros profesionales, as\u00ed como de la Sociedad Espa\u00f1ola de Medicina Est\u00e9tica (SEME).<\/p>\n<p>A nivel internacional pertenecen a la Sociedad Iberoamericana de Oculoplastia y al International Thyroid Eye Disease Society (ITEDS).<\/p>\n","protected":false},"excerpt":{"rendered":"<p>Radiesse combate la flacidez en la zona de la cara, especialmente causada por el paso del tiempo y la fatiga. Un tratamiento cuyos resultados comienzan a notarse r\u00e1pidamente, con una duraci\u00f3n que permite presumir de una imagen muy cuidada por un largo tiempo. Cl\u00ednicas SOFT, especialistas en belleza facial, analizan el caso de cada paciente, [&hellip;]<\/p>\n","protected":false},"author":1,"featured_media":861589,"comment_status":"closed","ping_status":"closed","sticky":false,"template":"","format":"standard","meta":{"footnotes":""},"categories":[28],"tags":[],"class_list":["post-861588","post","type-post","status-publish","format-standard","has-post-thumbnail","hentry","category-sociedad"],"aioseo_notices":[],"aioseo_head":"\n\t\t<!-- All in One SEO Pro 4.9.6.2 - aioseo.com -->\n\t<meta name=\"description\" content=\"Radiesse combate la flacidez en la zona de la cara, especialmente causada por el paso del tiempo y la fatiga. Un tratamiento cuyos resultados comienzan a notarse r\u00e1pidamente, con una duraci\u00f3n que permite presumir de una imagen muy cuidada por un largo tiempo. Cl\u00ednicas SOFT, especialistas en belleza facial, analizan el caso de cada paciente,\" \/>\n\t<meta name=\"robots\" content=\"max-image-preview:large\" \/>\n\t<meta name=\"author\" content=\"El Digital de Asturias\"\/>\n\t<meta name=\"google-site-verification\" content=\"UA-38556648-1\" \/>\n\t<meta name=\"msvalidate.01\" content=\"7dfe9f3f1b24437ab69f4f2559babe99\" \/>\n\t<meta name=\"keywords\" content=\"sociedad\" \/>\n\t<link rel=\"canonical\" href=\"https:\/\/www.eldigitaldeasturias.com\/noticias\/dia-del-padre-el-entrego-sus-mejores-anos-toca-devolverselos\/\" \/>\n\t<meta name=\"generator\" content=\"All in One SEO Pro (AIOSEO) 4.9.6.2\" \/>\n\t\t<meta property=\"og:locale\" content=\"es_ES\" \/>\n\t\t<meta property=\"og:site_name\" content=\"El Digital de Asturias\" \/>\n\t\t<meta property=\"og:type\" content=\"article\" \/>\n\t\t<meta property=\"og:title\" content=\"D\u00eda del Padre: \u00c9l entreg\u00f3 sus mejores a\u00f1os, toca devolv\u00e9rselos - El Digital de Asturias\" \/>\n\t\t<meta property=\"og:description\" content=\"Radiesse combate la flacidez en la zona de la cara, especialmente causada por el paso del tiempo y la fatiga. Un tratamiento cuyos resultados comienzan a notarse r\u00e1pidamente, con una duraci\u00f3n que permite presumir de una imagen muy cuidada por un largo tiempo. Cl\u00ednicas SOFT, especialistas en belleza facial, analizan el caso de cada paciente,\" \/>\n\t\t<meta property=\"og:url\" content=\"https:\/\/www.eldigitaldeasturias.com\/noticias\/dia-del-padre-el-entrego-sus-mejores-anos-toca-devolverselos\/\" \/>\n\t\t<meta property=\"og:image\" content=\"https:\/\/www.eldigitaldeasturias.com\/noticias\/wp-content\/uploads\/2016\/02\/1456316272_29343816_xl.jpg\" \/>\n\t\t<meta property=\"og:image:secure_url\" content=\"https:\/\/www.eldigitaldeasturias.com\/noticias\/wp-content\/uploads\/2016\/02\/1456316272_29343816_xl.jpg\" \/>\n\t\t<meta property=\"og:image:width\" content=\"3832\" \/>\n\t\t<meta property=\"og:image:height\" content=\"2554\" \/>\n\t\t<meta property=\"article:tag\" content=\"sociedad\" \/>\n\t\t<meta property=\"article:published_time\" content=\"2016-02-25T06:42:38+00:00\" \/>\n\t\t<meta property=\"article:modified_time\" content=\"2016-02-25T06:42:38+00:00\" \/>\n\t\t<meta property=\"article:publisher\" content=\"https:\/\/facebook.com\/eldigitaldeasturias\" \/>\n\t\t<meta name=\"twitter:card\" content=\"summary_large_image\" \/>\n\t\t<meta name=\"twitter:title\" content=\"D\u00eda del Padre: \u00c9l entreg\u00f3 sus mejores a\u00f1os, toca devolv\u00e9rselos - El Digital de Asturias\" \/>\n\t\t<meta name=\"twitter:description\" content=\"Radiesse combate la flacidez en la zona de la cara, especialmente causada por el paso del tiempo y la fatiga. Un tratamiento cuyos resultados comienzan a notarse r\u00e1pidamente, con una duraci\u00f3n que permite presumir de una imagen muy cuidada por un largo tiempo. Cl\u00ednicas SOFT, especialistas en belleza facial, analizan el caso de cada paciente,\" \/>\n\t\t<meta name=\"twitter:image\" content=\"https:\/\/www.eldigitaldeasturias.com\/noticias\/wp-content\/uploads\/2016\/02\/1456316272_29343816_xl.jpg\" \/>\n\t\t<meta name=\"twitter:label1\" content=\"Escrito por\" \/>\n\t\t<meta name=\"twitter:data1\" content=\"El Digital de Asturias\" \/>\n\t\t<meta name=\"twitter:label2\" content=\"Tiempo de lectura estimado\" \/>\n\t\t<meta name=\"twitter:data2\" content=\"2 minutos\" \/>\n\t\t<script type=\"application\/ld+json\" class=\"aioseo-schema\">\n\t\t\t{\"@context\":\"https:\\\/\\\/schema.org\",\"@graph\":[{\"@type\":\"BlogPosting\",\"@id\":\"https:\\\/\\\/www.eldigitaldeasturias.com\\\/noticias\\\/dia-del-padre-el-entrego-sus-mejores-anos-toca-devolverselos\\\/#blogposting\",\"name\":\"D\\u00eda del Padre: \\u00c9l entreg\\u00f3 sus mejores a\\u00f1os, toca devolv\\u00e9rselos - El Digital de Asturias\",\"headline\":\"D\\u00eda del Padre: \\u00c9l entreg\\u00f3 sus mejores a\\u00f1os, toca devolv\\u00e9rselos\",\"author\":{\"@id\":\"https:\\\/\\\/www.eldigitaldeasturias.com\\\/noticias\\\/author\\\/admin\\\/#author\"},\"publisher\":{\"@id\":\"https:\\\/\\\/www.eldigitaldeasturias.com\\\/noticias\\\/#organization\"},\"image\":{\"@type\":\"ImageObject\",\"url\":\"https:\\\/\\\/www.eldigitaldeasturias.com\\\/noticias\\\/wp-content\\\/uploads\\\/2016\\\/02\\\/1456316272_29343816_xl.jpg\",\"width\":3832,\"height\":2554},\"datePublished\":\"2016-02-25T06:42:38+01:00\",\"dateModified\":\"2016-02-25T06:42:38+01:00\",\"inLanguage\":\"es-ES\",\"mainEntityOfPage\":{\"@id\":\"https:\\\/\\\/www.eldigitaldeasturias.com\\\/noticias\\\/dia-del-padre-el-entrego-sus-mejores-anos-toca-devolverselos\\\/#webpage\"},\"isPartOf\":{\"@id\":\"https:\\\/\\\/www.eldigitaldeasturias.com\\\/noticias\\\/dia-del-padre-el-entrego-sus-mejores-anos-toca-devolverselos\\\/#webpage\"},\"articleSection\":\"Sociedad\"},{\"@type\":\"BreadcrumbList\",\"@id\":\"https:\\\/\\\/www.eldigitaldeasturias.com\\\/noticias\\\/dia-del-padre-el-entrego-sus-mejores-anos-toca-devolverselos\\\/#breadcrumblist\",\"itemListElement\":[{\"@type\":\"ListItem\",\"@id\":\"https:\\\/\\\/www.eldigitaldeasturias.com\\\/noticias#listItem\",\"position\":1,\"name\":\"Home\",\"item\":\"https:\\\/\\\/www.eldigitaldeasturias.com\\\/noticias\",\"nextItem\":{\"@type\":\"ListItem\",\"@id\":\"https:\\\/\\\/www.eldigitaldeasturias.com\\\/noticias\\\/category\\\/sociedad\\\/#listItem\",\"name\":\"Sociedad\"}},{\"@type\":\"ListItem\",\"@id\":\"https:\\\/\\\/www.eldigitaldeasturias.com\\\/noticias\\\/category\\\/sociedad\\\/#listItem\",\"position\":2,\"name\":\"Sociedad\",\"item\":\"https:\\\/\\\/www.eldigitaldeasturias.com\\\/noticias\\\/category\\\/sociedad\\\/\",\"nextItem\":{\"@type\":\"ListItem\",\"@id\":\"https:\\\/\\\/www.eldigitaldeasturias.com\\\/noticias\\\/dia-del-padre-el-entrego-sus-mejores-anos-toca-devolverselos\\\/#listItem\",\"name\":\"D\\u00eda del Padre: \\u00c9l entreg\\u00f3 sus mejores a\\u00f1os, toca devolv\\u00e9rselos\"},\"previousItem\":{\"@type\":\"ListItem\",\"@id\":\"https:\\\/\\\/www.eldigitaldeasturias.com\\\/noticias#listItem\",\"name\":\"Home\"}},{\"@type\":\"ListItem\",\"@id\":\"https:\\\/\\\/www.eldigitaldeasturias.com\\\/noticias\\\/dia-del-padre-el-entrego-sus-mejores-anos-toca-devolverselos\\\/#listItem\",\"position\":3,\"name\":\"D\\u00eda del Padre: \\u00c9l entreg\\u00f3 sus mejores a\\u00f1os, toca devolv\\u00e9rselos\",\"previousItem\":{\"@type\":\"ListItem\",\"@id\":\"https:\\\/\\\/www.eldigitaldeasturias.com\\\/noticias\\\/category\\\/sociedad\\\/#listItem\",\"name\":\"Sociedad\"}}]},{\"@type\":\"Organization\",\"@id\":\"https:\\\/\\\/www.eldigitaldeasturias.com\\\/noticias\\\/#organization\",\"name\":\"El Digital de Asturias\",\"description\":\"Hemeroteca\",\"url\":\"https:\\\/\\\/www.eldigitaldeasturias.com\\\/noticias\\\/\",\"email\":\"info@eldigitaldeasturias.com\",\"telephone\":\"+34652131393\",\"logo\":{\"@type\":\"ImageObject\",\"url\":\"https:\\\/\\\/www.eldigitaldeasturias.com\\\/noticias\\\/wp-content\\\/uploads\\\/2020\\\/12\\\/EDA.jpg\",\"@id\":\"https:\\\/\\\/www.eldigitaldeasturias.com\\\/noticias\\\/dia-del-padre-el-entrego-sus-mejores-anos-toca-devolverselos\\\/#organizationLogo\",\"width\":649,\"height\":297},\"image\":{\"@id\":\"https:\\\/\\\/www.eldigitaldeasturias.com\\\/noticias\\\/dia-del-padre-el-entrego-sus-mejores-anos-toca-devolverselos\\\/#organizationLogo\"},\"sameAs\":[\"https:\\\/\\\/facebook.com\\\/eldigitaldeasturias\",\"https:\\\/\\\/www.youtube.com\\\/channel\\\/UCZP-2wLEB9Rv6erhFmqVnvg\"],\"address\":{\"@id\":\"https:\\\/\\\/www.eldigitaldeasturias.com\\\/noticias\\\/#postaladdress\",\"@type\":\"PostalAddress\",\"streetAddress\":\"san antonio 4,\",\"postalCode\":\"33430\",\"addressLocality\":\"Cand\\u00e1s\",\"addressRegion\":\"Asturias\",\"addressCountry\":\"ES\"}},{\"@type\":\"Person\",\"@id\":\"https:\\\/\\\/www.eldigitaldeasturias.com\\\/noticias\\\/author\\\/admin\\\/#author\",\"url\":\"https:\\\/\\\/www.eldigitaldeasturias.com\\\/noticias\\\/author\\\/admin\\\/\",\"name\":\"El Digital de Asturias\",\"image\":{\"@type\":\"ImageObject\",\"@id\":\"https:\\\/\\\/www.eldigitaldeasturias.com\\\/noticias\\\/dia-del-padre-el-entrego-sus-mejores-anos-toca-devolverselos\\\/#authorImage\",\"url\":\"https:\\\/\\\/www.eldigitaldeasturias.com\\\/noticias\\\/wp-content\\\/litespeed\\\/avatar\\\/18677e78aa0546b92d9dbf31ec7d7668.jpg?ver=1776685526\",\"width\":96,\"height\":96,\"caption\":\"El Digital de Asturias\"}},{\"@type\":\"WebPage\",\"@id\":\"https:\\\/\\\/www.eldigitaldeasturias.com\\\/noticias\\\/dia-del-padre-el-entrego-sus-mejores-anos-toca-devolverselos\\\/#webpage\",\"url\":\"https:\\\/\\\/www.eldigitaldeasturias.com\\\/noticias\\\/dia-del-padre-el-entrego-sus-mejores-anos-toca-devolverselos\\\/\",\"name\":\"D\\u00eda del Padre: \\u00c9l entreg\\u00f3 sus mejores a\\u00f1os, toca devolv\\u00e9rselos - El Digital de Asturias\",\"description\":\"Radiesse combate la flacidez en la zona de la cara, especialmente causada por el paso del tiempo y la fatiga. Un tratamiento cuyos resultados comienzan a notarse r\\u00e1pidamente, con una duraci\\u00f3n que permite presumir de una imagen muy cuidada por un largo tiempo. Cl\\u00ednicas SOFT, especialistas en belleza facial, analizan el caso de cada paciente,\",\"inLanguage\":\"es-ES\",\"isPartOf\":{\"@id\":\"https:\\\/\\\/www.eldigitaldeasturias.com\\\/noticias\\\/#website\"},\"breadcrumb\":{\"@id\":\"https:\\\/\\\/www.eldigitaldeasturias.com\\\/noticias\\\/dia-del-padre-el-entrego-sus-mejores-anos-toca-devolverselos\\\/#breadcrumblist\"},\"author\":{\"@id\":\"https:\\\/\\\/www.eldigitaldeasturias.com\\\/noticias\\\/author\\\/admin\\\/#author\"},\"creator\":{\"@id\":\"https:\\\/\\\/www.eldigitaldeasturias.com\\\/noticias\\\/author\\\/admin\\\/#author\"},\"image\":{\"@type\":\"ImageObject\",\"url\":\"https:\\\/\\\/www.eldigitaldeasturias.com\\\/noticias\\\/wp-content\\\/uploads\\\/2016\\\/02\\\/1456316272_29343816_xl.jpg\",\"@id\":\"https:\\\/\\\/www.eldigitaldeasturias.com\\\/noticias\\\/dia-del-padre-el-entrego-sus-mejores-anos-toca-devolverselos\\\/#mainImage\",\"width\":3832,\"height\":2554},\"primaryImageOfPage\":{\"@id\":\"https:\\\/\\\/www.eldigitaldeasturias.com\\\/noticias\\\/dia-del-padre-el-entrego-sus-mejores-anos-toca-devolverselos\\\/#mainImage\"},\"datePublished\":\"2016-02-25T06:42:38+01:00\",\"dateModified\":\"2016-02-25T06:42:38+01:00\"},{\"@type\":\"WebSite\",\"@id\":\"https:\\\/\\\/www.eldigitaldeasturias.com\\\/noticias\\\/#website\",\"url\":\"https:\\\/\\\/www.eldigitaldeasturias.com\\\/noticias\\\/\",\"name\":\"El Digital de Asturias - Diario de actualidad y noticias\",\"alternateName\":\"El Digital de Asturias - Diario de actualidad y noticias\",\"description\":\"Hemeroteca\",\"inLanguage\":\"es-ES\",\"publisher\":{\"@id\":\"https:\\\/\\\/www.eldigitaldeasturias.com\\\/noticias\\\/#organization\"}}]}\n\t\t<\/script>\n\t\t<!-- All in One SEO Pro -->\r\n\t\t<title>D\u00eda del Padre: \u00c9l entreg\u00f3 sus mejores a\u00f1os, toca devolv\u00e9rselos - El Digital de Asturias<\/title>\n\n","aioseo_head_json":{"title":"D\u00eda del Padre: \u00c9l entreg\u00f3 sus mejores a\u00f1os, toca devolv\u00e9rselos - El Digital de Asturias","description":"Radiesse combate la flacidez en la zona de la cara, especialmente causada por el paso del tiempo y la fatiga. Un tratamiento cuyos resultados comienzan a notarse r\u00e1pidamente, con una duraci\u00f3n que permite presumir de una imagen muy cuidada por un largo tiempo. Cl\u00ednicas SOFT, especialistas en belleza facial, analizan el caso de cada paciente,","canonical_url":"https:\/\/www.eldigitaldeasturias.com\/noticias\/dia-del-padre-el-entrego-sus-mejores-anos-toca-devolverselos\/","robots":"max-image-preview:large","keywords":"sociedad","webmasterTools":{"google-site-verification":"UA-38556648-1","msvalidate.01":"7dfe9f3f1b24437ab69f4f2559babe99","miscellaneous":""},"schema":{"@context":"https:\/\/schema.org","@graph":[{"@type":"BlogPosting","@id":"https:\/\/www.eldigitaldeasturias.com\/noticias\/dia-del-padre-el-entrego-sus-mejores-anos-toca-devolverselos\/#blogposting","name":"D\u00eda del Padre: \u00c9l entreg\u00f3 sus mejores a\u00f1os, toca devolv\u00e9rselos - El Digital de Asturias","headline":"D\u00eda del Padre: \u00c9l entreg\u00f3 sus mejores a\u00f1os, toca devolv\u00e9rselos","author":{"@id":"https:\/\/www.eldigitaldeasturias.com\/noticias\/author\/admin\/#author"},"publisher":{"@id":"https:\/\/www.eldigitaldeasturias.com\/noticias\/#organization"},"image":{"@type":"ImageObject","url":"https:\/\/www.eldigitaldeasturias.com\/noticias\/wp-content\/uploads\/2016\/02\/1456316272_29343816_xl.jpg","width":3832,"height":2554},"datePublished":"2016-02-25T06:42:38+01:00","dateModified":"2016-02-25T06:42:38+01:00","inLanguage":"es-ES","mainEntityOfPage":{"@id":"https:\/\/www.eldigitaldeasturias.com\/noticias\/dia-del-padre-el-entrego-sus-mejores-anos-toca-devolverselos\/#webpage"},"isPartOf":{"@id":"https:\/\/www.eldigitaldeasturias.com\/noticias\/dia-del-padre-el-entrego-sus-mejores-anos-toca-devolverselos\/#webpage"},"articleSection":"Sociedad"},{"@type":"BreadcrumbList","@id":"https:\/\/www.eldigitaldeasturias.com\/noticias\/dia-del-padre-el-entrego-sus-mejores-anos-toca-devolverselos\/#breadcrumblist","itemListElement":[{"@type":"ListItem","@id":"https:\/\/www.eldigitaldeasturias.com\/noticias#listItem","position":1,"name":"Home","item":"https:\/\/www.eldigitaldeasturias.com\/noticias","nextItem":{"@type":"ListItem","@id":"https:\/\/www.eldigitaldeasturias.com\/noticias\/category\/sociedad\/#listItem","name":"Sociedad"}},{"@type":"ListItem","@id":"https:\/\/www.eldigitaldeasturias.com\/noticias\/category\/sociedad\/#listItem","position":2,"name":"Sociedad","item":"https:\/\/www.eldigitaldeasturias.com\/noticias\/category\/sociedad\/","nextItem":{"@type":"ListItem","@id":"https:\/\/www.eldigitaldeasturias.com\/noticias\/dia-del-padre-el-entrego-sus-mejores-anos-toca-devolverselos\/#listItem","name":"D\u00eda del Padre: \u00c9l entreg\u00f3 sus mejores a\u00f1os, toca devolv\u00e9rselos"},"previousItem":{"@type":"ListItem","@id":"https:\/\/www.eldigitaldeasturias.com\/noticias#listItem","name":"Home"}},{"@type":"ListItem","@id":"https:\/\/www.eldigitaldeasturias.com\/noticias\/dia-del-padre-el-entrego-sus-mejores-anos-toca-devolverselos\/#listItem","position":3,"name":"D\u00eda del Padre: \u00c9l entreg\u00f3 sus mejores a\u00f1os, toca devolv\u00e9rselos","previousItem":{"@type":"ListItem","@id":"https:\/\/www.eldigitaldeasturias.com\/noticias\/category\/sociedad\/#listItem","name":"Sociedad"}}]},{"@type":"Organization","@id":"https:\/\/www.eldigitaldeasturias.com\/noticias\/#organization","name":"El Digital de Asturias","description":"Hemeroteca","url":"https:\/\/www.eldigitaldeasturias.com\/noticias\/","email":"info@eldigitaldeasturias.com","telephone":"+34652131393","logo":{"@type":"ImageObject","url":"https:\/\/www.eldigitaldeasturias.com\/noticias\/wp-content\/uploads\/2020\/12\/EDA.jpg","@id":"https:\/\/www.eldigitaldeasturias.com\/noticias\/dia-del-padre-el-entrego-sus-mejores-anos-toca-devolverselos\/#organizationLogo","width":649,"height":297},"image":{"@id":"https:\/\/www.eldigitaldeasturias.com\/noticias\/dia-del-padre-el-entrego-sus-mejores-anos-toca-devolverselos\/#organizationLogo"},"sameAs":["https:\/\/facebook.com\/eldigitaldeasturias","https:\/\/www.youtube.com\/channel\/UCZP-2wLEB9Rv6erhFmqVnvg"],"address":{"@id":"https:\/\/www.eldigitaldeasturias.com\/noticias\/#postaladdress","@type":"PostalAddress","streetAddress":"san antonio 4,","postalCode":"33430","addressLocality":"Cand\u00e1s","addressRegion":"Asturias","addressCountry":"ES"}},{"@type":"Person","@id":"https:\/\/www.eldigitaldeasturias.com\/noticias\/author\/admin\/#author","url":"https:\/\/www.eldigitaldeasturias.com\/noticias\/author\/admin\/","name":"El Digital de Asturias","image":{"@type":"ImageObject","@id":"https:\/\/www.eldigitaldeasturias.com\/noticias\/dia-del-padre-el-entrego-sus-mejores-anos-toca-devolverselos\/#authorImage","url":"https:\/\/www.eldigitaldeasturias.com\/noticias\/wp-content\/litespeed\/avatar\/18677e78aa0546b92d9dbf31ec7d7668.jpg?ver=1776685526","width":96,"height":96,"caption":"El Digital de Asturias"}},{"@type":"WebPage","@id":"https:\/\/www.eldigitaldeasturias.com\/noticias\/dia-del-padre-el-entrego-sus-mejores-anos-toca-devolverselos\/#webpage","url":"https:\/\/www.eldigitaldeasturias.com\/noticias\/dia-del-padre-el-entrego-sus-mejores-anos-toca-devolverselos\/","name":"D\u00eda del Padre: \u00c9l entreg\u00f3 sus mejores a\u00f1os, toca devolv\u00e9rselos - El Digital de Asturias","description":"Radiesse combate la flacidez en la zona de la cara, especialmente causada por el paso del tiempo y la fatiga. Un tratamiento cuyos resultados comienzan a notarse r\u00e1pidamente, con una duraci\u00f3n que permite presumir de una imagen muy cuidada por un largo tiempo. Cl\u00ednicas SOFT, especialistas en belleza facial, analizan el caso de cada paciente,","inLanguage":"es-ES","isPartOf":{"@id":"https:\/\/www.eldigitaldeasturias.com\/noticias\/#website"},"breadcrumb":{"@id":"https:\/\/www.eldigitaldeasturias.com\/noticias\/dia-del-padre-el-entrego-sus-mejores-anos-toca-devolverselos\/#breadcrumblist"},"author":{"@id":"https:\/\/www.eldigitaldeasturias.com\/noticias\/author\/admin\/#author"},"creator":{"@id":"https:\/\/www.eldigitaldeasturias.com\/noticias\/author\/admin\/#author"},"image":{"@type":"ImageObject","url":"https:\/\/www.eldigitaldeasturias.com\/noticias\/wp-content\/uploads\/2016\/02\/1456316272_29343816_xl.jpg","@id":"https:\/\/www.eldigitaldeasturias.com\/noticias\/dia-del-padre-el-entrego-sus-mejores-anos-toca-devolverselos\/#mainImage","width":3832,"height":2554},"primaryImageOfPage":{"@id":"https:\/\/www.eldigitaldeasturias.com\/noticias\/dia-del-padre-el-entrego-sus-mejores-anos-toca-devolverselos\/#mainImage"},"datePublished":"2016-02-25T06:42:38+01:00","dateModified":"2016-02-25T06:42:38+01:00"},{"@type":"WebSite","@id":"https:\/\/www.eldigitaldeasturias.com\/noticias\/#website","url":"https:\/\/www.eldigitaldeasturias.com\/noticias\/","name":"El Digital de Asturias - Diario de actualidad y noticias","alternateName":"El Digital de Asturias - Diario de actualidad y noticias","description":"Hemeroteca","inLanguage":"es-ES","publisher":{"@id":"https:\/\/www.eldigitaldeasturias.com\/noticias\/#organization"}}]},"og:locale":"es_ES","og:site_name":"El Digital de Asturias","og:type":"article","og:title":"D\u00eda del Padre: \u00c9l entreg\u00f3 sus mejores a\u00f1os, toca devolv\u00e9rselos - El Digital de Asturias","og:description":"Radiesse combate la flacidez en la zona de la cara, especialmente causada por el paso del tiempo y la fatiga. Un tratamiento cuyos resultados comienzan a notarse r\u00e1pidamente, con una duraci\u00f3n que permite presumir de una imagen muy cuidada por un largo tiempo. Cl\u00ednicas SOFT, especialistas en belleza facial, analizan el caso de cada paciente,","og:url":"https:\/\/www.eldigitaldeasturias.com\/noticias\/dia-del-padre-el-entrego-sus-mejores-anos-toca-devolverselos\/","og:image":"https:\/\/www.eldigitaldeasturias.com\/noticias\/wp-content\/uploads\/2016\/02\/1456316272_29343816_xl.jpg","og:image:secure_url":"https:\/\/www.eldigitaldeasturias.com\/noticias\/wp-content\/uploads\/2016\/02\/1456316272_29343816_xl.jpg","og:image:width":3832,"og:image:height":2554,"article:tag":["sociedad"],"article:published_time":"2016-02-25T06:42:38+00:00","article:modified_time":"2016-02-25T06:42:38+00:00","article:publisher":"https:\/\/facebook.com\/eldigitaldeasturias","twitter:card":"summary_large_image","twitter:title":"D\u00eda del Padre: \u00c9l entreg\u00f3 sus mejores a\u00f1os, toca devolv\u00e9rselos - El Digital de Asturias","twitter:description":"Radiesse combate la flacidez en la zona de la cara, especialmente causada por el paso del tiempo y la fatiga. Un tratamiento cuyos resultados comienzan a notarse r\u00e1pidamente, con una duraci\u00f3n que permite presumir de una imagen muy cuidada por un largo tiempo. Cl\u00ednicas SOFT, especialistas en belleza facial, analizan el caso de cada paciente,","twitter:image":"https:\/\/www.eldigitaldeasturias.com\/noticias\/wp-content\/uploads\/2016\/02\/1456316272_29343816_xl.jpg","twitter:label1":"Escrito por","twitter:data1":"El Digital de Asturias","twitter:label2":"Tiempo de lectura estimado","twitter:data2":"2 minutos"},"aioseo_meta_data":{"post_id":"861588","title":null,"description":null,"keywords":null,"keyphrases":null,"primary_term":null,"canonical_url":null,"og_title":null,"og_description":null,"og_object_type":"default","og_image_type":"default","og_image_url":null,"og_image_width":null,"og_image_height":null,"og_image_custom_url":null,"og_image_custom_fields":null,"og_video":null,"og_custom_url":null,"og_article_section":null,"og_article_tags":null,"twitter_use_og":false,"twitter_card":"default","twitter_image_type":"default","twitter_image_url":null,"twitter_image_custom_url":null,"twitter_image_custom_fields":null,"twitter_title":null,"twitter_description":null,"schema":{"blockGraphs":[],"customGraphs":[],"default":{"data":{"Article":[],"Course":[],"Dataset":[],"FAQPage":[],"Movie":[],"Person":[],"Product":[],"ProductReview":[],"Car":[],"Recipe":[],"Service":[],"SoftwareApplication":[],"WebPage":[]},"graphName":"","isEnabled":true},"graphs":[],"defaultGraph":"","defaultPostTypeGraph":""},"schema_type":null,"schema_type_options":null,"pillar_content":false,"robots_default":true,"robots_noindex":false,"robots_noarchive":false,"robots_nosnippet":false,"robots_nofollow":false,"robots_noimageindex":false,"robots_noodp":false,"robots_notranslate":false,"robots_max_snippet":null,"robots_max_videopreview":null,"robots_max_imagepreview":"large","priority":null,"frequency":null,"local_seo":null,"seo_analyzer_scan_date":"2025-12-10 21:42:11","breadcrumb_settings":null,"limit_modified_date":false,"open_ai":null,"ai":null,"created":"2021-01-23 15:02:12","updated":"2025-12-10 21:42:11"},"aioseo_breadcrumb":"<div class=\"aioseo-breadcrumbs\"><span class=\"aioseo-breadcrumb\">\n\t<a href=\"https:\/\/www.eldigitaldeasturias.com\/noticias\" title=\"Home\">Home<\/a>\n<\/span><span class=\"aioseo-breadcrumb-separator\">\u2013<\/span><span class=\"aioseo-breadcrumb\">\n\t<a href=\"https:\/\/www.eldigitaldeasturias.com\/noticias\/category\/sociedad\/\" title=\"Sociedad\">Sociedad<\/a>\n<\/span><span class=\"aioseo-breadcrumb-separator\">\u2013<\/span><span class=\"aioseo-breadcrumb\">\n\t<a href=\"https:\/\/www.eldigitaldeasturias.com\/noticias\/dia-del-padre-el-entrego-sus-mejores-anos-toca-devolverselos\/\" title=\"D\u00eda del Padre: \u00c9l entreg\u00f3 sus mejores a\u00f1os, toca devolv\u00e9rselos\">D\u00eda del Padre: \u00c9l entreg\u00f3 sus mejores a\u00f1os, toca devolv\u00e9rselos<\/a>\n<\/span><\/div>","aioseo_breadcrumb_json":[{"label":"Home","link":"https:\/\/www.eldigitaldeasturias.com\/noticias"},{"label":"Sociedad","link":"https:\/\/www.eldigitaldeasturias.com\/noticias\/category\/sociedad\/"},{"label":"D\u00eda del Padre: \u00c9l entreg\u00f3 sus mejores a\u00f1os, toca devolv\u00e9rselos","link":"https:\/\/www.eldigitaldeasturias.com\/noticias\/dia-del-padre-el-entrego-sus-mejores-anos-toca-devolverselos\/"}],"_links":{"self":[{"href":"https:\/\/www.eldigitaldeasturias.com\/noticias\/wp-json\/wp\/v2\/posts\/861588","targetHints":{"allow":["GET"]}}],"collection":[{"href":"https:\/\/www.eldigitaldeasturias.com\/noticias\/wp-json\/wp\/v2\/posts"}],"about":[{"href":"https:\/\/www.eldigitaldeasturias.com\/noticias\/wp-json\/wp\/v2\/types\/post"}],"author":[{"embeddable":true,"href":"https:\/\/www.eldigitaldeasturias.com\/noticias\/wp-json\/wp\/v2\/users\/1"}],"replies":[{"embeddable":true,"href":"https:\/\/www.eldigitaldeasturias.com\/noticias\/wp-json\/wp\/v2\/comments?post=861588"}],"version-history":[{"count":0,"href":"https:\/\/www.eldigitaldeasturias.com\/noticias\/wp-json\/wp\/v2\/posts\/861588\/revisions"}],"wp:featuredmedia":[{"embeddable":true,"href":"https:\/\/www.eldigitaldeasturias.com\/noticias\/wp-json\/wp\/v2\/media\/861589"}],"wp:attachment":[{"href":"https:\/\/www.eldigitaldeasturias.com\/noticias\/wp-json\/wp\/v2\/media?parent=861588"}],"wp:term":[{"taxonomy":"category","embeddable":true,"href":"https:\/\/www.eldigitaldeasturias.com\/noticias\/wp-json\/wp\/v2\/categories?post=861588"},{"taxonomy":"post_tag","embeddable":true,"href":"https:\/\/www.eldigitaldeasturias.com\/noticias\/wp-json\/wp\/v2\/tags?post=861588"}],"curies":[{"name":"wp","href":"https:\/\/api.w.org\/{rel}","templated":true}]}}