{"id":861582,"date":"2016-02-25T06:38:58","date_gmt":"2016-02-25T06:38:58","guid":{"rendered":"http:\/\/www.eldigitaldeasturias.com\/noticias\/?p=861582"},"modified":"2016-02-25T06:38:58","modified_gmt":"2016-02-25T06:38:58","slug":"saft-ilumina-la-mitica-plaza-champ-de-mars-de-puerto-principe","status":"publish","type":"post","link":"https:\/\/www.eldigitaldeasturias.com\/noticias\/saft-ilumina-la-mitica-plaza-champ-de-mars-de-puerto-principe\/","title":{"rendered":"Saft ilumina la m\u00edtica plaza Champ de Mars de Puerto Pr\u00edncipe"},"content":{"rendered":"<p><img loading=\"lazy\" decoding=\"async\" class=\"alignleft size-medium wp-image-861583\" src=\"https:\/\/www.eldigitaldeasturias.com\/noticias\/wp-content\/uploads\/2016\/02\/1456227833_Intensium-360x202.jpg\" alt=\"1456227833_Intensium\" width=\"360\" height=\"202\" srcset=\"https:\/\/www.eldigitaldeasturias.com\/noticias\/wp-content\/uploads\/2016\/02\/1456227833_Intensium-360x202.jpg 360w, https:\/\/www.eldigitaldeasturias.com\/noticias\/wp-content\/uploads\/2016\/02\/1456227833_Intensium-499x280.jpg 499w, https:\/\/www.eldigitaldeasturias.com\/noticias\/wp-content\/uploads\/2016\/02\/1456227833_Intensium.jpg 615w\" sizes=\"auto, (max-width: 360px) 100vw, 360px\" \/>Saft, l\u00edder mundial en dise\u00f1o y fabricaci\u00f3n de bater\u00edas de tecnolog\u00eda avanzada para la industria, ha instalado un novedoso sistema de almacenamiento de energ\u00eda de litio-i\u00f3n para la iluminaci\u00f3n y conexi\u00f3n wifi en el Champ de Mars, la gran plaza p\u00fablica en Puerto Pr\u00edncipe, Hait\u00ed. El contrato se firm\u00f3 con el grupo Geninov (con sede en Montreal), una empresa de energ\u00eda diversificada y tecnolog\u00eda de ingenier\u00eda.<\/p>\n<p>El Champ de Mars es el mayor parque de recreo de Hait\u00ed. El sistema de almacenamiento energ\u00e9tico de Saft, que se ha instalado en las cercan\u00edas del Centro Cultural Triumphe junto a aproximadamente 110kW de paneles solares, est\u00e1 compuesto de un contenedor de bater\u00edas Intensium\u00ae Max 20E. Se ha configurado as\u00ed para recoger la energ\u00eda durante las horas de sol y para iluminar todo el parque por la noche mientras que se suministra cobertura wifi en las inmediaciones.<\/p>\n<p>\u201cEstamos extremadamente contentos de trabajar con Saft para dar un servicio cr\u00edtico a la ciudad de Puerto Pr\u00edncipe y a los haitianos\u201d, confes\u00f3 Yves Marthone, el Director de Operaciones de Geninov. \u201cLa tecnolog\u00eda de energ\u00edas renovables es una de nuestras \u00e1reas m\u00e1s importantes de desarrollo para peque\u00f1as redes de alimentaci\u00f3n en sitios remotos, y confiamos en que este proyecto tendr\u00e1 un impacto positivo inmediato\u201d.<\/p>\n<p>El llamado proyecto \u2018Triumphe\u2019 es la primera planta fotovoltaica de Hait\u00ed. El sistema de conversi\u00f3n energ\u00e9tico fue suministrado por la empresa norteamericana Princeton Power Systems, una multinacional de tecnolog\u00eda energ\u00e9tica que opera en Norte Am\u00e9rica, Europa, \u00c1frica y el Caribe. Con una capacidad instalada de 100 kWp dise\u00f1ados para que coincida con la demanda diaria de 200 kWh, el proyecto \u2018Triumphe\u2019 evaluar\u00e1 el potencial de aplicaciones similares de apoyo a las energ\u00edas renovables en Hait\u00ed.<\/p>\n<p>El contenedor de 20 pies \u2013unos 6 metros- Saft Intensium\u00ae Max 20E proporciona una alta capacidad de energ\u00eda para la carga durante el d\u00eda, la descarga de la tarde, backup y el cambio de energ\u00eda. La instalaci\u00f3n de Champ de Mars es el indicativo de la demanda de sistemas de almacenamiento de la bater\u00eda de litio-i\u00f3n de alta calidad para redes insulares en el Caribe y apoyar la integraci\u00f3n de las energ\u00edas renovables y aumentar la resistencia de la red.<\/p>\n<p>\u201cSaft est\u00e1 reconocido como l\u00edder en suministrar soluciones especializadas de almacenamiento energ\u00e9tico para alimentar redes como las que encontramos en islas por todo el mundo\u201d, dijo Glen Bowling, Vicepresidente s\u00e9nior de ventas de Saft Transportation, Telecom &amp; Grid. \u201cEl proyecto \u2018Triumphe\u2019 es una innovadora colaboraci\u00f3n m\u00e1s que seguramente nos lleve a otras instalaciones similares en el Caribe\u201d.<\/p>\n<p>Geninov, empresa de energ\u00eda diversificada y tecnolog\u00eda de ingenier\u00eda con sede en Montreal (C\u00e1nada) y oficina en Puerto Pr\u00edncipe, ha desarrollado una red de socios que operan en Norte Am\u00e9rica, Latinoam\u00e9rica, \u00c1frica y en las Antillas, y seleccion\u00f3 a Saft por su reputaci\u00f3n y capacidad para ayudar a ganar confianza en el Ministerio de Energ\u00eda del gobierno haitiano y el Banco Mundial que estaba involucrado en la financiaci\u00f3n del proyecto.<\/p>\n","protected":false},"excerpt":{"rendered":"<p>Saft, l\u00edder mundial en dise\u00f1o y fabricaci\u00f3n de bater\u00edas de tecnolog\u00eda avanzada para la industria, ha instalado un novedoso sistema de almacenamiento de energ\u00eda de litio-i\u00f3n para la iluminaci\u00f3n y conexi\u00f3n wifi en el Champ de Mars, la gran plaza p\u00fablica en Puerto Pr\u00edncipe, Hait\u00ed. El contrato se firm\u00f3 con el grupo Geninov (con sede [&hellip;]<\/p>\n","protected":false},"author":1,"featured_media":861583,"comment_status":"closed","ping_status":"closed","sticky":false,"template":"","format":"standard","meta":{"footnotes":""},"categories":[1],"tags":[],"class_list":["post-861582","post","type-post","status-publish","format-standard","has-post-thumbnail","hentry","category-actualidad"],"aioseo_notices":[],"aioseo_head":"\n\t\t<!-- All in One SEO Pro 4.9.6.2 - aioseo.com -->\n\t<meta name=\"description\" content=\"Saft, l\u00edder mundial en dise\u00f1o y fabricaci\u00f3n de bater\u00edas de tecnolog\u00eda avanzada para la industria, ha instalado un novedoso sistema de almacenamiento de energ\u00eda de litio-i\u00f3n para la iluminaci\u00f3n y conexi\u00f3n wifi en el Champ de Mars, la gran plaza p\u00fablica en Puerto Pr\u00edncipe, Hait\u00ed. El contrato se firm\u00f3 con el grupo Geninov (con sede\" \/>\n\t<meta name=\"robots\" content=\"max-image-preview:large\" \/>\n\t<meta name=\"author\" content=\"El Digital de Asturias\"\/>\n\t<meta name=\"google-site-verification\" content=\"UA-38556648-1\" \/>\n\t<meta name=\"msvalidate.01\" content=\"7dfe9f3f1b24437ab69f4f2559babe99\" \/>\n\t<meta name=\"keywords\" content=\"actualidad\" \/>\n\t<link rel=\"canonical\" href=\"https:\/\/www.eldigitaldeasturias.com\/noticias\/saft-ilumina-la-mitica-plaza-champ-de-mars-de-puerto-principe\/\" \/>\n\t<meta name=\"generator\" content=\"All in One SEO Pro (AIOSEO) 4.9.6.2\" \/>\n\t\t<meta property=\"og:locale\" content=\"es_ES\" \/>\n\t\t<meta property=\"og:site_name\" content=\"El Digital de Asturias\" \/>\n\t\t<meta property=\"og:type\" content=\"article\" \/>\n\t\t<meta property=\"og:title\" content=\"Saft ilumina la m\u00edtica plaza Champ de Mars de Puerto Pr\u00edncipe - El Digital de Asturias\" \/>\n\t\t<meta property=\"og:description\" content=\"Saft, l\u00edder mundial en dise\u00f1o y fabricaci\u00f3n de bater\u00edas de tecnolog\u00eda avanzada para la industria, ha instalado un novedoso sistema de almacenamiento de energ\u00eda de litio-i\u00f3n para la iluminaci\u00f3n y conexi\u00f3n wifi en el Champ de Mars, la gran plaza p\u00fablica en Puerto Pr\u00edncipe, Hait\u00ed. El contrato se firm\u00f3 con el grupo Geninov (con sede\" \/>\n\t\t<meta property=\"og:url\" content=\"https:\/\/www.eldigitaldeasturias.com\/noticias\/saft-ilumina-la-mitica-plaza-champ-de-mars-de-puerto-principe\/\" \/>\n\t\t<meta property=\"og:image\" content=\"https:\/\/www.eldigitaldeasturias.com\/noticias\/wp-content\/uploads\/2016\/02\/1456227833_Intensium.jpg\" \/>\n\t\t<meta property=\"og:image:secure_url\" content=\"https:\/\/www.eldigitaldeasturias.com\/noticias\/wp-content\/uploads\/2016\/02\/1456227833_Intensium.jpg\" \/>\n\t\t<meta property=\"og:image:width\" content=\"615\" \/>\n\t\t<meta property=\"og:image:height\" content=\"345\" \/>\n\t\t<meta property=\"article:tag\" content=\"actualidad\" \/>\n\t\t<meta property=\"article:published_time\" content=\"2016-02-25T06:38:58+00:00\" \/>\n\t\t<meta property=\"article:modified_time\" content=\"2016-02-25T06:38:58+00:00\" \/>\n\t\t<meta property=\"article:publisher\" content=\"https:\/\/facebook.com\/eldigitaldeasturias\" \/>\n\t\t<meta name=\"twitter:card\" content=\"summary_large_image\" \/>\n\t\t<meta name=\"twitter:title\" content=\"Saft ilumina la m\u00edtica plaza Champ de Mars de Puerto Pr\u00edncipe - El Digital de Asturias\" \/>\n\t\t<meta name=\"twitter:description\" content=\"Saft, l\u00edder mundial en dise\u00f1o y fabricaci\u00f3n de bater\u00edas de tecnolog\u00eda avanzada para la industria, ha instalado un novedoso sistema de almacenamiento de energ\u00eda de litio-i\u00f3n para la iluminaci\u00f3n y conexi\u00f3n wifi en el Champ de Mars, la gran plaza p\u00fablica en Puerto Pr\u00edncipe, Hait\u00ed. El contrato se firm\u00f3 con el grupo Geninov (con sede\" \/>\n\t\t<meta name=\"twitter:image\" content=\"https:\/\/www.eldigitaldeasturias.com\/noticias\/wp-content\/uploads\/2016\/02\/1456227833_Intensium.jpg\" \/>\n\t\t<meta name=\"twitter:label1\" content=\"Escrito por\" \/>\n\t\t<meta name=\"twitter:data1\" content=\"El Digital de Asturias\" \/>\n\t\t<meta name=\"twitter:label2\" content=\"Tiempo de lectura estimado\" \/>\n\t\t<meta name=\"twitter:data2\" content=\"3 minutos\" \/>\n\t\t<script type=\"application\/ld+json\" class=\"aioseo-schema\">\n\t\t\t{\"@context\":\"https:\\\/\\\/schema.org\",\"@graph\":[{\"@type\":\"BlogPosting\",\"@id\":\"https:\\\/\\\/www.eldigitaldeasturias.com\\\/noticias\\\/saft-ilumina-la-mitica-plaza-champ-de-mars-de-puerto-principe\\\/#blogposting\",\"name\":\"Saft ilumina la m\\u00edtica plaza Champ de Mars de Puerto Pr\\u00edncipe - El Digital de Asturias\",\"headline\":\"Saft ilumina la m\\u00edtica plaza Champ de Mars de Puerto Pr\\u00edncipe\",\"author\":{\"@id\":\"https:\\\/\\\/www.eldigitaldeasturias.com\\\/noticias\\\/author\\\/admin\\\/#author\"},\"publisher\":{\"@id\":\"https:\\\/\\\/www.eldigitaldeasturias.com\\\/noticias\\\/#organization\"},\"image\":{\"@type\":\"ImageObject\",\"url\":\"https:\\\/\\\/www.eldigitaldeasturias.com\\\/noticias\\\/wp-content\\\/uploads\\\/2016\\\/02\\\/1456227833_Intensium.jpg\",\"width\":615,\"height\":345},\"datePublished\":\"2016-02-25T06:38:58+01:00\",\"dateModified\":\"2016-02-25T06:38:58+01:00\",\"inLanguage\":\"es-ES\",\"mainEntityOfPage\":{\"@id\":\"https:\\\/\\\/www.eldigitaldeasturias.com\\\/noticias\\\/saft-ilumina-la-mitica-plaza-champ-de-mars-de-puerto-principe\\\/#webpage\"},\"isPartOf\":{\"@id\":\"https:\\\/\\\/www.eldigitaldeasturias.com\\\/noticias\\\/saft-ilumina-la-mitica-plaza-champ-de-mars-de-puerto-principe\\\/#webpage\"},\"articleSection\":\"Actualidad\"},{\"@type\":\"BreadcrumbList\",\"@id\":\"https:\\\/\\\/www.eldigitaldeasturias.com\\\/noticias\\\/saft-ilumina-la-mitica-plaza-champ-de-mars-de-puerto-principe\\\/#breadcrumblist\",\"itemListElement\":[{\"@type\":\"ListItem\",\"@id\":\"https:\\\/\\\/www.eldigitaldeasturias.com\\\/noticias#listItem\",\"position\":1,\"name\":\"Home\",\"item\":\"https:\\\/\\\/www.eldigitaldeasturias.com\\\/noticias\",\"nextItem\":{\"@type\":\"ListItem\",\"@id\":\"https:\\\/\\\/www.eldigitaldeasturias.com\\\/noticias\\\/category\\\/actualidad\\\/#listItem\",\"name\":\"Actualidad\"}},{\"@type\":\"ListItem\",\"@id\":\"https:\\\/\\\/www.eldigitaldeasturias.com\\\/noticias\\\/category\\\/actualidad\\\/#listItem\",\"position\":2,\"name\":\"Actualidad\",\"item\":\"https:\\\/\\\/www.eldigitaldeasturias.com\\\/noticias\\\/category\\\/actualidad\\\/\",\"nextItem\":{\"@type\":\"ListItem\",\"@id\":\"https:\\\/\\\/www.eldigitaldeasturias.com\\\/noticias\\\/saft-ilumina-la-mitica-plaza-champ-de-mars-de-puerto-principe\\\/#listItem\",\"name\":\"Saft ilumina la m\\u00edtica plaza Champ de Mars de Puerto Pr\\u00edncipe\"},\"previousItem\":{\"@type\":\"ListItem\",\"@id\":\"https:\\\/\\\/www.eldigitaldeasturias.com\\\/noticias#listItem\",\"name\":\"Home\"}},{\"@type\":\"ListItem\",\"@id\":\"https:\\\/\\\/www.eldigitaldeasturias.com\\\/noticias\\\/saft-ilumina-la-mitica-plaza-champ-de-mars-de-puerto-principe\\\/#listItem\",\"position\":3,\"name\":\"Saft ilumina la m\\u00edtica plaza Champ de Mars de Puerto Pr\\u00edncipe\",\"previousItem\":{\"@type\":\"ListItem\",\"@id\":\"https:\\\/\\\/www.eldigitaldeasturias.com\\\/noticias\\\/category\\\/actualidad\\\/#listItem\",\"name\":\"Actualidad\"}}]},{\"@type\":\"Organization\",\"@id\":\"https:\\\/\\\/www.eldigitaldeasturias.com\\\/noticias\\\/#organization\",\"name\":\"El Digital de Asturias\",\"description\":\"Hemeroteca\",\"url\":\"https:\\\/\\\/www.eldigitaldeasturias.com\\\/noticias\\\/\",\"email\":\"info@eldigitaldeasturias.com\",\"telephone\":\"+34652131393\",\"logo\":{\"@type\":\"ImageObject\",\"url\":\"https:\\\/\\\/www.eldigitaldeasturias.com\\\/noticias\\\/wp-content\\\/uploads\\\/2020\\\/12\\\/EDA.jpg\",\"@id\":\"https:\\\/\\\/www.eldigitaldeasturias.com\\\/noticias\\\/saft-ilumina-la-mitica-plaza-champ-de-mars-de-puerto-principe\\\/#organizationLogo\",\"width\":649,\"height\":297},\"image\":{\"@id\":\"https:\\\/\\\/www.eldigitaldeasturias.com\\\/noticias\\\/saft-ilumina-la-mitica-plaza-champ-de-mars-de-puerto-principe\\\/#organizationLogo\"},\"sameAs\":[\"https:\\\/\\\/facebook.com\\\/eldigitaldeasturias\",\"https:\\\/\\\/www.youtube.com\\\/channel\\\/UCZP-2wLEB9Rv6erhFmqVnvg\"],\"address\":{\"@id\":\"https:\\\/\\\/www.eldigitaldeasturias.com\\\/noticias\\\/#postaladdress\",\"@type\":\"PostalAddress\",\"streetAddress\":\"san antonio 4,\",\"postalCode\":\"33430\",\"addressLocality\":\"Cand\\u00e1s\",\"addressRegion\":\"Asturias\",\"addressCountry\":\"ES\"}},{\"@type\":\"Person\",\"@id\":\"https:\\\/\\\/www.eldigitaldeasturias.com\\\/noticias\\\/author\\\/admin\\\/#author\",\"url\":\"https:\\\/\\\/www.eldigitaldeasturias.com\\\/noticias\\\/author\\\/admin\\\/\",\"name\":\"El Digital de Asturias\",\"image\":{\"@type\":\"ImageObject\",\"@id\":\"https:\\\/\\\/www.eldigitaldeasturias.com\\\/noticias\\\/saft-ilumina-la-mitica-plaza-champ-de-mars-de-puerto-principe\\\/#authorImage\",\"url\":\"https:\\\/\\\/www.eldigitaldeasturias.com\\\/noticias\\\/wp-content\\\/litespeed\\\/avatar\\\/18677e78aa0546b92d9dbf31ec7d7668.jpg?ver=1776685526\",\"width\":96,\"height\":96,\"caption\":\"El Digital de Asturias\"}},{\"@type\":\"WebPage\",\"@id\":\"https:\\\/\\\/www.eldigitaldeasturias.com\\\/noticias\\\/saft-ilumina-la-mitica-plaza-champ-de-mars-de-puerto-principe\\\/#webpage\",\"url\":\"https:\\\/\\\/www.eldigitaldeasturias.com\\\/noticias\\\/saft-ilumina-la-mitica-plaza-champ-de-mars-de-puerto-principe\\\/\",\"name\":\"Saft ilumina la m\\u00edtica plaza Champ de Mars de Puerto Pr\\u00edncipe - El Digital de Asturias\",\"description\":\"Saft, l\\u00edder mundial en dise\\u00f1o y fabricaci\\u00f3n de bater\\u00edas de tecnolog\\u00eda avanzada para la industria, ha instalado un novedoso sistema de almacenamiento de energ\\u00eda de litio-i\\u00f3n para la iluminaci\\u00f3n y conexi\\u00f3n wifi en el Champ de Mars, la gran plaza p\\u00fablica en Puerto Pr\\u00edncipe, Hait\\u00ed. El contrato se firm\\u00f3 con el grupo Geninov (con sede\",\"inLanguage\":\"es-ES\",\"isPartOf\":{\"@id\":\"https:\\\/\\\/www.eldigitaldeasturias.com\\\/noticias\\\/#website\"},\"breadcrumb\":{\"@id\":\"https:\\\/\\\/www.eldigitaldeasturias.com\\\/noticias\\\/saft-ilumina-la-mitica-plaza-champ-de-mars-de-puerto-principe\\\/#breadcrumblist\"},\"author\":{\"@id\":\"https:\\\/\\\/www.eldigitaldeasturias.com\\\/noticias\\\/author\\\/admin\\\/#author\"},\"creator\":{\"@id\":\"https:\\\/\\\/www.eldigitaldeasturias.com\\\/noticias\\\/author\\\/admin\\\/#author\"},\"image\":{\"@type\":\"ImageObject\",\"url\":\"https:\\\/\\\/www.eldigitaldeasturias.com\\\/noticias\\\/wp-content\\\/uploads\\\/2016\\\/02\\\/1456227833_Intensium.jpg\",\"@id\":\"https:\\\/\\\/www.eldigitaldeasturias.com\\\/noticias\\\/saft-ilumina-la-mitica-plaza-champ-de-mars-de-puerto-principe\\\/#mainImage\",\"width\":615,\"height\":345},\"primaryImageOfPage\":{\"@id\":\"https:\\\/\\\/www.eldigitaldeasturias.com\\\/noticias\\\/saft-ilumina-la-mitica-plaza-champ-de-mars-de-puerto-principe\\\/#mainImage\"},\"datePublished\":\"2016-02-25T06:38:58+01:00\",\"dateModified\":\"2016-02-25T06:38:58+01:00\"},{\"@type\":\"WebSite\",\"@id\":\"https:\\\/\\\/www.eldigitaldeasturias.com\\\/noticias\\\/#website\",\"url\":\"https:\\\/\\\/www.eldigitaldeasturias.com\\\/noticias\\\/\",\"name\":\"El Digital de Asturias - Diario de actualidad y noticias\",\"alternateName\":\"El Digital de Asturias - Diario de actualidad y noticias\",\"description\":\"Hemeroteca\",\"inLanguage\":\"es-ES\",\"publisher\":{\"@id\":\"https:\\\/\\\/www.eldigitaldeasturias.com\\\/noticias\\\/#organization\"}}]}\n\t\t<\/script>\n\t\t<!-- All in One SEO Pro -->\r\n\t\t<title>Saft ilumina la m\u00edtica plaza Champ de Mars de Puerto Pr\u00edncipe - El Digital de Asturias<\/title>\n\n","aioseo_head_json":{"title":"Saft ilumina la m\u00edtica plaza Champ de Mars de Puerto Pr\u00edncipe - El Digital de Asturias","description":"Saft, l\u00edder mundial en dise\u00f1o y fabricaci\u00f3n de bater\u00edas de tecnolog\u00eda avanzada para la industria, ha instalado un novedoso sistema de almacenamiento de energ\u00eda de litio-i\u00f3n para la iluminaci\u00f3n y conexi\u00f3n wifi en el Champ de Mars, la gran plaza p\u00fablica en Puerto Pr\u00edncipe, Hait\u00ed. El contrato se firm\u00f3 con el grupo Geninov (con sede","canonical_url":"https:\/\/www.eldigitaldeasturias.com\/noticias\/saft-ilumina-la-mitica-plaza-champ-de-mars-de-puerto-principe\/","robots":"max-image-preview:large","keywords":"actualidad","webmasterTools":{"google-site-verification":"UA-38556648-1","msvalidate.01":"7dfe9f3f1b24437ab69f4f2559babe99","miscellaneous":""},"schema":{"@context":"https:\/\/schema.org","@graph":[{"@type":"BlogPosting","@id":"https:\/\/www.eldigitaldeasturias.com\/noticias\/saft-ilumina-la-mitica-plaza-champ-de-mars-de-puerto-principe\/#blogposting","name":"Saft ilumina la m\u00edtica plaza Champ de Mars de Puerto Pr\u00edncipe - El Digital de Asturias","headline":"Saft ilumina la m\u00edtica plaza Champ de Mars de Puerto Pr\u00edncipe","author":{"@id":"https:\/\/www.eldigitaldeasturias.com\/noticias\/author\/admin\/#author"},"publisher":{"@id":"https:\/\/www.eldigitaldeasturias.com\/noticias\/#organization"},"image":{"@type":"ImageObject","url":"https:\/\/www.eldigitaldeasturias.com\/noticias\/wp-content\/uploads\/2016\/02\/1456227833_Intensium.jpg","width":615,"height":345},"datePublished":"2016-02-25T06:38:58+01:00","dateModified":"2016-02-25T06:38:58+01:00","inLanguage":"es-ES","mainEntityOfPage":{"@id":"https:\/\/www.eldigitaldeasturias.com\/noticias\/saft-ilumina-la-mitica-plaza-champ-de-mars-de-puerto-principe\/#webpage"},"isPartOf":{"@id":"https:\/\/www.eldigitaldeasturias.com\/noticias\/saft-ilumina-la-mitica-plaza-champ-de-mars-de-puerto-principe\/#webpage"},"articleSection":"Actualidad"},{"@type":"BreadcrumbList","@id":"https:\/\/www.eldigitaldeasturias.com\/noticias\/saft-ilumina-la-mitica-plaza-champ-de-mars-de-puerto-principe\/#breadcrumblist","itemListElement":[{"@type":"ListItem","@id":"https:\/\/www.eldigitaldeasturias.com\/noticias#listItem","position":1,"name":"Home","item":"https:\/\/www.eldigitaldeasturias.com\/noticias","nextItem":{"@type":"ListItem","@id":"https:\/\/www.eldigitaldeasturias.com\/noticias\/category\/actualidad\/#listItem","name":"Actualidad"}},{"@type":"ListItem","@id":"https:\/\/www.eldigitaldeasturias.com\/noticias\/category\/actualidad\/#listItem","position":2,"name":"Actualidad","item":"https:\/\/www.eldigitaldeasturias.com\/noticias\/category\/actualidad\/","nextItem":{"@type":"ListItem","@id":"https:\/\/www.eldigitaldeasturias.com\/noticias\/saft-ilumina-la-mitica-plaza-champ-de-mars-de-puerto-principe\/#listItem","name":"Saft ilumina la m\u00edtica plaza Champ de Mars de Puerto Pr\u00edncipe"},"previousItem":{"@type":"ListItem","@id":"https:\/\/www.eldigitaldeasturias.com\/noticias#listItem","name":"Home"}},{"@type":"ListItem","@id":"https:\/\/www.eldigitaldeasturias.com\/noticias\/saft-ilumina-la-mitica-plaza-champ-de-mars-de-puerto-principe\/#listItem","position":3,"name":"Saft ilumina la m\u00edtica plaza Champ de Mars de Puerto Pr\u00edncipe","previousItem":{"@type":"ListItem","@id":"https:\/\/www.eldigitaldeasturias.com\/noticias\/category\/actualidad\/#listItem","name":"Actualidad"}}]},{"@type":"Organization","@id":"https:\/\/www.eldigitaldeasturias.com\/noticias\/#organization","name":"El Digital de Asturias","description":"Hemeroteca","url":"https:\/\/www.eldigitaldeasturias.com\/noticias\/","email":"info@eldigitaldeasturias.com","telephone":"+34652131393","logo":{"@type":"ImageObject","url":"https:\/\/www.eldigitaldeasturias.com\/noticias\/wp-content\/uploads\/2020\/12\/EDA.jpg","@id":"https:\/\/www.eldigitaldeasturias.com\/noticias\/saft-ilumina-la-mitica-plaza-champ-de-mars-de-puerto-principe\/#organizationLogo","width":649,"height":297},"image":{"@id":"https:\/\/www.eldigitaldeasturias.com\/noticias\/saft-ilumina-la-mitica-plaza-champ-de-mars-de-puerto-principe\/#organizationLogo"},"sameAs":["https:\/\/facebook.com\/eldigitaldeasturias","https:\/\/www.youtube.com\/channel\/UCZP-2wLEB9Rv6erhFmqVnvg"],"address":{"@id":"https:\/\/www.eldigitaldeasturias.com\/noticias\/#postaladdress","@type":"PostalAddress","streetAddress":"san antonio 4,","postalCode":"33430","addressLocality":"Cand\u00e1s","addressRegion":"Asturias","addressCountry":"ES"}},{"@type":"Person","@id":"https:\/\/www.eldigitaldeasturias.com\/noticias\/author\/admin\/#author","url":"https:\/\/www.eldigitaldeasturias.com\/noticias\/author\/admin\/","name":"El Digital de Asturias","image":{"@type":"ImageObject","@id":"https:\/\/www.eldigitaldeasturias.com\/noticias\/saft-ilumina-la-mitica-plaza-champ-de-mars-de-puerto-principe\/#authorImage","url":"https:\/\/www.eldigitaldeasturias.com\/noticias\/wp-content\/litespeed\/avatar\/18677e78aa0546b92d9dbf31ec7d7668.jpg?ver=1776685526","width":96,"height":96,"caption":"El Digital de Asturias"}},{"@type":"WebPage","@id":"https:\/\/www.eldigitaldeasturias.com\/noticias\/saft-ilumina-la-mitica-plaza-champ-de-mars-de-puerto-principe\/#webpage","url":"https:\/\/www.eldigitaldeasturias.com\/noticias\/saft-ilumina-la-mitica-plaza-champ-de-mars-de-puerto-principe\/","name":"Saft ilumina la m\u00edtica plaza Champ de Mars de Puerto Pr\u00edncipe - El Digital de Asturias","description":"Saft, l\u00edder mundial en dise\u00f1o y fabricaci\u00f3n de bater\u00edas de tecnolog\u00eda avanzada para la industria, ha instalado un novedoso sistema de almacenamiento de energ\u00eda de litio-i\u00f3n para la iluminaci\u00f3n y conexi\u00f3n wifi en el Champ de Mars, la gran plaza p\u00fablica en Puerto Pr\u00edncipe, Hait\u00ed. El contrato se firm\u00f3 con el grupo Geninov (con sede","inLanguage":"es-ES","isPartOf":{"@id":"https:\/\/www.eldigitaldeasturias.com\/noticias\/#website"},"breadcrumb":{"@id":"https:\/\/www.eldigitaldeasturias.com\/noticias\/saft-ilumina-la-mitica-plaza-champ-de-mars-de-puerto-principe\/#breadcrumblist"},"author":{"@id":"https:\/\/www.eldigitaldeasturias.com\/noticias\/author\/admin\/#author"},"creator":{"@id":"https:\/\/www.eldigitaldeasturias.com\/noticias\/author\/admin\/#author"},"image":{"@type":"ImageObject","url":"https:\/\/www.eldigitaldeasturias.com\/noticias\/wp-content\/uploads\/2016\/02\/1456227833_Intensium.jpg","@id":"https:\/\/www.eldigitaldeasturias.com\/noticias\/saft-ilumina-la-mitica-plaza-champ-de-mars-de-puerto-principe\/#mainImage","width":615,"height":345},"primaryImageOfPage":{"@id":"https:\/\/www.eldigitaldeasturias.com\/noticias\/saft-ilumina-la-mitica-plaza-champ-de-mars-de-puerto-principe\/#mainImage"},"datePublished":"2016-02-25T06:38:58+01:00","dateModified":"2016-02-25T06:38:58+01:00"},{"@type":"WebSite","@id":"https:\/\/www.eldigitaldeasturias.com\/noticias\/#website","url":"https:\/\/www.eldigitaldeasturias.com\/noticias\/","name":"El Digital de Asturias - Diario de actualidad y noticias","alternateName":"El Digital de Asturias - Diario de actualidad y noticias","description":"Hemeroteca","inLanguage":"es-ES","publisher":{"@id":"https:\/\/www.eldigitaldeasturias.com\/noticias\/#organization"}}]},"og:locale":"es_ES","og:site_name":"El Digital de Asturias","og:type":"article","og:title":"Saft ilumina la m\u00edtica plaza Champ de Mars de Puerto Pr\u00edncipe - El Digital de Asturias","og:description":"Saft, l\u00edder mundial en dise\u00f1o y fabricaci\u00f3n de bater\u00edas de tecnolog\u00eda avanzada para la industria, ha instalado un novedoso sistema de almacenamiento de energ\u00eda de litio-i\u00f3n para la iluminaci\u00f3n y conexi\u00f3n wifi en el Champ de Mars, la gran plaza p\u00fablica en Puerto Pr\u00edncipe, Hait\u00ed. El contrato se firm\u00f3 con el grupo Geninov (con sede","og:url":"https:\/\/www.eldigitaldeasturias.com\/noticias\/saft-ilumina-la-mitica-plaza-champ-de-mars-de-puerto-principe\/","og:image":"https:\/\/www.eldigitaldeasturias.com\/noticias\/wp-content\/uploads\/2016\/02\/1456227833_Intensium.jpg","og:image:secure_url":"https:\/\/www.eldigitaldeasturias.com\/noticias\/wp-content\/uploads\/2016\/02\/1456227833_Intensium.jpg","og:image:width":615,"og:image:height":345,"article:tag":["actualidad"],"article:published_time":"2016-02-25T06:38:58+00:00","article:modified_time":"2016-02-25T06:38:58+00:00","article:publisher":"https:\/\/facebook.com\/eldigitaldeasturias","twitter:card":"summary_large_image","twitter:title":"Saft ilumina la m\u00edtica plaza Champ de Mars de Puerto Pr\u00edncipe - El Digital de Asturias","twitter:description":"Saft, l\u00edder mundial en dise\u00f1o y fabricaci\u00f3n de bater\u00edas de tecnolog\u00eda avanzada para la industria, ha instalado un novedoso sistema de almacenamiento de energ\u00eda de litio-i\u00f3n para la iluminaci\u00f3n y conexi\u00f3n wifi en el Champ de Mars, la gran plaza p\u00fablica en Puerto Pr\u00edncipe, Hait\u00ed. El contrato se firm\u00f3 con el grupo Geninov (con sede","twitter:image":"https:\/\/www.eldigitaldeasturias.com\/noticias\/wp-content\/uploads\/2016\/02\/1456227833_Intensium.jpg","twitter:label1":"Escrito por","twitter:data1":"El Digital de Asturias","twitter:label2":"Tiempo de lectura estimado","twitter:data2":"3 minutos"},"aioseo_meta_data":{"post_id":"861582","title":null,"description":null,"keywords":null,"keyphrases":null,"primary_term":null,"canonical_url":null,"og_title":null,"og_description":null,"og_object_type":"default","og_image_type":"default","og_image_url":null,"og_image_width":null,"og_image_height":null,"og_image_custom_url":null,"og_image_custom_fields":null,"og_video":null,"og_custom_url":null,"og_article_section":null,"og_article_tags":null,"twitter_use_og":false,"twitter_card":"default","twitter_image_type":"default","twitter_image_url":null,"twitter_image_custom_url":null,"twitter_image_custom_fields":null,"twitter_title":null,"twitter_description":null,"schema":{"blockGraphs":[],"customGraphs":[],"default":{"data":{"Article":[],"Course":[],"Dataset":[],"FAQPage":[],"Movie":[],"Person":[],"Product":[],"ProductReview":[],"Car":[],"Recipe":[],"Service":[],"SoftwareApplication":[],"WebPage":[]},"graphName":"","isEnabled":true},"graphs":[],"defaultGraph":"","defaultPostTypeGraph":""},"schema_type":null,"schema_type_options":null,"pillar_content":false,"robots_default":true,"robots_noindex":false,"robots_noarchive":false,"robots_nosnippet":false,"robots_nofollow":false,"robots_noimageindex":false,"robots_noodp":false,"robots_notranslate":false,"robots_max_snippet":null,"robots_max_videopreview":null,"robots_max_imagepreview":"large","priority":null,"frequency":null,"local_seo":null,"seo_analyzer_scan_date":"2025-12-10 21:42:10","breadcrumb_settings":null,"limit_modified_date":false,"open_ai":null,"ai":null,"created":"2021-01-22 03:38:32","updated":"2025-12-10 21:42:10"},"aioseo_breadcrumb":"<div class=\"aioseo-breadcrumbs\"><span class=\"aioseo-breadcrumb\">\n\t<a href=\"https:\/\/www.eldigitaldeasturias.com\/noticias\" title=\"Home\">Home<\/a>\n<\/span><span class=\"aioseo-breadcrumb-separator\">\u2013<\/span><span class=\"aioseo-breadcrumb\">\n\t<a href=\"https:\/\/www.eldigitaldeasturias.com\/noticias\/category\/actualidad\/\" title=\"Actualidad\">Actualidad<\/a>\n<\/span><span class=\"aioseo-breadcrumb-separator\">\u2013<\/span><span class=\"aioseo-breadcrumb\">\n\t<a href=\"https:\/\/www.eldigitaldeasturias.com\/noticias\/saft-ilumina-la-mitica-plaza-champ-de-mars-de-puerto-principe\/\" title=\"Saft ilumina la m\u00edtica plaza Champ de Mars de Puerto Pr\u00edncipe\">Saft ilumina la m\u00edtica plaza Champ de Mars de Puerto Pr\u00edncipe<\/a>\n<\/span><\/div>","aioseo_breadcrumb_json":[{"label":"Home","link":"https:\/\/www.eldigitaldeasturias.com\/noticias"},{"label":"Actualidad","link":"https:\/\/www.eldigitaldeasturias.com\/noticias\/category\/actualidad\/"},{"label":"Saft ilumina la m\u00edtica plaza Champ de Mars de Puerto Pr\u00edncipe","link":"https:\/\/www.eldigitaldeasturias.com\/noticias\/saft-ilumina-la-mitica-plaza-champ-de-mars-de-puerto-principe\/"}],"_links":{"self":[{"href":"https:\/\/www.eldigitaldeasturias.com\/noticias\/wp-json\/wp\/v2\/posts\/861582","targetHints":{"allow":["GET"]}}],"collection":[{"href":"https:\/\/www.eldigitaldeasturias.com\/noticias\/wp-json\/wp\/v2\/posts"}],"about":[{"href":"https:\/\/www.eldigitaldeasturias.com\/noticias\/wp-json\/wp\/v2\/types\/post"}],"author":[{"embeddable":true,"href":"https:\/\/www.eldigitaldeasturias.com\/noticias\/wp-json\/wp\/v2\/users\/1"}],"replies":[{"embeddable":true,"href":"https:\/\/www.eldigitaldeasturias.com\/noticias\/wp-json\/wp\/v2\/comments?post=861582"}],"version-history":[{"count":0,"href":"https:\/\/www.eldigitaldeasturias.com\/noticias\/wp-json\/wp\/v2\/posts\/861582\/revisions"}],"wp:featuredmedia":[{"embeddable":true,"href":"https:\/\/www.eldigitaldeasturias.com\/noticias\/wp-json\/wp\/v2\/media\/861583"}],"wp:attachment":[{"href":"https:\/\/www.eldigitaldeasturias.com\/noticias\/wp-json\/wp\/v2\/media?parent=861582"}],"wp:term":[{"taxonomy":"category","embeddable":true,"href":"https:\/\/www.eldigitaldeasturias.com\/noticias\/wp-json\/wp\/v2\/categories?post=861582"},{"taxonomy":"post_tag","embeddable":true,"href":"https:\/\/www.eldigitaldeasturias.com\/noticias\/wp-json\/wp\/v2\/tags?post=861582"}],"curies":[{"name":"wp","href":"https:\/\/api.w.org\/{rel}","templated":true}]}}