{"id":861580,"date":"2016-02-24T23:20:57","date_gmt":"2016-02-24T23:20:57","guid":{"rendered":"http:\/\/www.eldigitaldeasturias.com\/noticias\/?p=861580"},"modified":"2016-02-24T23:20:57","modified_gmt":"2016-02-24T23:20:57","slug":"la-ampliacion-del-vertedero-de-cogersa-se-efectuara-en-dos-fases","status":"publish","type":"post","link":"https:\/\/www.eldigitaldeasturias.com\/noticias\/la-ampliacion-del-vertedero-de-cogersa-se-efectuara-en-dos-fases\/","title":{"rendered":"La ampliaci\u00f3n del vertedero de Cogersa se efectuar\u00e1 en dos fases"},"content":{"rendered":"<p><img loading=\"lazy\" decoding=\"async\" class=\"alignleft size-medium wp-image-766411\" src=\"https:\/\/www.eldigitaldeasturias.com\/noticias\/wp-content\/uploads\/2015\/01\/cogersa1-360x167.jpg\" alt=\"cogersa\" width=\"360\" height=\"167\" srcset=\"https:\/\/www.eldigitaldeasturias.com\/noticias\/wp-content\/uploads\/2015\/01\/cogersa1-360x167.jpg 360w, https:\/\/www.eldigitaldeasturias.com\/noticias\/wp-content\/uploads\/2015\/01\/cogersa1-480x222.jpg 480w, https:\/\/www.eldigitaldeasturias.com\/noticias\/wp-content\/uploads\/2015\/01\/cogersa1-690x320.jpg 690w, https:\/\/www.eldigitaldeasturias.com\/noticias\/wp-content\/uploads\/2015\/01\/cogersa1-20x9.jpg 20w, https:\/\/www.eldigitaldeasturias.com\/noticias\/wp-content\/uploads\/2015\/01\/cogersa1.jpg 712w\" sizes=\"auto, (max-width: 360px) 100vw, 360px\" \/>La Comisi\u00f3n para Asuntos Medioambientales de Asturias (CAMA) ha dado hoy luz verde al proyecto de ampliaci\u00f3n del actual vertedero de residuos no peligrosos del Consorcio para la Gesti\u00f3n de Residuos S\u00f3lidos de Asturias (Cogersa), que sumar\u00e1 2,8 millones de metros c\u00fabicos de capacidad, hasta alcanzar los 18,9. La ampliaci\u00f3n se efectuar\u00e1 en dos fases, en la primera se ganar\u00e1n 2.054.000 metros c\u00fabicos y en la segunda, 786.000.<\/p>\n<p>Tras comprobar que no existen aspectos ambientales que impidan el proyecto, una vez superado el proceso de informaci\u00f3n p\u00fablica y estudiadas las consultas a las que se ha sometido, la CAMA ha acordado declarar viable la m\u00e1s moderada de las dos alternativas posibles.<\/p>\n<p>El \u00e1mbito sobre el que se plantea la ampliaci\u00f3n tiene una superficie de 387.925 metros cuadrados. La actuaci\u00f3n garantiza, una vez clausurado y restaurado el vertedero, la estabilidad f\u00edsica del acopio, adem\u00e1s de una adecuada integraci\u00f3n ambiental en el entorno que minimizar\u00e1 el impacto visual.<\/p>\n<p>El residuo a depositar en el vertedero que se ampliar\u00e1 est\u00e1 constituido por la fracci\u00f3n resto (bolsa negra), es decir, los desechos urbanos mezclados de origen dom\u00e9stico o comercial y otros que, aun siendo susceptibles de recogida separada, se gestionan mezclados. \u00c9ste es el caso de los rechazos de los procesos de clasificaci\u00f3n y tratamiento de los materiales recogidos separadamente (vidrio, papel y cart\u00f3n, envases), los de la planta de biometanizaci\u00f3n de la fracci\u00f3n org\u00e1nica recogida selectivamente; los de la planta de compostaje de residuos vegetales; los lodos de estaciones depuradoras, y los industriales no peligrosos.<\/p>\n<p>La declaraci\u00f3n de impacto ambiental se publicar\u00e1 pr\u00f3ximamente en el Bolet\u00edn Oficial del Principado de Asturias (BOPA).<\/p>\n","protected":false},"excerpt":{"rendered":"<p>La Comisi\u00f3n para Asuntos Medioambientales de Asturias (CAMA) ha dado hoy luz verde al proyecto de ampliaci\u00f3n del actual vertedero de residuos no peligrosos del Consorcio para la Gesti\u00f3n de Residuos S\u00f3lidos de Asturias (Cogersa), que sumar\u00e1 2,8 millones de metros c\u00fabicos de capacidad, hasta alcanzar los 18,9. La ampliaci\u00f3n se efectuar\u00e1 en dos fases, [&hellip;]<\/p>\n","protected":false},"author":1,"featured_media":766411,"comment_status":"closed","ping_status":"closed","sticky":false,"template":"","format":"standard","meta":{"footnotes":""},"categories":[28],"tags":[],"class_list":["post-861580","post","type-post","status-publish","format-standard","has-post-thumbnail","hentry","category-sociedad"],"aioseo_notices":[],"aioseo_head":"\n\t\t<!-- All in One SEO Pro 4.9.6.2 - aioseo.com -->\n\t<meta name=\"description\" content=\"La Comisi\u00f3n para Asuntos Medioambientales de Asturias (CAMA) ha dado hoy luz verde al proyecto de ampliaci\u00f3n del actual vertedero de residuos no peligrosos del Consorcio para la Gesti\u00f3n de Residuos S\u00f3lidos de Asturias (Cogersa), que sumar\u00e1 2,8 millones de metros c\u00fabicos de capacidad, hasta alcanzar los 18,9. La ampliaci\u00f3n se efectuar\u00e1 en dos fases,\" \/>\n\t<meta name=\"robots\" content=\"max-image-preview:large\" \/>\n\t<meta name=\"author\" content=\"El Digital de Asturias\"\/>\n\t<meta name=\"google-site-verification\" content=\"UA-38556648-1\" \/>\n\t<meta name=\"msvalidate.01\" content=\"7dfe9f3f1b24437ab69f4f2559babe99\" \/>\n\t<meta name=\"keywords\" content=\"sociedad\" \/>\n\t<link rel=\"canonical\" href=\"https:\/\/www.eldigitaldeasturias.com\/noticias\/la-ampliacion-del-vertedero-de-cogersa-se-efectuara-en-dos-fases\/\" \/>\n\t<meta name=\"generator\" content=\"All in One SEO Pro (AIOSEO) 4.9.6.2\" \/>\n\t\t<meta property=\"og:locale\" content=\"es_ES\" \/>\n\t\t<meta property=\"og:site_name\" content=\"El Digital de Asturias\" \/>\n\t\t<meta property=\"og:type\" content=\"article\" \/>\n\t\t<meta property=\"og:title\" content=\"La ampliaci\u00f3n del vertedero de Cogersa se efectuar\u00e1 en dos fases - El Digital de Asturias\" \/>\n\t\t<meta property=\"og:description\" content=\"La Comisi\u00f3n para Asuntos Medioambientales de Asturias (CAMA) ha dado hoy luz verde al proyecto de ampliaci\u00f3n del actual vertedero de residuos no peligrosos del Consorcio para la Gesti\u00f3n de Residuos S\u00f3lidos de Asturias (Cogersa), que sumar\u00e1 2,8 millones de metros c\u00fabicos de capacidad, hasta alcanzar los 18,9. La ampliaci\u00f3n se efectuar\u00e1 en dos fases,\" \/>\n\t\t<meta property=\"og:url\" content=\"https:\/\/www.eldigitaldeasturias.com\/noticias\/la-ampliacion-del-vertedero-de-cogersa-se-efectuara-en-dos-fases\/\" \/>\n\t\t<meta property=\"og:image\" content=\"https:\/\/www.eldigitaldeasturias.com\/noticias\/wp-content\/uploads\/2015\/01\/cogersa1.jpg\" \/>\n\t\t<meta property=\"og:image:secure_url\" content=\"https:\/\/www.eldigitaldeasturias.com\/noticias\/wp-content\/uploads\/2015\/01\/cogersa1.jpg\" \/>\n\t\t<meta property=\"og:image:width\" content=\"712\" \/>\n\t\t<meta property=\"og:image:height\" content=\"330\" \/>\n\t\t<meta property=\"article:tag\" content=\"sociedad\" \/>\n\t\t<meta property=\"article:published_time\" content=\"2016-02-24T23:20:57+00:00\" \/>\n\t\t<meta property=\"article:modified_time\" content=\"2016-02-24T23:20:57+00:00\" \/>\n\t\t<meta property=\"article:publisher\" content=\"https:\/\/facebook.com\/eldigitaldeasturias\" \/>\n\t\t<meta name=\"twitter:card\" content=\"summary_large_image\" \/>\n\t\t<meta name=\"twitter:title\" content=\"La ampliaci\u00f3n del vertedero de Cogersa se efectuar\u00e1 en dos fases - El Digital de Asturias\" \/>\n\t\t<meta name=\"twitter:description\" content=\"La Comisi\u00f3n para Asuntos Medioambientales de Asturias (CAMA) ha dado hoy luz verde al proyecto de ampliaci\u00f3n del actual vertedero de residuos no peligrosos del Consorcio para la Gesti\u00f3n de Residuos S\u00f3lidos de Asturias (Cogersa), que sumar\u00e1 2,8 millones de metros c\u00fabicos de capacidad, hasta alcanzar los 18,9. La ampliaci\u00f3n se efectuar\u00e1 en dos fases,\" \/>\n\t\t<meta name=\"twitter:image\" content=\"https:\/\/www.eldigitaldeasturias.com\/noticias\/wp-content\/uploads\/2015\/01\/cogersa1.jpg\" \/>\n\t\t<meta name=\"twitter:label1\" content=\"Escrito por\" \/>\n\t\t<meta name=\"twitter:data1\" content=\"El Digital de Asturias\" \/>\n\t\t<meta name=\"twitter:label2\" content=\"Tiempo de lectura estimado\" \/>\n\t\t<meta name=\"twitter:data2\" content=\"1 minuto\" \/>\n\t\t<script type=\"application\/ld+json\" class=\"aioseo-schema\">\n\t\t\t{\"@context\":\"https:\\\/\\\/schema.org\",\"@graph\":[{\"@type\":\"BlogPosting\",\"@id\":\"https:\\\/\\\/www.eldigitaldeasturias.com\\\/noticias\\\/la-ampliacion-del-vertedero-de-cogersa-se-efectuara-en-dos-fases\\\/#blogposting\",\"name\":\"La ampliaci\\u00f3n del vertedero de Cogersa se efectuar\\u00e1 en dos fases - El Digital de Asturias\",\"headline\":\"La ampliaci\\u00f3n del vertedero de Cogersa se efectuar\\u00e1 en dos fases\",\"author\":{\"@id\":\"https:\\\/\\\/www.eldigitaldeasturias.com\\\/noticias\\\/author\\\/admin\\\/#author\"},\"publisher\":{\"@id\":\"https:\\\/\\\/www.eldigitaldeasturias.com\\\/noticias\\\/#organization\"},\"image\":{\"@type\":\"ImageObject\",\"url\":\"https:\\\/\\\/www.eldigitaldeasturias.com\\\/noticias\\\/wp-content\\\/uploads\\\/2015\\\/01\\\/cogersa1.jpg\",\"width\":712,\"height\":330},\"datePublished\":\"2016-02-24T23:20:57+01:00\",\"dateModified\":\"2016-02-24T23:20:57+01:00\",\"inLanguage\":\"es-ES\",\"mainEntityOfPage\":{\"@id\":\"https:\\\/\\\/www.eldigitaldeasturias.com\\\/noticias\\\/la-ampliacion-del-vertedero-de-cogersa-se-efectuara-en-dos-fases\\\/#webpage\"},\"isPartOf\":{\"@id\":\"https:\\\/\\\/www.eldigitaldeasturias.com\\\/noticias\\\/la-ampliacion-del-vertedero-de-cogersa-se-efectuara-en-dos-fases\\\/#webpage\"},\"articleSection\":\"Sociedad\"},{\"@type\":\"BreadcrumbList\",\"@id\":\"https:\\\/\\\/www.eldigitaldeasturias.com\\\/noticias\\\/la-ampliacion-del-vertedero-de-cogersa-se-efectuara-en-dos-fases\\\/#breadcrumblist\",\"itemListElement\":[{\"@type\":\"ListItem\",\"@id\":\"https:\\\/\\\/www.eldigitaldeasturias.com\\\/noticias#listItem\",\"position\":1,\"name\":\"Home\",\"item\":\"https:\\\/\\\/www.eldigitaldeasturias.com\\\/noticias\",\"nextItem\":{\"@type\":\"ListItem\",\"@id\":\"https:\\\/\\\/www.eldigitaldeasturias.com\\\/noticias\\\/category\\\/sociedad\\\/#listItem\",\"name\":\"Sociedad\"}},{\"@type\":\"ListItem\",\"@id\":\"https:\\\/\\\/www.eldigitaldeasturias.com\\\/noticias\\\/category\\\/sociedad\\\/#listItem\",\"position\":2,\"name\":\"Sociedad\",\"item\":\"https:\\\/\\\/www.eldigitaldeasturias.com\\\/noticias\\\/category\\\/sociedad\\\/\",\"nextItem\":{\"@type\":\"ListItem\",\"@id\":\"https:\\\/\\\/www.eldigitaldeasturias.com\\\/noticias\\\/la-ampliacion-del-vertedero-de-cogersa-se-efectuara-en-dos-fases\\\/#listItem\",\"name\":\"La ampliaci\\u00f3n del vertedero de Cogersa se efectuar\\u00e1 en dos fases\"},\"previousItem\":{\"@type\":\"ListItem\",\"@id\":\"https:\\\/\\\/www.eldigitaldeasturias.com\\\/noticias#listItem\",\"name\":\"Home\"}},{\"@type\":\"ListItem\",\"@id\":\"https:\\\/\\\/www.eldigitaldeasturias.com\\\/noticias\\\/la-ampliacion-del-vertedero-de-cogersa-se-efectuara-en-dos-fases\\\/#listItem\",\"position\":3,\"name\":\"La ampliaci\\u00f3n del vertedero de Cogersa se efectuar\\u00e1 en dos fases\",\"previousItem\":{\"@type\":\"ListItem\",\"@id\":\"https:\\\/\\\/www.eldigitaldeasturias.com\\\/noticias\\\/category\\\/sociedad\\\/#listItem\",\"name\":\"Sociedad\"}}]},{\"@type\":\"Organization\",\"@id\":\"https:\\\/\\\/www.eldigitaldeasturias.com\\\/noticias\\\/#organization\",\"name\":\"El Digital de Asturias\",\"description\":\"Hemeroteca\",\"url\":\"https:\\\/\\\/www.eldigitaldeasturias.com\\\/noticias\\\/\",\"email\":\"info@eldigitaldeasturias.com\",\"telephone\":\"+34652131393\",\"logo\":{\"@type\":\"ImageObject\",\"url\":\"https:\\\/\\\/www.eldigitaldeasturias.com\\\/noticias\\\/wp-content\\\/uploads\\\/2020\\\/12\\\/EDA.jpg\",\"@id\":\"https:\\\/\\\/www.eldigitaldeasturias.com\\\/noticias\\\/la-ampliacion-del-vertedero-de-cogersa-se-efectuara-en-dos-fases\\\/#organizationLogo\",\"width\":649,\"height\":297},\"image\":{\"@id\":\"https:\\\/\\\/www.eldigitaldeasturias.com\\\/noticias\\\/la-ampliacion-del-vertedero-de-cogersa-se-efectuara-en-dos-fases\\\/#organizationLogo\"},\"sameAs\":[\"https:\\\/\\\/facebook.com\\\/eldigitaldeasturias\",\"https:\\\/\\\/www.youtube.com\\\/channel\\\/UCZP-2wLEB9Rv6erhFmqVnvg\"],\"address\":{\"@id\":\"https:\\\/\\\/www.eldigitaldeasturias.com\\\/noticias\\\/#postaladdress\",\"@type\":\"PostalAddress\",\"streetAddress\":\"san antonio 4,\",\"postalCode\":\"33430\",\"addressLocality\":\"Cand\\u00e1s\",\"addressRegion\":\"Asturias\",\"addressCountry\":\"ES\"}},{\"@type\":\"Person\",\"@id\":\"https:\\\/\\\/www.eldigitaldeasturias.com\\\/noticias\\\/author\\\/admin\\\/#author\",\"url\":\"https:\\\/\\\/www.eldigitaldeasturias.com\\\/noticias\\\/author\\\/admin\\\/\",\"name\":\"El Digital de Asturias\",\"image\":{\"@type\":\"ImageObject\",\"@id\":\"https:\\\/\\\/www.eldigitaldeasturias.com\\\/noticias\\\/la-ampliacion-del-vertedero-de-cogersa-se-efectuara-en-dos-fases\\\/#authorImage\",\"url\":\"https:\\\/\\\/www.eldigitaldeasturias.com\\\/noticias\\\/wp-content\\\/litespeed\\\/avatar\\\/18677e78aa0546b92d9dbf31ec7d7668.jpg?ver=1776685526\",\"width\":96,\"height\":96,\"caption\":\"El Digital de Asturias\"}},{\"@type\":\"WebPage\",\"@id\":\"https:\\\/\\\/www.eldigitaldeasturias.com\\\/noticias\\\/la-ampliacion-del-vertedero-de-cogersa-se-efectuara-en-dos-fases\\\/#webpage\",\"url\":\"https:\\\/\\\/www.eldigitaldeasturias.com\\\/noticias\\\/la-ampliacion-del-vertedero-de-cogersa-se-efectuara-en-dos-fases\\\/\",\"name\":\"La ampliaci\\u00f3n del vertedero de Cogersa se efectuar\\u00e1 en dos fases - El Digital de Asturias\",\"description\":\"La Comisi\\u00f3n para Asuntos Medioambientales de Asturias (CAMA) ha dado hoy luz verde al proyecto de ampliaci\\u00f3n del actual vertedero de residuos no peligrosos del Consorcio para la Gesti\\u00f3n de Residuos S\\u00f3lidos de Asturias (Cogersa), que sumar\\u00e1 2,8 millones de metros c\\u00fabicos de capacidad, hasta alcanzar los 18,9. La ampliaci\\u00f3n se efectuar\\u00e1 en dos fases,\",\"inLanguage\":\"es-ES\",\"isPartOf\":{\"@id\":\"https:\\\/\\\/www.eldigitaldeasturias.com\\\/noticias\\\/#website\"},\"breadcrumb\":{\"@id\":\"https:\\\/\\\/www.eldigitaldeasturias.com\\\/noticias\\\/la-ampliacion-del-vertedero-de-cogersa-se-efectuara-en-dos-fases\\\/#breadcrumblist\"},\"author\":{\"@id\":\"https:\\\/\\\/www.eldigitaldeasturias.com\\\/noticias\\\/author\\\/admin\\\/#author\"},\"creator\":{\"@id\":\"https:\\\/\\\/www.eldigitaldeasturias.com\\\/noticias\\\/author\\\/admin\\\/#author\"},\"image\":{\"@type\":\"ImageObject\",\"url\":\"https:\\\/\\\/www.eldigitaldeasturias.com\\\/noticias\\\/wp-content\\\/uploads\\\/2015\\\/01\\\/cogersa1.jpg\",\"@id\":\"https:\\\/\\\/www.eldigitaldeasturias.com\\\/noticias\\\/la-ampliacion-del-vertedero-de-cogersa-se-efectuara-en-dos-fases\\\/#mainImage\",\"width\":712,\"height\":330},\"primaryImageOfPage\":{\"@id\":\"https:\\\/\\\/www.eldigitaldeasturias.com\\\/noticias\\\/la-ampliacion-del-vertedero-de-cogersa-se-efectuara-en-dos-fases\\\/#mainImage\"},\"datePublished\":\"2016-02-24T23:20:57+01:00\",\"dateModified\":\"2016-02-24T23:20:57+01:00\"},{\"@type\":\"WebSite\",\"@id\":\"https:\\\/\\\/www.eldigitaldeasturias.com\\\/noticias\\\/#website\",\"url\":\"https:\\\/\\\/www.eldigitaldeasturias.com\\\/noticias\\\/\",\"name\":\"El Digital de Asturias - Diario de actualidad y noticias\",\"alternateName\":\"El Digital de Asturias - Diario de actualidad y noticias\",\"description\":\"Hemeroteca\",\"inLanguage\":\"es-ES\",\"publisher\":{\"@id\":\"https:\\\/\\\/www.eldigitaldeasturias.com\\\/noticias\\\/#organization\"}}]}\n\t\t<\/script>\n\t\t<!-- All in One SEO Pro -->\r\n\t\t<title>La ampliaci\u00f3n del vertedero de Cogersa se efectuar\u00e1 en dos fases - El Digital de Asturias<\/title>\n\n","aioseo_head_json":{"title":"La ampliaci\u00f3n del vertedero de Cogersa se efectuar\u00e1 en dos fases - El Digital de Asturias","description":"La Comisi\u00f3n para Asuntos Medioambientales de Asturias (CAMA) ha dado hoy luz verde al proyecto de ampliaci\u00f3n del actual vertedero de residuos no peligrosos del Consorcio para la Gesti\u00f3n de Residuos S\u00f3lidos de Asturias (Cogersa), que sumar\u00e1 2,8 millones de metros c\u00fabicos de capacidad, hasta alcanzar los 18,9. La ampliaci\u00f3n se efectuar\u00e1 en dos fases,","canonical_url":"https:\/\/www.eldigitaldeasturias.com\/noticias\/la-ampliacion-del-vertedero-de-cogersa-se-efectuara-en-dos-fases\/","robots":"max-image-preview:large","keywords":"sociedad","webmasterTools":{"google-site-verification":"UA-38556648-1","msvalidate.01":"7dfe9f3f1b24437ab69f4f2559babe99","miscellaneous":""},"schema":{"@context":"https:\/\/schema.org","@graph":[{"@type":"BlogPosting","@id":"https:\/\/www.eldigitaldeasturias.com\/noticias\/la-ampliacion-del-vertedero-de-cogersa-se-efectuara-en-dos-fases\/#blogposting","name":"La ampliaci\u00f3n del vertedero de Cogersa se efectuar\u00e1 en dos fases - El Digital de Asturias","headline":"La ampliaci\u00f3n del vertedero de Cogersa se efectuar\u00e1 en dos fases","author":{"@id":"https:\/\/www.eldigitaldeasturias.com\/noticias\/author\/admin\/#author"},"publisher":{"@id":"https:\/\/www.eldigitaldeasturias.com\/noticias\/#organization"},"image":{"@type":"ImageObject","url":"https:\/\/www.eldigitaldeasturias.com\/noticias\/wp-content\/uploads\/2015\/01\/cogersa1.jpg","width":712,"height":330},"datePublished":"2016-02-24T23:20:57+01:00","dateModified":"2016-02-24T23:20:57+01:00","inLanguage":"es-ES","mainEntityOfPage":{"@id":"https:\/\/www.eldigitaldeasturias.com\/noticias\/la-ampliacion-del-vertedero-de-cogersa-se-efectuara-en-dos-fases\/#webpage"},"isPartOf":{"@id":"https:\/\/www.eldigitaldeasturias.com\/noticias\/la-ampliacion-del-vertedero-de-cogersa-se-efectuara-en-dos-fases\/#webpage"},"articleSection":"Sociedad"},{"@type":"BreadcrumbList","@id":"https:\/\/www.eldigitaldeasturias.com\/noticias\/la-ampliacion-del-vertedero-de-cogersa-se-efectuara-en-dos-fases\/#breadcrumblist","itemListElement":[{"@type":"ListItem","@id":"https:\/\/www.eldigitaldeasturias.com\/noticias#listItem","position":1,"name":"Home","item":"https:\/\/www.eldigitaldeasturias.com\/noticias","nextItem":{"@type":"ListItem","@id":"https:\/\/www.eldigitaldeasturias.com\/noticias\/category\/sociedad\/#listItem","name":"Sociedad"}},{"@type":"ListItem","@id":"https:\/\/www.eldigitaldeasturias.com\/noticias\/category\/sociedad\/#listItem","position":2,"name":"Sociedad","item":"https:\/\/www.eldigitaldeasturias.com\/noticias\/category\/sociedad\/","nextItem":{"@type":"ListItem","@id":"https:\/\/www.eldigitaldeasturias.com\/noticias\/la-ampliacion-del-vertedero-de-cogersa-se-efectuara-en-dos-fases\/#listItem","name":"La ampliaci\u00f3n del vertedero de Cogersa se efectuar\u00e1 en dos fases"},"previousItem":{"@type":"ListItem","@id":"https:\/\/www.eldigitaldeasturias.com\/noticias#listItem","name":"Home"}},{"@type":"ListItem","@id":"https:\/\/www.eldigitaldeasturias.com\/noticias\/la-ampliacion-del-vertedero-de-cogersa-se-efectuara-en-dos-fases\/#listItem","position":3,"name":"La ampliaci\u00f3n del vertedero de Cogersa se efectuar\u00e1 en dos fases","previousItem":{"@type":"ListItem","@id":"https:\/\/www.eldigitaldeasturias.com\/noticias\/category\/sociedad\/#listItem","name":"Sociedad"}}]},{"@type":"Organization","@id":"https:\/\/www.eldigitaldeasturias.com\/noticias\/#organization","name":"El Digital de Asturias","description":"Hemeroteca","url":"https:\/\/www.eldigitaldeasturias.com\/noticias\/","email":"info@eldigitaldeasturias.com","telephone":"+34652131393","logo":{"@type":"ImageObject","url":"https:\/\/www.eldigitaldeasturias.com\/noticias\/wp-content\/uploads\/2020\/12\/EDA.jpg","@id":"https:\/\/www.eldigitaldeasturias.com\/noticias\/la-ampliacion-del-vertedero-de-cogersa-se-efectuara-en-dos-fases\/#organizationLogo","width":649,"height":297},"image":{"@id":"https:\/\/www.eldigitaldeasturias.com\/noticias\/la-ampliacion-del-vertedero-de-cogersa-se-efectuara-en-dos-fases\/#organizationLogo"},"sameAs":["https:\/\/facebook.com\/eldigitaldeasturias","https:\/\/www.youtube.com\/channel\/UCZP-2wLEB9Rv6erhFmqVnvg"],"address":{"@id":"https:\/\/www.eldigitaldeasturias.com\/noticias\/#postaladdress","@type":"PostalAddress","streetAddress":"san antonio 4,","postalCode":"33430","addressLocality":"Cand\u00e1s","addressRegion":"Asturias","addressCountry":"ES"}},{"@type":"Person","@id":"https:\/\/www.eldigitaldeasturias.com\/noticias\/author\/admin\/#author","url":"https:\/\/www.eldigitaldeasturias.com\/noticias\/author\/admin\/","name":"El Digital de Asturias","image":{"@type":"ImageObject","@id":"https:\/\/www.eldigitaldeasturias.com\/noticias\/la-ampliacion-del-vertedero-de-cogersa-se-efectuara-en-dos-fases\/#authorImage","url":"https:\/\/www.eldigitaldeasturias.com\/noticias\/wp-content\/litespeed\/avatar\/18677e78aa0546b92d9dbf31ec7d7668.jpg?ver=1776685526","width":96,"height":96,"caption":"El Digital de Asturias"}},{"@type":"WebPage","@id":"https:\/\/www.eldigitaldeasturias.com\/noticias\/la-ampliacion-del-vertedero-de-cogersa-se-efectuara-en-dos-fases\/#webpage","url":"https:\/\/www.eldigitaldeasturias.com\/noticias\/la-ampliacion-del-vertedero-de-cogersa-se-efectuara-en-dos-fases\/","name":"La ampliaci\u00f3n del vertedero de Cogersa se efectuar\u00e1 en dos fases - El Digital de Asturias","description":"La Comisi\u00f3n para Asuntos Medioambientales de Asturias (CAMA) ha dado hoy luz verde al proyecto de ampliaci\u00f3n del actual vertedero de residuos no peligrosos del Consorcio para la Gesti\u00f3n de Residuos S\u00f3lidos de Asturias (Cogersa), que sumar\u00e1 2,8 millones de metros c\u00fabicos de capacidad, hasta alcanzar los 18,9. La ampliaci\u00f3n se efectuar\u00e1 en dos fases,","inLanguage":"es-ES","isPartOf":{"@id":"https:\/\/www.eldigitaldeasturias.com\/noticias\/#website"},"breadcrumb":{"@id":"https:\/\/www.eldigitaldeasturias.com\/noticias\/la-ampliacion-del-vertedero-de-cogersa-se-efectuara-en-dos-fases\/#breadcrumblist"},"author":{"@id":"https:\/\/www.eldigitaldeasturias.com\/noticias\/author\/admin\/#author"},"creator":{"@id":"https:\/\/www.eldigitaldeasturias.com\/noticias\/author\/admin\/#author"},"image":{"@type":"ImageObject","url":"https:\/\/www.eldigitaldeasturias.com\/noticias\/wp-content\/uploads\/2015\/01\/cogersa1.jpg","@id":"https:\/\/www.eldigitaldeasturias.com\/noticias\/la-ampliacion-del-vertedero-de-cogersa-se-efectuara-en-dos-fases\/#mainImage","width":712,"height":330},"primaryImageOfPage":{"@id":"https:\/\/www.eldigitaldeasturias.com\/noticias\/la-ampliacion-del-vertedero-de-cogersa-se-efectuara-en-dos-fases\/#mainImage"},"datePublished":"2016-02-24T23:20:57+01:00","dateModified":"2016-02-24T23:20:57+01:00"},{"@type":"WebSite","@id":"https:\/\/www.eldigitaldeasturias.com\/noticias\/#website","url":"https:\/\/www.eldigitaldeasturias.com\/noticias\/","name":"El Digital de Asturias - Diario de actualidad y noticias","alternateName":"El Digital de Asturias - Diario de actualidad y noticias","description":"Hemeroteca","inLanguage":"es-ES","publisher":{"@id":"https:\/\/www.eldigitaldeasturias.com\/noticias\/#organization"}}]},"og:locale":"es_ES","og:site_name":"El Digital de Asturias","og:type":"article","og:title":"La ampliaci\u00f3n del vertedero de Cogersa se efectuar\u00e1 en dos fases - El Digital de Asturias","og:description":"La Comisi\u00f3n para Asuntos Medioambientales de Asturias (CAMA) ha dado hoy luz verde al proyecto de ampliaci\u00f3n del actual vertedero de residuos no peligrosos del Consorcio para la Gesti\u00f3n de Residuos S\u00f3lidos de Asturias (Cogersa), que sumar\u00e1 2,8 millones de metros c\u00fabicos de capacidad, hasta alcanzar los 18,9. La ampliaci\u00f3n se efectuar\u00e1 en dos fases,","og:url":"https:\/\/www.eldigitaldeasturias.com\/noticias\/la-ampliacion-del-vertedero-de-cogersa-se-efectuara-en-dos-fases\/","og:image":"https:\/\/www.eldigitaldeasturias.com\/noticias\/wp-content\/uploads\/2015\/01\/cogersa1.jpg","og:image:secure_url":"https:\/\/www.eldigitaldeasturias.com\/noticias\/wp-content\/uploads\/2015\/01\/cogersa1.jpg","og:image:width":712,"og:image:height":330,"article:tag":["sociedad"],"article:published_time":"2016-02-24T23:20:57+00:00","article:modified_time":"2016-02-24T23:20:57+00:00","article:publisher":"https:\/\/facebook.com\/eldigitaldeasturias","twitter:card":"summary_large_image","twitter:title":"La ampliaci\u00f3n del vertedero de Cogersa se efectuar\u00e1 en dos fases - El Digital de Asturias","twitter:description":"La Comisi\u00f3n para Asuntos Medioambientales de Asturias (CAMA) ha dado hoy luz verde al proyecto de ampliaci\u00f3n del actual vertedero de residuos no peligrosos del Consorcio para la Gesti\u00f3n de Residuos S\u00f3lidos de Asturias (Cogersa), que sumar\u00e1 2,8 millones de metros c\u00fabicos de capacidad, hasta alcanzar los 18,9. La ampliaci\u00f3n se efectuar\u00e1 en dos fases,","twitter:image":"https:\/\/www.eldigitaldeasturias.com\/noticias\/wp-content\/uploads\/2015\/01\/cogersa1.jpg","twitter:label1":"Escrito por","twitter:data1":"El Digital de Asturias","twitter:label2":"Tiempo de lectura estimado","twitter:data2":"1 minuto"},"aioseo_meta_data":{"post_id":"861580","title":null,"description":null,"keywords":null,"keyphrases":null,"primary_term":null,"canonical_url":null,"og_title":null,"og_description":null,"og_object_type":"default","og_image_type":"default","og_image_url":null,"og_image_width":null,"og_image_height":null,"og_image_custom_url":null,"og_image_custom_fields":null,"og_video":null,"og_custom_url":null,"og_article_section":null,"og_article_tags":null,"twitter_use_og":false,"twitter_card":"default","twitter_image_type":"default","twitter_image_url":null,"twitter_image_custom_url":null,"twitter_image_custom_fields":null,"twitter_title":null,"twitter_description":null,"schema":{"blockGraphs":[],"customGraphs":[],"default":{"data":{"Article":[],"Course":[],"Dataset":[],"FAQPage":[],"Movie":[],"Person":[],"Product":[],"ProductReview":[],"Car":[],"Recipe":[],"Service":[],"SoftwareApplication":[],"WebPage":[]},"graphName":"","isEnabled":true},"graphs":[],"defaultGraph":"","defaultPostTypeGraph":""},"schema_type":null,"schema_type_options":null,"pillar_content":false,"robots_default":true,"robots_noindex":false,"robots_noarchive":false,"robots_nosnippet":false,"robots_nofollow":false,"robots_noimageindex":false,"robots_noodp":false,"robots_notranslate":false,"robots_max_snippet":null,"robots_max_videopreview":null,"robots_max_imagepreview":"large","priority":null,"frequency":null,"local_seo":null,"seo_analyzer_scan_date":"2025-12-10 21:42:09","breadcrumb_settings":null,"limit_modified_date":false,"open_ai":null,"ai":null,"created":"2021-01-23 15:02:12","updated":"2025-12-10 21:42:09"},"aioseo_breadcrumb":"<div class=\"aioseo-breadcrumbs\"><span class=\"aioseo-breadcrumb\">\n\t<a href=\"https:\/\/www.eldigitaldeasturias.com\/noticias\" title=\"Home\">Home<\/a>\n<\/span><span class=\"aioseo-breadcrumb-separator\">\u2013<\/span><span class=\"aioseo-breadcrumb\">\n\t<a href=\"https:\/\/www.eldigitaldeasturias.com\/noticias\/category\/sociedad\/\" title=\"Sociedad\">Sociedad<\/a>\n<\/span><span class=\"aioseo-breadcrumb-separator\">\u2013<\/span><span class=\"aioseo-breadcrumb\">\n\t<a href=\"https:\/\/www.eldigitaldeasturias.com\/noticias\/la-ampliacion-del-vertedero-de-cogersa-se-efectuara-en-dos-fases\/\" title=\"La ampliaci\u00f3n del vertedero de Cogersa se efectuar\u00e1 en dos fases\">La ampliaci\u00f3n del vertedero de Cogersa se efectuar\u00e1 en dos fases<\/a>\n<\/span><\/div>","aioseo_breadcrumb_json":[{"label":"Home","link":"https:\/\/www.eldigitaldeasturias.com\/noticias"},{"label":"Sociedad","link":"https:\/\/www.eldigitaldeasturias.com\/noticias\/category\/sociedad\/"},{"label":"La ampliaci\u00f3n del vertedero de Cogersa se efectuar\u00e1 en dos fases","link":"https:\/\/www.eldigitaldeasturias.com\/noticias\/la-ampliacion-del-vertedero-de-cogersa-se-efectuara-en-dos-fases\/"}],"_links":{"self":[{"href":"https:\/\/www.eldigitaldeasturias.com\/noticias\/wp-json\/wp\/v2\/posts\/861580","targetHints":{"allow":["GET"]}}],"collection":[{"href":"https:\/\/www.eldigitaldeasturias.com\/noticias\/wp-json\/wp\/v2\/posts"}],"about":[{"href":"https:\/\/www.eldigitaldeasturias.com\/noticias\/wp-json\/wp\/v2\/types\/post"}],"author":[{"embeddable":true,"href":"https:\/\/www.eldigitaldeasturias.com\/noticias\/wp-json\/wp\/v2\/users\/1"}],"replies":[{"embeddable":true,"href":"https:\/\/www.eldigitaldeasturias.com\/noticias\/wp-json\/wp\/v2\/comments?post=861580"}],"version-history":[{"count":0,"href":"https:\/\/www.eldigitaldeasturias.com\/noticias\/wp-json\/wp\/v2\/posts\/861580\/revisions"}],"wp:featuredmedia":[{"embeddable":true,"href":"https:\/\/www.eldigitaldeasturias.com\/noticias\/wp-json\/wp\/v2\/media\/766411"}],"wp:attachment":[{"href":"https:\/\/www.eldigitaldeasturias.com\/noticias\/wp-json\/wp\/v2\/media?parent=861580"}],"wp:term":[{"taxonomy":"category","embeddable":true,"href":"https:\/\/www.eldigitaldeasturias.com\/noticias\/wp-json\/wp\/v2\/categories?post=861580"},{"taxonomy":"post_tag","embeddable":true,"href":"https:\/\/www.eldigitaldeasturias.com\/noticias\/wp-json\/wp\/v2\/tags?post=861580"}],"curies":[{"name":"wp","href":"https:\/\/api.w.org\/{rel}","templated":true}]}}