{"id":861577,"date":"2016-02-24T23:15:12","date_gmt":"2016-02-24T23:15:12","guid":{"rendered":"http:\/\/www.eldigitaldeasturias.com\/noticias\/?p=861577"},"modified":"2016-02-24T23:15:12","modified_gmt":"2016-02-24T23:15:12","slug":"el-principado-potenciara-la-marca-asturiana-de-excelencia-en-igualdad","status":"publish","type":"post","link":"https:\/\/www.eldigitaldeasturias.com\/noticias\/el-principado-potenciara-la-marca-asturiana-de-excelencia-en-igualdad\/","title":{"rendered":"El Principado potenciara la Marca Asturiana de Excelencia en Igualdad"},"content":{"rendered":"<p><img loading=\"lazy\" decoding=\"async\" class=\"alignleft size-medium wp-image-861578\" src=\"https:\/\/www.eldigitaldeasturias.com\/noticias\/wp-content\/uploads\/2016\/02\/2016_02_23-consejero-presenta-Marca-Igualdad-360x270.jpg\" alt=\"2016_02_23 consejero presenta  Marca Igualdad\" width=\"360\" height=\"270\" srcset=\"https:\/\/www.eldigitaldeasturias.com\/noticias\/wp-content\/uploads\/2016\/02\/2016_02_23-consejero-presenta-Marca-Igualdad-360x270.jpg 360w, https:\/\/www.eldigitaldeasturias.com\/noticias\/wp-content\/uploads\/2016\/02\/2016_02_23-consejero-presenta-Marca-Igualdad-768x576.jpg 768w, https:\/\/www.eldigitaldeasturias.com\/noticias\/wp-content\/uploads\/2016\/02\/2016_02_23-consejero-presenta-Marca-Igualdad-650x488.jpg 650w, https:\/\/www.eldigitaldeasturias.com\/noticias\/wp-content\/uploads\/2016\/02\/2016_02_23-consejero-presenta-Marca-Igualdad-125x95.jpg 125w, https:\/\/www.eldigitaldeasturias.com\/noticias\/wp-content\/uploads\/2016\/02\/2016_02_23-consejero-presenta-Marca-Igualdad-100x75.jpg 100w\" sizes=\"auto, (max-width: 360px) 100vw, 360px\" \/>El consejero de Presidencia y Participaci\u00f3n Ciudadana, Guillermo Mart\u00ednez, ha presentado hoy en Avil\u00e9s la primera convocatoria de la Marca Asturiana de Excelencia en Igualdad, un distintivo que pretende servir de est\u00edmulo y reconocimiento a aquellas empresas que destaquen por la aplicaci\u00f3n de pol\u00edticas de igualdad de trato y de oportunidades en las condiciones de trabajo, los modelos de organizaci\u00f3n y otros \u00e1mbitos como los servicios, productos y publicidad.<\/p>\n<p>La creaci\u00f3n de esta marca supone, en opini\u00f3n del consejero, \u201cun paso relevante\u201d dentro de la estrategia del Gobierno de Asturias para reducir las desigualdades de g\u00e9nero e impulsar la equidad entre hombres y mujeres en el mercado laboral. \u201cCon esta acreditaci\u00f3n intentamos que este reto se transforme en un objetivo com\u00fan para toda la sociedad\u201d, ha se\u00f1alado Mart\u00ednez.<\/p>\n<p>Para promocionar esta marca de calidad, la Direcci\u00f3n General del Instituto Asturiano de la Mujer y Pol\u00edticas de Juventud pondr\u00e1 en marcha una campa\u00f1a informativa entre instituciones p\u00fablicas y privadas, que incluir\u00e1 encuentros con sindicatos y organizaciones patronales, as\u00ed como el contacto directo con empresas que colaboran habitualmente con la Administraci\u00f3n auton\u00f3mica en esta materia y que han mostrado su compromiso con la equidad de g\u00e9nero.<\/p>\n<p>Guillermo Mart\u00ednez ha asegurado que el Principado y los gestores p\u00fablicos tienen la obligaci\u00f3n de impulsar en todos los \u00e1mbitos de la sociedad normas que fomenten la igualdad y erradiquen la discriminaci\u00f3n hacia las mujeres, una exigencia contemplada en el art\u00edculo 14 de la Constituci\u00f3n Espa\u00f1ola, que proclama el derecho a la igualdad y a la no discriminaci\u00f3n por raz\u00f3n de sexo.<\/p>\n<p>En cumplimiento de ese derecho, que el Gobierno del Principado ha asumido como prioridad pol\u00edtica, la Consejer\u00eda de Presidencia trabaja ya en la elaboraci\u00f3n del segundo Plan Estrat\u00e9gico de Igualdad, la puesta en marcha de la Estrategia para la Lucha contra la Desigualdad Salarial, y el fomento de iniciativas singulares como el programa M\u00e1s que un respiro, dirigido a favorecer el desarrollo personal, profesional y social de las mujeres en el medio rural. En esta l\u00ednea, el departamento que dirige Guillermo Mart\u00ednez iniciar\u00e1 una ronda de reuniones a trav\u00e9s de la Delegaci\u00f3n del Gobierno con \u00f3rganos territoriales del Estado, entre ellos la Inspecci\u00f3n de Trabajo y el Instituto Nacional de la Seguridad Social, para la elaboraci\u00f3n de la estrategia contra la brecha salarial.<\/p>\n<p>\u201cHemos de perseverar en nuestros esfuerzos porque no podemos admitir que en Asturias las mujeres perciban salarios un 27,63% inferiores a los hombres, que ocupen mayoritariamente los empleos a tiempo parcial y con menor remuneraci\u00f3n o que a nivel nacional haya solo tres mujeres entre los 150 directivos mejor pagados en las empresas que cotizan en Bolsa\u201d, ha apuntado el titular de Presidencia.<\/p>\n<p>El consejero ha presentado la primera convocatoria de la Marca Asturiana de Excelencia en Igualdad en la Escuela de Emprendedoras y Empresarias de Asturias de Avil\u00e9s. \u201cEste centro es un ejemplo en las pol\u00edticas de fomento y promoci\u00f3n del emprendimiento femenino que en los \u00faltimos tres a\u00f1os ha facilitado la puesta en marcha de 60 nuevas empresas o microempresas y ha atendido las consultas de unas 900 usuarias sobre tr\u00e1mites y requisitos para la creaci\u00f3n de nuevos negocios\u201d, ha valorado.<\/p>\n<p>Tr\u00e1mites para solicitar la acreditaci\u00f3n<\/p>\n<p>Cualquier empresa de capital p\u00fablico o privado, adem\u00e1s de fundaciones e instituciones que tengan su domicilio social en la comunidad o cuenten con centro de trabajo en Asturias, podr\u00e1n solicitar la concesi\u00f3n de este distintivo, siempre que re\u00fanan los requisitos establecidos en el art\u00edculo 3 del Real Decreto15\/2015, de 25 de marzo, por el que se regula su concesi\u00f3n.<\/p>\n<p>El formulario de la solicitud y la documentaci\u00f3n requerida deber\u00e1n dirigirse a la direcci\u00f3n general del Instituto Asturiano de la Mujer y presentarse en la Oficina de Registro de la Consejer\u00eda de Presidencia y Participaci\u00f3n Ciudadana o entregarse por medios telem\u00e1ticos a trav\u00e9s de la oficina virtual en la web www.asturias.es. Tambi\u00e9n se puede realizar el tr\u00e1mite por cualquiera de los procedimientos previstos en el art\u00edculo 38.4 de la Ley 30\/92, de 26 de noviembre, de R\u00e9gimen Jur\u00eddico y Procedimiento Administrativo Com\u00fan. El impreso puede descargarse igualmente del portal oficial.<\/p>\n<p>Para la concesi\u00f3n de la marca se tendr\u00e1n en cuenta la participaci\u00f3n equilibrada entre hombres y mujeres en los \u00e1mbitos de toma de decisi\u00f3n, el acceso equitativo a los puestos de mayor responsabilidad en la empresa y el establecimiento de criterios y sistemas de remuneraci\u00f3n y clasificaci\u00f3n profesional actualizados, as\u00ed como la implicaci\u00f3n de la plantilla y los representantes sindicales en la elaboraci\u00f3n de los planes de igualdad. Tambi\u00e9n se valorar\u00e1n las actuaciones que permitan conciliar la vida familiar y personal de la plantilla.<\/p>\n<p>El lanzamiento de este distintivo, que tendr\u00e1 una vigencia de tres a\u00f1os, permite cumplir tambi\u00e9n la Ley del Principado de Asturias 2\/2011, de 11 de marzo, para la Igualdad de Mujeres y Hombres y la Erradicaci\u00f3n de la Violencia de G\u00e9nero, que en su art\u00edculo 40 prev\u00e9 la creaci\u00f3n de la marca. De este modo, Asturias se convierte en la quinta comunidad aut\u00f3noma con una marca propia de igualdad.<\/p>\n<p>Asimismo, la Consejer\u00eda de Presidencia y Participaci\u00f3n Ciudadana iniciar\u00e1 una ronda de reuniones a trav\u00e9s de la Delegaci\u00f3n de Gobierno con \u00f3rganos territoriales del Estado para la elaboraci\u00f3n de la Estrategia de Brecha Salarial, entre ellos la Inspecci\u00f3n de Trabajo y el Instituto Nacional de Seguridad Social.<\/p>\n","protected":false},"excerpt":{"rendered":"<p>El consejero de Presidencia y Participaci\u00f3n Ciudadana, Guillermo Mart\u00ednez, ha presentado hoy en Avil\u00e9s la primera convocatoria de la Marca Asturiana de Excelencia en Igualdad, un distintivo que pretende servir de est\u00edmulo y reconocimiento a aquellas empresas que destaquen por la aplicaci\u00f3n de pol\u00edticas de igualdad de trato y de oportunidades en las condiciones de [&hellip;]<\/p>\n","protected":false},"author":1,"featured_media":861578,"comment_status":"closed","ping_status":"closed","sticky":false,"template":"","format":"standard","meta":{"footnotes":""},"categories":[12],"tags":[],"class_list":["post-861577","post","type-post","status-publish","format-standard","has-post-thumbnail","hentry","category-actualidad-asturias"],"aioseo_notices":[],"aioseo_head":"\n\t\t<!-- All in One SEO Pro 4.9.6.2 - aioseo.com -->\n\t<meta name=\"description\" content=\"El consejero de Presidencia y Participaci\u00f3n Ciudadana, Guillermo Mart\u00ednez, ha presentado hoy en Avil\u00e9s la primera convocatoria de la Marca Asturiana de Excelencia en Igualdad, un distintivo que pretende servir de est\u00edmulo y reconocimiento a aquellas empresas que destaquen por la aplicaci\u00f3n de pol\u00edticas de igualdad de trato y de oportunidades en las condiciones de\" \/>\n\t<meta name=\"robots\" content=\"max-image-preview:large\" \/>\n\t<meta name=\"author\" content=\"El Digital de Asturias\"\/>\n\t<meta name=\"google-site-verification\" content=\"UA-38556648-1\" \/>\n\t<meta name=\"msvalidate.01\" content=\"7dfe9f3f1b24437ab69f4f2559babe99\" \/>\n\t<meta name=\"keywords\" content=\"actualidad asturias\" \/>\n\t<link rel=\"canonical\" href=\"https:\/\/www.eldigitaldeasturias.com\/noticias\/el-principado-potenciara-la-marca-asturiana-de-excelencia-en-igualdad\/\" \/>\n\t<meta name=\"generator\" content=\"All in One SEO Pro (AIOSEO) 4.9.6.2\" \/>\n\t\t<meta property=\"og:locale\" content=\"es_ES\" \/>\n\t\t<meta property=\"og:site_name\" content=\"El Digital de Asturias\" \/>\n\t\t<meta property=\"og:type\" content=\"article\" \/>\n\t\t<meta property=\"og:title\" content=\"El Principado potenciara la Marca Asturiana de Excelencia en Igualdad - El Digital de Asturias\" \/>\n\t\t<meta property=\"og:description\" content=\"El consejero de Presidencia y Participaci\u00f3n Ciudadana, Guillermo Mart\u00ednez, ha presentado hoy en Avil\u00e9s la primera convocatoria de la Marca Asturiana de Excelencia en Igualdad, un distintivo que pretende servir de est\u00edmulo y reconocimiento a aquellas empresas que destaquen por la aplicaci\u00f3n de pol\u00edticas de igualdad de trato y de oportunidades en las condiciones de\" \/>\n\t\t<meta property=\"og:url\" content=\"https:\/\/www.eldigitaldeasturias.com\/noticias\/el-principado-potenciara-la-marca-asturiana-de-excelencia-en-igualdad\/\" \/>\n\t\t<meta property=\"og:image\" content=\"https:\/\/www.eldigitaldeasturias.com\/noticias\/wp-content\/uploads\/2016\/02\/2016_02_23-consejero-presenta-Marca-Igualdad.jpg\" \/>\n\t\t<meta property=\"og:image:secure_url\" content=\"https:\/\/www.eldigitaldeasturias.com\/noticias\/wp-content\/uploads\/2016\/02\/2016_02_23-consejero-presenta-Marca-Igualdad.jpg\" \/>\n\t\t<meta property=\"og:image:width\" content=\"2760\" \/>\n\t\t<meta property=\"og:image:height\" content=\"2070\" \/>\n\t\t<meta property=\"article:tag\" content=\"actualidad asturias\" \/>\n\t\t<meta property=\"article:published_time\" content=\"2016-02-24T23:15:12+00:00\" \/>\n\t\t<meta property=\"article:modified_time\" content=\"2016-02-24T23:15:12+00:00\" \/>\n\t\t<meta property=\"article:publisher\" content=\"https:\/\/facebook.com\/eldigitaldeasturias\" \/>\n\t\t<meta name=\"twitter:card\" content=\"summary_large_image\" \/>\n\t\t<meta name=\"twitter:title\" content=\"El Principado potenciara la Marca Asturiana de Excelencia en Igualdad - El Digital de Asturias\" \/>\n\t\t<meta name=\"twitter:description\" content=\"El consejero de Presidencia y Participaci\u00f3n Ciudadana, Guillermo Mart\u00ednez, ha presentado hoy en Avil\u00e9s la primera convocatoria de la Marca Asturiana de Excelencia en Igualdad, un distintivo que pretende servir de est\u00edmulo y reconocimiento a aquellas empresas que destaquen por la aplicaci\u00f3n de pol\u00edticas de igualdad de trato y de oportunidades en las condiciones de\" \/>\n\t\t<meta name=\"twitter:image\" content=\"https:\/\/www.eldigitaldeasturias.com\/noticias\/wp-content\/uploads\/2016\/02\/2016_02_23-consejero-presenta-Marca-Igualdad.jpg\" \/>\n\t\t<meta name=\"twitter:label1\" content=\"Escrito por\" \/>\n\t\t<meta name=\"twitter:data1\" content=\"El Digital de Asturias\" \/>\n\t\t<meta name=\"twitter:label2\" content=\"Tiempo de lectura estimado\" \/>\n\t\t<meta name=\"twitter:data2\" content=\"5 minutos\" \/>\n\t\t<script type=\"application\/ld+json\" class=\"aioseo-schema\">\n\t\t\t{\"@context\":\"https:\\\/\\\/schema.org\",\"@graph\":[{\"@type\":\"BlogPosting\",\"@id\":\"https:\\\/\\\/www.eldigitaldeasturias.com\\\/noticias\\\/el-principado-potenciara-la-marca-asturiana-de-excelencia-en-igualdad\\\/#blogposting\",\"name\":\"El Principado potenciara la Marca Asturiana de Excelencia en Igualdad - El Digital de Asturias\",\"headline\":\"El Principado potenciara la Marca Asturiana de Excelencia en Igualdad\",\"author\":{\"@id\":\"https:\\\/\\\/www.eldigitaldeasturias.com\\\/noticias\\\/author\\\/admin\\\/#author\"},\"publisher\":{\"@id\":\"https:\\\/\\\/www.eldigitaldeasturias.com\\\/noticias\\\/#organization\"},\"image\":{\"@type\":\"ImageObject\",\"url\":\"https:\\\/\\\/www.eldigitaldeasturias.com\\\/noticias\\\/wp-content\\\/uploads\\\/2016\\\/02\\\/2016_02_23-consejero-presenta-Marca-Igualdad.jpg\",\"width\":2760,\"height\":2070},\"datePublished\":\"2016-02-24T23:15:12+01:00\",\"dateModified\":\"2016-02-24T23:15:12+01:00\",\"inLanguage\":\"es-ES\",\"mainEntityOfPage\":{\"@id\":\"https:\\\/\\\/www.eldigitaldeasturias.com\\\/noticias\\\/el-principado-potenciara-la-marca-asturiana-de-excelencia-en-igualdad\\\/#webpage\"},\"isPartOf\":{\"@id\":\"https:\\\/\\\/www.eldigitaldeasturias.com\\\/noticias\\\/el-principado-potenciara-la-marca-asturiana-de-excelencia-en-igualdad\\\/#webpage\"},\"articleSection\":\"Actualidad Asturias\"},{\"@type\":\"BreadcrumbList\",\"@id\":\"https:\\\/\\\/www.eldigitaldeasturias.com\\\/noticias\\\/el-principado-potenciara-la-marca-asturiana-de-excelencia-en-igualdad\\\/#breadcrumblist\",\"itemListElement\":[{\"@type\":\"ListItem\",\"@id\":\"https:\\\/\\\/www.eldigitaldeasturias.com\\\/noticias#listItem\",\"position\":1,\"name\":\"Home\",\"item\":\"https:\\\/\\\/www.eldigitaldeasturias.com\\\/noticias\",\"nextItem\":{\"@type\":\"ListItem\",\"@id\":\"https:\\\/\\\/www.eldigitaldeasturias.com\\\/noticias\\\/category\\\/actualidad-asturias\\\/#listItem\",\"name\":\"Actualidad Asturias\"}},{\"@type\":\"ListItem\",\"@id\":\"https:\\\/\\\/www.eldigitaldeasturias.com\\\/noticias\\\/category\\\/actualidad-asturias\\\/#listItem\",\"position\":2,\"name\":\"Actualidad Asturias\",\"item\":\"https:\\\/\\\/www.eldigitaldeasturias.com\\\/noticias\\\/category\\\/actualidad-asturias\\\/\",\"nextItem\":{\"@type\":\"ListItem\",\"@id\":\"https:\\\/\\\/www.eldigitaldeasturias.com\\\/noticias\\\/el-principado-potenciara-la-marca-asturiana-de-excelencia-en-igualdad\\\/#listItem\",\"name\":\"El Principado potenciara la Marca Asturiana de Excelencia en Igualdad\"},\"previousItem\":{\"@type\":\"ListItem\",\"@id\":\"https:\\\/\\\/www.eldigitaldeasturias.com\\\/noticias#listItem\",\"name\":\"Home\"}},{\"@type\":\"ListItem\",\"@id\":\"https:\\\/\\\/www.eldigitaldeasturias.com\\\/noticias\\\/el-principado-potenciara-la-marca-asturiana-de-excelencia-en-igualdad\\\/#listItem\",\"position\":3,\"name\":\"El Principado potenciara la Marca Asturiana de Excelencia en Igualdad\",\"previousItem\":{\"@type\":\"ListItem\",\"@id\":\"https:\\\/\\\/www.eldigitaldeasturias.com\\\/noticias\\\/category\\\/actualidad-asturias\\\/#listItem\",\"name\":\"Actualidad Asturias\"}}]},{\"@type\":\"Organization\",\"@id\":\"https:\\\/\\\/www.eldigitaldeasturias.com\\\/noticias\\\/#organization\",\"name\":\"El Digital de Asturias\",\"description\":\"Hemeroteca\",\"url\":\"https:\\\/\\\/www.eldigitaldeasturias.com\\\/noticias\\\/\",\"email\":\"info@eldigitaldeasturias.com\",\"telephone\":\"+34652131393\",\"logo\":{\"@type\":\"ImageObject\",\"url\":\"https:\\\/\\\/www.eldigitaldeasturias.com\\\/noticias\\\/wp-content\\\/uploads\\\/2020\\\/12\\\/EDA.jpg\",\"@id\":\"https:\\\/\\\/www.eldigitaldeasturias.com\\\/noticias\\\/el-principado-potenciara-la-marca-asturiana-de-excelencia-en-igualdad\\\/#organizationLogo\",\"width\":649,\"height\":297},\"image\":{\"@id\":\"https:\\\/\\\/www.eldigitaldeasturias.com\\\/noticias\\\/el-principado-potenciara-la-marca-asturiana-de-excelencia-en-igualdad\\\/#organizationLogo\"},\"sameAs\":[\"https:\\\/\\\/facebook.com\\\/eldigitaldeasturias\",\"https:\\\/\\\/www.youtube.com\\\/channel\\\/UCZP-2wLEB9Rv6erhFmqVnvg\"],\"address\":{\"@id\":\"https:\\\/\\\/www.eldigitaldeasturias.com\\\/noticias\\\/#postaladdress\",\"@type\":\"PostalAddress\",\"streetAddress\":\"san antonio 4,\",\"postalCode\":\"33430\",\"addressLocality\":\"Cand\\u00e1s\",\"addressRegion\":\"Asturias\",\"addressCountry\":\"ES\"}},{\"@type\":\"Person\",\"@id\":\"https:\\\/\\\/www.eldigitaldeasturias.com\\\/noticias\\\/author\\\/admin\\\/#author\",\"url\":\"https:\\\/\\\/www.eldigitaldeasturias.com\\\/noticias\\\/author\\\/admin\\\/\",\"name\":\"El Digital de Asturias\",\"image\":{\"@type\":\"ImageObject\",\"@id\":\"https:\\\/\\\/www.eldigitaldeasturias.com\\\/noticias\\\/el-principado-potenciara-la-marca-asturiana-de-excelencia-en-igualdad\\\/#authorImage\",\"url\":\"https:\\\/\\\/www.eldigitaldeasturias.com\\\/noticias\\\/wp-content\\\/litespeed\\\/avatar\\\/18677e78aa0546b92d9dbf31ec7d7668.jpg?ver=1776685526\",\"width\":96,\"height\":96,\"caption\":\"El Digital de Asturias\"}},{\"@type\":\"WebPage\",\"@id\":\"https:\\\/\\\/www.eldigitaldeasturias.com\\\/noticias\\\/el-principado-potenciara-la-marca-asturiana-de-excelencia-en-igualdad\\\/#webpage\",\"url\":\"https:\\\/\\\/www.eldigitaldeasturias.com\\\/noticias\\\/el-principado-potenciara-la-marca-asturiana-de-excelencia-en-igualdad\\\/\",\"name\":\"El Principado potenciara la Marca Asturiana de Excelencia en Igualdad - El Digital de Asturias\",\"description\":\"El consejero de Presidencia y Participaci\\u00f3n Ciudadana, Guillermo Mart\\u00ednez, ha presentado hoy en Avil\\u00e9s la primera convocatoria de la Marca Asturiana de Excelencia en Igualdad, un distintivo que pretende servir de est\\u00edmulo y reconocimiento a aquellas empresas que destaquen por la aplicaci\\u00f3n de pol\\u00edticas de igualdad de trato y de oportunidades en las condiciones de\",\"inLanguage\":\"es-ES\",\"isPartOf\":{\"@id\":\"https:\\\/\\\/www.eldigitaldeasturias.com\\\/noticias\\\/#website\"},\"breadcrumb\":{\"@id\":\"https:\\\/\\\/www.eldigitaldeasturias.com\\\/noticias\\\/el-principado-potenciara-la-marca-asturiana-de-excelencia-en-igualdad\\\/#breadcrumblist\"},\"author\":{\"@id\":\"https:\\\/\\\/www.eldigitaldeasturias.com\\\/noticias\\\/author\\\/admin\\\/#author\"},\"creator\":{\"@id\":\"https:\\\/\\\/www.eldigitaldeasturias.com\\\/noticias\\\/author\\\/admin\\\/#author\"},\"image\":{\"@type\":\"ImageObject\",\"url\":\"https:\\\/\\\/www.eldigitaldeasturias.com\\\/noticias\\\/wp-content\\\/uploads\\\/2016\\\/02\\\/2016_02_23-consejero-presenta-Marca-Igualdad.jpg\",\"@id\":\"https:\\\/\\\/www.eldigitaldeasturias.com\\\/noticias\\\/el-principado-potenciara-la-marca-asturiana-de-excelencia-en-igualdad\\\/#mainImage\",\"width\":2760,\"height\":2070},\"primaryImageOfPage\":{\"@id\":\"https:\\\/\\\/www.eldigitaldeasturias.com\\\/noticias\\\/el-principado-potenciara-la-marca-asturiana-de-excelencia-en-igualdad\\\/#mainImage\"},\"datePublished\":\"2016-02-24T23:15:12+01:00\",\"dateModified\":\"2016-02-24T23:15:12+01:00\"},{\"@type\":\"WebSite\",\"@id\":\"https:\\\/\\\/www.eldigitaldeasturias.com\\\/noticias\\\/#website\",\"url\":\"https:\\\/\\\/www.eldigitaldeasturias.com\\\/noticias\\\/\",\"name\":\"El Digital de Asturias - Diario de actualidad y noticias\",\"alternateName\":\"El Digital de Asturias - Diario de actualidad y noticias\",\"description\":\"Hemeroteca\",\"inLanguage\":\"es-ES\",\"publisher\":{\"@id\":\"https:\\\/\\\/www.eldigitaldeasturias.com\\\/noticias\\\/#organization\"}}]}\n\t\t<\/script>\n\t\t<!-- All in One SEO Pro -->\r\n\t\t<title>El Principado potenciara la Marca Asturiana de Excelencia en Igualdad - El Digital de Asturias<\/title>\n\n","aioseo_head_json":{"title":"El Principado potenciara la Marca Asturiana de Excelencia en Igualdad - El Digital de Asturias","description":"El consejero de Presidencia y Participaci\u00f3n Ciudadana, Guillermo Mart\u00ednez, ha presentado hoy en Avil\u00e9s la primera convocatoria de la Marca Asturiana de Excelencia en Igualdad, un distintivo que pretende servir de est\u00edmulo y reconocimiento a aquellas empresas que destaquen por la aplicaci\u00f3n de pol\u00edticas de igualdad de trato y de oportunidades en las condiciones de","canonical_url":"https:\/\/www.eldigitaldeasturias.com\/noticias\/el-principado-potenciara-la-marca-asturiana-de-excelencia-en-igualdad\/","robots":"max-image-preview:large","keywords":"actualidad asturias","webmasterTools":{"google-site-verification":"UA-38556648-1","msvalidate.01":"7dfe9f3f1b24437ab69f4f2559babe99","miscellaneous":""},"schema":{"@context":"https:\/\/schema.org","@graph":[{"@type":"BlogPosting","@id":"https:\/\/www.eldigitaldeasturias.com\/noticias\/el-principado-potenciara-la-marca-asturiana-de-excelencia-en-igualdad\/#blogposting","name":"El Principado potenciara la Marca Asturiana de Excelencia en Igualdad - El Digital de Asturias","headline":"El Principado potenciara la Marca Asturiana de Excelencia en Igualdad","author":{"@id":"https:\/\/www.eldigitaldeasturias.com\/noticias\/author\/admin\/#author"},"publisher":{"@id":"https:\/\/www.eldigitaldeasturias.com\/noticias\/#organization"},"image":{"@type":"ImageObject","url":"https:\/\/www.eldigitaldeasturias.com\/noticias\/wp-content\/uploads\/2016\/02\/2016_02_23-consejero-presenta-Marca-Igualdad.jpg","width":2760,"height":2070},"datePublished":"2016-02-24T23:15:12+01:00","dateModified":"2016-02-24T23:15:12+01:00","inLanguage":"es-ES","mainEntityOfPage":{"@id":"https:\/\/www.eldigitaldeasturias.com\/noticias\/el-principado-potenciara-la-marca-asturiana-de-excelencia-en-igualdad\/#webpage"},"isPartOf":{"@id":"https:\/\/www.eldigitaldeasturias.com\/noticias\/el-principado-potenciara-la-marca-asturiana-de-excelencia-en-igualdad\/#webpage"},"articleSection":"Actualidad Asturias"},{"@type":"BreadcrumbList","@id":"https:\/\/www.eldigitaldeasturias.com\/noticias\/el-principado-potenciara-la-marca-asturiana-de-excelencia-en-igualdad\/#breadcrumblist","itemListElement":[{"@type":"ListItem","@id":"https:\/\/www.eldigitaldeasturias.com\/noticias#listItem","position":1,"name":"Home","item":"https:\/\/www.eldigitaldeasturias.com\/noticias","nextItem":{"@type":"ListItem","@id":"https:\/\/www.eldigitaldeasturias.com\/noticias\/category\/actualidad-asturias\/#listItem","name":"Actualidad Asturias"}},{"@type":"ListItem","@id":"https:\/\/www.eldigitaldeasturias.com\/noticias\/category\/actualidad-asturias\/#listItem","position":2,"name":"Actualidad Asturias","item":"https:\/\/www.eldigitaldeasturias.com\/noticias\/category\/actualidad-asturias\/","nextItem":{"@type":"ListItem","@id":"https:\/\/www.eldigitaldeasturias.com\/noticias\/el-principado-potenciara-la-marca-asturiana-de-excelencia-en-igualdad\/#listItem","name":"El Principado potenciara la Marca Asturiana de Excelencia en Igualdad"},"previousItem":{"@type":"ListItem","@id":"https:\/\/www.eldigitaldeasturias.com\/noticias#listItem","name":"Home"}},{"@type":"ListItem","@id":"https:\/\/www.eldigitaldeasturias.com\/noticias\/el-principado-potenciara-la-marca-asturiana-de-excelencia-en-igualdad\/#listItem","position":3,"name":"El Principado potenciara la Marca Asturiana de Excelencia en Igualdad","previousItem":{"@type":"ListItem","@id":"https:\/\/www.eldigitaldeasturias.com\/noticias\/category\/actualidad-asturias\/#listItem","name":"Actualidad Asturias"}}]},{"@type":"Organization","@id":"https:\/\/www.eldigitaldeasturias.com\/noticias\/#organization","name":"El Digital de Asturias","description":"Hemeroteca","url":"https:\/\/www.eldigitaldeasturias.com\/noticias\/","email":"info@eldigitaldeasturias.com","telephone":"+34652131393","logo":{"@type":"ImageObject","url":"https:\/\/www.eldigitaldeasturias.com\/noticias\/wp-content\/uploads\/2020\/12\/EDA.jpg","@id":"https:\/\/www.eldigitaldeasturias.com\/noticias\/el-principado-potenciara-la-marca-asturiana-de-excelencia-en-igualdad\/#organizationLogo","width":649,"height":297},"image":{"@id":"https:\/\/www.eldigitaldeasturias.com\/noticias\/el-principado-potenciara-la-marca-asturiana-de-excelencia-en-igualdad\/#organizationLogo"},"sameAs":["https:\/\/facebook.com\/eldigitaldeasturias","https:\/\/www.youtube.com\/channel\/UCZP-2wLEB9Rv6erhFmqVnvg"],"address":{"@id":"https:\/\/www.eldigitaldeasturias.com\/noticias\/#postaladdress","@type":"PostalAddress","streetAddress":"san antonio 4,","postalCode":"33430","addressLocality":"Cand\u00e1s","addressRegion":"Asturias","addressCountry":"ES"}},{"@type":"Person","@id":"https:\/\/www.eldigitaldeasturias.com\/noticias\/author\/admin\/#author","url":"https:\/\/www.eldigitaldeasturias.com\/noticias\/author\/admin\/","name":"El Digital de Asturias","image":{"@type":"ImageObject","@id":"https:\/\/www.eldigitaldeasturias.com\/noticias\/el-principado-potenciara-la-marca-asturiana-de-excelencia-en-igualdad\/#authorImage","url":"https:\/\/www.eldigitaldeasturias.com\/noticias\/wp-content\/litespeed\/avatar\/18677e78aa0546b92d9dbf31ec7d7668.jpg?ver=1776685526","width":96,"height":96,"caption":"El Digital de Asturias"}},{"@type":"WebPage","@id":"https:\/\/www.eldigitaldeasturias.com\/noticias\/el-principado-potenciara-la-marca-asturiana-de-excelencia-en-igualdad\/#webpage","url":"https:\/\/www.eldigitaldeasturias.com\/noticias\/el-principado-potenciara-la-marca-asturiana-de-excelencia-en-igualdad\/","name":"El Principado potenciara la Marca Asturiana de Excelencia en Igualdad - El Digital de Asturias","description":"El consejero de Presidencia y Participaci\u00f3n Ciudadana, Guillermo Mart\u00ednez, ha presentado hoy en Avil\u00e9s la primera convocatoria de la Marca Asturiana de Excelencia en Igualdad, un distintivo que pretende servir de est\u00edmulo y reconocimiento a aquellas empresas que destaquen por la aplicaci\u00f3n de pol\u00edticas de igualdad de trato y de oportunidades en las condiciones de","inLanguage":"es-ES","isPartOf":{"@id":"https:\/\/www.eldigitaldeasturias.com\/noticias\/#website"},"breadcrumb":{"@id":"https:\/\/www.eldigitaldeasturias.com\/noticias\/el-principado-potenciara-la-marca-asturiana-de-excelencia-en-igualdad\/#breadcrumblist"},"author":{"@id":"https:\/\/www.eldigitaldeasturias.com\/noticias\/author\/admin\/#author"},"creator":{"@id":"https:\/\/www.eldigitaldeasturias.com\/noticias\/author\/admin\/#author"},"image":{"@type":"ImageObject","url":"https:\/\/www.eldigitaldeasturias.com\/noticias\/wp-content\/uploads\/2016\/02\/2016_02_23-consejero-presenta-Marca-Igualdad.jpg","@id":"https:\/\/www.eldigitaldeasturias.com\/noticias\/el-principado-potenciara-la-marca-asturiana-de-excelencia-en-igualdad\/#mainImage","width":2760,"height":2070},"primaryImageOfPage":{"@id":"https:\/\/www.eldigitaldeasturias.com\/noticias\/el-principado-potenciara-la-marca-asturiana-de-excelencia-en-igualdad\/#mainImage"},"datePublished":"2016-02-24T23:15:12+01:00","dateModified":"2016-02-24T23:15:12+01:00"},{"@type":"WebSite","@id":"https:\/\/www.eldigitaldeasturias.com\/noticias\/#website","url":"https:\/\/www.eldigitaldeasturias.com\/noticias\/","name":"El Digital de Asturias - Diario de actualidad y noticias","alternateName":"El Digital de Asturias - Diario de actualidad y noticias","description":"Hemeroteca","inLanguage":"es-ES","publisher":{"@id":"https:\/\/www.eldigitaldeasturias.com\/noticias\/#organization"}}]},"og:locale":"es_ES","og:site_name":"El Digital de Asturias","og:type":"article","og:title":"El Principado potenciara la Marca Asturiana de Excelencia en Igualdad - El Digital de Asturias","og:description":"El consejero de Presidencia y Participaci\u00f3n Ciudadana, Guillermo Mart\u00ednez, ha presentado hoy en Avil\u00e9s la primera convocatoria de la Marca Asturiana de Excelencia en Igualdad, un distintivo que pretende servir de est\u00edmulo y reconocimiento a aquellas empresas que destaquen por la aplicaci\u00f3n de pol\u00edticas de igualdad de trato y de oportunidades en las condiciones de","og:url":"https:\/\/www.eldigitaldeasturias.com\/noticias\/el-principado-potenciara-la-marca-asturiana-de-excelencia-en-igualdad\/","og:image":"https:\/\/www.eldigitaldeasturias.com\/noticias\/wp-content\/uploads\/2016\/02\/2016_02_23-consejero-presenta-Marca-Igualdad.jpg","og:image:secure_url":"https:\/\/www.eldigitaldeasturias.com\/noticias\/wp-content\/uploads\/2016\/02\/2016_02_23-consejero-presenta-Marca-Igualdad.jpg","og:image:width":2760,"og:image:height":2070,"article:tag":["actualidad asturias"],"article:published_time":"2016-02-24T23:15:12+00:00","article:modified_time":"2016-02-24T23:15:12+00:00","article:publisher":"https:\/\/facebook.com\/eldigitaldeasturias","twitter:card":"summary_large_image","twitter:title":"El Principado potenciara la Marca Asturiana de Excelencia en Igualdad - El Digital de Asturias","twitter:description":"El consejero de Presidencia y Participaci\u00f3n Ciudadana, Guillermo Mart\u00ednez, ha presentado hoy en Avil\u00e9s la primera convocatoria de la Marca Asturiana de Excelencia en Igualdad, un distintivo que pretende servir de est\u00edmulo y reconocimiento a aquellas empresas que destaquen por la aplicaci\u00f3n de pol\u00edticas de igualdad de trato y de oportunidades en las condiciones de","twitter:image":"https:\/\/www.eldigitaldeasturias.com\/noticias\/wp-content\/uploads\/2016\/02\/2016_02_23-consejero-presenta-Marca-Igualdad.jpg","twitter:label1":"Escrito por","twitter:data1":"El Digital de Asturias","twitter:label2":"Tiempo de lectura estimado","twitter:data2":"5 minutos"},"aioseo_meta_data":{"post_id":"861577","title":null,"description":null,"keywords":null,"keyphrases":null,"primary_term":null,"canonical_url":null,"og_title":null,"og_description":null,"og_object_type":"default","og_image_type":"default","og_image_url":null,"og_image_width":null,"og_image_height":null,"og_image_custom_url":null,"og_image_custom_fields":null,"og_video":null,"og_custom_url":null,"og_article_section":null,"og_article_tags":null,"twitter_use_og":false,"twitter_card":"default","twitter_image_type":"default","twitter_image_url":null,"twitter_image_custom_url":null,"twitter_image_custom_fields":null,"twitter_title":null,"twitter_description":null,"schema":{"blockGraphs":[],"customGraphs":[],"default":{"data":{"Article":[],"Course":[],"Dataset":[],"FAQPage":[],"Movie":[],"Person":[],"Product":[],"ProductReview":[],"Car":[],"Recipe":[],"Service":[],"SoftwareApplication":[],"WebPage":[]},"graphName":"","isEnabled":true},"graphs":[],"defaultGraph":"","defaultPostTypeGraph":""},"schema_type":null,"schema_type_options":null,"pillar_content":false,"robots_default":true,"robots_noindex":false,"robots_noarchive":false,"robots_nosnippet":false,"robots_nofollow":false,"robots_noimageindex":false,"robots_noodp":false,"robots_notranslate":false,"robots_max_snippet":null,"robots_max_videopreview":null,"robots_max_imagepreview":"large","priority":null,"frequency":null,"local_seo":null,"seo_analyzer_scan_date":"2025-12-10 21:40:11","breadcrumb_settings":null,"limit_modified_date":false,"open_ai":null,"ai":null,"created":"2021-01-23 15:02:12","updated":"2025-12-10 21:40:11"},"aioseo_breadcrumb":"<div class=\"aioseo-breadcrumbs\"><span class=\"aioseo-breadcrumb\">\n\t<a href=\"https:\/\/www.eldigitaldeasturias.com\/noticias\" title=\"Home\">Home<\/a>\n<\/span><span class=\"aioseo-breadcrumb-separator\">\u2013<\/span><span class=\"aioseo-breadcrumb\">\n\t<a href=\"https:\/\/www.eldigitaldeasturias.com\/noticias\/category\/actualidad-asturias\/\" title=\"Actualidad Asturias\">Actualidad Asturias<\/a>\n<\/span><span class=\"aioseo-breadcrumb-separator\">\u2013<\/span><span class=\"aioseo-breadcrumb\">\n\t<a href=\"https:\/\/www.eldigitaldeasturias.com\/noticias\/el-principado-potenciara-la-marca-asturiana-de-excelencia-en-igualdad\/\" title=\"El Principado potenciara la Marca Asturiana de Excelencia en Igualdad\">El Principado potenciara la Marca Asturiana de Excelencia en Igualdad<\/a>\n<\/span><\/div>","aioseo_breadcrumb_json":[{"label":"Home","link":"https:\/\/www.eldigitaldeasturias.com\/noticias"},{"label":"Actualidad Asturias","link":"https:\/\/www.eldigitaldeasturias.com\/noticias\/category\/actualidad-asturias\/"},{"label":"El Principado potenciara la Marca Asturiana de Excelencia en Igualdad","link":"https:\/\/www.eldigitaldeasturias.com\/noticias\/el-principado-potenciara-la-marca-asturiana-de-excelencia-en-igualdad\/"}],"_links":{"self":[{"href":"https:\/\/www.eldigitaldeasturias.com\/noticias\/wp-json\/wp\/v2\/posts\/861577","targetHints":{"allow":["GET"]}}],"collection":[{"href":"https:\/\/www.eldigitaldeasturias.com\/noticias\/wp-json\/wp\/v2\/posts"}],"about":[{"href":"https:\/\/www.eldigitaldeasturias.com\/noticias\/wp-json\/wp\/v2\/types\/post"}],"author":[{"embeddable":true,"href":"https:\/\/www.eldigitaldeasturias.com\/noticias\/wp-json\/wp\/v2\/users\/1"}],"replies":[{"embeddable":true,"href":"https:\/\/www.eldigitaldeasturias.com\/noticias\/wp-json\/wp\/v2\/comments?post=861577"}],"version-history":[{"count":0,"href":"https:\/\/www.eldigitaldeasturias.com\/noticias\/wp-json\/wp\/v2\/posts\/861577\/revisions"}],"wp:featuredmedia":[{"embeddable":true,"href":"https:\/\/www.eldigitaldeasturias.com\/noticias\/wp-json\/wp\/v2\/media\/861578"}],"wp:attachment":[{"href":"https:\/\/www.eldigitaldeasturias.com\/noticias\/wp-json\/wp\/v2\/media?parent=861577"}],"wp:term":[{"taxonomy":"category","embeddable":true,"href":"https:\/\/www.eldigitaldeasturias.com\/noticias\/wp-json\/wp\/v2\/categories?post=861577"},{"taxonomy":"post_tag","embeddable":true,"href":"https:\/\/www.eldigitaldeasturias.com\/noticias\/wp-json\/wp\/v2\/tags?post=861577"}],"curies":[{"name":"wp","href":"https:\/\/api.w.org\/{rel}","templated":true}]}}