{"id":861570,"date":"2016-02-24T22:08:47","date_gmt":"2016-02-24T22:08:47","guid":{"rendered":"http:\/\/www.eldigitaldeasturias.com\/noticias\/?p=861570"},"modified":"2016-02-24T22:08:47","modified_gmt":"2016-02-24T22:08:47","slug":"el-mobile-de-barcelona-reune-a-soria-ansip-y-oettinger","status":"publish","type":"post","link":"https:\/\/www.eldigitaldeasturias.com\/noticias\/el-mobile-de-barcelona-reune-a-soria-ansip-y-oettinger\/","title":{"rendered":"El Mobile de Barcelona re\u00fane a Soria, Ansip y Oettinger"},"content":{"rendered":"<p><img loading=\"lazy\" decoding=\"async\" class=\"alignleft size-medium wp-image-861571\" src=\"https:\/\/www.eldigitaldeasturias.com\/noticias\/wp-content\/uploads\/2016\/02\/mobile-barcelona-360x198.jpg\" alt=\"mobile-barcelona\" width=\"360\" height=\"198\" srcset=\"https:\/\/www.eldigitaldeasturias.com\/noticias\/wp-content\/uploads\/2016\/02\/mobile-barcelona-360x198.jpg 360w, https:\/\/www.eldigitaldeasturias.com\/noticias\/wp-content\/uploads\/2016\/02\/mobile-barcelona-650x357.jpg 650w, https:\/\/www.eldigitaldeasturias.com\/noticias\/wp-content\/uploads\/2016\/02\/mobile-barcelona.jpg 655w\" sizes=\"auto, (max-width: 360px) 100vw, 360px\" \/>Dentro de la agenda de reuniones internacionales del Mobile World Congress de Barcelona, el ministro de Industria, Energ\u00eda y Turismo, Jos\u00e9 Manuel Soria, se reuni\u00f3 con el comisario europeo de Econom\u00eda y Sociedad Digital, G\u00fcnther Oettinger, y con el vicepresidente del Mercado \u00danico Digital y ex primer ministro de Estonia, Andreus Ansip.<\/p>\n<p>En ambos encuentros se analiz\u00f3 la situaci\u00f3n del sector de las telecomunicaciones en Europa y en Espa\u00f1a, con especial \u00e9nfasis en el Mercado \u00danico Digital. El ministro Soria les traslad\u00f3 la necesidad de promover la inversi\u00f3n y crear un terreno de juego equilibrado para todos los actores.<\/p>\n<p>Jos\u00e9 Manuel Soria traslad\u00f3 a sus interlocutores la necesidad de aprobar planes que permitan reducir el diferencial tecnol\u00f3gico con nuestros competidores. Y puso como ejemplo la transformaci\u00f3n digital de la industria europea (Industria 4.0), el refuerzo de la posici\u00f3n europea en \u00e1reas como las Smart Cities, o el impulso de Tecnolog\u00edas del Lenguaje. Espa\u00f1a ya ha aprobado un plan de este tipo dotado con 90 millones de euros. El objetivo es trasladar la diversidad cultural ling\u00fc\u00edstica de Espa\u00f1a al entorno digital.<\/p>\n<p>El ministro de Industria, Energ\u00eda y Turismo expuso el \u00e9xito del caso espa\u00f1ol en cuanto a la promoci\u00f3n de la inversi\u00f3n en redes de telecomunicaciones gracias al cambio legislativo que supuso la Ley General de Telecomunicaciones aprobada en 2014, que permiti\u00f3 recuperar la unidad de mercado, la reducci\u00f3n de cargas administrativas y el acceso a nuevos recursos.<\/p>\n<p>En cuanto al sector audiovisual, Soria insisti\u00f3 en que las condiciones de competencia para todos los actores han de estar apoyadas sobre una neutralidad tecnol\u00f3gica de la regulaci\u00f3n de los servicios.<\/p>\n<p>Tanto el comisario Oettinguer como el vicepresidente Ansip felicitaron al ministro por lo progresos econ\u00f3micos de Espa\u00f1a y singularmente por los avances en materia de impulso digital y de despliegue de infraestructuras.<\/p>\n","protected":false},"excerpt":{"rendered":"<p>Dentro de la agenda de reuniones internacionales del Mobile World Congress de Barcelona, el ministro de Industria, Energ\u00eda y Turismo, Jos\u00e9 Manuel Soria, se reuni\u00f3 con el comisario europeo de Econom\u00eda y Sociedad Digital, G\u00fcnther Oettinger, y con el vicepresidente del Mercado \u00danico Digital y ex primer ministro de Estonia, Andreus Ansip. En ambos encuentros [&hellip;]<\/p>\n","protected":false},"author":1,"featured_media":861571,"comment_status":"closed","ping_status":"closed","sticky":false,"template":"","format":"standard","meta":{"footnotes":""},"categories":[50],"tags":[],"class_list":["post-861570","post","type-post","status-publish","format-standard","has-post-thumbnail","hentry","category-revista-de-ocio"],"aioseo_notices":[],"aioseo_head":"\n\t\t<!-- All in One SEO Pro 4.9.6.2 - aioseo.com -->\n\t<meta name=\"description\" content=\"Dentro de la agenda de reuniones internacionales del Mobile World Congress de Barcelona, el ministro de Industria, Energ\u00eda y Turismo, Jos\u00e9 Manuel Soria, se reuni\u00f3 con el comisario europeo de Econom\u00eda y Sociedad Digital, G\u00fcnther Oettinger, y con el vicepresidente del Mercado \u00danico Digital y ex primer ministro de Estonia, Andreus Ansip. En ambos encuentros\" \/>\n\t<meta name=\"robots\" content=\"max-image-preview:large\" \/>\n\t<meta name=\"author\" content=\"El Digital de Asturias\"\/>\n\t<meta name=\"google-site-verification\" content=\"UA-38556648-1\" \/>\n\t<meta name=\"msvalidate.01\" content=\"7dfe9f3f1b24437ab69f4f2559babe99\" \/>\n\t<meta name=\"keywords\" content=\"revista de ocio\" \/>\n\t<link rel=\"canonical\" href=\"https:\/\/www.eldigitaldeasturias.com\/noticias\/el-mobile-de-barcelona-reune-a-soria-ansip-y-oettinger\/\" \/>\n\t<meta name=\"generator\" content=\"All in One SEO Pro (AIOSEO) 4.9.6.2\" \/>\n\t\t<meta property=\"og:locale\" content=\"es_ES\" \/>\n\t\t<meta property=\"og:site_name\" content=\"El Digital de Asturias\" \/>\n\t\t<meta property=\"og:type\" content=\"article\" \/>\n\t\t<meta property=\"og:title\" content=\"El Mobile de Barcelona re\u00fane a Soria, Ansip y Oettinger - El Digital de Asturias\" \/>\n\t\t<meta property=\"og:description\" content=\"Dentro de la agenda de reuniones internacionales del Mobile World Congress de Barcelona, el ministro de Industria, Energ\u00eda y Turismo, Jos\u00e9 Manuel Soria, se reuni\u00f3 con el comisario europeo de Econom\u00eda y Sociedad Digital, G\u00fcnther Oettinger, y con el vicepresidente del Mercado \u00danico Digital y ex primer ministro de Estonia, Andreus Ansip. En ambos encuentros\" \/>\n\t\t<meta property=\"og:url\" content=\"https:\/\/www.eldigitaldeasturias.com\/noticias\/el-mobile-de-barcelona-reune-a-soria-ansip-y-oettinger\/\" \/>\n\t\t<meta property=\"og:image\" content=\"https:\/\/www.eldigitaldeasturias.com\/noticias\/wp-content\/uploads\/2016\/02\/mobile-barcelona.jpg\" \/>\n\t\t<meta property=\"og:image:secure_url\" content=\"https:\/\/www.eldigitaldeasturias.com\/noticias\/wp-content\/uploads\/2016\/02\/mobile-barcelona.jpg\" \/>\n\t\t<meta property=\"og:image:width\" content=\"655\" \/>\n\t\t<meta property=\"og:image:height\" content=\"360\" \/>\n\t\t<meta property=\"article:tag\" content=\"revista de ocio\" \/>\n\t\t<meta property=\"article:published_time\" content=\"2016-02-24T22:08:47+00:00\" \/>\n\t\t<meta property=\"article:modified_time\" content=\"2016-02-24T22:08:47+00:00\" \/>\n\t\t<meta property=\"article:publisher\" content=\"https:\/\/facebook.com\/eldigitaldeasturias\" \/>\n\t\t<meta name=\"twitter:card\" content=\"summary_large_image\" \/>\n\t\t<meta name=\"twitter:title\" content=\"El Mobile de Barcelona re\u00fane a Soria, Ansip y Oettinger - El Digital de Asturias\" \/>\n\t\t<meta name=\"twitter:description\" content=\"Dentro de la agenda de reuniones internacionales del Mobile World Congress de Barcelona, el ministro de Industria, Energ\u00eda y Turismo, Jos\u00e9 Manuel Soria, se reuni\u00f3 con el comisario europeo de Econom\u00eda y Sociedad Digital, G\u00fcnther Oettinger, y con el vicepresidente del Mercado \u00danico Digital y ex primer ministro de Estonia, Andreus Ansip. En ambos encuentros\" \/>\n\t\t<meta name=\"twitter:image\" content=\"https:\/\/www.eldigitaldeasturias.com\/noticias\/wp-content\/uploads\/2016\/02\/mobile-barcelona.jpg\" \/>\n\t\t<meta name=\"twitter:label1\" content=\"Escrito por\" \/>\n\t\t<meta name=\"twitter:data1\" content=\"El Digital de Asturias\" \/>\n\t\t<meta name=\"twitter:label2\" content=\"Tiempo de lectura estimado\" \/>\n\t\t<meta name=\"twitter:data2\" content=\"2 minutos\" \/>\n\t\t<script type=\"application\/ld+json\" class=\"aioseo-schema\">\n\t\t\t{\"@context\":\"https:\\\/\\\/schema.org\",\"@graph\":[{\"@type\":\"BlogPosting\",\"@id\":\"https:\\\/\\\/www.eldigitaldeasturias.com\\\/noticias\\\/el-mobile-de-barcelona-reune-a-soria-ansip-y-oettinger\\\/#blogposting\",\"name\":\"El Mobile de Barcelona re\\u00fane a Soria, Ansip y Oettinger - El Digital de Asturias\",\"headline\":\"El Mobile de Barcelona re\\u00fane a Soria, Ansip y Oettinger\",\"author\":{\"@id\":\"https:\\\/\\\/www.eldigitaldeasturias.com\\\/noticias\\\/author\\\/admin\\\/#author\"},\"publisher\":{\"@id\":\"https:\\\/\\\/www.eldigitaldeasturias.com\\\/noticias\\\/#organization\"},\"image\":{\"@type\":\"ImageObject\",\"url\":\"https:\\\/\\\/www.eldigitaldeasturias.com\\\/noticias\\\/wp-content\\\/uploads\\\/2016\\\/02\\\/mobile-barcelona.jpg\",\"width\":655,\"height\":360},\"datePublished\":\"2016-02-24T22:08:47+01:00\",\"dateModified\":\"2016-02-24T22:08:47+01:00\",\"inLanguage\":\"es-ES\",\"mainEntityOfPage\":{\"@id\":\"https:\\\/\\\/www.eldigitaldeasturias.com\\\/noticias\\\/el-mobile-de-barcelona-reune-a-soria-ansip-y-oettinger\\\/#webpage\"},\"isPartOf\":{\"@id\":\"https:\\\/\\\/www.eldigitaldeasturias.com\\\/noticias\\\/el-mobile-de-barcelona-reune-a-soria-ansip-y-oettinger\\\/#webpage\"},\"articleSection\":\"Revista de Ocio\"},{\"@type\":\"BreadcrumbList\",\"@id\":\"https:\\\/\\\/www.eldigitaldeasturias.com\\\/noticias\\\/el-mobile-de-barcelona-reune-a-soria-ansip-y-oettinger\\\/#breadcrumblist\",\"itemListElement\":[{\"@type\":\"ListItem\",\"@id\":\"https:\\\/\\\/www.eldigitaldeasturias.com\\\/noticias#listItem\",\"position\":1,\"name\":\"Home\",\"item\":\"https:\\\/\\\/www.eldigitaldeasturias.com\\\/noticias\",\"nextItem\":{\"@type\":\"ListItem\",\"@id\":\"https:\\\/\\\/www.eldigitaldeasturias.com\\\/noticias\\\/category\\\/revista-de-ocio\\\/#listItem\",\"name\":\"Revista de Ocio\"}},{\"@type\":\"ListItem\",\"@id\":\"https:\\\/\\\/www.eldigitaldeasturias.com\\\/noticias\\\/category\\\/revista-de-ocio\\\/#listItem\",\"position\":2,\"name\":\"Revista de Ocio\",\"item\":\"https:\\\/\\\/www.eldigitaldeasturias.com\\\/noticias\\\/category\\\/revista-de-ocio\\\/\",\"nextItem\":{\"@type\":\"ListItem\",\"@id\":\"https:\\\/\\\/www.eldigitaldeasturias.com\\\/noticias\\\/el-mobile-de-barcelona-reune-a-soria-ansip-y-oettinger\\\/#listItem\",\"name\":\"El Mobile de Barcelona re\\u00fane a Soria, Ansip y Oettinger\"},\"previousItem\":{\"@type\":\"ListItem\",\"@id\":\"https:\\\/\\\/www.eldigitaldeasturias.com\\\/noticias#listItem\",\"name\":\"Home\"}},{\"@type\":\"ListItem\",\"@id\":\"https:\\\/\\\/www.eldigitaldeasturias.com\\\/noticias\\\/el-mobile-de-barcelona-reune-a-soria-ansip-y-oettinger\\\/#listItem\",\"position\":3,\"name\":\"El Mobile de Barcelona re\\u00fane a Soria, Ansip y Oettinger\",\"previousItem\":{\"@type\":\"ListItem\",\"@id\":\"https:\\\/\\\/www.eldigitaldeasturias.com\\\/noticias\\\/category\\\/revista-de-ocio\\\/#listItem\",\"name\":\"Revista de Ocio\"}}]},{\"@type\":\"Organization\",\"@id\":\"https:\\\/\\\/www.eldigitaldeasturias.com\\\/noticias\\\/#organization\",\"name\":\"El Digital de Asturias\",\"description\":\"Hemeroteca\",\"url\":\"https:\\\/\\\/www.eldigitaldeasturias.com\\\/noticias\\\/\",\"email\":\"info@eldigitaldeasturias.com\",\"telephone\":\"+34652131393\",\"logo\":{\"@type\":\"ImageObject\",\"url\":\"https:\\\/\\\/www.eldigitaldeasturias.com\\\/noticias\\\/wp-content\\\/uploads\\\/2020\\\/12\\\/EDA.jpg\",\"@id\":\"https:\\\/\\\/www.eldigitaldeasturias.com\\\/noticias\\\/el-mobile-de-barcelona-reune-a-soria-ansip-y-oettinger\\\/#organizationLogo\",\"width\":649,\"height\":297},\"image\":{\"@id\":\"https:\\\/\\\/www.eldigitaldeasturias.com\\\/noticias\\\/el-mobile-de-barcelona-reune-a-soria-ansip-y-oettinger\\\/#organizationLogo\"},\"sameAs\":[\"https:\\\/\\\/facebook.com\\\/eldigitaldeasturias\",\"https:\\\/\\\/www.youtube.com\\\/channel\\\/UCZP-2wLEB9Rv6erhFmqVnvg\"],\"address\":{\"@id\":\"https:\\\/\\\/www.eldigitaldeasturias.com\\\/noticias\\\/#postaladdress\",\"@type\":\"PostalAddress\",\"streetAddress\":\"san antonio 4,\",\"postalCode\":\"33430\",\"addressLocality\":\"Cand\\u00e1s\",\"addressRegion\":\"Asturias\",\"addressCountry\":\"ES\"}},{\"@type\":\"Person\",\"@id\":\"https:\\\/\\\/www.eldigitaldeasturias.com\\\/noticias\\\/author\\\/admin\\\/#author\",\"url\":\"https:\\\/\\\/www.eldigitaldeasturias.com\\\/noticias\\\/author\\\/admin\\\/\",\"name\":\"El Digital de Asturias\",\"image\":{\"@type\":\"ImageObject\",\"@id\":\"https:\\\/\\\/www.eldigitaldeasturias.com\\\/noticias\\\/el-mobile-de-barcelona-reune-a-soria-ansip-y-oettinger\\\/#authorImage\",\"url\":\"https:\\\/\\\/www.eldigitaldeasturias.com\\\/noticias\\\/wp-content\\\/litespeed\\\/avatar\\\/18677e78aa0546b92d9dbf31ec7d7668.jpg?ver=1776685526\",\"width\":96,\"height\":96,\"caption\":\"El Digital de Asturias\"}},{\"@type\":\"WebPage\",\"@id\":\"https:\\\/\\\/www.eldigitaldeasturias.com\\\/noticias\\\/el-mobile-de-barcelona-reune-a-soria-ansip-y-oettinger\\\/#webpage\",\"url\":\"https:\\\/\\\/www.eldigitaldeasturias.com\\\/noticias\\\/el-mobile-de-barcelona-reune-a-soria-ansip-y-oettinger\\\/\",\"name\":\"El Mobile de Barcelona re\\u00fane a Soria, Ansip y Oettinger - El Digital de Asturias\",\"description\":\"Dentro de la agenda de reuniones internacionales del Mobile World Congress de Barcelona, el ministro de Industria, Energ\\u00eda y Turismo, Jos\\u00e9 Manuel Soria, se reuni\\u00f3 con el comisario europeo de Econom\\u00eda y Sociedad Digital, G\\u00fcnther Oettinger, y con el vicepresidente del Mercado \\u00danico Digital y ex primer ministro de Estonia, Andreus Ansip. En ambos encuentros\",\"inLanguage\":\"es-ES\",\"isPartOf\":{\"@id\":\"https:\\\/\\\/www.eldigitaldeasturias.com\\\/noticias\\\/#website\"},\"breadcrumb\":{\"@id\":\"https:\\\/\\\/www.eldigitaldeasturias.com\\\/noticias\\\/el-mobile-de-barcelona-reune-a-soria-ansip-y-oettinger\\\/#breadcrumblist\"},\"author\":{\"@id\":\"https:\\\/\\\/www.eldigitaldeasturias.com\\\/noticias\\\/author\\\/admin\\\/#author\"},\"creator\":{\"@id\":\"https:\\\/\\\/www.eldigitaldeasturias.com\\\/noticias\\\/author\\\/admin\\\/#author\"},\"image\":{\"@type\":\"ImageObject\",\"url\":\"https:\\\/\\\/www.eldigitaldeasturias.com\\\/noticias\\\/wp-content\\\/uploads\\\/2016\\\/02\\\/mobile-barcelona.jpg\",\"@id\":\"https:\\\/\\\/www.eldigitaldeasturias.com\\\/noticias\\\/el-mobile-de-barcelona-reune-a-soria-ansip-y-oettinger\\\/#mainImage\",\"width\":655,\"height\":360},\"primaryImageOfPage\":{\"@id\":\"https:\\\/\\\/www.eldigitaldeasturias.com\\\/noticias\\\/el-mobile-de-barcelona-reune-a-soria-ansip-y-oettinger\\\/#mainImage\"},\"datePublished\":\"2016-02-24T22:08:47+01:00\",\"dateModified\":\"2016-02-24T22:08:47+01:00\"},{\"@type\":\"WebSite\",\"@id\":\"https:\\\/\\\/www.eldigitaldeasturias.com\\\/noticias\\\/#website\",\"url\":\"https:\\\/\\\/www.eldigitaldeasturias.com\\\/noticias\\\/\",\"name\":\"El Digital de Asturias - Diario de actualidad y noticias\",\"alternateName\":\"El Digital de Asturias - Diario de actualidad y noticias\",\"description\":\"Hemeroteca\",\"inLanguage\":\"es-ES\",\"publisher\":{\"@id\":\"https:\\\/\\\/www.eldigitaldeasturias.com\\\/noticias\\\/#organization\"}}]}\n\t\t<\/script>\n\t\t<!-- All in One SEO Pro -->\r\n\t\t<title>El Mobile de Barcelona re\u00fane a Soria, Ansip y Oettinger - El Digital de Asturias<\/title>\n\n","aioseo_head_json":{"title":"El Mobile de Barcelona re\u00fane a Soria, Ansip y Oettinger - El Digital de Asturias","description":"Dentro de la agenda de reuniones internacionales del Mobile World Congress de Barcelona, el ministro de Industria, Energ\u00eda y Turismo, Jos\u00e9 Manuel Soria, se reuni\u00f3 con el comisario europeo de Econom\u00eda y Sociedad Digital, G\u00fcnther Oettinger, y con el vicepresidente del Mercado \u00danico Digital y ex primer ministro de Estonia, Andreus Ansip. En ambos encuentros","canonical_url":"https:\/\/www.eldigitaldeasturias.com\/noticias\/el-mobile-de-barcelona-reune-a-soria-ansip-y-oettinger\/","robots":"max-image-preview:large","keywords":"revista de ocio","webmasterTools":{"google-site-verification":"UA-38556648-1","msvalidate.01":"7dfe9f3f1b24437ab69f4f2559babe99","miscellaneous":""},"schema":{"@context":"https:\/\/schema.org","@graph":[{"@type":"BlogPosting","@id":"https:\/\/www.eldigitaldeasturias.com\/noticias\/el-mobile-de-barcelona-reune-a-soria-ansip-y-oettinger\/#blogposting","name":"El Mobile de Barcelona re\u00fane a Soria, Ansip y Oettinger - El Digital de Asturias","headline":"El Mobile de Barcelona re\u00fane a Soria, Ansip y Oettinger","author":{"@id":"https:\/\/www.eldigitaldeasturias.com\/noticias\/author\/admin\/#author"},"publisher":{"@id":"https:\/\/www.eldigitaldeasturias.com\/noticias\/#organization"},"image":{"@type":"ImageObject","url":"https:\/\/www.eldigitaldeasturias.com\/noticias\/wp-content\/uploads\/2016\/02\/mobile-barcelona.jpg","width":655,"height":360},"datePublished":"2016-02-24T22:08:47+01:00","dateModified":"2016-02-24T22:08:47+01:00","inLanguage":"es-ES","mainEntityOfPage":{"@id":"https:\/\/www.eldigitaldeasturias.com\/noticias\/el-mobile-de-barcelona-reune-a-soria-ansip-y-oettinger\/#webpage"},"isPartOf":{"@id":"https:\/\/www.eldigitaldeasturias.com\/noticias\/el-mobile-de-barcelona-reune-a-soria-ansip-y-oettinger\/#webpage"},"articleSection":"Revista de Ocio"},{"@type":"BreadcrumbList","@id":"https:\/\/www.eldigitaldeasturias.com\/noticias\/el-mobile-de-barcelona-reune-a-soria-ansip-y-oettinger\/#breadcrumblist","itemListElement":[{"@type":"ListItem","@id":"https:\/\/www.eldigitaldeasturias.com\/noticias#listItem","position":1,"name":"Home","item":"https:\/\/www.eldigitaldeasturias.com\/noticias","nextItem":{"@type":"ListItem","@id":"https:\/\/www.eldigitaldeasturias.com\/noticias\/category\/revista-de-ocio\/#listItem","name":"Revista de Ocio"}},{"@type":"ListItem","@id":"https:\/\/www.eldigitaldeasturias.com\/noticias\/category\/revista-de-ocio\/#listItem","position":2,"name":"Revista de Ocio","item":"https:\/\/www.eldigitaldeasturias.com\/noticias\/category\/revista-de-ocio\/","nextItem":{"@type":"ListItem","@id":"https:\/\/www.eldigitaldeasturias.com\/noticias\/el-mobile-de-barcelona-reune-a-soria-ansip-y-oettinger\/#listItem","name":"El Mobile de Barcelona re\u00fane a Soria, Ansip y Oettinger"},"previousItem":{"@type":"ListItem","@id":"https:\/\/www.eldigitaldeasturias.com\/noticias#listItem","name":"Home"}},{"@type":"ListItem","@id":"https:\/\/www.eldigitaldeasturias.com\/noticias\/el-mobile-de-barcelona-reune-a-soria-ansip-y-oettinger\/#listItem","position":3,"name":"El Mobile de Barcelona re\u00fane a Soria, Ansip y Oettinger","previousItem":{"@type":"ListItem","@id":"https:\/\/www.eldigitaldeasturias.com\/noticias\/category\/revista-de-ocio\/#listItem","name":"Revista de Ocio"}}]},{"@type":"Organization","@id":"https:\/\/www.eldigitaldeasturias.com\/noticias\/#organization","name":"El Digital de Asturias","description":"Hemeroteca","url":"https:\/\/www.eldigitaldeasturias.com\/noticias\/","email":"info@eldigitaldeasturias.com","telephone":"+34652131393","logo":{"@type":"ImageObject","url":"https:\/\/www.eldigitaldeasturias.com\/noticias\/wp-content\/uploads\/2020\/12\/EDA.jpg","@id":"https:\/\/www.eldigitaldeasturias.com\/noticias\/el-mobile-de-barcelona-reune-a-soria-ansip-y-oettinger\/#organizationLogo","width":649,"height":297},"image":{"@id":"https:\/\/www.eldigitaldeasturias.com\/noticias\/el-mobile-de-barcelona-reune-a-soria-ansip-y-oettinger\/#organizationLogo"},"sameAs":["https:\/\/facebook.com\/eldigitaldeasturias","https:\/\/www.youtube.com\/channel\/UCZP-2wLEB9Rv6erhFmqVnvg"],"address":{"@id":"https:\/\/www.eldigitaldeasturias.com\/noticias\/#postaladdress","@type":"PostalAddress","streetAddress":"san antonio 4,","postalCode":"33430","addressLocality":"Cand\u00e1s","addressRegion":"Asturias","addressCountry":"ES"}},{"@type":"Person","@id":"https:\/\/www.eldigitaldeasturias.com\/noticias\/author\/admin\/#author","url":"https:\/\/www.eldigitaldeasturias.com\/noticias\/author\/admin\/","name":"El Digital de Asturias","image":{"@type":"ImageObject","@id":"https:\/\/www.eldigitaldeasturias.com\/noticias\/el-mobile-de-barcelona-reune-a-soria-ansip-y-oettinger\/#authorImage","url":"https:\/\/www.eldigitaldeasturias.com\/noticias\/wp-content\/litespeed\/avatar\/18677e78aa0546b92d9dbf31ec7d7668.jpg?ver=1776685526","width":96,"height":96,"caption":"El Digital de Asturias"}},{"@type":"WebPage","@id":"https:\/\/www.eldigitaldeasturias.com\/noticias\/el-mobile-de-barcelona-reune-a-soria-ansip-y-oettinger\/#webpage","url":"https:\/\/www.eldigitaldeasturias.com\/noticias\/el-mobile-de-barcelona-reune-a-soria-ansip-y-oettinger\/","name":"El Mobile de Barcelona re\u00fane a Soria, Ansip y Oettinger - El Digital de Asturias","description":"Dentro de la agenda de reuniones internacionales del Mobile World Congress de Barcelona, el ministro de Industria, Energ\u00eda y Turismo, Jos\u00e9 Manuel Soria, se reuni\u00f3 con el comisario europeo de Econom\u00eda y Sociedad Digital, G\u00fcnther Oettinger, y con el vicepresidente del Mercado \u00danico Digital y ex primer ministro de Estonia, Andreus Ansip. En ambos encuentros","inLanguage":"es-ES","isPartOf":{"@id":"https:\/\/www.eldigitaldeasturias.com\/noticias\/#website"},"breadcrumb":{"@id":"https:\/\/www.eldigitaldeasturias.com\/noticias\/el-mobile-de-barcelona-reune-a-soria-ansip-y-oettinger\/#breadcrumblist"},"author":{"@id":"https:\/\/www.eldigitaldeasturias.com\/noticias\/author\/admin\/#author"},"creator":{"@id":"https:\/\/www.eldigitaldeasturias.com\/noticias\/author\/admin\/#author"},"image":{"@type":"ImageObject","url":"https:\/\/www.eldigitaldeasturias.com\/noticias\/wp-content\/uploads\/2016\/02\/mobile-barcelona.jpg","@id":"https:\/\/www.eldigitaldeasturias.com\/noticias\/el-mobile-de-barcelona-reune-a-soria-ansip-y-oettinger\/#mainImage","width":655,"height":360},"primaryImageOfPage":{"@id":"https:\/\/www.eldigitaldeasturias.com\/noticias\/el-mobile-de-barcelona-reune-a-soria-ansip-y-oettinger\/#mainImage"},"datePublished":"2016-02-24T22:08:47+01:00","dateModified":"2016-02-24T22:08:47+01:00"},{"@type":"WebSite","@id":"https:\/\/www.eldigitaldeasturias.com\/noticias\/#website","url":"https:\/\/www.eldigitaldeasturias.com\/noticias\/","name":"El Digital de Asturias - Diario de actualidad y noticias","alternateName":"El Digital de Asturias - Diario de actualidad y noticias","description":"Hemeroteca","inLanguage":"es-ES","publisher":{"@id":"https:\/\/www.eldigitaldeasturias.com\/noticias\/#organization"}}]},"og:locale":"es_ES","og:site_name":"El Digital de Asturias","og:type":"article","og:title":"El Mobile de Barcelona re\u00fane a Soria, Ansip y Oettinger - El Digital de Asturias","og:description":"Dentro de la agenda de reuniones internacionales del Mobile World Congress de Barcelona, el ministro de Industria, Energ\u00eda y Turismo, Jos\u00e9 Manuel Soria, se reuni\u00f3 con el comisario europeo de Econom\u00eda y Sociedad Digital, G\u00fcnther Oettinger, y con el vicepresidente del Mercado \u00danico Digital y ex primer ministro de Estonia, Andreus Ansip. En ambos encuentros","og:url":"https:\/\/www.eldigitaldeasturias.com\/noticias\/el-mobile-de-barcelona-reune-a-soria-ansip-y-oettinger\/","og:image":"https:\/\/www.eldigitaldeasturias.com\/noticias\/wp-content\/uploads\/2016\/02\/mobile-barcelona.jpg","og:image:secure_url":"https:\/\/www.eldigitaldeasturias.com\/noticias\/wp-content\/uploads\/2016\/02\/mobile-barcelona.jpg","og:image:width":655,"og:image:height":360,"article:tag":["revista de ocio"],"article:published_time":"2016-02-24T22:08:47+00:00","article:modified_time":"2016-02-24T22:08:47+00:00","article:publisher":"https:\/\/facebook.com\/eldigitaldeasturias","twitter:card":"summary_large_image","twitter:title":"El Mobile de Barcelona re\u00fane a Soria, Ansip y Oettinger - El Digital de Asturias","twitter:description":"Dentro de la agenda de reuniones internacionales del Mobile World Congress de Barcelona, el ministro de Industria, Energ\u00eda y Turismo, Jos\u00e9 Manuel Soria, se reuni\u00f3 con el comisario europeo de Econom\u00eda y Sociedad Digital, G\u00fcnther Oettinger, y con el vicepresidente del Mercado \u00danico Digital y ex primer ministro de Estonia, Andreus Ansip. En ambos encuentros","twitter:image":"https:\/\/www.eldigitaldeasturias.com\/noticias\/wp-content\/uploads\/2016\/02\/mobile-barcelona.jpg","twitter:label1":"Escrito por","twitter:data1":"El Digital de Asturias","twitter:label2":"Tiempo de lectura estimado","twitter:data2":"2 minutos"},"aioseo_meta_data":{"post_id":"861570","title":null,"description":null,"keywords":null,"keyphrases":null,"primary_term":null,"canonical_url":null,"og_title":null,"og_description":null,"og_object_type":"default","og_image_type":"default","og_image_url":null,"og_image_width":null,"og_image_height":null,"og_image_custom_url":null,"og_image_custom_fields":null,"og_video":null,"og_custom_url":null,"og_article_section":null,"og_article_tags":null,"twitter_use_og":false,"twitter_card":"default","twitter_image_type":"default","twitter_image_url":null,"twitter_image_custom_url":null,"twitter_image_custom_fields":null,"twitter_title":null,"twitter_description":null,"schema":{"blockGraphs":[],"customGraphs":[],"default":{"data":{"Article":[],"Course":[],"Dataset":[],"FAQPage":[],"Movie":[],"Person":[],"Product":[],"ProductReview":[],"Car":[],"Recipe":[],"Service":[],"SoftwareApplication":[],"WebPage":[]},"graphName":"","isEnabled":true},"graphs":[],"defaultGraph":"","defaultPostTypeGraph":""},"schema_type":null,"schema_type_options":null,"pillar_content":false,"robots_default":true,"robots_noindex":false,"robots_noarchive":false,"robots_nosnippet":false,"robots_nofollow":false,"robots_noimageindex":false,"robots_noodp":false,"robots_notranslate":false,"robots_max_snippet":null,"robots_max_videopreview":null,"robots_max_imagepreview":"large","priority":null,"frequency":null,"local_seo":null,"seo_analyzer_scan_date":"2025-12-10 21:40:10","breadcrumb_settings":null,"limit_modified_date":false,"open_ai":null,"ai":null,"created":"2020-12-21 11:09:37","updated":"2025-12-10 21:40:10"},"aioseo_breadcrumb":"<div class=\"aioseo-breadcrumbs\"><span class=\"aioseo-breadcrumb\">\n\t<a href=\"https:\/\/www.eldigitaldeasturias.com\/noticias\" title=\"Home\">Home<\/a>\n<\/span><span class=\"aioseo-breadcrumb-separator\">\u2013<\/span><span class=\"aioseo-breadcrumb\">\n\t<a href=\"https:\/\/www.eldigitaldeasturias.com\/noticias\/category\/revista-de-ocio\/\" title=\"Revista de Ocio\">Revista de Ocio<\/a>\n<\/span><span class=\"aioseo-breadcrumb-separator\">\u2013<\/span><span class=\"aioseo-breadcrumb\">\n\t<a href=\"https:\/\/www.eldigitaldeasturias.com\/noticias\/el-mobile-de-barcelona-reune-a-soria-ansip-y-oettinger\/\" title=\"El Mobile de Barcelona re\u00fane a Soria, Ansip y Oettinger\">El Mobile de Barcelona re\u00fane a Soria, Ansip y Oettinger<\/a>\n<\/span><\/div>","aioseo_breadcrumb_json":[{"label":"Home","link":"https:\/\/www.eldigitaldeasturias.com\/noticias"},{"label":"Revista de Ocio","link":"https:\/\/www.eldigitaldeasturias.com\/noticias\/category\/revista-de-ocio\/"},{"label":"El Mobile de Barcelona re\u00fane a Soria, Ansip y Oettinger","link":"https:\/\/www.eldigitaldeasturias.com\/noticias\/el-mobile-de-barcelona-reune-a-soria-ansip-y-oettinger\/"}],"_links":{"self":[{"href":"https:\/\/www.eldigitaldeasturias.com\/noticias\/wp-json\/wp\/v2\/posts\/861570","targetHints":{"allow":["GET"]}}],"collection":[{"href":"https:\/\/www.eldigitaldeasturias.com\/noticias\/wp-json\/wp\/v2\/posts"}],"about":[{"href":"https:\/\/www.eldigitaldeasturias.com\/noticias\/wp-json\/wp\/v2\/types\/post"}],"author":[{"embeddable":true,"href":"https:\/\/www.eldigitaldeasturias.com\/noticias\/wp-json\/wp\/v2\/users\/1"}],"replies":[{"embeddable":true,"href":"https:\/\/www.eldigitaldeasturias.com\/noticias\/wp-json\/wp\/v2\/comments?post=861570"}],"version-history":[{"count":0,"href":"https:\/\/www.eldigitaldeasturias.com\/noticias\/wp-json\/wp\/v2\/posts\/861570\/revisions"}],"wp:featuredmedia":[{"embeddable":true,"href":"https:\/\/www.eldigitaldeasturias.com\/noticias\/wp-json\/wp\/v2\/media\/861571"}],"wp:attachment":[{"href":"https:\/\/www.eldigitaldeasturias.com\/noticias\/wp-json\/wp\/v2\/media?parent=861570"}],"wp:term":[{"taxonomy":"category","embeddable":true,"href":"https:\/\/www.eldigitaldeasturias.com\/noticias\/wp-json\/wp\/v2\/categories?post=861570"},{"taxonomy":"post_tag","embeddable":true,"href":"https:\/\/www.eldigitaldeasturias.com\/noticias\/wp-json\/wp\/v2\/tags?post=861570"}],"curies":[{"name":"wp","href":"https:\/\/api.w.org\/{rel}","templated":true}]}}