{"id":861562,"date":"2016-02-24T21:57:32","date_gmt":"2016-02-24T21:57:32","guid":{"rendered":"http:\/\/www.eldigitaldeasturias.com\/noticias\/?p=861562"},"modified":"2016-02-24T21:57:32","modified_gmt":"2016-02-24T21:57:32","slug":"mas-de-50-empresas-espanolas-participan-en-el-mwc-barcelona","status":"publish","type":"post","link":"https:\/\/www.eldigitaldeasturias.com\/noticias\/mas-de-50-empresas-espanolas-participan-en-el-mwc-barcelona\/","title":{"rendered":"M\u00e1s de 50 empresas espa\u00f1olas participan en el MWC Barcelona"},"content":{"rendered":"<p><img loading=\"lazy\" decoding=\"async\" class=\"alignleft size-medium wp-image-861563\" src=\"https:\/\/www.eldigitaldeasturias.com\/noticias\/wp-content\/uploads\/2016\/02\/movil-feria-360x176.jpg\" alt=\"movil feria\" width=\"360\" height=\"176\" srcset=\"https:\/\/www.eldigitaldeasturias.com\/noticias\/wp-content\/uploads\/2016\/02\/movil-feria-360x176.jpg 360w, https:\/\/www.eldigitaldeasturias.com\/noticias\/wp-content\/uploads\/2016\/02\/movil-feria.jpg 590w\" sizes=\"auto, (max-width: 360px) 100vw, 360px\" \/>El ministro de Industria, Energ\u00eda y Turismo, Jos\u00e9 Manuel Soria, ha asistido hoy a la inauguraci\u00f3n del Mobile World Congress de Barcelona. Adem\u00e1s del ministro, la comitiva inaugural la integraban el presidente de la Generalitat, Carles Puigdemont; la alcaldesa de Barcelona, Ada Colau; la alcaldesa de L\u2019Hospitalet de Llobregat, N\u00faria Mar\u00edn; el secretario de Estado de Telecomunicaciones y para la Sociedad de la Informaci\u00f3n, V\u00edctor Calvo-Sotelo, y el director general de Red.es, Daniel Noguera, entre otras autoridades.<\/p>\n<p>La comitiva ha realizado un recorrido por distintos pabellones, como el de Mobile World Capital, el de Catalunya, los de varios operadores de telefon\u00eda y tambi\u00e9n el de Espa\u00f1a. Este \u00faltimo, que organiza el Ministerio de Industria, Energ\u00eda y Turismo, a trav\u00e9s de la Secretar\u00eda de Estado de Telecomunicaciones y para la Sociedad de la Informaci\u00f3n (SETSI) y Red.es, acoge a 60 empresas espa\u00f1olas del sector de las Tecnolog\u00edas de la Informaci\u00f3n y la Comunicaci\u00f3n (TIC).<\/p>\n<p>El Mobile World Congress es el mayor evento mundial de telefon\u00eda m\u00f3vil y se celebra en Barcelona, desde hoy hasta el pr\u00f3ximo jueves. Est\u00e1 previsto que concentre a m\u00e1s de 95.000 asistentes procedentes de 200 pa\u00edses y m\u00e1s de 2.000 empresas expositoras.<\/p>\n<p>Tras la inauguraci\u00f3n, el ministro de Industria, Energ\u00eda y Turismo ha se\u00f1alado la oportunidad que supone el evento para las empresas espa\u00f1olas en una doble vertiente: por un lado, mostrar\u00e1n a los cerca de 100.000 visitantes lo que se est\u00e1 haciendo en Espa\u00f1a en cuanto a econom\u00eda digital y conectividad. Por otro lado, podr\u00e1n aprender de la experiencia de compa\u00f1\u00edas internacionales y aprovechar su saber hacer.<\/p>\n<p>Esta tarde, Jos\u00e9 Manuel Soria ofrece adem\u00e1s una ponencia en el denominado Ministerial Programme, que organiza el Groupe Speciale Mobile Association (GSMA), en el marco del congreso. Est\u00e1 dirigido a representantes gubernamentales y de la empresa al m\u00e1s alto nivel. Las distintas ponencias se centran en temas de impacto actual y futuro para el sector de la telefon\u00eda m\u00f3vil. Pabell\u00f3n de Espa\u00f1a en el Mobile World Congress<\/p>\n<p>El pabell\u00f3n de Espa\u00f1a en el MWC abarca una superficie de 650 metros cuadrados. Est\u00e1 dividido en dos \u00e1reas: una zona de stands, con 40 expositores de empresas espa\u00f1olas, y un segundo espacio para networking. Adem\u00e1s, otras 20 empresas del pa\u00eds participan con la presencia de profesionales en el \u00e1rea multiempresarial. Las compa\u00f1\u00edas del pabell\u00f3n representan a una amplia variedad de subsectores de la industria m\u00f3vil (Telecomunicaciones, Ciberseguridad, Ciudades Inteligentes, Software y Aplicaciones, Marketing, Fintech, Cloud, E-Salud, Consultor\u00eda, etc\u00e9tera) y son un ejemplo de una industria tecnol\u00f3gica nacional din\u00e1mica, moderna y sostenible, enfocada a la innovaci\u00f3n y la internacionalizaci\u00f3n.<\/p>\n<p>Las 40 compa\u00f1\u00edas con estand en el pabell\u00f3n de Espa\u00f1a son: Acuntia, Appszoom, Arsys, Ayscom, Azetti Networks, Captio, Crazy4Media, Dinero Por Tu M\u00f3vil, Disashop, Eurostar Media Group, Exaccta, Facephi Biometr\u00eda, Forcemanager, Futurespace, Gestpointgsm, Grupo Cys, Hooptap, Idi Eikon, Igalia, Internalia, J21 Consulting &amp; Ventures, Kitmaker, Landatel, Masvoz, Mobbeel, Moove Team, Movilok, Nestwork, Quobis, Reticare, Safelayer, Sensing &amp; Control, Sistelbanda, Sqs, Summa Networks, Tecnocom, Telecoming, Telnet, Thinksmart y Wattio.<\/p>\n<p>Las otras 20 compa\u00f1\u00edas con presencia en el pabell\u00f3n son las siguientes: Aba Mobile, Altiria, Cgb, Cinfo, Factum It, Fama Systems, Fieldeas, Grupo Castilla, Integrasys, Iurban, Kriter Software, Mediasmart, Myvitale, Nextret, Plain Concepts, Social Noise, The Superdriver, Tst, Vector Itc Group y Zeendo.<\/p>\n","protected":false},"excerpt":{"rendered":"<p>El ministro de Industria, Energ\u00eda y Turismo, Jos\u00e9 Manuel Soria, ha asistido hoy a la inauguraci\u00f3n del Mobile World Congress de Barcelona. Adem\u00e1s del ministro, la comitiva inaugural la integraban el presidente de la Generalitat, Carles Puigdemont; la alcaldesa de Barcelona, Ada Colau; la alcaldesa de L\u2019Hospitalet de Llobregat, N\u00faria Mar\u00edn; el secretario de Estado [&hellip;]<\/p>\n","protected":false},"author":1,"featured_media":861563,"comment_status":"closed","ping_status":"closed","sticky":false,"template":"","format":"standard","meta":{"footnotes":""},"categories":[50],"tags":[],"class_list":["post-861562","post","type-post","status-publish","format-standard","has-post-thumbnail","hentry","category-revista-de-ocio"],"aioseo_notices":[],"aioseo_head":"\n\t\t<!-- All in One SEO Pro 4.9.6.2 - aioseo.com -->\n\t<meta name=\"description\" content=\"El ministro de Industria, Energ\u00eda y Turismo, Jos\u00e9 Manuel Soria, ha asistido hoy a la inauguraci\u00f3n del Mobile World Congress de Barcelona. Adem\u00e1s del ministro, la comitiva inaugural la integraban el presidente de la Generalitat, Carles Puigdemont; la alcaldesa de Barcelona, Ada Colau; la alcaldesa de L\u2019Hospitalet de Llobregat, N\u00faria Mar\u00edn; el secretario de Estado\" \/>\n\t<meta name=\"robots\" content=\"max-image-preview:large\" \/>\n\t<meta name=\"author\" content=\"El Digital de Asturias\"\/>\n\t<meta name=\"google-site-verification\" content=\"UA-38556648-1\" \/>\n\t<meta name=\"msvalidate.01\" content=\"7dfe9f3f1b24437ab69f4f2559babe99\" \/>\n\t<meta name=\"keywords\" content=\"revista de ocio\" \/>\n\t<link rel=\"canonical\" href=\"https:\/\/www.eldigitaldeasturias.com\/noticias\/mas-de-50-empresas-espanolas-participan-en-el-mwc-barcelona\/\" \/>\n\t<meta name=\"generator\" content=\"All in One SEO Pro (AIOSEO) 4.9.6.2\" \/>\n\t\t<meta property=\"og:locale\" content=\"es_ES\" \/>\n\t\t<meta property=\"og:site_name\" content=\"El Digital de Asturias\" \/>\n\t\t<meta property=\"og:type\" content=\"article\" \/>\n\t\t<meta property=\"og:title\" content=\"M\u00e1s de 50 empresas espa\u00f1olas participan en el MWC Barcelona - El Digital de Asturias\" \/>\n\t\t<meta property=\"og:description\" content=\"El ministro de Industria, Energ\u00eda y Turismo, Jos\u00e9 Manuel Soria, ha asistido hoy a la inauguraci\u00f3n del Mobile World Congress de Barcelona. Adem\u00e1s del ministro, la comitiva inaugural la integraban el presidente de la Generalitat, Carles Puigdemont; la alcaldesa de Barcelona, Ada Colau; la alcaldesa de L\u2019Hospitalet de Llobregat, N\u00faria Mar\u00edn; el secretario de Estado\" \/>\n\t\t<meta property=\"og:url\" content=\"https:\/\/www.eldigitaldeasturias.com\/noticias\/mas-de-50-empresas-espanolas-participan-en-el-mwc-barcelona\/\" \/>\n\t\t<meta property=\"og:image\" content=\"https:\/\/www.eldigitaldeasturias.com\/noticias\/wp-content\/uploads\/2016\/02\/movil-feria.jpg\" \/>\n\t\t<meta property=\"og:image:secure_url\" content=\"https:\/\/www.eldigitaldeasturias.com\/noticias\/wp-content\/uploads\/2016\/02\/movil-feria.jpg\" \/>\n\t\t<meta property=\"og:image:width\" content=\"590\" \/>\n\t\t<meta property=\"og:image:height\" content=\"288\" \/>\n\t\t<meta property=\"article:tag\" content=\"revista de ocio\" \/>\n\t\t<meta property=\"article:published_time\" content=\"2016-02-24T21:57:32+00:00\" \/>\n\t\t<meta property=\"article:modified_time\" content=\"2016-02-24T21:57:32+00:00\" \/>\n\t\t<meta property=\"article:publisher\" content=\"https:\/\/facebook.com\/eldigitaldeasturias\" \/>\n\t\t<meta name=\"twitter:card\" content=\"summary_large_image\" \/>\n\t\t<meta name=\"twitter:title\" content=\"M\u00e1s de 50 empresas espa\u00f1olas participan en el MWC Barcelona - El Digital de Asturias\" \/>\n\t\t<meta name=\"twitter:description\" content=\"El ministro de Industria, Energ\u00eda y Turismo, Jos\u00e9 Manuel Soria, ha asistido hoy a la inauguraci\u00f3n del Mobile World Congress de Barcelona. Adem\u00e1s del ministro, la comitiva inaugural la integraban el presidente de la Generalitat, Carles Puigdemont; la alcaldesa de Barcelona, Ada Colau; la alcaldesa de L\u2019Hospitalet de Llobregat, N\u00faria Mar\u00edn; el secretario de Estado\" \/>\n\t\t<meta name=\"twitter:image\" content=\"https:\/\/www.eldigitaldeasturias.com\/noticias\/wp-content\/uploads\/2016\/02\/movil-feria.jpg\" \/>\n\t\t<meta name=\"twitter:label1\" content=\"Escrito por\" \/>\n\t\t<meta name=\"twitter:data1\" content=\"El Digital de Asturias\" \/>\n\t\t<meta name=\"twitter:label2\" content=\"Tiempo de lectura estimado\" \/>\n\t\t<meta name=\"twitter:data2\" content=\"3 minutos\" \/>\n\t\t<script type=\"application\/ld+json\" class=\"aioseo-schema\">\n\t\t\t{\"@context\":\"https:\\\/\\\/schema.org\",\"@graph\":[{\"@type\":\"BlogPosting\",\"@id\":\"https:\\\/\\\/www.eldigitaldeasturias.com\\\/noticias\\\/mas-de-50-empresas-espanolas-participan-en-el-mwc-barcelona\\\/#blogposting\",\"name\":\"M\\u00e1s de 50 empresas espa\\u00f1olas participan en el MWC Barcelona - El Digital de Asturias\",\"headline\":\"M\\u00e1s de 50 empresas espa\\u00f1olas participan en el MWC Barcelona\",\"author\":{\"@id\":\"https:\\\/\\\/www.eldigitaldeasturias.com\\\/noticias\\\/author\\\/admin\\\/#author\"},\"publisher\":{\"@id\":\"https:\\\/\\\/www.eldigitaldeasturias.com\\\/noticias\\\/#organization\"},\"image\":{\"@type\":\"ImageObject\",\"url\":\"https:\\\/\\\/www.eldigitaldeasturias.com\\\/noticias\\\/wp-content\\\/uploads\\\/2016\\\/02\\\/movil-feria.jpg\",\"width\":590,\"height\":288},\"datePublished\":\"2016-02-24T21:57:32+01:00\",\"dateModified\":\"2016-02-24T21:57:32+01:00\",\"inLanguage\":\"es-ES\",\"mainEntityOfPage\":{\"@id\":\"https:\\\/\\\/www.eldigitaldeasturias.com\\\/noticias\\\/mas-de-50-empresas-espanolas-participan-en-el-mwc-barcelona\\\/#webpage\"},\"isPartOf\":{\"@id\":\"https:\\\/\\\/www.eldigitaldeasturias.com\\\/noticias\\\/mas-de-50-empresas-espanolas-participan-en-el-mwc-barcelona\\\/#webpage\"},\"articleSection\":\"Revista de Ocio\"},{\"@type\":\"BreadcrumbList\",\"@id\":\"https:\\\/\\\/www.eldigitaldeasturias.com\\\/noticias\\\/mas-de-50-empresas-espanolas-participan-en-el-mwc-barcelona\\\/#breadcrumblist\",\"itemListElement\":[{\"@type\":\"ListItem\",\"@id\":\"https:\\\/\\\/www.eldigitaldeasturias.com\\\/noticias#listItem\",\"position\":1,\"name\":\"Home\",\"item\":\"https:\\\/\\\/www.eldigitaldeasturias.com\\\/noticias\",\"nextItem\":{\"@type\":\"ListItem\",\"@id\":\"https:\\\/\\\/www.eldigitaldeasturias.com\\\/noticias\\\/category\\\/revista-de-ocio\\\/#listItem\",\"name\":\"Revista de Ocio\"}},{\"@type\":\"ListItem\",\"@id\":\"https:\\\/\\\/www.eldigitaldeasturias.com\\\/noticias\\\/category\\\/revista-de-ocio\\\/#listItem\",\"position\":2,\"name\":\"Revista de Ocio\",\"item\":\"https:\\\/\\\/www.eldigitaldeasturias.com\\\/noticias\\\/category\\\/revista-de-ocio\\\/\",\"nextItem\":{\"@type\":\"ListItem\",\"@id\":\"https:\\\/\\\/www.eldigitaldeasturias.com\\\/noticias\\\/mas-de-50-empresas-espanolas-participan-en-el-mwc-barcelona\\\/#listItem\",\"name\":\"M\\u00e1s de 50 empresas espa\\u00f1olas participan en el MWC Barcelona\"},\"previousItem\":{\"@type\":\"ListItem\",\"@id\":\"https:\\\/\\\/www.eldigitaldeasturias.com\\\/noticias#listItem\",\"name\":\"Home\"}},{\"@type\":\"ListItem\",\"@id\":\"https:\\\/\\\/www.eldigitaldeasturias.com\\\/noticias\\\/mas-de-50-empresas-espanolas-participan-en-el-mwc-barcelona\\\/#listItem\",\"position\":3,\"name\":\"M\\u00e1s de 50 empresas espa\\u00f1olas participan en el MWC Barcelona\",\"previousItem\":{\"@type\":\"ListItem\",\"@id\":\"https:\\\/\\\/www.eldigitaldeasturias.com\\\/noticias\\\/category\\\/revista-de-ocio\\\/#listItem\",\"name\":\"Revista de Ocio\"}}]},{\"@type\":\"Organization\",\"@id\":\"https:\\\/\\\/www.eldigitaldeasturias.com\\\/noticias\\\/#organization\",\"name\":\"El Digital de Asturias\",\"description\":\"Hemeroteca\",\"url\":\"https:\\\/\\\/www.eldigitaldeasturias.com\\\/noticias\\\/\",\"email\":\"info@eldigitaldeasturias.com\",\"telephone\":\"+34652131393\",\"logo\":{\"@type\":\"ImageObject\",\"url\":\"https:\\\/\\\/www.eldigitaldeasturias.com\\\/noticias\\\/wp-content\\\/uploads\\\/2020\\\/12\\\/EDA.jpg\",\"@id\":\"https:\\\/\\\/www.eldigitaldeasturias.com\\\/noticias\\\/mas-de-50-empresas-espanolas-participan-en-el-mwc-barcelona\\\/#organizationLogo\",\"width\":649,\"height\":297},\"image\":{\"@id\":\"https:\\\/\\\/www.eldigitaldeasturias.com\\\/noticias\\\/mas-de-50-empresas-espanolas-participan-en-el-mwc-barcelona\\\/#organizationLogo\"},\"sameAs\":[\"https:\\\/\\\/facebook.com\\\/eldigitaldeasturias\",\"https:\\\/\\\/www.youtube.com\\\/channel\\\/UCZP-2wLEB9Rv6erhFmqVnvg\"],\"address\":{\"@id\":\"https:\\\/\\\/www.eldigitaldeasturias.com\\\/noticias\\\/#postaladdress\",\"@type\":\"PostalAddress\",\"streetAddress\":\"san antonio 4,\",\"postalCode\":\"33430\",\"addressLocality\":\"Cand\\u00e1s\",\"addressRegion\":\"Asturias\",\"addressCountry\":\"ES\"}},{\"@type\":\"Person\",\"@id\":\"https:\\\/\\\/www.eldigitaldeasturias.com\\\/noticias\\\/author\\\/admin\\\/#author\",\"url\":\"https:\\\/\\\/www.eldigitaldeasturias.com\\\/noticias\\\/author\\\/admin\\\/\",\"name\":\"El Digital de Asturias\",\"image\":{\"@type\":\"ImageObject\",\"@id\":\"https:\\\/\\\/www.eldigitaldeasturias.com\\\/noticias\\\/mas-de-50-empresas-espanolas-participan-en-el-mwc-barcelona\\\/#authorImage\",\"url\":\"https:\\\/\\\/www.eldigitaldeasturias.com\\\/noticias\\\/wp-content\\\/litespeed\\\/avatar\\\/18677e78aa0546b92d9dbf31ec7d7668.jpg?ver=1776685526\",\"width\":96,\"height\":96,\"caption\":\"El Digital de Asturias\"}},{\"@type\":\"WebPage\",\"@id\":\"https:\\\/\\\/www.eldigitaldeasturias.com\\\/noticias\\\/mas-de-50-empresas-espanolas-participan-en-el-mwc-barcelona\\\/#webpage\",\"url\":\"https:\\\/\\\/www.eldigitaldeasturias.com\\\/noticias\\\/mas-de-50-empresas-espanolas-participan-en-el-mwc-barcelona\\\/\",\"name\":\"M\\u00e1s de 50 empresas espa\\u00f1olas participan en el MWC Barcelona - El Digital de Asturias\",\"description\":\"El ministro de Industria, Energ\\u00eda y Turismo, Jos\\u00e9 Manuel Soria, ha asistido hoy a la inauguraci\\u00f3n del Mobile World Congress de Barcelona. Adem\\u00e1s del ministro, la comitiva inaugural la integraban el presidente de la Generalitat, Carles Puigdemont; la alcaldesa de Barcelona, Ada Colau; la alcaldesa de L\\u2019Hospitalet de Llobregat, N\\u00faria Mar\\u00edn; el secretario de Estado\",\"inLanguage\":\"es-ES\",\"isPartOf\":{\"@id\":\"https:\\\/\\\/www.eldigitaldeasturias.com\\\/noticias\\\/#website\"},\"breadcrumb\":{\"@id\":\"https:\\\/\\\/www.eldigitaldeasturias.com\\\/noticias\\\/mas-de-50-empresas-espanolas-participan-en-el-mwc-barcelona\\\/#breadcrumblist\"},\"author\":{\"@id\":\"https:\\\/\\\/www.eldigitaldeasturias.com\\\/noticias\\\/author\\\/admin\\\/#author\"},\"creator\":{\"@id\":\"https:\\\/\\\/www.eldigitaldeasturias.com\\\/noticias\\\/author\\\/admin\\\/#author\"},\"image\":{\"@type\":\"ImageObject\",\"url\":\"https:\\\/\\\/www.eldigitaldeasturias.com\\\/noticias\\\/wp-content\\\/uploads\\\/2016\\\/02\\\/movil-feria.jpg\",\"@id\":\"https:\\\/\\\/www.eldigitaldeasturias.com\\\/noticias\\\/mas-de-50-empresas-espanolas-participan-en-el-mwc-barcelona\\\/#mainImage\",\"width\":590,\"height\":288},\"primaryImageOfPage\":{\"@id\":\"https:\\\/\\\/www.eldigitaldeasturias.com\\\/noticias\\\/mas-de-50-empresas-espanolas-participan-en-el-mwc-barcelona\\\/#mainImage\"},\"datePublished\":\"2016-02-24T21:57:32+01:00\",\"dateModified\":\"2016-02-24T21:57:32+01:00\"},{\"@type\":\"WebSite\",\"@id\":\"https:\\\/\\\/www.eldigitaldeasturias.com\\\/noticias\\\/#website\",\"url\":\"https:\\\/\\\/www.eldigitaldeasturias.com\\\/noticias\\\/\",\"name\":\"El Digital de Asturias - Diario de actualidad y noticias\",\"alternateName\":\"El Digital de Asturias - Diario de actualidad y noticias\",\"description\":\"Hemeroteca\",\"inLanguage\":\"es-ES\",\"publisher\":{\"@id\":\"https:\\\/\\\/www.eldigitaldeasturias.com\\\/noticias\\\/#organization\"}}]}\n\t\t<\/script>\n\t\t<!-- All in One SEO Pro -->\r\n\t\t<title>M\u00e1s de 50 empresas espa\u00f1olas participan en el MWC Barcelona - El Digital de Asturias<\/title>\n\n","aioseo_head_json":{"title":"M\u00e1s de 50 empresas espa\u00f1olas participan en el MWC Barcelona - El Digital de Asturias","description":"El ministro de Industria, Energ\u00eda y Turismo, Jos\u00e9 Manuel Soria, ha asistido hoy a la inauguraci\u00f3n del Mobile World Congress de Barcelona. Adem\u00e1s del ministro, la comitiva inaugural la integraban el presidente de la Generalitat, Carles Puigdemont; la alcaldesa de Barcelona, Ada Colau; la alcaldesa de L\u2019Hospitalet de Llobregat, N\u00faria Mar\u00edn; el secretario de Estado","canonical_url":"https:\/\/www.eldigitaldeasturias.com\/noticias\/mas-de-50-empresas-espanolas-participan-en-el-mwc-barcelona\/","robots":"max-image-preview:large","keywords":"revista de ocio","webmasterTools":{"google-site-verification":"UA-38556648-1","msvalidate.01":"7dfe9f3f1b24437ab69f4f2559babe99","miscellaneous":""},"schema":{"@context":"https:\/\/schema.org","@graph":[{"@type":"BlogPosting","@id":"https:\/\/www.eldigitaldeasturias.com\/noticias\/mas-de-50-empresas-espanolas-participan-en-el-mwc-barcelona\/#blogposting","name":"M\u00e1s de 50 empresas espa\u00f1olas participan en el MWC Barcelona - El Digital de Asturias","headline":"M\u00e1s de 50 empresas espa\u00f1olas participan en el MWC Barcelona","author":{"@id":"https:\/\/www.eldigitaldeasturias.com\/noticias\/author\/admin\/#author"},"publisher":{"@id":"https:\/\/www.eldigitaldeasturias.com\/noticias\/#organization"},"image":{"@type":"ImageObject","url":"https:\/\/www.eldigitaldeasturias.com\/noticias\/wp-content\/uploads\/2016\/02\/movil-feria.jpg","width":590,"height":288},"datePublished":"2016-02-24T21:57:32+01:00","dateModified":"2016-02-24T21:57:32+01:00","inLanguage":"es-ES","mainEntityOfPage":{"@id":"https:\/\/www.eldigitaldeasturias.com\/noticias\/mas-de-50-empresas-espanolas-participan-en-el-mwc-barcelona\/#webpage"},"isPartOf":{"@id":"https:\/\/www.eldigitaldeasturias.com\/noticias\/mas-de-50-empresas-espanolas-participan-en-el-mwc-barcelona\/#webpage"},"articleSection":"Revista de Ocio"},{"@type":"BreadcrumbList","@id":"https:\/\/www.eldigitaldeasturias.com\/noticias\/mas-de-50-empresas-espanolas-participan-en-el-mwc-barcelona\/#breadcrumblist","itemListElement":[{"@type":"ListItem","@id":"https:\/\/www.eldigitaldeasturias.com\/noticias#listItem","position":1,"name":"Home","item":"https:\/\/www.eldigitaldeasturias.com\/noticias","nextItem":{"@type":"ListItem","@id":"https:\/\/www.eldigitaldeasturias.com\/noticias\/category\/revista-de-ocio\/#listItem","name":"Revista de Ocio"}},{"@type":"ListItem","@id":"https:\/\/www.eldigitaldeasturias.com\/noticias\/category\/revista-de-ocio\/#listItem","position":2,"name":"Revista de Ocio","item":"https:\/\/www.eldigitaldeasturias.com\/noticias\/category\/revista-de-ocio\/","nextItem":{"@type":"ListItem","@id":"https:\/\/www.eldigitaldeasturias.com\/noticias\/mas-de-50-empresas-espanolas-participan-en-el-mwc-barcelona\/#listItem","name":"M\u00e1s de 50 empresas espa\u00f1olas participan en el MWC Barcelona"},"previousItem":{"@type":"ListItem","@id":"https:\/\/www.eldigitaldeasturias.com\/noticias#listItem","name":"Home"}},{"@type":"ListItem","@id":"https:\/\/www.eldigitaldeasturias.com\/noticias\/mas-de-50-empresas-espanolas-participan-en-el-mwc-barcelona\/#listItem","position":3,"name":"M\u00e1s de 50 empresas espa\u00f1olas participan en el MWC Barcelona","previousItem":{"@type":"ListItem","@id":"https:\/\/www.eldigitaldeasturias.com\/noticias\/category\/revista-de-ocio\/#listItem","name":"Revista de Ocio"}}]},{"@type":"Organization","@id":"https:\/\/www.eldigitaldeasturias.com\/noticias\/#organization","name":"El Digital de Asturias","description":"Hemeroteca","url":"https:\/\/www.eldigitaldeasturias.com\/noticias\/","email":"info@eldigitaldeasturias.com","telephone":"+34652131393","logo":{"@type":"ImageObject","url":"https:\/\/www.eldigitaldeasturias.com\/noticias\/wp-content\/uploads\/2020\/12\/EDA.jpg","@id":"https:\/\/www.eldigitaldeasturias.com\/noticias\/mas-de-50-empresas-espanolas-participan-en-el-mwc-barcelona\/#organizationLogo","width":649,"height":297},"image":{"@id":"https:\/\/www.eldigitaldeasturias.com\/noticias\/mas-de-50-empresas-espanolas-participan-en-el-mwc-barcelona\/#organizationLogo"},"sameAs":["https:\/\/facebook.com\/eldigitaldeasturias","https:\/\/www.youtube.com\/channel\/UCZP-2wLEB9Rv6erhFmqVnvg"],"address":{"@id":"https:\/\/www.eldigitaldeasturias.com\/noticias\/#postaladdress","@type":"PostalAddress","streetAddress":"san antonio 4,","postalCode":"33430","addressLocality":"Cand\u00e1s","addressRegion":"Asturias","addressCountry":"ES"}},{"@type":"Person","@id":"https:\/\/www.eldigitaldeasturias.com\/noticias\/author\/admin\/#author","url":"https:\/\/www.eldigitaldeasturias.com\/noticias\/author\/admin\/","name":"El Digital de Asturias","image":{"@type":"ImageObject","@id":"https:\/\/www.eldigitaldeasturias.com\/noticias\/mas-de-50-empresas-espanolas-participan-en-el-mwc-barcelona\/#authorImage","url":"https:\/\/www.eldigitaldeasturias.com\/noticias\/wp-content\/litespeed\/avatar\/18677e78aa0546b92d9dbf31ec7d7668.jpg?ver=1776685526","width":96,"height":96,"caption":"El Digital de Asturias"}},{"@type":"WebPage","@id":"https:\/\/www.eldigitaldeasturias.com\/noticias\/mas-de-50-empresas-espanolas-participan-en-el-mwc-barcelona\/#webpage","url":"https:\/\/www.eldigitaldeasturias.com\/noticias\/mas-de-50-empresas-espanolas-participan-en-el-mwc-barcelona\/","name":"M\u00e1s de 50 empresas espa\u00f1olas participan en el MWC Barcelona - El Digital de Asturias","description":"El ministro de Industria, Energ\u00eda y Turismo, Jos\u00e9 Manuel Soria, ha asistido hoy a la inauguraci\u00f3n del Mobile World Congress de Barcelona. Adem\u00e1s del ministro, la comitiva inaugural la integraban el presidente de la Generalitat, Carles Puigdemont; la alcaldesa de Barcelona, Ada Colau; la alcaldesa de L\u2019Hospitalet de Llobregat, N\u00faria Mar\u00edn; el secretario de Estado","inLanguage":"es-ES","isPartOf":{"@id":"https:\/\/www.eldigitaldeasturias.com\/noticias\/#website"},"breadcrumb":{"@id":"https:\/\/www.eldigitaldeasturias.com\/noticias\/mas-de-50-empresas-espanolas-participan-en-el-mwc-barcelona\/#breadcrumblist"},"author":{"@id":"https:\/\/www.eldigitaldeasturias.com\/noticias\/author\/admin\/#author"},"creator":{"@id":"https:\/\/www.eldigitaldeasturias.com\/noticias\/author\/admin\/#author"},"image":{"@type":"ImageObject","url":"https:\/\/www.eldigitaldeasturias.com\/noticias\/wp-content\/uploads\/2016\/02\/movil-feria.jpg","@id":"https:\/\/www.eldigitaldeasturias.com\/noticias\/mas-de-50-empresas-espanolas-participan-en-el-mwc-barcelona\/#mainImage","width":590,"height":288},"primaryImageOfPage":{"@id":"https:\/\/www.eldigitaldeasturias.com\/noticias\/mas-de-50-empresas-espanolas-participan-en-el-mwc-barcelona\/#mainImage"},"datePublished":"2016-02-24T21:57:32+01:00","dateModified":"2016-02-24T21:57:32+01:00"},{"@type":"WebSite","@id":"https:\/\/www.eldigitaldeasturias.com\/noticias\/#website","url":"https:\/\/www.eldigitaldeasturias.com\/noticias\/","name":"El Digital de Asturias - Diario de actualidad y noticias","alternateName":"El Digital de Asturias - Diario de actualidad y noticias","description":"Hemeroteca","inLanguage":"es-ES","publisher":{"@id":"https:\/\/www.eldigitaldeasturias.com\/noticias\/#organization"}}]},"og:locale":"es_ES","og:site_name":"El Digital de Asturias","og:type":"article","og:title":"M\u00e1s de 50 empresas espa\u00f1olas participan en el MWC Barcelona - El Digital de Asturias","og:description":"El ministro de Industria, Energ\u00eda y Turismo, Jos\u00e9 Manuel Soria, ha asistido hoy a la inauguraci\u00f3n del Mobile World Congress de Barcelona. Adem\u00e1s del ministro, la comitiva inaugural la integraban el presidente de la Generalitat, Carles Puigdemont; la alcaldesa de Barcelona, Ada Colau; la alcaldesa de L\u2019Hospitalet de Llobregat, N\u00faria Mar\u00edn; el secretario de Estado","og:url":"https:\/\/www.eldigitaldeasturias.com\/noticias\/mas-de-50-empresas-espanolas-participan-en-el-mwc-barcelona\/","og:image":"https:\/\/www.eldigitaldeasturias.com\/noticias\/wp-content\/uploads\/2016\/02\/movil-feria.jpg","og:image:secure_url":"https:\/\/www.eldigitaldeasturias.com\/noticias\/wp-content\/uploads\/2016\/02\/movil-feria.jpg","og:image:width":590,"og:image:height":288,"article:tag":["revista de ocio"],"article:published_time":"2016-02-24T21:57:32+00:00","article:modified_time":"2016-02-24T21:57:32+00:00","article:publisher":"https:\/\/facebook.com\/eldigitaldeasturias","twitter:card":"summary_large_image","twitter:title":"M\u00e1s de 50 empresas espa\u00f1olas participan en el MWC Barcelona - El Digital de Asturias","twitter:description":"El ministro de Industria, Energ\u00eda y Turismo, Jos\u00e9 Manuel Soria, ha asistido hoy a la inauguraci\u00f3n del Mobile World Congress de Barcelona. Adem\u00e1s del ministro, la comitiva inaugural la integraban el presidente de la Generalitat, Carles Puigdemont; la alcaldesa de Barcelona, Ada Colau; la alcaldesa de L\u2019Hospitalet de Llobregat, N\u00faria Mar\u00edn; el secretario de Estado","twitter:image":"https:\/\/www.eldigitaldeasturias.com\/noticias\/wp-content\/uploads\/2016\/02\/movil-feria.jpg","twitter:label1":"Escrito por","twitter:data1":"El Digital de Asturias","twitter:label2":"Tiempo de lectura estimado","twitter:data2":"3 minutos"},"aioseo_meta_data":{"post_id":"861562","title":null,"description":null,"keywords":null,"keyphrases":null,"primary_term":null,"canonical_url":null,"og_title":null,"og_description":null,"og_object_type":"default","og_image_type":"default","og_image_url":null,"og_image_width":null,"og_image_height":null,"og_image_custom_url":null,"og_image_custom_fields":null,"og_video":null,"og_custom_url":null,"og_article_section":null,"og_article_tags":null,"twitter_use_og":false,"twitter_card":"default","twitter_image_type":"default","twitter_image_url":null,"twitter_image_custom_url":null,"twitter_image_custom_fields":null,"twitter_title":null,"twitter_description":null,"schema":{"blockGraphs":[],"customGraphs":[],"default":{"data":{"Article":[],"Course":[],"Dataset":[],"FAQPage":[],"Movie":[],"Person":[],"Product":[],"ProductReview":[],"Car":[],"Recipe":[],"Service":[],"SoftwareApplication":[],"WebPage":[]},"graphName":"","isEnabled":true},"graphs":[],"defaultGraph":"","defaultPostTypeGraph":""},"schema_type":null,"schema_type_options":null,"pillar_content":false,"robots_default":true,"robots_noindex":false,"robots_noarchive":false,"robots_nosnippet":false,"robots_nofollow":false,"robots_noimageindex":false,"robots_noodp":false,"robots_notranslate":false,"robots_max_snippet":null,"robots_max_videopreview":null,"robots_max_imagepreview":"large","priority":null,"frequency":null,"local_seo":null,"seo_analyzer_scan_date":"2025-12-10 21:38:12","breadcrumb_settings":null,"limit_modified_date":false,"open_ai":null,"ai":null,"created":"2021-01-23 15:02:12","updated":"2025-12-10 21:38:12"},"aioseo_breadcrumb":"<div class=\"aioseo-breadcrumbs\"><span class=\"aioseo-breadcrumb\">\n\t<a href=\"https:\/\/www.eldigitaldeasturias.com\/noticias\" title=\"Home\">Home<\/a>\n<\/span><span class=\"aioseo-breadcrumb-separator\">\u2013<\/span><span class=\"aioseo-breadcrumb\">\n\t<a href=\"https:\/\/www.eldigitaldeasturias.com\/noticias\/category\/revista-de-ocio\/\" title=\"Revista de Ocio\">Revista de Ocio<\/a>\n<\/span><span class=\"aioseo-breadcrumb-separator\">\u2013<\/span><span class=\"aioseo-breadcrumb\">\n\t<a href=\"https:\/\/www.eldigitaldeasturias.com\/noticias\/mas-de-50-empresas-espanolas-participan-en-el-mwc-barcelona\/\" title=\"M\u00e1s de 50 empresas espa\u00f1olas participan en el MWC Barcelona\">M\u00e1s de 50 empresas espa\u00f1olas participan en el MWC Barcelona<\/a>\n<\/span><\/div>","aioseo_breadcrumb_json":[{"label":"Home","link":"https:\/\/www.eldigitaldeasturias.com\/noticias"},{"label":"Revista de Ocio","link":"https:\/\/www.eldigitaldeasturias.com\/noticias\/category\/revista-de-ocio\/"},{"label":"M\u00e1s de 50 empresas espa\u00f1olas participan en el MWC Barcelona","link":"https:\/\/www.eldigitaldeasturias.com\/noticias\/mas-de-50-empresas-espanolas-participan-en-el-mwc-barcelona\/"}],"_links":{"self":[{"href":"https:\/\/www.eldigitaldeasturias.com\/noticias\/wp-json\/wp\/v2\/posts\/861562","targetHints":{"allow":["GET"]}}],"collection":[{"href":"https:\/\/www.eldigitaldeasturias.com\/noticias\/wp-json\/wp\/v2\/posts"}],"about":[{"href":"https:\/\/www.eldigitaldeasturias.com\/noticias\/wp-json\/wp\/v2\/types\/post"}],"author":[{"embeddable":true,"href":"https:\/\/www.eldigitaldeasturias.com\/noticias\/wp-json\/wp\/v2\/users\/1"}],"replies":[{"embeddable":true,"href":"https:\/\/www.eldigitaldeasturias.com\/noticias\/wp-json\/wp\/v2\/comments?post=861562"}],"version-history":[{"count":0,"href":"https:\/\/www.eldigitaldeasturias.com\/noticias\/wp-json\/wp\/v2\/posts\/861562\/revisions"}],"wp:featuredmedia":[{"embeddable":true,"href":"https:\/\/www.eldigitaldeasturias.com\/noticias\/wp-json\/wp\/v2\/media\/861563"}],"wp:attachment":[{"href":"https:\/\/www.eldigitaldeasturias.com\/noticias\/wp-json\/wp\/v2\/media?parent=861562"}],"wp:term":[{"taxonomy":"category","embeddable":true,"href":"https:\/\/www.eldigitaldeasturias.com\/noticias\/wp-json\/wp\/v2\/categories?post=861562"},{"taxonomy":"post_tag","embeddable":true,"href":"https:\/\/www.eldigitaldeasturias.com\/noticias\/wp-json\/wp\/v2\/tags?post=861562"}],"curies":[{"name":"wp","href":"https:\/\/api.w.org\/{rel}","templated":true}]}}