{"id":861560,"date":"2016-02-24T21:53:02","date_gmt":"2016-02-24T21:53:02","guid":{"rendered":"http:\/\/www.eldigitaldeasturias.com\/noticias\/?p=861560"},"modified":"2016-02-24T21:53:02","modified_gmt":"2016-02-24T21:53:02","slug":"brasil-y-la-union-europea-firman-acuerdos-sobre-la-tecnologia-movil-5g","status":"publish","type":"post","link":"https:\/\/www.eldigitaldeasturias.com\/noticias\/brasil-y-la-union-europea-firman-acuerdos-sobre-la-tecnologia-movil-5g\/","title":{"rendered":"Brasil y la Uni\u00f3n Europea firman acuerdos sobre la tecnolog\u00eda m\u00f3vil 5G"},"content":{"rendered":"<p><img loading=\"lazy\" decoding=\"async\" class=\"alignleft size-medium wp-image-788650\" src=\"https:\/\/www.eldigitaldeasturias.com\/noticias\/wp-content\/uploads\/2015\/06\/1433836939_adaptar_web_movil-360x260.jpg\" alt=\"1433836939_adaptar_web_movil\" width=\"360\" height=\"260\" srcset=\"https:\/\/www.eldigitaldeasturias.com\/noticias\/wp-content\/uploads\/2015\/06\/1433836939_adaptar_web_movil-360x260.jpg 360w, https:\/\/www.eldigitaldeasturias.com\/noticias\/wp-content\/uploads\/2015\/06\/1433836939_adaptar_web_movil-650x470.jpg 650w, https:\/\/www.eldigitaldeasturias.com\/noticias\/wp-content\/uploads\/2015\/06\/1433836939_adaptar_web_movil.jpg 700w\" sizes=\"auto, (max-width: 360px) 100vw, 360px\" \/>La UE y Brasil han firmado hoy un acuerdo para desarrollar la tecnolog\u00eda 5G, pr\u00f3xima generaci\u00f3n de las redes de comunicaci\u00f3n. La Comisi\u00f3n ha comenzado tambi\u00e9n a elaborar un plan de acci\u00f3n para implantar esa tecnolog\u00eda en la UE de aqu\u00ed a 2020.<\/p>\n<p>En el futuro, todas las personas y todos los aparatos utilizar\u00e1n la tecnolog\u00eda 5G. En 2020, habr\u00e1 ya 26 000 millones de dispositivos conectados, y el 70 % de los ciudadanos tendr\u00e1 un tel\u00e9fono inteligente. La 5G constituir\u00e1 el pilar fundamental no solo del mercado \u00fanico digital, sino tambi\u00e9n de las industrias del futuro, de los modernos servicios p\u00fablicos y de las aplicaciones m\u00e1s innovadoras, como los autom\u00f3viles conectados, los hogares inteligentes o los servicios sanitarios m\u00f3viles. Ante la necesidad de hacer frente a este reto mundial, la UE une sus fuerzas a las de Brasil para impulsar la cooperaci\u00f3n en este campo estrat\u00e9gico e impedir que la 5G se desarrolle a nivel internacional en compartimentos estancos. En su calidad de estrechos socios comerciales, la UE y Brasil han venido colaborando desde 2008 en el \u00e1mbito de las tecnolog\u00edas de la informaci\u00f3n y la comunicaci\u00f3n.<\/p>\n<p>El Comisario europeo de Econom\u00eda y Sociedad Digitales, G\u00fcnther H. Oettinger, y el Ministro brasile\u00f1o de Comunicaciones, Andr\u00e9 Figueiredo, han firmado hoy una declaraci\u00f3n conjunta en el Congreso Mundial de Telefon\u00eda M\u00f3vil de Barcelona. Este acuerdo tiene lugar tras otras importantes iniciativas de cooperaci\u00f3n similares con Corea del Sur, Jap\u00f3n y China.<\/p>\n<p>El Vicepresidente Ansip, responsable del Mercado \u00danico Digital, ha felicitado a sus colegas \u00abpor este importante nuevo paso en la promoci\u00f3n de la 5G a nivel mundial. Porque se trata no solo de desarrollar una tecnolog\u00eda esencial para garantizar la conectividad, sino tambi\u00e9n de construir la necesaria confianza en los servicios en l\u00ednea y de crear las condiciones adecuadas para que la 5G pueda desplegarse a trav\u00e9s de las fronteras. La coordinaci\u00f3n del espectro es fundamental para que la 5G se haga realidad\u00bb (v\u00e9ase tambi\u00e9n el discurso inaugural que pronunci\u00f3 ayer el Vicepresidente en el Congreso Mundial de la Telefon\u00eda M\u00f3vil).<\/p>\n<p>G\u00fcnther H. Oettinger, por su parte, ha afirmado que \u00abTras los acuerdos fundamentales firmados con China, Jap\u00f3n y Corea del Sur, la iniciativa de cooperaci\u00f3n acordada hoy con Brasil constituye un nuevo paso de capital importancia para la consecuci\u00f3n de la 5G. Ni Europa ni Brasil pueden permitirse quedar rezagados en la era digital. Con el acuerdo de hoy, nos hemos comprometido en especial a cooperar en la implantaci\u00f3n de la 5G en los llamados sectores verticales, como lo son el transporte o la energ\u00eda. Estos acuerdos internacionales vienen a complementar los esfuerzos que estamos realizando para desplegar la tecnolog\u00eda en la UE, as\u00ed como las tareas que emprendemos hoy a fin de que esta disponga de un plan de acci\u00f3n 5G\u00bb (v\u00e9ase tambi\u00e9n el discurso inaugural que ha pronunciado esta ma\u00f1ana el Comisario).<\/p>\n<p>La UE y Brasil se han comprometido a elaborar una definici\u00f3n global de la tecnolog\u00eda 5G y a determinar los servicios (por ejemplo, autom\u00f3viles conectados, Internet de los objetos o emisi\u00f3n de video en tiempo real de muy alta definici\u00f3n) que deber\u00e1n prestar en primer lugar las redes 5G. Los dos socios colaborar\u00e1n tambi\u00e9n para definir un conjunto de normas comunes que les permitan ocupar una posici\u00f3n m\u00e1s fuerte en la escena mundial. Su colaboraci\u00f3n se centrar\u00e1, asimismo, en identificar las radiofrecuencias que sean m\u00e1s prometedoras para satisfacer las necesidades de espectro adicionales de la 5G, particularmente en el marco de la Uni\u00f3n Internacional de Telecomunicaciones (UIT). Adem\u00e1s, uno y otro socio impulsar\u00e1n el despliegue de la tecnolog\u00eda 5G en el \u00e1mbito de las ciudades inteligentes y en los sectores agroalimentario, educativo, sanitario, del transporte o de la energ\u00eda, as\u00ed como la posible ejecuci\u00f3n de proyectos de investigaci\u00f3n conjuntos en esta materia.<\/p>\n<p>Tambi\u00e9n se est\u00e1n negociando acuerdos de cooperaci\u00f3n con la India y con los Estados Unidos.<\/p>\n<p>Hacia un plan de acci\u00f3n para desplegar la 5G en la UE<\/p>\n<p>La 5G ser\u00e1 un factor de cambio no solo para las empresas de telecomunicaciones, sino tambi\u00e9n para cierto n\u00famero de importantes sectores. Es por ello por lo que resulta esencial conectar a todos esos actores y ayudarles a construir el futuro mercado de los productos y servicios 5G. El Comisario Oettinger ha instado hoy en Barcelona a sectores tales como el log\u00edstico, el de los transportes, el de la energ\u00eda, el sanitario y el digital a trabajar junto con la Comisi\u00f3n en la elaboraci\u00f3n de un plan de acci\u00f3n 5G. Es importante que pensemos juntos en las medidas, el calendario y los incentivos a la inversi\u00f3n que sean necesarios para el desarrollo de las infraestructuras esenciales de 5G en la UE. El objetivo es aprovechar las inversiones ya previstas por la UE en el campo de la investigaci\u00f3n y la innovaci\u00f3n de la 5G \u2014700 millones de euros de aqu\u00ed a 2020\u2014 de forma que las empresas europeas puedan ya en 2020 comenzar a ofrecer productos y servicios 5G (post para el blog del Comisario Oettinger).<\/p>\n<p>La Comisi\u00f3n dio a comienzos de este mes un paso importante para allanar el camino de la 5G en la UE con la presentaci\u00f3n de una propuesta destinada a coordinar la utilizaci\u00f3n de la banda de 700 MHz para los servicios m\u00f3viles. Los operadores de telefon\u00eda m\u00f3vil que utilicen la banda de 700 MHz podr\u00e1n ofrecer a los consumidores servicios de banda ancha m\u00e1s r\u00e1pidos y de mayor calidad (o sea, sin interrupci\u00f3n de servicio) y cubrir, adem\u00e1s, zonas m\u00e1s amplias, incluyendo las rurales y las regiones remotas. Europa podr\u00e1 as\u00ed avanzar y ofrecer velocidades de banda ancha m\u00f3vil superiores a 100 Mb\/s, lo que le permitir\u00e1 alcanzar el nivel de las regiones que lideran hoy en el mundo la implantaci\u00f3n de la banda ancha m\u00f3vil 4G (como Corea del Sur o los Estados Unidos). Antes de que finalice 2020, cuando ya se encuentren disponibles las normas espec\u00edficas de la 5G y la tecnolog\u00eda y equipamiento a ella asociados, los operadores m\u00f3viles se hallar\u00e1n en buenas condiciones para prestar servicios 5G. La pr\u00f3xima revisi\u00f3n del marco normativo de la UE para las telecomunicaciones, que est\u00e1 prevista para el oto\u00f1o de 2016, incluir\u00e1 nuevas medidas para coordinar el espectro en la UE.<\/p>\n<p>Contexto<\/p>\n<p>La Comisi\u00f3n viene cooperando con Brasil desde 2008 en el campo de las tecnolog\u00edas de la informaci\u00f3n y la comunicaci\u00f3n (TIC). El lanzamiento de una convocatoria conjunta UE-Brasil dentro del programa de trabajo TIC 2016-2017 enmarcado en el Programa de investigaci\u00f3n e innovaci\u00f3n Horizonte 2020 de la UE permitir\u00e1 emprender proyectos conjuntos en el campo de la 5G, facilitando tambi\u00e9n la coordinaci\u00f3n entre ambos socios de las pol\u00edticas aplicadas en temas afines.<\/p>\n<p>En diciembre de 2013, la Comisi\u00f3n lanz\u00f3 una iniciativa de asociaci\u00f3n p\u00fablico-privada en el campo de la 5G (comunicado de prensa-ficha informativa). La UE invertir\u00e1 hasta 2020 en esa asociaci\u00f3n un importe de 700 millones de euros a cargo del Programa Horizonte 2020. La industria de la UE deber\u00e1 completar ese importe con una inversi\u00f3n hasta cinco veces superior (m\u00e1s de 3 000 millones de euros).<\/p>\n","protected":false},"excerpt":{"rendered":"<p>La UE y Brasil han firmado hoy un acuerdo para desarrollar la tecnolog\u00eda 5G, pr\u00f3xima generaci\u00f3n de las redes de comunicaci\u00f3n. La Comisi\u00f3n ha comenzado tambi\u00e9n a elaborar un plan de acci\u00f3n para implantar esa tecnolog\u00eda en la UE de aqu\u00ed a 2020. En el futuro, todas las personas y todos los aparatos utilizar\u00e1n la [&hellip;]<\/p>\n","protected":false},"author":1,"featured_media":788650,"comment_status":"closed","ping_status":"closed","sticky":false,"template":"","format":"standard","meta":{"footnotes":""},"categories":[50],"tags":[],"class_list":["post-861560","post","type-post","status-publish","format-standard","has-post-thumbnail","hentry","category-revista-de-ocio"],"aioseo_notices":[],"aioseo_head":"\n\t\t<!-- All in One SEO Pro 4.9.6.2 - aioseo.com -->\n\t<meta name=\"description\" content=\"La UE y Brasil han firmado hoy un acuerdo para desarrollar la tecnolog\u00eda 5G, pr\u00f3xima generaci\u00f3n de las redes de comunicaci\u00f3n. La Comisi\u00f3n ha comenzado tambi\u00e9n a elaborar un plan de acci\u00f3n para implantar esa tecnolog\u00eda en la UE de aqu\u00ed a 2020. En el futuro, todas las personas y todos los aparatos utilizar\u00e1n la\" \/>\n\t<meta name=\"robots\" content=\"max-image-preview:large\" \/>\n\t<meta name=\"author\" content=\"El Digital de Asturias\"\/>\n\t<meta name=\"google-site-verification\" content=\"UA-38556648-1\" \/>\n\t<meta name=\"msvalidate.01\" content=\"7dfe9f3f1b24437ab69f4f2559babe99\" \/>\n\t<meta name=\"keywords\" content=\"revista de ocio\" \/>\n\t<link rel=\"canonical\" href=\"https:\/\/www.eldigitaldeasturias.com\/noticias\/brasil-y-la-union-europea-firman-acuerdos-sobre-la-tecnologia-movil-5g\/\" \/>\n\t<meta name=\"generator\" content=\"All in One SEO Pro (AIOSEO) 4.9.6.2\" \/>\n\t\t<meta property=\"og:locale\" content=\"es_ES\" \/>\n\t\t<meta property=\"og:site_name\" content=\"El Digital de Asturias\" \/>\n\t\t<meta property=\"og:type\" content=\"article\" \/>\n\t\t<meta property=\"og:title\" content=\"Brasil y la Uni\u00f3n Europea firman acuerdos sobre la tecnolog\u00eda m\u00f3vil 5G - El Digital de Asturias\" \/>\n\t\t<meta property=\"og:description\" content=\"La UE y Brasil han firmado hoy un acuerdo para desarrollar la tecnolog\u00eda 5G, pr\u00f3xima generaci\u00f3n de las redes de comunicaci\u00f3n. La Comisi\u00f3n ha comenzado tambi\u00e9n a elaborar un plan de acci\u00f3n para implantar esa tecnolog\u00eda en la UE de aqu\u00ed a 2020. En el futuro, todas las personas y todos los aparatos utilizar\u00e1n la\" \/>\n\t\t<meta property=\"og:url\" content=\"https:\/\/www.eldigitaldeasturias.com\/noticias\/brasil-y-la-union-europea-firman-acuerdos-sobre-la-tecnologia-movil-5g\/\" \/>\n\t\t<meta property=\"og:image\" content=\"https:\/\/www.eldigitaldeasturias.com\/noticias\/wp-content\/uploads\/2015\/06\/1433836939_adaptar_web_movil.jpg\" \/>\n\t\t<meta property=\"og:image:secure_url\" content=\"https:\/\/www.eldigitaldeasturias.com\/noticias\/wp-content\/uploads\/2015\/06\/1433836939_adaptar_web_movil.jpg\" \/>\n\t\t<meta property=\"og:image:width\" content=\"700\" \/>\n\t\t<meta property=\"og:image:height\" content=\"506\" \/>\n\t\t<meta property=\"article:tag\" content=\"revista de ocio\" \/>\n\t\t<meta property=\"article:published_time\" content=\"2016-02-24T21:53:02+00:00\" \/>\n\t\t<meta property=\"article:modified_time\" content=\"2016-02-24T21:53:02+00:00\" \/>\n\t\t<meta property=\"article:publisher\" content=\"https:\/\/facebook.com\/eldigitaldeasturias\" \/>\n\t\t<meta name=\"twitter:card\" content=\"summary_large_image\" \/>\n\t\t<meta name=\"twitter:title\" content=\"Brasil y la Uni\u00f3n Europea firman acuerdos sobre la tecnolog\u00eda m\u00f3vil 5G - El Digital de Asturias\" \/>\n\t\t<meta name=\"twitter:description\" content=\"La UE y Brasil han firmado hoy un acuerdo para desarrollar la tecnolog\u00eda 5G, pr\u00f3xima generaci\u00f3n de las redes de comunicaci\u00f3n. La Comisi\u00f3n ha comenzado tambi\u00e9n a elaborar un plan de acci\u00f3n para implantar esa tecnolog\u00eda en la UE de aqu\u00ed a 2020. En el futuro, todas las personas y todos los aparatos utilizar\u00e1n la\" \/>\n\t\t<meta name=\"twitter:image\" content=\"https:\/\/www.eldigitaldeasturias.com\/noticias\/wp-content\/uploads\/2015\/06\/1433836939_adaptar_web_movil.jpg\" \/>\n\t\t<meta name=\"twitter:label1\" content=\"Escrito por\" \/>\n\t\t<meta name=\"twitter:data1\" content=\"El Digital de Asturias\" \/>\n\t\t<meta name=\"twitter:label2\" content=\"Tiempo de lectura estimado\" \/>\n\t\t<meta name=\"twitter:data2\" content=\"6 minutos\" \/>\n\t\t<script type=\"application\/ld+json\" class=\"aioseo-schema\">\n\t\t\t{\"@context\":\"https:\\\/\\\/schema.org\",\"@graph\":[{\"@type\":\"BlogPosting\",\"@id\":\"https:\\\/\\\/www.eldigitaldeasturias.com\\\/noticias\\\/brasil-y-la-union-europea-firman-acuerdos-sobre-la-tecnologia-movil-5g\\\/#blogposting\",\"name\":\"Brasil y la Uni\\u00f3n Europea firman acuerdos sobre la tecnolog\\u00eda m\\u00f3vil 5G - El Digital de Asturias\",\"headline\":\"Brasil y la Uni\\u00f3n Europea firman acuerdos sobre la tecnolog\\u00eda m\\u00f3vil 5G\",\"author\":{\"@id\":\"https:\\\/\\\/www.eldigitaldeasturias.com\\\/noticias\\\/author\\\/admin\\\/#author\"},\"publisher\":{\"@id\":\"https:\\\/\\\/www.eldigitaldeasturias.com\\\/noticias\\\/#organization\"},\"image\":{\"@type\":\"ImageObject\",\"url\":\"https:\\\/\\\/www.eldigitaldeasturias.com\\\/noticias\\\/wp-content\\\/uploads\\\/2015\\\/06\\\/1433836939_adaptar_web_movil.jpg\",\"width\":700,\"height\":506},\"datePublished\":\"2016-02-24T21:53:02+01:00\",\"dateModified\":\"2016-02-24T21:53:02+01:00\",\"inLanguage\":\"es-ES\",\"mainEntityOfPage\":{\"@id\":\"https:\\\/\\\/www.eldigitaldeasturias.com\\\/noticias\\\/brasil-y-la-union-europea-firman-acuerdos-sobre-la-tecnologia-movil-5g\\\/#webpage\"},\"isPartOf\":{\"@id\":\"https:\\\/\\\/www.eldigitaldeasturias.com\\\/noticias\\\/brasil-y-la-union-europea-firman-acuerdos-sobre-la-tecnologia-movil-5g\\\/#webpage\"},\"articleSection\":\"Revista de Ocio\"},{\"@type\":\"BreadcrumbList\",\"@id\":\"https:\\\/\\\/www.eldigitaldeasturias.com\\\/noticias\\\/brasil-y-la-union-europea-firman-acuerdos-sobre-la-tecnologia-movil-5g\\\/#breadcrumblist\",\"itemListElement\":[{\"@type\":\"ListItem\",\"@id\":\"https:\\\/\\\/www.eldigitaldeasturias.com\\\/noticias#listItem\",\"position\":1,\"name\":\"Home\",\"item\":\"https:\\\/\\\/www.eldigitaldeasturias.com\\\/noticias\",\"nextItem\":{\"@type\":\"ListItem\",\"@id\":\"https:\\\/\\\/www.eldigitaldeasturias.com\\\/noticias\\\/category\\\/revista-de-ocio\\\/#listItem\",\"name\":\"Revista de Ocio\"}},{\"@type\":\"ListItem\",\"@id\":\"https:\\\/\\\/www.eldigitaldeasturias.com\\\/noticias\\\/category\\\/revista-de-ocio\\\/#listItem\",\"position\":2,\"name\":\"Revista de Ocio\",\"item\":\"https:\\\/\\\/www.eldigitaldeasturias.com\\\/noticias\\\/category\\\/revista-de-ocio\\\/\",\"nextItem\":{\"@type\":\"ListItem\",\"@id\":\"https:\\\/\\\/www.eldigitaldeasturias.com\\\/noticias\\\/brasil-y-la-union-europea-firman-acuerdos-sobre-la-tecnologia-movil-5g\\\/#listItem\",\"name\":\"Brasil y la Uni\\u00f3n Europea firman acuerdos sobre la tecnolog\\u00eda m\\u00f3vil 5G\"},\"previousItem\":{\"@type\":\"ListItem\",\"@id\":\"https:\\\/\\\/www.eldigitaldeasturias.com\\\/noticias#listItem\",\"name\":\"Home\"}},{\"@type\":\"ListItem\",\"@id\":\"https:\\\/\\\/www.eldigitaldeasturias.com\\\/noticias\\\/brasil-y-la-union-europea-firman-acuerdos-sobre-la-tecnologia-movil-5g\\\/#listItem\",\"position\":3,\"name\":\"Brasil y la Uni\\u00f3n Europea firman acuerdos sobre la tecnolog\\u00eda m\\u00f3vil 5G\",\"previousItem\":{\"@type\":\"ListItem\",\"@id\":\"https:\\\/\\\/www.eldigitaldeasturias.com\\\/noticias\\\/category\\\/revista-de-ocio\\\/#listItem\",\"name\":\"Revista de Ocio\"}}]},{\"@type\":\"Organization\",\"@id\":\"https:\\\/\\\/www.eldigitaldeasturias.com\\\/noticias\\\/#organization\",\"name\":\"El Digital de Asturias\",\"description\":\"Hemeroteca\",\"url\":\"https:\\\/\\\/www.eldigitaldeasturias.com\\\/noticias\\\/\",\"email\":\"info@eldigitaldeasturias.com\",\"telephone\":\"+34652131393\",\"logo\":{\"@type\":\"ImageObject\",\"url\":\"https:\\\/\\\/www.eldigitaldeasturias.com\\\/noticias\\\/wp-content\\\/uploads\\\/2020\\\/12\\\/EDA.jpg\",\"@id\":\"https:\\\/\\\/www.eldigitaldeasturias.com\\\/noticias\\\/brasil-y-la-union-europea-firman-acuerdos-sobre-la-tecnologia-movil-5g\\\/#organizationLogo\",\"width\":649,\"height\":297},\"image\":{\"@id\":\"https:\\\/\\\/www.eldigitaldeasturias.com\\\/noticias\\\/brasil-y-la-union-europea-firman-acuerdos-sobre-la-tecnologia-movil-5g\\\/#organizationLogo\"},\"sameAs\":[\"https:\\\/\\\/facebook.com\\\/eldigitaldeasturias\",\"https:\\\/\\\/www.youtube.com\\\/channel\\\/UCZP-2wLEB9Rv6erhFmqVnvg\"],\"address\":{\"@id\":\"https:\\\/\\\/www.eldigitaldeasturias.com\\\/noticias\\\/#postaladdress\",\"@type\":\"PostalAddress\",\"streetAddress\":\"san antonio 4,\",\"postalCode\":\"33430\",\"addressLocality\":\"Cand\\u00e1s\",\"addressRegion\":\"Asturias\",\"addressCountry\":\"ES\"}},{\"@type\":\"Person\",\"@id\":\"https:\\\/\\\/www.eldigitaldeasturias.com\\\/noticias\\\/author\\\/admin\\\/#author\",\"url\":\"https:\\\/\\\/www.eldigitaldeasturias.com\\\/noticias\\\/author\\\/admin\\\/\",\"name\":\"El Digital de Asturias\",\"image\":{\"@type\":\"ImageObject\",\"@id\":\"https:\\\/\\\/www.eldigitaldeasturias.com\\\/noticias\\\/brasil-y-la-union-europea-firman-acuerdos-sobre-la-tecnologia-movil-5g\\\/#authorImage\",\"url\":\"https:\\\/\\\/www.eldigitaldeasturias.com\\\/noticias\\\/wp-content\\\/litespeed\\\/avatar\\\/18677e78aa0546b92d9dbf31ec7d7668.jpg?ver=1776685526\",\"width\":96,\"height\":96,\"caption\":\"El Digital de Asturias\"}},{\"@type\":\"WebPage\",\"@id\":\"https:\\\/\\\/www.eldigitaldeasturias.com\\\/noticias\\\/brasil-y-la-union-europea-firman-acuerdos-sobre-la-tecnologia-movil-5g\\\/#webpage\",\"url\":\"https:\\\/\\\/www.eldigitaldeasturias.com\\\/noticias\\\/brasil-y-la-union-europea-firman-acuerdos-sobre-la-tecnologia-movil-5g\\\/\",\"name\":\"Brasil y la Uni\\u00f3n Europea firman acuerdos sobre la tecnolog\\u00eda m\\u00f3vil 5G - El Digital de Asturias\",\"description\":\"La UE y Brasil han firmado hoy un acuerdo para desarrollar la tecnolog\\u00eda 5G, pr\\u00f3xima generaci\\u00f3n de las redes de comunicaci\\u00f3n. La Comisi\\u00f3n ha comenzado tambi\\u00e9n a elaborar un plan de acci\\u00f3n para implantar esa tecnolog\\u00eda en la UE de aqu\\u00ed a 2020. En el futuro, todas las personas y todos los aparatos utilizar\\u00e1n la\",\"inLanguage\":\"es-ES\",\"isPartOf\":{\"@id\":\"https:\\\/\\\/www.eldigitaldeasturias.com\\\/noticias\\\/#website\"},\"breadcrumb\":{\"@id\":\"https:\\\/\\\/www.eldigitaldeasturias.com\\\/noticias\\\/brasil-y-la-union-europea-firman-acuerdos-sobre-la-tecnologia-movil-5g\\\/#breadcrumblist\"},\"author\":{\"@id\":\"https:\\\/\\\/www.eldigitaldeasturias.com\\\/noticias\\\/author\\\/admin\\\/#author\"},\"creator\":{\"@id\":\"https:\\\/\\\/www.eldigitaldeasturias.com\\\/noticias\\\/author\\\/admin\\\/#author\"},\"image\":{\"@type\":\"ImageObject\",\"url\":\"https:\\\/\\\/www.eldigitaldeasturias.com\\\/noticias\\\/wp-content\\\/uploads\\\/2015\\\/06\\\/1433836939_adaptar_web_movil.jpg\",\"@id\":\"https:\\\/\\\/www.eldigitaldeasturias.com\\\/noticias\\\/brasil-y-la-union-europea-firman-acuerdos-sobre-la-tecnologia-movil-5g\\\/#mainImage\",\"width\":700,\"height\":506},\"primaryImageOfPage\":{\"@id\":\"https:\\\/\\\/www.eldigitaldeasturias.com\\\/noticias\\\/brasil-y-la-union-europea-firman-acuerdos-sobre-la-tecnologia-movil-5g\\\/#mainImage\"},\"datePublished\":\"2016-02-24T21:53:02+01:00\",\"dateModified\":\"2016-02-24T21:53:02+01:00\"},{\"@type\":\"WebSite\",\"@id\":\"https:\\\/\\\/www.eldigitaldeasturias.com\\\/noticias\\\/#website\",\"url\":\"https:\\\/\\\/www.eldigitaldeasturias.com\\\/noticias\\\/\",\"name\":\"El Digital de Asturias - Diario de actualidad y noticias\",\"alternateName\":\"El Digital de Asturias - Diario de actualidad y noticias\",\"description\":\"Hemeroteca\",\"inLanguage\":\"es-ES\",\"publisher\":{\"@id\":\"https:\\\/\\\/www.eldigitaldeasturias.com\\\/noticias\\\/#organization\"}}]}\n\t\t<\/script>\n\t\t<!-- All in One SEO Pro -->\r\n\t\t<title>Brasil y la Uni\u00f3n Europea firman acuerdos sobre la tecnolog\u00eda m\u00f3vil 5G - El Digital de Asturias<\/title>\n\n","aioseo_head_json":{"title":"Brasil y la Uni\u00f3n Europea firman acuerdos sobre la tecnolog\u00eda m\u00f3vil 5G - El Digital de Asturias","description":"La UE y Brasil han firmado hoy un acuerdo para desarrollar la tecnolog\u00eda 5G, pr\u00f3xima generaci\u00f3n de las redes de comunicaci\u00f3n. La Comisi\u00f3n ha comenzado tambi\u00e9n a elaborar un plan de acci\u00f3n para implantar esa tecnolog\u00eda en la UE de aqu\u00ed a 2020. En el futuro, todas las personas y todos los aparatos utilizar\u00e1n la","canonical_url":"https:\/\/www.eldigitaldeasturias.com\/noticias\/brasil-y-la-union-europea-firman-acuerdos-sobre-la-tecnologia-movil-5g\/","robots":"max-image-preview:large","keywords":"revista de ocio","webmasterTools":{"google-site-verification":"UA-38556648-1","msvalidate.01":"7dfe9f3f1b24437ab69f4f2559babe99","miscellaneous":""},"schema":{"@context":"https:\/\/schema.org","@graph":[{"@type":"BlogPosting","@id":"https:\/\/www.eldigitaldeasturias.com\/noticias\/brasil-y-la-union-europea-firman-acuerdos-sobre-la-tecnologia-movil-5g\/#blogposting","name":"Brasil y la Uni\u00f3n Europea firman acuerdos sobre la tecnolog\u00eda m\u00f3vil 5G - El Digital de Asturias","headline":"Brasil y la Uni\u00f3n Europea firman acuerdos sobre la tecnolog\u00eda m\u00f3vil 5G","author":{"@id":"https:\/\/www.eldigitaldeasturias.com\/noticias\/author\/admin\/#author"},"publisher":{"@id":"https:\/\/www.eldigitaldeasturias.com\/noticias\/#organization"},"image":{"@type":"ImageObject","url":"https:\/\/www.eldigitaldeasturias.com\/noticias\/wp-content\/uploads\/2015\/06\/1433836939_adaptar_web_movil.jpg","width":700,"height":506},"datePublished":"2016-02-24T21:53:02+01:00","dateModified":"2016-02-24T21:53:02+01:00","inLanguage":"es-ES","mainEntityOfPage":{"@id":"https:\/\/www.eldigitaldeasturias.com\/noticias\/brasil-y-la-union-europea-firman-acuerdos-sobre-la-tecnologia-movil-5g\/#webpage"},"isPartOf":{"@id":"https:\/\/www.eldigitaldeasturias.com\/noticias\/brasil-y-la-union-europea-firman-acuerdos-sobre-la-tecnologia-movil-5g\/#webpage"},"articleSection":"Revista de Ocio"},{"@type":"BreadcrumbList","@id":"https:\/\/www.eldigitaldeasturias.com\/noticias\/brasil-y-la-union-europea-firman-acuerdos-sobre-la-tecnologia-movil-5g\/#breadcrumblist","itemListElement":[{"@type":"ListItem","@id":"https:\/\/www.eldigitaldeasturias.com\/noticias#listItem","position":1,"name":"Home","item":"https:\/\/www.eldigitaldeasturias.com\/noticias","nextItem":{"@type":"ListItem","@id":"https:\/\/www.eldigitaldeasturias.com\/noticias\/category\/revista-de-ocio\/#listItem","name":"Revista de Ocio"}},{"@type":"ListItem","@id":"https:\/\/www.eldigitaldeasturias.com\/noticias\/category\/revista-de-ocio\/#listItem","position":2,"name":"Revista de Ocio","item":"https:\/\/www.eldigitaldeasturias.com\/noticias\/category\/revista-de-ocio\/","nextItem":{"@type":"ListItem","@id":"https:\/\/www.eldigitaldeasturias.com\/noticias\/brasil-y-la-union-europea-firman-acuerdos-sobre-la-tecnologia-movil-5g\/#listItem","name":"Brasil y la Uni\u00f3n Europea firman acuerdos sobre la tecnolog\u00eda m\u00f3vil 5G"},"previousItem":{"@type":"ListItem","@id":"https:\/\/www.eldigitaldeasturias.com\/noticias#listItem","name":"Home"}},{"@type":"ListItem","@id":"https:\/\/www.eldigitaldeasturias.com\/noticias\/brasil-y-la-union-europea-firman-acuerdos-sobre-la-tecnologia-movil-5g\/#listItem","position":3,"name":"Brasil y la Uni\u00f3n Europea firman acuerdos sobre la tecnolog\u00eda m\u00f3vil 5G","previousItem":{"@type":"ListItem","@id":"https:\/\/www.eldigitaldeasturias.com\/noticias\/category\/revista-de-ocio\/#listItem","name":"Revista de Ocio"}}]},{"@type":"Organization","@id":"https:\/\/www.eldigitaldeasturias.com\/noticias\/#organization","name":"El Digital de Asturias","description":"Hemeroteca","url":"https:\/\/www.eldigitaldeasturias.com\/noticias\/","email":"info@eldigitaldeasturias.com","telephone":"+34652131393","logo":{"@type":"ImageObject","url":"https:\/\/www.eldigitaldeasturias.com\/noticias\/wp-content\/uploads\/2020\/12\/EDA.jpg","@id":"https:\/\/www.eldigitaldeasturias.com\/noticias\/brasil-y-la-union-europea-firman-acuerdos-sobre-la-tecnologia-movil-5g\/#organizationLogo","width":649,"height":297},"image":{"@id":"https:\/\/www.eldigitaldeasturias.com\/noticias\/brasil-y-la-union-europea-firman-acuerdos-sobre-la-tecnologia-movil-5g\/#organizationLogo"},"sameAs":["https:\/\/facebook.com\/eldigitaldeasturias","https:\/\/www.youtube.com\/channel\/UCZP-2wLEB9Rv6erhFmqVnvg"],"address":{"@id":"https:\/\/www.eldigitaldeasturias.com\/noticias\/#postaladdress","@type":"PostalAddress","streetAddress":"san antonio 4,","postalCode":"33430","addressLocality":"Cand\u00e1s","addressRegion":"Asturias","addressCountry":"ES"}},{"@type":"Person","@id":"https:\/\/www.eldigitaldeasturias.com\/noticias\/author\/admin\/#author","url":"https:\/\/www.eldigitaldeasturias.com\/noticias\/author\/admin\/","name":"El Digital de Asturias","image":{"@type":"ImageObject","@id":"https:\/\/www.eldigitaldeasturias.com\/noticias\/brasil-y-la-union-europea-firman-acuerdos-sobre-la-tecnologia-movil-5g\/#authorImage","url":"https:\/\/www.eldigitaldeasturias.com\/noticias\/wp-content\/litespeed\/avatar\/18677e78aa0546b92d9dbf31ec7d7668.jpg?ver=1776685526","width":96,"height":96,"caption":"El Digital de Asturias"}},{"@type":"WebPage","@id":"https:\/\/www.eldigitaldeasturias.com\/noticias\/brasil-y-la-union-europea-firman-acuerdos-sobre-la-tecnologia-movil-5g\/#webpage","url":"https:\/\/www.eldigitaldeasturias.com\/noticias\/brasil-y-la-union-europea-firman-acuerdos-sobre-la-tecnologia-movil-5g\/","name":"Brasil y la Uni\u00f3n Europea firman acuerdos sobre la tecnolog\u00eda m\u00f3vil 5G - El Digital de Asturias","description":"La UE y Brasil han firmado hoy un acuerdo para desarrollar la tecnolog\u00eda 5G, pr\u00f3xima generaci\u00f3n de las redes de comunicaci\u00f3n. La Comisi\u00f3n ha comenzado tambi\u00e9n a elaborar un plan de acci\u00f3n para implantar esa tecnolog\u00eda en la UE de aqu\u00ed a 2020. En el futuro, todas las personas y todos los aparatos utilizar\u00e1n la","inLanguage":"es-ES","isPartOf":{"@id":"https:\/\/www.eldigitaldeasturias.com\/noticias\/#website"},"breadcrumb":{"@id":"https:\/\/www.eldigitaldeasturias.com\/noticias\/brasil-y-la-union-europea-firman-acuerdos-sobre-la-tecnologia-movil-5g\/#breadcrumblist"},"author":{"@id":"https:\/\/www.eldigitaldeasturias.com\/noticias\/author\/admin\/#author"},"creator":{"@id":"https:\/\/www.eldigitaldeasturias.com\/noticias\/author\/admin\/#author"},"image":{"@type":"ImageObject","url":"https:\/\/www.eldigitaldeasturias.com\/noticias\/wp-content\/uploads\/2015\/06\/1433836939_adaptar_web_movil.jpg","@id":"https:\/\/www.eldigitaldeasturias.com\/noticias\/brasil-y-la-union-europea-firman-acuerdos-sobre-la-tecnologia-movil-5g\/#mainImage","width":700,"height":506},"primaryImageOfPage":{"@id":"https:\/\/www.eldigitaldeasturias.com\/noticias\/brasil-y-la-union-europea-firman-acuerdos-sobre-la-tecnologia-movil-5g\/#mainImage"},"datePublished":"2016-02-24T21:53:02+01:00","dateModified":"2016-02-24T21:53:02+01:00"},{"@type":"WebSite","@id":"https:\/\/www.eldigitaldeasturias.com\/noticias\/#website","url":"https:\/\/www.eldigitaldeasturias.com\/noticias\/","name":"El Digital de Asturias - Diario de actualidad y noticias","alternateName":"El Digital de Asturias - Diario de actualidad y noticias","description":"Hemeroteca","inLanguage":"es-ES","publisher":{"@id":"https:\/\/www.eldigitaldeasturias.com\/noticias\/#organization"}}]},"og:locale":"es_ES","og:site_name":"El Digital de Asturias","og:type":"article","og:title":"Brasil y la Uni\u00f3n Europea firman acuerdos sobre la tecnolog\u00eda m\u00f3vil 5G - El Digital de Asturias","og:description":"La UE y Brasil han firmado hoy un acuerdo para desarrollar la tecnolog\u00eda 5G, pr\u00f3xima generaci\u00f3n de las redes de comunicaci\u00f3n. La Comisi\u00f3n ha comenzado tambi\u00e9n a elaborar un plan de acci\u00f3n para implantar esa tecnolog\u00eda en la UE de aqu\u00ed a 2020. En el futuro, todas las personas y todos los aparatos utilizar\u00e1n la","og:url":"https:\/\/www.eldigitaldeasturias.com\/noticias\/brasil-y-la-union-europea-firman-acuerdos-sobre-la-tecnologia-movil-5g\/","og:image":"https:\/\/www.eldigitaldeasturias.com\/noticias\/wp-content\/uploads\/2015\/06\/1433836939_adaptar_web_movil.jpg","og:image:secure_url":"https:\/\/www.eldigitaldeasturias.com\/noticias\/wp-content\/uploads\/2015\/06\/1433836939_adaptar_web_movil.jpg","og:image:width":700,"og:image:height":506,"article:tag":["revista de ocio"],"article:published_time":"2016-02-24T21:53:02+00:00","article:modified_time":"2016-02-24T21:53:02+00:00","article:publisher":"https:\/\/facebook.com\/eldigitaldeasturias","twitter:card":"summary_large_image","twitter:title":"Brasil y la Uni\u00f3n Europea firman acuerdos sobre la tecnolog\u00eda m\u00f3vil 5G - El Digital de Asturias","twitter:description":"La UE y Brasil han firmado hoy un acuerdo para desarrollar la tecnolog\u00eda 5G, pr\u00f3xima generaci\u00f3n de las redes de comunicaci\u00f3n. La Comisi\u00f3n ha comenzado tambi\u00e9n a elaborar un plan de acci\u00f3n para implantar esa tecnolog\u00eda en la UE de aqu\u00ed a 2020. En el futuro, todas las personas y todos los aparatos utilizar\u00e1n la","twitter:image":"https:\/\/www.eldigitaldeasturias.com\/noticias\/wp-content\/uploads\/2015\/06\/1433836939_adaptar_web_movil.jpg","twitter:label1":"Escrito por","twitter:data1":"El Digital de Asturias","twitter:label2":"Tiempo de lectura estimado","twitter:data2":"6 minutos"},"aioseo_meta_data":{"post_id":"861560","title":null,"description":null,"keywords":null,"keyphrases":null,"primary_term":null,"canonical_url":null,"og_title":null,"og_description":null,"og_object_type":"default","og_image_type":"default","og_image_url":null,"og_image_width":null,"og_image_height":null,"og_image_custom_url":null,"og_image_custom_fields":null,"og_video":null,"og_custom_url":null,"og_article_section":null,"og_article_tags":null,"twitter_use_og":false,"twitter_card":"default","twitter_image_type":"default","twitter_image_url":null,"twitter_image_custom_url":null,"twitter_image_custom_fields":null,"twitter_title":null,"twitter_description":null,"schema":{"blockGraphs":[],"customGraphs":[],"default":{"data":{"Article":[],"Course":[],"Dataset":[],"FAQPage":[],"Movie":[],"Person":[],"Product":[],"ProductReview":[],"Car":[],"Recipe":[],"Service":[],"SoftwareApplication":[],"WebPage":[]},"graphName":"","isEnabled":true},"graphs":[],"defaultGraph":"","defaultPostTypeGraph":""},"schema_type":null,"schema_type_options":null,"pillar_content":false,"robots_default":true,"robots_noindex":false,"robots_noarchive":false,"robots_nosnippet":false,"robots_nofollow":false,"robots_noimageindex":false,"robots_noodp":false,"robots_notranslate":false,"robots_max_snippet":null,"robots_max_videopreview":null,"robots_max_imagepreview":"large","priority":null,"frequency":null,"local_seo":null,"seo_analyzer_scan_date":"2025-12-10 21:38:11","breadcrumb_settings":null,"limit_modified_date":false,"open_ai":null,"ai":null,"created":"2021-01-23 15:02:12","updated":"2025-12-10 21:38:11"},"aioseo_breadcrumb":"<div class=\"aioseo-breadcrumbs\"><span class=\"aioseo-breadcrumb\">\n\t<a href=\"https:\/\/www.eldigitaldeasturias.com\/noticias\" title=\"Home\">Home<\/a>\n<\/span><span class=\"aioseo-breadcrumb-separator\">\u2013<\/span><span class=\"aioseo-breadcrumb\">\n\t<a href=\"https:\/\/www.eldigitaldeasturias.com\/noticias\/category\/revista-de-ocio\/\" title=\"Revista de Ocio\">Revista de Ocio<\/a>\n<\/span><span class=\"aioseo-breadcrumb-separator\">\u2013<\/span><span class=\"aioseo-breadcrumb\">\n\t<a href=\"https:\/\/www.eldigitaldeasturias.com\/noticias\/brasil-y-la-union-europea-firman-acuerdos-sobre-la-tecnologia-movil-5g\/\" title=\"Brasil y la Uni\u00f3n Europea firman acuerdos sobre la tecnolog\u00eda m\u00f3vil 5G\">Brasil y la Uni\u00f3n Europea firman acuerdos sobre la tecnolog\u00eda m\u00f3vil 5G<\/a>\n<\/span><\/div>","aioseo_breadcrumb_json":[{"label":"Home","link":"https:\/\/www.eldigitaldeasturias.com\/noticias"},{"label":"Revista de Ocio","link":"https:\/\/www.eldigitaldeasturias.com\/noticias\/category\/revista-de-ocio\/"},{"label":"Brasil y la Uni\u00f3n Europea firman acuerdos sobre la tecnolog\u00eda m\u00f3vil 5G","link":"https:\/\/www.eldigitaldeasturias.com\/noticias\/brasil-y-la-union-europea-firman-acuerdos-sobre-la-tecnologia-movil-5g\/"}],"_links":{"self":[{"href":"https:\/\/www.eldigitaldeasturias.com\/noticias\/wp-json\/wp\/v2\/posts\/861560","targetHints":{"allow":["GET"]}}],"collection":[{"href":"https:\/\/www.eldigitaldeasturias.com\/noticias\/wp-json\/wp\/v2\/posts"}],"about":[{"href":"https:\/\/www.eldigitaldeasturias.com\/noticias\/wp-json\/wp\/v2\/types\/post"}],"author":[{"embeddable":true,"href":"https:\/\/www.eldigitaldeasturias.com\/noticias\/wp-json\/wp\/v2\/users\/1"}],"replies":[{"embeddable":true,"href":"https:\/\/www.eldigitaldeasturias.com\/noticias\/wp-json\/wp\/v2\/comments?post=861560"}],"version-history":[{"count":0,"href":"https:\/\/www.eldigitaldeasturias.com\/noticias\/wp-json\/wp\/v2\/posts\/861560\/revisions"}],"wp:featuredmedia":[{"embeddable":true,"href":"https:\/\/www.eldigitaldeasturias.com\/noticias\/wp-json\/wp\/v2\/media\/788650"}],"wp:attachment":[{"href":"https:\/\/www.eldigitaldeasturias.com\/noticias\/wp-json\/wp\/v2\/media?parent=861560"}],"wp:term":[{"taxonomy":"category","embeddable":true,"href":"https:\/\/www.eldigitaldeasturias.com\/noticias\/wp-json\/wp\/v2\/categories?post=861560"},{"taxonomy":"post_tag","embeddable":true,"href":"https:\/\/www.eldigitaldeasturias.com\/noticias\/wp-json\/wp\/v2\/tags?post=861560"}],"curies":[{"name":"wp","href":"https:\/\/api.w.org\/{rel}","templated":true}]}}