{"id":861529,"date":"2016-02-24T15:10:00","date_gmt":"2016-02-24T15:10:00","guid":{"rendered":"http:\/\/www.eldigitaldeasturias.com\/noticias\/?p=861529"},"modified":"2016-02-24T15:10:00","modified_gmt":"2016-02-24T15:10:00","slug":"samsung-y-lg-presentan-sus-novedades-en-el-mwc","status":"publish","type":"post","link":"https:\/\/www.eldigitaldeasturias.com\/noticias\/samsung-y-lg-presentan-sus-novedades-en-el-mwc\/","title":{"rendered":"Samsung y LG presentan sus novedades en el MWC"},"content":{"rendered":"<p><img loading=\"lazy\" decoding=\"async\" class=\"alignleft size-medium wp-image-861530\" src=\"https:\/\/www.eldigitaldeasturias.com\/noticias\/wp-content\/uploads\/2016\/02\/tmp2f9-360x270.jpg\" alt=\"tmp2f9\" width=\"360\" height=\"270\" srcset=\"https:\/\/www.eldigitaldeasturias.com\/noticias\/wp-content\/uploads\/2016\/02\/tmp2f9-360x270.jpg 360w, https:\/\/www.eldigitaldeasturias.com\/noticias\/wp-content\/uploads\/2016\/02\/tmp2f9-125x95.jpg 125w, https:\/\/www.eldigitaldeasturias.com\/noticias\/wp-content\/uploads\/2016\/02\/tmp2f9-100x75.jpg 100w, https:\/\/www.eldigitaldeasturias.com\/noticias\/wp-content\/uploads\/2016\/02\/tmp2f9.jpg 465w\" sizes=\"auto, (max-width: 360px) 100vw, 360px\" \/>La feria de telefon\u00eda m\u00e1s importante del mundo, el Mobile World Congress ha arrancado el lunes 22 de febrero en Barcelona, pero ya el domingo 21 algunos fabricantes se encargaron de hacer sus lanzamientos m\u00e1s sonoros. Y es que se proponen que la prensa hable de ellos lo primero. As\u00ed que dos de los grandes, LG y Samsung, presentaron sus novedades.<\/p>\n<p>&nbsp;<\/p>\n<p><strong>G5 y amigos<\/strong><\/p>\n<p>Este nuevo terminal m\u00f3vil fue la gran novedad el domingo. LG present\u00f3 su modelo G5, innovador y completamente distinto a lo anterior que lanzar\u00e1 en 80 mercados a la vez. Se trata de un tel\u00e9fono unibody de 5,3 pulgadas al que, a diferencia de todos los dem\u00e1s tel\u00e9fonos unibody, se le puede extraer la bater\u00eda con facilidad. Nos gusta la idea, pues permite que el usuario la cambie c\u00f3modamente en caso de que se estropee. Pero adem\u00e1s, han aprovechado esta modularidad para dar otros accesorios al tel\u00e9fono. En principio nos parece novedoso y son cosas as\u00ed las que queremos ver en un evento mundial de tel\u00e9fonos.<\/p>\n<p><strong>\u00bfQu\u00e9 han cambiado?<\/strong><\/p>\n<p>El dise\u00f1o ahora es unibody y met\u00e1lico, pero adem\u00e1s han incorporado un procesador Snapdragon 820, de lo m\u00e1s nuevo en procesadores, y han disminuido un poco su pantalla, pasando de sus cl\u00e1sicos 5,5 a 5,3 pulgadas. La bater\u00eda extra\u00edble es de 2800mAh, algo menor que la de su predecesor. Prometen compensarlo con su pantalla always-on.<\/p>\n<p>Seg\u00fan LG, los estudios revelan que los consumidores desbloquean el m\u00f3vil una media de 150 veces al d\u00eda para ver la hora o las notificaciones, y esto consume mucha bater\u00eda. As\u00ed que ahora la pantalla del tel\u00e9fono muestra continuamente estas dos cosas, pero un modo de ahorro de bater\u00eda (luz muy tenue), as\u00ed que disminuyen el gasto de bater\u00eda, algo que OCU comprobar\u00e1 en el laboratorio.<\/p>\n<p>Este tel\u00e9fono ya incluye el nuevo USB tipo C con carga r\u00e1pida, que prometen cargar el 50% de la bater\u00eda en 30 minutos, y un LTE 3 veces m\u00e1s r\u00e1pido. Aunque, ojo, para ello las redes de nuestro pa\u00eds deber\u00edan estar preparadas.<\/p>\n<p><strong>Especificaciones t\u00e9cnicas<\/strong><\/p>\n<p>\u2022Procesador: Qualcomm\u00ae Snapdragon\u2122 820<br \/>\n\u2022Pantalla: Quad HD IPS Quantum (2560 x 1440 \/ 554ppi) de 5,3 pulgadas<br \/>\n\u2022Memoria: 32GB UFS ROM \/4GB LPDDR4 RAM \/ microSD (ampliable hasta 2TB)<br \/>\n\u2022C\u00e1mara: Principal: 16MP 8MP en gran angular \/ Frontal: 8MP<br \/>\n\u2022Bater\u00eda : 2.800mAh (extra\u00edble)<br \/>\n\u2022Sistema Operativo: Android 6.0 Marshmallow<br \/>\n\u2022Tama\u00f1o: 149.4 x 73.9 x 7.7~8.6mm<br \/>\n\u2022Peso: 159g<br \/>\n\u2022Red: 4G LTE \/ 3G \/ 2G<br \/>\n\u2022Conectividad: Wi-Fi 802.11 a, b, g, n, ac \/ USB Tipo-C 2.0 (compatible con 3.0) \/ NFC \/ Bluetooth 4.2<br \/>\n\u2022Colores: Plata \/ Titanio \/ Dorado\/ Rosa<\/p>\n<p><strong>C\u00e1mara de fotos<\/strong><\/p>\n<p>En cuanto a la c\u00e1mara de fotos, LG asegura que la ha mejorado, pero como mejora visible han aumentado el \u00e1ngulo de visi\u00f3n hasta los 135 grados, de tal manera que a la misma distancia del objeto que se fotograf\u00eda, se capta una escena m\u00e1s amplia. Nosotros lo hemos visto in situ en la feria y efectivamente as\u00ed es.<\/p>\n<p>Pero esta no es la \u00fanica novedad con respecto a la c\u00e1mara. De su acople LG Cam Plus tiene doble funcionalidad. Por un lado, es un accesorio c\u00f3modo para la mano, ya que asemeja el m\u00f3vil a una c\u00e1mara digital, con los botones f\u00edsicos de disparo y zoom al alcance de la mano, que facilita la sujeci\u00f3n del m\u00f3vil mientras se hacen fotos. La otra ventaja que nos parece muy inteligente es que dota al tel\u00e9fono de 1200mAh m\u00e1s de bater\u00eda.<\/p>\n<p><strong>M\u00fasica de B&amp;O<\/strong><\/p>\n<p>Menos interesante nos parece su acople LG Hi-Fi Plus para mejorar la calidad de la m\u00fasica creado en colaboraci\u00f3n con Bang &amp; Olufsen. Dicho acople agranda un poco la largura del tel\u00e9fono sin acoplar un extra de bater\u00eda, como en el caso de la c\u00e1mara.<\/p>\n<p>Incluye un conector est\u00e1ndar Jack de 3,5mm desde el que se podr\u00e1 escuchar la m\u00fasica en 32 bit, con calidad de la m\u00fasica grabada en estudio, en vez de en 24bit. Lo bueno de este accesorio es que se puede usar a trav\u00e9s de un cable USB con cualquier otro tel\u00e9fono o PC y mejora la calidad de la m\u00fasica de la misma manera.<\/p>\n<p><strong>Un mundo en 360 grados<\/strong><\/p>\n<p>Y he aqu\u00ed la gran novedad que est\u00e1n presentando los fabricantes. Son los v\u00eddeos grabados con c\u00e1maras especiales en 360 grados, que disfrutar\u00e1s con el m\u00e1ximo potencial si los ves con unas gafas de realidad virtual. Y LG, pues se ha presentado una combinaci\u00f3n de ambas.<\/p>\n<p>Aunque las gafas a\u00fan son inc\u00f3modas y dif\u00edciles de regular a tu visi\u00f3n, se pueden regular seg\u00fan si tienes miop\u00eda o no. Adem\u00e1s, los fabricantes tienen un largo camino que recorrer, pues hacer las fotos o v\u00eddeos con esta nueva t\u00e9cnica todav\u00eda es un poco lento y no tiene la gran calidad de imagen que tienen los dispositivos normales.<\/p>\n<p>&nbsp;<\/p>\n","protected":false},"excerpt":{"rendered":"<p>La feria de telefon\u00eda m\u00e1s importante del mundo, el Mobile World Congress ha arrancado el lunes 22 de febrero en Barcelona, pero ya el domingo 21 algunos fabricantes se encargaron de hacer sus lanzamientos m\u00e1s sonoros. Y es que se proponen que la prensa hable de ellos lo primero. As\u00ed que dos de los grandes, [&hellip;]<\/p>\n","protected":false},"author":1,"featured_media":861530,"comment_status":"closed","ping_status":"closed","sticky":false,"template":"","format":"standard","meta":{"footnotes":""},"categories":[50],"tags":[],"class_list":["post-861529","post","type-post","status-publish","format-standard","has-post-thumbnail","hentry","category-revista-de-ocio"],"aioseo_notices":[],"aioseo_head":"\n\t\t<!-- All in One SEO Pro 4.9.6.2 - aioseo.com -->\n\t<meta name=\"description\" content=\"La feria de telefon\u00eda m\u00e1s importante del mundo, el Mobile World Congress ha arrancado el lunes 22 de febrero en Barcelona, pero ya el domingo 21 algunos fabricantes se encargaron de hacer sus lanzamientos m\u00e1s sonoros. Y es que se proponen que la prensa hable de ellos lo primero. As\u00ed que dos de los grandes,\" \/>\n\t<meta name=\"robots\" content=\"max-image-preview:large\" \/>\n\t<meta name=\"author\" content=\"El Digital de Asturias\"\/>\n\t<meta name=\"google-site-verification\" content=\"UA-38556648-1\" \/>\n\t<meta name=\"msvalidate.01\" content=\"7dfe9f3f1b24437ab69f4f2559babe99\" \/>\n\t<meta name=\"keywords\" content=\"revista de ocio\" \/>\n\t<link rel=\"canonical\" href=\"https:\/\/www.eldigitaldeasturias.com\/noticias\/samsung-y-lg-presentan-sus-novedades-en-el-mwc\/\" \/>\n\t<meta name=\"generator\" content=\"All in One SEO Pro (AIOSEO) 4.9.6.2\" \/>\n\t\t<meta property=\"og:locale\" content=\"es_ES\" \/>\n\t\t<meta property=\"og:site_name\" content=\"El Digital de Asturias\" \/>\n\t\t<meta property=\"og:type\" content=\"article\" \/>\n\t\t<meta property=\"og:title\" content=\"Samsung y LG presentan sus novedades en el MWC - El Digital de Asturias\" \/>\n\t\t<meta property=\"og:description\" content=\"La feria de telefon\u00eda m\u00e1s importante del mundo, el Mobile World Congress ha arrancado el lunes 22 de febrero en Barcelona, pero ya el domingo 21 algunos fabricantes se encargaron de hacer sus lanzamientos m\u00e1s sonoros. Y es que se proponen que la prensa hable de ellos lo primero. As\u00ed que dos de los grandes,\" \/>\n\t\t<meta property=\"og:url\" content=\"https:\/\/www.eldigitaldeasturias.com\/noticias\/samsung-y-lg-presentan-sus-novedades-en-el-mwc\/\" \/>\n\t\t<meta property=\"og:image\" content=\"https:\/\/www.eldigitaldeasturias.com\/noticias\/wp-content\/uploads\/2016\/02\/tmp2f9.jpg\" \/>\n\t\t<meta property=\"og:image:secure_url\" content=\"https:\/\/www.eldigitaldeasturias.com\/noticias\/wp-content\/uploads\/2016\/02\/tmp2f9.jpg\" \/>\n\t\t<meta property=\"og:image:width\" content=\"465\" \/>\n\t\t<meta property=\"og:image:height\" content=\"349\" \/>\n\t\t<meta property=\"article:tag\" content=\"revista de ocio\" \/>\n\t\t<meta property=\"article:published_time\" content=\"2016-02-24T15:10:00+00:00\" \/>\n\t\t<meta property=\"article:modified_time\" content=\"2016-02-24T15:10:00+00:00\" \/>\n\t\t<meta property=\"article:publisher\" content=\"https:\/\/facebook.com\/eldigitaldeasturias\" \/>\n\t\t<meta name=\"twitter:card\" content=\"summary_large_image\" \/>\n\t\t<meta name=\"twitter:title\" content=\"Samsung y LG presentan sus novedades en el MWC - El Digital de Asturias\" \/>\n\t\t<meta name=\"twitter:description\" content=\"La feria de telefon\u00eda m\u00e1s importante del mundo, el Mobile World Congress ha arrancado el lunes 22 de febrero en Barcelona, pero ya el domingo 21 algunos fabricantes se encargaron de hacer sus lanzamientos m\u00e1s sonoros. Y es que se proponen que la prensa hable de ellos lo primero. As\u00ed que dos de los grandes,\" \/>\n\t\t<meta name=\"twitter:image\" content=\"https:\/\/www.eldigitaldeasturias.com\/noticias\/wp-content\/uploads\/2016\/02\/tmp2f9.jpg\" \/>\n\t\t<meta name=\"twitter:label1\" content=\"Escrito por\" \/>\n\t\t<meta name=\"twitter:data1\" content=\"El Digital de Asturias\" \/>\n\t\t<meta name=\"twitter:label2\" content=\"Tiempo de lectura estimado\" \/>\n\t\t<meta name=\"twitter:data2\" content=\"4 minutos\" \/>\n\t\t<script type=\"application\/ld+json\" class=\"aioseo-schema\">\n\t\t\t{\"@context\":\"https:\\\/\\\/schema.org\",\"@graph\":[{\"@type\":\"BlogPosting\",\"@id\":\"https:\\\/\\\/www.eldigitaldeasturias.com\\\/noticias\\\/samsung-y-lg-presentan-sus-novedades-en-el-mwc\\\/#blogposting\",\"name\":\"Samsung y LG presentan sus novedades en el MWC - El Digital de Asturias\",\"headline\":\"Samsung y LG presentan sus novedades en el MWC\",\"author\":{\"@id\":\"https:\\\/\\\/www.eldigitaldeasturias.com\\\/noticias\\\/author\\\/admin\\\/#author\"},\"publisher\":{\"@id\":\"https:\\\/\\\/www.eldigitaldeasturias.com\\\/noticias\\\/#organization\"},\"image\":{\"@type\":\"ImageObject\",\"url\":\"https:\\\/\\\/www.eldigitaldeasturias.com\\\/noticias\\\/wp-content\\\/uploads\\\/2016\\\/02\\\/tmp2f9.jpg\",\"width\":465,\"height\":349},\"datePublished\":\"2016-02-24T15:10:00+01:00\",\"dateModified\":\"2016-02-24T15:10:00+01:00\",\"inLanguage\":\"es-ES\",\"mainEntityOfPage\":{\"@id\":\"https:\\\/\\\/www.eldigitaldeasturias.com\\\/noticias\\\/samsung-y-lg-presentan-sus-novedades-en-el-mwc\\\/#webpage\"},\"isPartOf\":{\"@id\":\"https:\\\/\\\/www.eldigitaldeasturias.com\\\/noticias\\\/samsung-y-lg-presentan-sus-novedades-en-el-mwc\\\/#webpage\"},\"articleSection\":\"Revista de Ocio\"},{\"@type\":\"BreadcrumbList\",\"@id\":\"https:\\\/\\\/www.eldigitaldeasturias.com\\\/noticias\\\/samsung-y-lg-presentan-sus-novedades-en-el-mwc\\\/#breadcrumblist\",\"itemListElement\":[{\"@type\":\"ListItem\",\"@id\":\"https:\\\/\\\/www.eldigitaldeasturias.com\\\/noticias#listItem\",\"position\":1,\"name\":\"Home\",\"item\":\"https:\\\/\\\/www.eldigitaldeasturias.com\\\/noticias\",\"nextItem\":{\"@type\":\"ListItem\",\"@id\":\"https:\\\/\\\/www.eldigitaldeasturias.com\\\/noticias\\\/category\\\/revista-de-ocio\\\/#listItem\",\"name\":\"Revista de Ocio\"}},{\"@type\":\"ListItem\",\"@id\":\"https:\\\/\\\/www.eldigitaldeasturias.com\\\/noticias\\\/category\\\/revista-de-ocio\\\/#listItem\",\"position\":2,\"name\":\"Revista de Ocio\",\"item\":\"https:\\\/\\\/www.eldigitaldeasturias.com\\\/noticias\\\/category\\\/revista-de-ocio\\\/\",\"nextItem\":{\"@type\":\"ListItem\",\"@id\":\"https:\\\/\\\/www.eldigitaldeasturias.com\\\/noticias\\\/samsung-y-lg-presentan-sus-novedades-en-el-mwc\\\/#listItem\",\"name\":\"Samsung y LG presentan sus novedades en el MWC\"},\"previousItem\":{\"@type\":\"ListItem\",\"@id\":\"https:\\\/\\\/www.eldigitaldeasturias.com\\\/noticias#listItem\",\"name\":\"Home\"}},{\"@type\":\"ListItem\",\"@id\":\"https:\\\/\\\/www.eldigitaldeasturias.com\\\/noticias\\\/samsung-y-lg-presentan-sus-novedades-en-el-mwc\\\/#listItem\",\"position\":3,\"name\":\"Samsung y LG presentan sus novedades en el MWC\",\"previousItem\":{\"@type\":\"ListItem\",\"@id\":\"https:\\\/\\\/www.eldigitaldeasturias.com\\\/noticias\\\/category\\\/revista-de-ocio\\\/#listItem\",\"name\":\"Revista de Ocio\"}}]},{\"@type\":\"Organization\",\"@id\":\"https:\\\/\\\/www.eldigitaldeasturias.com\\\/noticias\\\/#organization\",\"name\":\"El Digital de Asturias\",\"description\":\"Hemeroteca\",\"url\":\"https:\\\/\\\/www.eldigitaldeasturias.com\\\/noticias\\\/\",\"email\":\"info@eldigitaldeasturias.com\",\"telephone\":\"+34652131393\",\"logo\":{\"@type\":\"ImageObject\",\"url\":\"https:\\\/\\\/www.eldigitaldeasturias.com\\\/noticias\\\/wp-content\\\/uploads\\\/2020\\\/12\\\/EDA.jpg\",\"@id\":\"https:\\\/\\\/www.eldigitaldeasturias.com\\\/noticias\\\/samsung-y-lg-presentan-sus-novedades-en-el-mwc\\\/#organizationLogo\",\"width\":649,\"height\":297},\"image\":{\"@id\":\"https:\\\/\\\/www.eldigitaldeasturias.com\\\/noticias\\\/samsung-y-lg-presentan-sus-novedades-en-el-mwc\\\/#organizationLogo\"},\"sameAs\":[\"https:\\\/\\\/facebook.com\\\/eldigitaldeasturias\",\"https:\\\/\\\/www.youtube.com\\\/channel\\\/UCZP-2wLEB9Rv6erhFmqVnvg\"],\"address\":{\"@id\":\"https:\\\/\\\/www.eldigitaldeasturias.com\\\/noticias\\\/#postaladdress\",\"@type\":\"PostalAddress\",\"streetAddress\":\"san antonio 4,\",\"postalCode\":\"33430\",\"addressLocality\":\"Cand\\u00e1s\",\"addressRegion\":\"Asturias\",\"addressCountry\":\"ES\"}},{\"@type\":\"Person\",\"@id\":\"https:\\\/\\\/www.eldigitaldeasturias.com\\\/noticias\\\/author\\\/admin\\\/#author\",\"url\":\"https:\\\/\\\/www.eldigitaldeasturias.com\\\/noticias\\\/author\\\/admin\\\/\",\"name\":\"El Digital de Asturias\",\"image\":{\"@type\":\"ImageObject\",\"@id\":\"https:\\\/\\\/www.eldigitaldeasturias.com\\\/noticias\\\/samsung-y-lg-presentan-sus-novedades-en-el-mwc\\\/#authorImage\",\"url\":\"https:\\\/\\\/www.eldigitaldeasturias.com\\\/noticias\\\/wp-content\\\/litespeed\\\/avatar\\\/18677e78aa0546b92d9dbf31ec7d7668.jpg?ver=1777290358\",\"width\":96,\"height\":96,\"caption\":\"El Digital de Asturias\"}},{\"@type\":\"WebPage\",\"@id\":\"https:\\\/\\\/www.eldigitaldeasturias.com\\\/noticias\\\/samsung-y-lg-presentan-sus-novedades-en-el-mwc\\\/#webpage\",\"url\":\"https:\\\/\\\/www.eldigitaldeasturias.com\\\/noticias\\\/samsung-y-lg-presentan-sus-novedades-en-el-mwc\\\/\",\"name\":\"Samsung y LG presentan sus novedades en el MWC - El Digital de Asturias\",\"description\":\"La feria de telefon\\u00eda m\\u00e1s importante del mundo, el Mobile World Congress ha arrancado el lunes 22 de febrero en Barcelona, pero ya el domingo 21 algunos fabricantes se encargaron de hacer sus lanzamientos m\\u00e1s sonoros. Y es que se proponen que la prensa hable de ellos lo primero. As\\u00ed que dos de los grandes,\",\"inLanguage\":\"es-ES\",\"isPartOf\":{\"@id\":\"https:\\\/\\\/www.eldigitaldeasturias.com\\\/noticias\\\/#website\"},\"breadcrumb\":{\"@id\":\"https:\\\/\\\/www.eldigitaldeasturias.com\\\/noticias\\\/samsung-y-lg-presentan-sus-novedades-en-el-mwc\\\/#breadcrumblist\"},\"author\":{\"@id\":\"https:\\\/\\\/www.eldigitaldeasturias.com\\\/noticias\\\/author\\\/admin\\\/#author\"},\"creator\":{\"@id\":\"https:\\\/\\\/www.eldigitaldeasturias.com\\\/noticias\\\/author\\\/admin\\\/#author\"},\"image\":{\"@type\":\"ImageObject\",\"url\":\"https:\\\/\\\/www.eldigitaldeasturias.com\\\/noticias\\\/wp-content\\\/uploads\\\/2016\\\/02\\\/tmp2f9.jpg\",\"@id\":\"https:\\\/\\\/www.eldigitaldeasturias.com\\\/noticias\\\/samsung-y-lg-presentan-sus-novedades-en-el-mwc\\\/#mainImage\",\"width\":465,\"height\":349},\"primaryImageOfPage\":{\"@id\":\"https:\\\/\\\/www.eldigitaldeasturias.com\\\/noticias\\\/samsung-y-lg-presentan-sus-novedades-en-el-mwc\\\/#mainImage\"},\"datePublished\":\"2016-02-24T15:10:00+01:00\",\"dateModified\":\"2016-02-24T15:10:00+01:00\"},{\"@type\":\"WebSite\",\"@id\":\"https:\\\/\\\/www.eldigitaldeasturias.com\\\/noticias\\\/#website\",\"url\":\"https:\\\/\\\/www.eldigitaldeasturias.com\\\/noticias\\\/\",\"name\":\"El Digital de Asturias - Diario de actualidad y noticias\",\"alternateName\":\"El Digital de Asturias - Diario de actualidad y noticias\",\"description\":\"Hemeroteca\",\"inLanguage\":\"es-ES\",\"publisher\":{\"@id\":\"https:\\\/\\\/www.eldigitaldeasturias.com\\\/noticias\\\/#organization\"}}]}\n\t\t<\/script>\n\t\t<!-- All in One SEO Pro -->\r\n\t\t<title>Samsung y LG presentan sus novedades en el MWC - El Digital de Asturias<\/title>\n\n","aioseo_head_json":{"title":"Samsung y LG presentan sus novedades en el MWC - El Digital de Asturias","description":"La feria de telefon\u00eda m\u00e1s importante del mundo, el Mobile World Congress ha arrancado el lunes 22 de febrero en Barcelona, pero ya el domingo 21 algunos fabricantes se encargaron de hacer sus lanzamientos m\u00e1s sonoros. Y es que se proponen que la prensa hable de ellos lo primero. As\u00ed que dos de los grandes,","canonical_url":"https:\/\/www.eldigitaldeasturias.com\/noticias\/samsung-y-lg-presentan-sus-novedades-en-el-mwc\/","robots":"max-image-preview:large","keywords":"revista de ocio","webmasterTools":{"google-site-verification":"UA-38556648-1","msvalidate.01":"7dfe9f3f1b24437ab69f4f2559babe99","miscellaneous":""},"schema":{"@context":"https:\/\/schema.org","@graph":[{"@type":"BlogPosting","@id":"https:\/\/www.eldigitaldeasturias.com\/noticias\/samsung-y-lg-presentan-sus-novedades-en-el-mwc\/#blogposting","name":"Samsung y LG presentan sus novedades en el MWC - El Digital de Asturias","headline":"Samsung y LG presentan sus novedades en el MWC","author":{"@id":"https:\/\/www.eldigitaldeasturias.com\/noticias\/author\/admin\/#author"},"publisher":{"@id":"https:\/\/www.eldigitaldeasturias.com\/noticias\/#organization"},"image":{"@type":"ImageObject","url":"https:\/\/www.eldigitaldeasturias.com\/noticias\/wp-content\/uploads\/2016\/02\/tmp2f9.jpg","width":465,"height":349},"datePublished":"2016-02-24T15:10:00+01:00","dateModified":"2016-02-24T15:10:00+01:00","inLanguage":"es-ES","mainEntityOfPage":{"@id":"https:\/\/www.eldigitaldeasturias.com\/noticias\/samsung-y-lg-presentan-sus-novedades-en-el-mwc\/#webpage"},"isPartOf":{"@id":"https:\/\/www.eldigitaldeasturias.com\/noticias\/samsung-y-lg-presentan-sus-novedades-en-el-mwc\/#webpage"},"articleSection":"Revista de Ocio"},{"@type":"BreadcrumbList","@id":"https:\/\/www.eldigitaldeasturias.com\/noticias\/samsung-y-lg-presentan-sus-novedades-en-el-mwc\/#breadcrumblist","itemListElement":[{"@type":"ListItem","@id":"https:\/\/www.eldigitaldeasturias.com\/noticias#listItem","position":1,"name":"Home","item":"https:\/\/www.eldigitaldeasturias.com\/noticias","nextItem":{"@type":"ListItem","@id":"https:\/\/www.eldigitaldeasturias.com\/noticias\/category\/revista-de-ocio\/#listItem","name":"Revista de Ocio"}},{"@type":"ListItem","@id":"https:\/\/www.eldigitaldeasturias.com\/noticias\/category\/revista-de-ocio\/#listItem","position":2,"name":"Revista de Ocio","item":"https:\/\/www.eldigitaldeasturias.com\/noticias\/category\/revista-de-ocio\/","nextItem":{"@type":"ListItem","@id":"https:\/\/www.eldigitaldeasturias.com\/noticias\/samsung-y-lg-presentan-sus-novedades-en-el-mwc\/#listItem","name":"Samsung y LG presentan sus novedades en el MWC"},"previousItem":{"@type":"ListItem","@id":"https:\/\/www.eldigitaldeasturias.com\/noticias#listItem","name":"Home"}},{"@type":"ListItem","@id":"https:\/\/www.eldigitaldeasturias.com\/noticias\/samsung-y-lg-presentan-sus-novedades-en-el-mwc\/#listItem","position":3,"name":"Samsung y LG presentan sus novedades en el MWC","previousItem":{"@type":"ListItem","@id":"https:\/\/www.eldigitaldeasturias.com\/noticias\/category\/revista-de-ocio\/#listItem","name":"Revista de Ocio"}}]},{"@type":"Organization","@id":"https:\/\/www.eldigitaldeasturias.com\/noticias\/#organization","name":"El Digital de Asturias","description":"Hemeroteca","url":"https:\/\/www.eldigitaldeasturias.com\/noticias\/","email":"info@eldigitaldeasturias.com","telephone":"+34652131393","logo":{"@type":"ImageObject","url":"https:\/\/www.eldigitaldeasturias.com\/noticias\/wp-content\/uploads\/2020\/12\/EDA.jpg","@id":"https:\/\/www.eldigitaldeasturias.com\/noticias\/samsung-y-lg-presentan-sus-novedades-en-el-mwc\/#organizationLogo","width":649,"height":297},"image":{"@id":"https:\/\/www.eldigitaldeasturias.com\/noticias\/samsung-y-lg-presentan-sus-novedades-en-el-mwc\/#organizationLogo"},"sameAs":["https:\/\/facebook.com\/eldigitaldeasturias","https:\/\/www.youtube.com\/channel\/UCZP-2wLEB9Rv6erhFmqVnvg"],"address":{"@id":"https:\/\/www.eldigitaldeasturias.com\/noticias\/#postaladdress","@type":"PostalAddress","streetAddress":"san antonio 4,","postalCode":"33430","addressLocality":"Cand\u00e1s","addressRegion":"Asturias","addressCountry":"ES"}},{"@type":"Person","@id":"https:\/\/www.eldigitaldeasturias.com\/noticias\/author\/admin\/#author","url":"https:\/\/www.eldigitaldeasturias.com\/noticias\/author\/admin\/","name":"El Digital de Asturias","image":{"@type":"ImageObject","@id":"https:\/\/www.eldigitaldeasturias.com\/noticias\/samsung-y-lg-presentan-sus-novedades-en-el-mwc\/#authorImage","url":"https:\/\/www.eldigitaldeasturias.com\/noticias\/wp-content\/litespeed\/avatar\/18677e78aa0546b92d9dbf31ec7d7668.jpg?ver=1777290358","width":96,"height":96,"caption":"El Digital de Asturias"}},{"@type":"WebPage","@id":"https:\/\/www.eldigitaldeasturias.com\/noticias\/samsung-y-lg-presentan-sus-novedades-en-el-mwc\/#webpage","url":"https:\/\/www.eldigitaldeasturias.com\/noticias\/samsung-y-lg-presentan-sus-novedades-en-el-mwc\/","name":"Samsung y LG presentan sus novedades en el MWC - El Digital de Asturias","description":"La feria de telefon\u00eda m\u00e1s importante del mundo, el Mobile World Congress ha arrancado el lunes 22 de febrero en Barcelona, pero ya el domingo 21 algunos fabricantes se encargaron de hacer sus lanzamientos m\u00e1s sonoros. Y es que se proponen que la prensa hable de ellos lo primero. As\u00ed que dos de los grandes,","inLanguage":"es-ES","isPartOf":{"@id":"https:\/\/www.eldigitaldeasturias.com\/noticias\/#website"},"breadcrumb":{"@id":"https:\/\/www.eldigitaldeasturias.com\/noticias\/samsung-y-lg-presentan-sus-novedades-en-el-mwc\/#breadcrumblist"},"author":{"@id":"https:\/\/www.eldigitaldeasturias.com\/noticias\/author\/admin\/#author"},"creator":{"@id":"https:\/\/www.eldigitaldeasturias.com\/noticias\/author\/admin\/#author"},"image":{"@type":"ImageObject","url":"https:\/\/www.eldigitaldeasturias.com\/noticias\/wp-content\/uploads\/2016\/02\/tmp2f9.jpg","@id":"https:\/\/www.eldigitaldeasturias.com\/noticias\/samsung-y-lg-presentan-sus-novedades-en-el-mwc\/#mainImage","width":465,"height":349},"primaryImageOfPage":{"@id":"https:\/\/www.eldigitaldeasturias.com\/noticias\/samsung-y-lg-presentan-sus-novedades-en-el-mwc\/#mainImage"},"datePublished":"2016-02-24T15:10:00+01:00","dateModified":"2016-02-24T15:10:00+01:00"},{"@type":"WebSite","@id":"https:\/\/www.eldigitaldeasturias.com\/noticias\/#website","url":"https:\/\/www.eldigitaldeasturias.com\/noticias\/","name":"El Digital de Asturias - Diario de actualidad y noticias","alternateName":"El Digital de Asturias - Diario de actualidad y noticias","description":"Hemeroteca","inLanguage":"es-ES","publisher":{"@id":"https:\/\/www.eldigitaldeasturias.com\/noticias\/#organization"}}]},"og:locale":"es_ES","og:site_name":"El Digital de Asturias","og:type":"article","og:title":"Samsung y LG presentan sus novedades en el MWC - El Digital de Asturias","og:description":"La feria de telefon\u00eda m\u00e1s importante del mundo, el Mobile World Congress ha arrancado el lunes 22 de febrero en Barcelona, pero ya el domingo 21 algunos fabricantes se encargaron de hacer sus lanzamientos m\u00e1s sonoros. Y es que se proponen que la prensa hable de ellos lo primero. As\u00ed que dos de los grandes,","og:url":"https:\/\/www.eldigitaldeasturias.com\/noticias\/samsung-y-lg-presentan-sus-novedades-en-el-mwc\/","og:image":"https:\/\/www.eldigitaldeasturias.com\/noticias\/wp-content\/uploads\/2016\/02\/tmp2f9.jpg","og:image:secure_url":"https:\/\/www.eldigitaldeasturias.com\/noticias\/wp-content\/uploads\/2016\/02\/tmp2f9.jpg","og:image:width":465,"og:image:height":349,"article:tag":["revista de ocio"],"article:published_time":"2016-02-24T15:10:00+00:00","article:modified_time":"2016-02-24T15:10:00+00:00","article:publisher":"https:\/\/facebook.com\/eldigitaldeasturias","twitter:card":"summary_large_image","twitter:title":"Samsung y LG presentan sus novedades en el MWC - El Digital de Asturias","twitter:description":"La feria de telefon\u00eda m\u00e1s importante del mundo, el Mobile World Congress ha arrancado el lunes 22 de febrero en Barcelona, pero ya el domingo 21 algunos fabricantes se encargaron de hacer sus lanzamientos m\u00e1s sonoros. Y es que se proponen que la prensa hable de ellos lo primero. As\u00ed que dos de los grandes,","twitter:image":"https:\/\/www.eldigitaldeasturias.com\/noticias\/wp-content\/uploads\/2016\/02\/tmp2f9.jpg","twitter:label1":"Escrito por","twitter:data1":"El Digital de Asturias","twitter:label2":"Tiempo de lectura estimado","twitter:data2":"4 minutos"},"aioseo_meta_data":{"post_id":"861529","title":null,"description":null,"keywords":null,"keyphrases":null,"primary_term":null,"canonical_url":null,"og_title":null,"og_description":null,"og_object_type":"default","og_image_type":"default","og_image_url":null,"og_image_width":null,"og_image_height":null,"og_image_custom_url":null,"og_image_custom_fields":null,"og_video":null,"og_custom_url":null,"og_article_section":null,"og_article_tags":null,"twitter_use_og":false,"twitter_card":"default","twitter_image_type":"default","twitter_image_url":null,"twitter_image_custom_url":null,"twitter_image_custom_fields":null,"twitter_title":null,"twitter_description":null,"schema":{"blockGraphs":[],"customGraphs":[],"default":{"data":{"Article":[],"Course":[],"Dataset":[],"FAQPage":[],"Movie":[],"Person":[],"Product":[],"ProductReview":[],"Car":[],"Recipe":[],"Service":[],"SoftwareApplication":[],"WebPage":[]},"graphName":"","isEnabled":true},"graphs":[],"defaultGraph":"","defaultPostTypeGraph":""},"schema_type":null,"schema_type_options":null,"pillar_content":false,"robots_default":true,"robots_noindex":false,"robots_noarchive":false,"robots_nosnippet":false,"robots_nofollow":false,"robots_noimageindex":false,"robots_noodp":false,"robots_notranslate":false,"robots_max_snippet":null,"robots_max_videopreview":null,"robots_max_imagepreview":"large","priority":null,"frequency":null,"local_seo":null,"seo_analyzer_scan_date":"2025-12-10 21:31:09","breadcrumb_settings":null,"limit_modified_date":false,"open_ai":null,"ai":null,"created":"2021-01-23 15:02:12","updated":"2025-12-10 21:31:09"},"aioseo_breadcrumb":"<div class=\"aioseo-breadcrumbs\"><span class=\"aioseo-breadcrumb\">\n\t<a href=\"https:\/\/www.eldigitaldeasturias.com\/noticias\" title=\"Home\">Home<\/a>\n<\/span><span class=\"aioseo-breadcrumb-separator\">\u2013<\/span><span class=\"aioseo-breadcrumb\">\n\t<a href=\"https:\/\/www.eldigitaldeasturias.com\/noticias\/category\/revista-de-ocio\/\" title=\"Revista de Ocio\">Revista de Ocio<\/a>\n<\/span><span class=\"aioseo-breadcrumb-separator\">\u2013<\/span><span class=\"aioseo-breadcrumb\">\n\t<a href=\"https:\/\/www.eldigitaldeasturias.com\/noticias\/samsung-y-lg-presentan-sus-novedades-en-el-mwc\/\" title=\"Samsung y LG presentan sus novedades en el MWC\">Samsung y LG presentan sus novedades en el MWC<\/a>\n<\/span><\/div>","aioseo_breadcrumb_json":[{"label":"Home","link":"https:\/\/www.eldigitaldeasturias.com\/noticias"},{"label":"Revista de Ocio","link":"https:\/\/www.eldigitaldeasturias.com\/noticias\/category\/revista-de-ocio\/"},{"label":"Samsung y LG presentan sus novedades en el MWC","link":"https:\/\/www.eldigitaldeasturias.com\/noticias\/samsung-y-lg-presentan-sus-novedades-en-el-mwc\/"}],"_links":{"self":[{"href":"https:\/\/www.eldigitaldeasturias.com\/noticias\/wp-json\/wp\/v2\/posts\/861529","targetHints":{"allow":["GET"]}}],"collection":[{"href":"https:\/\/www.eldigitaldeasturias.com\/noticias\/wp-json\/wp\/v2\/posts"}],"about":[{"href":"https:\/\/www.eldigitaldeasturias.com\/noticias\/wp-json\/wp\/v2\/types\/post"}],"author":[{"embeddable":true,"href":"https:\/\/www.eldigitaldeasturias.com\/noticias\/wp-json\/wp\/v2\/users\/1"}],"replies":[{"embeddable":true,"href":"https:\/\/www.eldigitaldeasturias.com\/noticias\/wp-json\/wp\/v2\/comments?post=861529"}],"version-history":[{"count":0,"href":"https:\/\/www.eldigitaldeasturias.com\/noticias\/wp-json\/wp\/v2\/posts\/861529\/revisions"}],"wp:featuredmedia":[{"embeddable":true,"href":"https:\/\/www.eldigitaldeasturias.com\/noticias\/wp-json\/wp\/v2\/media\/861530"}],"wp:attachment":[{"href":"https:\/\/www.eldigitaldeasturias.com\/noticias\/wp-json\/wp\/v2\/media?parent=861529"}],"wp:term":[{"taxonomy":"category","embeddable":true,"href":"https:\/\/www.eldigitaldeasturias.com\/noticias\/wp-json\/wp\/v2\/categories?post=861529"},{"taxonomy":"post_tag","embeddable":true,"href":"https:\/\/www.eldigitaldeasturias.com\/noticias\/wp-json\/wp\/v2\/tags?post=861529"}],"curies":[{"name":"wp","href":"https:\/\/api.w.org\/{rel}","templated":true}]}}