{"id":861526,"date":"2016-02-24T15:07:05","date_gmt":"2016-02-24T15:07:05","guid":{"rendered":"http:\/\/www.eldigitaldeasturias.com\/noticias\/?p=861526"},"modified":"2016-02-24T15:07:05","modified_gmt":"2016-02-24T15:07:05","slug":"gti-incorpora-a-diego-navarrete-como-nuevo-director-general","status":"publish","type":"post","link":"https:\/\/www.eldigitaldeasturias.com\/noticias\/gti-incorpora-a-diego-navarrete-como-nuevo-director-general\/","title":{"rendered":"GTI incorpora a Diego Navarrete como nuevo director general"},"content":{"rendered":"<p><img loading=\"lazy\" decoding=\"async\" class=\"alignleft size-full wp-image-861527\" src=\"https:\/\/www.eldigitaldeasturias.com\/noticias\/wp-content\/uploads\/2016\/02\/1456139148_Diego_Navarrete.jpg\" alt=\"1456139148_Diego_Navarrete\" width=\"225\" height=\"225\" srcset=\"https:\/\/www.eldigitaldeasturias.com\/noticias\/wp-content\/uploads\/2016\/02\/1456139148_Diego_Navarrete.jpg 225w, https:\/\/www.eldigitaldeasturias.com\/noticias\/wp-content\/uploads\/2016\/02\/1456139148_Diego_Navarrete-50x50.jpg 50w, https:\/\/www.eldigitaldeasturias.com\/noticias\/wp-content\/uploads\/2016\/02\/1456139148_Diego_Navarrete-90x90.jpg 90w\" sizes=\"auto, (max-width: 225px) 100vw, 225px\" \/>GTI, mayorista especializado en soluciones de Software y Cloud Computing, ha anunciado hoy el nombramiento de Diego Navarrete como Director General. El que antes fuera CEO de Panda Security, ser\u00e1 ahora el encargado de definir el rumbo de GTI en el mercado nacional e internacional. Desde su nuevo cargo en Espa\u00f1a, coordinar\u00e1 la actuaci\u00f3n de las oficinas de Portugal y Casablanca, con el objetivo de asentar la presencia de GTI como principal mayorista regional para la Pen\u00ednsula Ib\u00e9rica y Norte de \u00c1frica.<\/p>\n<p>Adem\u00e1s de su experiencia internacional, destaca su trayectoria en el sector de seguridad y software, ocupando cargos de responsabilidad en empresas como Panda Security, IBM o en ISV como Open Solutions (actualmente Tecnocom). Esta especializaci\u00f3n encaja perfectamente en la estrategia de diferenciaci\u00f3n de GTI cuya filosof\u00eda se basa en aportar servicios de calidad, con alto valor a\u00f1adido, que aporten nuevas v\u00edas de negocio al canal, haciendo especial foco en las soluciones de Software y Cloud Computing.<\/p>\n<p>Para Juan Pablo Rossi, Presidente de GTI \u201cla incorporaci\u00f3n de Diego Navarrete es una apuesta por la consolidaci\u00f3n de nuestra presencia internacional y de nuestra orientaci\u00f3n a las soluciones de alto valor a\u00f1adido. La experiencia de Diego nos ayudar\u00e1 a continuar con el trabajo que venimos desarrollando para ser un socio de fabricantes y distribuidores en el canal. Queremos seguir creciendo y haciendo crecer al canal\u201d.<\/p>\n","protected":false},"excerpt":{"rendered":"<p>GTI, mayorista especializado en soluciones de Software y Cloud Computing, ha anunciado hoy el nombramiento de Diego Navarrete como Director General. El que antes fuera CEO de Panda Security, ser\u00e1 ahora el encargado de definir el rumbo de GTI en el mercado nacional e internacional. Desde su nuevo cargo en Espa\u00f1a, coordinar\u00e1 la actuaci\u00f3n de [&hellip;]<\/p>\n","protected":false},"author":1,"featured_media":861527,"comment_status":"closed","ping_status":"closed","sticky":false,"template":"","format":"standard","meta":{"footnotes":""},"categories":[50],"tags":[],"class_list":["post-861526","post","type-post","status-publish","format-standard","has-post-thumbnail","hentry","category-revista-de-ocio"],"aioseo_notices":[],"aioseo_head":"\n\t\t<!-- All in One SEO Pro 4.9.6.2 - aioseo.com -->\n\t<meta name=\"description\" content=\"GTI, mayorista especializado en soluciones de Software y Cloud Computing, ha anunciado hoy el nombramiento de Diego Navarrete como Director General. El que antes fuera CEO de Panda Security, ser\u00e1 ahora el encargado de definir el rumbo de GTI en el mercado nacional e internacional. Desde su nuevo cargo en Espa\u00f1a, coordinar\u00e1 la actuaci\u00f3n de\" \/>\n\t<meta name=\"robots\" content=\"max-image-preview:large\" \/>\n\t<meta name=\"author\" content=\"El Digital de Asturias\"\/>\n\t<meta name=\"google-site-verification\" content=\"UA-38556648-1\" \/>\n\t<meta name=\"msvalidate.01\" content=\"7dfe9f3f1b24437ab69f4f2559babe99\" \/>\n\t<meta name=\"keywords\" content=\"revista de ocio\" \/>\n\t<link rel=\"canonical\" href=\"https:\/\/www.eldigitaldeasturias.com\/noticias\/gti-incorpora-a-diego-navarrete-como-nuevo-director-general\/\" \/>\n\t<meta name=\"generator\" content=\"All in One SEO Pro (AIOSEO) 4.9.6.2\" \/>\n\t\t<meta property=\"og:locale\" content=\"es_ES\" \/>\n\t\t<meta property=\"og:site_name\" content=\"El Digital de Asturias\" \/>\n\t\t<meta property=\"og:type\" content=\"article\" \/>\n\t\t<meta property=\"og:title\" content=\"GTI incorpora a Diego Navarrete como nuevo director general - El Digital de Asturias\" \/>\n\t\t<meta property=\"og:description\" content=\"GTI, mayorista especializado en soluciones de Software y Cloud Computing, ha anunciado hoy el nombramiento de Diego Navarrete como Director General. El que antes fuera CEO de Panda Security, ser\u00e1 ahora el encargado de definir el rumbo de GTI en el mercado nacional e internacional. Desde su nuevo cargo en Espa\u00f1a, coordinar\u00e1 la actuaci\u00f3n de\" \/>\n\t\t<meta property=\"og:url\" content=\"https:\/\/www.eldigitaldeasturias.com\/noticias\/gti-incorpora-a-diego-navarrete-como-nuevo-director-general\/\" \/>\n\t\t<meta property=\"og:image\" content=\"https:\/\/www.eldigitaldeasturias.com\/noticias\/wp-content\/uploads\/2016\/02\/1456139148_Diego_Navarrete.jpg\" \/>\n\t\t<meta property=\"og:image:secure_url\" content=\"https:\/\/www.eldigitaldeasturias.com\/noticias\/wp-content\/uploads\/2016\/02\/1456139148_Diego_Navarrete.jpg\" \/>\n\t\t<meta property=\"og:image:width\" content=\"225\" \/>\n\t\t<meta property=\"og:image:height\" content=\"225\" \/>\n\t\t<meta property=\"article:tag\" content=\"revista de ocio\" \/>\n\t\t<meta property=\"article:published_time\" content=\"2016-02-24T15:07:05+00:00\" \/>\n\t\t<meta property=\"article:modified_time\" content=\"2016-02-24T15:07:05+00:00\" \/>\n\t\t<meta property=\"article:publisher\" content=\"https:\/\/facebook.com\/eldigitaldeasturias\" \/>\n\t\t<meta name=\"twitter:card\" content=\"summary_large_image\" \/>\n\t\t<meta name=\"twitter:title\" content=\"GTI incorpora a Diego Navarrete como nuevo director general - El Digital de Asturias\" \/>\n\t\t<meta name=\"twitter:description\" content=\"GTI, mayorista especializado en soluciones de Software y Cloud Computing, ha anunciado hoy el nombramiento de Diego Navarrete como Director General. El que antes fuera CEO de Panda Security, ser\u00e1 ahora el encargado de definir el rumbo de GTI en el mercado nacional e internacional. Desde su nuevo cargo en Espa\u00f1a, coordinar\u00e1 la actuaci\u00f3n de\" \/>\n\t\t<meta name=\"twitter:image\" content=\"https:\/\/www.eldigitaldeasturias.com\/noticias\/wp-content\/uploads\/2016\/02\/1456139148_Diego_Navarrete.jpg\" \/>\n\t\t<meta name=\"twitter:label1\" content=\"Escrito por\" \/>\n\t\t<meta name=\"twitter:data1\" content=\"El Digital de Asturias\" \/>\n\t\t<meta name=\"twitter:label2\" content=\"Tiempo de lectura estimado\" \/>\n\t\t<meta name=\"twitter:data2\" content=\"1 minuto\" \/>\n\t\t<script type=\"application\/ld+json\" class=\"aioseo-schema\">\n\t\t\t{\"@context\":\"https:\\\/\\\/schema.org\",\"@graph\":[{\"@type\":\"BlogPosting\",\"@id\":\"https:\\\/\\\/www.eldigitaldeasturias.com\\\/noticias\\\/gti-incorpora-a-diego-navarrete-como-nuevo-director-general\\\/#blogposting\",\"name\":\"GTI incorpora a Diego Navarrete como nuevo director general - El Digital de Asturias\",\"headline\":\"GTI incorpora a Diego Navarrete como nuevo director general\",\"author\":{\"@id\":\"https:\\\/\\\/www.eldigitaldeasturias.com\\\/noticias\\\/author\\\/admin\\\/#author\"},\"publisher\":{\"@id\":\"https:\\\/\\\/www.eldigitaldeasturias.com\\\/noticias\\\/#organization\"},\"image\":{\"@type\":\"ImageObject\",\"url\":\"https:\\\/\\\/www.eldigitaldeasturias.com\\\/noticias\\\/wp-content\\\/uploads\\\/2016\\\/02\\\/1456139148_Diego_Navarrete.jpg\",\"width\":225,\"height\":225},\"datePublished\":\"2016-02-24T15:07:05+01:00\",\"dateModified\":\"2016-02-24T15:07:05+01:00\",\"inLanguage\":\"es-ES\",\"mainEntityOfPage\":{\"@id\":\"https:\\\/\\\/www.eldigitaldeasturias.com\\\/noticias\\\/gti-incorpora-a-diego-navarrete-como-nuevo-director-general\\\/#webpage\"},\"isPartOf\":{\"@id\":\"https:\\\/\\\/www.eldigitaldeasturias.com\\\/noticias\\\/gti-incorpora-a-diego-navarrete-como-nuevo-director-general\\\/#webpage\"},\"articleSection\":\"Revista de Ocio\"},{\"@type\":\"BreadcrumbList\",\"@id\":\"https:\\\/\\\/www.eldigitaldeasturias.com\\\/noticias\\\/gti-incorpora-a-diego-navarrete-como-nuevo-director-general\\\/#breadcrumblist\",\"itemListElement\":[{\"@type\":\"ListItem\",\"@id\":\"https:\\\/\\\/www.eldigitaldeasturias.com\\\/noticias#listItem\",\"position\":1,\"name\":\"Home\",\"item\":\"https:\\\/\\\/www.eldigitaldeasturias.com\\\/noticias\",\"nextItem\":{\"@type\":\"ListItem\",\"@id\":\"https:\\\/\\\/www.eldigitaldeasturias.com\\\/noticias\\\/category\\\/revista-de-ocio\\\/#listItem\",\"name\":\"Revista de Ocio\"}},{\"@type\":\"ListItem\",\"@id\":\"https:\\\/\\\/www.eldigitaldeasturias.com\\\/noticias\\\/category\\\/revista-de-ocio\\\/#listItem\",\"position\":2,\"name\":\"Revista de Ocio\",\"item\":\"https:\\\/\\\/www.eldigitaldeasturias.com\\\/noticias\\\/category\\\/revista-de-ocio\\\/\",\"nextItem\":{\"@type\":\"ListItem\",\"@id\":\"https:\\\/\\\/www.eldigitaldeasturias.com\\\/noticias\\\/gti-incorpora-a-diego-navarrete-como-nuevo-director-general\\\/#listItem\",\"name\":\"GTI incorpora a Diego Navarrete como nuevo director general\"},\"previousItem\":{\"@type\":\"ListItem\",\"@id\":\"https:\\\/\\\/www.eldigitaldeasturias.com\\\/noticias#listItem\",\"name\":\"Home\"}},{\"@type\":\"ListItem\",\"@id\":\"https:\\\/\\\/www.eldigitaldeasturias.com\\\/noticias\\\/gti-incorpora-a-diego-navarrete-como-nuevo-director-general\\\/#listItem\",\"position\":3,\"name\":\"GTI incorpora a Diego Navarrete como nuevo director general\",\"previousItem\":{\"@type\":\"ListItem\",\"@id\":\"https:\\\/\\\/www.eldigitaldeasturias.com\\\/noticias\\\/category\\\/revista-de-ocio\\\/#listItem\",\"name\":\"Revista de Ocio\"}}]},{\"@type\":\"Organization\",\"@id\":\"https:\\\/\\\/www.eldigitaldeasturias.com\\\/noticias\\\/#organization\",\"name\":\"El Digital de Asturias\",\"description\":\"Hemeroteca\",\"url\":\"https:\\\/\\\/www.eldigitaldeasturias.com\\\/noticias\\\/\",\"email\":\"info@eldigitaldeasturias.com\",\"telephone\":\"+34652131393\",\"logo\":{\"@type\":\"ImageObject\",\"url\":\"https:\\\/\\\/www.eldigitaldeasturias.com\\\/noticias\\\/wp-content\\\/uploads\\\/2020\\\/12\\\/EDA.jpg\",\"@id\":\"https:\\\/\\\/www.eldigitaldeasturias.com\\\/noticias\\\/gti-incorpora-a-diego-navarrete-como-nuevo-director-general\\\/#organizationLogo\",\"width\":649,\"height\":297},\"image\":{\"@id\":\"https:\\\/\\\/www.eldigitaldeasturias.com\\\/noticias\\\/gti-incorpora-a-diego-navarrete-como-nuevo-director-general\\\/#organizationLogo\"},\"sameAs\":[\"https:\\\/\\\/facebook.com\\\/eldigitaldeasturias\",\"https:\\\/\\\/www.youtube.com\\\/channel\\\/UCZP-2wLEB9Rv6erhFmqVnvg\"],\"address\":{\"@id\":\"https:\\\/\\\/www.eldigitaldeasturias.com\\\/noticias\\\/#postaladdress\",\"@type\":\"PostalAddress\",\"streetAddress\":\"san antonio 4,\",\"postalCode\":\"33430\",\"addressLocality\":\"Cand\\u00e1s\",\"addressRegion\":\"Asturias\",\"addressCountry\":\"ES\"}},{\"@type\":\"Person\",\"@id\":\"https:\\\/\\\/www.eldigitaldeasturias.com\\\/noticias\\\/author\\\/admin\\\/#author\",\"url\":\"https:\\\/\\\/www.eldigitaldeasturias.com\\\/noticias\\\/author\\\/admin\\\/\",\"name\":\"El Digital de Asturias\",\"image\":{\"@type\":\"ImageObject\",\"@id\":\"https:\\\/\\\/www.eldigitaldeasturias.com\\\/noticias\\\/gti-incorpora-a-diego-navarrete-como-nuevo-director-general\\\/#authorImage\",\"url\":\"https:\\\/\\\/www.eldigitaldeasturias.com\\\/noticias\\\/wp-content\\\/litespeed\\\/avatar\\\/18677e78aa0546b92d9dbf31ec7d7668.jpg?ver=1776685526\",\"width\":96,\"height\":96,\"caption\":\"El Digital de Asturias\"}},{\"@type\":\"WebPage\",\"@id\":\"https:\\\/\\\/www.eldigitaldeasturias.com\\\/noticias\\\/gti-incorpora-a-diego-navarrete-como-nuevo-director-general\\\/#webpage\",\"url\":\"https:\\\/\\\/www.eldigitaldeasturias.com\\\/noticias\\\/gti-incorpora-a-diego-navarrete-como-nuevo-director-general\\\/\",\"name\":\"GTI incorpora a Diego Navarrete como nuevo director general - El Digital de Asturias\",\"description\":\"GTI, mayorista especializado en soluciones de Software y Cloud Computing, ha anunciado hoy el nombramiento de Diego Navarrete como Director General. El que antes fuera CEO de Panda Security, ser\\u00e1 ahora el encargado de definir el rumbo de GTI en el mercado nacional e internacional. Desde su nuevo cargo en Espa\\u00f1a, coordinar\\u00e1 la actuaci\\u00f3n de\",\"inLanguage\":\"es-ES\",\"isPartOf\":{\"@id\":\"https:\\\/\\\/www.eldigitaldeasturias.com\\\/noticias\\\/#website\"},\"breadcrumb\":{\"@id\":\"https:\\\/\\\/www.eldigitaldeasturias.com\\\/noticias\\\/gti-incorpora-a-diego-navarrete-como-nuevo-director-general\\\/#breadcrumblist\"},\"author\":{\"@id\":\"https:\\\/\\\/www.eldigitaldeasturias.com\\\/noticias\\\/author\\\/admin\\\/#author\"},\"creator\":{\"@id\":\"https:\\\/\\\/www.eldigitaldeasturias.com\\\/noticias\\\/author\\\/admin\\\/#author\"},\"image\":{\"@type\":\"ImageObject\",\"url\":\"https:\\\/\\\/www.eldigitaldeasturias.com\\\/noticias\\\/wp-content\\\/uploads\\\/2016\\\/02\\\/1456139148_Diego_Navarrete.jpg\",\"@id\":\"https:\\\/\\\/www.eldigitaldeasturias.com\\\/noticias\\\/gti-incorpora-a-diego-navarrete-como-nuevo-director-general\\\/#mainImage\",\"width\":225,\"height\":225},\"primaryImageOfPage\":{\"@id\":\"https:\\\/\\\/www.eldigitaldeasturias.com\\\/noticias\\\/gti-incorpora-a-diego-navarrete-como-nuevo-director-general\\\/#mainImage\"},\"datePublished\":\"2016-02-24T15:07:05+01:00\",\"dateModified\":\"2016-02-24T15:07:05+01:00\"},{\"@type\":\"WebSite\",\"@id\":\"https:\\\/\\\/www.eldigitaldeasturias.com\\\/noticias\\\/#website\",\"url\":\"https:\\\/\\\/www.eldigitaldeasturias.com\\\/noticias\\\/\",\"name\":\"El Digital de Asturias - Diario de actualidad y noticias\",\"alternateName\":\"El Digital de Asturias - Diario de actualidad y noticias\",\"description\":\"Hemeroteca\",\"inLanguage\":\"es-ES\",\"publisher\":{\"@id\":\"https:\\\/\\\/www.eldigitaldeasturias.com\\\/noticias\\\/#organization\"}}]}\n\t\t<\/script>\n\t\t<!-- All in One SEO Pro -->\r\n\t\t<title>GTI incorpora a Diego Navarrete como nuevo director general - El Digital de Asturias<\/title>\n\n","aioseo_head_json":{"title":"GTI incorpora a Diego Navarrete como nuevo director general - El Digital de Asturias","description":"GTI, mayorista especializado en soluciones de Software y Cloud Computing, ha anunciado hoy el nombramiento de Diego Navarrete como Director General. El que antes fuera CEO de Panda Security, ser\u00e1 ahora el encargado de definir el rumbo de GTI en el mercado nacional e internacional. Desde su nuevo cargo en Espa\u00f1a, coordinar\u00e1 la actuaci\u00f3n de","canonical_url":"https:\/\/www.eldigitaldeasturias.com\/noticias\/gti-incorpora-a-diego-navarrete-como-nuevo-director-general\/","robots":"max-image-preview:large","keywords":"revista de ocio","webmasterTools":{"google-site-verification":"UA-38556648-1","msvalidate.01":"7dfe9f3f1b24437ab69f4f2559babe99","miscellaneous":""},"schema":{"@context":"https:\/\/schema.org","@graph":[{"@type":"BlogPosting","@id":"https:\/\/www.eldigitaldeasturias.com\/noticias\/gti-incorpora-a-diego-navarrete-como-nuevo-director-general\/#blogposting","name":"GTI incorpora a Diego Navarrete como nuevo director general - El Digital de Asturias","headline":"GTI incorpora a Diego Navarrete como nuevo director general","author":{"@id":"https:\/\/www.eldigitaldeasturias.com\/noticias\/author\/admin\/#author"},"publisher":{"@id":"https:\/\/www.eldigitaldeasturias.com\/noticias\/#organization"},"image":{"@type":"ImageObject","url":"https:\/\/www.eldigitaldeasturias.com\/noticias\/wp-content\/uploads\/2016\/02\/1456139148_Diego_Navarrete.jpg","width":225,"height":225},"datePublished":"2016-02-24T15:07:05+01:00","dateModified":"2016-02-24T15:07:05+01:00","inLanguage":"es-ES","mainEntityOfPage":{"@id":"https:\/\/www.eldigitaldeasturias.com\/noticias\/gti-incorpora-a-diego-navarrete-como-nuevo-director-general\/#webpage"},"isPartOf":{"@id":"https:\/\/www.eldigitaldeasturias.com\/noticias\/gti-incorpora-a-diego-navarrete-como-nuevo-director-general\/#webpage"},"articleSection":"Revista de Ocio"},{"@type":"BreadcrumbList","@id":"https:\/\/www.eldigitaldeasturias.com\/noticias\/gti-incorpora-a-diego-navarrete-como-nuevo-director-general\/#breadcrumblist","itemListElement":[{"@type":"ListItem","@id":"https:\/\/www.eldigitaldeasturias.com\/noticias#listItem","position":1,"name":"Home","item":"https:\/\/www.eldigitaldeasturias.com\/noticias","nextItem":{"@type":"ListItem","@id":"https:\/\/www.eldigitaldeasturias.com\/noticias\/category\/revista-de-ocio\/#listItem","name":"Revista de Ocio"}},{"@type":"ListItem","@id":"https:\/\/www.eldigitaldeasturias.com\/noticias\/category\/revista-de-ocio\/#listItem","position":2,"name":"Revista de Ocio","item":"https:\/\/www.eldigitaldeasturias.com\/noticias\/category\/revista-de-ocio\/","nextItem":{"@type":"ListItem","@id":"https:\/\/www.eldigitaldeasturias.com\/noticias\/gti-incorpora-a-diego-navarrete-como-nuevo-director-general\/#listItem","name":"GTI incorpora a Diego Navarrete como nuevo director general"},"previousItem":{"@type":"ListItem","@id":"https:\/\/www.eldigitaldeasturias.com\/noticias#listItem","name":"Home"}},{"@type":"ListItem","@id":"https:\/\/www.eldigitaldeasturias.com\/noticias\/gti-incorpora-a-diego-navarrete-como-nuevo-director-general\/#listItem","position":3,"name":"GTI incorpora a Diego Navarrete como nuevo director general","previousItem":{"@type":"ListItem","@id":"https:\/\/www.eldigitaldeasturias.com\/noticias\/category\/revista-de-ocio\/#listItem","name":"Revista de Ocio"}}]},{"@type":"Organization","@id":"https:\/\/www.eldigitaldeasturias.com\/noticias\/#organization","name":"El Digital de Asturias","description":"Hemeroteca","url":"https:\/\/www.eldigitaldeasturias.com\/noticias\/","email":"info@eldigitaldeasturias.com","telephone":"+34652131393","logo":{"@type":"ImageObject","url":"https:\/\/www.eldigitaldeasturias.com\/noticias\/wp-content\/uploads\/2020\/12\/EDA.jpg","@id":"https:\/\/www.eldigitaldeasturias.com\/noticias\/gti-incorpora-a-diego-navarrete-como-nuevo-director-general\/#organizationLogo","width":649,"height":297},"image":{"@id":"https:\/\/www.eldigitaldeasturias.com\/noticias\/gti-incorpora-a-diego-navarrete-como-nuevo-director-general\/#organizationLogo"},"sameAs":["https:\/\/facebook.com\/eldigitaldeasturias","https:\/\/www.youtube.com\/channel\/UCZP-2wLEB9Rv6erhFmqVnvg"],"address":{"@id":"https:\/\/www.eldigitaldeasturias.com\/noticias\/#postaladdress","@type":"PostalAddress","streetAddress":"san antonio 4,","postalCode":"33430","addressLocality":"Cand\u00e1s","addressRegion":"Asturias","addressCountry":"ES"}},{"@type":"Person","@id":"https:\/\/www.eldigitaldeasturias.com\/noticias\/author\/admin\/#author","url":"https:\/\/www.eldigitaldeasturias.com\/noticias\/author\/admin\/","name":"El Digital de Asturias","image":{"@type":"ImageObject","@id":"https:\/\/www.eldigitaldeasturias.com\/noticias\/gti-incorpora-a-diego-navarrete-como-nuevo-director-general\/#authorImage","url":"https:\/\/www.eldigitaldeasturias.com\/noticias\/wp-content\/litespeed\/avatar\/18677e78aa0546b92d9dbf31ec7d7668.jpg?ver=1776685526","width":96,"height":96,"caption":"El Digital de Asturias"}},{"@type":"WebPage","@id":"https:\/\/www.eldigitaldeasturias.com\/noticias\/gti-incorpora-a-diego-navarrete-como-nuevo-director-general\/#webpage","url":"https:\/\/www.eldigitaldeasturias.com\/noticias\/gti-incorpora-a-diego-navarrete-como-nuevo-director-general\/","name":"GTI incorpora a Diego Navarrete como nuevo director general - El Digital de Asturias","description":"GTI, mayorista especializado en soluciones de Software y Cloud Computing, ha anunciado hoy el nombramiento de Diego Navarrete como Director General. El que antes fuera CEO de Panda Security, ser\u00e1 ahora el encargado de definir el rumbo de GTI en el mercado nacional e internacional. Desde su nuevo cargo en Espa\u00f1a, coordinar\u00e1 la actuaci\u00f3n de","inLanguage":"es-ES","isPartOf":{"@id":"https:\/\/www.eldigitaldeasturias.com\/noticias\/#website"},"breadcrumb":{"@id":"https:\/\/www.eldigitaldeasturias.com\/noticias\/gti-incorpora-a-diego-navarrete-como-nuevo-director-general\/#breadcrumblist"},"author":{"@id":"https:\/\/www.eldigitaldeasturias.com\/noticias\/author\/admin\/#author"},"creator":{"@id":"https:\/\/www.eldigitaldeasturias.com\/noticias\/author\/admin\/#author"},"image":{"@type":"ImageObject","url":"https:\/\/www.eldigitaldeasturias.com\/noticias\/wp-content\/uploads\/2016\/02\/1456139148_Diego_Navarrete.jpg","@id":"https:\/\/www.eldigitaldeasturias.com\/noticias\/gti-incorpora-a-diego-navarrete-como-nuevo-director-general\/#mainImage","width":225,"height":225},"primaryImageOfPage":{"@id":"https:\/\/www.eldigitaldeasturias.com\/noticias\/gti-incorpora-a-diego-navarrete-como-nuevo-director-general\/#mainImage"},"datePublished":"2016-02-24T15:07:05+01:00","dateModified":"2016-02-24T15:07:05+01:00"},{"@type":"WebSite","@id":"https:\/\/www.eldigitaldeasturias.com\/noticias\/#website","url":"https:\/\/www.eldigitaldeasturias.com\/noticias\/","name":"El Digital de Asturias - Diario de actualidad y noticias","alternateName":"El Digital de Asturias - Diario de actualidad y noticias","description":"Hemeroteca","inLanguage":"es-ES","publisher":{"@id":"https:\/\/www.eldigitaldeasturias.com\/noticias\/#organization"}}]},"og:locale":"es_ES","og:site_name":"El Digital de Asturias","og:type":"article","og:title":"GTI incorpora a Diego Navarrete como nuevo director general - El Digital de Asturias","og:description":"GTI, mayorista especializado en soluciones de Software y Cloud Computing, ha anunciado hoy el nombramiento de Diego Navarrete como Director General. El que antes fuera CEO de Panda Security, ser\u00e1 ahora el encargado de definir el rumbo de GTI en el mercado nacional e internacional. Desde su nuevo cargo en Espa\u00f1a, coordinar\u00e1 la actuaci\u00f3n de","og:url":"https:\/\/www.eldigitaldeasturias.com\/noticias\/gti-incorpora-a-diego-navarrete-como-nuevo-director-general\/","og:image":"https:\/\/www.eldigitaldeasturias.com\/noticias\/wp-content\/uploads\/2016\/02\/1456139148_Diego_Navarrete.jpg","og:image:secure_url":"https:\/\/www.eldigitaldeasturias.com\/noticias\/wp-content\/uploads\/2016\/02\/1456139148_Diego_Navarrete.jpg","og:image:width":225,"og:image:height":225,"article:tag":["revista de ocio"],"article:published_time":"2016-02-24T15:07:05+00:00","article:modified_time":"2016-02-24T15:07:05+00:00","article:publisher":"https:\/\/facebook.com\/eldigitaldeasturias","twitter:card":"summary_large_image","twitter:title":"GTI incorpora a Diego Navarrete como nuevo director general - El Digital de Asturias","twitter:description":"GTI, mayorista especializado en soluciones de Software y Cloud Computing, ha anunciado hoy el nombramiento de Diego Navarrete como Director General. El que antes fuera CEO de Panda Security, ser\u00e1 ahora el encargado de definir el rumbo de GTI en el mercado nacional e internacional. Desde su nuevo cargo en Espa\u00f1a, coordinar\u00e1 la actuaci\u00f3n de","twitter:image":"https:\/\/www.eldigitaldeasturias.com\/noticias\/wp-content\/uploads\/2016\/02\/1456139148_Diego_Navarrete.jpg","twitter:label1":"Escrito por","twitter:data1":"El Digital de Asturias","twitter:label2":"Tiempo de lectura estimado","twitter:data2":"1 minuto"},"aioseo_meta_data":{"post_id":"861526","title":null,"description":null,"keywords":null,"keyphrases":null,"primary_term":null,"canonical_url":null,"og_title":null,"og_description":null,"og_object_type":"default","og_image_type":"default","og_image_url":null,"og_image_width":null,"og_image_height":null,"og_image_custom_url":null,"og_image_custom_fields":null,"og_video":null,"og_custom_url":null,"og_article_section":null,"og_article_tags":null,"twitter_use_og":false,"twitter_card":"default","twitter_image_type":"default","twitter_image_url":null,"twitter_image_custom_url":null,"twitter_image_custom_fields":null,"twitter_title":null,"twitter_description":null,"schema":{"blockGraphs":[],"customGraphs":[],"default":{"data":{"Article":[],"Course":[],"Dataset":[],"FAQPage":[],"Movie":[],"Person":[],"Product":[],"ProductReview":[],"Car":[],"Recipe":[],"Service":[],"SoftwareApplication":[],"WebPage":[]},"graphName":"","isEnabled":true},"graphs":[],"defaultGraph":"","defaultPostTypeGraph":""},"schema_type":null,"schema_type_options":null,"pillar_content":false,"robots_default":true,"robots_noindex":false,"robots_noarchive":false,"robots_nosnippet":false,"robots_nofollow":false,"robots_noimageindex":false,"robots_noodp":false,"robots_notranslate":false,"robots_max_snippet":null,"robots_max_videopreview":null,"robots_max_imagepreview":"large","priority":null,"frequency":null,"local_seo":null,"seo_analyzer_scan_date":"2025-12-10 21:29:25","breadcrumb_settings":null,"limit_modified_date":false,"open_ai":null,"ai":null,"created":"2021-01-23 15:02:12","updated":"2025-12-10 21:29:25"},"aioseo_breadcrumb":"<div class=\"aioseo-breadcrumbs\"><span class=\"aioseo-breadcrumb\">\n\t<a href=\"https:\/\/www.eldigitaldeasturias.com\/noticias\" title=\"Home\">Home<\/a>\n<\/span><span class=\"aioseo-breadcrumb-separator\">\u2013<\/span><span class=\"aioseo-breadcrumb\">\n\t<a href=\"https:\/\/www.eldigitaldeasturias.com\/noticias\/category\/revista-de-ocio\/\" title=\"Revista de Ocio\">Revista de Ocio<\/a>\n<\/span><span class=\"aioseo-breadcrumb-separator\">\u2013<\/span><span class=\"aioseo-breadcrumb\">\n\t<a href=\"https:\/\/www.eldigitaldeasturias.com\/noticias\/gti-incorpora-a-diego-navarrete-como-nuevo-director-general\/\" title=\"GTI incorpora a Diego Navarrete como nuevo director general\">GTI incorpora a Diego Navarrete como nuevo director general<\/a>\n<\/span><\/div>","aioseo_breadcrumb_json":[{"label":"Home","link":"https:\/\/www.eldigitaldeasturias.com\/noticias"},{"label":"Revista de Ocio","link":"https:\/\/www.eldigitaldeasturias.com\/noticias\/category\/revista-de-ocio\/"},{"label":"GTI incorpora a Diego Navarrete como nuevo director general","link":"https:\/\/www.eldigitaldeasturias.com\/noticias\/gti-incorpora-a-diego-navarrete-como-nuevo-director-general\/"}],"_links":{"self":[{"href":"https:\/\/www.eldigitaldeasturias.com\/noticias\/wp-json\/wp\/v2\/posts\/861526","targetHints":{"allow":["GET"]}}],"collection":[{"href":"https:\/\/www.eldigitaldeasturias.com\/noticias\/wp-json\/wp\/v2\/posts"}],"about":[{"href":"https:\/\/www.eldigitaldeasturias.com\/noticias\/wp-json\/wp\/v2\/types\/post"}],"author":[{"embeddable":true,"href":"https:\/\/www.eldigitaldeasturias.com\/noticias\/wp-json\/wp\/v2\/users\/1"}],"replies":[{"embeddable":true,"href":"https:\/\/www.eldigitaldeasturias.com\/noticias\/wp-json\/wp\/v2\/comments?post=861526"}],"version-history":[{"count":0,"href":"https:\/\/www.eldigitaldeasturias.com\/noticias\/wp-json\/wp\/v2\/posts\/861526\/revisions"}],"wp:featuredmedia":[{"embeddable":true,"href":"https:\/\/www.eldigitaldeasturias.com\/noticias\/wp-json\/wp\/v2\/media\/861527"}],"wp:attachment":[{"href":"https:\/\/www.eldigitaldeasturias.com\/noticias\/wp-json\/wp\/v2\/media?parent=861526"}],"wp:term":[{"taxonomy":"category","embeddable":true,"href":"https:\/\/www.eldigitaldeasturias.com\/noticias\/wp-json\/wp\/v2\/categories?post=861526"},{"taxonomy":"post_tag","embeddable":true,"href":"https:\/\/www.eldigitaldeasturias.com\/noticias\/wp-json\/wp\/v2\/tags?post=861526"}],"curies":[{"name":"wp","href":"https:\/\/api.w.org\/{rel}","templated":true}]}}