{"id":861524,"date":"2016-02-24T15:04:49","date_gmt":"2016-02-24T15:04:49","guid":{"rendered":"http:\/\/www.eldigitaldeasturias.com\/noticias\/?p=861524"},"modified":"2016-02-24T15:04:49","modified_gmt":"2016-02-24T15:04:49","slug":"deficit-en-la-medicina-pediatrica","status":"publish","type":"post","link":"https:\/\/www.eldigitaldeasturias.com\/noticias\/deficit-en-la-medicina-pediatrica\/","title":{"rendered":"D\u00e9ficit en la medicina pedi\u00e1trica"},"content":{"rendered":"<p><img loading=\"lazy\" decoding=\"async\" class=\"alignleft size-medium wp-image-778090\" src=\"https:\/\/www.eldigitaldeasturias.com\/noticias\/wp-content\/uploads\/2015\/04\/Un-dispositivo-permite-que-los-smartphones-puedan-usarse-para-diagnosticar-tumoreS-360x240.jpg\" alt=\"Close up of a woman doctor hand touching a tablet pc\" width=\"360\" height=\"240\" srcset=\"https:\/\/www.eldigitaldeasturias.com\/noticias\/wp-content\/uploads\/2015\/04\/Un-dispositivo-permite-que-los-smartphones-puedan-usarse-para-diagnosticar-tumoreS-360x240.jpg 360w, https:\/\/www.eldigitaldeasturias.com\/noticias\/wp-content\/uploads\/2015\/04\/Un-dispositivo-permite-que-los-smartphones-puedan-usarse-para-diagnosticar-tumoreS-650x433.jpg 650w, https:\/\/www.eldigitaldeasturias.com\/noticias\/wp-content\/uploads\/2015\/04\/Un-dispositivo-permite-que-los-smartphones-puedan-usarse-para-diagnosticar-tumoreS.jpg 800w\" sizes=\"auto, (max-width: 360px) 100vw, 360px\" \/>El presidente de la Asocici\u00f3n Espa\u00f1ola de Pediatr\u00eda, Seraf\u00edn M\u00e1laga, denuncia en una tribuna publicada en Diario M\u00e9dico el d\u00e9ficit de pediatras y su sustituci\u00f3n por profesionales de otras especialidades, que compromete el modelo pedi\u00e1trico espa\u00f1ol y la equidad en el acceso a cuidados infantiles de calidad en el Sistema Nacional de Salud.<\/p>\n<p>La reflexi\u00f3n parte del dato de que el 25 por ciento de las plazas de Pediatr\u00eda no est\u00e1n cubiertas por especialistas en esta disciplina. Adem\u00e1s, se estima que el 50 por ciento de los pediatras en ejercicio tienen m\u00e1s de 50 a\u00f1os, lo que nos enfrenta a un envejecimiento progresivo de las plantillas sin relevo generacional. La AEP propone ampliar las plazas de formaci\u00f3n MIR en Pediatr\u00eda, incrementar el n\u00famero de hospitales y centros de salud acreditados para la docencia con par\u00e1metros de calidad, evitar la emigraci\u00f3n de profesionales a otros pa\u00edses, homologar el t\u00edtulo de m\u00e9dico y de especialista a profesionales de pa\u00edses extracomunitarios con formaci\u00f3n equivalente demostrada y permitir el retraso en la edad de jubilaci\u00f3n.<\/p>\n","protected":false},"excerpt":{"rendered":"<p>El presidente de la Asocici\u00f3n Espa\u00f1ola de Pediatr\u00eda, Seraf\u00edn M\u00e1laga, denuncia en una tribuna publicada en Diario M\u00e9dico el d\u00e9ficit de pediatras y su sustituci\u00f3n por profesionales de otras especialidades, que compromete el modelo pedi\u00e1trico espa\u00f1ol y la equidad en el acceso a cuidados infantiles de calidad en el Sistema Nacional de Salud. La reflexi\u00f3n [&hellip;]<\/p>\n","protected":false},"author":1,"featured_media":778090,"comment_status":"closed","ping_status":"closed","sticky":false,"template":"","format":"standard","meta":{"footnotes":""},"categories":[28],"tags":[],"class_list":["post-861524","post","type-post","status-publish","format-standard","has-post-thumbnail","hentry","category-sociedad"],"aioseo_notices":[],"aioseo_head":"\n\t\t<!-- All in One SEO Pro 4.9.6.2 - aioseo.com -->\n\t<meta name=\"description\" content=\"El presidente de la Asocici\u00f3n Espa\u00f1ola de Pediatr\u00eda, Seraf\u00edn M\u00e1laga, denuncia en una tribuna publicada en Diario M\u00e9dico el d\u00e9ficit de pediatras y su sustituci\u00f3n por profesionales de otras especialidades, que compromete el modelo pedi\u00e1trico espa\u00f1ol y la equidad en el acceso a cuidados infantiles de calidad en el Sistema Nacional de Salud. La reflexi\u00f3n\" \/>\n\t<meta name=\"robots\" content=\"max-image-preview:large\" \/>\n\t<meta name=\"author\" content=\"El Digital de Asturias\"\/>\n\t<meta name=\"google-site-verification\" content=\"UA-38556648-1\" \/>\n\t<meta name=\"msvalidate.01\" content=\"7dfe9f3f1b24437ab69f4f2559babe99\" \/>\n\t<meta name=\"keywords\" content=\"sociedad\" \/>\n\t<link rel=\"canonical\" href=\"https:\/\/www.eldigitaldeasturias.com\/noticias\/deficit-en-la-medicina-pediatrica\/\" \/>\n\t<meta name=\"generator\" content=\"All in One SEO Pro (AIOSEO) 4.9.6.2\" \/>\n\t\t<meta property=\"og:locale\" content=\"es_ES\" \/>\n\t\t<meta property=\"og:site_name\" content=\"El Digital de Asturias\" \/>\n\t\t<meta property=\"og:type\" content=\"article\" \/>\n\t\t<meta property=\"og:title\" content=\"D\u00e9ficit en la medicina pedi\u00e1trica - El Digital de Asturias\" \/>\n\t\t<meta property=\"og:description\" content=\"El presidente de la Asocici\u00f3n Espa\u00f1ola de Pediatr\u00eda, Seraf\u00edn M\u00e1laga, denuncia en una tribuna publicada en Diario M\u00e9dico el d\u00e9ficit de pediatras y su sustituci\u00f3n por profesionales de otras especialidades, que compromete el modelo pedi\u00e1trico espa\u00f1ol y la equidad en el acceso a cuidados infantiles de calidad en el Sistema Nacional de Salud. La reflexi\u00f3n\" \/>\n\t\t<meta property=\"og:url\" content=\"https:\/\/www.eldigitaldeasturias.com\/noticias\/deficit-en-la-medicina-pediatrica\/\" \/>\n\t\t<meta property=\"og:image\" content=\"https:\/\/www.eldigitaldeasturias.com\/noticias\/wp-content\/uploads\/2015\/04\/Un-dispositivo-permite-que-los-smartphones-puedan-usarse-para-diagnosticar-tumoreS.jpg\" \/>\n\t\t<meta property=\"og:image:secure_url\" content=\"https:\/\/www.eldigitaldeasturias.com\/noticias\/wp-content\/uploads\/2015\/04\/Un-dispositivo-permite-que-los-smartphones-puedan-usarse-para-diagnosticar-tumoreS.jpg\" \/>\n\t\t<meta property=\"og:image:width\" content=\"800\" \/>\n\t\t<meta property=\"og:image:height\" content=\"533\" \/>\n\t\t<meta property=\"article:tag\" content=\"sociedad\" \/>\n\t\t<meta property=\"article:published_time\" content=\"2016-02-24T15:04:49+00:00\" \/>\n\t\t<meta property=\"article:modified_time\" content=\"2016-02-24T15:04:49+00:00\" \/>\n\t\t<meta property=\"article:publisher\" content=\"https:\/\/facebook.com\/eldigitaldeasturias\" \/>\n\t\t<meta name=\"twitter:card\" content=\"summary_large_image\" \/>\n\t\t<meta name=\"twitter:title\" content=\"D\u00e9ficit en la medicina pedi\u00e1trica - El Digital de Asturias\" \/>\n\t\t<meta name=\"twitter:description\" content=\"El presidente de la Asocici\u00f3n Espa\u00f1ola de Pediatr\u00eda, Seraf\u00edn M\u00e1laga, denuncia en una tribuna publicada en Diario M\u00e9dico el d\u00e9ficit de pediatras y su sustituci\u00f3n por profesionales de otras especialidades, que compromete el modelo pedi\u00e1trico espa\u00f1ol y la equidad en el acceso a cuidados infantiles de calidad en el Sistema Nacional de Salud. La reflexi\u00f3n\" \/>\n\t\t<meta name=\"twitter:image\" content=\"https:\/\/www.eldigitaldeasturias.com\/noticias\/wp-content\/uploads\/2015\/04\/Un-dispositivo-permite-que-los-smartphones-puedan-usarse-para-diagnosticar-tumoreS.jpg\" \/>\n\t\t<meta name=\"twitter:label1\" content=\"Escrito por\" \/>\n\t\t<meta name=\"twitter:data1\" content=\"El Digital de Asturias\" \/>\n\t\t<meta name=\"twitter:label2\" content=\"Tiempo de lectura estimado\" \/>\n\t\t<meta name=\"twitter:data2\" content=\"1 minuto\" \/>\n\t\t<script type=\"application\/ld+json\" class=\"aioseo-schema\">\n\t\t\t{\"@context\":\"https:\\\/\\\/schema.org\",\"@graph\":[{\"@type\":\"BlogPosting\",\"@id\":\"https:\\\/\\\/www.eldigitaldeasturias.com\\\/noticias\\\/deficit-en-la-medicina-pediatrica\\\/#blogposting\",\"name\":\"D\\u00e9ficit en la medicina pedi\\u00e1trica - El Digital de Asturias\",\"headline\":\"D\\u00e9ficit en la medicina pedi\\u00e1trica\",\"author\":{\"@id\":\"https:\\\/\\\/www.eldigitaldeasturias.com\\\/noticias\\\/author\\\/admin\\\/#author\"},\"publisher\":{\"@id\":\"https:\\\/\\\/www.eldigitaldeasturias.com\\\/noticias\\\/#organization\"},\"image\":{\"@type\":\"ImageObject\",\"url\":\"https:\\\/\\\/www.eldigitaldeasturias.com\\\/noticias\\\/wp-content\\\/uploads\\\/2015\\\/04\\\/Un-dispositivo-permite-que-los-smartphones-puedan-usarse-para-diagnosticar-tumoreS.jpg\",\"width\":800,\"height\":533},\"datePublished\":\"2016-02-24T15:04:49+01:00\",\"dateModified\":\"2016-02-24T15:04:49+01:00\",\"inLanguage\":\"es-ES\",\"mainEntityOfPage\":{\"@id\":\"https:\\\/\\\/www.eldigitaldeasturias.com\\\/noticias\\\/deficit-en-la-medicina-pediatrica\\\/#webpage\"},\"isPartOf\":{\"@id\":\"https:\\\/\\\/www.eldigitaldeasturias.com\\\/noticias\\\/deficit-en-la-medicina-pediatrica\\\/#webpage\"},\"articleSection\":\"Sociedad\"},{\"@type\":\"BreadcrumbList\",\"@id\":\"https:\\\/\\\/www.eldigitaldeasturias.com\\\/noticias\\\/deficit-en-la-medicina-pediatrica\\\/#breadcrumblist\",\"itemListElement\":[{\"@type\":\"ListItem\",\"@id\":\"https:\\\/\\\/www.eldigitaldeasturias.com\\\/noticias#listItem\",\"position\":1,\"name\":\"Home\",\"item\":\"https:\\\/\\\/www.eldigitaldeasturias.com\\\/noticias\",\"nextItem\":{\"@type\":\"ListItem\",\"@id\":\"https:\\\/\\\/www.eldigitaldeasturias.com\\\/noticias\\\/category\\\/sociedad\\\/#listItem\",\"name\":\"Sociedad\"}},{\"@type\":\"ListItem\",\"@id\":\"https:\\\/\\\/www.eldigitaldeasturias.com\\\/noticias\\\/category\\\/sociedad\\\/#listItem\",\"position\":2,\"name\":\"Sociedad\",\"item\":\"https:\\\/\\\/www.eldigitaldeasturias.com\\\/noticias\\\/category\\\/sociedad\\\/\",\"nextItem\":{\"@type\":\"ListItem\",\"@id\":\"https:\\\/\\\/www.eldigitaldeasturias.com\\\/noticias\\\/deficit-en-la-medicina-pediatrica\\\/#listItem\",\"name\":\"D\\u00e9ficit en la medicina pedi\\u00e1trica\"},\"previousItem\":{\"@type\":\"ListItem\",\"@id\":\"https:\\\/\\\/www.eldigitaldeasturias.com\\\/noticias#listItem\",\"name\":\"Home\"}},{\"@type\":\"ListItem\",\"@id\":\"https:\\\/\\\/www.eldigitaldeasturias.com\\\/noticias\\\/deficit-en-la-medicina-pediatrica\\\/#listItem\",\"position\":3,\"name\":\"D\\u00e9ficit en la medicina pedi\\u00e1trica\",\"previousItem\":{\"@type\":\"ListItem\",\"@id\":\"https:\\\/\\\/www.eldigitaldeasturias.com\\\/noticias\\\/category\\\/sociedad\\\/#listItem\",\"name\":\"Sociedad\"}}]},{\"@type\":\"Organization\",\"@id\":\"https:\\\/\\\/www.eldigitaldeasturias.com\\\/noticias\\\/#organization\",\"name\":\"El Digital de Asturias\",\"description\":\"Hemeroteca\",\"url\":\"https:\\\/\\\/www.eldigitaldeasturias.com\\\/noticias\\\/\",\"email\":\"info@eldigitaldeasturias.com\",\"telephone\":\"+34652131393\",\"logo\":{\"@type\":\"ImageObject\",\"url\":\"https:\\\/\\\/www.eldigitaldeasturias.com\\\/noticias\\\/wp-content\\\/uploads\\\/2020\\\/12\\\/EDA.jpg\",\"@id\":\"https:\\\/\\\/www.eldigitaldeasturias.com\\\/noticias\\\/deficit-en-la-medicina-pediatrica\\\/#organizationLogo\",\"width\":649,\"height\":297},\"image\":{\"@id\":\"https:\\\/\\\/www.eldigitaldeasturias.com\\\/noticias\\\/deficit-en-la-medicina-pediatrica\\\/#organizationLogo\"},\"sameAs\":[\"https:\\\/\\\/facebook.com\\\/eldigitaldeasturias\",\"https:\\\/\\\/www.youtube.com\\\/channel\\\/UCZP-2wLEB9Rv6erhFmqVnvg\"],\"address\":{\"@id\":\"https:\\\/\\\/www.eldigitaldeasturias.com\\\/noticias\\\/#postaladdress\",\"@type\":\"PostalAddress\",\"streetAddress\":\"san antonio 4,\",\"postalCode\":\"33430\",\"addressLocality\":\"Cand\\u00e1s\",\"addressRegion\":\"Asturias\",\"addressCountry\":\"ES\"}},{\"@type\":\"Person\",\"@id\":\"https:\\\/\\\/www.eldigitaldeasturias.com\\\/noticias\\\/author\\\/admin\\\/#author\",\"url\":\"https:\\\/\\\/www.eldigitaldeasturias.com\\\/noticias\\\/author\\\/admin\\\/\",\"name\":\"El Digital de Asturias\",\"image\":{\"@type\":\"ImageObject\",\"@id\":\"https:\\\/\\\/www.eldigitaldeasturias.com\\\/noticias\\\/deficit-en-la-medicina-pediatrica\\\/#authorImage\",\"url\":\"https:\\\/\\\/www.eldigitaldeasturias.com\\\/noticias\\\/wp-content\\\/litespeed\\\/avatar\\\/18677e78aa0546b92d9dbf31ec7d7668.jpg?ver=1777290358\",\"width\":96,\"height\":96,\"caption\":\"El Digital de Asturias\"}},{\"@type\":\"WebPage\",\"@id\":\"https:\\\/\\\/www.eldigitaldeasturias.com\\\/noticias\\\/deficit-en-la-medicina-pediatrica\\\/#webpage\",\"url\":\"https:\\\/\\\/www.eldigitaldeasturias.com\\\/noticias\\\/deficit-en-la-medicina-pediatrica\\\/\",\"name\":\"D\\u00e9ficit en la medicina pedi\\u00e1trica - El Digital de Asturias\",\"description\":\"El presidente de la Asocici\\u00f3n Espa\\u00f1ola de Pediatr\\u00eda, Seraf\\u00edn M\\u00e1laga, denuncia en una tribuna publicada en Diario M\\u00e9dico el d\\u00e9ficit de pediatras y su sustituci\\u00f3n por profesionales de otras especialidades, que compromete el modelo pedi\\u00e1trico espa\\u00f1ol y la equidad en el acceso a cuidados infantiles de calidad en el Sistema Nacional de Salud. La reflexi\\u00f3n\",\"inLanguage\":\"es-ES\",\"isPartOf\":{\"@id\":\"https:\\\/\\\/www.eldigitaldeasturias.com\\\/noticias\\\/#website\"},\"breadcrumb\":{\"@id\":\"https:\\\/\\\/www.eldigitaldeasturias.com\\\/noticias\\\/deficit-en-la-medicina-pediatrica\\\/#breadcrumblist\"},\"author\":{\"@id\":\"https:\\\/\\\/www.eldigitaldeasturias.com\\\/noticias\\\/author\\\/admin\\\/#author\"},\"creator\":{\"@id\":\"https:\\\/\\\/www.eldigitaldeasturias.com\\\/noticias\\\/author\\\/admin\\\/#author\"},\"image\":{\"@type\":\"ImageObject\",\"url\":\"https:\\\/\\\/www.eldigitaldeasturias.com\\\/noticias\\\/wp-content\\\/uploads\\\/2015\\\/04\\\/Un-dispositivo-permite-que-los-smartphones-puedan-usarse-para-diagnosticar-tumoreS.jpg\",\"@id\":\"https:\\\/\\\/www.eldigitaldeasturias.com\\\/noticias\\\/deficit-en-la-medicina-pediatrica\\\/#mainImage\",\"width\":800,\"height\":533},\"primaryImageOfPage\":{\"@id\":\"https:\\\/\\\/www.eldigitaldeasturias.com\\\/noticias\\\/deficit-en-la-medicina-pediatrica\\\/#mainImage\"},\"datePublished\":\"2016-02-24T15:04:49+01:00\",\"dateModified\":\"2016-02-24T15:04:49+01:00\"},{\"@type\":\"WebSite\",\"@id\":\"https:\\\/\\\/www.eldigitaldeasturias.com\\\/noticias\\\/#website\",\"url\":\"https:\\\/\\\/www.eldigitaldeasturias.com\\\/noticias\\\/\",\"name\":\"El Digital de Asturias - Diario de actualidad y noticias\",\"alternateName\":\"El Digital de Asturias - Diario de actualidad y noticias\",\"description\":\"Hemeroteca\",\"inLanguage\":\"es-ES\",\"publisher\":{\"@id\":\"https:\\\/\\\/www.eldigitaldeasturias.com\\\/noticias\\\/#organization\"}}]}\n\t\t<\/script>\n\t\t<!-- All in One SEO Pro -->\r\n\t\t<title>D\u00e9ficit en la medicina pedi\u00e1trica - El Digital de Asturias<\/title>\n\n","aioseo_head_json":{"title":"D\u00e9ficit en la medicina pedi\u00e1trica - El Digital de Asturias","description":"El presidente de la Asocici\u00f3n Espa\u00f1ola de Pediatr\u00eda, Seraf\u00edn M\u00e1laga, denuncia en una tribuna publicada en Diario M\u00e9dico el d\u00e9ficit de pediatras y su sustituci\u00f3n por profesionales de otras especialidades, que compromete el modelo pedi\u00e1trico espa\u00f1ol y la equidad en el acceso a cuidados infantiles de calidad en el Sistema Nacional de Salud. La reflexi\u00f3n","canonical_url":"https:\/\/www.eldigitaldeasturias.com\/noticias\/deficit-en-la-medicina-pediatrica\/","robots":"max-image-preview:large","keywords":"sociedad","webmasterTools":{"google-site-verification":"UA-38556648-1","msvalidate.01":"7dfe9f3f1b24437ab69f4f2559babe99","miscellaneous":""},"schema":{"@context":"https:\/\/schema.org","@graph":[{"@type":"BlogPosting","@id":"https:\/\/www.eldigitaldeasturias.com\/noticias\/deficit-en-la-medicina-pediatrica\/#blogposting","name":"D\u00e9ficit en la medicina pedi\u00e1trica - El Digital de Asturias","headline":"D\u00e9ficit en la medicina pedi\u00e1trica","author":{"@id":"https:\/\/www.eldigitaldeasturias.com\/noticias\/author\/admin\/#author"},"publisher":{"@id":"https:\/\/www.eldigitaldeasturias.com\/noticias\/#organization"},"image":{"@type":"ImageObject","url":"https:\/\/www.eldigitaldeasturias.com\/noticias\/wp-content\/uploads\/2015\/04\/Un-dispositivo-permite-que-los-smartphones-puedan-usarse-para-diagnosticar-tumoreS.jpg","width":800,"height":533},"datePublished":"2016-02-24T15:04:49+01:00","dateModified":"2016-02-24T15:04:49+01:00","inLanguage":"es-ES","mainEntityOfPage":{"@id":"https:\/\/www.eldigitaldeasturias.com\/noticias\/deficit-en-la-medicina-pediatrica\/#webpage"},"isPartOf":{"@id":"https:\/\/www.eldigitaldeasturias.com\/noticias\/deficit-en-la-medicina-pediatrica\/#webpage"},"articleSection":"Sociedad"},{"@type":"BreadcrumbList","@id":"https:\/\/www.eldigitaldeasturias.com\/noticias\/deficit-en-la-medicina-pediatrica\/#breadcrumblist","itemListElement":[{"@type":"ListItem","@id":"https:\/\/www.eldigitaldeasturias.com\/noticias#listItem","position":1,"name":"Home","item":"https:\/\/www.eldigitaldeasturias.com\/noticias","nextItem":{"@type":"ListItem","@id":"https:\/\/www.eldigitaldeasturias.com\/noticias\/category\/sociedad\/#listItem","name":"Sociedad"}},{"@type":"ListItem","@id":"https:\/\/www.eldigitaldeasturias.com\/noticias\/category\/sociedad\/#listItem","position":2,"name":"Sociedad","item":"https:\/\/www.eldigitaldeasturias.com\/noticias\/category\/sociedad\/","nextItem":{"@type":"ListItem","@id":"https:\/\/www.eldigitaldeasturias.com\/noticias\/deficit-en-la-medicina-pediatrica\/#listItem","name":"D\u00e9ficit en la medicina pedi\u00e1trica"},"previousItem":{"@type":"ListItem","@id":"https:\/\/www.eldigitaldeasturias.com\/noticias#listItem","name":"Home"}},{"@type":"ListItem","@id":"https:\/\/www.eldigitaldeasturias.com\/noticias\/deficit-en-la-medicina-pediatrica\/#listItem","position":3,"name":"D\u00e9ficit en la medicina pedi\u00e1trica","previousItem":{"@type":"ListItem","@id":"https:\/\/www.eldigitaldeasturias.com\/noticias\/category\/sociedad\/#listItem","name":"Sociedad"}}]},{"@type":"Organization","@id":"https:\/\/www.eldigitaldeasturias.com\/noticias\/#organization","name":"El Digital de Asturias","description":"Hemeroteca","url":"https:\/\/www.eldigitaldeasturias.com\/noticias\/","email":"info@eldigitaldeasturias.com","telephone":"+34652131393","logo":{"@type":"ImageObject","url":"https:\/\/www.eldigitaldeasturias.com\/noticias\/wp-content\/uploads\/2020\/12\/EDA.jpg","@id":"https:\/\/www.eldigitaldeasturias.com\/noticias\/deficit-en-la-medicina-pediatrica\/#organizationLogo","width":649,"height":297},"image":{"@id":"https:\/\/www.eldigitaldeasturias.com\/noticias\/deficit-en-la-medicina-pediatrica\/#organizationLogo"},"sameAs":["https:\/\/facebook.com\/eldigitaldeasturias","https:\/\/www.youtube.com\/channel\/UCZP-2wLEB9Rv6erhFmqVnvg"],"address":{"@id":"https:\/\/www.eldigitaldeasturias.com\/noticias\/#postaladdress","@type":"PostalAddress","streetAddress":"san antonio 4,","postalCode":"33430","addressLocality":"Cand\u00e1s","addressRegion":"Asturias","addressCountry":"ES"}},{"@type":"Person","@id":"https:\/\/www.eldigitaldeasturias.com\/noticias\/author\/admin\/#author","url":"https:\/\/www.eldigitaldeasturias.com\/noticias\/author\/admin\/","name":"El Digital de Asturias","image":{"@type":"ImageObject","@id":"https:\/\/www.eldigitaldeasturias.com\/noticias\/deficit-en-la-medicina-pediatrica\/#authorImage","url":"https:\/\/www.eldigitaldeasturias.com\/noticias\/wp-content\/litespeed\/avatar\/18677e78aa0546b92d9dbf31ec7d7668.jpg?ver=1777290358","width":96,"height":96,"caption":"El Digital de Asturias"}},{"@type":"WebPage","@id":"https:\/\/www.eldigitaldeasturias.com\/noticias\/deficit-en-la-medicina-pediatrica\/#webpage","url":"https:\/\/www.eldigitaldeasturias.com\/noticias\/deficit-en-la-medicina-pediatrica\/","name":"D\u00e9ficit en la medicina pedi\u00e1trica - El Digital de Asturias","description":"El presidente de la Asocici\u00f3n Espa\u00f1ola de Pediatr\u00eda, Seraf\u00edn M\u00e1laga, denuncia en una tribuna publicada en Diario M\u00e9dico el d\u00e9ficit de pediatras y su sustituci\u00f3n por profesionales de otras especialidades, que compromete el modelo pedi\u00e1trico espa\u00f1ol y la equidad en el acceso a cuidados infantiles de calidad en el Sistema Nacional de Salud. La reflexi\u00f3n","inLanguage":"es-ES","isPartOf":{"@id":"https:\/\/www.eldigitaldeasturias.com\/noticias\/#website"},"breadcrumb":{"@id":"https:\/\/www.eldigitaldeasturias.com\/noticias\/deficit-en-la-medicina-pediatrica\/#breadcrumblist"},"author":{"@id":"https:\/\/www.eldigitaldeasturias.com\/noticias\/author\/admin\/#author"},"creator":{"@id":"https:\/\/www.eldigitaldeasturias.com\/noticias\/author\/admin\/#author"},"image":{"@type":"ImageObject","url":"https:\/\/www.eldigitaldeasturias.com\/noticias\/wp-content\/uploads\/2015\/04\/Un-dispositivo-permite-que-los-smartphones-puedan-usarse-para-diagnosticar-tumoreS.jpg","@id":"https:\/\/www.eldigitaldeasturias.com\/noticias\/deficit-en-la-medicina-pediatrica\/#mainImage","width":800,"height":533},"primaryImageOfPage":{"@id":"https:\/\/www.eldigitaldeasturias.com\/noticias\/deficit-en-la-medicina-pediatrica\/#mainImage"},"datePublished":"2016-02-24T15:04:49+01:00","dateModified":"2016-02-24T15:04:49+01:00"},{"@type":"WebSite","@id":"https:\/\/www.eldigitaldeasturias.com\/noticias\/#website","url":"https:\/\/www.eldigitaldeasturias.com\/noticias\/","name":"El Digital de Asturias - Diario de actualidad y noticias","alternateName":"El Digital de Asturias - Diario de actualidad y noticias","description":"Hemeroteca","inLanguage":"es-ES","publisher":{"@id":"https:\/\/www.eldigitaldeasturias.com\/noticias\/#organization"}}]},"og:locale":"es_ES","og:site_name":"El Digital de Asturias","og:type":"article","og:title":"D\u00e9ficit en la medicina pedi\u00e1trica - El Digital de Asturias","og:description":"El presidente de la Asocici\u00f3n Espa\u00f1ola de Pediatr\u00eda, Seraf\u00edn M\u00e1laga, denuncia en una tribuna publicada en Diario M\u00e9dico el d\u00e9ficit de pediatras y su sustituci\u00f3n por profesionales de otras especialidades, que compromete el modelo pedi\u00e1trico espa\u00f1ol y la equidad en el acceso a cuidados infantiles de calidad en el Sistema Nacional de Salud. La reflexi\u00f3n","og:url":"https:\/\/www.eldigitaldeasturias.com\/noticias\/deficit-en-la-medicina-pediatrica\/","og:image":"https:\/\/www.eldigitaldeasturias.com\/noticias\/wp-content\/uploads\/2015\/04\/Un-dispositivo-permite-que-los-smartphones-puedan-usarse-para-diagnosticar-tumoreS.jpg","og:image:secure_url":"https:\/\/www.eldigitaldeasturias.com\/noticias\/wp-content\/uploads\/2015\/04\/Un-dispositivo-permite-que-los-smartphones-puedan-usarse-para-diagnosticar-tumoreS.jpg","og:image:width":800,"og:image:height":533,"article:tag":["sociedad"],"article:published_time":"2016-02-24T15:04:49+00:00","article:modified_time":"2016-02-24T15:04:49+00:00","article:publisher":"https:\/\/facebook.com\/eldigitaldeasturias","twitter:card":"summary_large_image","twitter:title":"D\u00e9ficit en la medicina pedi\u00e1trica - El Digital de Asturias","twitter:description":"El presidente de la Asocici\u00f3n Espa\u00f1ola de Pediatr\u00eda, Seraf\u00edn M\u00e1laga, denuncia en una tribuna publicada en Diario M\u00e9dico el d\u00e9ficit de pediatras y su sustituci\u00f3n por profesionales de otras especialidades, que compromete el modelo pedi\u00e1trico espa\u00f1ol y la equidad en el acceso a cuidados infantiles de calidad en el Sistema Nacional de Salud. La reflexi\u00f3n","twitter:image":"https:\/\/www.eldigitaldeasturias.com\/noticias\/wp-content\/uploads\/2015\/04\/Un-dispositivo-permite-que-los-smartphones-puedan-usarse-para-diagnosticar-tumoreS.jpg","twitter:label1":"Escrito por","twitter:data1":"El Digital de Asturias","twitter:label2":"Tiempo de lectura estimado","twitter:data2":"1 minuto"},"aioseo_meta_data":{"post_id":"861524","title":null,"description":null,"keywords":null,"keyphrases":null,"primary_term":null,"canonical_url":null,"og_title":null,"og_description":null,"og_object_type":"default","og_image_type":"default","og_image_url":null,"og_image_width":null,"og_image_height":null,"og_image_custom_url":null,"og_image_custom_fields":null,"og_video":null,"og_custom_url":null,"og_article_section":null,"og_article_tags":null,"twitter_use_og":false,"twitter_card":"default","twitter_image_type":"default","twitter_image_url":null,"twitter_image_custom_url":null,"twitter_image_custom_fields":null,"twitter_title":null,"twitter_description":null,"schema":{"blockGraphs":[],"customGraphs":[],"default":{"data":{"Article":[],"Course":[],"Dataset":[],"FAQPage":[],"Movie":[],"Person":[],"Product":[],"ProductReview":[],"Car":[],"Recipe":[],"Service":[],"SoftwareApplication":[],"WebPage":[]},"graphName":"","isEnabled":true},"graphs":[],"defaultGraph":"","defaultPostTypeGraph":""},"schema_type":null,"schema_type_options":null,"pillar_content":false,"robots_default":true,"robots_noindex":false,"robots_noarchive":false,"robots_nosnippet":false,"robots_nofollow":false,"robots_noimageindex":false,"robots_noodp":false,"robots_notranslate":false,"robots_max_snippet":null,"robots_max_videopreview":null,"robots_max_imagepreview":"large","priority":null,"frequency":null,"local_seo":null,"seo_analyzer_scan_date":"2025-12-10 21:29:24","breadcrumb_settings":null,"limit_modified_date":false,"open_ai":null,"ai":null,"created":"2021-01-23 15:02:12","updated":"2025-12-10 21:29:24"},"aioseo_breadcrumb":"<div class=\"aioseo-breadcrumbs\"><span class=\"aioseo-breadcrumb\">\n\t<a href=\"https:\/\/www.eldigitaldeasturias.com\/noticias\" title=\"Home\">Home<\/a>\n<\/span><span class=\"aioseo-breadcrumb-separator\">\u2013<\/span><span class=\"aioseo-breadcrumb\">\n\t<a href=\"https:\/\/www.eldigitaldeasturias.com\/noticias\/category\/sociedad\/\" title=\"Sociedad\">Sociedad<\/a>\n<\/span><span class=\"aioseo-breadcrumb-separator\">\u2013<\/span><span class=\"aioseo-breadcrumb\">\n\t<a href=\"https:\/\/www.eldigitaldeasturias.com\/noticias\/deficit-en-la-medicina-pediatrica\/\" title=\"D\u00e9ficit en la medicina pedi\u00e1trica\">D\u00e9ficit en la medicina pedi\u00e1trica<\/a>\n<\/span><\/div>","aioseo_breadcrumb_json":[{"label":"Home","link":"https:\/\/www.eldigitaldeasturias.com\/noticias"},{"label":"Sociedad","link":"https:\/\/www.eldigitaldeasturias.com\/noticias\/category\/sociedad\/"},{"label":"D\u00e9ficit en la medicina pedi\u00e1trica","link":"https:\/\/www.eldigitaldeasturias.com\/noticias\/deficit-en-la-medicina-pediatrica\/"}],"_links":{"self":[{"href":"https:\/\/www.eldigitaldeasturias.com\/noticias\/wp-json\/wp\/v2\/posts\/861524","targetHints":{"allow":["GET"]}}],"collection":[{"href":"https:\/\/www.eldigitaldeasturias.com\/noticias\/wp-json\/wp\/v2\/posts"}],"about":[{"href":"https:\/\/www.eldigitaldeasturias.com\/noticias\/wp-json\/wp\/v2\/types\/post"}],"author":[{"embeddable":true,"href":"https:\/\/www.eldigitaldeasturias.com\/noticias\/wp-json\/wp\/v2\/users\/1"}],"replies":[{"embeddable":true,"href":"https:\/\/www.eldigitaldeasturias.com\/noticias\/wp-json\/wp\/v2\/comments?post=861524"}],"version-history":[{"count":0,"href":"https:\/\/www.eldigitaldeasturias.com\/noticias\/wp-json\/wp\/v2\/posts\/861524\/revisions"}],"wp:featuredmedia":[{"embeddable":true,"href":"https:\/\/www.eldigitaldeasturias.com\/noticias\/wp-json\/wp\/v2\/media\/778090"}],"wp:attachment":[{"href":"https:\/\/www.eldigitaldeasturias.com\/noticias\/wp-json\/wp\/v2\/media?parent=861524"}],"wp:term":[{"taxonomy":"category","embeddable":true,"href":"https:\/\/www.eldigitaldeasturias.com\/noticias\/wp-json\/wp\/v2\/categories?post=861524"},{"taxonomy":"post_tag","embeddable":true,"href":"https:\/\/www.eldigitaldeasturias.com\/noticias\/wp-json\/wp\/v2\/tags?post=861524"}],"curies":[{"name":"wp","href":"https:\/\/api.w.org\/{rel}","templated":true}]}}