{"id":861504,"date":"2016-02-24T05:00:55","date_gmt":"2016-02-24T05:00:55","guid":{"rendered":"http:\/\/www.eldigitaldeasturias.com\/noticias\/?p=861504"},"modified":"2016-02-24T05:00:55","modified_gmt":"2016-02-24T05:00:55","slug":"el-81-de-empresas-espanolas-no-cumple-con-la-ley-de-insercion-laboral-de-personas-con-discapacidad","status":"publish","type":"post","link":"https:\/\/www.eldigitaldeasturias.com\/noticias\/el-81-de-empresas-espanolas-no-cumple-con-la-ley-de-insercion-laboral-de-personas-con-discapacidad\/","title":{"rendered":"El 81% de empresas espa\u00f1olas no cumple con la Ley de Inserci\u00f3n Laboral de Personas con Discapacidad"},"content":{"rendered":"<p><img loading=\"lazy\" decoding=\"async\" class=\"alignleft size-medium wp-image-861505\" src=\"https:\/\/www.eldigitaldeasturias.com\/noticias\/wp-content\/uploads\/2016\/02\/fotonoticia_20160223183457_800-360x270.jpg\" alt=\"fotonoticia_20160223183457_800\" width=\"360\" height=\"270\" srcset=\"https:\/\/www.eldigitaldeasturias.com\/noticias\/wp-content\/uploads\/2016\/02\/fotonoticia_20160223183457_800-360x270.jpg 360w, https:\/\/www.eldigitaldeasturias.com\/noticias\/wp-content\/uploads\/2016\/02\/fotonoticia_20160223183457_800-768x576.jpg 768w, https:\/\/www.eldigitaldeasturias.com\/noticias\/wp-content\/uploads\/2016\/02\/fotonoticia_20160223183457_800-650x488.jpg 650w, https:\/\/www.eldigitaldeasturias.com\/noticias\/wp-content\/uploads\/2016\/02\/fotonoticia_20160223183457_800-125x95.jpg 125w, https:\/\/www.eldigitaldeasturias.com\/noticias\/wp-content\/uploads\/2016\/02\/fotonoticia_20160223183457_800-100x75.jpg 100w, https:\/\/www.eldigitaldeasturias.com\/noticias\/wp-content\/uploads\/2016\/02\/fotonoticia_20160223183457_800.jpg 800w\" sizes=\"auto, (max-width: 360px) 100vw, 360px\" \/>El 81% de las empresas espa\u00f1olas no cumple a\u00fan con la ley de inserci\u00f3n laboral de personas con discapacidad (LISMI) que establece una cuota m\u00ednima de un 2% de empleados con discapacidad para empresas de 50 o m\u00e1s empleados, seg\u00fan se desprende de un estudio realizado por la consultora Leialta sobre la inserci\u00f3n laboral de este colectivo.<\/p>\n<p>\u00abEl grado de cumplimiento es baj\u00edsimo\u00bb, alerta en una entrevista a Europa Press Javier Mart\u00ednez Galiana, socio fundador de Leialta, al tiempo que reconoce no entender \u00abporqu\u00e9 el porcentaje de empresas que no cumple con la ley es tan alto, cuando adem\u00e1s la legislaci\u00f3n contempla ventajas econ\u00f3micas para las empresas y la contrataci\u00f3n de personas con discapacidad se enmarcar\u00eda en las pol\u00edticas de Responsabilidad Social Corporativa que las empresa fomentan\u00bb.<\/p>\n<p>Por esta raz\u00f3n, a\u00f1ade, se ampli\u00f3 el alcance del estudio para detectar cu\u00e1les eran las razones por las que no contrataban a personas con discapacidad, siendo la raz\u00f3n principal el desconocimiento de la LISMI. \u00abEs decir, no saben que tienen que tener al menos un 2% de la plantilla compuesta por personas con discapacidad cuando son m\u00e1s de 50 empleados en total\u00bb, explica Mart\u00ednez.<\/p>\n<p>\u00abOtras razones que desmotivan la contrataci\u00f3n de personas con discapacidad, seg\u00fan las empresas consultadas, son: la falta de acceso a bases de datos espec\u00edficas de personas con discapacidad, la dificultad de encontrar personas con discapacidades compatibles con el puesto de trabajo disponible, el coste de la adecuaci\u00f3n del puesto de trabajo a la discapacidad del trabajador y un te\u00f3rico mayor absentismo de las personas con discapacidad\u00bb, precisa.<\/p>\n<p>El experto recuerda que la situaci\u00f3n laboral del colectivo de personas con discapacidad \u00abno puede definirse como buena cuando la tasa de desempleo es del 32,2%, seg\u00fan los \u00faltimos datos del INE\u00bb, una cifra que supone que la tasa de paro es 7,8 veces superior al de las personas sin discapacidad.<\/p>\n<p>Adem\u00e1s, el 60% de ellos est\u00e1n dentro del colectivo de &#8216;desempleados de larga duraci\u00f3n&#8217;, mientras que en el caso de las f\u00e9minas, \u00ablas mujeres con certificado de discapacidad tienen menos presencia activa en el mercado laboral\u00bb.<\/p>\n<p>Asimismo, indica que la crisis ha agudizado esta situaci\u00f3n, al duplicarse el porcentaje de desempleo entre las personas con discapacidad hasta llegar a la situaci\u00f3n actual, en la que s\u00f3lo trabaja una de cada cuatro personas con discapacidad activa (25,7%). Adem\u00e1s, a la hora de encontrar un puesto de trabajo, el 90% de las personas con discapacidad se\u00f1ala una o m\u00e1s barreras para ser contratado, frente al 60% de las personas sin discapacidad, seg\u00fan Mart\u00ednez.<\/p>\n<p>En este sentido, respecto a los principales impedimentos con los que se encuentra este colectivo, se enumeran motivos relacionados con la salud o la enfermedad (para el 56,7%), la falta de oportunidades (para el 54%), la falta de cualificaci\u00f3n o experiencia (en un 32,6%) y las limitaciones en las actividades b\u00e1sicas (en un 29,1%).<\/p>\n<p>\u00abCon estas cifras, casi uno de cada seis trabajadores con discapacidad pertenece al colectivo de trabajadores pobres, es decir, son trabajadores que residen en hogares con ingresos inferiores al umbral de la pobreza\u00bb, detalla.<\/p>\n<p>Por comunidades, las mayores tasas de actividad entre personas con discapacidad se encuentran en Pa\u00eds Vasco (49%), Comunidad Foral de Navarra (45,8%) y Regi\u00f3n de Murcia (44,8%), adem\u00e1s de en las ciudades aut\u00f3nomas de Ceuta y Melilla (52,4%). Por el contrario, est\u00e1n a la cola Galicia (26,6%), Asturias (26,8%), Andaluc\u00eda (33,3%) y Canarias (33,8%).<\/p>\n<p>Por sectores, Maart\u00ednez se\u00f1ala que la \u00abinserci\u00f3n laboral natural\u00bb es a trav\u00e9s de empresas que ofrecen lo que se conoce como &#8216;facility services&#8217;, es decir, servicios de limpieza, jardiner\u00eda, secretar\u00eda, alimentaci\u00f3n, etc.<\/p>\n<p>PAPEL DE LOS CEE<\/p>\n<p>Por todo ello, el experto subraya \u00abel papel importante\u00bb que tienen los Centros Especiales de Empleo (CEE) \u00abya que son una herramienta prevista en la Ley para cumplir con la integraci\u00f3n de personas con discapacidad, empresas cuyo objetivo es proporcionar a las personas con discapacidad la realizaci\u00f3n de un trabajo productivo y remunerado, adecuado a sus caracter\u00edsticas personales y que facilite su integraci\u00f3n en el mercado laboral\u00bb.<\/p>\n<p>\u00abLos CEE suponen un trampol\u00edn para las personas con discapacidad porque les dota de capacidades para desenvolverse en la vida profesional y en sociedad y, por tanto, para su plena integraci\u00f3n. Los CEE realizan una labor de selecci\u00f3n, de formaci\u00f3n, de preparaci\u00f3n que obliga a la persona con discapacidad a acostumbrarse a una rutina, a responsabilizarse de su tarea etc\u00bb, detalla.<\/p>\n<p>Por \u00faltimo, explica que desde la consultora se quiere \u00abmejorar el tejido productivo espa\u00f1ol, pero a la vez hacerlo m\u00e1s social y comprometido y mejorar la situaci\u00f3n de las personas con discapacidad\u00bb. \u00abSi conseguimos que se formen m\u00e1s CEE, mejorar\u00e1 el empleo de las personas con discapacidad. Esto es importante porque s\u00f3lo si se integran en el mundo laboral, podremos conseguir su verdadera integraci\u00f3n en la sociedad\u00bb, apostilla.<\/p>\n","protected":false},"excerpt":{"rendered":"<p>El 81% de las empresas espa\u00f1olas no cumple a\u00fan con la ley de inserci\u00f3n laboral de personas con discapacidad (LISMI) que establece una cuota m\u00ednima de un 2% de empleados con discapacidad para empresas de 50 o m\u00e1s empleados, seg\u00fan se desprende de un estudio realizado por la consultora Leialta sobre la inserci\u00f3n laboral de [&hellip;]<\/p>\n","protected":false},"author":1,"featured_media":861505,"comment_status":"closed","ping_status":"closed","sticky":false,"template":"","format":"standard","meta":{"footnotes":""},"categories":[28],"tags":[],"class_list":["post-861504","post","type-post","status-publish","format-standard","has-post-thumbnail","hentry","category-sociedad"],"aioseo_notices":[],"aioseo_head":"\n\t\t<!-- All in One SEO Pro 4.9.6.2 - aioseo.com -->\n\t<meta name=\"description\" content=\"El 81% de las empresas espa\u00f1olas no cumple a\u00fan con la ley de inserci\u00f3n laboral de personas con discapacidad (LISMI) que establece una cuota m\u00ednima de un 2% de empleados con discapacidad para empresas de 50 o m\u00e1s empleados, seg\u00fan se desprende de un estudio realizado por la consultora Leialta sobre la inserci\u00f3n laboral de\" \/>\n\t<meta name=\"robots\" content=\"max-image-preview:large\" \/>\n\t<meta name=\"author\" content=\"El Digital de Asturias\"\/>\n\t<meta name=\"google-site-verification\" content=\"UA-38556648-1\" \/>\n\t<meta name=\"msvalidate.01\" content=\"7dfe9f3f1b24437ab69f4f2559babe99\" \/>\n\t<meta name=\"keywords\" content=\"sociedad\" \/>\n\t<link rel=\"canonical\" href=\"https:\/\/www.eldigitaldeasturias.com\/noticias\/el-81-de-empresas-espanolas-no-cumple-con-la-ley-de-insercion-laboral-de-personas-con-discapacidad\/\" \/>\n\t<meta name=\"generator\" content=\"All in One SEO Pro (AIOSEO) 4.9.6.2\" \/>\n\t\t<meta property=\"og:locale\" content=\"es_ES\" \/>\n\t\t<meta property=\"og:site_name\" content=\"El Digital de Asturias\" \/>\n\t\t<meta property=\"og:type\" content=\"article\" \/>\n\t\t<meta property=\"og:title\" content=\"El 81% de empresas espa\u00f1olas no cumple con la Ley de Inserci\u00f3n Laboral de Personas con Discapacidad - El Digital de Asturias\" \/>\n\t\t<meta property=\"og:description\" content=\"El 81% de las empresas espa\u00f1olas no cumple a\u00fan con la ley de inserci\u00f3n laboral de personas con discapacidad (LISMI) que establece una cuota m\u00ednima de un 2% de empleados con discapacidad para empresas de 50 o m\u00e1s empleados, seg\u00fan se desprende de un estudio realizado por la consultora Leialta sobre la inserci\u00f3n laboral de\" \/>\n\t\t<meta property=\"og:url\" content=\"https:\/\/www.eldigitaldeasturias.com\/noticias\/el-81-de-empresas-espanolas-no-cumple-con-la-ley-de-insercion-laboral-de-personas-con-discapacidad\/\" \/>\n\t\t<meta property=\"og:image\" content=\"https:\/\/www.eldigitaldeasturias.com\/noticias\/wp-content\/uploads\/2016\/02\/fotonoticia_20160223183457_800.jpg\" \/>\n\t\t<meta property=\"og:image:secure_url\" content=\"https:\/\/www.eldigitaldeasturias.com\/noticias\/wp-content\/uploads\/2016\/02\/fotonoticia_20160223183457_800.jpg\" \/>\n\t\t<meta property=\"og:image:width\" content=\"800\" \/>\n\t\t<meta property=\"og:image:height\" content=\"600\" \/>\n\t\t<meta property=\"article:tag\" content=\"sociedad\" \/>\n\t\t<meta property=\"article:published_time\" content=\"2016-02-24T05:00:55+00:00\" \/>\n\t\t<meta property=\"article:modified_time\" content=\"2016-02-24T05:00:55+00:00\" \/>\n\t\t<meta property=\"article:publisher\" content=\"https:\/\/facebook.com\/eldigitaldeasturias\" \/>\n\t\t<meta name=\"twitter:card\" content=\"summary_large_image\" \/>\n\t\t<meta name=\"twitter:title\" content=\"El 81% de empresas espa\u00f1olas no cumple con la Ley de Inserci\u00f3n Laboral de Personas con Discapacidad - El Digital de Asturias\" \/>\n\t\t<meta name=\"twitter:description\" content=\"El 81% de las empresas espa\u00f1olas no cumple a\u00fan con la ley de inserci\u00f3n laboral de personas con discapacidad (LISMI) que establece una cuota m\u00ednima de un 2% de empleados con discapacidad para empresas de 50 o m\u00e1s empleados, seg\u00fan se desprende de un estudio realizado por la consultora Leialta sobre la inserci\u00f3n laboral de\" \/>\n\t\t<meta name=\"twitter:image\" content=\"https:\/\/www.eldigitaldeasturias.com\/noticias\/wp-content\/uploads\/2016\/02\/fotonoticia_20160223183457_800.jpg\" \/>\n\t\t<meta name=\"twitter:label1\" content=\"Escrito por\" \/>\n\t\t<meta name=\"twitter:data1\" content=\"El Digital de Asturias\" \/>\n\t\t<meta name=\"twitter:label2\" content=\"Tiempo de lectura estimado\" \/>\n\t\t<meta name=\"twitter:data2\" content=\"4 minutos\" \/>\n\t\t<script type=\"application\/ld+json\" class=\"aioseo-schema\">\n\t\t\t{\"@context\":\"https:\\\/\\\/schema.org\",\"@graph\":[{\"@type\":\"BlogPosting\",\"@id\":\"https:\\\/\\\/www.eldigitaldeasturias.com\\\/noticias\\\/el-81-de-empresas-espanolas-no-cumple-con-la-ley-de-insercion-laboral-de-personas-con-discapacidad\\\/#blogposting\",\"name\":\"El 81% de empresas espa\\u00f1olas no cumple con la Ley de Inserci\\u00f3n Laboral de Personas con Discapacidad - El Digital de Asturias\",\"headline\":\"El 81% de empresas espa\\u00f1olas no cumple con la Ley de Inserci\\u00f3n Laboral de Personas con Discapacidad\",\"author\":{\"@id\":\"https:\\\/\\\/www.eldigitaldeasturias.com\\\/noticias\\\/author\\\/admin\\\/#author\"},\"publisher\":{\"@id\":\"https:\\\/\\\/www.eldigitaldeasturias.com\\\/noticias\\\/#organization\"},\"image\":{\"@type\":\"ImageObject\",\"url\":\"https:\\\/\\\/www.eldigitaldeasturias.com\\\/noticias\\\/wp-content\\\/uploads\\\/2016\\\/02\\\/fotonoticia_20160223183457_800.jpg\",\"width\":800,\"height\":600},\"datePublished\":\"2016-02-24T05:00:55+01:00\",\"dateModified\":\"2016-02-24T05:00:55+01:00\",\"inLanguage\":\"es-ES\",\"mainEntityOfPage\":{\"@id\":\"https:\\\/\\\/www.eldigitaldeasturias.com\\\/noticias\\\/el-81-de-empresas-espanolas-no-cumple-con-la-ley-de-insercion-laboral-de-personas-con-discapacidad\\\/#webpage\"},\"isPartOf\":{\"@id\":\"https:\\\/\\\/www.eldigitaldeasturias.com\\\/noticias\\\/el-81-de-empresas-espanolas-no-cumple-con-la-ley-de-insercion-laboral-de-personas-con-discapacidad\\\/#webpage\"},\"articleSection\":\"Sociedad\"},{\"@type\":\"BreadcrumbList\",\"@id\":\"https:\\\/\\\/www.eldigitaldeasturias.com\\\/noticias\\\/el-81-de-empresas-espanolas-no-cumple-con-la-ley-de-insercion-laboral-de-personas-con-discapacidad\\\/#breadcrumblist\",\"itemListElement\":[{\"@type\":\"ListItem\",\"@id\":\"https:\\\/\\\/www.eldigitaldeasturias.com\\\/noticias#listItem\",\"position\":1,\"name\":\"Home\",\"item\":\"https:\\\/\\\/www.eldigitaldeasturias.com\\\/noticias\",\"nextItem\":{\"@type\":\"ListItem\",\"@id\":\"https:\\\/\\\/www.eldigitaldeasturias.com\\\/noticias\\\/category\\\/sociedad\\\/#listItem\",\"name\":\"Sociedad\"}},{\"@type\":\"ListItem\",\"@id\":\"https:\\\/\\\/www.eldigitaldeasturias.com\\\/noticias\\\/category\\\/sociedad\\\/#listItem\",\"position\":2,\"name\":\"Sociedad\",\"item\":\"https:\\\/\\\/www.eldigitaldeasturias.com\\\/noticias\\\/category\\\/sociedad\\\/\",\"nextItem\":{\"@type\":\"ListItem\",\"@id\":\"https:\\\/\\\/www.eldigitaldeasturias.com\\\/noticias\\\/el-81-de-empresas-espanolas-no-cumple-con-la-ley-de-insercion-laboral-de-personas-con-discapacidad\\\/#listItem\",\"name\":\"El 81% de empresas espa\\u00f1olas no cumple con la Ley de Inserci\\u00f3n Laboral de Personas con Discapacidad\"},\"previousItem\":{\"@type\":\"ListItem\",\"@id\":\"https:\\\/\\\/www.eldigitaldeasturias.com\\\/noticias#listItem\",\"name\":\"Home\"}},{\"@type\":\"ListItem\",\"@id\":\"https:\\\/\\\/www.eldigitaldeasturias.com\\\/noticias\\\/el-81-de-empresas-espanolas-no-cumple-con-la-ley-de-insercion-laboral-de-personas-con-discapacidad\\\/#listItem\",\"position\":3,\"name\":\"El 81% de empresas espa\\u00f1olas no cumple con la Ley de Inserci\\u00f3n Laboral de Personas con Discapacidad\",\"previousItem\":{\"@type\":\"ListItem\",\"@id\":\"https:\\\/\\\/www.eldigitaldeasturias.com\\\/noticias\\\/category\\\/sociedad\\\/#listItem\",\"name\":\"Sociedad\"}}]},{\"@type\":\"Organization\",\"@id\":\"https:\\\/\\\/www.eldigitaldeasturias.com\\\/noticias\\\/#organization\",\"name\":\"El Digital de Asturias\",\"description\":\"Hemeroteca\",\"url\":\"https:\\\/\\\/www.eldigitaldeasturias.com\\\/noticias\\\/\",\"email\":\"info@eldigitaldeasturias.com\",\"telephone\":\"+34652131393\",\"logo\":{\"@type\":\"ImageObject\",\"url\":\"https:\\\/\\\/www.eldigitaldeasturias.com\\\/noticias\\\/wp-content\\\/uploads\\\/2020\\\/12\\\/EDA.jpg\",\"@id\":\"https:\\\/\\\/www.eldigitaldeasturias.com\\\/noticias\\\/el-81-de-empresas-espanolas-no-cumple-con-la-ley-de-insercion-laboral-de-personas-con-discapacidad\\\/#organizationLogo\",\"width\":649,\"height\":297},\"image\":{\"@id\":\"https:\\\/\\\/www.eldigitaldeasturias.com\\\/noticias\\\/el-81-de-empresas-espanolas-no-cumple-con-la-ley-de-insercion-laboral-de-personas-con-discapacidad\\\/#organizationLogo\"},\"sameAs\":[\"https:\\\/\\\/facebook.com\\\/eldigitaldeasturias\",\"https:\\\/\\\/www.youtube.com\\\/channel\\\/UCZP-2wLEB9Rv6erhFmqVnvg\"],\"address\":{\"@id\":\"https:\\\/\\\/www.eldigitaldeasturias.com\\\/noticias\\\/#postaladdress\",\"@type\":\"PostalAddress\",\"streetAddress\":\"san antonio 4,\",\"postalCode\":\"33430\",\"addressLocality\":\"Cand\\u00e1s\",\"addressRegion\":\"Asturias\",\"addressCountry\":\"ES\"}},{\"@type\":\"Person\",\"@id\":\"https:\\\/\\\/www.eldigitaldeasturias.com\\\/noticias\\\/author\\\/admin\\\/#author\",\"url\":\"https:\\\/\\\/www.eldigitaldeasturias.com\\\/noticias\\\/author\\\/admin\\\/\",\"name\":\"El Digital de Asturias\",\"image\":{\"@type\":\"ImageObject\",\"@id\":\"https:\\\/\\\/www.eldigitaldeasturias.com\\\/noticias\\\/el-81-de-empresas-espanolas-no-cumple-con-la-ley-de-insercion-laboral-de-personas-con-discapacidad\\\/#authorImage\",\"url\":\"https:\\\/\\\/www.eldigitaldeasturias.com\\\/noticias\\\/wp-content\\\/litespeed\\\/avatar\\\/18677e78aa0546b92d9dbf31ec7d7668.jpg?ver=1777290358\",\"width\":96,\"height\":96,\"caption\":\"El Digital de Asturias\"}},{\"@type\":\"WebPage\",\"@id\":\"https:\\\/\\\/www.eldigitaldeasturias.com\\\/noticias\\\/el-81-de-empresas-espanolas-no-cumple-con-la-ley-de-insercion-laboral-de-personas-con-discapacidad\\\/#webpage\",\"url\":\"https:\\\/\\\/www.eldigitaldeasturias.com\\\/noticias\\\/el-81-de-empresas-espanolas-no-cumple-con-la-ley-de-insercion-laboral-de-personas-con-discapacidad\\\/\",\"name\":\"El 81% de empresas espa\\u00f1olas no cumple con la Ley de Inserci\\u00f3n Laboral de Personas con Discapacidad - El Digital de Asturias\",\"description\":\"El 81% de las empresas espa\\u00f1olas no cumple a\\u00fan con la ley de inserci\\u00f3n laboral de personas con discapacidad (LISMI) que establece una cuota m\\u00ednima de un 2% de empleados con discapacidad para empresas de 50 o m\\u00e1s empleados, seg\\u00fan se desprende de un estudio realizado por la consultora Leialta sobre la inserci\\u00f3n laboral de\",\"inLanguage\":\"es-ES\",\"isPartOf\":{\"@id\":\"https:\\\/\\\/www.eldigitaldeasturias.com\\\/noticias\\\/#website\"},\"breadcrumb\":{\"@id\":\"https:\\\/\\\/www.eldigitaldeasturias.com\\\/noticias\\\/el-81-de-empresas-espanolas-no-cumple-con-la-ley-de-insercion-laboral-de-personas-con-discapacidad\\\/#breadcrumblist\"},\"author\":{\"@id\":\"https:\\\/\\\/www.eldigitaldeasturias.com\\\/noticias\\\/author\\\/admin\\\/#author\"},\"creator\":{\"@id\":\"https:\\\/\\\/www.eldigitaldeasturias.com\\\/noticias\\\/author\\\/admin\\\/#author\"},\"image\":{\"@type\":\"ImageObject\",\"url\":\"https:\\\/\\\/www.eldigitaldeasturias.com\\\/noticias\\\/wp-content\\\/uploads\\\/2016\\\/02\\\/fotonoticia_20160223183457_800.jpg\",\"@id\":\"https:\\\/\\\/www.eldigitaldeasturias.com\\\/noticias\\\/el-81-de-empresas-espanolas-no-cumple-con-la-ley-de-insercion-laboral-de-personas-con-discapacidad\\\/#mainImage\",\"width\":800,\"height\":600},\"primaryImageOfPage\":{\"@id\":\"https:\\\/\\\/www.eldigitaldeasturias.com\\\/noticias\\\/el-81-de-empresas-espanolas-no-cumple-con-la-ley-de-insercion-laboral-de-personas-con-discapacidad\\\/#mainImage\"},\"datePublished\":\"2016-02-24T05:00:55+01:00\",\"dateModified\":\"2016-02-24T05:00:55+01:00\"},{\"@type\":\"WebSite\",\"@id\":\"https:\\\/\\\/www.eldigitaldeasturias.com\\\/noticias\\\/#website\",\"url\":\"https:\\\/\\\/www.eldigitaldeasturias.com\\\/noticias\\\/\",\"name\":\"El Digital de Asturias - Diario de actualidad y noticias\",\"alternateName\":\"El Digital de Asturias - Diario de actualidad y noticias\",\"description\":\"Hemeroteca\",\"inLanguage\":\"es-ES\",\"publisher\":{\"@id\":\"https:\\\/\\\/www.eldigitaldeasturias.com\\\/noticias\\\/#organization\"}}]}\n\t\t<\/script>\n\t\t<!-- All in One SEO Pro -->\r\n\t\t<title>El 81% de empresas espa\u00f1olas no cumple con la Ley de Inserci\u00f3n Laboral de Personas con Discapacidad - El Digital de Asturias<\/title>\n\n","aioseo_head_json":{"title":"El 81% de empresas espa\u00f1olas no cumple con la Ley de Inserci\u00f3n Laboral de Personas con Discapacidad - El Digital de Asturias","description":"El 81% de las empresas espa\u00f1olas no cumple a\u00fan con la ley de inserci\u00f3n laboral de personas con discapacidad (LISMI) que establece una cuota m\u00ednima de un 2% de empleados con discapacidad para empresas de 50 o m\u00e1s empleados, seg\u00fan se desprende de un estudio realizado por la consultora Leialta sobre la inserci\u00f3n laboral de","canonical_url":"https:\/\/www.eldigitaldeasturias.com\/noticias\/el-81-de-empresas-espanolas-no-cumple-con-la-ley-de-insercion-laboral-de-personas-con-discapacidad\/","robots":"max-image-preview:large","keywords":"sociedad","webmasterTools":{"google-site-verification":"UA-38556648-1","msvalidate.01":"7dfe9f3f1b24437ab69f4f2559babe99","miscellaneous":""},"schema":{"@context":"https:\/\/schema.org","@graph":[{"@type":"BlogPosting","@id":"https:\/\/www.eldigitaldeasturias.com\/noticias\/el-81-de-empresas-espanolas-no-cumple-con-la-ley-de-insercion-laboral-de-personas-con-discapacidad\/#blogposting","name":"El 81% de empresas espa\u00f1olas no cumple con la Ley de Inserci\u00f3n Laboral de Personas con Discapacidad - El Digital de Asturias","headline":"El 81% de empresas espa\u00f1olas no cumple con la Ley de Inserci\u00f3n Laboral de Personas con Discapacidad","author":{"@id":"https:\/\/www.eldigitaldeasturias.com\/noticias\/author\/admin\/#author"},"publisher":{"@id":"https:\/\/www.eldigitaldeasturias.com\/noticias\/#organization"},"image":{"@type":"ImageObject","url":"https:\/\/www.eldigitaldeasturias.com\/noticias\/wp-content\/uploads\/2016\/02\/fotonoticia_20160223183457_800.jpg","width":800,"height":600},"datePublished":"2016-02-24T05:00:55+01:00","dateModified":"2016-02-24T05:00:55+01:00","inLanguage":"es-ES","mainEntityOfPage":{"@id":"https:\/\/www.eldigitaldeasturias.com\/noticias\/el-81-de-empresas-espanolas-no-cumple-con-la-ley-de-insercion-laboral-de-personas-con-discapacidad\/#webpage"},"isPartOf":{"@id":"https:\/\/www.eldigitaldeasturias.com\/noticias\/el-81-de-empresas-espanolas-no-cumple-con-la-ley-de-insercion-laboral-de-personas-con-discapacidad\/#webpage"},"articleSection":"Sociedad"},{"@type":"BreadcrumbList","@id":"https:\/\/www.eldigitaldeasturias.com\/noticias\/el-81-de-empresas-espanolas-no-cumple-con-la-ley-de-insercion-laboral-de-personas-con-discapacidad\/#breadcrumblist","itemListElement":[{"@type":"ListItem","@id":"https:\/\/www.eldigitaldeasturias.com\/noticias#listItem","position":1,"name":"Home","item":"https:\/\/www.eldigitaldeasturias.com\/noticias","nextItem":{"@type":"ListItem","@id":"https:\/\/www.eldigitaldeasturias.com\/noticias\/category\/sociedad\/#listItem","name":"Sociedad"}},{"@type":"ListItem","@id":"https:\/\/www.eldigitaldeasturias.com\/noticias\/category\/sociedad\/#listItem","position":2,"name":"Sociedad","item":"https:\/\/www.eldigitaldeasturias.com\/noticias\/category\/sociedad\/","nextItem":{"@type":"ListItem","@id":"https:\/\/www.eldigitaldeasturias.com\/noticias\/el-81-de-empresas-espanolas-no-cumple-con-la-ley-de-insercion-laboral-de-personas-con-discapacidad\/#listItem","name":"El 81% de empresas espa\u00f1olas no cumple con la Ley de Inserci\u00f3n Laboral de Personas con Discapacidad"},"previousItem":{"@type":"ListItem","@id":"https:\/\/www.eldigitaldeasturias.com\/noticias#listItem","name":"Home"}},{"@type":"ListItem","@id":"https:\/\/www.eldigitaldeasturias.com\/noticias\/el-81-de-empresas-espanolas-no-cumple-con-la-ley-de-insercion-laboral-de-personas-con-discapacidad\/#listItem","position":3,"name":"El 81% de empresas espa\u00f1olas no cumple con la Ley de Inserci\u00f3n Laboral de Personas con Discapacidad","previousItem":{"@type":"ListItem","@id":"https:\/\/www.eldigitaldeasturias.com\/noticias\/category\/sociedad\/#listItem","name":"Sociedad"}}]},{"@type":"Organization","@id":"https:\/\/www.eldigitaldeasturias.com\/noticias\/#organization","name":"El Digital de Asturias","description":"Hemeroteca","url":"https:\/\/www.eldigitaldeasturias.com\/noticias\/","email":"info@eldigitaldeasturias.com","telephone":"+34652131393","logo":{"@type":"ImageObject","url":"https:\/\/www.eldigitaldeasturias.com\/noticias\/wp-content\/uploads\/2020\/12\/EDA.jpg","@id":"https:\/\/www.eldigitaldeasturias.com\/noticias\/el-81-de-empresas-espanolas-no-cumple-con-la-ley-de-insercion-laboral-de-personas-con-discapacidad\/#organizationLogo","width":649,"height":297},"image":{"@id":"https:\/\/www.eldigitaldeasturias.com\/noticias\/el-81-de-empresas-espanolas-no-cumple-con-la-ley-de-insercion-laboral-de-personas-con-discapacidad\/#organizationLogo"},"sameAs":["https:\/\/facebook.com\/eldigitaldeasturias","https:\/\/www.youtube.com\/channel\/UCZP-2wLEB9Rv6erhFmqVnvg"],"address":{"@id":"https:\/\/www.eldigitaldeasturias.com\/noticias\/#postaladdress","@type":"PostalAddress","streetAddress":"san antonio 4,","postalCode":"33430","addressLocality":"Cand\u00e1s","addressRegion":"Asturias","addressCountry":"ES"}},{"@type":"Person","@id":"https:\/\/www.eldigitaldeasturias.com\/noticias\/author\/admin\/#author","url":"https:\/\/www.eldigitaldeasturias.com\/noticias\/author\/admin\/","name":"El Digital de Asturias","image":{"@type":"ImageObject","@id":"https:\/\/www.eldigitaldeasturias.com\/noticias\/el-81-de-empresas-espanolas-no-cumple-con-la-ley-de-insercion-laboral-de-personas-con-discapacidad\/#authorImage","url":"https:\/\/www.eldigitaldeasturias.com\/noticias\/wp-content\/litespeed\/avatar\/18677e78aa0546b92d9dbf31ec7d7668.jpg?ver=1777290358","width":96,"height":96,"caption":"El Digital de Asturias"}},{"@type":"WebPage","@id":"https:\/\/www.eldigitaldeasturias.com\/noticias\/el-81-de-empresas-espanolas-no-cumple-con-la-ley-de-insercion-laboral-de-personas-con-discapacidad\/#webpage","url":"https:\/\/www.eldigitaldeasturias.com\/noticias\/el-81-de-empresas-espanolas-no-cumple-con-la-ley-de-insercion-laboral-de-personas-con-discapacidad\/","name":"El 81% de empresas espa\u00f1olas no cumple con la Ley de Inserci\u00f3n Laboral de Personas con Discapacidad - El Digital de Asturias","description":"El 81% de las empresas espa\u00f1olas no cumple a\u00fan con la ley de inserci\u00f3n laboral de personas con discapacidad (LISMI) que establece una cuota m\u00ednima de un 2% de empleados con discapacidad para empresas de 50 o m\u00e1s empleados, seg\u00fan se desprende de un estudio realizado por la consultora Leialta sobre la inserci\u00f3n laboral de","inLanguage":"es-ES","isPartOf":{"@id":"https:\/\/www.eldigitaldeasturias.com\/noticias\/#website"},"breadcrumb":{"@id":"https:\/\/www.eldigitaldeasturias.com\/noticias\/el-81-de-empresas-espanolas-no-cumple-con-la-ley-de-insercion-laboral-de-personas-con-discapacidad\/#breadcrumblist"},"author":{"@id":"https:\/\/www.eldigitaldeasturias.com\/noticias\/author\/admin\/#author"},"creator":{"@id":"https:\/\/www.eldigitaldeasturias.com\/noticias\/author\/admin\/#author"},"image":{"@type":"ImageObject","url":"https:\/\/www.eldigitaldeasturias.com\/noticias\/wp-content\/uploads\/2016\/02\/fotonoticia_20160223183457_800.jpg","@id":"https:\/\/www.eldigitaldeasturias.com\/noticias\/el-81-de-empresas-espanolas-no-cumple-con-la-ley-de-insercion-laboral-de-personas-con-discapacidad\/#mainImage","width":800,"height":600},"primaryImageOfPage":{"@id":"https:\/\/www.eldigitaldeasturias.com\/noticias\/el-81-de-empresas-espanolas-no-cumple-con-la-ley-de-insercion-laboral-de-personas-con-discapacidad\/#mainImage"},"datePublished":"2016-02-24T05:00:55+01:00","dateModified":"2016-02-24T05:00:55+01:00"},{"@type":"WebSite","@id":"https:\/\/www.eldigitaldeasturias.com\/noticias\/#website","url":"https:\/\/www.eldigitaldeasturias.com\/noticias\/","name":"El Digital de Asturias - Diario de actualidad y noticias","alternateName":"El Digital de Asturias - Diario de actualidad y noticias","description":"Hemeroteca","inLanguage":"es-ES","publisher":{"@id":"https:\/\/www.eldigitaldeasturias.com\/noticias\/#organization"}}]},"og:locale":"es_ES","og:site_name":"El Digital de Asturias","og:type":"article","og:title":"El 81% de empresas espa\u00f1olas no cumple con la Ley de Inserci\u00f3n Laboral de Personas con Discapacidad - El Digital de Asturias","og:description":"El 81% de las empresas espa\u00f1olas no cumple a\u00fan con la ley de inserci\u00f3n laboral de personas con discapacidad (LISMI) que establece una cuota m\u00ednima de un 2% de empleados con discapacidad para empresas de 50 o m\u00e1s empleados, seg\u00fan se desprende de un estudio realizado por la consultora Leialta sobre la inserci\u00f3n laboral de","og:url":"https:\/\/www.eldigitaldeasturias.com\/noticias\/el-81-de-empresas-espanolas-no-cumple-con-la-ley-de-insercion-laboral-de-personas-con-discapacidad\/","og:image":"https:\/\/www.eldigitaldeasturias.com\/noticias\/wp-content\/uploads\/2016\/02\/fotonoticia_20160223183457_800.jpg","og:image:secure_url":"https:\/\/www.eldigitaldeasturias.com\/noticias\/wp-content\/uploads\/2016\/02\/fotonoticia_20160223183457_800.jpg","og:image:width":800,"og:image:height":600,"article:tag":["sociedad"],"article:published_time":"2016-02-24T05:00:55+00:00","article:modified_time":"2016-02-24T05:00:55+00:00","article:publisher":"https:\/\/facebook.com\/eldigitaldeasturias","twitter:card":"summary_large_image","twitter:title":"El 81% de empresas espa\u00f1olas no cumple con la Ley de Inserci\u00f3n Laboral de Personas con Discapacidad - El Digital de Asturias","twitter:description":"El 81% de las empresas espa\u00f1olas no cumple a\u00fan con la ley de inserci\u00f3n laboral de personas con discapacidad (LISMI) que establece una cuota m\u00ednima de un 2% de empleados con discapacidad para empresas de 50 o m\u00e1s empleados, seg\u00fan se desprende de un estudio realizado por la consultora Leialta sobre la inserci\u00f3n laboral de","twitter:image":"https:\/\/www.eldigitaldeasturias.com\/noticias\/wp-content\/uploads\/2016\/02\/fotonoticia_20160223183457_800.jpg","twitter:label1":"Escrito por","twitter:data1":"El Digital de Asturias","twitter:label2":"Tiempo de lectura estimado","twitter:data2":"4 minutos"},"aioseo_meta_data":{"post_id":"861504","title":null,"description":null,"keywords":null,"keyphrases":null,"primary_term":null,"canonical_url":null,"og_title":null,"og_description":null,"og_object_type":"default","og_image_type":"default","og_image_url":null,"og_image_width":null,"og_image_height":null,"og_image_custom_url":null,"og_image_custom_fields":null,"og_video":null,"og_custom_url":null,"og_article_section":null,"og_article_tags":null,"twitter_use_og":false,"twitter_card":"default","twitter_image_type":"default","twitter_image_url":null,"twitter_image_custom_url":null,"twitter_image_custom_fields":null,"twitter_title":null,"twitter_description":null,"schema":{"blockGraphs":[],"customGraphs":[],"default":{"data":{"Article":[],"Course":[],"Dataset":[],"FAQPage":[],"Movie":[],"Person":[],"Product":[],"ProductReview":[],"Car":[],"Recipe":[],"Service":[],"SoftwareApplication":[],"WebPage":[]},"graphName":"","isEnabled":true},"graphs":[],"defaultGraph":"","defaultPostTypeGraph":""},"schema_type":null,"schema_type_options":null,"pillar_content":false,"robots_default":true,"robots_noindex":false,"robots_noarchive":false,"robots_nosnippet":false,"robots_nofollow":false,"robots_noimageindex":false,"robots_noodp":false,"robots_notranslate":false,"robots_max_snippet":null,"robots_max_videopreview":null,"robots_max_imagepreview":"large","priority":null,"frequency":null,"local_seo":null,"seo_analyzer_scan_date":"2025-12-10 21:27:10","breadcrumb_settings":null,"limit_modified_date":false,"open_ai":null,"ai":null,"created":"2021-01-23 02:38:36","updated":"2025-12-10 21:27:10"},"aioseo_breadcrumb":"<div class=\"aioseo-breadcrumbs\"><span class=\"aioseo-breadcrumb\">\n\t<a href=\"https:\/\/www.eldigitaldeasturias.com\/noticias\" title=\"Home\">Home<\/a>\n<\/span><span class=\"aioseo-breadcrumb-separator\">\u2013<\/span><span class=\"aioseo-breadcrumb\">\n\t<a href=\"https:\/\/www.eldigitaldeasturias.com\/noticias\/category\/sociedad\/\" title=\"Sociedad\">Sociedad<\/a>\n<\/span><span class=\"aioseo-breadcrumb-separator\">\u2013<\/span><span class=\"aioseo-breadcrumb\">\n\t<a href=\"https:\/\/www.eldigitaldeasturias.com\/noticias\/el-81-de-empresas-espanolas-no-cumple-con-la-ley-de-insercion-laboral-de-personas-con-discapacidad\/\" title=\"El 81% de empresas espa\u00f1olas no cumple con la Ley de Inserci\u00f3n Laboral de Personas con Discapacidad\">El 81% de empresas espa\u00f1olas no cumple con la Ley de Inserci\u00f3n Laboral de Personas con Discapacidad<\/a>\n<\/span><\/div>","aioseo_breadcrumb_json":[{"label":"Home","link":"https:\/\/www.eldigitaldeasturias.com\/noticias"},{"label":"Sociedad","link":"https:\/\/www.eldigitaldeasturias.com\/noticias\/category\/sociedad\/"},{"label":"El 81% de empresas espa\u00f1olas no cumple con la Ley de Inserci\u00f3n Laboral de Personas con Discapacidad","link":"https:\/\/www.eldigitaldeasturias.com\/noticias\/el-81-de-empresas-espanolas-no-cumple-con-la-ley-de-insercion-laboral-de-personas-con-discapacidad\/"}],"_links":{"self":[{"href":"https:\/\/www.eldigitaldeasturias.com\/noticias\/wp-json\/wp\/v2\/posts\/861504","targetHints":{"allow":["GET"]}}],"collection":[{"href":"https:\/\/www.eldigitaldeasturias.com\/noticias\/wp-json\/wp\/v2\/posts"}],"about":[{"href":"https:\/\/www.eldigitaldeasturias.com\/noticias\/wp-json\/wp\/v2\/types\/post"}],"author":[{"embeddable":true,"href":"https:\/\/www.eldigitaldeasturias.com\/noticias\/wp-json\/wp\/v2\/users\/1"}],"replies":[{"embeddable":true,"href":"https:\/\/www.eldigitaldeasturias.com\/noticias\/wp-json\/wp\/v2\/comments?post=861504"}],"version-history":[{"count":0,"href":"https:\/\/www.eldigitaldeasturias.com\/noticias\/wp-json\/wp\/v2\/posts\/861504\/revisions"}],"wp:featuredmedia":[{"embeddable":true,"href":"https:\/\/www.eldigitaldeasturias.com\/noticias\/wp-json\/wp\/v2\/media\/861505"}],"wp:attachment":[{"href":"https:\/\/www.eldigitaldeasturias.com\/noticias\/wp-json\/wp\/v2\/media?parent=861504"}],"wp:term":[{"taxonomy":"category","embeddable":true,"href":"https:\/\/www.eldigitaldeasturias.com\/noticias\/wp-json\/wp\/v2\/categories?post=861504"},{"taxonomy":"post_tag","embeddable":true,"href":"https:\/\/www.eldigitaldeasturias.com\/noticias\/wp-json\/wp\/v2\/tags?post=861504"}],"curies":[{"name":"wp","href":"https:\/\/api.w.org\/{rel}","templated":true}]}}