{"id":861500,"date":"2016-02-24T04:50:27","date_gmt":"2016-02-24T04:50:27","guid":{"rendered":"http:\/\/www.eldigitaldeasturias.com\/noticias\/?p=861500"},"modified":"2016-02-24T04:50:27","modified_gmt":"2016-02-24T04:50:27","slug":"los-puntos-clave-del-acuerdo-entre-sanchez-y-rivera","status":"publish","type":"post","link":"https:\/\/www.eldigitaldeasturias.com\/noticias\/los-puntos-clave-del-acuerdo-entre-sanchez-y-rivera\/","title":{"rendered":"Los puntos \u00abclave\u00bb del acuerdo entre S\u00e1nchez y Rivera"},"content":{"rendered":"<p><img loading=\"lazy\" decoding=\"async\" class=\"alignleft size-medium wp-image-861501\" src=\"https:\/\/www.eldigitaldeasturias.com\/noticias\/wp-content\/uploads\/2016\/02\/fotonoticia_20160223205633_800-360x247.jpg\" alt=\"fotonoticia_20160223205633_800\" width=\"360\" height=\"247\" srcset=\"https:\/\/www.eldigitaldeasturias.com\/noticias\/wp-content\/uploads\/2016\/02\/fotonoticia_20160223205633_800-360x247.jpg 360w, https:\/\/www.eldigitaldeasturias.com\/noticias\/wp-content\/uploads\/2016\/02\/fotonoticia_20160223205633_800-768x527.jpg 768w, https:\/\/www.eldigitaldeasturias.com\/noticias\/wp-content\/uploads\/2016\/02\/fotonoticia_20160223205633_800-650x446.jpg 650w, https:\/\/www.eldigitaldeasturias.com\/noticias\/wp-content\/uploads\/2016\/02\/fotonoticia_20160223205633_800-210x144.jpg 210w, https:\/\/www.eldigitaldeasturias.com\/noticias\/wp-content\/uploads\/2016\/02\/fotonoticia_20160223205633_800.jpg 800w\" sizes=\"auto, (max-width: 360px) 100vw, 360px\" \/>El principio de acuerdo entre el PSOE y Ciudadanos sobre un programa de gobierno para esta legislatura establece que no se subir\u00e1 el IRPF, se reformar\u00e1 el Senado, para reducir su tama\u00f1o, y se modificar\u00e1 la redacci\u00f3n del art\u00edculo 135 de la Constituci\u00f3n, sobre la estabilidad presupuestaria, para garantizar la financiaci\u00f3n de pol\u00edticas sociales.<\/p>\n<p>Seg\u00fan han explicado fuentes del partido de Albert Rivera, los tipos del IRPF no se van a incrementar, mientras que en el impuesto de sociedades se quitar\u00e1n deducciones y bonificaciones y se ampliar\u00e1 la base para aumentar la recaudaci\u00f3n, previsiblemente hasta los 25.000 millones de euros anuales.<\/p>\n<p>Otro punto del acuerdo que contribuir\u00e1 a que haya m\u00e1s dinero en las arcas p\u00fablicas es la exigencia de que los defraudadores que se acogieron a la amnist\u00eda fiscal ofrecida por el Ejecutivo de Mariano Rajoy paguen en 2016 el 7% de los bienes declarados.<\/p>\n<p>El Gobierno estableci\u00f3 en 2012 que los defraudadores pagaran el 10% de los capitales, bienes o rentas ocultas al fisco, pero luego la Direcci\u00f3n General de Tributos decidi\u00f3 que este porcentaje no se aplicase al capital aflorado sino \u00fanicamente a los rendimientos de dichos fondos, de manera solo se recaud\u00f3 en torno al 3% del capital declarado. Si los amnistiados abonasen el 7% restante, se recaudar\u00edan unos 2.800 millones de euros.<\/p>\n<p>En cuanto al IVA, se modificar\u00e1 el tipo aplicable a los productos y servicios culturales, que pasar\u00e1 del general (21%) al reducido (10%). Por \u00faltimo, para el impuesto de patrimonio y el de sucesiones y donaciones se prev\u00e9 que en ning\u00fan caso los tengan que pagar la clase media y trabajadora.<\/p>\n<p>Respecto a la importante reforma del Senado por la que van a trabajar ambos partidos si finalmente cierran el pacto, las citadas fuentes han indicado que acabar\u00eda reduciendo el tama\u00f1o de este \u00f3rgano, cuyos miembros representar\u00edan a las comunidades aut\u00f3nomas.<\/p>\n<p>FINANCIACI\u00d3N DE LOS DERECHOS SOCIALES<\/p>\n<p>Asimismo, se cambiar\u00e1 el art\u00edculo 135 de la Carta Magna porque, seg\u00fan Ciudadanos, con su redacci\u00f3n actual no se puede garantizar la financiaci\u00f3n de las pol\u00edticas destinadas a garantizar ciertos derechos sociales. En la futura reforma constitucional, se incluir\u00e1 entre los derechos fundamentales el derecho a la sanidad.<\/p>\n<p>Actualmente, el derecho \u00aba la protecci\u00f3n a la salud\u00bb aparece en el Cap\u00edtulo III del T\u00edtulo I, dedicado a los principios rectores de la pol\u00edtica social y econ\u00f3mica y en el que tambi\u00e9n se menciona que los poderes p\u00fablicos promover\u00e1n el acceso a la cultura, la ciencia, la vivienda y la utilizaci\u00f3n racional de los recursos naturales. Las fuentes de C&#8217;s han avanzado que la idea es que los principios rectores pasen a ser considerados derechos.<\/p>\n<p>Pese al gasto que supondr\u00edan las pol\u00edticas sociales, los dos partidos se comprometen a que Espa\u00f1a cumpla sus objetivos de d\u00e9ficit, pero pidiendo a las instituciones europeas una flexibilizaci\u00f3n. Si el futuro Gobierno consigue que se relajen los objetivos, C&#8217;s cree que al final de la legislatura se podr\u00e1 alcanzar la estabilidad presupuestaria.<\/p>\n<p>Adem\u00e1s, el texto del acuerdo, cuya redacci\u00f3n a\u00fan no se ha completado porque PSOE y Ciudadanos todav\u00eda deben concretar algunas cuestiones, contempla promover la fusi\u00f3n de servicios municipales y crear un nuevo organismo para fomentar la transparencia.<\/p>\n<p>Sobre el modelo de relaciones laborales, uno de los puntos en los que las posiciones iniciales de cada partido parec\u00edan m\u00e1s alejadas, en la formaci\u00f3n naranja est\u00e1n satisfechos con el acuerdo alcanzado porque creen que servir\u00e1 para atajar la alta temporalidad.<\/p>\n","protected":false},"excerpt":{"rendered":"<p>El principio de acuerdo entre el PSOE y Ciudadanos sobre un programa de gobierno para esta legislatura establece que no se subir\u00e1 el IRPF, se reformar\u00e1 el Senado, para reducir su tama\u00f1o, y se modificar\u00e1 la redacci\u00f3n del art\u00edculo 135 de la Constituci\u00f3n, sobre la estabilidad presupuestaria, para garantizar la financiaci\u00f3n de pol\u00edticas sociales. Seg\u00fan [&hellip;]<\/p>\n","protected":false},"author":1,"featured_media":861501,"comment_status":"closed","ping_status":"closed","sticky":false,"template":"","format":"standard","meta":{"footnotes":""},"categories":[1],"tags":[],"class_list":["post-861500","post","type-post","status-publish","format-standard","has-post-thumbnail","hentry","category-actualidad"],"aioseo_notices":[],"aioseo_head":"\n\t\t<!-- All in One SEO Pro 4.9.6.2 - aioseo.com -->\n\t<meta name=\"description\" content=\"El principio de acuerdo entre el PSOE y Ciudadanos sobre un programa de gobierno para esta legislatura establece que no se subir\u00e1 el IRPF, se reformar\u00e1 el Senado, para reducir su tama\u00f1o, y se modificar\u00e1 la redacci\u00f3n del art\u00edculo 135 de la Constituci\u00f3n, sobre la estabilidad presupuestaria, para garantizar la financiaci\u00f3n de pol\u00edticas sociales. Seg\u00fan\" \/>\n\t<meta name=\"robots\" content=\"max-image-preview:large\" \/>\n\t<meta name=\"author\" content=\"El Digital de Asturias\"\/>\n\t<meta name=\"google-site-verification\" content=\"UA-38556648-1\" \/>\n\t<meta name=\"msvalidate.01\" content=\"7dfe9f3f1b24437ab69f4f2559babe99\" \/>\n\t<meta name=\"keywords\" content=\"actualidad\" \/>\n\t<link rel=\"canonical\" href=\"https:\/\/www.eldigitaldeasturias.com\/noticias\/los-puntos-clave-del-acuerdo-entre-sanchez-y-rivera\/\" \/>\n\t<meta name=\"generator\" content=\"All in One SEO Pro (AIOSEO) 4.9.6.2\" \/>\n\t\t<meta property=\"og:locale\" content=\"es_ES\" \/>\n\t\t<meta property=\"og:site_name\" content=\"El Digital de Asturias\" \/>\n\t\t<meta property=\"og:type\" content=\"article\" \/>\n\t\t<meta property=\"og:title\" content=\"Los puntos \u00abclave\u00bb del acuerdo entre S\u00e1nchez y Rivera - El Digital de Asturias\" \/>\n\t\t<meta property=\"og:description\" content=\"El principio de acuerdo entre el PSOE y Ciudadanos sobre un programa de gobierno para esta legislatura establece que no se subir\u00e1 el IRPF, se reformar\u00e1 el Senado, para reducir su tama\u00f1o, y se modificar\u00e1 la redacci\u00f3n del art\u00edculo 135 de la Constituci\u00f3n, sobre la estabilidad presupuestaria, para garantizar la financiaci\u00f3n de pol\u00edticas sociales. Seg\u00fan\" \/>\n\t\t<meta property=\"og:url\" content=\"https:\/\/www.eldigitaldeasturias.com\/noticias\/los-puntos-clave-del-acuerdo-entre-sanchez-y-rivera\/\" \/>\n\t\t<meta property=\"og:image\" content=\"https:\/\/www.eldigitaldeasturias.com\/noticias\/wp-content\/uploads\/2016\/02\/fotonoticia_20160223205633_800.jpg\" \/>\n\t\t<meta property=\"og:image:secure_url\" content=\"https:\/\/www.eldigitaldeasturias.com\/noticias\/wp-content\/uploads\/2016\/02\/fotonoticia_20160223205633_800.jpg\" \/>\n\t\t<meta property=\"og:image:width\" content=\"800\" \/>\n\t\t<meta property=\"og:image:height\" content=\"549\" \/>\n\t\t<meta property=\"article:tag\" content=\"actualidad\" \/>\n\t\t<meta property=\"article:published_time\" content=\"2016-02-24T04:50:27+00:00\" \/>\n\t\t<meta property=\"article:modified_time\" content=\"2016-02-24T04:50:27+00:00\" \/>\n\t\t<meta property=\"article:publisher\" content=\"https:\/\/facebook.com\/eldigitaldeasturias\" \/>\n\t\t<meta name=\"twitter:card\" content=\"summary_large_image\" \/>\n\t\t<meta name=\"twitter:title\" content=\"Los puntos \u00abclave\u00bb del acuerdo entre S\u00e1nchez y Rivera - El Digital de Asturias\" \/>\n\t\t<meta name=\"twitter:description\" content=\"El principio de acuerdo entre el PSOE y Ciudadanos sobre un programa de gobierno para esta legislatura establece que no se subir\u00e1 el IRPF, se reformar\u00e1 el Senado, para reducir su tama\u00f1o, y se modificar\u00e1 la redacci\u00f3n del art\u00edculo 135 de la Constituci\u00f3n, sobre la estabilidad presupuestaria, para garantizar la financiaci\u00f3n de pol\u00edticas sociales. Seg\u00fan\" \/>\n\t\t<meta name=\"twitter:image\" content=\"https:\/\/www.eldigitaldeasturias.com\/noticias\/wp-content\/uploads\/2016\/02\/fotonoticia_20160223205633_800.jpg\" \/>\n\t\t<meta name=\"twitter:label1\" content=\"Escrito por\" \/>\n\t\t<meta name=\"twitter:data1\" content=\"El Digital de Asturias\" \/>\n\t\t<meta name=\"twitter:label2\" content=\"Tiempo de lectura estimado\" \/>\n\t\t<meta name=\"twitter:data2\" content=\"3 minutos\" \/>\n\t\t<script type=\"application\/ld+json\" class=\"aioseo-schema\">\n\t\t\t{\"@context\":\"https:\\\/\\\/schema.org\",\"@graph\":[{\"@type\":\"BlogPosting\",\"@id\":\"https:\\\/\\\/www.eldigitaldeasturias.com\\\/noticias\\\/los-puntos-clave-del-acuerdo-entre-sanchez-y-rivera\\\/#blogposting\",\"name\":\"Los puntos \\u00abclave\\u00bb del acuerdo entre S\\u00e1nchez y Rivera - El Digital de Asturias\",\"headline\":\"Los puntos \\u00abclave\\u00bb del acuerdo entre S\\u00e1nchez y Rivera\",\"author\":{\"@id\":\"https:\\\/\\\/www.eldigitaldeasturias.com\\\/noticias\\\/author\\\/admin\\\/#author\"},\"publisher\":{\"@id\":\"https:\\\/\\\/www.eldigitaldeasturias.com\\\/noticias\\\/#organization\"},\"image\":{\"@type\":\"ImageObject\",\"url\":\"https:\\\/\\\/www.eldigitaldeasturias.com\\\/noticias\\\/wp-content\\\/uploads\\\/2016\\\/02\\\/fotonoticia_20160223205633_800.jpg\",\"width\":800,\"height\":549},\"datePublished\":\"2016-02-24T04:50:27+01:00\",\"dateModified\":\"2016-02-24T04:50:27+01:00\",\"inLanguage\":\"es-ES\",\"mainEntityOfPage\":{\"@id\":\"https:\\\/\\\/www.eldigitaldeasturias.com\\\/noticias\\\/los-puntos-clave-del-acuerdo-entre-sanchez-y-rivera\\\/#webpage\"},\"isPartOf\":{\"@id\":\"https:\\\/\\\/www.eldigitaldeasturias.com\\\/noticias\\\/los-puntos-clave-del-acuerdo-entre-sanchez-y-rivera\\\/#webpage\"},\"articleSection\":\"Actualidad\"},{\"@type\":\"BreadcrumbList\",\"@id\":\"https:\\\/\\\/www.eldigitaldeasturias.com\\\/noticias\\\/los-puntos-clave-del-acuerdo-entre-sanchez-y-rivera\\\/#breadcrumblist\",\"itemListElement\":[{\"@type\":\"ListItem\",\"@id\":\"https:\\\/\\\/www.eldigitaldeasturias.com\\\/noticias#listItem\",\"position\":1,\"name\":\"Home\",\"item\":\"https:\\\/\\\/www.eldigitaldeasturias.com\\\/noticias\",\"nextItem\":{\"@type\":\"ListItem\",\"@id\":\"https:\\\/\\\/www.eldigitaldeasturias.com\\\/noticias\\\/category\\\/actualidad\\\/#listItem\",\"name\":\"Actualidad\"}},{\"@type\":\"ListItem\",\"@id\":\"https:\\\/\\\/www.eldigitaldeasturias.com\\\/noticias\\\/category\\\/actualidad\\\/#listItem\",\"position\":2,\"name\":\"Actualidad\",\"item\":\"https:\\\/\\\/www.eldigitaldeasturias.com\\\/noticias\\\/category\\\/actualidad\\\/\",\"nextItem\":{\"@type\":\"ListItem\",\"@id\":\"https:\\\/\\\/www.eldigitaldeasturias.com\\\/noticias\\\/los-puntos-clave-del-acuerdo-entre-sanchez-y-rivera\\\/#listItem\",\"name\":\"Los puntos \\u00abclave\\u00bb del acuerdo entre S\\u00e1nchez y Rivera\"},\"previousItem\":{\"@type\":\"ListItem\",\"@id\":\"https:\\\/\\\/www.eldigitaldeasturias.com\\\/noticias#listItem\",\"name\":\"Home\"}},{\"@type\":\"ListItem\",\"@id\":\"https:\\\/\\\/www.eldigitaldeasturias.com\\\/noticias\\\/los-puntos-clave-del-acuerdo-entre-sanchez-y-rivera\\\/#listItem\",\"position\":3,\"name\":\"Los puntos \\u00abclave\\u00bb del acuerdo entre S\\u00e1nchez y Rivera\",\"previousItem\":{\"@type\":\"ListItem\",\"@id\":\"https:\\\/\\\/www.eldigitaldeasturias.com\\\/noticias\\\/category\\\/actualidad\\\/#listItem\",\"name\":\"Actualidad\"}}]},{\"@type\":\"Organization\",\"@id\":\"https:\\\/\\\/www.eldigitaldeasturias.com\\\/noticias\\\/#organization\",\"name\":\"El Digital de Asturias\",\"description\":\"Hemeroteca\",\"url\":\"https:\\\/\\\/www.eldigitaldeasturias.com\\\/noticias\\\/\",\"email\":\"info@eldigitaldeasturias.com\",\"telephone\":\"+34652131393\",\"logo\":{\"@type\":\"ImageObject\",\"url\":\"https:\\\/\\\/www.eldigitaldeasturias.com\\\/noticias\\\/wp-content\\\/uploads\\\/2020\\\/12\\\/EDA.jpg\",\"@id\":\"https:\\\/\\\/www.eldigitaldeasturias.com\\\/noticias\\\/los-puntos-clave-del-acuerdo-entre-sanchez-y-rivera\\\/#organizationLogo\",\"width\":649,\"height\":297},\"image\":{\"@id\":\"https:\\\/\\\/www.eldigitaldeasturias.com\\\/noticias\\\/los-puntos-clave-del-acuerdo-entre-sanchez-y-rivera\\\/#organizationLogo\"},\"sameAs\":[\"https:\\\/\\\/facebook.com\\\/eldigitaldeasturias\",\"https:\\\/\\\/www.youtube.com\\\/channel\\\/UCZP-2wLEB9Rv6erhFmqVnvg\"],\"address\":{\"@id\":\"https:\\\/\\\/www.eldigitaldeasturias.com\\\/noticias\\\/#postaladdress\",\"@type\":\"PostalAddress\",\"streetAddress\":\"san antonio 4,\",\"postalCode\":\"33430\",\"addressLocality\":\"Cand\\u00e1s\",\"addressRegion\":\"Asturias\",\"addressCountry\":\"ES\"}},{\"@type\":\"Person\",\"@id\":\"https:\\\/\\\/www.eldigitaldeasturias.com\\\/noticias\\\/author\\\/admin\\\/#author\",\"url\":\"https:\\\/\\\/www.eldigitaldeasturias.com\\\/noticias\\\/author\\\/admin\\\/\",\"name\":\"El Digital de Asturias\",\"image\":{\"@type\":\"ImageObject\",\"@id\":\"https:\\\/\\\/www.eldigitaldeasturias.com\\\/noticias\\\/los-puntos-clave-del-acuerdo-entre-sanchez-y-rivera\\\/#authorImage\",\"url\":\"https:\\\/\\\/www.eldigitaldeasturias.com\\\/noticias\\\/wp-content\\\/litespeed\\\/avatar\\\/18677e78aa0546b92d9dbf31ec7d7668.jpg?ver=1777290358\",\"width\":96,\"height\":96,\"caption\":\"El Digital de Asturias\"}},{\"@type\":\"WebPage\",\"@id\":\"https:\\\/\\\/www.eldigitaldeasturias.com\\\/noticias\\\/los-puntos-clave-del-acuerdo-entre-sanchez-y-rivera\\\/#webpage\",\"url\":\"https:\\\/\\\/www.eldigitaldeasturias.com\\\/noticias\\\/los-puntos-clave-del-acuerdo-entre-sanchez-y-rivera\\\/\",\"name\":\"Los puntos \\u00abclave\\u00bb del acuerdo entre S\\u00e1nchez y Rivera - El Digital de Asturias\",\"description\":\"El principio de acuerdo entre el PSOE y Ciudadanos sobre un programa de gobierno para esta legislatura establece que no se subir\\u00e1 el IRPF, se reformar\\u00e1 el Senado, para reducir su tama\\u00f1o, y se modificar\\u00e1 la redacci\\u00f3n del art\\u00edculo 135 de la Constituci\\u00f3n, sobre la estabilidad presupuestaria, para garantizar la financiaci\\u00f3n de pol\\u00edticas sociales. Seg\\u00fan\",\"inLanguage\":\"es-ES\",\"isPartOf\":{\"@id\":\"https:\\\/\\\/www.eldigitaldeasturias.com\\\/noticias\\\/#website\"},\"breadcrumb\":{\"@id\":\"https:\\\/\\\/www.eldigitaldeasturias.com\\\/noticias\\\/los-puntos-clave-del-acuerdo-entre-sanchez-y-rivera\\\/#breadcrumblist\"},\"author\":{\"@id\":\"https:\\\/\\\/www.eldigitaldeasturias.com\\\/noticias\\\/author\\\/admin\\\/#author\"},\"creator\":{\"@id\":\"https:\\\/\\\/www.eldigitaldeasturias.com\\\/noticias\\\/author\\\/admin\\\/#author\"},\"image\":{\"@type\":\"ImageObject\",\"url\":\"https:\\\/\\\/www.eldigitaldeasturias.com\\\/noticias\\\/wp-content\\\/uploads\\\/2016\\\/02\\\/fotonoticia_20160223205633_800.jpg\",\"@id\":\"https:\\\/\\\/www.eldigitaldeasturias.com\\\/noticias\\\/los-puntos-clave-del-acuerdo-entre-sanchez-y-rivera\\\/#mainImage\",\"width\":800,\"height\":549},\"primaryImageOfPage\":{\"@id\":\"https:\\\/\\\/www.eldigitaldeasturias.com\\\/noticias\\\/los-puntos-clave-del-acuerdo-entre-sanchez-y-rivera\\\/#mainImage\"},\"datePublished\":\"2016-02-24T04:50:27+01:00\",\"dateModified\":\"2016-02-24T04:50:27+01:00\"},{\"@type\":\"WebSite\",\"@id\":\"https:\\\/\\\/www.eldigitaldeasturias.com\\\/noticias\\\/#website\",\"url\":\"https:\\\/\\\/www.eldigitaldeasturias.com\\\/noticias\\\/\",\"name\":\"El Digital de Asturias - Diario de actualidad y noticias\",\"alternateName\":\"El Digital de Asturias - Diario de actualidad y noticias\",\"description\":\"Hemeroteca\",\"inLanguage\":\"es-ES\",\"publisher\":{\"@id\":\"https:\\\/\\\/www.eldigitaldeasturias.com\\\/noticias\\\/#organization\"}}]}\n\t\t<\/script>\n\t\t<!-- All in One SEO Pro -->\r\n\t\t<title>Los puntos \u00abclave\u00bb del acuerdo entre S\u00e1nchez y Rivera - El Digital de Asturias<\/title>\n\n","aioseo_head_json":{"title":"Los puntos \u00abclave\u00bb del acuerdo entre S\u00e1nchez y Rivera - El Digital de Asturias","description":"El principio de acuerdo entre el PSOE y Ciudadanos sobre un programa de gobierno para esta legislatura establece que no se subir\u00e1 el IRPF, se reformar\u00e1 el Senado, para reducir su tama\u00f1o, y se modificar\u00e1 la redacci\u00f3n del art\u00edculo 135 de la Constituci\u00f3n, sobre la estabilidad presupuestaria, para garantizar la financiaci\u00f3n de pol\u00edticas sociales. Seg\u00fan","canonical_url":"https:\/\/www.eldigitaldeasturias.com\/noticias\/los-puntos-clave-del-acuerdo-entre-sanchez-y-rivera\/","robots":"max-image-preview:large","keywords":"actualidad","webmasterTools":{"google-site-verification":"UA-38556648-1","msvalidate.01":"7dfe9f3f1b24437ab69f4f2559babe99","miscellaneous":""},"schema":{"@context":"https:\/\/schema.org","@graph":[{"@type":"BlogPosting","@id":"https:\/\/www.eldigitaldeasturias.com\/noticias\/los-puntos-clave-del-acuerdo-entre-sanchez-y-rivera\/#blogposting","name":"Los puntos \u00abclave\u00bb del acuerdo entre S\u00e1nchez y Rivera - El Digital de Asturias","headline":"Los puntos \u00abclave\u00bb del acuerdo entre S\u00e1nchez y Rivera","author":{"@id":"https:\/\/www.eldigitaldeasturias.com\/noticias\/author\/admin\/#author"},"publisher":{"@id":"https:\/\/www.eldigitaldeasturias.com\/noticias\/#organization"},"image":{"@type":"ImageObject","url":"https:\/\/www.eldigitaldeasturias.com\/noticias\/wp-content\/uploads\/2016\/02\/fotonoticia_20160223205633_800.jpg","width":800,"height":549},"datePublished":"2016-02-24T04:50:27+01:00","dateModified":"2016-02-24T04:50:27+01:00","inLanguage":"es-ES","mainEntityOfPage":{"@id":"https:\/\/www.eldigitaldeasturias.com\/noticias\/los-puntos-clave-del-acuerdo-entre-sanchez-y-rivera\/#webpage"},"isPartOf":{"@id":"https:\/\/www.eldigitaldeasturias.com\/noticias\/los-puntos-clave-del-acuerdo-entre-sanchez-y-rivera\/#webpage"},"articleSection":"Actualidad"},{"@type":"BreadcrumbList","@id":"https:\/\/www.eldigitaldeasturias.com\/noticias\/los-puntos-clave-del-acuerdo-entre-sanchez-y-rivera\/#breadcrumblist","itemListElement":[{"@type":"ListItem","@id":"https:\/\/www.eldigitaldeasturias.com\/noticias#listItem","position":1,"name":"Home","item":"https:\/\/www.eldigitaldeasturias.com\/noticias","nextItem":{"@type":"ListItem","@id":"https:\/\/www.eldigitaldeasturias.com\/noticias\/category\/actualidad\/#listItem","name":"Actualidad"}},{"@type":"ListItem","@id":"https:\/\/www.eldigitaldeasturias.com\/noticias\/category\/actualidad\/#listItem","position":2,"name":"Actualidad","item":"https:\/\/www.eldigitaldeasturias.com\/noticias\/category\/actualidad\/","nextItem":{"@type":"ListItem","@id":"https:\/\/www.eldigitaldeasturias.com\/noticias\/los-puntos-clave-del-acuerdo-entre-sanchez-y-rivera\/#listItem","name":"Los puntos \u00abclave\u00bb del acuerdo entre S\u00e1nchez y Rivera"},"previousItem":{"@type":"ListItem","@id":"https:\/\/www.eldigitaldeasturias.com\/noticias#listItem","name":"Home"}},{"@type":"ListItem","@id":"https:\/\/www.eldigitaldeasturias.com\/noticias\/los-puntos-clave-del-acuerdo-entre-sanchez-y-rivera\/#listItem","position":3,"name":"Los puntos \u00abclave\u00bb del acuerdo entre S\u00e1nchez y Rivera","previousItem":{"@type":"ListItem","@id":"https:\/\/www.eldigitaldeasturias.com\/noticias\/category\/actualidad\/#listItem","name":"Actualidad"}}]},{"@type":"Organization","@id":"https:\/\/www.eldigitaldeasturias.com\/noticias\/#organization","name":"El Digital de Asturias","description":"Hemeroteca","url":"https:\/\/www.eldigitaldeasturias.com\/noticias\/","email":"info@eldigitaldeasturias.com","telephone":"+34652131393","logo":{"@type":"ImageObject","url":"https:\/\/www.eldigitaldeasturias.com\/noticias\/wp-content\/uploads\/2020\/12\/EDA.jpg","@id":"https:\/\/www.eldigitaldeasturias.com\/noticias\/los-puntos-clave-del-acuerdo-entre-sanchez-y-rivera\/#organizationLogo","width":649,"height":297},"image":{"@id":"https:\/\/www.eldigitaldeasturias.com\/noticias\/los-puntos-clave-del-acuerdo-entre-sanchez-y-rivera\/#organizationLogo"},"sameAs":["https:\/\/facebook.com\/eldigitaldeasturias","https:\/\/www.youtube.com\/channel\/UCZP-2wLEB9Rv6erhFmqVnvg"],"address":{"@id":"https:\/\/www.eldigitaldeasturias.com\/noticias\/#postaladdress","@type":"PostalAddress","streetAddress":"san antonio 4,","postalCode":"33430","addressLocality":"Cand\u00e1s","addressRegion":"Asturias","addressCountry":"ES"}},{"@type":"Person","@id":"https:\/\/www.eldigitaldeasturias.com\/noticias\/author\/admin\/#author","url":"https:\/\/www.eldigitaldeasturias.com\/noticias\/author\/admin\/","name":"El Digital de Asturias","image":{"@type":"ImageObject","@id":"https:\/\/www.eldigitaldeasturias.com\/noticias\/los-puntos-clave-del-acuerdo-entre-sanchez-y-rivera\/#authorImage","url":"https:\/\/www.eldigitaldeasturias.com\/noticias\/wp-content\/litespeed\/avatar\/18677e78aa0546b92d9dbf31ec7d7668.jpg?ver=1777290358","width":96,"height":96,"caption":"El Digital de Asturias"}},{"@type":"WebPage","@id":"https:\/\/www.eldigitaldeasturias.com\/noticias\/los-puntos-clave-del-acuerdo-entre-sanchez-y-rivera\/#webpage","url":"https:\/\/www.eldigitaldeasturias.com\/noticias\/los-puntos-clave-del-acuerdo-entre-sanchez-y-rivera\/","name":"Los puntos \u00abclave\u00bb del acuerdo entre S\u00e1nchez y Rivera - El Digital de Asturias","description":"El principio de acuerdo entre el PSOE y Ciudadanos sobre un programa de gobierno para esta legislatura establece que no se subir\u00e1 el IRPF, se reformar\u00e1 el Senado, para reducir su tama\u00f1o, y se modificar\u00e1 la redacci\u00f3n del art\u00edculo 135 de la Constituci\u00f3n, sobre la estabilidad presupuestaria, para garantizar la financiaci\u00f3n de pol\u00edticas sociales. Seg\u00fan","inLanguage":"es-ES","isPartOf":{"@id":"https:\/\/www.eldigitaldeasturias.com\/noticias\/#website"},"breadcrumb":{"@id":"https:\/\/www.eldigitaldeasturias.com\/noticias\/los-puntos-clave-del-acuerdo-entre-sanchez-y-rivera\/#breadcrumblist"},"author":{"@id":"https:\/\/www.eldigitaldeasturias.com\/noticias\/author\/admin\/#author"},"creator":{"@id":"https:\/\/www.eldigitaldeasturias.com\/noticias\/author\/admin\/#author"},"image":{"@type":"ImageObject","url":"https:\/\/www.eldigitaldeasturias.com\/noticias\/wp-content\/uploads\/2016\/02\/fotonoticia_20160223205633_800.jpg","@id":"https:\/\/www.eldigitaldeasturias.com\/noticias\/los-puntos-clave-del-acuerdo-entre-sanchez-y-rivera\/#mainImage","width":800,"height":549},"primaryImageOfPage":{"@id":"https:\/\/www.eldigitaldeasturias.com\/noticias\/los-puntos-clave-del-acuerdo-entre-sanchez-y-rivera\/#mainImage"},"datePublished":"2016-02-24T04:50:27+01:00","dateModified":"2016-02-24T04:50:27+01:00"},{"@type":"WebSite","@id":"https:\/\/www.eldigitaldeasturias.com\/noticias\/#website","url":"https:\/\/www.eldigitaldeasturias.com\/noticias\/","name":"El Digital de Asturias - Diario de actualidad y noticias","alternateName":"El Digital de Asturias - Diario de actualidad y noticias","description":"Hemeroteca","inLanguage":"es-ES","publisher":{"@id":"https:\/\/www.eldigitaldeasturias.com\/noticias\/#organization"}}]},"og:locale":"es_ES","og:site_name":"El Digital de Asturias","og:type":"article","og:title":"Los puntos \u00abclave\u00bb del acuerdo entre S\u00e1nchez y Rivera - El Digital de Asturias","og:description":"El principio de acuerdo entre el PSOE y Ciudadanos sobre un programa de gobierno para esta legislatura establece que no se subir\u00e1 el IRPF, se reformar\u00e1 el Senado, para reducir su tama\u00f1o, y se modificar\u00e1 la redacci\u00f3n del art\u00edculo 135 de la Constituci\u00f3n, sobre la estabilidad presupuestaria, para garantizar la financiaci\u00f3n de pol\u00edticas sociales. Seg\u00fan","og:url":"https:\/\/www.eldigitaldeasturias.com\/noticias\/los-puntos-clave-del-acuerdo-entre-sanchez-y-rivera\/","og:image":"https:\/\/www.eldigitaldeasturias.com\/noticias\/wp-content\/uploads\/2016\/02\/fotonoticia_20160223205633_800.jpg","og:image:secure_url":"https:\/\/www.eldigitaldeasturias.com\/noticias\/wp-content\/uploads\/2016\/02\/fotonoticia_20160223205633_800.jpg","og:image:width":800,"og:image:height":549,"article:tag":["actualidad"],"article:published_time":"2016-02-24T04:50:27+00:00","article:modified_time":"2016-02-24T04:50:27+00:00","article:publisher":"https:\/\/facebook.com\/eldigitaldeasturias","twitter:card":"summary_large_image","twitter:title":"Los puntos \u00abclave\u00bb del acuerdo entre S\u00e1nchez y Rivera - El Digital de Asturias","twitter:description":"El principio de acuerdo entre el PSOE y Ciudadanos sobre un programa de gobierno para esta legislatura establece que no se subir\u00e1 el IRPF, se reformar\u00e1 el Senado, para reducir su tama\u00f1o, y se modificar\u00e1 la redacci\u00f3n del art\u00edculo 135 de la Constituci\u00f3n, sobre la estabilidad presupuestaria, para garantizar la financiaci\u00f3n de pol\u00edticas sociales. Seg\u00fan","twitter:image":"https:\/\/www.eldigitaldeasturias.com\/noticias\/wp-content\/uploads\/2016\/02\/fotonoticia_20160223205633_800.jpg","twitter:label1":"Escrito por","twitter:data1":"El Digital de Asturias","twitter:label2":"Tiempo de lectura estimado","twitter:data2":"3 minutos"},"aioseo_meta_data":{"post_id":"861500","title":null,"description":null,"keywords":null,"keyphrases":null,"primary_term":null,"canonical_url":null,"og_title":null,"og_description":null,"og_object_type":"default","og_image_type":"default","og_image_url":null,"og_image_width":null,"og_image_height":null,"og_image_custom_url":null,"og_image_custom_fields":null,"og_video":null,"og_custom_url":null,"og_article_section":null,"og_article_tags":null,"twitter_use_og":false,"twitter_card":"default","twitter_image_type":"default","twitter_image_url":null,"twitter_image_custom_url":null,"twitter_image_custom_fields":null,"twitter_title":null,"twitter_description":null,"schema":{"blockGraphs":[],"customGraphs":[],"default":{"data":{"Article":[],"Course":[],"Dataset":[],"FAQPage":[],"Movie":[],"Person":[],"Product":[],"ProductReview":[],"Car":[],"Recipe":[],"Service":[],"SoftwareApplication":[],"WebPage":[]},"graphName":"","isEnabled":true},"graphs":[],"defaultGraph":"","defaultPostTypeGraph":""},"schema_type":null,"schema_type_options":null,"pillar_content":false,"robots_default":true,"robots_noindex":false,"robots_noarchive":false,"robots_nosnippet":false,"robots_nofollow":false,"robots_noimageindex":false,"robots_noodp":false,"robots_notranslate":false,"robots_max_snippet":null,"robots_max_videopreview":null,"robots_max_imagepreview":"large","priority":null,"frequency":null,"local_seo":null,"seo_analyzer_scan_date":"2025-12-10 21:25:11","breadcrumb_settings":null,"limit_modified_date":false,"open_ai":null,"ai":null,"created":"2021-01-23 15:02:12","updated":"2025-12-10 21:25:11"},"aioseo_breadcrumb":"<div class=\"aioseo-breadcrumbs\"><span class=\"aioseo-breadcrumb\">\n\t<a href=\"https:\/\/www.eldigitaldeasturias.com\/noticias\" title=\"Home\">Home<\/a>\n<\/span><span class=\"aioseo-breadcrumb-separator\">\u2013<\/span><span class=\"aioseo-breadcrumb\">\n\t<a href=\"https:\/\/www.eldigitaldeasturias.com\/noticias\/category\/actualidad\/\" title=\"Actualidad\">Actualidad<\/a>\n<\/span><span class=\"aioseo-breadcrumb-separator\">\u2013<\/span><span class=\"aioseo-breadcrumb\">\n\t<a href=\"https:\/\/www.eldigitaldeasturias.com\/noticias\/los-puntos-clave-del-acuerdo-entre-sanchez-y-rivera\/\" title=\"Los puntos \u00abclave\u00bb del acuerdo entre S\u00e1nchez y Rivera\">Los puntos \u00abclave\u00bb del acuerdo entre S\u00e1nchez y Rivera<\/a>\n<\/span><\/div>","aioseo_breadcrumb_json":[{"label":"Home","link":"https:\/\/www.eldigitaldeasturias.com\/noticias"},{"label":"Actualidad","link":"https:\/\/www.eldigitaldeasturias.com\/noticias\/category\/actualidad\/"},{"label":"Los puntos \u00abclave\u00bb del acuerdo entre S\u00e1nchez y Rivera","link":"https:\/\/www.eldigitaldeasturias.com\/noticias\/los-puntos-clave-del-acuerdo-entre-sanchez-y-rivera\/"}],"_links":{"self":[{"href":"https:\/\/www.eldigitaldeasturias.com\/noticias\/wp-json\/wp\/v2\/posts\/861500","targetHints":{"allow":["GET"]}}],"collection":[{"href":"https:\/\/www.eldigitaldeasturias.com\/noticias\/wp-json\/wp\/v2\/posts"}],"about":[{"href":"https:\/\/www.eldigitaldeasturias.com\/noticias\/wp-json\/wp\/v2\/types\/post"}],"author":[{"embeddable":true,"href":"https:\/\/www.eldigitaldeasturias.com\/noticias\/wp-json\/wp\/v2\/users\/1"}],"replies":[{"embeddable":true,"href":"https:\/\/www.eldigitaldeasturias.com\/noticias\/wp-json\/wp\/v2\/comments?post=861500"}],"version-history":[{"count":0,"href":"https:\/\/www.eldigitaldeasturias.com\/noticias\/wp-json\/wp\/v2\/posts\/861500\/revisions"}],"wp:featuredmedia":[{"embeddable":true,"href":"https:\/\/www.eldigitaldeasturias.com\/noticias\/wp-json\/wp\/v2\/media\/861501"}],"wp:attachment":[{"href":"https:\/\/www.eldigitaldeasturias.com\/noticias\/wp-json\/wp\/v2\/media?parent=861500"}],"wp:term":[{"taxonomy":"category","embeddable":true,"href":"https:\/\/www.eldigitaldeasturias.com\/noticias\/wp-json\/wp\/v2\/categories?post=861500"},{"taxonomy":"post_tag","embeddable":true,"href":"https:\/\/www.eldigitaldeasturias.com\/noticias\/wp-json\/wp\/v2\/tags?post=861500"}],"curies":[{"name":"wp","href":"https:\/\/api.w.org\/{rel}","templated":true}]}}