{"id":861497,"date":"2016-02-24T04:47:15","date_gmt":"2016-02-24T04:47:15","guid":{"rendered":"http:\/\/www.eldigitaldeasturias.com\/noticias\/?p=861497"},"modified":"2016-02-24T04:47:15","modified_gmt":"2016-02-24T04:47:15","slug":"jose-manuel-villegas-hay-un-principio-de-acuerdo","status":"publish","type":"post","link":"https:\/\/www.eldigitaldeasturias.com\/noticias\/jose-manuel-villegas-hay-un-principio-de-acuerdo\/","title":{"rendered":"Jos\u00e9 Manuel Villegas \u00abHay un principio de acuerdo\u00bb"},"content":{"rendered":"<p><img loading=\"lazy\" decoding=\"async\" class=\"alignleft size-medium wp-image-861498\" src=\"https:\/\/www.eldigitaldeasturias.com\/noticias\/wp-content\/uploads\/2016\/02\/fotonoticia_20160223193101_800-360x240.jpg\" alt=\"fotonoticia_20160223193101_800\" width=\"360\" height=\"240\" srcset=\"https:\/\/www.eldigitaldeasturias.com\/noticias\/wp-content\/uploads\/2016\/02\/fotonoticia_20160223193101_800-360x240.jpg 360w, https:\/\/www.eldigitaldeasturias.com\/noticias\/wp-content\/uploads\/2016\/02\/fotonoticia_20160223193101_800-768x513.jpg 768w, https:\/\/www.eldigitaldeasturias.com\/noticias\/wp-content\/uploads\/2016\/02\/fotonoticia_20160223193101_800-650x434.jpg 650w, https:\/\/www.eldigitaldeasturias.com\/noticias\/wp-content\/uploads\/2016\/02\/fotonoticia_20160223193101_800-84x55.jpg 84w, https:\/\/www.eldigitaldeasturias.com\/noticias\/wp-content\/uploads\/2016\/02\/fotonoticia_20160223193101_800-49x32.jpg 49w, https:\/\/www.eldigitaldeasturias.com\/noticias\/wp-content\/uploads\/2016\/02\/fotonoticia_20160223193101_800.jpg 800w\" sizes=\"auto, (max-width: 360px) 100vw, 360px\" \/>El vicesecretario general de Ciudadanos, Jos\u00e9 Manuel Villegas, ha anunciado que su partido espera poder cerrar un acuerdo con el PSOE \u00aben las pr\u00f3ximas horas\u00bb que se ser\u00e1 analizado por la Ejecutiva de la formaci\u00f3n naranja, la cual podr\u00eda decidir que los 40 diputados de C&#8217;s voten &#8216;s\u00ed&#8217; a la investidura del l\u00edder socialista, Pedro S\u00e1nchez, el pr\u00f3ximo 2 de marzo.<\/p>\n<p>En declaraciones en el Congreso, el diputado ha asegurado que todav\u00eda hay que \u00abformalizar\u00bb el principio de acuerdo y resolver algunos \u00abflecos\u00bb, pero la intenci\u00f3n de su partido es llevar el pacto, si fructifica, a su Ejecutiva en una reuni\u00f3n que han programado para este mi\u00e9rcoles a las nueve.<\/p>\n<p>Villegas ha anunciado este principio de acuerdo despu\u00e9s de que el l\u00edder del PSOE haya aceptado la reforma expr\u00e9s de cinco puntos de la Constituci\u00f3n a la que Ciudadanos hab\u00eda supeditado su acuerdo con los socialistas. Este gesto de S\u00e1nchez ha permitido \u00abdesbloquear buena parte de los temas\u00bb que segu\u00edan \u00abatascados\u00bb en sus conversaciones con el PSOE.<\/p>\n<p>Seg\u00fan el dirigente de C&#8217;s, ya se puede decir que hay \u00abun principio de acuerdo\u00bb y, si bien quedan algunos \u00abflecos\u00bb pendientes y hay que determinar la redacci\u00f3n de algunos puntos, espera que eso se pueda solucionar en las pr\u00f3ximas horas.<\/p>\n<p>EST\u00c1N \u00abPR\u00c1CTICAMENTE\u00bb EL 80% DE LAS PROPUESTAS DE C&#8217;s<\/p>\n<p>Villegas ha destacado que en su partido est\u00e1n \u00absatisfechos\u00bb porque el texto contiene \u00abm\u00e1s de cien reformas\u00bb presentadas por Ciudadanos, relativas a \u00e1mbitos como la regeneraci\u00f3n democr\u00e1tica, la pol\u00edtica econ\u00f3mica, la lucha contra la pobreza, la moderaci\u00f3n fiscal y la preservaci\u00f3n de la igualdad y la uni\u00f3n de todos los espa\u00f1oles.<\/p>\n<p>Cuando le han preguntado si, como dijo Rivera que esperaba, el acuerdo recoge cerca del 80 por ciento del documento de propuestas que C&#8217;s llev\u00f3 a las negociaciones, ha respondido que \u00abpr\u00e1cticamente\u00bb.<\/p>\n<p>Aunque ha insistido en que primero \u00abhabr\u00e1 como queda el acuerdo\u00bb una vez est\u00e9 redactado, ha dicho que en el Comit\u00e9 Ejecutivo de Ciudadanos de este mi\u00e9rcoles se evaluar\u00e1 la posibilidad de votar \u00abs\u00ed\u00bb, en lugar de abstenerse, a la investidura de S\u00e1nchez como presidente del Gobierno.<\/p>\n<p>\u00abIMPOSIBLE\u00bb QUE EL ACUERDO SATISFAGA A PODEMOS<\/p>\n<p>Sobre la opci\u00f3n de que sea Podemos, y no el PP &#8211;como quiere Ciudadanos&#8211;, el partido que se acabe sumando al pacto con el PSOE, el diputado ha reiterado que C&#8217;s no va a estar en un acuerdo donde estuviera la formaci\u00f3n de Pablo Iglesias.<\/p>\n<p>Dado que el acuerdo que se est\u00e1 perfilando es \u00abclaramente satisfactorio\u00bb para C&#8217;s, cree que va a ser \u00abimposible\u00bb que satisfaga al mismo tiempo a Podemos, y ha puesto como ejemplos los temas econ\u00f3micos, la pol\u00edtica europea y la garant\u00eda de la igualdad y la uni\u00f3n de los espa\u00f1oles.<\/p>\n<p>Por \u00faltimo, ha explicado el porqu\u00e9 de la petici\u00f3n que ha hecho Rivera este martes para que el PSOE aceptase una reforma expr\u00e9s de la Constituci\u00f3n con cinco modificaciones, entre ellas la supresi\u00f3n de las diputaciones provinciales.<\/p>\n<p>Villegas ha afirmado que era necesario establecer \u00abun mecanismo que diera credibilidad al cambio con celeridad\u00bb &#8211;por eso dan un plazo de tres meses para hacer esa reforma&#8211; y que tambi\u00e9n pretend\u00edan de esa manera \u00abdesatascar algunas reformas que estaban teniendo dificultades\u00bb para ser aceptadas por el PSOE.<\/p>\n<p>Sobre el compromiso para la eliminaci\u00f3n de las diputaciones provinciales y su sustituci\u00f3n por consejos provinciales de alcaldes, ha detallado que supondr\u00e1 para las arcas p\u00fablicas el ahorro que Ciudadanos hab\u00eda calculado anteriormente, \u00abunos 4.000 o 5.000 millones de euros\u00bb.<\/p>\n","protected":false},"excerpt":{"rendered":"<p>El vicesecretario general de Ciudadanos, Jos\u00e9 Manuel Villegas, ha anunciado que su partido espera poder cerrar un acuerdo con el PSOE \u00aben las pr\u00f3ximas horas\u00bb que se ser\u00e1 analizado por la Ejecutiva de la formaci\u00f3n naranja, la cual podr\u00eda decidir que los 40 diputados de C&#8217;s voten &#8216;s\u00ed&#8217; a la investidura del l\u00edder socialista, Pedro [&hellip;]<\/p>\n","protected":false},"author":1,"featured_media":861498,"comment_status":"closed","ping_status":"closed","sticky":false,"template":"","format":"standard","meta":{"footnotes":""},"categories":[1],"tags":[],"class_list":["post-861497","post","type-post","status-publish","format-standard","has-post-thumbnail","hentry","category-actualidad"],"aioseo_notices":[],"aioseo_head":"\n\t\t<!-- All in One SEO Pro 4.9.6.2 - aioseo.com -->\n\t<meta name=\"description\" content=\"El vicesecretario general de Ciudadanos, Jos\u00e9 Manuel Villegas, ha anunciado que su partido espera poder cerrar un acuerdo con el PSOE &quot;en las pr\u00f3ximas horas&quot; que se ser\u00e1 analizado por la Ejecutiva de la formaci\u00f3n naranja, la cual podr\u00eda decidir que los 40 diputados de C&#039;s voten &#039;s\u00ed&#039; a la investidura del l\u00edder socialista, Pedro\" \/>\n\t<meta name=\"robots\" content=\"max-image-preview:large\" \/>\n\t<meta name=\"author\" content=\"El Digital de Asturias\"\/>\n\t<meta name=\"google-site-verification\" content=\"UA-38556648-1\" \/>\n\t<meta name=\"msvalidate.01\" content=\"7dfe9f3f1b24437ab69f4f2559babe99\" \/>\n\t<meta name=\"keywords\" content=\"actualidad\" \/>\n\t<link rel=\"canonical\" href=\"https:\/\/www.eldigitaldeasturias.com\/noticias\/jose-manuel-villegas-hay-un-principio-de-acuerdo\/\" \/>\n\t<meta name=\"generator\" content=\"All in One SEO Pro (AIOSEO) 4.9.6.2\" \/>\n\t\t<meta property=\"og:locale\" content=\"es_ES\" \/>\n\t\t<meta property=\"og:site_name\" content=\"El Digital de Asturias\" \/>\n\t\t<meta property=\"og:type\" content=\"article\" \/>\n\t\t<meta property=\"og:title\" content=\"Jos\u00e9 Manuel Villegas \u00abHay un principio de acuerdo\u00bb - El Digital de Asturias\" \/>\n\t\t<meta property=\"og:description\" content=\"El vicesecretario general de Ciudadanos, Jos\u00e9 Manuel Villegas, ha anunciado que su partido espera poder cerrar un acuerdo con el PSOE &quot;en las pr\u00f3ximas horas&quot; que se ser\u00e1 analizado por la Ejecutiva de la formaci\u00f3n naranja, la cual podr\u00eda decidir que los 40 diputados de C&#039;s voten &#039;s\u00ed&#039; a la investidura del l\u00edder socialista, Pedro\" \/>\n\t\t<meta property=\"og:url\" content=\"https:\/\/www.eldigitaldeasturias.com\/noticias\/jose-manuel-villegas-hay-un-principio-de-acuerdo\/\" \/>\n\t\t<meta property=\"og:image\" content=\"https:\/\/www.eldigitaldeasturias.com\/noticias\/wp-content\/uploads\/2016\/02\/fotonoticia_20160223193101_800.jpg\" \/>\n\t\t<meta property=\"og:image:secure_url\" content=\"https:\/\/www.eldigitaldeasturias.com\/noticias\/wp-content\/uploads\/2016\/02\/fotonoticia_20160223193101_800.jpg\" \/>\n\t\t<meta property=\"og:image:width\" content=\"800\" \/>\n\t\t<meta property=\"og:image:height\" content=\"534\" \/>\n\t\t<meta property=\"article:tag\" content=\"actualidad\" \/>\n\t\t<meta property=\"article:published_time\" content=\"2016-02-24T04:47:15+00:00\" \/>\n\t\t<meta property=\"article:modified_time\" content=\"2016-02-24T04:47:15+00:00\" \/>\n\t\t<meta property=\"article:publisher\" content=\"https:\/\/facebook.com\/eldigitaldeasturias\" \/>\n\t\t<meta name=\"twitter:card\" content=\"summary_large_image\" \/>\n\t\t<meta name=\"twitter:title\" content=\"Jos\u00e9 Manuel Villegas \u00abHay un principio de acuerdo\u00bb - El Digital de Asturias\" \/>\n\t\t<meta name=\"twitter:description\" content=\"El vicesecretario general de Ciudadanos, Jos\u00e9 Manuel Villegas, ha anunciado que su partido espera poder cerrar un acuerdo con el PSOE &quot;en las pr\u00f3ximas horas&quot; que se ser\u00e1 analizado por la Ejecutiva de la formaci\u00f3n naranja, la cual podr\u00eda decidir que los 40 diputados de C&#039;s voten &#039;s\u00ed&#039; a la investidura del l\u00edder socialista, Pedro\" \/>\n\t\t<meta name=\"twitter:image\" content=\"https:\/\/www.eldigitaldeasturias.com\/noticias\/wp-content\/uploads\/2016\/02\/fotonoticia_20160223193101_800.jpg\" \/>\n\t\t<meta name=\"twitter:label1\" content=\"Escrito por\" \/>\n\t\t<meta name=\"twitter:data1\" content=\"El Digital de Asturias\" \/>\n\t\t<meta name=\"twitter:label2\" content=\"Tiempo de lectura estimado\" \/>\n\t\t<meta name=\"twitter:data2\" content=\"3 minutos\" \/>\n\t\t<script type=\"application\/ld+json\" class=\"aioseo-schema\">\n\t\t\t{\"@context\":\"https:\\\/\\\/schema.org\",\"@graph\":[{\"@type\":\"BlogPosting\",\"@id\":\"https:\\\/\\\/www.eldigitaldeasturias.com\\\/noticias\\\/jose-manuel-villegas-hay-un-principio-de-acuerdo\\\/#blogposting\",\"name\":\"Jos\\u00e9 Manuel Villegas \\u00abHay un principio de acuerdo\\u00bb - El Digital de Asturias\",\"headline\":\"Jos\\u00e9 Manuel Villegas \\u00abHay un principio de acuerdo\\u00bb\",\"author\":{\"@id\":\"https:\\\/\\\/www.eldigitaldeasturias.com\\\/noticias\\\/author\\\/admin\\\/#author\"},\"publisher\":{\"@id\":\"https:\\\/\\\/www.eldigitaldeasturias.com\\\/noticias\\\/#organization\"},\"image\":{\"@type\":\"ImageObject\",\"url\":\"https:\\\/\\\/www.eldigitaldeasturias.com\\\/noticias\\\/wp-content\\\/uploads\\\/2016\\\/02\\\/fotonoticia_20160223193101_800.jpg\",\"width\":800,\"height\":534},\"datePublished\":\"2016-02-24T04:47:15+01:00\",\"dateModified\":\"2016-02-24T04:47:15+01:00\",\"inLanguage\":\"es-ES\",\"mainEntityOfPage\":{\"@id\":\"https:\\\/\\\/www.eldigitaldeasturias.com\\\/noticias\\\/jose-manuel-villegas-hay-un-principio-de-acuerdo\\\/#webpage\"},\"isPartOf\":{\"@id\":\"https:\\\/\\\/www.eldigitaldeasturias.com\\\/noticias\\\/jose-manuel-villegas-hay-un-principio-de-acuerdo\\\/#webpage\"},\"articleSection\":\"Actualidad\"},{\"@type\":\"BreadcrumbList\",\"@id\":\"https:\\\/\\\/www.eldigitaldeasturias.com\\\/noticias\\\/jose-manuel-villegas-hay-un-principio-de-acuerdo\\\/#breadcrumblist\",\"itemListElement\":[{\"@type\":\"ListItem\",\"@id\":\"https:\\\/\\\/www.eldigitaldeasturias.com\\\/noticias#listItem\",\"position\":1,\"name\":\"Home\",\"item\":\"https:\\\/\\\/www.eldigitaldeasturias.com\\\/noticias\",\"nextItem\":{\"@type\":\"ListItem\",\"@id\":\"https:\\\/\\\/www.eldigitaldeasturias.com\\\/noticias\\\/category\\\/actualidad\\\/#listItem\",\"name\":\"Actualidad\"}},{\"@type\":\"ListItem\",\"@id\":\"https:\\\/\\\/www.eldigitaldeasturias.com\\\/noticias\\\/category\\\/actualidad\\\/#listItem\",\"position\":2,\"name\":\"Actualidad\",\"item\":\"https:\\\/\\\/www.eldigitaldeasturias.com\\\/noticias\\\/category\\\/actualidad\\\/\",\"nextItem\":{\"@type\":\"ListItem\",\"@id\":\"https:\\\/\\\/www.eldigitaldeasturias.com\\\/noticias\\\/jose-manuel-villegas-hay-un-principio-de-acuerdo\\\/#listItem\",\"name\":\"Jos\\u00e9 Manuel Villegas \\u00abHay un principio de acuerdo\\u00bb\"},\"previousItem\":{\"@type\":\"ListItem\",\"@id\":\"https:\\\/\\\/www.eldigitaldeasturias.com\\\/noticias#listItem\",\"name\":\"Home\"}},{\"@type\":\"ListItem\",\"@id\":\"https:\\\/\\\/www.eldigitaldeasturias.com\\\/noticias\\\/jose-manuel-villegas-hay-un-principio-de-acuerdo\\\/#listItem\",\"position\":3,\"name\":\"Jos\\u00e9 Manuel Villegas \\u00abHay un principio de acuerdo\\u00bb\",\"previousItem\":{\"@type\":\"ListItem\",\"@id\":\"https:\\\/\\\/www.eldigitaldeasturias.com\\\/noticias\\\/category\\\/actualidad\\\/#listItem\",\"name\":\"Actualidad\"}}]},{\"@type\":\"Organization\",\"@id\":\"https:\\\/\\\/www.eldigitaldeasturias.com\\\/noticias\\\/#organization\",\"name\":\"El Digital de Asturias\",\"description\":\"Hemeroteca\",\"url\":\"https:\\\/\\\/www.eldigitaldeasturias.com\\\/noticias\\\/\",\"email\":\"info@eldigitaldeasturias.com\",\"telephone\":\"+34652131393\",\"logo\":{\"@type\":\"ImageObject\",\"url\":\"https:\\\/\\\/www.eldigitaldeasturias.com\\\/noticias\\\/wp-content\\\/uploads\\\/2020\\\/12\\\/EDA.jpg\",\"@id\":\"https:\\\/\\\/www.eldigitaldeasturias.com\\\/noticias\\\/jose-manuel-villegas-hay-un-principio-de-acuerdo\\\/#organizationLogo\",\"width\":649,\"height\":297},\"image\":{\"@id\":\"https:\\\/\\\/www.eldigitaldeasturias.com\\\/noticias\\\/jose-manuel-villegas-hay-un-principio-de-acuerdo\\\/#organizationLogo\"},\"sameAs\":[\"https:\\\/\\\/facebook.com\\\/eldigitaldeasturias\",\"https:\\\/\\\/www.youtube.com\\\/channel\\\/UCZP-2wLEB9Rv6erhFmqVnvg\"],\"address\":{\"@id\":\"https:\\\/\\\/www.eldigitaldeasturias.com\\\/noticias\\\/#postaladdress\",\"@type\":\"PostalAddress\",\"streetAddress\":\"san antonio 4,\",\"postalCode\":\"33430\",\"addressLocality\":\"Cand\\u00e1s\",\"addressRegion\":\"Asturias\",\"addressCountry\":\"ES\"}},{\"@type\":\"Person\",\"@id\":\"https:\\\/\\\/www.eldigitaldeasturias.com\\\/noticias\\\/author\\\/admin\\\/#author\",\"url\":\"https:\\\/\\\/www.eldigitaldeasturias.com\\\/noticias\\\/author\\\/admin\\\/\",\"name\":\"El Digital de Asturias\",\"image\":{\"@type\":\"ImageObject\",\"@id\":\"https:\\\/\\\/www.eldigitaldeasturias.com\\\/noticias\\\/jose-manuel-villegas-hay-un-principio-de-acuerdo\\\/#authorImage\",\"url\":\"https:\\\/\\\/www.eldigitaldeasturias.com\\\/noticias\\\/wp-content\\\/litespeed\\\/avatar\\\/18677e78aa0546b92d9dbf31ec7d7668.jpg?ver=1777290358\",\"width\":96,\"height\":96,\"caption\":\"El Digital de Asturias\"}},{\"@type\":\"WebPage\",\"@id\":\"https:\\\/\\\/www.eldigitaldeasturias.com\\\/noticias\\\/jose-manuel-villegas-hay-un-principio-de-acuerdo\\\/#webpage\",\"url\":\"https:\\\/\\\/www.eldigitaldeasturias.com\\\/noticias\\\/jose-manuel-villegas-hay-un-principio-de-acuerdo\\\/\",\"name\":\"Jos\\u00e9 Manuel Villegas \\u00abHay un principio de acuerdo\\u00bb - El Digital de Asturias\",\"description\":\"El vicesecretario general de Ciudadanos, Jos\\u00e9 Manuel Villegas, ha anunciado que su partido espera poder cerrar un acuerdo con el PSOE \\\"en las pr\\u00f3ximas horas\\\" que se ser\\u00e1 analizado por la Ejecutiva de la formaci\\u00f3n naranja, la cual podr\\u00eda decidir que los 40 diputados de C's voten 's\\u00ed' a la investidura del l\\u00edder socialista, Pedro\",\"inLanguage\":\"es-ES\",\"isPartOf\":{\"@id\":\"https:\\\/\\\/www.eldigitaldeasturias.com\\\/noticias\\\/#website\"},\"breadcrumb\":{\"@id\":\"https:\\\/\\\/www.eldigitaldeasturias.com\\\/noticias\\\/jose-manuel-villegas-hay-un-principio-de-acuerdo\\\/#breadcrumblist\"},\"author\":{\"@id\":\"https:\\\/\\\/www.eldigitaldeasturias.com\\\/noticias\\\/author\\\/admin\\\/#author\"},\"creator\":{\"@id\":\"https:\\\/\\\/www.eldigitaldeasturias.com\\\/noticias\\\/author\\\/admin\\\/#author\"},\"image\":{\"@type\":\"ImageObject\",\"url\":\"https:\\\/\\\/www.eldigitaldeasturias.com\\\/noticias\\\/wp-content\\\/uploads\\\/2016\\\/02\\\/fotonoticia_20160223193101_800.jpg\",\"@id\":\"https:\\\/\\\/www.eldigitaldeasturias.com\\\/noticias\\\/jose-manuel-villegas-hay-un-principio-de-acuerdo\\\/#mainImage\",\"width\":800,\"height\":534},\"primaryImageOfPage\":{\"@id\":\"https:\\\/\\\/www.eldigitaldeasturias.com\\\/noticias\\\/jose-manuel-villegas-hay-un-principio-de-acuerdo\\\/#mainImage\"},\"datePublished\":\"2016-02-24T04:47:15+01:00\",\"dateModified\":\"2016-02-24T04:47:15+01:00\"},{\"@type\":\"WebSite\",\"@id\":\"https:\\\/\\\/www.eldigitaldeasturias.com\\\/noticias\\\/#website\",\"url\":\"https:\\\/\\\/www.eldigitaldeasturias.com\\\/noticias\\\/\",\"name\":\"El Digital de Asturias - Diario de actualidad y noticias\",\"alternateName\":\"El Digital de Asturias - Diario de actualidad y noticias\",\"description\":\"Hemeroteca\",\"inLanguage\":\"es-ES\",\"publisher\":{\"@id\":\"https:\\\/\\\/www.eldigitaldeasturias.com\\\/noticias\\\/#organization\"}}]}\n\t\t<\/script>\n\t\t<!-- All in One SEO Pro -->\r\n\t\t<title>Jos\u00e9 Manuel Villegas \u00abHay un principio de acuerdo\u00bb - El Digital de Asturias<\/title>\n\n","aioseo_head_json":{"title":"Jos\u00e9 Manuel Villegas \u00abHay un principio de acuerdo\u00bb - El Digital de Asturias","description":"El vicesecretario general de Ciudadanos, Jos\u00e9 Manuel Villegas, ha anunciado que su partido espera poder cerrar un acuerdo con el PSOE \"en las pr\u00f3ximas horas\" que se ser\u00e1 analizado por la Ejecutiva de la formaci\u00f3n naranja, la cual podr\u00eda decidir que los 40 diputados de C's voten 's\u00ed' a la investidura del l\u00edder socialista, Pedro","canonical_url":"https:\/\/www.eldigitaldeasturias.com\/noticias\/jose-manuel-villegas-hay-un-principio-de-acuerdo\/","robots":"max-image-preview:large","keywords":"actualidad","webmasterTools":{"google-site-verification":"UA-38556648-1","msvalidate.01":"7dfe9f3f1b24437ab69f4f2559babe99","miscellaneous":""},"schema":{"@context":"https:\/\/schema.org","@graph":[{"@type":"BlogPosting","@id":"https:\/\/www.eldigitaldeasturias.com\/noticias\/jose-manuel-villegas-hay-un-principio-de-acuerdo\/#blogposting","name":"Jos\u00e9 Manuel Villegas \u00abHay un principio de acuerdo\u00bb - El Digital de Asturias","headline":"Jos\u00e9 Manuel Villegas \u00abHay un principio de acuerdo\u00bb","author":{"@id":"https:\/\/www.eldigitaldeasturias.com\/noticias\/author\/admin\/#author"},"publisher":{"@id":"https:\/\/www.eldigitaldeasturias.com\/noticias\/#organization"},"image":{"@type":"ImageObject","url":"https:\/\/www.eldigitaldeasturias.com\/noticias\/wp-content\/uploads\/2016\/02\/fotonoticia_20160223193101_800.jpg","width":800,"height":534},"datePublished":"2016-02-24T04:47:15+01:00","dateModified":"2016-02-24T04:47:15+01:00","inLanguage":"es-ES","mainEntityOfPage":{"@id":"https:\/\/www.eldigitaldeasturias.com\/noticias\/jose-manuel-villegas-hay-un-principio-de-acuerdo\/#webpage"},"isPartOf":{"@id":"https:\/\/www.eldigitaldeasturias.com\/noticias\/jose-manuel-villegas-hay-un-principio-de-acuerdo\/#webpage"},"articleSection":"Actualidad"},{"@type":"BreadcrumbList","@id":"https:\/\/www.eldigitaldeasturias.com\/noticias\/jose-manuel-villegas-hay-un-principio-de-acuerdo\/#breadcrumblist","itemListElement":[{"@type":"ListItem","@id":"https:\/\/www.eldigitaldeasturias.com\/noticias#listItem","position":1,"name":"Home","item":"https:\/\/www.eldigitaldeasturias.com\/noticias","nextItem":{"@type":"ListItem","@id":"https:\/\/www.eldigitaldeasturias.com\/noticias\/category\/actualidad\/#listItem","name":"Actualidad"}},{"@type":"ListItem","@id":"https:\/\/www.eldigitaldeasturias.com\/noticias\/category\/actualidad\/#listItem","position":2,"name":"Actualidad","item":"https:\/\/www.eldigitaldeasturias.com\/noticias\/category\/actualidad\/","nextItem":{"@type":"ListItem","@id":"https:\/\/www.eldigitaldeasturias.com\/noticias\/jose-manuel-villegas-hay-un-principio-de-acuerdo\/#listItem","name":"Jos\u00e9 Manuel Villegas \u00abHay un principio de acuerdo\u00bb"},"previousItem":{"@type":"ListItem","@id":"https:\/\/www.eldigitaldeasturias.com\/noticias#listItem","name":"Home"}},{"@type":"ListItem","@id":"https:\/\/www.eldigitaldeasturias.com\/noticias\/jose-manuel-villegas-hay-un-principio-de-acuerdo\/#listItem","position":3,"name":"Jos\u00e9 Manuel Villegas \u00abHay un principio de acuerdo\u00bb","previousItem":{"@type":"ListItem","@id":"https:\/\/www.eldigitaldeasturias.com\/noticias\/category\/actualidad\/#listItem","name":"Actualidad"}}]},{"@type":"Organization","@id":"https:\/\/www.eldigitaldeasturias.com\/noticias\/#organization","name":"El Digital de Asturias","description":"Hemeroteca","url":"https:\/\/www.eldigitaldeasturias.com\/noticias\/","email":"info@eldigitaldeasturias.com","telephone":"+34652131393","logo":{"@type":"ImageObject","url":"https:\/\/www.eldigitaldeasturias.com\/noticias\/wp-content\/uploads\/2020\/12\/EDA.jpg","@id":"https:\/\/www.eldigitaldeasturias.com\/noticias\/jose-manuel-villegas-hay-un-principio-de-acuerdo\/#organizationLogo","width":649,"height":297},"image":{"@id":"https:\/\/www.eldigitaldeasturias.com\/noticias\/jose-manuel-villegas-hay-un-principio-de-acuerdo\/#organizationLogo"},"sameAs":["https:\/\/facebook.com\/eldigitaldeasturias","https:\/\/www.youtube.com\/channel\/UCZP-2wLEB9Rv6erhFmqVnvg"],"address":{"@id":"https:\/\/www.eldigitaldeasturias.com\/noticias\/#postaladdress","@type":"PostalAddress","streetAddress":"san antonio 4,","postalCode":"33430","addressLocality":"Cand\u00e1s","addressRegion":"Asturias","addressCountry":"ES"}},{"@type":"Person","@id":"https:\/\/www.eldigitaldeasturias.com\/noticias\/author\/admin\/#author","url":"https:\/\/www.eldigitaldeasturias.com\/noticias\/author\/admin\/","name":"El Digital de Asturias","image":{"@type":"ImageObject","@id":"https:\/\/www.eldigitaldeasturias.com\/noticias\/jose-manuel-villegas-hay-un-principio-de-acuerdo\/#authorImage","url":"https:\/\/www.eldigitaldeasturias.com\/noticias\/wp-content\/litespeed\/avatar\/18677e78aa0546b92d9dbf31ec7d7668.jpg?ver=1777290358","width":96,"height":96,"caption":"El Digital de Asturias"}},{"@type":"WebPage","@id":"https:\/\/www.eldigitaldeasturias.com\/noticias\/jose-manuel-villegas-hay-un-principio-de-acuerdo\/#webpage","url":"https:\/\/www.eldigitaldeasturias.com\/noticias\/jose-manuel-villegas-hay-un-principio-de-acuerdo\/","name":"Jos\u00e9 Manuel Villegas \u00abHay un principio de acuerdo\u00bb - El Digital de Asturias","description":"El vicesecretario general de Ciudadanos, Jos\u00e9 Manuel Villegas, ha anunciado que su partido espera poder cerrar un acuerdo con el PSOE \"en las pr\u00f3ximas horas\" que se ser\u00e1 analizado por la Ejecutiva de la formaci\u00f3n naranja, la cual podr\u00eda decidir que los 40 diputados de C's voten 's\u00ed' a la investidura del l\u00edder socialista, Pedro","inLanguage":"es-ES","isPartOf":{"@id":"https:\/\/www.eldigitaldeasturias.com\/noticias\/#website"},"breadcrumb":{"@id":"https:\/\/www.eldigitaldeasturias.com\/noticias\/jose-manuel-villegas-hay-un-principio-de-acuerdo\/#breadcrumblist"},"author":{"@id":"https:\/\/www.eldigitaldeasturias.com\/noticias\/author\/admin\/#author"},"creator":{"@id":"https:\/\/www.eldigitaldeasturias.com\/noticias\/author\/admin\/#author"},"image":{"@type":"ImageObject","url":"https:\/\/www.eldigitaldeasturias.com\/noticias\/wp-content\/uploads\/2016\/02\/fotonoticia_20160223193101_800.jpg","@id":"https:\/\/www.eldigitaldeasturias.com\/noticias\/jose-manuel-villegas-hay-un-principio-de-acuerdo\/#mainImage","width":800,"height":534},"primaryImageOfPage":{"@id":"https:\/\/www.eldigitaldeasturias.com\/noticias\/jose-manuel-villegas-hay-un-principio-de-acuerdo\/#mainImage"},"datePublished":"2016-02-24T04:47:15+01:00","dateModified":"2016-02-24T04:47:15+01:00"},{"@type":"WebSite","@id":"https:\/\/www.eldigitaldeasturias.com\/noticias\/#website","url":"https:\/\/www.eldigitaldeasturias.com\/noticias\/","name":"El Digital de Asturias - Diario de actualidad y noticias","alternateName":"El Digital de Asturias - Diario de actualidad y noticias","description":"Hemeroteca","inLanguage":"es-ES","publisher":{"@id":"https:\/\/www.eldigitaldeasturias.com\/noticias\/#organization"}}]},"og:locale":"es_ES","og:site_name":"El Digital de Asturias","og:type":"article","og:title":"Jos\u00e9 Manuel Villegas \u00abHay un principio de acuerdo\u00bb - El Digital de Asturias","og:description":"El vicesecretario general de Ciudadanos, Jos\u00e9 Manuel Villegas, ha anunciado que su partido espera poder cerrar un acuerdo con el PSOE &quot;en las pr\u00f3ximas horas&quot; que se ser\u00e1 analizado por la Ejecutiva de la formaci\u00f3n naranja, la cual podr\u00eda decidir que los 40 diputados de C's voten 's\u00ed' a la investidura del l\u00edder socialista, Pedro","og:url":"https:\/\/www.eldigitaldeasturias.com\/noticias\/jose-manuel-villegas-hay-un-principio-de-acuerdo\/","og:image":"https:\/\/www.eldigitaldeasturias.com\/noticias\/wp-content\/uploads\/2016\/02\/fotonoticia_20160223193101_800.jpg","og:image:secure_url":"https:\/\/www.eldigitaldeasturias.com\/noticias\/wp-content\/uploads\/2016\/02\/fotonoticia_20160223193101_800.jpg","og:image:width":800,"og:image:height":534,"article:tag":["actualidad"],"article:published_time":"2016-02-24T04:47:15+00:00","article:modified_time":"2016-02-24T04:47:15+00:00","article:publisher":"https:\/\/facebook.com\/eldigitaldeasturias","twitter:card":"summary_large_image","twitter:title":"Jos\u00e9 Manuel Villegas \u00abHay un principio de acuerdo\u00bb - El Digital de Asturias","twitter:description":"El vicesecretario general de Ciudadanos, Jos\u00e9 Manuel Villegas, ha anunciado que su partido espera poder cerrar un acuerdo con el PSOE &quot;en las pr\u00f3ximas horas&quot; que se ser\u00e1 analizado por la Ejecutiva de la formaci\u00f3n naranja, la cual podr\u00eda decidir que los 40 diputados de C's voten 's\u00ed' a la investidura del l\u00edder socialista, Pedro","twitter:image":"https:\/\/www.eldigitaldeasturias.com\/noticias\/wp-content\/uploads\/2016\/02\/fotonoticia_20160223193101_800.jpg","twitter:label1":"Escrito por","twitter:data1":"El Digital de Asturias","twitter:label2":"Tiempo de lectura estimado","twitter:data2":"3 minutos"},"aioseo_meta_data":{"post_id":"861497","title":null,"description":null,"keywords":null,"keyphrases":null,"primary_term":null,"canonical_url":null,"og_title":null,"og_description":null,"og_object_type":"default","og_image_type":"default","og_image_url":null,"og_image_width":null,"og_image_height":null,"og_image_custom_url":null,"og_image_custom_fields":null,"og_video":null,"og_custom_url":null,"og_article_section":null,"og_article_tags":null,"twitter_use_og":false,"twitter_card":"default","twitter_image_type":"default","twitter_image_url":null,"twitter_image_custom_url":null,"twitter_image_custom_fields":null,"twitter_title":null,"twitter_description":null,"schema":{"blockGraphs":[],"customGraphs":[],"default":{"data":{"Article":[],"Course":[],"Dataset":[],"FAQPage":[],"Movie":[],"Person":[],"Product":[],"ProductReview":[],"Car":[],"Recipe":[],"Service":[],"SoftwareApplication":[],"WebPage":[]},"graphName":"","isEnabled":true},"graphs":[],"defaultGraph":"","defaultPostTypeGraph":""},"schema_type":null,"schema_type_options":null,"pillar_content":false,"robots_default":true,"robots_noindex":false,"robots_noarchive":false,"robots_nosnippet":false,"robots_nofollow":false,"robots_noimageindex":false,"robots_noodp":false,"robots_notranslate":false,"robots_max_snippet":null,"robots_max_videopreview":null,"robots_max_imagepreview":"large","priority":null,"frequency":null,"local_seo":null,"seo_analyzer_scan_date":"2025-12-10 21:25:11","breadcrumb_settings":null,"limit_modified_date":false,"open_ai":null,"ai":null,"created":"2021-01-23 11:18:46","updated":"2025-12-10 21:25:11"},"aioseo_breadcrumb":"<div class=\"aioseo-breadcrumbs\"><span class=\"aioseo-breadcrumb\">\n\t<a href=\"https:\/\/www.eldigitaldeasturias.com\/noticias\" title=\"Home\">Home<\/a>\n<\/span><span class=\"aioseo-breadcrumb-separator\">\u2013<\/span><span class=\"aioseo-breadcrumb\">\n\t<a href=\"https:\/\/www.eldigitaldeasturias.com\/noticias\/category\/actualidad\/\" title=\"Actualidad\">Actualidad<\/a>\n<\/span><span class=\"aioseo-breadcrumb-separator\">\u2013<\/span><span class=\"aioseo-breadcrumb\">\n\t<a href=\"https:\/\/www.eldigitaldeasturias.com\/noticias\/jose-manuel-villegas-hay-un-principio-de-acuerdo\/\" title=\"Jos\u00e9 Manuel Villegas \u00abHay un principio de acuerdo\u00bb\">Jos\u00e9 Manuel Villegas \u00abHay un principio de acuerdo\u00bb<\/a>\n<\/span><\/div>","aioseo_breadcrumb_json":[{"label":"Home","link":"https:\/\/www.eldigitaldeasturias.com\/noticias"},{"label":"Actualidad","link":"https:\/\/www.eldigitaldeasturias.com\/noticias\/category\/actualidad\/"},{"label":"Jos\u00e9 Manuel Villegas \u00abHay un principio de acuerdo\u00bb","link":"https:\/\/www.eldigitaldeasturias.com\/noticias\/jose-manuel-villegas-hay-un-principio-de-acuerdo\/"}],"_links":{"self":[{"href":"https:\/\/www.eldigitaldeasturias.com\/noticias\/wp-json\/wp\/v2\/posts\/861497","targetHints":{"allow":["GET"]}}],"collection":[{"href":"https:\/\/www.eldigitaldeasturias.com\/noticias\/wp-json\/wp\/v2\/posts"}],"about":[{"href":"https:\/\/www.eldigitaldeasturias.com\/noticias\/wp-json\/wp\/v2\/types\/post"}],"author":[{"embeddable":true,"href":"https:\/\/www.eldigitaldeasturias.com\/noticias\/wp-json\/wp\/v2\/users\/1"}],"replies":[{"embeddable":true,"href":"https:\/\/www.eldigitaldeasturias.com\/noticias\/wp-json\/wp\/v2\/comments?post=861497"}],"version-history":[{"count":0,"href":"https:\/\/www.eldigitaldeasturias.com\/noticias\/wp-json\/wp\/v2\/posts\/861497\/revisions"}],"wp:featuredmedia":[{"embeddable":true,"href":"https:\/\/www.eldigitaldeasturias.com\/noticias\/wp-json\/wp\/v2\/media\/861498"}],"wp:attachment":[{"href":"https:\/\/www.eldigitaldeasturias.com\/noticias\/wp-json\/wp\/v2\/media?parent=861497"}],"wp:term":[{"taxonomy":"category","embeddable":true,"href":"https:\/\/www.eldigitaldeasturias.com\/noticias\/wp-json\/wp\/v2\/categories?post=861497"},{"taxonomy":"post_tag","embeddable":true,"href":"https:\/\/www.eldigitaldeasturias.com\/noticias\/wp-json\/wp\/v2\/tags?post=861497"}],"curies":[{"name":"wp","href":"https:\/\/api.w.org\/{rel}","templated":true}]}}