{"id":861494,"date":"2016-02-24T04:43:45","date_gmt":"2016-02-24T04:43:45","guid":{"rendered":"http:\/\/www.eldigitaldeasturias.com\/noticias\/?p=861494"},"modified":"2016-02-24T04:43:45","modified_gmt":"2016-02-24T04:43:45","slug":"pedro-sanchez-estamos-en-un-momento-historico-de-la-vida-politica","status":"publish","type":"post","link":"https:\/\/www.eldigitaldeasturias.com\/noticias\/pedro-sanchez-estamos-en-un-momento-historico-de-la-vida-politica\/","title":{"rendered":"Pedro S\u00e1nchez \u00abEstamos en un momento hist\u00f3rico de la vida pol\u00edtica\u00bb"},"content":{"rendered":"<p><img loading=\"lazy\" decoding=\"async\" class=\"alignleft size-medium wp-image-861495\" src=\"https:\/\/www.eldigitaldeasturias.com\/noticias\/wp-content\/uploads\/2016\/02\/fotonoticia_20160223184203_800-360x270.jpg\" alt=\"fotonoticia_20160223184203_800\" width=\"360\" height=\"270\" srcset=\"https:\/\/www.eldigitaldeasturias.com\/noticias\/wp-content\/uploads\/2016\/02\/fotonoticia_20160223184203_800-360x270.jpg 360w, https:\/\/www.eldigitaldeasturias.com\/noticias\/wp-content\/uploads\/2016\/02\/fotonoticia_20160223184203_800-768x576.jpg 768w, https:\/\/www.eldigitaldeasturias.com\/noticias\/wp-content\/uploads\/2016\/02\/fotonoticia_20160223184203_800-650x488.jpg 650w, https:\/\/www.eldigitaldeasturias.com\/noticias\/wp-content\/uploads\/2016\/02\/fotonoticia_20160223184203_800-125x95.jpg 125w, https:\/\/www.eldigitaldeasturias.com\/noticias\/wp-content\/uploads\/2016\/02\/fotonoticia_20160223184203_800-100x75.jpg 100w, https:\/\/www.eldigitaldeasturias.com\/noticias\/wp-content\/uploads\/2016\/02\/fotonoticia_20160223184203_800.jpg 800w\" sizes=\"auto, (max-width: 360px) 100vw, 360px\" \/>El secretario general del PSOE, Pedro S\u00e1nchez, ha aceptado la reforma constitucional expr\u00e9s con cinco puntos que el presidente de Ciudadanos, Albert Rivera, ha puesto encima de la mesa, por lo que conf\u00eda en cerrar en las pr\u00f3ximas horas un acuerdo de legislatura con la formaci\u00f3n naranja.<\/p>\n<p>\u00abCuando hay voluntad de cambio, hay voluntad de acuerdos\u00bb, ha manifestado S\u00e1nchez en una rueda de prensa en el Congreso, donde ha confirmado que los socialistas dir\u00e1n s\u00ed a los cinco asuntos que el partido naranja quiere tocar de la Carta Magna, incluido el de comenzar a suprimir las diputaciones provinciales para crear \u00abconsejos provinciales de alcaldes\u00bb.<\/p>\n<p>Tambi\u00e9n ha aceptado la eliminaci\u00f3n de los aforamientos para diputados y senadores, la limitaci\u00f3n de la Presidencia del Gobierno a dos legislaturas, la revisi\u00f3n del Consejo General del Poder Judicial y la reforma de la Iniciativa Legislativa Popular (ILP), para facilitar sus tramitaci\u00f3n.<\/p>\n<p>MA\u00d1ANA SE REUNIR\u00c1 LA EJECUTIVA DEL PSOE<\/p>\n<p>\u00abSi \u00e9sas son las peticiones que tiene Ciudadanos y Albert Rivera, que no le quepa duda a los espa\u00f1oles, habr\u00e1 acuerdo\u00bb, ha anunciado S\u00e1nchez, que ha decidido convocar para ma\u00f1ana por la ma\u00f1ana a su Ejecutiva federal, la encargada de ratificar cualquier pacto y convocar la consulta de la militancia.<\/p>\n<p>S\u00e1nchez ha explicado que el PSOE coincide con el partido naranja, y \u00abcon millones de personas\u00bb, en que es \u00abnecesario abrir las puertas del Congreso a la participaci\u00f3n de los ciudadanos, por lo que apuestan tambi\u00e9n por reducir de 500.000 a 250.000 el n\u00famero de firmas necesarias para presentar ILP.<\/p>\n<p>Tambi\u00e9n comparten la limitaci\u00f3n de dos mandatos en La Moncloa &#8211;como, de hecho, llevaban en su programa&#8211;; apuestan por reducir a la mitad el CGPJ, pasando de 20 a 10 miembros, y por acabar con los aforamientos en el Congreso y en el Senado, pero tambi\u00e9n en los Parlamentos auton\u00f3micos.<\/p>\n<p>Adem\u00e1s, S\u00e1nchez ha explicado que aceptan iniciar la supresi\u00f3n de las diputaciones, aunque ha explicado que quieren \u00abcrear un nuevo ente\u00bb, que ha llamado \u00ablos consejos provinciales de alcaldes\u00bb, para que se garantice la \u00abigualdad\u00bb de servicios a los municipios de menos de 20.000 habitantes.<\/p>\n<p>\u00abSi \u00e9stas son las propuestas que permitan culminar un acuerdo entre el PSOE y Ciudadanos, nosotros decimos que s\u00ed\u00bb, ha remachado el l\u00edder de los socialistas, convencido de que se va a \u00ababrir un nuevo tiempo\u00bb que estar\u00e1 \u00abpresidido por el di\u00e1logo, el acuerdo y las pol\u00edticas progresistas\u00bb.<\/p>\n<p>As\u00ed, S\u00e1nchez ha confiado en que se pueda llegar a \u00abun acuerdo de investidura y de legislatura\u00bb, ya que el presidente de Ciudadanos \u00abha dicho claramente\u00bb que estas son sus \u00ab\u00faltimas propuestas\u00bb para poder cerrar un pacto.<\/p>\n<p>EL PSOE LLAMA A OTROS PARTIDOS A QUE SE SUMEN AL CAMBIO<\/p>\n<p>Eso s\u00ed, ha recalcado que el PSOE \u00abquiere sumar al cambio a todas las fuerzas pol\u00edticas que quieran liderar un nuevo tiempo pol\u00edtico\u00bb en Espa\u00f1a, con un gobierno \u00abprogresista\u00bb que lidere reformas, aunque no ha explicado si conf\u00eda en que Podemos se abstenga.<\/p>\n<p>\u00abEstamos en un momento hist\u00f3rico de la vida pol\u00edtica, estamos a las puertas de que dos partidos con vocaci\u00f3n nacional podamos llegar a entendernos\u00bb, ha subrayado S\u00e1nchez, que ha hecho hincapi\u00e9 en el hecho de que dos partidos \u00abde centro izquierda y de centro derecha\u00bb pueden cerrar un acuerdo.<\/p>\n<p>A partir de aqu\u00ed, se ha limitado a apuntar que este pacto puede ser \u00abuna buena base para liderar ese cambio que necesita la pol\u00edtica espa\u00f1ola y que han pedido los espa\u00f1oles el pasado 20 de diciembre\u00bb.<\/p>\n","protected":false},"excerpt":{"rendered":"<p>El secretario general del PSOE, Pedro S\u00e1nchez, ha aceptado la reforma constitucional expr\u00e9s con cinco puntos que el presidente de Ciudadanos, Albert Rivera, ha puesto encima de la mesa, por lo que conf\u00eda en cerrar en las pr\u00f3ximas horas un acuerdo de legislatura con la formaci\u00f3n naranja. \u00abCuando hay voluntad de cambio, hay voluntad de [&hellip;]<\/p>\n","protected":false},"author":1,"featured_media":861495,"comment_status":"closed","ping_status":"closed","sticky":false,"template":"","format":"standard","meta":{"footnotes":""},"categories":[1],"tags":[],"class_list":["post-861494","post","type-post","status-publish","format-standard","has-post-thumbnail","hentry","category-actualidad"],"aioseo_notices":[],"aioseo_head":"\n\t\t<!-- All in One SEO Pro 4.9.6.2 - aioseo.com -->\n\t<meta name=\"description\" content=\"El secretario general del PSOE, Pedro S\u00e1nchez, ha aceptado la reforma constitucional expr\u00e9s con cinco puntos que el presidente de Ciudadanos, Albert Rivera, ha puesto encima de la mesa, por lo que conf\u00eda en cerrar en las pr\u00f3ximas horas un acuerdo de legislatura con la formaci\u00f3n naranja. &quot;Cuando hay voluntad de cambio, hay voluntad de\" \/>\n\t<meta name=\"robots\" content=\"max-image-preview:large\" \/>\n\t<meta name=\"author\" content=\"El Digital de Asturias\"\/>\n\t<meta name=\"google-site-verification\" content=\"UA-38556648-1\" \/>\n\t<meta name=\"msvalidate.01\" content=\"7dfe9f3f1b24437ab69f4f2559babe99\" \/>\n\t<meta name=\"keywords\" content=\"actualidad\" \/>\n\t<link rel=\"canonical\" href=\"https:\/\/www.eldigitaldeasturias.com\/noticias\/pedro-sanchez-estamos-en-un-momento-historico-de-la-vida-politica\/\" \/>\n\t<meta name=\"generator\" content=\"All in One SEO Pro (AIOSEO) 4.9.6.2\" \/>\n\t\t<meta property=\"og:locale\" content=\"es_ES\" \/>\n\t\t<meta property=\"og:site_name\" content=\"El Digital de Asturias\" \/>\n\t\t<meta property=\"og:type\" content=\"article\" \/>\n\t\t<meta property=\"og:title\" content=\"Pedro S\u00e1nchez \u00abEstamos en un momento hist\u00f3rico de la vida pol\u00edtica\u00bb - El Digital de Asturias\" \/>\n\t\t<meta property=\"og:description\" content=\"El secretario general del PSOE, Pedro S\u00e1nchez, ha aceptado la reforma constitucional expr\u00e9s con cinco puntos que el presidente de Ciudadanos, Albert Rivera, ha puesto encima de la mesa, por lo que conf\u00eda en cerrar en las pr\u00f3ximas horas un acuerdo de legislatura con la formaci\u00f3n naranja. &quot;Cuando hay voluntad de cambio, hay voluntad de\" \/>\n\t\t<meta property=\"og:url\" content=\"https:\/\/www.eldigitaldeasturias.com\/noticias\/pedro-sanchez-estamos-en-un-momento-historico-de-la-vida-politica\/\" \/>\n\t\t<meta property=\"og:image\" content=\"https:\/\/www.eldigitaldeasturias.com\/noticias\/wp-content\/uploads\/2016\/02\/fotonoticia_20160223184203_800.jpg\" \/>\n\t\t<meta property=\"og:image:secure_url\" content=\"https:\/\/www.eldigitaldeasturias.com\/noticias\/wp-content\/uploads\/2016\/02\/fotonoticia_20160223184203_800.jpg\" \/>\n\t\t<meta property=\"og:image:width\" content=\"800\" \/>\n\t\t<meta property=\"og:image:height\" content=\"600\" \/>\n\t\t<meta property=\"article:tag\" content=\"actualidad\" \/>\n\t\t<meta property=\"article:published_time\" content=\"2016-02-24T04:43:45+00:00\" \/>\n\t\t<meta property=\"article:modified_time\" content=\"2016-02-24T04:43:45+00:00\" \/>\n\t\t<meta property=\"article:publisher\" content=\"https:\/\/facebook.com\/eldigitaldeasturias\" \/>\n\t\t<meta name=\"twitter:card\" content=\"summary_large_image\" \/>\n\t\t<meta name=\"twitter:title\" content=\"Pedro S\u00e1nchez \u00abEstamos en un momento hist\u00f3rico de la vida pol\u00edtica\u00bb - El Digital de Asturias\" \/>\n\t\t<meta name=\"twitter:description\" content=\"El secretario general del PSOE, Pedro S\u00e1nchez, ha aceptado la reforma constitucional expr\u00e9s con cinco puntos que el presidente de Ciudadanos, Albert Rivera, ha puesto encima de la mesa, por lo que conf\u00eda en cerrar en las pr\u00f3ximas horas un acuerdo de legislatura con la formaci\u00f3n naranja. &quot;Cuando hay voluntad de cambio, hay voluntad de\" \/>\n\t\t<meta name=\"twitter:image\" content=\"https:\/\/www.eldigitaldeasturias.com\/noticias\/wp-content\/uploads\/2016\/02\/fotonoticia_20160223184203_800.jpg\" \/>\n\t\t<meta name=\"twitter:label1\" content=\"Escrito por\" \/>\n\t\t<meta name=\"twitter:data1\" content=\"El Digital de Asturias\" \/>\n\t\t<meta name=\"twitter:label2\" content=\"Tiempo de lectura estimado\" \/>\n\t\t<meta name=\"twitter:data2\" content=\"3 minutos\" \/>\n\t\t<script type=\"application\/ld+json\" class=\"aioseo-schema\">\n\t\t\t{\"@context\":\"https:\\\/\\\/schema.org\",\"@graph\":[{\"@type\":\"BlogPosting\",\"@id\":\"https:\\\/\\\/www.eldigitaldeasturias.com\\\/noticias\\\/pedro-sanchez-estamos-en-un-momento-historico-de-la-vida-politica\\\/#blogposting\",\"name\":\"Pedro S\\u00e1nchez \\u00abEstamos en un momento hist\\u00f3rico de la vida pol\\u00edtica\\u00bb - El Digital de Asturias\",\"headline\":\"Pedro S\\u00e1nchez \\u00abEstamos en un momento hist\\u00f3rico de la vida pol\\u00edtica\\u00bb\",\"author\":{\"@id\":\"https:\\\/\\\/www.eldigitaldeasturias.com\\\/noticias\\\/author\\\/admin\\\/#author\"},\"publisher\":{\"@id\":\"https:\\\/\\\/www.eldigitaldeasturias.com\\\/noticias\\\/#organization\"},\"image\":{\"@type\":\"ImageObject\",\"url\":\"https:\\\/\\\/www.eldigitaldeasturias.com\\\/noticias\\\/wp-content\\\/uploads\\\/2016\\\/02\\\/fotonoticia_20160223184203_800.jpg\",\"width\":800,\"height\":600},\"datePublished\":\"2016-02-24T04:43:45+01:00\",\"dateModified\":\"2016-02-24T04:43:45+01:00\",\"inLanguage\":\"es-ES\",\"mainEntityOfPage\":{\"@id\":\"https:\\\/\\\/www.eldigitaldeasturias.com\\\/noticias\\\/pedro-sanchez-estamos-en-un-momento-historico-de-la-vida-politica\\\/#webpage\"},\"isPartOf\":{\"@id\":\"https:\\\/\\\/www.eldigitaldeasturias.com\\\/noticias\\\/pedro-sanchez-estamos-en-un-momento-historico-de-la-vida-politica\\\/#webpage\"},\"articleSection\":\"Actualidad\"},{\"@type\":\"BreadcrumbList\",\"@id\":\"https:\\\/\\\/www.eldigitaldeasturias.com\\\/noticias\\\/pedro-sanchez-estamos-en-un-momento-historico-de-la-vida-politica\\\/#breadcrumblist\",\"itemListElement\":[{\"@type\":\"ListItem\",\"@id\":\"https:\\\/\\\/www.eldigitaldeasturias.com\\\/noticias#listItem\",\"position\":1,\"name\":\"Home\",\"item\":\"https:\\\/\\\/www.eldigitaldeasturias.com\\\/noticias\",\"nextItem\":{\"@type\":\"ListItem\",\"@id\":\"https:\\\/\\\/www.eldigitaldeasturias.com\\\/noticias\\\/category\\\/actualidad\\\/#listItem\",\"name\":\"Actualidad\"}},{\"@type\":\"ListItem\",\"@id\":\"https:\\\/\\\/www.eldigitaldeasturias.com\\\/noticias\\\/category\\\/actualidad\\\/#listItem\",\"position\":2,\"name\":\"Actualidad\",\"item\":\"https:\\\/\\\/www.eldigitaldeasturias.com\\\/noticias\\\/category\\\/actualidad\\\/\",\"nextItem\":{\"@type\":\"ListItem\",\"@id\":\"https:\\\/\\\/www.eldigitaldeasturias.com\\\/noticias\\\/pedro-sanchez-estamos-en-un-momento-historico-de-la-vida-politica\\\/#listItem\",\"name\":\"Pedro S\\u00e1nchez \\u00abEstamos en un momento hist\\u00f3rico de la vida pol\\u00edtica\\u00bb\"},\"previousItem\":{\"@type\":\"ListItem\",\"@id\":\"https:\\\/\\\/www.eldigitaldeasturias.com\\\/noticias#listItem\",\"name\":\"Home\"}},{\"@type\":\"ListItem\",\"@id\":\"https:\\\/\\\/www.eldigitaldeasturias.com\\\/noticias\\\/pedro-sanchez-estamos-en-un-momento-historico-de-la-vida-politica\\\/#listItem\",\"position\":3,\"name\":\"Pedro S\\u00e1nchez \\u00abEstamos en un momento hist\\u00f3rico de la vida pol\\u00edtica\\u00bb\",\"previousItem\":{\"@type\":\"ListItem\",\"@id\":\"https:\\\/\\\/www.eldigitaldeasturias.com\\\/noticias\\\/category\\\/actualidad\\\/#listItem\",\"name\":\"Actualidad\"}}]},{\"@type\":\"Organization\",\"@id\":\"https:\\\/\\\/www.eldigitaldeasturias.com\\\/noticias\\\/#organization\",\"name\":\"El Digital de Asturias\",\"description\":\"Hemeroteca\",\"url\":\"https:\\\/\\\/www.eldigitaldeasturias.com\\\/noticias\\\/\",\"email\":\"info@eldigitaldeasturias.com\",\"telephone\":\"+34652131393\",\"logo\":{\"@type\":\"ImageObject\",\"url\":\"https:\\\/\\\/www.eldigitaldeasturias.com\\\/noticias\\\/wp-content\\\/uploads\\\/2020\\\/12\\\/EDA.jpg\",\"@id\":\"https:\\\/\\\/www.eldigitaldeasturias.com\\\/noticias\\\/pedro-sanchez-estamos-en-un-momento-historico-de-la-vida-politica\\\/#organizationLogo\",\"width\":649,\"height\":297},\"image\":{\"@id\":\"https:\\\/\\\/www.eldigitaldeasturias.com\\\/noticias\\\/pedro-sanchez-estamos-en-un-momento-historico-de-la-vida-politica\\\/#organizationLogo\"},\"sameAs\":[\"https:\\\/\\\/facebook.com\\\/eldigitaldeasturias\",\"https:\\\/\\\/www.youtube.com\\\/channel\\\/UCZP-2wLEB9Rv6erhFmqVnvg\"],\"address\":{\"@id\":\"https:\\\/\\\/www.eldigitaldeasturias.com\\\/noticias\\\/#postaladdress\",\"@type\":\"PostalAddress\",\"streetAddress\":\"san antonio 4,\",\"postalCode\":\"33430\",\"addressLocality\":\"Cand\\u00e1s\",\"addressRegion\":\"Asturias\",\"addressCountry\":\"ES\"}},{\"@type\":\"Person\",\"@id\":\"https:\\\/\\\/www.eldigitaldeasturias.com\\\/noticias\\\/author\\\/admin\\\/#author\",\"url\":\"https:\\\/\\\/www.eldigitaldeasturias.com\\\/noticias\\\/author\\\/admin\\\/\",\"name\":\"El Digital de Asturias\",\"image\":{\"@type\":\"ImageObject\",\"@id\":\"https:\\\/\\\/www.eldigitaldeasturias.com\\\/noticias\\\/pedro-sanchez-estamos-en-un-momento-historico-de-la-vida-politica\\\/#authorImage\",\"url\":\"https:\\\/\\\/www.eldigitaldeasturias.com\\\/noticias\\\/wp-content\\\/litespeed\\\/avatar\\\/18677e78aa0546b92d9dbf31ec7d7668.jpg?ver=1777290358\",\"width\":96,\"height\":96,\"caption\":\"El Digital de Asturias\"}},{\"@type\":\"WebPage\",\"@id\":\"https:\\\/\\\/www.eldigitaldeasturias.com\\\/noticias\\\/pedro-sanchez-estamos-en-un-momento-historico-de-la-vida-politica\\\/#webpage\",\"url\":\"https:\\\/\\\/www.eldigitaldeasturias.com\\\/noticias\\\/pedro-sanchez-estamos-en-un-momento-historico-de-la-vida-politica\\\/\",\"name\":\"Pedro S\\u00e1nchez \\u00abEstamos en un momento hist\\u00f3rico de la vida pol\\u00edtica\\u00bb - El Digital de Asturias\",\"description\":\"El secretario general del PSOE, Pedro S\\u00e1nchez, ha aceptado la reforma constitucional expr\\u00e9s con cinco puntos que el presidente de Ciudadanos, Albert Rivera, ha puesto encima de la mesa, por lo que conf\\u00eda en cerrar en las pr\\u00f3ximas horas un acuerdo de legislatura con la formaci\\u00f3n naranja. \\\"Cuando hay voluntad de cambio, hay voluntad de\",\"inLanguage\":\"es-ES\",\"isPartOf\":{\"@id\":\"https:\\\/\\\/www.eldigitaldeasturias.com\\\/noticias\\\/#website\"},\"breadcrumb\":{\"@id\":\"https:\\\/\\\/www.eldigitaldeasturias.com\\\/noticias\\\/pedro-sanchez-estamos-en-un-momento-historico-de-la-vida-politica\\\/#breadcrumblist\"},\"author\":{\"@id\":\"https:\\\/\\\/www.eldigitaldeasturias.com\\\/noticias\\\/author\\\/admin\\\/#author\"},\"creator\":{\"@id\":\"https:\\\/\\\/www.eldigitaldeasturias.com\\\/noticias\\\/author\\\/admin\\\/#author\"},\"image\":{\"@type\":\"ImageObject\",\"url\":\"https:\\\/\\\/www.eldigitaldeasturias.com\\\/noticias\\\/wp-content\\\/uploads\\\/2016\\\/02\\\/fotonoticia_20160223184203_800.jpg\",\"@id\":\"https:\\\/\\\/www.eldigitaldeasturias.com\\\/noticias\\\/pedro-sanchez-estamos-en-un-momento-historico-de-la-vida-politica\\\/#mainImage\",\"width\":800,\"height\":600},\"primaryImageOfPage\":{\"@id\":\"https:\\\/\\\/www.eldigitaldeasturias.com\\\/noticias\\\/pedro-sanchez-estamos-en-un-momento-historico-de-la-vida-politica\\\/#mainImage\"},\"datePublished\":\"2016-02-24T04:43:45+01:00\",\"dateModified\":\"2016-02-24T04:43:45+01:00\"},{\"@type\":\"WebSite\",\"@id\":\"https:\\\/\\\/www.eldigitaldeasturias.com\\\/noticias\\\/#website\",\"url\":\"https:\\\/\\\/www.eldigitaldeasturias.com\\\/noticias\\\/\",\"name\":\"El Digital de Asturias - Diario de actualidad y noticias\",\"alternateName\":\"El Digital de Asturias - Diario de actualidad y noticias\",\"description\":\"Hemeroteca\",\"inLanguage\":\"es-ES\",\"publisher\":{\"@id\":\"https:\\\/\\\/www.eldigitaldeasturias.com\\\/noticias\\\/#organization\"}}]}\n\t\t<\/script>\n\t\t<!-- All in One SEO Pro -->\r\n\t\t<title>Pedro S\u00e1nchez \u00abEstamos en un momento hist\u00f3rico de la vida pol\u00edtica\u00bb - El Digital de Asturias<\/title>\n\n","aioseo_head_json":{"title":"Pedro S\u00e1nchez \u00abEstamos en un momento hist\u00f3rico de la vida pol\u00edtica\u00bb - El Digital de Asturias","description":"El secretario general del PSOE, Pedro S\u00e1nchez, ha aceptado la reforma constitucional expr\u00e9s con cinco puntos que el presidente de Ciudadanos, Albert Rivera, ha puesto encima de la mesa, por lo que conf\u00eda en cerrar en las pr\u00f3ximas horas un acuerdo de legislatura con la formaci\u00f3n naranja. \"Cuando hay voluntad de cambio, hay voluntad de","canonical_url":"https:\/\/www.eldigitaldeasturias.com\/noticias\/pedro-sanchez-estamos-en-un-momento-historico-de-la-vida-politica\/","robots":"max-image-preview:large","keywords":"actualidad","webmasterTools":{"google-site-verification":"UA-38556648-1","msvalidate.01":"7dfe9f3f1b24437ab69f4f2559babe99","miscellaneous":""},"schema":{"@context":"https:\/\/schema.org","@graph":[{"@type":"BlogPosting","@id":"https:\/\/www.eldigitaldeasturias.com\/noticias\/pedro-sanchez-estamos-en-un-momento-historico-de-la-vida-politica\/#blogposting","name":"Pedro S\u00e1nchez \u00abEstamos en un momento hist\u00f3rico de la vida pol\u00edtica\u00bb - El Digital de Asturias","headline":"Pedro S\u00e1nchez \u00abEstamos en un momento hist\u00f3rico de la vida pol\u00edtica\u00bb","author":{"@id":"https:\/\/www.eldigitaldeasturias.com\/noticias\/author\/admin\/#author"},"publisher":{"@id":"https:\/\/www.eldigitaldeasturias.com\/noticias\/#organization"},"image":{"@type":"ImageObject","url":"https:\/\/www.eldigitaldeasturias.com\/noticias\/wp-content\/uploads\/2016\/02\/fotonoticia_20160223184203_800.jpg","width":800,"height":600},"datePublished":"2016-02-24T04:43:45+01:00","dateModified":"2016-02-24T04:43:45+01:00","inLanguage":"es-ES","mainEntityOfPage":{"@id":"https:\/\/www.eldigitaldeasturias.com\/noticias\/pedro-sanchez-estamos-en-un-momento-historico-de-la-vida-politica\/#webpage"},"isPartOf":{"@id":"https:\/\/www.eldigitaldeasturias.com\/noticias\/pedro-sanchez-estamos-en-un-momento-historico-de-la-vida-politica\/#webpage"},"articleSection":"Actualidad"},{"@type":"BreadcrumbList","@id":"https:\/\/www.eldigitaldeasturias.com\/noticias\/pedro-sanchez-estamos-en-un-momento-historico-de-la-vida-politica\/#breadcrumblist","itemListElement":[{"@type":"ListItem","@id":"https:\/\/www.eldigitaldeasturias.com\/noticias#listItem","position":1,"name":"Home","item":"https:\/\/www.eldigitaldeasturias.com\/noticias","nextItem":{"@type":"ListItem","@id":"https:\/\/www.eldigitaldeasturias.com\/noticias\/category\/actualidad\/#listItem","name":"Actualidad"}},{"@type":"ListItem","@id":"https:\/\/www.eldigitaldeasturias.com\/noticias\/category\/actualidad\/#listItem","position":2,"name":"Actualidad","item":"https:\/\/www.eldigitaldeasturias.com\/noticias\/category\/actualidad\/","nextItem":{"@type":"ListItem","@id":"https:\/\/www.eldigitaldeasturias.com\/noticias\/pedro-sanchez-estamos-en-un-momento-historico-de-la-vida-politica\/#listItem","name":"Pedro S\u00e1nchez \u00abEstamos en un momento hist\u00f3rico de la vida pol\u00edtica\u00bb"},"previousItem":{"@type":"ListItem","@id":"https:\/\/www.eldigitaldeasturias.com\/noticias#listItem","name":"Home"}},{"@type":"ListItem","@id":"https:\/\/www.eldigitaldeasturias.com\/noticias\/pedro-sanchez-estamos-en-un-momento-historico-de-la-vida-politica\/#listItem","position":3,"name":"Pedro S\u00e1nchez \u00abEstamos en un momento hist\u00f3rico de la vida pol\u00edtica\u00bb","previousItem":{"@type":"ListItem","@id":"https:\/\/www.eldigitaldeasturias.com\/noticias\/category\/actualidad\/#listItem","name":"Actualidad"}}]},{"@type":"Organization","@id":"https:\/\/www.eldigitaldeasturias.com\/noticias\/#organization","name":"El Digital de Asturias","description":"Hemeroteca","url":"https:\/\/www.eldigitaldeasturias.com\/noticias\/","email":"info@eldigitaldeasturias.com","telephone":"+34652131393","logo":{"@type":"ImageObject","url":"https:\/\/www.eldigitaldeasturias.com\/noticias\/wp-content\/uploads\/2020\/12\/EDA.jpg","@id":"https:\/\/www.eldigitaldeasturias.com\/noticias\/pedro-sanchez-estamos-en-un-momento-historico-de-la-vida-politica\/#organizationLogo","width":649,"height":297},"image":{"@id":"https:\/\/www.eldigitaldeasturias.com\/noticias\/pedro-sanchez-estamos-en-un-momento-historico-de-la-vida-politica\/#organizationLogo"},"sameAs":["https:\/\/facebook.com\/eldigitaldeasturias","https:\/\/www.youtube.com\/channel\/UCZP-2wLEB9Rv6erhFmqVnvg"],"address":{"@id":"https:\/\/www.eldigitaldeasturias.com\/noticias\/#postaladdress","@type":"PostalAddress","streetAddress":"san antonio 4,","postalCode":"33430","addressLocality":"Cand\u00e1s","addressRegion":"Asturias","addressCountry":"ES"}},{"@type":"Person","@id":"https:\/\/www.eldigitaldeasturias.com\/noticias\/author\/admin\/#author","url":"https:\/\/www.eldigitaldeasturias.com\/noticias\/author\/admin\/","name":"El Digital de Asturias","image":{"@type":"ImageObject","@id":"https:\/\/www.eldigitaldeasturias.com\/noticias\/pedro-sanchez-estamos-en-un-momento-historico-de-la-vida-politica\/#authorImage","url":"https:\/\/www.eldigitaldeasturias.com\/noticias\/wp-content\/litespeed\/avatar\/18677e78aa0546b92d9dbf31ec7d7668.jpg?ver=1777290358","width":96,"height":96,"caption":"El Digital de Asturias"}},{"@type":"WebPage","@id":"https:\/\/www.eldigitaldeasturias.com\/noticias\/pedro-sanchez-estamos-en-un-momento-historico-de-la-vida-politica\/#webpage","url":"https:\/\/www.eldigitaldeasturias.com\/noticias\/pedro-sanchez-estamos-en-un-momento-historico-de-la-vida-politica\/","name":"Pedro S\u00e1nchez \u00abEstamos en un momento hist\u00f3rico de la vida pol\u00edtica\u00bb - El Digital de Asturias","description":"El secretario general del PSOE, Pedro S\u00e1nchez, ha aceptado la reforma constitucional expr\u00e9s con cinco puntos que el presidente de Ciudadanos, Albert Rivera, ha puesto encima de la mesa, por lo que conf\u00eda en cerrar en las pr\u00f3ximas horas un acuerdo de legislatura con la formaci\u00f3n naranja. \"Cuando hay voluntad de cambio, hay voluntad de","inLanguage":"es-ES","isPartOf":{"@id":"https:\/\/www.eldigitaldeasturias.com\/noticias\/#website"},"breadcrumb":{"@id":"https:\/\/www.eldigitaldeasturias.com\/noticias\/pedro-sanchez-estamos-en-un-momento-historico-de-la-vida-politica\/#breadcrumblist"},"author":{"@id":"https:\/\/www.eldigitaldeasturias.com\/noticias\/author\/admin\/#author"},"creator":{"@id":"https:\/\/www.eldigitaldeasturias.com\/noticias\/author\/admin\/#author"},"image":{"@type":"ImageObject","url":"https:\/\/www.eldigitaldeasturias.com\/noticias\/wp-content\/uploads\/2016\/02\/fotonoticia_20160223184203_800.jpg","@id":"https:\/\/www.eldigitaldeasturias.com\/noticias\/pedro-sanchez-estamos-en-un-momento-historico-de-la-vida-politica\/#mainImage","width":800,"height":600},"primaryImageOfPage":{"@id":"https:\/\/www.eldigitaldeasturias.com\/noticias\/pedro-sanchez-estamos-en-un-momento-historico-de-la-vida-politica\/#mainImage"},"datePublished":"2016-02-24T04:43:45+01:00","dateModified":"2016-02-24T04:43:45+01:00"},{"@type":"WebSite","@id":"https:\/\/www.eldigitaldeasturias.com\/noticias\/#website","url":"https:\/\/www.eldigitaldeasturias.com\/noticias\/","name":"El Digital de Asturias - Diario de actualidad y noticias","alternateName":"El Digital de Asturias - Diario de actualidad y noticias","description":"Hemeroteca","inLanguage":"es-ES","publisher":{"@id":"https:\/\/www.eldigitaldeasturias.com\/noticias\/#organization"}}]},"og:locale":"es_ES","og:site_name":"El Digital de Asturias","og:type":"article","og:title":"Pedro S\u00e1nchez \u00abEstamos en un momento hist\u00f3rico de la vida pol\u00edtica\u00bb - El Digital de Asturias","og:description":"El secretario general del PSOE, Pedro S\u00e1nchez, ha aceptado la reforma constitucional expr\u00e9s con cinco puntos que el presidente de Ciudadanos, Albert Rivera, ha puesto encima de la mesa, por lo que conf\u00eda en cerrar en las pr\u00f3ximas horas un acuerdo de legislatura con la formaci\u00f3n naranja. &quot;Cuando hay voluntad de cambio, hay voluntad de","og:url":"https:\/\/www.eldigitaldeasturias.com\/noticias\/pedro-sanchez-estamos-en-un-momento-historico-de-la-vida-politica\/","og:image":"https:\/\/www.eldigitaldeasturias.com\/noticias\/wp-content\/uploads\/2016\/02\/fotonoticia_20160223184203_800.jpg","og:image:secure_url":"https:\/\/www.eldigitaldeasturias.com\/noticias\/wp-content\/uploads\/2016\/02\/fotonoticia_20160223184203_800.jpg","og:image:width":800,"og:image:height":600,"article:tag":["actualidad"],"article:published_time":"2016-02-24T04:43:45+00:00","article:modified_time":"2016-02-24T04:43:45+00:00","article:publisher":"https:\/\/facebook.com\/eldigitaldeasturias","twitter:card":"summary_large_image","twitter:title":"Pedro S\u00e1nchez \u00abEstamos en un momento hist\u00f3rico de la vida pol\u00edtica\u00bb - El Digital de Asturias","twitter:description":"El secretario general del PSOE, Pedro S\u00e1nchez, ha aceptado la reforma constitucional expr\u00e9s con cinco puntos que el presidente de Ciudadanos, Albert Rivera, ha puesto encima de la mesa, por lo que conf\u00eda en cerrar en las pr\u00f3ximas horas un acuerdo de legislatura con la formaci\u00f3n naranja. &quot;Cuando hay voluntad de cambio, hay voluntad de","twitter:image":"https:\/\/www.eldigitaldeasturias.com\/noticias\/wp-content\/uploads\/2016\/02\/fotonoticia_20160223184203_800.jpg","twitter:label1":"Escrito por","twitter:data1":"El Digital de Asturias","twitter:label2":"Tiempo de lectura estimado","twitter:data2":"3 minutos"},"aioseo_meta_data":{"post_id":"861494","title":null,"description":null,"keywords":null,"keyphrases":null,"primary_term":null,"canonical_url":null,"og_title":null,"og_description":null,"og_object_type":"default","og_image_type":"default","og_image_url":null,"og_image_width":null,"og_image_height":null,"og_image_custom_url":null,"og_image_custom_fields":null,"og_video":null,"og_custom_url":null,"og_article_section":null,"og_article_tags":null,"twitter_use_og":false,"twitter_card":"default","twitter_image_type":"default","twitter_image_url":null,"twitter_image_custom_url":null,"twitter_image_custom_fields":null,"twitter_title":null,"twitter_description":null,"schema":{"blockGraphs":[],"customGraphs":[],"default":{"data":{"Article":[],"Course":[],"Dataset":[],"FAQPage":[],"Movie":[],"Person":[],"Product":[],"ProductReview":[],"Car":[],"Recipe":[],"Service":[],"SoftwareApplication":[],"WebPage":[]},"graphName":"","isEnabled":true},"graphs":[],"defaultGraph":"","defaultPostTypeGraph":""},"schema_type":null,"schema_type_options":null,"pillar_content":false,"robots_default":true,"robots_noindex":false,"robots_noarchive":false,"robots_nosnippet":false,"robots_nofollow":false,"robots_noimageindex":false,"robots_noodp":false,"robots_notranslate":false,"robots_max_snippet":null,"robots_max_videopreview":null,"robots_max_imagepreview":"large","priority":null,"frequency":null,"local_seo":null,"seo_analyzer_scan_date":"2025-12-10 21:25:10","breadcrumb_settings":null,"limit_modified_date":false,"open_ai":null,"ai":null,"created":"2021-01-22 18:07:33","updated":"2025-12-10 21:25:10"},"aioseo_breadcrumb":"<div class=\"aioseo-breadcrumbs\"><span class=\"aioseo-breadcrumb\">\n\t<a href=\"https:\/\/www.eldigitaldeasturias.com\/noticias\" title=\"Home\">Home<\/a>\n<\/span><span class=\"aioseo-breadcrumb-separator\">\u2013<\/span><span class=\"aioseo-breadcrumb\">\n\t<a href=\"https:\/\/www.eldigitaldeasturias.com\/noticias\/category\/actualidad\/\" title=\"Actualidad\">Actualidad<\/a>\n<\/span><span class=\"aioseo-breadcrumb-separator\">\u2013<\/span><span class=\"aioseo-breadcrumb\">\n\t<a href=\"https:\/\/www.eldigitaldeasturias.com\/noticias\/pedro-sanchez-estamos-en-un-momento-historico-de-la-vida-politica\/\" title=\"Pedro S\u00e1nchez \u00abEstamos en un momento hist\u00f3rico de la vida pol\u00edtica\u00bb\">Pedro S\u00e1nchez \u00abEstamos en un momento hist\u00f3rico de la vida pol\u00edtica\u00bb<\/a>\n<\/span><\/div>","aioseo_breadcrumb_json":[{"label":"Home","link":"https:\/\/www.eldigitaldeasturias.com\/noticias"},{"label":"Actualidad","link":"https:\/\/www.eldigitaldeasturias.com\/noticias\/category\/actualidad\/"},{"label":"Pedro S\u00e1nchez \u00abEstamos en un momento hist\u00f3rico de la vida pol\u00edtica\u00bb","link":"https:\/\/www.eldigitaldeasturias.com\/noticias\/pedro-sanchez-estamos-en-un-momento-historico-de-la-vida-politica\/"}],"_links":{"self":[{"href":"https:\/\/www.eldigitaldeasturias.com\/noticias\/wp-json\/wp\/v2\/posts\/861494","targetHints":{"allow":["GET"]}}],"collection":[{"href":"https:\/\/www.eldigitaldeasturias.com\/noticias\/wp-json\/wp\/v2\/posts"}],"about":[{"href":"https:\/\/www.eldigitaldeasturias.com\/noticias\/wp-json\/wp\/v2\/types\/post"}],"author":[{"embeddable":true,"href":"https:\/\/www.eldigitaldeasturias.com\/noticias\/wp-json\/wp\/v2\/users\/1"}],"replies":[{"embeddable":true,"href":"https:\/\/www.eldigitaldeasturias.com\/noticias\/wp-json\/wp\/v2\/comments?post=861494"}],"version-history":[{"count":0,"href":"https:\/\/www.eldigitaldeasturias.com\/noticias\/wp-json\/wp\/v2\/posts\/861494\/revisions"}],"wp:featuredmedia":[{"embeddable":true,"href":"https:\/\/www.eldigitaldeasturias.com\/noticias\/wp-json\/wp\/v2\/media\/861495"}],"wp:attachment":[{"href":"https:\/\/www.eldigitaldeasturias.com\/noticias\/wp-json\/wp\/v2\/media?parent=861494"}],"wp:term":[{"taxonomy":"category","embeddable":true,"href":"https:\/\/www.eldigitaldeasturias.com\/noticias\/wp-json\/wp\/v2\/categories?post=861494"},{"taxonomy":"post_tag","embeddable":true,"href":"https:\/\/www.eldigitaldeasturias.com\/noticias\/wp-json\/wp\/v2\/tags?post=861494"}],"curies":[{"name":"wp","href":"https:\/\/api.w.org\/{rel}","templated":true}]}}