{"id":861488,"date":"2016-02-24T04:37:44","date_gmt":"2016-02-24T04:37:44","guid":{"rendered":"http:\/\/www.eldigitaldeasturias.com\/noticias\/?p=861488"},"modified":"2016-02-24T04:37:44","modified_gmt":"2016-02-24T04:37:44","slug":"fernandez-lores-rajoy-tiene-mas-que-merecido-la-declaracion-de-persona-non-grata","status":"publish","type":"post","link":"https:\/\/www.eldigitaldeasturias.com\/noticias\/fernandez-lores-rajoy-tiene-mas-que-merecido-la-declaracion-de-persona-non-grata\/","title":{"rendered":"Fern\u00e1ndez Lores \u00abRajoy tiene m\u00e1s que merecido la declaraci\u00f3n de persona non grata\u00bb"},"content":{"rendered":"<p><img loading=\"lazy\" decoding=\"async\" class=\"alignleft size-medium wp-image-861489\" src=\"https:\/\/www.eldigitaldeasturias.com\/noticias\/wp-content\/uploads\/2016\/02\/fotonoticia_20160223181624_800-360x240.jpg\" alt=\"fotonoticia_20160223181624_800\" width=\"360\" height=\"240\" srcset=\"https:\/\/www.eldigitaldeasturias.com\/noticias\/wp-content\/uploads\/2016\/02\/fotonoticia_20160223181624_800-360x240.jpg 360w, https:\/\/www.eldigitaldeasturias.com\/noticias\/wp-content\/uploads\/2016\/02\/fotonoticia_20160223181624_800-768x513.jpg 768w, https:\/\/www.eldigitaldeasturias.com\/noticias\/wp-content\/uploads\/2016\/02\/fotonoticia_20160223181624_800-650x434.jpg 650w, https:\/\/www.eldigitaldeasturias.com\/noticias\/wp-content\/uploads\/2016\/02\/fotonoticia_20160223181624_800-84x55.jpg 84w, https:\/\/www.eldigitaldeasturias.com\/noticias\/wp-content\/uploads\/2016\/02\/fotonoticia_20160223181624_800-49x32.jpg 49w, https:\/\/www.eldigitaldeasturias.com\/noticias\/wp-content\/uploads\/2016\/02\/fotonoticia_20160223181624_800.jpg 800w\" sizes=\"auto, (max-width: 360px) 100vw, 360px\" \/>El alcalde de Pontevedra, el nacionalista Miguel Anxo Fern\u00e1ndez Lores, ha desvelado que el presidente de la Xunta y l\u00edder del PPdeG, Alberto N\u00fa\u00f1ez Feij\u00f3o, le llam\u00f3 con la intenci\u00f3n de evitar el apoyo del BNG a la moci\u00f3n de Marea y del PSOE para declarar al presidente del Gobierno en funciones, Mariano Rajoy, como persona &#8216;non grata&#8217;.<\/p>\n<p>La llamada se produjo el domingo \u00aba la hora de la misa\u00bb, un d\u00eda antes de la celebraci\u00f3n del pleno municipal, para pedirle \u00abque no votara a favor\u00bb de la moci\u00f3n presentada por Marea y PSOE.<\/p>\n<p>Fern\u00e1ndez Lores ha lamentado que el titular del Ejecutivo gallego no le hubiese llamado para otros asuntos, como desbloquear la cesi\u00f3n de la antigua sede de la Xunta en la calle Benito Corbal, asunto por el que dijo \u00abmanda al Rueda para decir tonter\u00edas\u00bb, agreg\u00f3.<\/p>\n<p>Seg\u00fan explic\u00f3, en la conversaci\u00f3n telef\u00f3nica N\u00fa\u00f1ez Feij\u00f3o le traslad\u00f3 la responsabilidad por este nombramiento al Bloque, aunque la propuesta part\u00eda de Marea y el PSdeG. \u00abNosotros somos gente coherente, que gestionamos como es debido, y a m\u00f3 no me gusta hacer ghaiteiradas en la pol\u00edtica\u00bb, agreg\u00f3 Lores.<\/p>\n<p>El alcalde pontevedr\u00e9s le respondi\u00f3 que \u00e9l no ten\u00eda la culpa de que la declaraci\u00f3n de persona &#8216;non grata&#8217; interesase \u00abhasta a las televisiones de Alemania\u00bb y que \u00e9l hubiese preferido que estos mismos medios de comunicaci\u00f3n viniesen a Pontevedra cuando la ciudad recibe alg\u00fan premio en Dubai o Nueva York. \u00abY que nos saquen en la Gallega\u00bb, a\u00f1adi\u00f3.<\/p>\n<p>\u00abM\u00c1S QUE MERECIDO\u00bb<\/p>\n<p>Fern\u00e1ndez Lores reiter\u00f3 que Mariano Rajoy tiene \u00abm\u00e1s que merecido\u00bb la declaraci\u00f3n de persona &#8216;non grata&#8217; por conceder una pr\u00f3rroga a la f\u00e1brica de celulosa ENCE para ocupar los terrenos a orillas de la r\u00eda hasta el a\u00f1o 2073.<\/p>\n<p>Una vez m\u00e1s, el regidor nacionalista critic\u00f3 que el presidente del Gobierno en funciones \u00abcondena\u00bb a Pontevedra a 60 a\u00f1os m\u00e1s de presencia de ENCE. \u00abLuego, se cae de un guindo porque lo nombran persona &#8216;non grata&#8217;. Que se las piense antes de hacerlo\u00bb, afirm\u00f3.<\/p>\n<p>\u00abPara m\u00ed no es plato de gusto acordar estas cosas\u00bb, reconoci\u00f3 Fern\u00e1ndez Lores, quien matiz\u00f3 que para \u00e9l tampoco es \u00abplato de gusto\u00bb decirle a los trabajadores \u00abque se dirijan a la empresa para exigirle que busquen otro sitio para trasladar la empresa\u00bb.<\/p>\n<p>Finalmente, insisti\u00f3 en que la pretensi\u00f3n es \u00abrevertir ese acuerdo\u00bb, y pidi\u00f3 \u00abque revoquen la concesi\u00f3n por decisi\u00f3n judicial, por presi\u00f3n social o pol\u00edtica\u00bb. Puso, no obstante, el matizo de que \u00abnada de violencia, ni siquiera verbal\u00bb.<\/p>\n<p>En este sentido, el alcalde anunci\u00f3 que \u00absi ma\u00f1ana hay un gobierno alternativo\u00bb al frente del Estado, Pontevedra le va a exigir \u00abque cumplan con sus compromisos\u00bb.<\/p>\n","protected":false},"excerpt":{"rendered":"<p>El alcalde de Pontevedra, el nacionalista Miguel Anxo Fern\u00e1ndez Lores, ha desvelado que el presidente de la Xunta y l\u00edder del PPdeG, Alberto N\u00fa\u00f1ez Feij\u00f3o, le llam\u00f3 con la intenci\u00f3n de evitar el apoyo del BNG a la moci\u00f3n de Marea y del PSOE para declarar al presidente del Gobierno en funciones, Mariano Rajoy, como [&hellip;]<\/p>\n","protected":false},"author":1,"featured_media":861489,"comment_status":"closed","ping_status":"closed","sticky":false,"template":"","format":"standard","meta":{"footnotes":""},"categories":[1],"tags":[],"class_list":["post-861488","post","type-post","status-publish","format-standard","has-post-thumbnail","hentry","category-actualidad"],"aioseo_notices":[],"aioseo_head":"\n\t\t<!-- All in One SEO Pro 4.9.6.2 - aioseo.com -->\n\t<meta name=\"description\" content=\"El alcalde de Pontevedra, el nacionalista Miguel Anxo Fern\u00e1ndez Lores, ha desvelado que el presidente de la Xunta y l\u00edder del PPdeG, Alberto N\u00fa\u00f1ez Feij\u00f3o, le llam\u00f3 con la intenci\u00f3n de evitar el apoyo del BNG a la moci\u00f3n de Marea y del PSOE para declarar al presidente del Gobierno en funciones, Mariano Rajoy, como\" \/>\n\t<meta name=\"robots\" content=\"max-image-preview:large\" \/>\n\t<meta name=\"author\" content=\"El Digital de Asturias\"\/>\n\t<meta name=\"google-site-verification\" content=\"UA-38556648-1\" \/>\n\t<meta name=\"msvalidate.01\" content=\"7dfe9f3f1b24437ab69f4f2559babe99\" \/>\n\t<meta name=\"keywords\" content=\"actualidad\" \/>\n\t<link rel=\"canonical\" href=\"https:\/\/www.eldigitaldeasturias.com\/noticias\/fernandez-lores-rajoy-tiene-mas-que-merecido-la-declaracion-de-persona-non-grata\/\" \/>\n\t<meta name=\"generator\" content=\"All in One SEO Pro (AIOSEO) 4.9.6.2\" \/>\n\t\t<meta property=\"og:locale\" content=\"es_ES\" \/>\n\t\t<meta property=\"og:site_name\" content=\"El Digital de Asturias\" \/>\n\t\t<meta property=\"og:type\" content=\"article\" \/>\n\t\t<meta property=\"og:title\" content=\"Fern\u00e1ndez Lores \u00abRajoy tiene m\u00e1s que merecido la declaraci\u00f3n de persona non grata\u00bb - El Digital de Asturias\" \/>\n\t\t<meta property=\"og:description\" content=\"El alcalde de Pontevedra, el nacionalista Miguel Anxo Fern\u00e1ndez Lores, ha desvelado que el presidente de la Xunta y l\u00edder del PPdeG, Alberto N\u00fa\u00f1ez Feij\u00f3o, le llam\u00f3 con la intenci\u00f3n de evitar el apoyo del BNG a la moci\u00f3n de Marea y del PSOE para declarar al presidente del Gobierno en funciones, Mariano Rajoy, como\" \/>\n\t\t<meta property=\"og:url\" content=\"https:\/\/www.eldigitaldeasturias.com\/noticias\/fernandez-lores-rajoy-tiene-mas-que-merecido-la-declaracion-de-persona-non-grata\/\" \/>\n\t\t<meta property=\"og:image\" content=\"https:\/\/www.eldigitaldeasturias.com\/noticias\/wp-content\/uploads\/2016\/02\/fotonoticia_20160223181624_800.jpg\" \/>\n\t\t<meta property=\"og:image:secure_url\" content=\"https:\/\/www.eldigitaldeasturias.com\/noticias\/wp-content\/uploads\/2016\/02\/fotonoticia_20160223181624_800.jpg\" \/>\n\t\t<meta property=\"og:image:width\" content=\"800\" \/>\n\t\t<meta property=\"og:image:height\" content=\"534\" \/>\n\t\t<meta property=\"article:tag\" content=\"actualidad\" \/>\n\t\t<meta property=\"article:published_time\" content=\"2016-02-24T04:37:44+00:00\" \/>\n\t\t<meta property=\"article:modified_time\" content=\"2016-02-24T04:37:44+00:00\" \/>\n\t\t<meta property=\"article:publisher\" content=\"https:\/\/facebook.com\/eldigitaldeasturias\" \/>\n\t\t<meta name=\"twitter:card\" content=\"summary_large_image\" \/>\n\t\t<meta name=\"twitter:title\" content=\"Fern\u00e1ndez Lores \u00abRajoy tiene m\u00e1s que merecido la declaraci\u00f3n de persona non grata\u00bb - El Digital de Asturias\" \/>\n\t\t<meta name=\"twitter:description\" content=\"El alcalde de Pontevedra, el nacionalista Miguel Anxo Fern\u00e1ndez Lores, ha desvelado que el presidente de la Xunta y l\u00edder del PPdeG, Alberto N\u00fa\u00f1ez Feij\u00f3o, le llam\u00f3 con la intenci\u00f3n de evitar el apoyo del BNG a la moci\u00f3n de Marea y del PSOE para declarar al presidente del Gobierno en funciones, Mariano Rajoy, como\" \/>\n\t\t<meta name=\"twitter:image\" content=\"https:\/\/www.eldigitaldeasturias.com\/noticias\/wp-content\/uploads\/2016\/02\/fotonoticia_20160223181624_800.jpg\" \/>\n\t\t<meta name=\"twitter:label1\" content=\"Escrito por\" \/>\n\t\t<meta name=\"twitter:data1\" content=\"El Digital de Asturias\" \/>\n\t\t<meta name=\"twitter:label2\" content=\"Tiempo de lectura estimado\" \/>\n\t\t<meta name=\"twitter:data2\" content=\"2 minutos\" \/>\n\t\t<script type=\"application\/ld+json\" class=\"aioseo-schema\">\n\t\t\t{\"@context\":\"https:\\\/\\\/schema.org\",\"@graph\":[{\"@type\":\"BlogPosting\",\"@id\":\"https:\\\/\\\/www.eldigitaldeasturias.com\\\/noticias\\\/fernandez-lores-rajoy-tiene-mas-que-merecido-la-declaracion-de-persona-non-grata\\\/#blogposting\",\"name\":\"Fern\\u00e1ndez Lores \\u00abRajoy tiene m\\u00e1s que merecido la declaraci\\u00f3n de persona non grata\\u00bb - El Digital de Asturias\",\"headline\":\"Fern\\u00e1ndez Lores \\u00abRajoy tiene m\\u00e1s que merecido la declaraci\\u00f3n de persona non grata\\u00bb\",\"author\":{\"@id\":\"https:\\\/\\\/www.eldigitaldeasturias.com\\\/noticias\\\/author\\\/admin\\\/#author\"},\"publisher\":{\"@id\":\"https:\\\/\\\/www.eldigitaldeasturias.com\\\/noticias\\\/#organization\"},\"image\":{\"@type\":\"ImageObject\",\"url\":\"https:\\\/\\\/www.eldigitaldeasturias.com\\\/noticias\\\/wp-content\\\/uploads\\\/2016\\\/02\\\/fotonoticia_20160223181624_800.jpg\",\"width\":800,\"height\":534},\"datePublished\":\"2016-02-24T04:37:44+01:00\",\"dateModified\":\"2016-02-24T04:37:44+01:00\",\"inLanguage\":\"es-ES\",\"mainEntityOfPage\":{\"@id\":\"https:\\\/\\\/www.eldigitaldeasturias.com\\\/noticias\\\/fernandez-lores-rajoy-tiene-mas-que-merecido-la-declaracion-de-persona-non-grata\\\/#webpage\"},\"isPartOf\":{\"@id\":\"https:\\\/\\\/www.eldigitaldeasturias.com\\\/noticias\\\/fernandez-lores-rajoy-tiene-mas-que-merecido-la-declaracion-de-persona-non-grata\\\/#webpage\"},\"articleSection\":\"Actualidad\"},{\"@type\":\"BreadcrumbList\",\"@id\":\"https:\\\/\\\/www.eldigitaldeasturias.com\\\/noticias\\\/fernandez-lores-rajoy-tiene-mas-que-merecido-la-declaracion-de-persona-non-grata\\\/#breadcrumblist\",\"itemListElement\":[{\"@type\":\"ListItem\",\"@id\":\"https:\\\/\\\/www.eldigitaldeasturias.com\\\/noticias#listItem\",\"position\":1,\"name\":\"Home\",\"item\":\"https:\\\/\\\/www.eldigitaldeasturias.com\\\/noticias\",\"nextItem\":{\"@type\":\"ListItem\",\"@id\":\"https:\\\/\\\/www.eldigitaldeasturias.com\\\/noticias\\\/category\\\/actualidad\\\/#listItem\",\"name\":\"Actualidad\"}},{\"@type\":\"ListItem\",\"@id\":\"https:\\\/\\\/www.eldigitaldeasturias.com\\\/noticias\\\/category\\\/actualidad\\\/#listItem\",\"position\":2,\"name\":\"Actualidad\",\"item\":\"https:\\\/\\\/www.eldigitaldeasturias.com\\\/noticias\\\/category\\\/actualidad\\\/\",\"nextItem\":{\"@type\":\"ListItem\",\"@id\":\"https:\\\/\\\/www.eldigitaldeasturias.com\\\/noticias\\\/fernandez-lores-rajoy-tiene-mas-que-merecido-la-declaracion-de-persona-non-grata\\\/#listItem\",\"name\":\"Fern\\u00e1ndez Lores \\u00abRajoy tiene m\\u00e1s que merecido la declaraci\\u00f3n de persona non grata\\u00bb\"},\"previousItem\":{\"@type\":\"ListItem\",\"@id\":\"https:\\\/\\\/www.eldigitaldeasturias.com\\\/noticias#listItem\",\"name\":\"Home\"}},{\"@type\":\"ListItem\",\"@id\":\"https:\\\/\\\/www.eldigitaldeasturias.com\\\/noticias\\\/fernandez-lores-rajoy-tiene-mas-que-merecido-la-declaracion-de-persona-non-grata\\\/#listItem\",\"position\":3,\"name\":\"Fern\\u00e1ndez Lores \\u00abRajoy tiene m\\u00e1s que merecido la declaraci\\u00f3n de persona non grata\\u00bb\",\"previousItem\":{\"@type\":\"ListItem\",\"@id\":\"https:\\\/\\\/www.eldigitaldeasturias.com\\\/noticias\\\/category\\\/actualidad\\\/#listItem\",\"name\":\"Actualidad\"}}]},{\"@type\":\"Organization\",\"@id\":\"https:\\\/\\\/www.eldigitaldeasturias.com\\\/noticias\\\/#organization\",\"name\":\"El Digital de Asturias\",\"description\":\"Hemeroteca\",\"url\":\"https:\\\/\\\/www.eldigitaldeasturias.com\\\/noticias\\\/\",\"email\":\"info@eldigitaldeasturias.com\",\"telephone\":\"+34652131393\",\"logo\":{\"@type\":\"ImageObject\",\"url\":\"https:\\\/\\\/www.eldigitaldeasturias.com\\\/noticias\\\/wp-content\\\/uploads\\\/2020\\\/12\\\/EDA.jpg\",\"@id\":\"https:\\\/\\\/www.eldigitaldeasturias.com\\\/noticias\\\/fernandez-lores-rajoy-tiene-mas-que-merecido-la-declaracion-de-persona-non-grata\\\/#organizationLogo\",\"width\":649,\"height\":297},\"image\":{\"@id\":\"https:\\\/\\\/www.eldigitaldeasturias.com\\\/noticias\\\/fernandez-lores-rajoy-tiene-mas-que-merecido-la-declaracion-de-persona-non-grata\\\/#organizationLogo\"},\"sameAs\":[\"https:\\\/\\\/facebook.com\\\/eldigitaldeasturias\",\"https:\\\/\\\/www.youtube.com\\\/channel\\\/UCZP-2wLEB9Rv6erhFmqVnvg\"],\"address\":{\"@id\":\"https:\\\/\\\/www.eldigitaldeasturias.com\\\/noticias\\\/#postaladdress\",\"@type\":\"PostalAddress\",\"streetAddress\":\"san antonio 4,\",\"postalCode\":\"33430\",\"addressLocality\":\"Cand\\u00e1s\",\"addressRegion\":\"Asturias\",\"addressCountry\":\"ES\"}},{\"@type\":\"Person\",\"@id\":\"https:\\\/\\\/www.eldigitaldeasturias.com\\\/noticias\\\/author\\\/admin\\\/#author\",\"url\":\"https:\\\/\\\/www.eldigitaldeasturias.com\\\/noticias\\\/author\\\/admin\\\/\",\"name\":\"El Digital de Asturias\",\"image\":{\"@type\":\"ImageObject\",\"@id\":\"https:\\\/\\\/www.eldigitaldeasturias.com\\\/noticias\\\/fernandez-lores-rajoy-tiene-mas-que-merecido-la-declaracion-de-persona-non-grata\\\/#authorImage\",\"url\":\"https:\\\/\\\/www.eldigitaldeasturias.com\\\/noticias\\\/wp-content\\\/litespeed\\\/avatar\\\/18677e78aa0546b92d9dbf31ec7d7668.jpg?ver=1777290358\",\"width\":96,\"height\":96,\"caption\":\"El Digital de Asturias\"}},{\"@type\":\"WebPage\",\"@id\":\"https:\\\/\\\/www.eldigitaldeasturias.com\\\/noticias\\\/fernandez-lores-rajoy-tiene-mas-que-merecido-la-declaracion-de-persona-non-grata\\\/#webpage\",\"url\":\"https:\\\/\\\/www.eldigitaldeasturias.com\\\/noticias\\\/fernandez-lores-rajoy-tiene-mas-que-merecido-la-declaracion-de-persona-non-grata\\\/\",\"name\":\"Fern\\u00e1ndez Lores \\u00abRajoy tiene m\\u00e1s que merecido la declaraci\\u00f3n de persona non grata\\u00bb - El Digital de Asturias\",\"description\":\"El alcalde de Pontevedra, el nacionalista Miguel Anxo Fern\\u00e1ndez Lores, ha desvelado que el presidente de la Xunta y l\\u00edder del PPdeG, Alberto N\\u00fa\\u00f1ez Feij\\u00f3o, le llam\\u00f3 con la intenci\\u00f3n de evitar el apoyo del BNG a la moci\\u00f3n de Marea y del PSOE para declarar al presidente del Gobierno en funciones, Mariano Rajoy, como\",\"inLanguage\":\"es-ES\",\"isPartOf\":{\"@id\":\"https:\\\/\\\/www.eldigitaldeasturias.com\\\/noticias\\\/#website\"},\"breadcrumb\":{\"@id\":\"https:\\\/\\\/www.eldigitaldeasturias.com\\\/noticias\\\/fernandez-lores-rajoy-tiene-mas-que-merecido-la-declaracion-de-persona-non-grata\\\/#breadcrumblist\"},\"author\":{\"@id\":\"https:\\\/\\\/www.eldigitaldeasturias.com\\\/noticias\\\/author\\\/admin\\\/#author\"},\"creator\":{\"@id\":\"https:\\\/\\\/www.eldigitaldeasturias.com\\\/noticias\\\/author\\\/admin\\\/#author\"},\"image\":{\"@type\":\"ImageObject\",\"url\":\"https:\\\/\\\/www.eldigitaldeasturias.com\\\/noticias\\\/wp-content\\\/uploads\\\/2016\\\/02\\\/fotonoticia_20160223181624_800.jpg\",\"@id\":\"https:\\\/\\\/www.eldigitaldeasturias.com\\\/noticias\\\/fernandez-lores-rajoy-tiene-mas-que-merecido-la-declaracion-de-persona-non-grata\\\/#mainImage\",\"width\":800,\"height\":534},\"primaryImageOfPage\":{\"@id\":\"https:\\\/\\\/www.eldigitaldeasturias.com\\\/noticias\\\/fernandez-lores-rajoy-tiene-mas-que-merecido-la-declaracion-de-persona-non-grata\\\/#mainImage\"},\"datePublished\":\"2016-02-24T04:37:44+01:00\",\"dateModified\":\"2016-02-24T04:37:44+01:00\"},{\"@type\":\"WebSite\",\"@id\":\"https:\\\/\\\/www.eldigitaldeasturias.com\\\/noticias\\\/#website\",\"url\":\"https:\\\/\\\/www.eldigitaldeasturias.com\\\/noticias\\\/\",\"name\":\"El Digital de Asturias - Diario de actualidad y noticias\",\"alternateName\":\"El Digital de Asturias - Diario de actualidad y noticias\",\"description\":\"Hemeroteca\",\"inLanguage\":\"es-ES\",\"publisher\":{\"@id\":\"https:\\\/\\\/www.eldigitaldeasturias.com\\\/noticias\\\/#organization\"}}]}\n\t\t<\/script>\n\t\t<!-- All in One SEO Pro -->\r\n\t\t<title>Fern\u00e1ndez Lores \u00abRajoy tiene m\u00e1s que merecido la declaraci\u00f3n de persona non grata\u00bb - El Digital de Asturias<\/title>\n\n","aioseo_head_json":{"title":"Fern\u00e1ndez Lores \u00abRajoy tiene m\u00e1s que merecido la declaraci\u00f3n de persona non grata\u00bb - El Digital de Asturias","description":"El alcalde de Pontevedra, el nacionalista Miguel Anxo Fern\u00e1ndez Lores, ha desvelado que el presidente de la Xunta y l\u00edder del PPdeG, Alberto N\u00fa\u00f1ez Feij\u00f3o, le llam\u00f3 con la intenci\u00f3n de evitar el apoyo del BNG a la moci\u00f3n de Marea y del PSOE para declarar al presidente del Gobierno en funciones, Mariano Rajoy, como","canonical_url":"https:\/\/www.eldigitaldeasturias.com\/noticias\/fernandez-lores-rajoy-tiene-mas-que-merecido-la-declaracion-de-persona-non-grata\/","robots":"max-image-preview:large","keywords":"actualidad","webmasterTools":{"google-site-verification":"UA-38556648-1","msvalidate.01":"7dfe9f3f1b24437ab69f4f2559babe99","miscellaneous":""},"schema":{"@context":"https:\/\/schema.org","@graph":[{"@type":"BlogPosting","@id":"https:\/\/www.eldigitaldeasturias.com\/noticias\/fernandez-lores-rajoy-tiene-mas-que-merecido-la-declaracion-de-persona-non-grata\/#blogposting","name":"Fern\u00e1ndez Lores \u00abRajoy tiene m\u00e1s que merecido la declaraci\u00f3n de persona non grata\u00bb - El Digital de Asturias","headline":"Fern\u00e1ndez Lores \u00abRajoy tiene m\u00e1s que merecido la declaraci\u00f3n de persona non grata\u00bb","author":{"@id":"https:\/\/www.eldigitaldeasturias.com\/noticias\/author\/admin\/#author"},"publisher":{"@id":"https:\/\/www.eldigitaldeasturias.com\/noticias\/#organization"},"image":{"@type":"ImageObject","url":"https:\/\/www.eldigitaldeasturias.com\/noticias\/wp-content\/uploads\/2016\/02\/fotonoticia_20160223181624_800.jpg","width":800,"height":534},"datePublished":"2016-02-24T04:37:44+01:00","dateModified":"2016-02-24T04:37:44+01:00","inLanguage":"es-ES","mainEntityOfPage":{"@id":"https:\/\/www.eldigitaldeasturias.com\/noticias\/fernandez-lores-rajoy-tiene-mas-que-merecido-la-declaracion-de-persona-non-grata\/#webpage"},"isPartOf":{"@id":"https:\/\/www.eldigitaldeasturias.com\/noticias\/fernandez-lores-rajoy-tiene-mas-que-merecido-la-declaracion-de-persona-non-grata\/#webpage"},"articleSection":"Actualidad"},{"@type":"BreadcrumbList","@id":"https:\/\/www.eldigitaldeasturias.com\/noticias\/fernandez-lores-rajoy-tiene-mas-que-merecido-la-declaracion-de-persona-non-grata\/#breadcrumblist","itemListElement":[{"@type":"ListItem","@id":"https:\/\/www.eldigitaldeasturias.com\/noticias#listItem","position":1,"name":"Home","item":"https:\/\/www.eldigitaldeasturias.com\/noticias","nextItem":{"@type":"ListItem","@id":"https:\/\/www.eldigitaldeasturias.com\/noticias\/category\/actualidad\/#listItem","name":"Actualidad"}},{"@type":"ListItem","@id":"https:\/\/www.eldigitaldeasturias.com\/noticias\/category\/actualidad\/#listItem","position":2,"name":"Actualidad","item":"https:\/\/www.eldigitaldeasturias.com\/noticias\/category\/actualidad\/","nextItem":{"@type":"ListItem","@id":"https:\/\/www.eldigitaldeasturias.com\/noticias\/fernandez-lores-rajoy-tiene-mas-que-merecido-la-declaracion-de-persona-non-grata\/#listItem","name":"Fern\u00e1ndez Lores \u00abRajoy tiene m\u00e1s que merecido la declaraci\u00f3n de persona non grata\u00bb"},"previousItem":{"@type":"ListItem","@id":"https:\/\/www.eldigitaldeasturias.com\/noticias#listItem","name":"Home"}},{"@type":"ListItem","@id":"https:\/\/www.eldigitaldeasturias.com\/noticias\/fernandez-lores-rajoy-tiene-mas-que-merecido-la-declaracion-de-persona-non-grata\/#listItem","position":3,"name":"Fern\u00e1ndez Lores \u00abRajoy tiene m\u00e1s que merecido la declaraci\u00f3n de persona non grata\u00bb","previousItem":{"@type":"ListItem","@id":"https:\/\/www.eldigitaldeasturias.com\/noticias\/category\/actualidad\/#listItem","name":"Actualidad"}}]},{"@type":"Organization","@id":"https:\/\/www.eldigitaldeasturias.com\/noticias\/#organization","name":"El Digital de Asturias","description":"Hemeroteca","url":"https:\/\/www.eldigitaldeasturias.com\/noticias\/","email":"info@eldigitaldeasturias.com","telephone":"+34652131393","logo":{"@type":"ImageObject","url":"https:\/\/www.eldigitaldeasturias.com\/noticias\/wp-content\/uploads\/2020\/12\/EDA.jpg","@id":"https:\/\/www.eldigitaldeasturias.com\/noticias\/fernandez-lores-rajoy-tiene-mas-que-merecido-la-declaracion-de-persona-non-grata\/#organizationLogo","width":649,"height":297},"image":{"@id":"https:\/\/www.eldigitaldeasturias.com\/noticias\/fernandez-lores-rajoy-tiene-mas-que-merecido-la-declaracion-de-persona-non-grata\/#organizationLogo"},"sameAs":["https:\/\/facebook.com\/eldigitaldeasturias","https:\/\/www.youtube.com\/channel\/UCZP-2wLEB9Rv6erhFmqVnvg"],"address":{"@id":"https:\/\/www.eldigitaldeasturias.com\/noticias\/#postaladdress","@type":"PostalAddress","streetAddress":"san antonio 4,","postalCode":"33430","addressLocality":"Cand\u00e1s","addressRegion":"Asturias","addressCountry":"ES"}},{"@type":"Person","@id":"https:\/\/www.eldigitaldeasturias.com\/noticias\/author\/admin\/#author","url":"https:\/\/www.eldigitaldeasturias.com\/noticias\/author\/admin\/","name":"El Digital de Asturias","image":{"@type":"ImageObject","@id":"https:\/\/www.eldigitaldeasturias.com\/noticias\/fernandez-lores-rajoy-tiene-mas-que-merecido-la-declaracion-de-persona-non-grata\/#authorImage","url":"https:\/\/www.eldigitaldeasturias.com\/noticias\/wp-content\/litespeed\/avatar\/18677e78aa0546b92d9dbf31ec7d7668.jpg?ver=1777290358","width":96,"height":96,"caption":"El Digital de Asturias"}},{"@type":"WebPage","@id":"https:\/\/www.eldigitaldeasturias.com\/noticias\/fernandez-lores-rajoy-tiene-mas-que-merecido-la-declaracion-de-persona-non-grata\/#webpage","url":"https:\/\/www.eldigitaldeasturias.com\/noticias\/fernandez-lores-rajoy-tiene-mas-que-merecido-la-declaracion-de-persona-non-grata\/","name":"Fern\u00e1ndez Lores \u00abRajoy tiene m\u00e1s que merecido la declaraci\u00f3n de persona non grata\u00bb - El Digital de Asturias","description":"El alcalde de Pontevedra, el nacionalista Miguel Anxo Fern\u00e1ndez Lores, ha desvelado que el presidente de la Xunta y l\u00edder del PPdeG, Alberto N\u00fa\u00f1ez Feij\u00f3o, le llam\u00f3 con la intenci\u00f3n de evitar el apoyo del BNG a la moci\u00f3n de Marea y del PSOE para declarar al presidente del Gobierno en funciones, Mariano Rajoy, como","inLanguage":"es-ES","isPartOf":{"@id":"https:\/\/www.eldigitaldeasturias.com\/noticias\/#website"},"breadcrumb":{"@id":"https:\/\/www.eldigitaldeasturias.com\/noticias\/fernandez-lores-rajoy-tiene-mas-que-merecido-la-declaracion-de-persona-non-grata\/#breadcrumblist"},"author":{"@id":"https:\/\/www.eldigitaldeasturias.com\/noticias\/author\/admin\/#author"},"creator":{"@id":"https:\/\/www.eldigitaldeasturias.com\/noticias\/author\/admin\/#author"},"image":{"@type":"ImageObject","url":"https:\/\/www.eldigitaldeasturias.com\/noticias\/wp-content\/uploads\/2016\/02\/fotonoticia_20160223181624_800.jpg","@id":"https:\/\/www.eldigitaldeasturias.com\/noticias\/fernandez-lores-rajoy-tiene-mas-que-merecido-la-declaracion-de-persona-non-grata\/#mainImage","width":800,"height":534},"primaryImageOfPage":{"@id":"https:\/\/www.eldigitaldeasturias.com\/noticias\/fernandez-lores-rajoy-tiene-mas-que-merecido-la-declaracion-de-persona-non-grata\/#mainImage"},"datePublished":"2016-02-24T04:37:44+01:00","dateModified":"2016-02-24T04:37:44+01:00"},{"@type":"WebSite","@id":"https:\/\/www.eldigitaldeasturias.com\/noticias\/#website","url":"https:\/\/www.eldigitaldeasturias.com\/noticias\/","name":"El Digital de Asturias - Diario de actualidad y noticias","alternateName":"El Digital de Asturias - Diario de actualidad y noticias","description":"Hemeroteca","inLanguage":"es-ES","publisher":{"@id":"https:\/\/www.eldigitaldeasturias.com\/noticias\/#organization"}}]},"og:locale":"es_ES","og:site_name":"El Digital de Asturias","og:type":"article","og:title":"Fern\u00e1ndez Lores \u00abRajoy tiene m\u00e1s que merecido la declaraci\u00f3n de persona non grata\u00bb - El Digital de Asturias","og:description":"El alcalde de Pontevedra, el nacionalista Miguel Anxo Fern\u00e1ndez Lores, ha desvelado que el presidente de la Xunta y l\u00edder del PPdeG, Alberto N\u00fa\u00f1ez Feij\u00f3o, le llam\u00f3 con la intenci\u00f3n de evitar el apoyo del BNG a la moci\u00f3n de Marea y del PSOE para declarar al presidente del Gobierno en funciones, Mariano Rajoy, como","og:url":"https:\/\/www.eldigitaldeasturias.com\/noticias\/fernandez-lores-rajoy-tiene-mas-que-merecido-la-declaracion-de-persona-non-grata\/","og:image":"https:\/\/www.eldigitaldeasturias.com\/noticias\/wp-content\/uploads\/2016\/02\/fotonoticia_20160223181624_800.jpg","og:image:secure_url":"https:\/\/www.eldigitaldeasturias.com\/noticias\/wp-content\/uploads\/2016\/02\/fotonoticia_20160223181624_800.jpg","og:image:width":800,"og:image:height":534,"article:tag":["actualidad"],"article:published_time":"2016-02-24T04:37:44+00:00","article:modified_time":"2016-02-24T04:37:44+00:00","article:publisher":"https:\/\/facebook.com\/eldigitaldeasturias","twitter:card":"summary_large_image","twitter:title":"Fern\u00e1ndez Lores \u00abRajoy tiene m\u00e1s que merecido la declaraci\u00f3n de persona non grata\u00bb - El Digital de Asturias","twitter:description":"El alcalde de Pontevedra, el nacionalista Miguel Anxo Fern\u00e1ndez Lores, ha desvelado que el presidente de la Xunta y l\u00edder del PPdeG, Alberto N\u00fa\u00f1ez Feij\u00f3o, le llam\u00f3 con la intenci\u00f3n de evitar el apoyo del BNG a la moci\u00f3n de Marea y del PSOE para declarar al presidente del Gobierno en funciones, Mariano Rajoy, como","twitter:image":"https:\/\/www.eldigitaldeasturias.com\/noticias\/wp-content\/uploads\/2016\/02\/fotonoticia_20160223181624_800.jpg","twitter:label1":"Escrito por","twitter:data1":"El Digital de Asturias","twitter:label2":"Tiempo de lectura estimado","twitter:data2":"2 minutos"},"aioseo_meta_data":{"post_id":"861488","title":null,"description":null,"keywords":null,"keyphrases":null,"primary_term":null,"canonical_url":null,"og_title":null,"og_description":null,"og_object_type":"default","og_image_type":"default","og_image_url":null,"og_image_width":null,"og_image_height":null,"og_image_custom_url":null,"og_image_custom_fields":null,"og_video":null,"og_custom_url":null,"og_article_section":null,"og_article_tags":null,"twitter_use_og":false,"twitter_card":"default","twitter_image_type":"default","twitter_image_url":null,"twitter_image_custom_url":null,"twitter_image_custom_fields":null,"twitter_title":null,"twitter_description":null,"schema":{"blockGraphs":[],"customGraphs":[],"default":{"data":{"Article":[],"Course":[],"Dataset":[],"FAQPage":[],"Movie":[],"Person":[],"Product":[],"ProductReview":[],"Car":[],"Recipe":[],"Service":[],"SoftwareApplication":[],"WebPage":[]},"graphName":"","isEnabled":true},"graphs":[],"defaultGraph":"","defaultPostTypeGraph":""},"schema_type":null,"schema_type_options":null,"pillar_content":false,"robots_default":true,"robots_noindex":false,"robots_noarchive":false,"robots_nosnippet":false,"robots_nofollow":false,"robots_noimageindex":false,"robots_noodp":false,"robots_notranslate":false,"robots_max_snippet":null,"robots_max_videopreview":null,"robots_max_imagepreview":"large","priority":null,"frequency":null,"local_seo":null,"seo_analyzer_scan_date":"2025-12-10 21:23:15","breadcrumb_settings":null,"limit_modified_date":false,"open_ai":null,"ai":null,"created":"2021-01-22 18:07:33","updated":"2025-12-10 21:23:15"},"aioseo_breadcrumb":"<div class=\"aioseo-breadcrumbs\"><span class=\"aioseo-breadcrumb\">\n\t<a href=\"https:\/\/www.eldigitaldeasturias.com\/noticias\" title=\"Home\">Home<\/a>\n<\/span><span class=\"aioseo-breadcrumb-separator\">\u2013<\/span><span class=\"aioseo-breadcrumb\">\n\t<a href=\"https:\/\/www.eldigitaldeasturias.com\/noticias\/category\/actualidad\/\" title=\"Actualidad\">Actualidad<\/a>\n<\/span><span class=\"aioseo-breadcrumb-separator\">\u2013<\/span><span class=\"aioseo-breadcrumb\">\n\t<a href=\"https:\/\/www.eldigitaldeasturias.com\/noticias\/fernandez-lores-rajoy-tiene-mas-que-merecido-la-declaracion-de-persona-non-grata\/\" title=\"Fern\u00e1ndez Lores \u00abRajoy tiene m\u00e1s que merecido la declaraci\u00f3n de persona non grata\u00bb\">Fern\u00e1ndez Lores \u00abRajoy tiene m\u00e1s que merecido la declaraci\u00f3n de persona non grata\u00bb<\/a>\n<\/span><\/div>","aioseo_breadcrumb_json":[{"label":"Home","link":"https:\/\/www.eldigitaldeasturias.com\/noticias"},{"label":"Actualidad","link":"https:\/\/www.eldigitaldeasturias.com\/noticias\/category\/actualidad\/"},{"label":"Fern\u00e1ndez Lores \u00abRajoy tiene m\u00e1s que merecido la declaraci\u00f3n de persona non grata\u00bb","link":"https:\/\/www.eldigitaldeasturias.com\/noticias\/fernandez-lores-rajoy-tiene-mas-que-merecido-la-declaracion-de-persona-non-grata\/"}],"_links":{"self":[{"href":"https:\/\/www.eldigitaldeasturias.com\/noticias\/wp-json\/wp\/v2\/posts\/861488","targetHints":{"allow":["GET"]}}],"collection":[{"href":"https:\/\/www.eldigitaldeasturias.com\/noticias\/wp-json\/wp\/v2\/posts"}],"about":[{"href":"https:\/\/www.eldigitaldeasturias.com\/noticias\/wp-json\/wp\/v2\/types\/post"}],"author":[{"embeddable":true,"href":"https:\/\/www.eldigitaldeasturias.com\/noticias\/wp-json\/wp\/v2\/users\/1"}],"replies":[{"embeddable":true,"href":"https:\/\/www.eldigitaldeasturias.com\/noticias\/wp-json\/wp\/v2\/comments?post=861488"}],"version-history":[{"count":0,"href":"https:\/\/www.eldigitaldeasturias.com\/noticias\/wp-json\/wp\/v2\/posts\/861488\/revisions"}],"wp:featuredmedia":[{"embeddable":true,"href":"https:\/\/www.eldigitaldeasturias.com\/noticias\/wp-json\/wp\/v2\/media\/861489"}],"wp:attachment":[{"href":"https:\/\/www.eldigitaldeasturias.com\/noticias\/wp-json\/wp\/v2\/media?parent=861488"}],"wp:term":[{"taxonomy":"category","embeddable":true,"href":"https:\/\/www.eldigitaldeasturias.com\/noticias\/wp-json\/wp\/v2\/categories?post=861488"},{"taxonomy":"post_tag","embeddable":true,"href":"https:\/\/www.eldigitaldeasturias.com\/noticias\/wp-json\/wp\/v2\/tags?post=861488"}],"curies":[{"name":"wp","href":"https:\/\/api.w.org\/{rel}","templated":true}]}}