{"id":861485,"date":"2016-02-24T04:33:56","date_gmt":"2016-02-24T04:33:56","guid":{"rendered":"http:\/\/www.eldigitaldeasturias.com\/noticias\/?p=861485"},"modified":"2016-02-24T04:33:56","modified_gmt":"2016-02-24T04:33:56","slug":"torres-afirma-que-la-facturacion-cruzada-en-la-trama-noos-responde-a-servicios-prestados-y-reales","status":"publish","type":"post","link":"https:\/\/www.eldigitaldeasturias.com\/noticias\/torres-afirma-que-la-facturacion-cruzada-en-la-trama-noos-responde-a-servicios-prestados-y-reales\/","title":{"rendered":"Torres afirma que la facturaci\u00f3n cruzada en la trama N\u00f3os responde a \u00abservicios prestados y reales\u00bb"},"content":{"rendered":"<p><img loading=\"lazy\" decoding=\"async\" class=\"alignleft size-medium wp-image-861486\" src=\"https:\/\/www.eldigitaldeasturias.com\/noticias\/wp-content\/uploads\/2016\/02\/fotonoticia_20160223181129_800-360x270.jpg\" alt=\"fotonoticia_20160223181129_800\" width=\"360\" height=\"270\" srcset=\"https:\/\/www.eldigitaldeasturias.com\/noticias\/wp-content\/uploads\/2016\/02\/fotonoticia_20160223181129_800-360x270.jpg 360w, https:\/\/www.eldigitaldeasturias.com\/noticias\/wp-content\/uploads\/2016\/02\/fotonoticia_20160223181129_800-768x576.jpg 768w, https:\/\/www.eldigitaldeasturias.com\/noticias\/wp-content\/uploads\/2016\/02\/fotonoticia_20160223181129_800-650x488.jpg 650w, https:\/\/www.eldigitaldeasturias.com\/noticias\/wp-content\/uploads\/2016\/02\/fotonoticia_20160223181129_800-125x95.jpg 125w, https:\/\/www.eldigitaldeasturias.com\/noticias\/wp-content\/uploads\/2016\/02\/fotonoticia_20160223181129_800-100x75.jpg 100w, https:\/\/www.eldigitaldeasturias.com\/noticias\/wp-content\/uploads\/2016\/02\/fotonoticia_20160223181129_800.jpg 800w\" sizes=\"auto, (max-width: 360px) 100vw, 360px\" \/>El exsocio de I\u00f1aki Urdangarin al frente del Instituto N\u00f3os, Diego Torres, ha subrayado que las facturas que se cruzaron dentro del conglomerado empresarial impulsado por ambos con el Instituto N\u00f3os como epicentro, y que ascienden a unos ocho millones de euros seg\u00fan la Agencia Tributaria, corresponden a \u00abservicios prestados y reales\u00bb y no camuflan ning\u00fan tipo de irregularidad por trabajos ficticios.<\/p>\n<p>El acusado ha respondido en estos t\u00e9rminos a preguntas del fiscal anticorrupci\u00f3n Pedro Horrach durante un interrogatorio que ha arrancado a las 9.15 horas, en el que Torres ha afirmado que \u00abs\u00ed, hab\u00eda una facturaci\u00f3n cruzada, pero correspond\u00eda a los honorarios de las personas que trabajaban\u00bb en los distintos proyectos impulsados por el Instituto y por los que est\u00e9 cobr\u00f3 m\u00e1s de seis millones de euros de las Administraciones p\u00fablicas.<\/p>\n<p>En concreto, en un informe aportado a la causa, Hacienda estima que en 2004 la facturaci\u00f3n que se efectu\u00f3 entre las propias empresas de la trama por trabajos supuestamente ficticios ascendi\u00f3 a 1,4 millones, mientras que en 2005 fue de 2,1 millones, en 2006 de 2,2, en 2007 de 1,7 y en 2008 de 412.225 euros.<\/p>\n<p>Preguntado sobre el hecho de que con frecuencia las facturas se emitieran bajo conceptos gen\u00e9ricos y con importes redondos, el procesado, para quien el Ministerio P\u00fablico reclama 16 a\u00f1os y medio de c\u00e1rcel -petici\u00f3n que el sindicato Manos Limpias eleva a 22 a\u00f1os y medio-, ha respondido tajante: \u00abJam\u00e1s he librado una factura que no hubiera sido por importe redondo, que l\u00f3gicamente coincide con la estimaci\u00f3n de horas de trabajo a realizar\u00bb.<\/p>\n<p>\u00abOjal\u00e1 me hubieran investigado desde 1995, siempre ha sido as\u00ed\u00bb, ha a\u00f1adido al respecto Torres, para quien \u00abno hay la menor contradicci\u00f3n\u00bb en este sentido puesto que las distintas facturas que Horrach le est\u00e1 exhibiendo de forma minuciosa \u00abcorresponden a los proyectos puestos en marcha\u00bb.<\/p>\n<p>Al respecto, la AEAT se\u00f1ala c\u00f3mo las facturas presentaban duplicidades respecto a proveedores externos del conglomerado empresarial, \u00abincongruencias\u00bb as\u00ed como \u00abcasos notorios de inexistencia del servicio pretendidamente prestado y, en el extremo, de falsificaci\u00f3n material de la propia factura\u00bb.<\/p>\n<p>Es m\u00e1s, llega a afirmar en su dictamen que las entidades que integraban el grupo devienen \u00abmeros instrumentos para drenar y distribuir los recursos obtenidos por medio de la marca N\u00f3os entre sus dos propietarios y dirigentes, los imputados se\u00f1ores Torres y Urdangarin\u00bb. De hecho, la AEAT llega a aludir a la trama como un \u00abpuro andamiaje jur\u00eddico formal\u00bb para desviar los fondos cobrados de las instituciones.<\/p>\n<p>Marco Antonio Tejeiro, excontable de N\u00f3os y hermano de la mujer de Torres, Ana Mar\u00eda Tejeiro, subray\u00f3 en su declaraci\u00f3n como acusado c\u00f3mo las empresas que conformaban el entramado -Instituto N\u00f3os, N\u00f3os Consultor\u00eda Estrat\u00e9gica, Intuit, Shiriaimasu y Aizoon- eran entidades vinculadas entre ellas que operaban en el mercado como si fueran una sola, todo ello bajo la direcci\u00f3n de Urdangarin y Torres, quienes ostentaban el control dentro del grupo.<\/p>\n","protected":false},"excerpt":{"rendered":"<p>El exsocio de I\u00f1aki Urdangarin al frente del Instituto N\u00f3os, Diego Torres, ha subrayado que las facturas que se cruzaron dentro del conglomerado empresarial impulsado por ambos con el Instituto N\u00f3os como epicentro, y que ascienden a unos ocho millones de euros seg\u00fan la Agencia Tributaria, corresponden a \u00abservicios prestados y reales\u00bb y no camuflan [&hellip;]<\/p>\n","protected":false},"author":1,"featured_media":861486,"comment_status":"closed","ping_status":"closed","sticky":false,"template":"","format":"standard","meta":{"footnotes":""},"categories":[1],"tags":[],"class_list":["post-861485","post","type-post","status-publish","format-standard","has-post-thumbnail","hentry","category-actualidad"],"aioseo_notices":[],"aioseo_head":"\n\t\t<!-- All in One SEO Pro 4.9.6.2 - aioseo.com -->\n\t<meta name=\"description\" content=\"El exsocio de I\u00f1aki Urdangarin al frente del Instituto N\u00f3os, Diego Torres, ha subrayado que las facturas que se cruzaron dentro del conglomerado empresarial impulsado por ambos con el Instituto N\u00f3os como epicentro, y que ascienden a unos ocho millones de euros seg\u00fan la Agencia Tributaria, corresponden a &quot;servicios prestados y reales&quot; y no camuflan\" \/>\n\t<meta name=\"robots\" content=\"max-image-preview:large\" \/>\n\t<meta name=\"author\" content=\"El Digital de Asturias\"\/>\n\t<meta name=\"google-site-verification\" content=\"UA-38556648-1\" \/>\n\t<meta name=\"msvalidate.01\" content=\"7dfe9f3f1b24437ab69f4f2559babe99\" \/>\n\t<meta name=\"keywords\" content=\"actualidad\" \/>\n\t<link rel=\"canonical\" href=\"https:\/\/www.eldigitaldeasturias.com\/noticias\/torres-afirma-que-la-facturacion-cruzada-en-la-trama-noos-responde-a-servicios-prestados-y-reales\/\" \/>\n\t<meta name=\"generator\" content=\"All in One SEO Pro (AIOSEO) 4.9.6.2\" \/>\n\t\t<meta property=\"og:locale\" content=\"es_ES\" \/>\n\t\t<meta property=\"og:site_name\" content=\"El Digital de Asturias\" \/>\n\t\t<meta property=\"og:type\" content=\"article\" \/>\n\t\t<meta property=\"og:title\" content=\"Torres afirma que la facturaci\u00f3n cruzada en la trama N\u00f3os responde a \u00abservicios prestados y reales\u00bb - El Digital de Asturias\" \/>\n\t\t<meta property=\"og:description\" content=\"El exsocio de I\u00f1aki Urdangarin al frente del Instituto N\u00f3os, Diego Torres, ha subrayado que las facturas que se cruzaron dentro del conglomerado empresarial impulsado por ambos con el Instituto N\u00f3os como epicentro, y que ascienden a unos ocho millones de euros seg\u00fan la Agencia Tributaria, corresponden a &quot;servicios prestados y reales&quot; y no camuflan\" \/>\n\t\t<meta property=\"og:url\" content=\"https:\/\/www.eldigitaldeasturias.com\/noticias\/torres-afirma-que-la-facturacion-cruzada-en-la-trama-noos-responde-a-servicios-prestados-y-reales\/\" \/>\n\t\t<meta property=\"og:image\" content=\"https:\/\/www.eldigitaldeasturias.com\/noticias\/wp-content\/uploads\/2016\/02\/fotonoticia_20160223181129_800.jpg\" \/>\n\t\t<meta property=\"og:image:secure_url\" content=\"https:\/\/www.eldigitaldeasturias.com\/noticias\/wp-content\/uploads\/2016\/02\/fotonoticia_20160223181129_800.jpg\" \/>\n\t\t<meta property=\"og:image:width\" content=\"800\" \/>\n\t\t<meta property=\"og:image:height\" content=\"600\" \/>\n\t\t<meta property=\"article:tag\" content=\"actualidad\" \/>\n\t\t<meta property=\"article:published_time\" content=\"2016-02-24T04:33:56+00:00\" \/>\n\t\t<meta property=\"article:modified_time\" content=\"2016-02-24T04:33:56+00:00\" \/>\n\t\t<meta property=\"article:publisher\" content=\"https:\/\/facebook.com\/eldigitaldeasturias\" \/>\n\t\t<meta name=\"twitter:card\" content=\"summary_large_image\" \/>\n\t\t<meta name=\"twitter:title\" content=\"Torres afirma que la facturaci\u00f3n cruzada en la trama N\u00f3os responde a \u00abservicios prestados y reales\u00bb - El Digital de Asturias\" \/>\n\t\t<meta name=\"twitter:description\" content=\"El exsocio de I\u00f1aki Urdangarin al frente del Instituto N\u00f3os, Diego Torres, ha subrayado que las facturas que se cruzaron dentro del conglomerado empresarial impulsado por ambos con el Instituto N\u00f3os como epicentro, y que ascienden a unos ocho millones de euros seg\u00fan la Agencia Tributaria, corresponden a &quot;servicios prestados y reales&quot; y no camuflan\" \/>\n\t\t<meta name=\"twitter:image\" content=\"https:\/\/www.eldigitaldeasturias.com\/noticias\/wp-content\/uploads\/2016\/02\/fotonoticia_20160223181129_800.jpg\" \/>\n\t\t<meta name=\"twitter:label1\" content=\"Escrito por\" \/>\n\t\t<meta name=\"twitter:data1\" content=\"El Digital de Asturias\" \/>\n\t\t<meta name=\"twitter:label2\" content=\"Tiempo de lectura estimado\" \/>\n\t\t<meta name=\"twitter:data2\" content=\"3 minutos\" \/>\n\t\t<script type=\"application\/ld+json\" class=\"aioseo-schema\">\n\t\t\t{\"@context\":\"https:\\\/\\\/schema.org\",\"@graph\":[{\"@type\":\"BlogPosting\",\"@id\":\"https:\\\/\\\/www.eldigitaldeasturias.com\\\/noticias\\\/torres-afirma-que-la-facturacion-cruzada-en-la-trama-noos-responde-a-servicios-prestados-y-reales\\\/#blogposting\",\"name\":\"Torres afirma que la facturaci\\u00f3n cruzada en la trama N\\u00f3os responde a \\u00abservicios prestados y reales\\u00bb - El Digital de Asturias\",\"headline\":\"Torres afirma que la facturaci\\u00f3n cruzada en la trama N\\u00f3os responde a \\u00abservicios prestados y reales\\u00bb\",\"author\":{\"@id\":\"https:\\\/\\\/www.eldigitaldeasturias.com\\\/noticias\\\/author\\\/admin\\\/#author\"},\"publisher\":{\"@id\":\"https:\\\/\\\/www.eldigitaldeasturias.com\\\/noticias\\\/#organization\"},\"image\":{\"@type\":\"ImageObject\",\"url\":\"https:\\\/\\\/www.eldigitaldeasturias.com\\\/noticias\\\/wp-content\\\/uploads\\\/2016\\\/02\\\/fotonoticia_20160223181129_800.jpg\",\"width\":800,\"height\":600},\"datePublished\":\"2016-02-24T04:33:56+01:00\",\"dateModified\":\"2016-02-24T04:33:56+01:00\",\"inLanguage\":\"es-ES\",\"mainEntityOfPage\":{\"@id\":\"https:\\\/\\\/www.eldigitaldeasturias.com\\\/noticias\\\/torres-afirma-que-la-facturacion-cruzada-en-la-trama-noos-responde-a-servicios-prestados-y-reales\\\/#webpage\"},\"isPartOf\":{\"@id\":\"https:\\\/\\\/www.eldigitaldeasturias.com\\\/noticias\\\/torres-afirma-que-la-facturacion-cruzada-en-la-trama-noos-responde-a-servicios-prestados-y-reales\\\/#webpage\"},\"articleSection\":\"Actualidad\"},{\"@type\":\"BreadcrumbList\",\"@id\":\"https:\\\/\\\/www.eldigitaldeasturias.com\\\/noticias\\\/torres-afirma-que-la-facturacion-cruzada-en-la-trama-noos-responde-a-servicios-prestados-y-reales\\\/#breadcrumblist\",\"itemListElement\":[{\"@type\":\"ListItem\",\"@id\":\"https:\\\/\\\/www.eldigitaldeasturias.com\\\/noticias#listItem\",\"position\":1,\"name\":\"Home\",\"item\":\"https:\\\/\\\/www.eldigitaldeasturias.com\\\/noticias\",\"nextItem\":{\"@type\":\"ListItem\",\"@id\":\"https:\\\/\\\/www.eldigitaldeasturias.com\\\/noticias\\\/category\\\/actualidad\\\/#listItem\",\"name\":\"Actualidad\"}},{\"@type\":\"ListItem\",\"@id\":\"https:\\\/\\\/www.eldigitaldeasturias.com\\\/noticias\\\/category\\\/actualidad\\\/#listItem\",\"position\":2,\"name\":\"Actualidad\",\"item\":\"https:\\\/\\\/www.eldigitaldeasturias.com\\\/noticias\\\/category\\\/actualidad\\\/\",\"nextItem\":{\"@type\":\"ListItem\",\"@id\":\"https:\\\/\\\/www.eldigitaldeasturias.com\\\/noticias\\\/torres-afirma-que-la-facturacion-cruzada-en-la-trama-noos-responde-a-servicios-prestados-y-reales\\\/#listItem\",\"name\":\"Torres afirma que la facturaci\\u00f3n cruzada en la trama N\\u00f3os responde a \\u00abservicios prestados y reales\\u00bb\"},\"previousItem\":{\"@type\":\"ListItem\",\"@id\":\"https:\\\/\\\/www.eldigitaldeasturias.com\\\/noticias#listItem\",\"name\":\"Home\"}},{\"@type\":\"ListItem\",\"@id\":\"https:\\\/\\\/www.eldigitaldeasturias.com\\\/noticias\\\/torres-afirma-que-la-facturacion-cruzada-en-la-trama-noos-responde-a-servicios-prestados-y-reales\\\/#listItem\",\"position\":3,\"name\":\"Torres afirma que la facturaci\\u00f3n cruzada en la trama N\\u00f3os responde a \\u00abservicios prestados y reales\\u00bb\",\"previousItem\":{\"@type\":\"ListItem\",\"@id\":\"https:\\\/\\\/www.eldigitaldeasturias.com\\\/noticias\\\/category\\\/actualidad\\\/#listItem\",\"name\":\"Actualidad\"}}]},{\"@type\":\"Organization\",\"@id\":\"https:\\\/\\\/www.eldigitaldeasturias.com\\\/noticias\\\/#organization\",\"name\":\"El Digital de Asturias\",\"description\":\"Hemeroteca\",\"url\":\"https:\\\/\\\/www.eldigitaldeasturias.com\\\/noticias\\\/\",\"email\":\"info@eldigitaldeasturias.com\",\"telephone\":\"+34652131393\",\"logo\":{\"@type\":\"ImageObject\",\"url\":\"https:\\\/\\\/www.eldigitaldeasturias.com\\\/noticias\\\/wp-content\\\/uploads\\\/2020\\\/12\\\/EDA.jpg\",\"@id\":\"https:\\\/\\\/www.eldigitaldeasturias.com\\\/noticias\\\/torres-afirma-que-la-facturacion-cruzada-en-la-trama-noos-responde-a-servicios-prestados-y-reales\\\/#organizationLogo\",\"width\":649,\"height\":297},\"image\":{\"@id\":\"https:\\\/\\\/www.eldigitaldeasturias.com\\\/noticias\\\/torres-afirma-que-la-facturacion-cruzada-en-la-trama-noos-responde-a-servicios-prestados-y-reales\\\/#organizationLogo\"},\"sameAs\":[\"https:\\\/\\\/facebook.com\\\/eldigitaldeasturias\",\"https:\\\/\\\/www.youtube.com\\\/channel\\\/UCZP-2wLEB9Rv6erhFmqVnvg\"],\"address\":{\"@id\":\"https:\\\/\\\/www.eldigitaldeasturias.com\\\/noticias\\\/#postaladdress\",\"@type\":\"PostalAddress\",\"streetAddress\":\"san antonio 4,\",\"postalCode\":\"33430\",\"addressLocality\":\"Cand\\u00e1s\",\"addressRegion\":\"Asturias\",\"addressCountry\":\"ES\"}},{\"@type\":\"Person\",\"@id\":\"https:\\\/\\\/www.eldigitaldeasturias.com\\\/noticias\\\/author\\\/admin\\\/#author\",\"url\":\"https:\\\/\\\/www.eldigitaldeasturias.com\\\/noticias\\\/author\\\/admin\\\/\",\"name\":\"El Digital de Asturias\",\"image\":{\"@type\":\"ImageObject\",\"@id\":\"https:\\\/\\\/www.eldigitaldeasturias.com\\\/noticias\\\/torres-afirma-que-la-facturacion-cruzada-en-la-trama-noos-responde-a-servicios-prestados-y-reales\\\/#authorImage\",\"url\":\"https:\\\/\\\/www.eldigitaldeasturias.com\\\/noticias\\\/wp-content\\\/litespeed\\\/avatar\\\/18677e78aa0546b92d9dbf31ec7d7668.jpg?ver=1777290358\",\"width\":96,\"height\":96,\"caption\":\"El Digital de Asturias\"}},{\"@type\":\"WebPage\",\"@id\":\"https:\\\/\\\/www.eldigitaldeasturias.com\\\/noticias\\\/torres-afirma-que-la-facturacion-cruzada-en-la-trama-noos-responde-a-servicios-prestados-y-reales\\\/#webpage\",\"url\":\"https:\\\/\\\/www.eldigitaldeasturias.com\\\/noticias\\\/torres-afirma-que-la-facturacion-cruzada-en-la-trama-noos-responde-a-servicios-prestados-y-reales\\\/\",\"name\":\"Torres afirma que la facturaci\\u00f3n cruzada en la trama N\\u00f3os responde a \\u00abservicios prestados y reales\\u00bb - El Digital de Asturias\",\"description\":\"El exsocio de I\\u00f1aki Urdangarin al frente del Instituto N\\u00f3os, Diego Torres, ha subrayado que las facturas que se cruzaron dentro del conglomerado empresarial impulsado por ambos con el Instituto N\\u00f3os como epicentro, y que ascienden a unos ocho millones de euros seg\\u00fan la Agencia Tributaria, corresponden a \\\"servicios prestados y reales\\\" y no camuflan\",\"inLanguage\":\"es-ES\",\"isPartOf\":{\"@id\":\"https:\\\/\\\/www.eldigitaldeasturias.com\\\/noticias\\\/#website\"},\"breadcrumb\":{\"@id\":\"https:\\\/\\\/www.eldigitaldeasturias.com\\\/noticias\\\/torres-afirma-que-la-facturacion-cruzada-en-la-trama-noos-responde-a-servicios-prestados-y-reales\\\/#breadcrumblist\"},\"author\":{\"@id\":\"https:\\\/\\\/www.eldigitaldeasturias.com\\\/noticias\\\/author\\\/admin\\\/#author\"},\"creator\":{\"@id\":\"https:\\\/\\\/www.eldigitaldeasturias.com\\\/noticias\\\/author\\\/admin\\\/#author\"},\"image\":{\"@type\":\"ImageObject\",\"url\":\"https:\\\/\\\/www.eldigitaldeasturias.com\\\/noticias\\\/wp-content\\\/uploads\\\/2016\\\/02\\\/fotonoticia_20160223181129_800.jpg\",\"@id\":\"https:\\\/\\\/www.eldigitaldeasturias.com\\\/noticias\\\/torres-afirma-que-la-facturacion-cruzada-en-la-trama-noos-responde-a-servicios-prestados-y-reales\\\/#mainImage\",\"width\":800,\"height\":600},\"primaryImageOfPage\":{\"@id\":\"https:\\\/\\\/www.eldigitaldeasturias.com\\\/noticias\\\/torres-afirma-que-la-facturacion-cruzada-en-la-trama-noos-responde-a-servicios-prestados-y-reales\\\/#mainImage\"},\"datePublished\":\"2016-02-24T04:33:56+01:00\",\"dateModified\":\"2016-02-24T04:33:56+01:00\"},{\"@type\":\"WebSite\",\"@id\":\"https:\\\/\\\/www.eldigitaldeasturias.com\\\/noticias\\\/#website\",\"url\":\"https:\\\/\\\/www.eldigitaldeasturias.com\\\/noticias\\\/\",\"name\":\"El Digital de Asturias - Diario de actualidad y noticias\",\"alternateName\":\"El Digital de Asturias - Diario de actualidad y noticias\",\"description\":\"Hemeroteca\",\"inLanguage\":\"es-ES\",\"publisher\":{\"@id\":\"https:\\\/\\\/www.eldigitaldeasturias.com\\\/noticias\\\/#organization\"}}]}\n\t\t<\/script>\n\t\t<!-- All in One SEO Pro -->\r\n\t\t<title>Torres afirma que la facturaci\u00f3n cruzada en la trama N\u00f3os responde a \u00abservicios prestados y reales\u00bb - El Digital de Asturias<\/title>\n\n","aioseo_head_json":{"title":"Torres afirma que la facturaci\u00f3n cruzada en la trama N\u00f3os responde a \u00abservicios prestados y reales\u00bb - El Digital de Asturias","description":"El exsocio de I\u00f1aki Urdangarin al frente del Instituto N\u00f3os, Diego Torres, ha subrayado que las facturas que se cruzaron dentro del conglomerado empresarial impulsado por ambos con el Instituto N\u00f3os como epicentro, y que ascienden a unos ocho millones de euros seg\u00fan la Agencia Tributaria, corresponden a \"servicios prestados y reales\" y no camuflan","canonical_url":"https:\/\/www.eldigitaldeasturias.com\/noticias\/torres-afirma-que-la-facturacion-cruzada-en-la-trama-noos-responde-a-servicios-prestados-y-reales\/","robots":"max-image-preview:large","keywords":"actualidad","webmasterTools":{"google-site-verification":"UA-38556648-1","msvalidate.01":"7dfe9f3f1b24437ab69f4f2559babe99","miscellaneous":""},"schema":{"@context":"https:\/\/schema.org","@graph":[{"@type":"BlogPosting","@id":"https:\/\/www.eldigitaldeasturias.com\/noticias\/torres-afirma-que-la-facturacion-cruzada-en-la-trama-noos-responde-a-servicios-prestados-y-reales\/#blogposting","name":"Torres afirma que la facturaci\u00f3n cruzada en la trama N\u00f3os responde a \u00abservicios prestados y reales\u00bb - El Digital de Asturias","headline":"Torres afirma que la facturaci\u00f3n cruzada en la trama N\u00f3os responde a \u00abservicios prestados y reales\u00bb","author":{"@id":"https:\/\/www.eldigitaldeasturias.com\/noticias\/author\/admin\/#author"},"publisher":{"@id":"https:\/\/www.eldigitaldeasturias.com\/noticias\/#organization"},"image":{"@type":"ImageObject","url":"https:\/\/www.eldigitaldeasturias.com\/noticias\/wp-content\/uploads\/2016\/02\/fotonoticia_20160223181129_800.jpg","width":800,"height":600},"datePublished":"2016-02-24T04:33:56+01:00","dateModified":"2016-02-24T04:33:56+01:00","inLanguage":"es-ES","mainEntityOfPage":{"@id":"https:\/\/www.eldigitaldeasturias.com\/noticias\/torres-afirma-que-la-facturacion-cruzada-en-la-trama-noos-responde-a-servicios-prestados-y-reales\/#webpage"},"isPartOf":{"@id":"https:\/\/www.eldigitaldeasturias.com\/noticias\/torres-afirma-que-la-facturacion-cruzada-en-la-trama-noos-responde-a-servicios-prestados-y-reales\/#webpage"},"articleSection":"Actualidad"},{"@type":"BreadcrumbList","@id":"https:\/\/www.eldigitaldeasturias.com\/noticias\/torres-afirma-que-la-facturacion-cruzada-en-la-trama-noos-responde-a-servicios-prestados-y-reales\/#breadcrumblist","itemListElement":[{"@type":"ListItem","@id":"https:\/\/www.eldigitaldeasturias.com\/noticias#listItem","position":1,"name":"Home","item":"https:\/\/www.eldigitaldeasturias.com\/noticias","nextItem":{"@type":"ListItem","@id":"https:\/\/www.eldigitaldeasturias.com\/noticias\/category\/actualidad\/#listItem","name":"Actualidad"}},{"@type":"ListItem","@id":"https:\/\/www.eldigitaldeasturias.com\/noticias\/category\/actualidad\/#listItem","position":2,"name":"Actualidad","item":"https:\/\/www.eldigitaldeasturias.com\/noticias\/category\/actualidad\/","nextItem":{"@type":"ListItem","@id":"https:\/\/www.eldigitaldeasturias.com\/noticias\/torres-afirma-que-la-facturacion-cruzada-en-la-trama-noos-responde-a-servicios-prestados-y-reales\/#listItem","name":"Torres afirma que la facturaci\u00f3n cruzada en la trama N\u00f3os responde a \u00abservicios prestados y reales\u00bb"},"previousItem":{"@type":"ListItem","@id":"https:\/\/www.eldigitaldeasturias.com\/noticias#listItem","name":"Home"}},{"@type":"ListItem","@id":"https:\/\/www.eldigitaldeasturias.com\/noticias\/torres-afirma-que-la-facturacion-cruzada-en-la-trama-noos-responde-a-servicios-prestados-y-reales\/#listItem","position":3,"name":"Torres afirma que la facturaci\u00f3n cruzada en la trama N\u00f3os responde a \u00abservicios prestados y reales\u00bb","previousItem":{"@type":"ListItem","@id":"https:\/\/www.eldigitaldeasturias.com\/noticias\/category\/actualidad\/#listItem","name":"Actualidad"}}]},{"@type":"Organization","@id":"https:\/\/www.eldigitaldeasturias.com\/noticias\/#organization","name":"El Digital de Asturias","description":"Hemeroteca","url":"https:\/\/www.eldigitaldeasturias.com\/noticias\/","email":"info@eldigitaldeasturias.com","telephone":"+34652131393","logo":{"@type":"ImageObject","url":"https:\/\/www.eldigitaldeasturias.com\/noticias\/wp-content\/uploads\/2020\/12\/EDA.jpg","@id":"https:\/\/www.eldigitaldeasturias.com\/noticias\/torres-afirma-que-la-facturacion-cruzada-en-la-trama-noos-responde-a-servicios-prestados-y-reales\/#organizationLogo","width":649,"height":297},"image":{"@id":"https:\/\/www.eldigitaldeasturias.com\/noticias\/torres-afirma-que-la-facturacion-cruzada-en-la-trama-noos-responde-a-servicios-prestados-y-reales\/#organizationLogo"},"sameAs":["https:\/\/facebook.com\/eldigitaldeasturias","https:\/\/www.youtube.com\/channel\/UCZP-2wLEB9Rv6erhFmqVnvg"],"address":{"@id":"https:\/\/www.eldigitaldeasturias.com\/noticias\/#postaladdress","@type":"PostalAddress","streetAddress":"san antonio 4,","postalCode":"33430","addressLocality":"Cand\u00e1s","addressRegion":"Asturias","addressCountry":"ES"}},{"@type":"Person","@id":"https:\/\/www.eldigitaldeasturias.com\/noticias\/author\/admin\/#author","url":"https:\/\/www.eldigitaldeasturias.com\/noticias\/author\/admin\/","name":"El Digital de Asturias","image":{"@type":"ImageObject","@id":"https:\/\/www.eldigitaldeasturias.com\/noticias\/torres-afirma-que-la-facturacion-cruzada-en-la-trama-noos-responde-a-servicios-prestados-y-reales\/#authorImage","url":"https:\/\/www.eldigitaldeasturias.com\/noticias\/wp-content\/litespeed\/avatar\/18677e78aa0546b92d9dbf31ec7d7668.jpg?ver=1777290358","width":96,"height":96,"caption":"El Digital de Asturias"}},{"@type":"WebPage","@id":"https:\/\/www.eldigitaldeasturias.com\/noticias\/torres-afirma-que-la-facturacion-cruzada-en-la-trama-noos-responde-a-servicios-prestados-y-reales\/#webpage","url":"https:\/\/www.eldigitaldeasturias.com\/noticias\/torres-afirma-que-la-facturacion-cruzada-en-la-trama-noos-responde-a-servicios-prestados-y-reales\/","name":"Torres afirma que la facturaci\u00f3n cruzada en la trama N\u00f3os responde a \u00abservicios prestados y reales\u00bb - El Digital de Asturias","description":"El exsocio de I\u00f1aki Urdangarin al frente del Instituto N\u00f3os, Diego Torres, ha subrayado que las facturas que se cruzaron dentro del conglomerado empresarial impulsado por ambos con el Instituto N\u00f3os como epicentro, y que ascienden a unos ocho millones de euros seg\u00fan la Agencia Tributaria, corresponden a \"servicios prestados y reales\" y no camuflan","inLanguage":"es-ES","isPartOf":{"@id":"https:\/\/www.eldigitaldeasturias.com\/noticias\/#website"},"breadcrumb":{"@id":"https:\/\/www.eldigitaldeasturias.com\/noticias\/torres-afirma-que-la-facturacion-cruzada-en-la-trama-noos-responde-a-servicios-prestados-y-reales\/#breadcrumblist"},"author":{"@id":"https:\/\/www.eldigitaldeasturias.com\/noticias\/author\/admin\/#author"},"creator":{"@id":"https:\/\/www.eldigitaldeasturias.com\/noticias\/author\/admin\/#author"},"image":{"@type":"ImageObject","url":"https:\/\/www.eldigitaldeasturias.com\/noticias\/wp-content\/uploads\/2016\/02\/fotonoticia_20160223181129_800.jpg","@id":"https:\/\/www.eldigitaldeasturias.com\/noticias\/torres-afirma-que-la-facturacion-cruzada-en-la-trama-noos-responde-a-servicios-prestados-y-reales\/#mainImage","width":800,"height":600},"primaryImageOfPage":{"@id":"https:\/\/www.eldigitaldeasturias.com\/noticias\/torres-afirma-que-la-facturacion-cruzada-en-la-trama-noos-responde-a-servicios-prestados-y-reales\/#mainImage"},"datePublished":"2016-02-24T04:33:56+01:00","dateModified":"2016-02-24T04:33:56+01:00"},{"@type":"WebSite","@id":"https:\/\/www.eldigitaldeasturias.com\/noticias\/#website","url":"https:\/\/www.eldigitaldeasturias.com\/noticias\/","name":"El Digital de Asturias - Diario de actualidad y noticias","alternateName":"El Digital de Asturias - Diario de actualidad y noticias","description":"Hemeroteca","inLanguage":"es-ES","publisher":{"@id":"https:\/\/www.eldigitaldeasturias.com\/noticias\/#organization"}}]},"og:locale":"es_ES","og:site_name":"El Digital de Asturias","og:type":"article","og:title":"Torres afirma que la facturaci\u00f3n cruzada en la trama N\u00f3os responde a \u00abservicios prestados y reales\u00bb - El Digital de Asturias","og:description":"El exsocio de I\u00f1aki Urdangarin al frente del Instituto N\u00f3os, Diego Torres, ha subrayado que las facturas que se cruzaron dentro del conglomerado empresarial impulsado por ambos con el Instituto N\u00f3os como epicentro, y que ascienden a unos ocho millones de euros seg\u00fan la Agencia Tributaria, corresponden a &quot;servicios prestados y reales&quot; y no camuflan","og:url":"https:\/\/www.eldigitaldeasturias.com\/noticias\/torres-afirma-que-la-facturacion-cruzada-en-la-trama-noos-responde-a-servicios-prestados-y-reales\/","og:image":"https:\/\/www.eldigitaldeasturias.com\/noticias\/wp-content\/uploads\/2016\/02\/fotonoticia_20160223181129_800.jpg","og:image:secure_url":"https:\/\/www.eldigitaldeasturias.com\/noticias\/wp-content\/uploads\/2016\/02\/fotonoticia_20160223181129_800.jpg","og:image:width":800,"og:image:height":600,"article:tag":["actualidad"],"article:published_time":"2016-02-24T04:33:56+00:00","article:modified_time":"2016-02-24T04:33:56+00:00","article:publisher":"https:\/\/facebook.com\/eldigitaldeasturias","twitter:card":"summary_large_image","twitter:title":"Torres afirma que la facturaci\u00f3n cruzada en la trama N\u00f3os responde a \u00abservicios prestados y reales\u00bb - El Digital de Asturias","twitter:description":"El exsocio de I\u00f1aki Urdangarin al frente del Instituto N\u00f3os, Diego Torres, ha subrayado que las facturas que se cruzaron dentro del conglomerado empresarial impulsado por ambos con el Instituto N\u00f3os como epicentro, y que ascienden a unos ocho millones de euros seg\u00fan la Agencia Tributaria, corresponden a &quot;servicios prestados y reales&quot; y no camuflan","twitter:image":"https:\/\/www.eldigitaldeasturias.com\/noticias\/wp-content\/uploads\/2016\/02\/fotonoticia_20160223181129_800.jpg","twitter:label1":"Escrito por","twitter:data1":"El Digital de Asturias","twitter:label2":"Tiempo de lectura estimado","twitter:data2":"3 minutos"},"aioseo_meta_data":{"post_id":"861485","title":null,"description":null,"keywords":null,"keyphrases":null,"primary_term":null,"canonical_url":null,"og_title":null,"og_description":null,"og_object_type":"default","og_image_type":"default","og_image_url":null,"og_image_width":null,"og_image_height":null,"og_image_custom_url":null,"og_image_custom_fields":null,"og_video":null,"og_custom_url":null,"og_article_section":null,"og_article_tags":null,"twitter_use_og":false,"twitter_card":"default","twitter_image_type":"default","twitter_image_url":null,"twitter_image_custom_url":null,"twitter_image_custom_fields":null,"twitter_title":null,"twitter_description":null,"schema":{"blockGraphs":[],"customGraphs":[],"default":{"data":{"Article":[],"Course":[],"Dataset":[],"FAQPage":[],"Movie":[],"Person":[],"Product":[],"ProductReview":[],"Car":[],"Recipe":[],"Service":[],"SoftwareApplication":[],"WebPage":[]},"graphName":"","isEnabled":true},"graphs":[],"defaultGraph":"","defaultPostTypeGraph":""},"schema_type":null,"schema_type_options":null,"pillar_content":false,"robots_default":true,"robots_noindex":false,"robots_noarchive":false,"robots_nosnippet":false,"robots_nofollow":false,"robots_noimageindex":false,"robots_noodp":false,"robots_notranslate":false,"robots_max_snippet":null,"robots_max_videopreview":null,"robots_max_imagepreview":"large","priority":null,"frequency":null,"local_seo":null,"seo_analyzer_scan_date":"2025-12-10 21:23:14","breadcrumb_settings":null,"limit_modified_date":false,"open_ai":null,"ai":null,"created":"2021-01-22 11:51:06","updated":"2025-12-10 21:23:14"},"aioseo_breadcrumb":"<div class=\"aioseo-breadcrumbs\"><span class=\"aioseo-breadcrumb\">\n\t<a href=\"https:\/\/www.eldigitaldeasturias.com\/noticias\" title=\"Home\">Home<\/a>\n<\/span><span class=\"aioseo-breadcrumb-separator\">\u2013<\/span><span class=\"aioseo-breadcrumb\">\n\t<a href=\"https:\/\/www.eldigitaldeasturias.com\/noticias\/category\/actualidad\/\" title=\"Actualidad\">Actualidad<\/a>\n<\/span><span class=\"aioseo-breadcrumb-separator\">\u2013<\/span><span class=\"aioseo-breadcrumb\">\n\t<a href=\"https:\/\/www.eldigitaldeasturias.com\/noticias\/torres-afirma-que-la-facturacion-cruzada-en-la-trama-noos-responde-a-servicios-prestados-y-reales\/\" title=\"Torres afirma que la facturaci\u00f3n cruzada en la trama N\u00f3os responde a \u00abservicios prestados y reales\u00bb\">Torres afirma que la facturaci\u00f3n cruzada en la trama N\u00f3os responde a \u00abservicios prestados y reales\u00bb<\/a>\n<\/span><\/div>","aioseo_breadcrumb_json":[{"label":"Home","link":"https:\/\/www.eldigitaldeasturias.com\/noticias"},{"label":"Actualidad","link":"https:\/\/www.eldigitaldeasturias.com\/noticias\/category\/actualidad\/"},{"label":"Torres afirma que la facturaci\u00f3n cruzada en la trama N\u00f3os responde a \u00abservicios prestados y reales\u00bb","link":"https:\/\/www.eldigitaldeasturias.com\/noticias\/torres-afirma-que-la-facturacion-cruzada-en-la-trama-noos-responde-a-servicios-prestados-y-reales\/"}],"_links":{"self":[{"href":"https:\/\/www.eldigitaldeasturias.com\/noticias\/wp-json\/wp\/v2\/posts\/861485","targetHints":{"allow":["GET"]}}],"collection":[{"href":"https:\/\/www.eldigitaldeasturias.com\/noticias\/wp-json\/wp\/v2\/posts"}],"about":[{"href":"https:\/\/www.eldigitaldeasturias.com\/noticias\/wp-json\/wp\/v2\/types\/post"}],"author":[{"embeddable":true,"href":"https:\/\/www.eldigitaldeasturias.com\/noticias\/wp-json\/wp\/v2\/users\/1"}],"replies":[{"embeddable":true,"href":"https:\/\/www.eldigitaldeasturias.com\/noticias\/wp-json\/wp\/v2\/comments?post=861485"}],"version-history":[{"count":0,"href":"https:\/\/www.eldigitaldeasturias.com\/noticias\/wp-json\/wp\/v2\/posts\/861485\/revisions"}],"wp:featuredmedia":[{"embeddable":true,"href":"https:\/\/www.eldigitaldeasturias.com\/noticias\/wp-json\/wp\/v2\/media\/861486"}],"wp:attachment":[{"href":"https:\/\/www.eldigitaldeasturias.com\/noticias\/wp-json\/wp\/v2\/media?parent=861485"}],"wp:term":[{"taxonomy":"category","embeddable":true,"href":"https:\/\/www.eldigitaldeasturias.com\/noticias\/wp-json\/wp\/v2\/categories?post=861485"},{"taxonomy":"post_tag","embeddable":true,"href":"https:\/\/www.eldigitaldeasturias.com\/noticias\/wp-json\/wp\/v2\/tags?post=861485"}],"curies":[{"name":"wp","href":"https:\/\/api.w.org\/{rel}","templated":true}]}}