{"id":861482,"date":"2016-02-24T04:32:20","date_gmt":"2016-02-24T04:32:20","guid":{"rendered":"http:\/\/www.eldigitaldeasturias.com\/noticias\/?p=861482"},"modified":"2016-02-24T04:32:20","modified_gmt":"2016-02-24T04:32:20","slug":"la-audiencia-nacional-condena-a-dos-anos-de-carcel-a-hernandez-molto","status":"publish","type":"post","link":"https:\/\/www.eldigitaldeasturias.com\/noticias\/la-audiencia-nacional-condena-a-dos-anos-de-carcel-a-hernandez-molto\/","title":{"rendered":"La Audiencia Nacional condena a dos a\u00f1os de c\u00e1rcel a Hern\u00e1ndez Molt\u00f3"},"content":{"rendered":"<p><img loading=\"lazy\" decoding=\"async\" class=\"alignleft size-medium wp-image-861483\" src=\"https:\/\/www.eldigitaldeasturias.com\/noticias\/wp-content\/uploads\/2016\/02\/fotonoticia_20160223142704_800-360x240.jpg\" alt=\"fotonoticia_20160223142704_800\" width=\"360\" height=\"240\" srcset=\"https:\/\/www.eldigitaldeasturias.com\/noticias\/wp-content\/uploads\/2016\/02\/fotonoticia_20160223142704_800-360x240.jpg 360w, https:\/\/www.eldigitaldeasturias.com\/noticias\/wp-content\/uploads\/2016\/02\/fotonoticia_20160223142704_800-768x513.jpg 768w, https:\/\/www.eldigitaldeasturias.com\/noticias\/wp-content\/uploads\/2016\/02\/fotonoticia_20160223142704_800-650x434.jpg 650w, https:\/\/www.eldigitaldeasturias.com\/noticias\/wp-content\/uploads\/2016\/02\/fotonoticia_20160223142704_800-84x55.jpg 84w, https:\/\/www.eldigitaldeasturias.com\/noticias\/wp-content\/uploads\/2016\/02\/fotonoticia_20160223142704_800-49x32.jpg 49w, https:\/\/www.eldigitaldeasturias.com\/noticias\/wp-content\/uploads\/2016\/02\/fotonoticia_20160223142704_800.jpg 800w\" sizes=\"auto, (max-width: 360px) 100vw, 360px\" \/>La Audiencia Nacional ha condenado al expresidente de Caja Castilla-La Mancha (CCM) y exdiputado del PSOE Juan Pedro Hern\u00e1ndez Molt\u00f3 y al exdirector general Ildefonso Ortega por un delito societario de falsedad contable cometido al manipular las cuentas de la entidad, a la pena de dos a\u00f1os de c\u00e1rcel y a otra de inhabilitaci\u00f3n para ejercer cargos de administraci\u00f3n o direcci\u00f3n en el sector financiero durante el tiempo de sus condenas.<\/p>\n<p>En una sentencia, a la que ha tenido acceso Europa Press, el Juez Central de lo Penal Jos\u00e9 Mar\u00eda V\u00e1zquez Honrubia impone a cada uno el pago de una multa de 29.970 euros y les obliga a satisfacer, la mitad y a partes iguales, las costas causadas, incluidas a las de la acusaci\u00f3n particular y popular, ejercidas por la propia entidad y la Asociaci\u00f3n de Usuarios de Bancos, Cajas y Seguros (Adicae).<\/p>\n<p>El magistrado, que absuelve a ambos directivos del delito societario de administraci\u00f3n fraudulenta, considera probado que el 10 de febrero de 2009, con la \u00abaquiescencia\u00bb de Hern\u00e1ndez Molt\u00f3, Ortega envi\u00f3 al Banco de Espa\u00f1a unos estados financieros individuales y consolidados p\u00fablicos de la entidad que ignoraron los requerimientos que el supervisor hab\u00eda venido haciendo desde 2004 y no reflejaban su \u00absituaci\u00f3n financiera real\u00bb.<\/p>\n<p>La sentencia considera que este falseamiento era un \u00abmedio id\u00f3neo\u00bb para causar un perjuicio econ\u00f3mico a terceras personas que se relacionaran con la entidad y que tanto Hern\u00e1ndez Molt\u00f3 como Ortega, conociendo en 2008 las p\u00e9rdidas y la dif\u00edcil situaci\u00f3n econ\u00f3mica en la que se encontraba CCM, se sirvieron de un \u00abardid contable, en el sentido m\u00e1s propio de enga\u00f1o, disimulo o artima\u00f1a o si se prefiere treta o tergiversaci\u00f3n\u00bb para tapar o maquillas unas cuentas\u00bb que se podr\u00edan calificar de \u00abgalopantes\u00bb relativas a valores cotizados.<\/p>\n<p>Pese a los requerimientos del Banco de Espa\u00f1a, los condenados \u00abreflejaron las p\u00e9rdidas en la partida o estado del patrimonio neto y no en la cuenta de p\u00e9rdidas y ganancias en definitiva en la cuenta de resultados\u00bb.<\/p>\n<p>El 31 de diciembre de ese a\u00f1o, se hizo constar a la opini\u00f3n p\u00fablica o \u00absi se quiere\u00bb al mercado que CCM hab\u00eda obtenido ganancias, cuando su situaci\u00f3n financiera era \u00abtan cr\u00edtica\u00bb que tres meses despu\u00e9s fue intervenida por el Banco de Espa\u00f1a, que abri\u00f3 un expediente a ambos acusados.<\/p>\n<p>\u00abPROTEGER AL HOMBRE MEDIO\u00bb<\/p>\n<p>A este respecto, el juez precisa que aunque ese estado de cuentas pueda considerarse adecuado conforme a la ortodoxia contable, el delito de falsedad contable persigue proteger tambi\u00e9n a los ciudadanos que se puedan relacionar con la entidad, a los peque\u00f1os inversores y depositantes y, en general, a todos aquellos que no se relacionar\u00edan con la caja de la misma manera que si en sus estados aparecieran p\u00e9rdidas. \u00abEl C\u00f3digo Penal trata de proteger a ese hombre medio\u00bb, a\u00f1ade.<\/p>\n<p>Seg\u00fan la sentencia, resulta \u00abhasta sarc\u00e1stico\u00bb que Molt\u00f3, que fue el exportavoz de Econom\u00eda del PSOE en el Congreso, se presentase en el juicio como un \u00abanimador sociocultural\u00bb de la caja con funciones parecidas a las de una \u00abreina madre\u00bb y califica de \u00ababsolutamente inadmisible\u00bb que pretendiese descargar la responsabilidad en su subordinado, Ildefonso Ortega.<\/p>\n<p>En concreto, los gestores de CCM registraron el deterioro de las participaciones en tres sociedades inmobiliarias (Afirma, Colonial y Parquesol) como \u00abajustes de valoraci\u00f3n dentro del patrimonio neto en lugar de incluirlo en la cuenta de resultados\u00bb, que presentaba un saldo antes de impuestos de 93 millones de euros.<\/p>\n<p>\u00abTeniendo en cuenta que esas minusval\u00edas alcanzaban a 31 de diciembre los 212,1 millones de euros, el resultado del ejercicio deb\u00eda haberse aminorado en ese importe\u00bb, se\u00f1ala la sentencia, para a\u00f1adir que habr\u00edan resultado negativos los estados consolidados de CCM a la misma fecha, que reflejaban \u00abun ficticio beneficio antes de impuestos 29,86 millones de euros\u00bb. En relaci\u00f3n con la calificaci\u00f3n de cr\u00e9ditos, exist\u00eda \u00abun d\u00e9ficit de provisiones espec\u00edficas de 57 millones de euros sobre los 245 millones exigidos\u00bb.<\/p>\n<p>De esta forma, los gestores de la caja castellano-manchega sortearon las obligaciones impuestas por el Banco de Espa\u00f1a y lograron evitar que la caja presentara p\u00e9rdidas de 119 millones en los estados individuales y de, al menos, 182,2 millones en los consolidados.<\/p>\n<p>La sentencia no considera acreditado que Hern\u00e1ndez Molt\u00f3 y Ortega concedieran cr\u00e9ditos o refinanciaran pr\u00e9stamos a sabiendas de que perjudicaban a la caja de ahorros o dispusieran, \u00abmediante enga\u00f1o\u00bb, de bienes de esta sociedad, ni tampoco que obtuvieran alg\u00fan beneficio personal con este tipo de operaciones.<\/p>\n<p>Caja Castilla-La Mancha fue la primera caja de ahorros espa\u00f1ola en ser intervenida y nacionalizada, en marzo de 2009, despu\u00e9s de que se aprobara un rescate que alcanz\u00f3 los 9.000 millones de euros. El Banco de Espa\u00f1a cuantific\u00f3 en 253,8 millones de euros las operaciones y los perjuicios econ\u00f3micos que los gestores causaron en la entidad.<\/p>\n","protected":false},"excerpt":{"rendered":"<p>La Audiencia Nacional ha condenado al expresidente de Caja Castilla-La Mancha (CCM) y exdiputado del PSOE Juan Pedro Hern\u00e1ndez Molt\u00f3 y al exdirector general Ildefonso Ortega por un delito societario de falsedad contable cometido al manipular las cuentas de la entidad, a la pena de dos a\u00f1os de c\u00e1rcel y a otra de inhabilitaci\u00f3n para [&hellip;]<\/p>\n","protected":false},"author":1,"featured_media":861483,"comment_status":"closed","ping_status":"closed","sticky":false,"template":"","format":"standard","meta":{"footnotes":""},"categories":[5],"tags":[],"class_list":["post-861482","post","type-post","status-publish","format-standard","has-post-thumbnail","hentry","category-sucesos"],"aioseo_notices":[],"aioseo_head":"\n\t\t<!-- All in One SEO Pro 4.9.6.2 - aioseo.com -->\n\t<meta name=\"description\" content=\"La Audiencia Nacional ha condenado al expresidente de Caja Castilla-La Mancha (CCM) y exdiputado del PSOE Juan Pedro Hern\u00e1ndez Molt\u00f3 y al exdirector general Ildefonso Ortega por un delito societario de falsedad contable cometido al manipular las cuentas de la entidad, a la pena de dos a\u00f1os de c\u00e1rcel y a otra de inhabilitaci\u00f3n para\" \/>\n\t<meta name=\"robots\" content=\"max-image-preview:large\" \/>\n\t<meta name=\"author\" content=\"El Digital de Asturias\"\/>\n\t<meta name=\"google-site-verification\" content=\"UA-38556648-1\" \/>\n\t<meta name=\"msvalidate.01\" content=\"7dfe9f3f1b24437ab69f4f2559babe99\" \/>\n\t<meta name=\"keywords\" content=\"sucesos\" \/>\n\t<link rel=\"canonical\" href=\"https:\/\/www.eldigitaldeasturias.com\/noticias\/la-audiencia-nacional-condena-a-dos-anos-de-carcel-a-hernandez-molto\/\" \/>\n\t<meta name=\"generator\" content=\"All in One SEO Pro (AIOSEO) 4.9.6.2\" \/>\n\t\t<meta property=\"og:locale\" content=\"es_ES\" \/>\n\t\t<meta property=\"og:site_name\" content=\"El Digital de Asturias\" \/>\n\t\t<meta property=\"og:type\" content=\"article\" \/>\n\t\t<meta property=\"og:title\" content=\"La Audiencia Nacional condena a dos a\u00f1os de c\u00e1rcel a Hern\u00e1ndez Molt\u00f3 - El Digital de Asturias\" \/>\n\t\t<meta property=\"og:description\" content=\"La Audiencia Nacional ha condenado al expresidente de Caja Castilla-La Mancha (CCM) y exdiputado del PSOE Juan Pedro Hern\u00e1ndez Molt\u00f3 y al exdirector general Ildefonso Ortega por un delito societario de falsedad contable cometido al manipular las cuentas de la entidad, a la pena de dos a\u00f1os de c\u00e1rcel y a otra de inhabilitaci\u00f3n para\" \/>\n\t\t<meta property=\"og:url\" content=\"https:\/\/www.eldigitaldeasturias.com\/noticias\/la-audiencia-nacional-condena-a-dos-anos-de-carcel-a-hernandez-molto\/\" \/>\n\t\t<meta property=\"og:image\" content=\"https:\/\/www.eldigitaldeasturias.com\/noticias\/wp-content\/uploads\/2016\/02\/fotonoticia_20160223142704_800.jpg\" \/>\n\t\t<meta property=\"og:image:secure_url\" content=\"https:\/\/www.eldigitaldeasturias.com\/noticias\/wp-content\/uploads\/2016\/02\/fotonoticia_20160223142704_800.jpg\" \/>\n\t\t<meta property=\"og:image:width\" content=\"800\" \/>\n\t\t<meta property=\"og:image:height\" content=\"534\" \/>\n\t\t<meta property=\"article:tag\" content=\"sucesos\" \/>\n\t\t<meta property=\"article:published_time\" content=\"2016-02-24T04:32:20+00:00\" \/>\n\t\t<meta property=\"article:modified_time\" content=\"2016-02-24T04:32:20+00:00\" \/>\n\t\t<meta property=\"article:publisher\" content=\"https:\/\/facebook.com\/eldigitaldeasturias\" \/>\n\t\t<meta name=\"twitter:card\" content=\"summary_large_image\" \/>\n\t\t<meta name=\"twitter:title\" content=\"La Audiencia Nacional condena a dos a\u00f1os de c\u00e1rcel a Hern\u00e1ndez Molt\u00f3 - El Digital de Asturias\" \/>\n\t\t<meta name=\"twitter:description\" content=\"La Audiencia Nacional ha condenado al expresidente de Caja Castilla-La Mancha (CCM) y exdiputado del PSOE Juan Pedro Hern\u00e1ndez Molt\u00f3 y al exdirector general Ildefonso Ortega por un delito societario de falsedad contable cometido al manipular las cuentas de la entidad, a la pena de dos a\u00f1os de c\u00e1rcel y a otra de inhabilitaci\u00f3n para\" \/>\n\t\t<meta name=\"twitter:image\" content=\"https:\/\/www.eldigitaldeasturias.com\/noticias\/wp-content\/uploads\/2016\/02\/fotonoticia_20160223142704_800.jpg\" \/>\n\t\t<meta name=\"twitter:label1\" content=\"Escrito por\" \/>\n\t\t<meta name=\"twitter:data1\" content=\"El Digital de Asturias\" \/>\n\t\t<meta name=\"twitter:label2\" content=\"Tiempo de lectura estimado\" \/>\n\t\t<meta name=\"twitter:data2\" content=\"4 minutos\" \/>\n\t\t<script type=\"application\/ld+json\" class=\"aioseo-schema\">\n\t\t\t{\"@context\":\"https:\\\/\\\/schema.org\",\"@graph\":[{\"@type\":\"BlogPosting\",\"@id\":\"https:\\\/\\\/www.eldigitaldeasturias.com\\\/noticias\\\/la-audiencia-nacional-condena-a-dos-anos-de-carcel-a-hernandez-molto\\\/#blogposting\",\"name\":\"La Audiencia Nacional condena a dos a\\u00f1os de c\\u00e1rcel a Hern\\u00e1ndez Molt\\u00f3 - El Digital de Asturias\",\"headline\":\"La Audiencia Nacional condena a dos a\\u00f1os de c\\u00e1rcel a Hern\\u00e1ndez Molt\\u00f3\",\"author\":{\"@id\":\"https:\\\/\\\/www.eldigitaldeasturias.com\\\/noticias\\\/author\\\/admin\\\/#author\"},\"publisher\":{\"@id\":\"https:\\\/\\\/www.eldigitaldeasturias.com\\\/noticias\\\/#organization\"},\"image\":{\"@type\":\"ImageObject\",\"url\":\"https:\\\/\\\/www.eldigitaldeasturias.com\\\/noticias\\\/wp-content\\\/uploads\\\/2016\\\/02\\\/fotonoticia_20160223142704_800.jpg\",\"width\":800,\"height\":534},\"datePublished\":\"2016-02-24T04:32:20+01:00\",\"dateModified\":\"2016-02-24T04:32:20+01:00\",\"inLanguage\":\"es-ES\",\"mainEntityOfPage\":{\"@id\":\"https:\\\/\\\/www.eldigitaldeasturias.com\\\/noticias\\\/la-audiencia-nacional-condena-a-dos-anos-de-carcel-a-hernandez-molto\\\/#webpage\"},\"isPartOf\":{\"@id\":\"https:\\\/\\\/www.eldigitaldeasturias.com\\\/noticias\\\/la-audiencia-nacional-condena-a-dos-anos-de-carcel-a-hernandez-molto\\\/#webpage\"},\"articleSection\":\"Sucesos\"},{\"@type\":\"BreadcrumbList\",\"@id\":\"https:\\\/\\\/www.eldigitaldeasturias.com\\\/noticias\\\/la-audiencia-nacional-condena-a-dos-anos-de-carcel-a-hernandez-molto\\\/#breadcrumblist\",\"itemListElement\":[{\"@type\":\"ListItem\",\"@id\":\"https:\\\/\\\/www.eldigitaldeasturias.com\\\/noticias#listItem\",\"position\":1,\"name\":\"Home\",\"item\":\"https:\\\/\\\/www.eldigitaldeasturias.com\\\/noticias\",\"nextItem\":{\"@type\":\"ListItem\",\"@id\":\"https:\\\/\\\/www.eldigitaldeasturias.com\\\/noticias\\\/category\\\/sucesos\\\/#listItem\",\"name\":\"Sucesos\"}},{\"@type\":\"ListItem\",\"@id\":\"https:\\\/\\\/www.eldigitaldeasturias.com\\\/noticias\\\/category\\\/sucesos\\\/#listItem\",\"position\":2,\"name\":\"Sucesos\",\"item\":\"https:\\\/\\\/www.eldigitaldeasturias.com\\\/noticias\\\/category\\\/sucesos\\\/\",\"nextItem\":{\"@type\":\"ListItem\",\"@id\":\"https:\\\/\\\/www.eldigitaldeasturias.com\\\/noticias\\\/la-audiencia-nacional-condena-a-dos-anos-de-carcel-a-hernandez-molto\\\/#listItem\",\"name\":\"La Audiencia Nacional condena a dos a\\u00f1os de c\\u00e1rcel a Hern\\u00e1ndez Molt\\u00f3\"},\"previousItem\":{\"@type\":\"ListItem\",\"@id\":\"https:\\\/\\\/www.eldigitaldeasturias.com\\\/noticias#listItem\",\"name\":\"Home\"}},{\"@type\":\"ListItem\",\"@id\":\"https:\\\/\\\/www.eldigitaldeasturias.com\\\/noticias\\\/la-audiencia-nacional-condena-a-dos-anos-de-carcel-a-hernandez-molto\\\/#listItem\",\"position\":3,\"name\":\"La Audiencia Nacional condena a dos a\\u00f1os de c\\u00e1rcel a Hern\\u00e1ndez Molt\\u00f3\",\"previousItem\":{\"@type\":\"ListItem\",\"@id\":\"https:\\\/\\\/www.eldigitaldeasturias.com\\\/noticias\\\/category\\\/sucesos\\\/#listItem\",\"name\":\"Sucesos\"}}]},{\"@type\":\"Organization\",\"@id\":\"https:\\\/\\\/www.eldigitaldeasturias.com\\\/noticias\\\/#organization\",\"name\":\"El Digital de Asturias\",\"description\":\"Hemeroteca\",\"url\":\"https:\\\/\\\/www.eldigitaldeasturias.com\\\/noticias\\\/\",\"email\":\"info@eldigitaldeasturias.com\",\"telephone\":\"+34652131393\",\"logo\":{\"@type\":\"ImageObject\",\"url\":\"https:\\\/\\\/www.eldigitaldeasturias.com\\\/noticias\\\/wp-content\\\/uploads\\\/2020\\\/12\\\/EDA.jpg\",\"@id\":\"https:\\\/\\\/www.eldigitaldeasturias.com\\\/noticias\\\/la-audiencia-nacional-condena-a-dos-anos-de-carcel-a-hernandez-molto\\\/#organizationLogo\",\"width\":649,\"height\":297},\"image\":{\"@id\":\"https:\\\/\\\/www.eldigitaldeasturias.com\\\/noticias\\\/la-audiencia-nacional-condena-a-dos-anos-de-carcel-a-hernandez-molto\\\/#organizationLogo\"},\"sameAs\":[\"https:\\\/\\\/facebook.com\\\/eldigitaldeasturias\",\"https:\\\/\\\/www.youtube.com\\\/channel\\\/UCZP-2wLEB9Rv6erhFmqVnvg\"],\"address\":{\"@id\":\"https:\\\/\\\/www.eldigitaldeasturias.com\\\/noticias\\\/#postaladdress\",\"@type\":\"PostalAddress\",\"streetAddress\":\"san antonio 4,\",\"postalCode\":\"33430\",\"addressLocality\":\"Cand\\u00e1s\",\"addressRegion\":\"Asturias\",\"addressCountry\":\"ES\"}},{\"@type\":\"Person\",\"@id\":\"https:\\\/\\\/www.eldigitaldeasturias.com\\\/noticias\\\/author\\\/admin\\\/#author\",\"url\":\"https:\\\/\\\/www.eldigitaldeasturias.com\\\/noticias\\\/author\\\/admin\\\/\",\"name\":\"El Digital de Asturias\",\"image\":{\"@type\":\"ImageObject\",\"@id\":\"https:\\\/\\\/www.eldigitaldeasturias.com\\\/noticias\\\/la-audiencia-nacional-condena-a-dos-anos-de-carcel-a-hernandez-molto\\\/#authorImage\",\"url\":\"https:\\\/\\\/www.eldigitaldeasturias.com\\\/noticias\\\/wp-content\\\/litespeed\\\/avatar\\\/18677e78aa0546b92d9dbf31ec7d7668.jpg?ver=1777290358\",\"width\":96,\"height\":96,\"caption\":\"El Digital de Asturias\"}},{\"@type\":\"WebPage\",\"@id\":\"https:\\\/\\\/www.eldigitaldeasturias.com\\\/noticias\\\/la-audiencia-nacional-condena-a-dos-anos-de-carcel-a-hernandez-molto\\\/#webpage\",\"url\":\"https:\\\/\\\/www.eldigitaldeasturias.com\\\/noticias\\\/la-audiencia-nacional-condena-a-dos-anos-de-carcel-a-hernandez-molto\\\/\",\"name\":\"La Audiencia Nacional condena a dos a\\u00f1os de c\\u00e1rcel a Hern\\u00e1ndez Molt\\u00f3 - El Digital de Asturias\",\"description\":\"La Audiencia Nacional ha condenado al expresidente de Caja Castilla-La Mancha (CCM) y exdiputado del PSOE Juan Pedro Hern\\u00e1ndez Molt\\u00f3 y al exdirector general Ildefonso Ortega por un delito societario de falsedad contable cometido al manipular las cuentas de la entidad, a la pena de dos a\\u00f1os de c\\u00e1rcel y a otra de inhabilitaci\\u00f3n para\",\"inLanguage\":\"es-ES\",\"isPartOf\":{\"@id\":\"https:\\\/\\\/www.eldigitaldeasturias.com\\\/noticias\\\/#website\"},\"breadcrumb\":{\"@id\":\"https:\\\/\\\/www.eldigitaldeasturias.com\\\/noticias\\\/la-audiencia-nacional-condena-a-dos-anos-de-carcel-a-hernandez-molto\\\/#breadcrumblist\"},\"author\":{\"@id\":\"https:\\\/\\\/www.eldigitaldeasturias.com\\\/noticias\\\/author\\\/admin\\\/#author\"},\"creator\":{\"@id\":\"https:\\\/\\\/www.eldigitaldeasturias.com\\\/noticias\\\/author\\\/admin\\\/#author\"},\"image\":{\"@type\":\"ImageObject\",\"url\":\"https:\\\/\\\/www.eldigitaldeasturias.com\\\/noticias\\\/wp-content\\\/uploads\\\/2016\\\/02\\\/fotonoticia_20160223142704_800.jpg\",\"@id\":\"https:\\\/\\\/www.eldigitaldeasturias.com\\\/noticias\\\/la-audiencia-nacional-condena-a-dos-anos-de-carcel-a-hernandez-molto\\\/#mainImage\",\"width\":800,\"height\":534},\"primaryImageOfPage\":{\"@id\":\"https:\\\/\\\/www.eldigitaldeasturias.com\\\/noticias\\\/la-audiencia-nacional-condena-a-dos-anos-de-carcel-a-hernandez-molto\\\/#mainImage\"},\"datePublished\":\"2016-02-24T04:32:20+01:00\",\"dateModified\":\"2016-02-24T04:32:20+01:00\"},{\"@type\":\"WebSite\",\"@id\":\"https:\\\/\\\/www.eldigitaldeasturias.com\\\/noticias\\\/#website\",\"url\":\"https:\\\/\\\/www.eldigitaldeasturias.com\\\/noticias\\\/\",\"name\":\"El Digital de Asturias - Diario de actualidad y noticias\",\"alternateName\":\"El Digital de Asturias - Diario de actualidad y noticias\",\"description\":\"Hemeroteca\",\"inLanguage\":\"es-ES\",\"publisher\":{\"@id\":\"https:\\\/\\\/www.eldigitaldeasturias.com\\\/noticias\\\/#organization\"}}]}\n\t\t<\/script>\n\t\t<!-- All in One SEO Pro -->\r\n\t\t<title>La Audiencia Nacional condena a dos a\u00f1os de c\u00e1rcel a Hern\u00e1ndez Molt\u00f3 - El Digital de Asturias<\/title>\n\n","aioseo_head_json":{"title":"La Audiencia Nacional condena a dos a\u00f1os de c\u00e1rcel a Hern\u00e1ndez Molt\u00f3 - El Digital de Asturias","description":"La Audiencia Nacional ha condenado al expresidente de Caja Castilla-La Mancha (CCM) y exdiputado del PSOE Juan Pedro Hern\u00e1ndez Molt\u00f3 y al exdirector general Ildefonso Ortega por un delito societario de falsedad contable cometido al manipular las cuentas de la entidad, a la pena de dos a\u00f1os de c\u00e1rcel y a otra de inhabilitaci\u00f3n para","canonical_url":"https:\/\/www.eldigitaldeasturias.com\/noticias\/la-audiencia-nacional-condena-a-dos-anos-de-carcel-a-hernandez-molto\/","robots":"max-image-preview:large","keywords":"sucesos","webmasterTools":{"google-site-verification":"UA-38556648-1","msvalidate.01":"7dfe9f3f1b24437ab69f4f2559babe99","miscellaneous":""},"schema":{"@context":"https:\/\/schema.org","@graph":[{"@type":"BlogPosting","@id":"https:\/\/www.eldigitaldeasturias.com\/noticias\/la-audiencia-nacional-condena-a-dos-anos-de-carcel-a-hernandez-molto\/#blogposting","name":"La Audiencia Nacional condena a dos a\u00f1os de c\u00e1rcel a Hern\u00e1ndez Molt\u00f3 - El Digital de Asturias","headline":"La Audiencia Nacional condena a dos a\u00f1os de c\u00e1rcel a Hern\u00e1ndez Molt\u00f3","author":{"@id":"https:\/\/www.eldigitaldeasturias.com\/noticias\/author\/admin\/#author"},"publisher":{"@id":"https:\/\/www.eldigitaldeasturias.com\/noticias\/#organization"},"image":{"@type":"ImageObject","url":"https:\/\/www.eldigitaldeasturias.com\/noticias\/wp-content\/uploads\/2016\/02\/fotonoticia_20160223142704_800.jpg","width":800,"height":534},"datePublished":"2016-02-24T04:32:20+01:00","dateModified":"2016-02-24T04:32:20+01:00","inLanguage":"es-ES","mainEntityOfPage":{"@id":"https:\/\/www.eldigitaldeasturias.com\/noticias\/la-audiencia-nacional-condena-a-dos-anos-de-carcel-a-hernandez-molto\/#webpage"},"isPartOf":{"@id":"https:\/\/www.eldigitaldeasturias.com\/noticias\/la-audiencia-nacional-condena-a-dos-anos-de-carcel-a-hernandez-molto\/#webpage"},"articleSection":"Sucesos"},{"@type":"BreadcrumbList","@id":"https:\/\/www.eldigitaldeasturias.com\/noticias\/la-audiencia-nacional-condena-a-dos-anos-de-carcel-a-hernandez-molto\/#breadcrumblist","itemListElement":[{"@type":"ListItem","@id":"https:\/\/www.eldigitaldeasturias.com\/noticias#listItem","position":1,"name":"Home","item":"https:\/\/www.eldigitaldeasturias.com\/noticias","nextItem":{"@type":"ListItem","@id":"https:\/\/www.eldigitaldeasturias.com\/noticias\/category\/sucesos\/#listItem","name":"Sucesos"}},{"@type":"ListItem","@id":"https:\/\/www.eldigitaldeasturias.com\/noticias\/category\/sucesos\/#listItem","position":2,"name":"Sucesos","item":"https:\/\/www.eldigitaldeasturias.com\/noticias\/category\/sucesos\/","nextItem":{"@type":"ListItem","@id":"https:\/\/www.eldigitaldeasturias.com\/noticias\/la-audiencia-nacional-condena-a-dos-anos-de-carcel-a-hernandez-molto\/#listItem","name":"La Audiencia Nacional condena a dos a\u00f1os de c\u00e1rcel a Hern\u00e1ndez Molt\u00f3"},"previousItem":{"@type":"ListItem","@id":"https:\/\/www.eldigitaldeasturias.com\/noticias#listItem","name":"Home"}},{"@type":"ListItem","@id":"https:\/\/www.eldigitaldeasturias.com\/noticias\/la-audiencia-nacional-condena-a-dos-anos-de-carcel-a-hernandez-molto\/#listItem","position":3,"name":"La Audiencia Nacional condena a dos a\u00f1os de c\u00e1rcel a Hern\u00e1ndez Molt\u00f3","previousItem":{"@type":"ListItem","@id":"https:\/\/www.eldigitaldeasturias.com\/noticias\/category\/sucesos\/#listItem","name":"Sucesos"}}]},{"@type":"Organization","@id":"https:\/\/www.eldigitaldeasturias.com\/noticias\/#organization","name":"El Digital de Asturias","description":"Hemeroteca","url":"https:\/\/www.eldigitaldeasturias.com\/noticias\/","email":"info@eldigitaldeasturias.com","telephone":"+34652131393","logo":{"@type":"ImageObject","url":"https:\/\/www.eldigitaldeasturias.com\/noticias\/wp-content\/uploads\/2020\/12\/EDA.jpg","@id":"https:\/\/www.eldigitaldeasturias.com\/noticias\/la-audiencia-nacional-condena-a-dos-anos-de-carcel-a-hernandez-molto\/#organizationLogo","width":649,"height":297},"image":{"@id":"https:\/\/www.eldigitaldeasturias.com\/noticias\/la-audiencia-nacional-condena-a-dos-anos-de-carcel-a-hernandez-molto\/#organizationLogo"},"sameAs":["https:\/\/facebook.com\/eldigitaldeasturias","https:\/\/www.youtube.com\/channel\/UCZP-2wLEB9Rv6erhFmqVnvg"],"address":{"@id":"https:\/\/www.eldigitaldeasturias.com\/noticias\/#postaladdress","@type":"PostalAddress","streetAddress":"san antonio 4,","postalCode":"33430","addressLocality":"Cand\u00e1s","addressRegion":"Asturias","addressCountry":"ES"}},{"@type":"Person","@id":"https:\/\/www.eldigitaldeasturias.com\/noticias\/author\/admin\/#author","url":"https:\/\/www.eldigitaldeasturias.com\/noticias\/author\/admin\/","name":"El Digital de Asturias","image":{"@type":"ImageObject","@id":"https:\/\/www.eldigitaldeasturias.com\/noticias\/la-audiencia-nacional-condena-a-dos-anos-de-carcel-a-hernandez-molto\/#authorImage","url":"https:\/\/www.eldigitaldeasturias.com\/noticias\/wp-content\/litespeed\/avatar\/18677e78aa0546b92d9dbf31ec7d7668.jpg?ver=1777290358","width":96,"height":96,"caption":"El Digital de Asturias"}},{"@type":"WebPage","@id":"https:\/\/www.eldigitaldeasturias.com\/noticias\/la-audiencia-nacional-condena-a-dos-anos-de-carcel-a-hernandez-molto\/#webpage","url":"https:\/\/www.eldigitaldeasturias.com\/noticias\/la-audiencia-nacional-condena-a-dos-anos-de-carcel-a-hernandez-molto\/","name":"La Audiencia Nacional condena a dos a\u00f1os de c\u00e1rcel a Hern\u00e1ndez Molt\u00f3 - El Digital de Asturias","description":"La Audiencia Nacional ha condenado al expresidente de Caja Castilla-La Mancha (CCM) y exdiputado del PSOE Juan Pedro Hern\u00e1ndez Molt\u00f3 y al exdirector general Ildefonso Ortega por un delito societario de falsedad contable cometido al manipular las cuentas de la entidad, a la pena de dos a\u00f1os de c\u00e1rcel y a otra de inhabilitaci\u00f3n para","inLanguage":"es-ES","isPartOf":{"@id":"https:\/\/www.eldigitaldeasturias.com\/noticias\/#website"},"breadcrumb":{"@id":"https:\/\/www.eldigitaldeasturias.com\/noticias\/la-audiencia-nacional-condena-a-dos-anos-de-carcel-a-hernandez-molto\/#breadcrumblist"},"author":{"@id":"https:\/\/www.eldigitaldeasturias.com\/noticias\/author\/admin\/#author"},"creator":{"@id":"https:\/\/www.eldigitaldeasturias.com\/noticias\/author\/admin\/#author"},"image":{"@type":"ImageObject","url":"https:\/\/www.eldigitaldeasturias.com\/noticias\/wp-content\/uploads\/2016\/02\/fotonoticia_20160223142704_800.jpg","@id":"https:\/\/www.eldigitaldeasturias.com\/noticias\/la-audiencia-nacional-condena-a-dos-anos-de-carcel-a-hernandez-molto\/#mainImage","width":800,"height":534},"primaryImageOfPage":{"@id":"https:\/\/www.eldigitaldeasturias.com\/noticias\/la-audiencia-nacional-condena-a-dos-anos-de-carcel-a-hernandez-molto\/#mainImage"},"datePublished":"2016-02-24T04:32:20+01:00","dateModified":"2016-02-24T04:32:20+01:00"},{"@type":"WebSite","@id":"https:\/\/www.eldigitaldeasturias.com\/noticias\/#website","url":"https:\/\/www.eldigitaldeasturias.com\/noticias\/","name":"El Digital de Asturias - Diario de actualidad y noticias","alternateName":"El Digital de Asturias - Diario de actualidad y noticias","description":"Hemeroteca","inLanguage":"es-ES","publisher":{"@id":"https:\/\/www.eldigitaldeasturias.com\/noticias\/#organization"}}]},"og:locale":"es_ES","og:site_name":"El Digital de Asturias","og:type":"article","og:title":"La Audiencia Nacional condena a dos a\u00f1os de c\u00e1rcel a Hern\u00e1ndez Molt\u00f3 - El Digital de Asturias","og:description":"La Audiencia Nacional ha condenado al expresidente de Caja Castilla-La Mancha (CCM) y exdiputado del PSOE Juan Pedro Hern\u00e1ndez Molt\u00f3 y al exdirector general Ildefonso Ortega por un delito societario de falsedad contable cometido al manipular las cuentas de la entidad, a la pena de dos a\u00f1os de c\u00e1rcel y a otra de inhabilitaci\u00f3n para","og:url":"https:\/\/www.eldigitaldeasturias.com\/noticias\/la-audiencia-nacional-condena-a-dos-anos-de-carcel-a-hernandez-molto\/","og:image":"https:\/\/www.eldigitaldeasturias.com\/noticias\/wp-content\/uploads\/2016\/02\/fotonoticia_20160223142704_800.jpg","og:image:secure_url":"https:\/\/www.eldigitaldeasturias.com\/noticias\/wp-content\/uploads\/2016\/02\/fotonoticia_20160223142704_800.jpg","og:image:width":800,"og:image:height":534,"article:tag":["sucesos"],"article:published_time":"2016-02-24T04:32:20+00:00","article:modified_time":"2016-02-24T04:32:20+00:00","article:publisher":"https:\/\/facebook.com\/eldigitaldeasturias","twitter:card":"summary_large_image","twitter:title":"La Audiencia Nacional condena a dos a\u00f1os de c\u00e1rcel a Hern\u00e1ndez Molt\u00f3 - El Digital de Asturias","twitter:description":"La Audiencia Nacional ha condenado al expresidente de Caja Castilla-La Mancha (CCM) y exdiputado del PSOE Juan Pedro Hern\u00e1ndez Molt\u00f3 y al exdirector general Ildefonso Ortega por un delito societario de falsedad contable cometido al manipular las cuentas de la entidad, a la pena de dos a\u00f1os de c\u00e1rcel y a otra de inhabilitaci\u00f3n para","twitter:image":"https:\/\/www.eldigitaldeasturias.com\/noticias\/wp-content\/uploads\/2016\/02\/fotonoticia_20160223142704_800.jpg","twitter:label1":"Escrito por","twitter:data1":"El Digital de Asturias","twitter:label2":"Tiempo de lectura estimado","twitter:data2":"4 minutos"},"aioseo_meta_data":{"post_id":"861482","title":null,"description":null,"keywords":null,"keyphrases":null,"primary_term":null,"canonical_url":null,"og_title":null,"og_description":null,"og_object_type":"default","og_image_type":"default","og_image_url":null,"og_image_width":null,"og_image_height":null,"og_image_custom_url":null,"og_image_custom_fields":null,"og_video":null,"og_custom_url":null,"og_article_section":null,"og_article_tags":null,"twitter_use_og":false,"twitter_card":"default","twitter_image_type":"default","twitter_image_url":null,"twitter_image_custom_url":null,"twitter_image_custom_fields":null,"twitter_title":null,"twitter_description":null,"schema":{"blockGraphs":[],"customGraphs":[],"default":{"data":{"Article":[],"Course":[],"Dataset":[],"FAQPage":[],"Movie":[],"Person":[],"Product":[],"ProductReview":[],"Car":[],"Recipe":[],"Service":[],"SoftwareApplication":[],"WebPage":[]},"graphName":"","isEnabled":true},"graphs":[],"defaultGraph":"","defaultPostTypeGraph":""},"schema_type":null,"schema_type_options":null,"pillar_content":false,"robots_default":true,"robots_noindex":false,"robots_noarchive":false,"robots_nosnippet":false,"robots_nofollow":false,"robots_noimageindex":false,"robots_noodp":false,"robots_notranslate":false,"robots_max_snippet":null,"robots_max_videopreview":null,"robots_max_imagepreview":"large","priority":null,"frequency":null,"local_seo":null,"seo_analyzer_scan_date":"2025-12-10 21:23:12","breadcrumb_settings":null,"limit_modified_date":false,"open_ai":null,"ai":null,"created":"2021-01-22 15:04:54","updated":"2025-12-10 21:23:12"},"aioseo_breadcrumb":"<div class=\"aioseo-breadcrumbs\"><span class=\"aioseo-breadcrumb\">\n\t<a href=\"https:\/\/www.eldigitaldeasturias.com\/noticias\" title=\"Home\">Home<\/a>\n<\/span><span class=\"aioseo-breadcrumb-separator\">\u2013<\/span><span class=\"aioseo-breadcrumb\">\n\t<a href=\"https:\/\/www.eldigitaldeasturias.com\/noticias\/category\/sucesos\/\" title=\"Sucesos\">Sucesos<\/a>\n<\/span><span class=\"aioseo-breadcrumb-separator\">\u2013<\/span><span class=\"aioseo-breadcrumb\">\n\t<a href=\"https:\/\/www.eldigitaldeasturias.com\/noticias\/la-audiencia-nacional-condena-a-dos-anos-de-carcel-a-hernandez-molto\/\" title=\"La Audiencia Nacional condena a dos a\u00f1os de c\u00e1rcel a Hern\u00e1ndez Molt\u00f3\">La Audiencia Nacional condena a dos a\u00f1os de c\u00e1rcel a Hern\u00e1ndez Molt\u00f3<\/a>\n<\/span><\/div>","aioseo_breadcrumb_json":[{"label":"Home","link":"https:\/\/www.eldigitaldeasturias.com\/noticias"},{"label":"Sucesos","link":"https:\/\/www.eldigitaldeasturias.com\/noticias\/category\/sucesos\/"},{"label":"La Audiencia Nacional condena a dos a\u00f1os de c\u00e1rcel a Hern\u00e1ndez Molt\u00f3","link":"https:\/\/www.eldigitaldeasturias.com\/noticias\/la-audiencia-nacional-condena-a-dos-anos-de-carcel-a-hernandez-molto\/"}],"_links":{"self":[{"href":"https:\/\/www.eldigitaldeasturias.com\/noticias\/wp-json\/wp\/v2\/posts\/861482","targetHints":{"allow":["GET"]}}],"collection":[{"href":"https:\/\/www.eldigitaldeasturias.com\/noticias\/wp-json\/wp\/v2\/posts"}],"about":[{"href":"https:\/\/www.eldigitaldeasturias.com\/noticias\/wp-json\/wp\/v2\/types\/post"}],"author":[{"embeddable":true,"href":"https:\/\/www.eldigitaldeasturias.com\/noticias\/wp-json\/wp\/v2\/users\/1"}],"replies":[{"embeddable":true,"href":"https:\/\/www.eldigitaldeasturias.com\/noticias\/wp-json\/wp\/v2\/comments?post=861482"}],"version-history":[{"count":0,"href":"https:\/\/www.eldigitaldeasturias.com\/noticias\/wp-json\/wp\/v2\/posts\/861482\/revisions"}],"wp:featuredmedia":[{"embeddable":true,"href":"https:\/\/www.eldigitaldeasturias.com\/noticias\/wp-json\/wp\/v2\/media\/861483"}],"wp:attachment":[{"href":"https:\/\/www.eldigitaldeasturias.com\/noticias\/wp-json\/wp\/v2\/media?parent=861482"}],"wp:term":[{"taxonomy":"category","embeddable":true,"href":"https:\/\/www.eldigitaldeasturias.com\/noticias\/wp-json\/wp\/v2\/categories?post=861482"},{"taxonomy":"post_tag","embeddable":true,"href":"https:\/\/www.eldigitaldeasturias.com\/noticias\/wp-json\/wp\/v2\/tags?post=861482"}],"curies":[{"name":"wp","href":"https:\/\/api.w.org\/{rel}","templated":true}]}}