{"id":861479,"date":"2016-02-24T04:30:21","date_gmt":"2016-02-24T04:30:21","guid":{"rendered":"http:\/\/www.eldigitaldeasturias.com\/noticias\/?p=861479"},"modified":"2016-02-24T04:30:21","modified_gmt":"2016-02-24T04:30:21","slug":"el-parlament-pospone-la-decision-sobre-como-tramitar-las-tres-leyes-soberanistas","status":"publish","type":"post","link":"https:\/\/www.eldigitaldeasturias.com\/noticias\/el-parlament-pospone-la-decision-sobre-como-tramitar-las-tres-leyes-soberanistas\/","title":{"rendered":"El Parlament pospone la decisi\u00f3n sobre c\u00f3mo tramitar las tres leyes soberanistas"},"content":{"rendered":"<p><img loading=\"lazy\" decoding=\"async\" class=\"alignleft size-medium wp-image-861480\" src=\"https:\/\/www.eldigitaldeasturias.com\/noticias\/wp-content\/uploads\/2016\/02\/fotonoticia_20160223142619_800-360x270.jpg\" alt=\"fotonoticia_20160223142619_800\" width=\"360\" height=\"270\" srcset=\"https:\/\/www.eldigitaldeasturias.com\/noticias\/wp-content\/uploads\/2016\/02\/fotonoticia_20160223142619_800-360x270.jpg 360w, https:\/\/www.eldigitaldeasturias.com\/noticias\/wp-content\/uploads\/2016\/02\/fotonoticia_20160223142619_800-768x576.jpg 768w, https:\/\/www.eldigitaldeasturias.com\/noticias\/wp-content\/uploads\/2016\/02\/fotonoticia_20160223142619_800-650x488.jpg 650w, https:\/\/www.eldigitaldeasturias.com\/noticias\/wp-content\/uploads\/2016\/02\/fotonoticia_20160223142619_800-125x95.jpg 125w, https:\/\/www.eldigitaldeasturias.com\/noticias\/wp-content\/uploads\/2016\/02\/fotonoticia_20160223142619_800-100x75.jpg 100w, https:\/\/www.eldigitaldeasturias.com\/noticias\/wp-content\/uploads\/2016\/02\/fotonoticia_20160223142619_800.jpg 800w\" sizes=\"auto, (max-width: 360px) 100vw, 360px\" \/>La Mesa del Parlament ha pospuesto este martes para su pr\u00f3xima reuni\u00f3n decidir c\u00f3mo se tramitan las tres leyes que el Govern y los soberanistas consideran clave para el inicio de proceso de independencia (hacienda propia, seguridad social y proceso constituyente), seg\u00fan fuentes parlamentarias.<\/p>\n<p>JxS\u00ed y la CUP propusieron tramitarlas con una ponencia conjunta, pero los letrados de la c\u00e1mara lo desaconsejaron porque el impulso de estas leyes no ten\u00eda el aval de la mayor\u00eda de grupos.<\/p>\n<p>Los dos grupos soberanistas propusieron tramitar estas leyes con ponencia conjunta porque consideraron que era del inter\u00e9s de todos los catalanes y prefer\u00edan esta v\u00eda en vez de una proposici\u00f3n de ley, pero el resto de formaciones se opusieron argumentando que no iban a participar en su redacci\u00f3n.<\/p>\n<p>Marta Rovira (JxS\u00ed), ha explicado que el debate para tirar adelante su propuesta no ha llegado a realizarse en la Junta de Portavoces de este mismo martes porque la Mesa ha informado de que todav\u00eda no han terminado de estudiar el informe jur\u00eddico de la propia c\u00e1mara.<\/p>\n<p>Ha insistido en que JxS\u00ed sigue apoyando las ponencias conjuntas, ya que creen que el documento jur\u00eddico del Parlament no dice que est\u00e9n vulnerando el reglamento de la c\u00e1mara: \u00abEl informe puede contener partes de opini\u00f3n y otras de interpretaci\u00f3n del reglamento, y aconseja, pero no dice que vulnere\u00bb nada.<\/p>\n<p>OTRAS F\u00d3RMULAS<\/p>\n<p>Preguntada por si JxS\u00ed se plantear\u00eda otras f\u00f3rmulas para abordar las tres leyes, Rovira ha contestado que su grupo \u00ablo que hace es proponer las ponencias conjuntas, como el primer d\u00eda\u00bb.<\/p>\n<p>Defiende que las ponencias conjuntas son la mejor soluci\u00f3n, mientras que en una proposici\u00f3n de ley se presentar\u00eda una propuesta de articulado, con lo que ya se estar\u00eda determinando el debate: \u00abQueremos debatir sin apriorismos para no excluir a los grupos que piensan diferente. Las ponencias, en cambio, no determinan el proceso pol\u00edtico de las propuestas\u00bb.<\/p>\n<p>OPOSICI\u00d3N<\/p>\n<p>Para Carlos Carrizosa (C&#8217;s), JxS\u00ed \u00abdice que se atreve a todo, pero le tiemblan las piernas\u00bb ante un escrito de los letrados del Parlament y tambi\u00e9n a la hora de reconocer que hay divisi\u00f3n con la CUP, que no est\u00e1 dispuesta a renunciar a las ponencias.<\/p>\n<p>Eva Granados (PSC) cree que el informe es suficientemente s\u00f3lido para que \u00ablos impulsores se replanteen\u00bb c\u00f3mo hacer las leyes, y esperan que aprquen las ponencias para no superar el reglamento parlamentario.<\/p>\n<p>Joan Coscubiela (S\u00edQueEsPot) cree que a JxS\u00ed y a la CUP les cuesta mucho explicar c\u00f3mo desobedecer el informe de los letrados del Parlament, y les reprocha adem\u00e1s que intenten responsabilizar al resto de grupos de una hoja de ruta a la que se comprometieron ellos &#8211;que incluye la creaci\u00f3n de las tres leyes en los tres primeros meses de legislatura&#8211; tratando de obligarles a formar parte de las ponencias.<\/p>\n<p>Al popular Enric Millo le \u00absorprende mucho\u00bb que la Mesa no haya fijado un criterio claro sobre la creaci\u00f3n de las ponencias, despu\u00e9s del informe, y ha tachado a JxS\u00ed de cobardes por no atreverse a presentar un texto de las leyes que pretenden impulsar.<\/p>\n","protected":false},"excerpt":{"rendered":"<p>La Mesa del Parlament ha pospuesto este martes para su pr\u00f3xima reuni\u00f3n decidir c\u00f3mo se tramitan las tres leyes que el Govern y los soberanistas consideran clave para el inicio de proceso de independencia (hacienda propia, seguridad social y proceso constituyente), seg\u00fan fuentes parlamentarias. JxS\u00ed y la CUP propusieron tramitarlas con una ponencia conjunta, pero [&hellip;]<\/p>\n","protected":false},"author":1,"featured_media":861480,"comment_status":"closed","ping_status":"closed","sticky":false,"template":"","format":"standard","meta":{"footnotes":""},"categories":[1],"tags":[],"class_list":["post-861479","post","type-post","status-publish","format-standard","has-post-thumbnail","hentry","category-actualidad"],"aioseo_notices":[],"aioseo_head":"\n\t\t<!-- All in One SEO Pro 4.9.6.2 - aioseo.com -->\n\t<meta name=\"description\" content=\"La Mesa del Parlament ha pospuesto este martes para su pr\u00f3xima reuni\u00f3n decidir c\u00f3mo se tramitan las tres leyes que el Govern y los soberanistas consideran clave para el inicio de proceso de independencia (hacienda propia, seguridad social y proceso constituyente), seg\u00fan fuentes parlamentarias. JxS\u00ed y la CUP propusieron tramitarlas con una ponencia conjunta, pero\" \/>\n\t<meta name=\"robots\" content=\"max-image-preview:large\" \/>\n\t<meta name=\"author\" content=\"El Digital de Asturias\"\/>\n\t<meta name=\"google-site-verification\" content=\"UA-38556648-1\" \/>\n\t<meta name=\"msvalidate.01\" content=\"7dfe9f3f1b24437ab69f4f2559babe99\" \/>\n\t<meta name=\"keywords\" content=\"actualidad\" \/>\n\t<link rel=\"canonical\" href=\"https:\/\/www.eldigitaldeasturias.com\/noticias\/el-parlament-pospone-la-decision-sobre-como-tramitar-las-tres-leyes-soberanistas\/\" \/>\n\t<meta name=\"generator\" content=\"All in One SEO Pro (AIOSEO) 4.9.6.2\" \/>\n\t\t<meta property=\"og:locale\" content=\"es_ES\" \/>\n\t\t<meta property=\"og:site_name\" content=\"El Digital de Asturias\" \/>\n\t\t<meta property=\"og:type\" content=\"article\" \/>\n\t\t<meta property=\"og:title\" content=\"El Parlament pospone la decisi\u00f3n sobre c\u00f3mo tramitar las tres leyes soberanistas - El Digital de Asturias\" \/>\n\t\t<meta property=\"og:description\" content=\"La Mesa del Parlament ha pospuesto este martes para su pr\u00f3xima reuni\u00f3n decidir c\u00f3mo se tramitan las tres leyes que el Govern y los soberanistas consideran clave para el inicio de proceso de independencia (hacienda propia, seguridad social y proceso constituyente), seg\u00fan fuentes parlamentarias. JxS\u00ed y la CUP propusieron tramitarlas con una ponencia conjunta, pero\" \/>\n\t\t<meta property=\"og:url\" content=\"https:\/\/www.eldigitaldeasturias.com\/noticias\/el-parlament-pospone-la-decision-sobre-como-tramitar-las-tres-leyes-soberanistas\/\" \/>\n\t\t<meta property=\"og:image\" content=\"https:\/\/www.eldigitaldeasturias.com\/noticias\/wp-content\/uploads\/2016\/02\/fotonoticia_20160223142619_800.jpg\" \/>\n\t\t<meta property=\"og:image:secure_url\" content=\"https:\/\/www.eldigitaldeasturias.com\/noticias\/wp-content\/uploads\/2016\/02\/fotonoticia_20160223142619_800.jpg\" \/>\n\t\t<meta property=\"og:image:width\" content=\"800\" \/>\n\t\t<meta property=\"og:image:height\" content=\"600\" \/>\n\t\t<meta property=\"article:tag\" content=\"actualidad\" \/>\n\t\t<meta property=\"article:published_time\" content=\"2016-02-24T04:30:21+00:00\" \/>\n\t\t<meta property=\"article:modified_time\" content=\"2016-02-24T04:30:21+00:00\" \/>\n\t\t<meta property=\"article:publisher\" content=\"https:\/\/facebook.com\/eldigitaldeasturias\" \/>\n\t\t<meta name=\"twitter:card\" content=\"summary_large_image\" \/>\n\t\t<meta name=\"twitter:title\" content=\"El Parlament pospone la decisi\u00f3n sobre c\u00f3mo tramitar las tres leyes soberanistas - El Digital de Asturias\" \/>\n\t\t<meta name=\"twitter:description\" content=\"La Mesa del Parlament ha pospuesto este martes para su pr\u00f3xima reuni\u00f3n decidir c\u00f3mo se tramitan las tres leyes que el Govern y los soberanistas consideran clave para el inicio de proceso de independencia (hacienda propia, seguridad social y proceso constituyente), seg\u00fan fuentes parlamentarias. JxS\u00ed y la CUP propusieron tramitarlas con una ponencia conjunta, pero\" \/>\n\t\t<meta name=\"twitter:image\" content=\"https:\/\/www.eldigitaldeasturias.com\/noticias\/wp-content\/uploads\/2016\/02\/fotonoticia_20160223142619_800.jpg\" \/>\n\t\t<meta name=\"twitter:label1\" content=\"Escrito por\" \/>\n\t\t<meta name=\"twitter:data1\" content=\"El Digital de Asturias\" \/>\n\t\t<meta name=\"twitter:label2\" content=\"Tiempo de lectura estimado\" \/>\n\t\t<meta name=\"twitter:data2\" content=\"3 minutos\" \/>\n\t\t<script type=\"application\/ld+json\" class=\"aioseo-schema\">\n\t\t\t{\"@context\":\"https:\\\/\\\/schema.org\",\"@graph\":[{\"@type\":\"BlogPosting\",\"@id\":\"https:\\\/\\\/www.eldigitaldeasturias.com\\\/noticias\\\/el-parlament-pospone-la-decision-sobre-como-tramitar-las-tres-leyes-soberanistas\\\/#blogposting\",\"name\":\"El Parlament pospone la decisi\\u00f3n sobre c\\u00f3mo tramitar las tres leyes soberanistas - El Digital de Asturias\",\"headline\":\"El Parlament pospone la decisi\\u00f3n sobre c\\u00f3mo tramitar las tres leyes soberanistas\",\"author\":{\"@id\":\"https:\\\/\\\/www.eldigitaldeasturias.com\\\/noticias\\\/author\\\/admin\\\/#author\"},\"publisher\":{\"@id\":\"https:\\\/\\\/www.eldigitaldeasturias.com\\\/noticias\\\/#organization\"},\"image\":{\"@type\":\"ImageObject\",\"url\":\"https:\\\/\\\/www.eldigitaldeasturias.com\\\/noticias\\\/wp-content\\\/uploads\\\/2016\\\/02\\\/fotonoticia_20160223142619_800.jpg\",\"width\":800,\"height\":600},\"datePublished\":\"2016-02-24T04:30:21+01:00\",\"dateModified\":\"2016-02-24T04:30:21+01:00\",\"inLanguage\":\"es-ES\",\"mainEntityOfPage\":{\"@id\":\"https:\\\/\\\/www.eldigitaldeasturias.com\\\/noticias\\\/el-parlament-pospone-la-decision-sobre-como-tramitar-las-tres-leyes-soberanistas\\\/#webpage\"},\"isPartOf\":{\"@id\":\"https:\\\/\\\/www.eldigitaldeasturias.com\\\/noticias\\\/el-parlament-pospone-la-decision-sobre-como-tramitar-las-tres-leyes-soberanistas\\\/#webpage\"},\"articleSection\":\"Actualidad\"},{\"@type\":\"BreadcrumbList\",\"@id\":\"https:\\\/\\\/www.eldigitaldeasturias.com\\\/noticias\\\/el-parlament-pospone-la-decision-sobre-como-tramitar-las-tres-leyes-soberanistas\\\/#breadcrumblist\",\"itemListElement\":[{\"@type\":\"ListItem\",\"@id\":\"https:\\\/\\\/www.eldigitaldeasturias.com\\\/noticias#listItem\",\"position\":1,\"name\":\"Home\",\"item\":\"https:\\\/\\\/www.eldigitaldeasturias.com\\\/noticias\",\"nextItem\":{\"@type\":\"ListItem\",\"@id\":\"https:\\\/\\\/www.eldigitaldeasturias.com\\\/noticias\\\/category\\\/actualidad\\\/#listItem\",\"name\":\"Actualidad\"}},{\"@type\":\"ListItem\",\"@id\":\"https:\\\/\\\/www.eldigitaldeasturias.com\\\/noticias\\\/category\\\/actualidad\\\/#listItem\",\"position\":2,\"name\":\"Actualidad\",\"item\":\"https:\\\/\\\/www.eldigitaldeasturias.com\\\/noticias\\\/category\\\/actualidad\\\/\",\"nextItem\":{\"@type\":\"ListItem\",\"@id\":\"https:\\\/\\\/www.eldigitaldeasturias.com\\\/noticias\\\/el-parlament-pospone-la-decision-sobre-como-tramitar-las-tres-leyes-soberanistas\\\/#listItem\",\"name\":\"El Parlament pospone la decisi\\u00f3n sobre c\\u00f3mo tramitar las tres leyes soberanistas\"},\"previousItem\":{\"@type\":\"ListItem\",\"@id\":\"https:\\\/\\\/www.eldigitaldeasturias.com\\\/noticias#listItem\",\"name\":\"Home\"}},{\"@type\":\"ListItem\",\"@id\":\"https:\\\/\\\/www.eldigitaldeasturias.com\\\/noticias\\\/el-parlament-pospone-la-decision-sobre-como-tramitar-las-tres-leyes-soberanistas\\\/#listItem\",\"position\":3,\"name\":\"El Parlament pospone la decisi\\u00f3n sobre c\\u00f3mo tramitar las tres leyes soberanistas\",\"previousItem\":{\"@type\":\"ListItem\",\"@id\":\"https:\\\/\\\/www.eldigitaldeasturias.com\\\/noticias\\\/category\\\/actualidad\\\/#listItem\",\"name\":\"Actualidad\"}}]},{\"@type\":\"Organization\",\"@id\":\"https:\\\/\\\/www.eldigitaldeasturias.com\\\/noticias\\\/#organization\",\"name\":\"El Digital de Asturias\",\"description\":\"Hemeroteca\",\"url\":\"https:\\\/\\\/www.eldigitaldeasturias.com\\\/noticias\\\/\",\"email\":\"info@eldigitaldeasturias.com\",\"telephone\":\"+34652131393\",\"logo\":{\"@type\":\"ImageObject\",\"url\":\"https:\\\/\\\/www.eldigitaldeasturias.com\\\/noticias\\\/wp-content\\\/uploads\\\/2020\\\/12\\\/EDA.jpg\",\"@id\":\"https:\\\/\\\/www.eldigitaldeasturias.com\\\/noticias\\\/el-parlament-pospone-la-decision-sobre-como-tramitar-las-tres-leyes-soberanistas\\\/#organizationLogo\",\"width\":649,\"height\":297},\"image\":{\"@id\":\"https:\\\/\\\/www.eldigitaldeasturias.com\\\/noticias\\\/el-parlament-pospone-la-decision-sobre-como-tramitar-las-tres-leyes-soberanistas\\\/#organizationLogo\"},\"sameAs\":[\"https:\\\/\\\/facebook.com\\\/eldigitaldeasturias\",\"https:\\\/\\\/www.youtube.com\\\/channel\\\/UCZP-2wLEB9Rv6erhFmqVnvg\"],\"address\":{\"@id\":\"https:\\\/\\\/www.eldigitaldeasturias.com\\\/noticias\\\/#postaladdress\",\"@type\":\"PostalAddress\",\"streetAddress\":\"san antonio 4,\",\"postalCode\":\"33430\",\"addressLocality\":\"Cand\\u00e1s\",\"addressRegion\":\"Asturias\",\"addressCountry\":\"ES\"}},{\"@type\":\"Person\",\"@id\":\"https:\\\/\\\/www.eldigitaldeasturias.com\\\/noticias\\\/author\\\/admin\\\/#author\",\"url\":\"https:\\\/\\\/www.eldigitaldeasturias.com\\\/noticias\\\/author\\\/admin\\\/\",\"name\":\"El Digital de Asturias\",\"image\":{\"@type\":\"ImageObject\",\"@id\":\"https:\\\/\\\/www.eldigitaldeasturias.com\\\/noticias\\\/el-parlament-pospone-la-decision-sobre-como-tramitar-las-tres-leyes-soberanistas\\\/#authorImage\",\"url\":\"https:\\\/\\\/www.eldigitaldeasturias.com\\\/noticias\\\/wp-content\\\/litespeed\\\/avatar\\\/18677e78aa0546b92d9dbf31ec7d7668.jpg?ver=1777290358\",\"width\":96,\"height\":96,\"caption\":\"El Digital de Asturias\"}},{\"@type\":\"WebPage\",\"@id\":\"https:\\\/\\\/www.eldigitaldeasturias.com\\\/noticias\\\/el-parlament-pospone-la-decision-sobre-como-tramitar-las-tres-leyes-soberanistas\\\/#webpage\",\"url\":\"https:\\\/\\\/www.eldigitaldeasturias.com\\\/noticias\\\/el-parlament-pospone-la-decision-sobre-como-tramitar-las-tres-leyes-soberanistas\\\/\",\"name\":\"El Parlament pospone la decisi\\u00f3n sobre c\\u00f3mo tramitar las tres leyes soberanistas - El Digital de Asturias\",\"description\":\"La Mesa del Parlament ha pospuesto este martes para su pr\\u00f3xima reuni\\u00f3n decidir c\\u00f3mo se tramitan las tres leyes que el Govern y los soberanistas consideran clave para el inicio de proceso de independencia (hacienda propia, seguridad social y proceso constituyente), seg\\u00fan fuentes parlamentarias. JxS\\u00ed y la CUP propusieron tramitarlas con una ponencia conjunta, pero\",\"inLanguage\":\"es-ES\",\"isPartOf\":{\"@id\":\"https:\\\/\\\/www.eldigitaldeasturias.com\\\/noticias\\\/#website\"},\"breadcrumb\":{\"@id\":\"https:\\\/\\\/www.eldigitaldeasturias.com\\\/noticias\\\/el-parlament-pospone-la-decision-sobre-como-tramitar-las-tres-leyes-soberanistas\\\/#breadcrumblist\"},\"author\":{\"@id\":\"https:\\\/\\\/www.eldigitaldeasturias.com\\\/noticias\\\/author\\\/admin\\\/#author\"},\"creator\":{\"@id\":\"https:\\\/\\\/www.eldigitaldeasturias.com\\\/noticias\\\/author\\\/admin\\\/#author\"},\"image\":{\"@type\":\"ImageObject\",\"url\":\"https:\\\/\\\/www.eldigitaldeasturias.com\\\/noticias\\\/wp-content\\\/uploads\\\/2016\\\/02\\\/fotonoticia_20160223142619_800.jpg\",\"@id\":\"https:\\\/\\\/www.eldigitaldeasturias.com\\\/noticias\\\/el-parlament-pospone-la-decision-sobre-como-tramitar-las-tres-leyes-soberanistas\\\/#mainImage\",\"width\":800,\"height\":600},\"primaryImageOfPage\":{\"@id\":\"https:\\\/\\\/www.eldigitaldeasturias.com\\\/noticias\\\/el-parlament-pospone-la-decision-sobre-como-tramitar-las-tres-leyes-soberanistas\\\/#mainImage\"},\"datePublished\":\"2016-02-24T04:30:21+01:00\",\"dateModified\":\"2016-02-24T04:30:21+01:00\"},{\"@type\":\"WebSite\",\"@id\":\"https:\\\/\\\/www.eldigitaldeasturias.com\\\/noticias\\\/#website\",\"url\":\"https:\\\/\\\/www.eldigitaldeasturias.com\\\/noticias\\\/\",\"name\":\"El Digital de Asturias - Diario de actualidad y noticias\",\"alternateName\":\"El Digital de Asturias - Diario de actualidad y noticias\",\"description\":\"Hemeroteca\",\"inLanguage\":\"es-ES\",\"publisher\":{\"@id\":\"https:\\\/\\\/www.eldigitaldeasturias.com\\\/noticias\\\/#organization\"}}]}\n\t\t<\/script>\n\t\t<!-- All in One SEO Pro -->\r\n\t\t<title>El Parlament pospone la decisi\u00f3n sobre c\u00f3mo tramitar las tres leyes soberanistas - El Digital de Asturias<\/title>\n\n","aioseo_head_json":{"title":"El Parlament pospone la decisi\u00f3n sobre c\u00f3mo tramitar las tres leyes soberanistas - El Digital de Asturias","description":"La Mesa del Parlament ha pospuesto este martes para su pr\u00f3xima reuni\u00f3n decidir c\u00f3mo se tramitan las tres leyes que el Govern y los soberanistas consideran clave para el inicio de proceso de independencia (hacienda propia, seguridad social y proceso constituyente), seg\u00fan fuentes parlamentarias. JxS\u00ed y la CUP propusieron tramitarlas con una ponencia conjunta, pero","canonical_url":"https:\/\/www.eldigitaldeasturias.com\/noticias\/el-parlament-pospone-la-decision-sobre-como-tramitar-las-tres-leyes-soberanistas\/","robots":"max-image-preview:large","keywords":"actualidad","webmasterTools":{"google-site-verification":"UA-38556648-1","msvalidate.01":"7dfe9f3f1b24437ab69f4f2559babe99","miscellaneous":""},"schema":{"@context":"https:\/\/schema.org","@graph":[{"@type":"BlogPosting","@id":"https:\/\/www.eldigitaldeasturias.com\/noticias\/el-parlament-pospone-la-decision-sobre-como-tramitar-las-tres-leyes-soberanistas\/#blogposting","name":"El Parlament pospone la decisi\u00f3n sobre c\u00f3mo tramitar las tres leyes soberanistas - El Digital de Asturias","headline":"El Parlament pospone la decisi\u00f3n sobre c\u00f3mo tramitar las tres leyes soberanistas","author":{"@id":"https:\/\/www.eldigitaldeasturias.com\/noticias\/author\/admin\/#author"},"publisher":{"@id":"https:\/\/www.eldigitaldeasturias.com\/noticias\/#organization"},"image":{"@type":"ImageObject","url":"https:\/\/www.eldigitaldeasturias.com\/noticias\/wp-content\/uploads\/2016\/02\/fotonoticia_20160223142619_800.jpg","width":800,"height":600},"datePublished":"2016-02-24T04:30:21+01:00","dateModified":"2016-02-24T04:30:21+01:00","inLanguage":"es-ES","mainEntityOfPage":{"@id":"https:\/\/www.eldigitaldeasturias.com\/noticias\/el-parlament-pospone-la-decision-sobre-como-tramitar-las-tres-leyes-soberanistas\/#webpage"},"isPartOf":{"@id":"https:\/\/www.eldigitaldeasturias.com\/noticias\/el-parlament-pospone-la-decision-sobre-como-tramitar-las-tres-leyes-soberanistas\/#webpage"},"articleSection":"Actualidad"},{"@type":"BreadcrumbList","@id":"https:\/\/www.eldigitaldeasturias.com\/noticias\/el-parlament-pospone-la-decision-sobre-como-tramitar-las-tres-leyes-soberanistas\/#breadcrumblist","itemListElement":[{"@type":"ListItem","@id":"https:\/\/www.eldigitaldeasturias.com\/noticias#listItem","position":1,"name":"Home","item":"https:\/\/www.eldigitaldeasturias.com\/noticias","nextItem":{"@type":"ListItem","@id":"https:\/\/www.eldigitaldeasturias.com\/noticias\/category\/actualidad\/#listItem","name":"Actualidad"}},{"@type":"ListItem","@id":"https:\/\/www.eldigitaldeasturias.com\/noticias\/category\/actualidad\/#listItem","position":2,"name":"Actualidad","item":"https:\/\/www.eldigitaldeasturias.com\/noticias\/category\/actualidad\/","nextItem":{"@type":"ListItem","@id":"https:\/\/www.eldigitaldeasturias.com\/noticias\/el-parlament-pospone-la-decision-sobre-como-tramitar-las-tres-leyes-soberanistas\/#listItem","name":"El Parlament pospone la decisi\u00f3n sobre c\u00f3mo tramitar las tres leyes soberanistas"},"previousItem":{"@type":"ListItem","@id":"https:\/\/www.eldigitaldeasturias.com\/noticias#listItem","name":"Home"}},{"@type":"ListItem","@id":"https:\/\/www.eldigitaldeasturias.com\/noticias\/el-parlament-pospone-la-decision-sobre-como-tramitar-las-tres-leyes-soberanistas\/#listItem","position":3,"name":"El Parlament pospone la decisi\u00f3n sobre c\u00f3mo tramitar las tres leyes soberanistas","previousItem":{"@type":"ListItem","@id":"https:\/\/www.eldigitaldeasturias.com\/noticias\/category\/actualidad\/#listItem","name":"Actualidad"}}]},{"@type":"Organization","@id":"https:\/\/www.eldigitaldeasturias.com\/noticias\/#organization","name":"El Digital de Asturias","description":"Hemeroteca","url":"https:\/\/www.eldigitaldeasturias.com\/noticias\/","email":"info@eldigitaldeasturias.com","telephone":"+34652131393","logo":{"@type":"ImageObject","url":"https:\/\/www.eldigitaldeasturias.com\/noticias\/wp-content\/uploads\/2020\/12\/EDA.jpg","@id":"https:\/\/www.eldigitaldeasturias.com\/noticias\/el-parlament-pospone-la-decision-sobre-como-tramitar-las-tres-leyes-soberanistas\/#organizationLogo","width":649,"height":297},"image":{"@id":"https:\/\/www.eldigitaldeasturias.com\/noticias\/el-parlament-pospone-la-decision-sobre-como-tramitar-las-tres-leyes-soberanistas\/#organizationLogo"},"sameAs":["https:\/\/facebook.com\/eldigitaldeasturias","https:\/\/www.youtube.com\/channel\/UCZP-2wLEB9Rv6erhFmqVnvg"],"address":{"@id":"https:\/\/www.eldigitaldeasturias.com\/noticias\/#postaladdress","@type":"PostalAddress","streetAddress":"san antonio 4,","postalCode":"33430","addressLocality":"Cand\u00e1s","addressRegion":"Asturias","addressCountry":"ES"}},{"@type":"Person","@id":"https:\/\/www.eldigitaldeasturias.com\/noticias\/author\/admin\/#author","url":"https:\/\/www.eldigitaldeasturias.com\/noticias\/author\/admin\/","name":"El Digital de Asturias","image":{"@type":"ImageObject","@id":"https:\/\/www.eldigitaldeasturias.com\/noticias\/el-parlament-pospone-la-decision-sobre-como-tramitar-las-tres-leyes-soberanistas\/#authorImage","url":"https:\/\/www.eldigitaldeasturias.com\/noticias\/wp-content\/litespeed\/avatar\/18677e78aa0546b92d9dbf31ec7d7668.jpg?ver=1777290358","width":96,"height":96,"caption":"El Digital de Asturias"}},{"@type":"WebPage","@id":"https:\/\/www.eldigitaldeasturias.com\/noticias\/el-parlament-pospone-la-decision-sobre-como-tramitar-las-tres-leyes-soberanistas\/#webpage","url":"https:\/\/www.eldigitaldeasturias.com\/noticias\/el-parlament-pospone-la-decision-sobre-como-tramitar-las-tres-leyes-soberanistas\/","name":"El Parlament pospone la decisi\u00f3n sobre c\u00f3mo tramitar las tres leyes soberanistas - El Digital de Asturias","description":"La Mesa del Parlament ha pospuesto este martes para su pr\u00f3xima reuni\u00f3n decidir c\u00f3mo se tramitan las tres leyes que el Govern y los soberanistas consideran clave para el inicio de proceso de independencia (hacienda propia, seguridad social y proceso constituyente), seg\u00fan fuentes parlamentarias. JxS\u00ed y la CUP propusieron tramitarlas con una ponencia conjunta, pero","inLanguage":"es-ES","isPartOf":{"@id":"https:\/\/www.eldigitaldeasturias.com\/noticias\/#website"},"breadcrumb":{"@id":"https:\/\/www.eldigitaldeasturias.com\/noticias\/el-parlament-pospone-la-decision-sobre-como-tramitar-las-tres-leyes-soberanistas\/#breadcrumblist"},"author":{"@id":"https:\/\/www.eldigitaldeasturias.com\/noticias\/author\/admin\/#author"},"creator":{"@id":"https:\/\/www.eldigitaldeasturias.com\/noticias\/author\/admin\/#author"},"image":{"@type":"ImageObject","url":"https:\/\/www.eldigitaldeasturias.com\/noticias\/wp-content\/uploads\/2016\/02\/fotonoticia_20160223142619_800.jpg","@id":"https:\/\/www.eldigitaldeasturias.com\/noticias\/el-parlament-pospone-la-decision-sobre-como-tramitar-las-tres-leyes-soberanistas\/#mainImage","width":800,"height":600},"primaryImageOfPage":{"@id":"https:\/\/www.eldigitaldeasturias.com\/noticias\/el-parlament-pospone-la-decision-sobre-como-tramitar-las-tres-leyes-soberanistas\/#mainImage"},"datePublished":"2016-02-24T04:30:21+01:00","dateModified":"2016-02-24T04:30:21+01:00"},{"@type":"WebSite","@id":"https:\/\/www.eldigitaldeasturias.com\/noticias\/#website","url":"https:\/\/www.eldigitaldeasturias.com\/noticias\/","name":"El Digital de Asturias - Diario de actualidad y noticias","alternateName":"El Digital de Asturias - Diario de actualidad y noticias","description":"Hemeroteca","inLanguage":"es-ES","publisher":{"@id":"https:\/\/www.eldigitaldeasturias.com\/noticias\/#organization"}}]},"og:locale":"es_ES","og:site_name":"El Digital de Asturias","og:type":"article","og:title":"El Parlament pospone la decisi\u00f3n sobre c\u00f3mo tramitar las tres leyes soberanistas - El Digital de Asturias","og:description":"La Mesa del Parlament ha pospuesto este martes para su pr\u00f3xima reuni\u00f3n decidir c\u00f3mo se tramitan las tres leyes que el Govern y los soberanistas consideran clave para el inicio de proceso de independencia (hacienda propia, seguridad social y proceso constituyente), seg\u00fan fuentes parlamentarias. JxS\u00ed y la CUP propusieron tramitarlas con una ponencia conjunta, pero","og:url":"https:\/\/www.eldigitaldeasturias.com\/noticias\/el-parlament-pospone-la-decision-sobre-como-tramitar-las-tres-leyes-soberanistas\/","og:image":"https:\/\/www.eldigitaldeasturias.com\/noticias\/wp-content\/uploads\/2016\/02\/fotonoticia_20160223142619_800.jpg","og:image:secure_url":"https:\/\/www.eldigitaldeasturias.com\/noticias\/wp-content\/uploads\/2016\/02\/fotonoticia_20160223142619_800.jpg","og:image:width":800,"og:image:height":600,"article:tag":["actualidad"],"article:published_time":"2016-02-24T04:30:21+00:00","article:modified_time":"2016-02-24T04:30:21+00:00","article:publisher":"https:\/\/facebook.com\/eldigitaldeasturias","twitter:card":"summary_large_image","twitter:title":"El Parlament pospone la decisi\u00f3n sobre c\u00f3mo tramitar las tres leyes soberanistas - El Digital de Asturias","twitter:description":"La Mesa del Parlament ha pospuesto este martes para su pr\u00f3xima reuni\u00f3n decidir c\u00f3mo se tramitan las tres leyes que el Govern y los soberanistas consideran clave para el inicio de proceso de independencia (hacienda propia, seguridad social y proceso constituyente), seg\u00fan fuentes parlamentarias. JxS\u00ed y la CUP propusieron tramitarlas con una ponencia conjunta, pero","twitter:image":"https:\/\/www.eldigitaldeasturias.com\/noticias\/wp-content\/uploads\/2016\/02\/fotonoticia_20160223142619_800.jpg","twitter:label1":"Escrito por","twitter:data1":"El Digital de Asturias","twitter:label2":"Tiempo de lectura estimado","twitter:data2":"3 minutos"},"aioseo_meta_data":{"post_id":"861479","title":null,"description":null,"keywords":null,"keyphrases":null,"primary_term":null,"canonical_url":null,"og_title":null,"og_description":null,"og_object_type":"default","og_image_type":"default","og_image_url":null,"og_image_width":null,"og_image_height":null,"og_image_custom_url":null,"og_image_custom_fields":null,"og_video":null,"og_custom_url":null,"og_article_section":null,"og_article_tags":null,"twitter_use_og":false,"twitter_card":"default","twitter_image_type":"default","twitter_image_url":null,"twitter_image_custom_url":null,"twitter_image_custom_fields":null,"twitter_title":null,"twitter_description":null,"schema":{"blockGraphs":[],"customGraphs":[],"default":{"data":{"Article":[],"Course":[],"Dataset":[],"FAQPage":[],"Movie":[],"Person":[],"Product":[],"ProductReview":[],"Car":[],"Recipe":[],"Service":[],"SoftwareApplication":[],"WebPage":[]},"graphName":"","isEnabled":true},"graphs":[],"defaultGraph":"","defaultPostTypeGraph":""},"schema_type":null,"schema_type_options":null,"pillar_content":false,"robots_default":true,"robots_noindex":false,"robots_noarchive":false,"robots_nosnippet":false,"robots_nofollow":false,"robots_noimageindex":false,"robots_noodp":false,"robots_notranslate":false,"robots_max_snippet":null,"robots_max_videopreview":null,"robots_max_imagepreview":"large","priority":null,"frequency":null,"local_seo":null,"seo_analyzer_scan_date":"2025-12-10 21:23:11","breadcrumb_settings":null,"limit_modified_date":false,"open_ai":null,"ai":null,"created":"2021-01-22 18:07:33","updated":"2025-12-10 21:23:11"},"aioseo_breadcrumb":"<div class=\"aioseo-breadcrumbs\"><span class=\"aioseo-breadcrumb\">\n\t<a href=\"https:\/\/www.eldigitaldeasturias.com\/noticias\" title=\"Home\">Home<\/a>\n<\/span><span class=\"aioseo-breadcrumb-separator\">\u2013<\/span><span class=\"aioseo-breadcrumb\">\n\t<a href=\"https:\/\/www.eldigitaldeasturias.com\/noticias\/category\/actualidad\/\" title=\"Actualidad\">Actualidad<\/a>\n<\/span><span class=\"aioseo-breadcrumb-separator\">\u2013<\/span><span class=\"aioseo-breadcrumb\">\n\t<a href=\"https:\/\/www.eldigitaldeasturias.com\/noticias\/el-parlament-pospone-la-decision-sobre-como-tramitar-las-tres-leyes-soberanistas\/\" title=\"El Parlament pospone la decisi\u00f3n sobre c\u00f3mo tramitar las tres leyes soberanistas\">El Parlament pospone la decisi\u00f3n sobre c\u00f3mo tramitar las tres leyes soberanistas<\/a>\n<\/span><\/div>","aioseo_breadcrumb_json":[{"label":"Home","link":"https:\/\/www.eldigitaldeasturias.com\/noticias"},{"label":"Actualidad","link":"https:\/\/www.eldigitaldeasturias.com\/noticias\/category\/actualidad\/"},{"label":"El Parlament pospone la decisi\u00f3n sobre c\u00f3mo tramitar las tres leyes soberanistas","link":"https:\/\/www.eldigitaldeasturias.com\/noticias\/el-parlament-pospone-la-decision-sobre-como-tramitar-las-tres-leyes-soberanistas\/"}],"_links":{"self":[{"href":"https:\/\/www.eldigitaldeasturias.com\/noticias\/wp-json\/wp\/v2\/posts\/861479","targetHints":{"allow":["GET"]}}],"collection":[{"href":"https:\/\/www.eldigitaldeasturias.com\/noticias\/wp-json\/wp\/v2\/posts"}],"about":[{"href":"https:\/\/www.eldigitaldeasturias.com\/noticias\/wp-json\/wp\/v2\/types\/post"}],"author":[{"embeddable":true,"href":"https:\/\/www.eldigitaldeasturias.com\/noticias\/wp-json\/wp\/v2\/users\/1"}],"replies":[{"embeddable":true,"href":"https:\/\/www.eldigitaldeasturias.com\/noticias\/wp-json\/wp\/v2\/comments?post=861479"}],"version-history":[{"count":0,"href":"https:\/\/www.eldigitaldeasturias.com\/noticias\/wp-json\/wp\/v2\/posts\/861479\/revisions"}],"wp:featuredmedia":[{"embeddable":true,"href":"https:\/\/www.eldigitaldeasturias.com\/noticias\/wp-json\/wp\/v2\/media\/861480"}],"wp:attachment":[{"href":"https:\/\/www.eldigitaldeasturias.com\/noticias\/wp-json\/wp\/v2\/media?parent=861479"}],"wp:term":[{"taxonomy":"category","embeddable":true,"href":"https:\/\/www.eldigitaldeasturias.com\/noticias\/wp-json\/wp\/v2\/categories?post=861479"},{"taxonomy":"post_tag","embeddable":true,"href":"https:\/\/www.eldigitaldeasturias.com\/noticias\/wp-json\/wp\/v2\/tags?post=861479"}],"curies":[{"name":"wp","href":"https:\/\/api.w.org\/{rel}","templated":true}]}}