{"id":861476,"date":"2016-02-24T04:28:58","date_gmt":"2016-02-24T04:28:58","guid":{"rendered":"http:\/\/www.eldigitaldeasturias.com\/noticias\/?p=861476"},"modified":"2016-02-24T04:28:58","modified_gmt":"2016-02-24T04:28:58","slug":"el-senado-remite-al-supremo-el-escrito-del-juzgado-de-valencia-sobre-rita-barbera","status":"publish","type":"post","link":"https:\/\/www.eldigitaldeasturias.com\/noticias\/el-senado-remite-al-supremo-el-escrito-del-juzgado-de-valencia-sobre-rita-barbera\/","title":{"rendered":"El Senado remite al Supremo el escrito del Juzgado de Valencia sobre Rita Barber\u00e1"},"content":{"rendered":"<p><img loading=\"lazy\" decoding=\"async\" class=\"alignleft size-medium wp-image-861477\" src=\"https:\/\/www.eldigitaldeasturias.com\/noticias\/wp-content\/uploads\/2016\/02\/fotonoticia_20160223135236_800-360x239.jpg\" alt=\"fotonoticia_20160223135236_800\" width=\"360\" height=\"239\" srcset=\"https:\/\/www.eldigitaldeasturias.com\/noticias\/wp-content\/uploads\/2016\/02\/fotonoticia_20160223135236_800-360x239.jpg 360w, https:\/\/www.eldigitaldeasturias.com\/noticias\/wp-content\/uploads\/2016\/02\/fotonoticia_20160223135236_800-768x511.jpg 768w, https:\/\/www.eldigitaldeasturias.com\/noticias\/wp-content\/uploads\/2016\/02\/fotonoticia_20160223135236_800-650x432.jpg 650w, https:\/\/www.eldigitaldeasturias.com\/noticias\/wp-content\/uploads\/2016\/02\/fotonoticia_20160223135236_800-84x55.jpg 84w, https:\/\/www.eldigitaldeasturias.com\/noticias\/wp-content\/uploads\/2016\/02\/fotonoticia_20160223135236_800-49x32.jpg 49w, https:\/\/www.eldigitaldeasturias.com\/noticias\/wp-content\/uploads\/2016\/02\/fotonoticia_20160223135236_800.jpg 800w\" sizes=\"auto, (max-width: 360px) 100vw, 360px\" \/>El Senado va a reenviar al Tribunal Supremo el escrito que ha recibido del Juzgado de Instrucci\u00f3n 18 de Valencia en el que pregunta por la condici\u00f3n de senadora de Rita Barber\u00e1, al entender que debi\u00f3 enviarlo directamente al alto tribunal para conocer si la exalcaldesa est\u00e1 o no aforada.<\/p>\n<p>El vicepresidente primero de la Mesa del Senado, Pedro Sanz, ha explicado que \u00abno corresponde al Senado contestar\u00bb al juzgado valenciano, sino que es el Supremo el encargado de ese tr\u00e1mite. El alto tribunal cuenta con la lista actualizada de diputados y senadores puesto que le corresponde a \u00e9l llevar cualquier causa en la que estos est\u00e9n implicados.<\/p>\n<p>Por el momento se trata de una cuesti\u00f3n de procedimiento. En los pr\u00f3ximos d\u00edas, el Supremo recibir\u00e1 el escrito del Senado y tendr\u00e1 que responderle al juzgado valenciano que, efectivamente, Barber\u00e1 est\u00e1 aforada. Se trata del juzgado que investiga los casos Imelsa y Taula, que si cree que hay indicios de delito por parte de Barber\u00e1, deber\u00e1 remitir la causa al alto tribunal.<\/p>\n<p>Ser\u00e1 entonces, y pueden pasar semanas, cuando el Supremo solicite el suplicatorio al Senado, la retirada temporal del aforamiento para el exalcaldesa, un paso imprescindible para que un parlamentario nacional pueda ser juzgado.<\/p>\n<p>MIEMBRO DE LA DIPUTACI\u00d3N PERMANENTE<\/p>\n<p>Si llega la petici\u00f3n del Supremo, ser\u00e1 trasladada a la Comisi\u00f3n de Suplicatorios para que la estudie. Este \u00f3rgano pedir\u00e1 a Barber\u00e1 que comparezca para dar explicaciones, aunque no es obligatorio que lo haga, y aprobar\u00e1 despu\u00e9s una propuesta a favor o en contra de retirarle el aforamiento. Ser\u00e1 el Pleno el que la apruebe definitivamente.<\/p>\n<p>Todos estos tr\u00e1mites pueden producirse con un gobierno ya formado y el Parlamento a pleno rendimiento, pero puede tambi\u00e9n darse el caso de que la investidura fracase, se disuelvan las Cortes a principios de mayo y se celebren de nuevo elecciones en junio. Ser\u00eda entonces la Diputaci\u00f3n Permanente la que tendr\u00eda que resolver el suplicatorio, puesto que es el \u00fanico \u00f3rgano que funciona en periodo electoral.<\/p>\n<p>Se da la casualidad de que Barber\u00e1 es miembro de este \u00f3rgano. Seg\u00fan sostiene el Senado, s\u00f3lo los componentes de la Diputaci\u00f3n mantienen el aforamiento a\u00fan con las Cortes disueltas, por lo que ser\u00eda necesario que se aprobara el suplicatorio.<\/p>\n<p>La exalcaldesa de Valencia ya form\u00f3 parte de la Diputaci\u00f3n Permanente en la pasada legislatura, desde que lleg\u00f3 al Senado tras perder las elecciones municipales de mayo. La oposici\u00f3n censura que el PP blinda de esta manera a Rita Barber\u00e1, que prolonga su aforamiento, mientras su partido lo niega puesto que si ha de ser juzgada, recalca, lo ser\u00e1 en cualquier caso, s\u00f3lo que ante otra instancia, el Supremo.<\/p>\n<p>SUPUESTO BLANQUEO<\/p>\n<p>El nombre de Rita Barber\u00e1 sali\u00f3 a relucir desde el primer momento en el que se destap\u00f3 p\u00fablicamente la Operaci\u00f3n Taula, a finales del pasado mes de enero, un caso relacionado inicialmente con presuntas irregularidades en contrataciones p\u00fablicas de la empresa Imelsa, de la Diputaci\u00f3n de Valencia; y posteriormente con un presunto delito de blanqueo del PP, por el que han acabado investigadas &#8211;imputadas antes de la reforma de la LeCrim&#8211; 49 personas entre concejales, exediles, asesores y exasesores del PP valenciano. El juzgado investiga ambas piezas por separado.<\/p>\n<p>Los investigadores estaban esperando a que terminen de declarar los investigados en la pieza del supuesto blanqueo del PP &#8211;los interrogatorios concluyeron este lunes&#8211; para determinar si con sus testimonios, documentos y grabaciones que obran en la causa pueden pedir la imputaci\u00f3n de Barber\u00e1, Francisco Camps y Gerardo Camps.<\/p>\n<p>Tras estudiarlo, ser\u00e1 el fiscal el que tenga que elevar un informe a la titular del juzgado valenciano pidiendo que el procedimiento se remita al Tribunal Supremo al hallar indicios de delito contra personas aforadas. Este paso todav\u00eda no se ha producido, aunque s\u00ed podr\u00eda registrarse en los pr\u00f3ximos meses, han confirmado a Europa Press fuentes conocedoras del caso.<\/p>\n","protected":false},"excerpt":{"rendered":"<p>El Senado va a reenviar al Tribunal Supremo el escrito que ha recibido del Juzgado de Instrucci\u00f3n 18 de Valencia en el que pregunta por la condici\u00f3n de senadora de Rita Barber\u00e1, al entender que debi\u00f3 enviarlo directamente al alto tribunal para conocer si la exalcaldesa est\u00e1 o no aforada. El vicepresidente primero de la [&hellip;]<\/p>\n","protected":false},"author":1,"featured_media":861477,"comment_status":"closed","ping_status":"closed","sticky":false,"template":"","format":"standard","meta":{"footnotes":""},"categories":[5],"tags":[],"class_list":["post-861476","post","type-post","status-publish","format-standard","has-post-thumbnail","hentry","category-sucesos"],"aioseo_notices":[],"aioseo_head":"\n\t\t<!-- All in One SEO Pro 4.9.6.2 - aioseo.com -->\n\t<meta name=\"description\" content=\"El Senado va a reenviar al Tribunal Supremo el escrito que ha recibido del Juzgado de Instrucci\u00f3n 18 de Valencia en el que pregunta por la condici\u00f3n de senadora de Rita Barber\u00e1, al entender que debi\u00f3 enviarlo directamente al alto tribunal para conocer si la exalcaldesa est\u00e1 o no aforada. El vicepresidente primero de la\" \/>\n\t<meta name=\"robots\" content=\"max-image-preview:large\" \/>\n\t<meta name=\"author\" content=\"El Digital de Asturias\"\/>\n\t<meta name=\"google-site-verification\" content=\"UA-38556648-1\" \/>\n\t<meta name=\"msvalidate.01\" content=\"7dfe9f3f1b24437ab69f4f2559babe99\" \/>\n\t<meta name=\"keywords\" content=\"sucesos\" \/>\n\t<link rel=\"canonical\" href=\"https:\/\/www.eldigitaldeasturias.com\/noticias\/el-senado-remite-al-supremo-el-escrito-del-juzgado-de-valencia-sobre-rita-barbera\/\" \/>\n\t<meta name=\"generator\" content=\"All in One SEO Pro (AIOSEO) 4.9.6.2\" \/>\n\t\t<meta property=\"og:locale\" content=\"es_ES\" \/>\n\t\t<meta property=\"og:site_name\" content=\"El Digital de Asturias\" \/>\n\t\t<meta property=\"og:type\" content=\"article\" \/>\n\t\t<meta property=\"og:title\" content=\"El Senado remite al Supremo el escrito del Juzgado de Valencia sobre Rita Barber\u00e1 - El Digital de Asturias\" \/>\n\t\t<meta property=\"og:description\" content=\"El Senado va a reenviar al Tribunal Supremo el escrito que ha recibido del Juzgado de Instrucci\u00f3n 18 de Valencia en el que pregunta por la condici\u00f3n de senadora de Rita Barber\u00e1, al entender que debi\u00f3 enviarlo directamente al alto tribunal para conocer si la exalcaldesa est\u00e1 o no aforada. El vicepresidente primero de la\" \/>\n\t\t<meta property=\"og:url\" content=\"https:\/\/www.eldigitaldeasturias.com\/noticias\/el-senado-remite-al-supremo-el-escrito-del-juzgado-de-valencia-sobre-rita-barbera\/\" \/>\n\t\t<meta property=\"og:image\" content=\"https:\/\/www.eldigitaldeasturias.com\/noticias\/wp-content\/uploads\/2016\/02\/fotonoticia_20160223135236_800.jpg\" \/>\n\t\t<meta property=\"og:image:secure_url\" content=\"https:\/\/www.eldigitaldeasturias.com\/noticias\/wp-content\/uploads\/2016\/02\/fotonoticia_20160223135236_800.jpg\" \/>\n\t\t<meta property=\"og:image:width\" content=\"800\" \/>\n\t\t<meta property=\"og:image:height\" content=\"532\" \/>\n\t\t<meta property=\"article:tag\" content=\"sucesos\" \/>\n\t\t<meta property=\"article:published_time\" content=\"2016-02-24T04:28:58+00:00\" \/>\n\t\t<meta property=\"article:modified_time\" content=\"2016-02-24T04:28:58+00:00\" \/>\n\t\t<meta property=\"article:publisher\" content=\"https:\/\/facebook.com\/eldigitaldeasturias\" \/>\n\t\t<meta name=\"twitter:card\" content=\"summary_large_image\" \/>\n\t\t<meta name=\"twitter:title\" content=\"El Senado remite al Supremo el escrito del Juzgado de Valencia sobre Rita Barber\u00e1 - El Digital de Asturias\" \/>\n\t\t<meta name=\"twitter:description\" content=\"El Senado va a reenviar al Tribunal Supremo el escrito que ha recibido del Juzgado de Instrucci\u00f3n 18 de Valencia en el que pregunta por la condici\u00f3n de senadora de Rita Barber\u00e1, al entender que debi\u00f3 enviarlo directamente al alto tribunal para conocer si la exalcaldesa est\u00e1 o no aforada. El vicepresidente primero de la\" \/>\n\t\t<meta name=\"twitter:image\" content=\"https:\/\/www.eldigitaldeasturias.com\/noticias\/wp-content\/uploads\/2016\/02\/fotonoticia_20160223135236_800.jpg\" \/>\n\t\t<meta name=\"twitter:label1\" content=\"Escrito por\" \/>\n\t\t<meta name=\"twitter:data1\" content=\"El Digital de Asturias\" \/>\n\t\t<meta name=\"twitter:label2\" content=\"Tiempo de lectura estimado\" \/>\n\t\t<meta name=\"twitter:data2\" content=\"3 minutos\" \/>\n\t\t<script type=\"application\/ld+json\" class=\"aioseo-schema\">\n\t\t\t{\"@context\":\"https:\\\/\\\/schema.org\",\"@graph\":[{\"@type\":\"BlogPosting\",\"@id\":\"https:\\\/\\\/www.eldigitaldeasturias.com\\\/noticias\\\/el-senado-remite-al-supremo-el-escrito-del-juzgado-de-valencia-sobre-rita-barbera\\\/#blogposting\",\"name\":\"El Senado remite al Supremo el escrito del Juzgado de Valencia sobre Rita Barber\\u00e1 - El Digital de Asturias\",\"headline\":\"El Senado remite al Supremo el escrito del Juzgado de Valencia sobre Rita Barber\\u00e1\",\"author\":{\"@id\":\"https:\\\/\\\/www.eldigitaldeasturias.com\\\/noticias\\\/author\\\/admin\\\/#author\"},\"publisher\":{\"@id\":\"https:\\\/\\\/www.eldigitaldeasturias.com\\\/noticias\\\/#organization\"},\"image\":{\"@type\":\"ImageObject\",\"url\":\"https:\\\/\\\/www.eldigitaldeasturias.com\\\/noticias\\\/wp-content\\\/uploads\\\/2016\\\/02\\\/fotonoticia_20160223135236_800.jpg\",\"width\":800,\"height\":532},\"datePublished\":\"2016-02-24T04:28:58+01:00\",\"dateModified\":\"2016-02-24T04:28:58+01:00\",\"inLanguage\":\"es-ES\",\"mainEntityOfPage\":{\"@id\":\"https:\\\/\\\/www.eldigitaldeasturias.com\\\/noticias\\\/el-senado-remite-al-supremo-el-escrito-del-juzgado-de-valencia-sobre-rita-barbera\\\/#webpage\"},\"isPartOf\":{\"@id\":\"https:\\\/\\\/www.eldigitaldeasturias.com\\\/noticias\\\/el-senado-remite-al-supremo-el-escrito-del-juzgado-de-valencia-sobre-rita-barbera\\\/#webpage\"},\"articleSection\":\"Sucesos\"},{\"@type\":\"BreadcrumbList\",\"@id\":\"https:\\\/\\\/www.eldigitaldeasturias.com\\\/noticias\\\/el-senado-remite-al-supremo-el-escrito-del-juzgado-de-valencia-sobre-rita-barbera\\\/#breadcrumblist\",\"itemListElement\":[{\"@type\":\"ListItem\",\"@id\":\"https:\\\/\\\/www.eldigitaldeasturias.com\\\/noticias#listItem\",\"position\":1,\"name\":\"Home\",\"item\":\"https:\\\/\\\/www.eldigitaldeasturias.com\\\/noticias\",\"nextItem\":{\"@type\":\"ListItem\",\"@id\":\"https:\\\/\\\/www.eldigitaldeasturias.com\\\/noticias\\\/category\\\/sucesos\\\/#listItem\",\"name\":\"Sucesos\"}},{\"@type\":\"ListItem\",\"@id\":\"https:\\\/\\\/www.eldigitaldeasturias.com\\\/noticias\\\/category\\\/sucesos\\\/#listItem\",\"position\":2,\"name\":\"Sucesos\",\"item\":\"https:\\\/\\\/www.eldigitaldeasturias.com\\\/noticias\\\/category\\\/sucesos\\\/\",\"nextItem\":{\"@type\":\"ListItem\",\"@id\":\"https:\\\/\\\/www.eldigitaldeasturias.com\\\/noticias\\\/el-senado-remite-al-supremo-el-escrito-del-juzgado-de-valencia-sobre-rita-barbera\\\/#listItem\",\"name\":\"El Senado remite al Supremo el escrito del Juzgado de Valencia sobre Rita Barber\\u00e1\"},\"previousItem\":{\"@type\":\"ListItem\",\"@id\":\"https:\\\/\\\/www.eldigitaldeasturias.com\\\/noticias#listItem\",\"name\":\"Home\"}},{\"@type\":\"ListItem\",\"@id\":\"https:\\\/\\\/www.eldigitaldeasturias.com\\\/noticias\\\/el-senado-remite-al-supremo-el-escrito-del-juzgado-de-valencia-sobre-rita-barbera\\\/#listItem\",\"position\":3,\"name\":\"El Senado remite al Supremo el escrito del Juzgado de Valencia sobre Rita Barber\\u00e1\",\"previousItem\":{\"@type\":\"ListItem\",\"@id\":\"https:\\\/\\\/www.eldigitaldeasturias.com\\\/noticias\\\/category\\\/sucesos\\\/#listItem\",\"name\":\"Sucesos\"}}]},{\"@type\":\"Organization\",\"@id\":\"https:\\\/\\\/www.eldigitaldeasturias.com\\\/noticias\\\/#organization\",\"name\":\"El Digital de Asturias\",\"description\":\"Hemeroteca\",\"url\":\"https:\\\/\\\/www.eldigitaldeasturias.com\\\/noticias\\\/\",\"email\":\"info@eldigitaldeasturias.com\",\"telephone\":\"+34652131393\",\"logo\":{\"@type\":\"ImageObject\",\"url\":\"https:\\\/\\\/www.eldigitaldeasturias.com\\\/noticias\\\/wp-content\\\/uploads\\\/2020\\\/12\\\/EDA.jpg\",\"@id\":\"https:\\\/\\\/www.eldigitaldeasturias.com\\\/noticias\\\/el-senado-remite-al-supremo-el-escrito-del-juzgado-de-valencia-sobre-rita-barbera\\\/#organizationLogo\",\"width\":649,\"height\":297},\"image\":{\"@id\":\"https:\\\/\\\/www.eldigitaldeasturias.com\\\/noticias\\\/el-senado-remite-al-supremo-el-escrito-del-juzgado-de-valencia-sobre-rita-barbera\\\/#organizationLogo\"},\"sameAs\":[\"https:\\\/\\\/facebook.com\\\/eldigitaldeasturias\",\"https:\\\/\\\/www.youtube.com\\\/channel\\\/UCZP-2wLEB9Rv6erhFmqVnvg\"],\"address\":{\"@id\":\"https:\\\/\\\/www.eldigitaldeasturias.com\\\/noticias\\\/#postaladdress\",\"@type\":\"PostalAddress\",\"streetAddress\":\"san antonio 4,\",\"postalCode\":\"33430\",\"addressLocality\":\"Cand\\u00e1s\",\"addressRegion\":\"Asturias\",\"addressCountry\":\"ES\"}},{\"@type\":\"Person\",\"@id\":\"https:\\\/\\\/www.eldigitaldeasturias.com\\\/noticias\\\/author\\\/admin\\\/#author\",\"url\":\"https:\\\/\\\/www.eldigitaldeasturias.com\\\/noticias\\\/author\\\/admin\\\/\",\"name\":\"El Digital de Asturias\",\"image\":{\"@type\":\"ImageObject\",\"@id\":\"https:\\\/\\\/www.eldigitaldeasturias.com\\\/noticias\\\/el-senado-remite-al-supremo-el-escrito-del-juzgado-de-valencia-sobre-rita-barbera\\\/#authorImage\",\"url\":\"https:\\\/\\\/www.eldigitaldeasturias.com\\\/noticias\\\/wp-content\\\/litespeed\\\/avatar\\\/18677e78aa0546b92d9dbf31ec7d7668.jpg?ver=1777290358\",\"width\":96,\"height\":96,\"caption\":\"El Digital de Asturias\"}},{\"@type\":\"WebPage\",\"@id\":\"https:\\\/\\\/www.eldigitaldeasturias.com\\\/noticias\\\/el-senado-remite-al-supremo-el-escrito-del-juzgado-de-valencia-sobre-rita-barbera\\\/#webpage\",\"url\":\"https:\\\/\\\/www.eldigitaldeasturias.com\\\/noticias\\\/el-senado-remite-al-supremo-el-escrito-del-juzgado-de-valencia-sobre-rita-barbera\\\/\",\"name\":\"El Senado remite al Supremo el escrito del Juzgado de Valencia sobre Rita Barber\\u00e1 - El Digital de Asturias\",\"description\":\"El Senado va a reenviar al Tribunal Supremo el escrito que ha recibido del Juzgado de Instrucci\\u00f3n 18 de Valencia en el que pregunta por la condici\\u00f3n de senadora de Rita Barber\\u00e1, al entender que debi\\u00f3 enviarlo directamente al alto tribunal para conocer si la exalcaldesa est\\u00e1 o no aforada. El vicepresidente primero de la\",\"inLanguage\":\"es-ES\",\"isPartOf\":{\"@id\":\"https:\\\/\\\/www.eldigitaldeasturias.com\\\/noticias\\\/#website\"},\"breadcrumb\":{\"@id\":\"https:\\\/\\\/www.eldigitaldeasturias.com\\\/noticias\\\/el-senado-remite-al-supremo-el-escrito-del-juzgado-de-valencia-sobre-rita-barbera\\\/#breadcrumblist\"},\"author\":{\"@id\":\"https:\\\/\\\/www.eldigitaldeasturias.com\\\/noticias\\\/author\\\/admin\\\/#author\"},\"creator\":{\"@id\":\"https:\\\/\\\/www.eldigitaldeasturias.com\\\/noticias\\\/author\\\/admin\\\/#author\"},\"image\":{\"@type\":\"ImageObject\",\"url\":\"https:\\\/\\\/www.eldigitaldeasturias.com\\\/noticias\\\/wp-content\\\/uploads\\\/2016\\\/02\\\/fotonoticia_20160223135236_800.jpg\",\"@id\":\"https:\\\/\\\/www.eldigitaldeasturias.com\\\/noticias\\\/el-senado-remite-al-supremo-el-escrito-del-juzgado-de-valencia-sobre-rita-barbera\\\/#mainImage\",\"width\":800,\"height\":532},\"primaryImageOfPage\":{\"@id\":\"https:\\\/\\\/www.eldigitaldeasturias.com\\\/noticias\\\/el-senado-remite-al-supremo-el-escrito-del-juzgado-de-valencia-sobre-rita-barbera\\\/#mainImage\"},\"datePublished\":\"2016-02-24T04:28:58+01:00\",\"dateModified\":\"2016-02-24T04:28:58+01:00\"},{\"@type\":\"WebSite\",\"@id\":\"https:\\\/\\\/www.eldigitaldeasturias.com\\\/noticias\\\/#website\",\"url\":\"https:\\\/\\\/www.eldigitaldeasturias.com\\\/noticias\\\/\",\"name\":\"El Digital de Asturias - Diario de actualidad y noticias\",\"alternateName\":\"El Digital de Asturias - Diario de actualidad y noticias\",\"description\":\"Hemeroteca\",\"inLanguage\":\"es-ES\",\"publisher\":{\"@id\":\"https:\\\/\\\/www.eldigitaldeasturias.com\\\/noticias\\\/#organization\"}}]}\n\t\t<\/script>\n\t\t<!-- All in One SEO Pro -->\r\n\t\t<title>El Senado remite al Supremo el escrito del Juzgado de Valencia sobre Rita Barber\u00e1 - El Digital de Asturias<\/title>\n\n","aioseo_head_json":{"title":"El Senado remite al Supremo el escrito del Juzgado de Valencia sobre Rita Barber\u00e1 - El Digital de Asturias","description":"El Senado va a reenviar al Tribunal Supremo el escrito que ha recibido del Juzgado de Instrucci\u00f3n 18 de Valencia en el que pregunta por la condici\u00f3n de senadora de Rita Barber\u00e1, al entender que debi\u00f3 enviarlo directamente al alto tribunal para conocer si la exalcaldesa est\u00e1 o no aforada. El vicepresidente primero de la","canonical_url":"https:\/\/www.eldigitaldeasturias.com\/noticias\/el-senado-remite-al-supremo-el-escrito-del-juzgado-de-valencia-sobre-rita-barbera\/","robots":"max-image-preview:large","keywords":"sucesos","webmasterTools":{"google-site-verification":"UA-38556648-1","msvalidate.01":"7dfe9f3f1b24437ab69f4f2559babe99","miscellaneous":""},"schema":{"@context":"https:\/\/schema.org","@graph":[{"@type":"BlogPosting","@id":"https:\/\/www.eldigitaldeasturias.com\/noticias\/el-senado-remite-al-supremo-el-escrito-del-juzgado-de-valencia-sobre-rita-barbera\/#blogposting","name":"El Senado remite al Supremo el escrito del Juzgado de Valencia sobre Rita Barber\u00e1 - El Digital de Asturias","headline":"El Senado remite al Supremo el escrito del Juzgado de Valencia sobre Rita Barber\u00e1","author":{"@id":"https:\/\/www.eldigitaldeasturias.com\/noticias\/author\/admin\/#author"},"publisher":{"@id":"https:\/\/www.eldigitaldeasturias.com\/noticias\/#organization"},"image":{"@type":"ImageObject","url":"https:\/\/www.eldigitaldeasturias.com\/noticias\/wp-content\/uploads\/2016\/02\/fotonoticia_20160223135236_800.jpg","width":800,"height":532},"datePublished":"2016-02-24T04:28:58+01:00","dateModified":"2016-02-24T04:28:58+01:00","inLanguage":"es-ES","mainEntityOfPage":{"@id":"https:\/\/www.eldigitaldeasturias.com\/noticias\/el-senado-remite-al-supremo-el-escrito-del-juzgado-de-valencia-sobre-rita-barbera\/#webpage"},"isPartOf":{"@id":"https:\/\/www.eldigitaldeasturias.com\/noticias\/el-senado-remite-al-supremo-el-escrito-del-juzgado-de-valencia-sobre-rita-barbera\/#webpage"},"articleSection":"Sucesos"},{"@type":"BreadcrumbList","@id":"https:\/\/www.eldigitaldeasturias.com\/noticias\/el-senado-remite-al-supremo-el-escrito-del-juzgado-de-valencia-sobre-rita-barbera\/#breadcrumblist","itemListElement":[{"@type":"ListItem","@id":"https:\/\/www.eldigitaldeasturias.com\/noticias#listItem","position":1,"name":"Home","item":"https:\/\/www.eldigitaldeasturias.com\/noticias","nextItem":{"@type":"ListItem","@id":"https:\/\/www.eldigitaldeasturias.com\/noticias\/category\/sucesos\/#listItem","name":"Sucesos"}},{"@type":"ListItem","@id":"https:\/\/www.eldigitaldeasturias.com\/noticias\/category\/sucesos\/#listItem","position":2,"name":"Sucesos","item":"https:\/\/www.eldigitaldeasturias.com\/noticias\/category\/sucesos\/","nextItem":{"@type":"ListItem","@id":"https:\/\/www.eldigitaldeasturias.com\/noticias\/el-senado-remite-al-supremo-el-escrito-del-juzgado-de-valencia-sobre-rita-barbera\/#listItem","name":"El Senado remite al Supremo el escrito del Juzgado de Valencia sobre Rita Barber\u00e1"},"previousItem":{"@type":"ListItem","@id":"https:\/\/www.eldigitaldeasturias.com\/noticias#listItem","name":"Home"}},{"@type":"ListItem","@id":"https:\/\/www.eldigitaldeasturias.com\/noticias\/el-senado-remite-al-supremo-el-escrito-del-juzgado-de-valencia-sobre-rita-barbera\/#listItem","position":3,"name":"El Senado remite al Supremo el escrito del Juzgado de Valencia sobre Rita Barber\u00e1","previousItem":{"@type":"ListItem","@id":"https:\/\/www.eldigitaldeasturias.com\/noticias\/category\/sucesos\/#listItem","name":"Sucesos"}}]},{"@type":"Organization","@id":"https:\/\/www.eldigitaldeasturias.com\/noticias\/#organization","name":"El Digital de Asturias","description":"Hemeroteca","url":"https:\/\/www.eldigitaldeasturias.com\/noticias\/","email":"info@eldigitaldeasturias.com","telephone":"+34652131393","logo":{"@type":"ImageObject","url":"https:\/\/www.eldigitaldeasturias.com\/noticias\/wp-content\/uploads\/2020\/12\/EDA.jpg","@id":"https:\/\/www.eldigitaldeasturias.com\/noticias\/el-senado-remite-al-supremo-el-escrito-del-juzgado-de-valencia-sobre-rita-barbera\/#organizationLogo","width":649,"height":297},"image":{"@id":"https:\/\/www.eldigitaldeasturias.com\/noticias\/el-senado-remite-al-supremo-el-escrito-del-juzgado-de-valencia-sobre-rita-barbera\/#organizationLogo"},"sameAs":["https:\/\/facebook.com\/eldigitaldeasturias","https:\/\/www.youtube.com\/channel\/UCZP-2wLEB9Rv6erhFmqVnvg"],"address":{"@id":"https:\/\/www.eldigitaldeasturias.com\/noticias\/#postaladdress","@type":"PostalAddress","streetAddress":"san antonio 4,","postalCode":"33430","addressLocality":"Cand\u00e1s","addressRegion":"Asturias","addressCountry":"ES"}},{"@type":"Person","@id":"https:\/\/www.eldigitaldeasturias.com\/noticias\/author\/admin\/#author","url":"https:\/\/www.eldigitaldeasturias.com\/noticias\/author\/admin\/","name":"El Digital de Asturias","image":{"@type":"ImageObject","@id":"https:\/\/www.eldigitaldeasturias.com\/noticias\/el-senado-remite-al-supremo-el-escrito-del-juzgado-de-valencia-sobre-rita-barbera\/#authorImage","url":"https:\/\/www.eldigitaldeasturias.com\/noticias\/wp-content\/litespeed\/avatar\/18677e78aa0546b92d9dbf31ec7d7668.jpg?ver=1777290358","width":96,"height":96,"caption":"El Digital de Asturias"}},{"@type":"WebPage","@id":"https:\/\/www.eldigitaldeasturias.com\/noticias\/el-senado-remite-al-supremo-el-escrito-del-juzgado-de-valencia-sobre-rita-barbera\/#webpage","url":"https:\/\/www.eldigitaldeasturias.com\/noticias\/el-senado-remite-al-supremo-el-escrito-del-juzgado-de-valencia-sobre-rita-barbera\/","name":"El Senado remite al Supremo el escrito del Juzgado de Valencia sobre Rita Barber\u00e1 - El Digital de Asturias","description":"El Senado va a reenviar al Tribunal Supremo el escrito que ha recibido del Juzgado de Instrucci\u00f3n 18 de Valencia en el que pregunta por la condici\u00f3n de senadora de Rita Barber\u00e1, al entender que debi\u00f3 enviarlo directamente al alto tribunal para conocer si la exalcaldesa est\u00e1 o no aforada. El vicepresidente primero de la","inLanguage":"es-ES","isPartOf":{"@id":"https:\/\/www.eldigitaldeasturias.com\/noticias\/#website"},"breadcrumb":{"@id":"https:\/\/www.eldigitaldeasturias.com\/noticias\/el-senado-remite-al-supremo-el-escrito-del-juzgado-de-valencia-sobre-rita-barbera\/#breadcrumblist"},"author":{"@id":"https:\/\/www.eldigitaldeasturias.com\/noticias\/author\/admin\/#author"},"creator":{"@id":"https:\/\/www.eldigitaldeasturias.com\/noticias\/author\/admin\/#author"},"image":{"@type":"ImageObject","url":"https:\/\/www.eldigitaldeasturias.com\/noticias\/wp-content\/uploads\/2016\/02\/fotonoticia_20160223135236_800.jpg","@id":"https:\/\/www.eldigitaldeasturias.com\/noticias\/el-senado-remite-al-supremo-el-escrito-del-juzgado-de-valencia-sobre-rita-barbera\/#mainImage","width":800,"height":532},"primaryImageOfPage":{"@id":"https:\/\/www.eldigitaldeasturias.com\/noticias\/el-senado-remite-al-supremo-el-escrito-del-juzgado-de-valencia-sobre-rita-barbera\/#mainImage"},"datePublished":"2016-02-24T04:28:58+01:00","dateModified":"2016-02-24T04:28:58+01:00"},{"@type":"WebSite","@id":"https:\/\/www.eldigitaldeasturias.com\/noticias\/#website","url":"https:\/\/www.eldigitaldeasturias.com\/noticias\/","name":"El Digital de Asturias - Diario de actualidad y noticias","alternateName":"El Digital de Asturias - Diario de actualidad y noticias","description":"Hemeroteca","inLanguage":"es-ES","publisher":{"@id":"https:\/\/www.eldigitaldeasturias.com\/noticias\/#organization"}}]},"og:locale":"es_ES","og:site_name":"El Digital de Asturias","og:type":"article","og:title":"El Senado remite al Supremo el escrito del Juzgado de Valencia sobre Rita Barber\u00e1 - El Digital de Asturias","og:description":"El Senado va a reenviar al Tribunal Supremo el escrito que ha recibido del Juzgado de Instrucci\u00f3n 18 de Valencia en el que pregunta por la condici\u00f3n de senadora de Rita Barber\u00e1, al entender que debi\u00f3 enviarlo directamente al alto tribunal para conocer si la exalcaldesa est\u00e1 o no aforada. El vicepresidente primero de la","og:url":"https:\/\/www.eldigitaldeasturias.com\/noticias\/el-senado-remite-al-supremo-el-escrito-del-juzgado-de-valencia-sobre-rita-barbera\/","og:image":"https:\/\/www.eldigitaldeasturias.com\/noticias\/wp-content\/uploads\/2016\/02\/fotonoticia_20160223135236_800.jpg","og:image:secure_url":"https:\/\/www.eldigitaldeasturias.com\/noticias\/wp-content\/uploads\/2016\/02\/fotonoticia_20160223135236_800.jpg","og:image:width":800,"og:image:height":532,"article:tag":["sucesos"],"article:published_time":"2016-02-24T04:28:58+00:00","article:modified_time":"2016-02-24T04:28:58+00:00","article:publisher":"https:\/\/facebook.com\/eldigitaldeasturias","twitter:card":"summary_large_image","twitter:title":"El Senado remite al Supremo el escrito del Juzgado de Valencia sobre Rita Barber\u00e1 - El Digital de Asturias","twitter:description":"El Senado va a reenviar al Tribunal Supremo el escrito que ha recibido del Juzgado de Instrucci\u00f3n 18 de Valencia en el que pregunta por la condici\u00f3n de senadora de Rita Barber\u00e1, al entender que debi\u00f3 enviarlo directamente al alto tribunal para conocer si la exalcaldesa est\u00e1 o no aforada. El vicepresidente primero de la","twitter:image":"https:\/\/www.eldigitaldeasturias.com\/noticias\/wp-content\/uploads\/2016\/02\/fotonoticia_20160223135236_800.jpg","twitter:label1":"Escrito por","twitter:data1":"El Digital de Asturias","twitter:label2":"Tiempo de lectura estimado","twitter:data2":"3 minutos"},"aioseo_meta_data":{"post_id":"861476","title":null,"description":null,"keywords":null,"keyphrases":null,"primary_term":null,"canonical_url":null,"og_title":null,"og_description":null,"og_object_type":"default","og_image_type":"default","og_image_url":null,"og_image_width":null,"og_image_height":null,"og_image_custom_url":null,"og_image_custom_fields":null,"og_video":null,"og_custom_url":null,"og_article_section":null,"og_article_tags":null,"twitter_use_og":false,"twitter_card":"default","twitter_image_type":"default","twitter_image_url":null,"twitter_image_custom_url":null,"twitter_image_custom_fields":null,"twitter_title":null,"twitter_description":null,"schema":{"blockGraphs":[],"customGraphs":[],"default":{"data":{"Article":[],"Course":[],"Dataset":[],"FAQPage":[],"Movie":[],"Person":[],"Product":[],"ProductReview":[],"Car":[],"Recipe":[],"Service":[],"SoftwareApplication":[],"WebPage":[]},"graphName":"","isEnabled":true},"graphs":[],"defaultGraph":"","defaultPostTypeGraph":""},"schema_type":null,"schema_type_options":null,"pillar_content":false,"robots_default":true,"robots_noindex":false,"robots_noarchive":false,"robots_nosnippet":false,"robots_nofollow":false,"robots_noimageindex":false,"robots_noodp":false,"robots_notranslate":false,"robots_max_snippet":null,"robots_max_videopreview":null,"robots_max_imagepreview":"large","priority":null,"frequency":null,"local_seo":null,"seo_analyzer_scan_date":"2025-12-10 21:21:09","breadcrumb_settings":null,"limit_modified_date":false,"open_ai":null,"ai":null,"created":"2021-01-22 15:04:54","updated":"2025-12-10 21:21:09"},"aioseo_breadcrumb":"<div class=\"aioseo-breadcrumbs\"><span class=\"aioseo-breadcrumb\">\n\t<a href=\"https:\/\/www.eldigitaldeasturias.com\/noticias\" title=\"Home\">Home<\/a>\n<\/span><span class=\"aioseo-breadcrumb-separator\">\u2013<\/span><span class=\"aioseo-breadcrumb\">\n\t<a href=\"https:\/\/www.eldigitaldeasturias.com\/noticias\/category\/sucesos\/\" title=\"Sucesos\">Sucesos<\/a>\n<\/span><span class=\"aioseo-breadcrumb-separator\">\u2013<\/span><span class=\"aioseo-breadcrumb\">\n\t<a href=\"https:\/\/www.eldigitaldeasturias.com\/noticias\/el-senado-remite-al-supremo-el-escrito-del-juzgado-de-valencia-sobre-rita-barbera\/\" title=\"El Senado remite al Supremo el escrito del Juzgado de Valencia sobre Rita Barber\u00e1\">El Senado remite al Supremo el escrito del Juzgado de Valencia sobre Rita Barber\u00e1<\/a>\n<\/span><\/div>","aioseo_breadcrumb_json":[{"label":"Home","link":"https:\/\/www.eldigitaldeasturias.com\/noticias"},{"label":"Sucesos","link":"https:\/\/www.eldigitaldeasturias.com\/noticias\/category\/sucesos\/"},{"label":"El Senado remite al Supremo el escrito del Juzgado de Valencia sobre Rita Barber\u00e1","link":"https:\/\/www.eldigitaldeasturias.com\/noticias\/el-senado-remite-al-supremo-el-escrito-del-juzgado-de-valencia-sobre-rita-barbera\/"}],"_links":{"self":[{"href":"https:\/\/www.eldigitaldeasturias.com\/noticias\/wp-json\/wp\/v2\/posts\/861476","targetHints":{"allow":["GET"]}}],"collection":[{"href":"https:\/\/www.eldigitaldeasturias.com\/noticias\/wp-json\/wp\/v2\/posts"}],"about":[{"href":"https:\/\/www.eldigitaldeasturias.com\/noticias\/wp-json\/wp\/v2\/types\/post"}],"author":[{"embeddable":true,"href":"https:\/\/www.eldigitaldeasturias.com\/noticias\/wp-json\/wp\/v2\/users\/1"}],"replies":[{"embeddable":true,"href":"https:\/\/www.eldigitaldeasturias.com\/noticias\/wp-json\/wp\/v2\/comments?post=861476"}],"version-history":[{"count":0,"href":"https:\/\/www.eldigitaldeasturias.com\/noticias\/wp-json\/wp\/v2\/posts\/861476\/revisions"}],"wp:featuredmedia":[{"embeddable":true,"href":"https:\/\/www.eldigitaldeasturias.com\/noticias\/wp-json\/wp\/v2\/media\/861477"}],"wp:attachment":[{"href":"https:\/\/www.eldigitaldeasturias.com\/noticias\/wp-json\/wp\/v2\/media?parent=861476"}],"wp:term":[{"taxonomy":"category","embeddable":true,"href":"https:\/\/www.eldigitaldeasturias.com\/noticias\/wp-json\/wp\/v2\/categories?post=861476"},{"taxonomy":"post_tag","embeddable":true,"href":"https:\/\/www.eldigitaldeasturias.com\/noticias\/wp-json\/wp\/v2\/tags?post=861476"}],"curies":[{"name":"wp","href":"https:\/\/api.w.org\/{rel}","templated":true}]}}