{"id":861470,"date":"2016-02-24T04:24:41","date_gmt":"2016-02-24T04:24:41","guid":{"rendered":"http:\/\/www.eldigitaldeasturias.com\/noticias\/?p=861470"},"modified":"2016-02-24T04:24:41","modified_gmt":"2016-02-24T04:24:41","slug":"torres-asegura-que-corinna-planteo-impulsar-una-sociedad-opaca-a-sabiendas-del-rey-juan-carlos","status":"publish","type":"post","link":"https:\/\/www.eldigitaldeasturias.com\/noticias\/torres-asegura-que-corinna-planteo-impulsar-una-sociedad-opaca-a-sabiendas-del-rey-juan-carlos\/","title":{"rendered":"Torres asegura que Corinna plante\u00f3 impulsar una sociedad &#8216;opaca&#8217; a sabiendas del Rey Juan Carlos"},"content":{"rendered":"<p><img loading=\"lazy\" decoding=\"async\" class=\"alignleft size-medium wp-image-861471\" src=\"https:\/\/www.eldigitaldeasturias.com\/noticias\/wp-content\/uploads\/2016\/02\/fotonoticia_20160223130415_800-360x230.jpg\" alt=\"fotonoticia_20160223130415_800\" width=\"360\" height=\"230\" srcset=\"https:\/\/www.eldigitaldeasturias.com\/noticias\/wp-content\/uploads\/2016\/02\/fotonoticia_20160223130415_800-360x230.jpg 360w, https:\/\/www.eldigitaldeasturias.com\/noticias\/wp-content\/uploads\/2016\/02\/fotonoticia_20160223130415_800-768x490.jpg 768w, https:\/\/www.eldigitaldeasturias.com\/noticias\/wp-content\/uploads\/2016\/02\/fotonoticia_20160223130415_800-650x414.jpg 650w, https:\/\/www.eldigitaldeasturias.com\/noticias\/wp-content\/uploads\/2016\/02\/fotonoticia_20160223130415_800-84x55.jpg 84w, https:\/\/www.eldigitaldeasturias.com\/noticias\/wp-content\/uploads\/2016\/02\/fotonoticia_20160223130415_800-49x32.jpg 49w, https:\/\/www.eldigitaldeasturias.com\/noticias\/wp-content\/uploads\/2016\/02\/fotonoticia_20160223130415_800.jpg 800w\" sizes=\"auto, (max-width: 360px) 100vw, 360px\" \/>El exsocio de I\u00f1aki Urdangarin, Diego Torres, ha manifestado que la noble alemana Corinna Sayn-Wittgenstein, amiga a su vez del Rey don Juan Carlos, aconsej\u00f3 en un correo electr\u00f3nico crear una estructura financiera para poder cobrar en Londres por la puesta en marcha de distintos proyectos internacionales y \u00abque no se supiera de d\u00f3nde sale el dinero, con copia al Rey y al jefe de la Casa del Rey\u00bb.<\/p>\n<p>\u00abDesde N\u00f3os le dijimos que ni en broma. No est\u00e1bamos ocultando nada y nuestra intenci\u00f3n era canalizar proyectos deportivos\u00bb, ha remarcado el acusado durante su declaraci\u00f3n en el juicio del caso N\u00f3os, en el que est\u00e1 siendo sometido a un intenso y minucioso interrogatorio por parte del fiscal anticorrupci\u00f3n Pedro Horrach.<\/p>\n<p>Torres ha respondido en estos t\u00e9rminos al ser preguntado sobre la estructura societaria que impuls\u00f3 a nivel internacional presuntamente para evadir los ingresos obtenidos por el Instituto N\u00f3os, y en el que jugaron un papel fundamental las mercantiles Blossom Hills (en Belice) y De Goes For Stakeholder Management (Reino Unido).<\/p>\n<p>Seg\u00fan ha justificado, en 2007 hab\u00eda \u00abuna cantidad enorme\u00bb de proyectos internacionales a poner en marcha, motivo por el que fue impulsada esta estructura. No obstante, ha aseverado que era el secretario de N\u00f3os, Miguel Tejeiro, quien se encargaba de la operativa de esta red.<\/p>\n<p>A lo largo de la instrucci\u00f3n, el procesado ha aportado numerosos correos y documentos con el objetivo de acreditar que la Casa Real estaba al tanto de las actividades de N\u00f3os. De hecho, en su escrito de defensa lleg\u00f3 a proponer que declaren en el juicio el Rey Felipe VI, Corinna, don Juan Carlos, do\u00f1a Sof\u00eda, la Infanta Elena, su exmarido Jaime de Marichalar, Pilar de Borb\u00f3n y la princesa Irene de Grecia y Dinamarca. La petici\u00f3n fue finalmente desestimada.<\/p>\n","protected":false},"excerpt":{"rendered":"<p>El exsocio de I\u00f1aki Urdangarin, Diego Torres, ha manifestado que la noble alemana Corinna Sayn-Wittgenstein, amiga a su vez del Rey don Juan Carlos, aconsej\u00f3 en un correo electr\u00f3nico crear una estructura financiera para poder cobrar en Londres por la puesta en marcha de distintos proyectos internacionales y \u00abque no se supiera de d\u00f3nde sale [&hellip;]<\/p>\n","protected":false},"author":1,"featured_media":861471,"comment_status":"closed","ping_status":"closed","sticky":false,"template":"","format":"standard","meta":{"footnotes":""},"categories":[1],"tags":[],"class_list":["post-861470","post","type-post","status-publish","format-standard","has-post-thumbnail","hentry","category-actualidad"],"aioseo_notices":[],"aioseo_head":"\n\t\t<!-- All in One SEO Pro 4.9.6.2 - aioseo.com -->\n\t<meta name=\"description\" content=\"El exsocio de I\u00f1aki Urdangarin, Diego Torres, ha manifestado que la noble alemana Corinna Sayn-Wittgenstein, amiga a su vez del Rey don Juan Carlos, aconsej\u00f3 en un correo electr\u00f3nico crear una estructura financiera para poder cobrar en Londres por la puesta en marcha de distintos proyectos internacionales y &quot;que no se supiera de d\u00f3nde sale\" \/>\n\t<meta name=\"robots\" content=\"max-image-preview:large\" \/>\n\t<meta name=\"author\" content=\"El Digital de Asturias\"\/>\n\t<meta name=\"google-site-verification\" content=\"UA-38556648-1\" \/>\n\t<meta name=\"msvalidate.01\" content=\"7dfe9f3f1b24437ab69f4f2559babe99\" \/>\n\t<meta name=\"keywords\" content=\"actualidad\" \/>\n\t<link rel=\"canonical\" href=\"https:\/\/www.eldigitaldeasturias.com\/noticias\/torres-asegura-que-corinna-planteo-impulsar-una-sociedad-opaca-a-sabiendas-del-rey-juan-carlos\/\" \/>\n\t<meta name=\"generator\" content=\"All in One SEO Pro (AIOSEO) 4.9.6.2\" \/>\n\t\t<meta property=\"og:locale\" content=\"es_ES\" \/>\n\t\t<meta property=\"og:site_name\" content=\"El Digital de Asturias\" \/>\n\t\t<meta property=\"og:type\" content=\"article\" \/>\n\t\t<meta property=\"og:title\" content=\"Torres asegura que Corinna plante\u00f3 impulsar una sociedad \u2018opaca\u2019 a sabiendas del Rey Juan Carlos - El Digital de Asturias\" \/>\n\t\t<meta property=\"og:description\" content=\"El exsocio de I\u00f1aki Urdangarin, Diego Torres, ha manifestado que la noble alemana Corinna Sayn-Wittgenstein, amiga a su vez del Rey don Juan Carlos, aconsej\u00f3 en un correo electr\u00f3nico crear una estructura financiera para poder cobrar en Londres por la puesta en marcha de distintos proyectos internacionales y &quot;que no se supiera de d\u00f3nde sale\" \/>\n\t\t<meta property=\"og:url\" content=\"https:\/\/www.eldigitaldeasturias.com\/noticias\/torres-asegura-que-corinna-planteo-impulsar-una-sociedad-opaca-a-sabiendas-del-rey-juan-carlos\/\" \/>\n\t\t<meta property=\"og:image\" content=\"https:\/\/www.eldigitaldeasturias.com\/noticias\/wp-content\/uploads\/2016\/02\/fotonoticia_20160223130415_800.jpg\" \/>\n\t\t<meta property=\"og:image:secure_url\" content=\"https:\/\/www.eldigitaldeasturias.com\/noticias\/wp-content\/uploads\/2016\/02\/fotonoticia_20160223130415_800.jpg\" \/>\n\t\t<meta property=\"og:image:width\" content=\"800\" \/>\n\t\t<meta property=\"og:image:height\" content=\"510\" \/>\n\t\t<meta property=\"article:tag\" content=\"actualidad\" \/>\n\t\t<meta property=\"article:published_time\" content=\"2016-02-24T04:24:41+00:00\" \/>\n\t\t<meta property=\"article:modified_time\" content=\"2016-02-24T04:24:41+00:00\" \/>\n\t\t<meta property=\"article:publisher\" content=\"https:\/\/facebook.com\/eldigitaldeasturias\" \/>\n\t\t<meta name=\"twitter:card\" content=\"summary_large_image\" \/>\n\t\t<meta name=\"twitter:title\" content=\"Torres asegura que Corinna plante\u00f3 impulsar una sociedad \u2018opaca\u2019 a sabiendas del Rey Juan Carlos - El Digital de Asturias\" \/>\n\t\t<meta name=\"twitter:description\" content=\"El exsocio de I\u00f1aki Urdangarin, Diego Torres, ha manifestado que la noble alemana Corinna Sayn-Wittgenstein, amiga a su vez del Rey don Juan Carlos, aconsej\u00f3 en un correo electr\u00f3nico crear una estructura financiera para poder cobrar en Londres por la puesta en marcha de distintos proyectos internacionales y &quot;que no se supiera de d\u00f3nde sale\" \/>\n\t\t<meta name=\"twitter:image\" content=\"https:\/\/www.eldigitaldeasturias.com\/noticias\/wp-content\/uploads\/2016\/02\/fotonoticia_20160223130415_800.jpg\" \/>\n\t\t<meta name=\"twitter:label1\" content=\"Escrito por\" \/>\n\t\t<meta name=\"twitter:data1\" content=\"El Digital de Asturias\" \/>\n\t\t<meta name=\"twitter:label2\" content=\"Tiempo de lectura estimado\" \/>\n\t\t<meta name=\"twitter:data2\" content=\"2 minutos\" \/>\n\t\t<script type=\"application\/ld+json\" class=\"aioseo-schema\">\n\t\t\t{\"@context\":\"https:\\\/\\\/schema.org\",\"@graph\":[{\"@type\":\"BlogPosting\",\"@id\":\"https:\\\/\\\/www.eldigitaldeasturias.com\\\/noticias\\\/torres-asegura-que-corinna-planteo-impulsar-una-sociedad-opaca-a-sabiendas-del-rey-juan-carlos\\\/#blogposting\",\"name\":\"Torres asegura que Corinna plante\\u00f3 impulsar una sociedad \\u2018opaca\\u2019 a sabiendas del Rey Juan Carlos - El Digital de Asturias\",\"headline\":\"Torres asegura que Corinna plante\\u00f3 impulsar una sociedad &#8216;opaca&#8217; a sabiendas del Rey Juan Carlos\",\"author\":{\"@id\":\"https:\\\/\\\/www.eldigitaldeasturias.com\\\/noticias\\\/author\\\/admin\\\/#author\"},\"publisher\":{\"@id\":\"https:\\\/\\\/www.eldigitaldeasturias.com\\\/noticias\\\/#organization\"},\"image\":{\"@type\":\"ImageObject\",\"url\":\"https:\\\/\\\/www.eldigitaldeasturias.com\\\/noticias\\\/wp-content\\\/uploads\\\/2016\\\/02\\\/fotonoticia_20160223130415_800.jpg\",\"width\":800,\"height\":510},\"datePublished\":\"2016-02-24T04:24:41+01:00\",\"dateModified\":\"2016-02-24T04:24:41+01:00\",\"inLanguage\":\"es-ES\",\"mainEntityOfPage\":{\"@id\":\"https:\\\/\\\/www.eldigitaldeasturias.com\\\/noticias\\\/torres-asegura-que-corinna-planteo-impulsar-una-sociedad-opaca-a-sabiendas-del-rey-juan-carlos\\\/#webpage\"},\"isPartOf\":{\"@id\":\"https:\\\/\\\/www.eldigitaldeasturias.com\\\/noticias\\\/torres-asegura-que-corinna-planteo-impulsar-una-sociedad-opaca-a-sabiendas-del-rey-juan-carlos\\\/#webpage\"},\"articleSection\":\"Actualidad\"},{\"@type\":\"BreadcrumbList\",\"@id\":\"https:\\\/\\\/www.eldigitaldeasturias.com\\\/noticias\\\/torres-asegura-que-corinna-planteo-impulsar-una-sociedad-opaca-a-sabiendas-del-rey-juan-carlos\\\/#breadcrumblist\",\"itemListElement\":[{\"@type\":\"ListItem\",\"@id\":\"https:\\\/\\\/www.eldigitaldeasturias.com\\\/noticias#listItem\",\"position\":1,\"name\":\"Home\",\"item\":\"https:\\\/\\\/www.eldigitaldeasturias.com\\\/noticias\",\"nextItem\":{\"@type\":\"ListItem\",\"@id\":\"https:\\\/\\\/www.eldigitaldeasturias.com\\\/noticias\\\/category\\\/actualidad\\\/#listItem\",\"name\":\"Actualidad\"}},{\"@type\":\"ListItem\",\"@id\":\"https:\\\/\\\/www.eldigitaldeasturias.com\\\/noticias\\\/category\\\/actualidad\\\/#listItem\",\"position\":2,\"name\":\"Actualidad\",\"item\":\"https:\\\/\\\/www.eldigitaldeasturias.com\\\/noticias\\\/category\\\/actualidad\\\/\",\"nextItem\":{\"@type\":\"ListItem\",\"@id\":\"https:\\\/\\\/www.eldigitaldeasturias.com\\\/noticias\\\/torres-asegura-que-corinna-planteo-impulsar-una-sociedad-opaca-a-sabiendas-del-rey-juan-carlos\\\/#listItem\",\"name\":\"Torres asegura que Corinna plante\\u00f3 impulsar una sociedad &#8216;opaca&#8217; a sabiendas del Rey Juan Carlos\"},\"previousItem\":{\"@type\":\"ListItem\",\"@id\":\"https:\\\/\\\/www.eldigitaldeasturias.com\\\/noticias#listItem\",\"name\":\"Home\"}},{\"@type\":\"ListItem\",\"@id\":\"https:\\\/\\\/www.eldigitaldeasturias.com\\\/noticias\\\/torres-asegura-que-corinna-planteo-impulsar-una-sociedad-opaca-a-sabiendas-del-rey-juan-carlos\\\/#listItem\",\"position\":3,\"name\":\"Torres asegura que Corinna plante\\u00f3 impulsar una sociedad &#8216;opaca&#8217; a sabiendas del Rey Juan Carlos\",\"previousItem\":{\"@type\":\"ListItem\",\"@id\":\"https:\\\/\\\/www.eldigitaldeasturias.com\\\/noticias\\\/category\\\/actualidad\\\/#listItem\",\"name\":\"Actualidad\"}}]},{\"@type\":\"Organization\",\"@id\":\"https:\\\/\\\/www.eldigitaldeasturias.com\\\/noticias\\\/#organization\",\"name\":\"El Digital de Asturias\",\"description\":\"Hemeroteca\",\"url\":\"https:\\\/\\\/www.eldigitaldeasturias.com\\\/noticias\\\/\",\"email\":\"info@eldigitaldeasturias.com\",\"telephone\":\"+34652131393\",\"logo\":{\"@type\":\"ImageObject\",\"url\":\"https:\\\/\\\/www.eldigitaldeasturias.com\\\/noticias\\\/wp-content\\\/uploads\\\/2020\\\/12\\\/EDA.jpg\",\"@id\":\"https:\\\/\\\/www.eldigitaldeasturias.com\\\/noticias\\\/torres-asegura-que-corinna-planteo-impulsar-una-sociedad-opaca-a-sabiendas-del-rey-juan-carlos\\\/#organizationLogo\",\"width\":649,\"height\":297},\"image\":{\"@id\":\"https:\\\/\\\/www.eldigitaldeasturias.com\\\/noticias\\\/torres-asegura-que-corinna-planteo-impulsar-una-sociedad-opaca-a-sabiendas-del-rey-juan-carlos\\\/#organizationLogo\"},\"sameAs\":[\"https:\\\/\\\/facebook.com\\\/eldigitaldeasturias\",\"https:\\\/\\\/www.youtube.com\\\/channel\\\/UCZP-2wLEB9Rv6erhFmqVnvg\"],\"address\":{\"@id\":\"https:\\\/\\\/www.eldigitaldeasturias.com\\\/noticias\\\/#postaladdress\",\"@type\":\"PostalAddress\",\"streetAddress\":\"san antonio 4,\",\"postalCode\":\"33430\",\"addressLocality\":\"Cand\\u00e1s\",\"addressRegion\":\"Asturias\",\"addressCountry\":\"ES\"}},{\"@type\":\"Person\",\"@id\":\"https:\\\/\\\/www.eldigitaldeasturias.com\\\/noticias\\\/author\\\/admin\\\/#author\",\"url\":\"https:\\\/\\\/www.eldigitaldeasturias.com\\\/noticias\\\/author\\\/admin\\\/\",\"name\":\"El Digital de Asturias\",\"image\":{\"@type\":\"ImageObject\",\"@id\":\"https:\\\/\\\/www.eldigitaldeasturias.com\\\/noticias\\\/torres-asegura-que-corinna-planteo-impulsar-una-sociedad-opaca-a-sabiendas-del-rey-juan-carlos\\\/#authorImage\",\"url\":\"https:\\\/\\\/www.eldigitaldeasturias.com\\\/noticias\\\/wp-content\\\/litespeed\\\/avatar\\\/18677e78aa0546b92d9dbf31ec7d7668.jpg?ver=1777290358\",\"width\":96,\"height\":96,\"caption\":\"El Digital de Asturias\"}},{\"@type\":\"WebPage\",\"@id\":\"https:\\\/\\\/www.eldigitaldeasturias.com\\\/noticias\\\/torres-asegura-que-corinna-planteo-impulsar-una-sociedad-opaca-a-sabiendas-del-rey-juan-carlos\\\/#webpage\",\"url\":\"https:\\\/\\\/www.eldigitaldeasturias.com\\\/noticias\\\/torres-asegura-que-corinna-planteo-impulsar-una-sociedad-opaca-a-sabiendas-del-rey-juan-carlos\\\/\",\"name\":\"Torres asegura que Corinna plante\\u00f3 impulsar una sociedad \\u2018opaca\\u2019 a sabiendas del Rey Juan Carlos - El Digital de Asturias\",\"description\":\"El exsocio de I\\u00f1aki Urdangarin, Diego Torres, ha manifestado que la noble alemana Corinna Sayn-Wittgenstein, amiga a su vez del Rey don Juan Carlos, aconsej\\u00f3 en un correo electr\\u00f3nico crear una estructura financiera para poder cobrar en Londres por la puesta en marcha de distintos proyectos internacionales y \\\"que no se supiera de d\\u00f3nde sale\",\"inLanguage\":\"es-ES\",\"isPartOf\":{\"@id\":\"https:\\\/\\\/www.eldigitaldeasturias.com\\\/noticias\\\/#website\"},\"breadcrumb\":{\"@id\":\"https:\\\/\\\/www.eldigitaldeasturias.com\\\/noticias\\\/torres-asegura-que-corinna-planteo-impulsar-una-sociedad-opaca-a-sabiendas-del-rey-juan-carlos\\\/#breadcrumblist\"},\"author\":{\"@id\":\"https:\\\/\\\/www.eldigitaldeasturias.com\\\/noticias\\\/author\\\/admin\\\/#author\"},\"creator\":{\"@id\":\"https:\\\/\\\/www.eldigitaldeasturias.com\\\/noticias\\\/author\\\/admin\\\/#author\"},\"image\":{\"@type\":\"ImageObject\",\"url\":\"https:\\\/\\\/www.eldigitaldeasturias.com\\\/noticias\\\/wp-content\\\/uploads\\\/2016\\\/02\\\/fotonoticia_20160223130415_800.jpg\",\"@id\":\"https:\\\/\\\/www.eldigitaldeasturias.com\\\/noticias\\\/torres-asegura-que-corinna-planteo-impulsar-una-sociedad-opaca-a-sabiendas-del-rey-juan-carlos\\\/#mainImage\",\"width\":800,\"height\":510},\"primaryImageOfPage\":{\"@id\":\"https:\\\/\\\/www.eldigitaldeasturias.com\\\/noticias\\\/torres-asegura-que-corinna-planteo-impulsar-una-sociedad-opaca-a-sabiendas-del-rey-juan-carlos\\\/#mainImage\"},\"datePublished\":\"2016-02-24T04:24:41+01:00\",\"dateModified\":\"2016-02-24T04:24:41+01:00\"},{\"@type\":\"WebSite\",\"@id\":\"https:\\\/\\\/www.eldigitaldeasturias.com\\\/noticias\\\/#website\",\"url\":\"https:\\\/\\\/www.eldigitaldeasturias.com\\\/noticias\\\/\",\"name\":\"El Digital de Asturias - Diario de actualidad y noticias\",\"alternateName\":\"El Digital de Asturias - Diario de actualidad y noticias\",\"description\":\"Hemeroteca\",\"inLanguage\":\"es-ES\",\"publisher\":{\"@id\":\"https:\\\/\\\/www.eldigitaldeasturias.com\\\/noticias\\\/#organization\"}}]}\n\t\t<\/script>\n\t\t<!-- All in One SEO Pro -->\r\n\t\t<title>Torres asegura que Corinna plante\u00f3 impulsar una sociedad \u2018opaca\u2019 a sabiendas del Rey Juan Carlos - El Digital de Asturias<\/title>\n\n","aioseo_head_json":{"title":"Torres asegura que Corinna plante\u00f3 impulsar una sociedad \u2018opaca\u2019 a sabiendas del Rey Juan Carlos - El Digital de Asturias","description":"El exsocio de I\u00f1aki Urdangarin, Diego Torres, ha manifestado que la noble alemana Corinna Sayn-Wittgenstein, amiga a su vez del Rey don Juan Carlos, aconsej\u00f3 en un correo electr\u00f3nico crear una estructura financiera para poder cobrar en Londres por la puesta en marcha de distintos proyectos internacionales y \"que no se supiera de d\u00f3nde sale","canonical_url":"https:\/\/www.eldigitaldeasturias.com\/noticias\/torres-asegura-que-corinna-planteo-impulsar-una-sociedad-opaca-a-sabiendas-del-rey-juan-carlos\/","robots":"max-image-preview:large","keywords":"actualidad","webmasterTools":{"google-site-verification":"UA-38556648-1","msvalidate.01":"7dfe9f3f1b24437ab69f4f2559babe99","miscellaneous":""},"schema":{"@context":"https:\/\/schema.org","@graph":[{"@type":"BlogPosting","@id":"https:\/\/www.eldigitaldeasturias.com\/noticias\/torres-asegura-que-corinna-planteo-impulsar-una-sociedad-opaca-a-sabiendas-del-rey-juan-carlos\/#blogposting","name":"Torres asegura que Corinna plante\u00f3 impulsar una sociedad \u2018opaca\u2019 a sabiendas del Rey Juan Carlos - El Digital de Asturias","headline":"Torres asegura que Corinna plante\u00f3 impulsar una sociedad &#8216;opaca&#8217; a sabiendas del Rey Juan Carlos","author":{"@id":"https:\/\/www.eldigitaldeasturias.com\/noticias\/author\/admin\/#author"},"publisher":{"@id":"https:\/\/www.eldigitaldeasturias.com\/noticias\/#organization"},"image":{"@type":"ImageObject","url":"https:\/\/www.eldigitaldeasturias.com\/noticias\/wp-content\/uploads\/2016\/02\/fotonoticia_20160223130415_800.jpg","width":800,"height":510},"datePublished":"2016-02-24T04:24:41+01:00","dateModified":"2016-02-24T04:24:41+01:00","inLanguage":"es-ES","mainEntityOfPage":{"@id":"https:\/\/www.eldigitaldeasturias.com\/noticias\/torres-asegura-que-corinna-planteo-impulsar-una-sociedad-opaca-a-sabiendas-del-rey-juan-carlos\/#webpage"},"isPartOf":{"@id":"https:\/\/www.eldigitaldeasturias.com\/noticias\/torres-asegura-que-corinna-planteo-impulsar-una-sociedad-opaca-a-sabiendas-del-rey-juan-carlos\/#webpage"},"articleSection":"Actualidad"},{"@type":"BreadcrumbList","@id":"https:\/\/www.eldigitaldeasturias.com\/noticias\/torres-asegura-que-corinna-planteo-impulsar-una-sociedad-opaca-a-sabiendas-del-rey-juan-carlos\/#breadcrumblist","itemListElement":[{"@type":"ListItem","@id":"https:\/\/www.eldigitaldeasturias.com\/noticias#listItem","position":1,"name":"Home","item":"https:\/\/www.eldigitaldeasturias.com\/noticias","nextItem":{"@type":"ListItem","@id":"https:\/\/www.eldigitaldeasturias.com\/noticias\/category\/actualidad\/#listItem","name":"Actualidad"}},{"@type":"ListItem","@id":"https:\/\/www.eldigitaldeasturias.com\/noticias\/category\/actualidad\/#listItem","position":2,"name":"Actualidad","item":"https:\/\/www.eldigitaldeasturias.com\/noticias\/category\/actualidad\/","nextItem":{"@type":"ListItem","@id":"https:\/\/www.eldigitaldeasturias.com\/noticias\/torres-asegura-que-corinna-planteo-impulsar-una-sociedad-opaca-a-sabiendas-del-rey-juan-carlos\/#listItem","name":"Torres asegura que Corinna plante\u00f3 impulsar una sociedad &#8216;opaca&#8217; a sabiendas del Rey Juan Carlos"},"previousItem":{"@type":"ListItem","@id":"https:\/\/www.eldigitaldeasturias.com\/noticias#listItem","name":"Home"}},{"@type":"ListItem","@id":"https:\/\/www.eldigitaldeasturias.com\/noticias\/torres-asegura-que-corinna-planteo-impulsar-una-sociedad-opaca-a-sabiendas-del-rey-juan-carlos\/#listItem","position":3,"name":"Torres asegura que Corinna plante\u00f3 impulsar una sociedad &#8216;opaca&#8217; a sabiendas del Rey Juan Carlos","previousItem":{"@type":"ListItem","@id":"https:\/\/www.eldigitaldeasturias.com\/noticias\/category\/actualidad\/#listItem","name":"Actualidad"}}]},{"@type":"Organization","@id":"https:\/\/www.eldigitaldeasturias.com\/noticias\/#organization","name":"El Digital de Asturias","description":"Hemeroteca","url":"https:\/\/www.eldigitaldeasturias.com\/noticias\/","email":"info@eldigitaldeasturias.com","telephone":"+34652131393","logo":{"@type":"ImageObject","url":"https:\/\/www.eldigitaldeasturias.com\/noticias\/wp-content\/uploads\/2020\/12\/EDA.jpg","@id":"https:\/\/www.eldigitaldeasturias.com\/noticias\/torres-asegura-que-corinna-planteo-impulsar-una-sociedad-opaca-a-sabiendas-del-rey-juan-carlos\/#organizationLogo","width":649,"height":297},"image":{"@id":"https:\/\/www.eldigitaldeasturias.com\/noticias\/torres-asegura-que-corinna-planteo-impulsar-una-sociedad-opaca-a-sabiendas-del-rey-juan-carlos\/#organizationLogo"},"sameAs":["https:\/\/facebook.com\/eldigitaldeasturias","https:\/\/www.youtube.com\/channel\/UCZP-2wLEB9Rv6erhFmqVnvg"],"address":{"@id":"https:\/\/www.eldigitaldeasturias.com\/noticias\/#postaladdress","@type":"PostalAddress","streetAddress":"san antonio 4,","postalCode":"33430","addressLocality":"Cand\u00e1s","addressRegion":"Asturias","addressCountry":"ES"}},{"@type":"Person","@id":"https:\/\/www.eldigitaldeasturias.com\/noticias\/author\/admin\/#author","url":"https:\/\/www.eldigitaldeasturias.com\/noticias\/author\/admin\/","name":"El Digital de Asturias","image":{"@type":"ImageObject","@id":"https:\/\/www.eldigitaldeasturias.com\/noticias\/torres-asegura-que-corinna-planteo-impulsar-una-sociedad-opaca-a-sabiendas-del-rey-juan-carlos\/#authorImage","url":"https:\/\/www.eldigitaldeasturias.com\/noticias\/wp-content\/litespeed\/avatar\/18677e78aa0546b92d9dbf31ec7d7668.jpg?ver=1777290358","width":96,"height":96,"caption":"El Digital de Asturias"}},{"@type":"WebPage","@id":"https:\/\/www.eldigitaldeasturias.com\/noticias\/torres-asegura-que-corinna-planteo-impulsar-una-sociedad-opaca-a-sabiendas-del-rey-juan-carlos\/#webpage","url":"https:\/\/www.eldigitaldeasturias.com\/noticias\/torres-asegura-que-corinna-planteo-impulsar-una-sociedad-opaca-a-sabiendas-del-rey-juan-carlos\/","name":"Torres asegura que Corinna plante\u00f3 impulsar una sociedad \u2018opaca\u2019 a sabiendas del Rey Juan Carlos - El Digital de Asturias","description":"El exsocio de I\u00f1aki Urdangarin, Diego Torres, ha manifestado que la noble alemana Corinna Sayn-Wittgenstein, amiga a su vez del Rey don Juan Carlos, aconsej\u00f3 en un correo electr\u00f3nico crear una estructura financiera para poder cobrar en Londres por la puesta en marcha de distintos proyectos internacionales y \"que no se supiera de d\u00f3nde sale","inLanguage":"es-ES","isPartOf":{"@id":"https:\/\/www.eldigitaldeasturias.com\/noticias\/#website"},"breadcrumb":{"@id":"https:\/\/www.eldigitaldeasturias.com\/noticias\/torres-asegura-que-corinna-planteo-impulsar-una-sociedad-opaca-a-sabiendas-del-rey-juan-carlos\/#breadcrumblist"},"author":{"@id":"https:\/\/www.eldigitaldeasturias.com\/noticias\/author\/admin\/#author"},"creator":{"@id":"https:\/\/www.eldigitaldeasturias.com\/noticias\/author\/admin\/#author"},"image":{"@type":"ImageObject","url":"https:\/\/www.eldigitaldeasturias.com\/noticias\/wp-content\/uploads\/2016\/02\/fotonoticia_20160223130415_800.jpg","@id":"https:\/\/www.eldigitaldeasturias.com\/noticias\/torres-asegura-que-corinna-planteo-impulsar-una-sociedad-opaca-a-sabiendas-del-rey-juan-carlos\/#mainImage","width":800,"height":510},"primaryImageOfPage":{"@id":"https:\/\/www.eldigitaldeasturias.com\/noticias\/torres-asegura-que-corinna-planteo-impulsar-una-sociedad-opaca-a-sabiendas-del-rey-juan-carlos\/#mainImage"},"datePublished":"2016-02-24T04:24:41+01:00","dateModified":"2016-02-24T04:24:41+01:00"},{"@type":"WebSite","@id":"https:\/\/www.eldigitaldeasturias.com\/noticias\/#website","url":"https:\/\/www.eldigitaldeasturias.com\/noticias\/","name":"El Digital de Asturias - Diario de actualidad y noticias","alternateName":"El Digital de Asturias - Diario de actualidad y noticias","description":"Hemeroteca","inLanguage":"es-ES","publisher":{"@id":"https:\/\/www.eldigitaldeasturias.com\/noticias\/#organization"}}]},"og:locale":"es_ES","og:site_name":"El Digital de Asturias","og:type":"article","og:title":"Torres asegura que Corinna plante\u00f3 impulsar una sociedad \u2018opaca\u2019 a sabiendas del Rey Juan Carlos - El Digital de Asturias","og:description":"El exsocio de I\u00f1aki Urdangarin, Diego Torres, ha manifestado que la noble alemana Corinna Sayn-Wittgenstein, amiga a su vez del Rey don Juan Carlos, aconsej\u00f3 en un correo electr\u00f3nico crear una estructura financiera para poder cobrar en Londres por la puesta en marcha de distintos proyectos internacionales y &quot;que no se supiera de d\u00f3nde sale","og:url":"https:\/\/www.eldigitaldeasturias.com\/noticias\/torres-asegura-que-corinna-planteo-impulsar-una-sociedad-opaca-a-sabiendas-del-rey-juan-carlos\/","og:image":"https:\/\/www.eldigitaldeasturias.com\/noticias\/wp-content\/uploads\/2016\/02\/fotonoticia_20160223130415_800.jpg","og:image:secure_url":"https:\/\/www.eldigitaldeasturias.com\/noticias\/wp-content\/uploads\/2016\/02\/fotonoticia_20160223130415_800.jpg","og:image:width":800,"og:image:height":510,"article:tag":["actualidad"],"article:published_time":"2016-02-24T04:24:41+00:00","article:modified_time":"2016-02-24T04:24:41+00:00","article:publisher":"https:\/\/facebook.com\/eldigitaldeasturias","twitter:card":"summary_large_image","twitter:title":"Torres asegura que Corinna plante\u00f3 impulsar una sociedad \u2018opaca\u2019 a sabiendas del Rey Juan Carlos - El Digital de Asturias","twitter:description":"El exsocio de I\u00f1aki Urdangarin, Diego Torres, ha manifestado que la noble alemana Corinna Sayn-Wittgenstein, amiga a su vez del Rey don Juan Carlos, aconsej\u00f3 en un correo electr\u00f3nico crear una estructura financiera para poder cobrar en Londres por la puesta en marcha de distintos proyectos internacionales y &quot;que no se supiera de d\u00f3nde sale","twitter:image":"https:\/\/www.eldigitaldeasturias.com\/noticias\/wp-content\/uploads\/2016\/02\/fotonoticia_20160223130415_800.jpg","twitter:label1":"Escrito por","twitter:data1":"El Digital de Asturias","twitter:label2":"Tiempo de lectura estimado","twitter:data2":"2 minutos"},"aioseo_meta_data":{"post_id":"861470","title":null,"description":null,"keywords":null,"keyphrases":null,"primary_term":null,"canonical_url":null,"og_title":null,"og_description":null,"og_object_type":"default","og_image_type":"default","og_image_url":null,"og_image_width":null,"og_image_height":null,"og_image_custom_url":null,"og_image_custom_fields":null,"og_video":null,"og_custom_url":null,"og_article_section":null,"og_article_tags":null,"twitter_use_og":false,"twitter_card":"default","twitter_image_type":"default","twitter_image_url":null,"twitter_image_custom_url":null,"twitter_image_custom_fields":null,"twitter_title":null,"twitter_description":null,"schema":{"blockGraphs":[],"customGraphs":[],"default":{"data":{"Article":[],"Course":[],"Dataset":[],"FAQPage":[],"Movie":[],"Person":[],"Product":[],"ProductReview":[],"Car":[],"Recipe":[],"Service":[],"SoftwareApplication":[],"WebPage":[]},"graphName":"","isEnabled":true},"graphs":[],"defaultGraph":"","defaultPostTypeGraph":""},"schema_type":null,"schema_type_options":null,"pillar_content":false,"robots_default":true,"robots_noindex":false,"robots_noarchive":false,"robots_nosnippet":false,"robots_nofollow":false,"robots_noimageindex":false,"robots_noodp":false,"robots_notranslate":false,"robots_max_snippet":null,"robots_max_videopreview":null,"robots_max_imagepreview":"large","priority":null,"frequency":null,"local_seo":null,"seo_analyzer_scan_date":"2025-12-10 21:21:08","breadcrumb_settings":null,"limit_modified_date":false,"open_ai":null,"ai":null,"created":"2021-01-22 18:07:33","updated":"2025-12-10 21:21:08"},"aioseo_breadcrumb":"<div class=\"aioseo-breadcrumbs\"><span class=\"aioseo-breadcrumb\">\n\t<a href=\"https:\/\/www.eldigitaldeasturias.com\/noticias\" title=\"Home\">Home<\/a>\n<\/span><span class=\"aioseo-breadcrumb-separator\">\u2013<\/span><span class=\"aioseo-breadcrumb\">\n\t<a href=\"https:\/\/www.eldigitaldeasturias.com\/noticias\/category\/actualidad\/\" title=\"Actualidad\">Actualidad<\/a>\n<\/span><span class=\"aioseo-breadcrumb-separator\">\u2013<\/span><span class=\"aioseo-breadcrumb\">\n\t<a href=\"https:\/\/www.eldigitaldeasturias.com\/noticias\/torres-asegura-que-corinna-planteo-impulsar-una-sociedad-opaca-a-sabiendas-del-rey-juan-carlos\/\" title=\"Torres asegura que Corinna plante\u00f3 impulsar una sociedad \u2018opaca\u2019 a sabiendas del Rey Juan Carlos\">Torres asegura que Corinna plante\u00f3 impulsar una sociedad \u2018opaca\u2019 a sabiendas del Rey Juan Carlos<\/a>\n<\/span><\/div>","aioseo_breadcrumb_json":[{"label":"Home","link":"https:\/\/www.eldigitaldeasturias.com\/noticias"},{"label":"Actualidad","link":"https:\/\/www.eldigitaldeasturias.com\/noticias\/category\/actualidad\/"},{"label":"Torres asegura que Corinna plante\u00f3 impulsar una sociedad &#8216;opaca&#8217; a sabiendas del Rey Juan Carlos","link":"https:\/\/www.eldigitaldeasturias.com\/noticias\/torres-asegura-que-corinna-planteo-impulsar-una-sociedad-opaca-a-sabiendas-del-rey-juan-carlos\/"}],"_links":{"self":[{"href":"https:\/\/www.eldigitaldeasturias.com\/noticias\/wp-json\/wp\/v2\/posts\/861470","targetHints":{"allow":["GET"]}}],"collection":[{"href":"https:\/\/www.eldigitaldeasturias.com\/noticias\/wp-json\/wp\/v2\/posts"}],"about":[{"href":"https:\/\/www.eldigitaldeasturias.com\/noticias\/wp-json\/wp\/v2\/types\/post"}],"author":[{"embeddable":true,"href":"https:\/\/www.eldigitaldeasturias.com\/noticias\/wp-json\/wp\/v2\/users\/1"}],"replies":[{"embeddable":true,"href":"https:\/\/www.eldigitaldeasturias.com\/noticias\/wp-json\/wp\/v2\/comments?post=861470"}],"version-history":[{"count":0,"href":"https:\/\/www.eldigitaldeasturias.com\/noticias\/wp-json\/wp\/v2\/posts\/861470\/revisions"}],"wp:featuredmedia":[{"embeddable":true,"href":"https:\/\/www.eldigitaldeasturias.com\/noticias\/wp-json\/wp\/v2\/media\/861471"}],"wp:attachment":[{"href":"https:\/\/www.eldigitaldeasturias.com\/noticias\/wp-json\/wp\/v2\/media?parent=861470"}],"wp:term":[{"taxonomy":"category","embeddable":true,"href":"https:\/\/www.eldigitaldeasturias.com\/noticias\/wp-json\/wp\/v2\/categories?post=861470"},{"taxonomy":"post_tag","embeddable":true,"href":"https:\/\/www.eldigitaldeasturias.com\/noticias\/wp-json\/wp\/v2\/tags?post=861470"}],"curies":[{"name":"wp","href":"https:\/\/api.w.org\/{rel}","templated":true}]}}