{"id":861467,"date":"2016-02-24T04:23:02","date_gmt":"2016-02-24T04:23:02","guid":{"rendered":"http:\/\/www.eldigitaldeasturias.com\/noticias\/?p=861467"},"modified":"2016-02-24T04:23:02","modified_gmt":"2016-02-24T04:23:02","slug":"el-pleno-de-investidura-de-pedro-sanchez-comenzara-el-1-de-marzo","status":"publish","type":"post","link":"https:\/\/www.eldigitaldeasturias.com\/noticias\/el-pleno-de-investidura-de-pedro-sanchez-comenzara-el-1-de-marzo\/","title":{"rendered":"El Pleno de investidura de Pedro S\u00e1nchez comenzar\u00e1 el 1 de marzo"},"content":{"rendered":"<p><img loading=\"lazy\" decoding=\"async\" class=\"alignleft size-medium wp-image-861468\" src=\"https:\/\/www.eldigitaldeasturias.com\/noticias\/wp-content\/uploads\/2016\/02\/fotonoticia_20160223124249_800-360x219.jpg\" alt=\"fotonoticia_20160223124249_800\" width=\"360\" height=\"219\" srcset=\"https:\/\/www.eldigitaldeasturias.com\/noticias\/wp-content\/uploads\/2016\/02\/fotonoticia_20160223124249_800-360x219.jpg 360w, https:\/\/www.eldigitaldeasturias.com\/noticias\/wp-content\/uploads\/2016\/02\/fotonoticia_20160223124249_800-768x467.jpg 768w, https:\/\/www.eldigitaldeasturias.com\/noticias\/wp-content\/uploads\/2016\/02\/fotonoticia_20160223124249_800-650x395.jpg 650w, https:\/\/www.eldigitaldeasturias.com\/noticias\/wp-content\/uploads\/2016\/02\/fotonoticia_20160223124249_800.jpg 800w\" sizes=\"auto, (max-width: 360px) 100vw, 360px\" \/>El presidente del Congreso, Patxi L\u00f3pez, ha propuesto este martes a la Junta de Portavoces que la sesi\u00f3n de investidura del secretario general del PSOE, Pedro S\u00e1nchez, como presidente del Gobierno se adelante un d\u00eda, es decir, comience el pr\u00f3ximo martes 1 de marzo por la tarde, con la \u00fanica intervenci\u00f3n del candidato, seg\u00fan informaron a Europa Press fuentes parlamentarias.<\/p>\n<p>As\u00ed las cosas, las intervenciones de los grupos tendr\u00edan lugar el mi\u00e9rcoles 2, as\u00ed como la votaci\u00f3n, que se celebrar\u00eda ese mismo d\u00eda por la noche. En esta votaci\u00f3n, S\u00e1nchez requerir\u00eda obtener la mayor\u00eda absoluta (176 votos) de la C\u00e1mara para ser investido presidente.<\/p>\n<p>Si, como es previsible, esto no sucede, S\u00e1nchez tendr\u00eda que someterse a una segunda votaci\u00f3n 48 horas despu\u00e9s, lo que podr\u00eda obligar a que la sesi\u00f3n para esa segunda votaci\u00f3n arrancara el viernes por la noche.<\/p>\n<p>Ante lo complicado de iniciar una sesi\u00f3n plenaria a esas horas, la previsi\u00f3n del presidente es mantener la fecha del s\u00e1bado 5 de marzo para ese debate y la correspondiente votaci\u00f3n. Entonces, el l\u00edder socialista necesitar\u00eda sumar m\u00e1s s\u00edes que noes para poder ser investido.<\/p>\n<p>LAS ELECCIONES SE MANTENDR\u00cdAN EL 26 DE JUNIO<\/p>\n<p>Las fuentes consultadas han explicado que el inicio del Pleno se debe a la necesidad de que pasen 54 d\u00edas desde la publicaci\u00f3n en el Bolet\u00edn Oficial del Estado (BOE) de la disoluci\u00f3n de las Cortes hasta la celebraci\u00f3n de las elecciones.<\/p>\n<p>Dado que el 2 de mayo finaliza el plazo de dos meses para conseguir la investidura, en caso de que S\u00e1nchez no lograra el aval del Congreso, el decreto de disoluci\u00f3n de las Cortes se publicar\u00eda en el BOE al d\u00eda siguiente y el plazo empezar\u00eda a correr a partir del d\u00eda 4, llevando las elecciones al domingo 26 de junio.<\/p>\n<p>En caso de que, como estaba previsto inicialmente, la primera votaci\u00f3n no tuviera lugar hasta el d\u00eda 3 de marzo, todos esos plazos se retrasar\u00edan un d\u00eda, con lo que las elecciones habr\u00edan ca\u00eddo un lunes.<\/p>\n","protected":false},"excerpt":{"rendered":"<p>El presidente del Congreso, Patxi L\u00f3pez, ha propuesto este martes a la Junta de Portavoces que la sesi\u00f3n de investidura del secretario general del PSOE, Pedro S\u00e1nchez, como presidente del Gobierno se adelante un d\u00eda, es decir, comience el pr\u00f3ximo martes 1 de marzo por la tarde, con la \u00fanica intervenci\u00f3n del candidato, seg\u00fan informaron [&hellip;]<\/p>\n","protected":false},"author":1,"featured_media":861468,"comment_status":"closed","ping_status":"closed","sticky":false,"template":"","format":"standard","meta":{"footnotes":""},"categories":[1],"tags":[],"class_list":["post-861467","post","type-post","status-publish","format-standard","has-post-thumbnail","hentry","category-actualidad"],"aioseo_notices":[],"aioseo_head":"\n\t\t<!-- All in One SEO Pro 4.9.6.2 - aioseo.com -->\n\t<meta name=\"description\" content=\"El presidente del Congreso, Patxi L\u00f3pez, ha propuesto este martes a la Junta de Portavoces que la sesi\u00f3n de investidura del secretario general del PSOE, Pedro S\u00e1nchez, como presidente del Gobierno se adelante un d\u00eda, es decir, comience el pr\u00f3ximo martes 1 de marzo por la tarde, con la \u00fanica intervenci\u00f3n del candidato, seg\u00fan informaron\" \/>\n\t<meta name=\"robots\" content=\"max-image-preview:large\" \/>\n\t<meta name=\"author\" content=\"El Digital de Asturias\"\/>\n\t<meta name=\"google-site-verification\" content=\"UA-38556648-1\" \/>\n\t<meta name=\"msvalidate.01\" content=\"7dfe9f3f1b24437ab69f4f2559babe99\" \/>\n\t<meta name=\"keywords\" content=\"actualidad\" \/>\n\t<link rel=\"canonical\" href=\"https:\/\/www.eldigitaldeasturias.com\/noticias\/el-pleno-de-investidura-de-pedro-sanchez-comenzara-el-1-de-marzo\/\" \/>\n\t<meta name=\"generator\" content=\"All in One SEO Pro (AIOSEO) 4.9.6.2\" \/>\n\t\t<meta property=\"og:locale\" content=\"es_ES\" \/>\n\t\t<meta property=\"og:site_name\" content=\"El Digital de Asturias\" \/>\n\t\t<meta property=\"og:type\" content=\"article\" \/>\n\t\t<meta property=\"og:title\" content=\"El Pleno de investidura de Pedro S\u00e1nchez comenzar\u00e1 el 1 de marzo - El Digital de Asturias\" \/>\n\t\t<meta property=\"og:description\" content=\"El presidente del Congreso, Patxi L\u00f3pez, ha propuesto este martes a la Junta de Portavoces que la sesi\u00f3n de investidura del secretario general del PSOE, Pedro S\u00e1nchez, como presidente del Gobierno se adelante un d\u00eda, es decir, comience el pr\u00f3ximo martes 1 de marzo por la tarde, con la \u00fanica intervenci\u00f3n del candidato, seg\u00fan informaron\" \/>\n\t\t<meta property=\"og:url\" content=\"https:\/\/www.eldigitaldeasturias.com\/noticias\/el-pleno-de-investidura-de-pedro-sanchez-comenzara-el-1-de-marzo\/\" \/>\n\t\t<meta property=\"og:image\" content=\"https:\/\/www.eldigitaldeasturias.com\/noticias\/wp-content\/uploads\/2016\/02\/fotonoticia_20160223124249_800.jpg\" \/>\n\t\t<meta property=\"og:image:secure_url\" content=\"https:\/\/www.eldigitaldeasturias.com\/noticias\/wp-content\/uploads\/2016\/02\/fotonoticia_20160223124249_800.jpg\" \/>\n\t\t<meta property=\"og:image:width\" content=\"800\" \/>\n\t\t<meta property=\"og:image:height\" content=\"486\" \/>\n\t\t<meta property=\"article:tag\" content=\"actualidad\" \/>\n\t\t<meta property=\"article:published_time\" content=\"2016-02-24T04:23:02+00:00\" \/>\n\t\t<meta property=\"article:modified_time\" content=\"2016-02-24T04:23:02+00:00\" \/>\n\t\t<meta property=\"article:publisher\" content=\"https:\/\/facebook.com\/eldigitaldeasturias\" \/>\n\t\t<meta name=\"twitter:card\" content=\"summary_large_image\" \/>\n\t\t<meta name=\"twitter:title\" content=\"El Pleno de investidura de Pedro S\u00e1nchez comenzar\u00e1 el 1 de marzo - El Digital de Asturias\" \/>\n\t\t<meta name=\"twitter:description\" content=\"El presidente del Congreso, Patxi L\u00f3pez, ha propuesto este martes a la Junta de Portavoces que la sesi\u00f3n de investidura del secretario general del PSOE, Pedro S\u00e1nchez, como presidente del Gobierno se adelante un d\u00eda, es decir, comience el pr\u00f3ximo martes 1 de marzo por la tarde, con la \u00fanica intervenci\u00f3n del candidato, seg\u00fan informaron\" \/>\n\t\t<meta name=\"twitter:image\" content=\"https:\/\/www.eldigitaldeasturias.com\/noticias\/wp-content\/uploads\/2016\/02\/fotonoticia_20160223124249_800.jpg\" \/>\n\t\t<meta name=\"twitter:label1\" content=\"Escrito por\" \/>\n\t\t<meta name=\"twitter:data1\" content=\"El Digital de Asturias\" \/>\n\t\t<meta name=\"twitter:label2\" content=\"Tiempo de lectura estimado\" \/>\n\t\t<meta name=\"twitter:data2\" content=\"2 minutos\" \/>\n\t\t<script type=\"application\/ld+json\" class=\"aioseo-schema\">\n\t\t\t{\"@context\":\"https:\\\/\\\/schema.org\",\"@graph\":[{\"@type\":\"BlogPosting\",\"@id\":\"https:\\\/\\\/www.eldigitaldeasturias.com\\\/noticias\\\/el-pleno-de-investidura-de-pedro-sanchez-comenzara-el-1-de-marzo\\\/#blogposting\",\"name\":\"El Pleno de investidura de Pedro S\\u00e1nchez comenzar\\u00e1 el 1 de marzo - El Digital de Asturias\",\"headline\":\"El Pleno de investidura de Pedro S\\u00e1nchez comenzar\\u00e1 el 1 de marzo\",\"author\":{\"@id\":\"https:\\\/\\\/www.eldigitaldeasturias.com\\\/noticias\\\/author\\\/admin\\\/#author\"},\"publisher\":{\"@id\":\"https:\\\/\\\/www.eldigitaldeasturias.com\\\/noticias\\\/#organization\"},\"image\":{\"@type\":\"ImageObject\",\"url\":\"https:\\\/\\\/www.eldigitaldeasturias.com\\\/noticias\\\/wp-content\\\/uploads\\\/2016\\\/02\\\/fotonoticia_20160223124249_800.jpg\",\"width\":800,\"height\":486},\"datePublished\":\"2016-02-24T04:23:02+01:00\",\"dateModified\":\"2016-02-24T04:23:02+01:00\",\"inLanguage\":\"es-ES\",\"mainEntityOfPage\":{\"@id\":\"https:\\\/\\\/www.eldigitaldeasturias.com\\\/noticias\\\/el-pleno-de-investidura-de-pedro-sanchez-comenzara-el-1-de-marzo\\\/#webpage\"},\"isPartOf\":{\"@id\":\"https:\\\/\\\/www.eldigitaldeasturias.com\\\/noticias\\\/el-pleno-de-investidura-de-pedro-sanchez-comenzara-el-1-de-marzo\\\/#webpage\"},\"articleSection\":\"Actualidad\"},{\"@type\":\"BreadcrumbList\",\"@id\":\"https:\\\/\\\/www.eldigitaldeasturias.com\\\/noticias\\\/el-pleno-de-investidura-de-pedro-sanchez-comenzara-el-1-de-marzo\\\/#breadcrumblist\",\"itemListElement\":[{\"@type\":\"ListItem\",\"@id\":\"https:\\\/\\\/www.eldigitaldeasturias.com\\\/noticias#listItem\",\"position\":1,\"name\":\"Home\",\"item\":\"https:\\\/\\\/www.eldigitaldeasturias.com\\\/noticias\",\"nextItem\":{\"@type\":\"ListItem\",\"@id\":\"https:\\\/\\\/www.eldigitaldeasturias.com\\\/noticias\\\/category\\\/actualidad\\\/#listItem\",\"name\":\"Actualidad\"}},{\"@type\":\"ListItem\",\"@id\":\"https:\\\/\\\/www.eldigitaldeasturias.com\\\/noticias\\\/category\\\/actualidad\\\/#listItem\",\"position\":2,\"name\":\"Actualidad\",\"item\":\"https:\\\/\\\/www.eldigitaldeasturias.com\\\/noticias\\\/category\\\/actualidad\\\/\",\"nextItem\":{\"@type\":\"ListItem\",\"@id\":\"https:\\\/\\\/www.eldigitaldeasturias.com\\\/noticias\\\/el-pleno-de-investidura-de-pedro-sanchez-comenzara-el-1-de-marzo\\\/#listItem\",\"name\":\"El Pleno de investidura de Pedro S\\u00e1nchez comenzar\\u00e1 el 1 de marzo\"},\"previousItem\":{\"@type\":\"ListItem\",\"@id\":\"https:\\\/\\\/www.eldigitaldeasturias.com\\\/noticias#listItem\",\"name\":\"Home\"}},{\"@type\":\"ListItem\",\"@id\":\"https:\\\/\\\/www.eldigitaldeasturias.com\\\/noticias\\\/el-pleno-de-investidura-de-pedro-sanchez-comenzara-el-1-de-marzo\\\/#listItem\",\"position\":3,\"name\":\"El Pleno de investidura de Pedro S\\u00e1nchez comenzar\\u00e1 el 1 de marzo\",\"previousItem\":{\"@type\":\"ListItem\",\"@id\":\"https:\\\/\\\/www.eldigitaldeasturias.com\\\/noticias\\\/category\\\/actualidad\\\/#listItem\",\"name\":\"Actualidad\"}}]},{\"@type\":\"Organization\",\"@id\":\"https:\\\/\\\/www.eldigitaldeasturias.com\\\/noticias\\\/#organization\",\"name\":\"El Digital de Asturias\",\"description\":\"Hemeroteca\",\"url\":\"https:\\\/\\\/www.eldigitaldeasturias.com\\\/noticias\\\/\",\"email\":\"info@eldigitaldeasturias.com\",\"telephone\":\"+34652131393\",\"logo\":{\"@type\":\"ImageObject\",\"url\":\"https:\\\/\\\/www.eldigitaldeasturias.com\\\/noticias\\\/wp-content\\\/uploads\\\/2020\\\/12\\\/EDA.jpg\",\"@id\":\"https:\\\/\\\/www.eldigitaldeasturias.com\\\/noticias\\\/el-pleno-de-investidura-de-pedro-sanchez-comenzara-el-1-de-marzo\\\/#organizationLogo\",\"width\":649,\"height\":297},\"image\":{\"@id\":\"https:\\\/\\\/www.eldigitaldeasturias.com\\\/noticias\\\/el-pleno-de-investidura-de-pedro-sanchez-comenzara-el-1-de-marzo\\\/#organizationLogo\"},\"sameAs\":[\"https:\\\/\\\/facebook.com\\\/eldigitaldeasturias\",\"https:\\\/\\\/www.youtube.com\\\/channel\\\/UCZP-2wLEB9Rv6erhFmqVnvg\"],\"address\":{\"@id\":\"https:\\\/\\\/www.eldigitaldeasturias.com\\\/noticias\\\/#postaladdress\",\"@type\":\"PostalAddress\",\"streetAddress\":\"san antonio 4,\",\"postalCode\":\"33430\",\"addressLocality\":\"Cand\\u00e1s\",\"addressRegion\":\"Asturias\",\"addressCountry\":\"ES\"}},{\"@type\":\"Person\",\"@id\":\"https:\\\/\\\/www.eldigitaldeasturias.com\\\/noticias\\\/author\\\/admin\\\/#author\",\"url\":\"https:\\\/\\\/www.eldigitaldeasturias.com\\\/noticias\\\/author\\\/admin\\\/\",\"name\":\"El Digital de Asturias\",\"image\":{\"@type\":\"ImageObject\",\"@id\":\"https:\\\/\\\/www.eldigitaldeasturias.com\\\/noticias\\\/el-pleno-de-investidura-de-pedro-sanchez-comenzara-el-1-de-marzo\\\/#authorImage\",\"url\":\"https:\\\/\\\/www.eldigitaldeasturias.com\\\/noticias\\\/wp-content\\\/litespeed\\\/avatar\\\/18677e78aa0546b92d9dbf31ec7d7668.jpg?ver=1777290358\",\"width\":96,\"height\":96,\"caption\":\"El Digital de Asturias\"}},{\"@type\":\"WebPage\",\"@id\":\"https:\\\/\\\/www.eldigitaldeasturias.com\\\/noticias\\\/el-pleno-de-investidura-de-pedro-sanchez-comenzara-el-1-de-marzo\\\/#webpage\",\"url\":\"https:\\\/\\\/www.eldigitaldeasturias.com\\\/noticias\\\/el-pleno-de-investidura-de-pedro-sanchez-comenzara-el-1-de-marzo\\\/\",\"name\":\"El Pleno de investidura de Pedro S\\u00e1nchez comenzar\\u00e1 el 1 de marzo - El Digital de Asturias\",\"description\":\"El presidente del Congreso, Patxi L\\u00f3pez, ha propuesto este martes a la Junta de Portavoces que la sesi\\u00f3n de investidura del secretario general del PSOE, Pedro S\\u00e1nchez, como presidente del Gobierno se adelante un d\\u00eda, es decir, comience el pr\\u00f3ximo martes 1 de marzo por la tarde, con la \\u00fanica intervenci\\u00f3n del candidato, seg\\u00fan informaron\",\"inLanguage\":\"es-ES\",\"isPartOf\":{\"@id\":\"https:\\\/\\\/www.eldigitaldeasturias.com\\\/noticias\\\/#website\"},\"breadcrumb\":{\"@id\":\"https:\\\/\\\/www.eldigitaldeasturias.com\\\/noticias\\\/el-pleno-de-investidura-de-pedro-sanchez-comenzara-el-1-de-marzo\\\/#breadcrumblist\"},\"author\":{\"@id\":\"https:\\\/\\\/www.eldigitaldeasturias.com\\\/noticias\\\/author\\\/admin\\\/#author\"},\"creator\":{\"@id\":\"https:\\\/\\\/www.eldigitaldeasturias.com\\\/noticias\\\/author\\\/admin\\\/#author\"},\"image\":{\"@type\":\"ImageObject\",\"url\":\"https:\\\/\\\/www.eldigitaldeasturias.com\\\/noticias\\\/wp-content\\\/uploads\\\/2016\\\/02\\\/fotonoticia_20160223124249_800.jpg\",\"@id\":\"https:\\\/\\\/www.eldigitaldeasturias.com\\\/noticias\\\/el-pleno-de-investidura-de-pedro-sanchez-comenzara-el-1-de-marzo\\\/#mainImage\",\"width\":800,\"height\":486},\"primaryImageOfPage\":{\"@id\":\"https:\\\/\\\/www.eldigitaldeasturias.com\\\/noticias\\\/el-pleno-de-investidura-de-pedro-sanchez-comenzara-el-1-de-marzo\\\/#mainImage\"},\"datePublished\":\"2016-02-24T04:23:02+01:00\",\"dateModified\":\"2016-02-24T04:23:02+01:00\"},{\"@type\":\"WebSite\",\"@id\":\"https:\\\/\\\/www.eldigitaldeasturias.com\\\/noticias\\\/#website\",\"url\":\"https:\\\/\\\/www.eldigitaldeasturias.com\\\/noticias\\\/\",\"name\":\"El Digital de Asturias - Diario de actualidad y noticias\",\"alternateName\":\"El Digital de Asturias - Diario de actualidad y noticias\",\"description\":\"Hemeroteca\",\"inLanguage\":\"es-ES\",\"publisher\":{\"@id\":\"https:\\\/\\\/www.eldigitaldeasturias.com\\\/noticias\\\/#organization\"}}]}\n\t\t<\/script>\n\t\t<!-- All in One SEO Pro -->\r\n\t\t<title>El Pleno de investidura de Pedro S\u00e1nchez comenzar\u00e1 el 1 de marzo - El Digital de Asturias<\/title>\n\n","aioseo_head_json":{"title":"El Pleno de investidura de Pedro S\u00e1nchez comenzar\u00e1 el 1 de marzo - El Digital de Asturias","description":"El presidente del Congreso, Patxi L\u00f3pez, ha propuesto este martes a la Junta de Portavoces que la sesi\u00f3n de investidura del secretario general del PSOE, Pedro S\u00e1nchez, como presidente del Gobierno se adelante un d\u00eda, es decir, comience el pr\u00f3ximo martes 1 de marzo por la tarde, con la \u00fanica intervenci\u00f3n del candidato, seg\u00fan informaron","canonical_url":"https:\/\/www.eldigitaldeasturias.com\/noticias\/el-pleno-de-investidura-de-pedro-sanchez-comenzara-el-1-de-marzo\/","robots":"max-image-preview:large","keywords":"actualidad","webmasterTools":{"google-site-verification":"UA-38556648-1","msvalidate.01":"7dfe9f3f1b24437ab69f4f2559babe99","miscellaneous":""},"schema":{"@context":"https:\/\/schema.org","@graph":[{"@type":"BlogPosting","@id":"https:\/\/www.eldigitaldeasturias.com\/noticias\/el-pleno-de-investidura-de-pedro-sanchez-comenzara-el-1-de-marzo\/#blogposting","name":"El Pleno de investidura de Pedro S\u00e1nchez comenzar\u00e1 el 1 de marzo - El Digital de Asturias","headline":"El Pleno de investidura de Pedro S\u00e1nchez comenzar\u00e1 el 1 de marzo","author":{"@id":"https:\/\/www.eldigitaldeasturias.com\/noticias\/author\/admin\/#author"},"publisher":{"@id":"https:\/\/www.eldigitaldeasturias.com\/noticias\/#organization"},"image":{"@type":"ImageObject","url":"https:\/\/www.eldigitaldeasturias.com\/noticias\/wp-content\/uploads\/2016\/02\/fotonoticia_20160223124249_800.jpg","width":800,"height":486},"datePublished":"2016-02-24T04:23:02+01:00","dateModified":"2016-02-24T04:23:02+01:00","inLanguage":"es-ES","mainEntityOfPage":{"@id":"https:\/\/www.eldigitaldeasturias.com\/noticias\/el-pleno-de-investidura-de-pedro-sanchez-comenzara-el-1-de-marzo\/#webpage"},"isPartOf":{"@id":"https:\/\/www.eldigitaldeasturias.com\/noticias\/el-pleno-de-investidura-de-pedro-sanchez-comenzara-el-1-de-marzo\/#webpage"},"articleSection":"Actualidad"},{"@type":"BreadcrumbList","@id":"https:\/\/www.eldigitaldeasturias.com\/noticias\/el-pleno-de-investidura-de-pedro-sanchez-comenzara-el-1-de-marzo\/#breadcrumblist","itemListElement":[{"@type":"ListItem","@id":"https:\/\/www.eldigitaldeasturias.com\/noticias#listItem","position":1,"name":"Home","item":"https:\/\/www.eldigitaldeasturias.com\/noticias","nextItem":{"@type":"ListItem","@id":"https:\/\/www.eldigitaldeasturias.com\/noticias\/category\/actualidad\/#listItem","name":"Actualidad"}},{"@type":"ListItem","@id":"https:\/\/www.eldigitaldeasturias.com\/noticias\/category\/actualidad\/#listItem","position":2,"name":"Actualidad","item":"https:\/\/www.eldigitaldeasturias.com\/noticias\/category\/actualidad\/","nextItem":{"@type":"ListItem","@id":"https:\/\/www.eldigitaldeasturias.com\/noticias\/el-pleno-de-investidura-de-pedro-sanchez-comenzara-el-1-de-marzo\/#listItem","name":"El Pleno de investidura de Pedro S\u00e1nchez comenzar\u00e1 el 1 de marzo"},"previousItem":{"@type":"ListItem","@id":"https:\/\/www.eldigitaldeasturias.com\/noticias#listItem","name":"Home"}},{"@type":"ListItem","@id":"https:\/\/www.eldigitaldeasturias.com\/noticias\/el-pleno-de-investidura-de-pedro-sanchez-comenzara-el-1-de-marzo\/#listItem","position":3,"name":"El Pleno de investidura de Pedro S\u00e1nchez comenzar\u00e1 el 1 de marzo","previousItem":{"@type":"ListItem","@id":"https:\/\/www.eldigitaldeasturias.com\/noticias\/category\/actualidad\/#listItem","name":"Actualidad"}}]},{"@type":"Organization","@id":"https:\/\/www.eldigitaldeasturias.com\/noticias\/#organization","name":"El Digital de Asturias","description":"Hemeroteca","url":"https:\/\/www.eldigitaldeasturias.com\/noticias\/","email":"info@eldigitaldeasturias.com","telephone":"+34652131393","logo":{"@type":"ImageObject","url":"https:\/\/www.eldigitaldeasturias.com\/noticias\/wp-content\/uploads\/2020\/12\/EDA.jpg","@id":"https:\/\/www.eldigitaldeasturias.com\/noticias\/el-pleno-de-investidura-de-pedro-sanchez-comenzara-el-1-de-marzo\/#organizationLogo","width":649,"height":297},"image":{"@id":"https:\/\/www.eldigitaldeasturias.com\/noticias\/el-pleno-de-investidura-de-pedro-sanchez-comenzara-el-1-de-marzo\/#organizationLogo"},"sameAs":["https:\/\/facebook.com\/eldigitaldeasturias","https:\/\/www.youtube.com\/channel\/UCZP-2wLEB9Rv6erhFmqVnvg"],"address":{"@id":"https:\/\/www.eldigitaldeasturias.com\/noticias\/#postaladdress","@type":"PostalAddress","streetAddress":"san antonio 4,","postalCode":"33430","addressLocality":"Cand\u00e1s","addressRegion":"Asturias","addressCountry":"ES"}},{"@type":"Person","@id":"https:\/\/www.eldigitaldeasturias.com\/noticias\/author\/admin\/#author","url":"https:\/\/www.eldigitaldeasturias.com\/noticias\/author\/admin\/","name":"El Digital de Asturias","image":{"@type":"ImageObject","@id":"https:\/\/www.eldigitaldeasturias.com\/noticias\/el-pleno-de-investidura-de-pedro-sanchez-comenzara-el-1-de-marzo\/#authorImage","url":"https:\/\/www.eldigitaldeasturias.com\/noticias\/wp-content\/litespeed\/avatar\/18677e78aa0546b92d9dbf31ec7d7668.jpg?ver=1777290358","width":96,"height":96,"caption":"El Digital de Asturias"}},{"@type":"WebPage","@id":"https:\/\/www.eldigitaldeasturias.com\/noticias\/el-pleno-de-investidura-de-pedro-sanchez-comenzara-el-1-de-marzo\/#webpage","url":"https:\/\/www.eldigitaldeasturias.com\/noticias\/el-pleno-de-investidura-de-pedro-sanchez-comenzara-el-1-de-marzo\/","name":"El Pleno de investidura de Pedro S\u00e1nchez comenzar\u00e1 el 1 de marzo - El Digital de Asturias","description":"El presidente del Congreso, Patxi L\u00f3pez, ha propuesto este martes a la Junta de Portavoces que la sesi\u00f3n de investidura del secretario general del PSOE, Pedro S\u00e1nchez, como presidente del Gobierno se adelante un d\u00eda, es decir, comience el pr\u00f3ximo martes 1 de marzo por la tarde, con la \u00fanica intervenci\u00f3n del candidato, seg\u00fan informaron","inLanguage":"es-ES","isPartOf":{"@id":"https:\/\/www.eldigitaldeasturias.com\/noticias\/#website"},"breadcrumb":{"@id":"https:\/\/www.eldigitaldeasturias.com\/noticias\/el-pleno-de-investidura-de-pedro-sanchez-comenzara-el-1-de-marzo\/#breadcrumblist"},"author":{"@id":"https:\/\/www.eldigitaldeasturias.com\/noticias\/author\/admin\/#author"},"creator":{"@id":"https:\/\/www.eldigitaldeasturias.com\/noticias\/author\/admin\/#author"},"image":{"@type":"ImageObject","url":"https:\/\/www.eldigitaldeasturias.com\/noticias\/wp-content\/uploads\/2016\/02\/fotonoticia_20160223124249_800.jpg","@id":"https:\/\/www.eldigitaldeasturias.com\/noticias\/el-pleno-de-investidura-de-pedro-sanchez-comenzara-el-1-de-marzo\/#mainImage","width":800,"height":486},"primaryImageOfPage":{"@id":"https:\/\/www.eldigitaldeasturias.com\/noticias\/el-pleno-de-investidura-de-pedro-sanchez-comenzara-el-1-de-marzo\/#mainImage"},"datePublished":"2016-02-24T04:23:02+01:00","dateModified":"2016-02-24T04:23:02+01:00"},{"@type":"WebSite","@id":"https:\/\/www.eldigitaldeasturias.com\/noticias\/#website","url":"https:\/\/www.eldigitaldeasturias.com\/noticias\/","name":"El Digital de Asturias - Diario de actualidad y noticias","alternateName":"El Digital de Asturias - Diario de actualidad y noticias","description":"Hemeroteca","inLanguage":"es-ES","publisher":{"@id":"https:\/\/www.eldigitaldeasturias.com\/noticias\/#organization"}}]},"og:locale":"es_ES","og:site_name":"El Digital de Asturias","og:type":"article","og:title":"El Pleno de investidura de Pedro S\u00e1nchez comenzar\u00e1 el 1 de marzo - El Digital de Asturias","og:description":"El presidente del Congreso, Patxi L\u00f3pez, ha propuesto este martes a la Junta de Portavoces que la sesi\u00f3n de investidura del secretario general del PSOE, Pedro S\u00e1nchez, como presidente del Gobierno se adelante un d\u00eda, es decir, comience el pr\u00f3ximo martes 1 de marzo por la tarde, con la \u00fanica intervenci\u00f3n del candidato, seg\u00fan informaron","og:url":"https:\/\/www.eldigitaldeasturias.com\/noticias\/el-pleno-de-investidura-de-pedro-sanchez-comenzara-el-1-de-marzo\/","og:image":"https:\/\/www.eldigitaldeasturias.com\/noticias\/wp-content\/uploads\/2016\/02\/fotonoticia_20160223124249_800.jpg","og:image:secure_url":"https:\/\/www.eldigitaldeasturias.com\/noticias\/wp-content\/uploads\/2016\/02\/fotonoticia_20160223124249_800.jpg","og:image:width":800,"og:image:height":486,"article:tag":["actualidad"],"article:published_time":"2016-02-24T04:23:02+00:00","article:modified_time":"2016-02-24T04:23:02+00:00","article:publisher":"https:\/\/facebook.com\/eldigitaldeasturias","twitter:card":"summary_large_image","twitter:title":"El Pleno de investidura de Pedro S\u00e1nchez comenzar\u00e1 el 1 de marzo - El Digital de Asturias","twitter:description":"El presidente del Congreso, Patxi L\u00f3pez, ha propuesto este martes a la Junta de Portavoces que la sesi\u00f3n de investidura del secretario general del PSOE, Pedro S\u00e1nchez, como presidente del Gobierno se adelante un d\u00eda, es decir, comience el pr\u00f3ximo martes 1 de marzo por la tarde, con la \u00fanica intervenci\u00f3n del candidato, seg\u00fan informaron","twitter:image":"https:\/\/www.eldigitaldeasturias.com\/noticias\/wp-content\/uploads\/2016\/02\/fotonoticia_20160223124249_800.jpg","twitter:label1":"Escrito por","twitter:data1":"El Digital de Asturias","twitter:label2":"Tiempo de lectura estimado","twitter:data2":"2 minutos"},"aioseo_meta_data":{"post_id":"861467","title":null,"description":null,"keywords":null,"keyphrases":null,"primary_term":null,"canonical_url":null,"og_title":null,"og_description":null,"og_object_type":"default","og_image_type":"default","og_image_url":null,"og_image_width":null,"og_image_height":null,"og_image_custom_url":null,"og_image_custom_fields":null,"og_video":null,"og_custom_url":null,"og_article_section":null,"og_article_tags":null,"twitter_use_og":false,"twitter_card":"default","twitter_image_type":"default","twitter_image_url":null,"twitter_image_custom_url":null,"twitter_image_custom_fields":null,"twitter_title":null,"twitter_description":null,"schema":{"blockGraphs":[],"customGraphs":[],"default":{"data":{"Article":[],"Course":[],"Dataset":[],"FAQPage":[],"Movie":[],"Person":[],"Product":[],"ProductReview":[],"Car":[],"Recipe":[],"Service":[],"SoftwareApplication":[],"WebPage":[]},"graphName":"","isEnabled":true},"graphs":[],"defaultGraph":"","defaultPostTypeGraph":""},"schema_type":null,"schema_type_options":null,"pillar_content":false,"robots_default":true,"robots_noindex":false,"robots_noarchive":false,"robots_nosnippet":false,"robots_nofollow":false,"robots_noimageindex":false,"robots_noodp":false,"robots_notranslate":false,"robots_max_snippet":null,"robots_max_videopreview":null,"robots_max_imagepreview":"large","priority":null,"frequency":null,"local_seo":null,"seo_analyzer_scan_date":"2025-12-10 21:21:07","breadcrumb_settings":null,"limit_modified_date":false,"open_ai":null,"ai":null,"created":"2021-01-22 18:07:33","updated":"2025-12-10 21:21:07"},"aioseo_breadcrumb":"<div class=\"aioseo-breadcrumbs\"><span class=\"aioseo-breadcrumb\">\n\t<a href=\"https:\/\/www.eldigitaldeasturias.com\/noticias\" title=\"Home\">Home<\/a>\n<\/span><span class=\"aioseo-breadcrumb-separator\">\u2013<\/span><span class=\"aioseo-breadcrumb\">\n\t<a href=\"https:\/\/www.eldigitaldeasturias.com\/noticias\/category\/actualidad\/\" title=\"Actualidad\">Actualidad<\/a>\n<\/span><span class=\"aioseo-breadcrumb-separator\">\u2013<\/span><span class=\"aioseo-breadcrumb\">\n\t<a href=\"https:\/\/www.eldigitaldeasturias.com\/noticias\/el-pleno-de-investidura-de-pedro-sanchez-comenzara-el-1-de-marzo\/\" title=\"El Pleno de investidura de Pedro S\u00e1nchez comenzar\u00e1 el 1 de marzo\">El Pleno de investidura de Pedro S\u00e1nchez comenzar\u00e1 el 1 de marzo<\/a>\n<\/span><\/div>","aioseo_breadcrumb_json":[{"label":"Home","link":"https:\/\/www.eldigitaldeasturias.com\/noticias"},{"label":"Actualidad","link":"https:\/\/www.eldigitaldeasturias.com\/noticias\/category\/actualidad\/"},{"label":"El Pleno de investidura de Pedro S\u00e1nchez comenzar\u00e1 el 1 de marzo","link":"https:\/\/www.eldigitaldeasturias.com\/noticias\/el-pleno-de-investidura-de-pedro-sanchez-comenzara-el-1-de-marzo\/"}],"_links":{"self":[{"href":"https:\/\/www.eldigitaldeasturias.com\/noticias\/wp-json\/wp\/v2\/posts\/861467","targetHints":{"allow":["GET"]}}],"collection":[{"href":"https:\/\/www.eldigitaldeasturias.com\/noticias\/wp-json\/wp\/v2\/posts"}],"about":[{"href":"https:\/\/www.eldigitaldeasturias.com\/noticias\/wp-json\/wp\/v2\/types\/post"}],"author":[{"embeddable":true,"href":"https:\/\/www.eldigitaldeasturias.com\/noticias\/wp-json\/wp\/v2\/users\/1"}],"replies":[{"embeddable":true,"href":"https:\/\/www.eldigitaldeasturias.com\/noticias\/wp-json\/wp\/v2\/comments?post=861467"}],"version-history":[{"count":0,"href":"https:\/\/www.eldigitaldeasturias.com\/noticias\/wp-json\/wp\/v2\/posts\/861467\/revisions"}],"wp:featuredmedia":[{"embeddable":true,"href":"https:\/\/www.eldigitaldeasturias.com\/noticias\/wp-json\/wp\/v2\/media\/861468"}],"wp:attachment":[{"href":"https:\/\/www.eldigitaldeasturias.com\/noticias\/wp-json\/wp\/v2\/media?parent=861467"}],"wp:term":[{"taxonomy":"category","embeddable":true,"href":"https:\/\/www.eldigitaldeasturias.com\/noticias\/wp-json\/wp\/v2\/categories?post=861467"},{"taxonomy":"post_tag","embeddable":true,"href":"https:\/\/www.eldigitaldeasturias.com\/noticias\/wp-json\/wp\/v2\/tags?post=861467"}],"curies":[{"name":"wp","href":"https:\/\/api.w.org\/{rel}","templated":true}]}}