{"id":861461,"date":"2016-02-24T04:20:06","date_gmt":"2016-02-24T04:20:06","guid":{"rendered":"http:\/\/www.eldigitaldeasturias.com\/noticias\/?p=861461"},"modified":"2016-02-24T04:20:06","modified_gmt":"2016-02-24T04:20:06","slug":"rato-dijo-al-juez-que-no-figura-como-administrador-de-sus-empresas-para-generar-la-menor-atencion-posible","status":"publish","type":"post","link":"https:\/\/www.eldigitaldeasturias.com\/noticias\/rato-dijo-al-juez-que-no-figura-como-administrador-de-sus-empresas-para-generar-la-menor-atencion-posible\/","title":{"rendered":"Rato dijo al juez que no figura como administrador de sus empresas \u00abpara generar la menor atenci\u00f3n posible\u00bb"},"content":{"rendered":"<p><img loading=\"lazy\" decoding=\"async\" class=\"alignleft size-medium wp-image-861462\" src=\"https:\/\/www.eldigitaldeasturias.com\/noticias\/wp-content\/uploads\/2016\/02\/fotonoticia_20160223122637_800-360x240.jpg\" alt=\"fotonoticia_20160223122637_800\" width=\"360\" height=\"240\" srcset=\"https:\/\/www.eldigitaldeasturias.com\/noticias\/wp-content\/uploads\/2016\/02\/fotonoticia_20160223122637_800-360x240.jpg 360w, https:\/\/www.eldigitaldeasturias.com\/noticias\/wp-content\/uploads\/2016\/02\/fotonoticia_20160223122637_800-768x513.jpg 768w, https:\/\/www.eldigitaldeasturias.com\/noticias\/wp-content\/uploads\/2016\/02\/fotonoticia_20160223122637_800-650x434.jpg 650w, https:\/\/www.eldigitaldeasturias.com\/noticias\/wp-content\/uploads\/2016\/02\/fotonoticia_20160223122637_800-84x55.jpg 84w, https:\/\/www.eldigitaldeasturias.com\/noticias\/wp-content\/uploads\/2016\/02\/fotonoticia_20160223122637_800-49x32.jpg 49w, https:\/\/www.eldigitaldeasturias.com\/noticias\/wp-content\/uploads\/2016\/02\/fotonoticia_20160223122637_800.jpg 800w\" sizes=\"auto, (max-width: 360px) 100vw, 360px\" \/>El exvicepresidente del Gobierno Rodrigo Rato asegur\u00f3 ante el juez que investiga irregularidades en su patrimonio que no figura como administrador de sus empresas \u00abporque su nombre genera una atenci\u00f3n que ten\u00eda consecuencias no positivas en su trabajo profesional\u00bb. \u00abPrefiero la menor atenci\u00f3n posible\u00bb, indic\u00f3 en su segunda declaraci\u00f3n judicial, prestada en octubre del pasado a\u00f1o.<\/p>\n<p>Seg\u00fan se desprende del acta del interrogatorio incluida en el sumario del caso Rato, al que ha tenido acceso Europa Press, el expresidente de Bankia precis\u00f3 que \u00absiempre que ha tenido la obligaci\u00f3n de hacerlo, ha declarado la titularidad de sus bienes\u00bb y dijo que \u00abnunca\u00bb ha tenido un testaferro.<\/p>\n<p>El juez de instrucci\u00f3n 31 de Madrid, Antonio Serrano-Arnal, le investiga por la comisi\u00f3n de delitos contra la Hacienda P\u00fablica, blanqueo y corrupci\u00f3n entre particulares junto a otra decena de personas. Tras tomarle declaraci\u00f3n en octubre, el magistrado dispuso la retirada de su pasaporte. Volvi\u00f3 a citarle el pasado viernes en el marco de una nueva pieza secreta de la causa que investiga presuntas comisiones ilegales recibidas del banco de inversiones privadas Lazard.<\/p>\n<p>En octubre, Rato se refiri\u00f3 tambi\u00e9n a la regularizaci\u00f3n fiscal sin sanci\u00f3n a la que se acogi\u00f3 en 2012 y 2013 para declarar patrimonio hasta entonces no conocido por el fisco y precis\u00f3 que decidi\u00f3 aflorar este dinero \u00abporque quiere traer todos sus bienes a Espa\u00f1a\u00bb.<\/p>\n<p>La Oficina Nacional de Investigaci\u00f3n del Fraude (ONIF) sospecha que dispone, de forma personal o a trav\u00e9s de compa\u00f1\u00edas interpuestas, de medio centenar de cuentas en el extranjero repartidas en pa\u00edses como Suiza, Reino Unido, M\u00f3naco, Estados Unidos, Francia, Luxemburgo y Gibraltar.<\/p>\n<p>Seg\u00fan se desprende de uno de sus informes de avance, la ONIF cree, adem\u00e1s, que el entramado societario tiene tambi\u00e9n dep\u00f3sitos en Alemania, Australia, Brasil, Italia, Pa\u00edses Bajos, Suazilandia y Dominica.<\/p>\n<p>El que fuera ministro de Hacienda, que justific\u00f3 su fortuna en base al patrimonio familiar heredado a partir de 2007, neg\u00f3, adem\u00e1s, haber cometido delitos fiscales y precis\u00f3 que la Agencia Tributaria no tiene \u00abun criterio estable sobre la facturaci\u00f3n a trav\u00e9s de empresas profesionales\u00bb. A este respecto, agreg\u00f3 que varias sentencias han dado la raz\u00f3n a los contribuyentes permitiendo la facturaci\u00f3n a trav\u00e9s de sociedades.<\/p>\n<p>PR\u00c9STAMO DE LAZARD<\/p>\n<p>Durante su declaraci\u00f3n judicial Rato ofreci\u00f3 detalles sobre varios pr\u00e9stamos sospechosos investigados en el procedimiento. El juez y la Fiscal\u00eda Anticorrupci\u00f3n pusieron, ya entonces, el foco en Lazard. Rato reconoci\u00f3 haber recibido del banco, en el que trabaj\u00f3 antes de su nombramiento como presidente de Caja Madrid, un \u00abcr\u00e9dito puente\u00bb de dos millones de d\u00f3lares que devolvi\u00f3 cuando vencieron una obligaciones sobre acciones incluidas en su contrato.<\/p>\n<p>El expresidente de Bankia neg\u00f3 haber favorecido la concesi\u00f3n de contratos de la entidad con Lazard. Precis\u00f3 que \u00e9ste era asesor de Caja Madrid desde antes de que \u00e9l fuera presidente. Tras su nombramiento, particip\u00f3 como asesor en la fusi\u00f3n de las siete cajas que conformaron Bankia y en su salida a Bolsa. \u00abPara ser asesor en fusi\u00f3n no hubo concurso\u00bb, precis\u00f3 Rato que admiti\u00f3 que decidi\u00f3 designar para esta funci\u00f3n a su anterior empresa, \u00abtras escuchar otros criterios\u00bb.<\/p>\n<p>Tambi\u00e9n neg\u00f3 que Bankia concediera cr\u00e9ditos a empresas de su propiedad y se refiri\u00f3 a la financiaci\u00f3n &#8216;extra&#8217; ofrecida por una de sus empresas, Cor Comunicaci\u00f3n, a la internacional Bargerpleta, constructora de un hotel en Berl\u00edn. Seg\u00fan dijo, la construcci\u00f3n del establecimiento hotelero fue \u00abm\u00e1s onerosa de lo previsto\u00bb por lo que Cor prest\u00f3 800.000 euros a Bagerpleta &#8211;en parte a trav\u00e9s de Kradonara&#8211; para aumentar la inversi\u00f3n.<\/p>\n","protected":false},"excerpt":{"rendered":"<p>El exvicepresidente del Gobierno Rodrigo Rato asegur\u00f3 ante el juez que investiga irregularidades en su patrimonio que no figura como administrador de sus empresas \u00abporque su nombre genera una atenci\u00f3n que ten\u00eda consecuencias no positivas en su trabajo profesional\u00bb. \u00abPrefiero la menor atenci\u00f3n posible\u00bb, indic\u00f3 en su segunda declaraci\u00f3n judicial, prestada en octubre del pasado [&hellip;]<\/p>\n","protected":false},"author":1,"featured_media":861462,"comment_status":"closed","ping_status":"closed","sticky":false,"template":"","format":"standard","meta":{"footnotes":""},"categories":[5],"tags":[],"class_list":["post-861461","post","type-post","status-publish","format-standard","has-post-thumbnail","hentry","category-sucesos"],"aioseo_notices":[],"aioseo_head":"\n\t\t<!-- All in One SEO Pro 4.9.6.2 - aioseo.com -->\n\t<meta name=\"description\" content=\"El exvicepresidente del Gobierno Rodrigo Rato asegur\u00f3 ante el juez que investiga irregularidades en su patrimonio que no figura como administrador de sus empresas &quot;porque su nombre genera una atenci\u00f3n que ten\u00eda consecuencias no positivas en su trabajo profesional&quot;. &quot;Prefiero la menor atenci\u00f3n posible&quot;, indic\u00f3 en su segunda declaraci\u00f3n judicial, prestada en octubre del pasado\" \/>\n\t<meta name=\"robots\" content=\"max-image-preview:large\" \/>\n\t<meta name=\"author\" content=\"El Digital de Asturias\"\/>\n\t<meta name=\"google-site-verification\" content=\"UA-38556648-1\" \/>\n\t<meta name=\"msvalidate.01\" content=\"7dfe9f3f1b24437ab69f4f2559babe99\" \/>\n\t<meta name=\"keywords\" content=\"sucesos\" \/>\n\t<link rel=\"canonical\" href=\"https:\/\/www.eldigitaldeasturias.com\/noticias\/rato-dijo-al-juez-que-no-figura-como-administrador-de-sus-empresas-para-generar-la-menor-atencion-posible\/\" \/>\n\t<meta name=\"generator\" content=\"All in One SEO Pro (AIOSEO) 4.9.6.2\" \/>\n\t\t<meta property=\"og:locale\" content=\"es_ES\" \/>\n\t\t<meta property=\"og:site_name\" content=\"El Digital de Asturias\" \/>\n\t\t<meta property=\"og:type\" content=\"article\" \/>\n\t\t<meta property=\"og:title\" content=\"Rato dijo al juez que no figura como administrador de sus empresas \u00abpara generar la menor atenci\u00f3n posible\u00bb - El Digital de Asturias\" \/>\n\t\t<meta property=\"og:description\" content=\"El exvicepresidente del Gobierno Rodrigo Rato asegur\u00f3 ante el juez que investiga irregularidades en su patrimonio que no figura como administrador de sus empresas &quot;porque su nombre genera una atenci\u00f3n que ten\u00eda consecuencias no positivas en su trabajo profesional&quot;. &quot;Prefiero la menor atenci\u00f3n posible&quot;, indic\u00f3 en su segunda declaraci\u00f3n judicial, prestada en octubre del pasado\" \/>\n\t\t<meta property=\"og:url\" content=\"https:\/\/www.eldigitaldeasturias.com\/noticias\/rato-dijo-al-juez-que-no-figura-como-administrador-de-sus-empresas-para-generar-la-menor-atencion-posible\/\" \/>\n\t\t<meta property=\"og:image\" content=\"https:\/\/www.eldigitaldeasturias.com\/noticias\/wp-content\/uploads\/2016\/02\/fotonoticia_20160223122637_800.jpg\" \/>\n\t\t<meta property=\"og:image:secure_url\" content=\"https:\/\/www.eldigitaldeasturias.com\/noticias\/wp-content\/uploads\/2016\/02\/fotonoticia_20160223122637_800.jpg\" \/>\n\t\t<meta property=\"og:image:width\" content=\"800\" \/>\n\t\t<meta property=\"og:image:height\" content=\"534\" \/>\n\t\t<meta property=\"article:tag\" content=\"sucesos\" \/>\n\t\t<meta property=\"article:published_time\" content=\"2016-02-24T04:20:06+00:00\" \/>\n\t\t<meta property=\"article:modified_time\" content=\"2016-02-24T04:20:06+00:00\" \/>\n\t\t<meta property=\"article:publisher\" content=\"https:\/\/facebook.com\/eldigitaldeasturias\" \/>\n\t\t<meta name=\"twitter:card\" content=\"summary_large_image\" \/>\n\t\t<meta name=\"twitter:title\" content=\"Rato dijo al juez que no figura como administrador de sus empresas \u00abpara generar la menor atenci\u00f3n posible\u00bb - El Digital de Asturias\" \/>\n\t\t<meta name=\"twitter:description\" content=\"El exvicepresidente del Gobierno Rodrigo Rato asegur\u00f3 ante el juez que investiga irregularidades en su patrimonio que no figura como administrador de sus empresas &quot;porque su nombre genera una atenci\u00f3n que ten\u00eda consecuencias no positivas en su trabajo profesional&quot;. &quot;Prefiero la menor atenci\u00f3n posible&quot;, indic\u00f3 en su segunda declaraci\u00f3n judicial, prestada en octubre del pasado\" \/>\n\t\t<meta name=\"twitter:image\" content=\"https:\/\/www.eldigitaldeasturias.com\/noticias\/wp-content\/uploads\/2016\/02\/fotonoticia_20160223122637_800.jpg\" \/>\n\t\t<meta name=\"twitter:label1\" content=\"Escrito por\" \/>\n\t\t<meta name=\"twitter:data1\" content=\"El Digital de Asturias\" \/>\n\t\t<meta name=\"twitter:label2\" content=\"Tiempo de lectura estimado\" \/>\n\t\t<meta name=\"twitter:data2\" content=\"3 minutos\" \/>\n\t\t<script type=\"application\/ld+json\" class=\"aioseo-schema\">\n\t\t\t{\"@context\":\"https:\\\/\\\/schema.org\",\"@graph\":[{\"@type\":\"BlogPosting\",\"@id\":\"https:\\\/\\\/www.eldigitaldeasturias.com\\\/noticias\\\/rato-dijo-al-juez-que-no-figura-como-administrador-de-sus-empresas-para-generar-la-menor-atencion-posible\\\/#blogposting\",\"name\":\"Rato dijo al juez que no figura como administrador de sus empresas \\u00abpara generar la menor atenci\\u00f3n posible\\u00bb - El Digital de Asturias\",\"headline\":\"Rato dijo al juez que no figura como administrador de sus empresas \\u00abpara generar la menor atenci\\u00f3n posible\\u00bb\",\"author\":{\"@id\":\"https:\\\/\\\/www.eldigitaldeasturias.com\\\/noticias\\\/author\\\/admin\\\/#author\"},\"publisher\":{\"@id\":\"https:\\\/\\\/www.eldigitaldeasturias.com\\\/noticias\\\/#organization\"},\"image\":{\"@type\":\"ImageObject\",\"url\":\"https:\\\/\\\/www.eldigitaldeasturias.com\\\/noticias\\\/wp-content\\\/uploads\\\/2016\\\/02\\\/fotonoticia_20160223122637_800.jpg\",\"width\":800,\"height\":534},\"datePublished\":\"2016-02-24T04:20:06+01:00\",\"dateModified\":\"2016-02-24T04:20:06+01:00\",\"inLanguage\":\"es-ES\",\"mainEntityOfPage\":{\"@id\":\"https:\\\/\\\/www.eldigitaldeasturias.com\\\/noticias\\\/rato-dijo-al-juez-que-no-figura-como-administrador-de-sus-empresas-para-generar-la-menor-atencion-posible\\\/#webpage\"},\"isPartOf\":{\"@id\":\"https:\\\/\\\/www.eldigitaldeasturias.com\\\/noticias\\\/rato-dijo-al-juez-que-no-figura-como-administrador-de-sus-empresas-para-generar-la-menor-atencion-posible\\\/#webpage\"},\"articleSection\":\"Sucesos\"},{\"@type\":\"BreadcrumbList\",\"@id\":\"https:\\\/\\\/www.eldigitaldeasturias.com\\\/noticias\\\/rato-dijo-al-juez-que-no-figura-como-administrador-de-sus-empresas-para-generar-la-menor-atencion-posible\\\/#breadcrumblist\",\"itemListElement\":[{\"@type\":\"ListItem\",\"@id\":\"https:\\\/\\\/www.eldigitaldeasturias.com\\\/noticias#listItem\",\"position\":1,\"name\":\"Home\",\"item\":\"https:\\\/\\\/www.eldigitaldeasturias.com\\\/noticias\",\"nextItem\":{\"@type\":\"ListItem\",\"@id\":\"https:\\\/\\\/www.eldigitaldeasturias.com\\\/noticias\\\/category\\\/sucesos\\\/#listItem\",\"name\":\"Sucesos\"}},{\"@type\":\"ListItem\",\"@id\":\"https:\\\/\\\/www.eldigitaldeasturias.com\\\/noticias\\\/category\\\/sucesos\\\/#listItem\",\"position\":2,\"name\":\"Sucesos\",\"item\":\"https:\\\/\\\/www.eldigitaldeasturias.com\\\/noticias\\\/category\\\/sucesos\\\/\",\"nextItem\":{\"@type\":\"ListItem\",\"@id\":\"https:\\\/\\\/www.eldigitaldeasturias.com\\\/noticias\\\/rato-dijo-al-juez-que-no-figura-como-administrador-de-sus-empresas-para-generar-la-menor-atencion-posible\\\/#listItem\",\"name\":\"Rato dijo al juez que no figura como administrador de sus empresas \\u00abpara generar la menor atenci\\u00f3n posible\\u00bb\"},\"previousItem\":{\"@type\":\"ListItem\",\"@id\":\"https:\\\/\\\/www.eldigitaldeasturias.com\\\/noticias#listItem\",\"name\":\"Home\"}},{\"@type\":\"ListItem\",\"@id\":\"https:\\\/\\\/www.eldigitaldeasturias.com\\\/noticias\\\/rato-dijo-al-juez-que-no-figura-como-administrador-de-sus-empresas-para-generar-la-menor-atencion-posible\\\/#listItem\",\"position\":3,\"name\":\"Rato dijo al juez que no figura como administrador de sus empresas \\u00abpara generar la menor atenci\\u00f3n posible\\u00bb\",\"previousItem\":{\"@type\":\"ListItem\",\"@id\":\"https:\\\/\\\/www.eldigitaldeasturias.com\\\/noticias\\\/category\\\/sucesos\\\/#listItem\",\"name\":\"Sucesos\"}}]},{\"@type\":\"Organization\",\"@id\":\"https:\\\/\\\/www.eldigitaldeasturias.com\\\/noticias\\\/#organization\",\"name\":\"El Digital de Asturias\",\"description\":\"Hemeroteca\",\"url\":\"https:\\\/\\\/www.eldigitaldeasturias.com\\\/noticias\\\/\",\"email\":\"info@eldigitaldeasturias.com\",\"telephone\":\"+34652131393\",\"logo\":{\"@type\":\"ImageObject\",\"url\":\"https:\\\/\\\/www.eldigitaldeasturias.com\\\/noticias\\\/wp-content\\\/uploads\\\/2020\\\/12\\\/EDA.jpg\",\"@id\":\"https:\\\/\\\/www.eldigitaldeasturias.com\\\/noticias\\\/rato-dijo-al-juez-que-no-figura-como-administrador-de-sus-empresas-para-generar-la-menor-atencion-posible\\\/#organizationLogo\",\"width\":649,\"height\":297},\"image\":{\"@id\":\"https:\\\/\\\/www.eldigitaldeasturias.com\\\/noticias\\\/rato-dijo-al-juez-que-no-figura-como-administrador-de-sus-empresas-para-generar-la-menor-atencion-posible\\\/#organizationLogo\"},\"sameAs\":[\"https:\\\/\\\/facebook.com\\\/eldigitaldeasturias\",\"https:\\\/\\\/www.youtube.com\\\/channel\\\/UCZP-2wLEB9Rv6erhFmqVnvg\"],\"address\":{\"@id\":\"https:\\\/\\\/www.eldigitaldeasturias.com\\\/noticias\\\/#postaladdress\",\"@type\":\"PostalAddress\",\"streetAddress\":\"san antonio 4,\",\"postalCode\":\"33430\",\"addressLocality\":\"Cand\\u00e1s\",\"addressRegion\":\"Asturias\",\"addressCountry\":\"ES\"}},{\"@type\":\"Person\",\"@id\":\"https:\\\/\\\/www.eldigitaldeasturias.com\\\/noticias\\\/author\\\/admin\\\/#author\",\"url\":\"https:\\\/\\\/www.eldigitaldeasturias.com\\\/noticias\\\/author\\\/admin\\\/\",\"name\":\"El Digital de Asturias\",\"image\":{\"@type\":\"ImageObject\",\"@id\":\"https:\\\/\\\/www.eldigitaldeasturias.com\\\/noticias\\\/rato-dijo-al-juez-que-no-figura-como-administrador-de-sus-empresas-para-generar-la-menor-atencion-posible\\\/#authorImage\",\"url\":\"https:\\\/\\\/www.eldigitaldeasturias.com\\\/noticias\\\/wp-content\\\/litespeed\\\/avatar\\\/18677e78aa0546b92d9dbf31ec7d7668.jpg?ver=1777290358\",\"width\":96,\"height\":96,\"caption\":\"El Digital de Asturias\"}},{\"@type\":\"WebPage\",\"@id\":\"https:\\\/\\\/www.eldigitaldeasturias.com\\\/noticias\\\/rato-dijo-al-juez-que-no-figura-como-administrador-de-sus-empresas-para-generar-la-menor-atencion-posible\\\/#webpage\",\"url\":\"https:\\\/\\\/www.eldigitaldeasturias.com\\\/noticias\\\/rato-dijo-al-juez-que-no-figura-como-administrador-de-sus-empresas-para-generar-la-menor-atencion-posible\\\/\",\"name\":\"Rato dijo al juez que no figura como administrador de sus empresas \\u00abpara generar la menor atenci\\u00f3n posible\\u00bb - El Digital de Asturias\",\"description\":\"El exvicepresidente del Gobierno Rodrigo Rato asegur\\u00f3 ante el juez que investiga irregularidades en su patrimonio que no figura como administrador de sus empresas \\\"porque su nombre genera una atenci\\u00f3n que ten\\u00eda consecuencias no positivas en su trabajo profesional\\\". \\\"Prefiero la menor atenci\\u00f3n posible\\\", indic\\u00f3 en su segunda declaraci\\u00f3n judicial, prestada en octubre del pasado\",\"inLanguage\":\"es-ES\",\"isPartOf\":{\"@id\":\"https:\\\/\\\/www.eldigitaldeasturias.com\\\/noticias\\\/#website\"},\"breadcrumb\":{\"@id\":\"https:\\\/\\\/www.eldigitaldeasturias.com\\\/noticias\\\/rato-dijo-al-juez-que-no-figura-como-administrador-de-sus-empresas-para-generar-la-menor-atencion-posible\\\/#breadcrumblist\"},\"author\":{\"@id\":\"https:\\\/\\\/www.eldigitaldeasturias.com\\\/noticias\\\/author\\\/admin\\\/#author\"},\"creator\":{\"@id\":\"https:\\\/\\\/www.eldigitaldeasturias.com\\\/noticias\\\/author\\\/admin\\\/#author\"},\"image\":{\"@type\":\"ImageObject\",\"url\":\"https:\\\/\\\/www.eldigitaldeasturias.com\\\/noticias\\\/wp-content\\\/uploads\\\/2016\\\/02\\\/fotonoticia_20160223122637_800.jpg\",\"@id\":\"https:\\\/\\\/www.eldigitaldeasturias.com\\\/noticias\\\/rato-dijo-al-juez-que-no-figura-como-administrador-de-sus-empresas-para-generar-la-menor-atencion-posible\\\/#mainImage\",\"width\":800,\"height\":534},\"primaryImageOfPage\":{\"@id\":\"https:\\\/\\\/www.eldigitaldeasturias.com\\\/noticias\\\/rato-dijo-al-juez-que-no-figura-como-administrador-de-sus-empresas-para-generar-la-menor-atencion-posible\\\/#mainImage\"},\"datePublished\":\"2016-02-24T04:20:06+01:00\",\"dateModified\":\"2016-02-24T04:20:06+01:00\"},{\"@type\":\"WebSite\",\"@id\":\"https:\\\/\\\/www.eldigitaldeasturias.com\\\/noticias\\\/#website\",\"url\":\"https:\\\/\\\/www.eldigitaldeasturias.com\\\/noticias\\\/\",\"name\":\"El Digital de Asturias - Diario de actualidad y noticias\",\"alternateName\":\"El Digital de Asturias - Diario de actualidad y noticias\",\"description\":\"Hemeroteca\",\"inLanguage\":\"es-ES\",\"publisher\":{\"@id\":\"https:\\\/\\\/www.eldigitaldeasturias.com\\\/noticias\\\/#organization\"}}]}\n\t\t<\/script>\n\t\t<!-- All in One SEO Pro -->\r\n\t\t<title>Rato dijo al juez que no figura como administrador de sus empresas \u00abpara generar la menor atenci\u00f3n posible\u00bb - El Digital de Asturias<\/title>\n\n","aioseo_head_json":{"title":"Rato dijo al juez que no figura como administrador de sus empresas \u00abpara generar la menor atenci\u00f3n posible\u00bb - El Digital de Asturias","description":"El exvicepresidente del Gobierno Rodrigo Rato asegur\u00f3 ante el juez que investiga irregularidades en su patrimonio que no figura como administrador de sus empresas \"porque su nombre genera una atenci\u00f3n que ten\u00eda consecuencias no positivas en su trabajo profesional\". \"Prefiero la menor atenci\u00f3n posible\", indic\u00f3 en su segunda declaraci\u00f3n judicial, prestada en octubre del pasado","canonical_url":"https:\/\/www.eldigitaldeasturias.com\/noticias\/rato-dijo-al-juez-que-no-figura-como-administrador-de-sus-empresas-para-generar-la-menor-atencion-posible\/","robots":"max-image-preview:large","keywords":"sucesos","webmasterTools":{"google-site-verification":"UA-38556648-1","msvalidate.01":"7dfe9f3f1b24437ab69f4f2559babe99","miscellaneous":""},"schema":{"@context":"https:\/\/schema.org","@graph":[{"@type":"BlogPosting","@id":"https:\/\/www.eldigitaldeasturias.com\/noticias\/rato-dijo-al-juez-que-no-figura-como-administrador-de-sus-empresas-para-generar-la-menor-atencion-posible\/#blogposting","name":"Rato dijo al juez que no figura como administrador de sus empresas \u00abpara generar la menor atenci\u00f3n posible\u00bb - El Digital de Asturias","headline":"Rato dijo al juez que no figura como administrador de sus empresas \u00abpara generar la menor atenci\u00f3n posible\u00bb","author":{"@id":"https:\/\/www.eldigitaldeasturias.com\/noticias\/author\/admin\/#author"},"publisher":{"@id":"https:\/\/www.eldigitaldeasturias.com\/noticias\/#organization"},"image":{"@type":"ImageObject","url":"https:\/\/www.eldigitaldeasturias.com\/noticias\/wp-content\/uploads\/2016\/02\/fotonoticia_20160223122637_800.jpg","width":800,"height":534},"datePublished":"2016-02-24T04:20:06+01:00","dateModified":"2016-02-24T04:20:06+01:00","inLanguage":"es-ES","mainEntityOfPage":{"@id":"https:\/\/www.eldigitaldeasturias.com\/noticias\/rato-dijo-al-juez-que-no-figura-como-administrador-de-sus-empresas-para-generar-la-menor-atencion-posible\/#webpage"},"isPartOf":{"@id":"https:\/\/www.eldigitaldeasturias.com\/noticias\/rato-dijo-al-juez-que-no-figura-como-administrador-de-sus-empresas-para-generar-la-menor-atencion-posible\/#webpage"},"articleSection":"Sucesos"},{"@type":"BreadcrumbList","@id":"https:\/\/www.eldigitaldeasturias.com\/noticias\/rato-dijo-al-juez-que-no-figura-como-administrador-de-sus-empresas-para-generar-la-menor-atencion-posible\/#breadcrumblist","itemListElement":[{"@type":"ListItem","@id":"https:\/\/www.eldigitaldeasturias.com\/noticias#listItem","position":1,"name":"Home","item":"https:\/\/www.eldigitaldeasturias.com\/noticias","nextItem":{"@type":"ListItem","@id":"https:\/\/www.eldigitaldeasturias.com\/noticias\/category\/sucesos\/#listItem","name":"Sucesos"}},{"@type":"ListItem","@id":"https:\/\/www.eldigitaldeasturias.com\/noticias\/category\/sucesos\/#listItem","position":2,"name":"Sucesos","item":"https:\/\/www.eldigitaldeasturias.com\/noticias\/category\/sucesos\/","nextItem":{"@type":"ListItem","@id":"https:\/\/www.eldigitaldeasturias.com\/noticias\/rato-dijo-al-juez-que-no-figura-como-administrador-de-sus-empresas-para-generar-la-menor-atencion-posible\/#listItem","name":"Rato dijo al juez que no figura como administrador de sus empresas \u00abpara generar la menor atenci\u00f3n posible\u00bb"},"previousItem":{"@type":"ListItem","@id":"https:\/\/www.eldigitaldeasturias.com\/noticias#listItem","name":"Home"}},{"@type":"ListItem","@id":"https:\/\/www.eldigitaldeasturias.com\/noticias\/rato-dijo-al-juez-que-no-figura-como-administrador-de-sus-empresas-para-generar-la-menor-atencion-posible\/#listItem","position":3,"name":"Rato dijo al juez que no figura como administrador de sus empresas \u00abpara generar la menor atenci\u00f3n posible\u00bb","previousItem":{"@type":"ListItem","@id":"https:\/\/www.eldigitaldeasturias.com\/noticias\/category\/sucesos\/#listItem","name":"Sucesos"}}]},{"@type":"Organization","@id":"https:\/\/www.eldigitaldeasturias.com\/noticias\/#organization","name":"El Digital de Asturias","description":"Hemeroteca","url":"https:\/\/www.eldigitaldeasturias.com\/noticias\/","email":"info@eldigitaldeasturias.com","telephone":"+34652131393","logo":{"@type":"ImageObject","url":"https:\/\/www.eldigitaldeasturias.com\/noticias\/wp-content\/uploads\/2020\/12\/EDA.jpg","@id":"https:\/\/www.eldigitaldeasturias.com\/noticias\/rato-dijo-al-juez-que-no-figura-como-administrador-de-sus-empresas-para-generar-la-menor-atencion-posible\/#organizationLogo","width":649,"height":297},"image":{"@id":"https:\/\/www.eldigitaldeasturias.com\/noticias\/rato-dijo-al-juez-que-no-figura-como-administrador-de-sus-empresas-para-generar-la-menor-atencion-posible\/#organizationLogo"},"sameAs":["https:\/\/facebook.com\/eldigitaldeasturias","https:\/\/www.youtube.com\/channel\/UCZP-2wLEB9Rv6erhFmqVnvg"],"address":{"@id":"https:\/\/www.eldigitaldeasturias.com\/noticias\/#postaladdress","@type":"PostalAddress","streetAddress":"san antonio 4,","postalCode":"33430","addressLocality":"Cand\u00e1s","addressRegion":"Asturias","addressCountry":"ES"}},{"@type":"Person","@id":"https:\/\/www.eldigitaldeasturias.com\/noticias\/author\/admin\/#author","url":"https:\/\/www.eldigitaldeasturias.com\/noticias\/author\/admin\/","name":"El Digital de Asturias","image":{"@type":"ImageObject","@id":"https:\/\/www.eldigitaldeasturias.com\/noticias\/rato-dijo-al-juez-que-no-figura-como-administrador-de-sus-empresas-para-generar-la-menor-atencion-posible\/#authorImage","url":"https:\/\/www.eldigitaldeasturias.com\/noticias\/wp-content\/litespeed\/avatar\/18677e78aa0546b92d9dbf31ec7d7668.jpg?ver=1777290358","width":96,"height":96,"caption":"El Digital de Asturias"}},{"@type":"WebPage","@id":"https:\/\/www.eldigitaldeasturias.com\/noticias\/rato-dijo-al-juez-que-no-figura-como-administrador-de-sus-empresas-para-generar-la-menor-atencion-posible\/#webpage","url":"https:\/\/www.eldigitaldeasturias.com\/noticias\/rato-dijo-al-juez-que-no-figura-como-administrador-de-sus-empresas-para-generar-la-menor-atencion-posible\/","name":"Rato dijo al juez que no figura como administrador de sus empresas \u00abpara generar la menor atenci\u00f3n posible\u00bb - El Digital de Asturias","description":"El exvicepresidente del Gobierno Rodrigo Rato asegur\u00f3 ante el juez que investiga irregularidades en su patrimonio que no figura como administrador de sus empresas \"porque su nombre genera una atenci\u00f3n que ten\u00eda consecuencias no positivas en su trabajo profesional\". \"Prefiero la menor atenci\u00f3n posible\", indic\u00f3 en su segunda declaraci\u00f3n judicial, prestada en octubre del pasado","inLanguage":"es-ES","isPartOf":{"@id":"https:\/\/www.eldigitaldeasturias.com\/noticias\/#website"},"breadcrumb":{"@id":"https:\/\/www.eldigitaldeasturias.com\/noticias\/rato-dijo-al-juez-que-no-figura-como-administrador-de-sus-empresas-para-generar-la-menor-atencion-posible\/#breadcrumblist"},"author":{"@id":"https:\/\/www.eldigitaldeasturias.com\/noticias\/author\/admin\/#author"},"creator":{"@id":"https:\/\/www.eldigitaldeasturias.com\/noticias\/author\/admin\/#author"},"image":{"@type":"ImageObject","url":"https:\/\/www.eldigitaldeasturias.com\/noticias\/wp-content\/uploads\/2016\/02\/fotonoticia_20160223122637_800.jpg","@id":"https:\/\/www.eldigitaldeasturias.com\/noticias\/rato-dijo-al-juez-que-no-figura-como-administrador-de-sus-empresas-para-generar-la-menor-atencion-posible\/#mainImage","width":800,"height":534},"primaryImageOfPage":{"@id":"https:\/\/www.eldigitaldeasturias.com\/noticias\/rato-dijo-al-juez-que-no-figura-como-administrador-de-sus-empresas-para-generar-la-menor-atencion-posible\/#mainImage"},"datePublished":"2016-02-24T04:20:06+01:00","dateModified":"2016-02-24T04:20:06+01:00"},{"@type":"WebSite","@id":"https:\/\/www.eldigitaldeasturias.com\/noticias\/#website","url":"https:\/\/www.eldigitaldeasturias.com\/noticias\/","name":"El Digital de Asturias - Diario de actualidad y noticias","alternateName":"El Digital de Asturias - Diario de actualidad y noticias","description":"Hemeroteca","inLanguage":"es-ES","publisher":{"@id":"https:\/\/www.eldigitaldeasturias.com\/noticias\/#organization"}}]},"og:locale":"es_ES","og:site_name":"El Digital de Asturias","og:type":"article","og:title":"Rato dijo al juez que no figura como administrador de sus empresas \u00abpara generar la menor atenci\u00f3n posible\u00bb - El Digital de Asturias","og:description":"El exvicepresidente del Gobierno Rodrigo Rato asegur\u00f3 ante el juez que investiga irregularidades en su patrimonio que no figura como administrador de sus empresas &quot;porque su nombre genera una atenci\u00f3n que ten\u00eda consecuencias no positivas en su trabajo profesional&quot;. &quot;Prefiero la menor atenci\u00f3n posible&quot;, indic\u00f3 en su segunda declaraci\u00f3n judicial, prestada en octubre del pasado","og:url":"https:\/\/www.eldigitaldeasturias.com\/noticias\/rato-dijo-al-juez-que-no-figura-como-administrador-de-sus-empresas-para-generar-la-menor-atencion-posible\/","og:image":"https:\/\/www.eldigitaldeasturias.com\/noticias\/wp-content\/uploads\/2016\/02\/fotonoticia_20160223122637_800.jpg","og:image:secure_url":"https:\/\/www.eldigitaldeasturias.com\/noticias\/wp-content\/uploads\/2016\/02\/fotonoticia_20160223122637_800.jpg","og:image:width":800,"og:image:height":534,"article:tag":["sucesos"],"article:published_time":"2016-02-24T04:20:06+00:00","article:modified_time":"2016-02-24T04:20:06+00:00","article:publisher":"https:\/\/facebook.com\/eldigitaldeasturias","twitter:card":"summary_large_image","twitter:title":"Rato dijo al juez que no figura como administrador de sus empresas \u00abpara generar la menor atenci\u00f3n posible\u00bb - El Digital de Asturias","twitter:description":"El exvicepresidente del Gobierno Rodrigo Rato asegur\u00f3 ante el juez que investiga irregularidades en su patrimonio que no figura como administrador de sus empresas &quot;porque su nombre genera una atenci\u00f3n que ten\u00eda consecuencias no positivas en su trabajo profesional&quot;. &quot;Prefiero la menor atenci\u00f3n posible&quot;, indic\u00f3 en su segunda declaraci\u00f3n judicial, prestada en octubre del pasado","twitter:image":"https:\/\/www.eldigitaldeasturias.com\/noticias\/wp-content\/uploads\/2016\/02\/fotonoticia_20160223122637_800.jpg","twitter:label1":"Escrito por","twitter:data1":"El Digital de Asturias","twitter:label2":"Tiempo de lectura estimado","twitter:data2":"3 minutos"},"aioseo_meta_data":{"post_id":"861461","title":null,"description":null,"keywords":null,"keyphrases":null,"primary_term":null,"canonical_url":null,"og_title":null,"og_description":null,"og_object_type":"default","og_image_type":"default","og_image_url":null,"og_image_width":null,"og_image_height":null,"og_image_custom_url":null,"og_image_custom_fields":null,"og_video":null,"og_custom_url":null,"og_article_section":null,"og_article_tags":null,"twitter_use_og":false,"twitter_card":"default","twitter_image_type":"default","twitter_image_url":null,"twitter_image_custom_url":null,"twitter_image_custom_fields":null,"twitter_title":null,"twitter_description":null,"schema":{"blockGraphs":[],"customGraphs":[],"default":{"data":{"Article":[],"Course":[],"Dataset":[],"FAQPage":[],"Movie":[],"Person":[],"Product":[],"ProductReview":[],"Car":[],"Recipe":[],"Service":[],"SoftwareApplication":[],"WebPage":[]},"graphName":"","isEnabled":true},"graphs":[],"defaultGraph":"","defaultPostTypeGraph":""},"schema_type":null,"schema_type_options":null,"pillar_content":false,"robots_default":true,"robots_noindex":false,"robots_noarchive":false,"robots_nosnippet":false,"robots_nofollow":false,"robots_noimageindex":false,"robots_noodp":false,"robots_notranslate":false,"robots_max_snippet":null,"robots_max_videopreview":null,"robots_max_imagepreview":"large","priority":null,"frequency":null,"local_seo":null,"seo_analyzer_scan_date":"2025-12-10 21:19:10","breadcrumb_settings":null,"limit_modified_date":false,"open_ai":null,"ai":null,"created":"2021-01-23 15:01:14","updated":"2025-12-10 21:19:10"},"aioseo_breadcrumb":"<div class=\"aioseo-breadcrumbs\"><span class=\"aioseo-breadcrumb\">\n\t<a href=\"https:\/\/www.eldigitaldeasturias.com\/noticias\" title=\"Home\">Home<\/a>\n<\/span><span class=\"aioseo-breadcrumb-separator\">\u2013<\/span><span class=\"aioseo-breadcrumb\">\n\t<a href=\"https:\/\/www.eldigitaldeasturias.com\/noticias\/category\/sucesos\/\" title=\"Sucesos\">Sucesos<\/a>\n<\/span><span class=\"aioseo-breadcrumb-separator\">\u2013<\/span><span class=\"aioseo-breadcrumb\">\n\t<a href=\"https:\/\/www.eldigitaldeasturias.com\/noticias\/rato-dijo-al-juez-que-no-figura-como-administrador-de-sus-empresas-para-generar-la-menor-atencion-posible\/\" title=\"Rato dijo al juez que no figura como administrador de sus empresas \u00abpara generar la menor atenci\u00f3n posible\u00bb\">Rato dijo al juez que no figura como administrador de sus empresas \u00abpara generar la menor atenci\u00f3n posible\u00bb<\/a>\n<\/span><\/div>","aioseo_breadcrumb_json":[{"label":"Home","link":"https:\/\/www.eldigitaldeasturias.com\/noticias"},{"label":"Sucesos","link":"https:\/\/www.eldigitaldeasturias.com\/noticias\/category\/sucesos\/"},{"label":"Rato dijo al juez que no figura como administrador de sus empresas \u00abpara generar la menor atenci\u00f3n posible\u00bb","link":"https:\/\/www.eldigitaldeasturias.com\/noticias\/rato-dijo-al-juez-que-no-figura-como-administrador-de-sus-empresas-para-generar-la-menor-atencion-posible\/"}],"_links":{"self":[{"href":"https:\/\/www.eldigitaldeasturias.com\/noticias\/wp-json\/wp\/v2\/posts\/861461","targetHints":{"allow":["GET"]}}],"collection":[{"href":"https:\/\/www.eldigitaldeasturias.com\/noticias\/wp-json\/wp\/v2\/posts"}],"about":[{"href":"https:\/\/www.eldigitaldeasturias.com\/noticias\/wp-json\/wp\/v2\/types\/post"}],"author":[{"embeddable":true,"href":"https:\/\/www.eldigitaldeasturias.com\/noticias\/wp-json\/wp\/v2\/users\/1"}],"replies":[{"embeddable":true,"href":"https:\/\/www.eldigitaldeasturias.com\/noticias\/wp-json\/wp\/v2\/comments?post=861461"}],"version-history":[{"count":0,"href":"https:\/\/www.eldigitaldeasturias.com\/noticias\/wp-json\/wp\/v2\/posts\/861461\/revisions"}],"wp:featuredmedia":[{"embeddable":true,"href":"https:\/\/www.eldigitaldeasturias.com\/noticias\/wp-json\/wp\/v2\/media\/861462"}],"wp:attachment":[{"href":"https:\/\/www.eldigitaldeasturias.com\/noticias\/wp-json\/wp\/v2\/media?parent=861461"}],"wp:term":[{"taxonomy":"category","embeddable":true,"href":"https:\/\/www.eldigitaldeasturias.com\/noticias\/wp-json\/wp\/v2\/categories?post=861461"},{"taxonomy":"post_tag","embeddable":true,"href":"https:\/\/www.eldigitaldeasturias.com\/noticias\/wp-json\/wp\/v2\/tags?post=861461"}],"curies":[{"name":"wp","href":"https:\/\/api.w.org\/{rel}","templated":true}]}}